{"id":255926,"date":"2026-09-02T15:00:04","date_gmt":"2026-09-02T19:00:04","guid":{"rendered":"https:\/\/www.cuballama.com\/noticias\/?p=255926"},"modified":"2026-09-02T15:00:09","modified_gmt":"2026-09-02T19:00:09","slug":"protesta-del-exilio-cubano-marca-el-inicio-de-la-gira-de-silvio-rodriguez-en-barcelona","status":"publish","type":"post","link":"https:\/\/www.cuballama.com\/noticias\/protesta-del-exilio-cubano-marca-el-inicio-de-la-gira-de-silvio-rodriguez-en-barcelona\/","title":{"rendered":"Protesta del exilio cubano marca el inicio de la gira de Silvio Rodr\u00edguez en Barcelona"},"content":{"rendered":"\n<p class=\"wp-block-paragraph\">El regreso de Silvio Rodr\u00edguez a los escenarios espa\u00f1oles tras diez a\u00f1os de ausencia estuvo marcado por la tensi\u00f3n pol\u00edtica. A las afueras del Gran Teatre del Liceu de Barcelona, un grupo de manifestantes liderado por la activista Avana de la Torre repudi\u00f3 la presencia del cantautor oficialista mientras cientos de asistentes ingresaban al recinto para el show inaugural de su gira.<\/p>\n\n\n\n<p class=\"wp-block-paragraph\">Portando banderas nacionales y vestidos con camisetas negras de \u00abCubanos Libres\u00bb, los inconformes exhibieron carteles con lemas como \u00abBoicot\u00bb, \u00abNo financies la dictadura\u00bb y \u00abNo a los c\u00f3mplices de la represi\u00f3n en Cuba\u00bb. La acci\u00f3n capt\u00f3 la cobertura de medios locales catalanes y de la agencia EFE. <\/p>\n\n\n\n<p class=\"wp-block-paragraph\">Desde sus plataformas digitales, De la Torre censur\u00f3 a la audiencia presente: \u00abQuienes pagan una entrada para aplaudirlo no pueden escudarse en la ignorancia. No han vivido lo que hemos vivido los cubanos, pero saben perfectamente lo que ocurre en Cuba y prefieren mirar hacia otro lado, aferrarse al romanticismo c\u00f3modo de sus canciones y blanquear al r\u00e9gimen. Eso no es solidaridad ni empat\u00eda con el pueblo cubano: es complicidad\u00bb.<\/p>\n\n\n\n<iframe loading=\"lazy\" src=\"https:\/\/www.facebook.com\/plugins\/post.php?href=https%3A%2F%2Fwww.facebook.com%2Favannalibre%2Fposts%2Fpfbid02fhYtDz2FcpZ6fxWx3B9h8UenMzQB5VMvS2sN8xfFLsQ4QX7ai48V2gCkZx7Pi17Zl&#038;show_text=true&#038;width=500\" width=\"500\" height=\"707\" style=\"border:none;overflow:hidden\" scrolling=\"no\" frameborder=\"0\" allowfullscreen=\"true\" allow=\"autoplay; clipboard-write; encrypted-media; picture-in-picture; web-share\"><\/iframe>\n\n\n\n<p class=\"wp-block-paragraph\">En contraste con el ambiente exterior, en el interior del teatro unas 2.300 personas llenaron el aforo para corear al trovador y corear consignas como \u00ab\u00a1Cuba s\u00ed, yankees no!\u00bb y \u00ab\u00a1Viva Cuba, viva Fidel!\u00bb.<\/p>\n\n\n\n<p class=\"wp-block-paragraph\">Durante la concentraci\u00f3n callejera, los activistas recordaron el pol\u00e9mico respaldo hist\u00f3rico del m\u00fasico a las acciones del r\u00e9gimen de La Habana, en particular su firma en el \u00abMensaje desde La Habana para amigos que est\u00e1n lejos\u00bb. Dicha misiva, suscrita en abril de 2003 junto a figuras como Alicia Alonso, Omara Portuondo y Chucho Vald\u00e9s, justific\u00f3 las \u00abmedidas en\u00e9rgicas\u00bb gubernamentales en plena Primavera Negra tras el fusilamiento de Lorenzo Enrique Copello Castillo, B\u00e1rbaro Leod\u00e1n Sevilla Garc\u00eda y Jorge Luis Mart\u00ednez Isaac, hecho que desat\u00f3 una dura r\u00e9plica firmada entonces por creadores como Joan Manuel Serrat, Joaqu\u00edn Sabina, Pedro Almod\u00f3var y Javier Bardem.<\/p>\n\n\n\n<p class=\"wp-block-paragraph\">Asimismo, se se\u00f1al\u00f3 un episodio de marzo de 2026, fecha en que <strong><a href=\"https:\/\/www.cuballama.com\/noticias\/willy-chirino-reconoce-la-obra-de-silvio-rodriguez-pese-a-diferencias-ideologicas\/\" data-type=\"link\" data-id=\"https:\/\/www.cuballama.com\/noticias\/willy-chirino-reconoce-la-obra-de-silvio-rodriguez-pese-a-diferencias-ideologicas\/\" target=\"_blank\" rel=\"noreferrer noopener\">Rodr\u00edguez<\/a><\/strong> solicit\u00f3 un fusil AKM desde su bit\u00e1cora digital ante una hipot\u00e9tica intervenci\u00f3n de Estados Unidos, armamento que le fue entregado posteriormente por el ministro del MINFAR, \u00c1lvaro L\u00f3pez Miera, en presencia de Miguel D\u00edaz-Canel.<\/p>\n\n\n\n<p class=\"wp-block-paragraph\">La representante del exilio advirti\u00f3 que el rechazo acompa\u00f1ar\u00e1 el resto del tour por territorio espa\u00f1ol: \u00abEn cada ciudad donde se presente Silvio habr\u00e1 cubanos dignos record\u00e1ndole que Cuba necesita libertad, no m\u00fasica al servicio de la dictadura\u00bb. El periplo del artista abarcar\u00e1 diez recitales hasta el 4 de octubre por urbes como Zaragoza, Bilbao, Valencia, A Coru\u00f1a, Sevilla y Murcia, concluyendo en el Movistar Arena de Madrid, plaza donde sectores del exilio ya solicitaron formalmente a la presidenta auton\u00f3mica Isabel D\u00edaz Ayuso declarar al m\u00fasico \u00abfigura no grata\u00bb.<\/p>\n","protected":false},"excerpt":{"rendered":"<p>Activistas del exilio encabezados por Avana de la Torre protestaron frente al Gran Teatre del Liceu durante el concierto de Silvio Rodr\u00edguez en Barcelona.<\/p>\n","protected":false},"author":29,"featured_media":255931,"comment_status":"open","ping_status":"closed","sticky":false,"template":"","format":"standard","meta":{"_acf_changed":false,"footnotes":""},"categories":[18,955],"tags":[32656,140,37855,8000,268,37854,11354,10376,389],"class_list":["post-255926","post","type-post","status-publish","format-standard","has-post-thumbnail","category-noticias","category-noticias-de-cuba","tag-avana-de-la-torre","tag-conciertos-espana","tag-exilio-cubano","tag-farandula","tag-gran-teatre-del-liceu","tag-musica-cubana-2","tag-noticias-de-cuba","tag-silvio-rodriguez"],"acf":[],"yoast_head":"<!-- This site is optimized with the Yoast SEO plugin v28.3 - https:\/\/yoast.com\/product\/yoast-seo-wordpress\/ -->\n<title>Protesta del exilio cubano marca el inicio de la gira de Silvio Rodr\u00edguez en Barcelona - Cuballama Noticias<\/title>\n<meta name=\"description\" content=\"Activistas cubanos del exilio protestaron frente al Gran Teatre del Liceu durante el concierto de Silvio Rodr\u00edguez en Barcelona.\" \/>\n<meta name=\"robots\" content=\"index, follow, max-snippet:-1, max-image-preview:large, max-video-preview:-1\" \/>\n<link rel=\"canonical\" href=\"https:\/\/www.cuballama.com\/noticias\/protesta-del-exilio-cubano-marca-el-inicio-de-la-gira-de-silvio-rodriguez-en-barcelona\/\" \/>\n<meta property=\"og:locale\" content=\"es_ES\" \/>\n<meta property=\"og:type\" content=\"article\" \/>\n<meta property=\"og:title\" content=\"Protesta del exilio cubano marca el inicio de la gira de Silvio Rodr\u00edguez en Barcelona - Cuballama Noticias\" \/>\n<meta property=\"og:description\" content=\"Activistas cubanos del exilio protestaron frente al Gran Teatre del Liceu durante el concierto de Silvio Rodr\u00edguez en Barcelona.\" \/>\n<meta property=\"og:url\" content=\"https:\/\/www.cuballama.com\/noticias\/protesta-del-exilio-cubano-marca-el-inicio-de-la-gira-de-silvio-rodriguez-en-barcelona\/\" \/>\n<meta property=\"og:site_name\" content=\"Cuballama Noticias\" \/>\n<meta property=\"article:publisher\" content=\"https:\/\/www.facebook.com\/CubaLlama\" \/>\n<meta property=\"article:published_time\" content=\"2026-09-02T19:00:04+00:00\" \/>\n<meta property=\"article:modified_time\" content=\"2026-09-02T19:00:09+00:00\" \/>\n<meta property=\"og:image\" content=\"https:\/\/cdn1.mediawpaccore.net\/wp-content\/uploads\/2026\/09\/02145521\/Captura-de-pantalla-2026-09-02-a-las-20.54.04-1.png\" \/>\n\t<meta property=\"og:image:width\" content=\"1130\" \/>\n\t<meta property=\"og:image:height\" content=\"660\" \/>\n\t<meta property=\"og:image:type\" content=\"image\/png\" \/>\n<meta name=\"author\" content=\"Sof\u00eda Reyes\" \/>\n<meta name=\"twitter:card\" content=\"summary_large_image\" \/>\n<meta name=\"twitter:creator\" content=\"@cuballama\" \/>\n<meta name=\"twitter:site\" content=\"@cuballama\" \/>\n<meta name=\"twitter:label1\" content=\"Escrito por\" \/>\n\t<meta name=\"twitter:data1\" content=\"Sof\u00eda Reyes\" \/>\n\t<meta name=\"twitter:label2\" content=\"Tiempo de lectura\" \/>\n\t<meta name=\"twitter:data2\" content=\"3 minutos\" \/>\n<script type=\"application\/ld+json\" class=\"yoast-schema-graph\">{\"@context\":\"https:\\\/\\\/schema.org\",\"@graph\":[{\"@type\":\"Article\",\"@id\":\"https:\\\/\\\/www.cuballama.com\\\/noticias\\\/protesta-del-exilio-cubano-marca-el-inicio-de-la-gira-de-silvio-rodriguez-en-barcelona\\\/#article\",\"isPartOf\":{\"@id\":\"https:\\\/\\\/www.cuballama.com\\\/noticias\\\/protesta-del-exilio-cubano-marca-el-inicio-de-la-gira-de-silvio-rodriguez-en-barcelona\\\/\"},\"author\":{\"name\":\"Sof\u00eda Reyes\",\"@id\":\"https:\\\/\\\/www.cuballama.com\\\/noticias\\\/#\\\/schema\\\/person\\\/5cba2b8cc25a3159e49fe730a94d512e\"},\"headline\":\"Protesta del exilio cubano marca el inicio de la gira de Silvio Rodr\u00edguez en Barcelona\",\"datePublished\":\"2026-09-02T19:00:04+00:00\",\"dateModified\":\"2026-09-02T19:00:09+00:00\",\"mainEntityOfPage\":{\"@id\":\"https:\\\/\\\/www.cuballama.com\\\/noticias\\\/protesta-del-exilio-cubano-marca-el-inicio-de-la-gira-de-silvio-rodriguez-en-barcelona\\\/\"},\"wordCount\":503,\"commentCount\":0,\"publisher\":{\"@id\":\"https:\\\/\\\/www.cuballama.com\\\/noticias\\\/#organization\"},\"image\":{\"@id\":\"https:\\\/\\\/www.cuballama.com\\\/noticias\\\/protesta-del-exilio-cubano-marca-el-inicio-de-la-gira-de-silvio-rodriguez-en-barcelona\\\/#primaryimage\"},\"thumbnailUrl\":\"https:\\\/\\\/cdn1.mediawpaccore.net\\\/wp-content\\\/uploads\\\/2026\\\/09\\\/02145521\\\/Captura-de-pantalla-2026-09-02-a-las-20.54.04-1.png\",\"keywords\":[\"Avana De La Torre\",\"Barcelona\",\"Conciertos Espa\u00f1a\",\"Exilio Cubano\",\"Far\u00e1ndula\",\"Gran Teatre del Liceu\",\"m\u00fasica cubana\",\"Noticias de Cuba\",\"Silvio Rodr\u00edguez\"],\"articleSection\":[\"Noticias\",\"Noticias de Cuba\"],\"inLanguage\":\"es\",\"potentialAction\":[{\"@type\":\"CommentAction\",\"name\":\"Comment\",\"target\":[\"https:\\\/\\\/www.cuballama.com\\\/noticias\\\/protesta-del-exilio-cubano-marca-el-inicio-de-la-gira-de-silvio-rodriguez-en-barcelona\\\/#respond\"]}]},{\"@type\":\"WebPage\",\"@id\":\"https:\\\/\\\/www.cuballama.com\\\/noticias\\\/protesta-del-exilio-cubano-marca-el-inicio-de-la-gira-de-silvio-rodriguez-en-barcelona\\\/\",\"url\":\"https:\\\/\\\/www.cuballama.com\\\/noticias\\\/protesta-del-exilio-cubano-marca-el-inicio-de-la-gira-de-silvio-rodriguez-en-barcelona\\\/\",\"name\":\"Protesta del exilio cubano marca el inicio de la gira de Silvio Rodr\u00edguez en Barcelona - Cuballama Noticias\",\"isPartOf\":{\"@id\":\"https:\\\/\\\/www.cuballama.com\\\/noticias\\\/#website\"},\"primaryImageOfPage\":{\"@id\":\"https:\\\/\\\/www.cuballama.com\\\/noticias\\\/protesta-del-exilio-cubano-marca-el-inicio-de-la-gira-de-silvio-rodriguez-en-barcelona\\\/#primaryimage\"},\"image\":{\"@id\":\"https:\\\/\\\/www.cuballama.com\\\/noticias\\\/protesta-del-exilio-cubano-marca-el-inicio-de-la-gira-de-silvio-rodriguez-en-barcelona\\\/#primaryimage\"},\"thumbnailUrl\":\"https:\\\/\\\/cdn1.mediawpaccore.net\\\/wp-content\\\/uploads\\\/2026\\\/09\\\/02145521\\\/Captura-de-pantalla-2026-09-02-a-las-20.54.04-1.png\",\"datePublished\":\"2026-09-02T19:00:04+00:00\",\"dateModified\":\"2026-09-02T19:00:09+00:00\",\"description\":\"Activistas cubanos del exilio protestaron frente al Gran Teatre del Liceu durante el concierto de Silvio Rodr\u00edguez en Barcelona.\",\"breadcrumb\":{\"@id\":\"https:\\\/\\\/www.cuballama.com\\\/noticias\\\/protesta-del-exilio-cubano-marca-el-inicio-de-la-gira-de-silvio-rodriguez-en-barcelona\\\/#breadcrumb\"},\"inLanguage\":\"es\",\"potentialAction\":[{\"@type\":\"ReadAction\",\"target\":[\"https:\\\/\\\/www.cuballama.com\\\/noticias\\\/protesta-del-exilio-cubano-marca-el-inicio-de-la-gira-de-silvio-rodriguez-en-barcelona\\\/\"]}]},{\"@type\":\"ImageObject\",\"inLanguage\":\"es\",\"@id\":\"https:\\\/\\\/www.cuballama.com\\\/noticias\\\/protesta-del-exilio-cubano-marca-el-inicio-de-la-gira-de-silvio-rodriguez-en-barcelona\\\/#primaryimage\",\"url\":\"https:\\\/\\\/cdn1.mediawpaccore.net\\\/wp-content\\\/uploads\\\/2026\\\/09\\\/02145521\\\/Captura-de-pantalla-2026-09-02-a-las-20.54.04-1.png\",\"contentUrl\":\"https:\\\/\\\/cdn1.mediawpaccore.net\\\/wp-content\\\/uploads\\\/2026\\\/09\\\/02145521\\\/Captura-de-pantalla-2026-09-02-a-las-20.54.04-1.png\",\"width\":1130,\"height\":660,\"caption\":\"Foto tomada del perfil de Facebook de Avana De la Torre\"},{\"@type\":\"BreadcrumbList\",\"@id\":\"https:\\\/\\\/www.cuballama.com\\\/noticias\\\/protesta-del-exilio-cubano-marca-el-inicio-de-la-gira-de-silvio-rodriguez-en-barcelona\\\/#breadcrumb\",\"itemListElement\":[{\"@type\":\"ListItem\",\"position\":1,\"name\":\"Home\",\"item\":\"https:\\\/\\\/www.cuballama.com\\\/noticias\\\/\"},{\"@type\":\"ListItem\",\"position\":2,\"name\":\"Protesta del exilio cubano marca el inicio de la gira de Silvio Rodr\u00edguez en Barcelona\"}]},{\"@type\":\"WebSite\",\"@id\":\"https:\\\/\\\/www.cuballama.com\\\/noticias\\\/#website\",\"url\":\"https:\\\/\\\/www.cuballama.com\\\/noticias\\\/\",\"name\":\"Cuballama Noticias\",\"description\":\"Medio digital sobre Cuba y el mundo\",\"publisher\":{\"@id\":\"https:\\\/\\\/www.cuballama.com\\\/noticias\\\/#organization\"},\"potentialAction\":[{\"@type\":\"SearchAction\",\"target\":{\"@type\":\"EntryPoint\",\"urlTemplate\":\"https:\\\/\\\/www.cuballama.com\\\/noticias\\\/?s={search_term_string}\"},\"query-input\":{\"@type\":\"PropertyValueSpecification\",\"valueRequired\":true,\"valueName\":\"search_term_string\"}}],\"inLanguage\":\"es\"},{\"@type\":\"Organization\",\"@id\":\"https:\\\/\\\/www.cuballama.com\\\/noticias\\\/#organization\",\"name\":\"Cuballama\",\"url\":\"https:\\\/\\\/www.cuballama.com\\\/noticias\\\/\",\"logo\":{\"@type\":\"ImageObject\",\"inLanguage\":\"es\",\"@id\":\"https:\\\/\\\/www.cuballama.com\\\/noticias\\\/#\\\/schema\\\/logo\\\/image\\\/\",\"url\":\"https:\\\/\\\/cdn1.mediawpaccore.net\\\/wp-content\\\/uploads\\\/2021\\\/12\\\/28171206\\\/cbll-logo-color-sm.png\",\"contentUrl\":\"https:\\\/\\\/cdn1.mediawpaccore.net\\\/wp-content\\\/uploads\\\/2021\\\/12\\\/28171206\\\/cbll-logo-color-sm.png\",\"width\":600,\"height\":133,\"caption\":\"Cuballama\"},\"image\":{\"@id\":\"https:\\\/\\\/www.cuballama.com\\\/noticias\\\/#\\\/schema\\\/logo\\\/image\\\/\"},\"sameAs\":[\"https:\\\/\\\/www.facebook.com\\\/CubaLlama\",\"https:\\\/\\\/x.com\\\/cuballama\",\"https:\\\/\\\/www.instagram.com\\\/stories\\\/cuballama_oficial\\\/\",\"https:\\\/\\\/www.youtube.com\\\/channel\\\/UCKkFE-d_axENGZcrc4as0IA\"]},{\"@type\":\"Person\",\"@id\":\"https:\\\/\\\/www.cuballama.com\\\/noticias\\\/#\\\/schema\\\/person\\\/5cba2b8cc25a3159e49fe730a94d512e\",\"name\":\"Sof\u00eda Reyes\",\"url\":\"https:\\\/\\\/www.cuballama.com\\\/noticias\\\/author\\\/laura\\\/\"}]}<\/script>\n<!-- \/ Yoast SEO plugin. -->","yoast_head_json":{"title":"Protesta del exilio cubano marca el inicio de la gira de Silvio Rodr\u00edguez en Barcelona - Cuballama Noticias","description":"Activistas cubanos del exilio protestaron frente al Gran Teatre del Liceu durante el concierto de Silvio Rodr\u00edguez en Barcelona.","robots":{"index":"index","follow":"follow","max-snippet":"max-snippet:-1","max-image-preview":"max-image-preview:large","max-video-preview":"max-video-preview:-1"},"canonical":"https:\/\/www.cuballama.com\/noticias\/protesta-del-exilio-cubano-marca-el-inicio-de-la-gira-de-silvio-rodriguez-en-barcelona\/","og_locale":"es_ES","og_type":"article","og_title":"Protesta del exilio cubano marca el inicio de la gira de Silvio Rodr\u00edguez en Barcelona - Cuballama Noticias","og_description":"Activistas cubanos del exilio protestaron frente al Gran Teatre del Liceu durante el concierto de Silvio Rodr\u00edguez en Barcelona.","og_url":"https:\/\/www.cuballama.com\/noticias\/protesta-del-exilio-cubano-marca-el-inicio-de-la-gira-de-silvio-rodriguez-en-barcelona\/","og_site_name":"Cuballama Noticias","article_publisher":"https:\/\/www.facebook.com\/CubaLlama","article_published_time":"2026-09-02T19:00:04+00:00","article_modified_time":"2026-09-02T19:00:09+00:00","og_image":[{"width":1130,"height":660,"url":"https:\/\/cdn1.mediawpaccore.net\/wp-content\/uploads\/2026\/09\/02145521\/Captura-de-pantalla-2026-09-02-a-las-20.54.04-1.png","type":"image\/png"}],"author":"Sof\u00eda Reyes","twitter_card":"summary_large_image","twitter_creator":"@cuballama","twitter_site":"@cuballama","twitter_misc":{"Escrito por":"Sof\u00eda Reyes","Tiempo de lectura":"3 minutos"},"schema":{"@context":"https:\/\/schema.org","@graph":[{"@type":"Article","@id":"https:\/\/www.cuballama.com\/noticias\/protesta-del-exilio-cubano-marca-el-inicio-de-la-gira-de-silvio-rodriguez-en-barcelona\/#article","isPartOf":{"@id":"https:\/\/www.cuballama.com\/noticias\/protesta-del-exilio-cubano-marca-el-inicio-de-la-gira-de-silvio-rodriguez-en-barcelona\/"},"author":{"name":"Sof\u00eda Reyes","@id":"https:\/\/www.cuballama.com\/noticias\/#\/schema\/person\/5cba2b8cc25a3159e49fe730a94d512e"},"headline":"Protesta del exilio cubano marca el inicio de la gira de Silvio Rodr\u00edguez en Barcelona","datePublished":"2026-09-02T19:00:04+00:00","dateModified":"2026-09-02T19:00:09+00:00","mainEntityOfPage":{"@id":"https:\/\/www.cuballama.com\/noticias\/protesta-del-exilio-cubano-marca-el-inicio-de-la-gira-de-silvio-rodriguez-en-barcelona\/"},"wordCount":503,"commentCount":0,"publisher":{"@id":"https:\/\/www.cuballama.com\/noticias\/#organization"},"image":{"@id":"https:\/\/www.cuballama.com\/noticias\/protesta-del-exilio-cubano-marca-el-inicio-de-la-gira-de-silvio-rodriguez-en-barcelona\/#primaryimage"},"thumbnailUrl":"https:\/\/cdn1.mediawpaccore.net\/wp-content\/uploads\/2026\/09\/02145521\/Captura-de-pantalla-2026-09-02-a-las-20.54.04-1.png","keywords":["Avana De La Torre","Barcelona","Conciertos Espa\u00f1a","Exilio Cubano","Far\u00e1ndula","Gran Teatre del Liceu","m\u00fasica cubana","Noticias de Cuba","Silvio Rodr\u00edguez"],"articleSection":["Noticias","Noticias de Cuba"],"inLanguage":"es","potentialAction":[{"@type":"CommentAction","name":"Comment","target":["https:\/\/www.cuballama.com\/noticias\/protesta-del-exilio-cubano-marca-el-inicio-de-la-gira-de-silvio-rodriguez-en-barcelona\/#respond"]}]},{"@type":"WebPage","@id":"https:\/\/www.cuballama.com\/noticias\/protesta-del-exilio-cubano-marca-el-inicio-de-la-gira-de-silvio-rodriguez-en-barcelona\/","url":"https:\/\/www.cuballama.com\/noticias\/protesta-del-exilio-cubano-marca-el-inicio-de-la-gira-de-silvio-rodriguez-en-barcelona\/","name":"Protesta del exilio cubano marca el inicio de la gira de Silvio Rodr\u00edguez en Barcelona - Cuballama Noticias","isPartOf":{"@id":"https:\/\/www.cuballama.com\/noticias\/#website"},"primaryImageOfPage":{"@id":"https:\/\/www.cuballama.com\/noticias\/protesta-del-exilio-cubano-marca-el-inicio-de-la-gira-de-silvio-rodriguez-en-barcelona\/#primaryimage"},"image":{"@id":"https:\/\/www.cuballama.com\/noticias\/protesta-del-exilio-cubano-marca-el-inicio-de-la-gira-de-silvio-rodriguez-en-barcelona\/#primaryimage"},"thumbnailUrl":"https:\/\/cdn1.mediawpaccore.net\/wp-content\/uploads\/2026\/09\/02145521\/Captura-de-pantalla-2026-09-02-a-las-20.54.04-1.png","datePublished":"2026-09-02T19:00:04+00:00","dateModified":"2026-09-02T19:00:09+00:00","description":"Activistas cubanos del exilio protestaron frente al Gran Teatre del Liceu durante el concierto de Silvio Rodr\u00edguez en Barcelona.","breadcrumb":{"@id":"https:\/\/www.cuballama.com\/noticias\/protesta-del-exilio-cubano-marca-el-inicio-de-la-gira-de-silvio-rodriguez-en-barcelona\/#breadcrumb"},"inLanguage":"es","potentialAction":[{"@type":"ReadAction","target":["https:\/\/www.cuballama.com\/noticias\/protesta-del-exilio-cubano-marca-el-inicio-de-la-gira-de-silvio-rodriguez-en-barcelona\/"]}]},{"@type":"ImageObject","inLanguage":"es","@id":"https:\/\/www.cuballama.com\/noticias\/protesta-del-exilio-cubano-marca-el-inicio-de-la-gira-de-silvio-rodriguez-en-barcelona\/#primaryimage","url":"https:\/\/cdn1.mediawpaccore.net\/wp-content\/uploads\/2026\/09\/02145521\/Captura-de-pantalla-2026-09-02-a-las-20.54.04-1.png","contentUrl":"https:\/\/cdn1.mediawpaccore.net\/wp-content\/uploads\/2026\/09\/02145521\/Captura-de-pantalla-2026-09-02-a-las-20.54.04-1.png","width":1130,"height":660,"caption":"Foto tomada del perfil de Facebook de Avana De la Torre"},{"@type":"BreadcrumbList","@id":"https:\/\/www.cuballama.com\/noticias\/protesta-del-exilio-cubano-marca-el-inicio-de-la-gira-de-silvio-rodriguez-en-barcelona\/#breadcrumb","itemListElement":[{"@type":"ListItem","position":1,"name":"Home","item":"https:\/\/www.cuballama.com\/noticias\/"},{"@type":"ListItem","position":2,"name":"Protesta del exilio cubano marca el inicio de la gira de Silvio Rodr\u00edguez en Barcelona"}]},{"@type":"WebSite","@id":"https:\/\/www.cuballama.com\/noticias\/#website","url":"https:\/\/www.cuballama.com\/noticias\/","name":"Cuballama Noticias","description":"Medio digital sobre Cuba y el mundo","publisher":{"@id":"https:\/\/www.cuballama.com\/noticias\/#organization"},"potentialAction":[{"@type":"SearchAction","target":{"@type":"EntryPoint","urlTemplate":"https:\/\/www.cuballama.com\/noticias\/?s={search_term_string}"},"query-input":{"@type":"PropertyValueSpecification","valueRequired":true,"valueName":"search_term_string"}}],"inLanguage":"es"},{"@type":"Organization","@id":"https:\/\/www.cuballama.com\/noticias\/#organization","name":"Cuballama","url":"https:\/\/www.cuballama.com\/noticias\/","logo":{"@type":"ImageObject","inLanguage":"es","@id":"https:\/\/www.cuballama.com\/noticias\/#\/schema\/logo\/image\/","url":"https:\/\/cdn1.mediawpaccore.net\/wp-content\/uploads\/2021\/12\/28171206\/cbll-logo-color-sm.png","contentUrl":"https:\/\/cdn1.mediawpaccore.net\/wp-content\/uploads\/2021\/12\/28171206\/cbll-logo-color-sm.png","width":600,"height":133,"caption":"Cuballama"},"image":{"@id":"https:\/\/www.cuballama.com\/noticias\/#\/schema\/logo\/image\/"},"sameAs":["https:\/\/www.facebook.com\/CubaLlama","https:\/\/x.com\/cuballama","https:\/\/www.instagram.com\/stories\/cuballama_oficial\/","https:\/\/www.youtube.com\/channel\/UCKkFE-d_axENGZcrc4as0IA"]},{"@type":"Person","@id":"https:\/\/www.cuballama.com\/noticias\/#\/schema\/person\/5cba2b8cc25a3159e49fe730a94d512e","name":"Sof\u00eda Reyes","url":"https:\/\/www.cuballama.com\/noticias\/author\/laura\/"}]}},"_links":{"self":[{"href":"https:\/\/www.cuballama.com\/noticias\/wp-json\/wp\/v2\/posts\/255926","targetHints":{"allow":["GET"]}}],"collection":[{"href":"https:\/\/www.cuballama.com\/noticias\/wp-json\/wp\/v2\/posts"}],"about":[{"href":"https:\/\/www.cuballama.com\/noticias\/wp-json\/wp\/v2\/types\/post"}],"author":[{"embeddable":true,"href":"https:\/\/www.cuballama.com\/noticias\/wp-json\/wp\/v2\/users\/29"}],"replies":[{"embeddable":true,"href":"https:\/\/www.cuballama.com\/noticias\/wp-json\/wp\/v2\/comments?post=255926"}],"version-history":[{"count":3,"href":"https:\/\/www.cuballama.com\/noticias\/wp-json\/wp\/v2\/posts\/255926\/revisions"}],"predecessor-version":[{"id":255932,"href":"https:\/\/www.cuballama.com\/noticias\/wp-json\/wp\/v2\/posts\/255926\/revisions\/255932"}],"wp:featuredmedia":[{"embeddable":true,"href":"https:\/\/www.cuballama.com\/noticias\/wp-json\/wp\/v2\/media\/255931"}],"wp:attachment":[{"href":"https:\/\/www.cuballama.com\/noticias\/wp-json\/wp\/v2\/media?parent=255926"}],"wp:term":[{"taxonomy":"category","embeddable":true,"href":"https:\/\/www.cuballama.com\/noticias\/wp-json\/wp\/v2\/categories?post=255926"},{"taxonomy":"post_tag","embeddable":true,"href":"https:\/\/www.cuballama.com\/noticias\/wp-json\/wp\/v2\/tags?post=255926"}],"curies":[{"name":"wp","href":"https:\/\/api.w.org\/{rel}","templated":true}]}}