{"id":255921,"date":"2026-09-02T15:37:51","date_gmt":"2026-09-02T19:37:51","guid":{"rendered":"https:\/\/www.cuballama.com\/noticias\/?p=255921"},"modified":"2026-09-02T15:37:52","modified_gmt":"2026-09-02T19:37:52","slug":"de-infarto-la-dura-enciende-las-redes-en-traje-de-bano-desde-bahamas","status":"publish","type":"post","link":"https:\/\/www.cuballama.com\/noticias\/de-infarto-la-dura-enciende-las-redes-en-traje-de-bano-desde-bahamas\/","title":{"rendered":"\u00a1De infarto! La Dura enciende las redes en traje de ba\u00f1o desde Bahamas"},"content":{"rendered":"\n<p class=\"wp-block-paragraph\">La influencer cubana Diliamne Jouve Gonz\u00e1lez, popularmente conocida en el entorno digital como La Dura, eligi\u00f3 el paradis\u00edaco archipi\u00e9lago de las Bahamas <strong><a href=\"https:\/\/www.cuballama.com\/noticias\/la-dura-tira-la-casa-por-la-ventana-en-bahamas-por-sus-33-cumpleanos\/\" data-type=\"link\" data-id=\"https:\/\/www.cuballama.com\/noticias\/la-dura-tira-la-casa-por-la-ventana-en-bahamas-por-sus-33-cumpleanos\/\" target=\"_blank\" rel=\"noreferrer noopener\">para seguir festejando su 33 cumplea\u00f1os<\/a><\/strong>. Acompa\u00f1ada por su hija Saisha y el empresario Jorge Carlos Paj\u00f3n, con quien oficializ\u00f3 su relaci\u00f3n amorosa el 14 de febrero, la creadora de contenido regal\u00f3 a sus seguidores una serie de posados que reafirman su impacto en el mundo de la moda y las redes sociales.<\/p>\n\n\n\n<p class=\"wp-block-paragraph\">Durante su escapada caribe\u00f1a, Jouve Gonz\u00e1lez comparti\u00f3 instant\u00e1neas que capturan tanto la belleza del destino como su envidiable figura. En sus historias de Instagram, luci\u00f3 un llamativo traje de ba\u00f1o verde mientras caminaba de espaldas hacia unas aguas cristalinas, enmarcando el paisaje con una peque\u00f1a isla de fondo bajo un cielo completamente despejado. Para acompa\u00f1ar esta postal, la modelo escribi\u00f3: \u00abmi lugar favorito en el mundo siempre ser\u00e1 este\u00bb. Cabe destacar que las Bahamas ya hab\u00edan sido el destino elegido por la pareja durante unas vacaciones previas el pasado mes de marzo.<\/p>\n\n\n\n<figure class=\"wp-block-image size-large\"><img loading=\"lazy\" decoding=\"async\" width=\"574\" height=\"1024\" src=\"https:\/\/cdn1.mediawpaccore.net\/wp-content\/uploads\/2026\/09\/02153338\/Captura-de-pantalla-2026-09-02-a-las-21.31.53-574x1024.png\" alt=\"\" class=\"wp-image-255946\" srcset=\"https:\/\/cdn1.mediawpaccore.net\/wp-content\/uploads\/2026\/09\/02153338\/Captura-de-pantalla-2026-09-02-a-las-21.31.53-574x1024.png 574w, https:\/\/cdn1.mediawpaccore.net\/wp-content\/uploads\/2026\/09\/02153338\/Captura-de-pantalla-2026-09-02-a-las-21.31.53-168x300.png 168w, https:\/\/cdn1.mediawpaccore.net\/wp-content\/uploads\/2026\/09\/02153338\/Captura-de-pantalla-2026-09-02-a-las-21.31.53-768x1370.png 768w, https:\/\/cdn1.mediawpaccore.net\/wp-content\/uploads\/2026\/09\/02153338\/Captura-de-pantalla-2026-09-02-a-las-21.31.53-235x420.png 235w, https:\/\/cdn1.mediawpaccore.net\/wp-content\/uploads\/2026\/09\/02153338\/Captura-de-pantalla-2026-09-02-a-las-21.31.53-150x268.png 150w, https:\/\/cdn1.mediawpaccore.net\/wp-content\/uploads\/2026\/09\/02153338\/Captura-de-pantalla-2026-09-02-a-las-21.31.53-300x535.png 300w, https:\/\/cdn1.mediawpaccore.net\/wp-content\/uploads\/2026\/09\/02153338\/Captura-de-pantalla-2026-09-02-a-las-21.31.53-696x1242.png 696w, https:\/\/cdn1.mediawpaccore.net\/wp-content\/uploads\/2026\/09\/02153338\/Captura-de-pantalla-2026-09-02-a-las-21.31.53.png 806w\" sizes=\"auto, (max-width: 574px) 100vw, 574px\" \/><figcaption class=\"wp-element-caption\">Captura de pantalla historia de Instagram de La Dura<\/figcaption><\/figure>\n\n\n\n<p class=\"wp-block-paragraph\">La celebraci\u00f3n alcanz\u00f3 un nuevo pico de popularidad al d\u00eda siguiente de su aniversario. Desde su perfil @diliamnejacob, la cubana elev\u00f3 la temperatura con una sugerente fotograf\u00eda desde la playa, cubierta exclusivamente por un sombrero de gran tama\u00f1o y acompa\u00f1ada por el texto \u00abThe girl of the sea\u00bb. Esta actualizaci\u00f3n super\u00f3 r\u00e1pidamente los 73.000 \u00abme gusta\u00bb y roz\u00f3 los 1.500 comentarios en pocas horas.<\/p>\n\n\n\n<p class=\"wp-block-paragraph\">Estas cifras consolidan una exitosa racha estival para la influencer en este 2026, la cual incluye sus aplaudidos looks en Grecia durante julio, que rebasaron las 80.000 interacciones, y su posado con un ba\u00f1ador Gucci en mayo, el cual sum\u00f3 m\u00e1s de 59.300 reacciones.<\/p>\n","protected":false},"excerpt":{"rendered":"<p>La influencer cubana La Dura en las Bahamas presumiendo de su espectacular figura en bikini.<\/p>\n","protected":false},"author":29,"featured_media":255945,"comment_status":"open","ping_status":"closed","sticky":false,"template":"","format":"standard","meta":{"_acf_changed":false,"footnotes":""},"categories":[443],"tags":[472,37862,905,37861,10752,8394,469,29814,11445,37863],"class_list":["post-255921","post","type-post","status-publish","format-standard","has-post-thumbnail","category-farandula","tag-bahamas","tag-cuerpazo","tag-cumpleanos","tag-diliamne-jouve-gonzalez","tag-farandula-cubana","tag-influencers-cubanos","tag-instagram","tag-jorge-carlos-pajon","tag-la-dura","tag-traje-de-bano"],"acf":[],"yoast_head":"<!-- This site is optimized with the Yoast SEO plugin v28.3 - https:\/\/yoast.com\/product\/yoast-seo-wordpress\/ -->\n<title>\u00a1De infarto! La Dura enciende las redes en traje de ba\u00f1o desde Bahamas - Cuballama Noticias<\/title>\n<meta name=\"description\" content=\"La influencer cubana La Dura en las Bahamas presumiendo de su espectacular figura en bikini y desata las redes.\" \/>\n<meta name=\"robots\" content=\"index, follow, max-snippet:-1, max-image-preview:large, max-video-preview:-1\" \/>\n<link rel=\"canonical\" href=\"https:\/\/www.cuballama.com\/noticias\/de-infarto-la-dura-enciende-las-redes-en-traje-de-bano-desde-bahamas\/\" \/>\n<meta property=\"og:locale\" content=\"es_ES\" \/>\n<meta property=\"og:type\" content=\"article\" \/>\n<meta property=\"og:title\" content=\"\u00a1De infarto! La Dura enciende las redes en traje de ba\u00f1o desde Bahamas - Cuballama Noticias\" \/>\n<meta property=\"og:description\" content=\"La influencer cubana La Dura en las Bahamas presumiendo de su espectacular figura en bikini y desata las redes.\" \/>\n<meta property=\"og:url\" content=\"https:\/\/www.cuballama.com\/noticias\/de-infarto-la-dura-enciende-las-redes-en-traje-de-bano-desde-bahamas\/\" \/>\n<meta property=\"og:site_name\" content=\"Cuballama Noticias\" \/>\n<meta property=\"article:publisher\" content=\"https:\/\/www.facebook.com\/CubaLlama\" \/>\n<meta property=\"article:published_time\" content=\"2026-09-02T19:37:51+00:00\" \/>\n<meta property=\"article:modified_time\" content=\"2026-09-02T19:37:52+00:00\" \/>\n<meta property=\"og:image\" content=\"https:\/\/cdn1.mediawpaccore.net\/wp-content\/uploads\/2026\/09\/02153321\/xxxxxccccccccddd-39-1024x576.png\" \/>\n\t<meta property=\"og:image:width\" content=\"1024\" \/>\n\t<meta property=\"og:image:height\" content=\"576\" \/>\n\t<meta property=\"og:image:type\" content=\"image\/png\" \/>\n<meta name=\"author\" content=\"Sof\u00eda Reyes\" \/>\n<meta name=\"twitter:card\" content=\"summary_large_image\" \/>\n<meta name=\"twitter:creator\" content=\"@cuballama\" \/>\n<meta name=\"twitter:site\" content=\"@cuballama\" \/>\n<meta name=\"twitter:label1\" content=\"Escrito por\" \/>\n\t<meta name=\"twitter:data1\" content=\"Sof\u00eda Reyes\" \/>\n\t<meta name=\"twitter:label2\" content=\"Tiempo de lectura\" \/>\n\t<meta name=\"twitter:data2\" content=\"2 minutos\" \/>\n<script type=\"application\/ld+json\" class=\"yoast-schema-graph\">{\"@context\":\"https:\\\/\\\/schema.org\",\"@graph\":[{\"@type\":\"Article\",\"@id\":\"https:\\\/\\\/www.cuballama.com\\\/noticias\\\/de-infarto-la-dura-enciende-las-redes-en-traje-de-bano-desde-bahamas\\\/#article\",\"isPartOf\":{\"@id\":\"https:\\\/\\\/www.cuballama.com\\\/noticias\\\/de-infarto-la-dura-enciende-las-redes-en-traje-de-bano-desde-bahamas\\\/\"},\"author\":{\"name\":\"Sof\u00eda Reyes\",\"@id\":\"https:\\\/\\\/www.cuballama.com\\\/noticias\\\/#\\\/schema\\\/person\\\/5cba2b8cc25a3159e49fe730a94d512e\"},\"headline\":\"\u00a1De infarto! La Dura enciende las redes en traje de ba\u00f1o desde Bahamas\",\"datePublished\":\"2026-09-02T19:37:51+00:00\",\"dateModified\":\"2026-09-02T19:37:52+00:00\",\"mainEntityOfPage\":{\"@id\":\"https:\\\/\\\/www.cuballama.com\\\/noticias\\\/de-infarto-la-dura-enciende-las-redes-en-traje-de-bano-desde-bahamas\\\/\"},\"wordCount\":314,\"commentCount\":0,\"publisher\":{\"@id\":\"https:\\\/\\\/www.cuballama.com\\\/noticias\\\/#organization\"},\"image\":{\"@id\":\"https:\\\/\\\/www.cuballama.com\\\/noticias\\\/de-infarto-la-dura-enciende-las-redes-en-traje-de-bano-desde-bahamas\\\/#primaryimage\"},\"thumbnailUrl\":\"https:\\\/\\\/cdn1.mediawpaccore.net\\\/wp-content\\\/uploads\\\/2026\\\/09\\\/02153321\\\/xxxxxccccccccddd-39.png\",\"keywords\":[\"Bahamas\",\"Cuerpazo\",\"cumplea\u00f1os\",\"Diliamne Jouve Gonz\u00e1lez\",\"Far\u00e1ndula cubana\",\"Influencers cubanos\",\"Instagram\",\"Jorge Carlos Paj\u00f3n\",\"La Dura\",\"Traje de ba\u00f1o\"],\"articleSection\":[\"Far\u00e1ndula\"],\"inLanguage\":\"es\",\"potentialAction\":[{\"@type\":\"CommentAction\",\"name\":\"Comment\",\"target\":[\"https:\\\/\\\/www.cuballama.com\\\/noticias\\\/de-infarto-la-dura-enciende-las-redes-en-traje-de-bano-desde-bahamas\\\/#respond\"]}]},{\"@type\":\"WebPage\",\"@id\":\"https:\\\/\\\/www.cuballama.com\\\/noticias\\\/de-infarto-la-dura-enciende-las-redes-en-traje-de-bano-desde-bahamas\\\/\",\"url\":\"https:\\\/\\\/www.cuballama.com\\\/noticias\\\/de-infarto-la-dura-enciende-las-redes-en-traje-de-bano-desde-bahamas\\\/\",\"name\":\"\u00a1De infarto! La Dura enciende las redes en traje de ba\u00f1o desde Bahamas - Cuballama Noticias\",\"isPartOf\":{\"@id\":\"https:\\\/\\\/www.cuballama.com\\\/noticias\\\/#website\"},\"primaryImageOfPage\":{\"@id\":\"https:\\\/\\\/www.cuballama.com\\\/noticias\\\/de-infarto-la-dura-enciende-las-redes-en-traje-de-bano-desde-bahamas\\\/#primaryimage\"},\"image\":{\"@id\":\"https:\\\/\\\/www.cuballama.com\\\/noticias\\\/de-infarto-la-dura-enciende-las-redes-en-traje-de-bano-desde-bahamas\\\/#primaryimage\"},\"thumbnailUrl\":\"https:\\\/\\\/cdn1.mediawpaccore.net\\\/wp-content\\\/uploads\\\/2026\\\/09\\\/02153321\\\/xxxxxccccccccddd-39.png\",\"datePublished\":\"2026-09-02T19:37:51+00:00\",\"dateModified\":\"2026-09-02T19:37:52+00:00\",\"description\":\"La influencer cubana La Dura en las Bahamas presumiendo de su espectacular figura en bikini y desata las redes.\",\"breadcrumb\":{\"@id\":\"https:\\\/\\\/www.cuballama.com\\\/noticias\\\/de-infarto-la-dura-enciende-las-redes-en-traje-de-bano-desde-bahamas\\\/#breadcrumb\"},\"inLanguage\":\"es\",\"potentialAction\":[{\"@type\":\"ReadAction\",\"target\":[\"https:\\\/\\\/www.cuballama.com\\\/noticias\\\/de-infarto-la-dura-enciende-las-redes-en-traje-de-bano-desde-bahamas\\\/\"]}]},{\"@type\":\"ImageObject\",\"inLanguage\":\"es\",\"@id\":\"https:\\\/\\\/www.cuballama.com\\\/noticias\\\/de-infarto-la-dura-enciende-las-redes-en-traje-de-bano-desde-bahamas\\\/#primaryimage\",\"url\":\"https:\\\/\\\/cdn1.mediawpaccore.net\\\/wp-content\\\/uploads\\\/2026\\\/09\\\/02153321\\\/xxxxxccccccccddd-39.png\",\"contentUrl\":\"https:\\\/\\\/cdn1.mediawpaccore.net\\\/wp-content\\\/uploads\\\/2026\\\/09\\\/02153321\\\/xxxxxccccccccddd-39.png\",\"width\":1920,\"height\":1080,\"caption\":\"Fotos tomadas del perfil de Instagram de La Dura\"},{\"@type\":\"BreadcrumbList\",\"@id\":\"https:\\\/\\\/www.cuballama.com\\\/noticias\\\/de-infarto-la-dura-enciende-las-redes-en-traje-de-bano-desde-bahamas\\\/#breadcrumb\",\"itemListElement\":[{\"@type\":\"ListItem\",\"position\":1,\"name\":\"Home\",\"item\":\"https:\\\/\\\/www.cuballama.com\\\/noticias\\\/\"},{\"@type\":\"ListItem\",\"position\":2,\"name\":\"\u00a1De infarto! La Dura enciende las redes en traje de ba\u00f1o desde Bahamas\"}]},{\"@type\":\"WebSite\",\"@id\":\"https:\\\/\\\/www.cuballama.com\\\/noticias\\\/#website\",\"url\":\"https:\\\/\\\/www.cuballama.com\\\/noticias\\\/\",\"name\":\"Cuballama Noticias\",\"description\":\"Medio digital sobre Cuba y el mundo\",\"publisher\":{\"@id\":\"https:\\\/\\\/www.cuballama.com\\\/noticias\\\/#organization\"},\"potentialAction\":[{\"@type\":\"SearchAction\",\"target\":{\"@type\":\"EntryPoint\",\"urlTemplate\":\"https:\\\/\\\/www.cuballama.com\\\/noticias\\\/?s={search_term_string}\"},\"query-input\":{\"@type\":\"PropertyValueSpecification\",\"valueRequired\":true,\"valueName\":\"search_term_string\"}}],\"inLanguage\":\"es\"},{\"@type\":\"Organization\",\"@id\":\"https:\\\/\\\/www.cuballama.com\\\/noticias\\\/#organization\",\"name\":\"Cuballama\",\"url\":\"https:\\\/\\\/www.cuballama.com\\\/noticias\\\/\",\"logo\":{\"@type\":\"ImageObject\",\"inLanguage\":\"es\",\"@id\":\"https:\\\/\\\/www.cuballama.com\\\/noticias\\\/#\\\/schema\\\/logo\\\/image\\\/\",\"url\":\"https:\\\/\\\/cdn1.mediawpaccore.net\\\/wp-content\\\/uploads\\\/2021\\\/12\\\/28171206\\\/cbll-logo-color-sm.png\",\"contentUrl\":\"https:\\\/\\\/cdn1.mediawpaccore.net\\\/wp-content\\\/uploads\\\/2021\\\/12\\\/28171206\\\/cbll-logo-color-sm.png\",\"width\":600,\"height\":133,\"caption\":\"Cuballama\"},\"image\":{\"@id\":\"https:\\\/\\\/www.cuballama.com\\\/noticias\\\/#\\\/schema\\\/logo\\\/image\\\/\"},\"sameAs\":[\"https:\\\/\\\/www.facebook.com\\\/CubaLlama\",\"https:\\\/\\\/x.com\\\/cuballama\",\"https:\\\/\\\/www.instagram.com\\\/stories\\\/cuballama_oficial\\\/\",\"https:\\\/\\\/www.youtube.com\\\/channel\\\/UCKkFE-d_axENGZcrc4as0IA\"]},{\"@type\":\"Person\",\"@id\":\"https:\\\/\\\/www.cuballama.com\\\/noticias\\\/#\\\/schema\\\/person\\\/5cba2b8cc25a3159e49fe730a94d512e\",\"name\":\"Sof\u00eda Reyes\",\"url\":\"https:\\\/\\\/www.cuballama.com\\\/noticias\\\/author\\\/laura\\\/\"}]}<\/script>\n<!-- \/ Yoast SEO plugin. -->","yoast_head_json":{"title":"\u00a1De infarto! La Dura enciende las redes en traje de ba\u00f1o desde Bahamas - Cuballama Noticias","description":"La influencer cubana La Dura en las Bahamas presumiendo de su espectacular figura en bikini y desata las redes.","robots":{"index":"index","follow":"follow","max-snippet":"max-snippet:-1","max-image-preview":"max-image-preview:large","max-video-preview":"max-video-preview:-1"},"canonical":"https:\/\/www.cuballama.com\/noticias\/de-infarto-la-dura-enciende-las-redes-en-traje-de-bano-desde-bahamas\/","og_locale":"es_ES","og_type":"article","og_title":"\u00a1De infarto! La Dura enciende las redes en traje de ba\u00f1o desde Bahamas - Cuballama Noticias","og_description":"La influencer cubana La Dura en las Bahamas presumiendo de su espectacular figura en bikini y desata las redes.","og_url":"https:\/\/www.cuballama.com\/noticias\/de-infarto-la-dura-enciende-las-redes-en-traje-de-bano-desde-bahamas\/","og_site_name":"Cuballama Noticias","article_publisher":"https:\/\/www.facebook.com\/CubaLlama","article_published_time":"2026-09-02T19:37:51+00:00","article_modified_time":"2026-09-02T19:37:52+00:00","og_image":[{"width":1024,"height":576,"url":"https:\/\/cdn1.mediawpaccore.net\/wp-content\/uploads\/2026\/09\/02153321\/xxxxxccccccccddd-39-1024x576.png","type":"image\/png"}],"author":"Sof\u00eda Reyes","twitter_card":"summary_large_image","twitter_creator":"@cuballama","twitter_site":"@cuballama","twitter_misc":{"Escrito por":"Sof\u00eda Reyes","Tiempo de lectura":"2 minutos"},"schema":{"@context":"https:\/\/schema.org","@graph":[{"@type":"Article","@id":"https:\/\/www.cuballama.com\/noticias\/de-infarto-la-dura-enciende-las-redes-en-traje-de-bano-desde-bahamas\/#article","isPartOf":{"@id":"https:\/\/www.cuballama.com\/noticias\/de-infarto-la-dura-enciende-las-redes-en-traje-de-bano-desde-bahamas\/"},"author":{"name":"Sof\u00eda Reyes","@id":"https:\/\/www.cuballama.com\/noticias\/#\/schema\/person\/5cba2b8cc25a3159e49fe730a94d512e"},"headline":"\u00a1De infarto! La Dura enciende las redes en traje de ba\u00f1o desde Bahamas","datePublished":"2026-09-02T19:37:51+00:00","dateModified":"2026-09-02T19:37:52+00:00","mainEntityOfPage":{"@id":"https:\/\/www.cuballama.com\/noticias\/de-infarto-la-dura-enciende-las-redes-en-traje-de-bano-desde-bahamas\/"},"wordCount":314,"commentCount":0,"publisher":{"@id":"https:\/\/www.cuballama.com\/noticias\/#organization"},"image":{"@id":"https:\/\/www.cuballama.com\/noticias\/de-infarto-la-dura-enciende-las-redes-en-traje-de-bano-desde-bahamas\/#primaryimage"},"thumbnailUrl":"https:\/\/cdn1.mediawpaccore.net\/wp-content\/uploads\/2026\/09\/02153321\/xxxxxccccccccddd-39.png","keywords":["Bahamas","Cuerpazo","cumplea\u00f1os","Diliamne Jouve Gonz\u00e1lez","Far\u00e1ndula cubana","Influencers cubanos","Instagram","Jorge Carlos Paj\u00f3n","La Dura","Traje de ba\u00f1o"],"articleSection":["Far\u00e1ndula"],"inLanguage":"es","potentialAction":[{"@type":"CommentAction","name":"Comment","target":["https:\/\/www.cuballama.com\/noticias\/de-infarto-la-dura-enciende-las-redes-en-traje-de-bano-desde-bahamas\/#respond"]}]},{"@type":"WebPage","@id":"https:\/\/www.cuballama.com\/noticias\/de-infarto-la-dura-enciende-las-redes-en-traje-de-bano-desde-bahamas\/","url":"https:\/\/www.cuballama.com\/noticias\/de-infarto-la-dura-enciende-las-redes-en-traje-de-bano-desde-bahamas\/","name":"\u00a1De infarto! La Dura enciende las redes en traje de ba\u00f1o desde Bahamas - Cuballama Noticias","isPartOf":{"@id":"https:\/\/www.cuballama.com\/noticias\/#website"},"primaryImageOfPage":{"@id":"https:\/\/www.cuballama.com\/noticias\/de-infarto-la-dura-enciende-las-redes-en-traje-de-bano-desde-bahamas\/#primaryimage"},"image":{"@id":"https:\/\/www.cuballama.com\/noticias\/de-infarto-la-dura-enciende-las-redes-en-traje-de-bano-desde-bahamas\/#primaryimage"},"thumbnailUrl":"https:\/\/cdn1.mediawpaccore.net\/wp-content\/uploads\/2026\/09\/02153321\/xxxxxccccccccddd-39.png","datePublished":"2026-09-02T19:37:51+00:00","dateModified":"2026-09-02T19:37:52+00:00","description":"La influencer cubana La Dura en las Bahamas presumiendo de su espectacular figura en bikini y desata las redes.","breadcrumb":{"@id":"https:\/\/www.cuballama.com\/noticias\/de-infarto-la-dura-enciende-las-redes-en-traje-de-bano-desde-bahamas\/#breadcrumb"},"inLanguage":"es","potentialAction":[{"@type":"ReadAction","target":["https:\/\/www.cuballama.com\/noticias\/de-infarto-la-dura-enciende-las-redes-en-traje-de-bano-desde-bahamas\/"]}]},{"@type":"ImageObject","inLanguage":"es","@id":"https:\/\/www.cuballama.com\/noticias\/de-infarto-la-dura-enciende-las-redes-en-traje-de-bano-desde-bahamas\/#primaryimage","url":"https:\/\/cdn1.mediawpaccore.net\/wp-content\/uploads\/2026\/09\/02153321\/xxxxxccccccccddd-39.png","contentUrl":"https:\/\/cdn1.mediawpaccore.net\/wp-content\/uploads\/2026\/09\/02153321\/xxxxxccccccccddd-39.png","width":1920,"height":1080,"caption":"Fotos tomadas del perfil de Instagram de La Dura"},{"@type":"BreadcrumbList","@id":"https:\/\/www.cuballama.com\/noticias\/de-infarto-la-dura-enciende-las-redes-en-traje-de-bano-desde-bahamas\/#breadcrumb","itemListElement":[{"@type":"ListItem","position":1,"name":"Home","item":"https:\/\/www.cuballama.com\/noticias\/"},{"@type":"ListItem","position":2,"name":"\u00a1De infarto! La Dura enciende las redes en traje de ba\u00f1o desde Bahamas"}]},{"@type":"WebSite","@id":"https:\/\/www.cuballama.com\/noticias\/#website","url":"https:\/\/www.cuballama.com\/noticias\/","name":"Cuballama Noticias","description":"Medio digital sobre Cuba y el mundo","publisher":{"@id":"https:\/\/www.cuballama.com\/noticias\/#organization"},"potentialAction":[{"@type":"SearchAction","target":{"@type":"EntryPoint","urlTemplate":"https:\/\/www.cuballama.com\/noticias\/?s={search_term_string}"},"query-input":{"@type":"PropertyValueSpecification","valueRequired":true,"valueName":"search_term_string"}}],"inLanguage":"es"},{"@type":"Organization","@id":"https:\/\/www.cuballama.com\/noticias\/#organization","name":"Cuballama","url":"https:\/\/www.cuballama.com\/noticias\/","logo":{"@type":"ImageObject","inLanguage":"es","@id":"https:\/\/www.cuballama.com\/noticias\/#\/schema\/logo\/image\/","url":"https:\/\/cdn1.mediawpaccore.net\/wp-content\/uploads\/2021\/12\/28171206\/cbll-logo-color-sm.png","contentUrl":"https:\/\/cdn1.mediawpaccore.net\/wp-content\/uploads\/2021\/12\/28171206\/cbll-logo-color-sm.png","width":600,"height":133,"caption":"Cuballama"},"image":{"@id":"https:\/\/www.cuballama.com\/noticias\/#\/schema\/logo\/image\/"},"sameAs":["https:\/\/www.facebook.com\/CubaLlama","https:\/\/x.com\/cuballama","https:\/\/www.instagram.com\/stories\/cuballama_oficial\/","https:\/\/www.youtube.com\/channel\/UCKkFE-d_axENGZcrc4as0IA"]},{"@type":"Person","@id":"https:\/\/www.cuballama.com\/noticias\/#\/schema\/person\/5cba2b8cc25a3159e49fe730a94d512e","name":"Sof\u00eda Reyes","url":"https:\/\/www.cuballama.com\/noticias\/author\/laura\/"}]}},"_links":{"self":[{"href":"https:\/\/www.cuballama.com\/noticias\/wp-json\/wp\/v2\/posts\/255921","targetHints":{"allow":["GET"]}}],"collection":[{"href":"https:\/\/www.cuballama.com\/noticias\/wp-json\/wp\/v2\/posts"}],"about":[{"href":"https:\/\/www.cuballama.com\/noticias\/wp-json\/wp\/v2\/types\/post"}],"author":[{"embeddable":true,"href":"https:\/\/www.cuballama.com\/noticias\/wp-json\/wp\/v2\/users\/29"}],"replies":[{"embeddable":true,"href":"https:\/\/www.cuballama.com\/noticias\/wp-json\/wp\/v2\/comments?post=255921"}],"version-history":[{"count":3,"href":"https:\/\/www.cuballama.com\/noticias\/wp-json\/wp\/v2\/posts\/255921\/revisions"}],"predecessor-version":[{"id":255947,"href":"https:\/\/www.cuballama.com\/noticias\/wp-json\/wp\/v2\/posts\/255921\/revisions\/255947"}],"wp:featuredmedia":[{"embeddable":true,"href":"https:\/\/www.cuballama.com\/noticias\/wp-json\/wp\/v2\/media\/255945"}],"wp:attachment":[{"href":"https:\/\/www.cuballama.com\/noticias\/wp-json\/wp\/v2\/media?parent=255921"}],"wp:term":[{"taxonomy":"category","embeddable":true,"href":"https:\/\/www.cuballama.com\/noticias\/wp-json\/wp\/v2\/categories?post=255921"},{"taxonomy":"post_tag","embeddable":true,"href":"https:\/\/www.cuballama.com\/noticias\/wp-json\/wp\/v2\/tags?post=255921"}],"curies":[{"name":"wp","href":"https:\/\/api.w.org\/{rel}","templated":true}]}}