{"id":255801,"date":"2026-09-04T15:35:41","date_gmt":"2026-09-04T19:35:41","guid":{"rendered":"https:\/\/www.cuballama.com\/noticias\/?p=255801"},"modified":"2026-09-04T15:35:47","modified_gmt":"2026-09-04T19:35:47","slug":"entre-la-conquista-que-celebra-diaz-canel-y-las-aulas-sin-libros-el-contraste-que-desnuda-la-crisis-educativa-cubana","status":"publish","type":"post","link":"https:\/\/www.cuballama.com\/noticias\/entre-la-conquista-que-celebra-diaz-canel-y-las-aulas-sin-libros-el-contraste-que-desnuda-la-crisis-educativa-cubana\/","title":{"rendered":"Entre la \u00abconquista\u00bb que celebra D\u00edaz-Canel y las aulas sin libros: el contraste que desnuda la crisis educativa cubana"},"content":{"rendered":"\n<h1 class=\"wp-block-heading\">El inicio de curso en Cuba desata cr\u00edticas tras periodista oficialista presumir los libros nuevos de su hija<\/h1>\n\n\n\n<p class=\"wp-block-paragraph\">El inicio del curso escolar 2026-2027 en Cuba volvi\u00f3 a exponer la distancia entre el discurso oficial y las dificultades que enfrentan numerosas familias, en medio de una severa escasez de maestros, uniformes y otros recursos b\u00e1sicos. <\/p>\n\n\n\n<p class=\"wp-block-paragraph\">La pol\u00e9mica cobr\u00f3 fuerza en redes sociales despu\u00e9s de que el periodista cubano David Cu publicara en <em><a href=\"https:\/\/www.facebook.com\/DavidxQva\/posts\/pfbid0Pv3TeEyiXiC9s9DLkAezNna7CTH8ZofoANwmhxwvLBBcSz1c5dmDm1s3ya9uizaql\" target=\"_blank\" rel=\"noreferrer noopener\">Facebook<\/a><\/em> im\u00e1genes de los libros escolares nuevos recibidos por su hija y celebrara las condiciones con las que comenzaba el nuevo per\u00edodo lectivo.<\/p>\n\n\n\n<p class=\"wp-block-paragraph\">\u201cMi ni\u00f1a comienza su curso escolar con todos sus libros nuevos\u201d, escribi\u00f3 el comunicador, en una publicaci\u00f3n que termin\u00f3 provocando numerosas respuestas de padres y familiares que aseguraron estar viviendo una situaci\u00f3n muy diferente.<\/p>\n\n\n\n<iframe loading=\"lazy\" src=\"https:\/\/www.facebook.com\/plugins\/post.php?href=https%3A%2F%2Fwww.facebook.com%2FDavidxQva%2Fposts%2Fpfbid0Pv3TeEyiXiC9s9DLkAezNna7CTH8ZofoANwmhxwvLBBcSz1c5dmDm1s3ya9uizaql&#038;show_text=true&#038;width=500\" width=\"500\" height=\"508\" style=\"border:none;overflow:hidden\" scrolling=\"no\" frameborder=\"0\" allowfullscreen=\"true\" allow=\"autoplay; clipboard-write; encrypted-media; picture-in-picture; web-share\"><\/iframe>\n\n\n\n<p class=\"wp-block-paragraph\">Entre los testimonios recogidos en los comentarios aparecen familias que aseguran que sus hijos deben compartir libros, estudiantes que comenzaron las clases sin uniformes nuevos y alumnos de primer grado que no habr\u00edan recibido todos los cuadernos necesarios.<\/p>\n\n\n\n<p class=\"wp-block-paragraph\">Las quejas coinciden con un comienzo de curso particularmente complejo reconocido incluso por las propias autoridades cubanas.<\/p>\n\n\n\n<p class=\"wp-block-paragraph\">Cerca de 1,4 millones de estudiantes regresaron a las aulas el 1 de septiembre en m\u00e1s de 10.000 escuelas del pa\u00eds, en un contexto marcado por apagones, problemas de transporte, dificultades con el abastecimiento de agua y escasez de materiales escolares. Associated Press report\u00f3 que numerosas familias han tenido que asumir directamente gastos y necesidades que anteriormente cubr\u00eda el Estado.<\/p>\n\n\n\n<p class=\"wp-block-paragraph\">La ministra de Educaci\u00f3n, Naima Trujillo Barreto, reconoci\u00f3 antes del inicio de las clases que la cobertura docente con personal de plantilla formado se encuentra actualmente en apenas el 73%.<\/p>\n\n\n\n<p class=\"wp-block-paragraph\">Ante la falta de profesores, las autoridades han recurrido a estudiantes universitarios, jubilados, profesionales de otros sectores y otras alternativas para cubrir las aulas. M\u00e1s de 3.000 docentes de provincias orientales ser\u00e1n trasladados temporalmente a La Habana, uno de los territorios con mayores dificultades.<\/p>\n\n\n\n<h2 class=\"wp-block-heading\">La escasez alcanza tambi\u00e9n a los uniformes.<\/h2>\n\n\n\n<p class=\"wp-block-paragraph\">Seg\u00fan datos ofrecidos por Trujillo y recogidos por Reuters y EFE, la producci\u00f3n disponible cubre solamente alrededor del 12% de las necesidades de uniformes de los estudiantes de primaria, mientras en secundaria el porcentaje es incluso ligeramente inferior.<\/p>\n\n\n\n<p class=\"wp-block-paragraph\">La situaci\u00f3n llev\u00f3 al Ministerio de Educaci\u00f3n a flexibilizar nuevamente las normas para permitir que los alumnos asistan a clases sin el uniforme reglamentario cuando no hayan podido adquirirlo.<\/p>\n\n\n\n<p class=\"wp-block-paragraph\">Las dificultades hab\u00edan sido anticipadas por el propio Gobierno. D\u00edas antes del inicio del curso, el Ministerio de Educaci\u00f3n reconoci\u00f3 oficialmente que no todas las escuelas tendr\u00edan las mismas condiciones de presencialidad, horarios, transporte y alimentaci\u00f3n.<\/p>\n\n\n\n<p class=\"wp-block-paragraph\">El presidente Miguel D\u00edaz-Canel, sin embargo, present\u00f3 el regreso a las aulas como una demostraci\u00f3n de resistencia del sistema cubano.<\/p>\n\n\n\n<p class=\"wp-block-paragraph\">Durante actividades relacionadas con el comienzo del curso, afirm\u00f3 que mientras existan en Cuba \u201caulas con estudiantes\u201d y \u201cescuelas con maestros\u201d habr\u00e1 \u201cnaci\u00f3n, Patria, Revoluci\u00f3n y Socialismo\u201d.<\/p>\n\n\n\n<p class=\"wp-block-paragraph\">El contraste entre ese discurso y las im\u00e1genes difundidas por David Cu provoc\u00f3 especialmente irritaci\u00f3n entre usuarios de Facebook.<\/p>\n\n\n\n<p class=\"wp-block-paragraph\">Mientras el periodista mostraba una colecci\u00f3n completa de textos escolares nuevos, varios padres respondieron describiendo problemas para conseguir materiales elementales.<\/p>\n\n\n\n<p class=\"wp-block-paragraph\">Una madre asegur\u00f3 que sus hijas comenzaron sin uniformes, mientras otro usuario afirm\u00f3 que a su hijo de cuarto grado le correspondi\u00f3 compartir un libro con otro alumno. Otra familia indic\u00f3 que una ni\u00f1a que iniciaba primer grado no hab\u00eda recibido todos los cuadernos previstos.<\/p>\n\n\n\n<p class=\"wp-block-paragraph\">Esos testimonios individuales no permiten determinar por s\u00ed solos la situaci\u00f3n de todas las escuelas del pa\u00eds, pero coinciden con las carencias generales reconocidas oficialmente para el curso 2026-2027.<\/p>\n\n\n\n<p class=\"wp-block-paragraph\">La prensa estatal tambi\u00e9n ha admitido que el per\u00edodo lectivo comienza bajo condiciones \u201cdiferentes a las habituales\u201d y que cada territorio deber\u00e1 adaptar horarios, recursos y modalidades educativas a sus posibilidades.<\/p>\n\n\n\n<p class=\"wp-block-paragraph\">La crisis energ\u00e9tica constituye otro obst\u00e1culo. Los prolongados apagones han afectado tanto a las familias como a la propia producci\u00f3n y distribuci\u00f3n de recursos escolares.<\/p>\n\n\n\n<p class=\"wp-block-paragraph\">Reuters se\u00f1al\u00f3 que los cortes el\u00e9ctricos estuvieron entre las causas que limitaron la confecci\u00f3n de uniformes antes del inicio de las clases.<\/p>\n\n\n\n<p class=\"wp-block-paragraph\">El resultado es un curso que comenz\u00f3 formalmente en todo el pa\u00eds, pero bajo unas condiciones considerablemente m\u00e1s precarias que las reflejadas en la publicaci\u00f3n que desat\u00f3 la controversia.<\/p>\n\n\n\n<h3 class=\"wp-block-heading\">Fuentes<\/h3>\n\n\n\n<p class=\"wp-block-paragraph\">Reuters \u2014 Cuba readies to kick off school year despite scant supplies<br>Associated Press \u2014 Schools reopen across Cuba as fuel, water and power shortages persist<br>EFE \u2014 Cuba inicia un curso escolar \u201cajustado\u201d a la crisis y al \u201csobresfuerzo\u201d de familias<br>Granma \u2014 Educaci\u00f3n cubana prepara un curso escolar con mayor presencialidad y respuestas diferenciadas<br>Presidencia de Cuba \u2014 Declaraciones de Miguel D\u00edaz-Canel sobre el inicio del curso escolar<\/p>\n\n\n\n<p class=\"wp-block-paragraph\"><\/p>\n\n\n\n<p class=\"wp-block-paragraph\"><\/p>\n","protected":false},"excerpt":{"rendered":"<p>Una publicaci\u00f3n del periodista cubano David Cu mostrando los libros nuevos recibidos por su hija provoc\u00f3 numerosas cr\u00edticas de padres que describieron una realidad diferente al comenzar el curso escolar 2026-2027. Las quejas coinciden con datos oficiales que sit\u00faan la cobertura docente en 73% y revelan graves problemas para garantizar uniformes y otros recursos escolares.<\/p>\n","protected":false},"author":13,"featured_media":255817,"comment_status":"open","ping_status":"closed","sticky":false,"template":"","format":"standard","meta":{"_acf_changed":false,"footnotes":""},"categories":[18,955],"tags":[11,37804,37806,22736,10035,6515,1233,1324,37805,11863],"class_list":["post-255801","post","type-post","status-publish","format-standard","has-post-thumbnail","category-noticias","category-noticias-de-cuba","tag-cuba","tag-curso-escolar-2026-2027","tag-david-cu","tag-educacion-en-cuba","tag-escasez-en-cuba","tag-escuelas-cubanas","tag-estudiantes-cubanos","tag-miguel-diaz-canel","tag-naima-trujillo","tag-uniformes-escolares"],"acf":[],"yoast_head":"<!-- This site is optimized with the Yoast SEO plugin v28.3 - https:\/\/yoast.com\/product\/yoast-seo-wordpress\/ -->\n<title>Entre la &quot;conquista&quot; que celebra D\u00edaz-Canel y las aulas sin libros: el contraste que desnuda la crisis educativa cubana - Cuballama Noticias<\/title>\n<meta name=\"description\" content=\"Padres cubanos respondieron a un periodista que mostr\u00f3 los libros nuevos de su hija con denuncias de escasez al comenzar el curso escolar.\" \/>\n<meta name=\"robots\" content=\"index, follow, max-snippet:-1, max-image-preview:large, max-video-preview:-1\" \/>\n<link rel=\"canonical\" href=\"https:\/\/www.cuballama.com\/noticias\/entre-la-conquista-que-celebra-diaz-canel-y-las-aulas-sin-libros-el-contraste-que-desnuda-la-crisis-educativa-cubana\/\" \/>\n<meta property=\"og:locale\" content=\"es_ES\" \/>\n<meta property=\"og:type\" content=\"article\" \/>\n<meta property=\"og:title\" content=\"Entre la &quot;conquista&quot; que celebra D\u00edaz-Canel y las aulas sin libros: el contraste que desnuda la crisis educativa cubana - Cuballama Noticias\" \/>\n<meta property=\"og:description\" content=\"Padres cubanos respondieron a un periodista que mostr\u00f3 los libros nuevos de su hija con denuncias de escasez al comenzar el curso escolar.\" \/>\n<meta property=\"og:url\" content=\"https:\/\/www.cuballama.com\/noticias\/entre-la-conquista-que-celebra-diaz-canel-y-las-aulas-sin-libros-el-contraste-que-desnuda-la-crisis-educativa-cubana\/\" \/>\n<meta property=\"og:site_name\" content=\"Cuballama Noticias\" \/>\n<meta property=\"article:publisher\" content=\"https:\/\/www.facebook.com\/CubaLlama\" \/>\n<meta property=\"article:published_time\" content=\"2026-09-04T19:35:41+00:00\" \/>\n<meta property=\"article:modified_time\" content=\"2026-09-04T19:35:47+00:00\" \/>\n<meta property=\"og:image\" content=\"https:\/\/cdn1.mediawpaccore.net\/wp-content\/uploads\/2026\/09\/02101836\/image-1.png\" \/>\n\t<meta property=\"og:image:width\" content=\"1020\" \/>\n\t<meta property=\"og:image:height\" content=\"536\" \/>\n\t<meta property=\"og:image:type\" content=\"image\/png\" \/>\n<meta name=\"author\" content=\"Roberto A.\" \/>\n<meta name=\"twitter:card\" content=\"summary_large_image\" \/>\n<meta name=\"twitter:creator\" content=\"@cuballama\" \/>\n<meta name=\"twitter:site\" content=\"@cuballama\" \/>\n<meta name=\"twitter:label1\" content=\"Escrito por\" \/>\n\t<meta name=\"twitter:data1\" content=\"Roberto A.\" \/>\n<script type=\"application\/ld+json\" class=\"yoast-schema-graph\">{\"@context\":\"https:\\\/\\\/schema.org\",\"@graph\":[{\"@type\":\"Article\",\"@id\":\"https:\\\/\\\/www.cuballama.com\\\/noticias\\\/entre-la-conquista-que-celebra-diaz-canel-y-las-aulas-sin-libros-el-contraste-que-desnuda-la-crisis-educativa-cubana\\\/#article\",\"isPartOf\":{\"@id\":\"https:\\\/\\\/www.cuballama.com\\\/noticias\\\/entre-la-conquista-que-celebra-diaz-canel-y-las-aulas-sin-libros-el-contraste-que-desnuda-la-crisis-educativa-cubana\\\/\"},\"author\":{\"name\":\"Roberto A.\",\"@id\":\"https:\\\/\\\/www.cuballama.com\\\/noticias\\\/#\\\/schema\\\/person\\\/a58502ed4146c8e9f83872e897c76cd2\"},\"headline\":\"Entre la \u00abconquista\u00bb que celebra D\u00edaz-Canel y las aulas sin libros: el contraste que desnuda la crisis educativa cubana\",\"datePublished\":\"2026-09-04T19:35:41+00:00\",\"dateModified\":\"2026-09-04T19:35:47+00:00\",\"mainEntityOfPage\":{\"@id\":\"https:\\\/\\\/www.cuballama.com\\\/noticias\\\/entre-la-conquista-que-celebra-diaz-canel-y-las-aulas-sin-libros-el-contraste-que-desnuda-la-crisis-educativa-cubana\\\/\"},\"wordCount\":822,\"commentCount\":0,\"publisher\":{\"@id\":\"https:\\\/\\\/www.cuballama.com\\\/noticias\\\/#organization\"},\"image\":{\"@id\":\"https:\\\/\\\/www.cuballama.com\\\/noticias\\\/entre-la-conquista-que-celebra-diaz-canel-y-las-aulas-sin-libros-el-contraste-que-desnuda-la-crisis-educativa-cubana\\\/#primaryimage\"},\"thumbnailUrl\":\"https:\\\/\\\/cdn1.mediawpaccore.net\\\/wp-content\\\/uploads\\\/2026\\\/09\\\/02101836\\\/image-1.png\",\"keywords\":[\"Cuba\",\"curso escolar 2026-2027\",\"David Cu\",\"educaci\u00f3n en Cuba\",\"escasez en Cuba\",\"escuelas cubanas\",\"estudiantes cubanos\",\"Miguel D\u00edaz-Canel\",\"Naima Trujillo\",\"uniformes escolares\"],\"articleSection\":[\"Noticias\",\"Noticias de Cuba\"],\"inLanguage\":\"es\",\"potentialAction\":[{\"@type\":\"CommentAction\",\"name\":\"Comment\",\"target\":[\"https:\\\/\\\/www.cuballama.com\\\/noticias\\\/entre-la-conquista-que-celebra-diaz-canel-y-las-aulas-sin-libros-el-contraste-que-desnuda-la-crisis-educativa-cubana\\\/#respond\"]}]},{\"@type\":\"WebPage\",\"@id\":\"https:\\\/\\\/www.cuballama.com\\\/noticias\\\/entre-la-conquista-que-celebra-diaz-canel-y-las-aulas-sin-libros-el-contraste-que-desnuda-la-crisis-educativa-cubana\\\/\",\"url\":\"https:\\\/\\\/www.cuballama.com\\\/noticias\\\/entre-la-conquista-que-celebra-diaz-canel-y-las-aulas-sin-libros-el-contraste-que-desnuda-la-crisis-educativa-cubana\\\/\",\"name\":\"Entre la \\\"conquista\\\" que celebra D\u00edaz-Canel y las aulas sin libros: el contraste que desnuda la crisis educativa cubana - Cuballama Noticias\",\"isPartOf\":{\"@id\":\"https:\\\/\\\/www.cuballama.com\\\/noticias\\\/#website\"},\"primaryImageOfPage\":{\"@id\":\"https:\\\/\\\/www.cuballama.com\\\/noticias\\\/entre-la-conquista-que-celebra-diaz-canel-y-las-aulas-sin-libros-el-contraste-que-desnuda-la-crisis-educativa-cubana\\\/#primaryimage\"},\"image\":{\"@id\":\"https:\\\/\\\/www.cuballama.com\\\/noticias\\\/entre-la-conquista-que-celebra-diaz-canel-y-las-aulas-sin-libros-el-contraste-que-desnuda-la-crisis-educativa-cubana\\\/#primaryimage\"},\"thumbnailUrl\":\"https:\\\/\\\/cdn1.mediawpaccore.net\\\/wp-content\\\/uploads\\\/2026\\\/09\\\/02101836\\\/image-1.png\",\"datePublished\":\"2026-09-04T19:35:41+00:00\",\"dateModified\":\"2026-09-04T19:35:47+00:00\",\"description\":\"Padres cubanos respondieron a un periodista que mostr\u00f3 los libros nuevos de su hija con denuncias de escasez al comenzar el curso escolar.\",\"breadcrumb\":{\"@id\":\"https:\\\/\\\/www.cuballama.com\\\/noticias\\\/entre-la-conquista-que-celebra-diaz-canel-y-las-aulas-sin-libros-el-contraste-que-desnuda-la-crisis-educativa-cubana\\\/#breadcrumb\"},\"inLanguage\":\"es\",\"potentialAction\":[{\"@type\":\"ReadAction\",\"target\":[\"https:\\\/\\\/www.cuballama.com\\\/noticias\\\/entre-la-conquista-que-celebra-diaz-canel-y-las-aulas-sin-libros-el-contraste-que-desnuda-la-crisis-educativa-cubana\\\/\"]}]},{\"@type\":\"ImageObject\",\"inLanguage\":\"es\",\"@id\":\"https:\\\/\\\/www.cuballama.com\\\/noticias\\\/entre-la-conquista-que-celebra-diaz-canel-y-las-aulas-sin-libros-el-contraste-que-desnuda-la-crisis-educativa-cubana\\\/#primaryimage\",\"url\":\"https:\\\/\\\/cdn1.mediawpaccore.net\\\/wp-content\\\/uploads\\\/2026\\\/09\\\/02101836\\\/image-1.png\",\"contentUrl\":\"https:\\\/\\\/cdn1.mediawpaccore.net\\\/wp-content\\\/uploads\\\/2026\\\/09\\\/02101836\\\/image-1.png\",\"width\":1020,\"height\":536,\"caption\":\"Foto: Generada por la IA\"},{\"@type\":\"BreadcrumbList\",\"@id\":\"https:\\\/\\\/www.cuballama.com\\\/noticias\\\/entre-la-conquista-que-celebra-diaz-canel-y-las-aulas-sin-libros-el-contraste-que-desnuda-la-crisis-educativa-cubana\\\/#breadcrumb\",\"itemListElement\":[{\"@type\":\"ListItem\",\"position\":1,\"name\":\"Home\",\"item\":\"https:\\\/\\\/www.cuballama.com\\\/noticias\\\/\"},{\"@type\":\"ListItem\",\"position\":2,\"name\":\"Entre la \u00abconquista\u00bb que celebra D\u00edaz-Canel y las aulas sin libros: el contraste que desnuda la crisis educativa cubana\"}]},{\"@type\":\"WebSite\",\"@id\":\"https:\\\/\\\/www.cuballama.com\\\/noticias\\\/#website\",\"url\":\"https:\\\/\\\/www.cuballama.com\\\/noticias\\\/\",\"name\":\"Cuballama Noticias\",\"description\":\"Medio digital sobre Cuba y el mundo\",\"publisher\":{\"@id\":\"https:\\\/\\\/www.cuballama.com\\\/noticias\\\/#organization\"},\"potentialAction\":[{\"@type\":\"SearchAction\",\"target\":{\"@type\":\"EntryPoint\",\"urlTemplate\":\"https:\\\/\\\/www.cuballama.com\\\/noticias\\\/?s={search_term_string}\"},\"query-input\":{\"@type\":\"PropertyValueSpecification\",\"valueRequired\":true,\"valueName\":\"search_term_string\"}}],\"inLanguage\":\"es\"},{\"@type\":\"Organization\",\"@id\":\"https:\\\/\\\/www.cuballama.com\\\/noticias\\\/#organization\",\"name\":\"Cuballama\",\"url\":\"https:\\\/\\\/www.cuballama.com\\\/noticias\\\/\",\"logo\":{\"@type\":\"ImageObject\",\"inLanguage\":\"es\",\"@id\":\"https:\\\/\\\/www.cuballama.com\\\/noticias\\\/#\\\/schema\\\/logo\\\/image\\\/\",\"url\":\"https:\\\/\\\/cdn1.mediawpaccore.net\\\/wp-content\\\/uploads\\\/2021\\\/12\\\/28171206\\\/cbll-logo-color-sm.png\",\"contentUrl\":\"https:\\\/\\\/cdn1.mediawpaccore.net\\\/wp-content\\\/uploads\\\/2021\\\/12\\\/28171206\\\/cbll-logo-color-sm.png\",\"width\":600,\"height\":133,\"caption\":\"Cuballama\"},\"image\":{\"@id\":\"https:\\\/\\\/www.cuballama.com\\\/noticias\\\/#\\\/schema\\\/logo\\\/image\\\/\"},\"sameAs\":[\"https:\\\/\\\/www.facebook.com\\\/CubaLlama\",\"https:\\\/\\\/x.com\\\/cuballama\",\"https:\\\/\\\/www.instagram.com\\\/stories\\\/cuballama_oficial\\\/\",\"https:\\\/\\\/www.youtube.com\\\/channel\\\/UCKkFE-d_axENGZcrc4as0IA\"]},{\"@type\":\"Person\",\"@id\":\"https:\\\/\\\/www.cuballama.com\\\/noticias\\\/#\\\/schema\\\/person\\\/a58502ed4146c8e9f83872e897c76cd2\",\"name\":\"Roberto A.\",\"description\":\"Roberto A. Periodista por decisi\u00f3n propia. Interesado en cualquier tema que me apasione y cada vez m\u00e1s comprometido con la verdad y la objetividad period\u00edstica. Graduado en La Habana hace ya muchos a\u00f1os, luego de una accidentada y polvorienta b\u00fasqueda de informaci\u00f3n sobre un tema in\u00e9dito. La Tesis, por cierto, desapareci\u00f3 de la biblioteca y no se conservan copias de la misma.\",\"url\":\"https:\\\/\\\/www.cuballama.com\\\/noticias\\\/author\\\/roberto\\\/\"}]}<\/script>\n<!-- \/ Yoast SEO plugin. -->","yoast_head_json":{"title":"Entre la \"conquista\" que celebra D\u00edaz-Canel y las aulas sin libros: el contraste que desnuda la crisis educativa cubana - Cuballama Noticias","description":"Padres cubanos respondieron a un periodista que mostr\u00f3 los libros nuevos de su hija con denuncias de escasez al comenzar el curso escolar.","robots":{"index":"index","follow":"follow","max-snippet":"max-snippet:-1","max-image-preview":"max-image-preview:large","max-video-preview":"max-video-preview:-1"},"canonical":"https:\/\/www.cuballama.com\/noticias\/entre-la-conquista-que-celebra-diaz-canel-y-las-aulas-sin-libros-el-contraste-que-desnuda-la-crisis-educativa-cubana\/","og_locale":"es_ES","og_type":"article","og_title":"Entre la \"conquista\" que celebra D\u00edaz-Canel y las aulas sin libros: el contraste que desnuda la crisis educativa cubana - Cuballama Noticias","og_description":"Padres cubanos respondieron a un periodista que mostr\u00f3 los libros nuevos de su hija con denuncias de escasez al comenzar el curso escolar.","og_url":"https:\/\/www.cuballama.com\/noticias\/entre-la-conquista-que-celebra-diaz-canel-y-las-aulas-sin-libros-el-contraste-que-desnuda-la-crisis-educativa-cubana\/","og_site_name":"Cuballama Noticias","article_publisher":"https:\/\/www.facebook.com\/CubaLlama","article_published_time":"2026-09-04T19:35:41+00:00","article_modified_time":"2026-09-04T19:35:47+00:00","og_image":[{"width":1020,"height":536,"url":"https:\/\/cdn1.mediawpaccore.net\/wp-content\/uploads\/2026\/09\/02101836\/image-1.png","type":"image\/png"}],"author":"Roberto A.","twitter_card":"summary_large_image","twitter_creator":"@cuballama","twitter_site":"@cuballama","twitter_misc":{"Escrito por":"Roberto A."},"schema":{"@context":"https:\/\/schema.org","@graph":[{"@type":"Article","@id":"https:\/\/www.cuballama.com\/noticias\/entre-la-conquista-que-celebra-diaz-canel-y-las-aulas-sin-libros-el-contraste-que-desnuda-la-crisis-educativa-cubana\/#article","isPartOf":{"@id":"https:\/\/www.cuballama.com\/noticias\/entre-la-conquista-que-celebra-diaz-canel-y-las-aulas-sin-libros-el-contraste-que-desnuda-la-crisis-educativa-cubana\/"},"author":{"name":"Roberto A.","@id":"https:\/\/www.cuballama.com\/noticias\/#\/schema\/person\/a58502ed4146c8e9f83872e897c76cd2"},"headline":"Entre la \u00abconquista\u00bb que celebra D\u00edaz-Canel y las aulas sin libros: el contraste que desnuda la crisis educativa cubana","datePublished":"2026-09-04T19:35:41+00:00","dateModified":"2026-09-04T19:35:47+00:00","mainEntityOfPage":{"@id":"https:\/\/www.cuballama.com\/noticias\/entre-la-conquista-que-celebra-diaz-canel-y-las-aulas-sin-libros-el-contraste-que-desnuda-la-crisis-educativa-cubana\/"},"wordCount":822,"commentCount":0,"publisher":{"@id":"https:\/\/www.cuballama.com\/noticias\/#organization"},"image":{"@id":"https:\/\/www.cuballama.com\/noticias\/entre-la-conquista-que-celebra-diaz-canel-y-las-aulas-sin-libros-el-contraste-que-desnuda-la-crisis-educativa-cubana\/#primaryimage"},"thumbnailUrl":"https:\/\/cdn1.mediawpaccore.net\/wp-content\/uploads\/2026\/09\/02101836\/image-1.png","keywords":["Cuba","curso escolar 2026-2027","David Cu","educaci\u00f3n en Cuba","escasez en Cuba","escuelas cubanas","estudiantes cubanos","Miguel D\u00edaz-Canel","Naima Trujillo","uniformes escolares"],"articleSection":["Noticias","Noticias de Cuba"],"inLanguage":"es","potentialAction":[{"@type":"CommentAction","name":"Comment","target":["https:\/\/www.cuballama.com\/noticias\/entre-la-conquista-que-celebra-diaz-canel-y-las-aulas-sin-libros-el-contraste-que-desnuda-la-crisis-educativa-cubana\/#respond"]}]},{"@type":"WebPage","@id":"https:\/\/www.cuballama.com\/noticias\/entre-la-conquista-que-celebra-diaz-canel-y-las-aulas-sin-libros-el-contraste-que-desnuda-la-crisis-educativa-cubana\/","url":"https:\/\/www.cuballama.com\/noticias\/entre-la-conquista-que-celebra-diaz-canel-y-las-aulas-sin-libros-el-contraste-que-desnuda-la-crisis-educativa-cubana\/","name":"Entre la \"conquista\" que celebra D\u00edaz-Canel y las aulas sin libros: el contraste que desnuda la crisis educativa cubana - Cuballama Noticias","isPartOf":{"@id":"https:\/\/www.cuballama.com\/noticias\/#website"},"primaryImageOfPage":{"@id":"https:\/\/www.cuballama.com\/noticias\/entre-la-conquista-que-celebra-diaz-canel-y-las-aulas-sin-libros-el-contraste-que-desnuda-la-crisis-educativa-cubana\/#primaryimage"},"image":{"@id":"https:\/\/www.cuballama.com\/noticias\/entre-la-conquista-que-celebra-diaz-canel-y-las-aulas-sin-libros-el-contraste-que-desnuda-la-crisis-educativa-cubana\/#primaryimage"},"thumbnailUrl":"https:\/\/cdn1.mediawpaccore.net\/wp-content\/uploads\/2026\/09\/02101836\/image-1.png","datePublished":"2026-09-04T19:35:41+00:00","dateModified":"2026-09-04T19:35:47+00:00","description":"Padres cubanos respondieron a un periodista que mostr\u00f3 los libros nuevos de su hija con denuncias de escasez al comenzar el curso escolar.","breadcrumb":{"@id":"https:\/\/www.cuballama.com\/noticias\/entre-la-conquista-que-celebra-diaz-canel-y-las-aulas-sin-libros-el-contraste-que-desnuda-la-crisis-educativa-cubana\/#breadcrumb"},"inLanguage":"es","potentialAction":[{"@type":"ReadAction","target":["https:\/\/www.cuballama.com\/noticias\/entre-la-conquista-que-celebra-diaz-canel-y-las-aulas-sin-libros-el-contraste-que-desnuda-la-crisis-educativa-cubana\/"]}]},{"@type":"ImageObject","inLanguage":"es","@id":"https:\/\/www.cuballama.com\/noticias\/entre-la-conquista-que-celebra-diaz-canel-y-las-aulas-sin-libros-el-contraste-que-desnuda-la-crisis-educativa-cubana\/#primaryimage","url":"https:\/\/cdn1.mediawpaccore.net\/wp-content\/uploads\/2026\/09\/02101836\/image-1.png","contentUrl":"https:\/\/cdn1.mediawpaccore.net\/wp-content\/uploads\/2026\/09\/02101836\/image-1.png","width":1020,"height":536,"caption":"Foto: Generada por la IA"},{"@type":"BreadcrumbList","@id":"https:\/\/www.cuballama.com\/noticias\/entre-la-conquista-que-celebra-diaz-canel-y-las-aulas-sin-libros-el-contraste-que-desnuda-la-crisis-educativa-cubana\/#breadcrumb","itemListElement":[{"@type":"ListItem","position":1,"name":"Home","item":"https:\/\/www.cuballama.com\/noticias\/"},{"@type":"ListItem","position":2,"name":"Entre la \u00abconquista\u00bb que celebra D\u00edaz-Canel y las aulas sin libros: el contraste que desnuda la crisis educativa cubana"}]},{"@type":"WebSite","@id":"https:\/\/www.cuballama.com\/noticias\/#website","url":"https:\/\/www.cuballama.com\/noticias\/","name":"Cuballama Noticias","description":"Medio digital sobre Cuba y el mundo","publisher":{"@id":"https:\/\/www.cuballama.com\/noticias\/#organization"},"potentialAction":[{"@type":"SearchAction","target":{"@type":"EntryPoint","urlTemplate":"https:\/\/www.cuballama.com\/noticias\/?s={search_term_string}"},"query-input":{"@type":"PropertyValueSpecification","valueRequired":true,"valueName":"search_term_string"}}],"inLanguage":"es"},{"@type":"Organization","@id":"https:\/\/www.cuballama.com\/noticias\/#organization","name":"Cuballama","url":"https:\/\/www.cuballama.com\/noticias\/","logo":{"@type":"ImageObject","inLanguage":"es","@id":"https:\/\/www.cuballama.com\/noticias\/#\/schema\/logo\/image\/","url":"https:\/\/cdn1.mediawpaccore.net\/wp-content\/uploads\/2021\/12\/28171206\/cbll-logo-color-sm.png","contentUrl":"https:\/\/cdn1.mediawpaccore.net\/wp-content\/uploads\/2021\/12\/28171206\/cbll-logo-color-sm.png","width":600,"height":133,"caption":"Cuballama"},"image":{"@id":"https:\/\/www.cuballama.com\/noticias\/#\/schema\/logo\/image\/"},"sameAs":["https:\/\/www.facebook.com\/CubaLlama","https:\/\/x.com\/cuballama","https:\/\/www.instagram.com\/stories\/cuballama_oficial\/","https:\/\/www.youtube.com\/channel\/UCKkFE-d_axENGZcrc4as0IA"]},{"@type":"Person","@id":"https:\/\/www.cuballama.com\/noticias\/#\/schema\/person\/a58502ed4146c8e9f83872e897c76cd2","name":"Roberto A.","description":"Roberto A. Periodista por decisi\u00f3n propia. Interesado en cualquier tema que me apasione y cada vez m\u00e1s comprometido con la verdad y la objetividad period\u00edstica. Graduado en La Habana hace ya muchos a\u00f1os, luego de una accidentada y polvorienta b\u00fasqueda de informaci\u00f3n sobre un tema in\u00e9dito. La Tesis, por cierto, desapareci\u00f3 de la biblioteca y no se conservan copias de la misma.","url":"https:\/\/www.cuballama.com\/noticias\/author\/roberto\/"}]}},"_links":{"self":[{"href":"https:\/\/www.cuballama.com\/noticias\/wp-json\/wp\/v2\/posts\/255801","targetHints":{"allow":["GET"]}}],"collection":[{"href":"https:\/\/www.cuballama.com\/noticias\/wp-json\/wp\/v2\/posts"}],"about":[{"href":"https:\/\/www.cuballama.com\/noticias\/wp-json\/wp\/v2\/types\/post"}],"author":[{"embeddable":true,"href":"https:\/\/www.cuballama.com\/noticias\/wp-json\/wp\/v2\/users\/13"}],"replies":[{"embeddable":true,"href":"https:\/\/www.cuballama.com\/noticias\/wp-json\/wp\/v2\/comments?post=255801"}],"version-history":[{"count":3,"href":"https:\/\/www.cuballama.com\/noticias\/wp-json\/wp\/v2\/posts\/255801\/revisions"}],"predecessor-version":[{"id":255818,"href":"https:\/\/www.cuballama.com\/noticias\/wp-json\/wp\/v2\/posts\/255801\/revisions\/255818"}],"wp:featuredmedia":[{"embeddable":true,"href":"https:\/\/www.cuballama.com\/noticias\/wp-json\/wp\/v2\/media\/255817"}],"wp:attachment":[{"href":"https:\/\/www.cuballama.com\/noticias\/wp-json\/wp\/v2\/media?parent=255801"}],"wp:term":[{"taxonomy":"category","embeddable":true,"href":"https:\/\/www.cuballama.com\/noticias\/wp-json\/wp\/v2\/categories?post=255801"},{"taxonomy":"post_tag","embeddable":true,"href":"https:\/\/www.cuballama.com\/noticias\/wp-json\/wp\/v2\/tags?post=255801"}],"curies":[{"name":"wp","href":"https:\/\/api.w.org\/{rel}","templated":true}]}}