{"id":255788,"date":"2026-09-04T15:30:36","date_gmt":"2026-09-04T19:30:36","guid":{"rendered":"https:\/\/www.cuballama.com\/noticias\/?p=255788"},"modified":"2026-09-04T15:30:41","modified_gmt":"2026-09-04T19:30:41","slug":"creadora-de-contenido-cubana-sofii-magdaleno-denuncia-apagones-y-falta-de-agua-en-guanabo","status":"publish","type":"post","link":"https:\/\/www.cuballama.com\/noticias\/creadora-de-contenido-cubana-sofii-magdaleno-denuncia-apagones-y-falta-de-agua-en-guanabo\/","title":{"rendered":"Creadora de contenido cubana Sofii Magdaleno denuncia apagones y falta de agua en Guanabo"},"content":{"rendered":"\n<h2 class=\"wp-block-heading\">La creadora de contenido Sofii Magdaleno expresa su indignaci\u00f3n en un video viral tras sufrir prolongados cortes de electricidad y agua en Guanabo, mientras las cifras oficiales confirman el peor d\u00e9ficit energ\u00e9tico del a\u00f1o.<\/h2>\n\n\n\n<p class=\"wp-block-paragraph\">La creadora de contenido cubana Sofii Magdaleno hizo un llamado a la atenci\u00f3n p\u00fablica tras sufrir m\u00e1s de dos d\u00edas sin electricidad y agua en Guanabo, Habana del Este. Su video, viral, refleja el descontento de muchos cubanos justo en la semana del regreso a clases.<\/p>\n\n\n\n<p class=\"wp-block-paragraph\">Magdaleno, residente de Guanabo, grab\u00f3 un video en Facebook usando la poca bater\u00eda que le quedaba en su tel\u00e9fono tras m\u00e1s de 48 horas sin electricidad. En \u00e9l lanza una pregunta que resume el hartazgo de buena parte de la poblaci\u00f3n: \u00ab\u00bfHasta cu\u00e1ndo el pueblo va a seguir aguantando?\u00bb. El video super\u00f3 las 15,600 visualizaciones en poco tiempo, evidencia de que su frustraci\u00f3n es compartida por muchos. <\/p>\n\n\n\n<p class=\"wp-block-paragraph\">Magdaleno no solo denuncia la duraci\u00f3n de los apagones, sino su car\u00e1cter err\u00e1tico: \u00abDesde antier que quitaron la corriente, la vinieron a poner hoy y a los 20 minutos la quitaron\u00bb, relata, describiendo un patr\u00f3n de cortes que hace casi imposible planificar cualquier actividad dom\u00e9stica \u2014desde cocinar hasta cargar un tel\u00e9fono para pedir ayuda\u2014. En su video tambi\u00e9n cuestiona la decisi\u00f3n del gobierno de mantener el inicio del curso escolar pese a estas condiciones, un reclamo que conecta directamente con las denuncias de miles de familias en toda la isla durante esta misma semana.<\/p>\n\n\n\n<iframe loading=\"lazy\" src=\"https:\/\/www.facebook.com\/plugins\/video.php?height=476&#038;href=https%3A%2F%2Fwww.facebook.com%2Freel%2F1777568713590241%2F&#038;show_text=false&#038;width=267&#038;t=0\" width=\"267\" height=\"476\" style=\"border:none;overflow:hidden\" scrolling=\"no\" frameborder=\"0\" allowfullscreen=\"true\" allow=\"autoplay; clipboard-write; encrypted-media; picture-in-picture; web-share\" allowFullScreen=\"true\"><\/iframe>\n\n\n\n<p class=\"wp-block-paragraph\">El testimonio de Magdaleno no es un caso aislado ni exagerado: coincide con los datos oficiales de la Uni\u00f3n El\u00e9ctrica, que report\u00f3 que el 1 de septiembre \u2014el mismo d\u00eda del inicio de clases\u2014 el sistema gener\u00f3 apenas 960 MW frente a una demanda de 2,910 MW, un d\u00e9ficit que ronda el 67% de la capacidad necesaria. La propia ministra de Educaci\u00f3n reconoci\u00f3 que el inicio del curso escolar hab\u00eda sido \u00abdram\u00e1tico\u00bb, una admisi\u00f3n inusual dentro del discurso oficial.<\/p>\n\n\n\n<p class=\"wp-block-paragraph\">Desde abril, los cortes de electricidad han afectado directamente el funcionamiento de las bombas que distribuyen el agua potable, generando una crisis h\u00eddrica paralela a la energ\u00e9tica. En julio, m\u00e1s de 500,000 personas solo en La Habana se vieron afectadas por la falta de agua; en agosto, una aver\u00eda en la infraestructura hidr\u00e1ulica dej\u00f3 a seis municipios sin suministro de forma simult\u00e1nea. Los comentarios bajo el video de Magdaleno reflejan la magnitud del problema en otras zonas: \u00abnosotros llevamos tres meses sin agua\u00bb, escribi\u00f3 un usuario; otro cuestion\u00f3 directamente la narrativa oficial: \u00ab\u00bfqu\u00e9 escuela est\u00e1n hablando en esas condiciones?\u00bb.<\/p>\n\n\n\n<p class=\"wp-block-paragraph\">El gobierno cubano atribuye la crisis energ\u00e9tica al embargo estadounidense y a lo que llama un \u00abcerco petrolero\u00bb. Sin embargo, diversos expertos en energ\u00eda han se\u00f1alado reiteradamente que la falta de inversi\u00f3n sostenida en la red el\u00e9ctrica nacional y el deterioro acumulado de plantas termoel\u00e9ctricas obsoletas son las causas estructurales del colapso, independientemente de las sanciones. Hasta el momento, no se han anunciado soluciones de corto plazo, dejando a la poblaci\u00f3n \u2014como Magdaleno\u2014 en un estado de incertidumbre prolongada.<\/p>\n\n\n\n<p class=\"wp-block-paragraph\"><strong>[FUENTES INICIALES]<\/strong><\/p>\n\n\n\n<ul class=\"wp-block-list\">\n<li>Telegram: <a href=\"https:\/\/t.me\/cibercuba\/140120\">https:\/\/t.me\/cibercuba\/140120<\/a><\/li>\n<\/ul>\n\n\n\n<p class=\"wp-block-paragraph\"><\/p>\n","protected":false},"excerpt":{"rendered":"<p>Sofii Magdaleno, joven residente en Guanabo, denunci\u00f3 en un video la desesperaci\u00f3n de miles de cubanos que enfrentan d\u00edas sin servicios b\u00e1sicos. Su testimonio, respaldado por cifras oficiales de la Uni\u00f3n El\u00e9ctrica, refleja un descontento creciente ante una crisis energ\u00e9tica e h\u00eddrica sin soluci\u00f3n a la vista.<\/p>\n","protected":false},"author":13,"featured_media":255829,"comment_status":"open","ping_status":"closed","sticky":false,"template":"","format":"standard","meta":{"_acf_changed":false,"footnotes":""},"categories":[18,955],"tags":[1146,6231,34256,23922,11,2864,1820,17026,5963,37808],"class_list":["post-255788","post","type-post","status-publish","format-standard","has-post-thumbnail","category-noticias","category-noticias-de-cuba","tag-apagones","tag-crisis-energetica","tag-crisis-hidrica","tag-crisis-social","tag-cuba","tag-derechos-humanos","tag-descontento","tag-falta-de-agua","tag-guanabo","tag-sofii-magdaleno"],"acf":[],"yoast_head":"<!-- This site is optimized with the Yoast SEO plugin v28.3 - https:\/\/yoast.com\/product\/yoast-seo-wordpress\/ -->\n<title>Creadora de contenido cubana Sofii Magdaleno denuncia apagones y falta de agua en Guanabo - Cuballama Noticias<\/title>\n<meta name=\"description\" content=\"Sofii Magdaleno denuncia en un video la crisis de apagones y falta de agua en Cuba, cuestionando hasta cu\u00e1ndo el pueblo soportar\u00e1 esta situaci\u00f3n.\" \/>\n<meta name=\"robots\" content=\"index, follow, max-snippet:-1, max-image-preview:large, max-video-preview:-1\" \/>\n<link rel=\"canonical\" href=\"https:\/\/www.cuballama.com\/noticias\/creadora-de-contenido-cubana-sofii-magdaleno-denuncia-apagones-y-falta-de-agua-en-guanabo\/\" \/>\n<meta property=\"og:locale\" content=\"es_ES\" \/>\n<meta property=\"og:type\" content=\"article\" \/>\n<meta property=\"og:title\" content=\"Creadora de contenido cubana Sofii Magdaleno denuncia apagones y falta de agua en Guanabo - Cuballama Noticias\" \/>\n<meta property=\"og:description\" content=\"Sofii Magdaleno denuncia en un video la crisis de apagones y falta de agua en Cuba, cuestionando hasta cu\u00e1ndo el pueblo soportar\u00e1 esta situaci\u00f3n.\" \/>\n<meta property=\"og:url\" content=\"https:\/\/www.cuballama.com\/noticias\/creadora-de-contenido-cubana-sofii-magdaleno-denuncia-apagones-y-falta-de-agua-en-guanabo\/\" \/>\n<meta property=\"og:site_name\" content=\"Cuballama Noticias\" \/>\n<meta property=\"article:publisher\" content=\"https:\/\/www.facebook.com\/CubaLlama\" \/>\n<meta property=\"article:published_time\" content=\"2026-09-04T19:30:36+00:00\" \/>\n<meta property=\"article:modified_time\" content=\"2026-09-04T19:30:41+00:00\" \/>\n<meta property=\"og:image\" content=\"https:\/\/cdn1.mediawpaccore.net\/wp-content\/uploads\/2026\/09\/02104107\/image-4.png\" \/>\n\t<meta property=\"og:image:width\" content=\"990\" \/>\n\t<meta property=\"og:image:height\" content=\"530\" \/>\n\t<meta property=\"og:image:type\" content=\"image\/png\" \/>\n<meta name=\"author\" content=\"Roberto A.\" \/>\n<meta name=\"twitter:card\" content=\"summary_large_image\" \/>\n<meta name=\"twitter:creator\" content=\"@cuballama\" \/>\n<meta name=\"twitter:site\" content=\"@cuballama\" \/>\n<meta name=\"twitter:label1\" content=\"Escrito por\" \/>\n\t<meta name=\"twitter:data1\" content=\"Roberto A.\" \/>\n\t<meta name=\"twitter:label2\" content=\"Tiempo de lectura\" \/>\n\t<meta name=\"twitter:data2\" content=\"3 minutos\" \/>\n<script type=\"application\/ld+json\" class=\"yoast-schema-graph\">{\"@context\":\"https:\\\/\\\/schema.org\",\"@graph\":[{\"@type\":\"Article\",\"@id\":\"https:\\\/\\\/www.cuballama.com\\\/noticias\\\/creadora-de-contenido-cubana-sofii-magdaleno-denuncia-apagones-y-falta-de-agua-en-guanabo\\\/#article\",\"isPartOf\":{\"@id\":\"https:\\\/\\\/www.cuballama.com\\\/noticias\\\/creadora-de-contenido-cubana-sofii-magdaleno-denuncia-apagones-y-falta-de-agua-en-guanabo\\\/\"},\"author\":{\"name\":\"Roberto A.\",\"@id\":\"https:\\\/\\\/www.cuballama.com\\\/noticias\\\/#\\\/schema\\\/person\\\/a58502ed4146c8e9f83872e897c76cd2\"},\"headline\":\"Creadora de contenido cubana Sofii Magdaleno denuncia apagones y falta de agua en Guanabo\",\"datePublished\":\"2026-09-04T19:30:36+00:00\",\"dateModified\":\"2026-09-04T19:30:41+00:00\",\"mainEntityOfPage\":{\"@id\":\"https:\\\/\\\/www.cuballama.com\\\/noticias\\\/creadora-de-contenido-cubana-sofii-magdaleno-denuncia-apagones-y-falta-de-agua-en-guanabo\\\/\"},\"wordCount\":555,\"commentCount\":0,\"publisher\":{\"@id\":\"https:\\\/\\\/www.cuballama.com\\\/noticias\\\/#organization\"},\"image\":{\"@id\":\"https:\\\/\\\/www.cuballama.com\\\/noticias\\\/creadora-de-contenido-cubana-sofii-magdaleno-denuncia-apagones-y-falta-de-agua-en-guanabo\\\/#primaryimage\"},\"thumbnailUrl\":\"https:\\\/\\\/cdn1.mediawpaccore.net\\\/wp-content\\\/uploads\\\/2026\\\/09\\\/02104107\\\/image-4.png\",\"keywords\":[\"Apagones\",\"Crisis energ\u00e9tica\",\"crisis h\u00eddrica\",\"crisis social\",\"Cuba\",\"derechos humanos\",\"descontento\",\"Falta de agua\",\"Guanabo\",\"Sofii Magdaleno\"],\"articleSection\":[\"Noticias\",\"Noticias de Cuba\"],\"inLanguage\":\"es\",\"potentialAction\":[{\"@type\":\"CommentAction\",\"name\":\"Comment\",\"target\":[\"https:\\\/\\\/www.cuballama.com\\\/noticias\\\/creadora-de-contenido-cubana-sofii-magdaleno-denuncia-apagones-y-falta-de-agua-en-guanabo\\\/#respond\"]}]},{\"@type\":\"WebPage\",\"@id\":\"https:\\\/\\\/www.cuballama.com\\\/noticias\\\/creadora-de-contenido-cubana-sofii-magdaleno-denuncia-apagones-y-falta-de-agua-en-guanabo\\\/\",\"url\":\"https:\\\/\\\/www.cuballama.com\\\/noticias\\\/creadora-de-contenido-cubana-sofii-magdaleno-denuncia-apagones-y-falta-de-agua-en-guanabo\\\/\",\"name\":\"Creadora de contenido cubana Sofii Magdaleno denuncia apagones y falta de agua en Guanabo - Cuballama Noticias\",\"isPartOf\":{\"@id\":\"https:\\\/\\\/www.cuballama.com\\\/noticias\\\/#website\"},\"primaryImageOfPage\":{\"@id\":\"https:\\\/\\\/www.cuballama.com\\\/noticias\\\/creadora-de-contenido-cubana-sofii-magdaleno-denuncia-apagones-y-falta-de-agua-en-guanabo\\\/#primaryimage\"},\"image\":{\"@id\":\"https:\\\/\\\/www.cuballama.com\\\/noticias\\\/creadora-de-contenido-cubana-sofii-magdaleno-denuncia-apagones-y-falta-de-agua-en-guanabo\\\/#primaryimage\"},\"thumbnailUrl\":\"https:\\\/\\\/cdn1.mediawpaccore.net\\\/wp-content\\\/uploads\\\/2026\\\/09\\\/02104107\\\/image-4.png\",\"datePublished\":\"2026-09-04T19:30:36+00:00\",\"dateModified\":\"2026-09-04T19:30:41+00:00\",\"description\":\"Sofii Magdaleno denuncia en un video la crisis de apagones y falta de agua en Cuba, cuestionando hasta cu\u00e1ndo el pueblo soportar\u00e1 esta situaci\u00f3n.\",\"breadcrumb\":{\"@id\":\"https:\\\/\\\/www.cuballama.com\\\/noticias\\\/creadora-de-contenido-cubana-sofii-magdaleno-denuncia-apagones-y-falta-de-agua-en-guanabo\\\/#breadcrumb\"},\"inLanguage\":\"es\",\"potentialAction\":[{\"@type\":\"ReadAction\",\"target\":[\"https:\\\/\\\/www.cuballama.com\\\/noticias\\\/creadora-de-contenido-cubana-sofii-magdaleno-denuncia-apagones-y-falta-de-agua-en-guanabo\\\/\"]}]},{\"@type\":\"ImageObject\",\"inLanguage\":\"es\",\"@id\":\"https:\\\/\\\/www.cuballama.com\\\/noticias\\\/creadora-de-contenido-cubana-sofii-magdaleno-denuncia-apagones-y-falta-de-agua-en-guanabo\\\/#primaryimage\",\"url\":\"https:\\\/\\\/cdn1.mediawpaccore.net\\\/wp-content\\\/uploads\\\/2026\\\/09\\\/02104107\\\/image-4.png\",\"contentUrl\":\"https:\\\/\\\/cdn1.mediawpaccore.net\\\/wp-content\\\/uploads\\\/2026\\\/09\\\/02104107\\\/image-4.png\",\"width\":990,\"height\":530,\"caption\":\"La creadora de contenido cubana Sofii Magdaleno. Foto: Video Screenshot (mejorada con la IA)\"},{\"@type\":\"BreadcrumbList\",\"@id\":\"https:\\\/\\\/www.cuballama.com\\\/noticias\\\/creadora-de-contenido-cubana-sofii-magdaleno-denuncia-apagones-y-falta-de-agua-en-guanabo\\\/#breadcrumb\",\"itemListElement\":[{\"@type\":\"ListItem\",\"position\":1,\"name\":\"Home\",\"item\":\"https:\\\/\\\/www.cuballama.com\\\/noticias\\\/\"},{\"@type\":\"ListItem\",\"position\":2,\"name\":\"Creadora de contenido cubana Sofii Magdaleno denuncia apagones y falta de agua en Guanabo\"}]},{\"@type\":\"WebSite\",\"@id\":\"https:\\\/\\\/www.cuballama.com\\\/noticias\\\/#website\",\"url\":\"https:\\\/\\\/www.cuballama.com\\\/noticias\\\/\",\"name\":\"Cuballama Noticias\",\"description\":\"Medio digital sobre Cuba y el mundo\",\"publisher\":{\"@id\":\"https:\\\/\\\/www.cuballama.com\\\/noticias\\\/#organization\"},\"potentialAction\":[{\"@type\":\"SearchAction\",\"target\":{\"@type\":\"EntryPoint\",\"urlTemplate\":\"https:\\\/\\\/www.cuballama.com\\\/noticias\\\/?s={search_term_string}\"},\"query-input\":{\"@type\":\"PropertyValueSpecification\",\"valueRequired\":true,\"valueName\":\"search_term_string\"}}],\"inLanguage\":\"es\"},{\"@type\":\"Organization\",\"@id\":\"https:\\\/\\\/www.cuballama.com\\\/noticias\\\/#organization\",\"name\":\"Cuballama\",\"url\":\"https:\\\/\\\/www.cuballama.com\\\/noticias\\\/\",\"logo\":{\"@type\":\"ImageObject\",\"inLanguage\":\"es\",\"@id\":\"https:\\\/\\\/www.cuballama.com\\\/noticias\\\/#\\\/schema\\\/logo\\\/image\\\/\",\"url\":\"https:\\\/\\\/cdn1.mediawpaccore.net\\\/wp-content\\\/uploads\\\/2021\\\/12\\\/28171206\\\/cbll-logo-color-sm.png\",\"contentUrl\":\"https:\\\/\\\/cdn1.mediawpaccore.net\\\/wp-content\\\/uploads\\\/2021\\\/12\\\/28171206\\\/cbll-logo-color-sm.png\",\"width\":600,\"height\":133,\"caption\":\"Cuballama\"},\"image\":{\"@id\":\"https:\\\/\\\/www.cuballama.com\\\/noticias\\\/#\\\/schema\\\/logo\\\/image\\\/\"},\"sameAs\":[\"https:\\\/\\\/www.facebook.com\\\/CubaLlama\",\"https:\\\/\\\/x.com\\\/cuballama\",\"https:\\\/\\\/www.instagram.com\\\/stories\\\/cuballama_oficial\\\/\",\"https:\\\/\\\/www.youtube.com\\\/channel\\\/UCKkFE-d_axENGZcrc4as0IA\"]},{\"@type\":\"Person\",\"@id\":\"https:\\\/\\\/www.cuballama.com\\\/noticias\\\/#\\\/schema\\\/person\\\/a58502ed4146c8e9f83872e897c76cd2\",\"name\":\"Roberto A.\",\"description\":\"Roberto A. Periodista por decisi\u00f3n propia. Interesado en cualquier tema que me apasione y cada vez m\u00e1s comprometido con la verdad y la objetividad period\u00edstica. Graduado en La Habana hace ya muchos a\u00f1os, luego de una accidentada y polvorienta b\u00fasqueda de informaci\u00f3n sobre un tema in\u00e9dito. La Tesis, por cierto, desapareci\u00f3 de la biblioteca y no se conservan copias de la misma.\",\"url\":\"https:\\\/\\\/www.cuballama.com\\\/noticias\\\/author\\\/roberto\\\/\"}]}<\/script>\n<!-- \/ Yoast SEO plugin. -->","yoast_head_json":{"title":"Creadora de contenido cubana Sofii Magdaleno denuncia apagones y falta de agua en Guanabo - Cuballama Noticias","description":"Sofii Magdaleno denuncia en un video la crisis de apagones y falta de agua en Cuba, cuestionando hasta cu\u00e1ndo el pueblo soportar\u00e1 esta situaci\u00f3n.","robots":{"index":"index","follow":"follow","max-snippet":"max-snippet:-1","max-image-preview":"max-image-preview:large","max-video-preview":"max-video-preview:-1"},"canonical":"https:\/\/www.cuballama.com\/noticias\/creadora-de-contenido-cubana-sofii-magdaleno-denuncia-apagones-y-falta-de-agua-en-guanabo\/","og_locale":"es_ES","og_type":"article","og_title":"Creadora de contenido cubana Sofii Magdaleno denuncia apagones y falta de agua en Guanabo - Cuballama Noticias","og_description":"Sofii Magdaleno denuncia en un video la crisis de apagones y falta de agua en Cuba, cuestionando hasta cu\u00e1ndo el pueblo soportar\u00e1 esta situaci\u00f3n.","og_url":"https:\/\/www.cuballama.com\/noticias\/creadora-de-contenido-cubana-sofii-magdaleno-denuncia-apagones-y-falta-de-agua-en-guanabo\/","og_site_name":"Cuballama Noticias","article_publisher":"https:\/\/www.facebook.com\/CubaLlama","article_published_time":"2026-09-04T19:30:36+00:00","article_modified_time":"2026-09-04T19:30:41+00:00","og_image":[{"width":990,"height":530,"url":"https:\/\/cdn1.mediawpaccore.net\/wp-content\/uploads\/2026\/09\/02104107\/image-4.png","type":"image\/png"}],"author":"Roberto A.","twitter_card":"summary_large_image","twitter_creator":"@cuballama","twitter_site":"@cuballama","twitter_misc":{"Escrito por":"Roberto A.","Tiempo de lectura":"3 minutos"},"schema":{"@context":"https:\/\/schema.org","@graph":[{"@type":"Article","@id":"https:\/\/www.cuballama.com\/noticias\/creadora-de-contenido-cubana-sofii-magdaleno-denuncia-apagones-y-falta-de-agua-en-guanabo\/#article","isPartOf":{"@id":"https:\/\/www.cuballama.com\/noticias\/creadora-de-contenido-cubana-sofii-magdaleno-denuncia-apagones-y-falta-de-agua-en-guanabo\/"},"author":{"name":"Roberto A.","@id":"https:\/\/www.cuballama.com\/noticias\/#\/schema\/person\/a58502ed4146c8e9f83872e897c76cd2"},"headline":"Creadora de contenido cubana Sofii Magdaleno denuncia apagones y falta de agua en Guanabo","datePublished":"2026-09-04T19:30:36+00:00","dateModified":"2026-09-04T19:30:41+00:00","mainEntityOfPage":{"@id":"https:\/\/www.cuballama.com\/noticias\/creadora-de-contenido-cubana-sofii-magdaleno-denuncia-apagones-y-falta-de-agua-en-guanabo\/"},"wordCount":555,"commentCount":0,"publisher":{"@id":"https:\/\/www.cuballama.com\/noticias\/#organization"},"image":{"@id":"https:\/\/www.cuballama.com\/noticias\/creadora-de-contenido-cubana-sofii-magdaleno-denuncia-apagones-y-falta-de-agua-en-guanabo\/#primaryimage"},"thumbnailUrl":"https:\/\/cdn1.mediawpaccore.net\/wp-content\/uploads\/2026\/09\/02104107\/image-4.png","keywords":["Apagones","Crisis energ\u00e9tica","crisis h\u00eddrica","crisis social","Cuba","derechos humanos","descontento","Falta de agua","Guanabo","Sofii Magdaleno"],"articleSection":["Noticias","Noticias de Cuba"],"inLanguage":"es","potentialAction":[{"@type":"CommentAction","name":"Comment","target":["https:\/\/www.cuballama.com\/noticias\/creadora-de-contenido-cubana-sofii-magdaleno-denuncia-apagones-y-falta-de-agua-en-guanabo\/#respond"]}]},{"@type":"WebPage","@id":"https:\/\/www.cuballama.com\/noticias\/creadora-de-contenido-cubana-sofii-magdaleno-denuncia-apagones-y-falta-de-agua-en-guanabo\/","url":"https:\/\/www.cuballama.com\/noticias\/creadora-de-contenido-cubana-sofii-magdaleno-denuncia-apagones-y-falta-de-agua-en-guanabo\/","name":"Creadora de contenido cubana Sofii Magdaleno denuncia apagones y falta de agua en Guanabo - Cuballama Noticias","isPartOf":{"@id":"https:\/\/www.cuballama.com\/noticias\/#website"},"primaryImageOfPage":{"@id":"https:\/\/www.cuballama.com\/noticias\/creadora-de-contenido-cubana-sofii-magdaleno-denuncia-apagones-y-falta-de-agua-en-guanabo\/#primaryimage"},"image":{"@id":"https:\/\/www.cuballama.com\/noticias\/creadora-de-contenido-cubana-sofii-magdaleno-denuncia-apagones-y-falta-de-agua-en-guanabo\/#primaryimage"},"thumbnailUrl":"https:\/\/cdn1.mediawpaccore.net\/wp-content\/uploads\/2026\/09\/02104107\/image-4.png","datePublished":"2026-09-04T19:30:36+00:00","dateModified":"2026-09-04T19:30:41+00:00","description":"Sofii Magdaleno denuncia en un video la crisis de apagones y falta de agua en Cuba, cuestionando hasta cu\u00e1ndo el pueblo soportar\u00e1 esta situaci\u00f3n.","breadcrumb":{"@id":"https:\/\/www.cuballama.com\/noticias\/creadora-de-contenido-cubana-sofii-magdaleno-denuncia-apagones-y-falta-de-agua-en-guanabo\/#breadcrumb"},"inLanguage":"es","potentialAction":[{"@type":"ReadAction","target":["https:\/\/www.cuballama.com\/noticias\/creadora-de-contenido-cubana-sofii-magdaleno-denuncia-apagones-y-falta-de-agua-en-guanabo\/"]}]},{"@type":"ImageObject","inLanguage":"es","@id":"https:\/\/www.cuballama.com\/noticias\/creadora-de-contenido-cubana-sofii-magdaleno-denuncia-apagones-y-falta-de-agua-en-guanabo\/#primaryimage","url":"https:\/\/cdn1.mediawpaccore.net\/wp-content\/uploads\/2026\/09\/02104107\/image-4.png","contentUrl":"https:\/\/cdn1.mediawpaccore.net\/wp-content\/uploads\/2026\/09\/02104107\/image-4.png","width":990,"height":530,"caption":"La creadora de contenido cubana Sofii Magdaleno. Foto: Video Screenshot (mejorada con la IA)"},{"@type":"BreadcrumbList","@id":"https:\/\/www.cuballama.com\/noticias\/creadora-de-contenido-cubana-sofii-magdaleno-denuncia-apagones-y-falta-de-agua-en-guanabo\/#breadcrumb","itemListElement":[{"@type":"ListItem","position":1,"name":"Home","item":"https:\/\/www.cuballama.com\/noticias\/"},{"@type":"ListItem","position":2,"name":"Creadora de contenido cubana Sofii Magdaleno denuncia apagones y falta de agua en Guanabo"}]},{"@type":"WebSite","@id":"https:\/\/www.cuballama.com\/noticias\/#website","url":"https:\/\/www.cuballama.com\/noticias\/","name":"Cuballama Noticias","description":"Medio digital sobre Cuba y el mundo","publisher":{"@id":"https:\/\/www.cuballama.com\/noticias\/#organization"},"potentialAction":[{"@type":"SearchAction","target":{"@type":"EntryPoint","urlTemplate":"https:\/\/www.cuballama.com\/noticias\/?s={search_term_string}"},"query-input":{"@type":"PropertyValueSpecification","valueRequired":true,"valueName":"search_term_string"}}],"inLanguage":"es"},{"@type":"Organization","@id":"https:\/\/www.cuballama.com\/noticias\/#organization","name":"Cuballama","url":"https:\/\/www.cuballama.com\/noticias\/","logo":{"@type":"ImageObject","inLanguage":"es","@id":"https:\/\/www.cuballama.com\/noticias\/#\/schema\/logo\/image\/","url":"https:\/\/cdn1.mediawpaccore.net\/wp-content\/uploads\/2021\/12\/28171206\/cbll-logo-color-sm.png","contentUrl":"https:\/\/cdn1.mediawpaccore.net\/wp-content\/uploads\/2021\/12\/28171206\/cbll-logo-color-sm.png","width":600,"height":133,"caption":"Cuballama"},"image":{"@id":"https:\/\/www.cuballama.com\/noticias\/#\/schema\/logo\/image\/"},"sameAs":["https:\/\/www.facebook.com\/CubaLlama","https:\/\/x.com\/cuballama","https:\/\/www.instagram.com\/stories\/cuballama_oficial\/","https:\/\/www.youtube.com\/channel\/UCKkFE-d_axENGZcrc4as0IA"]},{"@type":"Person","@id":"https:\/\/www.cuballama.com\/noticias\/#\/schema\/person\/a58502ed4146c8e9f83872e897c76cd2","name":"Roberto A.","description":"Roberto A. Periodista por decisi\u00f3n propia. Interesado en cualquier tema que me apasione y cada vez m\u00e1s comprometido con la verdad y la objetividad period\u00edstica. Graduado en La Habana hace ya muchos a\u00f1os, luego de una accidentada y polvorienta b\u00fasqueda de informaci\u00f3n sobre un tema in\u00e9dito. La Tesis, por cierto, desapareci\u00f3 de la biblioteca y no se conservan copias de la misma.","url":"https:\/\/www.cuballama.com\/noticias\/author\/roberto\/"}]}},"_links":{"self":[{"href":"https:\/\/www.cuballama.com\/noticias\/wp-json\/wp\/v2\/posts\/255788","targetHints":{"allow":["GET"]}}],"collection":[{"href":"https:\/\/www.cuballama.com\/noticias\/wp-json\/wp\/v2\/posts"}],"about":[{"href":"https:\/\/www.cuballama.com\/noticias\/wp-json\/wp\/v2\/types\/post"}],"author":[{"embeddable":true,"href":"https:\/\/www.cuballama.com\/noticias\/wp-json\/wp\/v2\/users\/13"}],"replies":[{"embeddable":true,"href":"https:\/\/www.cuballama.com\/noticias\/wp-json\/wp\/v2\/comments?post=255788"}],"version-history":[{"count":3,"href":"https:\/\/www.cuballama.com\/noticias\/wp-json\/wp\/v2\/posts\/255788\/revisions"}],"predecessor-version":[{"id":255830,"href":"https:\/\/www.cuballama.com\/noticias\/wp-json\/wp\/v2\/posts\/255788\/revisions\/255830"}],"wp:featuredmedia":[{"embeddable":true,"href":"https:\/\/www.cuballama.com\/noticias\/wp-json\/wp\/v2\/media\/255829"}],"wp:attachment":[{"href":"https:\/\/www.cuballama.com\/noticias\/wp-json\/wp\/v2\/media?parent=255788"}],"wp:term":[{"taxonomy":"category","embeddable":true,"href":"https:\/\/www.cuballama.com\/noticias\/wp-json\/wp\/v2\/categories?post=255788"},{"taxonomy":"post_tag","embeddable":true,"href":"https:\/\/www.cuballama.com\/noticias\/wp-json\/wp\/v2\/tags?post=255788"}],"curies":[{"name":"wp","href":"https:\/\/api.w.org\/{rel}","templated":true}]}}