{"id":255785,"date":"2026-09-04T15:32:38","date_gmt":"2026-09-04T19:32:38","guid":{"rendered":"https:\/\/www.cuballama.com\/noticias\/?p=255785"},"modified":"2026-09-04T15:32:42","modified_gmt":"2026-09-04T19:32:42","slug":"familia-en-holguin-pide-ayuda-para-joven-con-esquizofrenia-que-vive-encerrada-tras-rejas","status":"publish","type":"post","link":"https:\/\/www.cuballama.com\/noticias\/familia-en-holguin-pide-ayuda-para-joven-con-esquizofrenia-que-vive-encerrada-tras-rejas\/","title":{"rendered":"Familia en Holgu\u00edn pide ayuda para joven con esquizofrenia que vive encerrada tras rejas"},"content":{"rendered":"\n<p class=\"wp-block-paragraph\">Un caso alarmante ha surgido en Velasco, Holgu\u00edn, donde una joven de 26 a\u00f1os con esquizofrenia paranoide vive encerrada en una habitaci\u00f3n con rejas. Su familia ha solicitado ayuda debido a la falta de medicamentos y el abandono institucional que enfrentan. <\/p>\n\n\n\n<p class=\"wp-block-paragraph\"><strong>Trece a\u00f1os con la enfermedad, una familia que envejece sola.<\/strong> <\/p>\n\n\n\n<p class=\"wp-block-paragraph\">Gretel fue diagnosticada con esquizofrenia paranoide a los 13 a\u00f1os. Hoy, con 26, vive encerrada en una habitaci\u00f3n con rejas en Velasco, municipio de Gibara, provincia de Holgu\u00edn. Quienes la cuidan no son profesionales de la salud ni instituciones especializadas: son sus padres, Jacqueline (56) y su esposo (81), quienes desde hace m\u00e1s de una d\u00e9cada sostienen solos el peso de una enfermedad que el sistema de salud p\u00fablica cubano no logra atender. <\/p>\n\n\n\n<p class=\"wp-block-paragraph\">El caso sali\u00f3 a la luz p\u00fablica gracias al activista Noly Blak, quien comparti\u00f3 en Facebook un video que r\u00e1pidamente se volvi\u00f3 viral. En \u00e9l, Jacqueline describe con crudeza el desgaste f\u00edsico y emocional de a\u00f1os de cuidado sin respaldo: \u00abYo mismo me he pasado noches pensando en la comida de la ni\u00f1a que estaba trancada en ese cuarto. \u00bfCon qu\u00e9 le compro alimento? Me he puesto hasta a llorar pensando en eso\u00bb. El video no solo gener\u00f3 indignaci\u00f3n, sino que puso en la conversaci\u00f3n p\u00fablica un problema que muchas familias cubanas viven en silencio.<\/p>\n\n\n\n<p class=\"wp-block-paragraph\">La decisi\u00f3n de acondicionar un espacio con rejas no fue arbitraria: la familia explica que responde a los episodios de violencia que forman parte de las crisis de la joven, y busca proteger tanto a Gretel como a sus padres durante esos momentos. Los medicamentos que recibe \u2014olanzapina y haloperidol\u2014 controlan parcialmente los s\u00edntomas, pero generan efectos secundarios como un apetito dif\u00edcil de satisfacer, justo en un contexto donde conseguir alimentos suficientes ya es, de por s\u00ed, una lucha diaria para cualquier familia cubana.<\/p>\n\n\n\n<p class=\"wp-block-paragraph\"><strong>Asistencia social insuficiente y ausencia de trabajadores sociales.<\/strong><\/p>\n\n\n\n<p class=\"wp-block-paragraph\">Pese a que Gretel recibe asistencia social del Estado, Jacqueline asegura que no alcanza para cubrir sus necesidades. M\u00e1s grave a\u00fan: afirma que no han recibido ni una sola visita de trabajadores sociales, pese a que el propio r\u00e9gimen cubano tiene establecido, al menos sobre el papel, un sistema de asistencia para personas con discapacidad mental. Las autoridades de salud de Holgu\u00edn no se han pronunciado sobre el caso.<\/p>\n\n\n\n<p class=\"wp-block-paragraph\">El caso de Gretel no es aislado. El ministro de Salud P\u00fablica admiti\u00f3 en julio de 2025 que la disponibilidad de medicamentos psiqui\u00e1tricos en el pa\u00eds se encontraba por debajo del 32%, una cifra que ayuda a explicar por qu\u00e9 familias como la de Gretel dependen, en \u00faltima instancia, de la solidaridad informal: en ocasiones anteriores, un m\u00e9dico radicado en Estados Unidos ha enviado medicamentos a la familia, en lo que se ha convertido en una red de apoyo paralela al sistema estatal.<\/p>\n\n\n\n<iframe loading=\"lazy\" src=\"https:\/\/www.facebook.com\/plugins\/video.php?height=314&#038;href=https%3A%2F%2Fwww.facebook.com%2Freel%2F2281023316029308%2F&#038;show_text=true&#038;width=560&#038;t=0\" width=\"560\" height=\"429\" style=\"border:none;overflow:hidden\" scrolling=\"no\" frameborder=\"0\" allowfullscreen=\"true\" allow=\"autoplay; clipboard-write; encrypted-media; picture-in-picture; web-share\" allowFullScreen=\"true\"><\/iframe>\n\n\n\n<p class=\"wp-block-paragraph\"><strong>[FUENTES INICIALES]<\/strong><\/p>\n\n\n\n<ul class=\"wp-block-list\">\n<li>Telegram: <a href=\"https:\/\/t.me\/cibercuba\/140121\">https:\/\/t.me\/cibercuba\/140121<\/a><\/li>\n<\/ul>\n\n\n\n<p class=\"wp-block-paragraph\"><\/p>\n","protected":false},"excerpt":{"rendered":"<p>Gretel, una joven cubana de 26 a\u00f1os diagnosticada con esquizofrenia paranoide, vive encerrada en una habitaci\u00f3n con rejas en su hogar en Velasco, Holgu\u00edn. Su familia ha hecho un llamado urgente por ayuda ante la escasez de medicamentos y el abandono institucional. El caso, visibilizado por el activista Noly Blak, expone una crisis de salud mental que el propio gobierno ha reconocido pero no ha logrado atender.<\/p>\n","protected":false},"author":13,"featured_media":255987,"comment_status":"open","ping_status":"closed","sticky":false,"template":"","format":"standard","meta":{"_acf_changed":false,"footnotes":""},"categories":[18,955],"tags":[23897,24124,23922,11,941,12218,906,13144,3296,29249,9402],"class_list":["post-255785","post","type-post","status-publish","format-standard","has-post-thumbnail","category-noticias","category-noticias-de-cuba","tag-abandono-institucional","tag-asistencia-social","tag-crisis-social","tag-cuba","tag-destacado","tag-esquizofrenia","tag-familia","tag-holguin-2","tag-medicamentos","tag-noly-blak","tag-salud-mental"],"acf":[],"yoast_head":"<!-- This site is optimized with the Yoast SEO plugin v28.3 - https:\/\/yoast.com\/product\/yoast-seo-wordpress\/ -->\n<title>Familia en Holgu\u00edn pide ayuda para joven con esquizofrenia que vive encerrada tras rejas - Cuballama Noticias<\/title>\n<meta name=\"description\" content=\"Familia en Holgu\u00edn pide ayuda para joven con esquizofrenia que vive encerrada tras rejas debido a la falta de medicamentos y de apoyo institucional.\" \/>\n<meta name=\"robots\" content=\"index, follow, max-snippet:-1, max-image-preview:large, max-video-preview:-1\" \/>\n<link rel=\"canonical\" href=\"https:\/\/www.cuballama.com\/noticias\/familia-en-holguin-pide-ayuda-para-joven-con-esquizofrenia-que-vive-encerrada-tras-rejas\/\" \/>\n<meta property=\"og:locale\" content=\"es_ES\" \/>\n<meta property=\"og:type\" content=\"article\" \/>\n<meta property=\"og:title\" content=\"Familia en Holgu\u00edn pide ayuda para joven con esquizofrenia que vive encerrada tras rejas - Cuballama Noticias\" \/>\n<meta property=\"og:description\" content=\"Familia en Holgu\u00edn pide ayuda para joven con esquizofrenia que vive encerrada tras rejas debido a la falta de medicamentos y de apoyo institucional.\" \/>\n<meta property=\"og:url\" content=\"https:\/\/www.cuballama.com\/noticias\/familia-en-holguin-pide-ayuda-para-joven-con-esquizofrenia-que-vive-encerrada-tras-rejas\/\" \/>\n<meta property=\"og:site_name\" content=\"Cuballama Noticias\" \/>\n<meta property=\"article:publisher\" content=\"https:\/\/www.facebook.com\/CubaLlama\" \/>\n<meta property=\"article:published_time\" content=\"2026-09-04T19:32:38+00:00\" \/>\n<meta property=\"article:modified_time\" content=\"2026-09-04T19:32:42+00:00\" \/>\n<meta property=\"og:image\" content=\"https:\/\/cdn1.mediawpaccore.net\/wp-content\/uploads\/2026\/09\/03092130\/image-17.png\" \/>\n\t<meta property=\"og:image:width\" content=\"980\" \/>\n\t<meta property=\"og:image:height\" content=\"520\" \/>\n\t<meta property=\"og:image:type\" content=\"image\/png\" \/>\n<meta name=\"author\" content=\"Roberto A.\" \/>\n<meta name=\"twitter:card\" content=\"summary_large_image\" \/>\n<meta name=\"twitter:creator\" content=\"@cuballama\" \/>\n<meta name=\"twitter:site\" content=\"@cuballama\" \/>\n<meta name=\"twitter:label1\" content=\"Escrito por\" \/>\n\t<meta name=\"twitter:data1\" content=\"Roberto A.\" \/>\n\t<meta name=\"twitter:label2\" content=\"Tiempo de lectura\" \/>\n\t<meta name=\"twitter:data2\" content=\"3 minutos\" \/>\n<script type=\"application\/ld+json\" class=\"yoast-schema-graph\">{\"@context\":\"https:\\\/\\\/schema.org\",\"@graph\":[{\"@type\":\"Article\",\"@id\":\"https:\\\/\\\/www.cuballama.com\\\/noticias\\\/familia-en-holguin-pide-ayuda-para-joven-con-esquizofrenia-que-vive-encerrada-tras-rejas\\\/#article\",\"isPartOf\":{\"@id\":\"https:\\\/\\\/www.cuballama.com\\\/noticias\\\/familia-en-holguin-pide-ayuda-para-joven-con-esquizofrenia-que-vive-encerrada-tras-rejas\\\/\"},\"author\":{\"name\":\"Roberto A.\",\"@id\":\"https:\\\/\\\/www.cuballama.com\\\/noticias\\\/#\\\/schema\\\/person\\\/a58502ed4146c8e9f83872e897c76cd2\"},\"headline\":\"Familia en Holgu\u00edn pide ayuda para joven con esquizofrenia que vive encerrada tras rejas\",\"datePublished\":\"2026-09-04T19:32:38+00:00\",\"dateModified\":\"2026-09-04T19:32:42+00:00\",\"mainEntityOfPage\":{\"@id\":\"https:\\\/\\\/www.cuballama.com\\\/noticias\\\/familia-en-holguin-pide-ayuda-para-joven-con-esquizofrenia-que-vive-encerrada-tras-rejas\\\/\"},\"wordCount\":507,\"commentCount\":0,\"publisher\":{\"@id\":\"https:\\\/\\\/www.cuballama.com\\\/noticias\\\/#organization\"},\"image\":{\"@id\":\"https:\\\/\\\/www.cuballama.com\\\/noticias\\\/familia-en-holguin-pide-ayuda-para-joven-con-esquizofrenia-que-vive-encerrada-tras-rejas\\\/#primaryimage\"},\"thumbnailUrl\":\"https:\\\/\\\/cdn1.mediawpaccore.net\\\/wp-content\\\/uploads\\\/2026\\\/09\\\/03092130\\\/image-17.png\",\"keywords\":[\"abandono institucional\",\"asistencia social\",\"crisis social\",\"Cuba\",\"destacado\",\"Esquizofrenia\",\"familia\",\"Holgu\u00edn\",\"Medicamentos\",\"Noly Blak\",\"salud mental\"],\"articleSection\":[\"Noticias\",\"Noticias de Cuba\"],\"inLanguage\":\"es\",\"potentialAction\":[{\"@type\":\"CommentAction\",\"name\":\"Comment\",\"target\":[\"https:\\\/\\\/www.cuballama.com\\\/noticias\\\/familia-en-holguin-pide-ayuda-para-joven-con-esquizofrenia-que-vive-encerrada-tras-rejas\\\/#respond\"]}]},{\"@type\":\"WebPage\",\"@id\":\"https:\\\/\\\/www.cuballama.com\\\/noticias\\\/familia-en-holguin-pide-ayuda-para-joven-con-esquizofrenia-que-vive-encerrada-tras-rejas\\\/\",\"url\":\"https:\\\/\\\/www.cuballama.com\\\/noticias\\\/familia-en-holguin-pide-ayuda-para-joven-con-esquizofrenia-que-vive-encerrada-tras-rejas\\\/\",\"name\":\"Familia en Holgu\u00edn pide ayuda para joven con esquizofrenia que vive encerrada tras rejas - Cuballama Noticias\",\"isPartOf\":{\"@id\":\"https:\\\/\\\/www.cuballama.com\\\/noticias\\\/#website\"},\"primaryImageOfPage\":{\"@id\":\"https:\\\/\\\/www.cuballama.com\\\/noticias\\\/familia-en-holguin-pide-ayuda-para-joven-con-esquizofrenia-que-vive-encerrada-tras-rejas\\\/#primaryimage\"},\"image\":{\"@id\":\"https:\\\/\\\/www.cuballama.com\\\/noticias\\\/familia-en-holguin-pide-ayuda-para-joven-con-esquizofrenia-que-vive-encerrada-tras-rejas\\\/#primaryimage\"},\"thumbnailUrl\":\"https:\\\/\\\/cdn1.mediawpaccore.net\\\/wp-content\\\/uploads\\\/2026\\\/09\\\/03092130\\\/image-17.png\",\"datePublished\":\"2026-09-04T19:32:38+00:00\",\"dateModified\":\"2026-09-04T19:32:42+00:00\",\"description\":\"Familia en Holgu\u00edn pide ayuda para joven con esquizofrenia que vive encerrada tras rejas debido a la falta de medicamentos y de apoyo institucional.\",\"breadcrumb\":{\"@id\":\"https:\\\/\\\/www.cuballama.com\\\/noticias\\\/familia-en-holguin-pide-ayuda-para-joven-con-esquizofrenia-que-vive-encerrada-tras-rejas\\\/#breadcrumb\"},\"inLanguage\":\"es\",\"potentialAction\":[{\"@type\":\"ReadAction\",\"target\":[\"https:\\\/\\\/www.cuballama.com\\\/noticias\\\/familia-en-holguin-pide-ayuda-para-joven-con-esquizofrenia-que-vive-encerrada-tras-rejas\\\/\"]}]},{\"@type\":\"ImageObject\",\"inLanguage\":\"es\",\"@id\":\"https:\\\/\\\/www.cuballama.com\\\/noticias\\\/familia-en-holguin-pide-ayuda-para-joven-con-esquizofrenia-que-vive-encerrada-tras-rejas\\\/#primaryimage\",\"url\":\"https:\\\/\\\/cdn1.mediawpaccore.net\\\/wp-content\\\/uploads\\\/2026\\\/09\\\/03092130\\\/image-17.png\",\"contentUrl\":\"https:\\\/\\\/cdn1.mediawpaccore.net\\\/wp-content\\\/uploads\\\/2026\\\/09\\\/03092130\\\/image-17.png\",\"width\":980,\"height\":520,\"caption\":\"Foto: Video Screenshot v\u00eda Facebook \\\/ Noly Blak\"},{\"@type\":\"BreadcrumbList\",\"@id\":\"https:\\\/\\\/www.cuballama.com\\\/noticias\\\/familia-en-holguin-pide-ayuda-para-joven-con-esquizofrenia-que-vive-encerrada-tras-rejas\\\/#breadcrumb\",\"itemListElement\":[{\"@type\":\"ListItem\",\"position\":1,\"name\":\"Home\",\"item\":\"https:\\\/\\\/www.cuballama.com\\\/noticias\\\/\"},{\"@type\":\"ListItem\",\"position\":2,\"name\":\"Familia en Holgu\u00edn pide ayuda para joven con esquizofrenia que vive encerrada tras rejas\"}]},{\"@type\":\"WebSite\",\"@id\":\"https:\\\/\\\/www.cuballama.com\\\/noticias\\\/#website\",\"url\":\"https:\\\/\\\/www.cuballama.com\\\/noticias\\\/\",\"name\":\"Cuballama Noticias\",\"description\":\"Medio digital sobre Cuba y el mundo\",\"publisher\":{\"@id\":\"https:\\\/\\\/www.cuballama.com\\\/noticias\\\/#organization\"},\"potentialAction\":[{\"@type\":\"SearchAction\",\"target\":{\"@type\":\"EntryPoint\",\"urlTemplate\":\"https:\\\/\\\/www.cuballama.com\\\/noticias\\\/?s={search_term_string}\"},\"query-input\":{\"@type\":\"PropertyValueSpecification\",\"valueRequired\":true,\"valueName\":\"search_term_string\"}}],\"inLanguage\":\"es\"},{\"@type\":\"Organization\",\"@id\":\"https:\\\/\\\/www.cuballama.com\\\/noticias\\\/#organization\",\"name\":\"Cuballama\",\"url\":\"https:\\\/\\\/www.cuballama.com\\\/noticias\\\/\",\"logo\":{\"@type\":\"ImageObject\",\"inLanguage\":\"es\",\"@id\":\"https:\\\/\\\/www.cuballama.com\\\/noticias\\\/#\\\/schema\\\/logo\\\/image\\\/\",\"url\":\"https:\\\/\\\/cdn1.mediawpaccore.net\\\/wp-content\\\/uploads\\\/2021\\\/12\\\/28171206\\\/cbll-logo-color-sm.png\",\"contentUrl\":\"https:\\\/\\\/cdn1.mediawpaccore.net\\\/wp-content\\\/uploads\\\/2021\\\/12\\\/28171206\\\/cbll-logo-color-sm.png\",\"width\":600,\"height\":133,\"caption\":\"Cuballama\"},\"image\":{\"@id\":\"https:\\\/\\\/www.cuballama.com\\\/noticias\\\/#\\\/schema\\\/logo\\\/image\\\/\"},\"sameAs\":[\"https:\\\/\\\/www.facebook.com\\\/CubaLlama\",\"https:\\\/\\\/x.com\\\/cuballama\",\"https:\\\/\\\/www.instagram.com\\\/stories\\\/cuballama_oficial\\\/\",\"https:\\\/\\\/www.youtube.com\\\/channel\\\/UCKkFE-d_axENGZcrc4as0IA\"]},{\"@type\":\"Person\",\"@id\":\"https:\\\/\\\/www.cuballama.com\\\/noticias\\\/#\\\/schema\\\/person\\\/a58502ed4146c8e9f83872e897c76cd2\",\"name\":\"Roberto A.\",\"description\":\"Roberto A. Periodista por decisi\u00f3n propia. Interesado en cualquier tema que me apasione y cada vez m\u00e1s comprometido con la verdad y la objetividad period\u00edstica. Graduado en La Habana hace ya muchos a\u00f1os, luego de una accidentada y polvorienta b\u00fasqueda de informaci\u00f3n sobre un tema in\u00e9dito. La Tesis, por cierto, desapareci\u00f3 de la biblioteca y no se conservan copias de la misma.\",\"url\":\"https:\\\/\\\/www.cuballama.com\\\/noticias\\\/author\\\/roberto\\\/\"}]}<\/script>\n<!-- \/ Yoast SEO plugin. -->","yoast_head_json":{"title":"Familia en Holgu\u00edn pide ayuda para joven con esquizofrenia que vive encerrada tras rejas - Cuballama Noticias","description":"Familia en Holgu\u00edn pide ayuda para joven con esquizofrenia que vive encerrada tras rejas debido a la falta de medicamentos y de apoyo institucional.","robots":{"index":"index","follow":"follow","max-snippet":"max-snippet:-1","max-image-preview":"max-image-preview:large","max-video-preview":"max-video-preview:-1"},"canonical":"https:\/\/www.cuballama.com\/noticias\/familia-en-holguin-pide-ayuda-para-joven-con-esquizofrenia-que-vive-encerrada-tras-rejas\/","og_locale":"es_ES","og_type":"article","og_title":"Familia en Holgu\u00edn pide ayuda para joven con esquizofrenia que vive encerrada tras rejas - Cuballama Noticias","og_description":"Familia en Holgu\u00edn pide ayuda para joven con esquizofrenia que vive encerrada tras rejas debido a la falta de medicamentos y de apoyo institucional.","og_url":"https:\/\/www.cuballama.com\/noticias\/familia-en-holguin-pide-ayuda-para-joven-con-esquizofrenia-que-vive-encerrada-tras-rejas\/","og_site_name":"Cuballama Noticias","article_publisher":"https:\/\/www.facebook.com\/CubaLlama","article_published_time":"2026-09-04T19:32:38+00:00","article_modified_time":"2026-09-04T19:32:42+00:00","og_image":[{"width":980,"height":520,"url":"https:\/\/cdn1.mediawpaccore.net\/wp-content\/uploads\/2026\/09\/03092130\/image-17.png","type":"image\/png"}],"author":"Roberto A.","twitter_card":"summary_large_image","twitter_creator":"@cuballama","twitter_site":"@cuballama","twitter_misc":{"Escrito por":"Roberto A.","Tiempo de lectura":"3 minutos"},"schema":{"@context":"https:\/\/schema.org","@graph":[{"@type":"Article","@id":"https:\/\/www.cuballama.com\/noticias\/familia-en-holguin-pide-ayuda-para-joven-con-esquizofrenia-que-vive-encerrada-tras-rejas\/#article","isPartOf":{"@id":"https:\/\/www.cuballama.com\/noticias\/familia-en-holguin-pide-ayuda-para-joven-con-esquizofrenia-que-vive-encerrada-tras-rejas\/"},"author":{"name":"Roberto A.","@id":"https:\/\/www.cuballama.com\/noticias\/#\/schema\/person\/a58502ed4146c8e9f83872e897c76cd2"},"headline":"Familia en Holgu\u00edn pide ayuda para joven con esquizofrenia que vive encerrada tras rejas","datePublished":"2026-09-04T19:32:38+00:00","dateModified":"2026-09-04T19:32:42+00:00","mainEntityOfPage":{"@id":"https:\/\/www.cuballama.com\/noticias\/familia-en-holguin-pide-ayuda-para-joven-con-esquizofrenia-que-vive-encerrada-tras-rejas\/"},"wordCount":507,"commentCount":0,"publisher":{"@id":"https:\/\/www.cuballama.com\/noticias\/#organization"},"image":{"@id":"https:\/\/www.cuballama.com\/noticias\/familia-en-holguin-pide-ayuda-para-joven-con-esquizofrenia-que-vive-encerrada-tras-rejas\/#primaryimage"},"thumbnailUrl":"https:\/\/cdn1.mediawpaccore.net\/wp-content\/uploads\/2026\/09\/03092130\/image-17.png","keywords":["abandono institucional","asistencia social","crisis social","Cuba","destacado","Esquizofrenia","familia","Holgu\u00edn","Medicamentos","Noly Blak","salud mental"],"articleSection":["Noticias","Noticias de Cuba"],"inLanguage":"es","potentialAction":[{"@type":"CommentAction","name":"Comment","target":["https:\/\/www.cuballama.com\/noticias\/familia-en-holguin-pide-ayuda-para-joven-con-esquizofrenia-que-vive-encerrada-tras-rejas\/#respond"]}]},{"@type":"WebPage","@id":"https:\/\/www.cuballama.com\/noticias\/familia-en-holguin-pide-ayuda-para-joven-con-esquizofrenia-que-vive-encerrada-tras-rejas\/","url":"https:\/\/www.cuballama.com\/noticias\/familia-en-holguin-pide-ayuda-para-joven-con-esquizofrenia-que-vive-encerrada-tras-rejas\/","name":"Familia en Holgu\u00edn pide ayuda para joven con esquizofrenia que vive encerrada tras rejas - Cuballama Noticias","isPartOf":{"@id":"https:\/\/www.cuballama.com\/noticias\/#website"},"primaryImageOfPage":{"@id":"https:\/\/www.cuballama.com\/noticias\/familia-en-holguin-pide-ayuda-para-joven-con-esquizofrenia-que-vive-encerrada-tras-rejas\/#primaryimage"},"image":{"@id":"https:\/\/www.cuballama.com\/noticias\/familia-en-holguin-pide-ayuda-para-joven-con-esquizofrenia-que-vive-encerrada-tras-rejas\/#primaryimage"},"thumbnailUrl":"https:\/\/cdn1.mediawpaccore.net\/wp-content\/uploads\/2026\/09\/03092130\/image-17.png","datePublished":"2026-09-04T19:32:38+00:00","dateModified":"2026-09-04T19:32:42+00:00","description":"Familia en Holgu\u00edn pide ayuda para joven con esquizofrenia que vive encerrada tras rejas debido a la falta de medicamentos y de apoyo institucional.","breadcrumb":{"@id":"https:\/\/www.cuballama.com\/noticias\/familia-en-holguin-pide-ayuda-para-joven-con-esquizofrenia-que-vive-encerrada-tras-rejas\/#breadcrumb"},"inLanguage":"es","potentialAction":[{"@type":"ReadAction","target":["https:\/\/www.cuballama.com\/noticias\/familia-en-holguin-pide-ayuda-para-joven-con-esquizofrenia-que-vive-encerrada-tras-rejas\/"]}]},{"@type":"ImageObject","inLanguage":"es","@id":"https:\/\/www.cuballama.com\/noticias\/familia-en-holguin-pide-ayuda-para-joven-con-esquizofrenia-que-vive-encerrada-tras-rejas\/#primaryimage","url":"https:\/\/cdn1.mediawpaccore.net\/wp-content\/uploads\/2026\/09\/03092130\/image-17.png","contentUrl":"https:\/\/cdn1.mediawpaccore.net\/wp-content\/uploads\/2026\/09\/03092130\/image-17.png","width":980,"height":520,"caption":"Foto: Video Screenshot v\u00eda Facebook \/ Noly Blak"},{"@type":"BreadcrumbList","@id":"https:\/\/www.cuballama.com\/noticias\/familia-en-holguin-pide-ayuda-para-joven-con-esquizofrenia-que-vive-encerrada-tras-rejas\/#breadcrumb","itemListElement":[{"@type":"ListItem","position":1,"name":"Home","item":"https:\/\/www.cuballama.com\/noticias\/"},{"@type":"ListItem","position":2,"name":"Familia en Holgu\u00edn pide ayuda para joven con esquizofrenia que vive encerrada tras rejas"}]},{"@type":"WebSite","@id":"https:\/\/www.cuballama.com\/noticias\/#website","url":"https:\/\/www.cuballama.com\/noticias\/","name":"Cuballama Noticias","description":"Medio digital sobre Cuba y el mundo","publisher":{"@id":"https:\/\/www.cuballama.com\/noticias\/#organization"},"potentialAction":[{"@type":"SearchAction","target":{"@type":"EntryPoint","urlTemplate":"https:\/\/www.cuballama.com\/noticias\/?s={search_term_string}"},"query-input":{"@type":"PropertyValueSpecification","valueRequired":true,"valueName":"search_term_string"}}],"inLanguage":"es"},{"@type":"Organization","@id":"https:\/\/www.cuballama.com\/noticias\/#organization","name":"Cuballama","url":"https:\/\/www.cuballama.com\/noticias\/","logo":{"@type":"ImageObject","inLanguage":"es","@id":"https:\/\/www.cuballama.com\/noticias\/#\/schema\/logo\/image\/","url":"https:\/\/cdn1.mediawpaccore.net\/wp-content\/uploads\/2021\/12\/28171206\/cbll-logo-color-sm.png","contentUrl":"https:\/\/cdn1.mediawpaccore.net\/wp-content\/uploads\/2021\/12\/28171206\/cbll-logo-color-sm.png","width":600,"height":133,"caption":"Cuballama"},"image":{"@id":"https:\/\/www.cuballama.com\/noticias\/#\/schema\/logo\/image\/"},"sameAs":["https:\/\/www.facebook.com\/CubaLlama","https:\/\/x.com\/cuballama","https:\/\/www.instagram.com\/stories\/cuballama_oficial\/","https:\/\/www.youtube.com\/channel\/UCKkFE-d_axENGZcrc4as0IA"]},{"@type":"Person","@id":"https:\/\/www.cuballama.com\/noticias\/#\/schema\/person\/a58502ed4146c8e9f83872e897c76cd2","name":"Roberto A.","description":"Roberto A. Periodista por decisi\u00f3n propia. Interesado en cualquier tema que me apasione y cada vez m\u00e1s comprometido con la verdad y la objetividad period\u00edstica. Graduado en La Habana hace ya muchos a\u00f1os, luego de una accidentada y polvorienta b\u00fasqueda de informaci\u00f3n sobre un tema in\u00e9dito. La Tesis, por cierto, desapareci\u00f3 de la biblioteca y no se conservan copias de la misma.","url":"https:\/\/www.cuballama.com\/noticias\/author\/roberto\/"}]}},"_links":{"self":[{"href":"https:\/\/www.cuballama.com\/noticias\/wp-json\/wp\/v2\/posts\/255785","targetHints":{"allow":["GET"]}}],"collection":[{"href":"https:\/\/www.cuballama.com\/noticias\/wp-json\/wp\/v2\/posts"}],"about":[{"href":"https:\/\/www.cuballama.com\/noticias\/wp-json\/wp\/v2\/types\/post"}],"author":[{"embeddable":true,"href":"https:\/\/www.cuballama.com\/noticias\/wp-json\/wp\/v2\/users\/13"}],"replies":[{"embeddable":true,"href":"https:\/\/www.cuballama.com\/noticias\/wp-json\/wp\/v2\/comments?post=255785"}],"version-history":[{"count":3,"href":"https:\/\/www.cuballama.com\/noticias\/wp-json\/wp\/v2\/posts\/255785\/revisions"}],"predecessor-version":[{"id":255988,"href":"https:\/\/www.cuballama.com\/noticias\/wp-json\/wp\/v2\/posts\/255785\/revisions\/255988"}],"wp:featuredmedia":[{"embeddable":true,"href":"https:\/\/www.cuballama.com\/noticias\/wp-json\/wp\/v2\/media\/255987"}],"wp:attachment":[{"href":"https:\/\/www.cuballama.com\/noticias\/wp-json\/wp\/v2\/media?parent=255785"}],"wp:term":[{"taxonomy":"category","embeddable":true,"href":"https:\/\/www.cuballama.com\/noticias\/wp-json\/wp\/v2\/categories?post=255785"},{"taxonomy":"post_tag","embeddable":true,"href":"https:\/\/www.cuballama.com\/noticias\/wp-json\/wp\/v2\/tags?post=255785"}],"curies":[{"name":"wp","href":"https:\/\/api.w.org\/{rel}","templated":true}]}}