{"id":255783,"date":"2026-09-06T15:11:21","date_gmt":"2026-09-06T19:11:21","guid":{"rendered":"https:\/\/www.cuballama.com\/noticias\/?p=255783"},"modified":"2026-09-06T15:11:38","modified_gmt":"2026-09-06T19:11:38","slug":"ninos-cubanos-regresan-a-clases-en-medio-de-apagones-y-crisis-economica","status":"publish","type":"post","link":"https:\/\/www.cuballama.com\/noticias\/ninos-cubanos-regresan-a-clases-en-medio-de-apagones-y-crisis-economica\/","title":{"rendered":"Ni\u00f1os cubanos regresan a clases en medio de apagones y crisis econ\u00f3mica"},"content":{"rendered":"\n<h2 class=\"wp-block-heading\">Alrededor de 1.5 millones de estudiantes volvieron a las aulas con horarios flexibilizados y sin garant\u00eda de uniformes, mientras el propio gobierno admite que el reto de este curso es \u00absin precedentes\u00bb.<\/h2>\n\n\n\n<p class=\"wp-block-paragraph\">El regreso a clases se da como muchos otros a\u00f1os recientes: bajo el peso de una crisis energ\u00e9tica que no da tregua. Alrededor de 1.5 millones de ni\u00f1os y adolescentes volvieron a las aulas cubanas esta semana, en medio de apagones que en algunas provincias superan las 20 horas diarias y que han obligado a las autoridades a flexibilizar el funcionamiento del sistema escolar.<\/p>\n\n\n\n<p class=\"wp-block-paragraph\">Ante la imposibilidad de garantizar condiciones normales, las autoridades educativas adoptaron un enfoque m\u00e1s flexible para este nuevo a\u00f1o escolar: se ajustaron los horarios de entrada y salida en zonas con cortes el\u00e9ctricos prolongados, se flexibiliz\u00f3 la exigencia de asistencia presencial diaria y se relajaron las normas sobre el uso del uniforme escolar \u2014una medida que, en la pr\u00e1ctica, reconoce que buena parte de las familias no pudo conseguir uniformes nuevos para sus hijos, seg\u00fan report\u00f3 la agencia Reuters.<\/p>\n\n\n\n<p class=\"wp-block-paragraph\">Para las familias cubanas, el inicio de curso no es solo un evento escolar, sino un ejercicio diario de log\u00edstica en medio de la escasez. Una madre lo resume as\u00ed: \u00abEl inicio escolar nos motiva porque ellos est\u00e1n emocionados a pesar de todas las situaciones que tenemos&#8230; nuevo curso con nuevos maestros, con nuevas asignaturas&#8230; quieren aprender nuevas vivencias\u00bb. Otra madre describe la rutina cotidiana que exige el regreso a clases en medio de los cortes el\u00e9ctricos: \u00abSe hace el esfuerzo, se hace que levantarse temprano, hay que prepararlo, la ropa limpia, hay que buscar el agua para tener la ropa limpia&#8230; y los apagones nada, resolver todo, tratar de resolver\u00bb. La palabra \u00abresolver\u00bb \u2014comod\u00edn del argot cubano para describir el arte de sortear la escasez cotidiana\u2014 resume el estado de \u00e1nimo con el que miles de padres afrontan cada ma\u00f1ana escolar.<\/p>\n\n\n\n<p class=\"wp-block-paragraph\">El propio gobierno cubano reconoci\u00f3 que el regreso a clases representa un desaf\u00edo para su gesti\u00f3n. El sistema escolar, \u00abfamosamente gratuito a nivel nacional\u00bb seg\u00fan lo describen las autoridades, cuenta con solo el 73% de cobertura de docentes \u2014una cifra que coincide con la reportada por el Ministerio de Educaci\u00f3n y que refleja un d\u00e9ficit de miles de plazas sin cubrir en todo el pa\u00eds\u2014. Pese a ello, el discurso oficial insiste en enmarcar la situaci\u00f3n como una muestra de resistencia nacional: \u00abSabemos del bloqueo genocida, del cerco petrolero que intenta asfixiarnos, de los apagones que nos obligan a reinventarnos cada d\u00eda, de las carencias materiales que golpean nuestras aulas, nuestras casas, pero tambi\u00e9n sabemos que el pueblo cubano no se rinde. La educaci\u00f3n en Cuba no se negocia\u00bb, declar\u00f3 un funcionario citado en el reporte. <\/p>\n\n\n\n<p class=\"wp-block-paragraph\">El regreso a clases de este a\u00f1o no puede entenderse sin el precedente inmediato: el ciclo escolar 2025-2026 tuvo que cerrarse antes de lo previsto, en junio, debido al agravamiento de las sanciones econ\u00f3micas y la profundizaci\u00f3n de la crisis en la isla. Ese cierre anticipado dej\u00f3 a muchos estudiantes con programas de estudio incompletos, y el nuevo curso arranca sin que se hayan resuelto ninguno de los problemas estructurales que provocaron el cierre prematuro: ni la escasez de electricidad, ni el d\u00e9ficit de personal docente, ni la falta de materiales escolares.<\/p>\n\n\n\n<figure class=\"wp-block-embed is-type-video is-provider-youtube wp-block-embed-youtube wp-embed-aspect-9-16 wp-has-aspect-ratio\"><div class=\"wp-block-embed__wrapper\">\n<div class=\"youtube-embed\" data-video_id=\"\"><iframe loading=\"lazy\" title=\"Ni\u00f1os cubanos regresan a clases en medio de apagones y crisis econ\u00f3mica\" width=\"563\" height=\"1000\" src=\"https:\/\/www.youtube.com\/embed\/WyGP3G4hqeE?feature=oembed&#038;enablejsapi=1\" frameborder=\"0\" allow=\"accelerometer; autoplay; clipboard-write; encrypted-media; gyroscope; picture-in-picture; web-share\" referrerpolicy=\"strict-origin-when-cross-origin\" allowfullscreen><\/iframe><\/div>\n<\/div><\/figure>\n\n\n\n<p class=\"wp-block-paragraph\"><strong>Fuente original:<\/strong> <a href=\"https:\/\/www.youtube.com\/shorts\/WyGP3G4hqeE\">CNN en Espa\u00f1ol<\/a><\/p>\n\n\n\n<p class=\"wp-block-paragraph\"><br><\/p>\n","protected":false},"excerpt":{"rendered":"<p>El regreso a clases de este a\u00f1o no puede entenderse sin el precedente inmediato: el ciclo escolar 2025-2026 tuvo que cerrarse antes de lo previsto, en junio, debido al agravamiento de las sanciones econ\u00f3micas y la profundizaci\u00f3n de la crisis en la isla. <\/p>\n","protected":false},"author":13,"featured_media":255811,"comment_status":"open","ping_status":"closed","sticky":false,"template":"","format":"standard","meta":{"_acf_changed":false,"footnotes":""},"categories":[18,955],"tags":[1146,6019,6354,6231,11,37804,37807,20750,26837],"class_list":["post-255783","post","type-post","status-publish","format-standard","has-post-thumbnail","category-noticias","category-noticias-de-cuba","tag-cnn-en-espanol","tag-crisis-economica","tag-crisis-energetica","tag-cuba","tag-curso-escolar-2026-2027","tag-deficit-de-docentes","tag-educacion-2","tag-regreso-a-clases"],"acf":[],"yoast_head":"<!-- This site is optimized with the Yoast SEO plugin v28.3 - https:\/\/yoast.com\/product\/yoast-seo-wordpress\/ -->\n<title>Ni\u00f1os cubanos regresan a clases en medio de apagones y crisis econ\u00f3mica - Cuballama Noticias<\/title>\n<meta name=\"description\" content=\"Alrededor de 1.5 millones de ni\u00f1os y adolescentes volvieron a las aulas cubanas esta semana, en medio de apagones\" \/>\n<meta name=\"robots\" content=\"index, follow, max-snippet:-1, max-image-preview:large, max-video-preview:-1\" \/>\n<link rel=\"canonical\" href=\"https:\/\/www.cuballama.com\/noticias\/ninos-cubanos-regresan-a-clases-en-medio-de-apagones-y-crisis-economica\/\" \/>\n<meta property=\"og:locale\" content=\"es_ES\" \/>\n<meta property=\"og:type\" content=\"article\" \/>\n<meta property=\"og:title\" content=\"Ni\u00f1os cubanos regresan a clases en medio de apagones y crisis econ\u00f3mica - Cuballama Noticias\" \/>\n<meta property=\"og:description\" content=\"Alrededor de 1.5 millones de ni\u00f1os y adolescentes volvieron a las aulas cubanas esta semana, en medio de apagones\" \/>\n<meta property=\"og:url\" content=\"https:\/\/www.cuballama.com\/noticias\/ninos-cubanos-regresan-a-clases-en-medio-de-apagones-y-crisis-economica\/\" \/>\n<meta property=\"og:site_name\" content=\"Cuballama Noticias\" \/>\n<meta property=\"article:publisher\" content=\"https:\/\/www.facebook.com\/CubaLlama\" \/>\n<meta property=\"article:published_time\" content=\"2026-09-06T19:11:21+00:00\" \/>\n<meta property=\"article:modified_time\" content=\"2026-09-06T19:11:38+00:00\" \/>\n<meta property=\"og:image\" content=\"https:\/\/cdn1.mediawpaccore.net\/wp-content\/uploads\/2026\/09\/02101430\/image.png\" \/>\n\t<meta property=\"og:image:width\" content=\"1024\" \/>\n\t<meta property=\"og:image:height\" content=\"538\" \/>\n\t<meta property=\"og:image:type\" content=\"image\/png\" \/>\n<meta name=\"author\" content=\"Roberto A.\" \/>\n<meta name=\"twitter:card\" content=\"summary_large_image\" \/>\n<meta name=\"twitter:creator\" content=\"@cuballama\" \/>\n<meta name=\"twitter:site\" content=\"@cuballama\" \/>\n<meta name=\"twitter:label1\" content=\"Escrito por\" \/>\n\t<meta name=\"twitter:data1\" content=\"Roberto A.\" \/>\n\t<meta name=\"twitter:label2\" content=\"Tiempo de lectura\" \/>\n\t<meta name=\"twitter:data2\" content=\"3 minutos\" \/>\n<script type=\"application\/ld+json\" class=\"yoast-schema-graph\">{\"@context\":\"https:\\\/\\\/schema.org\",\"@graph\":[{\"@type\":\"Article\",\"@id\":\"https:\\\/\\\/www.cuballama.com\\\/noticias\\\/ninos-cubanos-regresan-a-clases-en-medio-de-apagones-y-crisis-economica\\\/#article\",\"isPartOf\":{\"@id\":\"https:\\\/\\\/www.cuballama.com\\\/noticias\\\/ninos-cubanos-regresan-a-clases-en-medio-de-apagones-y-crisis-economica\\\/\"},\"author\":{\"name\":\"Roberto A.\",\"@id\":\"https:\\\/\\\/www.cuballama.com\\\/noticias\\\/#\\\/schema\\\/person\\\/a58502ed4146c8e9f83872e897c76cd2\"},\"headline\":\"Ni\u00f1os cubanos regresan a clases en medio de apagones y crisis econ\u00f3mica\",\"datePublished\":\"2026-09-06T19:11:21+00:00\",\"dateModified\":\"2026-09-06T19:11:38+00:00\",\"mainEntityOfPage\":{\"@id\":\"https:\\\/\\\/www.cuballama.com\\\/noticias\\\/ninos-cubanos-regresan-a-clases-en-medio-de-apagones-y-crisis-economica\\\/\"},\"wordCount\":597,\"commentCount\":0,\"publisher\":{\"@id\":\"https:\\\/\\\/www.cuballama.com\\\/noticias\\\/#organization\"},\"image\":{\"@id\":\"https:\\\/\\\/www.cuballama.com\\\/noticias\\\/ninos-cubanos-regresan-a-clases-en-medio-de-apagones-y-crisis-economica\\\/#primaryimage\"},\"thumbnailUrl\":\"https:\\\/\\\/cdn1.mediawpaccore.net\\\/wp-content\\\/uploads\\\/2026\\\/09\\\/02101430\\\/image.png\",\"keywords\":[\"Apagones\",\"CNN en espa\u00f1ol\",\"crisis econ\u00f3mica\",\"Crisis energ\u00e9tica\",\"Cuba\",\"curso escolar 2026-2027\",\"d\u00e9ficit de docentes\",\"Educaci\u00f3n\",\"regreso a clases\"],\"articleSection\":[\"Noticias\",\"Noticias de Cuba\"],\"inLanguage\":\"es\",\"potentialAction\":[{\"@type\":\"CommentAction\",\"name\":\"Comment\",\"target\":[\"https:\\\/\\\/www.cuballama.com\\\/noticias\\\/ninos-cubanos-regresan-a-clases-en-medio-de-apagones-y-crisis-economica\\\/#respond\"]}]},{\"@type\":\"WebPage\",\"@id\":\"https:\\\/\\\/www.cuballama.com\\\/noticias\\\/ninos-cubanos-regresan-a-clases-en-medio-de-apagones-y-crisis-economica\\\/\",\"url\":\"https:\\\/\\\/www.cuballama.com\\\/noticias\\\/ninos-cubanos-regresan-a-clases-en-medio-de-apagones-y-crisis-economica\\\/\",\"name\":\"Ni\u00f1os cubanos regresan a clases en medio de apagones y crisis econ\u00f3mica - Cuballama Noticias\",\"isPartOf\":{\"@id\":\"https:\\\/\\\/www.cuballama.com\\\/noticias\\\/#website\"},\"primaryImageOfPage\":{\"@id\":\"https:\\\/\\\/www.cuballama.com\\\/noticias\\\/ninos-cubanos-regresan-a-clases-en-medio-de-apagones-y-crisis-economica\\\/#primaryimage\"},\"image\":{\"@id\":\"https:\\\/\\\/www.cuballama.com\\\/noticias\\\/ninos-cubanos-regresan-a-clases-en-medio-de-apagones-y-crisis-economica\\\/#primaryimage\"},\"thumbnailUrl\":\"https:\\\/\\\/cdn1.mediawpaccore.net\\\/wp-content\\\/uploads\\\/2026\\\/09\\\/02101430\\\/image.png\",\"datePublished\":\"2026-09-06T19:11:21+00:00\",\"dateModified\":\"2026-09-06T19:11:38+00:00\",\"description\":\"Alrededor de 1.5 millones de ni\u00f1os y adolescentes volvieron a las aulas cubanas esta semana, en medio de apagones\",\"breadcrumb\":{\"@id\":\"https:\\\/\\\/www.cuballama.com\\\/noticias\\\/ninos-cubanos-regresan-a-clases-en-medio-de-apagones-y-crisis-economica\\\/#breadcrumb\"},\"inLanguage\":\"es\",\"potentialAction\":[{\"@type\":\"ReadAction\",\"target\":[\"https:\\\/\\\/www.cuballama.com\\\/noticias\\\/ninos-cubanos-regresan-a-clases-en-medio-de-apagones-y-crisis-economica\\\/\"]}]},{\"@type\":\"ImageObject\",\"inLanguage\":\"es\",\"@id\":\"https:\\\/\\\/www.cuballama.com\\\/noticias\\\/ninos-cubanos-regresan-a-clases-en-medio-de-apagones-y-crisis-economica\\\/#primaryimage\",\"url\":\"https:\\\/\\\/cdn1.mediawpaccore.net\\\/wp-content\\\/uploads\\\/2026\\\/09\\\/02101430\\\/image.png\",\"contentUrl\":\"https:\\\/\\\/cdn1.mediawpaccore.net\\\/wp-content\\\/uploads\\\/2026\\\/09\\\/02101430\\\/image.png\",\"width\":1024,\"height\":538,\"caption\":\"Foto: Generada por la IA\"},{\"@type\":\"BreadcrumbList\",\"@id\":\"https:\\\/\\\/www.cuballama.com\\\/noticias\\\/ninos-cubanos-regresan-a-clases-en-medio-de-apagones-y-crisis-economica\\\/#breadcrumb\",\"itemListElement\":[{\"@type\":\"ListItem\",\"position\":1,\"name\":\"Home\",\"item\":\"https:\\\/\\\/www.cuballama.com\\\/noticias\\\/\"},{\"@type\":\"ListItem\",\"position\":2,\"name\":\"Ni\u00f1os cubanos regresan a clases en medio de apagones y crisis econ\u00f3mica\"}]},{\"@type\":\"WebSite\",\"@id\":\"https:\\\/\\\/www.cuballama.com\\\/noticias\\\/#website\",\"url\":\"https:\\\/\\\/www.cuballama.com\\\/noticias\\\/\",\"name\":\"Cuballama Noticias\",\"description\":\"Medio digital sobre Cuba y el mundo\",\"publisher\":{\"@id\":\"https:\\\/\\\/www.cuballama.com\\\/noticias\\\/#organization\"},\"potentialAction\":[{\"@type\":\"SearchAction\",\"target\":{\"@type\":\"EntryPoint\",\"urlTemplate\":\"https:\\\/\\\/www.cuballama.com\\\/noticias\\\/?s={search_term_string}\"},\"query-input\":{\"@type\":\"PropertyValueSpecification\",\"valueRequired\":true,\"valueName\":\"search_term_string\"}}],\"inLanguage\":\"es\"},{\"@type\":\"Organization\",\"@id\":\"https:\\\/\\\/www.cuballama.com\\\/noticias\\\/#organization\",\"name\":\"Cuballama\",\"url\":\"https:\\\/\\\/www.cuballama.com\\\/noticias\\\/\",\"logo\":{\"@type\":\"ImageObject\",\"inLanguage\":\"es\",\"@id\":\"https:\\\/\\\/www.cuballama.com\\\/noticias\\\/#\\\/schema\\\/logo\\\/image\\\/\",\"url\":\"https:\\\/\\\/cdn1.mediawpaccore.net\\\/wp-content\\\/uploads\\\/2021\\\/12\\\/28171206\\\/cbll-logo-color-sm.png\",\"contentUrl\":\"https:\\\/\\\/cdn1.mediawpaccore.net\\\/wp-content\\\/uploads\\\/2021\\\/12\\\/28171206\\\/cbll-logo-color-sm.png\",\"width\":600,\"height\":133,\"caption\":\"Cuballama\"},\"image\":{\"@id\":\"https:\\\/\\\/www.cuballama.com\\\/noticias\\\/#\\\/schema\\\/logo\\\/image\\\/\"},\"sameAs\":[\"https:\\\/\\\/www.facebook.com\\\/CubaLlama\",\"https:\\\/\\\/x.com\\\/cuballama\",\"https:\\\/\\\/www.instagram.com\\\/stories\\\/cuballama_oficial\\\/\",\"https:\\\/\\\/www.youtube.com\\\/channel\\\/UCKkFE-d_axENGZcrc4as0IA\"]},{\"@type\":\"Person\",\"@id\":\"https:\\\/\\\/www.cuballama.com\\\/noticias\\\/#\\\/schema\\\/person\\\/a58502ed4146c8e9f83872e897c76cd2\",\"name\":\"Roberto A.\",\"description\":\"Roberto A. Periodista por decisi\u00f3n propia. Interesado en cualquier tema que me apasione y cada vez m\u00e1s comprometido con la verdad y la objetividad period\u00edstica. Graduado en La Habana hace ya muchos a\u00f1os, luego de una accidentada y polvorienta b\u00fasqueda de informaci\u00f3n sobre un tema in\u00e9dito. La Tesis, por cierto, desapareci\u00f3 de la biblioteca y no se conservan copias de la misma.\",\"url\":\"https:\\\/\\\/www.cuballama.com\\\/noticias\\\/author\\\/roberto\\\/\"}]}<\/script>\n<!-- \/ Yoast SEO plugin. -->","yoast_head_json":{"title":"Ni\u00f1os cubanos regresan a clases en medio de apagones y crisis econ\u00f3mica - Cuballama Noticias","description":"Alrededor de 1.5 millones de ni\u00f1os y adolescentes volvieron a las aulas cubanas esta semana, en medio de apagones","robots":{"index":"index","follow":"follow","max-snippet":"max-snippet:-1","max-image-preview":"max-image-preview:large","max-video-preview":"max-video-preview:-1"},"canonical":"https:\/\/www.cuballama.com\/noticias\/ninos-cubanos-regresan-a-clases-en-medio-de-apagones-y-crisis-economica\/","og_locale":"es_ES","og_type":"article","og_title":"Ni\u00f1os cubanos regresan a clases en medio de apagones y crisis econ\u00f3mica - Cuballama Noticias","og_description":"Alrededor de 1.5 millones de ni\u00f1os y adolescentes volvieron a las aulas cubanas esta semana, en medio de apagones","og_url":"https:\/\/www.cuballama.com\/noticias\/ninos-cubanos-regresan-a-clases-en-medio-de-apagones-y-crisis-economica\/","og_site_name":"Cuballama Noticias","article_publisher":"https:\/\/www.facebook.com\/CubaLlama","article_published_time":"2026-09-06T19:11:21+00:00","article_modified_time":"2026-09-06T19:11:38+00:00","og_image":[{"width":1024,"height":538,"url":"https:\/\/cdn1.mediawpaccore.net\/wp-content\/uploads\/2026\/09\/02101430\/image.png","type":"image\/png"}],"author":"Roberto A.","twitter_card":"summary_large_image","twitter_creator":"@cuballama","twitter_site":"@cuballama","twitter_misc":{"Escrito por":"Roberto A.","Tiempo de lectura":"3 minutos"},"schema":{"@context":"https:\/\/schema.org","@graph":[{"@type":"Article","@id":"https:\/\/www.cuballama.com\/noticias\/ninos-cubanos-regresan-a-clases-en-medio-de-apagones-y-crisis-economica\/#article","isPartOf":{"@id":"https:\/\/www.cuballama.com\/noticias\/ninos-cubanos-regresan-a-clases-en-medio-de-apagones-y-crisis-economica\/"},"author":{"name":"Roberto A.","@id":"https:\/\/www.cuballama.com\/noticias\/#\/schema\/person\/a58502ed4146c8e9f83872e897c76cd2"},"headline":"Ni\u00f1os cubanos regresan a clases en medio de apagones y crisis econ\u00f3mica","datePublished":"2026-09-06T19:11:21+00:00","dateModified":"2026-09-06T19:11:38+00:00","mainEntityOfPage":{"@id":"https:\/\/www.cuballama.com\/noticias\/ninos-cubanos-regresan-a-clases-en-medio-de-apagones-y-crisis-economica\/"},"wordCount":597,"commentCount":0,"publisher":{"@id":"https:\/\/www.cuballama.com\/noticias\/#organization"},"image":{"@id":"https:\/\/www.cuballama.com\/noticias\/ninos-cubanos-regresan-a-clases-en-medio-de-apagones-y-crisis-economica\/#primaryimage"},"thumbnailUrl":"https:\/\/cdn1.mediawpaccore.net\/wp-content\/uploads\/2026\/09\/02101430\/image.png","keywords":["Apagones","CNN en espa\u00f1ol","crisis econ\u00f3mica","Crisis energ\u00e9tica","Cuba","curso escolar 2026-2027","d\u00e9ficit de docentes","Educaci\u00f3n","regreso a clases"],"articleSection":["Noticias","Noticias de Cuba"],"inLanguage":"es","potentialAction":[{"@type":"CommentAction","name":"Comment","target":["https:\/\/www.cuballama.com\/noticias\/ninos-cubanos-regresan-a-clases-en-medio-de-apagones-y-crisis-economica\/#respond"]}]},{"@type":"WebPage","@id":"https:\/\/www.cuballama.com\/noticias\/ninos-cubanos-regresan-a-clases-en-medio-de-apagones-y-crisis-economica\/","url":"https:\/\/www.cuballama.com\/noticias\/ninos-cubanos-regresan-a-clases-en-medio-de-apagones-y-crisis-economica\/","name":"Ni\u00f1os cubanos regresan a clases en medio de apagones y crisis econ\u00f3mica - Cuballama Noticias","isPartOf":{"@id":"https:\/\/www.cuballama.com\/noticias\/#website"},"primaryImageOfPage":{"@id":"https:\/\/www.cuballama.com\/noticias\/ninos-cubanos-regresan-a-clases-en-medio-de-apagones-y-crisis-economica\/#primaryimage"},"image":{"@id":"https:\/\/www.cuballama.com\/noticias\/ninos-cubanos-regresan-a-clases-en-medio-de-apagones-y-crisis-economica\/#primaryimage"},"thumbnailUrl":"https:\/\/cdn1.mediawpaccore.net\/wp-content\/uploads\/2026\/09\/02101430\/image.png","datePublished":"2026-09-06T19:11:21+00:00","dateModified":"2026-09-06T19:11:38+00:00","description":"Alrededor de 1.5 millones de ni\u00f1os y adolescentes volvieron a las aulas cubanas esta semana, en medio de apagones","breadcrumb":{"@id":"https:\/\/www.cuballama.com\/noticias\/ninos-cubanos-regresan-a-clases-en-medio-de-apagones-y-crisis-economica\/#breadcrumb"},"inLanguage":"es","potentialAction":[{"@type":"ReadAction","target":["https:\/\/www.cuballama.com\/noticias\/ninos-cubanos-regresan-a-clases-en-medio-de-apagones-y-crisis-economica\/"]}]},{"@type":"ImageObject","inLanguage":"es","@id":"https:\/\/www.cuballama.com\/noticias\/ninos-cubanos-regresan-a-clases-en-medio-de-apagones-y-crisis-economica\/#primaryimage","url":"https:\/\/cdn1.mediawpaccore.net\/wp-content\/uploads\/2026\/09\/02101430\/image.png","contentUrl":"https:\/\/cdn1.mediawpaccore.net\/wp-content\/uploads\/2026\/09\/02101430\/image.png","width":1024,"height":538,"caption":"Foto: Generada por la IA"},{"@type":"BreadcrumbList","@id":"https:\/\/www.cuballama.com\/noticias\/ninos-cubanos-regresan-a-clases-en-medio-de-apagones-y-crisis-economica\/#breadcrumb","itemListElement":[{"@type":"ListItem","position":1,"name":"Home","item":"https:\/\/www.cuballama.com\/noticias\/"},{"@type":"ListItem","position":2,"name":"Ni\u00f1os cubanos regresan a clases en medio de apagones y crisis econ\u00f3mica"}]},{"@type":"WebSite","@id":"https:\/\/www.cuballama.com\/noticias\/#website","url":"https:\/\/www.cuballama.com\/noticias\/","name":"Cuballama Noticias","description":"Medio digital sobre Cuba y el mundo","publisher":{"@id":"https:\/\/www.cuballama.com\/noticias\/#organization"},"potentialAction":[{"@type":"SearchAction","target":{"@type":"EntryPoint","urlTemplate":"https:\/\/www.cuballama.com\/noticias\/?s={search_term_string}"},"query-input":{"@type":"PropertyValueSpecification","valueRequired":true,"valueName":"search_term_string"}}],"inLanguage":"es"},{"@type":"Organization","@id":"https:\/\/www.cuballama.com\/noticias\/#organization","name":"Cuballama","url":"https:\/\/www.cuballama.com\/noticias\/","logo":{"@type":"ImageObject","inLanguage":"es","@id":"https:\/\/www.cuballama.com\/noticias\/#\/schema\/logo\/image\/","url":"https:\/\/cdn1.mediawpaccore.net\/wp-content\/uploads\/2021\/12\/28171206\/cbll-logo-color-sm.png","contentUrl":"https:\/\/cdn1.mediawpaccore.net\/wp-content\/uploads\/2021\/12\/28171206\/cbll-logo-color-sm.png","width":600,"height":133,"caption":"Cuballama"},"image":{"@id":"https:\/\/www.cuballama.com\/noticias\/#\/schema\/logo\/image\/"},"sameAs":["https:\/\/www.facebook.com\/CubaLlama","https:\/\/x.com\/cuballama","https:\/\/www.instagram.com\/stories\/cuballama_oficial\/","https:\/\/www.youtube.com\/channel\/UCKkFE-d_axENGZcrc4as0IA"]},{"@type":"Person","@id":"https:\/\/www.cuballama.com\/noticias\/#\/schema\/person\/a58502ed4146c8e9f83872e897c76cd2","name":"Roberto A.","description":"Roberto A. Periodista por decisi\u00f3n propia. Interesado en cualquier tema que me apasione y cada vez m\u00e1s comprometido con la verdad y la objetividad period\u00edstica. Graduado en La Habana hace ya muchos a\u00f1os, luego de una accidentada y polvorienta b\u00fasqueda de informaci\u00f3n sobre un tema in\u00e9dito. La Tesis, por cierto, desapareci\u00f3 de la biblioteca y no se conservan copias de la misma.","url":"https:\/\/www.cuballama.com\/noticias\/author\/roberto\/"}]}},"_links":{"self":[{"href":"https:\/\/www.cuballama.com\/noticias\/wp-json\/wp\/v2\/posts\/255783","targetHints":{"allow":["GET"]}}],"collection":[{"href":"https:\/\/www.cuballama.com\/noticias\/wp-json\/wp\/v2\/posts"}],"about":[{"href":"https:\/\/www.cuballama.com\/noticias\/wp-json\/wp\/v2\/types\/post"}],"author":[{"embeddable":true,"href":"https:\/\/www.cuballama.com\/noticias\/wp-json\/wp\/v2\/users\/13"}],"replies":[{"embeddable":true,"href":"https:\/\/www.cuballama.com\/noticias\/wp-json\/wp\/v2\/comments?post=255783"}],"version-history":[{"count":3,"href":"https:\/\/www.cuballama.com\/noticias\/wp-json\/wp\/v2\/posts\/255783\/revisions"}],"predecessor-version":[{"id":255816,"href":"https:\/\/www.cuballama.com\/noticias\/wp-json\/wp\/v2\/posts\/255783\/revisions\/255816"}],"wp:featuredmedia":[{"embeddable":true,"href":"https:\/\/www.cuballama.com\/noticias\/wp-json\/wp\/v2\/media\/255811"}],"wp:attachment":[{"href":"https:\/\/www.cuballama.com\/noticias\/wp-json\/wp\/v2\/media?parent=255783"}],"wp:term":[{"taxonomy":"category","embeddable":true,"href":"https:\/\/www.cuballama.com\/noticias\/wp-json\/wp\/v2\/categories?post=255783"},{"taxonomy":"post_tag","embeddable":true,"href":"https:\/\/www.cuballama.com\/noticias\/wp-json\/wp\/v2\/tags?post=255783"}],"curies":[{"name":"wp","href":"https:\/\/api.w.org\/{rel}","templated":true}]}}