{"id":255778,"date":"2026-09-02T12:29:33","date_gmt":"2026-09-02T16:29:33","guid":{"rendered":"https:\/\/www.cuballama.com\/noticias\/?p=255778"},"modified":"2026-09-02T12:29:35","modified_gmt":"2026-09-02T16:29:35","slug":"italiano-desaparecido-en-cuba-la-familia-denuncia-el-desamparo-de-la-embajada","status":"publish","type":"post","link":"https:\/\/www.cuballama.com\/noticias\/italiano-desaparecido-en-cuba-la-familia-denuncia-el-desamparo-de-la-embajada\/","title":{"rendered":"Italiano desaparecido en Cuba: la familia denuncia el desamparo de la embajada"},"content":{"rendered":"\n<h3 class=\"wp-block-heading\">Desaparece en Cuba el italiano Maurizio Cappato; su familia denuncia falta de respuesta de la embajada. La hija de Cappato contrasta la inacci\u00f3n de las autoridades consulares con la rapidez con que se movilizaron por el caso de Di Battista.<\/h3>\n\n\n\n<p class=\"wp-block-paragraph\">Maurizio Cappato, ciudadano italiano que viaj\u00f3 a Cuba por razones personales, no ha sido visto desde hace varios d\u00edas. Su hija denunci\u00f3 en medios italianos (La Repubblica e Il Gazzettino) la falta de respuesta de la embajada de Italia en La Habana, comparando la inacci\u00f3n en este caso con la r\u00e1pida movilizaci\u00f3n consular que recibi\u00f3 el expol\u00edtico Alessandro Di Battista durante su propia estancia en la isla. La informaci\u00f3n requiere verificaci\u00f3n adicional, incluida la fecha real de los hechos.<\/p>\n\n\n\n<p class=\"wp-block-paragraph\">La desaparici\u00f3n de Maurizio Cappato, ciudadano italiano, ha generado preocupaci\u00f3n entre su familia, que denuncia la falta de apoyo de la embajada de Italia en La Habana. Seg\u00fan el relato recogido primero sin identificar al desaparecido y luego confirmado con su nombre por Il Gazzettino, Cappato no ha sido visto desde hace varios d\u00edas y sus seres queridos no han logrado obtener informaci\u00f3n sobre su paradero pese a haber intentado comunicarse repetidamente con la sede diplom\u00e1tica. <\/p>\n\n\n\n<p class=\"wp-block-paragraph\">Su hija expres\u00f3 su frustraci\u00f3n en declaraciones a medios italianos: \u00abNo hemos recibido ninguna respuesta concreta. Es desalentador ver que para otros casos, como el de Di Battista, se han movilizado r\u00e1pidamente\u00bb. La comparaci\u00f3n remite a la atenci\u00f3n medi\u00e1tica y consular que recibi\u00f3 el exparlamentario italiano Alessandro Di Battista, quien por esas mismas fechas se encontraba en Cuba y fue atendido m\u00e9dicamente en la isla con el respaldo de su gobierno y una amplia cobertura de prensa. La contraposici\u00f3n pone de relieve, seg\u00fan la familia, una diferencia de trato entre una figura p\u00fablica y un ciudadano com\u00fan en situaci\u00f3n de crisis.<\/p>\n\n\n\n<p class=\"wp-block-paragraph\">El r\u00e9gimen cubano no ha emitido comentarios oficiales sobre el caso. La falta de informaci\u00f3n y la inacci\u00f3n percibida por parte de las autoridades han llevado a la familia a recurrir a las redes sociales y a los medios de comunicaci\u00f3n para presionar por una respuesta. La embajada de Italia, responsable de la protecci\u00f3n de sus ciudadanos en el extranjero, ha sido se\u00f1alada por no ofrecer asistencia consular efectiva en este caso.<\/p>\n\n\n\n<p class=\"wp-block-paragraph\">El caso de Cappato no aparece como aislado: la nota se\u00f1ala un aumento en los \u00faltimos a\u00f1os de desapariciones de turistas y extranjeros en Cuba, y critica que las autoridades cubanas suelen minimizar la gravedad de estos casos y limitar la informaci\u00f3n disponible para las familias afectadas.<\/p>\n\n\n\n<p class=\"wp-block-paragraph\"><strong>[FUENTES INICIALES]<\/strong><\/p>\n\n\n\n<ul class=\"wp-block-list\">\n<li>La Repubblica: \u00abItaliano scomparso a Cuba, la figlia: \u00abAmbasciata assente, ma per Di Battista si sono mobilitati\u00bb\u00bb<\/li>\n\n\n\n<li>Il Gazzettino: \u00abMaurizio Cappato ancora disperso a Cuba, la figlia: \u00abL&#8217;Ambasciata non risponde, ma per Di Battista si \u00e8 mossa subito\u00bb\u00bb<\/li>\n<\/ul>\n\n\n\n<p class=\"wp-block-paragraph\"><strong>tal vez quieras leer: <a href=\"https:\/\/www.cuballama.com\/noticias\/pasado-el-peligro-en-cuba-famoso-politico-alessandro-di-battista-italiano-se-va-a-roma-el-jueves\/\" data-type=\"post\" data-id=\"255732\">Pasado el peligro en Cuba famoso pol\u00edtico italiano Alessandro Di Battista  se va a Roma el jueves<\/a><\/strong><\/p>\n","protected":false},"excerpt":{"rendered":"<p>Maurizio Cappato, ciudadano italiano, se encuentra desaparecido en Cuba desde hace varios d\u00edas. Su familia denuncia que la embajada de Italia en La Habana no ha ofrecido respuestas concretas sobre su paradero, mientras se\u00f1ala que en el caso del pol\u00edtico Alessandro Di Battista \u2014tambi\u00e9n en la isla por esas fechas\u2014 las autoridades s\u00ed actuaron con rapidez.<\/p>\n","protected":false},"author":13,"featured_media":255833,"comment_status":"open","ping_status":"closed","sticky":false,"template":"","format":"standard","meta":{"_acf_changed":false,"footnotes":""},"categories":[18,955,957],"tags":[11,2864,13285,941,37812,37813,478,37811,9815,7003],"class_list":["post-255778","post","type-post","status-publish","format-standard","has-post-thumbnail","category-noticias","category-noticias-de-cuba","category-noticias-internacionales","tag-cuba","tag-derechos-humanos","tag-desapariciones","tag-destacado","tag-di-battista","tag-embajada-italiana","tag-italia","tag-maurizio-cappato","tag-regimen-cubano","tag-turistas-extranjeros"],"acf":[],"yoast_head":"<!-- This site is optimized with the Yoast SEO plugin v28.3 - https:\/\/yoast.com\/product\/yoast-seo-wordpress\/ -->\n<title>Italiano desaparecido en Cuba: la familia denuncia el desamparo de la embajada - Cuballama Noticias<\/title>\n<meta name=\"description\" content=\"La familia del italiano Maurizio Cappato denuncia la falta de respuesta de la embajada italiana en Cuba tras su desaparici\u00f3n.\" \/>\n<meta name=\"robots\" content=\"index, follow, max-snippet:-1, max-image-preview:large, max-video-preview:-1\" \/>\n<link rel=\"canonical\" href=\"https:\/\/www.cuballama.com\/noticias\/italiano-desaparecido-en-cuba-la-familia-denuncia-el-desamparo-de-la-embajada\/\" \/>\n<meta property=\"og:locale\" content=\"es_ES\" \/>\n<meta property=\"og:type\" content=\"article\" \/>\n<meta property=\"og:title\" content=\"Italiano desaparecido en Cuba: la familia denuncia el desamparo de la embajada - Cuballama Noticias\" \/>\n<meta property=\"og:description\" content=\"La familia del italiano Maurizio Cappato denuncia la falta de respuesta de la embajada italiana en Cuba tras su desaparici\u00f3n.\" \/>\n<meta property=\"og:url\" content=\"https:\/\/www.cuballama.com\/noticias\/italiano-desaparecido-en-cuba-la-familia-denuncia-el-desamparo-de-la-embajada\/\" \/>\n<meta property=\"og:site_name\" content=\"Cuballama Noticias\" \/>\n<meta property=\"article:publisher\" content=\"https:\/\/www.facebook.com\/CubaLlama\" \/>\n<meta property=\"article:published_time\" content=\"2026-09-02T16:29:33+00:00\" \/>\n<meta property=\"article:modified_time\" content=\"2026-09-02T16:29:35+00:00\" \/>\n<meta property=\"og:image\" content=\"https:\/\/cdn1.mediawpaccore.net\/wp-content\/uploads\/2026\/09\/02104754\/image-5.png\" \/>\n\t<meta property=\"og:image:width\" content=\"986\" \/>\n\t<meta property=\"og:image:height\" content=\"518\" \/>\n\t<meta property=\"og:image:type\" content=\"image\/png\" \/>\n<meta name=\"author\" content=\"Roberto A.\" \/>\n<meta name=\"twitter:card\" content=\"summary_large_image\" \/>\n<meta name=\"twitter:creator\" content=\"@cuballama\" \/>\n<meta name=\"twitter:site\" content=\"@cuballama\" \/>\n<meta name=\"twitter:label1\" content=\"Escrito por\" \/>\n\t<meta name=\"twitter:data1\" content=\"Roberto A.\" \/>\n\t<meta name=\"twitter:label2\" content=\"Tiempo de lectura\" \/>\n\t<meta name=\"twitter:data2\" content=\"3 minutos\" \/>\n<script type=\"application\/ld+json\" class=\"yoast-schema-graph\">{\"@context\":\"https:\\\/\\\/schema.org\",\"@graph\":[{\"@type\":\"Article\",\"@id\":\"https:\\\/\\\/www.cuballama.com\\\/noticias\\\/italiano-desaparecido-en-cuba-la-familia-denuncia-el-desamparo-de-la-embajada\\\/#article\",\"isPartOf\":{\"@id\":\"https:\\\/\\\/www.cuballama.com\\\/noticias\\\/italiano-desaparecido-en-cuba-la-familia-denuncia-el-desamparo-de-la-embajada\\\/\"},\"author\":{\"name\":\"Roberto A.\",\"@id\":\"https:\\\/\\\/www.cuballama.com\\\/noticias\\\/#\\\/schema\\\/person\\\/a58502ed4146c8e9f83872e897c76cd2\"},\"headline\":\"Italiano desaparecido en Cuba: la familia denuncia el desamparo de la embajada\",\"datePublished\":\"2026-09-02T16:29:33+00:00\",\"dateModified\":\"2026-09-02T16:29:35+00:00\",\"mainEntityOfPage\":{\"@id\":\"https:\\\/\\\/www.cuballama.com\\\/noticias\\\/italiano-desaparecido-en-cuba-la-familia-denuncia-el-desamparo-de-la-embajada\\\/\"},\"wordCount\":523,\"commentCount\":0,\"publisher\":{\"@id\":\"https:\\\/\\\/www.cuballama.com\\\/noticias\\\/#organization\"},\"image\":{\"@id\":\"https:\\\/\\\/www.cuballama.com\\\/noticias\\\/italiano-desaparecido-en-cuba-la-familia-denuncia-el-desamparo-de-la-embajada\\\/#primaryimage\"},\"thumbnailUrl\":\"https:\\\/\\\/cdn1.mediawpaccore.net\\\/wp-content\\\/uploads\\\/2026\\\/09\\\/02104754\\\/image-5.png\",\"keywords\":[\"Cuba\",\"derechos humanos\",\"desapariciones\",\"destacado\",\"Di Battista\",\"embajada italiana\",\"Italia\",\"Maurizio Cappato\",\"R\u00e9gimen cubano\",\"Turistas extranjeros\"],\"articleSection\":[\"Noticias\",\"Noticias de Cuba\",\"Noticias Internacionales\"],\"inLanguage\":\"es\",\"potentialAction\":[{\"@type\":\"CommentAction\",\"name\":\"Comment\",\"target\":[\"https:\\\/\\\/www.cuballama.com\\\/noticias\\\/italiano-desaparecido-en-cuba-la-familia-denuncia-el-desamparo-de-la-embajada\\\/#respond\"]}]},{\"@type\":\"WebPage\",\"@id\":\"https:\\\/\\\/www.cuballama.com\\\/noticias\\\/italiano-desaparecido-en-cuba-la-familia-denuncia-el-desamparo-de-la-embajada\\\/\",\"url\":\"https:\\\/\\\/www.cuballama.com\\\/noticias\\\/italiano-desaparecido-en-cuba-la-familia-denuncia-el-desamparo-de-la-embajada\\\/\",\"name\":\"Italiano desaparecido en Cuba: la familia denuncia el desamparo de la embajada - Cuballama Noticias\",\"isPartOf\":{\"@id\":\"https:\\\/\\\/www.cuballama.com\\\/noticias\\\/#website\"},\"primaryImageOfPage\":{\"@id\":\"https:\\\/\\\/www.cuballama.com\\\/noticias\\\/italiano-desaparecido-en-cuba-la-familia-denuncia-el-desamparo-de-la-embajada\\\/#primaryimage\"},\"image\":{\"@id\":\"https:\\\/\\\/www.cuballama.com\\\/noticias\\\/italiano-desaparecido-en-cuba-la-familia-denuncia-el-desamparo-de-la-embajada\\\/#primaryimage\"},\"thumbnailUrl\":\"https:\\\/\\\/cdn1.mediawpaccore.net\\\/wp-content\\\/uploads\\\/2026\\\/09\\\/02104754\\\/image-5.png\",\"datePublished\":\"2026-09-02T16:29:33+00:00\",\"dateModified\":\"2026-09-02T16:29:35+00:00\",\"description\":\"La familia del italiano Maurizio Cappato denuncia la falta de respuesta de la embajada italiana en Cuba tras su desaparici\u00f3n.\",\"breadcrumb\":{\"@id\":\"https:\\\/\\\/www.cuballama.com\\\/noticias\\\/italiano-desaparecido-en-cuba-la-familia-denuncia-el-desamparo-de-la-embajada\\\/#breadcrumb\"},\"inLanguage\":\"es\",\"potentialAction\":[{\"@type\":\"ReadAction\",\"target\":[\"https:\\\/\\\/www.cuballama.com\\\/noticias\\\/italiano-desaparecido-en-cuba-la-familia-denuncia-el-desamparo-de-la-embajada\\\/\"]}]},{\"@type\":\"ImageObject\",\"inLanguage\":\"es\",\"@id\":\"https:\\\/\\\/www.cuballama.com\\\/noticias\\\/italiano-desaparecido-en-cuba-la-familia-denuncia-el-desamparo-de-la-embajada\\\/#primaryimage\",\"url\":\"https:\\\/\\\/cdn1.mediawpaccore.net\\\/wp-content\\\/uploads\\\/2026\\\/09\\\/02104754\\\/image-5.png\",\"contentUrl\":\"https:\\\/\\\/cdn1.mediawpaccore.net\\\/wp-content\\\/uploads\\\/2026\\\/09\\\/02104754\\\/image-5.png\",\"width\":986,\"height\":518,\"caption\":\"Foto: Maurizio Cappato \\\/ Facebook\"},{\"@type\":\"BreadcrumbList\",\"@id\":\"https:\\\/\\\/www.cuballama.com\\\/noticias\\\/italiano-desaparecido-en-cuba-la-familia-denuncia-el-desamparo-de-la-embajada\\\/#breadcrumb\",\"itemListElement\":[{\"@type\":\"ListItem\",\"position\":1,\"name\":\"Home\",\"item\":\"https:\\\/\\\/www.cuballama.com\\\/noticias\\\/\"},{\"@type\":\"ListItem\",\"position\":2,\"name\":\"Italiano desaparecido en Cuba: la familia denuncia el desamparo de la embajada\"}]},{\"@type\":\"WebSite\",\"@id\":\"https:\\\/\\\/www.cuballama.com\\\/noticias\\\/#website\",\"url\":\"https:\\\/\\\/www.cuballama.com\\\/noticias\\\/\",\"name\":\"Cuballama Noticias\",\"description\":\"Medio digital sobre Cuba y el mundo\",\"publisher\":{\"@id\":\"https:\\\/\\\/www.cuballama.com\\\/noticias\\\/#organization\"},\"potentialAction\":[{\"@type\":\"SearchAction\",\"target\":{\"@type\":\"EntryPoint\",\"urlTemplate\":\"https:\\\/\\\/www.cuballama.com\\\/noticias\\\/?s={search_term_string}\"},\"query-input\":{\"@type\":\"PropertyValueSpecification\",\"valueRequired\":true,\"valueName\":\"search_term_string\"}}],\"inLanguage\":\"es\"},{\"@type\":\"Organization\",\"@id\":\"https:\\\/\\\/www.cuballama.com\\\/noticias\\\/#organization\",\"name\":\"Cuballama\",\"url\":\"https:\\\/\\\/www.cuballama.com\\\/noticias\\\/\",\"logo\":{\"@type\":\"ImageObject\",\"inLanguage\":\"es\",\"@id\":\"https:\\\/\\\/www.cuballama.com\\\/noticias\\\/#\\\/schema\\\/logo\\\/image\\\/\",\"url\":\"https:\\\/\\\/cdn1.mediawpaccore.net\\\/wp-content\\\/uploads\\\/2021\\\/12\\\/28171206\\\/cbll-logo-color-sm.png\",\"contentUrl\":\"https:\\\/\\\/cdn1.mediawpaccore.net\\\/wp-content\\\/uploads\\\/2021\\\/12\\\/28171206\\\/cbll-logo-color-sm.png\",\"width\":600,\"height\":133,\"caption\":\"Cuballama\"},\"image\":{\"@id\":\"https:\\\/\\\/www.cuballama.com\\\/noticias\\\/#\\\/schema\\\/logo\\\/image\\\/\"},\"sameAs\":[\"https:\\\/\\\/www.facebook.com\\\/CubaLlama\",\"https:\\\/\\\/x.com\\\/cuballama\",\"https:\\\/\\\/www.instagram.com\\\/stories\\\/cuballama_oficial\\\/\",\"https:\\\/\\\/www.youtube.com\\\/channel\\\/UCKkFE-d_axENGZcrc4as0IA\"]},{\"@type\":\"Person\",\"@id\":\"https:\\\/\\\/www.cuballama.com\\\/noticias\\\/#\\\/schema\\\/person\\\/a58502ed4146c8e9f83872e897c76cd2\",\"name\":\"Roberto A.\",\"description\":\"Roberto A. Periodista por decisi\u00f3n propia. Interesado en cualquier tema que me apasione y cada vez m\u00e1s comprometido con la verdad y la objetividad period\u00edstica. Graduado en La Habana hace ya muchos a\u00f1os, luego de una accidentada y polvorienta b\u00fasqueda de informaci\u00f3n sobre un tema in\u00e9dito. La Tesis, por cierto, desapareci\u00f3 de la biblioteca y no se conservan copias de la misma.\",\"url\":\"https:\\\/\\\/www.cuballama.com\\\/noticias\\\/author\\\/roberto\\\/\"}]}<\/script>\n<!-- \/ Yoast SEO plugin. -->","yoast_head_json":{"title":"Italiano desaparecido en Cuba: la familia denuncia el desamparo de la embajada - Cuballama Noticias","description":"La familia del italiano Maurizio Cappato denuncia la falta de respuesta de la embajada italiana en Cuba tras su desaparici\u00f3n.","robots":{"index":"index","follow":"follow","max-snippet":"max-snippet:-1","max-image-preview":"max-image-preview:large","max-video-preview":"max-video-preview:-1"},"canonical":"https:\/\/www.cuballama.com\/noticias\/italiano-desaparecido-en-cuba-la-familia-denuncia-el-desamparo-de-la-embajada\/","og_locale":"es_ES","og_type":"article","og_title":"Italiano desaparecido en Cuba: la familia denuncia el desamparo de la embajada - Cuballama Noticias","og_description":"La familia del italiano Maurizio Cappato denuncia la falta de respuesta de la embajada italiana en Cuba tras su desaparici\u00f3n.","og_url":"https:\/\/www.cuballama.com\/noticias\/italiano-desaparecido-en-cuba-la-familia-denuncia-el-desamparo-de-la-embajada\/","og_site_name":"Cuballama Noticias","article_publisher":"https:\/\/www.facebook.com\/CubaLlama","article_published_time":"2026-09-02T16:29:33+00:00","article_modified_time":"2026-09-02T16:29:35+00:00","og_image":[{"width":986,"height":518,"url":"https:\/\/cdn1.mediawpaccore.net\/wp-content\/uploads\/2026\/09\/02104754\/image-5.png","type":"image\/png"}],"author":"Roberto A.","twitter_card":"summary_large_image","twitter_creator":"@cuballama","twitter_site":"@cuballama","twitter_misc":{"Escrito por":"Roberto A.","Tiempo de lectura":"3 minutos"},"schema":{"@context":"https:\/\/schema.org","@graph":[{"@type":"Article","@id":"https:\/\/www.cuballama.com\/noticias\/italiano-desaparecido-en-cuba-la-familia-denuncia-el-desamparo-de-la-embajada\/#article","isPartOf":{"@id":"https:\/\/www.cuballama.com\/noticias\/italiano-desaparecido-en-cuba-la-familia-denuncia-el-desamparo-de-la-embajada\/"},"author":{"name":"Roberto A.","@id":"https:\/\/www.cuballama.com\/noticias\/#\/schema\/person\/a58502ed4146c8e9f83872e897c76cd2"},"headline":"Italiano desaparecido en Cuba: la familia denuncia el desamparo de la embajada","datePublished":"2026-09-02T16:29:33+00:00","dateModified":"2026-09-02T16:29:35+00:00","mainEntityOfPage":{"@id":"https:\/\/www.cuballama.com\/noticias\/italiano-desaparecido-en-cuba-la-familia-denuncia-el-desamparo-de-la-embajada\/"},"wordCount":523,"commentCount":0,"publisher":{"@id":"https:\/\/www.cuballama.com\/noticias\/#organization"},"image":{"@id":"https:\/\/www.cuballama.com\/noticias\/italiano-desaparecido-en-cuba-la-familia-denuncia-el-desamparo-de-la-embajada\/#primaryimage"},"thumbnailUrl":"https:\/\/cdn1.mediawpaccore.net\/wp-content\/uploads\/2026\/09\/02104754\/image-5.png","keywords":["Cuba","derechos humanos","desapariciones","destacado","Di Battista","embajada italiana","Italia","Maurizio Cappato","R\u00e9gimen cubano","Turistas extranjeros"],"articleSection":["Noticias","Noticias de Cuba","Noticias Internacionales"],"inLanguage":"es","potentialAction":[{"@type":"CommentAction","name":"Comment","target":["https:\/\/www.cuballama.com\/noticias\/italiano-desaparecido-en-cuba-la-familia-denuncia-el-desamparo-de-la-embajada\/#respond"]}]},{"@type":"WebPage","@id":"https:\/\/www.cuballama.com\/noticias\/italiano-desaparecido-en-cuba-la-familia-denuncia-el-desamparo-de-la-embajada\/","url":"https:\/\/www.cuballama.com\/noticias\/italiano-desaparecido-en-cuba-la-familia-denuncia-el-desamparo-de-la-embajada\/","name":"Italiano desaparecido en Cuba: la familia denuncia el desamparo de la embajada - Cuballama Noticias","isPartOf":{"@id":"https:\/\/www.cuballama.com\/noticias\/#website"},"primaryImageOfPage":{"@id":"https:\/\/www.cuballama.com\/noticias\/italiano-desaparecido-en-cuba-la-familia-denuncia-el-desamparo-de-la-embajada\/#primaryimage"},"image":{"@id":"https:\/\/www.cuballama.com\/noticias\/italiano-desaparecido-en-cuba-la-familia-denuncia-el-desamparo-de-la-embajada\/#primaryimage"},"thumbnailUrl":"https:\/\/cdn1.mediawpaccore.net\/wp-content\/uploads\/2026\/09\/02104754\/image-5.png","datePublished":"2026-09-02T16:29:33+00:00","dateModified":"2026-09-02T16:29:35+00:00","description":"La familia del italiano Maurizio Cappato denuncia la falta de respuesta de la embajada italiana en Cuba tras su desaparici\u00f3n.","breadcrumb":{"@id":"https:\/\/www.cuballama.com\/noticias\/italiano-desaparecido-en-cuba-la-familia-denuncia-el-desamparo-de-la-embajada\/#breadcrumb"},"inLanguage":"es","potentialAction":[{"@type":"ReadAction","target":["https:\/\/www.cuballama.com\/noticias\/italiano-desaparecido-en-cuba-la-familia-denuncia-el-desamparo-de-la-embajada\/"]}]},{"@type":"ImageObject","inLanguage":"es","@id":"https:\/\/www.cuballama.com\/noticias\/italiano-desaparecido-en-cuba-la-familia-denuncia-el-desamparo-de-la-embajada\/#primaryimage","url":"https:\/\/cdn1.mediawpaccore.net\/wp-content\/uploads\/2026\/09\/02104754\/image-5.png","contentUrl":"https:\/\/cdn1.mediawpaccore.net\/wp-content\/uploads\/2026\/09\/02104754\/image-5.png","width":986,"height":518,"caption":"Foto: Maurizio Cappato \/ Facebook"},{"@type":"BreadcrumbList","@id":"https:\/\/www.cuballama.com\/noticias\/italiano-desaparecido-en-cuba-la-familia-denuncia-el-desamparo-de-la-embajada\/#breadcrumb","itemListElement":[{"@type":"ListItem","position":1,"name":"Home","item":"https:\/\/www.cuballama.com\/noticias\/"},{"@type":"ListItem","position":2,"name":"Italiano desaparecido en Cuba: la familia denuncia el desamparo de la embajada"}]},{"@type":"WebSite","@id":"https:\/\/www.cuballama.com\/noticias\/#website","url":"https:\/\/www.cuballama.com\/noticias\/","name":"Cuballama Noticias","description":"Medio digital sobre Cuba y el mundo","publisher":{"@id":"https:\/\/www.cuballama.com\/noticias\/#organization"},"potentialAction":[{"@type":"SearchAction","target":{"@type":"EntryPoint","urlTemplate":"https:\/\/www.cuballama.com\/noticias\/?s={search_term_string}"},"query-input":{"@type":"PropertyValueSpecification","valueRequired":true,"valueName":"search_term_string"}}],"inLanguage":"es"},{"@type":"Organization","@id":"https:\/\/www.cuballama.com\/noticias\/#organization","name":"Cuballama","url":"https:\/\/www.cuballama.com\/noticias\/","logo":{"@type":"ImageObject","inLanguage":"es","@id":"https:\/\/www.cuballama.com\/noticias\/#\/schema\/logo\/image\/","url":"https:\/\/cdn1.mediawpaccore.net\/wp-content\/uploads\/2021\/12\/28171206\/cbll-logo-color-sm.png","contentUrl":"https:\/\/cdn1.mediawpaccore.net\/wp-content\/uploads\/2021\/12\/28171206\/cbll-logo-color-sm.png","width":600,"height":133,"caption":"Cuballama"},"image":{"@id":"https:\/\/www.cuballama.com\/noticias\/#\/schema\/logo\/image\/"},"sameAs":["https:\/\/www.facebook.com\/CubaLlama","https:\/\/x.com\/cuballama","https:\/\/www.instagram.com\/stories\/cuballama_oficial\/","https:\/\/www.youtube.com\/channel\/UCKkFE-d_axENGZcrc4as0IA"]},{"@type":"Person","@id":"https:\/\/www.cuballama.com\/noticias\/#\/schema\/person\/a58502ed4146c8e9f83872e897c76cd2","name":"Roberto A.","description":"Roberto A. Periodista por decisi\u00f3n propia. Interesado en cualquier tema que me apasione y cada vez m\u00e1s comprometido con la verdad y la objetividad period\u00edstica. Graduado en La Habana hace ya muchos a\u00f1os, luego de una accidentada y polvorienta b\u00fasqueda de informaci\u00f3n sobre un tema in\u00e9dito. La Tesis, por cierto, desapareci\u00f3 de la biblioteca y no se conservan copias de la misma.","url":"https:\/\/www.cuballama.com\/noticias\/author\/roberto\/"}]}},"_links":{"self":[{"href":"https:\/\/www.cuballama.com\/noticias\/wp-json\/wp\/v2\/posts\/255778","targetHints":{"allow":["GET"]}}],"collection":[{"href":"https:\/\/www.cuballama.com\/noticias\/wp-json\/wp\/v2\/posts"}],"about":[{"href":"https:\/\/www.cuballama.com\/noticias\/wp-json\/wp\/v2\/types\/post"}],"author":[{"embeddable":true,"href":"https:\/\/www.cuballama.com\/noticias\/wp-json\/wp\/v2\/users\/13"}],"replies":[{"embeddable":true,"href":"https:\/\/www.cuballama.com\/noticias\/wp-json\/wp\/v2\/comments?post=255778"}],"version-history":[{"count":3,"href":"https:\/\/www.cuballama.com\/noticias\/wp-json\/wp\/v2\/posts\/255778\/revisions"}],"predecessor-version":[{"id":255837,"href":"https:\/\/www.cuballama.com\/noticias\/wp-json\/wp\/v2\/posts\/255778\/revisions\/255837"}],"wp:featuredmedia":[{"embeddable":true,"href":"https:\/\/www.cuballama.com\/noticias\/wp-json\/wp\/v2\/media\/255833"}],"wp:attachment":[{"href":"https:\/\/www.cuballama.com\/noticias\/wp-json\/wp\/v2\/media?parent=255778"}],"wp:term":[{"taxonomy":"category","embeddable":true,"href":"https:\/\/www.cuballama.com\/noticias\/wp-json\/wp\/v2\/categories?post=255778"},{"taxonomy":"post_tag","embeddable":true,"href":"https:\/\/www.cuballama.com\/noticias\/wp-json\/wp\/v2\/tags?post=255778"}],"curies":[{"name":"wp","href":"https:\/\/api.w.org\/{rel}","templated":true}]}}