{"id":255767,"date":"2026-09-02T12:29:05","date_gmt":"2026-09-02T16:29:05","guid":{"rendered":"https:\/\/www.cuballama.com\/noticias\/?p=255767"},"modified":"2026-09-02T12:29:07","modified_gmt":"2026-09-02T16:29:07","slug":"once-cubanos-llegan-a-los-cayos-de-florida-en-una-embarcacion-reportada-como-robada-y-quedan-detenidos","status":"publish","type":"post","link":"https:\/\/www.cuballama.com\/noticias\/once-cubanos-llegan-a-los-cayos-de-florida-en-una-embarcacion-reportada-como-robada-y-quedan-detenidos\/","title":{"rendered":"Once cubanos llegan a los Cayos de Florida en una embarcaci\u00f3n reportada como robada y quedan detenidos"},"content":{"rendered":"\n<p class=\"wp-block-paragraph\">Once ciudadanos cubanos fueron detenidos despu\u00e9s de desembarcar irregularmente en los Cayos de Florida a bordo de una embarcaci\u00f3n que las autoridades estadounidenses describieron como robada, en un episodio que la Patrulla Fronteriza calific\u00f3 de inusual.<\/p>\n\n\n\n<p class=\"wp-block-paragraph\">El jefe de la Patrulla Fronteriza de Estados Unidos, Rosario \u00abPete\u00bb Vasquez, inform\u00f3 el 1 de septiembre que los 11 migrantes hab\u00edan conseguido alcanzar tierra antes de ser interceptados por agentes federales.<\/p>\n\n\n\n<p class=\"wp-block-paragraph\">Vasquez describi\u00f3 el desembarco como un \u00abevento raro\u00bb y asegur\u00f3 que hac\u00eda a\u00f1os que no se produc\u00eda en los Cayos de Florida una llegada ilegal de este tipo. <\/p>\n\n\n\n<p class=\"wp-block-paragraph\">\u00abEleven Cuban nationals made landfall in a stolen vessel at the Keys\u00bb, escribi\u00f3 el funcionario en su cuenta oficial, al confirmar adem\u00e1s que todos los integrantes del grupo hab\u00edan sido puestos bajo custodia.<\/p>\n\n\n\n<iframe loading=\"lazy\" src=\"https:\/\/www.facebook.com\/plugins\/post.php?href=https%3A%2F%2Fwww.facebook.com%2FMagJorgeCastro%2Fposts%2Fpfbid0sT8bn4Ds1J5SL6mW5e6PcjCA3d4mMLZWnax9jj6yugmAKoyDRCQnzfxW77XUmzDUl&#038;show_text=true&#038;width=500\" width=\"500\" height=\"737\" style=\"border:none;overflow:hidden\" scrolling=\"no\" frameborder=\"0\" allowfullscreen=\"true\" allow=\"autoplay; clipboard-write; encrypted-media; picture-in-picture; web-share\"><\/iframe>\n\n\n\n<p class=\"wp-block-paragraph\">Hasta el momento no han trascendido las identidades de los migrantes, el punto exacto de los Cayos donde desembarcaron ni detalles sobre la embarcaci\u00f3n, incluido d\u00f3nde habr\u00eda sido sustra\u00edda o qui\u00e9n figura como propietario.<\/p>\n\n\n\n<p class=\"wp-block-paragraph\">Tampoco se ha informado p\u00fablicamente si alguno de los ocupantes enfrenta cargos relacionados directamente con el supuesto robo de la nave. La afirmaci\u00f3n de que la embarcaci\u00f3n era robada procede de la declaraci\u00f3n p\u00fablica del jefe de la Patrulla Fronteriza.<\/p>\n\n\n\n<p class=\"wp-block-paragraph\">Vasquez se\u00f1al\u00f3 que los 11 cubanos se encuentran siendo procesados para su deportaci\u00f3n.<\/p>\n\n\n\n<p class=\"wp-block-paragraph\">El funcionario record\u00f3 adem\u00e1s que alcanzar territorio estadounidense despu\u00e9s de una traves\u00eda mar\u00edtima ya no concede a los ciudadanos cubanos el tratamiento migratorio especial que tuvieron durante d\u00e9cadas bajo la pol\u00edtica conocida como \u00abpies secos, pies mojados\u00bb.<\/p>\n\n\n\n<p class=\"wp-block-paragraph\">Esa pol\u00edtica fue eliminada por la administraci\u00f3n de Barack Obama en enero de 2017. Desde entonces, los cubanos que llegan a territorio estadounidense sin autorizaci\u00f3n est\u00e1n sujetos a los procedimientos migratorios generales y pueden ser detenidos y sometidos a procesos de expulsi\u00f3n.<\/p>\n\n\n\n<p class=\"wp-block-paragraph\">El episodio resulta especialmente llamativo porque las llegadas mar\u00edtimas desde Cuba a los Cayos de Florida se han reducido considerablemente respecto a a\u00f1os anteriores.<\/p>\n\n\n\n<p class=\"wp-block-paragraph\">Durante diferentes etapas de la crisis migratoria cubana, cientos de embarcaciones improvisadas atravesaron el Estrecho de Florida, provocando numerosas operaciones de rescate e interdicciones de la Guardia Costera.<\/p>\n\n\n\n<p class=\"wp-block-paragraph\">En este caso, los once ocupantes lograron alcanzar tierra, pero fueron detenidos poco despu\u00e9s. Su futuro migratorio depender\u00e1 ahora del procesamiento individual de cada caso por las autoridades estadounidenses.<\/p>\n\n\n\n<p class=\"wp-block-paragraph\"><strong>Fuentes:<\/strong> declaraci\u00f3n p\u00fablica del jefe Rosario \u00abPete\u00bb Vasquez, reproducida con enlace al mensaje original.<\/p>\n","protected":false},"excerpt":{"rendered":"<p>Once ciudadanos cubanos fueron detenidos despu\u00e9s de alcanzar los Cayos de Florida a bordo de una embarcaci\u00f3n que la Patrulla Fronteriza describi\u00f3 como robada. El jefe de la agencia, Rosario \u00abPete\u00bb Vasquez, calific\u00f3 el desembarco como un hecho inusual y asegur\u00f3 que los migrantes est\u00e1n siendo procesados para su deportaci\u00f3n.<\/p>\n","protected":false},"author":13,"featured_media":255849,"comment_status":"open","ping_status":"closed","sticky":false,"template":"","format":"standard","meta":{"_acf_changed":false,"footnotes":""},"categories":[18,954],"tags":[10564,11,92,4538,941,602,37642,108,600,2936,37819],"class_list":["post-255767","post","type-post","status-publish","format-standard","has-post-thumbnail","category-noticias","category-noticias-de-florida","tag-cayos-de-florida","tag-cuba","tag-cubanos","tag-deportacion","tag-destacado","tag-estados-unidos","tag-florida-keys","tag-inmigracion","tag-migrantes-cubanos","tag-patrulla-fronteriza","tag-rosario-pete-vasquez"],"acf":[],"yoast_head":"<!-- This site is optimized with the Yoast SEO plugin v28.3 - https:\/\/yoast.com\/product\/yoast-seo-wordpress\/ -->\n<title>Patrulla Fronteriza detiene a 11 cubanos tras desembarcar en los Cayos de Florida - Cuballama Noticias<\/title>\n<meta name=\"description\" content=\"Once cubanos fueron detenidos tras llegar a los Cayos de Florida en una embarcaci\u00f3n que autoridades describieron como robada.\" \/>\n<meta name=\"robots\" content=\"index, follow, max-snippet:-1, max-image-preview:large, max-video-preview:-1\" \/>\n<link rel=\"canonical\" href=\"https:\/\/www.cuballama.com\/noticias\/once-cubanos-llegan-a-los-cayos-de-florida-en-una-embarcacion-reportada-como-robada-y-quedan-detenidos\/\" \/>\n<meta property=\"og:locale\" content=\"es_ES\" \/>\n<meta property=\"og:type\" content=\"article\" \/>\n<meta property=\"og:title\" content=\"Patrulla Fronteriza detiene a 11 cubanos tras desembarcar en los Cayos de Florida - Cuballama Noticias\" \/>\n<meta property=\"og:description\" content=\"Once cubanos fueron detenidos tras llegar a los Cayos de Florida en una embarcaci\u00f3n que autoridades describieron como robada.\" \/>\n<meta property=\"og:url\" content=\"https:\/\/www.cuballama.com\/noticias\/once-cubanos-llegan-a-los-cayos-de-florida-en-una-embarcacion-reportada-como-robada-y-quedan-detenidos\/\" \/>\n<meta property=\"og:site_name\" content=\"Cuballama Noticias\" \/>\n<meta property=\"article:publisher\" content=\"https:\/\/www.facebook.com\/CubaLlama\" \/>\n<meta property=\"article:published_time\" content=\"2026-09-02T16:29:05+00:00\" \/>\n<meta property=\"article:modified_time\" content=\"2026-09-02T16:29:07+00:00\" \/>\n<meta property=\"og:image\" content=\"https:\/\/cdn1.mediawpaccore.net\/wp-content\/uploads\/2026\/09\/02112531\/image-9.png\" \/>\n\t<meta property=\"og:image:width\" content=\"1020\" \/>\n\t<meta property=\"og:image:height\" content=\"534\" \/>\n\t<meta property=\"og:image:type\" content=\"image\/png\" \/>\n<meta name=\"author\" content=\"Roberto A.\" \/>\n<meta name=\"twitter:card\" content=\"summary_large_image\" \/>\n<meta name=\"twitter:creator\" content=\"@cuballama\" \/>\n<meta name=\"twitter:site\" content=\"@cuballama\" \/>\n<meta name=\"twitter:label1\" content=\"Escrito por\" \/>\n\t<meta name=\"twitter:data1\" content=\"Roberto A.\" \/>\n\t<meta name=\"twitter:label2\" content=\"Tiempo de lectura\" \/>\n\t<meta name=\"twitter:data2\" content=\"2 minutos\" \/>\n<script type=\"application\/ld+json\" class=\"yoast-schema-graph\">{\"@context\":\"https:\\\/\\\/schema.org\",\"@graph\":[{\"@type\":\"Article\",\"@id\":\"https:\\\/\\\/www.cuballama.com\\\/noticias\\\/once-cubanos-llegan-a-los-cayos-de-florida-en-una-embarcacion-reportada-como-robada-y-quedan-detenidos\\\/#article\",\"isPartOf\":{\"@id\":\"https:\\\/\\\/www.cuballama.com\\\/noticias\\\/once-cubanos-llegan-a-los-cayos-de-florida-en-una-embarcacion-reportada-como-robada-y-quedan-detenidos\\\/\"},\"author\":{\"name\":\"Roberto A.\",\"@id\":\"https:\\\/\\\/www.cuballama.com\\\/noticias\\\/#\\\/schema\\\/person\\\/a58502ed4146c8e9f83872e897c76cd2\"},\"headline\":\"Once cubanos llegan a los Cayos de Florida en una embarcaci\u00f3n reportada como robada y quedan detenidos\",\"datePublished\":\"2026-09-02T16:29:05+00:00\",\"dateModified\":\"2026-09-02T16:29:07+00:00\",\"mainEntityOfPage\":{\"@id\":\"https:\\\/\\\/www.cuballama.com\\\/noticias\\\/once-cubanos-llegan-a-los-cayos-de-florida-en-una-embarcacion-reportada-como-robada-y-quedan-detenidos\\\/\"},\"wordCount\":440,\"commentCount\":0,\"publisher\":{\"@id\":\"https:\\\/\\\/www.cuballama.com\\\/noticias\\\/#organization\"},\"image\":{\"@id\":\"https:\\\/\\\/www.cuballama.com\\\/noticias\\\/once-cubanos-llegan-a-los-cayos-de-florida-en-una-embarcacion-reportada-como-robada-y-quedan-detenidos\\\/#primaryimage\"},\"thumbnailUrl\":\"https:\\\/\\\/cdn1.mediawpaccore.net\\\/wp-content\\\/uploads\\\/2026\\\/09\\\/02112531\\\/image-9.png\",\"keywords\":[\"Cayos de Florida\",\"Cuba\",\"cubanos\",\"deportaci\u00f3n\",\"destacado\",\"Estados Unidos\",\"Florida Keys\",\"inmigraci\u00f3n\",\"Migrantes cubanos\",\"Patrulla Fronteriza\",\"Rosario Pete Vasquez\"],\"articleSection\":[\"Noticias\",\"Noticias de Florida\"],\"inLanguage\":\"es\",\"potentialAction\":[{\"@type\":\"CommentAction\",\"name\":\"Comment\",\"target\":[\"https:\\\/\\\/www.cuballama.com\\\/noticias\\\/once-cubanos-llegan-a-los-cayos-de-florida-en-una-embarcacion-reportada-como-robada-y-quedan-detenidos\\\/#respond\"]}]},{\"@type\":\"WebPage\",\"@id\":\"https:\\\/\\\/www.cuballama.com\\\/noticias\\\/once-cubanos-llegan-a-los-cayos-de-florida-en-una-embarcacion-reportada-como-robada-y-quedan-detenidos\\\/\",\"url\":\"https:\\\/\\\/www.cuballama.com\\\/noticias\\\/once-cubanos-llegan-a-los-cayos-de-florida-en-una-embarcacion-reportada-como-robada-y-quedan-detenidos\\\/\",\"name\":\"Patrulla Fronteriza detiene a 11 cubanos tras desembarcar en los Cayos de Florida - Cuballama Noticias\",\"isPartOf\":{\"@id\":\"https:\\\/\\\/www.cuballama.com\\\/noticias\\\/#website\"},\"primaryImageOfPage\":{\"@id\":\"https:\\\/\\\/www.cuballama.com\\\/noticias\\\/once-cubanos-llegan-a-los-cayos-de-florida-en-una-embarcacion-reportada-como-robada-y-quedan-detenidos\\\/#primaryimage\"},\"image\":{\"@id\":\"https:\\\/\\\/www.cuballama.com\\\/noticias\\\/once-cubanos-llegan-a-los-cayos-de-florida-en-una-embarcacion-reportada-como-robada-y-quedan-detenidos\\\/#primaryimage\"},\"thumbnailUrl\":\"https:\\\/\\\/cdn1.mediawpaccore.net\\\/wp-content\\\/uploads\\\/2026\\\/09\\\/02112531\\\/image-9.png\",\"datePublished\":\"2026-09-02T16:29:05+00:00\",\"dateModified\":\"2026-09-02T16:29:07+00:00\",\"description\":\"Once cubanos fueron detenidos tras llegar a los Cayos de Florida en una embarcaci\u00f3n que autoridades describieron como robada.\",\"breadcrumb\":{\"@id\":\"https:\\\/\\\/www.cuballama.com\\\/noticias\\\/once-cubanos-llegan-a-los-cayos-de-florida-en-una-embarcacion-reportada-como-robada-y-quedan-detenidos\\\/#breadcrumb\"},\"inLanguage\":\"es\",\"potentialAction\":[{\"@type\":\"ReadAction\",\"target\":[\"https:\\\/\\\/www.cuballama.com\\\/noticias\\\/once-cubanos-llegan-a-los-cayos-de-florida-en-una-embarcacion-reportada-como-robada-y-quedan-detenidos\\\/\"]}]},{\"@type\":\"ImageObject\",\"inLanguage\":\"es\",\"@id\":\"https:\\\/\\\/www.cuballama.com\\\/noticias\\\/once-cubanos-llegan-a-los-cayos-de-florida-en-una-embarcacion-reportada-como-robada-y-quedan-detenidos\\\/#primaryimage\",\"url\":\"https:\\\/\\\/cdn1.mediawpaccore.net\\\/wp-content\\\/uploads\\\/2026\\\/09\\\/02112531\\\/image-9.png\",\"contentUrl\":\"https:\\\/\\\/cdn1.mediawpaccore.net\\\/wp-content\\\/uploads\\\/2026\\\/09\\\/02112531\\\/image-9.png\",\"width\":1020,\"height\":534,\"caption\":\"El jefe de la Patrulla Fronteriza de Estados Unidos, Rosario \\\"Pete\\\" Vasquez, inform\u00f3 el 1 de septiembre que los 11 migrantes hab\u00edan conseguido alcanzar tierra antes de ser interceptados por agentes federales. Foto: Collage (dominios p\u00fablicos)\"},{\"@type\":\"BreadcrumbList\",\"@id\":\"https:\\\/\\\/www.cuballama.com\\\/noticias\\\/once-cubanos-llegan-a-los-cayos-de-florida-en-una-embarcacion-reportada-como-robada-y-quedan-detenidos\\\/#breadcrumb\",\"itemListElement\":[{\"@type\":\"ListItem\",\"position\":1,\"name\":\"Home\",\"item\":\"https:\\\/\\\/www.cuballama.com\\\/noticias\\\/\"},{\"@type\":\"ListItem\",\"position\":2,\"name\":\"Once cubanos llegan a los Cayos de Florida en una embarcaci\u00f3n reportada como robada y quedan detenidos\"}]},{\"@type\":\"WebSite\",\"@id\":\"https:\\\/\\\/www.cuballama.com\\\/noticias\\\/#website\",\"url\":\"https:\\\/\\\/www.cuballama.com\\\/noticias\\\/\",\"name\":\"Cuballama Noticias\",\"description\":\"Medio digital sobre Cuba y el mundo\",\"publisher\":{\"@id\":\"https:\\\/\\\/www.cuballama.com\\\/noticias\\\/#organization\"},\"potentialAction\":[{\"@type\":\"SearchAction\",\"target\":{\"@type\":\"EntryPoint\",\"urlTemplate\":\"https:\\\/\\\/www.cuballama.com\\\/noticias\\\/?s={search_term_string}\"},\"query-input\":{\"@type\":\"PropertyValueSpecification\",\"valueRequired\":true,\"valueName\":\"search_term_string\"}}],\"inLanguage\":\"es\"},{\"@type\":\"Organization\",\"@id\":\"https:\\\/\\\/www.cuballama.com\\\/noticias\\\/#organization\",\"name\":\"Cuballama\",\"url\":\"https:\\\/\\\/www.cuballama.com\\\/noticias\\\/\",\"logo\":{\"@type\":\"ImageObject\",\"inLanguage\":\"es\",\"@id\":\"https:\\\/\\\/www.cuballama.com\\\/noticias\\\/#\\\/schema\\\/logo\\\/image\\\/\",\"url\":\"https:\\\/\\\/cdn1.mediawpaccore.net\\\/wp-content\\\/uploads\\\/2021\\\/12\\\/28171206\\\/cbll-logo-color-sm.png\",\"contentUrl\":\"https:\\\/\\\/cdn1.mediawpaccore.net\\\/wp-content\\\/uploads\\\/2021\\\/12\\\/28171206\\\/cbll-logo-color-sm.png\",\"width\":600,\"height\":133,\"caption\":\"Cuballama\"},\"image\":{\"@id\":\"https:\\\/\\\/www.cuballama.com\\\/noticias\\\/#\\\/schema\\\/logo\\\/image\\\/\"},\"sameAs\":[\"https:\\\/\\\/www.facebook.com\\\/CubaLlama\",\"https:\\\/\\\/x.com\\\/cuballama\",\"https:\\\/\\\/www.instagram.com\\\/stories\\\/cuballama_oficial\\\/\",\"https:\\\/\\\/www.youtube.com\\\/channel\\\/UCKkFE-d_axENGZcrc4as0IA\"]},{\"@type\":\"Person\",\"@id\":\"https:\\\/\\\/www.cuballama.com\\\/noticias\\\/#\\\/schema\\\/person\\\/a58502ed4146c8e9f83872e897c76cd2\",\"name\":\"Roberto A.\",\"description\":\"Roberto A. Periodista por decisi\u00f3n propia. Interesado en cualquier tema que me apasione y cada vez m\u00e1s comprometido con la verdad y la objetividad period\u00edstica. Graduado en La Habana hace ya muchos a\u00f1os, luego de una accidentada y polvorienta b\u00fasqueda de informaci\u00f3n sobre un tema in\u00e9dito. La Tesis, por cierto, desapareci\u00f3 de la biblioteca y no se conservan copias de la misma.\",\"url\":\"https:\\\/\\\/www.cuballama.com\\\/noticias\\\/author\\\/roberto\\\/\"}]}<\/script>\n<!-- \/ Yoast SEO plugin. -->","yoast_head_json":{"title":"Patrulla Fronteriza detiene a 11 cubanos tras desembarcar en los Cayos de Florida - Cuballama Noticias","description":"Once cubanos fueron detenidos tras llegar a los Cayos de Florida en una embarcaci\u00f3n que autoridades describieron como robada.","robots":{"index":"index","follow":"follow","max-snippet":"max-snippet:-1","max-image-preview":"max-image-preview:large","max-video-preview":"max-video-preview:-1"},"canonical":"https:\/\/www.cuballama.com\/noticias\/once-cubanos-llegan-a-los-cayos-de-florida-en-una-embarcacion-reportada-como-robada-y-quedan-detenidos\/","og_locale":"es_ES","og_type":"article","og_title":"Patrulla Fronteriza detiene a 11 cubanos tras desembarcar en los Cayos de Florida - Cuballama Noticias","og_description":"Once cubanos fueron detenidos tras llegar a los Cayos de Florida en una embarcaci\u00f3n que autoridades describieron como robada.","og_url":"https:\/\/www.cuballama.com\/noticias\/once-cubanos-llegan-a-los-cayos-de-florida-en-una-embarcacion-reportada-como-robada-y-quedan-detenidos\/","og_site_name":"Cuballama Noticias","article_publisher":"https:\/\/www.facebook.com\/CubaLlama","article_published_time":"2026-09-02T16:29:05+00:00","article_modified_time":"2026-09-02T16:29:07+00:00","og_image":[{"width":1020,"height":534,"url":"https:\/\/cdn1.mediawpaccore.net\/wp-content\/uploads\/2026\/09\/02112531\/image-9.png","type":"image\/png"}],"author":"Roberto A.","twitter_card":"summary_large_image","twitter_creator":"@cuballama","twitter_site":"@cuballama","twitter_misc":{"Escrito por":"Roberto A.","Tiempo de lectura":"2 minutos"},"schema":{"@context":"https:\/\/schema.org","@graph":[{"@type":"Article","@id":"https:\/\/www.cuballama.com\/noticias\/once-cubanos-llegan-a-los-cayos-de-florida-en-una-embarcacion-reportada-como-robada-y-quedan-detenidos\/#article","isPartOf":{"@id":"https:\/\/www.cuballama.com\/noticias\/once-cubanos-llegan-a-los-cayos-de-florida-en-una-embarcacion-reportada-como-robada-y-quedan-detenidos\/"},"author":{"name":"Roberto A.","@id":"https:\/\/www.cuballama.com\/noticias\/#\/schema\/person\/a58502ed4146c8e9f83872e897c76cd2"},"headline":"Once cubanos llegan a los Cayos de Florida en una embarcaci\u00f3n reportada como robada y quedan detenidos","datePublished":"2026-09-02T16:29:05+00:00","dateModified":"2026-09-02T16:29:07+00:00","mainEntityOfPage":{"@id":"https:\/\/www.cuballama.com\/noticias\/once-cubanos-llegan-a-los-cayos-de-florida-en-una-embarcacion-reportada-como-robada-y-quedan-detenidos\/"},"wordCount":440,"commentCount":0,"publisher":{"@id":"https:\/\/www.cuballama.com\/noticias\/#organization"},"image":{"@id":"https:\/\/www.cuballama.com\/noticias\/once-cubanos-llegan-a-los-cayos-de-florida-en-una-embarcacion-reportada-como-robada-y-quedan-detenidos\/#primaryimage"},"thumbnailUrl":"https:\/\/cdn1.mediawpaccore.net\/wp-content\/uploads\/2026\/09\/02112531\/image-9.png","keywords":["Cayos de Florida","Cuba","cubanos","deportaci\u00f3n","destacado","Estados Unidos","Florida Keys","inmigraci\u00f3n","Migrantes cubanos","Patrulla Fronteriza","Rosario Pete Vasquez"],"articleSection":["Noticias","Noticias de Florida"],"inLanguage":"es","potentialAction":[{"@type":"CommentAction","name":"Comment","target":["https:\/\/www.cuballama.com\/noticias\/once-cubanos-llegan-a-los-cayos-de-florida-en-una-embarcacion-reportada-como-robada-y-quedan-detenidos\/#respond"]}]},{"@type":"WebPage","@id":"https:\/\/www.cuballama.com\/noticias\/once-cubanos-llegan-a-los-cayos-de-florida-en-una-embarcacion-reportada-como-robada-y-quedan-detenidos\/","url":"https:\/\/www.cuballama.com\/noticias\/once-cubanos-llegan-a-los-cayos-de-florida-en-una-embarcacion-reportada-como-robada-y-quedan-detenidos\/","name":"Patrulla Fronteriza detiene a 11 cubanos tras desembarcar en los Cayos de Florida - Cuballama Noticias","isPartOf":{"@id":"https:\/\/www.cuballama.com\/noticias\/#website"},"primaryImageOfPage":{"@id":"https:\/\/www.cuballama.com\/noticias\/once-cubanos-llegan-a-los-cayos-de-florida-en-una-embarcacion-reportada-como-robada-y-quedan-detenidos\/#primaryimage"},"image":{"@id":"https:\/\/www.cuballama.com\/noticias\/once-cubanos-llegan-a-los-cayos-de-florida-en-una-embarcacion-reportada-como-robada-y-quedan-detenidos\/#primaryimage"},"thumbnailUrl":"https:\/\/cdn1.mediawpaccore.net\/wp-content\/uploads\/2026\/09\/02112531\/image-9.png","datePublished":"2026-09-02T16:29:05+00:00","dateModified":"2026-09-02T16:29:07+00:00","description":"Once cubanos fueron detenidos tras llegar a los Cayos de Florida en una embarcaci\u00f3n que autoridades describieron como robada.","breadcrumb":{"@id":"https:\/\/www.cuballama.com\/noticias\/once-cubanos-llegan-a-los-cayos-de-florida-en-una-embarcacion-reportada-como-robada-y-quedan-detenidos\/#breadcrumb"},"inLanguage":"es","potentialAction":[{"@type":"ReadAction","target":["https:\/\/www.cuballama.com\/noticias\/once-cubanos-llegan-a-los-cayos-de-florida-en-una-embarcacion-reportada-como-robada-y-quedan-detenidos\/"]}]},{"@type":"ImageObject","inLanguage":"es","@id":"https:\/\/www.cuballama.com\/noticias\/once-cubanos-llegan-a-los-cayos-de-florida-en-una-embarcacion-reportada-como-robada-y-quedan-detenidos\/#primaryimage","url":"https:\/\/cdn1.mediawpaccore.net\/wp-content\/uploads\/2026\/09\/02112531\/image-9.png","contentUrl":"https:\/\/cdn1.mediawpaccore.net\/wp-content\/uploads\/2026\/09\/02112531\/image-9.png","width":1020,"height":534,"caption":"El jefe de la Patrulla Fronteriza de Estados Unidos, Rosario \"Pete\" Vasquez, inform\u00f3 el 1 de septiembre que los 11 migrantes hab\u00edan conseguido alcanzar tierra antes de ser interceptados por agentes federales. Foto: Collage (dominios p\u00fablicos)"},{"@type":"BreadcrumbList","@id":"https:\/\/www.cuballama.com\/noticias\/once-cubanos-llegan-a-los-cayos-de-florida-en-una-embarcacion-reportada-como-robada-y-quedan-detenidos\/#breadcrumb","itemListElement":[{"@type":"ListItem","position":1,"name":"Home","item":"https:\/\/www.cuballama.com\/noticias\/"},{"@type":"ListItem","position":2,"name":"Once cubanos llegan a los Cayos de Florida en una embarcaci\u00f3n reportada como robada y quedan detenidos"}]},{"@type":"WebSite","@id":"https:\/\/www.cuballama.com\/noticias\/#website","url":"https:\/\/www.cuballama.com\/noticias\/","name":"Cuballama Noticias","description":"Medio digital sobre Cuba y el mundo","publisher":{"@id":"https:\/\/www.cuballama.com\/noticias\/#organization"},"potentialAction":[{"@type":"SearchAction","target":{"@type":"EntryPoint","urlTemplate":"https:\/\/www.cuballama.com\/noticias\/?s={search_term_string}"},"query-input":{"@type":"PropertyValueSpecification","valueRequired":true,"valueName":"search_term_string"}}],"inLanguage":"es"},{"@type":"Organization","@id":"https:\/\/www.cuballama.com\/noticias\/#organization","name":"Cuballama","url":"https:\/\/www.cuballama.com\/noticias\/","logo":{"@type":"ImageObject","inLanguage":"es","@id":"https:\/\/www.cuballama.com\/noticias\/#\/schema\/logo\/image\/","url":"https:\/\/cdn1.mediawpaccore.net\/wp-content\/uploads\/2021\/12\/28171206\/cbll-logo-color-sm.png","contentUrl":"https:\/\/cdn1.mediawpaccore.net\/wp-content\/uploads\/2021\/12\/28171206\/cbll-logo-color-sm.png","width":600,"height":133,"caption":"Cuballama"},"image":{"@id":"https:\/\/www.cuballama.com\/noticias\/#\/schema\/logo\/image\/"},"sameAs":["https:\/\/www.facebook.com\/CubaLlama","https:\/\/x.com\/cuballama","https:\/\/www.instagram.com\/stories\/cuballama_oficial\/","https:\/\/www.youtube.com\/channel\/UCKkFE-d_axENGZcrc4as0IA"]},{"@type":"Person","@id":"https:\/\/www.cuballama.com\/noticias\/#\/schema\/person\/a58502ed4146c8e9f83872e897c76cd2","name":"Roberto A.","description":"Roberto A. Periodista por decisi\u00f3n propia. Interesado en cualquier tema que me apasione y cada vez m\u00e1s comprometido con la verdad y la objetividad period\u00edstica. Graduado en La Habana hace ya muchos a\u00f1os, luego de una accidentada y polvorienta b\u00fasqueda de informaci\u00f3n sobre un tema in\u00e9dito. La Tesis, por cierto, desapareci\u00f3 de la biblioteca y no se conservan copias de la misma.","url":"https:\/\/www.cuballama.com\/noticias\/author\/roberto\/"}]}},"_links":{"self":[{"href":"https:\/\/www.cuballama.com\/noticias\/wp-json\/wp\/v2\/posts\/255767","targetHints":{"allow":["GET"]}}],"collection":[{"href":"https:\/\/www.cuballama.com\/noticias\/wp-json\/wp\/v2\/posts"}],"about":[{"href":"https:\/\/www.cuballama.com\/noticias\/wp-json\/wp\/v2\/types\/post"}],"author":[{"embeddable":true,"href":"https:\/\/www.cuballama.com\/noticias\/wp-json\/wp\/v2\/users\/13"}],"replies":[{"embeddable":true,"href":"https:\/\/www.cuballama.com\/noticias\/wp-json\/wp\/v2\/comments?post=255767"}],"version-history":[{"count":3,"href":"https:\/\/www.cuballama.com\/noticias\/wp-json\/wp\/v2\/posts\/255767\/revisions"}],"predecessor-version":[{"id":255850,"href":"https:\/\/www.cuballama.com\/noticias\/wp-json\/wp\/v2\/posts\/255767\/revisions\/255850"}],"wp:featuredmedia":[{"embeddable":true,"href":"https:\/\/www.cuballama.com\/noticias\/wp-json\/wp\/v2\/media\/255849"}],"wp:attachment":[{"href":"https:\/\/www.cuballama.com\/noticias\/wp-json\/wp\/v2\/media?parent=255767"}],"wp:term":[{"taxonomy":"category","embeddable":true,"href":"https:\/\/www.cuballama.com\/noticias\/wp-json\/wp\/v2\/categories?post=255767"},{"taxonomy":"post_tag","embeddable":true,"href":"https:\/\/www.cuballama.com\/noticias\/wp-json\/wp\/v2\/tags?post=255767"}],"curies":[{"name":"wp","href":"https:\/\/api.w.org\/{rel}","templated":true}]}}