{"id":255760,"date":"2026-09-02T12:28:11","date_gmt":"2026-09-02T16:28:11","guid":{"rendered":"https:\/\/www.cuballama.com\/noticias\/?p=255760"},"modified":"2026-09-02T12:28:14","modified_gmt":"2026-09-02T16:28:14","slug":"aplazan-por-segunda-vez-la-audiencia-clave-para-992-cubanos-con-i-220a","status":"publish","type":"post","link":"https:\/\/www.cuballama.com\/noticias\/aplazan-por-segunda-vez-la-audiencia-clave-para-992-cubanos-con-i-220a\/","title":{"rendered":"Aplazan por segunda vez la audiencia clave para 992 cubanos con I-220A"},"content":{"rendered":"\n<h2 class=\"wp-block-heading\">La audiencia que podr\u00eda abrirles a cientos de cubanos la v\u00eda hacia la residencia permanente se reprogram\u00f3 para el 10 de septiembre, en medio de declaraciones del secretario de Estado sobre el aumento de deportaciones a la comunidad cubana.<\/h2>\n\n\n\n<p class=\"wp-block-paragraph\">La audiencia federal que definir\u00e1 si el formulario I-220A equivale a un parole migratorio para 992 cubanos fue aplazada por segunda vez, ahora hasta el 10 de septiembre. El cambio se produce mientras el secretario de Estado, Marco Rubio, reconoce en declaraciones recientes que los cubanos est\u00e1n sufriendo, por primera vez, consecuencias severas de la pol\u00edtica migratoria de la administraci\u00f3n Trump.<\/p>\n\n\n\n<p class=\"wp-block-paragraph\">La audiencia federal que podr\u00eda definir el futuro migratorio de cientos de cubanos con el formulario I-220A fue aplazada por segunda vez. La jueza Jacqueline Becerra, del Tribunal del Distrito Sur de Florida, reprogram\u00f3 la vista \u2014inicialmente prevista para el 26 de agosto, luego movida al 2 de septiembre\u2014 para el pr\u00f3ximo 10 de septiembre en el Wilkie D. Ferguson Jr. U.S. Courthouse de Miami, sin ofrecer explicaciones p\u00fablicas sobre los motivos del cambio.<\/p>\n\n\n\n<p class=\"wp-block-paragraph\">El caso, conocido como Bello-Rubio v. Departamento de Seguridad Nacional (DHS), involucra a 992 cubanos que buscan que su liberaci\u00f3n bajo el formulario I-220A sea reconocida como equivalente al parole migratorio. Ese reconocimiento les abrir\u00eda la puerta para solicitar la residencia permanente bajo la Ley de Ajuste Cubano, que exige haber sido \u00abinspeccionado y admitido\u00bb o haber recibido parole. El gobierno estadounidense sostiene que el I-220A no equivale a un parole y ha cuestionado la autoridad del tribunal para conceder ese remedio. La jueza podr\u00eda no emitir una decisi\u00f3n inmediata en la audiencia; existe la posibilidad de que resuelva por escrito m\u00e1s adelante o pida informaci\u00f3n adicional, y aunque el caso avance como acci\u00f3n colectiva, no hay garant\u00eda de que todos los cubanos con I-220A obtengan autom\u00e1ticamente el parole o la residencia.<\/p>\n\n\n\n<iframe loading=\"lazy\" src=\"https:\/\/www.facebook.com\/plugins\/post.php?href=https%3A%2F%2Fwww.facebook.com%2Fwilfredo.cancioisla%2Fposts%2Fpfbid02jS1EwfuZea6QryoGxLJ5N9F4XrfiWapQR9FGjqNxLA1C5YwHzmqSdP1ag7A24CPGl&#038;show_text=true&#038;width=500\" width=\"500\" height=\"812\" style=\"border:none;overflow:hidden\" scrolling=\"no\" frameborder=\"0\" allowfullscreen=\"true\" allow=\"autoplay; clipboard-write; encrypted-media; picture-in-picture; web-share\"><\/iframe>\n\n\n\n<p class=\"wp-block-paragraph\">El trasfondo pol\u00edtico de este proceso qued\u00f3 reflejado en declaraciones recientes de Rubio, en una entrevista con el periodista Sergio Novelli. Rubio reconoci\u00f3 que la comunidad cubana enfrenta \u00abpor primera vez\u00bb consecuencias severas de la pol\u00edtica migratoria de la administraci\u00f3n Trump. <\/p>\n\n\n\n<p class=\"wp-block-paragraph\">\u00abEstamos viendo casos de cubanos por primera vez\u00bb, afirm\u00f3, aclarando que las medidas no apuntan a una nacionalidad espec\u00edfica \u2014tambi\u00e9n afectan a haitianos y salvadore\u00f1os\u2014, aunque reconoci\u00f3 la magnitud del impacto: solo en junio se emitieron 1,642 \u00f3rdenes de deportaci\u00f3n contra ciudadanos cubanos, seg\u00fan cifras citadas por CiberCuba.<\/p>\n\n\n\n<p class=\"wp-block-paragraph\">Rubio tambi\u00e9n se refiri\u00f3 a la orden de un tribunal federal de California que obliga al Servicio de Ciudadan\u00eda e Inmigraci\u00f3n (USCIS) a reanudar la tramitaci\u00f3n de solicitudes de asilo y otros beneficios migratorios que hab\u00edan quedado paralizados bajo la administraci\u00f3n actual; USCIS ha expresado su desacuerdo con el fallo pero se comprometi\u00f3 a cumplirlo. El secretario defendi\u00f3 la postura de que los estatus migratorios temporales \u00abno deben prolongarse indefinidamente\u00bb y responsabiliz\u00f3 a la administraci\u00f3n de Joe Biden de lo que calific\u00f3 como una \u00abinmigraci\u00f3n masiva\u00bb que el gobierno actual busca revertir.<\/p>\n\n\n\n<p class=\"wp-block-paragraph\">Mientras se define el caso, los cubanos con I-220A deben seguir cumpliendo con sus citas ante el Servicio de Inmigraci\u00f3n y Control de Aduanas (ICE) y comparecer ante el tribunal cuando se les requiera, pese a la incertidumbre sobre el resultado final.<\/p>\n\n\n\n<p class=\"wp-block-paragraph\">Justo en las \u00faltimas 24 hrs se conoci\u00f3 que un ciudadano haitiano se suicid\u00f3 tras haberle sido negado su TPS (estatus de protecci\u00f3n temporal)<\/p>\n\n\n\n<p class=\"wp-block-paragraph\"><strong>[FUENTES INICIALES]<\/strong><\/p>\n\n\n\n<ul class=\"wp-block-list\">\n<li>Telegram: <a href=\"https:\/\/t.me\/DirectorioCubano\/31429\" target=\"_blank\" rel=\"noreferrer noopener nofollow\">https:\/\/t.me\/DirectorioCubano\/31429<\/a><\/li>\n\n\n\n<li>Telegram: <a href=\"https:\/\/t.me\/cibercuba\/140124\" target=\"_blank\" rel=\"noreferrer noopener\">https:\/\/t.me\/cibercuba\/140124<\/a><\/li>\n<\/ul>\n","protected":false},"excerpt":{"rendered":"<p>La audiencia federal del caso Bello-Rubio contra el Departamento de Seguridad Nacional, que involucra a 992 cubanos con el formulario I-220A, fue aplazada por segunda vez hasta el 10 de septiembre. El aplazamiento se conoce mientras el secretario de Estado, Marco Rubio, reconoce que los cubanos enfrentan \u00abpor primera vez\u00bb consecuencias severas de la pol\u00edtica migratoria de la administraci\u00f3n Trump, con 1,642 \u00f3rdenes de deportaci\u00f3n emitidas solo en junio.<\/p>\n","protected":false},"author":13,"featured_media":145477,"comment_status":"open","ping_status":"closed","sticky":false,"template":"","format":"standard","meta":{"_acf_changed":false,"footnotes":""},"categories":[18,955],"tags":[37710,92,14467,691,17863,110,1212,256,96,238,11017,37822],"class_list":["post-255760","post","type-post","status-publish","format-standard","has-post-thumbnail","category-noticias","category-noticias-de-cuba","tag-bello-rubio","tag-cubanos","tag-departamento-de-seguridad-nacional","tag-deportaciones","tag-i-220a","tag-ley-de-ajuste-cubano","tag-marco-rubio","tag-miami","tag-migracion","tag-parole","tag-superdestacado","tag-tribunal-del-distrito-sur-de-florida"],"acf":[],"yoast_head":"<!-- This site is optimized with the Yoast SEO plugin v28.3 - https:\/\/yoast.com\/product\/yoast-seo-wordpress\/ -->\n<title>Aplazan por segunda vez la audiencia clave para 992 cubanos con I-220A - Cuballama Noticias<\/title>\n<meta name=\"description\" content=\"La audiencia sobre el I-220A para cubanos en Miami se aplaza por segunda vez al 10 de septiembre, mientras Rubio admite el impacto de la pol\u00edtica migratoria de Trump en la comunidad cubana.\" \/>\n<meta name=\"robots\" content=\"index, follow, max-snippet:-1, max-image-preview:large, max-video-preview:-1\" \/>\n<link rel=\"canonical\" href=\"https:\/\/www.cuballama.com\/noticias\/aplazan-por-segunda-vez-la-audiencia-clave-para-992-cubanos-con-i-220a\/\" \/>\n<meta property=\"og:locale\" content=\"es_ES\" \/>\n<meta property=\"og:type\" content=\"article\" \/>\n<meta property=\"og:title\" content=\"Aplazan por segunda vez la audiencia clave para 992 cubanos con I-220A - Cuballama Noticias\" \/>\n<meta property=\"og:description\" content=\"La audiencia sobre el I-220A para cubanos en Miami se aplaza por segunda vez al 10 de septiembre, mientras Rubio admite el impacto de la pol\u00edtica migratoria de Trump en la comunidad cubana.\" \/>\n<meta property=\"og:url\" content=\"https:\/\/www.cuballama.com\/noticias\/aplazan-por-segunda-vez-la-audiencia-clave-para-992-cubanos-con-i-220a\/\" \/>\n<meta property=\"og:site_name\" content=\"Cuballama Noticias\" \/>\n<meta property=\"article:publisher\" content=\"https:\/\/www.facebook.com\/CubaLlama\" \/>\n<meta property=\"article:published_time\" content=\"2026-09-02T16:28:11+00:00\" \/>\n<meta property=\"article:modified_time\" content=\"2026-09-02T16:28:14+00:00\" \/>\n<meta property=\"og:image\" content=\"https:\/\/cdn1.mediawpaccore.net\/wp-content\/uploads\/2023\/11\/16085600\/7a530ec1-e0c1-40a4-b8e1-5ec97b587cdd.jpg\" \/>\n\t<meta property=\"og:image:width\" content=\"2048\" \/>\n\t<meta property=\"og:image:height\" content=\"2048\" \/>\n\t<meta property=\"og:image:type\" content=\"image\/jpeg\" \/>\n<meta name=\"author\" content=\"Roberto A.\" \/>\n<meta name=\"twitter:card\" content=\"summary_large_image\" \/>\n<meta name=\"twitter:creator\" content=\"@cuballama\" \/>\n<meta name=\"twitter:site\" content=\"@cuballama\" \/>\n<meta name=\"twitter:label1\" content=\"Escrito por\" \/>\n\t<meta name=\"twitter:data1\" content=\"Roberto A.\" \/>\n\t<meta name=\"twitter:label2\" content=\"Tiempo de lectura\" \/>\n\t<meta name=\"twitter:data2\" content=\"3 minutos\" \/>\n<script type=\"application\/ld+json\" class=\"yoast-schema-graph\">{\"@context\":\"https:\\\/\\\/schema.org\",\"@graph\":[{\"@type\":\"Article\",\"@id\":\"https:\\\/\\\/www.cuballama.com\\\/noticias\\\/aplazan-por-segunda-vez-la-audiencia-clave-para-992-cubanos-con-i-220a\\\/#article\",\"isPartOf\":{\"@id\":\"https:\\\/\\\/www.cuballama.com\\\/noticias\\\/aplazan-por-segunda-vez-la-audiencia-clave-para-992-cubanos-con-i-220a\\\/\"},\"author\":{\"name\":\"Roberto A.\",\"@id\":\"https:\\\/\\\/www.cuballama.com\\\/noticias\\\/#\\\/schema\\\/person\\\/a58502ed4146c8e9f83872e897c76cd2\"},\"headline\":\"Aplazan por segunda vez la audiencia clave para 992 cubanos con I-220A\",\"datePublished\":\"2026-09-02T16:28:11+00:00\",\"dateModified\":\"2026-09-02T16:28:14+00:00\",\"mainEntityOfPage\":{\"@id\":\"https:\\\/\\\/www.cuballama.com\\\/noticias\\\/aplazan-por-segunda-vez-la-audiencia-clave-para-992-cubanos-con-i-220a\\\/\"},\"wordCount\":610,\"commentCount\":0,\"publisher\":{\"@id\":\"https:\\\/\\\/www.cuballama.com\\\/noticias\\\/#organization\"},\"image\":{\"@id\":\"https:\\\/\\\/www.cuballama.com\\\/noticias\\\/aplazan-por-segunda-vez-la-audiencia-clave-para-992-cubanos-con-i-220a\\\/#primaryimage\"},\"thumbnailUrl\":\"https:\\\/\\\/cdn1.mediawpaccore.net\\\/wp-content\\\/uploads\\\/2023\\\/11\\\/16085600\\\/7a530ec1-e0c1-40a4-b8e1-5ec97b587cdd.jpg\",\"keywords\":[\"Bello-Rubio\",\"cubanos\",\"Departamento de Seguridad Nacional\",\"Deportaciones\",\"I-220A\",\"ley de ajuste cubano\",\"Marco Rubio\",\"Miami\",\"migraci\u00f3n\",\"parole\",\"superdestacado\",\"Tribunal del Distrito Sur de Florida\"],\"articleSection\":[\"Noticias\",\"Noticias de Cuba\"],\"inLanguage\":\"es\",\"potentialAction\":[{\"@type\":\"CommentAction\",\"name\":\"Comment\",\"target\":[\"https:\\\/\\\/www.cuballama.com\\\/noticias\\\/aplazan-por-segunda-vez-la-audiencia-clave-para-992-cubanos-con-i-220a\\\/#respond\"]}]},{\"@type\":\"WebPage\",\"@id\":\"https:\\\/\\\/www.cuballama.com\\\/noticias\\\/aplazan-por-segunda-vez-la-audiencia-clave-para-992-cubanos-con-i-220a\\\/\",\"url\":\"https:\\\/\\\/www.cuballama.com\\\/noticias\\\/aplazan-por-segunda-vez-la-audiencia-clave-para-992-cubanos-con-i-220a\\\/\",\"name\":\"Aplazan por segunda vez la audiencia clave para 992 cubanos con I-220A - Cuballama Noticias\",\"isPartOf\":{\"@id\":\"https:\\\/\\\/www.cuballama.com\\\/noticias\\\/#website\"},\"primaryImageOfPage\":{\"@id\":\"https:\\\/\\\/www.cuballama.com\\\/noticias\\\/aplazan-por-segunda-vez-la-audiencia-clave-para-992-cubanos-con-i-220a\\\/#primaryimage\"},\"image\":{\"@id\":\"https:\\\/\\\/www.cuballama.com\\\/noticias\\\/aplazan-por-segunda-vez-la-audiencia-clave-para-992-cubanos-con-i-220a\\\/#primaryimage\"},\"thumbnailUrl\":\"https:\\\/\\\/cdn1.mediawpaccore.net\\\/wp-content\\\/uploads\\\/2023\\\/11\\\/16085600\\\/7a530ec1-e0c1-40a4-b8e1-5ec97b587cdd.jpg\",\"datePublished\":\"2026-09-02T16:28:11+00:00\",\"dateModified\":\"2026-09-02T16:28:14+00:00\",\"description\":\"La audiencia sobre el I-220A para cubanos en Miami se aplaza por segunda vez al 10 de septiembre, mientras Rubio admite el impacto de la pol\u00edtica migratoria de Trump en la comunidad cubana.\",\"breadcrumb\":{\"@id\":\"https:\\\/\\\/www.cuballama.com\\\/noticias\\\/aplazan-por-segunda-vez-la-audiencia-clave-para-992-cubanos-con-i-220a\\\/#breadcrumb\"},\"inLanguage\":\"es\",\"potentialAction\":[{\"@type\":\"ReadAction\",\"target\":[\"https:\\\/\\\/www.cuballama.com\\\/noticias\\\/aplazan-por-segunda-vez-la-audiencia-clave-para-992-cubanos-con-i-220a\\\/\"]}]},{\"@type\":\"ImageObject\",\"inLanguage\":\"es\",\"@id\":\"https:\\\/\\\/www.cuballama.com\\\/noticias\\\/aplazan-por-segunda-vez-la-audiencia-clave-para-992-cubanos-con-i-220a\\\/#primaryimage\",\"url\":\"https:\\\/\\\/cdn1.mediawpaccore.net\\\/wp-content\\\/uploads\\\/2023\\\/11\\\/16085600\\\/7a530ec1-e0c1-40a4-b8e1-5ec97b587cdd.jpg\",\"contentUrl\":\"https:\\\/\\\/cdn1.mediawpaccore.net\\\/wp-content\\\/uploads\\\/2023\\\/11\\\/16085600\\\/7a530ec1-e0c1-40a4-b8e1-5ec97b587cdd.jpg\",\"width\":2048,\"height\":2048,\"caption\":\"Cubanos con I-220A desaf\u00edan la lluvia y protestan en Miami frente a las oficinas del Homeland Security, en Miami. Foto: Roberto A. Cortes\u00eda para\"},{\"@type\":\"BreadcrumbList\",\"@id\":\"https:\\\/\\\/www.cuballama.com\\\/noticias\\\/aplazan-por-segunda-vez-la-audiencia-clave-para-992-cubanos-con-i-220a\\\/#breadcrumb\",\"itemListElement\":[{\"@type\":\"ListItem\",\"position\":1,\"name\":\"Home\",\"item\":\"https:\\\/\\\/www.cuballama.com\\\/noticias\\\/\"},{\"@type\":\"ListItem\",\"position\":2,\"name\":\"Aplazan por segunda vez la audiencia clave para 992 cubanos con I-220A\"}]},{\"@type\":\"WebSite\",\"@id\":\"https:\\\/\\\/www.cuballama.com\\\/noticias\\\/#website\",\"url\":\"https:\\\/\\\/www.cuballama.com\\\/noticias\\\/\",\"name\":\"Cuballama Noticias\",\"description\":\"Medio digital sobre Cuba y el mundo\",\"publisher\":{\"@id\":\"https:\\\/\\\/www.cuballama.com\\\/noticias\\\/#organization\"},\"potentialAction\":[{\"@type\":\"SearchAction\",\"target\":{\"@type\":\"EntryPoint\",\"urlTemplate\":\"https:\\\/\\\/www.cuballama.com\\\/noticias\\\/?s={search_term_string}\"},\"query-input\":{\"@type\":\"PropertyValueSpecification\",\"valueRequired\":true,\"valueName\":\"search_term_string\"}}],\"inLanguage\":\"es\"},{\"@type\":\"Organization\",\"@id\":\"https:\\\/\\\/www.cuballama.com\\\/noticias\\\/#organization\",\"name\":\"Cuballama\",\"url\":\"https:\\\/\\\/www.cuballama.com\\\/noticias\\\/\",\"logo\":{\"@type\":\"ImageObject\",\"inLanguage\":\"es\",\"@id\":\"https:\\\/\\\/www.cuballama.com\\\/noticias\\\/#\\\/schema\\\/logo\\\/image\\\/\",\"url\":\"https:\\\/\\\/cdn1.mediawpaccore.net\\\/wp-content\\\/uploads\\\/2021\\\/12\\\/28171206\\\/cbll-logo-color-sm.png\",\"contentUrl\":\"https:\\\/\\\/cdn1.mediawpaccore.net\\\/wp-content\\\/uploads\\\/2021\\\/12\\\/28171206\\\/cbll-logo-color-sm.png\",\"width\":600,\"height\":133,\"caption\":\"Cuballama\"},\"image\":{\"@id\":\"https:\\\/\\\/www.cuballama.com\\\/noticias\\\/#\\\/schema\\\/logo\\\/image\\\/\"},\"sameAs\":[\"https:\\\/\\\/www.facebook.com\\\/CubaLlama\",\"https:\\\/\\\/x.com\\\/cuballama\",\"https:\\\/\\\/www.instagram.com\\\/stories\\\/cuballama_oficial\\\/\",\"https:\\\/\\\/www.youtube.com\\\/channel\\\/UCKkFE-d_axENGZcrc4as0IA\"]},{\"@type\":\"Person\",\"@id\":\"https:\\\/\\\/www.cuballama.com\\\/noticias\\\/#\\\/schema\\\/person\\\/a58502ed4146c8e9f83872e897c76cd2\",\"name\":\"Roberto A.\",\"description\":\"Roberto A. Periodista por decisi\u00f3n propia. Interesado en cualquier tema que me apasione y cada vez m\u00e1s comprometido con la verdad y la objetividad period\u00edstica. Graduado en La Habana hace ya muchos a\u00f1os, luego de una accidentada y polvorienta b\u00fasqueda de informaci\u00f3n sobre un tema in\u00e9dito. La Tesis, por cierto, desapareci\u00f3 de la biblioteca y no se conservan copias de la misma.\",\"url\":\"https:\\\/\\\/www.cuballama.com\\\/noticias\\\/author\\\/roberto\\\/\"}]}<\/script>\n<!-- \/ Yoast SEO plugin. -->","yoast_head_json":{"title":"Aplazan por segunda vez la audiencia clave para 992 cubanos con I-220A - Cuballama Noticias","description":"La audiencia sobre el I-220A para cubanos en Miami se aplaza por segunda vez al 10 de septiembre, mientras Rubio admite el impacto de la pol\u00edtica migratoria de Trump en la comunidad cubana.","robots":{"index":"index","follow":"follow","max-snippet":"max-snippet:-1","max-image-preview":"max-image-preview:large","max-video-preview":"max-video-preview:-1"},"canonical":"https:\/\/www.cuballama.com\/noticias\/aplazan-por-segunda-vez-la-audiencia-clave-para-992-cubanos-con-i-220a\/","og_locale":"es_ES","og_type":"article","og_title":"Aplazan por segunda vez la audiencia clave para 992 cubanos con I-220A - Cuballama Noticias","og_description":"La audiencia sobre el I-220A para cubanos en Miami se aplaza por segunda vez al 10 de septiembre, mientras Rubio admite el impacto de la pol\u00edtica migratoria de Trump en la comunidad cubana.","og_url":"https:\/\/www.cuballama.com\/noticias\/aplazan-por-segunda-vez-la-audiencia-clave-para-992-cubanos-con-i-220a\/","og_site_name":"Cuballama Noticias","article_publisher":"https:\/\/www.facebook.com\/CubaLlama","article_published_time":"2026-09-02T16:28:11+00:00","article_modified_time":"2026-09-02T16:28:14+00:00","og_image":[{"width":2048,"height":2048,"url":"https:\/\/cdn1.mediawpaccore.net\/wp-content\/uploads\/2023\/11\/16085600\/7a530ec1-e0c1-40a4-b8e1-5ec97b587cdd.jpg","type":"image\/jpeg"}],"author":"Roberto A.","twitter_card":"summary_large_image","twitter_creator":"@cuballama","twitter_site":"@cuballama","twitter_misc":{"Escrito por":"Roberto A.","Tiempo de lectura":"3 minutos"},"schema":{"@context":"https:\/\/schema.org","@graph":[{"@type":"Article","@id":"https:\/\/www.cuballama.com\/noticias\/aplazan-por-segunda-vez-la-audiencia-clave-para-992-cubanos-con-i-220a\/#article","isPartOf":{"@id":"https:\/\/www.cuballama.com\/noticias\/aplazan-por-segunda-vez-la-audiencia-clave-para-992-cubanos-con-i-220a\/"},"author":{"name":"Roberto A.","@id":"https:\/\/www.cuballama.com\/noticias\/#\/schema\/person\/a58502ed4146c8e9f83872e897c76cd2"},"headline":"Aplazan por segunda vez la audiencia clave para 992 cubanos con I-220A","datePublished":"2026-09-02T16:28:11+00:00","dateModified":"2026-09-02T16:28:14+00:00","mainEntityOfPage":{"@id":"https:\/\/www.cuballama.com\/noticias\/aplazan-por-segunda-vez-la-audiencia-clave-para-992-cubanos-con-i-220a\/"},"wordCount":610,"commentCount":0,"publisher":{"@id":"https:\/\/www.cuballama.com\/noticias\/#organization"},"image":{"@id":"https:\/\/www.cuballama.com\/noticias\/aplazan-por-segunda-vez-la-audiencia-clave-para-992-cubanos-con-i-220a\/#primaryimage"},"thumbnailUrl":"https:\/\/cdn1.mediawpaccore.net\/wp-content\/uploads\/2023\/11\/16085600\/7a530ec1-e0c1-40a4-b8e1-5ec97b587cdd.jpg","keywords":["Bello-Rubio","cubanos","Departamento de Seguridad Nacional","Deportaciones","I-220A","ley de ajuste cubano","Marco Rubio","Miami","migraci\u00f3n","parole","superdestacado","Tribunal del Distrito Sur de Florida"],"articleSection":["Noticias","Noticias de Cuba"],"inLanguage":"es","potentialAction":[{"@type":"CommentAction","name":"Comment","target":["https:\/\/www.cuballama.com\/noticias\/aplazan-por-segunda-vez-la-audiencia-clave-para-992-cubanos-con-i-220a\/#respond"]}]},{"@type":"WebPage","@id":"https:\/\/www.cuballama.com\/noticias\/aplazan-por-segunda-vez-la-audiencia-clave-para-992-cubanos-con-i-220a\/","url":"https:\/\/www.cuballama.com\/noticias\/aplazan-por-segunda-vez-la-audiencia-clave-para-992-cubanos-con-i-220a\/","name":"Aplazan por segunda vez la audiencia clave para 992 cubanos con I-220A - Cuballama Noticias","isPartOf":{"@id":"https:\/\/www.cuballama.com\/noticias\/#website"},"primaryImageOfPage":{"@id":"https:\/\/www.cuballama.com\/noticias\/aplazan-por-segunda-vez-la-audiencia-clave-para-992-cubanos-con-i-220a\/#primaryimage"},"image":{"@id":"https:\/\/www.cuballama.com\/noticias\/aplazan-por-segunda-vez-la-audiencia-clave-para-992-cubanos-con-i-220a\/#primaryimage"},"thumbnailUrl":"https:\/\/cdn1.mediawpaccore.net\/wp-content\/uploads\/2023\/11\/16085600\/7a530ec1-e0c1-40a4-b8e1-5ec97b587cdd.jpg","datePublished":"2026-09-02T16:28:11+00:00","dateModified":"2026-09-02T16:28:14+00:00","description":"La audiencia sobre el I-220A para cubanos en Miami se aplaza por segunda vez al 10 de septiembre, mientras Rubio admite el impacto de la pol\u00edtica migratoria de Trump en la comunidad cubana.","breadcrumb":{"@id":"https:\/\/www.cuballama.com\/noticias\/aplazan-por-segunda-vez-la-audiencia-clave-para-992-cubanos-con-i-220a\/#breadcrumb"},"inLanguage":"es","potentialAction":[{"@type":"ReadAction","target":["https:\/\/www.cuballama.com\/noticias\/aplazan-por-segunda-vez-la-audiencia-clave-para-992-cubanos-con-i-220a\/"]}]},{"@type":"ImageObject","inLanguage":"es","@id":"https:\/\/www.cuballama.com\/noticias\/aplazan-por-segunda-vez-la-audiencia-clave-para-992-cubanos-con-i-220a\/#primaryimage","url":"https:\/\/cdn1.mediawpaccore.net\/wp-content\/uploads\/2023\/11\/16085600\/7a530ec1-e0c1-40a4-b8e1-5ec97b587cdd.jpg","contentUrl":"https:\/\/cdn1.mediawpaccore.net\/wp-content\/uploads\/2023\/11\/16085600\/7a530ec1-e0c1-40a4-b8e1-5ec97b587cdd.jpg","width":2048,"height":2048,"caption":"Cubanos con I-220A desaf\u00edan la lluvia y protestan en Miami frente a las oficinas del Homeland Security, en Miami. Foto: Roberto A. Cortes\u00eda para"},{"@type":"BreadcrumbList","@id":"https:\/\/www.cuballama.com\/noticias\/aplazan-por-segunda-vez-la-audiencia-clave-para-992-cubanos-con-i-220a\/#breadcrumb","itemListElement":[{"@type":"ListItem","position":1,"name":"Home","item":"https:\/\/www.cuballama.com\/noticias\/"},{"@type":"ListItem","position":2,"name":"Aplazan por segunda vez la audiencia clave para 992 cubanos con I-220A"}]},{"@type":"WebSite","@id":"https:\/\/www.cuballama.com\/noticias\/#website","url":"https:\/\/www.cuballama.com\/noticias\/","name":"Cuballama Noticias","description":"Medio digital sobre Cuba y el mundo","publisher":{"@id":"https:\/\/www.cuballama.com\/noticias\/#organization"},"potentialAction":[{"@type":"SearchAction","target":{"@type":"EntryPoint","urlTemplate":"https:\/\/www.cuballama.com\/noticias\/?s={search_term_string}"},"query-input":{"@type":"PropertyValueSpecification","valueRequired":true,"valueName":"search_term_string"}}],"inLanguage":"es"},{"@type":"Organization","@id":"https:\/\/www.cuballama.com\/noticias\/#organization","name":"Cuballama","url":"https:\/\/www.cuballama.com\/noticias\/","logo":{"@type":"ImageObject","inLanguage":"es","@id":"https:\/\/www.cuballama.com\/noticias\/#\/schema\/logo\/image\/","url":"https:\/\/cdn1.mediawpaccore.net\/wp-content\/uploads\/2021\/12\/28171206\/cbll-logo-color-sm.png","contentUrl":"https:\/\/cdn1.mediawpaccore.net\/wp-content\/uploads\/2021\/12\/28171206\/cbll-logo-color-sm.png","width":600,"height":133,"caption":"Cuballama"},"image":{"@id":"https:\/\/www.cuballama.com\/noticias\/#\/schema\/logo\/image\/"},"sameAs":["https:\/\/www.facebook.com\/CubaLlama","https:\/\/x.com\/cuballama","https:\/\/www.instagram.com\/stories\/cuballama_oficial\/","https:\/\/www.youtube.com\/channel\/UCKkFE-d_axENGZcrc4as0IA"]},{"@type":"Person","@id":"https:\/\/www.cuballama.com\/noticias\/#\/schema\/person\/a58502ed4146c8e9f83872e897c76cd2","name":"Roberto A.","description":"Roberto A. Periodista por decisi\u00f3n propia. Interesado en cualquier tema que me apasione y cada vez m\u00e1s comprometido con la verdad y la objetividad period\u00edstica. Graduado en La Habana hace ya muchos a\u00f1os, luego de una accidentada y polvorienta b\u00fasqueda de informaci\u00f3n sobre un tema in\u00e9dito. La Tesis, por cierto, desapareci\u00f3 de la biblioteca y no se conservan copias de la misma.","url":"https:\/\/www.cuballama.com\/noticias\/author\/roberto\/"}]}},"_links":{"self":[{"href":"https:\/\/www.cuballama.com\/noticias\/wp-json\/wp\/v2\/posts\/255760","targetHints":{"allow":["GET"]}}],"collection":[{"href":"https:\/\/www.cuballama.com\/noticias\/wp-json\/wp\/v2\/posts"}],"about":[{"href":"https:\/\/www.cuballama.com\/noticias\/wp-json\/wp\/v2\/types\/post"}],"author":[{"embeddable":true,"href":"https:\/\/www.cuballama.com\/noticias\/wp-json\/wp\/v2\/users\/13"}],"replies":[{"embeddable":true,"href":"https:\/\/www.cuballama.com\/noticias\/wp-json\/wp\/v2\/comments?post=255760"}],"version-history":[{"count":3,"href":"https:\/\/www.cuballama.com\/noticias\/wp-json\/wp\/v2\/posts\/255760\/revisions"}],"predecessor-version":[{"id":255856,"href":"https:\/\/www.cuballama.com\/noticias\/wp-json\/wp\/v2\/posts\/255760\/revisions\/255856"}],"wp:featuredmedia":[{"embeddable":true,"href":"https:\/\/www.cuballama.com\/noticias\/wp-json\/wp\/v2\/media\/145477"}],"wp:attachment":[{"href":"https:\/\/www.cuballama.com\/noticias\/wp-json\/wp\/v2\/media?parent=255760"}],"wp:term":[{"taxonomy":"category","embeddable":true,"href":"https:\/\/www.cuballama.com\/noticias\/wp-json\/wp\/v2\/categories?post=255760"},{"taxonomy":"post_tag","embeddable":true,"href":"https:\/\/www.cuballama.com\/noticias\/wp-json\/wp\/v2\/tags?post=255760"}],"curies":[{"name":"wp","href":"https:\/\/api.w.org\/{rel}","templated":true}]}}