{"id":255755,"date":"2026-09-02T10:03:07","date_gmt":"2026-09-02T14:03:07","guid":{"rendered":"https:\/\/www.cuballama.com\/noticias\/?p=255755"},"modified":"2026-09-02T10:03:10","modified_gmt":"2026-09-02T14:03:10","slug":"samantha-espineira-compra-una-casa-en-eeuu-para-sus-padres-ahora-me-toca-cuidarlos","status":"publish","type":"post","link":"https:\/\/www.cuballama.com\/noticias\/samantha-espineira-compra-una-casa-en-eeuu-para-sus-padres-ahora-me-toca-cuidarlos\/","title":{"rendered":"Samantha Espineira compra una casa en EEUU para sus padres: \u201cAhora me toca cuidarlos\u201d"},"content":{"rendered":"\n<p class=\"wp-block-paragraph\">La influencer cubana Samantha Espineira anunci\u00f3 que compr\u00f3 una casa en Estados Unidos para que vivan sus padres, un logro familiar que celebr\u00f3 mediante una publicaci\u00f3n compartida con sus seguidores en Instagram.<\/p>\n\n\n\n<p class=\"wp-block-paragraph\">\u201cMam\u00e1 y pap\u00e1, bienvenidos a su casa\u201d, escribi\u00f3 la creadora de contenido junto a un carrusel de fotograf\u00edas que super\u00f3 las 20.000 reacciones durante sus primeras horas en la plataforma.<\/p>\n\n\n\n<p class=\"wp-block-paragraph\">En las im\u00e1genes, Samantha aparece sonriente y con las llaves de la vivienda en las manos. Las fotograf\u00edas tambi\u00e9n muestran algunos espacios del inmueble, entre ellos una amplia cocina con isla central, pisos de m\u00e1rmol, l\u00e1mparas de dise\u00f1o moderno y una piscina.<\/p>\n\n\n\n<p class=\"wp-block-paragraph\">La \u00faltima instant\u00e1nea del carrusel la muestra acompa\u00f1ada de su padre dentro de la propiedad. Ambos posaron frente a la c\u00e1mara haciendo con las manos el signo de la victoria.<\/p>\n\n\n\n<h2 class=\"wp-block-heading\">Un sue\u00f1o dedicado a sus padres<\/h2>\n\n\n\n<p class=\"wp-block-paragraph\">Despu\u00e9s de recibir numerosos mensajes de felicitaci\u00f3n, Espineira explic\u00f3 en sus historias de Instagram el significado personal de la compra. La joven reconoci\u00f3 que adquirir una vivienda en territorio estadounidense representa una bendici\u00f3n, pero poder convertirla en el hogar de sus padres le concede un valor mucho m\u00e1s especial.<\/p>\n\n\n\n<p class=\"wp-block-paragraph\">Uno de sus seguidores destac\u00f3 que hab\u00eda conseguido una de las metas que comparten muchos emigrados: ofrecerles a sus progenitores un hogar en el pa\u00eds donde comenzaron una nueva vida.<\/p>\n\n\n\n<blockquote class=\"instagram-media\" data-instgrm-captioned data-instgrm-permalink=\"https:\/\/www.instagram.com\/p\/DcjzM41D9xV\/?utm_source=ig_embed&amp;utm_campaign=loading\" data-instgrm-version=\"14\" style=\" background:#FFF; border:0; border-radius:3px; box-shadow:0 0 1px 0 rgba(0,0,0,0.5),0 1px 10px 0 rgba(0,0,0,0.15); margin: 1px; max-width:540px; min-width:326px; padding:0; width:99.375%; width:-webkit-calc(100% - 2px); width:calc(100% - 2px);\"><div style=\"padding:16px;\"> <a href=\"https:\/\/www.instagram.com\/p\/DcjzM41D9xV\/?utm_source=ig_embed&amp;utm_campaign=loading\" style=\" background:#FFFFFF; line-height:0; padding:0 0; text-align:center; text-decoration:none; width:100%;\" target=\"_blank\"> <div style=\" display: flex; flex-direction: row; align-items: center;\"> <div style=\"background-color: #F4F4F4; border-radius: 50%; flex-grow: 0; height: 40px; margin-right: 14px; width: 40px;\"><\/div> <div style=\"display: flex; flex-direction: column; flex-grow: 1; justify-content: center;\"> <div style=\" background-color: #F4F4F4; border-radius: 4px; flex-grow: 0; height: 14px; margin-bottom: 6px; width: 100px;\"><\/div> <div style=\" background-color: #F4F4F4; border-radius: 4px; flex-grow: 0; height: 14px; width: 60px;\"><\/div><\/div><\/div><div style=\"padding: 19% 0;\"><\/div> <div style=\"display:block; height:50px; margin:0 auto 12px; width:50px;\"><svg width=\"50px\" height=\"50px\" viewBox=\"0 0 60 60\" version=\"1.1\" xmlns=\"https:\/\/www.w3.org\/2000\/svg\" xmlns:xlink=\"https:\/\/www.w3.org\/1999\/xlink\"><g stroke=\"none\" stroke-width=\"1\" fill=\"none\" fill-rule=\"evenodd\"><g transform=\"translate(-511.000000, -20.000000)\" fill=\"#000000\"><g><path d=\"M556.869,30.41 C554.814,30.41 553.148,32.076 553.148,34.131 C553.148,36.186 554.814,37.852 556.869,37.852 C558.924,37.852 560.59,36.186 560.59,34.131 C560.59,32.076 558.924,30.41 556.869,30.41 M541,60.657 C535.114,60.657 530.342,55.887 530.342,50 C530.342,44.114 535.114,39.342 541,39.342 C546.887,39.342 551.658,44.114 551.658,50 C551.658,55.887 546.887,60.657 541,60.657 M541,33.886 C532.1,33.886 524.886,41.1 524.886,50 C524.886,58.899 532.1,66.113 541,66.113 C549.9,66.113 557.115,58.899 557.115,50 C557.115,41.1 549.9,33.886 541,33.886 M565.378,62.101 C565.244,65.022 564.756,66.606 564.346,67.663 C563.803,69.06 563.154,70.057 562.106,71.106 C561.058,72.155 560.06,72.803 558.662,73.347 C557.607,73.757 556.021,74.244 553.102,74.378 C549.944,74.521 548.997,74.552 541,74.552 C533.003,74.552 532.056,74.521 528.898,74.378 C525.979,74.244 524.393,73.757 523.338,73.347 C521.94,72.803 520.942,72.155 519.894,71.106 C518.846,70.057 518.197,69.06 517.654,67.663 C517.244,66.606 516.755,65.022 516.623,62.101 C516.479,58.943 516.448,57.996 516.448,50 C516.448,42.003 516.479,41.056 516.623,37.899 C516.755,34.978 517.244,33.391 517.654,32.338 C518.197,30.938 518.846,29.942 519.894,28.894 C520.942,27.846 521.94,27.196 523.338,26.654 C524.393,26.244 525.979,25.756 528.898,25.623 C532.057,25.479 533.004,25.448 541,25.448 C548.997,25.448 549.943,25.479 553.102,25.623 C556.021,25.756 557.607,26.244 558.662,26.654 C560.06,27.196 561.058,27.846 562.106,28.894 C563.154,29.942 563.803,30.938 564.346,32.338 C564.756,33.391 565.244,34.978 565.378,37.899 C565.522,41.056 565.552,42.003 565.552,50 C565.552,57.996 565.522,58.943 565.378,62.101 M570.82,37.631 C570.674,34.438 570.167,32.258 569.425,30.349 C568.659,28.377 567.633,26.702 565.965,25.035 C564.297,23.368 562.623,22.342 560.652,21.575 C558.743,20.834 556.562,20.326 553.369,20.18 C550.169,20.033 549.148,20 541,20 C532.853,20 531.831,20.033 528.631,20.18 C525.438,20.326 523.257,20.834 521.349,21.575 C519.376,22.342 517.703,23.368 516.035,25.035 C514.368,26.702 513.342,28.377 512.574,30.349 C511.834,32.258 511.326,34.438 511.181,37.631 C511.035,40.831 511,41.851 511,50 C511,58.147 511.035,59.17 511.181,62.369 C511.326,65.562 511.834,67.743 512.574,69.651 C513.342,71.625 514.368,73.296 516.035,74.965 C517.703,76.634 519.376,77.658 521.349,78.425 C523.257,79.167 525.438,79.673 528.631,79.82 C531.831,79.965 532.853,80.001 541,80.001 C549.148,80.001 550.169,79.965 553.369,79.82 C556.562,79.673 558.743,79.167 560.652,78.425 C562.623,77.658 564.297,76.634 565.965,74.965 C567.633,73.296 568.659,71.625 569.425,69.651 C570.167,67.743 570.674,65.562 570.82,62.369 C570.966,59.17 571,58.147 571,50 C571,41.851 570.966,40.831 570.82,37.631\"><\/path><\/g><\/g><\/g><\/svg><\/div><div style=\"padding-top: 8px;\"> <div style=\" color:#3897f0; font-family:Arial,sans-serif; font-size:14px; font-style:normal; font-weight:550; line-height:18px;\">Ver esta publicaci\u00f3n en Instagram<\/div><\/div><div style=\"padding: 12.5% 0;\"><\/div> <div style=\"display: flex; flex-direction: row; margin-bottom: 14px; align-items: center;\"><div> <div style=\"background-color: #F4F4F4; border-radius: 50%; height: 12.5px; width: 12.5px; transform: translateX(0px) translateY(7px);\"><\/div> <div style=\"background-color: #F4F4F4; height: 12.5px; transform: rotate(-45deg) translateX(3px) translateY(1px); width: 12.5px; flex-grow: 0; margin-right: 14px; margin-left: 2px;\"><\/div> <div style=\"background-color: #F4F4F4; border-radius: 50%; height: 12.5px; width: 12.5px; transform: translateX(9px) translateY(-18px);\"><\/div><\/div><div style=\"margin-left: 8px;\"> <div style=\" background-color: #F4F4F4; border-radius: 50%; flex-grow: 0; height: 20px; width: 20px;\"><\/div> <div style=\" width: 0; height: 0; border-top: 2px solid transparent; border-left: 6px solid #f4f4f4; border-bottom: 2px solid transparent; transform: translateX(16px) translateY(-4px) rotate(30deg)\"><\/div><\/div><div style=\"margin-left: auto;\"> <div style=\" width: 0px; border-top: 8px solid #F4F4F4; border-right: 8px solid transparent; transform: translateY(16px);\"><\/div> <div style=\" background-color: #F4F4F4; flex-grow: 0; height: 12px; width: 16px; transform: translateY(-4px);\"><\/div> <div style=\" width: 0; height: 0; border-top: 8px solid #F4F4F4; border-left: 8px solid transparent; transform: translateY(-4px) translateX(8px);\"><\/div><\/div><\/div> <div style=\"display: flex; flex-direction: column; flex-grow: 1; justify-content: center; margin-bottom: 24px;\"> <div style=\" background-color: #F4F4F4; border-radius: 4px; flex-grow: 0; height: 14px; margin-bottom: 6px; width: 224px;\"><\/div> <div style=\" background-color: #F4F4F4; border-radius: 4px; flex-grow: 0; height: 14px; width: 144px;\"><\/div><\/div><\/a><p style=\" color:#c9c8cd; font-family:Arial,sans-serif; font-size:14px; line-height:17px; margin-bottom:0; margin-top:8px; overflow:hidden; padding:8px 0 7px; text-align:center; text-overflow:ellipsis; white-space:nowrap;\"><a href=\"https:\/\/www.instagram.com\/p\/DcjzM41D9xV\/?utm_source=ig_embed&amp;utm_campaign=loading\" style=\" color:#c9c8cd; font-family:Arial,sans-serif; font-size:14px; font-style:normal; font-weight:normal; line-height:17px; text-decoration:none;\" target=\"_blank\">Una publicaci\u00f3n compartida de SAMY ESPINEIRA (@samyy_espineira)<\/a><\/p><\/div><\/blockquote>\n<script async src=\"\/\/www.instagram.com\/embed.js\"><\/script>\n\n\n\n<p class=\"wp-block-paragraph\">Samantha respondi\u00f3 que crecer tambi\u00e9n significa tener la posibilidad de retribuir el amor y los sacrificios recibidos durante a\u00f1os. \u201cAhora me toca a m\u00ed cuidar de ustedes\u201d, expres\u00f3.<\/p>\n\n\n\n<h2 class=\"wp-block-heading\">La primera propiedad lleg\u00f3 antes del nacimiento de Alana<\/h2>\n\n\n\n<p class=\"wp-block-paragraph\">A comienzos de agosto, la influencer <a href=\"https:\/\/www.cuballama.com\/noticias\/samantha-espineira-corona-la-recta-final-de-su-embarazo-comprando-su-primera-casa-en-ee-uu\/\" target=\"_blank\" rel=\"noreferrer noopener\">hab\u00eda anunciado la compra de su primera propiedad en Estados Unidos<\/a>, cuando se encontraba en los \u00faltimos d\u00edas de su embarazo.<\/p>\n\n\n\n<p class=\"wp-block-paragraph\">En aquella publicaci\u00f3n, Espineira present\u00f3 la adquisici\u00f3n como un logro de toda su familia y como parte del futuro que deseaba construir. Las im\u00e1genes de la firma de los documentos ya la mostraban acompa\u00f1ada por sus padres y por su pareja, Norlen Serra.<\/p>\n\n\n\n<p class=\"wp-block-paragraph\">La cubana explic\u00f3 ahora que la vivienda se convertir\u00e1 en el hogar de sus progenitores, quienes residen en Estados Unidos desde 2022.<\/p>\n\n\n\n<h2 class=\"wp-block-heading\">Un mes marcado por importantes cambios familiares<\/h2>\n\n\n\n<p class=\"wp-block-paragraph\">El anuncio llega pocas semanas despu\u00e9s del <a href=\"https:\/\/www.cuballama.com\/noticias\/influencer-cubana-samantha-espineira-da-a-luz-a-su-hija-bienvenida-al-mundo-alana\/\">nacimiento de Alana, la primera hija de Samantha Espineira<\/a>, ocurrido el pasado 8 de agosto en Miami.<\/p>\n\n\n\n<blockquote class=\"instagram-media\" data-instgrm-captioned data-instgrm-permalink=\"https:\/\/www.instagram.com\/p\/Dbv7K83GpmN\/?utm_source=ig_embed&amp;utm_campaign=loading\" data-instgrm-version=\"14\" style=\" background:#FFF; border:0; border-radius:3px; box-shadow:0 0 1px 0 rgba(0,0,0,0.5),0 1px 10px 0 rgba(0,0,0,0.15); margin: 1px; max-width:540px; min-width:326px; padding:0; width:99.375%; width:-webkit-calc(100% - 2px); width:calc(100% - 2px);\"><div style=\"padding:16px;\"> <a href=\"https:\/\/www.instagram.com\/p\/Dbv7K83GpmN\/?utm_source=ig_embed&amp;utm_campaign=loading\" style=\" background:#FFFFFF; line-height:0; padding:0 0; text-align:center; text-decoration:none; width:100%;\" target=\"_blank\"> <div style=\" display: flex; flex-direction: row; align-items: center;\"> <div style=\"background-color: #F4F4F4; border-radius: 50%; flex-grow: 0; height: 40px; margin-right: 14px; width: 40px;\"><\/div> <div style=\"display: flex; flex-direction: column; flex-grow: 1; justify-content: center;\"> <div style=\" background-color: #F4F4F4; border-radius: 4px; flex-grow: 0; height: 14px; margin-bottom: 6px; width: 100px;\"><\/div> <div style=\" background-color: #F4F4F4; border-radius: 4px; flex-grow: 0; height: 14px; width: 60px;\"><\/div><\/div><\/div><div style=\"padding: 19% 0;\"><\/div> <div style=\"display:block; height:50px; margin:0 auto 12px; width:50px;\"><svg width=\"50px\" height=\"50px\" viewBox=\"0 0 60 60\" version=\"1.1\" xmlns=\"https:\/\/www.w3.org\/2000\/svg\" xmlns:xlink=\"https:\/\/www.w3.org\/1999\/xlink\"><g stroke=\"none\" stroke-width=\"1\" fill=\"none\" fill-rule=\"evenodd\"><g transform=\"translate(-511.000000, -20.000000)\" fill=\"#000000\"><g><path d=\"M556.869,30.41 C554.814,30.41 553.148,32.076 553.148,34.131 C553.148,36.186 554.814,37.852 556.869,37.852 C558.924,37.852 560.59,36.186 560.59,34.131 C560.59,32.076 558.924,30.41 556.869,30.41 M541,60.657 C535.114,60.657 530.342,55.887 530.342,50 C530.342,44.114 535.114,39.342 541,39.342 C546.887,39.342 551.658,44.114 551.658,50 C551.658,55.887 546.887,60.657 541,60.657 M541,33.886 C532.1,33.886 524.886,41.1 524.886,50 C524.886,58.899 532.1,66.113 541,66.113 C549.9,66.113 557.115,58.899 557.115,50 C557.115,41.1 549.9,33.886 541,33.886 M565.378,62.101 C565.244,65.022 564.756,66.606 564.346,67.663 C563.803,69.06 563.154,70.057 562.106,71.106 C561.058,72.155 560.06,72.803 558.662,73.347 C557.607,73.757 556.021,74.244 553.102,74.378 C549.944,74.521 548.997,74.552 541,74.552 C533.003,74.552 532.056,74.521 528.898,74.378 C525.979,74.244 524.393,73.757 523.338,73.347 C521.94,72.803 520.942,72.155 519.894,71.106 C518.846,70.057 518.197,69.06 517.654,67.663 C517.244,66.606 516.755,65.022 516.623,62.101 C516.479,58.943 516.448,57.996 516.448,50 C516.448,42.003 516.479,41.056 516.623,37.899 C516.755,34.978 517.244,33.391 517.654,32.338 C518.197,30.938 518.846,29.942 519.894,28.894 C520.942,27.846 521.94,27.196 523.338,26.654 C524.393,26.244 525.979,25.756 528.898,25.623 C532.057,25.479 533.004,25.448 541,25.448 C548.997,25.448 549.943,25.479 553.102,25.623 C556.021,25.756 557.607,26.244 558.662,26.654 C560.06,27.196 561.058,27.846 562.106,28.894 C563.154,29.942 563.803,30.938 564.346,32.338 C564.756,33.391 565.244,34.978 565.378,37.899 C565.522,41.056 565.552,42.003 565.552,50 C565.552,57.996 565.522,58.943 565.378,62.101 M570.82,37.631 C570.674,34.438 570.167,32.258 569.425,30.349 C568.659,28.377 567.633,26.702 565.965,25.035 C564.297,23.368 562.623,22.342 560.652,21.575 C558.743,20.834 556.562,20.326 553.369,20.18 C550.169,20.033 549.148,20 541,20 C532.853,20 531.831,20.033 528.631,20.18 C525.438,20.326 523.257,20.834 521.349,21.575 C519.376,22.342 517.703,23.368 516.035,25.035 C514.368,26.702 513.342,28.377 512.574,30.349 C511.834,32.258 511.326,34.438 511.181,37.631 C511.035,40.831 511,41.851 511,50 C511,58.147 511.035,59.17 511.181,62.369 C511.326,65.562 511.834,67.743 512.574,69.651 C513.342,71.625 514.368,73.296 516.035,74.965 C517.703,76.634 519.376,77.658 521.349,78.425 C523.257,79.167 525.438,79.673 528.631,79.82 C531.831,79.965 532.853,80.001 541,80.001 C549.148,80.001 550.169,79.965 553.369,79.82 C556.562,79.673 558.743,79.167 560.652,78.425 C562.623,77.658 564.297,76.634 565.965,74.965 C567.633,73.296 568.659,71.625 569.425,69.651 C570.167,67.743 570.674,65.562 570.82,62.369 C570.966,59.17 571,58.147 571,50 C571,41.851 570.966,40.831 570.82,37.631\"><\/path><\/g><\/g><\/g><\/svg><\/div><div style=\"padding-top: 8px;\"> <div style=\" color:#3897f0; font-family:Arial,sans-serif; font-size:14px; font-style:normal; font-weight:550; line-height:18px;\">Ver esta publicaci\u00f3n en Instagram<\/div><\/div><div style=\"padding: 12.5% 0;\"><\/div> <div style=\"display: flex; flex-direction: row; margin-bottom: 14px; align-items: center;\"><div> <div style=\"background-color: #F4F4F4; border-radius: 50%; height: 12.5px; width: 12.5px; transform: translateX(0px) translateY(7px);\"><\/div> <div style=\"background-color: #F4F4F4; height: 12.5px; transform: rotate(-45deg) translateX(3px) translateY(1px); width: 12.5px; flex-grow: 0; margin-right: 14px; margin-left: 2px;\"><\/div> <div style=\"background-color: #F4F4F4; border-radius: 50%; height: 12.5px; width: 12.5px; transform: translateX(9px) translateY(-18px);\"><\/div><\/div><div style=\"margin-left: 8px;\"> <div style=\" background-color: #F4F4F4; border-radius: 50%; flex-grow: 0; height: 20px; width: 20px;\"><\/div> <div style=\" width: 0; height: 0; border-top: 2px solid transparent; border-left: 6px solid #f4f4f4; border-bottom: 2px solid transparent; transform: translateX(16px) translateY(-4px) rotate(30deg)\"><\/div><\/div><div style=\"margin-left: auto;\"> <div style=\" width: 0px; border-top: 8px solid #F4F4F4; border-right: 8px solid transparent; transform: translateY(16px);\"><\/div> <div style=\" background-color: #F4F4F4; flex-grow: 0; height: 12px; width: 16px; transform: translateY(-4px);\"><\/div> <div style=\" width: 0; height: 0; border-top: 8px solid #F4F4F4; border-left: 8px solid transparent; transform: translateY(-4px) translateX(8px);\"><\/div><\/div><\/div> <div style=\"display: flex; flex-direction: column; flex-grow: 1; justify-content: center; margin-bottom: 24px;\"> <div style=\" background-color: #F4F4F4; border-radius: 4px; flex-grow: 0; height: 14px; margin-bottom: 6px; width: 224px;\"><\/div> <div style=\" background-color: #F4F4F4; border-radius: 4px; flex-grow: 0; height: 14px; width: 144px;\"><\/div><\/div><\/a><p style=\" color:#c9c8cd; font-family:Arial,sans-serif; font-size:14px; line-height:17px; margin-bottom:0; margin-top:8px; overflow:hidden; padding:8px 0 7px; text-align:center; text-overflow:ellipsis; white-space:nowrap;\"><a href=\"https:\/\/www.instagram.com\/p\/Dbv7K83GpmN\/?utm_source=ig_embed&amp;utm_campaign=loading\" style=\" color:#c9c8cd; font-family:Arial,sans-serif; font-size:14px; font-style:normal; font-weight:normal; line-height:17px; text-decoration:none;\" target=\"_blank\">Una publicaci\u00f3n compartida de SAMY ESPINEIRA (@samyy_espineira)<\/a><\/p><\/div><\/blockquote>\n<script async src=\"\/\/www.instagram.com\/embed.js\"><\/script>\n\n\n\n<p class=\"wp-block-paragraph\">La creadora de contenido document\u00f3 buena parte de su embarazo en las redes sociales, desde el anuncio de la gestaci\u00f3n hasta la preparaci\u00f3n de la habitaci\u00f3n de la beb\u00e9. Despu\u00e9s del parto, tambi\u00e9n comparti\u00f3 algunos momentos de sus primeros d\u00edas como madre.<\/p>\n\n\n\n<p class=\"wp-block-paragraph\">D\u00edas m\u00e1s tarde, Norlen Serra <a href=\"https:\/\/www.cuballama.com\/noticias\/asi-luce-alana-la-hija-de-samantha-espineira-que-fue-presentada-por-primera-vez-en-redes-sociales\/\" target=\"_blank\" rel=\"noreferrer noopener\">mostr\u00f3 por primera vez el rostro de Alana<\/a>, despu\u00e9s de que la pareja decidiera proteger inicialmente la imagen de la reci\u00e9n nacida.<\/p>\n\n\n\n<h2 class=\"wp-block-heading\">De Cuba a construir un patrimonio familiar en Miami<\/h2>\n\n\n\n<p class=\"wp-block-paragraph\">Samantha comenz\u00f3 a crear contenido digital cuando todav\u00eda viv\u00eda en Cuba. La joven, graduada de Sociolog\u00eda, se traslad\u00f3 a Miami en 2022 y posteriormente consigui\u00f3 reunirse en esa ciudad con sus padres.<\/p>\n\n\n\n<p class=\"wp-block-paragraph\">Con publicaciones relacionadas con moda, viajes y estilo de vida, logr\u00f3 superar el mill\u00f3n de seguidores en Instagram y consolidarse como una de las creadoras cubanas con mayor audiencia en esa plataforma.<\/p>\n\n\n\n<p class=\"wp-block-paragraph\">La adquisici\u00f3n de una vivienda para sus padres se suma ahora a una etapa de importantes cambios personales, marcada por la maternidad y la construcci\u00f3n de un patrimonio familiar en Estados Unidos.<\/p>\n","protected":false},"excerpt":{"rendered":"<p>\u201cMam\u00e1 y pap\u00e1, bienvenidos a su casa\u201d, escribi\u00f3 la creadora de contenido junto a un carrusel de fotograf\u00edas<\/p>\n","protected":false},"author":27,"featured_media":255796,"comment_status":"open","ping_status":"closed","sticky":false,"template":"","format":"standard","meta":{"_acf_changed":false,"footnotes":""},"categories":[443],"tags":[29819,11050,14245,16459],"class_list":["post-255755","post","type-post","status-publish","format-standard","has-post-thumbnail","category-farandula","tag-compra-de-casas","tag-cubanos-en-miami","tag-influencer-cubana","tag-samantha-espineira"],"acf":[],"yoast_head":"<!-- This site is optimized with the Yoast SEO plugin v28.3 - https:\/\/yoast.com\/product\/yoast-seo-wordpress\/ -->\n<title>Samantha Espineira compra una casa en EEUU para sus padres: \u201cAhora me toca cuidarlos\u201d - Cuballama Noticias<\/title>\n<meta name=\"description\" content=\"La influencer cubana Samantha Espineira anunci\u00f3 que compr\u00f3 una casa en Estados Unidos para que vivan sus padres\" \/>\n<meta name=\"robots\" content=\"index, follow, max-snippet:-1, max-image-preview:large, max-video-preview:-1\" \/>\n<link rel=\"canonical\" href=\"https:\/\/www.cuballama.com\/noticias\/samantha-espineira-compra-una-casa-en-eeuu-para-sus-padres-ahora-me-toca-cuidarlos\/\" \/>\n<meta property=\"og:locale\" content=\"es_ES\" \/>\n<meta property=\"og:type\" content=\"article\" \/>\n<meta property=\"og:title\" content=\"Samantha Espineira compra una casa en EEUU para sus padres: \u201cAhora me toca cuidarlos\u201d - Cuballama Noticias\" \/>\n<meta property=\"og:description\" content=\"La influencer cubana Samantha Espineira anunci\u00f3 que compr\u00f3 una casa en Estados Unidos para que vivan sus padres\" \/>\n<meta property=\"og:url\" content=\"https:\/\/www.cuballama.com\/noticias\/samantha-espineira-compra-una-casa-en-eeuu-para-sus-padres-ahora-me-toca-cuidarlos\/\" \/>\n<meta property=\"og:site_name\" content=\"Cuballama Noticias\" \/>\n<meta property=\"article:publisher\" content=\"https:\/\/www.facebook.com\/CubaLlama\" \/>\n<meta property=\"article:published_time\" content=\"2026-09-02T14:03:07+00:00\" \/>\n<meta property=\"article:modified_time\" content=\"2026-09-02T14:03:10+00:00\" \/>\n<meta property=\"og:image\" content=\"https:\/\/cdn1.mediawpaccore.net\/wp-content\/uploads\/2026\/09\/02100237\/Samantha-Espineira-compra-una-casa-en-EEUU-para-sus-padres.jpeg\" \/>\n\t<meta property=\"og:image:width\" content=\"1855\" \/>\n\t<meta property=\"og:image:height\" content=\"1335\" \/>\n\t<meta property=\"og:image:type\" content=\"image\/jpeg\" \/>\n<meta name=\"author\" content=\"Rafa\" \/>\n<meta name=\"twitter:card\" content=\"summary_large_image\" \/>\n<meta name=\"twitter:creator\" content=\"@cuballama\" \/>\n<meta name=\"twitter:site\" content=\"@cuballama\" \/>\n<meta name=\"twitter:label1\" content=\"Escrito por\" \/>\n\t<meta name=\"twitter:data1\" content=\"Rafa\" \/>\n\t<meta name=\"twitter:label2\" content=\"Tiempo de lectura\" \/>\n\t<meta name=\"twitter:data2\" content=\"3 minutos\" \/>\n<script type=\"application\/ld+json\" class=\"yoast-schema-graph\">{\"@context\":\"https:\\\/\\\/schema.org\",\"@graph\":[{\"@type\":\"Article\",\"@id\":\"https:\\\/\\\/www.cuballama.com\\\/noticias\\\/samantha-espineira-compra-una-casa-en-eeuu-para-sus-padres-ahora-me-toca-cuidarlos\\\/#article\",\"isPartOf\":{\"@id\":\"https:\\\/\\\/www.cuballama.com\\\/noticias\\\/samantha-espineira-compra-una-casa-en-eeuu-para-sus-padres-ahora-me-toca-cuidarlos\\\/\"},\"author\":{\"name\":\"Rafa\",\"@id\":\"https:\\\/\\\/www.cuballama.com\\\/noticias\\\/#\\\/schema\\\/person\\\/0f97914526a658755f00e59ec2a832f2\"},\"headline\":\"Samantha Espineira compra una casa en EEUU para sus padres: \u201cAhora me toca cuidarlos\u201d\",\"datePublished\":\"2026-09-02T14:03:07+00:00\",\"dateModified\":\"2026-09-02T14:03:10+00:00\",\"mainEntityOfPage\":{\"@id\":\"https:\\\/\\\/www.cuballama.com\\\/noticias\\\/samantha-espineira-compra-una-casa-en-eeuu-para-sus-padres-ahora-me-toca-cuidarlos\\\/\"},\"wordCount\":636,\"commentCount\":0,\"publisher\":{\"@id\":\"https:\\\/\\\/www.cuballama.com\\\/noticias\\\/#organization\"},\"image\":{\"@id\":\"https:\\\/\\\/www.cuballama.com\\\/noticias\\\/samantha-espineira-compra-una-casa-en-eeuu-para-sus-padres-ahora-me-toca-cuidarlos\\\/#primaryimage\"},\"thumbnailUrl\":\"https:\\\/\\\/cdn1.mediawpaccore.net\\\/wp-content\\\/uploads\\\/2026\\\/09\\\/02100237\\\/Samantha-Espineira-compra-una-casa-en-EEUU-para-sus-padres.jpeg\",\"keywords\":[\"compra de casas\",\"cubanos en Miami\",\"influencer cubana\",\"Samantha Espineira\"],\"articleSection\":[\"Far\u00e1ndula\"],\"inLanguage\":\"es\",\"potentialAction\":[{\"@type\":\"CommentAction\",\"name\":\"Comment\",\"target\":[\"https:\\\/\\\/www.cuballama.com\\\/noticias\\\/samantha-espineira-compra-una-casa-en-eeuu-para-sus-padres-ahora-me-toca-cuidarlos\\\/#respond\"]}]},{\"@type\":\"WebPage\",\"@id\":\"https:\\\/\\\/www.cuballama.com\\\/noticias\\\/samantha-espineira-compra-una-casa-en-eeuu-para-sus-padres-ahora-me-toca-cuidarlos\\\/\",\"url\":\"https:\\\/\\\/www.cuballama.com\\\/noticias\\\/samantha-espineira-compra-una-casa-en-eeuu-para-sus-padres-ahora-me-toca-cuidarlos\\\/\",\"name\":\"Samantha Espineira compra una casa en EEUU para sus padres: \u201cAhora me toca cuidarlos\u201d - Cuballama Noticias\",\"isPartOf\":{\"@id\":\"https:\\\/\\\/www.cuballama.com\\\/noticias\\\/#website\"},\"primaryImageOfPage\":{\"@id\":\"https:\\\/\\\/www.cuballama.com\\\/noticias\\\/samantha-espineira-compra-una-casa-en-eeuu-para-sus-padres-ahora-me-toca-cuidarlos\\\/#primaryimage\"},\"image\":{\"@id\":\"https:\\\/\\\/www.cuballama.com\\\/noticias\\\/samantha-espineira-compra-una-casa-en-eeuu-para-sus-padres-ahora-me-toca-cuidarlos\\\/#primaryimage\"},\"thumbnailUrl\":\"https:\\\/\\\/cdn1.mediawpaccore.net\\\/wp-content\\\/uploads\\\/2026\\\/09\\\/02100237\\\/Samantha-Espineira-compra-una-casa-en-EEUU-para-sus-padres.jpeg\",\"datePublished\":\"2026-09-02T14:03:07+00:00\",\"dateModified\":\"2026-09-02T14:03:10+00:00\",\"description\":\"La influencer cubana Samantha Espineira anunci\u00f3 que compr\u00f3 una casa en Estados Unidos para que vivan sus padres\",\"breadcrumb\":{\"@id\":\"https:\\\/\\\/www.cuballama.com\\\/noticias\\\/samantha-espineira-compra-una-casa-en-eeuu-para-sus-padres-ahora-me-toca-cuidarlos\\\/#breadcrumb\"},\"inLanguage\":\"es\",\"potentialAction\":[{\"@type\":\"ReadAction\",\"target\":[\"https:\\\/\\\/www.cuballama.com\\\/noticias\\\/samantha-espineira-compra-una-casa-en-eeuu-para-sus-padres-ahora-me-toca-cuidarlos\\\/\"]}]},{\"@type\":\"ImageObject\",\"inLanguage\":\"es\",\"@id\":\"https:\\\/\\\/www.cuballama.com\\\/noticias\\\/samantha-espineira-compra-una-casa-en-eeuu-para-sus-padres-ahora-me-toca-cuidarlos\\\/#primaryimage\",\"url\":\"https:\\\/\\\/cdn1.mediawpaccore.net\\\/wp-content\\\/uploads\\\/2026\\\/09\\\/02100237\\\/Samantha-Espineira-compra-una-casa-en-EEUU-para-sus-padres.jpeg\",\"contentUrl\":\"https:\\\/\\\/cdn1.mediawpaccore.net\\\/wp-content\\\/uploads\\\/2026\\\/09\\\/02100237\\\/Samantha-Espineira-compra-una-casa-en-EEUU-para-sus-padres.jpeg\",\"width\":1855,\"height\":1335,\"caption\":\"Samantha Espineira compra una casa en EEUU para sus padres (Foto: Samantha Espineira)\"},{\"@type\":\"BreadcrumbList\",\"@id\":\"https:\\\/\\\/www.cuballama.com\\\/noticias\\\/samantha-espineira-compra-una-casa-en-eeuu-para-sus-padres-ahora-me-toca-cuidarlos\\\/#breadcrumb\",\"itemListElement\":[{\"@type\":\"ListItem\",\"position\":1,\"name\":\"Home\",\"item\":\"https:\\\/\\\/www.cuballama.com\\\/noticias\\\/\"},{\"@type\":\"ListItem\",\"position\":2,\"name\":\"Samantha Espineira compra una casa en EEUU para sus padres: \u201cAhora me toca cuidarlos\u201d\"}]},{\"@type\":\"WebSite\",\"@id\":\"https:\\\/\\\/www.cuballama.com\\\/noticias\\\/#website\",\"url\":\"https:\\\/\\\/www.cuballama.com\\\/noticias\\\/\",\"name\":\"Cuballama Noticias\",\"description\":\"Medio digital sobre Cuba y el mundo\",\"publisher\":{\"@id\":\"https:\\\/\\\/www.cuballama.com\\\/noticias\\\/#organization\"},\"potentialAction\":[{\"@type\":\"SearchAction\",\"target\":{\"@type\":\"EntryPoint\",\"urlTemplate\":\"https:\\\/\\\/www.cuballama.com\\\/noticias\\\/?s={search_term_string}\"},\"query-input\":{\"@type\":\"PropertyValueSpecification\",\"valueRequired\":true,\"valueName\":\"search_term_string\"}}],\"inLanguage\":\"es\"},{\"@type\":\"Organization\",\"@id\":\"https:\\\/\\\/www.cuballama.com\\\/noticias\\\/#organization\",\"name\":\"Cuballama\",\"url\":\"https:\\\/\\\/www.cuballama.com\\\/noticias\\\/\",\"logo\":{\"@type\":\"ImageObject\",\"inLanguage\":\"es\",\"@id\":\"https:\\\/\\\/www.cuballama.com\\\/noticias\\\/#\\\/schema\\\/logo\\\/image\\\/\",\"url\":\"https:\\\/\\\/cdn1.mediawpaccore.net\\\/wp-content\\\/uploads\\\/2021\\\/12\\\/28171206\\\/cbll-logo-color-sm.png\",\"contentUrl\":\"https:\\\/\\\/cdn1.mediawpaccore.net\\\/wp-content\\\/uploads\\\/2021\\\/12\\\/28171206\\\/cbll-logo-color-sm.png\",\"width\":600,\"height\":133,\"caption\":\"Cuballama\"},\"image\":{\"@id\":\"https:\\\/\\\/www.cuballama.com\\\/noticias\\\/#\\\/schema\\\/logo\\\/image\\\/\"},\"sameAs\":[\"https:\\\/\\\/www.facebook.com\\\/CubaLlama\",\"https:\\\/\\\/x.com\\\/cuballama\",\"https:\\\/\\\/www.instagram.com\\\/stories\\\/cuballama_oficial\\\/\",\"https:\\\/\\\/www.youtube.com\\\/channel\\\/UCKkFE-d_axENGZcrc4as0IA\"]},{\"@type\":\"Person\",\"@id\":\"https:\\\/\\\/www.cuballama.com\\\/noticias\\\/#\\\/schema\\\/person\\\/0f97914526a658755f00e59ec2a832f2\",\"name\":\"Rafa\",\"url\":\"https:\\\/\\\/www.cuballama.com\\\/noticias\\\/author\\\/rafa\\\/\"}]}<\/script>\n<!-- \/ Yoast SEO plugin. -->","yoast_head_json":{"title":"Samantha Espineira compra una casa en EEUU para sus padres: \u201cAhora me toca cuidarlos\u201d - Cuballama Noticias","description":"La influencer cubana Samantha Espineira anunci\u00f3 que compr\u00f3 una casa en Estados Unidos para que vivan sus padres","robots":{"index":"index","follow":"follow","max-snippet":"max-snippet:-1","max-image-preview":"max-image-preview:large","max-video-preview":"max-video-preview:-1"},"canonical":"https:\/\/www.cuballama.com\/noticias\/samantha-espineira-compra-una-casa-en-eeuu-para-sus-padres-ahora-me-toca-cuidarlos\/","og_locale":"es_ES","og_type":"article","og_title":"Samantha Espineira compra una casa en EEUU para sus padres: \u201cAhora me toca cuidarlos\u201d - Cuballama Noticias","og_description":"La influencer cubana Samantha Espineira anunci\u00f3 que compr\u00f3 una casa en Estados Unidos para que vivan sus padres","og_url":"https:\/\/www.cuballama.com\/noticias\/samantha-espineira-compra-una-casa-en-eeuu-para-sus-padres-ahora-me-toca-cuidarlos\/","og_site_name":"Cuballama Noticias","article_publisher":"https:\/\/www.facebook.com\/CubaLlama","article_published_time":"2026-09-02T14:03:07+00:00","article_modified_time":"2026-09-02T14:03:10+00:00","og_image":[{"width":1855,"height":1335,"url":"https:\/\/cdn1.mediawpaccore.net\/wp-content\/uploads\/2026\/09\/02100237\/Samantha-Espineira-compra-una-casa-en-EEUU-para-sus-padres.jpeg","type":"image\/jpeg"}],"author":"Rafa","twitter_card":"summary_large_image","twitter_creator":"@cuballama","twitter_site":"@cuballama","twitter_misc":{"Escrito por":"Rafa","Tiempo de lectura":"3 minutos"},"schema":{"@context":"https:\/\/schema.org","@graph":[{"@type":"Article","@id":"https:\/\/www.cuballama.com\/noticias\/samantha-espineira-compra-una-casa-en-eeuu-para-sus-padres-ahora-me-toca-cuidarlos\/#article","isPartOf":{"@id":"https:\/\/www.cuballama.com\/noticias\/samantha-espineira-compra-una-casa-en-eeuu-para-sus-padres-ahora-me-toca-cuidarlos\/"},"author":{"name":"Rafa","@id":"https:\/\/www.cuballama.com\/noticias\/#\/schema\/person\/0f97914526a658755f00e59ec2a832f2"},"headline":"Samantha Espineira compra una casa en EEUU para sus padres: \u201cAhora me toca cuidarlos\u201d","datePublished":"2026-09-02T14:03:07+00:00","dateModified":"2026-09-02T14:03:10+00:00","mainEntityOfPage":{"@id":"https:\/\/www.cuballama.com\/noticias\/samantha-espineira-compra-una-casa-en-eeuu-para-sus-padres-ahora-me-toca-cuidarlos\/"},"wordCount":636,"commentCount":0,"publisher":{"@id":"https:\/\/www.cuballama.com\/noticias\/#organization"},"image":{"@id":"https:\/\/www.cuballama.com\/noticias\/samantha-espineira-compra-una-casa-en-eeuu-para-sus-padres-ahora-me-toca-cuidarlos\/#primaryimage"},"thumbnailUrl":"https:\/\/cdn1.mediawpaccore.net\/wp-content\/uploads\/2026\/09\/02100237\/Samantha-Espineira-compra-una-casa-en-EEUU-para-sus-padres.jpeg","keywords":["compra de casas","cubanos en Miami","influencer cubana","Samantha Espineira"],"articleSection":["Far\u00e1ndula"],"inLanguage":"es","potentialAction":[{"@type":"CommentAction","name":"Comment","target":["https:\/\/www.cuballama.com\/noticias\/samantha-espineira-compra-una-casa-en-eeuu-para-sus-padres-ahora-me-toca-cuidarlos\/#respond"]}]},{"@type":"WebPage","@id":"https:\/\/www.cuballama.com\/noticias\/samantha-espineira-compra-una-casa-en-eeuu-para-sus-padres-ahora-me-toca-cuidarlos\/","url":"https:\/\/www.cuballama.com\/noticias\/samantha-espineira-compra-una-casa-en-eeuu-para-sus-padres-ahora-me-toca-cuidarlos\/","name":"Samantha Espineira compra una casa en EEUU para sus padres: \u201cAhora me toca cuidarlos\u201d - Cuballama Noticias","isPartOf":{"@id":"https:\/\/www.cuballama.com\/noticias\/#website"},"primaryImageOfPage":{"@id":"https:\/\/www.cuballama.com\/noticias\/samantha-espineira-compra-una-casa-en-eeuu-para-sus-padres-ahora-me-toca-cuidarlos\/#primaryimage"},"image":{"@id":"https:\/\/www.cuballama.com\/noticias\/samantha-espineira-compra-una-casa-en-eeuu-para-sus-padres-ahora-me-toca-cuidarlos\/#primaryimage"},"thumbnailUrl":"https:\/\/cdn1.mediawpaccore.net\/wp-content\/uploads\/2026\/09\/02100237\/Samantha-Espineira-compra-una-casa-en-EEUU-para-sus-padres.jpeg","datePublished":"2026-09-02T14:03:07+00:00","dateModified":"2026-09-02T14:03:10+00:00","description":"La influencer cubana Samantha Espineira anunci\u00f3 que compr\u00f3 una casa en Estados Unidos para que vivan sus padres","breadcrumb":{"@id":"https:\/\/www.cuballama.com\/noticias\/samantha-espineira-compra-una-casa-en-eeuu-para-sus-padres-ahora-me-toca-cuidarlos\/#breadcrumb"},"inLanguage":"es","potentialAction":[{"@type":"ReadAction","target":["https:\/\/www.cuballama.com\/noticias\/samantha-espineira-compra-una-casa-en-eeuu-para-sus-padres-ahora-me-toca-cuidarlos\/"]}]},{"@type":"ImageObject","inLanguage":"es","@id":"https:\/\/www.cuballama.com\/noticias\/samantha-espineira-compra-una-casa-en-eeuu-para-sus-padres-ahora-me-toca-cuidarlos\/#primaryimage","url":"https:\/\/cdn1.mediawpaccore.net\/wp-content\/uploads\/2026\/09\/02100237\/Samantha-Espineira-compra-una-casa-en-EEUU-para-sus-padres.jpeg","contentUrl":"https:\/\/cdn1.mediawpaccore.net\/wp-content\/uploads\/2026\/09\/02100237\/Samantha-Espineira-compra-una-casa-en-EEUU-para-sus-padres.jpeg","width":1855,"height":1335,"caption":"Samantha Espineira compra una casa en EEUU para sus padres (Foto: Samantha Espineira)"},{"@type":"BreadcrumbList","@id":"https:\/\/www.cuballama.com\/noticias\/samantha-espineira-compra-una-casa-en-eeuu-para-sus-padres-ahora-me-toca-cuidarlos\/#breadcrumb","itemListElement":[{"@type":"ListItem","position":1,"name":"Home","item":"https:\/\/www.cuballama.com\/noticias\/"},{"@type":"ListItem","position":2,"name":"Samantha Espineira compra una casa en EEUU para sus padres: \u201cAhora me toca cuidarlos\u201d"}]},{"@type":"WebSite","@id":"https:\/\/www.cuballama.com\/noticias\/#website","url":"https:\/\/www.cuballama.com\/noticias\/","name":"Cuballama Noticias","description":"Medio digital sobre Cuba y el mundo","publisher":{"@id":"https:\/\/www.cuballama.com\/noticias\/#organization"},"potentialAction":[{"@type":"SearchAction","target":{"@type":"EntryPoint","urlTemplate":"https:\/\/www.cuballama.com\/noticias\/?s={search_term_string}"},"query-input":{"@type":"PropertyValueSpecification","valueRequired":true,"valueName":"search_term_string"}}],"inLanguage":"es"},{"@type":"Organization","@id":"https:\/\/www.cuballama.com\/noticias\/#organization","name":"Cuballama","url":"https:\/\/www.cuballama.com\/noticias\/","logo":{"@type":"ImageObject","inLanguage":"es","@id":"https:\/\/www.cuballama.com\/noticias\/#\/schema\/logo\/image\/","url":"https:\/\/cdn1.mediawpaccore.net\/wp-content\/uploads\/2021\/12\/28171206\/cbll-logo-color-sm.png","contentUrl":"https:\/\/cdn1.mediawpaccore.net\/wp-content\/uploads\/2021\/12\/28171206\/cbll-logo-color-sm.png","width":600,"height":133,"caption":"Cuballama"},"image":{"@id":"https:\/\/www.cuballama.com\/noticias\/#\/schema\/logo\/image\/"},"sameAs":["https:\/\/www.facebook.com\/CubaLlama","https:\/\/x.com\/cuballama","https:\/\/www.instagram.com\/stories\/cuballama_oficial\/","https:\/\/www.youtube.com\/channel\/UCKkFE-d_axENGZcrc4as0IA"]},{"@type":"Person","@id":"https:\/\/www.cuballama.com\/noticias\/#\/schema\/person\/0f97914526a658755f00e59ec2a832f2","name":"Rafa","url":"https:\/\/www.cuballama.com\/noticias\/author\/rafa\/"}]}},"_links":{"self":[{"href":"https:\/\/www.cuballama.com\/noticias\/wp-json\/wp\/v2\/posts\/255755","targetHints":{"allow":["GET"]}}],"collection":[{"href":"https:\/\/www.cuballama.com\/noticias\/wp-json\/wp\/v2\/posts"}],"about":[{"href":"https:\/\/www.cuballama.com\/noticias\/wp-json\/wp\/v2\/types\/post"}],"author":[{"embeddable":true,"href":"https:\/\/www.cuballama.com\/noticias\/wp-json\/wp\/v2\/users\/27"}],"replies":[{"embeddable":true,"href":"https:\/\/www.cuballama.com\/noticias\/wp-json\/wp\/v2\/comments?post=255755"}],"version-history":[{"count":1,"href":"https:\/\/www.cuballama.com\/noticias\/wp-json\/wp\/v2\/posts\/255755\/revisions"}],"predecessor-version":[{"id":255799,"href":"https:\/\/www.cuballama.com\/noticias\/wp-json\/wp\/v2\/posts\/255755\/revisions\/255799"}],"wp:featuredmedia":[{"embeddable":true,"href":"https:\/\/www.cuballama.com\/noticias\/wp-json\/wp\/v2\/media\/255796"}],"wp:attachment":[{"href":"https:\/\/www.cuballama.com\/noticias\/wp-json\/wp\/v2\/media?parent=255755"}],"wp:term":[{"taxonomy":"category","embeddable":true,"href":"https:\/\/www.cuballama.com\/noticias\/wp-json\/wp\/v2\/categories?post=255755"},{"taxonomy":"post_tag","embeddable":true,"href":"https:\/\/www.cuballama.com\/noticias\/wp-json\/wp\/v2\/tags?post=255755"}],"curies":[{"name":"wp","href":"https:\/\/api.w.org\/{rel}","templated":true}]}}