{"id":255748,"date":"2026-09-02T15:27:47","date_gmt":"2026-09-02T19:27:47","guid":{"rendered":"https:\/\/www.cuballama.com\/noticias\/?p=255748"},"modified":"2026-09-02T15:30:21","modified_gmt":"2026-09-02T19:30:21","slug":"hija-de-el-taiger-lo-recuerda-dias-antes-de-su-cumpleanos-no-puedo-evitar-ponerme-sentimental","status":"publish","type":"post","link":"https:\/\/www.cuballama.com\/noticias\/hija-de-el-taiger-lo-recuerda-dias-antes-de-su-cumpleanos-no-puedo-evitar-ponerme-sentimental\/","title":{"rendered":"Hija de El Taiger lo recuerda d\u00edas antes de su cumplea\u00f1os: \u201cNo puedo evitar ponerme sentimental\u201d"},"content":{"rendered":"\n<p class=\"wp-block-paragraph\">Yaliet Carvajal, la hija mayor del reguetonero cubano Jos\u00e9 Manuel Carbajal Zald\u00edvar, conocido como El Taiger, dedic\u00f3 un emotivo mensaje a su padre, quien el pr\u00f3ximo domingo 6 de septiembre cumplir\u00eda 39 a\u00f1os.&nbsp;<\/p>\n\n\n\n<p class=\"wp-block-paragraph\">\u201cSe acerca el 6 de septiembre y no puedo evitar ponerme sentimental\u201d, expres\u00f3 la ni\u00f1a de 12 a\u00f1os en sus redes sociales, manejadas por su mam\u00e1, donde public\u00f3 varias fotos de \u201ccuando yo era chiquita\u201d y, seg\u00fan le dijo a su pap\u00e1: \u201ctodav\u00eda pod\u00eda abrazarte, estar contigo y pensar que siempre ibas a estar a mi lado\u201d.&nbsp;<\/p>\n\n\n\n<p class=\"wp-block-paragraph\">\u201cAhora miro estas fotos y lo \u00fanico que quisiera es volver a ese momento y abrazarte una vez m\u00e1s\u201d, dijo en un desgarrador texto.<\/p>\n\n\n\n<iframe loading=\"lazy\" src=\"https:\/\/www.facebook.com\/plugins\/post.php?href=https%3A%2F%2Fwww.facebook.com%2Fyaliet.carvajal%2Fposts%2Fpfbid02g9qc9ZvX61dr8q7bWU7tAyYgEa4gWYndKTKv9wmnbKQ6TecasAnQG9RWhMEvxp4l&#038;show_text=true&#038;width=500\" width=\"500\" height=\"736\" style=\"border:none;overflow:hidden\" scrolling=\"no\" frameborder=\"0\" allowfullscreen=\"true\" allow=\"autoplay; clipboard-write; encrypted-media; picture-in-picture; web-share\"><\/iframe>\n\n\n\n<p class=\"wp-block-paragraph\">\u201cPap\u00e1, me haces mucha falta. Hay d\u00edas en los que quisiera contarte tantas cosas, escuchar tu voz, darte un abrazo y decirte cu\u00e1nto te amo. Me duele saber que ya no puedo hacerlo porque te quitaron de mi lado demasiado pronto\u201d, se\u00f1al\u00f3 sobre El Taiger, quien muri\u00f3 el 10 de octubre de 2024, una semana despu\u00e9s de ser baleado en Hialeah.<\/p>\n\n\n\n<p class=\"wp-block-paragraph\">\u201cSe acerca tu cumplea\u00f1os y aunque ya no pueda celebrarlo contigo, nunca voy a dejar de recordarte. Siempre vas a ser mi pap\u00e1, mi recuerdo m\u00e1s bonito y una parte de mi coraz\u00f3n que nadie podr\u00e1 quitarme\u201d, a\u00f1adi\u00f3 <a href=\"https:\/\/www.cuballama.com\/noticias\/hija-mayor-de-el-taiger-reacciona-tras-ver-al-asesino-de-su-padre-sonriendo-me-rompio-el-corazon\/?srsltid=AfmBOop2AJoa9pDiDfhuifd7-mDULdfxEFUa45WtUeXRvxTYnkf6GCa3\" target=\"_blank\" rel=\"noreferrer noopener\">la primog\u00e9nita de El Taiger<\/a>, a quien le sobrevivieron otros tres hijos: dos ni\u00f1os y un var\u00f3n.<\/p>\n\n\n\n<p class=\"wp-block-paragraph\">\u201cOjal\u00e1, donde est\u00e9s, puedas sentir todo el amor que todav\u00eda tengo por ti y que tendr\u00e9 siempre. Te amo y te extra\u00f1o todos los d\u00edas\u201d, concluy\u00f3 Yaliet, que lleg\u00f3 a Estados Unidos con una visa humanitaria apenas dos d\u00edas despu\u00e9s de que su padre falleciera en el Hospital Jackson Memorial.&nbsp;<\/p>\n\n\n\n<p class=\"wp-block-paragraph\">El acusado de asesinar a El Taiger, Dami\u00e1n Vald\u00e9s Galloso, compareci\u00f3 <a href=\"https:\/\/www.cuballama.com\/noticias\/acusado-de-matar-a-el-taiger-vuelve-a-corte-a-declararse-culpable\/?srsltid=AfmBOoqhjVP73ZjH_9cqqDpD0vOIBEmiH0WJpra7PAdIIFUS0u501Elh\" target=\"_blank\" rel=\"noreferrer noopener\">este mi\u00e9rcoles 2 de septiembre<\/a> en la corte criminal de Miami-Dade.<\/p>\n\n\n\n<p class=\"wp-block-paragraph\"><\/p>\n","protected":false},"excerpt":{"rendered":"<p>La ni\u00f1a de 12 a\u00f1os le dedic\u00f3 un desgarrador mensaje a su pap\u00e1.<\/p>\n","protected":false},"author":30,"featured_media":255928,"comment_status":"open","ping_status":"closed","sticky":false,"template":"","format":"standard","meta":{"_acf_changed":false,"footnotes":""},"categories":[18,954],"tags":[941,11365,21290],"class_list":["post-255748","post","type-post","status-publish","format-standard","has-post-thumbnail","category-noticias","category-noticias-de-florida","tag-destacado","tag-el-taiger","tag-hija-de-el-taiger"],"acf":[],"yoast_head":"<!-- This site is optimized with the Yoast SEO plugin v28.3 - https:\/\/yoast.com\/product\/yoast-seo-wordpress\/ -->\n<title>Hija de El Taiger lo recuerda d\u00edas antes de su cumplea\u00f1os: \u201cNo puedo evitar ponerme sentimental\u201d - Cuballama Noticias<\/title>\n<meta name=\"description\" content=\"Yaliet Carvajal, la hija mayor del reguetonero cubano El Taiger, dedic\u00f3 un emotivo mensaje a su padre d\u00edas antes de su cumplea\u00f1os.\" \/>\n<meta name=\"robots\" content=\"index, follow, max-snippet:-1, max-image-preview:large, max-video-preview:-1\" \/>\n<link rel=\"canonical\" href=\"https:\/\/www.cuballama.com\/noticias\/hija-de-el-taiger-lo-recuerda-dias-antes-de-su-cumpleanos-no-puedo-evitar-ponerme-sentimental\/\" \/>\n<meta property=\"og:locale\" content=\"es_ES\" \/>\n<meta property=\"og:type\" content=\"article\" \/>\n<meta property=\"og:title\" content=\"Hija de El Taiger lo recuerda d\u00edas antes de su cumplea\u00f1os: \u201cNo puedo evitar ponerme sentimental\u201d - Cuballama Noticias\" \/>\n<meta property=\"og:description\" content=\"Yaliet Carvajal, la hija mayor del reguetonero cubano El Taiger, dedic\u00f3 un emotivo mensaje a su padre d\u00edas antes de su cumplea\u00f1os.\" \/>\n<meta property=\"og:url\" content=\"https:\/\/www.cuballama.com\/noticias\/hija-de-el-taiger-lo-recuerda-dias-antes-de-su-cumpleanos-no-puedo-evitar-ponerme-sentimental\/\" \/>\n<meta property=\"og:site_name\" content=\"Cuballama Noticias\" \/>\n<meta property=\"article:publisher\" content=\"https:\/\/www.facebook.com\/CubaLlama\" \/>\n<meta property=\"article:published_time\" content=\"2026-09-02T19:27:47+00:00\" \/>\n<meta property=\"article:modified_time\" content=\"2026-09-02T19:30:21+00:00\" \/>\n<meta property=\"og:image\" content=\"https:\/\/cdn1.mediawpaccore.net\/wp-content\/uploads\/2026\/09\/02145022\/576591550_18079185623144665_4612521816175841352_n1.jpg\" \/>\n\t<meta property=\"og:image:width\" content=\"1200\" \/>\n\t<meta property=\"og:image:height\" content=\"630\" \/>\n\t<meta property=\"og:image:type\" content=\"image\/jpeg\" \/>\n<meta name=\"author\" content=\"Kathy\" \/>\n<meta name=\"twitter:card\" content=\"summary_large_image\" \/>\n<meta name=\"twitter:creator\" content=\"@cuballama\" \/>\n<meta name=\"twitter:site\" content=\"@cuballama\" \/>\n<meta name=\"twitter:label1\" content=\"Escrito por\" \/>\n\t<meta name=\"twitter:data1\" content=\"Kathy\" \/>\n\t<meta name=\"twitter:label2\" content=\"Tiempo de lectura\" \/>\n\t<meta name=\"twitter:data2\" content=\"2 minutos\" \/>\n<script type=\"application\/ld+json\" class=\"yoast-schema-graph\">{\"@context\":\"https:\\\/\\\/schema.org\",\"@graph\":[{\"@type\":\"Article\",\"@id\":\"https:\\\/\\\/www.cuballama.com\\\/noticias\\\/hija-de-el-taiger-lo-recuerda-dias-antes-de-su-cumpleanos-no-puedo-evitar-ponerme-sentimental\\\/#article\",\"isPartOf\":{\"@id\":\"https:\\\/\\\/www.cuballama.com\\\/noticias\\\/hija-de-el-taiger-lo-recuerda-dias-antes-de-su-cumpleanos-no-puedo-evitar-ponerme-sentimental\\\/\"},\"author\":{\"name\":\"Kathy\",\"@id\":\"https:\\\/\\\/www.cuballama.com\\\/noticias\\\/#\\\/schema\\\/person\\\/86cd3e3f4974437f031211213bf892d5\"},\"headline\":\"Hija de El Taiger lo recuerda d\u00edas antes de su cumplea\u00f1os: \u201cNo puedo evitar ponerme sentimental\u201d\",\"datePublished\":\"2026-09-02T19:27:47+00:00\",\"dateModified\":\"2026-09-02T19:30:21+00:00\",\"mainEntityOfPage\":{\"@id\":\"https:\\\/\\\/www.cuballama.com\\\/noticias\\\/hija-de-el-taiger-lo-recuerda-dias-antes-de-su-cumpleanos-no-puedo-evitar-ponerme-sentimental\\\/\"},\"wordCount\":346,\"commentCount\":0,\"publisher\":{\"@id\":\"https:\\\/\\\/www.cuballama.com\\\/noticias\\\/#organization\"},\"image\":{\"@id\":\"https:\\\/\\\/www.cuballama.com\\\/noticias\\\/hija-de-el-taiger-lo-recuerda-dias-antes-de-su-cumpleanos-no-puedo-evitar-ponerme-sentimental\\\/#primaryimage\"},\"thumbnailUrl\":\"https:\\\/\\\/cdn1.mediawpaccore.net\\\/wp-content\\\/uploads\\\/2026\\\/09\\\/02145022\\\/576591550_18079185623144665_4612521816175841352_n1.jpg\",\"keywords\":[\"destacado\",\"El Taiger\",\"hija de El Taiger\"],\"articleSection\":[\"Noticias\",\"Noticias de Florida\"],\"inLanguage\":\"es\",\"potentialAction\":[{\"@type\":\"CommentAction\",\"name\":\"Comment\",\"target\":[\"https:\\\/\\\/www.cuballama.com\\\/noticias\\\/hija-de-el-taiger-lo-recuerda-dias-antes-de-su-cumpleanos-no-puedo-evitar-ponerme-sentimental\\\/#respond\"]}]},{\"@type\":\"WebPage\",\"@id\":\"https:\\\/\\\/www.cuballama.com\\\/noticias\\\/hija-de-el-taiger-lo-recuerda-dias-antes-de-su-cumpleanos-no-puedo-evitar-ponerme-sentimental\\\/\",\"url\":\"https:\\\/\\\/www.cuballama.com\\\/noticias\\\/hija-de-el-taiger-lo-recuerda-dias-antes-de-su-cumpleanos-no-puedo-evitar-ponerme-sentimental\\\/\",\"name\":\"Hija de El Taiger lo recuerda d\u00edas antes de su cumplea\u00f1os: \u201cNo puedo evitar ponerme sentimental\u201d - Cuballama Noticias\",\"isPartOf\":{\"@id\":\"https:\\\/\\\/www.cuballama.com\\\/noticias\\\/#website\"},\"primaryImageOfPage\":{\"@id\":\"https:\\\/\\\/www.cuballama.com\\\/noticias\\\/hija-de-el-taiger-lo-recuerda-dias-antes-de-su-cumpleanos-no-puedo-evitar-ponerme-sentimental\\\/#primaryimage\"},\"image\":{\"@id\":\"https:\\\/\\\/www.cuballama.com\\\/noticias\\\/hija-de-el-taiger-lo-recuerda-dias-antes-de-su-cumpleanos-no-puedo-evitar-ponerme-sentimental\\\/#primaryimage\"},\"thumbnailUrl\":\"https:\\\/\\\/cdn1.mediawpaccore.net\\\/wp-content\\\/uploads\\\/2026\\\/09\\\/02145022\\\/576591550_18079185623144665_4612521816175841352_n1.jpg\",\"datePublished\":\"2026-09-02T19:27:47+00:00\",\"dateModified\":\"2026-09-02T19:30:21+00:00\",\"description\":\"Yaliet Carvajal, la hija mayor del reguetonero cubano El Taiger, dedic\u00f3 un emotivo mensaje a su padre d\u00edas antes de su cumplea\u00f1os.\",\"breadcrumb\":{\"@id\":\"https:\\\/\\\/www.cuballama.com\\\/noticias\\\/hija-de-el-taiger-lo-recuerda-dias-antes-de-su-cumpleanos-no-puedo-evitar-ponerme-sentimental\\\/#breadcrumb\"},\"inLanguage\":\"es\",\"potentialAction\":[{\"@type\":\"ReadAction\",\"target\":[\"https:\\\/\\\/www.cuballama.com\\\/noticias\\\/hija-de-el-taiger-lo-recuerda-dias-antes-de-su-cumpleanos-no-puedo-evitar-ponerme-sentimental\\\/\"]}]},{\"@type\":\"ImageObject\",\"inLanguage\":\"es\",\"@id\":\"https:\\\/\\\/www.cuballama.com\\\/noticias\\\/hija-de-el-taiger-lo-recuerda-dias-antes-de-su-cumpleanos-no-puedo-evitar-ponerme-sentimental\\\/#primaryimage\",\"url\":\"https:\\\/\\\/cdn1.mediawpaccore.net\\\/wp-content\\\/uploads\\\/2026\\\/09\\\/02145022\\\/576591550_18079185623144665_4612521816175841352_n1.jpg\",\"contentUrl\":\"https:\\\/\\\/cdn1.mediawpaccore.net\\\/wp-content\\\/uploads\\\/2026\\\/09\\\/02145022\\\/576591550_18079185623144665_4612521816175841352_n1.jpg\",\"width\":1200,\"height\":630,\"caption\":\"Yaliet Carbajal junto a su padre, El Taiger. Foto: Facebook\\\/Yaliet Carbajal.\"},{\"@type\":\"BreadcrumbList\",\"@id\":\"https:\\\/\\\/www.cuballama.com\\\/noticias\\\/hija-de-el-taiger-lo-recuerda-dias-antes-de-su-cumpleanos-no-puedo-evitar-ponerme-sentimental\\\/#breadcrumb\",\"itemListElement\":[{\"@type\":\"ListItem\",\"position\":1,\"name\":\"Home\",\"item\":\"https:\\\/\\\/www.cuballama.com\\\/noticias\\\/\"},{\"@type\":\"ListItem\",\"position\":2,\"name\":\"Hija de El Taiger lo recuerda d\u00edas antes de su cumplea\u00f1os: \u201cNo puedo evitar ponerme sentimental\u201d\"}]},{\"@type\":\"WebSite\",\"@id\":\"https:\\\/\\\/www.cuballama.com\\\/noticias\\\/#website\",\"url\":\"https:\\\/\\\/www.cuballama.com\\\/noticias\\\/\",\"name\":\"Cuballama Noticias\",\"description\":\"Medio digital sobre Cuba y el mundo\",\"publisher\":{\"@id\":\"https:\\\/\\\/www.cuballama.com\\\/noticias\\\/#organization\"},\"potentialAction\":[{\"@type\":\"SearchAction\",\"target\":{\"@type\":\"EntryPoint\",\"urlTemplate\":\"https:\\\/\\\/www.cuballama.com\\\/noticias\\\/?s={search_term_string}\"},\"query-input\":{\"@type\":\"PropertyValueSpecification\",\"valueRequired\":true,\"valueName\":\"search_term_string\"}}],\"inLanguage\":\"es\"},{\"@type\":\"Organization\",\"@id\":\"https:\\\/\\\/www.cuballama.com\\\/noticias\\\/#organization\",\"name\":\"Cuballama\",\"url\":\"https:\\\/\\\/www.cuballama.com\\\/noticias\\\/\",\"logo\":{\"@type\":\"ImageObject\",\"inLanguage\":\"es\",\"@id\":\"https:\\\/\\\/www.cuballama.com\\\/noticias\\\/#\\\/schema\\\/logo\\\/image\\\/\",\"url\":\"https:\\\/\\\/cdn1.mediawpaccore.net\\\/wp-content\\\/uploads\\\/2021\\\/12\\\/28171206\\\/cbll-logo-color-sm.png\",\"contentUrl\":\"https:\\\/\\\/cdn1.mediawpaccore.net\\\/wp-content\\\/uploads\\\/2021\\\/12\\\/28171206\\\/cbll-logo-color-sm.png\",\"width\":600,\"height\":133,\"caption\":\"Cuballama\"},\"image\":{\"@id\":\"https:\\\/\\\/www.cuballama.com\\\/noticias\\\/#\\\/schema\\\/logo\\\/image\\\/\"},\"sameAs\":[\"https:\\\/\\\/www.facebook.com\\\/CubaLlama\",\"https:\\\/\\\/x.com\\\/cuballama\",\"https:\\\/\\\/www.instagram.com\\\/stories\\\/cuballama_oficial\\\/\",\"https:\\\/\\\/www.youtube.com\\\/channel\\\/UCKkFE-d_axENGZcrc4as0IA\"]},{\"@type\":\"Person\",\"@id\":\"https:\\\/\\\/www.cuballama.com\\\/noticias\\\/#\\\/schema\\\/person\\\/86cd3e3f4974437f031211213bf892d5\",\"name\":\"Kathy\",\"url\":\"https:\\\/\\\/www.cuballama.com\\\/noticias\\\/author\\\/kathy\\\/\"}]}<\/script>\n<!-- \/ Yoast SEO plugin. -->","yoast_head_json":{"title":"Hija de El Taiger lo recuerda d\u00edas antes de su cumplea\u00f1os: \u201cNo puedo evitar ponerme sentimental\u201d - Cuballama Noticias","description":"Yaliet Carvajal, la hija mayor del reguetonero cubano El Taiger, dedic\u00f3 un emotivo mensaje a su padre d\u00edas antes de su cumplea\u00f1os.","robots":{"index":"index","follow":"follow","max-snippet":"max-snippet:-1","max-image-preview":"max-image-preview:large","max-video-preview":"max-video-preview:-1"},"canonical":"https:\/\/www.cuballama.com\/noticias\/hija-de-el-taiger-lo-recuerda-dias-antes-de-su-cumpleanos-no-puedo-evitar-ponerme-sentimental\/","og_locale":"es_ES","og_type":"article","og_title":"Hija de El Taiger lo recuerda d\u00edas antes de su cumplea\u00f1os: \u201cNo puedo evitar ponerme sentimental\u201d - Cuballama Noticias","og_description":"Yaliet Carvajal, la hija mayor del reguetonero cubano El Taiger, dedic\u00f3 un emotivo mensaje a su padre d\u00edas antes de su cumplea\u00f1os.","og_url":"https:\/\/www.cuballama.com\/noticias\/hija-de-el-taiger-lo-recuerda-dias-antes-de-su-cumpleanos-no-puedo-evitar-ponerme-sentimental\/","og_site_name":"Cuballama Noticias","article_publisher":"https:\/\/www.facebook.com\/CubaLlama","article_published_time":"2026-09-02T19:27:47+00:00","article_modified_time":"2026-09-02T19:30:21+00:00","og_image":[{"width":1200,"height":630,"url":"https:\/\/cdn1.mediawpaccore.net\/wp-content\/uploads\/2026\/09\/02145022\/576591550_18079185623144665_4612521816175841352_n1.jpg","type":"image\/jpeg"}],"author":"Kathy","twitter_card":"summary_large_image","twitter_creator":"@cuballama","twitter_site":"@cuballama","twitter_misc":{"Escrito por":"Kathy","Tiempo de lectura":"2 minutos"},"schema":{"@context":"https:\/\/schema.org","@graph":[{"@type":"Article","@id":"https:\/\/www.cuballama.com\/noticias\/hija-de-el-taiger-lo-recuerda-dias-antes-de-su-cumpleanos-no-puedo-evitar-ponerme-sentimental\/#article","isPartOf":{"@id":"https:\/\/www.cuballama.com\/noticias\/hija-de-el-taiger-lo-recuerda-dias-antes-de-su-cumpleanos-no-puedo-evitar-ponerme-sentimental\/"},"author":{"name":"Kathy","@id":"https:\/\/www.cuballama.com\/noticias\/#\/schema\/person\/86cd3e3f4974437f031211213bf892d5"},"headline":"Hija de El Taiger lo recuerda d\u00edas antes de su cumplea\u00f1os: \u201cNo puedo evitar ponerme sentimental\u201d","datePublished":"2026-09-02T19:27:47+00:00","dateModified":"2026-09-02T19:30:21+00:00","mainEntityOfPage":{"@id":"https:\/\/www.cuballama.com\/noticias\/hija-de-el-taiger-lo-recuerda-dias-antes-de-su-cumpleanos-no-puedo-evitar-ponerme-sentimental\/"},"wordCount":346,"commentCount":0,"publisher":{"@id":"https:\/\/www.cuballama.com\/noticias\/#organization"},"image":{"@id":"https:\/\/www.cuballama.com\/noticias\/hija-de-el-taiger-lo-recuerda-dias-antes-de-su-cumpleanos-no-puedo-evitar-ponerme-sentimental\/#primaryimage"},"thumbnailUrl":"https:\/\/cdn1.mediawpaccore.net\/wp-content\/uploads\/2026\/09\/02145022\/576591550_18079185623144665_4612521816175841352_n1.jpg","keywords":["destacado","El Taiger","hija de El Taiger"],"articleSection":["Noticias","Noticias de Florida"],"inLanguage":"es","potentialAction":[{"@type":"CommentAction","name":"Comment","target":["https:\/\/www.cuballama.com\/noticias\/hija-de-el-taiger-lo-recuerda-dias-antes-de-su-cumpleanos-no-puedo-evitar-ponerme-sentimental\/#respond"]}]},{"@type":"WebPage","@id":"https:\/\/www.cuballama.com\/noticias\/hija-de-el-taiger-lo-recuerda-dias-antes-de-su-cumpleanos-no-puedo-evitar-ponerme-sentimental\/","url":"https:\/\/www.cuballama.com\/noticias\/hija-de-el-taiger-lo-recuerda-dias-antes-de-su-cumpleanos-no-puedo-evitar-ponerme-sentimental\/","name":"Hija de El Taiger lo recuerda d\u00edas antes de su cumplea\u00f1os: \u201cNo puedo evitar ponerme sentimental\u201d - Cuballama Noticias","isPartOf":{"@id":"https:\/\/www.cuballama.com\/noticias\/#website"},"primaryImageOfPage":{"@id":"https:\/\/www.cuballama.com\/noticias\/hija-de-el-taiger-lo-recuerda-dias-antes-de-su-cumpleanos-no-puedo-evitar-ponerme-sentimental\/#primaryimage"},"image":{"@id":"https:\/\/www.cuballama.com\/noticias\/hija-de-el-taiger-lo-recuerda-dias-antes-de-su-cumpleanos-no-puedo-evitar-ponerme-sentimental\/#primaryimage"},"thumbnailUrl":"https:\/\/cdn1.mediawpaccore.net\/wp-content\/uploads\/2026\/09\/02145022\/576591550_18079185623144665_4612521816175841352_n1.jpg","datePublished":"2026-09-02T19:27:47+00:00","dateModified":"2026-09-02T19:30:21+00:00","description":"Yaliet Carvajal, la hija mayor del reguetonero cubano El Taiger, dedic\u00f3 un emotivo mensaje a su padre d\u00edas antes de su cumplea\u00f1os.","breadcrumb":{"@id":"https:\/\/www.cuballama.com\/noticias\/hija-de-el-taiger-lo-recuerda-dias-antes-de-su-cumpleanos-no-puedo-evitar-ponerme-sentimental\/#breadcrumb"},"inLanguage":"es","potentialAction":[{"@type":"ReadAction","target":["https:\/\/www.cuballama.com\/noticias\/hija-de-el-taiger-lo-recuerda-dias-antes-de-su-cumpleanos-no-puedo-evitar-ponerme-sentimental\/"]}]},{"@type":"ImageObject","inLanguage":"es","@id":"https:\/\/www.cuballama.com\/noticias\/hija-de-el-taiger-lo-recuerda-dias-antes-de-su-cumpleanos-no-puedo-evitar-ponerme-sentimental\/#primaryimage","url":"https:\/\/cdn1.mediawpaccore.net\/wp-content\/uploads\/2026\/09\/02145022\/576591550_18079185623144665_4612521816175841352_n1.jpg","contentUrl":"https:\/\/cdn1.mediawpaccore.net\/wp-content\/uploads\/2026\/09\/02145022\/576591550_18079185623144665_4612521816175841352_n1.jpg","width":1200,"height":630,"caption":"Yaliet Carbajal junto a su padre, El Taiger. Foto: Facebook\/Yaliet Carbajal."},{"@type":"BreadcrumbList","@id":"https:\/\/www.cuballama.com\/noticias\/hija-de-el-taiger-lo-recuerda-dias-antes-de-su-cumpleanos-no-puedo-evitar-ponerme-sentimental\/#breadcrumb","itemListElement":[{"@type":"ListItem","position":1,"name":"Home","item":"https:\/\/www.cuballama.com\/noticias\/"},{"@type":"ListItem","position":2,"name":"Hija de El Taiger lo recuerda d\u00edas antes de su cumplea\u00f1os: \u201cNo puedo evitar ponerme sentimental\u201d"}]},{"@type":"WebSite","@id":"https:\/\/www.cuballama.com\/noticias\/#website","url":"https:\/\/www.cuballama.com\/noticias\/","name":"Cuballama Noticias","description":"Medio digital sobre Cuba y el mundo","publisher":{"@id":"https:\/\/www.cuballama.com\/noticias\/#organization"},"potentialAction":[{"@type":"SearchAction","target":{"@type":"EntryPoint","urlTemplate":"https:\/\/www.cuballama.com\/noticias\/?s={search_term_string}"},"query-input":{"@type":"PropertyValueSpecification","valueRequired":true,"valueName":"search_term_string"}}],"inLanguage":"es"},{"@type":"Organization","@id":"https:\/\/www.cuballama.com\/noticias\/#organization","name":"Cuballama","url":"https:\/\/www.cuballama.com\/noticias\/","logo":{"@type":"ImageObject","inLanguage":"es","@id":"https:\/\/www.cuballama.com\/noticias\/#\/schema\/logo\/image\/","url":"https:\/\/cdn1.mediawpaccore.net\/wp-content\/uploads\/2021\/12\/28171206\/cbll-logo-color-sm.png","contentUrl":"https:\/\/cdn1.mediawpaccore.net\/wp-content\/uploads\/2021\/12\/28171206\/cbll-logo-color-sm.png","width":600,"height":133,"caption":"Cuballama"},"image":{"@id":"https:\/\/www.cuballama.com\/noticias\/#\/schema\/logo\/image\/"},"sameAs":["https:\/\/www.facebook.com\/CubaLlama","https:\/\/x.com\/cuballama","https:\/\/www.instagram.com\/stories\/cuballama_oficial\/","https:\/\/www.youtube.com\/channel\/UCKkFE-d_axENGZcrc4as0IA"]},{"@type":"Person","@id":"https:\/\/www.cuballama.com\/noticias\/#\/schema\/person\/86cd3e3f4974437f031211213bf892d5","name":"Kathy","url":"https:\/\/www.cuballama.com\/noticias\/author\/kathy\/"}]}},"_links":{"self":[{"href":"https:\/\/www.cuballama.com\/noticias\/wp-json\/wp\/v2\/posts\/255748","targetHints":{"allow":["GET"]}}],"collection":[{"href":"https:\/\/www.cuballama.com\/noticias\/wp-json\/wp\/v2\/posts"}],"about":[{"href":"https:\/\/www.cuballama.com\/noticias\/wp-json\/wp\/v2\/types\/post"}],"author":[{"embeddable":true,"href":"https:\/\/www.cuballama.com\/noticias\/wp-json\/wp\/v2\/users\/30"}],"replies":[{"embeddable":true,"href":"https:\/\/www.cuballama.com\/noticias\/wp-json\/wp\/v2\/comments?post=255748"}],"version-history":[{"count":3,"href":"https:\/\/www.cuballama.com\/noticias\/wp-json\/wp\/v2\/posts\/255748\/revisions"}],"predecessor-version":[{"id":255942,"href":"https:\/\/www.cuballama.com\/noticias\/wp-json\/wp\/v2\/posts\/255748\/revisions\/255942"}],"wp:featuredmedia":[{"embeddable":true,"href":"https:\/\/www.cuballama.com\/noticias\/wp-json\/wp\/v2\/media\/255928"}],"wp:attachment":[{"href":"https:\/\/www.cuballama.com\/noticias\/wp-json\/wp\/v2\/media?parent=255748"}],"wp:term":[{"taxonomy":"category","embeddable":true,"href":"https:\/\/www.cuballama.com\/noticias\/wp-json\/wp\/v2\/categories?post=255748"},{"taxonomy":"post_tag","embeddable":true,"href":"https:\/\/www.cuballama.com\/noticias\/wp-json\/wp\/v2\/tags?post=255748"}],"curies":[{"name":"wp","href":"https:\/\/api.w.org\/{rel}","templated":true}]}}