{"id":255746,"date":"2026-09-02T14:46:50","date_gmt":"2026-09-02T18:46:50","guid":{"rendered":"https:\/\/www.cuballama.com\/noticias\/?p=255746"},"modified":"2026-09-02T15:32:36","modified_gmt":"2026-09-02T19:32:36","slug":"acusado-de-matar-a-el-taiger-vuelve-a-corte-a-declararse-culpable","status":"publish","type":"post","link":"https:\/\/www.cuballama.com\/noticias\/acusado-de-matar-a-el-taiger-vuelve-a-corte-a-declararse-culpable\/","title":{"rendered":"Acusado de matar a El Taiger vuelve a corte&#8230; \u00bfa declararse culpable?"},"content":{"rendered":"\n<p class=\"wp-block-paragraph\">Dami\u00e1n Vald\u00e9s Galloso, el \u00fanico acusado de asesinar al reguetonero cubano Jos\u00e9 Manuel Carbajal Zald\u00edvar, m\u00e1s conocido como El Taiger, regres\u00f3 a una corte de Miami-Dade, Florida, este mi\u00e9rcoles, pero no para declararse culpable.&nbsp;<\/p>\n\n\n\n<p class=\"wp-block-paragraph\">Seg\u00fan los registros p\u00fablicos, el acusado deb\u00eda presentarse ante la jueza Marisa Tinkler M\u00e9ndez para una posible declaraci\u00f3n de culpabilidad mediante un acuerdo con la Fiscal\u00eda.<\/p>\n\n\n\n<p class=\"wp-block-paragraph\">Si bien en el expediente de la corte estaba programado para este 2 de septiembre un <em>plea<\/em>, es decir, una declaraci\u00f3n formal, el abogado de Vald\u00e9s Galloso dijo que a\u00fan est\u00e1n en proceso de entrevistas con las personas involucradas en el caso.<\/p>\n\n\n\n<p class=\"wp-block-paragraph\">La de hoy se trat\u00f3 de una audiencia muy corta en la que se fij\u00f3 una nueva fecha para la pr\u00f3xima comparecencia de Vald\u00e9s Galloso: el 10 de noviembre.<\/p>\n\n\n\n<p class=\"wp-block-paragraph\">La periodista Mayl\u00edn Lega\u00f1oa report\u00f3 para <em>Telemundo 51<\/em> que, seg\u00fan el abogado defensor, su equipo sigue en plena preparaci\u00f3n: \u201cNosotros vamos a reevaluar d\u00f3nde estamos desde el punto de vista de la defensa para ver a qui\u00e9n vamos a presentar como testigo\u201d.<\/p>\n\n\n\n<p class=\"wp-block-paragraph\">Lo anterior poco tiene que ver con lo que el mismo Ricardo Hermida declar\u00f3 <a href=\"https:\/\/www.cuballama.com\/noticias\/comparece-en-corte-acusado-de-asesinar-a-el-taiger-estas-son-las-novedades\/?srsltid=AfmBOoqPDpyoxh3NslA7T9C88TPB5JkIgCw16fmDBoVFRqBh-RiBEq0U\" target=\"_blank\" rel=\"noreferrer noopener\">a finales de julio<\/a>, cuando recalc\u00f3 que su cliente no buscaba ning\u00fan acuerdo.<\/p>\n\n\n\n<iframe loading=\"lazy\" src=\"https:\/\/www.facebook.com\/plugins\/video.php?height=476&#038;href=https%3A%2F%2Fwww.facebook.com%2Freel%2F2332182724252225%2F&#038;show_text=true&#038;width=267&#038;t=0\" width=\"267\" height=\"591\" style=\"border:none;overflow:hidden\" scrolling=\"no\" frameborder=\"0\" allowfullscreen=\"true\" allow=\"autoplay; clipboard-write; encrypted-media; picture-in-picture; web-share\" allowFullScreen=\"true\"><\/iframe>\n\n\n\n<p class=\"wp-block-paragraph\">\u201cEs un hombre inocente; lo que queremos es defenderlo, no llegar a acuerdos\u201d, apunt\u00f3 entonces Hermida.<\/p>\n\n\n\n<p class=\"wp-block-paragraph\">En aquella audiencia el abogado dijo que Vald\u00e9s Galloso actu\u00f3 en defensa propia y que el \u00fanico acuerdo que quer\u00eda la defensa con la fiscal\u00eda era \u201ctiempo servido\u201d, es decir, que se le reconozca el tiempo que ha estado en prisi\u00f3n como parte de su sentencia.<\/p>\n\n\n\n<p class=\"wp-block-paragraph\">Tras la audiencia de este mi\u00e9rcoles, el juicio oral sigue previsto de momento para marzo de 2027.<\/p>\n\n\n\n<p class=\"wp-block-paragraph\">\u201cYa llevamos dos a\u00f1os en este caso\u201d, destac\u00f3 la jueza.<\/p>\n\n\n\n<p class=\"wp-block-paragraph\">Vald\u00e9s Galloso, de 51 a\u00f1os, est\u00e1 acusado de asesinato en primer grado, manipulaci\u00f3n de evidencia f\u00edsica y posesi\u00f3n de un arma de fuego por un delincuente convicto.<\/p>\n\n\n\n<p class=\"wp-block-paragraph\">La fiscal\u00eda sostiene que Vald\u00e9s Galloso dispar\u00f3 a El Taiger en la frente la madrugada del 3 de octubre de 2024 en Hialeah y lo abandon\u00f3 frente al Hospital Jackson Memorial, donde el artista, de 37 a\u00f1os, falleci\u00f3 siete d\u00edas despu\u00e9s.<\/p>\n\n\n\n<p class=\"wp-block-paragraph\">Aunque la fiscal\u00eda descart\u00f3 la pena de muerte, busca cadena perpetua obligatoria, para lo cual cuenta con grabaciones de c\u00e1maras de seguridad, muestras de ADN, m\u00e1s de 1.200 fotograf\u00edas y documentos forenses, y una llamada al 911 en la que Vald\u00e9s Galloso habr\u00eda fingido ser un testigo que encontr\u00f3 el veh\u00edculo con la v\u00edctima.<\/p>\n\n\n\n<p class=\"wp-block-paragraph\"><\/p>\n","protected":false},"excerpt":{"rendered":"<p>Seg\u00fan los registros p\u00fablicos, el acusado deb\u00eda presentarse ante la jueza Marisa Tinkler M\u00e9ndez para una posible declaraci\u00f3n de culpabilidad.<\/p>\n","protected":false},"author":30,"featured_media":255920,"comment_status":"open","ping_status":"closed","sticky":false,"template":"","format":"standard","meta":{"_acf_changed":false,"footnotes":""},"categories":[18,11024],"tags":[23055,25896,941],"class_list":["post-255746","post","type-post","status-publish","format-standard","has-post-thumbnail","category-noticias","category-noticias-de-miami","tag-asesinato-de-el-taiger","tag-damian-valdes-galloso","tag-destacado"],"acf":[],"yoast_head":"<!-- This site is optimized with the Yoast SEO plugin v28.3 - https:\/\/yoast.com\/product\/yoast-seo-wordpress\/ -->\n<title>Acusado de matar a El Taiger vuelve a corte... \u00bfa declararse culpable? - Cuballama Noticias<\/title>\n<meta name=\"description\" content=\"Dami\u00e1n Vald\u00e9s Galloso, acusado de asesinar al reguetonero cubano El Taiger, compareci\u00f3 nuevamente en corte.\" \/>\n<meta name=\"robots\" content=\"index, follow, max-snippet:-1, max-image-preview:large, max-video-preview:-1\" \/>\n<link rel=\"canonical\" href=\"https:\/\/www.cuballama.com\/noticias\/acusado-de-matar-a-el-taiger-vuelve-a-corte-a-declararse-culpable\/\" \/>\n<meta property=\"og:locale\" content=\"es_ES\" \/>\n<meta property=\"og:type\" content=\"article\" \/>\n<meta property=\"og:title\" content=\"Acusado de matar a El Taiger vuelve a corte... \u00bfa declararse culpable? - Cuballama Noticias\" \/>\n<meta property=\"og:description\" content=\"Dami\u00e1n Vald\u00e9s Galloso, acusado de asesinar al reguetonero cubano El Taiger, compareci\u00f3 nuevamente en corte.\" \/>\n<meta property=\"og:url\" content=\"https:\/\/www.cuballama.com\/noticias\/acusado-de-matar-a-el-taiger-vuelve-a-corte-a-declararse-culpable\/\" \/>\n<meta property=\"og:site_name\" content=\"Cuballama Noticias\" \/>\n<meta property=\"article:publisher\" content=\"https:\/\/www.facebook.com\/CubaLlama\" \/>\n<meta property=\"article:published_time\" content=\"2026-09-02T18:46:50+00:00\" \/>\n<meta property=\"article:modified_time\" content=\"2026-09-02T19:32:36+00:00\" \/>\n<meta property=\"og:image\" content=\"https:\/\/cdn1.mediawpaccore.net\/wp-content\/uploads\/2026\/09\/02135111\/WhatsApp-Image-2026-09-02-at-13.05.45.jpg\" \/>\n\t<meta property=\"og:image:width\" content=\"1200\" \/>\n\t<meta property=\"og:image:height\" content=\"630\" \/>\n\t<meta property=\"og:image:type\" content=\"image\/jpeg\" \/>\n<meta name=\"author\" content=\"Kathy\" \/>\n<meta name=\"twitter:card\" content=\"summary_large_image\" \/>\n<meta name=\"twitter:creator\" content=\"@cuballama\" \/>\n<meta name=\"twitter:site\" content=\"@cuballama\" \/>\n<meta name=\"twitter:label1\" content=\"Escrito por\" \/>\n\t<meta name=\"twitter:data1\" content=\"Kathy\" \/>\n\t<meta name=\"twitter:label2\" content=\"Tiempo de lectura\" \/>\n\t<meta name=\"twitter:data2\" content=\"3 minutos\" \/>\n<script type=\"application\/ld+json\" class=\"yoast-schema-graph\">{\"@context\":\"https:\\\/\\\/schema.org\",\"@graph\":[{\"@type\":\"Article\",\"@id\":\"https:\\\/\\\/www.cuballama.com\\\/noticias\\\/acusado-de-matar-a-el-taiger-vuelve-a-corte-a-declararse-culpable\\\/#article\",\"isPartOf\":{\"@id\":\"https:\\\/\\\/www.cuballama.com\\\/noticias\\\/acusado-de-matar-a-el-taiger-vuelve-a-corte-a-declararse-culpable\\\/\"},\"author\":{\"name\":\"Kathy\",\"@id\":\"https:\\\/\\\/www.cuballama.com\\\/noticias\\\/#\\\/schema\\\/person\\\/86cd3e3f4974437f031211213bf892d5\"},\"headline\":\"Acusado de matar a El Taiger vuelve a corte&#8230; \u00bfa declararse culpable?\",\"datePublished\":\"2026-09-02T18:46:50+00:00\",\"dateModified\":\"2026-09-02T19:32:36+00:00\",\"mainEntityOfPage\":{\"@id\":\"https:\\\/\\\/www.cuballama.com\\\/noticias\\\/acusado-de-matar-a-el-taiger-vuelve-a-corte-a-declararse-culpable\\\/\"},\"wordCount\":462,\"commentCount\":0,\"publisher\":{\"@id\":\"https:\\\/\\\/www.cuballama.com\\\/noticias\\\/#organization\"},\"image\":{\"@id\":\"https:\\\/\\\/www.cuballama.com\\\/noticias\\\/acusado-de-matar-a-el-taiger-vuelve-a-corte-a-declararse-culpable\\\/#primaryimage\"},\"thumbnailUrl\":\"https:\\\/\\\/cdn1.mediawpaccore.net\\\/wp-content\\\/uploads\\\/2026\\\/09\\\/02135111\\\/WhatsApp-Image-2026-09-02-at-13.05.45.jpg\",\"keywords\":[\"asesinato de El Taiger\",\"Dami\u00e1n Vald\u00e9s Galloso\",\"destacado\"],\"articleSection\":[\"Noticias\",\"Noticias de Miami\"],\"inLanguage\":\"es\",\"potentialAction\":[{\"@type\":\"CommentAction\",\"name\":\"Comment\",\"target\":[\"https:\\\/\\\/www.cuballama.com\\\/noticias\\\/acusado-de-matar-a-el-taiger-vuelve-a-corte-a-declararse-culpable\\\/#respond\"]}]},{\"@type\":\"WebPage\",\"@id\":\"https:\\\/\\\/www.cuballama.com\\\/noticias\\\/acusado-de-matar-a-el-taiger-vuelve-a-corte-a-declararse-culpable\\\/\",\"url\":\"https:\\\/\\\/www.cuballama.com\\\/noticias\\\/acusado-de-matar-a-el-taiger-vuelve-a-corte-a-declararse-culpable\\\/\",\"name\":\"Acusado de matar a El Taiger vuelve a corte... \u00bfa declararse culpable? - Cuballama Noticias\",\"isPartOf\":{\"@id\":\"https:\\\/\\\/www.cuballama.com\\\/noticias\\\/#website\"},\"primaryImageOfPage\":{\"@id\":\"https:\\\/\\\/www.cuballama.com\\\/noticias\\\/acusado-de-matar-a-el-taiger-vuelve-a-corte-a-declararse-culpable\\\/#primaryimage\"},\"image\":{\"@id\":\"https:\\\/\\\/www.cuballama.com\\\/noticias\\\/acusado-de-matar-a-el-taiger-vuelve-a-corte-a-declararse-culpable\\\/#primaryimage\"},\"thumbnailUrl\":\"https:\\\/\\\/cdn1.mediawpaccore.net\\\/wp-content\\\/uploads\\\/2026\\\/09\\\/02135111\\\/WhatsApp-Image-2026-09-02-at-13.05.45.jpg\",\"datePublished\":\"2026-09-02T18:46:50+00:00\",\"dateModified\":\"2026-09-02T19:32:36+00:00\",\"description\":\"Dami\u00e1n Vald\u00e9s Galloso, acusado de asesinar al reguetonero cubano El Taiger, compareci\u00f3 nuevamente en corte.\",\"breadcrumb\":{\"@id\":\"https:\\\/\\\/www.cuballama.com\\\/noticias\\\/acusado-de-matar-a-el-taiger-vuelve-a-corte-a-declararse-culpable\\\/#breadcrumb\"},\"inLanguage\":\"es\",\"potentialAction\":[{\"@type\":\"ReadAction\",\"target\":[\"https:\\\/\\\/www.cuballama.com\\\/noticias\\\/acusado-de-matar-a-el-taiger-vuelve-a-corte-a-declararse-culpable\\\/\"]}]},{\"@type\":\"ImageObject\",\"inLanguage\":\"es\",\"@id\":\"https:\\\/\\\/www.cuballama.com\\\/noticias\\\/acusado-de-matar-a-el-taiger-vuelve-a-corte-a-declararse-culpable\\\/#primaryimage\",\"url\":\"https:\\\/\\\/cdn1.mediawpaccore.net\\\/wp-content\\\/uploads\\\/2026\\\/09\\\/02135111\\\/WhatsApp-Image-2026-09-02-at-13.05.45.jpg\",\"contentUrl\":\"https:\\\/\\\/cdn1.mediawpaccore.net\\\/wp-content\\\/uploads\\\/2026\\\/09\\\/02135111\\\/WhatsApp-Image-2026-09-02-at-13.05.45.jpg\",\"width\":1200,\"height\":630,\"caption\":\"Dami\u00e1n Vald\u00e9s Galloso en ocrte el 2 de septiembre de 2026. Foto: Facebook\\\/Daniel Ben\u00edtez.\"},{\"@type\":\"BreadcrumbList\",\"@id\":\"https:\\\/\\\/www.cuballama.com\\\/noticias\\\/acusado-de-matar-a-el-taiger-vuelve-a-corte-a-declararse-culpable\\\/#breadcrumb\",\"itemListElement\":[{\"@type\":\"ListItem\",\"position\":1,\"name\":\"Home\",\"item\":\"https:\\\/\\\/www.cuballama.com\\\/noticias\\\/\"},{\"@type\":\"ListItem\",\"position\":2,\"name\":\"Acusado de matar a El Taiger vuelve a corte&#8230; \u00bfa declararse culpable?\"}]},{\"@type\":\"WebSite\",\"@id\":\"https:\\\/\\\/www.cuballama.com\\\/noticias\\\/#website\",\"url\":\"https:\\\/\\\/www.cuballama.com\\\/noticias\\\/\",\"name\":\"Cuballama Noticias\",\"description\":\"Medio digital sobre Cuba y el mundo\",\"publisher\":{\"@id\":\"https:\\\/\\\/www.cuballama.com\\\/noticias\\\/#organization\"},\"potentialAction\":[{\"@type\":\"SearchAction\",\"target\":{\"@type\":\"EntryPoint\",\"urlTemplate\":\"https:\\\/\\\/www.cuballama.com\\\/noticias\\\/?s={search_term_string}\"},\"query-input\":{\"@type\":\"PropertyValueSpecification\",\"valueRequired\":true,\"valueName\":\"search_term_string\"}}],\"inLanguage\":\"es\"},{\"@type\":\"Organization\",\"@id\":\"https:\\\/\\\/www.cuballama.com\\\/noticias\\\/#organization\",\"name\":\"Cuballama\",\"url\":\"https:\\\/\\\/www.cuballama.com\\\/noticias\\\/\",\"logo\":{\"@type\":\"ImageObject\",\"inLanguage\":\"es\",\"@id\":\"https:\\\/\\\/www.cuballama.com\\\/noticias\\\/#\\\/schema\\\/logo\\\/image\\\/\",\"url\":\"https:\\\/\\\/cdn1.mediawpaccore.net\\\/wp-content\\\/uploads\\\/2021\\\/12\\\/28171206\\\/cbll-logo-color-sm.png\",\"contentUrl\":\"https:\\\/\\\/cdn1.mediawpaccore.net\\\/wp-content\\\/uploads\\\/2021\\\/12\\\/28171206\\\/cbll-logo-color-sm.png\",\"width\":600,\"height\":133,\"caption\":\"Cuballama\"},\"image\":{\"@id\":\"https:\\\/\\\/www.cuballama.com\\\/noticias\\\/#\\\/schema\\\/logo\\\/image\\\/\"},\"sameAs\":[\"https:\\\/\\\/www.facebook.com\\\/CubaLlama\",\"https:\\\/\\\/x.com\\\/cuballama\",\"https:\\\/\\\/www.instagram.com\\\/stories\\\/cuballama_oficial\\\/\",\"https:\\\/\\\/www.youtube.com\\\/channel\\\/UCKkFE-d_axENGZcrc4as0IA\"]},{\"@type\":\"Person\",\"@id\":\"https:\\\/\\\/www.cuballama.com\\\/noticias\\\/#\\\/schema\\\/person\\\/86cd3e3f4974437f031211213bf892d5\",\"name\":\"Kathy\",\"url\":\"https:\\\/\\\/www.cuballama.com\\\/noticias\\\/author\\\/kathy\\\/\"}]}<\/script>\n<!-- \/ Yoast SEO plugin. -->","yoast_head_json":{"title":"Acusado de matar a El Taiger vuelve a corte... \u00bfa declararse culpable? - Cuballama Noticias","description":"Dami\u00e1n Vald\u00e9s Galloso, acusado de asesinar al reguetonero cubano El Taiger, compareci\u00f3 nuevamente en corte.","robots":{"index":"index","follow":"follow","max-snippet":"max-snippet:-1","max-image-preview":"max-image-preview:large","max-video-preview":"max-video-preview:-1"},"canonical":"https:\/\/www.cuballama.com\/noticias\/acusado-de-matar-a-el-taiger-vuelve-a-corte-a-declararse-culpable\/","og_locale":"es_ES","og_type":"article","og_title":"Acusado de matar a El Taiger vuelve a corte... \u00bfa declararse culpable? - Cuballama Noticias","og_description":"Dami\u00e1n Vald\u00e9s Galloso, acusado de asesinar al reguetonero cubano El Taiger, compareci\u00f3 nuevamente en corte.","og_url":"https:\/\/www.cuballama.com\/noticias\/acusado-de-matar-a-el-taiger-vuelve-a-corte-a-declararse-culpable\/","og_site_name":"Cuballama Noticias","article_publisher":"https:\/\/www.facebook.com\/CubaLlama","article_published_time":"2026-09-02T18:46:50+00:00","article_modified_time":"2026-09-02T19:32:36+00:00","og_image":[{"width":1200,"height":630,"url":"https:\/\/cdn1.mediawpaccore.net\/wp-content\/uploads\/2026\/09\/02135111\/WhatsApp-Image-2026-09-02-at-13.05.45.jpg","type":"image\/jpeg"}],"author":"Kathy","twitter_card":"summary_large_image","twitter_creator":"@cuballama","twitter_site":"@cuballama","twitter_misc":{"Escrito por":"Kathy","Tiempo de lectura":"3 minutos"},"schema":{"@context":"https:\/\/schema.org","@graph":[{"@type":"Article","@id":"https:\/\/www.cuballama.com\/noticias\/acusado-de-matar-a-el-taiger-vuelve-a-corte-a-declararse-culpable\/#article","isPartOf":{"@id":"https:\/\/www.cuballama.com\/noticias\/acusado-de-matar-a-el-taiger-vuelve-a-corte-a-declararse-culpable\/"},"author":{"name":"Kathy","@id":"https:\/\/www.cuballama.com\/noticias\/#\/schema\/person\/86cd3e3f4974437f031211213bf892d5"},"headline":"Acusado de matar a El Taiger vuelve a corte&#8230; \u00bfa declararse culpable?","datePublished":"2026-09-02T18:46:50+00:00","dateModified":"2026-09-02T19:32:36+00:00","mainEntityOfPage":{"@id":"https:\/\/www.cuballama.com\/noticias\/acusado-de-matar-a-el-taiger-vuelve-a-corte-a-declararse-culpable\/"},"wordCount":462,"commentCount":0,"publisher":{"@id":"https:\/\/www.cuballama.com\/noticias\/#organization"},"image":{"@id":"https:\/\/www.cuballama.com\/noticias\/acusado-de-matar-a-el-taiger-vuelve-a-corte-a-declararse-culpable\/#primaryimage"},"thumbnailUrl":"https:\/\/cdn1.mediawpaccore.net\/wp-content\/uploads\/2026\/09\/02135111\/WhatsApp-Image-2026-09-02-at-13.05.45.jpg","keywords":["asesinato de El Taiger","Dami\u00e1n Vald\u00e9s Galloso","destacado"],"articleSection":["Noticias","Noticias de Miami"],"inLanguage":"es","potentialAction":[{"@type":"CommentAction","name":"Comment","target":["https:\/\/www.cuballama.com\/noticias\/acusado-de-matar-a-el-taiger-vuelve-a-corte-a-declararse-culpable\/#respond"]}]},{"@type":"WebPage","@id":"https:\/\/www.cuballama.com\/noticias\/acusado-de-matar-a-el-taiger-vuelve-a-corte-a-declararse-culpable\/","url":"https:\/\/www.cuballama.com\/noticias\/acusado-de-matar-a-el-taiger-vuelve-a-corte-a-declararse-culpable\/","name":"Acusado de matar a El Taiger vuelve a corte... \u00bfa declararse culpable? - Cuballama Noticias","isPartOf":{"@id":"https:\/\/www.cuballama.com\/noticias\/#website"},"primaryImageOfPage":{"@id":"https:\/\/www.cuballama.com\/noticias\/acusado-de-matar-a-el-taiger-vuelve-a-corte-a-declararse-culpable\/#primaryimage"},"image":{"@id":"https:\/\/www.cuballama.com\/noticias\/acusado-de-matar-a-el-taiger-vuelve-a-corte-a-declararse-culpable\/#primaryimage"},"thumbnailUrl":"https:\/\/cdn1.mediawpaccore.net\/wp-content\/uploads\/2026\/09\/02135111\/WhatsApp-Image-2026-09-02-at-13.05.45.jpg","datePublished":"2026-09-02T18:46:50+00:00","dateModified":"2026-09-02T19:32:36+00:00","description":"Dami\u00e1n Vald\u00e9s Galloso, acusado de asesinar al reguetonero cubano El Taiger, compareci\u00f3 nuevamente en corte.","breadcrumb":{"@id":"https:\/\/www.cuballama.com\/noticias\/acusado-de-matar-a-el-taiger-vuelve-a-corte-a-declararse-culpable\/#breadcrumb"},"inLanguage":"es","potentialAction":[{"@type":"ReadAction","target":["https:\/\/www.cuballama.com\/noticias\/acusado-de-matar-a-el-taiger-vuelve-a-corte-a-declararse-culpable\/"]}]},{"@type":"ImageObject","inLanguage":"es","@id":"https:\/\/www.cuballama.com\/noticias\/acusado-de-matar-a-el-taiger-vuelve-a-corte-a-declararse-culpable\/#primaryimage","url":"https:\/\/cdn1.mediawpaccore.net\/wp-content\/uploads\/2026\/09\/02135111\/WhatsApp-Image-2026-09-02-at-13.05.45.jpg","contentUrl":"https:\/\/cdn1.mediawpaccore.net\/wp-content\/uploads\/2026\/09\/02135111\/WhatsApp-Image-2026-09-02-at-13.05.45.jpg","width":1200,"height":630,"caption":"Dami\u00e1n Vald\u00e9s Galloso en ocrte el 2 de septiembre de 2026. Foto: Facebook\/Daniel Ben\u00edtez."},{"@type":"BreadcrumbList","@id":"https:\/\/www.cuballama.com\/noticias\/acusado-de-matar-a-el-taiger-vuelve-a-corte-a-declararse-culpable\/#breadcrumb","itemListElement":[{"@type":"ListItem","position":1,"name":"Home","item":"https:\/\/www.cuballama.com\/noticias\/"},{"@type":"ListItem","position":2,"name":"Acusado de matar a El Taiger vuelve a corte&#8230; \u00bfa declararse culpable?"}]},{"@type":"WebSite","@id":"https:\/\/www.cuballama.com\/noticias\/#website","url":"https:\/\/www.cuballama.com\/noticias\/","name":"Cuballama Noticias","description":"Medio digital sobre Cuba y el mundo","publisher":{"@id":"https:\/\/www.cuballama.com\/noticias\/#organization"},"potentialAction":[{"@type":"SearchAction","target":{"@type":"EntryPoint","urlTemplate":"https:\/\/www.cuballama.com\/noticias\/?s={search_term_string}"},"query-input":{"@type":"PropertyValueSpecification","valueRequired":true,"valueName":"search_term_string"}}],"inLanguage":"es"},{"@type":"Organization","@id":"https:\/\/www.cuballama.com\/noticias\/#organization","name":"Cuballama","url":"https:\/\/www.cuballama.com\/noticias\/","logo":{"@type":"ImageObject","inLanguage":"es","@id":"https:\/\/www.cuballama.com\/noticias\/#\/schema\/logo\/image\/","url":"https:\/\/cdn1.mediawpaccore.net\/wp-content\/uploads\/2021\/12\/28171206\/cbll-logo-color-sm.png","contentUrl":"https:\/\/cdn1.mediawpaccore.net\/wp-content\/uploads\/2021\/12\/28171206\/cbll-logo-color-sm.png","width":600,"height":133,"caption":"Cuballama"},"image":{"@id":"https:\/\/www.cuballama.com\/noticias\/#\/schema\/logo\/image\/"},"sameAs":["https:\/\/www.facebook.com\/CubaLlama","https:\/\/x.com\/cuballama","https:\/\/www.instagram.com\/stories\/cuballama_oficial\/","https:\/\/www.youtube.com\/channel\/UCKkFE-d_axENGZcrc4as0IA"]},{"@type":"Person","@id":"https:\/\/www.cuballama.com\/noticias\/#\/schema\/person\/86cd3e3f4974437f031211213bf892d5","name":"Kathy","url":"https:\/\/www.cuballama.com\/noticias\/author\/kathy\/"}]}},"_links":{"self":[{"href":"https:\/\/www.cuballama.com\/noticias\/wp-json\/wp\/v2\/posts\/255746","targetHints":{"allow":["GET"]}}],"collection":[{"href":"https:\/\/www.cuballama.com\/noticias\/wp-json\/wp\/v2\/posts"}],"about":[{"href":"https:\/\/www.cuballama.com\/noticias\/wp-json\/wp\/v2\/types\/post"}],"author":[{"embeddable":true,"href":"https:\/\/www.cuballama.com\/noticias\/wp-json\/wp\/v2\/users\/30"}],"replies":[{"embeddable":true,"href":"https:\/\/www.cuballama.com\/noticias\/wp-json\/wp\/v2\/comments?post=255746"}],"version-history":[{"count":2,"href":"https:\/\/www.cuballama.com\/noticias\/wp-json\/wp\/v2\/posts\/255746\/revisions"}],"predecessor-version":[{"id":255944,"href":"https:\/\/www.cuballama.com\/noticias\/wp-json\/wp\/v2\/posts\/255746\/revisions\/255944"}],"wp:featuredmedia":[{"embeddable":true,"href":"https:\/\/www.cuballama.com\/noticias\/wp-json\/wp\/v2\/media\/255920"}],"wp:attachment":[{"href":"https:\/\/www.cuballama.com\/noticias\/wp-json\/wp\/v2\/media?parent=255746"}],"wp:term":[{"taxonomy":"category","embeddable":true,"href":"https:\/\/www.cuballama.com\/noticias\/wp-json\/wp\/v2\/categories?post=255746"},{"taxonomy":"post_tag","embeddable":true,"href":"https:\/\/www.cuballama.com\/noticias\/wp-json\/wp\/v2\/tags?post=255746"}],"curies":[{"name":"wp","href":"https:\/\/api.w.org\/{rel}","templated":true}]}}