{"id":255732,"date":"2026-09-01T15:14:01","date_gmt":"2026-09-01T19:14:01","guid":{"rendered":"https:\/\/www.cuballama.com\/noticias\/?p=255732"},"modified":"2026-09-01T18:19:53","modified_gmt":"2026-09-01T22:19:53","slug":"pasado-el-peligro-en-cuba-famoso-politico-alessandro-di-battista-italiano-se-va-a-roma-el-jueves","status":"publish","type":"post","link":"https:\/\/www.cuballama.com\/noticias\/pasado-el-peligro-en-cuba-famoso-politico-alessandro-di-battista-italiano-se-va-a-roma-el-jueves\/","title":{"rendered":"Pasado el peligro en Cuba famoso pol\u00edtico italiano Alessandro Di Battista  se va a Roma el jueves"},"content":{"rendered":"\n<p class=\"wp-block-paragraph\">Nunca se hab\u00eda escrito y hablado de Cuba en Italia tanto en tan poco tiempo.\u00a0Se espera que el ex diputado y periodista y\u00a0\u00a0un habitual en programas de entrevistas de la televisi\u00f3n italiana,\u00a0Alessandro Di Battista hospitalizado de urgencia en la isla regrese a Roma a m\u00e1s tardar este jueves de acuerdo a varias fuentes de la prensa de ese pa\u00eds.<\/p>\n\n\n\n<p class=\"wp-block-paragraph\">A\u00fan no se ha esclarecido la causa que origin\u00f3 su enfermedad tras su llegada a Santa Clara el 22 de agosto para realizar reportajes y docu-videos por la actual situaci\u00f3n en Cuba.<\/p>\n\n\n\n<p class=\"wp-block-paragraph\">Empez\u00f3 con un&nbsp;dolor de cabeza muy fuerte,&nbsp;que le hab\u00eda estado molestando durante d\u00edas. En el atardecer del viernes el malestar se agudiz\u00f3 con la p\u00e9rdida de conciencia y fue ingresado de urgencia en el hospital de esa ciudad en el centro de la isla. En esa instalaci\u00f3n&nbsp; los m\u00e9dicos comentaron sobre la posibilidad de un ictus, seg\u00fan reportes de prensa de la naci\u00f3n europea.<\/p>\n\n\n\n<p class=\"wp-block-paragraph\">Poco despu\u00e9s Di Battista fue trasladado en ambulancia al hospital \u00abHermanos Ameijeiras\u00bb en La Habana donde hasta el d\u00eda de hoy le han realizado varias pruebas.&nbsp;<\/p>\n\n\n\n<p class=\"wp-block-paragraph\">Al activista , ac\u00e9rrimo cr\u00edtico del gobierno de derechas de la primera ministra Giorgia Meloni, se le han unido para acompa\u00f1arlo al abrir la semana su pareja,\u00a0Sahra Lahousnia,con la que tiene dos hijos,\u00a0y dos m\u00e9dicos italianos, un\u00a0neurocirujano y un especialistas en reanimaci\u00f3n y cuidados intensivos, para\u00a0prestar apoyo a los colegas cubanos y evaluar el estado de Di Battista para su traslado.\u00a0<\/p>\n\n\n\n<p class=\"wp-block-paragraph\">El domingo el enfermo mantuvo una breve conversaci\u00f3n telef\u00f3nica&nbsp; con el ministro de Asuntos Exteriores Antonio Tajani quien confirm\u00f3 la disposici\u00f3n del gobierno para organizar su desplazamiento&nbsp; en un vuelo m\u00e9dico especial&nbsp;cuando los m\u00e9dicos den el visto bueno.<\/p>\n\n\n\n<p class=\"wp-block-paragraph\">Di Battista, de 48 a\u00f1os, est\u00e1 consciente y alerta y responde a sus contactos en redes sociales cuando y como puede, asegura la prensa italiana. Por otro lado, la prensa oficial cubana no se ha ocupado de este accidente de salud.&nbsp;<\/p>\n\n\n\n<p class=\"wp-block-paragraph\">Seg\u00fan \u00abCorrieri della Sera\u00bb , Di Battista dijo \u00abEstoy asegurado, no es necesario un avi\u00f3n estatal\u00bb , al referirse con \u00abpalabras pronunciadas con cortes\u00eda y gratitud\u00bb al ofrecimiento del gobierno&nbsp; que ha precisado que&nbsp;Italia presta la ayuda que&nbsp;ofrecer\u00eda a cualquier ciudadano en las mismas condiciones.<\/p>\n\n\n\n<p class=\"wp-block-paragraph\">En Italia se habr\u00eda desencadenado una&nbsp; controversia&nbsp; a trav\u00e9s de las redes sociales sobre el transporte&nbsp;en vuelo estatal, que podr\u00eda considerarse un privilegio reservado a un exparlamentario.&nbsp;<\/p>\n\n\n\n<p class=\"wp-block-paragraph\">En cualquier caso, a decir de los medios italianos, quedan dos hip\u00f3tesis para su&nbsp; regreso a Roma: el uso de&nbsp;una ambulancia a\u00e9rea privada&nbsp;o la aeronave estatal puesta a disposici\u00f3n del gobierno para su repatriaci\u00f3n m\u00e9dica. Esta \u00faltima podr\u00eda ofrecer m\u00e1s garant\u00edas para el delicado transporte del paciente y los costes seguir\u00edan siendo reembolsados por el seguro contratado por el viaje a Cuba del ex diputado. Pero&nbsp; el propio Di Battista habr\u00eda descartado el uso del avi\u00f3n estatal. \u00abIl Fatto quotidiano\u00bb,el peri\u00f3dico&nbsp;<\/p>\n\n\n\n<p class=\"wp-block-paragraph\">para el que Di Battista enviaba sus rese\u00f1as en Cuba, y el Movimiento Cinco Estrellas, un partido pol\u00edtico de centroizquierda del que fue diputado,&nbsp;han expresado su disposici\u00f3n a intervenir para cubrir otros gastos.<\/p>\n\n\n\n<p class=\"wp-block-paragraph\">El pol\u00edtico romano\u00a0 es tambi\u00e9n considerado con una l\u00ednea\u00a0 \u00abanti OTAN\u00bb y \u00abpro Putin\u00bb.\u00a0La prensa rusa ha difundido la hospitalizaci\u00f3n en Cuba de Di Battista . En una nota la agencia TASS record\u00f3 que \u00abdesde 2022, Di Battista ha explicado p\u00fablicamente las verdaderas causas del conflicto ucraniano. El periodista fue uno de los primeros en el espacio informativo italiano en hablar sobre la \u00abguerra ordenada\u00bb de Estados Unidos contra la Federaci\u00f3n Rusa a trav\u00e9s de Ucrania.\u00a0En los \u00faltimos a\u00f1os, ha viajado a Rusia ,incluso en el Donb\u00e1s, preparando reportajes que contrastan fuertemente con la l\u00ednea oficial occidental de cobertura del conflicto\u00bb.<\/p>\n","protected":false},"excerpt":{"rendered":"<p>A\u00fan no se ha esclarecido la causa que origin\u00f3 su enfermedad tras su llegada a Santa Clara el 22 de agosto para realizar reportajes y docu-videos por la actual situaci\u00f3n en Cuba.<\/p>\n","protected":false},"author":24,"featured_media":255484,"comment_status":"open","ping_status":"closed","sticky":false,"template":"","format":"standard","meta":{"_acf_changed":false,"footnotes":""},"categories":[18,955],"tags":[37771,10867,11,941,26998,7508,16499],"class_list":["post-255732","post","type-post","status-publish","format-standard","has-post-thumbnail","category-noticias","category-noticias-de-cuba","tag-alessandro-di-battista","tag-crisis-en-cuba","tag-cuba","tag-destacado","tag-italiano-en-cuba","tag-otan","tag-putin"],"acf":[],"yoast_head":"<!-- This site is optimized with the Yoast SEO plugin v28.3 - https:\/\/yoast.com\/product\/yoast-seo-wordpress\/ -->\n<title>Pasado el peligro en Cuba famoso pol\u00edtico italiano Alessandro Di Battista se va a Roma el jueves - Cuballama Noticias<\/title>\n<meta name=\"description\" content=\"Alessandro Di Battista hospitalizado de urgencia en la isla regresar\u00e1 a Roma a m\u00e1s tardar este jueves de acuerdo a varias fuentes.\" \/>\n<meta name=\"robots\" content=\"index, follow, max-snippet:-1, max-image-preview:large, max-video-preview:-1\" \/>\n<link rel=\"canonical\" href=\"https:\/\/www.cuballama.com\/noticias\/pasado-el-peligro-en-cuba-famoso-politico-alessandro-di-battista-italiano-se-va-a-roma-el-jueves\/\" \/>\n<meta property=\"og:locale\" content=\"es_ES\" \/>\n<meta property=\"og:type\" content=\"article\" \/>\n<meta property=\"og:title\" content=\"Pasado el peligro en Cuba famoso pol\u00edtico italiano Alessandro Di Battista se va a Roma el jueves - Cuballama Noticias\" \/>\n<meta property=\"og:description\" content=\"Alessandro Di Battista hospitalizado de urgencia en la isla regresar\u00e1 a Roma a m\u00e1s tardar este jueves de acuerdo a varias fuentes.\" \/>\n<meta property=\"og:url\" content=\"https:\/\/www.cuballama.com\/noticias\/pasado-el-peligro-en-cuba-famoso-politico-alessandro-di-battista-italiano-se-va-a-roma-el-jueves\/\" \/>\n<meta property=\"og:site_name\" content=\"Cuballama Noticias\" \/>\n<meta property=\"article:publisher\" content=\"https:\/\/www.facebook.com\/CubaLlama\" \/>\n<meta property=\"article:published_time\" content=\"2026-09-01T19:14:01+00:00\" \/>\n<meta property=\"article:modified_time\" content=\"2026-09-01T22:19:53+00:00\" \/>\n<meta property=\"og:image\" content=\"https:\/\/cdn1.mediawpaccore.net\/wp-content\/uploads\/2026\/08\/30140054\/Diputado-italiano-hospitalizado-en-Cuba.png\" \/>\n\t<meta property=\"og:image:width\" content=\"1368\" \/>\n\t<meta property=\"og:image:height\" content=\"868\" \/>\n\t<meta property=\"og:image:type\" content=\"image\/png\" \/>\n<meta name=\"author\" content=\"Manu\" \/>\n<meta name=\"twitter:card\" content=\"summary_large_image\" \/>\n<meta name=\"twitter:creator\" content=\"@cuballama\" \/>\n<meta name=\"twitter:site\" content=\"@cuballama\" \/>\n<meta name=\"twitter:label1\" content=\"Escrito por\" \/>\n\t<meta name=\"twitter:data1\" content=\"Manu\" \/>\n\t<meta name=\"twitter:label2\" content=\"Tiempo de lectura\" \/>\n\t<meta name=\"twitter:data2\" content=\"4 minutos\" \/>\n<script type=\"application\/ld+json\" class=\"yoast-schema-graph\">{\"@context\":\"https:\\\/\\\/schema.org\",\"@graph\":[{\"@type\":\"Article\",\"@id\":\"https:\\\/\\\/www.cuballama.com\\\/noticias\\\/pasado-el-peligro-en-cuba-famoso-politico-alessandro-di-battista-italiano-se-va-a-roma-el-jueves\\\/#article\",\"isPartOf\":{\"@id\":\"https:\\\/\\\/www.cuballama.com\\\/noticias\\\/pasado-el-peligro-en-cuba-famoso-politico-alessandro-di-battista-italiano-se-va-a-roma-el-jueves\\\/\"},\"author\":{\"name\":\"Manu\",\"@id\":\"https:\\\/\\\/www.cuballama.com\\\/noticias\\\/#\\\/schema\\\/person\\\/5889f7d070564f8386e7944d14d436cd\"},\"headline\":\"Pasado el peligro en Cuba famoso pol\u00edtico italiano Alessandro Di Battista se va a Roma el jueves\",\"datePublished\":\"2026-09-01T19:14:01+00:00\",\"dateModified\":\"2026-09-01T22:19:53+00:00\",\"mainEntityOfPage\":{\"@id\":\"https:\\\/\\\/www.cuballama.com\\\/noticias\\\/pasado-el-peligro-en-cuba-famoso-politico-alessandro-di-battista-italiano-se-va-a-roma-el-jueves\\\/\"},\"wordCount\":718,\"commentCount\":0,\"publisher\":{\"@id\":\"https:\\\/\\\/www.cuballama.com\\\/noticias\\\/#organization\"},\"image\":{\"@id\":\"https:\\\/\\\/www.cuballama.com\\\/noticias\\\/pasado-el-peligro-en-cuba-famoso-politico-alessandro-di-battista-italiano-se-va-a-roma-el-jueves\\\/#primaryimage\"},\"thumbnailUrl\":\"https:\\\/\\\/cdn1.mediawpaccore.net\\\/wp-content\\\/uploads\\\/2026\\\/08\\\/30140054\\\/Diputado-italiano-hospitalizado-en-Cuba.png\",\"keywords\":[\"Alessandro Di Battista\",\"Crisis en Cuba\",\"Cuba\",\"destacado\",\"italiano en Cuba\",\"OTAN\",\"Putin\"],\"articleSection\":[\"Noticias\",\"Noticias de Cuba\"],\"inLanguage\":\"es\",\"potentialAction\":[{\"@type\":\"CommentAction\",\"name\":\"Comment\",\"target\":[\"https:\\\/\\\/www.cuballama.com\\\/noticias\\\/pasado-el-peligro-en-cuba-famoso-politico-alessandro-di-battista-italiano-se-va-a-roma-el-jueves\\\/#respond\"]}]},{\"@type\":\"WebPage\",\"@id\":\"https:\\\/\\\/www.cuballama.com\\\/noticias\\\/pasado-el-peligro-en-cuba-famoso-politico-alessandro-di-battista-italiano-se-va-a-roma-el-jueves\\\/\",\"url\":\"https:\\\/\\\/www.cuballama.com\\\/noticias\\\/pasado-el-peligro-en-cuba-famoso-politico-alessandro-di-battista-italiano-se-va-a-roma-el-jueves\\\/\",\"name\":\"Pasado el peligro en Cuba famoso pol\u00edtico italiano Alessandro Di Battista se va a Roma el jueves - Cuballama Noticias\",\"isPartOf\":{\"@id\":\"https:\\\/\\\/www.cuballama.com\\\/noticias\\\/#website\"},\"primaryImageOfPage\":{\"@id\":\"https:\\\/\\\/www.cuballama.com\\\/noticias\\\/pasado-el-peligro-en-cuba-famoso-politico-alessandro-di-battista-italiano-se-va-a-roma-el-jueves\\\/#primaryimage\"},\"image\":{\"@id\":\"https:\\\/\\\/www.cuballama.com\\\/noticias\\\/pasado-el-peligro-en-cuba-famoso-politico-alessandro-di-battista-italiano-se-va-a-roma-el-jueves\\\/#primaryimage\"},\"thumbnailUrl\":\"https:\\\/\\\/cdn1.mediawpaccore.net\\\/wp-content\\\/uploads\\\/2026\\\/08\\\/30140054\\\/Diputado-italiano-hospitalizado-en-Cuba.png\",\"datePublished\":\"2026-09-01T19:14:01+00:00\",\"dateModified\":\"2026-09-01T22:19:53+00:00\",\"description\":\"Alessandro Di Battista hospitalizado de urgencia en la isla regresar\u00e1 a Roma a m\u00e1s tardar este jueves de acuerdo a varias fuentes.\",\"breadcrumb\":{\"@id\":\"https:\\\/\\\/www.cuballama.com\\\/noticias\\\/pasado-el-peligro-en-cuba-famoso-politico-alessandro-di-battista-italiano-se-va-a-roma-el-jueves\\\/#breadcrumb\"},\"inLanguage\":\"es\",\"potentialAction\":[{\"@type\":\"ReadAction\",\"target\":[\"https:\\\/\\\/www.cuballama.com\\\/noticias\\\/pasado-el-peligro-en-cuba-famoso-politico-alessandro-di-battista-italiano-se-va-a-roma-el-jueves\\\/\"]}]},{\"@type\":\"ImageObject\",\"inLanguage\":\"es\",\"@id\":\"https:\\\/\\\/www.cuballama.com\\\/noticias\\\/pasado-el-peligro-en-cuba-famoso-politico-alessandro-di-battista-italiano-se-va-a-roma-el-jueves\\\/#primaryimage\",\"url\":\"https:\\\/\\\/cdn1.mediawpaccore.net\\\/wp-content\\\/uploads\\\/2026\\\/08\\\/30140054\\\/Diputado-italiano-hospitalizado-en-Cuba.png\",\"contentUrl\":\"https:\\\/\\\/cdn1.mediawpaccore.net\\\/wp-content\\\/uploads\\\/2026\\\/08\\\/30140054\\\/Diputado-italiano-hospitalizado-en-Cuba.png\",\"width\":1368,\"height\":868,\"caption\":\"Actualizan sobre el estado del exdiputado italiano hospitalizado en Cuba (Foto: Alessandro Di Battista \\\/ Facebook)\"},{\"@type\":\"BreadcrumbList\",\"@id\":\"https:\\\/\\\/www.cuballama.com\\\/noticias\\\/pasado-el-peligro-en-cuba-famoso-politico-alessandro-di-battista-italiano-se-va-a-roma-el-jueves\\\/#breadcrumb\",\"itemListElement\":[{\"@type\":\"ListItem\",\"position\":1,\"name\":\"Home\",\"item\":\"https:\\\/\\\/www.cuballama.com\\\/noticias\\\/\"},{\"@type\":\"ListItem\",\"position\":2,\"name\":\"Pasado el peligro en Cuba famoso pol\u00edtico italiano Alessandro Di Battista se va a Roma el jueves\"}]},{\"@type\":\"WebSite\",\"@id\":\"https:\\\/\\\/www.cuballama.com\\\/noticias\\\/#website\",\"url\":\"https:\\\/\\\/www.cuballama.com\\\/noticias\\\/\",\"name\":\"Cuballama Noticias\",\"description\":\"Medio digital sobre Cuba y el mundo\",\"publisher\":{\"@id\":\"https:\\\/\\\/www.cuballama.com\\\/noticias\\\/#organization\"},\"potentialAction\":[{\"@type\":\"SearchAction\",\"target\":{\"@type\":\"EntryPoint\",\"urlTemplate\":\"https:\\\/\\\/www.cuballama.com\\\/noticias\\\/?s={search_term_string}\"},\"query-input\":{\"@type\":\"PropertyValueSpecification\",\"valueRequired\":true,\"valueName\":\"search_term_string\"}}],\"inLanguage\":\"es\"},{\"@type\":\"Organization\",\"@id\":\"https:\\\/\\\/www.cuballama.com\\\/noticias\\\/#organization\",\"name\":\"Cuballama\",\"url\":\"https:\\\/\\\/www.cuballama.com\\\/noticias\\\/\",\"logo\":{\"@type\":\"ImageObject\",\"inLanguage\":\"es\",\"@id\":\"https:\\\/\\\/www.cuballama.com\\\/noticias\\\/#\\\/schema\\\/logo\\\/image\\\/\",\"url\":\"https:\\\/\\\/cdn1.mediawpaccore.net\\\/wp-content\\\/uploads\\\/2021\\\/12\\\/28171206\\\/cbll-logo-color-sm.png\",\"contentUrl\":\"https:\\\/\\\/cdn1.mediawpaccore.net\\\/wp-content\\\/uploads\\\/2021\\\/12\\\/28171206\\\/cbll-logo-color-sm.png\",\"width\":600,\"height\":133,\"caption\":\"Cuballama\"},\"image\":{\"@id\":\"https:\\\/\\\/www.cuballama.com\\\/noticias\\\/#\\\/schema\\\/logo\\\/image\\\/\"},\"sameAs\":[\"https:\\\/\\\/www.facebook.com\\\/CubaLlama\",\"https:\\\/\\\/x.com\\\/cuballama\",\"https:\\\/\\\/www.instagram.com\\\/stories\\\/cuballama_oficial\\\/\",\"https:\\\/\\\/www.youtube.com\\\/channel\\\/UCKkFE-d_axENGZcrc4as0IA\"]},{\"@type\":\"Person\",\"@id\":\"https:\\\/\\\/www.cuballama.com\\\/noticias\\\/#\\\/schema\\\/person\\\/5889f7d070564f8386e7944d14d436cd\",\"name\":\"Manu\",\"url\":\"https:\\\/\\\/www.cuballama.com\\\/noticias\\\/author\\\/manu\\\/\"}]}<\/script>\n<!-- \/ Yoast SEO plugin. -->","yoast_head_json":{"title":"Pasado el peligro en Cuba famoso pol\u00edtico italiano Alessandro Di Battista se va a Roma el jueves - Cuballama Noticias","description":"Alessandro Di Battista hospitalizado de urgencia en la isla regresar\u00e1 a Roma a m\u00e1s tardar este jueves de acuerdo a varias fuentes.","robots":{"index":"index","follow":"follow","max-snippet":"max-snippet:-1","max-image-preview":"max-image-preview:large","max-video-preview":"max-video-preview:-1"},"canonical":"https:\/\/www.cuballama.com\/noticias\/pasado-el-peligro-en-cuba-famoso-politico-alessandro-di-battista-italiano-se-va-a-roma-el-jueves\/","og_locale":"es_ES","og_type":"article","og_title":"Pasado el peligro en Cuba famoso pol\u00edtico italiano Alessandro Di Battista se va a Roma el jueves - Cuballama Noticias","og_description":"Alessandro Di Battista hospitalizado de urgencia en la isla regresar\u00e1 a Roma a m\u00e1s tardar este jueves de acuerdo a varias fuentes.","og_url":"https:\/\/www.cuballama.com\/noticias\/pasado-el-peligro-en-cuba-famoso-politico-alessandro-di-battista-italiano-se-va-a-roma-el-jueves\/","og_site_name":"Cuballama Noticias","article_publisher":"https:\/\/www.facebook.com\/CubaLlama","article_published_time":"2026-09-01T19:14:01+00:00","article_modified_time":"2026-09-01T22:19:53+00:00","og_image":[{"width":1368,"height":868,"url":"https:\/\/cdn1.mediawpaccore.net\/wp-content\/uploads\/2026\/08\/30140054\/Diputado-italiano-hospitalizado-en-Cuba.png","type":"image\/png"}],"author":"Manu","twitter_card":"summary_large_image","twitter_creator":"@cuballama","twitter_site":"@cuballama","twitter_misc":{"Escrito por":"Manu","Tiempo de lectura":"4 minutos"},"schema":{"@context":"https:\/\/schema.org","@graph":[{"@type":"Article","@id":"https:\/\/www.cuballama.com\/noticias\/pasado-el-peligro-en-cuba-famoso-politico-alessandro-di-battista-italiano-se-va-a-roma-el-jueves\/#article","isPartOf":{"@id":"https:\/\/www.cuballama.com\/noticias\/pasado-el-peligro-en-cuba-famoso-politico-alessandro-di-battista-italiano-se-va-a-roma-el-jueves\/"},"author":{"name":"Manu","@id":"https:\/\/www.cuballama.com\/noticias\/#\/schema\/person\/5889f7d070564f8386e7944d14d436cd"},"headline":"Pasado el peligro en Cuba famoso pol\u00edtico italiano Alessandro Di Battista se va a Roma el jueves","datePublished":"2026-09-01T19:14:01+00:00","dateModified":"2026-09-01T22:19:53+00:00","mainEntityOfPage":{"@id":"https:\/\/www.cuballama.com\/noticias\/pasado-el-peligro-en-cuba-famoso-politico-alessandro-di-battista-italiano-se-va-a-roma-el-jueves\/"},"wordCount":718,"commentCount":0,"publisher":{"@id":"https:\/\/www.cuballama.com\/noticias\/#organization"},"image":{"@id":"https:\/\/www.cuballama.com\/noticias\/pasado-el-peligro-en-cuba-famoso-politico-alessandro-di-battista-italiano-se-va-a-roma-el-jueves\/#primaryimage"},"thumbnailUrl":"https:\/\/cdn1.mediawpaccore.net\/wp-content\/uploads\/2026\/08\/30140054\/Diputado-italiano-hospitalizado-en-Cuba.png","keywords":["Alessandro Di Battista","Crisis en Cuba","Cuba","destacado","italiano en Cuba","OTAN","Putin"],"articleSection":["Noticias","Noticias de Cuba"],"inLanguage":"es","potentialAction":[{"@type":"CommentAction","name":"Comment","target":["https:\/\/www.cuballama.com\/noticias\/pasado-el-peligro-en-cuba-famoso-politico-alessandro-di-battista-italiano-se-va-a-roma-el-jueves\/#respond"]}]},{"@type":"WebPage","@id":"https:\/\/www.cuballama.com\/noticias\/pasado-el-peligro-en-cuba-famoso-politico-alessandro-di-battista-italiano-se-va-a-roma-el-jueves\/","url":"https:\/\/www.cuballama.com\/noticias\/pasado-el-peligro-en-cuba-famoso-politico-alessandro-di-battista-italiano-se-va-a-roma-el-jueves\/","name":"Pasado el peligro en Cuba famoso pol\u00edtico italiano Alessandro Di Battista se va a Roma el jueves - Cuballama Noticias","isPartOf":{"@id":"https:\/\/www.cuballama.com\/noticias\/#website"},"primaryImageOfPage":{"@id":"https:\/\/www.cuballama.com\/noticias\/pasado-el-peligro-en-cuba-famoso-politico-alessandro-di-battista-italiano-se-va-a-roma-el-jueves\/#primaryimage"},"image":{"@id":"https:\/\/www.cuballama.com\/noticias\/pasado-el-peligro-en-cuba-famoso-politico-alessandro-di-battista-italiano-se-va-a-roma-el-jueves\/#primaryimage"},"thumbnailUrl":"https:\/\/cdn1.mediawpaccore.net\/wp-content\/uploads\/2026\/08\/30140054\/Diputado-italiano-hospitalizado-en-Cuba.png","datePublished":"2026-09-01T19:14:01+00:00","dateModified":"2026-09-01T22:19:53+00:00","description":"Alessandro Di Battista hospitalizado de urgencia en la isla regresar\u00e1 a Roma a m\u00e1s tardar este jueves de acuerdo a varias fuentes.","breadcrumb":{"@id":"https:\/\/www.cuballama.com\/noticias\/pasado-el-peligro-en-cuba-famoso-politico-alessandro-di-battista-italiano-se-va-a-roma-el-jueves\/#breadcrumb"},"inLanguage":"es","potentialAction":[{"@type":"ReadAction","target":["https:\/\/www.cuballama.com\/noticias\/pasado-el-peligro-en-cuba-famoso-politico-alessandro-di-battista-italiano-se-va-a-roma-el-jueves\/"]}]},{"@type":"ImageObject","inLanguage":"es","@id":"https:\/\/www.cuballama.com\/noticias\/pasado-el-peligro-en-cuba-famoso-politico-alessandro-di-battista-italiano-se-va-a-roma-el-jueves\/#primaryimage","url":"https:\/\/cdn1.mediawpaccore.net\/wp-content\/uploads\/2026\/08\/30140054\/Diputado-italiano-hospitalizado-en-Cuba.png","contentUrl":"https:\/\/cdn1.mediawpaccore.net\/wp-content\/uploads\/2026\/08\/30140054\/Diputado-italiano-hospitalizado-en-Cuba.png","width":1368,"height":868,"caption":"Actualizan sobre el estado del exdiputado italiano hospitalizado en Cuba (Foto: Alessandro Di Battista \/ Facebook)"},{"@type":"BreadcrumbList","@id":"https:\/\/www.cuballama.com\/noticias\/pasado-el-peligro-en-cuba-famoso-politico-alessandro-di-battista-italiano-se-va-a-roma-el-jueves\/#breadcrumb","itemListElement":[{"@type":"ListItem","position":1,"name":"Home","item":"https:\/\/www.cuballama.com\/noticias\/"},{"@type":"ListItem","position":2,"name":"Pasado el peligro en Cuba famoso pol\u00edtico italiano Alessandro Di Battista se va a Roma el jueves"}]},{"@type":"WebSite","@id":"https:\/\/www.cuballama.com\/noticias\/#website","url":"https:\/\/www.cuballama.com\/noticias\/","name":"Cuballama Noticias","description":"Medio digital sobre Cuba y el mundo","publisher":{"@id":"https:\/\/www.cuballama.com\/noticias\/#organization"},"potentialAction":[{"@type":"SearchAction","target":{"@type":"EntryPoint","urlTemplate":"https:\/\/www.cuballama.com\/noticias\/?s={search_term_string}"},"query-input":{"@type":"PropertyValueSpecification","valueRequired":true,"valueName":"search_term_string"}}],"inLanguage":"es"},{"@type":"Organization","@id":"https:\/\/www.cuballama.com\/noticias\/#organization","name":"Cuballama","url":"https:\/\/www.cuballama.com\/noticias\/","logo":{"@type":"ImageObject","inLanguage":"es","@id":"https:\/\/www.cuballama.com\/noticias\/#\/schema\/logo\/image\/","url":"https:\/\/cdn1.mediawpaccore.net\/wp-content\/uploads\/2021\/12\/28171206\/cbll-logo-color-sm.png","contentUrl":"https:\/\/cdn1.mediawpaccore.net\/wp-content\/uploads\/2021\/12\/28171206\/cbll-logo-color-sm.png","width":600,"height":133,"caption":"Cuballama"},"image":{"@id":"https:\/\/www.cuballama.com\/noticias\/#\/schema\/logo\/image\/"},"sameAs":["https:\/\/www.facebook.com\/CubaLlama","https:\/\/x.com\/cuballama","https:\/\/www.instagram.com\/stories\/cuballama_oficial\/","https:\/\/www.youtube.com\/channel\/UCKkFE-d_axENGZcrc4as0IA"]},{"@type":"Person","@id":"https:\/\/www.cuballama.com\/noticias\/#\/schema\/person\/5889f7d070564f8386e7944d14d436cd","name":"Manu","url":"https:\/\/www.cuballama.com\/noticias\/author\/manu\/"}]}},"_links":{"self":[{"href":"https:\/\/www.cuballama.com\/noticias\/wp-json\/wp\/v2\/posts\/255732","targetHints":{"allow":["GET"]}}],"collection":[{"href":"https:\/\/www.cuballama.com\/noticias\/wp-json\/wp\/v2\/posts"}],"about":[{"href":"https:\/\/www.cuballama.com\/noticias\/wp-json\/wp\/v2\/types\/post"}],"author":[{"embeddable":true,"href":"https:\/\/www.cuballama.com\/noticias\/wp-json\/wp\/v2\/users\/24"}],"replies":[{"embeddable":true,"href":"https:\/\/www.cuballama.com\/noticias\/wp-json\/wp\/v2\/comments?post=255732"}],"version-history":[{"count":3,"href":"https:\/\/www.cuballama.com\/noticias\/wp-json\/wp\/v2\/posts\/255732\/revisions"}],"predecessor-version":[{"id":255742,"href":"https:\/\/www.cuballama.com\/noticias\/wp-json\/wp\/v2\/posts\/255732\/revisions\/255742"}],"wp:featuredmedia":[{"embeddable":true,"href":"https:\/\/www.cuballama.com\/noticias\/wp-json\/wp\/v2\/media\/255484"}],"wp:attachment":[{"href":"https:\/\/www.cuballama.com\/noticias\/wp-json\/wp\/v2\/media?parent=255732"}],"wp:term":[{"taxonomy":"category","embeddable":true,"href":"https:\/\/www.cuballama.com\/noticias\/wp-json\/wp\/v2\/categories?post=255732"},{"taxonomy":"post_tag","embeddable":true,"href":"https:\/\/www.cuballama.com\/noticias\/wp-json\/wp\/v2\/tags?post=255732"}],"curies":[{"name":"wp","href":"https:\/\/api.w.org\/{rel}","templated":true}]}}