{"id":255724,"date":"2026-09-01T13:30:50","date_gmt":"2026-09-01T17:30:50","guid":{"rendered":"https:\/\/www.cuballama.com\/noticias\/?p=255724"},"modified":"2026-09-01T16:30:24","modified_gmt":"2026-09-01T20:30:24","slug":"raul-castro-gravemente-enfermo-diario-de-las-americas","status":"publish","type":"post","link":"https:\/\/www.cuballama.com\/noticias\/raul-castro-gravemente-enfermo-diario-de-las-americas\/","title":{"rendered":"Raul Castro estar\u00eda gravemente enfermo"},"content":{"rendered":"\n<p class=\"wp-block-paragraph\">\u00abRa\u00fal Castro no ha muerto, est\u00e1 gravemente enfermo\u00bb public\u00f3 en su portada digital al mediod\u00eda de este martes el&nbsp; peri\u00f3dico hispano de Miami, \u00abDiario de las Am\u00e9ricas\u00bb.<\/p>\n\n\n\n<p class=\"wp-block-paragraph\">\u00abGravemente enfermo, asistido con equipos para mantenerlo con vida, afectado al parecer por un accidente cerebro vascular, ser\u00eda el estado en el que permanece el general de ej\u00e9rcito Ra\u00fal Castro, seg\u00fan informes llegados a la redacci\u00f3n de Diario Las Am\u00e9ricas.\u00bb fue el encabezado de la nota suscrita por su editora principal Iliana Lavastida.<\/p>\n\n\n\n<p class=\"wp-block-paragraph\">El medio asegura que en d\u00edas recientes hab\u00eda circulado el rumor de que el menor de los hermanos Castro habr\u00eda fallecido, \u00absin embargo, la realidad hasta este momento es que se encuentra muy delicado de salud, a partir de una informaci\u00f3n filtrada que no deja lugar a especulaciones\u00bb precis\u00f3 la publicaci\u00f3n.<\/p>\n\n\n\n<p class=\"wp-block-paragraph\">La \u00faltima aparici\u00f3n p\u00fablica del ex presidente cubano ocurri\u00f3 el pasado 13 de agosto en el teatro Karl Marx de La Habana por un acto pol\u00edtico-cultural por el centenario del natalicio de su hermano Fidel Castro quien falleci\u00f3 a los 90 a\u00f1os el 25 de noviembre de 2016.<\/p>\n\n\n\n<p class=\"wp-block-paragraph\">Ra\u00fal Castro cumpli\u00f3 95 a\u00f1os el tres de junio. Aunque en abril de 2018 design\u00f3 a Miguel Diaz-Canel para que asumiera como presidente y primer secretario del Partido Comunista (\u00fanico autorizado en la isla), era considerado como el \u00abLider de la Revoluci\u00f3n\u00bb y como tal se estimaba que desde su \u00abretiro\u00bb continuaba controlando los destinos del pa\u00eds en estrecha vinculaci\u00f3n con su entorno familiar.<\/p>\n\n\n\n<p class=\"wp-block-paragraph\">Incluso , la s\u00fabita aparici\u00f3n de su nieto coronel y su guardaespaldas, Ra\u00fal Guillermo Rodr\u00edguez Castro, como \u00abmensajero\u00bb en las conversaciones con la Administraci\u00f3n Trump sobre el futuro de Cuba, se estima una encomienda de su abuelo quien el 20 de mayo pasado fue acusado formalmente por el Departamento de Justicia de EE.UU en una corte federal de Miami con cuatro cargos de asesinato y conspiraci\u00f3n por su presunta responsabilidad, cuando era Ministro cubano de Defensa, en el derribo de dos avionetas de la organizaci\u00f3n anticastrista Hermanos al Rescate en el que murieron sus cuatro tripulantes.<\/p>\n\n\n\n<p class=\"wp-block-paragraph\">El gobierno cubano rechaz\u00f3 la acusaci\u00f3n inmediatamente.<\/p>\n\n\n\n<p class=\"wp-block-paragraph\">Las autoridades de la isla a\u00fan no hab\u00edan reaccionado a la publicaci\u00f3n del Diario de las Am\u00e9ricas.<\/p>\n\n\n\n<p class=\"wp-block-paragraph\"><\/p>\n","protected":false},"excerpt":{"rendered":"<p>\u00abGravemente enfermo, asistido con equipos para mantenerlo con vida, afectado al parecer por un accidente cerebro vascular, ser\u00eda el estado en el que permanece el general de ej\u00e9rcito Ra\u00fal Castro, seg\u00fan informes llegados a la redacci\u00f3n de Diario Las Am\u00e9ricas.\u00bb<\/p>\n","protected":false},"author":24,"featured_media":243195,"comment_status":"open","ping_status":"closed","sticky":false,"template":"","format":"standard","meta":{"_acf_changed":false,"footnotes":""},"categories":[18,955],"tags":[10867,11,5198,113,11017],"class_list":["post-255724","post","type-post","status-publish","format-standard","has-post-thumbnail","category-noticias","category-noticias-de-cuba","tag-crisis-en-cuba","tag-cuba","tag-diario-de-las-americas","tag-raul-castro","tag-superdestacado"],"acf":[],"yoast_head":"<!-- This site is optimized with the Yoast SEO plugin v28.3 - https:\/\/yoast.com\/product\/yoast-seo-wordpress\/ -->\n<title>Raul Castro estar\u00eda gravemente enfermo - Cuballama Noticias<\/title>\n<meta name=\"robots\" content=\"index, follow, max-snippet:-1, max-image-preview:large, max-video-preview:-1\" \/>\n<link rel=\"canonical\" href=\"https:\/\/www.cuballama.com\/noticias\/raul-castro-gravemente-enfermo-diario-de-las-americas\/\" \/>\n<meta property=\"og:locale\" content=\"es_ES\" \/>\n<meta property=\"og:type\" content=\"article\" \/>\n<meta property=\"og:title\" content=\"Raul Castro estar\u00eda gravemente enfermo - Cuballama Noticias\" \/>\n<meta property=\"og:description\" content=\"\u00abGravemente enfermo, asistido con equipos para mantenerlo con vida, afectado al parecer por un accidente cerebro vascular, ser\u00eda el estado en el que permanece el general de ej\u00e9rcito Ra\u00fal Castro, seg\u00fan informes llegados a la redacci\u00f3n de Diario Las Am\u00e9ricas.\u00bb\" \/>\n<meta property=\"og:url\" content=\"https:\/\/www.cuballama.com\/noticias\/raul-castro-gravemente-enfermo-diario-de-las-americas\/\" \/>\n<meta property=\"og:site_name\" content=\"Cuballama Noticias\" \/>\n<meta property=\"article:publisher\" content=\"https:\/\/www.facebook.com\/CubaLlama\" \/>\n<meta property=\"article:published_time\" content=\"2026-09-01T17:30:50+00:00\" \/>\n<meta property=\"article:modified_time\" content=\"2026-09-01T20:30:24+00:00\" \/>\n<meta property=\"og:image\" content=\"https:\/\/cdn1.mediawpaccore.net\/wp-content\/uploads\/2026\/05\/01134643\/HHPWr4MXoAAG7cr1.jpg\" \/>\n\t<meta property=\"og:image:width\" content=\"1200\" \/>\n\t<meta property=\"og:image:height\" content=\"630\" \/>\n\t<meta property=\"og:image:type\" content=\"image\/jpeg\" \/>\n<meta name=\"author\" content=\"Manu\" \/>\n<meta name=\"twitter:card\" content=\"summary_large_image\" \/>\n<meta name=\"twitter:creator\" content=\"@cuballama\" \/>\n<meta name=\"twitter:site\" content=\"@cuballama\" \/>\n<meta name=\"twitter:label1\" content=\"Escrito por\" \/>\n\t<meta name=\"twitter:data1\" content=\"Manu\" \/>\n\t<meta name=\"twitter:label2\" content=\"Tiempo de lectura\" \/>\n\t<meta name=\"twitter:data2\" content=\"2 minutos\" \/>\n<script type=\"application\/ld+json\" class=\"yoast-schema-graph\">{\"@context\":\"https:\\\/\\\/schema.org\",\"@graph\":[{\"@type\":\"Article\",\"@id\":\"https:\\\/\\\/www.cuballama.com\\\/noticias\\\/raul-castro-gravemente-enfermo-diario-de-las-americas\\\/#article\",\"isPartOf\":{\"@id\":\"https:\\\/\\\/www.cuballama.com\\\/noticias\\\/raul-castro-gravemente-enfermo-diario-de-las-americas\\\/\"},\"author\":{\"name\":\"Manu\",\"@id\":\"https:\\\/\\\/www.cuballama.com\\\/noticias\\\/#\\\/schema\\\/person\\\/5889f7d070564f8386e7944d14d436cd\"},\"headline\":\"Raul Castro estar\u00eda gravemente enfermo\",\"datePublished\":\"2026-09-01T17:30:50+00:00\",\"dateModified\":\"2026-09-01T20:30:24+00:00\",\"mainEntityOfPage\":{\"@id\":\"https:\\\/\\\/www.cuballama.com\\\/noticias\\\/raul-castro-gravemente-enfermo-diario-de-las-americas\\\/\"},\"wordCount\":399,\"commentCount\":0,\"publisher\":{\"@id\":\"https:\\\/\\\/www.cuballama.com\\\/noticias\\\/#organization\"},\"image\":{\"@id\":\"https:\\\/\\\/www.cuballama.com\\\/noticias\\\/raul-castro-gravemente-enfermo-diario-de-las-americas\\\/#primaryimage\"},\"thumbnailUrl\":\"https:\\\/\\\/cdn1.mediawpaccore.net\\\/wp-content\\\/uploads\\\/2026\\\/05\\\/01134643\\\/HHPWr4MXoAAG7cr1.jpg\",\"keywords\":[\"Crisis en Cuba\",\"Cuba\",\"Diario de las Am\u00e9ricas\",\"Ra\u00fal Castro\",\"superdestacado\"],\"articleSection\":[\"Noticias\",\"Noticias de Cuba\"],\"inLanguage\":\"es\",\"potentialAction\":[{\"@type\":\"CommentAction\",\"name\":\"Comment\",\"target\":[\"https:\\\/\\\/www.cuballama.com\\\/noticias\\\/raul-castro-gravemente-enfermo-diario-de-las-americas\\\/#respond\"]}]},{\"@type\":\"WebPage\",\"@id\":\"https:\\\/\\\/www.cuballama.com\\\/noticias\\\/raul-castro-gravemente-enfermo-diario-de-las-americas\\\/\",\"url\":\"https:\\\/\\\/www.cuballama.com\\\/noticias\\\/raul-castro-gravemente-enfermo-diario-de-las-americas\\\/\",\"name\":\"Raul Castro estar\u00eda gravemente enfermo - Cuballama Noticias\",\"isPartOf\":{\"@id\":\"https:\\\/\\\/www.cuballama.com\\\/noticias\\\/#website\"},\"primaryImageOfPage\":{\"@id\":\"https:\\\/\\\/www.cuballama.com\\\/noticias\\\/raul-castro-gravemente-enfermo-diario-de-las-americas\\\/#primaryimage\"},\"image\":{\"@id\":\"https:\\\/\\\/www.cuballama.com\\\/noticias\\\/raul-castro-gravemente-enfermo-diario-de-las-americas\\\/#primaryimage\"},\"thumbnailUrl\":\"https:\\\/\\\/cdn1.mediawpaccore.net\\\/wp-content\\\/uploads\\\/2026\\\/05\\\/01134643\\\/HHPWr4MXoAAG7cr1.jpg\",\"datePublished\":\"2026-09-01T17:30:50+00:00\",\"dateModified\":\"2026-09-01T20:30:24+00:00\",\"breadcrumb\":{\"@id\":\"https:\\\/\\\/www.cuballama.com\\\/noticias\\\/raul-castro-gravemente-enfermo-diario-de-las-americas\\\/#breadcrumb\"},\"inLanguage\":\"es\",\"potentialAction\":[{\"@type\":\"ReadAction\",\"target\":[\"https:\\\/\\\/www.cuballama.com\\\/noticias\\\/raul-castro-gravemente-enfermo-diario-de-las-americas\\\/\"]}]},{\"@type\":\"ImageObject\",\"inLanguage\":\"es\",\"@id\":\"https:\\\/\\\/www.cuballama.com\\\/noticias\\\/raul-castro-gravemente-enfermo-diario-de-las-americas\\\/#primaryimage\",\"url\":\"https:\\\/\\\/cdn1.mediawpaccore.net\\\/wp-content\\\/uploads\\\/2026\\\/05\\\/01134643\\\/HHPWr4MXoAAG7cr1.jpg\",\"contentUrl\":\"https:\\\/\\\/cdn1.mediawpaccore.net\\\/wp-content\\\/uploads\\\/2026\\\/05\\\/01134643\\\/HHPWr4MXoAAG7cr1.jpg\",\"width\":1200,\"height\":630,\"caption\":\"Ra\u00fal Castro reaparece este 1 de mayo. Foto: X\\\/Miguel D\u00edaz-Canel Berm\u00fadez.\"},{\"@type\":\"BreadcrumbList\",\"@id\":\"https:\\\/\\\/www.cuballama.com\\\/noticias\\\/raul-castro-gravemente-enfermo-diario-de-las-americas\\\/#breadcrumb\",\"itemListElement\":[{\"@type\":\"ListItem\",\"position\":1,\"name\":\"Home\",\"item\":\"https:\\\/\\\/www.cuballama.com\\\/noticias\\\/\"},{\"@type\":\"ListItem\",\"position\":2,\"name\":\"Raul Castro estar\u00eda gravemente enfermo\"}]},{\"@type\":\"WebSite\",\"@id\":\"https:\\\/\\\/www.cuballama.com\\\/noticias\\\/#website\",\"url\":\"https:\\\/\\\/www.cuballama.com\\\/noticias\\\/\",\"name\":\"Cuballama Noticias\",\"description\":\"Medio digital sobre Cuba y el mundo\",\"publisher\":{\"@id\":\"https:\\\/\\\/www.cuballama.com\\\/noticias\\\/#organization\"},\"potentialAction\":[{\"@type\":\"SearchAction\",\"target\":{\"@type\":\"EntryPoint\",\"urlTemplate\":\"https:\\\/\\\/www.cuballama.com\\\/noticias\\\/?s={search_term_string}\"},\"query-input\":{\"@type\":\"PropertyValueSpecification\",\"valueRequired\":true,\"valueName\":\"search_term_string\"}}],\"inLanguage\":\"es\"},{\"@type\":\"Organization\",\"@id\":\"https:\\\/\\\/www.cuballama.com\\\/noticias\\\/#organization\",\"name\":\"Cuballama\",\"url\":\"https:\\\/\\\/www.cuballama.com\\\/noticias\\\/\",\"logo\":{\"@type\":\"ImageObject\",\"inLanguage\":\"es\",\"@id\":\"https:\\\/\\\/www.cuballama.com\\\/noticias\\\/#\\\/schema\\\/logo\\\/image\\\/\",\"url\":\"https:\\\/\\\/cdn1.mediawpaccore.net\\\/wp-content\\\/uploads\\\/2021\\\/12\\\/28171206\\\/cbll-logo-color-sm.png\",\"contentUrl\":\"https:\\\/\\\/cdn1.mediawpaccore.net\\\/wp-content\\\/uploads\\\/2021\\\/12\\\/28171206\\\/cbll-logo-color-sm.png\",\"width\":600,\"height\":133,\"caption\":\"Cuballama\"},\"image\":{\"@id\":\"https:\\\/\\\/www.cuballama.com\\\/noticias\\\/#\\\/schema\\\/logo\\\/image\\\/\"},\"sameAs\":[\"https:\\\/\\\/www.facebook.com\\\/CubaLlama\",\"https:\\\/\\\/x.com\\\/cuballama\",\"https:\\\/\\\/www.instagram.com\\\/stories\\\/cuballama_oficial\\\/\",\"https:\\\/\\\/www.youtube.com\\\/channel\\\/UCKkFE-d_axENGZcrc4as0IA\"]},{\"@type\":\"Person\",\"@id\":\"https:\\\/\\\/www.cuballama.com\\\/noticias\\\/#\\\/schema\\\/person\\\/5889f7d070564f8386e7944d14d436cd\",\"name\":\"Manu\",\"url\":\"https:\\\/\\\/www.cuballama.com\\\/noticias\\\/author\\\/manu\\\/\"}]}<\/script>\n<!-- \/ Yoast SEO plugin. -->","yoast_head_json":{"title":"Raul Castro estar\u00eda gravemente enfermo - Cuballama Noticias","robots":{"index":"index","follow":"follow","max-snippet":"max-snippet:-1","max-image-preview":"max-image-preview:large","max-video-preview":"max-video-preview:-1"},"canonical":"https:\/\/www.cuballama.com\/noticias\/raul-castro-gravemente-enfermo-diario-de-las-americas\/","og_locale":"es_ES","og_type":"article","og_title":"Raul Castro estar\u00eda gravemente enfermo - Cuballama Noticias","og_description":"\u00abGravemente enfermo, asistido con equipos para mantenerlo con vida, afectado al parecer por un accidente cerebro vascular, ser\u00eda el estado en el que permanece el general de ej\u00e9rcito Ra\u00fal Castro, seg\u00fan informes llegados a la redacci\u00f3n de Diario Las Am\u00e9ricas.\u00bb","og_url":"https:\/\/www.cuballama.com\/noticias\/raul-castro-gravemente-enfermo-diario-de-las-americas\/","og_site_name":"Cuballama Noticias","article_publisher":"https:\/\/www.facebook.com\/CubaLlama","article_published_time":"2026-09-01T17:30:50+00:00","article_modified_time":"2026-09-01T20:30:24+00:00","og_image":[{"width":1200,"height":630,"url":"https:\/\/cdn1.mediawpaccore.net\/wp-content\/uploads\/2026\/05\/01134643\/HHPWr4MXoAAG7cr1.jpg","type":"image\/jpeg"}],"author":"Manu","twitter_card":"summary_large_image","twitter_creator":"@cuballama","twitter_site":"@cuballama","twitter_misc":{"Escrito por":"Manu","Tiempo de lectura":"2 minutos"},"schema":{"@context":"https:\/\/schema.org","@graph":[{"@type":"Article","@id":"https:\/\/www.cuballama.com\/noticias\/raul-castro-gravemente-enfermo-diario-de-las-americas\/#article","isPartOf":{"@id":"https:\/\/www.cuballama.com\/noticias\/raul-castro-gravemente-enfermo-diario-de-las-americas\/"},"author":{"name":"Manu","@id":"https:\/\/www.cuballama.com\/noticias\/#\/schema\/person\/5889f7d070564f8386e7944d14d436cd"},"headline":"Raul Castro estar\u00eda gravemente enfermo","datePublished":"2026-09-01T17:30:50+00:00","dateModified":"2026-09-01T20:30:24+00:00","mainEntityOfPage":{"@id":"https:\/\/www.cuballama.com\/noticias\/raul-castro-gravemente-enfermo-diario-de-las-americas\/"},"wordCount":399,"commentCount":0,"publisher":{"@id":"https:\/\/www.cuballama.com\/noticias\/#organization"},"image":{"@id":"https:\/\/www.cuballama.com\/noticias\/raul-castro-gravemente-enfermo-diario-de-las-americas\/#primaryimage"},"thumbnailUrl":"https:\/\/cdn1.mediawpaccore.net\/wp-content\/uploads\/2026\/05\/01134643\/HHPWr4MXoAAG7cr1.jpg","keywords":["Crisis en Cuba","Cuba","Diario de las Am\u00e9ricas","Ra\u00fal Castro","superdestacado"],"articleSection":["Noticias","Noticias de Cuba"],"inLanguage":"es","potentialAction":[{"@type":"CommentAction","name":"Comment","target":["https:\/\/www.cuballama.com\/noticias\/raul-castro-gravemente-enfermo-diario-de-las-americas\/#respond"]}]},{"@type":"WebPage","@id":"https:\/\/www.cuballama.com\/noticias\/raul-castro-gravemente-enfermo-diario-de-las-americas\/","url":"https:\/\/www.cuballama.com\/noticias\/raul-castro-gravemente-enfermo-diario-de-las-americas\/","name":"Raul Castro estar\u00eda gravemente enfermo - Cuballama Noticias","isPartOf":{"@id":"https:\/\/www.cuballama.com\/noticias\/#website"},"primaryImageOfPage":{"@id":"https:\/\/www.cuballama.com\/noticias\/raul-castro-gravemente-enfermo-diario-de-las-americas\/#primaryimage"},"image":{"@id":"https:\/\/www.cuballama.com\/noticias\/raul-castro-gravemente-enfermo-diario-de-las-americas\/#primaryimage"},"thumbnailUrl":"https:\/\/cdn1.mediawpaccore.net\/wp-content\/uploads\/2026\/05\/01134643\/HHPWr4MXoAAG7cr1.jpg","datePublished":"2026-09-01T17:30:50+00:00","dateModified":"2026-09-01T20:30:24+00:00","breadcrumb":{"@id":"https:\/\/www.cuballama.com\/noticias\/raul-castro-gravemente-enfermo-diario-de-las-americas\/#breadcrumb"},"inLanguage":"es","potentialAction":[{"@type":"ReadAction","target":["https:\/\/www.cuballama.com\/noticias\/raul-castro-gravemente-enfermo-diario-de-las-americas\/"]}]},{"@type":"ImageObject","inLanguage":"es","@id":"https:\/\/www.cuballama.com\/noticias\/raul-castro-gravemente-enfermo-diario-de-las-americas\/#primaryimage","url":"https:\/\/cdn1.mediawpaccore.net\/wp-content\/uploads\/2026\/05\/01134643\/HHPWr4MXoAAG7cr1.jpg","contentUrl":"https:\/\/cdn1.mediawpaccore.net\/wp-content\/uploads\/2026\/05\/01134643\/HHPWr4MXoAAG7cr1.jpg","width":1200,"height":630,"caption":"Ra\u00fal Castro reaparece este 1 de mayo. Foto: X\/Miguel D\u00edaz-Canel Berm\u00fadez."},{"@type":"BreadcrumbList","@id":"https:\/\/www.cuballama.com\/noticias\/raul-castro-gravemente-enfermo-diario-de-las-americas\/#breadcrumb","itemListElement":[{"@type":"ListItem","position":1,"name":"Home","item":"https:\/\/www.cuballama.com\/noticias\/"},{"@type":"ListItem","position":2,"name":"Raul Castro estar\u00eda gravemente enfermo"}]},{"@type":"WebSite","@id":"https:\/\/www.cuballama.com\/noticias\/#website","url":"https:\/\/www.cuballama.com\/noticias\/","name":"Cuballama Noticias","description":"Medio digital sobre Cuba y el mundo","publisher":{"@id":"https:\/\/www.cuballama.com\/noticias\/#organization"},"potentialAction":[{"@type":"SearchAction","target":{"@type":"EntryPoint","urlTemplate":"https:\/\/www.cuballama.com\/noticias\/?s={search_term_string}"},"query-input":{"@type":"PropertyValueSpecification","valueRequired":true,"valueName":"search_term_string"}}],"inLanguage":"es"},{"@type":"Organization","@id":"https:\/\/www.cuballama.com\/noticias\/#organization","name":"Cuballama","url":"https:\/\/www.cuballama.com\/noticias\/","logo":{"@type":"ImageObject","inLanguage":"es","@id":"https:\/\/www.cuballama.com\/noticias\/#\/schema\/logo\/image\/","url":"https:\/\/cdn1.mediawpaccore.net\/wp-content\/uploads\/2021\/12\/28171206\/cbll-logo-color-sm.png","contentUrl":"https:\/\/cdn1.mediawpaccore.net\/wp-content\/uploads\/2021\/12\/28171206\/cbll-logo-color-sm.png","width":600,"height":133,"caption":"Cuballama"},"image":{"@id":"https:\/\/www.cuballama.com\/noticias\/#\/schema\/logo\/image\/"},"sameAs":["https:\/\/www.facebook.com\/CubaLlama","https:\/\/x.com\/cuballama","https:\/\/www.instagram.com\/stories\/cuballama_oficial\/","https:\/\/www.youtube.com\/channel\/UCKkFE-d_axENGZcrc4as0IA"]},{"@type":"Person","@id":"https:\/\/www.cuballama.com\/noticias\/#\/schema\/person\/5889f7d070564f8386e7944d14d436cd","name":"Manu","url":"https:\/\/www.cuballama.com\/noticias\/author\/manu\/"}]}},"_links":{"self":[{"href":"https:\/\/www.cuballama.com\/noticias\/wp-json\/wp\/v2\/posts\/255724","targetHints":{"allow":["GET"]}}],"collection":[{"href":"https:\/\/www.cuballama.com\/noticias\/wp-json\/wp\/v2\/posts"}],"about":[{"href":"https:\/\/www.cuballama.com\/noticias\/wp-json\/wp\/v2\/types\/post"}],"author":[{"embeddable":true,"href":"https:\/\/www.cuballama.com\/noticias\/wp-json\/wp\/v2\/users\/24"}],"replies":[{"embeddable":true,"href":"https:\/\/www.cuballama.com\/noticias\/wp-json\/wp\/v2\/comments?post=255724"}],"version-history":[{"count":3,"href":"https:\/\/www.cuballama.com\/noticias\/wp-json\/wp\/v2\/posts\/255724\/revisions"}],"predecessor-version":[{"id":255738,"href":"https:\/\/www.cuballama.com\/noticias\/wp-json\/wp\/v2\/posts\/255724\/revisions\/255738"}],"wp:featuredmedia":[{"embeddable":true,"href":"https:\/\/www.cuballama.com\/noticias\/wp-json\/wp\/v2\/media\/243195"}],"wp:attachment":[{"href":"https:\/\/www.cuballama.com\/noticias\/wp-json\/wp\/v2\/media?parent=255724"}],"wp:term":[{"taxonomy":"category","embeddable":true,"href":"https:\/\/www.cuballama.com\/noticias\/wp-json\/wp\/v2\/categories?post=255724"},{"taxonomy":"post_tag","embeddable":true,"href":"https:\/\/www.cuballama.com\/noticias\/wp-json\/wp\/v2\/tags?post=255724"}],"curies":[{"name":"wp","href":"https:\/\/api.w.org\/{rel}","templated":true}]}}