{"id":255722,"date":"2026-09-01T12:44:35","date_gmt":"2026-09-01T16:44:35","guid":{"rendered":"https:\/\/www.cuballama.com\/noticias\/?p=255722"},"modified":"2026-09-01T12:44:44","modified_gmt":"2026-09-01T16:44:44","slug":"mas-de-cuatro-anos-de-prision-para-secuestradores-cubanos-en-cancun","status":"publish","type":"post","link":"https:\/\/www.cuballama.com\/noticias\/mas-de-cuatro-anos-de-prision-para-secuestradores-cubanos-en-cancun\/","title":{"rendered":"M\u00e1s de cuatro a\u00f1os de prisi\u00f3n para secuestradores cubanos en Canc\u00fan"},"content":{"rendered":"\n<p class=\"wp-block-paragraph\">Dos cubanos que secuestraron a un coterr\u00e1neo suyo en Canc\u00fan , el Quintana Roo, fueron sentenciados a cuatro a\u00f1os y seis meses de prisi\u00f3n.<\/p>\n\n\n\n<p class=\"wp-block-paragraph\">En conferencia de prensa el Fiscal General del Estado,Raciel L\u00f3pez Salazar, confirm\u00f3 que una jueza dict\u00f3 la condena en contra de Yosbel L\u00e1zaro Planas y Roinel Morej\u00f3n Rodr\u00edguez.<\/p>\n\n\n\n<p class=\"wp-block-paragraph\">Los dos plagiarios fueron hallados culpables del delito de privaci\u00f3n de libertad agravada&nbsp; en perjuicio de una v\u00edctima de identidad reservada. Los hechos ocurrieron&nbsp;<\/p>\n\n\n\n<p class=\"wp-block-paragraph\">\u00a0En el mes de abril de 2024 a poco de la llegada del afectado, de nacionalidad cubana,\u00a0 a Canc\u00fan, donde fue trasladado e incomunicado contra su voluntad a un inmueble en el municipio de Benito Ju\u00e1rez.<\/p>\n\n\n\n<p class=\"wp-block-paragraph\">En este sitio la v\u00edctima fue encerrada y amenazada de muerte por sus raptores con la exigencia de un rescate de ocho mil d\u00f3lares a su familia en el extranjero.\u00a0<\/p>\n\n\n\n<p class=\"wp-block-paragraph\">\u00abDurante el cautiverio, la v\u00edctima permaneci\u00f3 bajo custodia continua e inmovilizada dentro del domicilio. No obstante, en un descuido, grit\u00f3 pidiendo ayuda hacia el exterior de la propiedad, alerta que motiv\u00f3 la intervenci\u00f3n inmediata de corporaciones policiales que ingresaron al inmueble, logrando el rescate del afectado y la detenci\u00f3n en flagrancia de los captores\u00bb recuerda Quinta Fuerza, uno de los numerosos medios de Quintana Roo que se hicieron eco del fallo judicial.<\/p>\n\n\n\n<p class=\"wp-block-paragraph\">Estos tipos\u00a0 de secuestros de cubanos perpetrados por individuos de igual nacionalidad en esta regi\u00f3n se han conocido en varias ocasiones en los \u00faltimos lustros.Entre los m\u00e1s connotados\u00a0 pudiera mencionarse el que provoc\u00f3 una condena de 50 a\u00f1os a un delincuente por el secuestro de dos cubanos en febrero de 2017 en Islas Mujeres.<\/p>\n\n\n\n<p class=\"wp-block-paragraph\">En 2010 una sentencia de 20 a\u00f1os de c\u00e1rcel a otro raptor por el secuestro de 15 cubanos en 2009 en Canc\u00fan y que fueron obligados a entregar los nombres y tel\u00e9fonos de sus familiares en EE.UU a quienes exigieron 10 mil d\u00f3lares por cada uno. A once de los secuestrados se les causaron lesiones por golpes y orejas cortadas.<\/p>\n\n\n\n<p class=\"wp-block-paragraph\">Recientemente en un reportaje, el New York Times denunciaba\u00a0 a una \u00abmafia cubana en Quintana Roo\u00bb como\u00a0\u00a0una red criminal internacional dedicada al tr\u00e1fico de personas, la extorsi\u00f3n de migrantes y el contrabando con operaciones en el Caribe mexicano.\u00a0<\/p>\n\n\n\n<p class=\"wp-block-paragraph\">De acuerdo a ese diario, seg\u00fan investigaciones y expedientes judiciales en Estados Unidos, el grupo opera desde aproximadamente 2009 traficando migrantes desde Cuba hacia M\u00e9xico para luego extorsionarlos o llevarlos a la frontera norte con Estados Unidos.\u00a0<\/p>\n\n\n\n<p class=\"wp-block-paragraph\">El gobierno de Quintana Roo y el gabinete de seguridad federal han negado tener registros o pruebas propias sobre la operaci\u00f3n local de una c\u00e9lula criminal con esta denominaci\u00f3n espec\u00edfica en el estado, a la vez que el gobierno cubano tild\u00f3 de calumnias la presunta vinculaci\u00f3n del nieto guardaespaldas del ex presidente Ra\u00fal Castro a operaciones il\u00edcitas expuestas en ese art\u00edculo del NYT.<\/p>\n\n\n\n<p class=\"wp-block-paragraph\"><\/p>\n","protected":false},"excerpt":{"rendered":"<p>Dos cubanos que secuestraron a un coterr\u00e1neo suyo en Canc\u00fan , el Quintana Roo, fueron sentenciados a cuatro a\u00f1os y seis meses de prisi\u00f3n. En conferencia de prensa el Fiscal General del Estado,Raciel L\u00f3pez Salazar, confirm\u00f3 que una jueza dict\u00f3 la condena en contra de Yosbel L\u00e1zaro Planas y Roinel Morej\u00f3n Rodr\u00edguez. Los dos plagiarios [&hellip;]<\/p>\n","protected":false},"author":24,"featured_media":132691,"comment_status":"open","ping_status":"closed","sticky":false,"template":"","format":"standard","meta":{"_acf_changed":false,"footnotes":""},"categories":[21,18],"tags":[10867,92,17274,976,941,281,600],"class_list":["post-255722","post","type-post","status-publish","format-standard","has-post-thumbnail","category-deportes","category-noticias","tag-crisis-en-cuba","tag-cubanos","tag-cubanos-en-cancun","tag-cubanos-por-el-mundo","tag-destacado","tag-mexico","tag-migrantes-cubanos"],"acf":[],"yoast_head":"<!-- This site is optimized with the Yoast SEO plugin v28.3 - https:\/\/yoast.com\/product\/yoast-seo-wordpress\/ -->\n<title>M\u00e1s de cuatro a\u00f1os de prisi\u00f3n para secuestradores cubanos en Canc\u00fan - Cuballama Noticias<\/title>\n<meta name=\"description\" content=\"Dos cubanos que secuestraron a un coterr\u00e1neo suyo en Canc\u00fan , el Quintana Roo, fueron sentenciados a cuatro a\u00f1os y seis meses de prisi\u00f3n.\" \/>\n<meta name=\"robots\" content=\"index, follow, max-snippet:-1, max-image-preview:large, max-video-preview:-1\" \/>\n<link rel=\"canonical\" href=\"https:\/\/www.cuballama.com\/noticias\/mas-de-cuatro-anos-de-prision-para-secuestradores-cubanos-en-cancun\/\" \/>\n<meta property=\"og:locale\" content=\"es_ES\" \/>\n<meta property=\"og:type\" content=\"article\" \/>\n<meta property=\"og:title\" content=\"M\u00e1s de cuatro a\u00f1os de prisi\u00f3n para secuestradores cubanos en Canc\u00fan - Cuballama Noticias\" \/>\n<meta property=\"og:description\" content=\"Dos cubanos que secuestraron a un coterr\u00e1neo suyo en Canc\u00fan , el Quintana Roo, fueron sentenciados a cuatro a\u00f1os y seis meses de prisi\u00f3n.\" \/>\n<meta property=\"og:url\" content=\"https:\/\/www.cuballama.com\/noticias\/mas-de-cuatro-anos-de-prision-para-secuestradores-cubanos-en-cancun\/\" \/>\n<meta property=\"og:site_name\" content=\"Cuballama Noticias\" \/>\n<meta property=\"article:publisher\" content=\"https:\/\/www.facebook.com\/CubaLlama\" \/>\n<meta property=\"article:published_time\" content=\"2026-09-01T16:44:35+00:00\" \/>\n<meta property=\"article:modified_time\" content=\"2026-09-01T16:44:44+00:00\" \/>\n<meta property=\"og:image\" content=\"https:\/\/cdn1.mediawpaccore.net\/wp-content\/uploads\/2023\/08\/09070444\/FzPuWAHWYAI6XSt.jpg\" \/>\n\t<meta property=\"og:image:width\" content=\"1080\" \/>\n\t<meta property=\"og:image:height\" content=\"590\" \/>\n\t<meta property=\"og:image:type\" content=\"image\/jpeg\" \/>\n<meta name=\"author\" content=\"Manu\" \/>\n<meta name=\"twitter:card\" content=\"summary_large_image\" \/>\n<meta name=\"twitter:creator\" content=\"@cuballama\" \/>\n<meta name=\"twitter:site\" content=\"@cuballama\" \/>\n<meta name=\"twitter:label1\" content=\"Escrito por\" \/>\n\t<meta name=\"twitter:data1\" content=\"Manu\" \/>\n\t<meta name=\"twitter:label2\" content=\"Tiempo de lectura\" \/>\n\t<meta name=\"twitter:data2\" content=\"3 minutos\" \/>\n<script type=\"application\/ld+json\" class=\"yoast-schema-graph\">{\"@context\":\"https:\\\/\\\/schema.org\",\"@graph\":[{\"@type\":\"Article\",\"@id\":\"https:\\\/\\\/www.cuballama.com\\\/noticias\\\/mas-de-cuatro-anos-de-prision-para-secuestradores-cubanos-en-cancun\\\/#article\",\"isPartOf\":{\"@id\":\"https:\\\/\\\/www.cuballama.com\\\/noticias\\\/mas-de-cuatro-anos-de-prision-para-secuestradores-cubanos-en-cancun\\\/\"},\"author\":{\"name\":\"Manu\",\"@id\":\"https:\\\/\\\/www.cuballama.com\\\/noticias\\\/#\\\/schema\\\/person\\\/5889f7d070564f8386e7944d14d436cd\"},\"headline\":\"M\u00e1s de cuatro a\u00f1os de prisi\u00f3n para secuestradores cubanos en Canc\u00fan\",\"datePublished\":\"2026-09-01T16:44:35+00:00\",\"dateModified\":\"2026-09-01T16:44:44+00:00\",\"mainEntityOfPage\":{\"@id\":\"https:\\\/\\\/www.cuballama.com\\\/noticias\\\/mas-de-cuatro-anos-de-prision-para-secuestradores-cubanos-en-cancun\\\/\"},\"wordCount\":514,\"commentCount\":0,\"publisher\":{\"@id\":\"https:\\\/\\\/www.cuballama.com\\\/noticias\\\/#organization\"},\"image\":{\"@id\":\"https:\\\/\\\/www.cuballama.com\\\/noticias\\\/mas-de-cuatro-anos-de-prision-para-secuestradores-cubanos-en-cancun\\\/#primaryimage\"},\"thumbnailUrl\":\"https:\\\/\\\/cdn1.mediawpaccore.net\\\/wp-content\\\/uploads\\\/2023\\\/08\\\/09070444\\\/FzPuWAHWYAI6XSt.jpg\",\"keywords\":[\"Crisis en Cuba\",\"cubanos\",\"cubanos en Canc\u00fan\",\"cubanos por el mundo\",\"destacado\",\"M\u00e9xico\",\"Migrantes cubanos\"],\"articleSection\":[\"Deportes\",\"Noticias\"],\"inLanguage\":\"es\",\"potentialAction\":[{\"@type\":\"CommentAction\",\"name\":\"Comment\",\"target\":[\"https:\\\/\\\/www.cuballama.com\\\/noticias\\\/mas-de-cuatro-anos-de-prision-para-secuestradores-cubanos-en-cancun\\\/#respond\"]}]},{\"@type\":\"WebPage\",\"@id\":\"https:\\\/\\\/www.cuballama.com\\\/noticias\\\/mas-de-cuatro-anos-de-prision-para-secuestradores-cubanos-en-cancun\\\/\",\"url\":\"https:\\\/\\\/www.cuballama.com\\\/noticias\\\/mas-de-cuatro-anos-de-prision-para-secuestradores-cubanos-en-cancun\\\/\",\"name\":\"M\u00e1s de cuatro a\u00f1os de prisi\u00f3n para secuestradores cubanos en Canc\u00fan - Cuballama Noticias\",\"isPartOf\":{\"@id\":\"https:\\\/\\\/www.cuballama.com\\\/noticias\\\/#website\"},\"primaryImageOfPage\":{\"@id\":\"https:\\\/\\\/www.cuballama.com\\\/noticias\\\/mas-de-cuatro-anos-de-prision-para-secuestradores-cubanos-en-cancun\\\/#primaryimage\"},\"image\":{\"@id\":\"https:\\\/\\\/www.cuballama.com\\\/noticias\\\/mas-de-cuatro-anos-de-prision-para-secuestradores-cubanos-en-cancun\\\/#primaryimage\"},\"thumbnailUrl\":\"https:\\\/\\\/cdn1.mediawpaccore.net\\\/wp-content\\\/uploads\\\/2023\\\/08\\\/09070444\\\/FzPuWAHWYAI6XSt.jpg\",\"datePublished\":\"2026-09-01T16:44:35+00:00\",\"dateModified\":\"2026-09-01T16:44:44+00:00\",\"description\":\"Dos cubanos que secuestraron a un coterr\u00e1neo suyo en Canc\u00fan , el Quintana Roo, fueron sentenciados a cuatro a\u00f1os y seis meses de prisi\u00f3n.\",\"breadcrumb\":{\"@id\":\"https:\\\/\\\/www.cuballama.com\\\/noticias\\\/mas-de-cuatro-anos-de-prision-para-secuestradores-cubanos-en-cancun\\\/#breadcrumb\"},\"inLanguage\":\"es\",\"potentialAction\":[{\"@type\":\"ReadAction\",\"target\":[\"https:\\\/\\\/www.cuballama.com\\\/noticias\\\/mas-de-cuatro-anos-de-prision-para-secuestradores-cubanos-en-cancun\\\/\"]}]},{\"@type\":\"ImageObject\",\"inLanguage\":\"es\",\"@id\":\"https:\\\/\\\/www.cuballama.com\\\/noticias\\\/mas-de-cuatro-anos-de-prision-para-secuestradores-cubanos-en-cancun\\\/#primaryimage\",\"url\":\"https:\\\/\\\/cdn1.mediawpaccore.net\\\/wp-content\\\/uploads\\\/2023\\\/08\\\/09070444\\\/FzPuWAHWYAI6XSt.jpg\",\"contentUrl\":\"https:\\\/\\\/cdn1.mediawpaccore.net\\\/wp-content\\\/uploads\\\/2023\\\/08\\\/09070444\\\/FzPuWAHWYAI6XSt.jpg\",\"width\":1080,\"height\":590,\"caption\":\"Foto: REFERENCIAL. V\u00eda https:\\\/\\\/twitter.com\\\/PoliciadeCancun\"},{\"@type\":\"BreadcrumbList\",\"@id\":\"https:\\\/\\\/www.cuballama.com\\\/noticias\\\/mas-de-cuatro-anos-de-prision-para-secuestradores-cubanos-en-cancun\\\/#breadcrumb\",\"itemListElement\":[{\"@type\":\"ListItem\",\"position\":1,\"name\":\"Home\",\"item\":\"https:\\\/\\\/www.cuballama.com\\\/noticias\\\/\"},{\"@type\":\"ListItem\",\"position\":2,\"name\":\"M\u00e1s de cuatro a\u00f1os de prisi\u00f3n para secuestradores cubanos en Canc\u00fan\"}]},{\"@type\":\"WebSite\",\"@id\":\"https:\\\/\\\/www.cuballama.com\\\/noticias\\\/#website\",\"url\":\"https:\\\/\\\/www.cuballama.com\\\/noticias\\\/\",\"name\":\"Cuballama Noticias\",\"description\":\"Medio digital sobre Cuba y el mundo\",\"publisher\":{\"@id\":\"https:\\\/\\\/www.cuballama.com\\\/noticias\\\/#organization\"},\"potentialAction\":[{\"@type\":\"SearchAction\",\"target\":{\"@type\":\"EntryPoint\",\"urlTemplate\":\"https:\\\/\\\/www.cuballama.com\\\/noticias\\\/?s={search_term_string}\"},\"query-input\":{\"@type\":\"PropertyValueSpecification\",\"valueRequired\":true,\"valueName\":\"search_term_string\"}}],\"inLanguage\":\"es\"},{\"@type\":\"Organization\",\"@id\":\"https:\\\/\\\/www.cuballama.com\\\/noticias\\\/#organization\",\"name\":\"Cuballama\",\"url\":\"https:\\\/\\\/www.cuballama.com\\\/noticias\\\/\",\"logo\":{\"@type\":\"ImageObject\",\"inLanguage\":\"es\",\"@id\":\"https:\\\/\\\/www.cuballama.com\\\/noticias\\\/#\\\/schema\\\/logo\\\/image\\\/\",\"url\":\"https:\\\/\\\/cdn1.mediawpaccore.net\\\/wp-content\\\/uploads\\\/2021\\\/12\\\/28171206\\\/cbll-logo-color-sm.png\",\"contentUrl\":\"https:\\\/\\\/cdn1.mediawpaccore.net\\\/wp-content\\\/uploads\\\/2021\\\/12\\\/28171206\\\/cbll-logo-color-sm.png\",\"width\":600,\"height\":133,\"caption\":\"Cuballama\"},\"image\":{\"@id\":\"https:\\\/\\\/www.cuballama.com\\\/noticias\\\/#\\\/schema\\\/logo\\\/image\\\/\"},\"sameAs\":[\"https:\\\/\\\/www.facebook.com\\\/CubaLlama\",\"https:\\\/\\\/x.com\\\/cuballama\",\"https:\\\/\\\/www.instagram.com\\\/stories\\\/cuballama_oficial\\\/\",\"https:\\\/\\\/www.youtube.com\\\/channel\\\/UCKkFE-d_axENGZcrc4as0IA\"]},{\"@type\":\"Person\",\"@id\":\"https:\\\/\\\/www.cuballama.com\\\/noticias\\\/#\\\/schema\\\/person\\\/5889f7d070564f8386e7944d14d436cd\",\"name\":\"Manu\",\"url\":\"https:\\\/\\\/www.cuballama.com\\\/noticias\\\/author\\\/manu\\\/\"}]}<\/script>\n<!-- \/ Yoast SEO plugin. -->","yoast_head_json":{"title":"M\u00e1s de cuatro a\u00f1os de prisi\u00f3n para secuestradores cubanos en Canc\u00fan - Cuballama Noticias","description":"Dos cubanos que secuestraron a un coterr\u00e1neo suyo en Canc\u00fan , el Quintana Roo, fueron sentenciados a cuatro a\u00f1os y seis meses de prisi\u00f3n.","robots":{"index":"index","follow":"follow","max-snippet":"max-snippet:-1","max-image-preview":"max-image-preview:large","max-video-preview":"max-video-preview:-1"},"canonical":"https:\/\/www.cuballama.com\/noticias\/mas-de-cuatro-anos-de-prision-para-secuestradores-cubanos-en-cancun\/","og_locale":"es_ES","og_type":"article","og_title":"M\u00e1s de cuatro a\u00f1os de prisi\u00f3n para secuestradores cubanos en Canc\u00fan - Cuballama Noticias","og_description":"Dos cubanos que secuestraron a un coterr\u00e1neo suyo en Canc\u00fan , el Quintana Roo, fueron sentenciados a cuatro a\u00f1os y seis meses de prisi\u00f3n.","og_url":"https:\/\/www.cuballama.com\/noticias\/mas-de-cuatro-anos-de-prision-para-secuestradores-cubanos-en-cancun\/","og_site_name":"Cuballama Noticias","article_publisher":"https:\/\/www.facebook.com\/CubaLlama","article_published_time":"2026-09-01T16:44:35+00:00","article_modified_time":"2026-09-01T16:44:44+00:00","og_image":[{"width":1080,"height":590,"url":"https:\/\/cdn1.mediawpaccore.net\/wp-content\/uploads\/2023\/08\/09070444\/FzPuWAHWYAI6XSt.jpg","type":"image\/jpeg"}],"author":"Manu","twitter_card":"summary_large_image","twitter_creator":"@cuballama","twitter_site":"@cuballama","twitter_misc":{"Escrito por":"Manu","Tiempo de lectura":"3 minutos"},"schema":{"@context":"https:\/\/schema.org","@graph":[{"@type":"Article","@id":"https:\/\/www.cuballama.com\/noticias\/mas-de-cuatro-anos-de-prision-para-secuestradores-cubanos-en-cancun\/#article","isPartOf":{"@id":"https:\/\/www.cuballama.com\/noticias\/mas-de-cuatro-anos-de-prision-para-secuestradores-cubanos-en-cancun\/"},"author":{"name":"Manu","@id":"https:\/\/www.cuballama.com\/noticias\/#\/schema\/person\/5889f7d070564f8386e7944d14d436cd"},"headline":"M\u00e1s de cuatro a\u00f1os de prisi\u00f3n para secuestradores cubanos en Canc\u00fan","datePublished":"2026-09-01T16:44:35+00:00","dateModified":"2026-09-01T16:44:44+00:00","mainEntityOfPage":{"@id":"https:\/\/www.cuballama.com\/noticias\/mas-de-cuatro-anos-de-prision-para-secuestradores-cubanos-en-cancun\/"},"wordCount":514,"commentCount":0,"publisher":{"@id":"https:\/\/www.cuballama.com\/noticias\/#organization"},"image":{"@id":"https:\/\/www.cuballama.com\/noticias\/mas-de-cuatro-anos-de-prision-para-secuestradores-cubanos-en-cancun\/#primaryimage"},"thumbnailUrl":"https:\/\/cdn1.mediawpaccore.net\/wp-content\/uploads\/2023\/08\/09070444\/FzPuWAHWYAI6XSt.jpg","keywords":["Crisis en Cuba","cubanos","cubanos en Canc\u00fan","cubanos por el mundo","destacado","M\u00e9xico","Migrantes cubanos"],"articleSection":["Deportes","Noticias"],"inLanguage":"es","potentialAction":[{"@type":"CommentAction","name":"Comment","target":["https:\/\/www.cuballama.com\/noticias\/mas-de-cuatro-anos-de-prision-para-secuestradores-cubanos-en-cancun\/#respond"]}]},{"@type":"WebPage","@id":"https:\/\/www.cuballama.com\/noticias\/mas-de-cuatro-anos-de-prision-para-secuestradores-cubanos-en-cancun\/","url":"https:\/\/www.cuballama.com\/noticias\/mas-de-cuatro-anos-de-prision-para-secuestradores-cubanos-en-cancun\/","name":"M\u00e1s de cuatro a\u00f1os de prisi\u00f3n para secuestradores cubanos en Canc\u00fan - Cuballama Noticias","isPartOf":{"@id":"https:\/\/www.cuballama.com\/noticias\/#website"},"primaryImageOfPage":{"@id":"https:\/\/www.cuballama.com\/noticias\/mas-de-cuatro-anos-de-prision-para-secuestradores-cubanos-en-cancun\/#primaryimage"},"image":{"@id":"https:\/\/www.cuballama.com\/noticias\/mas-de-cuatro-anos-de-prision-para-secuestradores-cubanos-en-cancun\/#primaryimage"},"thumbnailUrl":"https:\/\/cdn1.mediawpaccore.net\/wp-content\/uploads\/2023\/08\/09070444\/FzPuWAHWYAI6XSt.jpg","datePublished":"2026-09-01T16:44:35+00:00","dateModified":"2026-09-01T16:44:44+00:00","description":"Dos cubanos que secuestraron a un coterr\u00e1neo suyo en Canc\u00fan , el Quintana Roo, fueron sentenciados a cuatro a\u00f1os y seis meses de prisi\u00f3n.","breadcrumb":{"@id":"https:\/\/www.cuballama.com\/noticias\/mas-de-cuatro-anos-de-prision-para-secuestradores-cubanos-en-cancun\/#breadcrumb"},"inLanguage":"es","potentialAction":[{"@type":"ReadAction","target":["https:\/\/www.cuballama.com\/noticias\/mas-de-cuatro-anos-de-prision-para-secuestradores-cubanos-en-cancun\/"]}]},{"@type":"ImageObject","inLanguage":"es","@id":"https:\/\/www.cuballama.com\/noticias\/mas-de-cuatro-anos-de-prision-para-secuestradores-cubanos-en-cancun\/#primaryimage","url":"https:\/\/cdn1.mediawpaccore.net\/wp-content\/uploads\/2023\/08\/09070444\/FzPuWAHWYAI6XSt.jpg","contentUrl":"https:\/\/cdn1.mediawpaccore.net\/wp-content\/uploads\/2023\/08\/09070444\/FzPuWAHWYAI6XSt.jpg","width":1080,"height":590,"caption":"Foto: REFERENCIAL. V\u00eda https:\/\/twitter.com\/PoliciadeCancun"},{"@type":"BreadcrumbList","@id":"https:\/\/www.cuballama.com\/noticias\/mas-de-cuatro-anos-de-prision-para-secuestradores-cubanos-en-cancun\/#breadcrumb","itemListElement":[{"@type":"ListItem","position":1,"name":"Home","item":"https:\/\/www.cuballama.com\/noticias\/"},{"@type":"ListItem","position":2,"name":"M\u00e1s de cuatro a\u00f1os de prisi\u00f3n para secuestradores cubanos en Canc\u00fan"}]},{"@type":"WebSite","@id":"https:\/\/www.cuballama.com\/noticias\/#website","url":"https:\/\/www.cuballama.com\/noticias\/","name":"Cuballama Noticias","description":"Medio digital sobre Cuba y el mundo","publisher":{"@id":"https:\/\/www.cuballama.com\/noticias\/#organization"},"potentialAction":[{"@type":"SearchAction","target":{"@type":"EntryPoint","urlTemplate":"https:\/\/www.cuballama.com\/noticias\/?s={search_term_string}"},"query-input":{"@type":"PropertyValueSpecification","valueRequired":true,"valueName":"search_term_string"}}],"inLanguage":"es"},{"@type":"Organization","@id":"https:\/\/www.cuballama.com\/noticias\/#organization","name":"Cuballama","url":"https:\/\/www.cuballama.com\/noticias\/","logo":{"@type":"ImageObject","inLanguage":"es","@id":"https:\/\/www.cuballama.com\/noticias\/#\/schema\/logo\/image\/","url":"https:\/\/cdn1.mediawpaccore.net\/wp-content\/uploads\/2021\/12\/28171206\/cbll-logo-color-sm.png","contentUrl":"https:\/\/cdn1.mediawpaccore.net\/wp-content\/uploads\/2021\/12\/28171206\/cbll-logo-color-sm.png","width":600,"height":133,"caption":"Cuballama"},"image":{"@id":"https:\/\/www.cuballama.com\/noticias\/#\/schema\/logo\/image\/"},"sameAs":["https:\/\/www.facebook.com\/CubaLlama","https:\/\/x.com\/cuballama","https:\/\/www.instagram.com\/stories\/cuballama_oficial\/","https:\/\/www.youtube.com\/channel\/UCKkFE-d_axENGZcrc4as0IA"]},{"@type":"Person","@id":"https:\/\/www.cuballama.com\/noticias\/#\/schema\/person\/5889f7d070564f8386e7944d14d436cd","name":"Manu","url":"https:\/\/www.cuballama.com\/noticias\/author\/manu\/"}]}},"_links":{"self":[{"href":"https:\/\/www.cuballama.com\/noticias\/wp-json\/wp\/v2\/posts\/255722","targetHints":{"allow":["GET"]}}],"collection":[{"href":"https:\/\/www.cuballama.com\/noticias\/wp-json\/wp\/v2\/posts"}],"about":[{"href":"https:\/\/www.cuballama.com\/noticias\/wp-json\/wp\/v2\/types\/post"}],"author":[{"embeddable":true,"href":"https:\/\/www.cuballama.com\/noticias\/wp-json\/wp\/v2\/users\/24"}],"replies":[{"embeddable":true,"href":"https:\/\/www.cuballama.com\/noticias\/wp-json\/wp\/v2\/comments?post=255722"}],"version-history":[{"count":1,"href":"https:\/\/www.cuballama.com\/noticias\/wp-json\/wp\/v2\/posts\/255722\/revisions"}],"predecessor-version":[{"id":255723,"href":"https:\/\/www.cuballama.com\/noticias\/wp-json\/wp\/v2\/posts\/255722\/revisions\/255723"}],"wp:featuredmedia":[{"embeddable":true,"href":"https:\/\/www.cuballama.com\/noticias\/wp-json\/wp\/v2\/media\/132691"}],"wp:attachment":[{"href":"https:\/\/www.cuballama.com\/noticias\/wp-json\/wp\/v2\/media?parent=255722"}],"wp:term":[{"taxonomy":"category","embeddable":true,"href":"https:\/\/www.cuballama.com\/noticias\/wp-json\/wp\/v2\/categories?post=255722"},{"taxonomy":"post_tag","embeddable":true,"href":"https:\/\/www.cuballama.com\/noticias\/wp-json\/wp\/v2\/tags?post=255722"}],"curies":[{"name":"wp","href":"https:\/\/api.w.org\/{rel}","templated":true}]}}