{"id":255714,"date":"2026-09-01T10:59:34","date_gmt":"2026-09-01T14:59:34","guid":{"rendered":"https:\/\/www.cuballama.com\/noticias\/?p=255714"},"modified":"2026-09-01T10:59:37","modified_gmt":"2026-09-01T14:59:37","slug":"joven-cubano-muere-luego-de-que-su-fusil-cayera-al-suelo-y-se-disparara-solo","status":"publish","type":"post","link":"https:\/\/www.cuballama.com\/noticias\/joven-cubano-muere-luego-de-que-su-fusil-cayera-al-suelo-y-se-disparara-solo\/","title":{"rendered":"Joven cubano muere luego de que su fusil cayera al suelo y se disparara solo"},"content":{"rendered":"\n<p class=\"wp-block-paragraph\">Un joven cubano falleci\u00f3 en la provincia de Matanzas despu\u00e9s de resultar gravemente herido por el disparo de un fusil que, seg\u00fan la versi\u00f3n difundida en redes sociales, se accion\u00f3 accidentalmente al caer al pavimento mientras el muchacho se desplazaba en bicicleta.<\/p>\n\n\n\n<p class=\"wp-block-paragraph\">El tr\u00e1gico hecho ocurri\u00f3 durante la tarde del pasado 25 de agosto en Bolondr\u00f3n, localidad perteneciente al municipio Pedro Betancourt, aunque la noticia de su fallecimiento trascendi\u00f3 varios d\u00edas despu\u00e9s.<\/p>\n\n\n\n<p class=\"wp-block-paragraph\">Hasta el momento no se ha divulgado p\u00fablicamente la identidad ni la edad de la v\u00edctima, y tampoco se han esclarecido las circunstancias por las que transportaba el arma.<\/p>\n\n\n\n<h2 class=\"wp-block-heading\">El fusil se habr\u00eda disparado al caer a la calle<\/h2>\n\n\n\n<p class=\"wp-block-paragraph\">De acuerdo con la informaci\u00f3n difundida por el perfil de Facebook Con Todos La Victoria, el joven circulaba en una bicicleta mientras llevaba al hombro un fusil calibre 22.<\/p>\n\n\n\n<p class=\"wp-block-paragraph\">Por causas que no han sido precisadas, el arma cay\u00f3 al pavimento y se produjo una detonaci\u00f3n. El proyectil alcanz\u00f3 al joven en varias partes del cuerpo, entre ellas un brazo, el rostro y el ojo izquierdo.<\/p>\n\n\n\n<p class=\"wp-block-paragraph\">El reporte presenta lo sucedido como un accidente y ha servido para llamar la atenci\u00f3n sobre las medidas de seguridad necesarias para transportar y manipular armas de fuego.<\/p>\n\n\n\n<p class=\"wp-block-paragraph\">Sin embargo, permanecen sin respuesta varios elementos relevantes del caso. No se ha explicado de d\u00f3nde proced\u00eda el fusil, qui\u00e9n era su propietario ni por qu\u00e9 el joven lo trasladaba mientras circulaba en bicicleta.<\/p>\n\n\n\n<h2 class=\"wp-block-heading\">Permaneci\u00f3 ingresado en cuidados intensivos<\/h2>\n\n\n\n<p class=\"wp-block-paragraph\">Tras recibir el disparo, el joven fue trasladado de urgencia al Hospital Provincial Cl\u00ednico Quir\u00fargico Docente Comandante Faustino P\u00e9rez Hern\u00e1ndez, en la ciudad de Matanzas.<\/p>\n\n\n\n<p class=\"wp-block-paragraph\">Debido a la gravedad de las heridas permaneci\u00f3 ingresado en cuidados intensivos, pero finalmente falleci\u00f3 como consecuencia de las lesiones.<\/p>\n\n\n\n<p class=\"wp-block-paragraph\">La muerte se suma a varios sucesos fatales que han estremecido recientemente a Matanzas. Apenas un d\u00eda despu\u00e9s de ocurrido este incidente se conoci\u00f3 la detenci\u00f3n del conductor se\u00f1alado como responsable de <a href=\"https:\/\/www.cuballama.com\/noticias\/detienen-a-conductor-que-atropello-y-mato-a-una-mujer-en-matanzas\/\" target=\"_blank\" rel=\"noreferrer noopener\">otro accidente que termin\u00f3 provocando la muerte de una mujer en la provincia<\/a>.<\/p>\n\n\n\n<p class=\"wp-block-paragraph\">En agosto de 2025, la provincia tambi\u00e9n qued\u00f3 conmocionada por <a href=\"https:\/\/www.cuballama.com\/noticias\/menor-de-16-anos-muere-tras-caerle-encima-una-porteria-de-futbol-en-matanzas\/\" target=\"_blank\" rel=\"noreferrer noopener\">la muerte de un adolescente de 16 a\u00f1os al caerle encima una porter\u00eda de f\u00fatbol<\/a> mientras jugaba en las instalaciones del Ateneo Aurelio Janet.<\/p>\n\n\n\n<h2 class=\"wp-block-heading\">Persisten interrogantes sobre las circunstancias del accidente<\/h2>\n\n\n\n<p class=\"wp-block-paragraph\">Aunque la versi\u00f3n divulgada se\u00f1ala que el disparo se produjo cuando el fusil golpe\u00f3 el pavimento, hasta este martes no se conoce que las autoridades hayan publicado un informe detallado sobre la investigaci\u00f3n del incidente.<\/p>\n\n\n\n<p class=\"wp-block-paragraph\">Tampoco se ha precisado si el arma estaba legalmente registrada, si pertenec\u00eda al fallecido o a otra persona, ni cu\u00e1l era el motivo de su traslado.<\/p>\n\n\n\n<p class=\"wp-block-paragraph\">Los accidentes y muertes relacionados con armas de fuego han generado preocupaci\u00f3n anteriormente en Cuba. En 2022, <a href=\"https:\/\/www.cuballama.com\/noticias\/joven-cubano-muere-de-un-disparo-mientras-cumplia-el-servicio-militar\/\" target=\"_blank\" rel=\"noreferrer noopener\">un joven cubano de 17 a\u00f1os muri\u00f3 por un disparo mientras cumpl\u00eda el Servicio Militar Activo<\/a>, en un caso cuya explicaci\u00f3n fue cuestionada entonces por su familia.<\/p>\n\n\n\n<p class=\"wp-block-paragraph\">M\u00e1s recientemente, en agosto de 2025, <a href=\"https:\/\/www.cuballama.com\/noticias\/revelan-detalles-sobre-muerte-de-joven-cubano-en-servicio-militar-obligatorio\/\" target=\"_blank\" rel=\"noreferrer noopener\">otro recluta de 18 a\u00f1os falleci\u00f3 tras recibir un disparo<\/a> mientras se encontraba en una unidad militar de La Habana, un suceso sobre el que tambi\u00e9n circularon versiones diferentes acerca de las circunstancias de la muerte.<\/p>\n\n\n\n<h2 class=\"wp-block-heading\">Sin informaci\u00f3n sobre la identidad de la v\u00edctima<\/h2>\n\n\n\n<p class=\"wp-block-paragraph\">En el caso ocurrido ahora en Bolondr\u00f3n, la informaci\u00f3n conocida sigue siendo limitada. La publicaci\u00f3n que dio cuenta del suceso no identific\u00f3 al joven ni aport\u00f3 datos sobre su familia, ocupaci\u00f3n o edad.<\/p>\n\n\n\n<p class=\"wp-block-paragraph\">Tampoco se ha informado si las autoridades investigan posibles responsabilidades relacionadas con la propiedad, el estado o el traslado del fusil.<\/p>\n\n\n\n<p class=\"wp-block-paragraph\">Por ahora, la \u00fanica versi\u00f3n divulgada sostiene que se trat\u00f3 de un accidente provocado por la ca\u00edda del arma y su posterior detonaci\u00f3n, que caus\u00f3 heridas de tal gravedad que el joven termin\u00f3 perdiendo la vida despu\u00e9s de varios d\u00edas hospitalizado.<\/p>\n","protected":false},"excerpt":{"rendered":"<p>El joven circulaba en una bicicleta mientras llevaba al hombro un fusil calibre 22<\/p>\n","protected":false},"author":27,"featured_media":255716,"comment_status":"open","ping_status":"closed","sticky":false,"template":"","format":"standard","meta":{"_acf_changed":false,"footnotes":""},"categories":[955],"tags":[648,680,1816],"class_list":["post-255714","post","type-post","status-publish","format-standard","has-post-thumbnail","category-noticias-de-cuba","tag-accidente","tag-armas","tag-matanzas"],"acf":[],"yoast_head":"<!-- This site is optimized with the Yoast SEO plugin v28.3 - https:\/\/yoast.com\/product\/yoast-seo-wordpress\/ -->\n<title>Joven cubano muere luego de que su fusil cayera al suelo y se disparara solo - Cuballama Noticias<\/title>\n<meta name=\"description\" content=\"Tras recibir el disparo, fue trasladado de urgencia al Hospital Provincial Cl\u00ednico Quir\u00fargico Docente Comandante Faustino P\u00e9rez Hern\u00e1ndez\" \/>\n<meta name=\"robots\" content=\"index, follow, max-snippet:-1, max-image-preview:large, max-video-preview:-1\" \/>\n<link rel=\"canonical\" href=\"https:\/\/www.cuballama.com\/noticias\/joven-cubano-muere-luego-de-que-su-fusil-cayera-al-suelo-y-se-disparara-solo\/\" \/>\n<meta property=\"og:locale\" content=\"es_ES\" \/>\n<meta property=\"og:type\" content=\"article\" \/>\n<meta property=\"og:title\" content=\"Joven cubano muere luego de que su fusil cayera al suelo y se disparara solo - Cuballama Noticias\" \/>\n<meta property=\"og:description\" content=\"Tras recibir el disparo, fue trasladado de urgencia al Hospital Provincial Cl\u00ednico Quir\u00fargico Docente Comandante Faustino P\u00e9rez Hern\u00e1ndez\" \/>\n<meta property=\"og:url\" content=\"https:\/\/www.cuballama.com\/noticias\/joven-cubano-muere-luego-de-que-su-fusil-cayera-al-suelo-y-se-disparara-solo\/\" \/>\n<meta property=\"og:site_name\" content=\"Cuballama Noticias\" \/>\n<meta property=\"article:publisher\" content=\"https:\/\/www.facebook.com\/CubaLlama\" \/>\n<meta property=\"article:published_time\" content=\"2026-09-01T14:59:34+00:00\" \/>\n<meta property=\"article:modified_time\" content=\"2026-09-01T14:59:37+00:00\" \/>\n<meta property=\"og:image\" content=\"https:\/\/cdn1.mediawpaccore.net\/wp-content\/uploads\/2026\/09\/01105854\/Joven-cubano-muere-luego-de-que-su-fusil-cayera-al-suelo-y-se-disparara-solo.jpg\" \/>\n\t<meta property=\"og:image:width\" content=\"690\" \/>\n\t<meta property=\"og:image:height\" content=\"517\" \/>\n\t<meta property=\"og:image:type\" content=\"image\/jpeg\" \/>\n<meta name=\"author\" content=\"Rafa\" \/>\n<meta name=\"twitter:card\" content=\"summary_large_image\" \/>\n<meta name=\"twitter:creator\" content=\"@cuballama\" \/>\n<meta name=\"twitter:site\" content=\"@cuballama\" \/>\n<meta name=\"twitter:label1\" content=\"Escrito por\" \/>\n\t<meta name=\"twitter:data1\" content=\"Rafa\" \/>\n\t<meta name=\"twitter:label2\" content=\"Tiempo de lectura\" \/>\n\t<meta name=\"twitter:data2\" content=\"4 minutos\" \/>\n<script type=\"application\/ld+json\" class=\"yoast-schema-graph\">{\"@context\":\"https:\\\/\\\/schema.org\",\"@graph\":[{\"@type\":\"Article\",\"@id\":\"https:\\\/\\\/www.cuballama.com\\\/noticias\\\/joven-cubano-muere-luego-de-que-su-fusil-cayera-al-suelo-y-se-disparara-solo\\\/#article\",\"isPartOf\":{\"@id\":\"https:\\\/\\\/www.cuballama.com\\\/noticias\\\/joven-cubano-muere-luego-de-que-su-fusil-cayera-al-suelo-y-se-disparara-solo\\\/\"},\"author\":{\"name\":\"Rafa\",\"@id\":\"https:\\\/\\\/www.cuballama.com\\\/noticias\\\/#\\\/schema\\\/person\\\/0f97914526a658755f00e59ec2a832f2\"},\"headline\":\"Joven cubano muere luego de que su fusil cayera al suelo y se disparara solo\",\"datePublished\":\"2026-09-01T14:59:34+00:00\",\"dateModified\":\"2026-09-01T14:59:37+00:00\",\"mainEntityOfPage\":{\"@id\":\"https:\\\/\\\/www.cuballama.com\\\/noticias\\\/joven-cubano-muere-luego-de-que-su-fusil-cayera-al-suelo-y-se-disparara-solo\\\/\"},\"wordCount\":683,\"commentCount\":0,\"publisher\":{\"@id\":\"https:\\\/\\\/www.cuballama.com\\\/noticias\\\/#organization\"},\"image\":{\"@id\":\"https:\\\/\\\/www.cuballama.com\\\/noticias\\\/joven-cubano-muere-luego-de-que-su-fusil-cayera-al-suelo-y-se-disparara-solo\\\/#primaryimage\"},\"thumbnailUrl\":\"https:\\\/\\\/cdn1.mediawpaccore.net\\\/wp-content\\\/uploads\\\/2026\\\/09\\\/01105854\\\/Joven-cubano-muere-luego-de-que-su-fusil-cayera-al-suelo-y-se-disparara-solo.jpg\",\"keywords\":[\"accidente\",\"Armas\",\"Matanzas\"],\"articleSection\":[\"Noticias de Cuba\"],\"inLanguage\":\"es\",\"potentialAction\":[{\"@type\":\"CommentAction\",\"name\":\"Comment\",\"target\":[\"https:\\\/\\\/www.cuballama.com\\\/noticias\\\/joven-cubano-muere-luego-de-que-su-fusil-cayera-al-suelo-y-se-disparara-solo\\\/#respond\"]}]},{\"@type\":\"WebPage\",\"@id\":\"https:\\\/\\\/www.cuballama.com\\\/noticias\\\/joven-cubano-muere-luego-de-que-su-fusil-cayera-al-suelo-y-se-disparara-solo\\\/\",\"url\":\"https:\\\/\\\/www.cuballama.com\\\/noticias\\\/joven-cubano-muere-luego-de-que-su-fusil-cayera-al-suelo-y-se-disparara-solo\\\/\",\"name\":\"Joven cubano muere luego de que su fusil cayera al suelo y se disparara solo - Cuballama Noticias\",\"isPartOf\":{\"@id\":\"https:\\\/\\\/www.cuballama.com\\\/noticias\\\/#website\"},\"primaryImageOfPage\":{\"@id\":\"https:\\\/\\\/www.cuballama.com\\\/noticias\\\/joven-cubano-muere-luego-de-que-su-fusil-cayera-al-suelo-y-se-disparara-solo\\\/#primaryimage\"},\"image\":{\"@id\":\"https:\\\/\\\/www.cuballama.com\\\/noticias\\\/joven-cubano-muere-luego-de-que-su-fusil-cayera-al-suelo-y-se-disparara-solo\\\/#primaryimage\"},\"thumbnailUrl\":\"https:\\\/\\\/cdn1.mediawpaccore.net\\\/wp-content\\\/uploads\\\/2026\\\/09\\\/01105854\\\/Joven-cubano-muere-luego-de-que-su-fusil-cayera-al-suelo-y-se-disparara-solo.jpg\",\"datePublished\":\"2026-09-01T14:59:34+00:00\",\"dateModified\":\"2026-09-01T14:59:37+00:00\",\"description\":\"Tras recibir el disparo, fue trasladado de urgencia al Hospital Provincial Cl\u00ednico Quir\u00fargico Docente Comandante Faustino P\u00e9rez Hern\u00e1ndez\",\"breadcrumb\":{\"@id\":\"https:\\\/\\\/www.cuballama.com\\\/noticias\\\/joven-cubano-muere-luego-de-que-su-fusil-cayera-al-suelo-y-se-disparara-solo\\\/#breadcrumb\"},\"inLanguage\":\"es\",\"potentialAction\":[{\"@type\":\"ReadAction\",\"target\":[\"https:\\\/\\\/www.cuballama.com\\\/noticias\\\/joven-cubano-muere-luego-de-que-su-fusil-cayera-al-suelo-y-se-disparara-solo\\\/\"]}]},{\"@type\":\"ImageObject\",\"inLanguage\":\"es\",\"@id\":\"https:\\\/\\\/www.cuballama.com\\\/noticias\\\/joven-cubano-muere-luego-de-que-su-fusil-cayera-al-suelo-y-se-disparara-solo\\\/#primaryimage\",\"url\":\"https:\\\/\\\/cdn1.mediawpaccore.net\\\/wp-content\\\/uploads\\\/2026\\\/09\\\/01105854\\\/Joven-cubano-muere-luego-de-que-su-fusil-cayera-al-suelo-y-se-disparara-solo.jpg\",\"contentUrl\":\"https:\\\/\\\/cdn1.mediawpaccore.net\\\/wp-content\\\/uploads\\\/2026\\\/09\\\/01105854\\\/Joven-cubano-muere-luego-de-que-su-fusil-cayera-al-suelo-y-se-disparara-solo.jpg\",\"width\":690,\"height\":517,\"caption\":\"Joven cubano muere luego de que su fusil cayera al suelo y se disparara solo (Foto: Servicios M\u00e9dicos Cubanos)\"},{\"@type\":\"BreadcrumbList\",\"@id\":\"https:\\\/\\\/www.cuballama.com\\\/noticias\\\/joven-cubano-muere-luego-de-que-su-fusil-cayera-al-suelo-y-se-disparara-solo\\\/#breadcrumb\",\"itemListElement\":[{\"@type\":\"ListItem\",\"position\":1,\"name\":\"Home\",\"item\":\"https:\\\/\\\/www.cuballama.com\\\/noticias\\\/\"},{\"@type\":\"ListItem\",\"position\":2,\"name\":\"Joven cubano muere luego de que su fusil cayera al suelo y se disparara solo\"}]},{\"@type\":\"WebSite\",\"@id\":\"https:\\\/\\\/www.cuballama.com\\\/noticias\\\/#website\",\"url\":\"https:\\\/\\\/www.cuballama.com\\\/noticias\\\/\",\"name\":\"Cuballama Noticias\",\"description\":\"Medio digital sobre Cuba y el mundo\",\"publisher\":{\"@id\":\"https:\\\/\\\/www.cuballama.com\\\/noticias\\\/#organization\"},\"potentialAction\":[{\"@type\":\"SearchAction\",\"target\":{\"@type\":\"EntryPoint\",\"urlTemplate\":\"https:\\\/\\\/www.cuballama.com\\\/noticias\\\/?s={search_term_string}\"},\"query-input\":{\"@type\":\"PropertyValueSpecification\",\"valueRequired\":true,\"valueName\":\"search_term_string\"}}],\"inLanguage\":\"es\"},{\"@type\":\"Organization\",\"@id\":\"https:\\\/\\\/www.cuballama.com\\\/noticias\\\/#organization\",\"name\":\"Cuballama\",\"url\":\"https:\\\/\\\/www.cuballama.com\\\/noticias\\\/\",\"logo\":{\"@type\":\"ImageObject\",\"inLanguage\":\"es\",\"@id\":\"https:\\\/\\\/www.cuballama.com\\\/noticias\\\/#\\\/schema\\\/logo\\\/image\\\/\",\"url\":\"https:\\\/\\\/cdn1.mediawpaccore.net\\\/wp-content\\\/uploads\\\/2021\\\/12\\\/28171206\\\/cbll-logo-color-sm.png\",\"contentUrl\":\"https:\\\/\\\/cdn1.mediawpaccore.net\\\/wp-content\\\/uploads\\\/2021\\\/12\\\/28171206\\\/cbll-logo-color-sm.png\",\"width\":600,\"height\":133,\"caption\":\"Cuballama\"},\"image\":{\"@id\":\"https:\\\/\\\/www.cuballama.com\\\/noticias\\\/#\\\/schema\\\/logo\\\/image\\\/\"},\"sameAs\":[\"https:\\\/\\\/www.facebook.com\\\/CubaLlama\",\"https:\\\/\\\/x.com\\\/cuballama\",\"https:\\\/\\\/www.instagram.com\\\/stories\\\/cuballama_oficial\\\/\",\"https:\\\/\\\/www.youtube.com\\\/channel\\\/UCKkFE-d_axENGZcrc4as0IA\"]},{\"@type\":\"Person\",\"@id\":\"https:\\\/\\\/www.cuballama.com\\\/noticias\\\/#\\\/schema\\\/person\\\/0f97914526a658755f00e59ec2a832f2\",\"name\":\"Rafa\",\"url\":\"https:\\\/\\\/www.cuballama.com\\\/noticias\\\/author\\\/rafa\\\/\"}]}<\/script>\n<!-- \/ Yoast SEO plugin. -->","yoast_head_json":{"title":"Joven cubano muere luego de que su fusil cayera al suelo y se disparara solo - Cuballama Noticias","description":"Tras recibir el disparo, fue trasladado de urgencia al Hospital Provincial Cl\u00ednico Quir\u00fargico Docente Comandante Faustino P\u00e9rez Hern\u00e1ndez","robots":{"index":"index","follow":"follow","max-snippet":"max-snippet:-1","max-image-preview":"max-image-preview:large","max-video-preview":"max-video-preview:-1"},"canonical":"https:\/\/www.cuballama.com\/noticias\/joven-cubano-muere-luego-de-que-su-fusil-cayera-al-suelo-y-se-disparara-solo\/","og_locale":"es_ES","og_type":"article","og_title":"Joven cubano muere luego de que su fusil cayera al suelo y se disparara solo - Cuballama Noticias","og_description":"Tras recibir el disparo, fue trasladado de urgencia al Hospital Provincial Cl\u00ednico Quir\u00fargico Docente Comandante Faustino P\u00e9rez Hern\u00e1ndez","og_url":"https:\/\/www.cuballama.com\/noticias\/joven-cubano-muere-luego-de-que-su-fusil-cayera-al-suelo-y-se-disparara-solo\/","og_site_name":"Cuballama Noticias","article_publisher":"https:\/\/www.facebook.com\/CubaLlama","article_published_time":"2026-09-01T14:59:34+00:00","article_modified_time":"2026-09-01T14:59:37+00:00","og_image":[{"width":690,"height":517,"url":"https:\/\/cdn1.mediawpaccore.net\/wp-content\/uploads\/2026\/09\/01105854\/Joven-cubano-muere-luego-de-que-su-fusil-cayera-al-suelo-y-se-disparara-solo.jpg","type":"image\/jpeg"}],"author":"Rafa","twitter_card":"summary_large_image","twitter_creator":"@cuballama","twitter_site":"@cuballama","twitter_misc":{"Escrito por":"Rafa","Tiempo de lectura":"4 minutos"},"schema":{"@context":"https:\/\/schema.org","@graph":[{"@type":"Article","@id":"https:\/\/www.cuballama.com\/noticias\/joven-cubano-muere-luego-de-que-su-fusil-cayera-al-suelo-y-se-disparara-solo\/#article","isPartOf":{"@id":"https:\/\/www.cuballama.com\/noticias\/joven-cubano-muere-luego-de-que-su-fusil-cayera-al-suelo-y-se-disparara-solo\/"},"author":{"name":"Rafa","@id":"https:\/\/www.cuballama.com\/noticias\/#\/schema\/person\/0f97914526a658755f00e59ec2a832f2"},"headline":"Joven cubano muere luego de que su fusil cayera al suelo y se disparara solo","datePublished":"2026-09-01T14:59:34+00:00","dateModified":"2026-09-01T14:59:37+00:00","mainEntityOfPage":{"@id":"https:\/\/www.cuballama.com\/noticias\/joven-cubano-muere-luego-de-que-su-fusil-cayera-al-suelo-y-se-disparara-solo\/"},"wordCount":683,"commentCount":0,"publisher":{"@id":"https:\/\/www.cuballama.com\/noticias\/#organization"},"image":{"@id":"https:\/\/www.cuballama.com\/noticias\/joven-cubano-muere-luego-de-que-su-fusil-cayera-al-suelo-y-se-disparara-solo\/#primaryimage"},"thumbnailUrl":"https:\/\/cdn1.mediawpaccore.net\/wp-content\/uploads\/2026\/09\/01105854\/Joven-cubano-muere-luego-de-que-su-fusil-cayera-al-suelo-y-se-disparara-solo.jpg","keywords":["accidente","Armas","Matanzas"],"articleSection":["Noticias de Cuba"],"inLanguage":"es","potentialAction":[{"@type":"CommentAction","name":"Comment","target":["https:\/\/www.cuballama.com\/noticias\/joven-cubano-muere-luego-de-que-su-fusil-cayera-al-suelo-y-se-disparara-solo\/#respond"]}]},{"@type":"WebPage","@id":"https:\/\/www.cuballama.com\/noticias\/joven-cubano-muere-luego-de-que-su-fusil-cayera-al-suelo-y-se-disparara-solo\/","url":"https:\/\/www.cuballama.com\/noticias\/joven-cubano-muere-luego-de-que-su-fusil-cayera-al-suelo-y-se-disparara-solo\/","name":"Joven cubano muere luego de que su fusil cayera al suelo y se disparara solo - Cuballama Noticias","isPartOf":{"@id":"https:\/\/www.cuballama.com\/noticias\/#website"},"primaryImageOfPage":{"@id":"https:\/\/www.cuballama.com\/noticias\/joven-cubano-muere-luego-de-que-su-fusil-cayera-al-suelo-y-se-disparara-solo\/#primaryimage"},"image":{"@id":"https:\/\/www.cuballama.com\/noticias\/joven-cubano-muere-luego-de-que-su-fusil-cayera-al-suelo-y-se-disparara-solo\/#primaryimage"},"thumbnailUrl":"https:\/\/cdn1.mediawpaccore.net\/wp-content\/uploads\/2026\/09\/01105854\/Joven-cubano-muere-luego-de-que-su-fusil-cayera-al-suelo-y-se-disparara-solo.jpg","datePublished":"2026-09-01T14:59:34+00:00","dateModified":"2026-09-01T14:59:37+00:00","description":"Tras recibir el disparo, fue trasladado de urgencia al Hospital Provincial Cl\u00ednico Quir\u00fargico Docente Comandante Faustino P\u00e9rez Hern\u00e1ndez","breadcrumb":{"@id":"https:\/\/www.cuballama.com\/noticias\/joven-cubano-muere-luego-de-que-su-fusil-cayera-al-suelo-y-se-disparara-solo\/#breadcrumb"},"inLanguage":"es","potentialAction":[{"@type":"ReadAction","target":["https:\/\/www.cuballama.com\/noticias\/joven-cubano-muere-luego-de-que-su-fusil-cayera-al-suelo-y-se-disparara-solo\/"]}]},{"@type":"ImageObject","inLanguage":"es","@id":"https:\/\/www.cuballama.com\/noticias\/joven-cubano-muere-luego-de-que-su-fusil-cayera-al-suelo-y-se-disparara-solo\/#primaryimage","url":"https:\/\/cdn1.mediawpaccore.net\/wp-content\/uploads\/2026\/09\/01105854\/Joven-cubano-muere-luego-de-que-su-fusil-cayera-al-suelo-y-se-disparara-solo.jpg","contentUrl":"https:\/\/cdn1.mediawpaccore.net\/wp-content\/uploads\/2026\/09\/01105854\/Joven-cubano-muere-luego-de-que-su-fusil-cayera-al-suelo-y-se-disparara-solo.jpg","width":690,"height":517,"caption":"Joven cubano muere luego de que su fusil cayera al suelo y se disparara solo (Foto: Servicios M\u00e9dicos Cubanos)"},{"@type":"BreadcrumbList","@id":"https:\/\/www.cuballama.com\/noticias\/joven-cubano-muere-luego-de-que-su-fusil-cayera-al-suelo-y-se-disparara-solo\/#breadcrumb","itemListElement":[{"@type":"ListItem","position":1,"name":"Home","item":"https:\/\/www.cuballama.com\/noticias\/"},{"@type":"ListItem","position":2,"name":"Joven cubano muere luego de que su fusil cayera al suelo y se disparara solo"}]},{"@type":"WebSite","@id":"https:\/\/www.cuballama.com\/noticias\/#website","url":"https:\/\/www.cuballama.com\/noticias\/","name":"Cuballama Noticias","description":"Medio digital sobre Cuba y el mundo","publisher":{"@id":"https:\/\/www.cuballama.com\/noticias\/#organization"},"potentialAction":[{"@type":"SearchAction","target":{"@type":"EntryPoint","urlTemplate":"https:\/\/www.cuballama.com\/noticias\/?s={search_term_string}"},"query-input":{"@type":"PropertyValueSpecification","valueRequired":true,"valueName":"search_term_string"}}],"inLanguage":"es"},{"@type":"Organization","@id":"https:\/\/www.cuballama.com\/noticias\/#organization","name":"Cuballama","url":"https:\/\/www.cuballama.com\/noticias\/","logo":{"@type":"ImageObject","inLanguage":"es","@id":"https:\/\/www.cuballama.com\/noticias\/#\/schema\/logo\/image\/","url":"https:\/\/cdn1.mediawpaccore.net\/wp-content\/uploads\/2021\/12\/28171206\/cbll-logo-color-sm.png","contentUrl":"https:\/\/cdn1.mediawpaccore.net\/wp-content\/uploads\/2021\/12\/28171206\/cbll-logo-color-sm.png","width":600,"height":133,"caption":"Cuballama"},"image":{"@id":"https:\/\/www.cuballama.com\/noticias\/#\/schema\/logo\/image\/"},"sameAs":["https:\/\/www.facebook.com\/CubaLlama","https:\/\/x.com\/cuballama","https:\/\/www.instagram.com\/stories\/cuballama_oficial\/","https:\/\/www.youtube.com\/channel\/UCKkFE-d_axENGZcrc4as0IA"]},{"@type":"Person","@id":"https:\/\/www.cuballama.com\/noticias\/#\/schema\/person\/0f97914526a658755f00e59ec2a832f2","name":"Rafa","url":"https:\/\/www.cuballama.com\/noticias\/author\/rafa\/"}]}},"_links":{"self":[{"href":"https:\/\/www.cuballama.com\/noticias\/wp-json\/wp\/v2\/posts\/255714","targetHints":{"allow":["GET"]}}],"collection":[{"href":"https:\/\/www.cuballama.com\/noticias\/wp-json\/wp\/v2\/posts"}],"about":[{"href":"https:\/\/www.cuballama.com\/noticias\/wp-json\/wp\/v2\/types\/post"}],"author":[{"embeddable":true,"href":"https:\/\/www.cuballama.com\/noticias\/wp-json\/wp\/v2\/users\/27"}],"replies":[{"embeddable":true,"href":"https:\/\/www.cuballama.com\/noticias\/wp-json\/wp\/v2\/comments?post=255714"}],"version-history":[{"count":1,"href":"https:\/\/www.cuballama.com\/noticias\/wp-json\/wp\/v2\/posts\/255714\/revisions"}],"predecessor-version":[{"id":255717,"href":"https:\/\/www.cuballama.com\/noticias\/wp-json\/wp\/v2\/posts\/255714\/revisions\/255717"}],"wp:featuredmedia":[{"embeddable":true,"href":"https:\/\/www.cuballama.com\/noticias\/wp-json\/wp\/v2\/media\/255716"}],"wp:attachment":[{"href":"https:\/\/www.cuballama.com\/noticias\/wp-json\/wp\/v2\/media?parent=255714"}],"wp:term":[{"taxonomy":"category","embeddable":true,"href":"https:\/\/www.cuballama.com\/noticias\/wp-json\/wp\/v2\/categories?post=255714"},{"taxonomy":"post_tag","embeddable":true,"href":"https:\/\/www.cuballama.com\/noticias\/wp-json\/wp\/v2\/tags?post=255714"}],"curies":[{"name":"wp","href":"https:\/\/api.w.org\/{rel}","templated":true}]}}