{"id":255693,"date":"2026-09-01T07:51:03","date_gmt":"2026-09-01T11:51:03","guid":{"rendered":"https:\/\/www.cuballama.com\/noticias\/?p=255693"},"modified":"2026-09-01T08:03:24","modified_gmt":"2026-09-01T12:03:24","slug":"condenan-en-mexico-a-dos-cubanos-que-exigieron-8-mil-dolares-por-liberar-a-un-compatriota","status":"publish","type":"post","link":"https:\/\/www.cuballama.com\/noticias\/condenan-en-mexico-a-dos-cubanos-que-exigieron-8-mil-dolares-por-liberar-a-un-compatriota\/","title":{"rendered":"Condenan en M\u00e9xico a dos cubanos que exigieron 8 mil d\u00f3lares por liberar a paisano"},"content":{"rendered":"\n<p class=\"wp-block-paragraph\">Los cubanos Yosbel L\u00e1zaro Planas Pita y Roinel Morej\u00f3n Rodr\u00edguez fueron condenados a cuatro a\u00f1os y seis meses de prisi\u00f3n tras ser declarados culpables de privaci\u00f3n ilegal de la libertad agravada contra un compatriota en M\u00e9xico.<\/p>\n\n\n\n<p class=\"wp-block-paragraph\">Seg\u00fan inform\u00f3 la Fiscal\u00eda General del Estado (FGE) de Quintana Roo, ambos hombres encerraron y amenazaron de muerte a otro cubano, mientras exig\u00edan a su familia que pagara 8 mil d\u00f3lares para liberarlo.<\/p>\n\n\n\n<p class=\"wp-block-paragraph\">De acuerdo con lo expuesto por el fiscal general Raciel L\u00f3pez Salazar ante la v\u00edctima, los hechos ocurrieron en abril de 2024, poco despu\u00e9s de que la v\u00edctima, tambi\u00e9n de nacionalidad cubana, llegara a la ciudad de Canc\u00fan, ubicada en el municipio de Benito Ju\u00e1rez, en el estado de Quintana Roo.<\/p>\n\n\n\n<p class=\"wp-block-paragraph\">Posteriormente, la v\u00edctima fue llevada contra su voluntad a un domicilio del fraccionamiento Los H\u00e9roes, en la Supermanzana 224, donde fue inmovilizada y mantenida bajo vigilancia.<\/p>\n\n\n\n<iframe loading=\"lazy\" src=\"https:\/\/www.facebook.com\/plugins\/post.php?href=https%3A%2F%2Fwww.facebook.com%2FFGEQuintanaRoo%2Fposts%2Fpfbid0QQyzeiLti2yC6rQu2LWkFqfgCFziVhHYPxFscLHsm6tLxBfyNH9ZeFkLkXHkYwB4l&#038;show_text=true&#038;width=500\" width=\"500\" height=\"753\" style=\"border:none;overflow:hidden\" scrolling=\"no\" frameborder=\"0\" allowfullscreen=\"true\" allow=\"autoplay; clipboard-write; encrypted-media; picture-in-picture; web-share\"><\/iframe>\n\n\n\n<p class=\"wp-block-paragraph\">El hombre logr\u00f3 pedir auxilio gritando durante un descuido de sus captores y sus llamados fueron escuchados, tras lo cual polic\u00edas acudieron al inmueble, lo rescataron y detuvieron a los involucrados.<\/p>\n\n\n\n<p class=\"wp-block-paragraph\">El diario <em>QR<\/em> <em>Ahora<\/em> cuestion\u00f3 por qu\u00e9, si el relato oficial refiere privaci\u00f3n de la libertad, amenazas de muerte y una exigencia econ\u00f3mica a cambio de la liberaci\u00f3n, el Ministerio P\u00fablico llev\u00f3 el caso bajo el delito de privaci\u00f3n ilegal de la libertad agravada y no como secuestro.<\/p>\n\n\n\n<p class=\"wp-block-paragraph\">La FGE inform\u00f3 que durante la audiencia present\u00f3 las pruebas que acreditaron la responsabilidad penal de ambos hombres, pero no dio otros detalles sobre la situaci\u00f3n migratoria de los dos sentenciados.<\/p>\n\n\n\n<p class=\"wp-block-paragraph\">Tras el desarrollo del juicio oral y la valoraci\u00f3n de las pruebas presentadas por la Fiscal\u00eda, una jueza determin\u00f3 la responsabilidad penal de ambos hombres por el delito de privaci\u00f3n ilegal de la libertad agravada.<\/p>\n\n\n\n<p class=\"wp-block-paragraph\"><\/p>\n","protected":false},"excerpt":{"rendered":"<p>Ambos hombres encerraron y amenazaron de muerte a otro cubano.<\/p>\n","protected":false},"author":30,"featured_media":255697,"comment_status":"open","ping_status":"closed","sticky":false,"template":"","format":"standard","meta":{"_acf_changed":false,"footnotes":""},"categories":[18,955],"tags":[37800,4523,941,600,1405],"class_list":["post-255693","post","type-post","status-publish","format-standard","has-post-thumbnail","category-noticias","category-noticias-de-cuba","tag-cubanos-condenados-en-mexico","tag-cubanos-en-mexico","tag-destacado","tag-migrantes-cubanos","tag-secuestro"],"acf":[],"yoast_head":"<!-- This site is optimized with the Yoast SEO plugin v28.3 - https:\/\/yoast.com\/product\/yoast-seo-wordpress\/ -->\n<title>Condenan en M\u00e9xico a dos cubanos que exigieron 8 mil d\u00f3lares por liberar a paisano - Cuballama Noticias<\/title>\n<meta name=\"description\" content=\"Los cubanos Yosbel L\u00e1zaro Planas Pita y Roinel Morej\u00f3n Rodr\u00edguez fueron condenados a cuatro a\u00f1os y medio de prisi\u00f3n en M\u00e9xico.\" \/>\n<meta name=\"robots\" content=\"index, follow, max-snippet:-1, max-image-preview:large, max-video-preview:-1\" \/>\n<link rel=\"canonical\" href=\"https:\/\/www.cuballama.com\/noticias\/condenan-en-mexico-a-dos-cubanos-que-exigieron-8-mil-dolares-por-liberar-a-un-compatriota\/\" \/>\n<meta property=\"og:locale\" content=\"es_ES\" \/>\n<meta property=\"og:type\" content=\"article\" \/>\n<meta property=\"og:title\" content=\"Condenan en M\u00e9xico a dos cubanos que exigieron 8 mil d\u00f3lares por liberar a paisano - Cuballama Noticias\" \/>\n<meta property=\"og:description\" content=\"Los cubanos Yosbel L\u00e1zaro Planas Pita y Roinel Morej\u00f3n Rodr\u00edguez fueron condenados a cuatro a\u00f1os y medio de prisi\u00f3n en M\u00e9xico.\" \/>\n<meta property=\"og:url\" content=\"https:\/\/www.cuballama.com\/noticias\/condenan-en-mexico-a-dos-cubanos-que-exigieron-8-mil-dolares-por-liberar-a-un-compatriota\/\" \/>\n<meta property=\"og:site_name\" content=\"Cuballama Noticias\" \/>\n<meta property=\"article:publisher\" content=\"https:\/\/www.facebook.com\/CubaLlama\" \/>\n<meta property=\"article:published_time\" content=\"2026-09-01T11:51:03+00:00\" \/>\n<meta property=\"article:modified_time\" content=\"2026-09-01T12:03:24+00:00\" \/>\n<meta property=\"og:image\" content=\"https:\/\/cdn1.mediawpaccore.net\/wp-content\/uploads\/2026\/09\/01073216\/Square-black-four-4x44-1.jpg\" \/>\n\t<meta property=\"og:image:width\" content=\"1200\" \/>\n\t<meta property=\"og:image:height\" content=\"630\" \/>\n\t<meta property=\"og:image:type\" content=\"image\/jpeg\" \/>\n<meta name=\"author\" content=\"Kathy\" \/>\n<meta name=\"twitter:card\" content=\"summary_large_image\" \/>\n<meta name=\"twitter:creator\" content=\"@cuballama\" \/>\n<meta name=\"twitter:site\" content=\"@cuballama\" \/>\n<meta name=\"twitter:label1\" content=\"Escrito por\" \/>\n\t<meta name=\"twitter:data1\" content=\"Kathy\" \/>\n\t<meta name=\"twitter:label2\" content=\"Tiempo de lectura\" \/>\n\t<meta name=\"twitter:data2\" content=\"2 minutos\" \/>\n<script type=\"application\/ld+json\" class=\"yoast-schema-graph\">{\"@context\":\"https:\\\/\\\/schema.org\",\"@graph\":[{\"@type\":\"Article\",\"@id\":\"https:\\\/\\\/www.cuballama.com\\\/noticias\\\/condenan-en-mexico-a-dos-cubanos-que-exigieron-8-mil-dolares-por-liberar-a-un-compatriota\\\/#article\",\"isPartOf\":{\"@id\":\"https:\\\/\\\/www.cuballama.com\\\/noticias\\\/condenan-en-mexico-a-dos-cubanos-que-exigieron-8-mil-dolares-por-liberar-a-un-compatriota\\\/\"},\"author\":{\"name\":\"Kathy\",\"@id\":\"https:\\\/\\\/www.cuballama.com\\\/noticias\\\/#\\\/schema\\\/person\\\/86cd3e3f4974437f031211213bf892d5\"},\"headline\":\"Condenan en M\u00e9xico a dos cubanos que exigieron 8 mil d\u00f3lares por liberar a paisano\",\"datePublished\":\"2026-09-01T11:51:03+00:00\",\"dateModified\":\"2026-09-01T12:03:24+00:00\",\"mainEntityOfPage\":{\"@id\":\"https:\\\/\\\/www.cuballama.com\\\/noticias\\\/condenan-en-mexico-a-dos-cubanos-que-exigieron-8-mil-dolares-por-liberar-a-un-compatriota\\\/\"},\"wordCount\":334,\"commentCount\":0,\"publisher\":{\"@id\":\"https:\\\/\\\/www.cuballama.com\\\/noticias\\\/#organization\"},\"image\":{\"@id\":\"https:\\\/\\\/www.cuballama.com\\\/noticias\\\/condenan-en-mexico-a-dos-cubanos-que-exigieron-8-mil-dolares-por-liberar-a-un-compatriota\\\/#primaryimage\"},\"thumbnailUrl\":\"https:\\\/\\\/cdn1.mediawpaccore.net\\\/wp-content\\\/uploads\\\/2026\\\/09\\\/01073216\\\/Square-black-four-4x44-1.jpg\",\"keywords\":[\"cubanos condenados en M\u00e9xico\",\"Cubanos en M\u00e9xico\",\"destacado\",\"Migrantes cubanos\",\"secuestro\"],\"articleSection\":[\"Noticias\",\"Noticias de Cuba\"],\"inLanguage\":\"es\",\"potentialAction\":[{\"@type\":\"CommentAction\",\"name\":\"Comment\",\"target\":[\"https:\\\/\\\/www.cuballama.com\\\/noticias\\\/condenan-en-mexico-a-dos-cubanos-que-exigieron-8-mil-dolares-por-liberar-a-un-compatriota\\\/#respond\"]}]},{\"@type\":\"WebPage\",\"@id\":\"https:\\\/\\\/www.cuballama.com\\\/noticias\\\/condenan-en-mexico-a-dos-cubanos-que-exigieron-8-mil-dolares-por-liberar-a-un-compatriota\\\/\",\"url\":\"https:\\\/\\\/www.cuballama.com\\\/noticias\\\/condenan-en-mexico-a-dos-cubanos-que-exigieron-8-mil-dolares-por-liberar-a-un-compatriota\\\/\",\"name\":\"Condenan en M\u00e9xico a dos cubanos que exigieron 8 mil d\u00f3lares por liberar a paisano - Cuballama Noticias\",\"isPartOf\":{\"@id\":\"https:\\\/\\\/www.cuballama.com\\\/noticias\\\/#website\"},\"primaryImageOfPage\":{\"@id\":\"https:\\\/\\\/www.cuballama.com\\\/noticias\\\/condenan-en-mexico-a-dos-cubanos-que-exigieron-8-mil-dolares-por-liberar-a-un-compatriota\\\/#primaryimage\"},\"image\":{\"@id\":\"https:\\\/\\\/www.cuballama.com\\\/noticias\\\/condenan-en-mexico-a-dos-cubanos-que-exigieron-8-mil-dolares-por-liberar-a-un-compatriota\\\/#primaryimage\"},\"thumbnailUrl\":\"https:\\\/\\\/cdn1.mediawpaccore.net\\\/wp-content\\\/uploads\\\/2026\\\/09\\\/01073216\\\/Square-black-four-4x44-1.jpg\",\"datePublished\":\"2026-09-01T11:51:03+00:00\",\"dateModified\":\"2026-09-01T12:03:24+00:00\",\"description\":\"Los cubanos Yosbel L\u00e1zaro Planas Pita y Roinel Morej\u00f3n Rodr\u00edguez fueron condenados a cuatro a\u00f1os y medio de prisi\u00f3n en M\u00e9xico.\",\"breadcrumb\":{\"@id\":\"https:\\\/\\\/www.cuballama.com\\\/noticias\\\/condenan-en-mexico-a-dos-cubanos-que-exigieron-8-mil-dolares-por-liberar-a-un-compatriota\\\/#breadcrumb\"},\"inLanguage\":\"es\",\"potentialAction\":[{\"@type\":\"ReadAction\",\"target\":[\"https:\\\/\\\/www.cuballama.com\\\/noticias\\\/condenan-en-mexico-a-dos-cubanos-que-exigieron-8-mil-dolares-por-liberar-a-un-compatriota\\\/\"]}]},{\"@type\":\"ImageObject\",\"inLanguage\":\"es\",\"@id\":\"https:\\\/\\\/www.cuballama.com\\\/noticias\\\/condenan-en-mexico-a-dos-cubanos-que-exigieron-8-mil-dolares-por-liberar-a-un-compatriota\\\/#primaryimage\",\"url\":\"https:\\\/\\\/cdn1.mediawpaccore.net\\\/wp-content\\\/uploads\\\/2026\\\/09\\\/01073216\\\/Square-black-four-4x44-1.jpg\",\"contentUrl\":\"https:\\\/\\\/cdn1.mediawpaccore.net\\\/wp-content\\\/uploads\\\/2026\\\/09\\\/01073216\\\/Square-black-four-4x44-1.jpg\",\"width\":1200,\"height\":630,\"caption\":\"Roinel Morej\u00f3n Rodr\u00edguez (i) y Yosbel L\u00e1zaro Planas Pita. Foto: FGE Quintana Roo.\"},{\"@type\":\"BreadcrumbList\",\"@id\":\"https:\\\/\\\/www.cuballama.com\\\/noticias\\\/condenan-en-mexico-a-dos-cubanos-que-exigieron-8-mil-dolares-por-liberar-a-un-compatriota\\\/#breadcrumb\",\"itemListElement\":[{\"@type\":\"ListItem\",\"position\":1,\"name\":\"Home\",\"item\":\"https:\\\/\\\/www.cuballama.com\\\/noticias\\\/\"},{\"@type\":\"ListItem\",\"position\":2,\"name\":\"Condenan en M\u00e9xico a dos cubanos que exigieron 8 mil d\u00f3lares por liberar a paisano\"}]},{\"@type\":\"WebSite\",\"@id\":\"https:\\\/\\\/www.cuballama.com\\\/noticias\\\/#website\",\"url\":\"https:\\\/\\\/www.cuballama.com\\\/noticias\\\/\",\"name\":\"Cuballama Noticias\",\"description\":\"Medio digital sobre Cuba y el mundo\",\"publisher\":{\"@id\":\"https:\\\/\\\/www.cuballama.com\\\/noticias\\\/#organization\"},\"potentialAction\":[{\"@type\":\"SearchAction\",\"target\":{\"@type\":\"EntryPoint\",\"urlTemplate\":\"https:\\\/\\\/www.cuballama.com\\\/noticias\\\/?s={search_term_string}\"},\"query-input\":{\"@type\":\"PropertyValueSpecification\",\"valueRequired\":true,\"valueName\":\"search_term_string\"}}],\"inLanguage\":\"es\"},{\"@type\":\"Organization\",\"@id\":\"https:\\\/\\\/www.cuballama.com\\\/noticias\\\/#organization\",\"name\":\"Cuballama\",\"url\":\"https:\\\/\\\/www.cuballama.com\\\/noticias\\\/\",\"logo\":{\"@type\":\"ImageObject\",\"inLanguage\":\"es\",\"@id\":\"https:\\\/\\\/www.cuballama.com\\\/noticias\\\/#\\\/schema\\\/logo\\\/image\\\/\",\"url\":\"https:\\\/\\\/cdn1.mediawpaccore.net\\\/wp-content\\\/uploads\\\/2021\\\/12\\\/28171206\\\/cbll-logo-color-sm.png\",\"contentUrl\":\"https:\\\/\\\/cdn1.mediawpaccore.net\\\/wp-content\\\/uploads\\\/2021\\\/12\\\/28171206\\\/cbll-logo-color-sm.png\",\"width\":600,\"height\":133,\"caption\":\"Cuballama\"},\"image\":{\"@id\":\"https:\\\/\\\/www.cuballama.com\\\/noticias\\\/#\\\/schema\\\/logo\\\/image\\\/\"},\"sameAs\":[\"https:\\\/\\\/www.facebook.com\\\/CubaLlama\",\"https:\\\/\\\/x.com\\\/cuballama\",\"https:\\\/\\\/www.instagram.com\\\/stories\\\/cuballama_oficial\\\/\",\"https:\\\/\\\/www.youtube.com\\\/channel\\\/UCKkFE-d_axENGZcrc4as0IA\"]},{\"@type\":\"Person\",\"@id\":\"https:\\\/\\\/www.cuballama.com\\\/noticias\\\/#\\\/schema\\\/person\\\/86cd3e3f4974437f031211213bf892d5\",\"name\":\"Kathy\",\"url\":\"https:\\\/\\\/www.cuballama.com\\\/noticias\\\/author\\\/kathy\\\/\"}]}<\/script>\n<!-- \/ Yoast SEO plugin. -->","yoast_head_json":{"title":"Condenan en M\u00e9xico a dos cubanos que exigieron 8 mil d\u00f3lares por liberar a paisano - Cuballama Noticias","description":"Los cubanos Yosbel L\u00e1zaro Planas Pita y Roinel Morej\u00f3n Rodr\u00edguez fueron condenados a cuatro a\u00f1os y medio de prisi\u00f3n en M\u00e9xico.","robots":{"index":"index","follow":"follow","max-snippet":"max-snippet:-1","max-image-preview":"max-image-preview:large","max-video-preview":"max-video-preview:-1"},"canonical":"https:\/\/www.cuballama.com\/noticias\/condenan-en-mexico-a-dos-cubanos-que-exigieron-8-mil-dolares-por-liberar-a-un-compatriota\/","og_locale":"es_ES","og_type":"article","og_title":"Condenan en M\u00e9xico a dos cubanos que exigieron 8 mil d\u00f3lares por liberar a paisano - Cuballama Noticias","og_description":"Los cubanos Yosbel L\u00e1zaro Planas Pita y Roinel Morej\u00f3n Rodr\u00edguez fueron condenados a cuatro a\u00f1os y medio de prisi\u00f3n en M\u00e9xico.","og_url":"https:\/\/www.cuballama.com\/noticias\/condenan-en-mexico-a-dos-cubanos-que-exigieron-8-mil-dolares-por-liberar-a-un-compatriota\/","og_site_name":"Cuballama Noticias","article_publisher":"https:\/\/www.facebook.com\/CubaLlama","article_published_time":"2026-09-01T11:51:03+00:00","article_modified_time":"2026-09-01T12:03:24+00:00","og_image":[{"width":1200,"height":630,"url":"https:\/\/cdn1.mediawpaccore.net\/wp-content\/uploads\/2026\/09\/01073216\/Square-black-four-4x44-1.jpg","type":"image\/jpeg"}],"author":"Kathy","twitter_card":"summary_large_image","twitter_creator":"@cuballama","twitter_site":"@cuballama","twitter_misc":{"Escrito por":"Kathy","Tiempo de lectura":"2 minutos"},"schema":{"@context":"https:\/\/schema.org","@graph":[{"@type":"Article","@id":"https:\/\/www.cuballama.com\/noticias\/condenan-en-mexico-a-dos-cubanos-que-exigieron-8-mil-dolares-por-liberar-a-un-compatriota\/#article","isPartOf":{"@id":"https:\/\/www.cuballama.com\/noticias\/condenan-en-mexico-a-dos-cubanos-que-exigieron-8-mil-dolares-por-liberar-a-un-compatriota\/"},"author":{"name":"Kathy","@id":"https:\/\/www.cuballama.com\/noticias\/#\/schema\/person\/86cd3e3f4974437f031211213bf892d5"},"headline":"Condenan en M\u00e9xico a dos cubanos que exigieron 8 mil d\u00f3lares por liberar a paisano","datePublished":"2026-09-01T11:51:03+00:00","dateModified":"2026-09-01T12:03:24+00:00","mainEntityOfPage":{"@id":"https:\/\/www.cuballama.com\/noticias\/condenan-en-mexico-a-dos-cubanos-que-exigieron-8-mil-dolares-por-liberar-a-un-compatriota\/"},"wordCount":334,"commentCount":0,"publisher":{"@id":"https:\/\/www.cuballama.com\/noticias\/#organization"},"image":{"@id":"https:\/\/www.cuballama.com\/noticias\/condenan-en-mexico-a-dos-cubanos-que-exigieron-8-mil-dolares-por-liberar-a-un-compatriota\/#primaryimage"},"thumbnailUrl":"https:\/\/cdn1.mediawpaccore.net\/wp-content\/uploads\/2026\/09\/01073216\/Square-black-four-4x44-1.jpg","keywords":["cubanos condenados en M\u00e9xico","Cubanos en M\u00e9xico","destacado","Migrantes cubanos","secuestro"],"articleSection":["Noticias","Noticias de Cuba"],"inLanguage":"es","potentialAction":[{"@type":"CommentAction","name":"Comment","target":["https:\/\/www.cuballama.com\/noticias\/condenan-en-mexico-a-dos-cubanos-que-exigieron-8-mil-dolares-por-liberar-a-un-compatriota\/#respond"]}]},{"@type":"WebPage","@id":"https:\/\/www.cuballama.com\/noticias\/condenan-en-mexico-a-dos-cubanos-que-exigieron-8-mil-dolares-por-liberar-a-un-compatriota\/","url":"https:\/\/www.cuballama.com\/noticias\/condenan-en-mexico-a-dos-cubanos-que-exigieron-8-mil-dolares-por-liberar-a-un-compatriota\/","name":"Condenan en M\u00e9xico a dos cubanos que exigieron 8 mil d\u00f3lares por liberar a paisano - Cuballama Noticias","isPartOf":{"@id":"https:\/\/www.cuballama.com\/noticias\/#website"},"primaryImageOfPage":{"@id":"https:\/\/www.cuballama.com\/noticias\/condenan-en-mexico-a-dos-cubanos-que-exigieron-8-mil-dolares-por-liberar-a-un-compatriota\/#primaryimage"},"image":{"@id":"https:\/\/www.cuballama.com\/noticias\/condenan-en-mexico-a-dos-cubanos-que-exigieron-8-mil-dolares-por-liberar-a-un-compatriota\/#primaryimage"},"thumbnailUrl":"https:\/\/cdn1.mediawpaccore.net\/wp-content\/uploads\/2026\/09\/01073216\/Square-black-four-4x44-1.jpg","datePublished":"2026-09-01T11:51:03+00:00","dateModified":"2026-09-01T12:03:24+00:00","description":"Los cubanos Yosbel L\u00e1zaro Planas Pita y Roinel Morej\u00f3n Rodr\u00edguez fueron condenados a cuatro a\u00f1os y medio de prisi\u00f3n en M\u00e9xico.","breadcrumb":{"@id":"https:\/\/www.cuballama.com\/noticias\/condenan-en-mexico-a-dos-cubanos-que-exigieron-8-mil-dolares-por-liberar-a-un-compatriota\/#breadcrumb"},"inLanguage":"es","potentialAction":[{"@type":"ReadAction","target":["https:\/\/www.cuballama.com\/noticias\/condenan-en-mexico-a-dos-cubanos-que-exigieron-8-mil-dolares-por-liberar-a-un-compatriota\/"]}]},{"@type":"ImageObject","inLanguage":"es","@id":"https:\/\/www.cuballama.com\/noticias\/condenan-en-mexico-a-dos-cubanos-que-exigieron-8-mil-dolares-por-liberar-a-un-compatriota\/#primaryimage","url":"https:\/\/cdn1.mediawpaccore.net\/wp-content\/uploads\/2026\/09\/01073216\/Square-black-four-4x44-1.jpg","contentUrl":"https:\/\/cdn1.mediawpaccore.net\/wp-content\/uploads\/2026\/09\/01073216\/Square-black-four-4x44-1.jpg","width":1200,"height":630,"caption":"Roinel Morej\u00f3n Rodr\u00edguez (i) y Yosbel L\u00e1zaro Planas Pita. Foto: FGE Quintana Roo."},{"@type":"BreadcrumbList","@id":"https:\/\/www.cuballama.com\/noticias\/condenan-en-mexico-a-dos-cubanos-que-exigieron-8-mil-dolares-por-liberar-a-un-compatriota\/#breadcrumb","itemListElement":[{"@type":"ListItem","position":1,"name":"Home","item":"https:\/\/www.cuballama.com\/noticias\/"},{"@type":"ListItem","position":2,"name":"Condenan en M\u00e9xico a dos cubanos que exigieron 8 mil d\u00f3lares por liberar a paisano"}]},{"@type":"WebSite","@id":"https:\/\/www.cuballama.com\/noticias\/#website","url":"https:\/\/www.cuballama.com\/noticias\/","name":"Cuballama Noticias","description":"Medio digital sobre Cuba y el mundo","publisher":{"@id":"https:\/\/www.cuballama.com\/noticias\/#organization"},"potentialAction":[{"@type":"SearchAction","target":{"@type":"EntryPoint","urlTemplate":"https:\/\/www.cuballama.com\/noticias\/?s={search_term_string}"},"query-input":{"@type":"PropertyValueSpecification","valueRequired":true,"valueName":"search_term_string"}}],"inLanguage":"es"},{"@type":"Organization","@id":"https:\/\/www.cuballama.com\/noticias\/#organization","name":"Cuballama","url":"https:\/\/www.cuballama.com\/noticias\/","logo":{"@type":"ImageObject","inLanguage":"es","@id":"https:\/\/www.cuballama.com\/noticias\/#\/schema\/logo\/image\/","url":"https:\/\/cdn1.mediawpaccore.net\/wp-content\/uploads\/2021\/12\/28171206\/cbll-logo-color-sm.png","contentUrl":"https:\/\/cdn1.mediawpaccore.net\/wp-content\/uploads\/2021\/12\/28171206\/cbll-logo-color-sm.png","width":600,"height":133,"caption":"Cuballama"},"image":{"@id":"https:\/\/www.cuballama.com\/noticias\/#\/schema\/logo\/image\/"},"sameAs":["https:\/\/www.facebook.com\/CubaLlama","https:\/\/x.com\/cuballama","https:\/\/www.instagram.com\/stories\/cuballama_oficial\/","https:\/\/www.youtube.com\/channel\/UCKkFE-d_axENGZcrc4as0IA"]},{"@type":"Person","@id":"https:\/\/www.cuballama.com\/noticias\/#\/schema\/person\/86cd3e3f4974437f031211213bf892d5","name":"Kathy","url":"https:\/\/www.cuballama.com\/noticias\/author\/kathy\/"}]}},"_links":{"self":[{"href":"https:\/\/www.cuballama.com\/noticias\/wp-json\/wp\/v2\/posts\/255693","targetHints":{"allow":["GET"]}}],"collection":[{"href":"https:\/\/www.cuballama.com\/noticias\/wp-json\/wp\/v2\/posts"}],"about":[{"href":"https:\/\/www.cuballama.com\/noticias\/wp-json\/wp\/v2\/types\/post"}],"author":[{"embeddable":true,"href":"https:\/\/www.cuballama.com\/noticias\/wp-json\/wp\/v2\/users\/30"}],"replies":[{"embeddable":true,"href":"https:\/\/www.cuballama.com\/noticias\/wp-json\/wp\/v2\/comments?post=255693"}],"version-history":[{"count":2,"href":"https:\/\/www.cuballama.com\/noticias\/wp-json\/wp\/v2\/posts\/255693\/revisions"}],"predecessor-version":[{"id":255709,"href":"https:\/\/www.cuballama.com\/noticias\/wp-json\/wp\/v2\/posts\/255693\/revisions\/255709"}],"wp:featuredmedia":[{"embeddable":true,"href":"https:\/\/www.cuballama.com\/noticias\/wp-json\/wp\/v2\/media\/255697"}],"wp:attachment":[{"href":"https:\/\/www.cuballama.com\/noticias\/wp-json\/wp\/v2\/media?parent=255693"}],"wp:term":[{"taxonomy":"category","embeddable":true,"href":"https:\/\/www.cuballama.com\/noticias\/wp-json\/wp\/v2\/categories?post=255693"},{"taxonomy":"post_tag","embeddable":true,"href":"https:\/\/www.cuballama.com\/noticias\/wp-json\/wp\/v2\/tags?post=255693"}],"curies":[{"name":"wp","href":"https:\/\/api.w.org\/{rel}","templated":true}]}}