{"id":255683,"date":"2026-09-01T07:00:00","date_gmt":"2026-09-01T11:00:00","guid":{"rendered":"https:\/\/www.cuballama.com\/noticias\/?p=255683"},"modified":"2026-08-31T22:32:41","modified_gmt":"2026-09-01T02:32:41","slug":"cubana-de-81-anos-muere-tras-ser-atacada-por-asesino-de-su-hija","status":"publish","type":"post","link":"https:\/\/www.cuballama.com\/noticias\/cubana-de-81-anos-muere-tras-ser-atacada-por-asesino-de-su-hija\/","title":{"rendered":"Cubana de 81 a\u00f1os muere tras ser atacada por asesino de su hija"},"content":{"rendered":"\n<p class=\"wp-block-paragraph\">Lenia Vald\u00e9s Amador, una cubana de 81 a\u00f1os, falleci\u00f3 el pasado 27 de agosto, cuatro d\u00edas despu\u00e9s de resultar gravemente herida a manos de la expareja de su hija.<\/p>\n\n\n\n<p class=\"wp-block-paragraph\">Seg\u00fan confirm\u00f3 en <a href=\"https:\/\/alastensas.com\/observatorio\/madre-e-hija-victimas-de-feminicidio-tras-el-mismo-ataque-en-guines\/\" target=\"_blank\" rel=\"noreferrer noopener nofollow\">un comunicado<\/a> el Observatorio de G\u00e9nero Alas Tensas (OGAT), la se\u00f1ora muri\u00f3 en el hospital donde fue operada tras el ataque sufrido la madrugada del domingo 23 de agosto en su hogar en la calle Arango, en G\u00fcines, Mayabeque.<\/p>\n\n\n\n<p class=\"wp-block-paragraph\">De acuerdo con OGAT, el agresor entr\u00f3 armado a la vivienda donde Lenia se encontraba encamada y antes de herirla gravemente, le arrebat\u00f3 la vida a su hija, la doctora <a href=\"https:\/\/www.cuballama.com\/noticias\/confirman-asesinato-de-una-doctora-en-mayabeque\/?srsltid=AfmBOoqK0hPdS0dMkxzRE6uvTXYwNAXj493cZn22_dzd_ss1Fdb2INfE\" target=\"_blank\" rel=\"noreferrer noopener\">Yanelkys Alonso Vald\u00e9s<\/a>, quien ten\u00eda 55 a\u00f1os y era especialista en Ginecolog\u00eda y Obstetricia en el Hospital Materno de G\u00fcines.\u00a0<\/p>\n\n\n\n<p class=\"wp-block-paragraph\">Durante el ataque, tambi\u00e9n sufri\u00f3 heridas un familiar que entr\u00f3 a socorrer a las v\u00edctimas.<\/p>\n\n\n\n<p class=\"wp-block-paragraph\">Tras el crimen, el agresor, identificado en redes sociales como Horlianys Vald\u00e9s, trabajador del citado centro hospitalario, intent\u00f3 quitarse la vida sin \u00e9xito, pero sobrevivi\u00f3 a las lesiones y qued\u00f3 bajo custodia de las autoridades.<\/p>\n\n\n\n<iframe loading=\"lazy\" src=\"https:\/\/www.facebook.com\/plugins\/post.php?href=https%3A%2F%2Fwww.facebook.com%2FAlasTensasCuba%2Fposts%2Fpfbid0rBrLUq9zELJEQE4j5dGr3nBKBq8bVHJ77RY1wAPhh992quT3huEZd2R8utpXPwjDl&#038;show_text=true&#038;width=500\" width=\"500\" height=\"730\" style=\"border:none;overflow:hidden\" scrolling=\"no\" frameborder=\"0\" allowfullscreen=\"true\" allow=\"autoplay; clipboard-write; encrypted-media; picture-in-picture; web-share\"><\/iframe>\n\n\n\n<p class=\"wp-block-paragraph\">El observatorio resalt\u00f3 la extrema crueldad y la misoginia evidenciadas en el violento ataque a una anciana encamada.<\/p>\n\n\n\n<p class=\"wp-block-paragraph\">OGAT lament\u00f3 especialmente las condiciones en que ha quedado el hijo de Yanelkys, que perdi\u00f3 a su madre y su abuela.<\/p>\n\n\n\n<p class=\"wp-block-paragraph\">Con este caso llegan a 48 los feminicidios contabilizados en Cuba por la plataforma feminista en lo que va de 2026.<\/p>\n\n\n\n<p class=\"wp-block-paragraph\">El registro independiente que hace OGAT incluye, adem\u00e1s, 21 intentos de feminicidio y dos hombres asesinados en hechos relacionados con violencia feminicida.<\/p>\n\n\n\n<p class=\"wp-block-paragraph\">\u201cUna mujer es atacada por su expareja, su madre anciana y con discapacidad muere tambi\u00e9n, otro familiar resulta herido y un hijo pierde de una vez a su madre y a su abuela\u201d, resumi\u00f3 Ileana \u00c1lvarez, directora de OGAT, sobre \u201cun drama terrible\u201d, que pone en evidencia que Cuba \u201csufre una crisis de cuidados y la violencia de g\u00e9nero la intensifica\u201d.<\/p>\n\n\n\n<p class=\"wp-block-paragraph\"><\/p>\n","protected":false},"excerpt":{"rendered":"<p>Lenia Vald\u00e9s Amador se convierte en la segunda v\u00edctima mortal del ataque cometido por la expareja de su hija.<\/p>\n","protected":false},"author":30,"featured_media":255684,"comment_status":"open","ping_status":"closed","sticky":false,"template":"","format":"standard","meta":{"_acf_changed":false,"footnotes":""},"categories":[18,955],"tags":[11262,22112,941,9701,5834],"class_list":["post-255683","post","type-post","status-publish","format-standard","has-post-thumbnail","category-noticias","category-noticias-de-cuba","tag-abuela-cubana","tag-cubana-asesinada","tag-destacado","tag-feminicidio","tag-violencia-domestica"],"acf":[],"yoast_head":"<!-- This site is optimized with the Yoast SEO plugin v28.3 - https:\/\/yoast.com\/product\/yoast-seo-wordpress\/ -->\n<title>Cubana de 81 a\u00f1os muere tras ser atacada por asesino de su hija - Cuballama Noticias<\/title>\n<meta name=\"description\" content=\"Un abuela cubana de 81 a\u00f1os, que se encontraba encamada, muri\u00f3 en Mayabeque tras ser atacada por el hombre que asesin\u00f3 a su hija.\" \/>\n<meta name=\"robots\" content=\"index, follow, max-snippet:-1, max-image-preview:large, max-video-preview:-1\" \/>\n<link rel=\"canonical\" href=\"https:\/\/www.cuballama.com\/noticias\/cubana-de-81-anos-muere-tras-ser-atacada-por-asesino-de-su-hija\/\" \/>\n<meta property=\"og:locale\" content=\"es_ES\" \/>\n<meta property=\"og:type\" content=\"article\" \/>\n<meta property=\"og:title\" content=\"Cubana de 81 a\u00f1os muere tras ser atacada por asesino de su hija - Cuballama Noticias\" \/>\n<meta property=\"og:description\" content=\"Un abuela cubana de 81 a\u00f1os, que se encontraba encamada, muri\u00f3 en Mayabeque tras ser atacada por el hombre que asesin\u00f3 a su hija.\" \/>\n<meta property=\"og:url\" content=\"https:\/\/www.cuballama.com\/noticias\/cubana-de-81-anos-muere-tras-ser-atacada-por-asesino-de-su-hija\/\" \/>\n<meta property=\"og:site_name\" content=\"Cuballama Noticias\" \/>\n<meta property=\"article:publisher\" content=\"https:\/\/www.facebook.com\/CubaLlama\" \/>\n<meta property=\"article:published_time\" content=\"2026-09-01T11:00:00+00:00\" \/>\n<meta property=\"og:image\" content=\"https:\/\/cdn1.mediawpaccore.net\/wp-content\/uploads\/2026\/08\/31212734\/786629867_1423214939661201_3156955699531030869_n1.jpg\" \/>\n\t<meta property=\"og:image:width\" content=\"1200\" \/>\n\t<meta property=\"og:image:height\" content=\"630\" \/>\n\t<meta property=\"og:image:type\" content=\"image\/jpeg\" \/>\n<meta name=\"author\" content=\"Kathy\" \/>\n<meta name=\"twitter:card\" content=\"summary_large_image\" \/>\n<meta name=\"twitter:creator\" content=\"@cuballama\" \/>\n<meta name=\"twitter:site\" content=\"@cuballama\" \/>\n<meta name=\"twitter:label1\" content=\"Escrito por\" \/>\n\t<meta name=\"twitter:data1\" content=\"Kathy\" \/>\n\t<meta name=\"twitter:label2\" content=\"Tiempo de lectura\" \/>\n\t<meta name=\"twitter:data2\" content=\"2 minutos\" \/>\n<script type=\"application\/ld+json\" class=\"yoast-schema-graph\">{\"@context\":\"https:\\\/\\\/schema.org\",\"@graph\":[{\"@type\":\"Article\",\"@id\":\"https:\\\/\\\/www.cuballama.com\\\/noticias\\\/cubana-de-81-anos-muere-tras-ser-atacada-por-asesino-de-su-hija\\\/#article\",\"isPartOf\":{\"@id\":\"https:\\\/\\\/www.cuballama.com\\\/noticias\\\/cubana-de-81-anos-muere-tras-ser-atacada-por-asesino-de-su-hija\\\/\"},\"author\":{\"name\":\"Kathy\",\"@id\":\"https:\\\/\\\/www.cuballama.com\\\/noticias\\\/#\\\/schema\\\/person\\\/86cd3e3f4974437f031211213bf892d5\"},\"headline\":\"Cubana de 81 a\u00f1os muere tras ser atacada por asesino de su hija\",\"datePublished\":\"2026-09-01T11:00:00+00:00\",\"mainEntityOfPage\":{\"@id\":\"https:\\\/\\\/www.cuballama.com\\\/noticias\\\/cubana-de-81-anos-muere-tras-ser-atacada-por-asesino-de-su-hija\\\/\"},\"wordCount\":339,\"commentCount\":0,\"publisher\":{\"@id\":\"https:\\\/\\\/www.cuballama.com\\\/noticias\\\/#organization\"},\"image\":{\"@id\":\"https:\\\/\\\/www.cuballama.com\\\/noticias\\\/cubana-de-81-anos-muere-tras-ser-atacada-por-asesino-de-su-hija\\\/#primaryimage\"},\"thumbnailUrl\":\"https:\\\/\\\/cdn1.mediawpaccore.net\\\/wp-content\\\/uploads\\\/2026\\\/08\\\/31212734\\\/786629867_1423214939661201_3156955699531030869_n1.jpg\",\"keywords\":[\"abuela cubana\",\"cubana asesinada\",\"destacado\",\"feminicidio\",\"violencia dom\u00e9stica\"],\"articleSection\":[\"Noticias\",\"Noticias de Cuba\"],\"inLanguage\":\"es\",\"potentialAction\":[{\"@type\":\"CommentAction\",\"name\":\"Comment\",\"target\":[\"https:\\\/\\\/www.cuballama.com\\\/noticias\\\/cubana-de-81-anos-muere-tras-ser-atacada-por-asesino-de-su-hija\\\/#respond\"]}]},{\"@type\":\"WebPage\",\"@id\":\"https:\\\/\\\/www.cuballama.com\\\/noticias\\\/cubana-de-81-anos-muere-tras-ser-atacada-por-asesino-de-su-hija\\\/\",\"url\":\"https:\\\/\\\/www.cuballama.com\\\/noticias\\\/cubana-de-81-anos-muere-tras-ser-atacada-por-asesino-de-su-hija\\\/\",\"name\":\"Cubana de 81 a\u00f1os muere tras ser atacada por asesino de su hija - Cuballama Noticias\",\"isPartOf\":{\"@id\":\"https:\\\/\\\/www.cuballama.com\\\/noticias\\\/#website\"},\"primaryImageOfPage\":{\"@id\":\"https:\\\/\\\/www.cuballama.com\\\/noticias\\\/cubana-de-81-anos-muere-tras-ser-atacada-por-asesino-de-su-hija\\\/#primaryimage\"},\"image\":{\"@id\":\"https:\\\/\\\/www.cuballama.com\\\/noticias\\\/cubana-de-81-anos-muere-tras-ser-atacada-por-asesino-de-su-hija\\\/#primaryimage\"},\"thumbnailUrl\":\"https:\\\/\\\/cdn1.mediawpaccore.net\\\/wp-content\\\/uploads\\\/2026\\\/08\\\/31212734\\\/786629867_1423214939661201_3156955699531030869_n1.jpg\",\"datePublished\":\"2026-09-01T11:00:00+00:00\",\"description\":\"Un abuela cubana de 81 a\u00f1os, que se encontraba encamada, muri\u00f3 en Mayabeque tras ser atacada por el hombre que asesin\u00f3 a su hija.\",\"breadcrumb\":{\"@id\":\"https:\\\/\\\/www.cuballama.com\\\/noticias\\\/cubana-de-81-anos-muere-tras-ser-atacada-por-asesino-de-su-hija\\\/#breadcrumb\"},\"inLanguage\":\"es\",\"potentialAction\":[{\"@type\":\"ReadAction\",\"target\":[\"https:\\\/\\\/www.cuballama.com\\\/noticias\\\/cubana-de-81-anos-muere-tras-ser-atacada-por-asesino-de-su-hija\\\/\"]}]},{\"@type\":\"ImageObject\",\"inLanguage\":\"es\",\"@id\":\"https:\\\/\\\/www.cuballama.com\\\/noticias\\\/cubana-de-81-anos-muere-tras-ser-atacada-por-asesino-de-su-hija\\\/#primaryimage\",\"url\":\"https:\\\/\\\/cdn1.mediawpaccore.net\\\/wp-content\\\/uploads\\\/2026\\\/08\\\/31212734\\\/786629867_1423214939661201_3156955699531030869_n1.jpg\",\"contentUrl\":\"https:\\\/\\\/cdn1.mediawpaccore.net\\\/wp-content\\\/uploads\\\/2026\\\/08\\\/31212734\\\/786629867_1423214939661201_3156955699531030869_n1.jpg\",\"width\":1200,\"height\":630,\"caption\":\"Yanelkys Alonso Vald\u00e9s. Foto: Facebook.\"},{\"@type\":\"BreadcrumbList\",\"@id\":\"https:\\\/\\\/www.cuballama.com\\\/noticias\\\/cubana-de-81-anos-muere-tras-ser-atacada-por-asesino-de-su-hija\\\/#breadcrumb\",\"itemListElement\":[{\"@type\":\"ListItem\",\"position\":1,\"name\":\"Home\",\"item\":\"https:\\\/\\\/www.cuballama.com\\\/noticias\\\/\"},{\"@type\":\"ListItem\",\"position\":2,\"name\":\"Cubana de 81 a\u00f1os muere tras ser atacada por asesino de su hija\"}]},{\"@type\":\"WebSite\",\"@id\":\"https:\\\/\\\/www.cuballama.com\\\/noticias\\\/#website\",\"url\":\"https:\\\/\\\/www.cuballama.com\\\/noticias\\\/\",\"name\":\"Cuballama Noticias\",\"description\":\"Medio digital sobre Cuba y el mundo\",\"publisher\":{\"@id\":\"https:\\\/\\\/www.cuballama.com\\\/noticias\\\/#organization\"},\"potentialAction\":[{\"@type\":\"SearchAction\",\"target\":{\"@type\":\"EntryPoint\",\"urlTemplate\":\"https:\\\/\\\/www.cuballama.com\\\/noticias\\\/?s={search_term_string}\"},\"query-input\":{\"@type\":\"PropertyValueSpecification\",\"valueRequired\":true,\"valueName\":\"search_term_string\"}}],\"inLanguage\":\"es\"},{\"@type\":\"Organization\",\"@id\":\"https:\\\/\\\/www.cuballama.com\\\/noticias\\\/#organization\",\"name\":\"Cuballama\",\"url\":\"https:\\\/\\\/www.cuballama.com\\\/noticias\\\/\",\"logo\":{\"@type\":\"ImageObject\",\"inLanguage\":\"es\",\"@id\":\"https:\\\/\\\/www.cuballama.com\\\/noticias\\\/#\\\/schema\\\/logo\\\/image\\\/\",\"url\":\"https:\\\/\\\/cdn1.mediawpaccore.net\\\/wp-content\\\/uploads\\\/2021\\\/12\\\/28171206\\\/cbll-logo-color-sm.png\",\"contentUrl\":\"https:\\\/\\\/cdn1.mediawpaccore.net\\\/wp-content\\\/uploads\\\/2021\\\/12\\\/28171206\\\/cbll-logo-color-sm.png\",\"width\":600,\"height\":133,\"caption\":\"Cuballama\"},\"image\":{\"@id\":\"https:\\\/\\\/www.cuballama.com\\\/noticias\\\/#\\\/schema\\\/logo\\\/image\\\/\"},\"sameAs\":[\"https:\\\/\\\/www.facebook.com\\\/CubaLlama\",\"https:\\\/\\\/x.com\\\/cuballama\",\"https:\\\/\\\/www.instagram.com\\\/stories\\\/cuballama_oficial\\\/\",\"https:\\\/\\\/www.youtube.com\\\/channel\\\/UCKkFE-d_axENGZcrc4as0IA\"]},{\"@type\":\"Person\",\"@id\":\"https:\\\/\\\/www.cuballama.com\\\/noticias\\\/#\\\/schema\\\/person\\\/86cd3e3f4974437f031211213bf892d5\",\"name\":\"Kathy\",\"url\":\"https:\\\/\\\/www.cuballama.com\\\/noticias\\\/author\\\/kathy\\\/\"}]}<\/script>\n<!-- \/ Yoast SEO plugin. -->","yoast_head_json":{"title":"Cubana de 81 a\u00f1os muere tras ser atacada por asesino de su hija - Cuballama Noticias","description":"Un abuela cubana de 81 a\u00f1os, que se encontraba encamada, muri\u00f3 en Mayabeque tras ser atacada por el hombre que asesin\u00f3 a su hija.","robots":{"index":"index","follow":"follow","max-snippet":"max-snippet:-1","max-image-preview":"max-image-preview:large","max-video-preview":"max-video-preview:-1"},"canonical":"https:\/\/www.cuballama.com\/noticias\/cubana-de-81-anos-muere-tras-ser-atacada-por-asesino-de-su-hija\/","og_locale":"es_ES","og_type":"article","og_title":"Cubana de 81 a\u00f1os muere tras ser atacada por asesino de su hija - Cuballama Noticias","og_description":"Un abuela cubana de 81 a\u00f1os, que se encontraba encamada, muri\u00f3 en Mayabeque tras ser atacada por el hombre que asesin\u00f3 a su hija.","og_url":"https:\/\/www.cuballama.com\/noticias\/cubana-de-81-anos-muere-tras-ser-atacada-por-asesino-de-su-hija\/","og_site_name":"Cuballama Noticias","article_publisher":"https:\/\/www.facebook.com\/CubaLlama","article_published_time":"2026-09-01T11:00:00+00:00","og_image":[{"width":1200,"height":630,"url":"https:\/\/cdn1.mediawpaccore.net\/wp-content\/uploads\/2026\/08\/31212734\/786629867_1423214939661201_3156955699531030869_n1.jpg","type":"image\/jpeg"}],"author":"Kathy","twitter_card":"summary_large_image","twitter_creator":"@cuballama","twitter_site":"@cuballama","twitter_misc":{"Escrito por":"Kathy","Tiempo de lectura":"2 minutos"},"schema":{"@context":"https:\/\/schema.org","@graph":[{"@type":"Article","@id":"https:\/\/www.cuballama.com\/noticias\/cubana-de-81-anos-muere-tras-ser-atacada-por-asesino-de-su-hija\/#article","isPartOf":{"@id":"https:\/\/www.cuballama.com\/noticias\/cubana-de-81-anos-muere-tras-ser-atacada-por-asesino-de-su-hija\/"},"author":{"name":"Kathy","@id":"https:\/\/www.cuballama.com\/noticias\/#\/schema\/person\/86cd3e3f4974437f031211213bf892d5"},"headline":"Cubana de 81 a\u00f1os muere tras ser atacada por asesino de su hija","datePublished":"2026-09-01T11:00:00+00:00","mainEntityOfPage":{"@id":"https:\/\/www.cuballama.com\/noticias\/cubana-de-81-anos-muere-tras-ser-atacada-por-asesino-de-su-hija\/"},"wordCount":339,"commentCount":0,"publisher":{"@id":"https:\/\/www.cuballama.com\/noticias\/#organization"},"image":{"@id":"https:\/\/www.cuballama.com\/noticias\/cubana-de-81-anos-muere-tras-ser-atacada-por-asesino-de-su-hija\/#primaryimage"},"thumbnailUrl":"https:\/\/cdn1.mediawpaccore.net\/wp-content\/uploads\/2026\/08\/31212734\/786629867_1423214939661201_3156955699531030869_n1.jpg","keywords":["abuela cubana","cubana asesinada","destacado","feminicidio","violencia dom\u00e9stica"],"articleSection":["Noticias","Noticias de Cuba"],"inLanguage":"es","potentialAction":[{"@type":"CommentAction","name":"Comment","target":["https:\/\/www.cuballama.com\/noticias\/cubana-de-81-anos-muere-tras-ser-atacada-por-asesino-de-su-hija\/#respond"]}]},{"@type":"WebPage","@id":"https:\/\/www.cuballama.com\/noticias\/cubana-de-81-anos-muere-tras-ser-atacada-por-asesino-de-su-hija\/","url":"https:\/\/www.cuballama.com\/noticias\/cubana-de-81-anos-muere-tras-ser-atacada-por-asesino-de-su-hija\/","name":"Cubana de 81 a\u00f1os muere tras ser atacada por asesino de su hija - Cuballama Noticias","isPartOf":{"@id":"https:\/\/www.cuballama.com\/noticias\/#website"},"primaryImageOfPage":{"@id":"https:\/\/www.cuballama.com\/noticias\/cubana-de-81-anos-muere-tras-ser-atacada-por-asesino-de-su-hija\/#primaryimage"},"image":{"@id":"https:\/\/www.cuballama.com\/noticias\/cubana-de-81-anos-muere-tras-ser-atacada-por-asesino-de-su-hija\/#primaryimage"},"thumbnailUrl":"https:\/\/cdn1.mediawpaccore.net\/wp-content\/uploads\/2026\/08\/31212734\/786629867_1423214939661201_3156955699531030869_n1.jpg","datePublished":"2026-09-01T11:00:00+00:00","description":"Un abuela cubana de 81 a\u00f1os, que se encontraba encamada, muri\u00f3 en Mayabeque tras ser atacada por el hombre que asesin\u00f3 a su hija.","breadcrumb":{"@id":"https:\/\/www.cuballama.com\/noticias\/cubana-de-81-anos-muere-tras-ser-atacada-por-asesino-de-su-hija\/#breadcrumb"},"inLanguage":"es","potentialAction":[{"@type":"ReadAction","target":["https:\/\/www.cuballama.com\/noticias\/cubana-de-81-anos-muere-tras-ser-atacada-por-asesino-de-su-hija\/"]}]},{"@type":"ImageObject","inLanguage":"es","@id":"https:\/\/www.cuballama.com\/noticias\/cubana-de-81-anos-muere-tras-ser-atacada-por-asesino-de-su-hija\/#primaryimage","url":"https:\/\/cdn1.mediawpaccore.net\/wp-content\/uploads\/2026\/08\/31212734\/786629867_1423214939661201_3156955699531030869_n1.jpg","contentUrl":"https:\/\/cdn1.mediawpaccore.net\/wp-content\/uploads\/2026\/08\/31212734\/786629867_1423214939661201_3156955699531030869_n1.jpg","width":1200,"height":630,"caption":"Yanelkys Alonso Vald\u00e9s. Foto: Facebook."},{"@type":"BreadcrumbList","@id":"https:\/\/www.cuballama.com\/noticias\/cubana-de-81-anos-muere-tras-ser-atacada-por-asesino-de-su-hija\/#breadcrumb","itemListElement":[{"@type":"ListItem","position":1,"name":"Home","item":"https:\/\/www.cuballama.com\/noticias\/"},{"@type":"ListItem","position":2,"name":"Cubana de 81 a\u00f1os muere tras ser atacada por asesino de su hija"}]},{"@type":"WebSite","@id":"https:\/\/www.cuballama.com\/noticias\/#website","url":"https:\/\/www.cuballama.com\/noticias\/","name":"Cuballama Noticias","description":"Medio digital sobre Cuba y el mundo","publisher":{"@id":"https:\/\/www.cuballama.com\/noticias\/#organization"},"potentialAction":[{"@type":"SearchAction","target":{"@type":"EntryPoint","urlTemplate":"https:\/\/www.cuballama.com\/noticias\/?s={search_term_string}"},"query-input":{"@type":"PropertyValueSpecification","valueRequired":true,"valueName":"search_term_string"}}],"inLanguage":"es"},{"@type":"Organization","@id":"https:\/\/www.cuballama.com\/noticias\/#organization","name":"Cuballama","url":"https:\/\/www.cuballama.com\/noticias\/","logo":{"@type":"ImageObject","inLanguage":"es","@id":"https:\/\/www.cuballama.com\/noticias\/#\/schema\/logo\/image\/","url":"https:\/\/cdn1.mediawpaccore.net\/wp-content\/uploads\/2021\/12\/28171206\/cbll-logo-color-sm.png","contentUrl":"https:\/\/cdn1.mediawpaccore.net\/wp-content\/uploads\/2021\/12\/28171206\/cbll-logo-color-sm.png","width":600,"height":133,"caption":"Cuballama"},"image":{"@id":"https:\/\/www.cuballama.com\/noticias\/#\/schema\/logo\/image\/"},"sameAs":["https:\/\/www.facebook.com\/CubaLlama","https:\/\/x.com\/cuballama","https:\/\/www.instagram.com\/stories\/cuballama_oficial\/","https:\/\/www.youtube.com\/channel\/UCKkFE-d_axENGZcrc4as0IA"]},{"@type":"Person","@id":"https:\/\/www.cuballama.com\/noticias\/#\/schema\/person\/86cd3e3f4974437f031211213bf892d5","name":"Kathy","url":"https:\/\/www.cuballama.com\/noticias\/author\/kathy\/"}]}},"_links":{"self":[{"href":"https:\/\/www.cuballama.com\/noticias\/wp-json\/wp\/v2\/posts\/255683","targetHints":{"allow":["GET"]}}],"collection":[{"href":"https:\/\/www.cuballama.com\/noticias\/wp-json\/wp\/v2\/posts"}],"about":[{"href":"https:\/\/www.cuballama.com\/noticias\/wp-json\/wp\/v2\/types\/post"}],"author":[{"embeddable":true,"href":"https:\/\/www.cuballama.com\/noticias\/wp-json\/wp\/v2\/users\/30"}],"replies":[{"embeddable":true,"href":"https:\/\/www.cuballama.com\/noticias\/wp-json\/wp\/v2\/comments?post=255683"}],"version-history":[{"count":3,"href":"https:\/\/www.cuballama.com\/noticias\/wp-json\/wp\/v2\/posts\/255683\/revisions"}],"predecessor-version":[{"id":255692,"href":"https:\/\/www.cuballama.com\/noticias\/wp-json\/wp\/v2\/posts\/255683\/revisions\/255692"}],"wp:featuredmedia":[{"embeddable":true,"href":"https:\/\/www.cuballama.com\/noticias\/wp-json\/wp\/v2\/media\/255684"}],"wp:attachment":[{"href":"https:\/\/www.cuballama.com\/noticias\/wp-json\/wp\/v2\/media?parent=255683"}],"wp:term":[{"taxonomy":"category","embeddable":true,"href":"https:\/\/www.cuballama.com\/noticias\/wp-json\/wp\/v2\/categories?post=255683"},{"taxonomy":"post_tag","embeddable":true,"href":"https:\/\/www.cuballama.com\/noticias\/wp-json\/wp\/v2\/tags?post=255683"}],"curies":[{"name":"wp","href":"https:\/\/api.w.org\/{rel}","templated":true}]}}