{"id":255680,"date":"2026-09-01T13:29:00","date_gmt":"2026-09-01T17:29:00","guid":{"rendered":"https:\/\/www.cuballama.com\/noticias\/?p=255680"},"modified":"2026-09-01T13:49:21","modified_gmt":"2026-09-01T17:49:21","slug":"mike-hammer-se-reune-con-marco-rubio-para-abordar-la-situacion-en-cuba","status":"publish","type":"post","link":"https:\/\/www.cuballama.com\/noticias\/mike-hammer-se-reune-con-marco-rubio-para-abordar-la-situacion-en-cuba\/","title":{"rendered":"Mike Hammer se re\u00fane con Marco Rubio para abordar la situaci\u00f3n en Cuba"},"content":{"rendered":"\n<p class=\"wp-block-paragraph\">El jefe de Misi\u00f3n de los Estados Unidos en Cuba, Mike Hammer, se reuni\u00f3 este lunes 31 de agosto con el secretario de Estado, Marco Rubio, para informarle sobre la situaci\u00f3n actual en la isla.<\/p>\n\n\n\n<p class=\"wp-block-paragraph\">Seg\u00fan inform\u00f3 la Embajada de los Estados Unidos en Cuba, el encuentro sirvi\u00f3 tambi\u00e9n para abordar el modo en que Washington est\u00e1 tratando de canalizar 100 millones de d\u00f3lares en ayuda humanitaria a trav\u00e9s de Caritas y otras organizaciones consideradas confiables.<\/p>\n\n\n\n<p class=\"wp-block-paragraph\">\u201cEl jefe de la Misi\u00f3n Mike Hammer se reuni\u00f3 con el secretario Rubio para informarle sobre la situaci\u00f3n actual en Cuba y nuestros esfuerzos para entregar 100 millones de d\u00f3lares en asistencia humanitaria a trav\u00e9s de Caritas y otras organizaciones confiables\u201d, public\u00f3 la representaci\u00f3n diplom\u00e1tica en redes.<\/p>\n\n\n\n<p class=\"wp-block-paragraph\">Seg\u00fan indic\u00f3 la Embajada en un post acompa\u00f1ado por la etiqueta #WithCubanPeopleStanding, un eslogan que ha distinguido a la misi\u00f3n de Hammer en la isla, durante la reuni\u00f3n tambi\u00e9n se habl\u00f3 del apoyo de Estados Unidos \u201ca las aspiraciones del pueblo cubano de vivir en libertad y con dignidad\u201d.<\/p>\n\n\n\n<blockquote class=\"twitter-tweet\"><p lang=\"en\" dir=\"ltr\">.<a href=\"https:\/\/x.com\/USEmbCuba?ref_src=twsrc%5Etfw\">@USEmbCuba<\/a> Chief of Mission Mike Hammer met with <a href=\"https:\/\/x.com\/SecRubio?ref_src=twsrc%5Etfw\">@SecRubio<\/a> and provided an update on the current situation in Cuba as well as our efforts to deliver USD 100 million in humanitarian assistance through Caritas and continuing support for the aspirations of the Cuban people to live\u2026 <a href=\"https:\/\/t.co\/HyQYF3QITh\">pic.twitter.com\/HyQYF3QITh<\/a><\/p>&mdash; Embajada de los Estados Unidos en Cuba (@USEmbCuba) <a href=\"https:\/\/x.com\/USEmbCuba\/status\/2094532827719069878?ref_src=twsrc%5Etfw\">August 31, 2026<\/a><\/blockquote> <script async src=\"https:\/\/platform.x.com\/widgets.js\" charset=\"utf-8\"><\/script>\n\n\n\n<p class=\"wp-block-paragraph\">La reuni\u00f3n se da en medio de la tensi\u00f3n entre ambos pa\u00edses y con el di\u00e1logo bilateral se encuentra estancado, mientras el gobierno de Donald Trump est\u00e1 ahogando al pa\u00eds con un bloqueo petrolero y sanciones econ\u00f3micas.<\/p>\n\n\n\n<p class=\"wp-block-paragraph\">El pasado 8 de mayo Rubio anunci\u00f3 que Washington hab\u00eda ofrecido a la isla 100 millones de ayuda cantidad en asistencia humanitaria al pueblo cubano, aunque el Gobierno de La Habana no hab\u00eda aceptado su distribuci\u00f3n hasta ese momento.<\/p>\n\n\n\n<p class=\"wp-block-paragraph\">Se trata de un tercer paquete de ayuda estadounidense a la isla, tras los dos primeros \u2014valorados en tres y seis millones de d\u00f3lares\u2014 destinados a damnificados por el hurac\u00e1n Melissa en el oriente cubano.&nbsp;<\/p>\n\n\n\n<p class=\"wp-block-paragraph\">El canciller Bruno Rodr\u00edguez neg\u00f3 entonces que La Habana hubiera recibido la propuesta y la defini\u00f3 como una \u201cmentira de 100 millones de d\u00f3lares\u201d.<\/p>\n\n\n\n<p class=\"wp-block-paragraph\">Por su parte, la Administraci\u00f3n Trump ha insistido en que dicha asistencia debe beneficiar directamente a la poblaci\u00f3n La Habana, que no se opone a la ayuda \u201csiempre que beneficie al pueblo y no se utilicen sus necesidades para lucrar pol\u00edticamente\u201d.<\/p>\n","protected":false},"excerpt":{"rendered":"<p>Durante la reuni\u00f3n tambi\u00e9n se habl\u00f3 del apoyo de Estados Unidos \u201ca las aspiraciones del pueblo cubano de vivir en libertad y con dignidad\u201d.<\/p>\n","protected":false},"author":30,"featured_media":255682,"comment_status":"open","ping_status":"closed","sticky":false,"template":"","format":"standard","meta":{"_acf_changed":false,"footnotes":""},"categories":[18,955],"tags":[10867,941,1212,23162,31165,21991,11017],"class_list":["post-255680","post","type-post","status-publish","format-standard","has-post-thumbnail","category-noticias","category-noticias-de-cuba","tag-crisis-en-cuba","tag-destacado","tag-marco-rubio","tag-mike-hammer","tag-relaciones-cuba-estados-unidos-5","tag-secretario-de-estado","tag-superdestacado"],"acf":[],"yoast_head":"<!-- This site is optimized with the Yoast SEO plugin v28.3 - https:\/\/yoast.com\/product\/yoast-seo-wordpress\/ -->\n<title>Mike Hammer se re\u00fane con Marco Rubio para abordar la situaci\u00f3n en Cuba - Cuballama Noticias<\/title>\n<meta name=\"description\" content=\"El jefe de Misi\u00f3n de los Estados Unidos en Cuba, Mike Hammer, se reuni\u00f3 este lunes 31 de agosto con el secretario de Estado, Marco Rubio.\" \/>\n<meta name=\"robots\" content=\"index, follow, max-snippet:-1, max-image-preview:large, max-video-preview:-1\" \/>\n<link rel=\"canonical\" href=\"https:\/\/www.cuballama.com\/noticias\/mike-hammer-se-reune-con-marco-rubio-para-abordar-la-situacion-en-cuba\/\" \/>\n<meta property=\"og:locale\" content=\"es_ES\" \/>\n<meta property=\"og:type\" content=\"article\" \/>\n<meta property=\"og:title\" content=\"Mike Hammer se re\u00fane con Marco Rubio para abordar la situaci\u00f3n en Cuba - Cuballama Noticias\" \/>\n<meta property=\"og:description\" content=\"El jefe de Misi\u00f3n de los Estados Unidos en Cuba, Mike Hammer, se reuni\u00f3 este lunes 31 de agosto con el secretario de Estado, Marco Rubio.\" \/>\n<meta property=\"og:url\" content=\"https:\/\/www.cuballama.com\/noticias\/mike-hammer-se-reune-con-marco-rubio-para-abordar-la-situacion-en-cuba\/\" \/>\n<meta property=\"og:site_name\" content=\"Cuballama Noticias\" \/>\n<meta property=\"article:publisher\" content=\"https:\/\/www.facebook.com\/CubaLlama\" \/>\n<meta property=\"article:published_time\" content=\"2026-09-01T17:29:00+00:00\" \/>\n<meta property=\"article:modified_time\" content=\"2026-09-01T17:49:21+00:00\" \/>\n<meta property=\"og:image\" content=\"https:\/\/cdn1.mediawpaccore.net\/wp-content\/uploads\/2026\/08\/31182603\/790412058_28453033381001141_3503819727851071587_n2.jpg\" \/>\n\t<meta property=\"og:image:width\" content=\"1200\" \/>\n\t<meta property=\"og:image:height\" content=\"630\" \/>\n\t<meta property=\"og:image:type\" content=\"image\/jpeg\" \/>\n<meta name=\"author\" content=\"Kathy\" \/>\n<meta name=\"twitter:card\" content=\"summary_large_image\" \/>\n<meta name=\"twitter:creator\" content=\"@cuballama\" \/>\n<meta name=\"twitter:site\" content=\"@cuballama\" \/>\n<meta name=\"twitter:label1\" content=\"Escrito por\" \/>\n\t<meta name=\"twitter:data1\" content=\"Kathy\" \/>\n\t<meta name=\"twitter:label2\" content=\"Tiempo de lectura\" \/>\n\t<meta name=\"twitter:data2\" content=\"2 minutos\" \/>\n<script type=\"application\/ld+json\" class=\"yoast-schema-graph\">{\"@context\":\"https:\\\/\\\/schema.org\",\"@graph\":[{\"@type\":\"Article\",\"@id\":\"https:\\\/\\\/www.cuballama.com\\\/noticias\\\/mike-hammer-se-reune-con-marco-rubio-para-abordar-la-situacion-en-cuba\\\/#article\",\"isPartOf\":{\"@id\":\"https:\\\/\\\/www.cuballama.com\\\/noticias\\\/mike-hammer-se-reune-con-marco-rubio-para-abordar-la-situacion-en-cuba\\\/\"},\"author\":{\"name\":\"Kathy\",\"@id\":\"https:\\\/\\\/www.cuballama.com\\\/noticias\\\/#\\\/schema\\\/person\\\/86cd3e3f4974437f031211213bf892d5\"},\"headline\":\"Mike Hammer se re\u00fane con Marco Rubio para abordar la situaci\u00f3n en Cuba\",\"datePublished\":\"2026-09-01T17:29:00+00:00\",\"dateModified\":\"2026-09-01T17:49:21+00:00\",\"mainEntityOfPage\":{\"@id\":\"https:\\\/\\\/www.cuballama.com\\\/noticias\\\/mike-hammer-se-reune-con-marco-rubio-para-abordar-la-situacion-en-cuba\\\/\"},\"wordCount\":451,\"commentCount\":0,\"publisher\":{\"@id\":\"https:\\\/\\\/www.cuballama.com\\\/noticias\\\/#organization\"},\"image\":{\"@id\":\"https:\\\/\\\/www.cuballama.com\\\/noticias\\\/mike-hammer-se-reune-con-marco-rubio-para-abordar-la-situacion-en-cuba\\\/#primaryimage\"},\"thumbnailUrl\":\"https:\\\/\\\/cdn1.mediawpaccore.net\\\/wp-content\\\/uploads\\\/2026\\\/08\\\/31182603\\\/790412058_28453033381001141_3503819727851071587_n2.jpg\",\"keywords\":[\"Crisis en Cuba\",\"destacado\",\"Marco Rubio\",\"Mike Hammer\",\"relaciones Cuba - Estados Unidos\",\"Secretario de Estado\",\"superdestacado\"],\"articleSection\":[\"Noticias\",\"Noticias de Cuba\"],\"inLanguage\":\"es\",\"potentialAction\":[{\"@type\":\"CommentAction\",\"name\":\"Comment\",\"target\":[\"https:\\\/\\\/www.cuballama.com\\\/noticias\\\/mike-hammer-se-reune-con-marco-rubio-para-abordar-la-situacion-en-cuba\\\/#respond\"]}]},{\"@type\":\"WebPage\",\"@id\":\"https:\\\/\\\/www.cuballama.com\\\/noticias\\\/mike-hammer-se-reune-con-marco-rubio-para-abordar-la-situacion-en-cuba\\\/\",\"url\":\"https:\\\/\\\/www.cuballama.com\\\/noticias\\\/mike-hammer-se-reune-con-marco-rubio-para-abordar-la-situacion-en-cuba\\\/\",\"name\":\"Mike Hammer se re\u00fane con Marco Rubio para abordar la situaci\u00f3n en Cuba - Cuballama Noticias\",\"isPartOf\":{\"@id\":\"https:\\\/\\\/www.cuballama.com\\\/noticias\\\/#website\"},\"primaryImageOfPage\":{\"@id\":\"https:\\\/\\\/www.cuballama.com\\\/noticias\\\/mike-hammer-se-reune-con-marco-rubio-para-abordar-la-situacion-en-cuba\\\/#primaryimage\"},\"image\":{\"@id\":\"https:\\\/\\\/www.cuballama.com\\\/noticias\\\/mike-hammer-se-reune-con-marco-rubio-para-abordar-la-situacion-en-cuba\\\/#primaryimage\"},\"thumbnailUrl\":\"https:\\\/\\\/cdn1.mediawpaccore.net\\\/wp-content\\\/uploads\\\/2026\\\/08\\\/31182603\\\/790412058_28453033381001141_3503819727851071587_n2.jpg\",\"datePublished\":\"2026-09-01T17:29:00+00:00\",\"dateModified\":\"2026-09-01T17:49:21+00:00\",\"description\":\"El jefe de Misi\u00f3n de los Estados Unidos en Cuba, Mike Hammer, se reuni\u00f3 este lunes 31 de agosto con el secretario de Estado, Marco Rubio.\",\"breadcrumb\":{\"@id\":\"https:\\\/\\\/www.cuballama.com\\\/noticias\\\/mike-hammer-se-reune-con-marco-rubio-para-abordar-la-situacion-en-cuba\\\/#breadcrumb\"},\"inLanguage\":\"es\",\"potentialAction\":[{\"@type\":\"ReadAction\",\"target\":[\"https:\\\/\\\/www.cuballama.com\\\/noticias\\\/mike-hammer-se-reune-con-marco-rubio-para-abordar-la-situacion-en-cuba\\\/\"]}]},{\"@type\":\"ImageObject\",\"inLanguage\":\"es\",\"@id\":\"https:\\\/\\\/www.cuballama.com\\\/noticias\\\/mike-hammer-se-reune-con-marco-rubio-para-abordar-la-situacion-en-cuba\\\/#primaryimage\",\"url\":\"https:\\\/\\\/cdn1.mediawpaccore.net\\\/wp-content\\\/uploads\\\/2026\\\/08\\\/31182603\\\/790412058_28453033381001141_3503819727851071587_n2.jpg\",\"contentUrl\":\"https:\\\/\\\/cdn1.mediawpaccore.net\\\/wp-content\\\/uploads\\\/2026\\\/08\\\/31182603\\\/790412058_28453033381001141_3503819727851071587_n2.jpg\",\"width\":1200,\"height\":630,\"caption\":\"Reuni\u00f3n entre Mike Hammer y Marco Rubio, el 31 de agosto de 2026. Foto: Facebook\\\/Embajada de los Estados Unidos en Cuba.\"},{\"@type\":\"BreadcrumbList\",\"@id\":\"https:\\\/\\\/www.cuballama.com\\\/noticias\\\/mike-hammer-se-reune-con-marco-rubio-para-abordar-la-situacion-en-cuba\\\/#breadcrumb\",\"itemListElement\":[{\"@type\":\"ListItem\",\"position\":1,\"name\":\"Home\",\"item\":\"https:\\\/\\\/www.cuballama.com\\\/noticias\\\/\"},{\"@type\":\"ListItem\",\"position\":2,\"name\":\"Mike Hammer se re\u00fane con Marco Rubio para abordar la situaci\u00f3n en Cuba\"}]},{\"@type\":\"WebSite\",\"@id\":\"https:\\\/\\\/www.cuballama.com\\\/noticias\\\/#website\",\"url\":\"https:\\\/\\\/www.cuballama.com\\\/noticias\\\/\",\"name\":\"Cuballama Noticias\",\"description\":\"Medio digital sobre Cuba y el mundo\",\"publisher\":{\"@id\":\"https:\\\/\\\/www.cuballama.com\\\/noticias\\\/#organization\"},\"potentialAction\":[{\"@type\":\"SearchAction\",\"target\":{\"@type\":\"EntryPoint\",\"urlTemplate\":\"https:\\\/\\\/www.cuballama.com\\\/noticias\\\/?s={search_term_string}\"},\"query-input\":{\"@type\":\"PropertyValueSpecification\",\"valueRequired\":true,\"valueName\":\"search_term_string\"}}],\"inLanguage\":\"es\"},{\"@type\":\"Organization\",\"@id\":\"https:\\\/\\\/www.cuballama.com\\\/noticias\\\/#organization\",\"name\":\"Cuballama\",\"url\":\"https:\\\/\\\/www.cuballama.com\\\/noticias\\\/\",\"logo\":{\"@type\":\"ImageObject\",\"inLanguage\":\"es\",\"@id\":\"https:\\\/\\\/www.cuballama.com\\\/noticias\\\/#\\\/schema\\\/logo\\\/image\\\/\",\"url\":\"https:\\\/\\\/cdn1.mediawpaccore.net\\\/wp-content\\\/uploads\\\/2021\\\/12\\\/28171206\\\/cbll-logo-color-sm.png\",\"contentUrl\":\"https:\\\/\\\/cdn1.mediawpaccore.net\\\/wp-content\\\/uploads\\\/2021\\\/12\\\/28171206\\\/cbll-logo-color-sm.png\",\"width\":600,\"height\":133,\"caption\":\"Cuballama\"},\"image\":{\"@id\":\"https:\\\/\\\/www.cuballama.com\\\/noticias\\\/#\\\/schema\\\/logo\\\/image\\\/\"},\"sameAs\":[\"https:\\\/\\\/www.facebook.com\\\/CubaLlama\",\"https:\\\/\\\/x.com\\\/cuballama\",\"https:\\\/\\\/www.instagram.com\\\/stories\\\/cuballama_oficial\\\/\",\"https:\\\/\\\/www.youtube.com\\\/channel\\\/UCKkFE-d_axENGZcrc4as0IA\"]},{\"@type\":\"Person\",\"@id\":\"https:\\\/\\\/www.cuballama.com\\\/noticias\\\/#\\\/schema\\\/person\\\/86cd3e3f4974437f031211213bf892d5\",\"name\":\"Kathy\",\"url\":\"https:\\\/\\\/www.cuballama.com\\\/noticias\\\/author\\\/kathy\\\/\"}]}<\/script>\n<!-- \/ Yoast SEO plugin. -->","yoast_head_json":{"title":"Mike Hammer se re\u00fane con Marco Rubio para abordar la situaci\u00f3n en Cuba - Cuballama Noticias","description":"El jefe de Misi\u00f3n de los Estados Unidos en Cuba, Mike Hammer, se reuni\u00f3 este lunes 31 de agosto con el secretario de Estado, Marco Rubio.","robots":{"index":"index","follow":"follow","max-snippet":"max-snippet:-1","max-image-preview":"max-image-preview:large","max-video-preview":"max-video-preview:-1"},"canonical":"https:\/\/www.cuballama.com\/noticias\/mike-hammer-se-reune-con-marco-rubio-para-abordar-la-situacion-en-cuba\/","og_locale":"es_ES","og_type":"article","og_title":"Mike Hammer se re\u00fane con Marco Rubio para abordar la situaci\u00f3n en Cuba - Cuballama Noticias","og_description":"El jefe de Misi\u00f3n de los Estados Unidos en Cuba, Mike Hammer, se reuni\u00f3 este lunes 31 de agosto con el secretario de Estado, Marco Rubio.","og_url":"https:\/\/www.cuballama.com\/noticias\/mike-hammer-se-reune-con-marco-rubio-para-abordar-la-situacion-en-cuba\/","og_site_name":"Cuballama Noticias","article_publisher":"https:\/\/www.facebook.com\/CubaLlama","article_published_time":"2026-09-01T17:29:00+00:00","article_modified_time":"2026-09-01T17:49:21+00:00","og_image":[{"width":1200,"height":630,"url":"https:\/\/cdn1.mediawpaccore.net\/wp-content\/uploads\/2026\/08\/31182603\/790412058_28453033381001141_3503819727851071587_n2.jpg","type":"image\/jpeg"}],"author":"Kathy","twitter_card":"summary_large_image","twitter_creator":"@cuballama","twitter_site":"@cuballama","twitter_misc":{"Escrito por":"Kathy","Tiempo de lectura":"2 minutos"},"schema":{"@context":"https:\/\/schema.org","@graph":[{"@type":"Article","@id":"https:\/\/www.cuballama.com\/noticias\/mike-hammer-se-reune-con-marco-rubio-para-abordar-la-situacion-en-cuba\/#article","isPartOf":{"@id":"https:\/\/www.cuballama.com\/noticias\/mike-hammer-se-reune-con-marco-rubio-para-abordar-la-situacion-en-cuba\/"},"author":{"name":"Kathy","@id":"https:\/\/www.cuballama.com\/noticias\/#\/schema\/person\/86cd3e3f4974437f031211213bf892d5"},"headline":"Mike Hammer se re\u00fane con Marco Rubio para abordar la situaci\u00f3n en Cuba","datePublished":"2026-09-01T17:29:00+00:00","dateModified":"2026-09-01T17:49:21+00:00","mainEntityOfPage":{"@id":"https:\/\/www.cuballama.com\/noticias\/mike-hammer-se-reune-con-marco-rubio-para-abordar-la-situacion-en-cuba\/"},"wordCount":451,"commentCount":0,"publisher":{"@id":"https:\/\/www.cuballama.com\/noticias\/#organization"},"image":{"@id":"https:\/\/www.cuballama.com\/noticias\/mike-hammer-se-reune-con-marco-rubio-para-abordar-la-situacion-en-cuba\/#primaryimage"},"thumbnailUrl":"https:\/\/cdn1.mediawpaccore.net\/wp-content\/uploads\/2026\/08\/31182603\/790412058_28453033381001141_3503819727851071587_n2.jpg","keywords":["Crisis en Cuba","destacado","Marco Rubio","Mike Hammer","relaciones Cuba - Estados Unidos","Secretario de Estado","superdestacado"],"articleSection":["Noticias","Noticias de Cuba"],"inLanguage":"es","potentialAction":[{"@type":"CommentAction","name":"Comment","target":["https:\/\/www.cuballama.com\/noticias\/mike-hammer-se-reune-con-marco-rubio-para-abordar-la-situacion-en-cuba\/#respond"]}]},{"@type":"WebPage","@id":"https:\/\/www.cuballama.com\/noticias\/mike-hammer-se-reune-con-marco-rubio-para-abordar-la-situacion-en-cuba\/","url":"https:\/\/www.cuballama.com\/noticias\/mike-hammer-se-reune-con-marco-rubio-para-abordar-la-situacion-en-cuba\/","name":"Mike Hammer se re\u00fane con Marco Rubio para abordar la situaci\u00f3n en Cuba - Cuballama Noticias","isPartOf":{"@id":"https:\/\/www.cuballama.com\/noticias\/#website"},"primaryImageOfPage":{"@id":"https:\/\/www.cuballama.com\/noticias\/mike-hammer-se-reune-con-marco-rubio-para-abordar-la-situacion-en-cuba\/#primaryimage"},"image":{"@id":"https:\/\/www.cuballama.com\/noticias\/mike-hammer-se-reune-con-marco-rubio-para-abordar-la-situacion-en-cuba\/#primaryimage"},"thumbnailUrl":"https:\/\/cdn1.mediawpaccore.net\/wp-content\/uploads\/2026\/08\/31182603\/790412058_28453033381001141_3503819727851071587_n2.jpg","datePublished":"2026-09-01T17:29:00+00:00","dateModified":"2026-09-01T17:49:21+00:00","description":"El jefe de Misi\u00f3n de los Estados Unidos en Cuba, Mike Hammer, se reuni\u00f3 este lunes 31 de agosto con el secretario de Estado, Marco Rubio.","breadcrumb":{"@id":"https:\/\/www.cuballama.com\/noticias\/mike-hammer-se-reune-con-marco-rubio-para-abordar-la-situacion-en-cuba\/#breadcrumb"},"inLanguage":"es","potentialAction":[{"@type":"ReadAction","target":["https:\/\/www.cuballama.com\/noticias\/mike-hammer-se-reune-con-marco-rubio-para-abordar-la-situacion-en-cuba\/"]}]},{"@type":"ImageObject","inLanguage":"es","@id":"https:\/\/www.cuballama.com\/noticias\/mike-hammer-se-reune-con-marco-rubio-para-abordar-la-situacion-en-cuba\/#primaryimage","url":"https:\/\/cdn1.mediawpaccore.net\/wp-content\/uploads\/2026\/08\/31182603\/790412058_28453033381001141_3503819727851071587_n2.jpg","contentUrl":"https:\/\/cdn1.mediawpaccore.net\/wp-content\/uploads\/2026\/08\/31182603\/790412058_28453033381001141_3503819727851071587_n2.jpg","width":1200,"height":630,"caption":"Reuni\u00f3n entre Mike Hammer y Marco Rubio, el 31 de agosto de 2026. Foto: Facebook\/Embajada de los Estados Unidos en Cuba."},{"@type":"BreadcrumbList","@id":"https:\/\/www.cuballama.com\/noticias\/mike-hammer-se-reune-con-marco-rubio-para-abordar-la-situacion-en-cuba\/#breadcrumb","itemListElement":[{"@type":"ListItem","position":1,"name":"Home","item":"https:\/\/www.cuballama.com\/noticias\/"},{"@type":"ListItem","position":2,"name":"Mike Hammer se re\u00fane con Marco Rubio para abordar la situaci\u00f3n en Cuba"}]},{"@type":"WebSite","@id":"https:\/\/www.cuballama.com\/noticias\/#website","url":"https:\/\/www.cuballama.com\/noticias\/","name":"Cuballama Noticias","description":"Medio digital sobre Cuba y el mundo","publisher":{"@id":"https:\/\/www.cuballama.com\/noticias\/#organization"},"potentialAction":[{"@type":"SearchAction","target":{"@type":"EntryPoint","urlTemplate":"https:\/\/www.cuballama.com\/noticias\/?s={search_term_string}"},"query-input":{"@type":"PropertyValueSpecification","valueRequired":true,"valueName":"search_term_string"}}],"inLanguage":"es"},{"@type":"Organization","@id":"https:\/\/www.cuballama.com\/noticias\/#organization","name":"Cuballama","url":"https:\/\/www.cuballama.com\/noticias\/","logo":{"@type":"ImageObject","inLanguage":"es","@id":"https:\/\/www.cuballama.com\/noticias\/#\/schema\/logo\/image\/","url":"https:\/\/cdn1.mediawpaccore.net\/wp-content\/uploads\/2021\/12\/28171206\/cbll-logo-color-sm.png","contentUrl":"https:\/\/cdn1.mediawpaccore.net\/wp-content\/uploads\/2021\/12\/28171206\/cbll-logo-color-sm.png","width":600,"height":133,"caption":"Cuballama"},"image":{"@id":"https:\/\/www.cuballama.com\/noticias\/#\/schema\/logo\/image\/"},"sameAs":["https:\/\/www.facebook.com\/CubaLlama","https:\/\/x.com\/cuballama","https:\/\/www.instagram.com\/stories\/cuballama_oficial\/","https:\/\/www.youtube.com\/channel\/UCKkFE-d_axENGZcrc4as0IA"]},{"@type":"Person","@id":"https:\/\/www.cuballama.com\/noticias\/#\/schema\/person\/86cd3e3f4974437f031211213bf892d5","name":"Kathy","url":"https:\/\/www.cuballama.com\/noticias\/author\/kathy\/"}]}},"_links":{"self":[{"href":"https:\/\/www.cuballama.com\/noticias\/wp-json\/wp\/v2\/posts\/255680","targetHints":{"allow":["GET"]}}],"collection":[{"href":"https:\/\/www.cuballama.com\/noticias\/wp-json\/wp\/v2\/posts"}],"about":[{"href":"https:\/\/www.cuballama.com\/noticias\/wp-json\/wp\/v2\/types\/post"}],"author":[{"embeddable":true,"href":"https:\/\/www.cuballama.com\/noticias\/wp-json\/wp\/v2\/users\/30"}],"replies":[{"embeddable":true,"href":"https:\/\/www.cuballama.com\/noticias\/wp-json\/wp\/v2\/comments?post=255680"}],"version-history":[{"count":3,"href":"https:\/\/www.cuballama.com\/noticias\/wp-json\/wp\/v2\/posts\/255680\/revisions"}],"predecessor-version":[{"id":255730,"href":"https:\/\/www.cuballama.com\/noticias\/wp-json\/wp\/v2\/posts\/255680\/revisions\/255730"}],"wp:featuredmedia":[{"embeddable":true,"href":"https:\/\/www.cuballama.com\/noticias\/wp-json\/wp\/v2\/media\/255682"}],"wp:attachment":[{"href":"https:\/\/www.cuballama.com\/noticias\/wp-json\/wp\/v2\/media?parent=255680"}],"wp:term":[{"taxonomy":"category","embeddable":true,"href":"https:\/\/www.cuballama.com\/noticias\/wp-json\/wp\/v2\/categories?post=255680"},{"taxonomy":"post_tag","embeddable":true,"href":"https:\/\/www.cuballama.com\/noticias\/wp-json\/wp\/v2\/tags?post=255680"}],"curies":[{"name":"wp","href":"https:\/\/api.w.org\/{rel}","templated":true}]}}