{"id":255673,"date":"2026-09-01T06:00:00","date_gmt":"2026-09-01T10:00:00","guid":{"rendered":"https:\/\/www.cuballama.com\/noticias\/?p=255673"},"modified":"2026-08-31T18:21:07","modified_gmt":"2026-08-31T22:21:07","slug":"detienen-a-cubano-tras-broma-en-aeropuerto-de-miami-tengo-una-granada","status":"publish","type":"post","link":"https:\/\/www.cuballama.com\/noticias\/detienen-a-cubano-tras-broma-en-aeropuerto-de-miami-tengo-una-granada\/","title":{"rendered":"Detienen a cubano tras \u201cbroma\u201d en aeropuerto de Miami: \u201cTengo una granada\u201d"},"content":{"rendered":"\n<p class=\"wp-block-paragraph\">Un cubano de 52 a\u00f1os fue arrestado el domingo 30 de agosto despu\u00e9s de que le dijera \u201cen broma\u201d a un empleado de American Airlines en el Aeropuerto Internacional de Miami (MIA) que llevaba consigo una granada.<\/p>\n\n\n\n<p class=\"wp-block-paragraph\">Seg\u00fan el informe del arresto, Osniel Blanco L\u00f3pez, residente de Miami, se encontraba en el mostrador de boletos cuando un agente de American Airlines le pregunt\u00f3, como parte del protocolo si llevaba alg\u00fan \u201cart\u00edculo peligroso\u201d.<\/p>\n\n\n\n<p class=\"wp-block-paragraph\">De acuerdo con las autoridades, Blanco L\u00f3pez respondi\u00f3 que no, pero luego a\u00f1adi\u00f3 en espa\u00f1ol: \u201cTengo una granada\u201d y se r\u00edo.<\/p>\n\n\n\n<p class=\"wp-block-paragraph\">Otro agente de boletos le respondi\u00f3 que \u201ceso no es una broma\u201d y llam\u00f3 a la pol\u00edcia.<\/p>\n\n\n\n<iframe loading=\"lazy\" src=\"https:\/\/www.facebook.com\/plugins\/post.php?href=https%3A%2F%2Fwww.facebook.com%2Fdanielbeniteznews%2Fposts%2Fpfbid043L5GcUKuiNWCwk681ZaeYvV8o9sqnUsidusi2t2hb1YZ2txzH6Mo6CC5dca3xUCl&#038;show_text=true&#038;width=500\" width=\"500\" height=\"792\" style=\"border:none;overflow:hidden\" scrolling=\"no\" frameborder=\"0\" allowfullscreen=\"true\" allow=\"autoplay; clipboard-write; encrypted-media; picture-in-picture; web-share\"><\/iframe>\n\n\n\n<p class=\"wp-block-paragraph\">Si bien un perro K-9 especializado en detecci\u00f3n de explosivos no encontr\u00f3 explosivo en el equipaje de Blanco L\u00f3pez, el cubano fue trasladado a la estaci\u00f3n de la Oficina del Sheriff de Miami-Dade en el aeropuerto.<\/p>\n\n\n\n<p class=\"wp-block-paragraph\">Pese a que recalc\u00f3 a las autoridades que \u201csolo estaba bromeando\u201d cuando hizo el comentario, el hombre ahora enfrenta un cargo de presentar un reporte falso sobre la colocaci\u00f3n de una bomba.<\/p>\n\n\n\n<p class=\"wp-block-paragraph\">Hasta la tarde del lunes, Blanco L\u00f3pez permanec\u00eda detenido en el Turner Guilford Knight Correctional Center. Un juez encontr\u00f3 una causa probable y fij\u00f3 su fianza en $1,000.<\/p>\n\n\n\n<p class=\"wp-block-paragraph\">El caso ha despertado duras cr\u00edticas en redes sociales, donde usuarios han comentado: \u201cLo que s\u00ed les puedo asegurar es que el chiste le costar\u00e1 bien caro\u201d; \u201cBienvenido a la lista de no vuelos para siempre\u201d; \u201cHay que estar loco o ser muy chistoso para hacer esa broma\u201d; y \u201cPor chistoso, en este pa\u00eds las palabras s\u00ed tienen peso y la ley tambi\u00e9n\u201d.<\/p>\n","protected":false},"excerpt":{"rendered":"<p>El hombre hizo una broma de mal gusto a un empleado de American Airlines <\/p>\n","protected":false},"author":30,"featured_media":255675,"comment_status":"open","ping_status":"closed","sticky":false,"template":"","format":"standard","meta":{"_acf_changed":false,"footnotes":""},"categories":[18,11024],"tags":[3292,13185,23498,11050,941],"class_list":["post-255673","post","type-post","status-publish","format-standard","has-post-thumbnail","category-noticias","category-noticias-de-miami","tag-aeropuerto-de-miami","tag-amenaza-de-bomba","tag-cubano-detenido","tag-cubanos-en-miami","tag-destacado"],"acf":[],"yoast_head":"<!-- This site is optimized with the Yoast SEO plugin v28.3 - https:\/\/yoast.com\/product\/yoast-seo-wordpress\/ -->\n<title>Detienen a cubano tras \u201cbroma\u201d en aeropuerto de Miami: \u201cTengo una granada\u201d - Cuballama Noticias<\/title>\n<meta name=\"description\" content=\"Un cubano de 52 a\u00f1os fue arrestado en Miami despu\u00e9s de decir en el aeropuerto con que llevaba una granada.\" \/>\n<meta name=\"robots\" content=\"index, follow, max-snippet:-1, max-image-preview:large, max-video-preview:-1\" \/>\n<link rel=\"canonical\" href=\"https:\/\/www.cuballama.com\/noticias\/detienen-a-cubano-tras-broma-en-aeropuerto-de-miami-tengo-una-granada\/\" \/>\n<meta property=\"og:locale\" content=\"es_ES\" \/>\n<meta property=\"og:type\" content=\"article\" \/>\n<meta property=\"og:title\" content=\"Detienen a cubano tras \u201cbroma\u201d en aeropuerto de Miami: \u201cTengo una granada\u201d - Cuballama Noticias\" \/>\n<meta property=\"og:description\" content=\"Un cubano de 52 a\u00f1os fue arrestado en Miami despu\u00e9s de decir en el aeropuerto con que llevaba una granada.\" \/>\n<meta property=\"og:url\" content=\"https:\/\/www.cuballama.com\/noticias\/detienen-a-cubano-tras-broma-en-aeropuerto-de-miami-tengo-una-granada\/\" \/>\n<meta property=\"og:site_name\" content=\"Cuballama Noticias\" \/>\n<meta property=\"article:publisher\" content=\"https:\/\/www.facebook.com\/CubaLlama\" \/>\n<meta property=\"article:published_time\" content=\"2026-09-01T10:00:00+00:00\" \/>\n<meta property=\"og:image\" content=\"https:\/\/cdn1.mediawpaccore.net\/wp-content\/uploads\/2026\/08\/31171005\/784518188_1545567850143870_407041218858876365_n1.jpg\" \/>\n\t<meta property=\"og:image:width\" content=\"1200\" \/>\n\t<meta property=\"og:image:height\" content=\"630\" \/>\n\t<meta property=\"og:image:type\" content=\"image\/jpeg\" \/>\n<meta name=\"author\" content=\"Kathy\" \/>\n<meta name=\"twitter:card\" content=\"summary_large_image\" \/>\n<meta name=\"twitter:creator\" content=\"@cuballama\" \/>\n<meta name=\"twitter:site\" content=\"@cuballama\" \/>\n<meta name=\"twitter:label1\" content=\"Escrito por\" \/>\n\t<meta name=\"twitter:data1\" content=\"Kathy\" \/>\n\t<meta name=\"twitter:label2\" content=\"Tiempo de lectura\" \/>\n\t<meta name=\"twitter:data2\" content=\"2 minutos\" \/>\n<script type=\"application\/ld+json\" class=\"yoast-schema-graph\">{\"@context\":\"https:\\\/\\\/schema.org\",\"@graph\":[{\"@type\":\"Article\",\"@id\":\"https:\\\/\\\/www.cuballama.com\\\/noticias\\\/detienen-a-cubano-tras-broma-en-aeropuerto-de-miami-tengo-una-granada\\\/#article\",\"isPartOf\":{\"@id\":\"https:\\\/\\\/www.cuballama.com\\\/noticias\\\/detienen-a-cubano-tras-broma-en-aeropuerto-de-miami-tengo-una-granada\\\/\"},\"author\":{\"name\":\"Kathy\",\"@id\":\"https:\\\/\\\/www.cuballama.com\\\/noticias\\\/#\\\/schema\\\/person\\\/86cd3e3f4974437f031211213bf892d5\"},\"headline\":\"Detienen a cubano tras \u201cbroma\u201d en aeropuerto de Miami: \u201cTengo una granada\u201d\",\"datePublished\":\"2026-09-01T10:00:00+00:00\",\"mainEntityOfPage\":{\"@id\":\"https:\\\/\\\/www.cuballama.com\\\/noticias\\\/detienen-a-cubano-tras-broma-en-aeropuerto-de-miami-tengo-una-granada\\\/\"},\"wordCount\":298,\"commentCount\":0,\"publisher\":{\"@id\":\"https:\\\/\\\/www.cuballama.com\\\/noticias\\\/#organization\"},\"image\":{\"@id\":\"https:\\\/\\\/www.cuballama.com\\\/noticias\\\/detienen-a-cubano-tras-broma-en-aeropuerto-de-miami-tengo-una-granada\\\/#primaryimage\"},\"thumbnailUrl\":\"https:\\\/\\\/cdn1.mediawpaccore.net\\\/wp-content\\\/uploads\\\/2026\\\/08\\\/31171005\\\/784518188_1545567850143870_407041218858876365_n1.jpg\",\"keywords\":[\"Aeropuerto de Miami\",\"amenaza de bomba\",\"cubano detenido\",\"cubanos en Miami\",\"destacado\"],\"articleSection\":[\"Noticias\",\"Noticias de Miami\"],\"inLanguage\":\"es\",\"potentialAction\":[{\"@type\":\"CommentAction\",\"name\":\"Comment\",\"target\":[\"https:\\\/\\\/www.cuballama.com\\\/noticias\\\/detienen-a-cubano-tras-broma-en-aeropuerto-de-miami-tengo-una-granada\\\/#respond\"]}]},{\"@type\":\"WebPage\",\"@id\":\"https:\\\/\\\/www.cuballama.com\\\/noticias\\\/detienen-a-cubano-tras-broma-en-aeropuerto-de-miami-tengo-una-granada\\\/\",\"url\":\"https:\\\/\\\/www.cuballama.com\\\/noticias\\\/detienen-a-cubano-tras-broma-en-aeropuerto-de-miami-tengo-una-granada\\\/\",\"name\":\"Detienen a cubano tras \u201cbroma\u201d en aeropuerto de Miami: \u201cTengo una granada\u201d - Cuballama Noticias\",\"isPartOf\":{\"@id\":\"https:\\\/\\\/www.cuballama.com\\\/noticias\\\/#website\"},\"primaryImageOfPage\":{\"@id\":\"https:\\\/\\\/www.cuballama.com\\\/noticias\\\/detienen-a-cubano-tras-broma-en-aeropuerto-de-miami-tengo-una-granada\\\/#primaryimage\"},\"image\":{\"@id\":\"https:\\\/\\\/www.cuballama.com\\\/noticias\\\/detienen-a-cubano-tras-broma-en-aeropuerto-de-miami-tengo-una-granada\\\/#primaryimage\"},\"thumbnailUrl\":\"https:\\\/\\\/cdn1.mediawpaccore.net\\\/wp-content\\\/uploads\\\/2026\\\/08\\\/31171005\\\/784518188_1545567850143870_407041218858876365_n1.jpg\",\"datePublished\":\"2026-09-01T10:00:00+00:00\",\"description\":\"Un cubano de 52 a\u00f1os fue arrestado en Miami despu\u00e9s de decir en el aeropuerto con que llevaba una granada.\",\"breadcrumb\":{\"@id\":\"https:\\\/\\\/www.cuballama.com\\\/noticias\\\/detienen-a-cubano-tras-broma-en-aeropuerto-de-miami-tengo-una-granada\\\/#breadcrumb\"},\"inLanguage\":\"es\",\"potentialAction\":[{\"@type\":\"ReadAction\",\"target\":[\"https:\\\/\\\/www.cuballama.com\\\/noticias\\\/detienen-a-cubano-tras-broma-en-aeropuerto-de-miami-tengo-una-granada\\\/\"]}]},{\"@type\":\"ImageObject\",\"inLanguage\":\"es\",\"@id\":\"https:\\\/\\\/www.cuballama.com\\\/noticias\\\/detienen-a-cubano-tras-broma-en-aeropuerto-de-miami-tengo-una-granada\\\/#primaryimage\",\"url\":\"https:\\\/\\\/cdn1.mediawpaccore.net\\\/wp-content\\\/uploads\\\/2026\\\/08\\\/31171005\\\/784518188_1545567850143870_407041218858876365_n1.jpg\",\"contentUrl\":\"https:\\\/\\\/cdn1.mediawpaccore.net\\\/wp-content\\\/uploads\\\/2026\\\/08\\\/31171005\\\/784518188_1545567850143870_407041218858876365_n1.jpg\",\"width\":1200,\"height\":630,\"caption\":\"Osniel Blanco L\u00f3pez. Foto: Miami-Dade Corrections & Rehabilitation.\"},{\"@type\":\"BreadcrumbList\",\"@id\":\"https:\\\/\\\/www.cuballama.com\\\/noticias\\\/detienen-a-cubano-tras-broma-en-aeropuerto-de-miami-tengo-una-granada\\\/#breadcrumb\",\"itemListElement\":[{\"@type\":\"ListItem\",\"position\":1,\"name\":\"Home\",\"item\":\"https:\\\/\\\/www.cuballama.com\\\/noticias\\\/\"},{\"@type\":\"ListItem\",\"position\":2,\"name\":\"Detienen a cubano tras \u201cbroma\u201d en aeropuerto de Miami: \u201cTengo una granada\u201d\"}]},{\"@type\":\"WebSite\",\"@id\":\"https:\\\/\\\/www.cuballama.com\\\/noticias\\\/#website\",\"url\":\"https:\\\/\\\/www.cuballama.com\\\/noticias\\\/\",\"name\":\"Cuballama Noticias\",\"description\":\"Medio digital sobre Cuba y el mundo\",\"publisher\":{\"@id\":\"https:\\\/\\\/www.cuballama.com\\\/noticias\\\/#organization\"},\"potentialAction\":[{\"@type\":\"SearchAction\",\"target\":{\"@type\":\"EntryPoint\",\"urlTemplate\":\"https:\\\/\\\/www.cuballama.com\\\/noticias\\\/?s={search_term_string}\"},\"query-input\":{\"@type\":\"PropertyValueSpecification\",\"valueRequired\":true,\"valueName\":\"search_term_string\"}}],\"inLanguage\":\"es\"},{\"@type\":\"Organization\",\"@id\":\"https:\\\/\\\/www.cuballama.com\\\/noticias\\\/#organization\",\"name\":\"Cuballama\",\"url\":\"https:\\\/\\\/www.cuballama.com\\\/noticias\\\/\",\"logo\":{\"@type\":\"ImageObject\",\"inLanguage\":\"es\",\"@id\":\"https:\\\/\\\/www.cuballama.com\\\/noticias\\\/#\\\/schema\\\/logo\\\/image\\\/\",\"url\":\"https:\\\/\\\/cdn1.mediawpaccore.net\\\/wp-content\\\/uploads\\\/2021\\\/12\\\/28171206\\\/cbll-logo-color-sm.png\",\"contentUrl\":\"https:\\\/\\\/cdn1.mediawpaccore.net\\\/wp-content\\\/uploads\\\/2021\\\/12\\\/28171206\\\/cbll-logo-color-sm.png\",\"width\":600,\"height\":133,\"caption\":\"Cuballama\"},\"image\":{\"@id\":\"https:\\\/\\\/www.cuballama.com\\\/noticias\\\/#\\\/schema\\\/logo\\\/image\\\/\"},\"sameAs\":[\"https:\\\/\\\/www.facebook.com\\\/CubaLlama\",\"https:\\\/\\\/x.com\\\/cuballama\",\"https:\\\/\\\/www.instagram.com\\\/stories\\\/cuballama_oficial\\\/\",\"https:\\\/\\\/www.youtube.com\\\/channel\\\/UCKkFE-d_axENGZcrc4as0IA\"]},{\"@type\":\"Person\",\"@id\":\"https:\\\/\\\/www.cuballama.com\\\/noticias\\\/#\\\/schema\\\/person\\\/86cd3e3f4974437f031211213bf892d5\",\"name\":\"Kathy\",\"url\":\"https:\\\/\\\/www.cuballama.com\\\/noticias\\\/author\\\/kathy\\\/\"}]}<\/script>\n<!-- \/ Yoast SEO plugin. -->","yoast_head_json":{"title":"Detienen a cubano tras \u201cbroma\u201d en aeropuerto de Miami: \u201cTengo una granada\u201d - Cuballama Noticias","description":"Un cubano de 52 a\u00f1os fue arrestado en Miami despu\u00e9s de decir en el aeropuerto con que llevaba una granada.","robots":{"index":"index","follow":"follow","max-snippet":"max-snippet:-1","max-image-preview":"max-image-preview:large","max-video-preview":"max-video-preview:-1"},"canonical":"https:\/\/www.cuballama.com\/noticias\/detienen-a-cubano-tras-broma-en-aeropuerto-de-miami-tengo-una-granada\/","og_locale":"es_ES","og_type":"article","og_title":"Detienen a cubano tras \u201cbroma\u201d en aeropuerto de Miami: \u201cTengo una granada\u201d - Cuballama Noticias","og_description":"Un cubano de 52 a\u00f1os fue arrestado en Miami despu\u00e9s de decir en el aeropuerto con que llevaba una granada.","og_url":"https:\/\/www.cuballama.com\/noticias\/detienen-a-cubano-tras-broma-en-aeropuerto-de-miami-tengo-una-granada\/","og_site_name":"Cuballama Noticias","article_publisher":"https:\/\/www.facebook.com\/CubaLlama","article_published_time":"2026-09-01T10:00:00+00:00","og_image":[{"width":1200,"height":630,"url":"https:\/\/cdn1.mediawpaccore.net\/wp-content\/uploads\/2026\/08\/31171005\/784518188_1545567850143870_407041218858876365_n1.jpg","type":"image\/jpeg"}],"author":"Kathy","twitter_card":"summary_large_image","twitter_creator":"@cuballama","twitter_site":"@cuballama","twitter_misc":{"Escrito por":"Kathy","Tiempo de lectura":"2 minutos"},"schema":{"@context":"https:\/\/schema.org","@graph":[{"@type":"Article","@id":"https:\/\/www.cuballama.com\/noticias\/detienen-a-cubano-tras-broma-en-aeropuerto-de-miami-tengo-una-granada\/#article","isPartOf":{"@id":"https:\/\/www.cuballama.com\/noticias\/detienen-a-cubano-tras-broma-en-aeropuerto-de-miami-tengo-una-granada\/"},"author":{"name":"Kathy","@id":"https:\/\/www.cuballama.com\/noticias\/#\/schema\/person\/86cd3e3f4974437f031211213bf892d5"},"headline":"Detienen a cubano tras \u201cbroma\u201d en aeropuerto de Miami: \u201cTengo una granada\u201d","datePublished":"2026-09-01T10:00:00+00:00","mainEntityOfPage":{"@id":"https:\/\/www.cuballama.com\/noticias\/detienen-a-cubano-tras-broma-en-aeropuerto-de-miami-tengo-una-granada\/"},"wordCount":298,"commentCount":0,"publisher":{"@id":"https:\/\/www.cuballama.com\/noticias\/#organization"},"image":{"@id":"https:\/\/www.cuballama.com\/noticias\/detienen-a-cubano-tras-broma-en-aeropuerto-de-miami-tengo-una-granada\/#primaryimage"},"thumbnailUrl":"https:\/\/cdn1.mediawpaccore.net\/wp-content\/uploads\/2026\/08\/31171005\/784518188_1545567850143870_407041218858876365_n1.jpg","keywords":["Aeropuerto de Miami","amenaza de bomba","cubano detenido","cubanos en Miami","destacado"],"articleSection":["Noticias","Noticias de Miami"],"inLanguage":"es","potentialAction":[{"@type":"CommentAction","name":"Comment","target":["https:\/\/www.cuballama.com\/noticias\/detienen-a-cubano-tras-broma-en-aeropuerto-de-miami-tengo-una-granada\/#respond"]}]},{"@type":"WebPage","@id":"https:\/\/www.cuballama.com\/noticias\/detienen-a-cubano-tras-broma-en-aeropuerto-de-miami-tengo-una-granada\/","url":"https:\/\/www.cuballama.com\/noticias\/detienen-a-cubano-tras-broma-en-aeropuerto-de-miami-tengo-una-granada\/","name":"Detienen a cubano tras \u201cbroma\u201d en aeropuerto de Miami: \u201cTengo una granada\u201d - Cuballama Noticias","isPartOf":{"@id":"https:\/\/www.cuballama.com\/noticias\/#website"},"primaryImageOfPage":{"@id":"https:\/\/www.cuballama.com\/noticias\/detienen-a-cubano-tras-broma-en-aeropuerto-de-miami-tengo-una-granada\/#primaryimage"},"image":{"@id":"https:\/\/www.cuballama.com\/noticias\/detienen-a-cubano-tras-broma-en-aeropuerto-de-miami-tengo-una-granada\/#primaryimage"},"thumbnailUrl":"https:\/\/cdn1.mediawpaccore.net\/wp-content\/uploads\/2026\/08\/31171005\/784518188_1545567850143870_407041218858876365_n1.jpg","datePublished":"2026-09-01T10:00:00+00:00","description":"Un cubano de 52 a\u00f1os fue arrestado en Miami despu\u00e9s de decir en el aeropuerto con que llevaba una granada.","breadcrumb":{"@id":"https:\/\/www.cuballama.com\/noticias\/detienen-a-cubano-tras-broma-en-aeropuerto-de-miami-tengo-una-granada\/#breadcrumb"},"inLanguage":"es","potentialAction":[{"@type":"ReadAction","target":["https:\/\/www.cuballama.com\/noticias\/detienen-a-cubano-tras-broma-en-aeropuerto-de-miami-tengo-una-granada\/"]}]},{"@type":"ImageObject","inLanguage":"es","@id":"https:\/\/www.cuballama.com\/noticias\/detienen-a-cubano-tras-broma-en-aeropuerto-de-miami-tengo-una-granada\/#primaryimage","url":"https:\/\/cdn1.mediawpaccore.net\/wp-content\/uploads\/2026\/08\/31171005\/784518188_1545567850143870_407041218858876365_n1.jpg","contentUrl":"https:\/\/cdn1.mediawpaccore.net\/wp-content\/uploads\/2026\/08\/31171005\/784518188_1545567850143870_407041218858876365_n1.jpg","width":1200,"height":630,"caption":"Osniel Blanco L\u00f3pez. Foto: Miami-Dade Corrections & Rehabilitation."},{"@type":"BreadcrumbList","@id":"https:\/\/www.cuballama.com\/noticias\/detienen-a-cubano-tras-broma-en-aeropuerto-de-miami-tengo-una-granada\/#breadcrumb","itemListElement":[{"@type":"ListItem","position":1,"name":"Home","item":"https:\/\/www.cuballama.com\/noticias\/"},{"@type":"ListItem","position":2,"name":"Detienen a cubano tras \u201cbroma\u201d en aeropuerto de Miami: \u201cTengo una granada\u201d"}]},{"@type":"WebSite","@id":"https:\/\/www.cuballama.com\/noticias\/#website","url":"https:\/\/www.cuballama.com\/noticias\/","name":"Cuballama Noticias","description":"Medio digital sobre Cuba y el mundo","publisher":{"@id":"https:\/\/www.cuballama.com\/noticias\/#organization"},"potentialAction":[{"@type":"SearchAction","target":{"@type":"EntryPoint","urlTemplate":"https:\/\/www.cuballama.com\/noticias\/?s={search_term_string}"},"query-input":{"@type":"PropertyValueSpecification","valueRequired":true,"valueName":"search_term_string"}}],"inLanguage":"es"},{"@type":"Organization","@id":"https:\/\/www.cuballama.com\/noticias\/#organization","name":"Cuballama","url":"https:\/\/www.cuballama.com\/noticias\/","logo":{"@type":"ImageObject","inLanguage":"es","@id":"https:\/\/www.cuballama.com\/noticias\/#\/schema\/logo\/image\/","url":"https:\/\/cdn1.mediawpaccore.net\/wp-content\/uploads\/2021\/12\/28171206\/cbll-logo-color-sm.png","contentUrl":"https:\/\/cdn1.mediawpaccore.net\/wp-content\/uploads\/2021\/12\/28171206\/cbll-logo-color-sm.png","width":600,"height":133,"caption":"Cuballama"},"image":{"@id":"https:\/\/www.cuballama.com\/noticias\/#\/schema\/logo\/image\/"},"sameAs":["https:\/\/www.facebook.com\/CubaLlama","https:\/\/x.com\/cuballama","https:\/\/www.instagram.com\/stories\/cuballama_oficial\/","https:\/\/www.youtube.com\/channel\/UCKkFE-d_axENGZcrc4as0IA"]},{"@type":"Person","@id":"https:\/\/www.cuballama.com\/noticias\/#\/schema\/person\/86cd3e3f4974437f031211213bf892d5","name":"Kathy","url":"https:\/\/www.cuballama.com\/noticias\/author\/kathy\/"}]}},"_links":{"self":[{"href":"https:\/\/www.cuballama.com\/noticias\/wp-json\/wp\/v2\/posts\/255673","targetHints":{"allow":["GET"]}}],"collection":[{"href":"https:\/\/www.cuballama.com\/noticias\/wp-json\/wp\/v2\/posts"}],"about":[{"href":"https:\/\/www.cuballama.com\/noticias\/wp-json\/wp\/v2\/types\/post"}],"author":[{"embeddable":true,"href":"https:\/\/www.cuballama.com\/noticias\/wp-json\/wp\/v2\/users\/30"}],"replies":[{"embeddable":true,"href":"https:\/\/www.cuballama.com\/noticias\/wp-json\/wp\/v2\/comments?post=255673"}],"version-history":[{"count":3,"href":"https:\/\/www.cuballama.com\/noticias\/wp-json\/wp\/v2\/posts\/255673\/revisions"}],"predecessor-version":[{"id":255679,"href":"https:\/\/www.cuballama.com\/noticias\/wp-json\/wp\/v2\/posts\/255673\/revisions\/255679"}],"wp:featuredmedia":[{"embeddable":true,"href":"https:\/\/www.cuballama.com\/noticias\/wp-json\/wp\/v2\/media\/255675"}],"wp:attachment":[{"href":"https:\/\/www.cuballama.com\/noticias\/wp-json\/wp\/v2\/media?parent=255673"}],"wp:term":[{"taxonomy":"category","embeddable":true,"href":"https:\/\/www.cuballama.com\/noticias\/wp-json\/wp\/v2\/categories?post=255673"},{"taxonomy":"post_tag","embeddable":true,"href":"https:\/\/www.cuballama.com\/noticias\/wp-json\/wp\/v2\/tags?post=255673"}],"curies":[{"name":"wp","href":"https:\/\/api.w.org\/{rel}","templated":true}]}}