{"id":255667,"date":"2026-08-31T16:02:34","date_gmt":"2026-08-31T20:02:34","guid":{"rendered":"https:\/\/www.cuballama.com\/noticias\/?p=255667"},"modified":"2026-08-31T17:20:09","modified_gmt":"2026-08-31T21:20:09","slug":"del-sueno-americano-al-e-cubanos-choferes-del-transporte-publico-en-tapachula","status":"publish","type":"post","link":"https:\/\/www.cuballama.com\/noticias\/del-sueno-americano-al-e-cubanos-choferes-del-transporte-publico-en-tapachula\/","title":{"rendered":"Del \u00absue\u00f1o americano\u00bb al \u00abe\u00bb: cubanos choferes del transporte p\u00fablico en Tapachula"},"content":{"rendered":"\n<p class=\"wp-block-paragraph\">Un pasito alante pa\u00b4que quepa to\u00b4el mundo\u00bb&#8230;La voz que no suena chiapaneca se hace m\u00e1s frecuente en Tapachula en los llamados \u00abcolectivos\u00bb.<\/p>\n\n\n\n<p class=\"wp-block-paragraph\">\u00abTapachula cambi\u00f3 de rostro y acento\u00bb asegura hoy \u00abDiario del Sur\u00bb&nbsp;en una nota sobre el transporte p\u00fablico local donde alrededor del 40 por ciento de sus conductores son migrantes extranjeros, la mayor\u00eda cubanos, de acuerdo a estimaciones de concesionarios y l\u00edderes del sector.&nbsp;<\/p>\n\n\n\n<p class=\"wp-block-paragraph\">Es una \u00abrealidad visible\u00bb, afirma la nota, en las 60 rutas existentes en la ciudad entre mil 700 colectivos y dos mil 400 taxis.<\/p>\n\n\n\n<p class=\"wp-block-paragraph\">Tapachula, muy cerca de la frontera con Guatemala, ha sido el principal punto de tr\u00e1nsito y de espera para miles de migrantes cubanos y solicitantes de asilo que buscaban avanzar hacia el norte en su intento de llegar a la Uni\u00f3n Americana. Pero el endurecimiento de las pol\u00edticas migratorias de Donald Trump han frustrado el sue\u00f1o de muchos. Incluso, desde EE.UU llegan cubanos deportados, ya ancianos, que por d\u00e9cadas hab\u00edan estado viviendo all\u00ed, con familias creadas.<\/p>\n\n\n\n<p class=\"wp-block-paragraph\">La movilidad humana contin\u00faa increment\u00e1ndose en esta frontera sur de M\u00e9xico, pese a las dificultades que enfrentan las personas migrantes para regularizar su situaci\u00f3n y avanzar hacia otros puntos del pa\u00eds. Una nueva caravana de migrantes denominada \u00abSue\u00f1os sin fronteras\u00bb se encuentra actualmente avanzando por el estado de Chiapas con el objetivo de llegar a la Ciudad de M\u00e9xico y Monterrey buscando regularizar su situaci\u00f3n en M\u00e9xico tras las duras restricciones de Washington. Son un grupo de unas 800 personas de Cuba, Centroam\u00e9rica y Sudam\u00e9rica.<\/p>\n\n\n\n<p class=\"wp-block-paragraph\">Otros muchos decidieron quedarse en Tapachula que hoy ya no es s\u00f3lo de tr\u00e1nsito&nbsp;sino de residencia para miles de extranjeros.Registros oficiales del gobierno y organismos de ayuda contabilizaban en m\u00e1s de 10,000 los cubanos varados o asentados en esa ciudad.<\/p>\n\n\n\n<p class=\"wp-block-paragraph\">Y entre ellos muchos han decidido ganarse la vida como choferes. Alberto Daly Rinc\u00f3n, representante del sitio de taxis M\u00f3vil Car, dio a conocer que la mayor\u00eda de los conductores son&nbsp;migrantes&nbsp;que llegaron a Tapachula con la intenci\u00f3n de avanzar hacia&nbsp;Estados Unidos, pero que llevan meses varados en la ciudad esperando una resoluci\u00f3n de la&nbsp;<a href=\"https:\/\/www.gob.mx\/comar\" rel=\"noopener\" target=\"_blank\">Comisi\u00f3n Mexicana de Ayuda a Refugiados<\/a>&nbsp;(COMAR), o del&nbsp;Instituto Nacional de Migraci\u00f3n (INM).<\/p>\n\n\n\n<p class=\"wp-block-paragraph\">Dijo que sin acceso a empleos formales, el&nbsp;transporte p\u00fablico&nbsp;les abri\u00f3 las puertas, derivado tambi\u00e9n de la falta de choferes locales.<\/p>\n\n\n\n<p class=\"wp-block-paragraph\">Al igual que el chofer local, los migrantes trabajan bajo el esquema de cuenta: en el caso del taxi deben entregar al propietario de la unidad entre 500 y 600 pesos diarios, m\u00e1s&nbsp;combustible&nbsp;y su ganancia es lo que les quede, en jornadas que superan las 12 horas. Las ganancias pueden estar entre 400 o 500 pesos. Hoy, un d\u00f3lar estadounidense equivale a 17,01 pesos mexicanos. El sitio a su cargo no contrata de forma directa a los choferes, sino los due\u00f1os de los veh\u00edculos , sin embargo, funcionan como un filtro de control para saber qui\u00e9n atiende a los usuarios.&nbsp;<\/p>\n\n\n\n<p class=\"wp-block-paragraph\">Los requisitos primordiales que les piden son:\u00a0licencia de conducir\u00a0expedida por el estado de Chiapas, identificaci\u00f3n de su pa\u00eds de origen y comprobante de domicilio. Adem\u00e1s deben acatar un\u00a0reglamento\u00a0interno de la empresa, que se basa principalmente en el buen trato al usuario y la buena imagen que deben de presentar al conducir, cit\u00f3 Diario del Sur.<\/p>\n\n\n\n<p class=\"wp-block-paragraph\">Don Antonio, due\u00f1o de unidades de&nbsp;taxis de Tapachula, asegur\u00f3 que en su experiencia, los migrantes, en su mayor\u00eda cubanos, son los mejores trabajadores que ha tenido.<\/p>\n\n\n\n<p class=\"wp-block-paragraph\">\u201cYo empleo a&nbsp;migrantes, la mayor\u00eda cubanos, porque son m\u00e1s responsables, adem\u00e1s, me cuidan la unidad, la lavan, le revisan el aceite, no me andan chocando y cumplen con la cuenta, a diferencia del local, que muchas veces te deja el carro sucio, sin gasolina y no te entrega completo\u201d, expres\u00f3.<\/p>\n\n\n\n<p class=\"wp-block-paragraph\">Cont\u00f3 al peri\u00f3dico que muchos de los cubanos que hoy trabajan con \u00e9l llegaron con papeles de residencia y con licencia vigente, y que al venir huyendo de su pa\u00eds, valoran m\u00e1s la oportunidad de trabajo.\u201cAl inicio no conoc\u00edan bien las calles, pero con el\u00a0GPS\u00a0y preguntando, en una semana ya se mov\u00edan solos y la gente los quiere porque son amables, le dicen buen d\u00eda, gracias, hasta luego, eso se ha perdido con muchos\u00a0choferes locales\u201d, a\u00f1adi\u00f3.<\/p>\n\n\n\n<p class=\"wp-block-paragraph\">Cientos de\u00a0migrantes\u00a0que obtuvieron su tarjeta de residente permanente o temporal han encontrado en el\u00a0transporte\u00a0una salida r\u00e1pida para poder sobrevivir.<\/p>\n\n\n\n<p class=\"wp-block-paragraph\">\u00abLo cierto es que el&nbsp;transporte p\u00fablico de Tapachula&nbsp;ya no se puede atender sin la mano de obra migrante\u00bb escribe Diario del Sur. \u00abMientras las autoridades definen si los censan, los capacitan o los regularizan, cada ma\u00f1ana, 4 de cada 10 colectivos que se ponen en marcha en esta frontera sur arrancan con un acento extranjero al frente\u00bb.<\/p>\n\n\n\n<p class=\"wp-block-paragraph\"><\/p>\n","protected":false},"excerpt":{"rendered":"<p>Un pasito alante pa\u00b4que quepa to\u00b4el mundo\u00bb&#8230;La voz que no suena chiapaneca se hace m\u00e1s frecuente en Tapachula en los llamados \u00abcolectivos\u00bb. \u00abTapachula cambi\u00f3 de rostro y acento\u00bb asegura hoy \u00abDiario del Sur\u00bb&nbsp;en una nota sobre el transporte p\u00fablico local donde alrededor del 40 por ciento de sus conductores son migrantes extranjeros, la mayor\u00eda cubanos, [&hellip;]<\/p>\n","protected":false},"author":24,"featured_media":201824,"comment_status":"open","ping_status":"closed","sticky":false,"template":"","format":"standard","meta":{"_acf_changed":false,"footnotes":""},"categories":[18,955],"tags":[10867,11,941,600,32763],"class_list":["post-255667","post","type-post","status-publish","format-standard","has-post-thumbnail","category-noticias","category-noticias-de-cuba","tag-crisis-en-cuba","tag-cuba","tag-destacado","tag-migrantes-cubanos","tag-tapachula-migrantes-cubanos"],"acf":[],"yoast_head":"<!-- This site is optimized with the Yoast SEO plugin v28.3 - https:\/\/yoast.com\/product\/yoast-seo-wordpress\/ -->\n<title>Del &quot;sue\u00f1o americano&quot; al &quot;e&quot;: cubanos choferes del transporte p\u00fablico en Tapachula - Cuballama Noticias<\/title>\n<meta name=\"description\" content=\"Tapachula cambi\u00f3 de rostro y acento&quot; asegura hoy &quot;Diario del Sur&quot; en una nota sobre el transporte p\u00fablico local.\" \/>\n<meta name=\"robots\" content=\"index, follow, max-snippet:-1, max-image-preview:large, max-video-preview:-1\" \/>\n<link rel=\"canonical\" href=\"https:\/\/www.cuballama.com\/noticias\/del-sueno-americano-al-e-cubanos-choferes-del-transporte-publico-en-tapachula\/\" \/>\n<meta property=\"og:locale\" content=\"es_ES\" \/>\n<meta property=\"og:type\" content=\"article\" \/>\n<meta property=\"og:title\" content=\"Del &quot;sue\u00f1o americano&quot; al &quot;e&quot;: cubanos choferes del transporte p\u00fablico en Tapachula - Cuballama Noticias\" \/>\n<meta property=\"og:description\" content=\"Tapachula cambi\u00f3 de rostro y acento&quot; asegura hoy &quot;Diario del Sur&quot; en una nota sobre el transporte p\u00fablico local.\" \/>\n<meta property=\"og:url\" content=\"https:\/\/www.cuballama.com\/noticias\/del-sueno-americano-al-e-cubanos-choferes-del-transporte-publico-en-tapachula\/\" \/>\n<meta property=\"og:site_name\" content=\"Cuballama Noticias\" \/>\n<meta property=\"article:publisher\" content=\"https:\/\/www.facebook.com\/CubaLlama\" \/>\n<meta property=\"article:published_time\" content=\"2026-08-31T20:02:34+00:00\" \/>\n<meta property=\"article:modified_time\" content=\"2026-08-31T21:20:09+00:00\" \/>\n<meta property=\"og:image\" content=\"https:\/\/cdn1.mediawpaccore.net\/wp-content\/uploads\/2025\/03\/19091151\/Detienen-a-10-migrantes-cubanos-y-un-venezolano-con-dos-coyotes-en-el-sur-de-Mexico-INM-1280x7001-1.jpg\" \/>\n\t<meta property=\"og:image:width\" content=\"1200\" \/>\n\t<meta property=\"og:image:height\" content=\"630\" \/>\n\t<meta property=\"og:image:type\" content=\"image\/jpeg\" \/>\n<meta name=\"author\" content=\"Manu\" \/>\n<meta name=\"twitter:card\" content=\"summary_large_image\" \/>\n<meta name=\"twitter:creator\" content=\"@cuballama\" \/>\n<meta name=\"twitter:site\" content=\"@cuballama\" \/>\n<meta name=\"twitter:label1\" content=\"Escrito por\" \/>\n\t<meta name=\"twitter:data1\" content=\"Manu\" \/>\n\t<meta name=\"twitter:label2\" content=\"Tiempo de lectura\" \/>\n\t<meta name=\"twitter:data2\" content=\"4 minutos\" \/>\n<script type=\"application\/ld+json\" class=\"yoast-schema-graph\">{\"@context\":\"https:\\\/\\\/schema.org\",\"@graph\":[{\"@type\":\"Article\",\"@id\":\"https:\\\/\\\/www.cuballama.com\\\/noticias\\\/del-sueno-americano-al-e-cubanos-choferes-del-transporte-publico-en-tapachula\\\/#article\",\"isPartOf\":{\"@id\":\"https:\\\/\\\/www.cuballama.com\\\/noticias\\\/del-sueno-americano-al-e-cubanos-choferes-del-transporte-publico-en-tapachula\\\/\"},\"author\":{\"name\":\"Manu\",\"@id\":\"https:\\\/\\\/www.cuballama.com\\\/noticias\\\/#\\\/schema\\\/person\\\/5889f7d070564f8386e7944d14d436cd\"},\"headline\":\"Del \u00absue\u00f1o americano\u00bb al \u00abe\u00bb: cubanos choferes del transporte p\u00fablico en Tapachula\",\"datePublished\":\"2026-08-31T20:02:34+00:00\",\"dateModified\":\"2026-08-31T21:20:09+00:00\",\"mainEntityOfPage\":{\"@id\":\"https:\\\/\\\/www.cuballama.com\\\/noticias\\\/del-sueno-americano-al-e-cubanos-choferes-del-transporte-publico-en-tapachula\\\/\"},\"wordCount\":864,\"commentCount\":0,\"publisher\":{\"@id\":\"https:\\\/\\\/www.cuballama.com\\\/noticias\\\/#organization\"},\"image\":{\"@id\":\"https:\\\/\\\/www.cuballama.com\\\/noticias\\\/del-sueno-americano-al-e-cubanos-choferes-del-transporte-publico-en-tapachula\\\/#primaryimage\"},\"thumbnailUrl\":\"https:\\\/\\\/cdn1.mediawpaccore.net\\\/wp-content\\\/uploads\\\/2025\\\/03\\\/19091151\\\/Detienen-a-10-migrantes-cubanos-y-un-venezolano-con-dos-coyotes-en-el-sur-de-Mexico-INM-1280x7001-1.jpg\",\"keywords\":[\"Crisis en Cuba\",\"Cuba\",\"destacado\",\"Migrantes cubanos\",\"Tapachula migrantes cubanos\"],\"articleSection\":[\"Noticias\",\"Noticias de Cuba\"],\"inLanguage\":\"es\",\"potentialAction\":[{\"@type\":\"CommentAction\",\"name\":\"Comment\",\"target\":[\"https:\\\/\\\/www.cuballama.com\\\/noticias\\\/del-sueno-americano-al-e-cubanos-choferes-del-transporte-publico-en-tapachula\\\/#respond\"]}]},{\"@type\":\"WebPage\",\"@id\":\"https:\\\/\\\/www.cuballama.com\\\/noticias\\\/del-sueno-americano-al-e-cubanos-choferes-del-transporte-publico-en-tapachula\\\/\",\"url\":\"https:\\\/\\\/www.cuballama.com\\\/noticias\\\/del-sueno-americano-al-e-cubanos-choferes-del-transporte-publico-en-tapachula\\\/\",\"name\":\"Del \\\"sue\u00f1o americano\\\" al \\\"e\\\": cubanos choferes del transporte p\u00fablico en Tapachula - Cuballama Noticias\",\"isPartOf\":{\"@id\":\"https:\\\/\\\/www.cuballama.com\\\/noticias\\\/#website\"},\"primaryImageOfPage\":{\"@id\":\"https:\\\/\\\/www.cuballama.com\\\/noticias\\\/del-sueno-americano-al-e-cubanos-choferes-del-transporte-publico-en-tapachula\\\/#primaryimage\"},\"image\":{\"@id\":\"https:\\\/\\\/www.cuballama.com\\\/noticias\\\/del-sueno-americano-al-e-cubanos-choferes-del-transporte-publico-en-tapachula\\\/#primaryimage\"},\"thumbnailUrl\":\"https:\\\/\\\/cdn1.mediawpaccore.net\\\/wp-content\\\/uploads\\\/2025\\\/03\\\/19091151\\\/Detienen-a-10-migrantes-cubanos-y-un-venezolano-con-dos-coyotes-en-el-sur-de-Mexico-INM-1280x7001-1.jpg\",\"datePublished\":\"2026-08-31T20:02:34+00:00\",\"dateModified\":\"2026-08-31T21:20:09+00:00\",\"description\":\"Tapachula cambi\u00f3 de rostro y acento\\\" asegura hoy \\\"Diario del Sur\\\" en una nota sobre el transporte p\u00fablico local.\",\"breadcrumb\":{\"@id\":\"https:\\\/\\\/www.cuballama.com\\\/noticias\\\/del-sueno-americano-al-e-cubanos-choferes-del-transporte-publico-en-tapachula\\\/#breadcrumb\"},\"inLanguage\":\"es\",\"potentialAction\":[{\"@type\":\"ReadAction\",\"target\":[\"https:\\\/\\\/www.cuballama.com\\\/noticias\\\/del-sueno-americano-al-e-cubanos-choferes-del-transporte-publico-en-tapachula\\\/\"]}]},{\"@type\":\"ImageObject\",\"inLanguage\":\"es\",\"@id\":\"https:\\\/\\\/www.cuballama.com\\\/noticias\\\/del-sueno-americano-al-e-cubanos-choferes-del-transporte-publico-en-tapachula\\\/#primaryimage\",\"url\":\"https:\\\/\\\/cdn1.mediawpaccore.net\\\/wp-content\\\/uploads\\\/2025\\\/03\\\/19091151\\\/Detienen-a-10-migrantes-cubanos-y-un-venezolano-con-dos-coyotes-en-el-sur-de-Mexico-INM-1280x7001-1.jpg\",\"contentUrl\":\"https:\\\/\\\/cdn1.mediawpaccore.net\\\/wp-content\\\/uploads\\\/2025\\\/03\\\/19091151\\\/Detienen-a-10-migrantes-cubanos-y-un-venezolano-con-dos-coyotes-en-el-sur-de-Mexico-INM-1280x7001-1.jpg\",\"width\":1200,\"height\":630,\"caption\":\"Migrantes en M\u00e9xico. Foto: Facebook\\\/Mario J. Pent\u00f3n.\"},{\"@type\":\"BreadcrumbList\",\"@id\":\"https:\\\/\\\/www.cuballama.com\\\/noticias\\\/del-sueno-americano-al-e-cubanos-choferes-del-transporte-publico-en-tapachula\\\/#breadcrumb\",\"itemListElement\":[{\"@type\":\"ListItem\",\"position\":1,\"name\":\"Home\",\"item\":\"https:\\\/\\\/www.cuballama.com\\\/noticias\\\/\"},{\"@type\":\"ListItem\",\"position\":2,\"name\":\"Del \u00absue\u00f1o americano\u00bb al \u00abe\u00bb: cubanos choferes del transporte p\u00fablico en Tapachula\"}]},{\"@type\":\"WebSite\",\"@id\":\"https:\\\/\\\/www.cuballama.com\\\/noticias\\\/#website\",\"url\":\"https:\\\/\\\/www.cuballama.com\\\/noticias\\\/\",\"name\":\"Cuballama Noticias\",\"description\":\"Medio digital sobre Cuba y el mundo\",\"publisher\":{\"@id\":\"https:\\\/\\\/www.cuballama.com\\\/noticias\\\/#organization\"},\"potentialAction\":[{\"@type\":\"SearchAction\",\"target\":{\"@type\":\"EntryPoint\",\"urlTemplate\":\"https:\\\/\\\/www.cuballama.com\\\/noticias\\\/?s={search_term_string}\"},\"query-input\":{\"@type\":\"PropertyValueSpecification\",\"valueRequired\":true,\"valueName\":\"search_term_string\"}}],\"inLanguage\":\"es\"},{\"@type\":\"Organization\",\"@id\":\"https:\\\/\\\/www.cuballama.com\\\/noticias\\\/#organization\",\"name\":\"Cuballama\",\"url\":\"https:\\\/\\\/www.cuballama.com\\\/noticias\\\/\",\"logo\":{\"@type\":\"ImageObject\",\"inLanguage\":\"es\",\"@id\":\"https:\\\/\\\/www.cuballama.com\\\/noticias\\\/#\\\/schema\\\/logo\\\/image\\\/\",\"url\":\"https:\\\/\\\/cdn1.mediawpaccore.net\\\/wp-content\\\/uploads\\\/2021\\\/12\\\/28171206\\\/cbll-logo-color-sm.png\",\"contentUrl\":\"https:\\\/\\\/cdn1.mediawpaccore.net\\\/wp-content\\\/uploads\\\/2021\\\/12\\\/28171206\\\/cbll-logo-color-sm.png\",\"width\":600,\"height\":133,\"caption\":\"Cuballama\"},\"image\":{\"@id\":\"https:\\\/\\\/www.cuballama.com\\\/noticias\\\/#\\\/schema\\\/logo\\\/image\\\/\"},\"sameAs\":[\"https:\\\/\\\/www.facebook.com\\\/CubaLlama\",\"https:\\\/\\\/x.com\\\/cuballama\",\"https:\\\/\\\/www.instagram.com\\\/stories\\\/cuballama_oficial\\\/\",\"https:\\\/\\\/www.youtube.com\\\/channel\\\/UCKkFE-d_axENGZcrc4as0IA\"]},{\"@type\":\"Person\",\"@id\":\"https:\\\/\\\/www.cuballama.com\\\/noticias\\\/#\\\/schema\\\/person\\\/5889f7d070564f8386e7944d14d436cd\",\"name\":\"Manu\",\"url\":\"https:\\\/\\\/www.cuballama.com\\\/noticias\\\/author\\\/manu\\\/\"}]}<\/script>\n<!-- \/ Yoast SEO plugin. -->","yoast_head_json":{"title":"Del \"sue\u00f1o americano\" al \"e\": cubanos choferes del transporte p\u00fablico en Tapachula - Cuballama Noticias","description":"Tapachula cambi\u00f3 de rostro y acento\" asegura hoy \"Diario del Sur\" en una nota sobre el transporte p\u00fablico local.","robots":{"index":"index","follow":"follow","max-snippet":"max-snippet:-1","max-image-preview":"max-image-preview:large","max-video-preview":"max-video-preview:-1"},"canonical":"https:\/\/www.cuballama.com\/noticias\/del-sueno-americano-al-e-cubanos-choferes-del-transporte-publico-en-tapachula\/","og_locale":"es_ES","og_type":"article","og_title":"Del \"sue\u00f1o americano\" al \"e\": cubanos choferes del transporte p\u00fablico en Tapachula - Cuballama Noticias","og_description":"Tapachula cambi\u00f3 de rostro y acento\" asegura hoy \"Diario del Sur\" en una nota sobre el transporte p\u00fablico local.","og_url":"https:\/\/www.cuballama.com\/noticias\/del-sueno-americano-al-e-cubanos-choferes-del-transporte-publico-en-tapachula\/","og_site_name":"Cuballama Noticias","article_publisher":"https:\/\/www.facebook.com\/CubaLlama","article_published_time":"2026-08-31T20:02:34+00:00","article_modified_time":"2026-08-31T21:20:09+00:00","og_image":[{"width":1200,"height":630,"url":"https:\/\/cdn1.mediawpaccore.net\/wp-content\/uploads\/2025\/03\/19091151\/Detienen-a-10-migrantes-cubanos-y-un-venezolano-con-dos-coyotes-en-el-sur-de-Mexico-INM-1280x7001-1.jpg","type":"image\/jpeg"}],"author":"Manu","twitter_card":"summary_large_image","twitter_creator":"@cuballama","twitter_site":"@cuballama","twitter_misc":{"Escrito por":"Manu","Tiempo de lectura":"4 minutos"},"schema":{"@context":"https:\/\/schema.org","@graph":[{"@type":"Article","@id":"https:\/\/www.cuballama.com\/noticias\/del-sueno-americano-al-e-cubanos-choferes-del-transporte-publico-en-tapachula\/#article","isPartOf":{"@id":"https:\/\/www.cuballama.com\/noticias\/del-sueno-americano-al-e-cubanos-choferes-del-transporte-publico-en-tapachula\/"},"author":{"name":"Manu","@id":"https:\/\/www.cuballama.com\/noticias\/#\/schema\/person\/5889f7d070564f8386e7944d14d436cd"},"headline":"Del \u00absue\u00f1o americano\u00bb al \u00abe\u00bb: cubanos choferes del transporte p\u00fablico en Tapachula","datePublished":"2026-08-31T20:02:34+00:00","dateModified":"2026-08-31T21:20:09+00:00","mainEntityOfPage":{"@id":"https:\/\/www.cuballama.com\/noticias\/del-sueno-americano-al-e-cubanos-choferes-del-transporte-publico-en-tapachula\/"},"wordCount":864,"commentCount":0,"publisher":{"@id":"https:\/\/www.cuballama.com\/noticias\/#organization"},"image":{"@id":"https:\/\/www.cuballama.com\/noticias\/del-sueno-americano-al-e-cubanos-choferes-del-transporte-publico-en-tapachula\/#primaryimage"},"thumbnailUrl":"https:\/\/cdn1.mediawpaccore.net\/wp-content\/uploads\/2025\/03\/19091151\/Detienen-a-10-migrantes-cubanos-y-un-venezolano-con-dos-coyotes-en-el-sur-de-Mexico-INM-1280x7001-1.jpg","keywords":["Crisis en Cuba","Cuba","destacado","Migrantes cubanos","Tapachula migrantes cubanos"],"articleSection":["Noticias","Noticias de Cuba"],"inLanguage":"es","potentialAction":[{"@type":"CommentAction","name":"Comment","target":["https:\/\/www.cuballama.com\/noticias\/del-sueno-americano-al-e-cubanos-choferes-del-transporte-publico-en-tapachula\/#respond"]}]},{"@type":"WebPage","@id":"https:\/\/www.cuballama.com\/noticias\/del-sueno-americano-al-e-cubanos-choferes-del-transporte-publico-en-tapachula\/","url":"https:\/\/www.cuballama.com\/noticias\/del-sueno-americano-al-e-cubanos-choferes-del-transporte-publico-en-tapachula\/","name":"Del \"sue\u00f1o americano\" al \"e\": cubanos choferes del transporte p\u00fablico en Tapachula - Cuballama Noticias","isPartOf":{"@id":"https:\/\/www.cuballama.com\/noticias\/#website"},"primaryImageOfPage":{"@id":"https:\/\/www.cuballama.com\/noticias\/del-sueno-americano-al-e-cubanos-choferes-del-transporte-publico-en-tapachula\/#primaryimage"},"image":{"@id":"https:\/\/www.cuballama.com\/noticias\/del-sueno-americano-al-e-cubanos-choferes-del-transporte-publico-en-tapachula\/#primaryimage"},"thumbnailUrl":"https:\/\/cdn1.mediawpaccore.net\/wp-content\/uploads\/2025\/03\/19091151\/Detienen-a-10-migrantes-cubanos-y-un-venezolano-con-dos-coyotes-en-el-sur-de-Mexico-INM-1280x7001-1.jpg","datePublished":"2026-08-31T20:02:34+00:00","dateModified":"2026-08-31T21:20:09+00:00","description":"Tapachula cambi\u00f3 de rostro y acento\" asegura hoy \"Diario del Sur\" en una nota sobre el transporte p\u00fablico local.","breadcrumb":{"@id":"https:\/\/www.cuballama.com\/noticias\/del-sueno-americano-al-e-cubanos-choferes-del-transporte-publico-en-tapachula\/#breadcrumb"},"inLanguage":"es","potentialAction":[{"@type":"ReadAction","target":["https:\/\/www.cuballama.com\/noticias\/del-sueno-americano-al-e-cubanos-choferes-del-transporte-publico-en-tapachula\/"]}]},{"@type":"ImageObject","inLanguage":"es","@id":"https:\/\/www.cuballama.com\/noticias\/del-sueno-americano-al-e-cubanos-choferes-del-transporte-publico-en-tapachula\/#primaryimage","url":"https:\/\/cdn1.mediawpaccore.net\/wp-content\/uploads\/2025\/03\/19091151\/Detienen-a-10-migrantes-cubanos-y-un-venezolano-con-dos-coyotes-en-el-sur-de-Mexico-INM-1280x7001-1.jpg","contentUrl":"https:\/\/cdn1.mediawpaccore.net\/wp-content\/uploads\/2025\/03\/19091151\/Detienen-a-10-migrantes-cubanos-y-un-venezolano-con-dos-coyotes-en-el-sur-de-Mexico-INM-1280x7001-1.jpg","width":1200,"height":630,"caption":"Migrantes en M\u00e9xico. Foto: Facebook\/Mario J. Pent\u00f3n."},{"@type":"BreadcrumbList","@id":"https:\/\/www.cuballama.com\/noticias\/del-sueno-americano-al-e-cubanos-choferes-del-transporte-publico-en-tapachula\/#breadcrumb","itemListElement":[{"@type":"ListItem","position":1,"name":"Home","item":"https:\/\/www.cuballama.com\/noticias\/"},{"@type":"ListItem","position":2,"name":"Del \u00absue\u00f1o americano\u00bb al \u00abe\u00bb: cubanos choferes del transporte p\u00fablico en Tapachula"}]},{"@type":"WebSite","@id":"https:\/\/www.cuballama.com\/noticias\/#website","url":"https:\/\/www.cuballama.com\/noticias\/","name":"Cuballama Noticias","description":"Medio digital sobre Cuba y el mundo","publisher":{"@id":"https:\/\/www.cuballama.com\/noticias\/#organization"},"potentialAction":[{"@type":"SearchAction","target":{"@type":"EntryPoint","urlTemplate":"https:\/\/www.cuballama.com\/noticias\/?s={search_term_string}"},"query-input":{"@type":"PropertyValueSpecification","valueRequired":true,"valueName":"search_term_string"}}],"inLanguage":"es"},{"@type":"Organization","@id":"https:\/\/www.cuballama.com\/noticias\/#organization","name":"Cuballama","url":"https:\/\/www.cuballama.com\/noticias\/","logo":{"@type":"ImageObject","inLanguage":"es","@id":"https:\/\/www.cuballama.com\/noticias\/#\/schema\/logo\/image\/","url":"https:\/\/cdn1.mediawpaccore.net\/wp-content\/uploads\/2021\/12\/28171206\/cbll-logo-color-sm.png","contentUrl":"https:\/\/cdn1.mediawpaccore.net\/wp-content\/uploads\/2021\/12\/28171206\/cbll-logo-color-sm.png","width":600,"height":133,"caption":"Cuballama"},"image":{"@id":"https:\/\/www.cuballama.com\/noticias\/#\/schema\/logo\/image\/"},"sameAs":["https:\/\/www.facebook.com\/CubaLlama","https:\/\/x.com\/cuballama","https:\/\/www.instagram.com\/stories\/cuballama_oficial\/","https:\/\/www.youtube.com\/channel\/UCKkFE-d_axENGZcrc4as0IA"]},{"@type":"Person","@id":"https:\/\/www.cuballama.com\/noticias\/#\/schema\/person\/5889f7d070564f8386e7944d14d436cd","name":"Manu","url":"https:\/\/www.cuballama.com\/noticias\/author\/manu\/"}]}},"_links":{"self":[{"href":"https:\/\/www.cuballama.com\/noticias\/wp-json\/wp\/v2\/posts\/255667","targetHints":{"allow":["GET"]}}],"collection":[{"href":"https:\/\/www.cuballama.com\/noticias\/wp-json\/wp\/v2\/posts"}],"about":[{"href":"https:\/\/www.cuballama.com\/noticias\/wp-json\/wp\/v2\/types\/post"}],"author":[{"embeddable":true,"href":"https:\/\/www.cuballama.com\/noticias\/wp-json\/wp\/v2\/users\/24"}],"replies":[{"embeddable":true,"href":"https:\/\/www.cuballama.com\/noticias\/wp-json\/wp\/v2\/comments?post=255667"}],"version-history":[{"count":3,"href":"https:\/\/www.cuballama.com\/noticias\/wp-json\/wp\/v2\/posts\/255667\/revisions"}],"predecessor-version":[{"id":255670,"href":"https:\/\/www.cuballama.com\/noticias\/wp-json\/wp\/v2\/posts\/255667\/revisions\/255670"}],"wp:featuredmedia":[{"embeddable":true,"href":"https:\/\/www.cuballama.com\/noticias\/wp-json\/wp\/v2\/media\/201824"}],"wp:attachment":[{"href":"https:\/\/www.cuballama.com\/noticias\/wp-json\/wp\/v2\/media?parent=255667"}],"wp:term":[{"taxonomy":"category","embeddable":true,"href":"https:\/\/www.cuballama.com\/noticias\/wp-json\/wp\/v2\/categories?post=255667"},{"taxonomy":"post_tag","embeddable":true,"href":"https:\/\/www.cuballama.com\/noticias\/wp-json\/wp\/v2\/tags?post=255667"}],"curies":[{"name":"wp","href":"https:\/\/api.w.org\/{rel}","templated":true}]}}