{"id":255657,"date":"2026-08-31T14:10:10","date_gmt":"2026-08-31T18:10:10","guid":{"rendered":"https:\/\/www.cuballama.com\/noticias\/?p=255657"},"modified":"2026-08-31T14:12:05","modified_gmt":"2026-08-31T18:12:05","slug":"joven-cubano-se-debate-entre-la-vida-y-la-muerte-tras-ser-apunalado-en-camaguey","status":"publish","type":"post","link":"https:\/\/www.cuballama.com\/noticias\/joven-cubano-se-debate-entre-la-vida-y-la-muerte-tras-ser-apunalado-en-camaguey\/","title":{"rendered":"Joven cubano se debate entre la vida y la muerte tras ser apu\u00f1alado en Camag\u00fcey"},"content":{"rendered":"\n<p class=\"wp-block-paragraph\">Un joven cubano identificado como Leonard Conesa se debate entre la vida y la muerte tras ser apu\u00f1alado en Playa Santa Luc\u00eda, Camag\u00fcey.<\/p>\n\n\n\n<p class=\"wp-block-paragraph\">Seg\u00fan declar\u00f3 una familiar de la v\u00edctima al activista Niover Locea, administrador de la p\u00e1gina Nio reportando un crimen, hasta la ma\u00f1ana de este lunes el estado del muchacho continuaba siendo muy delicado.&nbsp;<\/p>\n\n\n\n<p class=\"wp-block-paragraph\">De acuerdo con este testimonio, Leonard, de 18 a\u00f1os, permanec\u00eda a\u00fan en el sal\u00f3n debido a que no habr\u00eda disponibilidad de camas en la unidad de Terapia Intensiva del Hospital Amalia Simoni.<\/p>\n\n\n\n<p class=\"wp-block-paragraph\">Asimismo, la familia revel\u00f3 la gravedad de las lesiones de Leonard, quien recibi\u00f3 ocho heridas con arma blanca y habr\u00eda perdido aproximadamente el 50% de su sangre.<\/p>\n\n\n\n<iframe loading=\"lazy\" src=\"https:\/\/www.facebook.com\/plugins\/post.php?href=https%3A%2F%2Fwww.facebook.com%2Fpermalink.php%3Fstory_fbid%3Dpfbid0Wgm9LZj5GYDyvSFDSaek5S2fxnPnAZsFUasPJqTPN9QqnFXXDCXk2fZ5mrjaGnYBl%26id%3D61559784217848&#038;show_text=true&#038;width=500\" width=\"500\" height=\"736\" style=\"border:none;overflow:hidden\" scrolling=\"no\" frameborder=\"0\" allowfullscreen=\"true\" allow=\"autoplay; clipboard-write; encrypted-media; picture-in-picture; web-share\"><\/iframe>\n\n\n\n<p class=\"wp-block-paragraph\">Como consecuencia de las lesiones, fue necesario extirparle el bazo y hacerle un drenaje pulmonar.<\/p>\n\n\n\n<p class=\"wp-block-paragraph\">Licea recalc\u00f3 adem\u00e1s que Leonard consigui\u00f3 superar una intervenci\u00f3n quir\u00fargica, pero su situaci\u00f3n contin\u00faa siendo cr\u00edtica y las pr\u00f3ximas horas ser\u00e1n fundamentales.&nbsp;<\/p>\n\n\n\n<p class=\"wp-block-paragraph\">El padre del muchacho pidi\u00f3 ayuda adem\u00e1s para conseguir donantes, lo que recibi\u00f3 enseguida un apoyo abrumador en redes sociales.<\/p>\n\n\n\n<p class=\"wp-block-paragraph\">Nio reportando un crimen public\u00f3 que el joven se encontraba en una fiesta en Santa Luc\u00eda y habr\u00eda sido asaltado presuntamente para quitarle su motorina.&nbsp;<\/p>\n\n\n\n<p class=\"wp-block-paragraph\">De acuerdo con lo informado hasta el momento, tras el incidente habr\u00edan sido detenidas tres personas.<\/p>\n\n\n\n<p class=\"wp-block-paragraph\"><\/p>\n\n\n\n<p class=\"wp-block-paragraph\"><\/p>\n\n\n\n<p class=\"wp-block-paragraph\"><\/p>\n","protected":false},"excerpt":{"rendered":"<p>Hasta la ma\u00f1ana de este lunes el estado del muchacho continuaba siendo muy delicado.\u00a0<\/p>\n","protected":false},"author":30,"featured_media":255660,"comment_status":"open","ping_status":"closed","sticky":false,"template":"","format":"standard","meta":{"_acf_changed":false,"footnotes":""},"categories":[18,955],"tags":[2652,10867,941,37799,13408],"class_list":["post-255657","post","type-post","status-publish","format-standard","has-post-thumbnail","category-noticias","category-noticias-de-cuba","tag-crimen","tag-crisis-en-cuba","tag-destacado","tag-joven-asaltado","tag-joven-cubano"],"acf":[],"yoast_head":"<!-- This site is optimized with the Yoast SEO plugin v28.3 - https:\/\/yoast.com\/product\/yoast-seo-wordpress\/ -->\n<title>Joven cubano se debate entre la vida y la muerte tras ser apu\u00f1alado en Camag\u00fcey - Cuballama Noticias<\/title>\n<meta name=\"description\" content=\"Un joven cubano identificado como Leonard Conesa se debate entre la vida y la muerte tras ser apu\u00f1alado en Playa Santa Luc\u00eda, Camag\u00fcey.\" \/>\n<meta name=\"robots\" content=\"index, follow, max-snippet:-1, max-image-preview:large, max-video-preview:-1\" \/>\n<link rel=\"canonical\" href=\"https:\/\/www.cuballama.com\/noticias\/joven-cubano-se-debate-entre-la-vida-y-la-muerte-tras-ser-apunalado-en-camaguey\/\" \/>\n<meta property=\"og:locale\" content=\"es_ES\" \/>\n<meta property=\"og:type\" content=\"article\" \/>\n<meta property=\"og:title\" content=\"Joven cubano se debate entre la vida y la muerte tras ser apu\u00f1alado en Camag\u00fcey - Cuballama Noticias\" \/>\n<meta property=\"og:description\" content=\"Un joven cubano identificado como Leonard Conesa se debate entre la vida y la muerte tras ser apu\u00f1alado en Playa Santa Luc\u00eda, Camag\u00fcey.\" \/>\n<meta property=\"og:url\" content=\"https:\/\/www.cuballama.com\/noticias\/joven-cubano-se-debate-entre-la-vida-y-la-muerte-tras-ser-apunalado-en-camaguey\/\" \/>\n<meta property=\"og:site_name\" content=\"Cuballama Noticias\" \/>\n<meta property=\"article:publisher\" content=\"https:\/\/www.facebook.com\/CubaLlama\" \/>\n<meta property=\"article:published_time\" content=\"2026-08-31T18:10:10+00:00\" \/>\n<meta property=\"article:modified_time\" content=\"2026-08-31T18:12:05+00:00\" \/>\n<meta property=\"og:image\" content=\"https:\/\/cdn1.mediawpaccore.net\/wp-content\/uploads\/2026\/08\/31132533\/789565259_2253975138777327_8230409301669652469_n1.jpg\" \/>\n\t<meta property=\"og:image:width\" content=\"1200\" \/>\n\t<meta property=\"og:image:height\" content=\"630\" \/>\n\t<meta property=\"og:image:type\" content=\"image\/jpeg\" \/>\n<meta name=\"author\" content=\"Kathy\" \/>\n<meta name=\"twitter:card\" content=\"summary_large_image\" \/>\n<meta name=\"twitter:creator\" content=\"@cuballama\" \/>\n<meta name=\"twitter:site\" content=\"@cuballama\" \/>\n<meta name=\"twitter:label1\" content=\"Escrito por\" \/>\n\t<meta name=\"twitter:data1\" content=\"Kathy\" \/>\n\t<meta name=\"twitter:label2\" content=\"Tiempo de lectura\" \/>\n\t<meta name=\"twitter:data2\" content=\"2 minutos\" \/>\n<script type=\"application\/ld+json\" class=\"yoast-schema-graph\">{\"@context\":\"https:\\\/\\\/schema.org\",\"@graph\":[{\"@type\":\"Article\",\"@id\":\"https:\\\/\\\/www.cuballama.com\\\/noticias\\\/joven-cubano-se-debate-entre-la-vida-y-la-muerte-tras-ser-apunalado-en-camaguey\\\/#article\",\"isPartOf\":{\"@id\":\"https:\\\/\\\/www.cuballama.com\\\/noticias\\\/joven-cubano-se-debate-entre-la-vida-y-la-muerte-tras-ser-apunalado-en-camaguey\\\/\"},\"author\":{\"name\":\"Kathy\",\"@id\":\"https:\\\/\\\/www.cuballama.com\\\/noticias\\\/#\\\/schema\\\/person\\\/86cd3e3f4974437f031211213bf892d5\"},\"headline\":\"Joven cubano se debate entre la vida y la muerte tras ser apu\u00f1alado en Camag\u00fcey\",\"datePublished\":\"2026-08-31T18:10:10+00:00\",\"dateModified\":\"2026-08-31T18:12:05+00:00\",\"mainEntityOfPage\":{\"@id\":\"https:\\\/\\\/www.cuballama.com\\\/noticias\\\/joven-cubano-se-debate-entre-la-vida-y-la-muerte-tras-ser-apunalado-en-camaguey\\\/\"},\"wordCount\":256,\"commentCount\":0,\"publisher\":{\"@id\":\"https:\\\/\\\/www.cuballama.com\\\/noticias\\\/#organization\"},\"image\":{\"@id\":\"https:\\\/\\\/www.cuballama.com\\\/noticias\\\/joven-cubano-se-debate-entre-la-vida-y-la-muerte-tras-ser-apunalado-en-camaguey\\\/#primaryimage\"},\"thumbnailUrl\":\"https:\\\/\\\/cdn1.mediawpaccore.net\\\/wp-content\\\/uploads\\\/2026\\\/08\\\/31132533\\\/789565259_2253975138777327_8230409301669652469_n1.jpg\",\"keywords\":[\"crimen\",\"Crisis en Cuba\",\"destacado\",\"joven asaltado\",\"joven cubano\"],\"articleSection\":[\"Noticias\",\"Noticias de Cuba\"],\"inLanguage\":\"es\",\"potentialAction\":[{\"@type\":\"CommentAction\",\"name\":\"Comment\",\"target\":[\"https:\\\/\\\/www.cuballama.com\\\/noticias\\\/joven-cubano-se-debate-entre-la-vida-y-la-muerte-tras-ser-apunalado-en-camaguey\\\/#respond\"]}]},{\"@type\":\"WebPage\",\"@id\":\"https:\\\/\\\/www.cuballama.com\\\/noticias\\\/joven-cubano-se-debate-entre-la-vida-y-la-muerte-tras-ser-apunalado-en-camaguey\\\/\",\"url\":\"https:\\\/\\\/www.cuballama.com\\\/noticias\\\/joven-cubano-se-debate-entre-la-vida-y-la-muerte-tras-ser-apunalado-en-camaguey\\\/\",\"name\":\"Joven cubano se debate entre la vida y la muerte tras ser apu\u00f1alado en Camag\u00fcey - Cuballama Noticias\",\"isPartOf\":{\"@id\":\"https:\\\/\\\/www.cuballama.com\\\/noticias\\\/#website\"},\"primaryImageOfPage\":{\"@id\":\"https:\\\/\\\/www.cuballama.com\\\/noticias\\\/joven-cubano-se-debate-entre-la-vida-y-la-muerte-tras-ser-apunalado-en-camaguey\\\/#primaryimage\"},\"image\":{\"@id\":\"https:\\\/\\\/www.cuballama.com\\\/noticias\\\/joven-cubano-se-debate-entre-la-vida-y-la-muerte-tras-ser-apunalado-en-camaguey\\\/#primaryimage\"},\"thumbnailUrl\":\"https:\\\/\\\/cdn1.mediawpaccore.net\\\/wp-content\\\/uploads\\\/2026\\\/08\\\/31132533\\\/789565259_2253975138777327_8230409301669652469_n1.jpg\",\"datePublished\":\"2026-08-31T18:10:10+00:00\",\"dateModified\":\"2026-08-31T18:12:05+00:00\",\"description\":\"Un joven cubano identificado como Leonard Conesa se debate entre la vida y la muerte tras ser apu\u00f1alado en Playa Santa Luc\u00eda, Camag\u00fcey.\",\"breadcrumb\":{\"@id\":\"https:\\\/\\\/www.cuballama.com\\\/noticias\\\/joven-cubano-se-debate-entre-la-vida-y-la-muerte-tras-ser-apunalado-en-camaguey\\\/#breadcrumb\"},\"inLanguage\":\"es\",\"potentialAction\":[{\"@type\":\"ReadAction\",\"target\":[\"https:\\\/\\\/www.cuballama.com\\\/noticias\\\/joven-cubano-se-debate-entre-la-vida-y-la-muerte-tras-ser-apunalado-en-camaguey\\\/\"]}]},{\"@type\":\"ImageObject\",\"inLanguage\":\"es\",\"@id\":\"https:\\\/\\\/www.cuballama.com\\\/noticias\\\/joven-cubano-se-debate-entre-la-vida-y-la-muerte-tras-ser-apunalado-en-camaguey\\\/#primaryimage\",\"url\":\"https:\\\/\\\/cdn1.mediawpaccore.net\\\/wp-content\\\/uploads\\\/2026\\\/08\\\/31132533\\\/789565259_2253975138777327_8230409301669652469_n1.jpg\",\"contentUrl\":\"https:\\\/\\\/cdn1.mediawpaccore.net\\\/wp-content\\\/uploads\\\/2026\\\/08\\\/31132533\\\/789565259_2253975138777327_8230409301669652469_n1.jpg\",\"width\":1200,\"height\":630,\"caption\":\"Leonard Conesa. Foto: Facebook\\\/Nio reportando un crimen.\"},{\"@type\":\"BreadcrumbList\",\"@id\":\"https:\\\/\\\/www.cuballama.com\\\/noticias\\\/joven-cubano-se-debate-entre-la-vida-y-la-muerte-tras-ser-apunalado-en-camaguey\\\/#breadcrumb\",\"itemListElement\":[{\"@type\":\"ListItem\",\"position\":1,\"name\":\"Home\",\"item\":\"https:\\\/\\\/www.cuballama.com\\\/noticias\\\/\"},{\"@type\":\"ListItem\",\"position\":2,\"name\":\"Joven cubano se debate entre la vida y la muerte tras ser apu\u00f1alado en Camag\u00fcey\"}]},{\"@type\":\"WebSite\",\"@id\":\"https:\\\/\\\/www.cuballama.com\\\/noticias\\\/#website\",\"url\":\"https:\\\/\\\/www.cuballama.com\\\/noticias\\\/\",\"name\":\"Cuballama Noticias\",\"description\":\"Medio digital sobre Cuba y el mundo\",\"publisher\":{\"@id\":\"https:\\\/\\\/www.cuballama.com\\\/noticias\\\/#organization\"},\"potentialAction\":[{\"@type\":\"SearchAction\",\"target\":{\"@type\":\"EntryPoint\",\"urlTemplate\":\"https:\\\/\\\/www.cuballama.com\\\/noticias\\\/?s={search_term_string}\"},\"query-input\":{\"@type\":\"PropertyValueSpecification\",\"valueRequired\":true,\"valueName\":\"search_term_string\"}}],\"inLanguage\":\"es\"},{\"@type\":\"Organization\",\"@id\":\"https:\\\/\\\/www.cuballama.com\\\/noticias\\\/#organization\",\"name\":\"Cuballama\",\"url\":\"https:\\\/\\\/www.cuballama.com\\\/noticias\\\/\",\"logo\":{\"@type\":\"ImageObject\",\"inLanguage\":\"es\",\"@id\":\"https:\\\/\\\/www.cuballama.com\\\/noticias\\\/#\\\/schema\\\/logo\\\/image\\\/\",\"url\":\"https:\\\/\\\/cdn1.mediawpaccore.net\\\/wp-content\\\/uploads\\\/2021\\\/12\\\/28171206\\\/cbll-logo-color-sm.png\",\"contentUrl\":\"https:\\\/\\\/cdn1.mediawpaccore.net\\\/wp-content\\\/uploads\\\/2021\\\/12\\\/28171206\\\/cbll-logo-color-sm.png\",\"width\":600,\"height\":133,\"caption\":\"Cuballama\"},\"image\":{\"@id\":\"https:\\\/\\\/www.cuballama.com\\\/noticias\\\/#\\\/schema\\\/logo\\\/image\\\/\"},\"sameAs\":[\"https:\\\/\\\/www.facebook.com\\\/CubaLlama\",\"https:\\\/\\\/x.com\\\/cuballama\",\"https:\\\/\\\/www.instagram.com\\\/stories\\\/cuballama_oficial\\\/\",\"https:\\\/\\\/www.youtube.com\\\/channel\\\/UCKkFE-d_axENGZcrc4as0IA\"]},{\"@type\":\"Person\",\"@id\":\"https:\\\/\\\/www.cuballama.com\\\/noticias\\\/#\\\/schema\\\/person\\\/86cd3e3f4974437f031211213bf892d5\",\"name\":\"Kathy\",\"url\":\"https:\\\/\\\/www.cuballama.com\\\/noticias\\\/author\\\/kathy\\\/\"}]}<\/script>\n<!-- \/ Yoast SEO plugin. -->","yoast_head_json":{"title":"Joven cubano se debate entre la vida y la muerte tras ser apu\u00f1alado en Camag\u00fcey - Cuballama Noticias","description":"Un joven cubano identificado como Leonard Conesa se debate entre la vida y la muerte tras ser apu\u00f1alado en Playa Santa Luc\u00eda, Camag\u00fcey.","robots":{"index":"index","follow":"follow","max-snippet":"max-snippet:-1","max-image-preview":"max-image-preview:large","max-video-preview":"max-video-preview:-1"},"canonical":"https:\/\/www.cuballama.com\/noticias\/joven-cubano-se-debate-entre-la-vida-y-la-muerte-tras-ser-apunalado-en-camaguey\/","og_locale":"es_ES","og_type":"article","og_title":"Joven cubano se debate entre la vida y la muerte tras ser apu\u00f1alado en Camag\u00fcey - Cuballama Noticias","og_description":"Un joven cubano identificado como Leonard Conesa se debate entre la vida y la muerte tras ser apu\u00f1alado en Playa Santa Luc\u00eda, Camag\u00fcey.","og_url":"https:\/\/www.cuballama.com\/noticias\/joven-cubano-se-debate-entre-la-vida-y-la-muerte-tras-ser-apunalado-en-camaguey\/","og_site_name":"Cuballama Noticias","article_publisher":"https:\/\/www.facebook.com\/CubaLlama","article_published_time":"2026-08-31T18:10:10+00:00","article_modified_time":"2026-08-31T18:12:05+00:00","og_image":[{"width":1200,"height":630,"url":"https:\/\/cdn1.mediawpaccore.net\/wp-content\/uploads\/2026\/08\/31132533\/789565259_2253975138777327_8230409301669652469_n1.jpg","type":"image\/jpeg"}],"author":"Kathy","twitter_card":"summary_large_image","twitter_creator":"@cuballama","twitter_site":"@cuballama","twitter_misc":{"Escrito por":"Kathy","Tiempo de lectura":"2 minutos"},"schema":{"@context":"https:\/\/schema.org","@graph":[{"@type":"Article","@id":"https:\/\/www.cuballama.com\/noticias\/joven-cubano-se-debate-entre-la-vida-y-la-muerte-tras-ser-apunalado-en-camaguey\/#article","isPartOf":{"@id":"https:\/\/www.cuballama.com\/noticias\/joven-cubano-se-debate-entre-la-vida-y-la-muerte-tras-ser-apunalado-en-camaguey\/"},"author":{"name":"Kathy","@id":"https:\/\/www.cuballama.com\/noticias\/#\/schema\/person\/86cd3e3f4974437f031211213bf892d5"},"headline":"Joven cubano se debate entre la vida y la muerte tras ser apu\u00f1alado en Camag\u00fcey","datePublished":"2026-08-31T18:10:10+00:00","dateModified":"2026-08-31T18:12:05+00:00","mainEntityOfPage":{"@id":"https:\/\/www.cuballama.com\/noticias\/joven-cubano-se-debate-entre-la-vida-y-la-muerte-tras-ser-apunalado-en-camaguey\/"},"wordCount":256,"commentCount":0,"publisher":{"@id":"https:\/\/www.cuballama.com\/noticias\/#organization"},"image":{"@id":"https:\/\/www.cuballama.com\/noticias\/joven-cubano-se-debate-entre-la-vida-y-la-muerte-tras-ser-apunalado-en-camaguey\/#primaryimage"},"thumbnailUrl":"https:\/\/cdn1.mediawpaccore.net\/wp-content\/uploads\/2026\/08\/31132533\/789565259_2253975138777327_8230409301669652469_n1.jpg","keywords":["crimen","Crisis en Cuba","destacado","joven asaltado","joven cubano"],"articleSection":["Noticias","Noticias de Cuba"],"inLanguage":"es","potentialAction":[{"@type":"CommentAction","name":"Comment","target":["https:\/\/www.cuballama.com\/noticias\/joven-cubano-se-debate-entre-la-vida-y-la-muerte-tras-ser-apunalado-en-camaguey\/#respond"]}]},{"@type":"WebPage","@id":"https:\/\/www.cuballama.com\/noticias\/joven-cubano-se-debate-entre-la-vida-y-la-muerte-tras-ser-apunalado-en-camaguey\/","url":"https:\/\/www.cuballama.com\/noticias\/joven-cubano-se-debate-entre-la-vida-y-la-muerte-tras-ser-apunalado-en-camaguey\/","name":"Joven cubano se debate entre la vida y la muerte tras ser apu\u00f1alado en Camag\u00fcey - Cuballama Noticias","isPartOf":{"@id":"https:\/\/www.cuballama.com\/noticias\/#website"},"primaryImageOfPage":{"@id":"https:\/\/www.cuballama.com\/noticias\/joven-cubano-se-debate-entre-la-vida-y-la-muerte-tras-ser-apunalado-en-camaguey\/#primaryimage"},"image":{"@id":"https:\/\/www.cuballama.com\/noticias\/joven-cubano-se-debate-entre-la-vida-y-la-muerte-tras-ser-apunalado-en-camaguey\/#primaryimage"},"thumbnailUrl":"https:\/\/cdn1.mediawpaccore.net\/wp-content\/uploads\/2026\/08\/31132533\/789565259_2253975138777327_8230409301669652469_n1.jpg","datePublished":"2026-08-31T18:10:10+00:00","dateModified":"2026-08-31T18:12:05+00:00","description":"Un joven cubano identificado como Leonard Conesa se debate entre la vida y la muerte tras ser apu\u00f1alado en Playa Santa Luc\u00eda, Camag\u00fcey.","breadcrumb":{"@id":"https:\/\/www.cuballama.com\/noticias\/joven-cubano-se-debate-entre-la-vida-y-la-muerte-tras-ser-apunalado-en-camaguey\/#breadcrumb"},"inLanguage":"es","potentialAction":[{"@type":"ReadAction","target":["https:\/\/www.cuballama.com\/noticias\/joven-cubano-se-debate-entre-la-vida-y-la-muerte-tras-ser-apunalado-en-camaguey\/"]}]},{"@type":"ImageObject","inLanguage":"es","@id":"https:\/\/www.cuballama.com\/noticias\/joven-cubano-se-debate-entre-la-vida-y-la-muerte-tras-ser-apunalado-en-camaguey\/#primaryimage","url":"https:\/\/cdn1.mediawpaccore.net\/wp-content\/uploads\/2026\/08\/31132533\/789565259_2253975138777327_8230409301669652469_n1.jpg","contentUrl":"https:\/\/cdn1.mediawpaccore.net\/wp-content\/uploads\/2026\/08\/31132533\/789565259_2253975138777327_8230409301669652469_n1.jpg","width":1200,"height":630,"caption":"Leonard Conesa. Foto: Facebook\/Nio reportando un crimen."},{"@type":"BreadcrumbList","@id":"https:\/\/www.cuballama.com\/noticias\/joven-cubano-se-debate-entre-la-vida-y-la-muerte-tras-ser-apunalado-en-camaguey\/#breadcrumb","itemListElement":[{"@type":"ListItem","position":1,"name":"Home","item":"https:\/\/www.cuballama.com\/noticias\/"},{"@type":"ListItem","position":2,"name":"Joven cubano se debate entre la vida y la muerte tras ser apu\u00f1alado en Camag\u00fcey"}]},{"@type":"WebSite","@id":"https:\/\/www.cuballama.com\/noticias\/#website","url":"https:\/\/www.cuballama.com\/noticias\/","name":"Cuballama Noticias","description":"Medio digital sobre Cuba y el mundo","publisher":{"@id":"https:\/\/www.cuballama.com\/noticias\/#organization"},"potentialAction":[{"@type":"SearchAction","target":{"@type":"EntryPoint","urlTemplate":"https:\/\/www.cuballama.com\/noticias\/?s={search_term_string}"},"query-input":{"@type":"PropertyValueSpecification","valueRequired":true,"valueName":"search_term_string"}}],"inLanguage":"es"},{"@type":"Organization","@id":"https:\/\/www.cuballama.com\/noticias\/#organization","name":"Cuballama","url":"https:\/\/www.cuballama.com\/noticias\/","logo":{"@type":"ImageObject","inLanguage":"es","@id":"https:\/\/www.cuballama.com\/noticias\/#\/schema\/logo\/image\/","url":"https:\/\/cdn1.mediawpaccore.net\/wp-content\/uploads\/2021\/12\/28171206\/cbll-logo-color-sm.png","contentUrl":"https:\/\/cdn1.mediawpaccore.net\/wp-content\/uploads\/2021\/12\/28171206\/cbll-logo-color-sm.png","width":600,"height":133,"caption":"Cuballama"},"image":{"@id":"https:\/\/www.cuballama.com\/noticias\/#\/schema\/logo\/image\/"},"sameAs":["https:\/\/www.facebook.com\/CubaLlama","https:\/\/x.com\/cuballama","https:\/\/www.instagram.com\/stories\/cuballama_oficial\/","https:\/\/www.youtube.com\/channel\/UCKkFE-d_axENGZcrc4as0IA"]},{"@type":"Person","@id":"https:\/\/www.cuballama.com\/noticias\/#\/schema\/person\/86cd3e3f4974437f031211213bf892d5","name":"Kathy","url":"https:\/\/www.cuballama.com\/noticias\/author\/kathy\/"}]}},"_links":{"self":[{"href":"https:\/\/www.cuballama.com\/noticias\/wp-json\/wp\/v2\/posts\/255657","targetHints":{"allow":["GET"]}}],"collection":[{"href":"https:\/\/www.cuballama.com\/noticias\/wp-json\/wp\/v2\/posts"}],"about":[{"href":"https:\/\/www.cuballama.com\/noticias\/wp-json\/wp\/v2\/types\/post"}],"author":[{"embeddable":true,"href":"https:\/\/www.cuballama.com\/noticias\/wp-json\/wp\/v2\/users\/30"}],"replies":[{"embeddable":true,"href":"https:\/\/www.cuballama.com\/noticias\/wp-json\/wp\/v2\/comments?post=255657"}],"version-history":[{"count":4,"href":"https:\/\/www.cuballama.com\/noticias\/wp-json\/wp\/v2\/posts\/255657\/revisions"}],"predecessor-version":[{"id":255671,"href":"https:\/\/www.cuballama.com\/noticias\/wp-json\/wp\/v2\/posts\/255657\/revisions\/255671"}],"wp:featuredmedia":[{"embeddable":true,"href":"https:\/\/www.cuballama.com\/noticias\/wp-json\/wp\/v2\/media\/255660"}],"wp:attachment":[{"href":"https:\/\/www.cuballama.com\/noticias\/wp-json\/wp\/v2\/media?parent=255657"}],"wp:term":[{"taxonomy":"category","embeddable":true,"href":"https:\/\/www.cuballama.com\/noticias\/wp-json\/wp\/v2\/categories?post=255657"},{"taxonomy":"post_tag","embeddable":true,"href":"https:\/\/www.cuballama.com\/noticias\/wp-json\/wp\/v2\/tags?post=255657"}],"curies":[{"name":"wp","href":"https:\/\/api.w.org\/{rel}","templated":true}]}}