{"id":255636,"date":"2026-08-31T12:49:18","date_gmt":"2026-08-31T16:49:18","guid":{"rendered":"https:\/\/www.cuballama.com\/noticias\/?p=255636"},"modified":"2026-08-31T12:49:25","modified_gmt":"2026-08-31T16:49:25","slug":"bebeshito-sorprende-a-rachel-arderi-con-un-tema-romantico-sobre-sus-inicios-hubo-momentos-malos-en-los-que-nada-nos-salia","status":"publish","type":"post","link":"https:\/\/www.cuballama.com\/noticias\/bebeshito-sorprende-a-rachel-arderi-con-un-tema-romantico-sobre-sus-inicios-hubo-momentos-malos-en-los-que-nada-nos-salia\/","title":{"rendered":"Bebeshito sorprende a Rachel Arderi con un tema rom\u00e1ntico sobre sus inicios: \u00abHubo momentos malos en los que nada nos sal\u00eda\u00bb"},"content":{"rendered":"\n<p class=\"wp-block-paragraph\">El artista cubano Oniel Ernesto Columbie Campos, conocido internacionalmente como Bebeshito, ha decidido mostrar su faceta m\u00e1s \u00edntima. A trav\u00e9s de sus redes sociales, el exponente del g\u00e9nero urbano regal\u00f3 a sus fan\u00e1ticos el fragmento de una futura balada rom\u00e1ntica que tiene una \u00fanica musa: su esposa, la modelo e influencer Rachel Arderi.<\/p>\n\n\n\n<p class=\"wp-block-paragraph\">El v\u00eddeo publicado en Instagram realiza un nost\u00e1lgico recorrido por la relaci\u00f3n de la pareja. Las im\u00e1genes muestran el crecimiento de ambos desde aquellos tiempos en Cuba, cuando el m\u00fasico apenas iniciaba su carrera y Rachel ten\u00eda 19 a\u00f1os. Como \u00fanica descripci\u00f3n para acompa\u00f1ar la publicaci\u00f3n, el artista escribi\u00f3: \u00abPara siempre @rachelarderi\u00bb.<\/p>\n\n\n\n<p class=\"wp-block-paragraph\">La letra del tema resulta una profunda confesi\u00f3n de lealtad y gratitud hacia la mujer que lo acompa\u00f1\u00f3 desde cero. En el audio se escucha claramente al int\u00e9rprete cantar: \u00abYo s\u00e9 que no fue f\u00e1cil, que hubo momentos malos en los que nada nos sal\u00eda \/ Y t\u00fa cre\u00edste en m\u00ed cuando nadie m\u00e1s cre\u00eda \/ Viste mi potencial, incluso cuando muy poquitos lo ve\u00eda\u00bb. El emotivo fragmento concluye con una contundente declaraci\u00f3n de intenciones: \u00abHoy solo tengo un plan, es quedarme al lado tuyo para siempre\u00bb.<\/p>\n\n\n\n<p class=\"wp-block-paragraph\">La trayectoria de esta medi\u00e1tica pareja ha logrado conectar fuertemente con el p\u00fablico cubano. Juntos enfrentaron el proceso migratorio, adquirieron su primera vivienda en territorio estadounidense en marzo de este a\u00f1o y trajeron al mundo a la peque\u00f1a M\u00eda en septiembre de 2024, quien ya acapara miradas en internet. A la par del \u00e9xito de su esposo, <strong><a href=\"https:\/\/www.cuballama.com\/noticias\/rachel-arderi-deslumbra-de-rosa-junto-a-oniel-bebeshito-les-presento-al-amor-de-mi-vida\/\" data-type=\"link\" data-id=\"https:\/\/www.cuballama.com\/noticias\/rachel-arderi-deslumbra-de-rosa-junto-a-oniel-bebeshito-les-presento-al-amor-de-mi-vida\/\" target=\"_blank\" rel=\"noreferrer noopener\">Rachel ha logrado forjar una s\u00f3lida comunidad digital<\/a><\/strong> que roza el mill\u00f3n de seguidores en Instagram.<\/p>\n\n\n\n<p class=\"wp-block-paragraph\">Los fan\u00e1ticos del m\u00fasico, reconocido por la revista Billboard en 2025 como un pilar en la expansi\u00f3n mundial del reparto, no tardaron en reaccionar a este giro musical. Un usuario cautivado por la historia expres\u00f3: \u00abQu\u00e9 lindo, que perdure siempre el amor que est\u00e1 desde que no hab\u00eda nada, el amor del proceso. Es el m\u00e1s bonito\u00bb.<\/p>\n\n\n\n<p class=\"wp-block-paragraph\">La admiraci\u00f3n por la postura profesional del cantante tambi\u00e9n se hizo notar cuando otro internauta apunt\u00f3: \u00abSi hay un cantante que se merece lo mejor eres t\u00fa mi hermano. No anda chisme, no se mete con nadie. Que Dios los siga bendiciendo\u00bb. Asimismo, la incursi\u00f3n en la m\u00fasica rom\u00e1ntica fue celebrada por quienes valoran la versatilidad del movimiento urbano: \u00abMe encanta esta onda, de que los repas est\u00e9n haciendo canciones as\u00ed\u00bb.<\/p>\n\n\n\n<p class=\"wp-block-paragraph\">Aunque la pista completa todav\u00eda carece de una fecha oficial de estreno, este breve vistazo ha dejado claro que el \u00eddolo del reparto urbano posee una notable sensibilidad para la composici\u00f3n, augurando un \u00e9xito rotundo una vez que la canci\u00f3n vea la luz.<\/p>\n","protected":false},"excerpt":{"rendered":"<p>El reguetonero cubano Bebeshito sorprende a sus fans con el adelanto de una canci\u00f3n rom\u00e1ntica dedicada a su esposa, Rachel Arderi.<\/p>\n","protected":false},"author":29,"featured_media":255646,"comment_status":"open","ping_status":"closed","sticky":false,"template":"","format":"standard","meta":{"_acf_changed":false,"footnotes":""},"categories":[443],"tags":[16922,310,10752,256,11354,37797,18816,10626,29792],"class_list":["post-255636","post","type-post","status-publish","format-standard","has-post-thumbnail","category-farandula","tag-bebeshito","tag-entretenimiento","tag-farandula-cubana","tag-miami","tag-musica-cubana-2","tag-oniel-ernesto-columbie-campos-2","tag-rachel-arderi","tag-reparto","tag-tendencias-musicales"],"acf":[],"yoast_head":"<!-- This site is optimized with the Yoast SEO plugin v28.3 - https:\/\/yoast.com\/product\/yoast-seo-wordpress\/ -->\n<title>Bebeshito sorprende a Rachel Arderi con un tema rom\u00e1ntico sobre sus inicios: \u00abHubo momentos malos en los que nada nos sal\u00eda\u00bb - Cuballama Noticias<\/title>\n<meta name=\"description\" content=\"El reguetonero cubano Bebeshito sorprende a sus fans con el adelanto de una canci\u00f3n rom\u00e1ntica dedicada a su esposa, Rachel Arderi.\" \/>\n<meta name=\"robots\" content=\"index, follow, max-snippet:-1, max-image-preview:large, max-video-preview:-1\" \/>\n<link rel=\"canonical\" href=\"https:\/\/www.cuballama.com\/noticias\/bebeshito-sorprende-a-rachel-arderi-con-un-tema-romantico-sobre-sus-inicios-hubo-momentos-malos-en-los-que-nada-nos-salia\/\" \/>\n<meta property=\"og:locale\" content=\"es_ES\" \/>\n<meta property=\"og:type\" content=\"article\" \/>\n<meta property=\"og:title\" content=\"Bebeshito sorprende a Rachel Arderi con un tema rom\u00e1ntico sobre sus inicios: \u00abHubo momentos malos en los que nada nos sal\u00eda\u00bb - Cuballama Noticias\" \/>\n<meta property=\"og:description\" content=\"El reguetonero cubano Bebeshito sorprende a sus fans con el adelanto de una canci\u00f3n rom\u00e1ntica dedicada a su esposa, Rachel Arderi.\" \/>\n<meta property=\"og:url\" content=\"https:\/\/www.cuballama.com\/noticias\/bebeshito-sorprende-a-rachel-arderi-con-un-tema-romantico-sobre-sus-inicios-hubo-momentos-malos-en-los-que-nada-nos-salia\/\" \/>\n<meta property=\"og:site_name\" content=\"Cuballama Noticias\" \/>\n<meta property=\"article:publisher\" content=\"https:\/\/www.facebook.com\/CubaLlama\" \/>\n<meta property=\"article:published_time\" content=\"2026-08-31T16:49:18+00:00\" \/>\n<meta property=\"article:modified_time\" content=\"2026-08-31T16:49:25+00:00\" \/>\n<meta property=\"og:image\" content=\"https:\/\/cdn1.mediawpaccore.net\/wp-content\/uploads\/2026\/08\/31124359\/xxxxxccccccccddd-36-1024x576.png\" \/>\n\t<meta property=\"og:image:width\" content=\"1024\" \/>\n\t<meta property=\"og:image:height\" content=\"576\" \/>\n\t<meta property=\"og:image:type\" content=\"image\/png\" \/>\n<meta name=\"author\" content=\"Sof\u00eda Reyes\" \/>\n<meta name=\"twitter:card\" content=\"summary_large_image\" \/>\n<meta name=\"twitter:creator\" content=\"@cuballama\" \/>\n<meta name=\"twitter:site\" content=\"@cuballama\" \/>\n<meta name=\"twitter:label1\" content=\"Escrito por\" \/>\n\t<meta name=\"twitter:data1\" content=\"Sof\u00eda Reyes\" \/>\n\t<meta name=\"twitter:label2\" content=\"Tiempo de lectura\" \/>\n\t<meta name=\"twitter:data2\" content=\"3 minutos\" \/>\n<script type=\"application\/ld+json\" class=\"yoast-schema-graph\">{\"@context\":\"https:\\\/\\\/schema.org\",\"@graph\":[{\"@type\":\"Article\",\"@id\":\"https:\\\/\\\/www.cuballama.com\\\/noticias\\\/bebeshito-sorprende-a-rachel-arderi-con-un-tema-romantico-sobre-sus-inicios-hubo-momentos-malos-en-los-que-nada-nos-salia\\\/#article\",\"isPartOf\":{\"@id\":\"https:\\\/\\\/www.cuballama.com\\\/noticias\\\/bebeshito-sorprende-a-rachel-arderi-con-un-tema-romantico-sobre-sus-inicios-hubo-momentos-malos-en-los-que-nada-nos-salia\\\/\"},\"author\":{\"name\":\"Sof\u00eda Reyes\",\"@id\":\"https:\\\/\\\/www.cuballama.com\\\/noticias\\\/#\\\/schema\\\/person\\\/5cba2b8cc25a3159e49fe730a94d512e\"},\"headline\":\"Bebeshito sorprende a Rachel Arderi con un tema rom\u00e1ntico sobre sus inicios: \u00abHubo momentos malos en los que nada nos sal\u00eda\u00bb\",\"datePublished\":\"2026-08-31T16:49:18+00:00\",\"dateModified\":\"2026-08-31T16:49:25+00:00\",\"mainEntityOfPage\":{\"@id\":\"https:\\\/\\\/www.cuballama.com\\\/noticias\\\/bebeshito-sorprende-a-rachel-arderi-con-un-tema-romantico-sobre-sus-inicios-hubo-momentos-malos-en-los-que-nada-nos-salia\\\/\"},\"wordCount\":499,\"commentCount\":0,\"publisher\":{\"@id\":\"https:\\\/\\\/www.cuballama.com\\\/noticias\\\/#organization\"},\"image\":{\"@id\":\"https:\\\/\\\/www.cuballama.com\\\/noticias\\\/bebeshito-sorprende-a-rachel-arderi-con-un-tema-romantico-sobre-sus-inicios-hubo-momentos-malos-en-los-que-nada-nos-salia\\\/#primaryimage\"},\"thumbnailUrl\":\"https:\\\/\\\/cdn1.mediawpaccore.net\\\/wp-content\\\/uploads\\\/2026\\\/08\\\/31124359\\\/xxxxxccccccccddd-36.png\",\"keywords\":[\"Bebeshito\",\"entretenimiento\",\"Far\u00e1ndula cubana\",\"Miami\",\"m\u00fasica cubana\",\"Oniel Ernesto Columbie Campos\",\"Rachel Arderi\",\"Reparto\",\"Tendencias musicales\"],\"articleSection\":[\"Far\u00e1ndula\"],\"inLanguage\":\"es\",\"potentialAction\":[{\"@type\":\"CommentAction\",\"name\":\"Comment\",\"target\":[\"https:\\\/\\\/www.cuballama.com\\\/noticias\\\/bebeshito-sorprende-a-rachel-arderi-con-un-tema-romantico-sobre-sus-inicios-hubo-momentos-malos-en-los-que-nada-nos-salia\\\/#respond\"]}]},{\"@type\":\"WebPage\",\"@id\":\"https:\\\/\\\/www.cuballama.com\\\/noticias\\\/bebeshito-sorprende-a-rachel-arderi-con-un-tema-romantico-sobre-sus-inicios-hubo-momentos-malos-en-los-que-nada-nos-salia\\\/\",\"url\":\"https:\\\/\\\/www.cuballama.com\\\/noticias\\\/bebeshito-sorprende-a-rachel-arderi-con-un-tema-romantico-sobre-sus-inicios-hubo-momentos-malos-en-los-que-nada-nos-salia\\\/\",\"name\":\"Bebeshito sorprende a Rachel Arderi con un tema rom\u00e1ntico sobre sus inicios: \u00abHubo momentos malos en los que nada nos sal\u00eda\u00bb - Cuballama Noticias\",\"isPartOf\":{\"@id\":\"https:\\\/\\\/www.cuballama.com\\\/noticias\\\/#website\"},\"primaryImageOfPage\":{\"@id\":\"https:\\\/\\\/www.cuballama.com\\\/noticias\\\/bebeshito-sorprende-a-rachel-arderi-con-un-tema-romantico-sobre-sus-inicios-hubo-momentos-malos-en-los-que-nada-nos-salia\\\/#primaryimage\"},\"image\":{\"@id\":\"https:\\\/\\\/www.cuballama.com\\\/noticias\\\/bebeshito-sorprende-a-rachel-arderi-con-un-tema-romantico-sobre-sus-inicios-hubo-momentos-malos-en-los-que-nada-nos-salia\\\/#primaryimage\"},\"thumbnailUrl\":\"https:\\\/\\\/cdn1.mediawpaccore.net\\\/wp-content\\\/uploads\\\/2026\\\/08\\\/31124359\\\/xxxxxccccccccddd-36.png\",\"datePublished\":\"2026-08-31T16:49:18+00:00\",\"dateModified\":\"2026-08-31T16:49:25+00:00\",\"description\":\"El reguetonero cubano Bebeshito sorprende a sus fans con el adelanto de una canci\u00f3n rom\u00e1ntica dedicada a su esposa, Rachel Arderi.\",\"breadcrumb\":{\"@id\":\"https:\\\/\\\/www.cuballama.com\\\/noticias\\\/bebeshito-sorprende-a-rachel-arderi-con-un-tema-romantico-sobre-sus-inicios-hubo-momentos-malos-en-los-que-nada-nos-salia\\\/#breadcrumb\"},\"inLanguage\":\"es\",\"potentialAction\":[{\"@type\":\"ReadAction\",\"target\":[\"https:\\\/\\\/www.cuballama.com\\\/noticias\\\/bebeshito-sorprende-a-rachel-arderi-con-un-tema-romantico-sobre-sus-inicios-hubo-momentos-malos-en-los-que-nada-nos-salia\\\/\"]}]},{\"@type\":\"ImageObject\",\"inLanguage\":\"es\",\"@id\":\"https:\\\/\\\/www.cuballama.com\\\/noticias\\\/bebeshito-sorprende-a-rachel-arderi-con-un-tema-romantico-sobre-sus-inicios-hubo-momentos-malos-en-los-que-nada-nos-salia\\\/#primaryimage\",\"url\":\"https:\\\/\\\/cdn1.mediawpaccore.net\\\/wp-content\\\/uploads\\\/2026\\\/08\\\/31124359\\\/xxxxxccccccccddd-36.png\",\"contentUrl\":\"https:\\\/\\\/cdn1.mediawpaccore.net\\\/wp-content\\\/uploads\\\/2026\\\/08\\\/31124359\\\/xxxxxccccccccddd-36.png\",\"width\":1920,\"height\":1080,\"caption\":\"Fotos tomadas del perfil de Instagram de Bebeshito\"},{\"@type\":\"BreadcrumbList\",\"@id\":\"https:\\\/\\\/www.cuballama.com\\\/noticias\\\/bebeshito-sorprende-a-rachel-arderi-con-un-tema-romantico-sobre-sus-inicios-hubo-momentos-malos-en-los-que-nada-nos-salia\\\/#breadcrumb\",\"itemListElement\":[{\"@type\":\"ListItem\",\"position\":1,\"name\":\"Home\",\"item\":\"https:\\\/\\\/www.cuballama.com\\\/noticias\\\/\"},{\"@type\":\"ListItem\",\"position\":2,\"name\":\"Bebeshito sorprende a Rachel Arderi con un tema rom\u00e1ntico sobre sus inicios: \u00abHubo momentos malos en los que nada nos sal\u00eda\u00bb\"}]},{\"@type\":\"WebSite\",\"@id\":\"https:\\\/\\\/www.cuballama.com\\\/noticias\\\/#website\",\"url\":\"https:\\\/\\\/www.cuballama.com\\\/noticias\\\/\",\"name\":\"Cuballama Noticias\",\"description\":\"Medio digital sobre Cuba y el mundo\",\"publisher\":{\"@id\":\"https:\\\/\\\/www.cuballama.com\\\/noticias\\\/#organization\"},\"potentialAction\":[{\"@type\":\"SearchAction\",\"target\":{\"@type\":\"EntryPoint\",\"urlTemplate\":\"https:\\\/\\\/www.cuballama.com\\\/noticias\\\/?s={search_term_string}\"},\"query-input\":{\"@type\":\"PropertyValueSpecification\",\"valueRequired\":true,\"valueName\":\"search_term_string\"}}],\"inLanguage\":\"es\"},{\"@type\":\"Organization\",\"@id\":\"https:\\\/\\\/www.cuballama.com\\\/noticias\\\/#organization\",\"name\":\"Cuballama\",\"url\":\"https:\\\/\\\/www.cuballama.com\\\/noticias\\\/\",\"logo\":{\"@type\":\"ImageObject\",\"inLanguage\":\"es\",\"@id\":\"https:\\\/\\\/www.cuballama.com\\\/noticias\\\/#\\\/schema\\\/logo\\\/image\\\/\",\"url\":\"https:\\\/\\\/cdn1.mediawpaccore.net\\\/wp-content\\\/uploads\\\/2021\\\/12\\\/28171206\\\/cbll-logo-color-sm.png\",\"contentUrl\":\"https:\\\/\\\/cdn1.mediawpaccore.net\\\/wp-content\\\/uploads\\\/2021\\\/12\\\/28171206\\\/cbll-logo-color-sm.png\",\"width\":600,\"height\":133,\"caption\":\"Cuballama\"},\"image\":{\"@id\":\"https:\\\/\\\/www.cuballama.com\\\/noticias\\\/#\\\/schema\\\/logo\\\/image\\\/\"},\"sameAs\":[\"https:\\\/\\\/www.facebook.com\\\/CubaLlama\",\"https:\\\/\\\/x.com\\\/cuballama\",\"https:\\\/\\\/www.instagram.com\\\/stories\\\/cuballama_oficial\\\/\",\"https:\\\/\\\/www.youtube.com\\\/channel\\\/UCKkFE-d_axENGZcrc4as0IA\"]},{\"@type\":\"Person\",\"@id\":\"https:\\\/\\\/www.cuballama.com\\\/noticias\\\/#\\\/schema\\\/person\\\/5cba2b8cc25a3159e49fe730a94d512e\",\"name\":\"Sof\u00eda Reyes\",\"url\":\"https:\\\/\\\/www.cuballama.com\\\/noticias\\\/author\\\/laura\\\/\"}]}<\/script>\n<!-- \/ Yoast SEO plugin. -->","yoast_head_json":{"title":"Bebeshito sorprende a Rachel Arderi con un tema rom\u00e1ntico sobre sus inicios: \u00abHubo momentos malos en los que nada nos sal\u00eda\u00bb - Cuballama Noticias","description":"El reguetonero cubano Bebeshito sorprende a sus fans con el adelanto de una canci\u00f3n rom\u00e1ntica dedicada a su esposa, Rachel Arderi.","robots":{"index":"index","follow":"follow","max-snippet":"max-snippet:-1","max-image-preview":"max-image-preview:large","max-video-preview":"max-video-preview:-1"},"canonical":"https:\/\/www.cuballama.com\/noticias\/bebeshito-sorprende-a-rachel-arderi-con-un-tema-romantico-sobre-sus-inicios-hubo-momentos-malos-en-los-que-nada-nos-salia\/","og_locale":"es_ES","og_type":"article","og_title":"Bebeshito sorprende a Rachel Arderi con un tema rom\u00e1ntico sobre sus inicios: \u00abHubo momentos malos en los que nada nos sal\u00eda\u00bb - Cuballama Noticias","og_description":"El reguetonero cubano Bebeshito sorprende a sus fans con el adelanto de una canci\u00f3n rom\u00e1ntica dedicada a su esposa, Rachel Arderi.","og_url":"https:\/\/www.cuballama.com\/noticias\/bebeshito-sorprende-a-rachel-arderi-con-un-tema-romantico-sobre-sus-inicios-hubo-momentos-malos-en-los-que-nada-nos-salia\/","og_site_name":"Cuballama Noticias","article_publisher":"https:\/\/www.facebook.com\/CubaLlama","article_published_time":"2026-08-31T16:49:18+00:00","article_modified_time":"2026-08-31T16:49:25+00:00","og_image":[{"width":1024,"height":576,"url":"https:\/\/cdn1.mediawpaccore.net\/wp-content\/uploads\/2026\/08\/31124359\/xxxxxccccccccddd-36-1024x576.png","type":"image\/png"}],"author":"Sof\u00eda Reyes","twitter_card":"summary_large_image","twitter_creator":"@cuballama","twitter_site":"@cuballama","twitter_misc":{"Escrito por":"Sof\u00eda Reyes","Tiempo de lectura":"3 minutos"},"schema":{"@context":"https:\/\/schema.org","@graph":[{"@type":"Article","@id":"https:\/\/www.cuballama.com\/noticias\/bebeshito-sorprende-a-rachel-arderi-con-un-tema-romantico-sobre-sus-inicios-hubo-momentos-malos-en-los-que-nada-nos-salia\/#article","isPartOf":{"@id":"https:\/\/www.cuballama.com\/noticias\/bebeshito-sorprende-a-rachel-arderi-con-un-tema-romantico-sobre-sus-inicios-hubo-momentos-malos-en-los-que-nada-nos-salia\/"},"author":{"name":"Sof\u00eda Reyes","@id":"https:\/\/www.cuballama.com\/noticias\/#\/schema\/person\/5cba2b8cc25a3159e49fe730a94d512e"},"headline":"Bebeshito sorprende a Rachel Arderi con un tema rom\u00e1ntico sobre sus inicios: \u00abHubo momentos malos en los que nada nos sal\u00eda\u00bb","datePublished":"2026-08-31T16:49:18+00:00","dateModified":"2026-08-31T16:49:25+00:00","mainEntityOfPage":{"@id":"https:\/\/www.cuballama.com\/noticias\/bebeshito-sorprende-a-rachel-arderi-con-un-tema-romantico-sobre-sus-inicios-hubo-momentos-malos-en-los-que-nada-nos-salia\/"},"wordCount":499,"commentCount":0,"publisher":{"@id":"https:\/\/www.cuballama.com\/noticias\/#organization"},"image":{"@id":"https:\/\/www.cuballama.com\/noticias\/bebeshito-sorprende-a-rachel-arderi-con-un-tema-romantico-sobre-sus-inicios-hubo-momentos-malos-en-los-que-nada-nos-salia\/#primaryimage"},"thumbnailUrl":"https:\/\/cdn1.mediawpaccore.net\/wp-content\/uploads\/2026\/08\/31124359\/xxxxxccccccccddd-36.png","keywords":["Bebeshito","entretenimiento","Far\u00e1ndula cubana","Miami","m\u00fasica cubana","Oniel Ernesto Columbie Campos","Rachel Arderi","Reparto","Tendencias musicales"],"articleSection":["Far\u00e1ndula"],"inLanguage":"es","potentialAction":[{"@type":"CommentAction","name":"Comment","target":["https:\/\/www.cuballama.com\/noticias\/bebeshito-sorprende-a-rachel-arderi-con-un-tema-romantico-sobre-sus-inicios-hubo-momentos-malos-en-los-que-nada-nos-salia\/#respond"]}]},{"@type":"WebPage","@id":"https:\/\/www.cuballama.com\/noticias\/bebeshito-sorprende-a-rachel-arderi-con-un-tema-romantico-sobre-sus-inicios-hubo-momentos-malos-en-los-que-nada-nos-salia\/","url":"https:\/\/www.cuballama.com\/noticias\/bebeshito-sorprende-a-rachel-arderi-con-un-tema-romantico-sobre-sus-inicios-hubo-momentos-malos-en-los-que-nada-nos-salia\/","name":"Bebeshito sorprende a Rachel Arderi con un tema rom\u00e1ntico sobre sus inicios: \u00abHubo momentos malos en los que nada nos sal\u00eda\u00bb - Cuballama Noticias","isPartOf":{"@id":"https:\/\/www.cuballama.com\/noticias\/#website"},"primaryImageOfPage":{"@id":"https:\/\/www.cuballama.com\/noticias\/bebeshito-sorprende-a-rachel-arderi-con-un-tema-romantico-sobre-sus-inicios-hubo-momentos-malos-en-los-que-nada-nos-salia\/#primaryimage"},"image":{"@id":"https:\/\/www.cuballama.com\/noticias\/bebeshito-sorprende-a-rachel-arderi-con-un-tema-romantico-sobre-sus-inicios-hubo-momentos-malos-en-los-que-nada-nos-salia\/#primaryimage"},"thumbnailUrl":"https:\/\/cdn1.mediawpaccore.net\/wp-content\/uploads\/2026\/08\/31124359\/xxxxxccccccccddd-36.png","datePublished":"2026-08-31T16:49:18+00:00","dateModified":"2026-08-31T16:49:25+00:00","description":"El reguetonero cubano Bebeshito sorprende a sus fans con el adelanto de una canci\u00f3n rom\u00e1ntica dedicada a su esposa, Rachel Arderi.","breadcrumb":{"@id":"https:\/\/www.cuballama.com\/noticias\/bebeshito-sorprende-a-rachel-arderi-con-un-tema-romantico-sobre-sus-inicios-hubo-momentos-malos-en-los-que-nada-nos-salia\/#breadcrumb"},"inLanguage":"es","potentialAction":[{"@type":"ReadAction","target":["https:\/\/www.cuballama.com\/noticias\/bebeshito-sorprende-a-rachel-arderi-con-un-tema-romantico-sobre-sus-inicios-hubo-momentos-malos-en-los-que-nada-nos-salia\/"]}]},{"@type":"ImageObject","inLanguage":"es","@id":"https:\/\/www.cuballama.com\/noticias\/bebeshito-sorprende-a-rachel-arderi-con-un-tema-romantico-sobre-sus-inicios-hubo-momentos-malos-en-los-que-nada-nos-salia\/#primaryimage","url":"https:\/\/cdn1.mediawpaccore.net\/wp-content\/uploads\/2026\/08\/31124359\/xxxxxccccccccddd-36.png","contentUrl":"https:\/\/cdn1.mediawpaccore.net\/wp-content\/uploads\/2026\/08\/31124359\/xxxxxccccccccddd-36.png","width":1920,"height":1080,"caption":"Fotos tomadas del perfil de Instagram de Bebeshito"},{"@type":"BreadcrumbList","@id":"https:\/\/www.cuballama.com\/noticias\/bebeshito-sorprende-a-rachel-arderi-con-un-tema-romantico-sobre-sus-inicios-hubo-momentos-malos-en-los-que-nada-nos-salia\/#breadcrumb","itemListElement":[{"@type":"ListItem","position":1,"name":"Home","item":"https:\/\/www.cuballama.com\/noticias\/"},{"@type":"ListItem","position":2,"name":"Bebeshito sorprende a Rachel Arderi con un tema rom\u00e1ntico sobre sus inicios: \u00abHubo momentos malos en los que nada nos sal\u00eda\u00bb"}]},{"@type":"WebSite","@id":"https:\/\/www.cuballama.com\/noticias\/#website","url":"https:\/\/www.cuballama.com\/noticias\/","name":"Cuballama Noticias","description":"Medio digital sobre Cuba y el mundo","publisher":{"@id":"https:\/\/www.cuballama.com\/noticias\/#organization"},"potentialAction":[{"@type":"SearchAction","target":{"@type":"EntryPoint","urlTemplate":"https:\/\/www.cuballama.com\/noticias\/?s={search_term_string}"},"query-input":{"@type":"PropertyValueSpecification","valueRequired":true,"valueName":"search_term_string"}}],"inLanguage":"es"},{"@type":"Organization","@id":"https:\/\/www.cuballama.com\/noticias\/#organization","name":"Cuballama","url":"https:\/\/www.cuballama.com\/noticias\/","logo":{"@type":"ImageObject","inLanguage":"es","@id":"https:\/\/www.cuballama.com\/noticias\/#\/schema\/logo\/image\/","url":"https:\/\/cdn1.mediawpaccore.net\/wp-content\/uploads\/2021\/12\/28171206\/cbll-logo-color-sm.png","contentUrl":"https:\/\/cdn1.mediawpaccore.net\/wp-content\/uploads\/2021\/12\/28171206\/cbll-logo-color-sm.png","width":600,"height":133,"caption":"Cuballama"},"image":{"@id":"https:\/\/www.cuballama.com\/noticias\/#\/schema\/logo\/image\/"},"sameAs":["https:\/\/www.facebook.com\/CubaLlama","https:\/\/x.com\/cuballama","https:\/\/www.instagram.com\/stories\/cuballama_oficial\/","https:\/\/www.youtube.com\/channel\/UCKkFE-d_axENGZcrc4as0IA"]},{"@type":"Person","@id":"https:\/\/www.cuballama.com\/noticias\/#\/schema\/person\/5cba2b8cc25a3159e49fe730a94d512e","name":"Sof\u00eda Reyes","url":"https:\/\/www.cuballama.com\/noticias\/author\/laura\/"}]}},"_links":{"self":[{"href":"https:\/\/www.cuballama.com\/noticias\/wp-json\/wp\/v2\/posts\/255636","targetHints":{"allow":["GET"]}}],"collection":[{"href":"https:\/\/www.cuballama.com\/noticias\/wp-json\/wp\/v2\/posts"}],"about":[{"href":"https:\/\/www.cuballama.com\/noticias\/wp-json\/wp\/v2\/types\/post"}],"author":[{"embeddable":true,"href":"https:\/\/www.cuballama.com\/noticias\/wp-json\/wp\/v2\/users\/29"}],"replies":[{"embeddable":true,"href":"https:\/\/www.cuballama.com\/noticias\/wp-json\/wp\/v2\/comments?post=255636"}],"version-history":[{"count":3,"href":"https:\/\/www.cuballama.com\/noticias\/wp-json\/wp\/v2\/posts\/255636\/revisions"}],"predecessor-version":[{"id":255648,"href":"https:\/\/www.cuballama.com\/noticias\/wp-json\/wp\/v2\/posts\/255636\/revisions\/255648"}],"wp:featuredmedia":[{"embeddable":true,"href":"https:\/\/www.cuballama.com\/noticias\/wp-json\/wp\/v2\/media\/255646"}],"wp:attachment":[{"href":"https:\/\/www.cuballama.com\/noticias\/wp-json\/wp\/v2\/media?parent=255636"}],"wp:term":[{"taxonomy":"category","embeddable":true,"href":"https:\/\/www.cuballama.com\/noticias\/wp-json\/wp\/v2\/categories?post=255636"},{"taxonomy":"post_tag","embeddable":true,"href":"https:\/\/www.cuballama.com\/noticias\/wp-json\/wp\/v2\/tags?post=255636"}],"curies":[{"name":"wp","href":"https:\/\/api.w.org\/{rel}","templated":true}]}}