{"id":255631,"date":"2026-08-31T13:24:34","date_gmt":"2026-08-31T17:24:34","guid":{"rendered":"https:\/\/www.cuballama.com\/noticias\/?p=255631"},"modified":"2026-08-31T13:24:37","modified_gmt":"2026-08-31T17:24:37","slug":"don-omar-se-rinde-ante-el-reparto-cubano-y-envia-un-mensaje-directo-a-dany-ome","status":"publish","type":"post","link":"https:\/\/www.cuballama.com\/noticias\/don-omar-se-rinde-ante-el-reparto-cubano-y-envia-un-mensaje-directo-a-dany-ome\/","title":{"rendered":"Don Omar se rinde ante el reparto cubano y env\u00eda un mensaje directo a Dany Ome"},"content":{"rendered":"\n<p class=\"wp-block-paragraph\">El \u00abRey del Reggaet\u00f3n\u00bb ha puesto sus ojos sobre el movimiento urbano de la Isla, y m\u00e1s espec\u00edficamente, sobre el reparto. A trav\u00e9s de un video que circula en TikTok publicado por la cuenta @repa_lyrics, el legendario Don Omar reconoci\u00f3 p\u00fablicamente a los exponentes del g\u00e9nero, dedicando palabras de aliento a esta comunidad musical y un especial reconocimiento al joven Dany Ome.<\/p>\n\n\n\n<p class=\"wp-block-paragraph\">La estrella boricua, int\u00e9rprete de himnos mundiales como \u00abDanza Kuduro\u00bb, \u00abBandoleros\u00bb y \u00abDale Don Dale\u00bb, expres\u00f3 frente a la c\u00e1mara: \u00abPara mis hermanos cubanos, a todos los artistas de reparto, este servidor que est\u00e1 aqu\u00ed, Don Omar, les env\u00eda saludos, mis respetos, mi apoyo y Ome, un saludo, cu\u00eddate mucho de salud. Felicitaciones con esa colaboraci\u00f3n con Farruko\u00bb.<\/p>\n\n\n\n<p class=\"wp-block-paragraph\">Semejante respaldo sacudi\u00f3 de inmediato las plataformas digitales. El perfil de Instagram @republica_repartera replic\u00f3 el audiovisual planteando la interrogante de \u00ab\u00bfSe vendr\u00e1 una colab con Don Omar?\u00bb, una publicaci\u00f3n que en pocas horas rebas\u00f3 los miles de me gusta. Entre las reacciones destac\u00f3 la del propio artista homenajeado, Dany Ome, quien respondi\u00f3 con un mensaje rotundo sobre sus aspiraciones: \u00abQui\u00e9n lo va hacer internacional \u2026\u00bb.<\/p>\n\n\n\n<blockquote class=\"tiktok-embed\" cite=\"https:\/\/www.tiktok.com\/@repa_lyrics\/video\/7679594117642374430\" data-video-id=\"7679594117642374430\" style=\"max-width: 605px;min-width: 325px;\" > <section> <a target=\"_blank\" title=\"@repa_lyrics\" href=\"https:\/\/www.tiktok.com\/@repa_lyrics?refer=embed\">@repa_lyrics<\/a> Con el Rey  @DON OMAR aka KONG .. se vendra collab con @Dany ome \ud83d\udda4\ud83d\udd25 <a title=\"cubanosporelmundo\ud83c\udde8\ud83c\uddfa\" target=\"_blank\" href=\"https:\/\/www.tiktok.com\/tag\/cubanosporelmundo%F0%9F%87%A8%F0%9F%87%BA?refer=embed\">#cubanosporelmundo\ud83c\udde8\ud83c\uddfa<\/a> <a title=\"miami\" target=\"_blank\" href=\"https:\/\/www.tiktok.com\/tag\/miami?refer=embed\">#miami<\/a> <a title=\"reparto\" target=\"_blank\" href=\"https:\/\/www.tiktok.com\/tag\/reparto?refer=embed\">#reparto<\/a> <a title=\"latino\" target=\"_blank\" href=\"https:\/\/www.tiktok.com\/tag\/latino?refer=embed\">#latino<\/a> <a title=\"donomar\" target=\"_blank\" href=\"https:\/\/www.tiktok.com\/tag\/donomar?refer=embed\">#donomar<\/a> <a target=\"_blank\" title=\"\u266c original sound - repa_lyrics\" href=\"https:\/\/www.tiktok.com\/music\/original-sound-7679594195350194974?refer=embed\">\u266c original sound &#8211; repa_lyrics<\/a> <\/section> <\/blockquote> <script async src=\"https:\/\/www.tiktok.com\/embed.js\"><\/script>\n\n\n\n<p class=\"wp-block-paragraph\">Este hecho reafirma el excelente momento que vive la m\u00fasica urbana cubana en pleno 2026. El d\u00fao conformado por Dany Ome y Kevincito El 13 protagoniza actualmente una expansi\u00f3n sin precedentes en la industria latina. Apenas el pasado mes de abril, los cubanos lanzaron el tema \u00abPaciente\u00bb junto a Ozuna, un sencillo cuyo avance sobrepas\u00f3 las 668,000 visualizaciones en tiempo r\u00e9cord. <\/p>\n\n\n\n<p class=\"wp-block-paragraph\">Su escalada continu\u00f3 en mayo al ingresar al mercado europeo con \u00abAlgo Bonito REMIX\u00bb, acompa\u00f1ados por los espa\u00f1oles Nyno Vargas y Omar Montes. A esta racha ganadora se sum\u00f3 recientemente <strong><a href=\"https:\/\/www.cuballama.com\/noticias\/wisin-colabora-con-dany-ome-y-kevincito-el-13-en-tema-de-reparto-cubano-con-la-leyenda-viva\/\" data-type=\"link\" data-id=\"https:\/\/www.cuballama.com\/noticias\/wisin-colabora-con-dany-ome-y-kevincito-el-13-en-tema-de-reparto-cubano-con-la-leyenda-viva\/\" target=\"_blank\" rel=\"noreferrer noopener\">el anuncio de una hist\u00f3rica alianza con Wisin<\/a><\/strong>, artista que confes\u00f3 haber investigado a fondo el ritmo isle\u00f1o tras quedar cautivado por su sonoridad.<\/p>\n\n\n\n<p class=\"wp-block-paragraph\">Con 25 a\u00f1os, Dany Ome ha logrado lo impensable para muchos de sus contempor\u00e1neos: aglutinar el respeto p\u00fablico de gigantes de la talla de Farruko, Ozuna, Wisin y, ahora, Don Omar. Mientras los seguidores del g\u00e9nero claman por una uni\u00f3n oficial en el estudio de grabaci\u00f3n entre el pionero puertorrique\u00f1o y los talentos de la Isla, este sorpresivo saludo ya constituye una contundente victoria para el reconocimiento del reparto en el mapa sonoro global.<\/p>\n","protected":false},"excerpt":{"rendered":"<p>El legendario reguetonero Don Omar env\u00eda un mensaje de apoyo a los artistas del reparto cubano, destacando especialmente a Dany Ome.<\/p>\n","protected":false},"author":29,"featured_media":255656,"comment_status":"open","ping_status":"closed","sticky":false,"template":"","format":"standard","meta":{"_acf_changed":false,"footnotes":""},"categories":[443],"tags":[18670,3175,10752,13876,19890,260,1960,20652,20049,3563],"class_list":["post-255631","post","type-post","status-publish","format-standard","has-post-thumbnail","category-farandula","tag-dany-ome","tag-don-omar","tag-farandula-cubana","tag-farruko","tag-kevincito-el-13","tag-musica-urbana","tag-ozuna","tag-reparto-cubano","tag-tendencias","tag-wisin"],"acf":[],"yoast_head":"<!-- This site is optimized with the Yoast SEO plugin v28.3 - https:\/\/yoast.com\/product\/yoast-seo-wordpress\/ -->\n<title>Don Omar se rinde ante el reparto cubano y env\u00eda un mensaje directo a Dany Ome - Cuballama Noticias<\/title>\n<meta name=\"description\" content=\"El legendario reguetonero Don Omar env\u00eda un mensaje de apoyo a los artistas del reparto cubano, destacando especialmente a Dany Ome.\" \/>\n<meta name=\"robots\" content=\"index, follow, max-snippet:-1, max-image-preview:large, max-video-preview:-1\" \/>\n<link rel=\"canonical\" href=\"https:\/\/www.cuballama.com\/noticias\/don-omar-se-rinde-ante-el-reparto-cubano-y-envia-un-mensaje-directo-a-dany-ome\/\" \/>\n<meta property=\"og:locale\" content=\"es_ES\" \/>\n<meta property=\"og:type\" content=\"article\" \/>\n<meta property=\"og:title\" content=\"Don Omar se rinde ante el reparto cubano y env\u00eda un mensaje directo a Dany Ome - Cuballama Noticias\" \/>\n<meta property=\"og:description\" content=\"El legendario reguetonero Don Omar env\u00eda un mensaje de apoyo a los artistas del reparto cubano, destacando especialmente a Dany Ome.\" \/>\n<meta property=\"og:url\" content=\"https:\/\/www.cuballama.com\/noticias\/don-omar-se-rinde-ante-el-reparto-cubano-y-envia-un-mensaje-directo-a-dany-ome\/\" \/>\n<meta property=\"og:site_name\" content=\"Cuballama Noticias\" \/>\n<meta property=\"article:publisher\" content=\"https:\/\/www.facebook.com\/CubaLlama\" \/>\n<meta property=\"article:published_time\" content=\"2026-08-31T17:24:34+00:00\" \/>\n<meta property=\"article:modified_time\" content=\"2026-08-31T17:24:37+00:00\" \/>\n<meta property=\"og:image\" content=\"https:\/\/cdn1.mediawpaccore.net\/wp-content\/uploads\/2026\/08\/31132234\/xxxxxccccccccddd-38-1024x576.png\" \/>\n\t<meta property=\"og:image:width\" content=\"1024\" \/>\n\t<meta property=\"og:image:height\" content=\"576\" \/>\n\t<meta property=\"og:image:type\" content=\"image\/png\" \/>\n<meta name=\"author\" content=\"Sof\u00eda Reyes\" \/>\n<meta name=\"twitter:card\" content=\"summary_large_image\" \/>\n<meta name=\"twitter:creator\" content=\"@cuballama\" \/>\n<meta name=\"twitter:site\" content=\"@cuballama\" \/>\n<meta name=\"twitter:label1\" content=\"Escrito por\" \/>\n\t<meta name=\"twitter:data1\" content=\"Sof\u00eda Reyes\" \/>\n\t<meta name=\"twitter:label2\" content=\"Tiempo de lectura\" \/>\n\t<meta name=\"twitter:data2\" content=\"2 minutos\" \/>\n<script type=\"application\/ld+json\" class=\"yoast-schema-graph\">{\"@context\":\"https:\\\/\\\/schema.org\",\"@graph\":[{\"@type\":\"Article\",\"@id\":\"https:\\\/\\\/www.cuballama.com\\\/noticias\\\/don-omar-se-rinde-ante-el-reparto-cubano-y-envia-un-mensaje-directo-a-dany-ome\\\/#article\",\"isPartOf\":{\"@id\":\"https:\\\/\\\/www.cuballama.com\\\/noticias\\\/don-omar-se-rinde-ante-el-reparto-cubano-y-envia-un-mensaje-directo-a-dany-ome\\\/\"},\"author\":{\"name\":\"Sof\u00eda Reyes\",\"@id\":\"https:\\\/\\\/www.cuballama.com\\\/noticias\\\/#\\\/schema\\\/person\\\/5cba2b8cc25a3159e49fe730a94d512e\"},\"headline\":\"Don Omar se rinde ante el reparto cubano y env\u00eda un mensaje directo a Dany Ome\",\"datePublished\":\"2026-08-31T17:24:34+00:00\",\"dateModified\":\"2026-08-31T17:24:37+00:00\",\"mainEntityOfPage\":{\"@id\":\"https:\\\/\\\/www.cuballama.com\\\/noticias\\\/don-omar-se-rinde-ante-el-reparto-cubano-y-envia-un-mensaje-directo-a-dany-ome\\\/\"},\"wordCount\":441,\"commentCount\":0,\"publisher\":{\"@id\":\"https:\\\/\\\/www.cuballama.com\\\/noticias\\\/#organization\"},\"image\":{\"@id\":\"https:\\\/\\\/www.cuballama.com\\\/noticias\\\/don-omar-se-rinde-ante-el-reparto-cubano-y-envia-un-mensaje-directo-a-dany-ome\\\/#primaryimage\"},\"thumbnailUrl\":\"https:\\\/\\\/cdn1.mediawpaccore.net\\\/wp-content\\\/uploads\\\/2026\\\/08\\\/31132234\\\/xxxxxccccccccddd-38.png\",\"keywords\":[\"Dany Ome\",\"Don Omar\",\"Far\u00e1ndula cubana\",\"Farruko\",\"Kevincito el 13\",\"M\u00fasica urbana\",\"Ozuna\",\"reparto cubano\",\"tendencias\",\"Wisin\"],\"articleSection\":[\"Far\u00e1ndula\"],\"inLanguage\":\"es\",\"potentialAction\":[{\"@type\":\"CommentAction\",\"name\":\"Comment\",\"target\":[\"https:\\\/\\\/www.cuballama.com\\\/noticias\\\/don-omar-se-rinde-ante-el-reparto-cubano-y-envia-un-mensaje-directo-a-dany-ome\\\/#respond\"]}]},{\"@type\":\"WebPage\",\"@id\":\"https:\\\/\\\/www.cuballama.com\\\/noticias\\\/don-omar-se-rinde-ante-el-reparto-cubano-y-envia-un-mensaje-directo-a-dany-ome\\\/\",\"url\":\"https:\\\/\\\/www.cuballama.com\\\/noticias\\\/don-omar-se-rinde-ante-el-reparto-cubano-y-envia-un-mensaje-directo-a-dany-ome\\\/\",\"name\":\"Don Omar se rinde ante el reparto cubano y env\u00eda un mensaje directo a Dany Ome - Cuballama Noticias\",\"isPartOf\":{\"@id\":\"https:\\\/\\\/www.cuballama.com\\\/noticias\\\/#website\"},\"primaryImageOfPage\":{\"@id\":\"https:\\\/\\\/www.cuballama.com\\\/noticias\\\/don-omar-se-rinde-ante-el-reparto-cubano-y-envia-un-mensaje-directo-a-dany-ome\\\/#primaryimage\"},\"image\":{\"@id\":\"https:\\\/\\\/www.cuballama.com\\\/noticias\\\/don-omar-se-rinde-ante-el-reparto-cubano-y-envia-un-mensaje-directo-a-dany-ome\\\/#primaryimage\"},\"thumbnailUrl\":\"https:\\\/\\\/cdn1.mediawpaccore.net\\\/wp-content\\\/uploads\\\/2026\\\/08\\\/31132234\\\/xxxxxccccccccddd-38.png\",\"datePublished\":\"2026-08-31T17:24:34+00:00\",\"dateModified\":\"2026-08-31T17:24:37+00:00\",\"description\":\"El legendario reguetonero Don Omar env\u00eda un mensaje de apoyo a los artistas del reparto cubano, destacando especialmente a Dany Ome.\",\"breadcrumb\":{\"@id\":\"https:\\\/\\\/www.cuballama.com\\\/noticias\\\/don-omar-se-rinde-ante-el-reparto-cubano-y-envia-un-mensaje-directo-a-dany-ome\\\/#breadcrumb\"},\"inLanguage\":\"es\",\"potentialAction\":[{\"@type\":\"ReadAction\",\"target\":[\"https:\\\/\\\/www.cuballama.com\\\/noticias\\\/don-omar-se-rinde-ante-el-reparto-cubano-y-envia-un-mensaje-directo-a-dany-ome\\\/\"]}]},{\"@type\":\"ImageObject\",\"inLanguage\":\"es\",\"@id\":\"https:\\\/\\\/www.cuballama.com\\\/noticias\\\/don-omar-se-rinde-ante-el-reparto-cubano-y-envia-un-mensaje-directo-a-dany-ome\\\/#primaryimage\",\"url\":\"https:\\\/\\\/cdn1.mediawpaccore.net\\\/wp-content\\\/uploads\\\/2026\\\/08\\\/31132234\\\/xxxxxccccccccddd-38.png\",\"contentUrl\":\"https:\\\/\\\/cdn1.mediawpaccore.net\\\/wp-content\\\/uploads\\\/2026\\\/08\\\/31132234\\\/xxxxxccccccccddd-38.png\",\"width\":1920,\"height\":1080,\"caption\":\"Capturas de pantalla v\u00eddeo de TikTok de repa_lyrics\"},{\"@type\":\"BreadcrumbList\",\"@id\":\"https:\\\/\\\/www.cuballama.com\\\/noticias\\\/don-omar-se-rinde-ante-el-reparto-cubano-y-envia-un-mensaje-directo-a-dany-ome\\\/#breadcrumb\",\"itemListElement\":[{\"@type\":\"ListItem\",\"position\":1,\"name\":\"Home\",\"item\":\"https:\\\/\\\/www.cuballama.com\\\/noticias\\\/\"},{\"@type\":\"ListItem\",\"position\":2,\"name\":\"Don Omar se rinde ante el reparto cubano y env\u00eda un mensaje directo a Dany Ome\"}]},{\"@type\":\"WebSite\",\"@id\":\"https:\\\/\\\/www.cuballama.com\\\/noticias\\\/#website\",\"url\":\"https:\\\/\\\/www.cuballama.com\\\/noticias\\\/\",\"name\":\"Cuballama Noticias\",\"description\":\"Medio digital sobre Cuba y el mundo\",\"publisher\":{\"@id\":\"https:\\\/\\\/www.cuballama.com\\\/noticias\\\/#organization\"},\"potentialAction\":[{\"@type\":\"SearchAction\",\"target\":{\"@type\":\"EntryPoint\",\"urlTemplate\":\"https:\\\/\\\/www.cuballama.com\\\/noticias\\\/?s={search_term_string}\"},\"query-input\":{\"@type\":\"PropertyValueSpecification\",\"valueRequired\":true,\"valueName\":\"search_term_string\"}}],\"inLanguage\":\"es\"},{\"@type\":\"Organization\",\"@id\":\"https:\\\/\\\/www.cuballama.com\\\/noticias\\\/#organization\",\"name\":\"Cuballama\",\"url\":\"https:\\\/\\\/www.cuballama.com\\\/noticias\\\/\",\"logo\":{\"@type\":\"ImageObject\",\"inLanguage\":\"es\",\"@id\":\"https:\\\/\\\/www.cuballama.com\\\/noticias\\\/#\\\/schema\\\/logo\\\/image\\\/\",\"url\":\"https:\\\/\\\/cdn1.mediawpaccore.net\\\/wp-content\\\/uploads\\\/2021\\\/12\\\/28171206\\\/cbll-logo-color-sm.png\",\"contentUrl\":\"https:\\\/\\\/cdn1.mediawpaccore.net\\\/wp-content\\\/uploads\\\/2021\\\/12\\\/28171206\\\/cbll-logo-color-sm.png\",\"width\":600,\"height\":133,\"caption\":\"Cuballama\"},\"image\":{\"@id\":\"https:\\\/\\\/www.cuballama.com\\\/noticias\\\/#\\\/schema\\\/logo\\\/image\\\/\"},\"sameAs\":[\"https:\\\/\\\/www.facebook.com\\\/CubaLlama\",\"https:\\\/\\\/x.com\\\/cuballama\",\"https:\\\/\\\/www.instagram.com\\\/stories\\\/cuballama_oficial\\\/\",\"https:\\\/\\\/www.youtube.com\\\/channel\\\/UCKkFE-d_axENGZcrc4as0IA\"]},{\"@type\":\"Person\",\"@id\":\"https:\\\/\\\/www.cuballama.com\\\/noticias\\\/#\\\/schema\\\/person\\\/5cba2b8cc25a3159e49fe730a94d512e\",\"name\":\"Sof\u00eda Reyes\",\"url\":\"https:\\\/\\\/www.cuballama.com\\\/noticias\\\/author\\\/laura\\\/\"}]}<\/script>\n<!-- \/ Yoast SEO plugin. -->","yoast_head_json":{"title":"Don Omar se rinde ante el reparto cubano y env\u00eda un mensaje directo a Dany Ome - Cuballama Noticias","description":"El legendario reguetonero Don Omar env\u00eda un mensaje de apoyo a los artistas del reparto cubano, destacando especialmente a Dany Ome.","robots":{"index":"index","follow":"follow","max-snippet":"max-snippet:-1","max-image-preview":"max-image-preview:large","max-video-preview":"max-video-preview:-1"},"canonical":"https:\/\/www.cuballama.com\/noticias\/don-omar-se-rinde-ante-el-reparto-cubano-y-envia-un-mensaje-directo-a-dany-ome\/","og_locale":"es_ES","og_type":"article","og_title":"Don Omar se rinde ante el reparto cubano y env\u00eda un mensaje directo a Dany Ome - Cuballama Noticias","og_description":"El legendario reguetonero Don Omar env\u00eda un mensaje de apoyo a los artistas del reparto cubano, destacando especialmente a Dany Ome.","og_url":"https:\/\/www.cuballama.com\/noticias\/don-omar-se-rinde-ante-el-reparto-cubano-y-envia-un-mensaje-directo-a-dany-ome\/","og_site_name":"Cuballama Noticias","article_publisher":"https:\/\/www.facebook.com\/CubaLlama","article_published_time":"2026-08-31T17:24:34+00:00","article_modified_time":"2026-08-31T17:24:37+00:00","og_image":[{"width":1024,"height":576,"url":"https:\/\/cdn1.mediawpaccore.net\/wp-content\/uploads\/2026\/08\/31132234\/xxxxxccccccccddd-38-1024x576.png","type":"image\/png"}],"author":"Sof\u00eda Reyes","twitter_card":"summary_large_image","twitter_creator":"@cuballama","twitter_site":"@cuballama","twitter_misc":{"Escrito por":"Sof\u00eda Reyes","Tiempo de lectura":"2 minutos"},"schema":{"@context":"https:\/\/schema.org","@graph":[{"@type":"Article","@id":"https:\/\/www.cuballama.com\/noticias\/don-omar-se-rinde-ante-el-reparto-cubano-y-envia-un-mensaje-directo-a-dany-ome\/#article","isPartOf":{"@id":"https:\/\/www.cuballama.com\/noticias\/don-omar-se-rinde-ante-el-reparto-cubano-y-envia-un-mensaje-directo-a-dany-ome\/"},"author":{"name":"Sof\u00eda Reyes","@id":"https:\/\/www.cuballama.com\/noticias\/#\/schema\/person\/5cba2b8cc25a3159e49fe730a94d512e"},"headline":"Don Omar se rinde ante el reparto cubano y env\u00eda un mensaje directo a Dany Ome","datePublished":"2026-08-31T17:24:34+00:00","dateModified":"2026-08-31T17:24:37+00:00","mainEntityOfPage":{"@id":"https:\/\/www.cuballama.com\/noticias\/don-omar-se-rinde-ante-el-reparto-cubano-y-envia-un-mensaje-directo-a-dany-ome\/"},"wordCount":441,"commentCount":0,"publisher":{"@id":"https:\/\/www.cuballama.com\/noticias\/#organization"},"image":{"@id":"https:\/\/www.cuballama.com\/noticias\/don-omar-se-rinde-ante-el-reparto-cubano-y-envia-un-mensaje-directo-a-dany-ome\/#primaryimage"},"thumbnailUrl":"https:\/\/cdn1.mediawpaccore.net\/wp-content\/uploads\/2026\/08\/31132234\/xxxxxccccccccddd-38.png","keywords":["Dany Ome","Don Omar","Far\u00e1ndula cubana","Farruko","Kevincito el 13","M\u00fasica urbana","Ozuna","reparto cubano","tendencias","Wisin"],"articleSection":["Far\u00e1ndula"],"inLanguage":"es","potentialAction":[{"@type":"CommentAction","name":"Comment","target":["https:\/\/www.cuballama.com\/noticias\/don-omar-se-rinde-ante-el-reparto-cubano-y-envia-un-mensaje-directo-a-dany-ome\/#respond"]}]},{"@type":"WebPage","@id":"https:\/\/www.cuballama.com\/noticias\/don-omar-se-rinde-ante-el-reparto-cubano-y-envia-un-mensaje-directo-a-dany-ome\/","url":"https:\/\/www.cuballama.com\/noticias\/don-omar-se-rinde-ante-el-reparto-cubano-y-envia-un-mensaje-directo-a-dany-ome\/","name":"Don Omar se rinde ante el reparto cubano y env\u00eda un mensaje directo a Dany Ome - Cuballama Noticias","isPartOf":{"@id":"https:\/\/www.cuballama.com\/noticias\/#website"},"primaryImageOfPage":{"@id":"https:\/\/www.cuballama.com\/noticias\/don-omar-se-rinde-ante-el-reparto-cubano-y-envia-un-mensaje-directo-a-dany-ome\/#primaryimage"},"image":{"@id":"https:\/\/www.cuballama.com\/noticias\/don-omar-se-rinde-ante-el-reparto-cubano-y-envia-un-mensaje-directo-a-dany-ome\/#primaryimage"},"thumbnailUrl":"https:\/\/cdn1.mediawpaccore.net\/wp-content\/uploads\/2026\/08\/31132234\/xxxxxccccccccddd-38.png","datePublished":"2026-08-31T17:24:34+00:00","dateModified":"2026-08-31T17:24:37+00:00","description":"El legendario reguetonero Don Omar env\u00eda un mensaje de apoyo a los artistas del reparto cubano, destacando especialmente a Dany Ome.","breadcrumb":{"@id":"https:\/\/www.cuballama.com\/noticias\/don-omar-se-rinde-ante-el-reparto-cubano-y-envia-un-mensaje-directo-a-dany-ome\/#breadcrumb"},"inLanguage":"es","potentialAction":[{"@type":"ReadAction","target":["https:\/\/www.cuballama.com\/noticias\/don-omar-se-rinde-ante-el-reparto-cubano-y-envia-un-mensaje-directo-a-dany-ome\/"]}]},{"@type":"ImageObject","inLanguage":"es","@id":"https:\/\/www.cuballama.com\/noticias\/don-omar-se-rinde-ante-el-reparto-cubano-y-envia-un-mensaje-directo-a-dany-ome\/#primaryimage","url":"https:\/\/cdn1.mediawpaccore.net\/wp-content\/uploads\/2026\/08\/31132234\/xxxxxccccccccddd-38.png","contentUrl":"https:\/\/cdn1.mediawpaccore.net\/wp-content\/uploads\/2026\/08\/31132234\/xxxxxccccccccddd-38.png","width":1920,"height":1080,"caption":"Capturas de pantalla v\u00eddeo de TikTok de repa_lyrics"},{"@type":"BreadcrumbList","@id":"https:\/\/www.cuballama.com\/noticias\/don-omar-se-rinde-ante-el-reparto-cubano-y-envia-un-mensaje-directo-a-dany-ome\/#breadcrumb","itemListElement":[{"@type":"ListItem","position":1,"name":"Home","item":"https:\/\/www.cuballama.com\/noticias\/"},{"@type":"ListItem","position":2,"name":"Don Omar se rinde ante el reparto cubano y env\u00eda un mensaje directo a Dany Ome"}]},{"@type":"WebSite","@id":"https:\/\/www.cuballama.com\/noticias\/#website","url":"https:\/\/www.cuballama.com\/noticias\/","name":"Cuballama Noticias","description":"Medio digital sobre Cuba y el mundo","publisher":{"@id":"https:\/\/www.cuballama.com\/noticias\/#organization"},"potentialAction":[{"@type":"SearchAction","target":{"@type":"EntryPoint","urlTemplate":"https:\/\/www.cuballama.com\/noticias\/?s={search_term_string}"},"query-input":{"@type":"PropertyValueSpecification","valueRequired":true,"valueName":"search_term_string"}}],"inLanguage":"es"},{"@type":"Organization","@id":"https:\/\/www.cuballama.com\/noticias\/#organization","name":"Cuballama","url":"https:\/\/www.cuballama.com\/noticias\/","logo":{"@type":"ImageObject","inLanguage":"es","@id":"https:\/\/www.cuballama.com\/noticias\/#\/schema\/logo\/image\/","url":"https:\/\/cdn1.mediawpaccore.net\/wp-content\/uploads\/2021\/12\/28171206\/cbll-logo-color-sm.png","contentUrl":"https:\/\/cdn1.mediawpaccore.net\/wp-content\/uploads\/2021\/12\/28171206\/cbll-logo-color-sm.png","width":600,"height":133,"caption":"Cuballama"},"image":{"@id":"https:\/\/www.cuballama.com\/noticias\/#\/schema\/logo\/image\/"},"sameAs":["https:\/\/www.facebook.com\/CubaLlama","https:\/\/x.com\/cuballama","https:\/\/www.instagram.com\/stories\/cuballama_oficial\/","https:\/\/www.youtube.com\/channel\/UCKkFE-d_axENGZcrc4as0IA"]},{"@type":"Person","@id":"https:\/\/www.cuballama.com\/noticias\/#\/schema\/person\/5cba2b8cc25a3159e49fe730a94d512e","name":"Sof\u00eda Reyes","url":"https:\/\/www.cuballama.com\/noticias\/author\/laura\/"}]}},"_links":{"self":[{"href":"https:\/\/www.cuballama.com\/noticias\/wp-json\/wp\/v2\/posts\/255631","targetHints":{"allow":["GET"]}}],"collection":[{"href":"https:\/\/www.cuballama.com\/noticias\/wp-json\/wp\/v2\/posts"}],"about":[{"href":"https:\/\/www.cuballama.com\/noticias\/wp-json\/wp\/v2\/types\/post"}],"author":[{"embeddable":true,"href":"https:\/\/www.cuballama.com\/noticias\/wp-json\/wp\/v2\/users\/29"}],"replies":[{"embeddable":true,"href":"https:\/\/www.cuballama.com\/noticias\/wp-json\/wp\/v2\/comments?post=255631"}],"version-history":[{"count":3,"href":"https:\/\/www.cuballama.com\/noticias\/wp-json\/wp\/v2\/posts\/255631\/revisions"}],"predecessor-version":[{"id":255658,"href":"https:\/\/www.cuballama.com\/noticias\/wp-json\/wp\/v2\/posts\/255631\/revisions\/255658"}],"wp:featuredmedia":[{"embeddable":true,"href":"https:\/\/www.cuballama.com\/noticias\/wp-json\/wp\/v2\/media\/255656"}],"wp:attachment":[{"href":"https:\/\/www.cuballama.com\/noticias\/wp-json\/wp\/v2\/media?parent=255631"}],"wp:term":[{"taxonomy":"category","embeddable":true,"href":"https:\/\/www.cuballama.com\/noticias\/wp-json\/wp\/v2\/categories?post=255631"},{"taxonomy":"post_tag","embeddable":true,"href":"https:\/\/www.cuballama.com\/noticias\/wp-json\/wp\/v2\/tags?post=255631"}],"curies":[{"name":"wp","href":"https:\/\/api.w.org\/{rel}","templated":true}]}}