{"id":255604,"date":"2026-08-31T12:14:11","date_gmt":"2026-08-31T16:14:11","guid":{"rendered":"https:\/\/www.cuballama.com\/noticias\/?p=255604"},"modified":"2026-08-31T12:17:04","modified_gmt":"2026-08-31T16:17:04","slug":"leo-messi-anuncia-su-retiro-de-la-seleccion-argentina-a-los-39-anos-me-vacie","status":"publish","type":"post","link":"https:\/\/www.cuballama.com\/noticias\/leo-messi-anuncia-su-retiro-de-la-seleccion-argentina-a-los-39-anos-me-vacie\/","title":{"rendered":"Leo Messi anuncia su retiro de la selecci\u00f3n argentina a los 39 a\u00f1os: \u201cMe vaci\u00e9\u201d"},"content":{"rendered":"\n<p class=\"wp-block-paragraph\">La leyenda Lionel Messi anunci\u00f3 este lunes 31 de agosto de 2026 su retiro del f\u00fatbol internacional.<\/p>\n\n\n\n<p class=\"wp-block-paragraph\">Messi confirm\u00f3 que se retira de la selecci\u00f3n argentina con un comunicado que public\u00f3 en redes sociales y que hab\u00eda escrito a mano poco despu\u00e9s de la final del Mundial.&nbsp;<\/p>\n\n\n\n<p class=\"wp-block-paragraph\">\u201c*Escrib\u00ed estas palabras el 21 de julio, dos d\u00edas despu\u00e9s de la final. Hoy, despu\u00e9s de lo que pas\u00f3 con mi padre, estoy a\u00fan m\u00e1s convencido que antes\u201d, aclar\u00f3 el astro argentino al referirse al fallecimiento de su padre, <a href=\"https:\/\/www.cuballama.com\/noticias\/muere-jorge-messi-padre-de-leo-messi-a-los-68-anos\/?srsltid=AfmBOooQed-fQ4xdGv4OT1AwkOCoU_P3nB7TqdNlrwhEhGgxBUX045AY\" target=\"_blank\" rel=\"noreferrer noopener\">Jorge Messi<\/a>, el 8 de agosto en un hospital de la ciudad de Rosario, en el centro de Argentina, a sus 68 a\u00f1os.<\/p>\n\n\n\n<p class=\"wp-block-paragraph\">En su publicaci\u00f3n Messi expres\u00f3: \u201cDespu\u00e9s del tiempo que ha pasado desde la final, y despu\u00e9s de pensarlo mucho, quiero que todos sepan que me retiro de la selecci\u00f3n argentina &#8230;<\/p>\n\n\n\n<p class=\"wp-block-paragraph\">\u201cFue una decisi\u00f3n que doli\u00f3, y todav\u00eda duele en el fondo, pero entiendo que ha llegado el momento. Te juro que siempre lo di todo, no solo en estos \u00faltimos a\u00f1os cuando ganamos todo, sino tambi\u00e9n antes de eso; siempre luch\u00e9 y dej\u00e9 todo en el campo para esta camiseta, para traerte alegr\u00eda y hacerte sentir orgulloso de ser argentino a trav\u00e9s del f\u00fatbol.<\/p>\n\n\n\n<p class=\"wp-block-paragraph\">\u201cEl tiempo se est\u00e1 acabando, los cap\u00edtulos llegan a su fin, y este es uno que me duele profundamente. Me encanta, he amado y siempre me encantar\u00e1 ser parte de la selecci\u00f3n nacional. He dado todo lo que ten\u00eda; no me queda nada que dar, y adem\u00e1s, hay algunos grandes jugadores j\u00f3venes que se acercan que merecen estar aqu\u00ed.<\/p>\n\n\n\n<p class=\"wp-block-paragraph\">\u201cGracias por todo el afecto en estos \u00faltimos 20 a\u00f1os. Echar\u00e9 de menos escucharte tanto desde el campo. Ahora ser\u00e9 solo uno de ustedes, animando y apoyando desde el exterior (a trav\u00e9s de los buenos y los malos, especialmente los malos).<\/p>\n\n\n\n<blockquote class=\"instagram-media\" data-instgrm-captioned data-instgrm-permalink=\"https:\/\/www.instagram.com\/p\/DctWzhYxElg\/?utm_source=ig_embed&amp;utm_campaign=loading\" data-instgrm-version=\"14\" style=\" background:#FFF; border:0; border-radius:3px; box-shadow:0 0 1px 0 rgba(0,0,0,0.5),0 1px 10px 0 rgba(0,0,0,0.15); margin: 1px; max-width:540px; min-width:326px; padding:0; width:99.375%; width:-webkit-calc(100% - 2px); width:calc(100% - 2px);\"><div style=\"padding:16px;\"> <a href=\"https:\/\/www.instagram.com\/p\/DctWzhYxElg\/?utm_source=ig_embed&amp;utm_campaign=loading\" style=\" background:#FFFFFF; line-height:0; padding:0 0; text-align:center; text-decoration:none; width:100%;\" target=\"_blank\"> <div style=\" display: flex; flex-direction: row; align-items: center;\"> <div style=\"background-color: #F4F4F4; border-radius: 50%; flex-grow: 0; height: 40px; margin-right: 14px; width: 40px;\"><\/div> <div style=\"display: flex; flex-direction: column; flex-grow: 1; justify-content: center;\"> <div style=\" background-color: #F4F4F4; border-radius: 4px; flex-grow: 0; height: 14px; margin-bottom: 6px; width: 100px;\"><\/div> <div style=\" background-color: #F4F4F4; border-radius: 4px; flex-grow: 0; height: 14px; width: 60px;\"><\/div><\/div><\/div><div style=\"padding: 19% 0;\"><\/div> <div style=\"display:block; height:50px; margin:0 auto 12px; width:50px;\"><svg width=\"50px\" height=\"50px\" viewBox=\"0 0 60 60\" version=\"1.1\" xmlns=\"https:\/\/www.w3.org\/2000\/svg\" xmlns:xlink=\"https:\/\/www.w3.org\/1999\/xlink\"><g stroke=\"none\" stroke-width=\"1\" fill=\"none\" fill-rule=\"evenodd\"><g transform=\"translate(-511.000000, -20.000000)\" fill=\"#000000\"><g><path d=\"M556.869,30.41 C554.814,30.41 553.148,32.076 553.148,34.131 C553.148,36.186 554.814,37.852 556.869,37.852 C558.924,37.852 560.59,36.186 560.59,34.131 C560.59,32.076 558.924,30.41 556.869,30.41 M541,60.657 C535.114,60.657 530.342,55.887 530.342,50 C530.342,44.114 535.114,39.342 541,39.342 C546.887,39.342 551.658,44.114 551.658,50 C551.658,55.887 546.887,60.657 541,60.657 M541,33.886 C532.1,33.886 524.886,41.1 524.886,50 C524.886,58.899 532.1,66.113 541,66.113 C549.9,66.113 557.115,58.899 557.115,50 C557.115,41.1 549.9,33.886 541,33.886 M565.378,62.101 C565.244,65.022 564.756,66.606 564.346,67.663 C563.803,69.06 563.154,70.057 562.106,71.106 C561.058,72.155 560.06,72.803 558.662,73.347 C557.607,73.757 556.021,74.244 553.102,74.378 C549.944,74.521 548.997,74.552 541,74.552 C533.003,74.552 532.056,74.521 528.898,74.378 C525.979,74.244 524.393,73.757 523.338,73.347 C521.94,72.803 520.942,72.155 519.894,71.106 C518.846,70.057 518.197,69.06 517.654,67.663 C517.244,66.606 516.755,65.022 516.623,62.101 C516.479,58.943 516.448,57.996 516.448,50 C516.448,42.003 516.479,41.056 516.623,37.899 C516.755,34.978 517.244,33.391 517.654,32.338 C518.197,30.938 518.846,29.942 519.894,28.894 C520.942,27.846 521.94,27.196 523.338,26.654 C524.393,26.244 525.979,25.756 528.898,25.623 C532.057,25.479 533.004,25.448 541,25.448 C548.997,25.448 549.943,25.479 553.102,25.623 C556.021,25.756 557.607,26.244 558.662,26.654 C560.06,27.196 561.058,27.846 562.106,28.894 C563.154,29.942 563.803,30.938 564.346,32.338 C564.756,33.391 565.244,34.978 565.378,37.899 C565.522,41.056 565.552,42.003 565.552,50 C565.552,57.996 565.522,58.943 565.378,62.101 M570.82,37.631 C570.674,34.438 570.167,32.258 569.425,30.349 C568.659,28.377 567.633,26.702 565.965,25.035 C564.297,23.368 562.623,22.342 560.652,21.575 C558.743,20.834 556.562,20.326 553.369,20.18 C550.169,20.033 549.148,20 541,20 C532.853,20 531.831,20.033 528.631,20.18 C525.438,20.326 523.257,20.834 521.349,21.575 C519.376,22.342 517.703,23.368 516.035,25.035 C514.368,26.702 513.342,28.377 512.574,30.349 C511.834,32.258 511.326,34.438 511.181,37.631 C511.035,40.831 511,41.851 511,50 C511,58.147 511.035,59.17 511.181,62.369 C511.326,65.562 511.834,67.743 512.574,69.651 C513.342,71.625 514.368,73.296 516.035,74.965 C517.703,76.634 519.376,77.658 521.349,78.425 C523.257,79.167 525.438,79.673 528.631,79.82 C531.831,79.965 532.853,80.001 541,80.001 C549.148,80.001 550.169,79.965 553.369,79.82 C556.562,79.673 558.743,79.167 560.652,78.425 C562.623,77.658 564.297,76.634 565.965,74.965 C567.633,73.296 568.659,71.625 569.425,69.651 C570.167,67.743 570.674,65.562 570.82,62.369 C570.966,59.17 571,58.147 571,50 C571,41.851 570.966,40.831 570.82,37.631\"><\/path><\/g><\/g><\/g><\/svg><\/div><div style=\"padding-top: 8px;\"> <div style=\" color:#3897f0; font-family:Arial,sans-serif; font-size:14px; font-style:normal; font-weight:550; line-height:18px;\">Ver esta publicaci\u00f3n en Instagram<\/div><\/div><div style=\"padding: 12.5% 0;\"><\/div> <div style=\"display: flex; flex-direction: row; margin-bottom: 14px; align-items: center;\"><div> <div style=\"background-color: #F4F4F4; border-radius: 50%; height: 12.5px; width: 12.5px; transform: translateX(0px) translateY(7px);\"><\/div> <div style=\"background-color: #F4F4F4; height: 12.5px; transform: rotate(-45deg) translateX(3px) translateY(1px); width: 12.5px; flex-grow: 0; margin-right: 14px; margin-left: 2px;\"><\/div> <div style=\"background-color: #F4F4F4; border-radius: 50%; height: 12.5px; width: 12.5px; transform: translateX(9px) translateY(-18px);\"><\/div><\/div><div style=\"margin-left: 8px;\"> <div style=\" background-color: #F4F4F4; border-radius: 50%; flex-grow: 0; height: 20px; width: 20px;\"><\/div> <div style=\" width: 0; height: 0; border-top: 2px solid transparent; border-left: 6px solid #f4f4f4; border-bottom: 2px solid transparent; transform: translateX(16px) translateY(-4px) rotate(30deg)\"><\/div><\/div><div style=\"margin-left: auto;\"> <div style=\" width: 0px; border-top: 8px solid #F4F4F4; border-right: 8px solid transparent; transform: translateY(16px);\"><\/div> <div style=\" background-color: #F4F4F4; flex-grow: 0; height: 12px; width: 16px; transform: translateY(-4px);\"><\/div> <div style=\" width: 0; height: 0; border-top: 8px solid #F4F4F4; border-left: 8px solid transparent; transform: translateY(-4px) translateX(8px);\"><\/div><\/div><\/div> <div style=\"display: flex; flex-direction: column; flex-grow: 1; justify-content: center; margin-bottom: 24px;\"> <div style=\" background-color: #F4F4F4; border-radius: 4px; flex-grow: 0; height: 14px; margin-bottom: 6px; width: 224px;\"><\/div> <div style=\" background-color: #F4F4F4; border-radius: 4px; flex-grow: 0; height: 14px; width: 144px;\"><\/div><\/div><\/a><p style=\" color:#c9c8cd; font-family:Arial,sans-serif; font-size:14px; line-height:17px; margin-bottom:0; margin-top:8px; overflow:hidden; padding:8px 0 7px; text-align:center; text-overflow:ellipsis; white-space:nowrap;\"><a href=\"https:\/\/www.instagram.com\/p\/DctWzhYxElg\/?utm_source=ig_embed&amp;utm_campaign=loading\" style=\" color:#c9c8cd; font-family:Arial,sans-serif; font-size:14px; font-style:normal; font-weight:normal; line-height:17px; text-decoration:none;\" target=\"_blank\">Una publicaci\u00f3n compartida por Leo Messi (@leomessi)<\/a><\/p><\/div><\/blockquote>\n<script async src=\"\/\/www.instagram.com\/embed.js\"><\/script>\n\n\n\n<p class=\"wp-block-paragraph\">\u201cGracias a mi familia por estar siempre ah\u00ed, por acompa\u00f1arme en este viaje, tan hermoso, pero tan dif\u00edcil. Gracias a cada entrenador, compa\u00f1ero de equipo y oficial con el que he compartido este camino. Me llevo recuerdos y momentos inolvidables.<\/p>\n\n\n\n<p class=\"wp-block-paragraph\">\u201cMe voy con la tranquilidad y el orgullo de haberte dado, junto a mis compa\u00f1eros, momentos que una vez so\u00f1amos. Fue una experiencia incre\u00edble vivir esto con todos ustedes. \u00a1Te quiero!<\/p>\n\n\n\n<p class=\"wp-block-paragraph\">\u201cGracias, Dios, por hacerme argentino.<\/p>\n\n\n\n<p class=\"wp-block-paragraph\">\u201c\u00a1Vamos, Argentina!<\/p>\n\n\n\n<p class=\"wp-block-paragraph\">\u201cEscrib\u00ed estas palabras el 21 de julio, dos d\u00edas despu\u00e9s de la final. Hoy, despu\u00e9s de lo que pas\u00f3 con mi padre, estoy a\u00fan m\u00e1s convencido que antes\u201d, concluy\u00f3.<\/p>\n\n\n\n<p class=\"wp-block-paragraph\">El capit\u00e1n argentino, de 39 a\u00f1os, es el m\u00e1ximo goleador de todos los tiempos de su pa\u00eds y el jugador m\u00e1s coronado. Messi ha marcado 124 goles en 203 partidos para la selecci\u00f3n.<\/p>\n\n\n\n<p class=\"wp-block-paragraph\">Es el m\u00e1ximo anotador en la historia del f\u00fatbol sudamericano.<\/p>\n\n\n\n<p class=\"wp-block-paragraph\">En 2022, Messi llev\u00f3 a Argentina a la victoria en la Copa del Mundo, la primera de su pa\u00eds en 36 a\u00f1os y la tercera de la historia.<\/p>\n\n\n\n<p class=\"wp-block-paragraph\">Messi fue esencial en los triunfos de Argentina en las ediciones de la Copa Am\u00e9rica de 2021 y de 2024.<\/p>\n\n\n\n<p class=\"wp-block-paragraph\">El jugador ya hab\u00eda tenido un retiro temporal del combinado nacional en el a\u00f1o 2016, tras caer en la final de la Copa Am\u00e9rica Centenario, aunque regres\u00f3 pocos meses despu\u00e9s.<\/p>\n\n\n\n<p class=\"wp-block-paragraph\"><\/p>\n","protected":false},"excerpt":{"rendered":"<p>La leyenda del f\u00fatbol anunci\u00f3 este lunes 31 de agosto su retiro del f\u00fatbol internacional.<\/p>\n","protected":false},"author":30,"featured_media":255610,"comment_status":"open","ping_status":"closed","sticky":false,"template":"","format":"standard","meta":{"_acf_changed":false,"footnotes":""},"categories":[21,18,953],"tags":[941,7639,4187],"class_list":["post-255604","post","type-post","status-publish","format-standard","has-post-thumbnail","category-deportes","category-noticias","category-usa","tag-destacado","tag-leo-messi","tag-retiro"],"acf":[],"yoast_head":"<!-- This site is optimized with the Yoast SEO plugin v28.3 - https:\/\/yoast.com\/product\/yoast-seo-wordpress\/ -->\n<title>Leo Messi anuncia su retiro de la selecci\u00f3n argentina a los 39 a\u00f1os: \u201cMe vaci\u00e9\u201d - Cuballama Noticias<\/title>\n<meta name=\"description\" content=\"La leyenda argentina Lionel Messi anunci\u00f3 este lunes 31 de agosto de 2026 su retiro del f\u00fatbol internacional.\" \/>\n<meta name=\"robots\" content=\"index, follow, max-snippet:-1, max-image-preview:large, max-video-preview:-1\" \/>\n<link rel=\"canonical\" href=\"https:\/\/www.cuballama.com\/noticias\/leo-messi-anuncia-su-retiro-de-la-seleccion-argentina-a-los-39-anos-me-vacie\/\" \/>\n<meta property=\"og:locale\" content=\"es_ES\" \/>\n<meta property=\"og:type\" content=\"article\" \/>\n<meta property=\"og:title\" content=\"Leo Messi anuncia su retiro de la selecci\u00f3n argentina a los 39 a\u00f1os: \u201cMe vaci\u00e9\u201d - Cuballama Noticias\" \/>\n<meta property=\"og:description\" content=\"La leyenda argentina Lionel Messi anunci\u00f3 este lunes 31 de agosto de 2026 su retiro del f\u00fatbol internacional.\" \/>\n<meta property=\"og:url\" content=\"https:\/\/www.cuballama.com\/noticias\/leo-messi-anuncia-su-retiro-de-la-seleccion-argentina-a-los-39-anos-me-vacie\/\" \/>\n<meta property=\"og:site_name\" content=\"Cuballama Noticias\" \/>\n<meta property=\"article:publisher\" content=\"https:\/\/www.facebook.com\/CubaLlama\" \/>\n<meta property=\"article:published_time\" content=\"2026-08-31T16:14:11+00:00\" \/>\n<meta property=\"article:modified_time\" content=\"2026-08-31T16:17:04+00:00\" \/>\n<meta property=\"og:image\" content=\"https:\/\/cdn1.mediawpaccore.net\/wp-content\/uploads\/2026\/08\/31115209\/Captura-de-pantalla_31-8-2026_115048_www.instagram.com_.jpg\" \/>\n\t<meta property=\"og:image:width\" content=\"1200\" \/>\n\t<meta property=\"og:image:height\" content=\"630\" \/>\n\t<meta property=\"og:image:type\" content=\"image\/jpeg\" \/>\n<meta name=\"author\" content=\"Kathy\" \/>\n<meta name=\"twitter:card\" content=\"summary_large_image\" \/>\n<meta name=\"twitter:creator\" content=\"@cuballama\" \/>\n<meta name=\"twitter:site\" content=\"@cuballama\" \/>\n<meta name=\"twitter:label1\" content=\"Escrito por\" \/>\n\t<meta name=\"twitter:data1\" content=\"Kathy\" \/>\n\t<meta name=\"twitter:label2\" content=\"Tiempo de lectura\" \/>\n\t<meta name=\"twitter:data2\" content=\"3 minutos\" \/>\n<script type=\"application\/ld+json\" class=\"yoast-schema-graph\">{\"@context\":\"https:\\\/\\\/schema.org\",\"@graph\":[{\"@type\":\"Article\",\"@id\":\"https:\\\/\\\/www.cuballama.com\\\/noticias\\\/leo-messi-anuncia-su-retiro-de-la-seleccion-argentina-a-los-39-anos-me-vacie\\\/#article\",\"isPartOf\":{\"@id\":\"https:\\\/\\\/www.cuballama.com\\\/noticias\\\/leo-messi-anuncia-su-retiro-de-la-seleccion-argentina-a-los-39-anos-me-vacie\\\/\"},\"author\":{\"name\":\"Kathy\",\"@id\":\"https:\\\/\\\/www.cuballama.com\\\/noticias\\\/#\\\/schema\\\/person\\\/86cd3e3f4974437f031211213bf892d5\"},\"headline\":\"Leo Messi anuncia su retiro de la selecci\u00f3n argentina a los 39 a\u00f1os: \u201cMe vaci\u00e9\u201d\",\"datePublished\":\"2026-08-31T16:14:11+00:00\",\"dateModified\":\"2026-08-31T16:17:04+00:00\",\"mainEntityOfPage\":{\"@id\":\"https:\\\/\\\/www.cuballama.com\\\/noticias\\\/leo-messi-anuncia-su-retiro-de-la-seleccion-argentina-a-los-39-anos-me-vacie\\\/\"},\"wordCount\":601,\"commentCount\":0,\"publisher\":{\"@id\":\"https:\\\/\\\/www.cuballama.com\\\/noticias\\\/#organization\"},\"image\":{\"@id\":\"https:\\\/\\\/www.cuballama.com\\\/noticias\\\/leo-messi-anuncia-su-retiro-de-la-seleccion-argentina-a-los-39-anos-me-vacie\\\/#primaryimage\"},\"thumbnailUrl\":\"https:\\\/\\\/cdn1.mediawpaccore.net\\\/wp-content\\\/uploads\\\/2026\\\/08\\\/31115209\\\/Captura-de-pantalla_31-8-2026_115048_www.instagram.com_.jpg\",\"keywords\":[\"destacado\",\"Leo Messi\",\"retiro\"],\"articleSection\":[\"Deportes\",\"Noticias\",\"USA\"],\"inLanguage\":\"es\",\"potentialAction\":[{\"@type\":\"CommentAction\",\"name\":\"Comment\",\"target\":[\"https:\\\/\\\/www.cuballama.com\\\/noticias\\\/leo-messi-anuncia-su-retiro-de-la-seleccion-argentina-a-los-39-anos-me-vacie\\\/#respond\"]}]},{\"@type\":\"WebPage\",\"@id\":\"https:\\\/\\\/www.cuballama.com\\\/noticias\\\/leo-messi-anuncia-su-retiro-de-la-seleccion-argentina-a-los-39-anos-me-vacie\\\/\",\"url\":\"https:\\\/\\\/www.cuballama.com\\\/noticias\\\/leo-messi-anuncia-su-retiro-de-la-seleccion-argentina-a-los-39-anos-me-vacie\\\/\",\"name\":\"Leo Messi anuncia su retiro de la selecci\u00f3n argentina a los 39 a\u00f1os: \u201cMe vaci\u00e9\u201d - Cuballama Noticias\",\"isPartOf\":{\"@id\":\"https:\\\/\\\/www.cuballama.com\\\/noticias\\\/#website\"},\"primaryImageOfPage\":{\"@id\":\"https:\\\/\\\/www.cuballama.com\\\/noticias\\\/leo-messi-anuncia-su-retiro-de-la-seleccion-argentina-a-los-39-anos-me-vacie\\\/#primaryimage\"},\"image\":{\"@id\":\"https:\\\/\\\/www.cuballama.com\\\/noticias\\\/leo-messi-anuncia-su-retiro-de-la-seleccion-argentina-a-los-39-anos-me-vacie\\\/#primaryimage\"},\"thumbnailUrl\":\"https:\\\/\\\/cdn1.mediawpaccore.net\\\/wp-content\\\/uploads\\\/2026\\\/08\\\/31115209\\\/Captura-de-pantalla_31-8-2026_115048_www.instagram.com_.jpg\",\"datePublished\":\"2026-08-31T16:14:11+00:00\",\"dateModified\":\"2026-08-31T16:17:04+00:00\",\"description\":\"La leyenda argentina Lionel Messi anunci\u00f3 este lunes 31 de agosto de 2026 su retiro del f\u00fatbol internacional.\",\"breadcrumb\":{\"@id\":\"https:\\\/\\\/www.cuballama.com\\\/noticias\\\/leo-messi-anuncia-su-retiro-de-la-seleccion-argentina-a-los-39-anos-me-vacie\\\/#breadcrumb\"},\"inLanguage\":\"es\",\"potentialAction\":[{\"@type\":\"ReadAction\",\"target\":[\"https:\\\/\\\/www.cuballama.com\\\/noticias\\\/leo-messi-anuncia-su-retiro-de-la-seleccion-argentina-a-los-39-anos-me-vacie\\\/\"]}]},{\"@type\":\"ImageObject\",\"inLanguage\":\"es\",\"@id\":\"https:\\\/\\\/www.cuballama.com\\\/noticias\\\/leo-messi-anuncia-su-retiro-de-la-seleccion-argentina-a-los-39-anos-me-vacie\\\/#primaryimage\",\"url\":\"https:\\\/\\\/cdn1.mediawpaccore.net\\\/wp-content\\\/uploads\\\/2026\\\/08\\\/31115209\\\/Captura-de-pantalla_31-8-2026_115048_www.instagram.com_.jpg\",\"contentUrl\":\"https:\\\/\\\/cdn1.mediawpaccore.net\\\/wp-content\\\/uploads\\\/2026\\\/08\\\/31115209\\\/Captura-de-pantalla_31-8-2026_115048_www.instagram.com_.jpg\",\"width\":1200,\"height\":630,\"caption\":\"Leo Messi. Foto: Instagram\\\/Leo Messi.\"},{\"@type\":\"BreadcrumbList\",\"@id\":\"https:\\\/\\\/www.cuballama.com\\\/noticias\\\/leo-messi-anuncia-su-retiro-de-la-seleccion-argentina-a-los-39-anos-me-vacie\\\/#breadcrumb\",\"itemListElement\":[{\"@type\":\"ListItem\",\"position\":1,\"name\":\"Home\",\"item\":\"https:\\\/\\\/www.cuballama.com\\\/noticias\\\/\"},{\"@type\":\"ListItem\",\"position\":2,\"name\":\"Leo Messi anuncia su retiro de la selecci\u00f3n argentina a los 39 a\u00f1os: \u201cMe vaci\u00e9\u201d\"}]},{\"@type\":\"WebSite\",\"@id\":\"https:\\\/\\\/www.cuballama.com\\\/noticias\\\/#website\",\"url\":\"https:\\\/\\\/www.cuballama.com\\\/noticias\\\/\",\"name\":\"Cuballama Noticias\",\"description\":\"Medio digital sobre Cuba y el mundo\",\"publisher\":{\"@id\":\"https:\\\/\\\/www.cuballama.com\\\/noticias\\\/#organization\"},\"potentialAction\":[{\"@type\":\"SearchAction\",\"target\":{\"@type\":\"EntryPoint\",\"urlTemplate\":\"https:\\\/\\\/www.cuballama.com\\\/noticias\\\/?s={search_term_string}\"},\"query-input\":{\"@type\":\"PropertyValueSpecification\",\"valueRequired\":true,\"valueName\":\"search_term_string\"}}],\"inLanguage\":\"es\"},{\"@type\":\"Organization\",\"@id\":\"https:\\\/\\\/www.cuballama.com\\\/noticias\\\/#organization\",\"name\":\"Cuballama\",\"url\":\"https:\\\/\\\/www.cuballama.com\\\/noticias\\\/\",\"logo\":{\"@type\":\"ImageObject\",\"inLanguage\":\"es\",\"@id\":\"https:\\\/\\\/www.cuballama.com\\\/noticias\\\/#\\\/schema\\\/logo\\\/image\\\/\",\"url\":\"https:\\\/\\\/cdn1.mediawpaccore.net\\\/wp-content\\\/uploads\\\/2021\\\/12\\\/28171206\\\/cbll-logo-color-sm.png\",\"contentUrl\":\"https:\\\/\\\/cdn1.mediawpaccore.net\\\/wp-content\\\/uploads\\\/2021\\\/12\\\/28171206\\\/cbll-logo-color-sm.png\",\"width\":600,\"height\":133,\"caption\":\"Cuballama\"},\"image\":{\"@id\":\"https:\\\/\\\/www.cuballama.com\\\/noticias\\\/#\\\/schema\\\/logo\\\/image\\\/\"},\"sameAs\":[\"https:\\\/\\\/www.facebook.com\\\/CubaLlama\",\"https:\\\/\\\/x.com\\\/cuballama\",\"https:\\\/\\\/www.instagram.com\\\/stories\\\/cuballama_oficial\\\/\",\"https:\\\/\\\/www.youtube.com\\\/channel\\\/UCKkFE-d_axENGZcrc4as0IA\"]},{\"@type\":\"Person\",\"@id\":\"https:\\\/\\\/www.cuballama.com\\\/noticias\\\/#\\\/schema\\\/person\\\/86cd3e3f4974437f031211213bf892d5\",\"name\":\"Kathy\",\"url\":\"https:\\\/\\\/www.cuballama.com\\\/noticias\\\/author\\\/kathy\\\/\"}]}<\/script>\n<!-- \/ Yoast SEO plugin. -->","yoast_head_json":{"title":"Leo Messi anuncia su retiro de la selecci\u00f3n argentina a los 39 a\u00f1os: \u201cMe vaci\u00e9\u201d - Cuballama Noticias","description":"La leyenda argentina Lionel Messi anunci\u00f3 este lunes 31 de agosto de 2026 su retiro del f\u00fatbol internacional.","robots":{"index":"index","follow":"follow","max-snippet":"max-snippet:-1","max-image-preview":"max-image-preview:large","max-video-preview":"max-video-preview:-1"},"canonical":"https:\/\/www.cuballama.com\/noticias\/leo-messi-anuncia-su-retiro-de-la-seleccion-argentina-a-los-39-anos-me-vacie\/","og_locale":"es_ES","og_type":"article","og_title":"Leo Messi anuncia su retiro de la selecci\u00f3n argentina a los 39 a\u00f1os: \u201cMe vaci\u00e9\u201d - Cuballama Noticias","og_description":"La leyenda argentina Lionel Messi anunci\u00f3 este lunes 31 de agosto de 2026 su retiro del f\u00fatbol internacional.","og_url":"https:\/\/www.cuballama.com\/noticias\/leo-messi-anuncia-su-retiro-de-la-seleccion-argentina-a-los-39-anos-me-vacie\/","og_site_name":"Cuballama Noticias","article_publisher":"https:\/\/www.facebook.com\/CubaLlama","article_published_time":"2026-08-31T16:14:11+00:00","article_modified_time":"2026-08-31T16:17:04+00:00","og_image":[{"width":1200,"height":630,"url":"https:\/\/cdn1.mediawpaccore.net\/wp-content\/uploads\/2026\/08\/31115209\/Captura-de-pantalla_31-8-2026_115048_www.instagram.com_.jpg","type":"image\/jpeg"}],"author":"Kathy","twitter_card":"summary_large_image","twitter_creator":"@cuballama","twitter_site":"@cuballama","twitter_misc":{"Escrito por":"Kathy","Tiempo de lectura":"3 minutos"},"schema":{"@context":"https:\/\/schema.org","@graph":[{"@type":"Article","@id":"https:\/\/www.cuballama.com\/noticias\/leo-messi-anuncia-su-retiro-de-la-seleccion-argentina-a-los-39-anos-me-vacie\/#article","isPartOf":{"@id":"https:\/\/www.cuballama.com\/noticias\/leo-messi-anuncia-su-retiro-de-la-seleccion-argentina-a-los-39-anos-me-vacie\/"},"author":{"name":"Kathy","@id":"https:\/\/www.cuballama.com\/noticias\/#\/schema\/person\/86cd3e3f4974437f031211213bf892d5"},"headline":"Leo Messi anuncia su retiro de la selecci\u00f3n argentina a los 39 a\u00f1os: \u201cMe vaci\u00e9\u201d","datePublished":"2026-08-31T16:14:11+00:00","dateModified":"2026-08-31T16:17:04+00:00","mainEntityOfPage":{"@id":"https:\/\/www.cuballama.com\/noticias\/leo-messi-anuncia-su-retiro-de-la-seleccion-argentina-a-los-39-anos-me-vacie\/"},"wordCount":601,"commentCount":0,"publisher":{"@id":"https:\/\/www.cuballama.com\/noticias\/#organization"},"image":{"@id":"https:\/\/www.cuballama.com\/noticias\/leo-messi-anuncia-su-retiro-de-la-seleccion-argentina-a-los-39-anos-me-vacie\/#primaryimage"},"thumbnailUrl":"https:\/\/cdn1.mediawpaccore.net\/wp-content\/uploads\/2026\/08\/31115209\/Captura-de-pantalla_31-8-2026_115048_www.instagram.com_.jpg","keywords":["destacado","Leo Messi","retiro"],"articleSection":["Deportes","Noticias","USA"],"inLanguage":"es","potentialAction":[{"@type":"CommentAction","name":"Comment","target":["https:\/\/www.cuballama.com\/noticias\/leo-messi-anuncia-su-retiro-de-la-seleccion-argentina-a-los-39-anos-me-vacie\/#respond"]}]},{"@type":"WebPage","@id":"https:\/\/www.cuballama.com\/noticias\/leo-messi-anuncia-su-retiro-de-la-seleccion-argentina-a-los-39-anos-me-vacie\/","url":"https:\/\/www.cuballama.com\/noticias\/leo-messi-anuncia-su-retiro-de-la-seleccion-argentina-a-los-39-anos-me-vacie\/","name":"Leo Messi anuncia su retiro de la selecci\u00f3n argentina a los 39 a\u00f1os: \u201cMe vaci\u00e9\u201d - Cuballama Noticias","isPartOf":{"@id":"https:\/\/www.cuballama.com\/noticias\/#website"},"primaryImageOfPage":{"@id":"https:\/\/www.cuballama.com\/noticias\/leo-messi-anuncia-su-retiro-de-la-seleccion-argentina-a-los-39-anos-me-vacie\/#primaryimage"},"image":{"@id":"https:\/\/www.cuballama.com\/noticias\/leo-messi-anuncia-su-retiro-de-la-seleccion-argentina-a-los-39-anos-me-vacie\/#primaryimage"},"thumbnailUrl":"https:\/\/cdn1.mediawpaccore.net\/wp-content\/uploads\/2026\/08\/31115209\/Captura-de-pantalla_31-8-2026_115048_www.instagram.com_.jpg","datePublished":"2026-08-31T16:14:11+00:00","dateModified":"2026-08-31T16:17:04+00:00","description":"La leyenda argentina Lionel Messi anunci\u00f3 este lunes 31 de agosto de 2026 su retiro del f\u00fatbol internacional.","breadcrumb":{"@id":"https:\/\/www.cuballama.com\/noticias\/leo-messi-anuncia-su-retiro-de-la-seleccion-argentina-a-los-39-anos-me-vacie\/#breadcrumb"},"inLanguage":"es","potentialAction":[{"@type":"ReadAction","target":["https:\/\/www.cuballama.com\/noticias\/leo-messi-anuncia-su-retiro-de-la-seleccion-argentina-a-los-39-anos-me-vacie\/"]}]},{"@type":"ImageObject","inLanguage":"es","@id":"https:\/\/www.cuballama.com\/noticias\/leo-messi-anuncia-su-retiro-de-la-seleccion-argentina-a-los-39-anos-me-vacie\/#primaryimage","url":"https:\/\/cdn1.mediawpaccore.net\/wp-content\/uploads\/2026\/08\/31115209\/Captura-de-pantalla_31-8-2026_115048_www.instagram.com_.jpg","contentUrl":"https:\/\/cdn1.mediawpaccore.net\/wp-content\/uploads\/2026\/08\/31115209\/Captura-de-pantalla_31-8-2026_115048_www.instagram.com_.jpg","width":1200,"height":630,"caption":"Leo Messi. Foto: Instagram\/Leo Messi."},{"@type":"BreadcrumbList","@id":"https:\/\/www.cuballama.com\/noticias\/leo-messi-anuncia-su-retiro-de-la-seleccion-argentina-a-los-39-anos-me-vacie\/#breadcrumb","itemListElement":[{"@type":"ListItem","position":1,"name":"Home","item":"https:\/\/www.cuballama.com\/noticias\/"},{"@type":"ListItem","position":2,"name":"Leo Messi anuncia su retiro de la selecci\u00f3n argentina a los 39 a\u00f1os: \u201cMe vaci\u00e9\u201d"}]},{"@type":"WebSite","@id":"https:\/\/www.cuballama.com\/noticias\/#website","url":"https:\/\/www.cuballama.com\/noticias\/","name":"Cuballama Noticias","description":"Medio digital sobre Cuba y el mundo","publisher":{"@id":"https:\/\/www.cuballama.com\/noticias\/#organization"},"potentialAction":[{"@type":"SearchAction","target":{"@type":"EntryPoint","urlTemplate":"https:\/\/www.cuballama.com\/noticias\/?s={search_term_string}"},"query-input":{"@type":"PropertyValueSpecification","valueRequired":true,"valueName":"search_term_string"}}],"inLanguage":"es"},{"@type":"Organization","@id":"https:\/\/www.cuballama.com\/noticias\/#organization","name":"Cuballama","url":"https:\/\/www.cuballama.com\/noticias\/","logo":{"@type":"ImageObject","inLanguage":"es","@id":"https:\/\/www.cuballama.com\/noticias\/#\/schema\/logo\/image\/","url":"https:\/\/cdn1.mediawpaccore.net\/wp-content\/uploads\/2021\/12\/28171206\/cbll-logo-color-sm.png","contentUrl":"https:\/\/cdn1.mediawpaccore.net\/wp-content\/uploads\/2021\/12\/28171206\/cbll-logo-color-sm.png","width":600,"height":133,"caption":"Cuballama"},"image":{"@id":"https:\/\/www.cuballama.com\/noticias\/#\/schema\/logo\/image\/"},"sameAs":["https:\/\/www.facebook.com\/CubaLlama","https:\/\/x.com\/cuballama","https:\/\/www.instagram.com\/stories\/cuballama_oficial\/","https:\/\/www.youtube.com\/channel\/UCKkFE-d_axENGZcrc4as0IA"]},{"@type":"Person","@id":"https:\/\/www.cuballama.com\/noticias\/#\/schema\/person\/86cd3e3f4974437f031211213bf892d5","name":"Kathy","url":"https:\/\/www.cuballama.com\/noticias\/author\/kathy\/"}]}},"_links":{"self":[{"href":"https:\/\/www.cuballama.com\/noticias\/wp-json\/wp\/v2\/posts\/255604","targetHints":{"allow":["GET"]}}],"collection":[{"href":"https:\/\/www.cuballama.com\/noticias\/wp-json\/wp\/v2\/posts"}],"about":[{"href":"https:\/\/www.cuballama.com\/noticias\/wp-json\/wp\/v2\/types\/post"}],"author":[{"embeddable":true,"href":"https:\/\/www.cuballama.com\/noticias\/wp-json\/wp\/v2\/users\/30"}],"replies":[{"embeddable":true,"href":"https:\/\/www.cuballama.com\/noticias\/wp-json\/wp\/v2\/comments?post=255604"}],"version-history":[{"count":2,"href":"https:\/\/www.cuballama.com\/noticias\/wp-json\/wp\/v2\/posts\/255604\/revisions"}],"predecessor-version":[{"id":255626,"href":"https:\/\/www.cuballama.com\/noticias\/wp-json\/wp\/v2\/posts\/255604\/revisions\/255626"}],"wp:featuredmedia":[{"embeddable":true,"href":"https:\/\/www.cuballama.com\/noticias\/wp-json\/wp\/v2\/media\/255610"}],"wp:attachment":[{"href":"https:\/\/www.cuballama.com\/noticias\/wp-json\/wp\/v2\/media?parent=255604"}],"wp:term":[{"taxonomy":"category","embeddable":true,"href":"https:\/\/www.cuballama.com\/noticias\/wp-json\/wp\/v2\/categories?post=255604"},{"taxonomy":"post_tag","embeddable":true,"href":"https:\/\/www.cuballama.com\/noticias\/wp-json\/wp\/v2\/tags?post=255604"}],"curies":[{"name":"wp","href":"https:\/\/api.w.org\/{rel}","templated":true}]}}