{"id":255559,"date":"2026-09-01T13:32:35","date_gmt":"2026-09-01T17:32:35","guid":{"rendered":"https:\/\/www.cuballama.com\/noticias\/?p=255559"},"modified":"2026-09-01T13:32:40","modified_gmt":"2026-09-01T17:32:40","slug":"el-velero-astral-de-open-arms-llega-a-la-habana-con-siete-toneladas-de-ayuda-humanitaria","status":"publish","type":"post","link":"https:\/\/www.cuballama.com\/noticias\/el-velero-astral-de-open-arms-llega-a-la-habana-con-siete-toneladas-de-ayuda-humanitaria\/","title":{"rendered":"El velero Astral de Open Arms llega a La Habana con siete toneladas de ayuda humanitaria"},"content":{"rendered":"\n<h2 class=\"wp-block-heading\">Open Arms regresa a Cuba: el velero Astral trae siete toneladas de ayuda en su segundo viaje del a\u00f1o. La embarcaci\u00f3n atrac\u00f3 en el Terminal de Cruceros de La Habana en su segundo viaje a la isla en poco m\u00e1s de un mes, como parte del proyecto \u00abRumbo a Cuba\u00bb financiado por miles de donantes. <\/h2>\n\n\n\n<p class=\"wp-block-paragraph\">El velero Astral de Open Arms ha llegado a La Habana con una carga de siete toneladas de ayuda humanitaria, un gesto que busca aliviar las dif\u00edciles condiciones de vida de muchos cubanos. Este es el segundo viaje del barco a la isla en poco m\u00e1s de un mes, lo que pone de manifiesto la continuidad del proyecto solidario \u00abRumbo a Cuba\u00bb, impulsado por activistas y figuras pol\u00edticas espa\u00f1olas.<\/p>\n\n\n\n<p class=\"wp-block-paragraph\"><strong>tal vez quieras leer:<a href=\"https:\/\/www.cuballama.com\/noticias\/el-velero-astral-de-open-arms-llega-a-la-habana-con-siete-toneladas-de-ayuda-para-un-hospital-pediatrico\/\" target=\"_blank\" rel=\"noreferrer noopener\"> El velero Astral de Open Arms llega a La Habana con siete toneladas de ayuda para un hospital pedi\u00e1trico<\/a><br><\/strong><br>La iniciativa ha sido posible gracias a las donaciones de m\u00e1s de 4,000 personas, que en conjunto aportaron alrededor de 170,000 euros para financiar la campa\u00f1a. \u00d3scar Camps, fundador de Open Arms, se refiri\u00f3 a los l\u00edmites materiales de este tipo de ayuda al se\u00f1alar: \u00abaunque no son muchas toneladas de material como quisieran trasladar hacia la Isla, est\u00e1 aqu\u00ed y nos lo han dado los ciudadanos que han podido apoyar esta campa\u00f1a.\u00bb El primer viaje del Astral, ocurrido en julio, transport\u00f3 un kit fotovoltaico destinado a dar autonom\u00eda energ\u00e9tica al hospital pedi\u00e1trico Juan Manuel M\u00e1rquez de La Habana, mientras que este segundo viaje se centra en una carga m\u00e1s amplia de ayuda humanitaria general.<\/p>\n\n\n\n<p class=\"wp-block-paragraph\">El Astral atrac\u00f3 en el Terminal de Cruceros de La Habana, donde fue recibido por un grupo de curiosos que se acercaron para conocer m\u00e1s sobre la misi\u00f3n del barco. La ayuda humanitaria que trae el velero incluye productos b\u00e1sicos como alimentos, medicinas y otros suministros esenciales, en un esfuerzo por paliar la escasez que enfrenta buena parte de la poblaci\u00f3n cubana.<\/p>\n\n\n\n<p class=\"wp-block-paragraph\">Seg\u00fan los organizadores de la iniciativa, el proyecto busca no solo entregar ayuda material, sino tambi\u00e9n denunciar el impacto del embargo econ\u00f3mico estadounidense contra Cuba, aunque analistas y medios cubanos han se\u00f1alado que la crisis del pa\u00eds responde a una combinaci\u00f3n de factores, incluyendo d\u00e9cadas de pol\u00edticas econ\u00f3micas internas consideradas ineficaces. Open Arms ha manifestado su compromiso de continuar enviando ayuda a la isla pese a los desaf\u00edos log\u00edsticos, y ha hecho un llamado a la comunidad internacional para sumarse a sus esfuerzos mientras el velero se prepara para su regreso a Espa\u00f1a.<\/p>\n\n\n\n<p class=\"wp-block-paragraph\">Open Arms, fundada por el socorrista catal\u00e1n \u00d3scar Camps, se hizo conocida internacionalmente por sus operaciones de rescate de migrantes en el mar Mediterr\u00e1neo, y en los \u00faltimos a\u00f1os ha extendido parte de su labor humanitaria hacia Cuba a trav\u00e9s de este tipo de traves\u00edas solidarias. La organizaci\u00f3n ha insistido en que estas misiones no sustituyen la necesidad de una soluci\u00f3n estructural a la crisis cubana, sino que buscan aliviar puntualmente algunas de sus consecuencias m\u00e1s urgentes mientras persista la escasez de recursos b\u00e1sicos en la isla.<\/p>\n\n\n\n<p class=\"wp-block-paragraph\">[FUENTES]<\/p>\n\n\n\n<ul class=\"wp-block-list\">\n<li>ABC, \u00abEl velero Astral de Open Arms vuelve a La Habana con siete toneladas de ayuda\u00bb, <a href=\"https:\/\/www.abc.es\/internacional\/velero-astral-open-arms-vuelve-habana-siete-20260831053939-nt.html\">https:\/\/www.abc.es\/internacional\/velero-astral-open-arms-vuelve-habana-siete-20260831053939-nt.html<\/a><\/li>\n\n\n\n<li>Infobae, \u00abVelero Astral llega a La Habana con siete toneladas de ayuda de Open Arms\u00bb, <a href=\"https:\/\/www.infobae.com\/cuba\/2026\/08\/31\/velero-astral-llega-a-la-habana-con-siete-toneladas-de-ayuda-de-open-arms\/\">https:\/\/www.infobae.com\/cuba\/2026\/08\/31\/velero-astral-llega-a-la-habana-con-siete-toneladas-de-ayuda-de-open-arms\/<\/a><\/li>\n\n\n\n<li>Escambray, \u00abArrib\u00f3 a La Habana velero Astral, del proyecto Rumbo a Cuba\u00bb, <a href=\"https:\/\/www.escambray.cu\/2026\/arribo-a-la-habana-velero-astral-del-proyecto-rumbo-a-cuba\/\">https:\/\/www.escambray.cu\/2026\/arribo-a-la-habana-velero-astral-del-proyecto-rumbo-a-cuba\/<\/a><\/li>\n\n\n\n<li>OnCubaNews, \u00abEl velero Astral de Open Arms vuelve a La Habana con siete toneladas de ayuda\u00bb, <a href=\"https:\/\/oncubanews.com\/cuba\/el-velero-astral-de-open-arms-vuelve-a-la-habana-con-siete-toneladas-de-ayuda\/\">https:\/\/oncubanews.com\/cuba\/el-velero-astral-de-open-arms-vuelve-a-la-habana-con-siete-toneladas-de-ayuda\/<\/a><\/li>\n<\/ul>\n\n\n\n<p class=\"wp-block-paragraph\"><\/p>\n","protected":false},"excerpt":{"rendered":"<p>El velero Astral de Open Arms ha llegado a La Habana con siete toneladas de ayuda humanitaria, su segundo viaje a la isla en poco m\u00e1s de un mes, dentro del proyecto solidario \u00abRumbo a Cuba\u00bb.<\/p>\n","protected":false},"author":13,"featured_media":255577,"comment_status":"open","ping_status":"closed","sticky":false,"template":"","format":"standard","meta":{"_acf_changed":false,"footnotes":""},"categories":[18,955],"tags":[1276,11,941,164,36385,36383,909,36382],"class_list":["post-255559","post","type-post","status-publish","format-standard","has-post-thumbnail","category-noticias","category-noticias-de-cuba","tag-ayuda-humanitaria","tag-cuba","tag-destacado","tag-la-habana","tag-open-arms","tag-rumbo-a-cuba","tag-solidaridad","tag-velero-astral"],"acf":[],"yoast_head":"<!-- This site is optimized with the Yoast SEO plugin v28.3 - https:\/\/yoast.com\/product\/yoast-seo-wordpress\/ -->\n<title>El velero Astral de Open Arms llega a La Habana con siete toneladas de ayuda humanitaria - Cuballama Noticias<\/title>\n<meta name=\"description\" content=\"El velero Astral de Open Arms llega a Cuba con siete toneladas de ayuda humanitaria, en su segundo viaje a la isla en poco m\u00e1s de un mes.\" \/>\n<meta name=\"robots\" content=\"index, follow, max-snippet:-1, max-image-preview:large, max-video-preview:-1\" \/>\n<link rel=\"canonical\" href=\"https:\/\/www.cuballama.com\/noticias\/el-velero-astral-de-open-arms-llega-a-la-habana-con-siete-toneladas-de-ayuda-humanitaria\/\" \/>\n<meta property=\"og:locale\" content=\"es_ES\" \/>\n<meta property=\"og:type\" content=\"article\" \/>\n<meta property=\"og:title\" content=\"El velero Astral de Open Arms llega a La Habana con siete toneladas de ayuda humanitaria - Cuballama Noticias\" \/>\n<meta property=\"og:description\" content=\"El velero Astral de Open Arms llega a Cuba con siete toneladas de ayuda humanitaria, en su segundo viaje a la isla en poco m\u00e1s de un mes.\" \/>\n<meta property=\"og:url\" content=\"https:\/\/www.cuballama.com\/noticias\/el-velero-astral-de-open-arms-llega-a-la-habana-con-siete-toneladas-de-ayuda-humanitaria\/\" \/>\n<meta property=\"og:site_name\" content=\"Cuballama Noticias\" \/>\n<meta property=\"article:publisher\" content=\"https:\/\/www.facebook.com\/CubaLlama\" \/>\n<meta property=\"article:published_time\" content=\"2026-09-01T17:32:35+00:00\" \/>\n<meta property=\"article:modified_time\" content=\"2026-09-01T17:32:40+00:00\" \/>\n<meta property=\"og:image\" content=\"https:\/\/cdn1.mediawpaccore.net\/wp-content\/uploads\/2026\/08\/31110808\/image-163.png\" \/>\n\t<meta property=\"og:image:width\" content=\"1136\" \/>\n\t<meta property=\"og:image:height\" content=\"588\" \/>\n\t<meta property=\"og:image:type\" content=\"image\/png\" \/>\n<meta name=\"author\" content=\"Roberto A.\" \/>\n<meta name=\"twitter:card\" content=\"summary_large_image\" \/>\n<meta name=\"twitter:creator\" content=\"@cuballama\" \/>\n<meta name=\"twitter:site\" content=\"@cuballama\" \/>\n<meta name=\"twitter:label1\" content=\"Escrito por\" \/>\n\t<meta name=\"twitter:data1\" content=\"Roberto A.\" \/>\n\t<meta name=\"twitter:label2\" content=\"Tiempo de lectura\" \/>\n\t<meta name=\"twitter:data2\" content=\"3 minutos\" \/>\n<script type=\"application\/ld+json\" class=\"yoast-schema-graph\">{\"@context\":\"https:\\\/\\\/schema.org\",\"@graph\":[{\"@type\":\"Article\",\"@id\":\"https:\\\/\\\/www.cuballama.com\\\/noticias\\\/el-velero-astral-de-open-arms-llega-a-la-habana-con-siete-toneladas-de-ayuda-humanitaria\\\/#article\",\"isPartOf\":{\"@id\":\"https:\\\/\\\/www.cuballama.com\\\/noticias\\\/el-velero-astral-de-open-arms-llega-a-la-habana-con-siete-toneladas-de-ayuda-humanitaria\\\/\"},\"author\":{\"name\":\"Roberto A.\",\"@id\":\"https:\\\/\\\/www.cuballama.com\\\/noticias\\\/#\\\/schema\\\/person\\\/a58502ed4146c8e9f83872e897c76cd2\"},\"headline\":\"El velero Astral de Open Arms llega a La Habana con siete toneladas de ayuda humanitaria\",\"datePublished\":\"2026-09-01T17:32:35+00:00\",\"dateModified\":\"2026-09-01T17:32:40+00:00\",\"mainEntityOfPage\":{\"@id\":\"https:\\\/\\\/www.cuballama.com\\\/noticias\\\/el-velero-astral-de-open-arms-llega-a-la-habana-con-siete-toneladas-de-ayuda-humanitaria\\\/\"},\"wordCount\":645,\"commentCount\":0,\"publisher\":{\"@id\":\"https:\\\/\\\/www.cuballama.com\\\/noticias\\\/#organization\"},\"image\":{\"@id\":\"https:\\\/\\\/www.cuballama.com\\\/noticias\\\/el-velero-astral-de-open-arms-llega-a-la-habana-con-siete-toneladas-de-ayuda-humanitaria\\\/#primaryimage\"},\"thumbnailUrl\":\"https:\\\/\\\/cdn1.mediawpaccore.net\\\/wp-content\\\/uploads\\\/2026\\\/08\\\/31110808\\\/image-163.png\",\"keywords\":[\"Ayuda Humanitaria\",\"Cuba\",\"destacado\",\"La Habana\",\"Open Arms\",\"Rumbo a Cuba\",\"solidaridad\",\"velero Astral\"],\"articleSection\":[\"Noticias\",\"Noticias de Cuba\"],\"inLanguage\":\"es\",\"potentialAction\":[{\"@type\":\"CommentAction\",\"name\":\"Comment\",\"target\":[\"https:\\\/\\\/www.cuballama.com\\\/noticias\\\/el-velero-astral-de-open-arms-llega-a-la-habana-con-siete-toneladas-de-ayuda-humanitaria\\\/#respond\"]}]},{\"@type\":\"WebPage\",\"@id\":\"https:\\\/\\\/www.cuballama.com\\\/noticias\\\/el-velero-astral-de-open-arms-llega-a-la-habana-con-siete-toneladas-de-ayuda-humanitaria\\\/\",\"url\":\"https:\\\/\\\/www.cuballama.com\\\/noticias\\\/el-velero-astral-de-open-arms-llega-a-la-habana-con-siete-toneladas-de-ayuda-humanitaria\\\/\",\"name\":\"El velero Astral de Open Arms llega a La Habana con siete toneladas de ayuda humanitaria - Cuballama Noticias\",\"isPartOf\":{\"@id\":\"https:\\\/\\\/www.cuballama.com\\\/noticias\\\/#website\"},\"primaryImageOfPage\":{\"@id\":\"https:\\\/\\\/www.cuballama.com\\\/noticias\\\/el-velero-astral-de-open-arms-llega-a-la-habana-con-siete-toneladas-de-ayuda-humanitaria\\\/#primaryimage\"},\"image\":{\"@id\":\"https:\\\/\\\/www.cuballama.com\\\/noticias\\\/el-velero-astral-de-open-arms-llega-a-la-habana-con-siete-toneladas-de-ayuda-humanitaria\\\/#primaryimage\"},\"thumbnailUrl\":\"https:\\\/\\\/cdn1.mediawpaccore.net\\\/wp-content\\\/uploads\\\/2026\\\/08\\\/31110808\\\/image-163.png\",\"datePublished\":\"2026-09-01T17:32:35+00:00\",\"dateModified\":\"2026-09-01T17:32:40+00:00\",\"description\":\"El velero Astral de Open Arms llega a Cuba con siete toneladas de ayuda humanitaria, en su segundo viaje a la isla en poco m\u00e1s de un mes.\",\"breadcrumb\":{\"@id\":\"https:\\\/\\\/www.cuballama.com\\\/noticias\\\/el-velero-astral-de-open-arms-llega-a-la-habana-con-siete-toneladas-de-ayuda-humanitaria\\\/#breadcrumb\"},\"inLanguage\":\"es\",\"potentialAction\":[{\"@type\":\"ReadAction\",\"target\":[\"https:\\\/\\\/www.cuballama.com\\\/noticias\\\/el-velero-astral-de-open-arms-llega-a-la-habana-con-siete-toneladas-de-ayuda-humanitaria\\\/\"]}]},{\"@type\":\"ImageObject\",\"inLanguage\":\"es\",\"@id\":\"https:\\\/\\\/www.cuballama.com\\\/noticias\\\/el-velero-astral-de-open-arms-llega-a-la-habana-con-siete-toneladas-de-ayuda-humanitaria\\\/#primaryimage\",\"url\":\"https:\\\/\\\/cdn1.mediawpaccore.net\\\/wp-content\\\/uploads\\\/2026\\\/08\\\/31110808\\\/image-163.png\",\"contentUrl\":\"https:\\\/\\\/cdn1.mediawpaccore.net\\\/wp-content\\\/uploads\\\/2026\\\/08\\\/31110808\\\/image-163.png\",\"width\":1136,\"height\":588,\"caption\":\"Foto: Generada por la IA\"},{\"@type\":\"BreadcrumbList\",\"@id\":\"https:\\\/\\\/www.cuballama.com\\\/noticias\\\/el-velero-astral-de-open-arms-llega-a-la-habana-con-siete-toneladas-de-ayuda-humanitaria\\\/#breadcrumb\",\"itemListElement\":[{\"@type\":\"ListItem\",\"position\":1,\"name\":\"Home\",\"item\":\"https:\\\/\\\/www.cuballama.com\\\/noticias\\\/\"},{\"@type\":\"ListItem\",\"position\":2,\"name\":\"El velero Astral de Open Arms llega a La Habana con siete toneladas de ayuda humanitaria\"}]},{\"@type\":\"WebSite\",\"@id\":\"https:\\\/\\\/www.cuballama.com\\\/noticias\\\/#website\",\"url\":\"https:\\\/\\\/www.cuballama.com\\\/noticias\\\/\",\"name\":\"Cuballama Noticias\",\"description\":\"Medio digital sobre Cuba y el mundo\",\"publisher\":{\"@id\":\"https:\\\/\\\/www.cuballama.com\\\/noticias\\\/#organization\"},\"potentialAction\":[{\"@type\":\"SearchAction\",\"target\":{\"@type\":\"EntryPoint\",\"urlTemplate\":\"https:\\\/\\\/www.cuballama.com\\\/noticias\\\/?s={search_term_string}\"},\"query-input\":{\"@type\":\"PropertyValueSpecification\",\"valueRequired\":true,\"valueName\":\"search_term_string\"}}],\"inLanguage\":\"es\"},{\"@type\":\"Organization\",\"@id\":\"https:\\\/\\\/www.cuballama.com\\\/noticias\\\/#organization\",\"name\":\"Cuballama\",\"url\":\"https:\\\/\\\/www.cuballama.com\\\/noticias\\\/\",\"logo\":{\"@type\":\"ImageObject\",\"inLanguage\":\"es\",\"@id\":\"https:\\\/\\\/www.cuballama.com\\\/noticias\\\/#\\\/schema\\\/logo\\\/image\\\/\",\"url\":\"https:\\\/\\\/cdn1.mediawpaccore.net\\\/wp-content\\\/uploads\\\/2021\\\/12\\\/28171206\\\/cbll-logo-color-sm.png\",\"contentUrl\":\"https:\\\/\\\/cdn1.mediawpaccore.net\\\/wp-content\\\/uploads\\\/2021\\\/12\\\/28171206\\\/cbll-logo-color-sm.png\",\"width\":600,\"height\":133,\"caption\":\"Cuballama\"},\"image\":{\"@id\":\"https:\\\/\\\/www.cuballama.com\\\/noticias\\\/#\\\/schema\\\/logo\\\/image\\\/\"},\"sameAs\":[\"https:\\\/\\\/www.facebook.com\\\/CubaLlama\",\"https:\\\/\\\/x.com\\\/cuballama\",\"https:\\\/\\\/www.instagram.com\\\/stories\\\/cuballama_oficial\\\/\",\"https:\\\/\\\/www.youtube.com\\\/channel\\\/UCKkFE-d_axENGZcrc4as0IA\"]},{\"@type\":\"Person\",\"@id\":\"https:\\\/\\\/www.cuballama.com\\\/noticias\\\/#\\\/schema\\\/person\\\/a58502ed4146c8e9f83872e897c76cd2\",\"name\":\"Roberto A.\",\"description\":\"Roberto A. Periodista por decisi\u00f3n propia. Interesado en cualquier tema que me apasione y cada vez m\u00e1s comprometido con la verdad y la objetividad period\u00edstica. Graduado en La Habana hace ya muchos a\u00f1os, luego de una accidentada y polvorienta b\u00fasqueda de informaci\u00f3n sobre un tema in\u00e9dito. La Tesis, por cierto, desapareci\u00f3 de la biblioteca y no se conservan copias de la misma.\",\"url\":\"https:\\\/\\\/www.cuballama.com\\\/noticias\\\/author\\\/roberto\\\/\"}]}<\/script>\n<!-- \/ Yoast SEO plugin. -->","yoast_head_json":{"title":"El velero Astral de Open Arms llega a La Habana con siete toneladas de ayuda humanitaria - Cuballama Noticias","description":"El velero Astral de Open Arms llega a Cuba con siete toneladas de ayuda humanitaria, en su segundo viaje a la isla en poco m\u00e1s de un mes.","robots":{"index":"index","follow":"follow","max-snippet":"max-snippet:-1","max-image-preview":"max-image-preview:large","max-video-preview":"max-video-preview:-1"},"canonical":"https:\/\/www.cuballama.com\/noticias\/el-velero-astral-de-open-arms-llega-a-la-habana-con-siete-toneladas-de-ayuda-humanitaria\/","og_locale":"es_ES","og_type":"article","og_title":"El velero Astral de Open Arms llega a La Habana con siete toneladas de ayuda humanitaria - Cuballama Noticias","og_description":"El velero Astral de Open Arms llega a Cuba con siete toneladas de ayuda humanitaria, en su segundo viaje a la isla en poco m\u00e1s de un mes.","og_url":"https:\/\/www.cuballama.com\/noticias\/el-velero-astral-de-open-arms-llega-a-la-habana-con-siete-toneladas-de-ayuda-humanitaria\/","og_site_name":"Cuballama Noticias","article_publisher":"https:\/\/www.facebook.com\/CubaLlama","article_published_time":"2026-09-01T17:32:35+00:00","article_modified_time":"2026-09-01T17:32:40+00:00","og_image":[{"width":1136,"height":588,"url":"https:\/\/cdn1.mediawpaccore.net\/wp-content\/uploads\/2026\/08\/31110808\/image-163.png","type":"image\/png"}],"author":"Roberto A.","twitter_card":"summary_large_image","twitter_creator":"@cuballama","twitter_site":"@cuballama","twitter_misc":{"Escrito por":"Roberto A.","Tiempo de lectura":"3 minutos"},"schema":{"@context":"https:\/\/schema.org","@graph":[{"@type":"Article","@id":"https:\/\/www.cuballama.com\/noticias\/el-velero-astral-de-open-arms-llega-a-la-habana-con-siete-toneladas-de-ayuda-humanitaria\/#article","isPartOf":{"@id":"https:\/\/www.cuballama.com\/noticias\/el-velero-astral-de-open-arms-llega-a-la-habana-con-siete-toneladas-de-ayuda-humanitaria\/"},"author":{"name":"Roberto A.","@id":"https:\/\/www.cuballama.com\/noticias\/#\/schema\/person\/a58502ed4146c8e9f83872e897c76cd2"},"headline":"El velero Astral de Open Arms llega a La Habana con siete toneladas de ayuda humanitaria","datePublished":"2026-09-01T17:32:35+00:00","dateModified":"2026-09-01T17:32:40+00:00","mainEntityOfPage":{"@id":"https:\/\/www.cuballama.com\/noticias\/el-velero-astral-de-open-arms-llega-a-la-habana-con-siete-toneladas-de-ayuda-humanitaria\/"},"wordCount":645,"commentCount":0,"publisher":{"@id":"https:\/\/www.cuballama.com\/noticias\/#organization"},"image":{"@id":"https:\/\/www.cuballama.com\/noticias\/el-velero-astral-de-open-arms-llega-a-la-habana-con-siete-toneladas-de-ayuda-humanitaria\/#primaryimage"},"thumbnailUrl":"https:\/\/cdn1.mediawpaccore.net\/wp-content\/uploads\/2026\/08\/31110808\/image-163.png","keywords":["Ayuda Humanitaria","Cuba","destacado","La Habana","Open Arms","Rumbo a Cuba","solidaridad","velero Astral"],"articleSection":["Noticias","Noticias de Cuba"],"inLanguage":"es","potentialAction":[{"@type":"CommentAction","name":"Comment","target":["https:\/\/www.cuballama.com\/noticias\/el-velero-astral-de-open-arms-llega-a-la-habana-con-siete-toneladas-de-ayuda-humanitaria\/#respond"]}]},{"@type":"WebPage","@id":"https:\/\/www.cuballama.com\/noticias\/el-velero-astral-de-open-arms-llega-a-la-habana-con-siete-toneladas-de-ayuda-humanitaria\/","url":"https:\/\/www.cuballama.com\/noticias\/el-velero-astral-de-open-arms-llega-a-la-habana-con-siete-toneladas-de-ayuda-humanitaria\/","name":"El velero Astral de Open Arms llega a La Habana con siete toneladas de ayuda humanitaria - Cuballama Noticias","isPartOf":{"@id":"https:\/\/www.cuballama.com\/noticias\/#website"},"primaryImageOfPage":{"@id":"https:\/\/www.cuballama.com\/noticias\/el-velero-astral-de-open-arms-llega-a-la-habana-con-siete-toneladas-de-ayuda-humanitaria\/#primaryimage"},"image":{"@id":"https:\/\/www.cuballama.com\/noticias\/el-velero-astral-de-open-arms-llega-a-la-habana-con-siete-toneladas-de-ayuda-humanitaria\/#primaryimage"},"thumbnailUrl":"https:\/\/cdn1.mediawpaccore.net\/wp-content\/uploads\/2026\/08\/31110808\/image-163.png","datePublished":"2026-09-01T17:32:35+00:00","dateModified":"2026-09-01T17:32:40+00:00","description":"El velero Astral de Open Arms llega a Cuba con siete toneladas de ayuda humanitaria, en su segundo viaje a la isla en poco m\u00e1s de un mes.","breadcrumb":{"@id":"https:\/\/www.cuballama.com\/noticias\/el-velero-astral-de-open-arms-llega-a-la-habana-con-siete-toneladas-de-ayuda-humanitaria\/#breadcrumb"},"inLanguage":"es","potentialAction":[{"@type":"ReadAction","target":["https:\/\/www.cuballama.com\/noticias\/el-velero-astral-de-open-arms-llega-a-la-habana-con-siete-toneladas-de-ayuda-humanitaria\/"]}]},{"@type":"ImageObject","inLanguage":"es","@id":"https:\/\/www.cuballama.com\/noticias\/el-velero-astral-de-open-arms-llega-a-la-habana-con-siete-toneladas-de-ayuda-humanitaria\/#primaryimage","url":"https:\/\/cdn1.mediawpaccore.net\/wp-content\/uploads\/2026\/08\/31110808\/image-163.png","contentUrl":"https:\/\/cdn1.mediawpaccore.net\/wp-content\/uploads\/2026\/08\/31110808\/image-163.png","width":1136,"height":588,"caption":"Foto: Generada por la IA"},{"@type":"BreadcrumbList","@id":"https:\/\/www.cuballama.com\/noticias\/el-velero-astral-de-open-arms-llega-a-la-habana-con-siete-toneladas-de-ayuda-humanitaria\/#breadcrumb","itemListElement":[{"@type":"ListItem","position":1,"name":"Home","item":"https:\/\/www.cuballama.com\/noticias\/"},{"@type":"ListItem","position":2,"name":"El velero Astral de Open Arms llega a La Habana con siete toneladas de ayuda humanitaria"}]},{"@type":"WebSite","@id":"https:\/\/www.cuballama.com\/noticias\/#website","url":"https:\/\/www.cuballama.com\/noticias\/","name":"Cuballama Noticias","description":"Medio digital sobre Cuba y el mundo","publisher":{"@id":"https:\/\/www.cuballama.com\/noticias\/#organization"},"potentialAction":[{"@type":"SearchAction","target":{"@type":"EntryPoint","urlTemplate":"https:\/\/www.cuballama.com\/noticias\/?s={search_term_string}"},"query-input":{"@type":"PropertyValueSpecification","valueRequired":true,"valueName":"search_term_string"}}],"inLanguage":"es"},{"@type":"Organization","@id":"https:\/\/www.cuballama.com\/noticias\/#organization","name":"Cuballama","url":"https:\/\/www.cuballama.com\/noticias\/","logo":{"@type":"ImageObject","inLanguage":"es","@id":"https:\/\/www.cuballama.com\/noticias\/#\/schema\/logo\/image\/","url":"https:\/\/cdn1.mediawpaccore.net\/wp-content\/uploads\/2021\/12\/28171206\/cbll-logo-color-sm.png","contentUrl":"https:\/\/cdn1.mediawpaccore.net\/wp-content\/uploads\/2021\/12\/28171206\/cbll-logo-color-sm.png","width":600,"height":133,"caption":"Cuballama"},"image":{"@id":"https:\/\/www.cuballama.com\/noticias\/#\/schema\/logo\/image\/"},"sameAs":["https:\/\/www.facebook.com\/CubaLlama","https:\/\/x.com\/cuballama","https:\/\/www.instagram.com\/stories\/cuballama_oficial\/","https:\/\/www.youtube.com\/channel\/UCKkFE-d_axENGZcrc4as0IA"]},{"@type":"Person","@id":"https:\/\/www.cuballama.com\/noticias\/#\/schema\/person\/a58502ed4146c8e9f83872e897c76cd2","name":"Roberto A.","description":"Roberto A. Periodista por decisi\u00f3n propia. Interesado en cualquier tema que me apasione y cada vez m\u00e1s comprometido con la verdad y la objetividad period\u00edstica. Graduado en La Habana hace ya muchos a\u00f1os, luego de una accidentada y polvorienta b\u00fasqueda de informaci\u00f3n sobre un tema in\u00e9dito. La Tesis, por cierto, desapareci\u00f3 de la biblioteca y no se conservan copias de la misma.","url":"https:\/\/www.cuballama.com\/noticias\/author\/roberto\/"}]}},"_links":{"self":[{"href":"https:\/\/www.cuballama.com\/noticias\/wp-json\/wp\/v2\/posts\/255559","targetHints":{"allow":["GET"]}}],"collection":[{"href":"https:\/\/www.cuballama.com\/noticias\/wp-json\/wp\/v2\/posts"}],"about":[{"href":"https:\/\/www.cuballama.com\/noticias\/wp-json\/wp\/v2\/types\/post"}],"author":[{"embeddable":true,"href":"https:\/\/www.cuballama.com\/noticias\/wp-json\/wp\/v2\/users\/13"}],"replies":[{"embeddable":true,"href":"https:\/\/www.cuballama.com\/noticias\/wp-json\/wp\/v2\/comments?post=255559"}],"version-history":[{"count":3,"href":"https:\/\/www.cuballama.com\/noticias\/wp-json\/wp\/v2\/posts\/255559\/revisions"}],"predecessor-version":[{"id":255585,"href":"https:\/\/www.cuballama.com\/noticias\/wp-json\/wp\/v2\/posts\/255559\/revisions\/255585"}],"wp:featuredmedia":[{"embeddable":true,"href":"https:\/\/www.cuballama.com\/noticias\/wp-json\/wp\/v2\/media\/255577"}],"wp:attachment":[{"href":"https:\/\/www.cuballama.com\/noticias\/wp-json\/wp\/v2\/media?parent=255559"}],"wp:term":[{"taxonomy":"category","embeddable":true,"href":"https:\/\/www.cuballama.com\/noticias\/wp-json\/wp\/v2\/categories?post=255559"},{"taxonomy":"post_tag","embeddable":true,"href":"https:\/\/www.cuballama.com\/noticias\/wp-json\/wp\/v2\/tags?post=255559"}],"curies":[{"name":"wp","href":"https:\/\/api.w.org\/{rel}","templated":true}]}}