{"id":255550,"date":"2026-09-01T15:14:28","date_gmt":"2026-09-01T19:14:28","guid":{"rendered":"https:\/\/www.cuballama.com\/noticias\/?p=255550"},"modified":"2026-09-01T15:14:31","modified_gmt":"2026-09-01T19:14:31","slug":"cacerolazo-en-el-vedado-tras-mas-de-24-horas-sin-electricidad-en-la-habana","status":"publish","type":"post","link":"https:\/\/www.cuballama.com\/noticias\/cacerolazo-en-el-vedado-tras-mas-de-24-horas-sin-electricidad-en-la-habana\/","title":{"rendered":"Cacerolazo en El Vedado tras m\u00e1s de 24 horas sin electricidad en La Habana"},"content":{"rendered":"\n<h2 class=\"wp-block-heading\">El descontento estalla en El Vedado: cacerolazo tras un nuevo apag\u00f3n de m\u00e1s de 24 horas. Vecinos de la calle N en El Vedado protagonizaron un cacerolazo tras m\u00e1s de 24 horas sin electricidad, el m\u00e1s reciente de una serie de protestas similares registradas en el mismo barrio desde marzo de 2026.<\/h2>\n\n\n\n<p class=\"wp-block-paragraph\">El cacerolazo en El Vedado se produjo el pasado domingo (ayer) en un momento cr\u00edtico para la poblaci\u00f3n cubana, que ha estado lidiando con apagones prolongados y recurrentes. Los residentes de la calle N se unieron en una protesta que refleja el descontento generalizado por la falta de servicios b\u00e1sicos, en particular la electricidad, que ha sido un tema candente en la isla en los \u00faltimos meses. <\/p>\n\n\n\n<h2 class=\"wp-block-heading\">Una crisis el\u00e9ctrica que no cede<\/h2>\n\n\n\n<p class=\"wp-block-paragraph\">La crisis el\u00e9ctrica en Cuba ha alcanzado niveles alarmantes, con un d\u00e9ficit de generaci\u00f3n que ha llevado a la Uni\u00f3n El\u00e9ctrica a reportar una disponibilidad de solo 1,022 MW frente a un d\u00e9ficit de 1,805 MW. Durante agosto de 2026 se registraron al menos siete colapsos totales del sistema el\u00e9ctrico, lo que ha dejado a muchas comunidades sin suministro durante m\u00e1s de 72 horas consecutivas. La falta de mantenimiento y la obsolescencia de la infraestructura el\u00e9ctrica han sido se\u00f1aladas por medios independientes como las causas principales de esta crisis.<\/p>\n\n\n\n<figure class=\"wp-block-embed is-type-rich is-provider-x wp-block-embed-x\"><div class=\"wp-block-embed__wrapper\">\n<blockquote class=\"twitter-tweet\" data-width=\"550\" data-dnt=\"true\"><p lang=\"es\" dir=\"ltr\">\u26a0\ufe0f\u26a0\ufe0fProtesta ahora en el Vedado<br><br>Cacerolazo en la calle N!<br><br>M\u00e1s de 24 horas sin electricidad.<\/p>&mdash; Mag Jorge Castro\ud83c\udde8\ud83c\uddfa (@MagJorgeCastro) <a href=\"https:\/\/x.com\/MagJorgeCastro\/status\/2094227931060981933?ref_src=twsrc%5Etfw\">August 31, 2026<\/a><\/blockquote><script async src=\"https:\/\/platform.x.com\/widgets.js\" charset=\"utf-8\"><\/script>\n<\/div><\/figure>\n\n\n\n<p class=\"wp-block-paragraph\">El cacerolazo del domingo no es un hecho aislado. Desde marzo de 2026, este tipo de manifestaciones se han vuelto recurrentes en la zona: CiberCuba ha documentado episodios similares en El Vedado en marzo, junio y julio de este a\u00f1o, incluyendo un cacerolazo \u00aba pleno d\u00eda\u00bb en junio tras tres d\u00edas sin luz y otro en julio tras m\u00e1s de 30 horas sin electricidad. El municipio Plaza de la Revoluci\u00f3n, donde se ubica El Vedado, ha sido escenario de protestas similares en otros barrios, incluyendo El Fanguito, donde la respuesta del r\u00e9gimen fue la represi\u00f3n policial con detenciones de manifestantes, generando un clima de temor y desconfianza entre los ciudadanos.<\/p>\n\n\n\n<p class=\"wp-block-paragraph\"><strong>tal vez quieras leer: <a href=\"https:\/\/www.cuballama.com\/noticias\/fuerte-despliegue-de-boinas-negras-en-el-fanguito-tras-protestas-por-apagones\/\" data-type=\"post\" data-id=\"255480\">Fuerte despliegue de Boinas Negras en El Fanguito tras protestas por apagones<\/a><\/strong><\/p>\n\n\n\n<h2 class=\"wp-block-heading\">La respuesta del gobierno<\/h2>\n\n\n\n<p class=\"wp-block-paragraph\">La respuesta del gobierno cubano a estas manifestaciones ha sido, en ocasiones anteriores, la militarizaci\u00f3n de las \u00e1reas afectadas, con presencia de patrullas y fuerzas especiales, en lo que se interpreta como un intento de sofocar el descontento social. Sin embargo, el malestar persiste y se manifiesta de manera recurrente en forma de cacerolazos, que se han convertido en un s\u00edmbolo de resistencia ciudadana ante una crisis que, seg\u00fan los propios cubanos, tiene tanto de ra\u00edz en el embargo estadounidense como en la mala gesti\u00f3n y la falta de inversi\u00f3n en la infraestructura energ\u00e9tica del pa\u00eds.<\/p>\n\n\n\n<p class=\"wp-block-paragraph\">El caso de El Vedado resulta particularmente simb\u00f3lico porque se trata de uno de los barrios m\u00e1s c\u00e9ntricos de La Habana, cercano a instituciones estatales y a la zona diplom\u00e1tica, lo que ha llevado a algunos analistas a interpretar estas protestas como una se\u00f1al de que el descontento por los apagones ya no se limita a las periferias de la capital, sino que alcanza tambi\u00e9n a zonas hist\u00f3ricamente m\u00e1s resguardadas de la agitaci\u00f3n social.<\/p>\n\n\n\n<p class=\"wp-block-paragraph\">[FUENTES]<\/p>\n\n\n\n<ul class=\"wp-block-list\">\n<li>CiberCuba: \u00abReportan cacerolazo en el Vedado tras m\u00e1s de 24 horas sin electricidad\u00bb, \u00abCacerolazo en El Vedado tras m\u00e1s de 30 horas sin electricidad\u00bb, \u00abCubanos protestan en El Vedado por los apagones: casi 24 horas sin corriente\u00bb, \u00abCacerolazo en El Vedado a pleno d\u00eda: vecinos salen a la calle tras tres d\u00edas sin luz\u00bb.<\/li>\n<\/ul>\n\n\n\n<p class=\"wp-block-paragraph\"><\/p>\n","protected":false},"excerpt":{"rendered":"<p>Residentes de la calle N en El Vedado, La Habana, realizaron un cacerolazo en protesta por m\u00e1s de 24 horas sin electricidad, la m\u00e1s reciente de una serie de protestas similares registradas en la zona desde marzo de 2026.<\/p>\n","protected":false},"author":13,"featured_media":255589,"comment_status":"open","ping_status":"closed","sticky":false,"template":"","format":"standard","meta":{"_acf_changed":false,"footnotes":""},"categories":[18,955],"tags":[1146,9126,6231,11,4406,164,1393,5446],"class_list":["post-255550","post","type-post","status-publish","format-standard","has-post-thumbnail","category-noticias","category-noticias-de-cuba","tag-apagones","tag-cacerolazo","tag-crisis-energetica","tag-cuba","tag-el-vedado","tag-la-habana","tag-protestas","tag-union-electrica"],"acf":[],"yoast_head":"<!-- This site is optimized with the Yoast SEO plugin v28.3 - https:\/\/yoast.com\/product\/yoast-seo-wordpress\/ -->\n<title>Cacerolazo en El Vedado tras m\u00e1s de 24 horas sin electricidad en La Habana - Cuballama Noticias<\/title>\n<meta name=\"description\" content=\"Vecinos de El Vedado, en La Habana, realizaron un cacerolazo tras m\u00e1s de 24 horas sin electricidad, en medio de una crisis energ\u00e9tica que se agrava en Cuba.\" \/>\n<meta name=\"robots\" content=\"index, follow, max-snippet:-1, max-image-preview:large, max-video-preview:-1\" \/>\n<link rel=\"canonical\" href=\"https:\/\/www.cuballama.com\/noticias\/cacerolazo-en-el-vedado-tras-mas-de-24-horas-sin-electricidad-en-la-habana\/\" \/>\n<meta property=\"og:locale\" content=\"es_ES\" \/>\n<meta property=\"og:type\" content=\"article\" \/>\n<meta property=\"og:title\" content=\"Cacerolazo en El Vedado tras m\u00e1s de 24 horas sin electricidad en La Habana - Cuballama Noticias\" \/>\n<meta property=\"og:description\" content=\"Vecinos de El Vedado, en La Habana, realizaron un cacerolazo tras m\u00e1s de 24 horas sin electricidad, en medio de una crisis energ\u00e9tica que se agrava en Cuba.\" \/>\n<meta property=\"og:url\" content=\"https:\/\/www.cuballama.com\/noticias\/cacerolazo-en-el-vedado-tras-mas-de-24-horas-sin-electricidad-en-la-habana\/\" \/>\n<meta property=\"og:site_name\" content=\"Cuballama Noticias\" \/>\n<meta property=\"article:publisher\" content=\"https:\/\/www.facebook.com\/CubaLlama\" \/>\n<meta property=\"article:published_time\" content=\"2026-09-01T19:14:28+00:00\" \/>\n<meta property=\"article:modified_time\" content=\"2026-09-01T19:14:31+00:00\" \/>\n<meta property=\"og:image\" content=\"https:\/\/cdn1.mediawpaccore.net\/wp-content\/uploads\/2026\/08\/31112524\/image-166.png\" \/>\n\t<meta property=\"og:image:width\" content=\"984\" \/>\n\t<meta property=\"og:image:height\" content=\"508\" \/>\n\t<meta property=\"og:image:type\" content=\"image\/png\" \/>\n<meta name=\"author\" content=\"Roberto A.\" \/>\n<meta name=\"twitter:card\" content=\"summary_large_image\" \/>\n<meta name=\"twitter:creator\" content=\"@cuballama\" \/>\n<meta name=\"twitter:site\" content=\"@cuballama\" \/>\n<meta name=\"twitter:label1\" content=\"Escrito por\" \/>\n\t<meta name=\"twitter:data1\" content=\"Roberto A.\" \/>\n<script type=\"application\/ld+json\" class=\"yoast-schema-graph\">{\"@context\":\"https:\\\/\\\/schema.org\",\"@graph\":[{\"@type\":\"Article\",\"@id\":\"https:\\\/\\\/www.cuballama.com\\\/noticias\\\/cacerolazo-en-el-vedado-tras-mas-de-24-horas-sin-electricidad-en-la-habana\\\/#article\",\"isPartOf\":{\"@id\":\"https:\\\/\\\/www.cuballama.com\\\/noticias\\\/cacerolazo-en-el-vedado-tras-mas-de-24-horas-sin-electricidad-en-la-habana\\\/\"},\"author\":{\"name\":\"Roberto A.\",\"@id\":\"https:\\\/\\\/www.cuballama.com\\\/noticias\\\/#\\\/schema\\\/person\\\/a58502ed4146c8e9f83872e897c76cd2\"},\"headline\":\"Cacerolazo en El Vedado tras m\u00e1s de 24 horas sin electricidad en La Habana\",\"datePublished\":\"2026-09-01T19:14:28+00:00\",\"dateModified\":\"2026-09-01T19:14:31+00:00\",\"mainEntityOfPage\":{\"@id\":\"https:\\\/\\\/www.cuballama.com\\\/noticias\\\/cacerolazo-en-el-vedado-tras-mas-de-24-horas-sin-electricidad-en-la-habana\\\/\"},\"wordCount\":622,\"commentCount\":0,\"publisher\":{\"@id\":\"https:\\\/\\\/www.cuballama.com\\\/noticias\\\/#organization\"},\"image\":{\"@id\":\"https:\\\/\\\/www.cuballama.com\\\/noticias\\\/cacerolazo-en-el-vedado-tras-mas-de-24-horas-sin-electricidad-en-la-habana\\\/#primaryimage\"},\"thumbnailUrl\":\"https:\\\/\\\/cdn1.mediawpaccore.net\\\/wp-content\\\/uploads\\\/2026\\\/08\\\/31112524\\\/image-166.png\",\"keywords\":[\"Apagones\",\"Cacerolazo\",\"Crisis energ\u00e9tica\",\"Cuba\",\"El Vedado\",\"La Habana\",\"Protestas\",\"Uni\u00f3n El\u00e9ctrica\"],\"articleSection\":[\"Noticias\",\"Noticias de Cuba\"],\"inLanguage\":\"es\",\"potentialAction\":[{\"@type\":\"CommentAction\",\"name\":\"Comment\",\"target\":[\"https:\\\/\\\/www.cuballama.com\\\/noticias\\\/cacerolazo-en-el-vedado-tras-mas-de-24-horas-sin-electricidad-en-la-habana\\\/#respond\"]}]},{\"@type\":\"WebPage\",\"@id\":\"https:\\\/\\\/www.cuballama.com\\\/noticias\\\/cacerolazo-en-el-vedado-tras-mas-de-24-horas-sin-electricidad-en-la-habana\\\/\",\"url\":\"https:\\\/\\\/www.cuballama.com\\\/noticias\\\/cacerolazo-en-el-vedado-tras-mas-de-24-horas-sin-electricidad-en-la-habana\\\/\",\"name\":\"Cacerolazo en El Vedado tras m\u00e1s de 24 horas sin electricidad en La Habana - Cuballama Noticias\",\"isPartOf\":{\"@id\":\"https:\\\/\\\/www.cuballama.com\\\/noticias\\\/#website\"},\"primaryImageOfPage\":{\"@id\":\"https:\\\/\\\/www.cuballama.com\\\/noticias\\\/cacerolazo-en-el-vedado-tras-mas-de-24-horas-sin-electricidad-en-la-habana\\\/#primaryimage\"},\"image\":{\"@id\":\"https:\\\/\\\/www.cuballama.com\\\/noticias\\\/cacerolazo-en-el-vedado-tras-mas-de-24-horas-sin-electricidad-en-la-habana\\\/#primaryimage\"},\"thumbnailUrl\":\"https:\\\/\\\/cdn1.mediawpaccore.net\\\/wp-content\\\/uploads\\\/2026\\\/08\\\/31112524\\\/image-166.png\",\"datePublished\":\"2026-09-01T19:14:28+00:00\",\"dateModified\":\"2026-09-01T19:14:31+00:00\",\"description\":\"Vecinos de El Vedado, en La Habana, realizaron un cacerolazo tras m\u00e1s de 24 horas sin electricidad, en medio de una crisis energ\u00e9tica que se agrava en Cuba.\",\"breadcrumb\":{\"@id\":\"https:\\\/\\\/www.cuballama.com\\\/noticias\\\/cacerolazo-en-el-vedado-tras-mas-de-24-horas-sin-electricidad-en-la-habana\\\/#breadcrumb\"},\"inLanguage\":\"es\",\"potentialAction\":[{\"@type\":\"ReadAction\",\"target\":[\"https:\\\/\\\/www.cuballama.com\\\/noticias\\\/cacerolazo-en-el-vedado-tras-mas-de-24-horas-sin-electricidad-en-la-habana\\\/\"]}]},{\"@type\":\"ImageObject\",\"inLanguage\":\"es\",\"@id\":\"https:\\\/\\\/www.cuballama.com\\\/noticias\\\/cacerolazo-en-el-vedado-tras-mas-de-24-horas-sin-electricidad-en-la-habana\\\/#primaryimage\",\"url\":\"https:\\\/\\\/cdn1.mediawpaccore.net\\\/wp-content\\\/uploads\\\/2026\\\/08\\\/31112524\\\/image-166.png\",\"contentUrl\":\"https:\\\/\\\/cdn1.mediawpaccore.net\\\/wp-content\\\/uploads\\\/2026\\\/08\\\/31112524\\\/image-166.png\",\"width\":984,\"height\":508,\"caption\":\"Foto: GENERADA por la IA\"},{\"@type\":\"BreadcrumbList\",\"@id\":\"https:\\\/\\\/www.cuballama.com\\\/noticias\\\/cacerolazo-en-el-vedado-tras-mas-de-24-horas-sin-electricidad-en-la-habana\\\/#breadcrumb\",\"itemListElement\":[{\"@type\":\"ListItem\",\"position\":1,\"name\":\"Home\",\"item\":\"https:\\\/\\\/www.cuballama.com\\\/noticias\\\/\"},{\"@type\":\"ListItem\",\"position\":2,\"name\":\"Cacerolazo en El Vedado tras m\u00e1s de 24 horas sin electricidad en La Habana\"}]},{\"@type\":\"WebSite\",\"@id\":\"https:\\\/\\\/www.cuballama.com\\\/noticias\\\/#website\",\"url\":\"https:\\\/\\\/www.cuballama.com\\\/noticias\\\/\",\"name\":\"Cuballama Noticias\",\"description\":\"Medio digital sobre Cuba y el mundo\",\"publisher\":{\"@id\":\"https:\\\/\\\/www.cuballama.com\\\/noticias\\\/#organization\"},\"potentialAction\":[{\"@type\":\"SearchAction\",\"target\":{\"@type\":\"EntryPoint\",\"urlTemplate\":\"https:\\\/\\\/www.cuballama.com\\\/noticias\\\/?s={search_term_string}\"},\"query-input\":{\"@type\":\"PropertyValueSpecification\",\"valueRequired\":true,\"valueName\":\"search_term_string\"}}],\"inLanguage\":\"es\"},{\"@type\":\"Organization\",\"@id\":\"https:\\\/\\\/www.cuballama.com\\\/noticias\\\/#organization\",\"name\":\"Cuballama\",\"url\":\"https:\\\/\\\/www.cuballama.com\\\/noticias\\\/\",\"logo\":{\"@type\":\"ImageObject\",\"inLanguage\":\"es\",\"@id\":\"https:\\\/\\\/www.cuballama.com\\\/noticias\\\/#\\\/schema\\\/logo\\\/image\\\/\",\"url\":\"https:\\\/\\\/cdn1.mediawpaccore.net\\\/wp-content\\\/uploads\\\/2021\\\/12\\\/28171206\\\/cbll-logo-color-sm.png\",\"contentUrl\":\"https:\\\/\\\/cdn1.mediawpaccore.net\\\/wp-content\\\/uploads\\\/2021\\\/12\\\/28171206\\\/cbll-logo-color-sm.png\",\"width\":600,\"height\":133,\"caption\":\"Cuballama\"},\"image\":{\"@id\":\"https:\\\/\\\/www.cuballama.com\\\/noticias\\\/#\\\/schema\\\/logo\\\/image\\\/\"},\"sameAs\":[\"https:\\\/\\\/www.facebook.com\\\/CubaLlama\",\"https:\\\/\\\/x.com\\\/cuballama\",\"https:\\\/\\\/www.instagram.com\\\/stories\\\/cuballama_oficial\\\/\",\"https:\\\/\\\/www.youtube.com\\\/channel\\\/UCKkFE-d_axENGZcrc4as0IA\"]},{\"@type\":\"Person\",\"@id\":\"https:\\\/\\\/www.cuballama.com\\\/noticias\\\/#\\\/schema\\\/person\\\/a58502ed4146c8e9f83872e897c76cd2\",\"name\":\"Roberto A.\",\"description\":\"Roberto A. Periodista por decisi\u00f3n propia. Interesado en cualquier tema que me apasione y cada vez m\u00e1s comprometido con la verdad y la objetividad period\u00edstica. Graduado en La Habana hace ya muchos a\u00f1os, luego de una accidentada y polvorienta b\u00fasqueda de informaci\u00f3n sobre un tema in\u00e9dito. La Tesis, por cierto, desapareci\u00f3 de la biblioteca y no se conservan copias de la misma.\",\"url\":\"https:\\\/\\\/www.cuballama.com\\\/noticias\\\/author\\\/roberto\\\/\"}]}<\/script>\n<!-- \/ Yoast SEO plugin. -->","yoast_head_json":{"title":"Cacerolazo en El Vedado tras m\u00e1s de 24 horas sin electricidad en La Habana - Cuballama Noticias","description":"Vecinos de El Vedado, en La Habana, realizaron un cacerolazo tras m\u00e1s de 24 horas sin electricidad, en medio de una crisis energ\u00e9tica que se agrava en Cuba.","robots":{"index":"index","follow":"follow","max-snippet":"max-snippet:-1","max-image-preview":"max-image-preview:large","max-video-preview":"max-video-preview:-1"},"canonical":"https:\/\/www.cuballama.com\/noticias\/cacerolazo-en-el-vedado-tras-mas-de-24-horas-sin-electricidad-en-la-habana\/","og_locale":"es_ES","og_type":"article","og_title":"Cacerolazo en El Vedado tras m\u00e1s de 24 horas sin electricidad en La Habana - Cuballama Noticias","og_description":"Vecinos de El Vedado, en La Habana, realizaron un cacerolazo tras m\u00e1s de 24 horas sin electricidad, en medio de una crisis energ\u00e9tica que se agrava en Cuba.","og_url":"https:\/\/www.cuballama.com\/noticias\/cacerolazo-en-el-vedado-tras-mas-de-24-horas-sin-electricidad-en-la-habana\/","og_site_name":"Cuballama Noticias","article_publisher":"https:\/\/www.facebook.com\/CubaLlama","article_published_time":"2026-09-01T19:14:28+00:00","article_modified_time":"2026-09-01T19:14:31+00:00","og_image":[{"width":984,"height":508,"url":"https:\/\/cdn1.mediawpaccore.net\/wp-content\/uploads\/2026\/08\/31112524\/image-166.png","type":"image\/png"}],"author":"Roberto A.","twitter_card":"summary_large_image","twitter_creator":"@cuballama","twitter_site":"@cuballama","twitter_misc":{"Escrito por":"Roberto A."},"schema":{"@context":"https:\/\/schema.org","@graph":[{"@type":"Article","@id":"https:\/\/www.cuballama.com\/noticias\/cacerolazo-en-el-vedado-tras-mas-de-24-horas-sin-electricidad-en-la-habana\/#article","isPartOf":{"@id":"https:\/\/www.cuballama.com\/noticias\/cacerolazo-en-el-vedado-tras-mas-de-24-horas-sin-electricidad-en-la-habana\/"},"author":{"name":"Roberto A.","@id":"https:\/\/www.cuballama.com\/noticias\/#\/schema\/person\/a58502ed4146c8e9f83872e897c76cd2"},"headline":"Cacerolazo en El Vedado tras m\u00e1s de 24 horas sin electricidad en La Habana","datePublished":"2026-09-01T19:14:28+00:00","dateModified":"2026-09-01T19:14:31+00:00","mainEntityOfPage":{"@id":"https:\/\/www.cuballama.com\/noticias\/cacerolazo-en-el-vedado-tras-mas-de-24-horas-sin-electricidad-en-la-habana\/"},"wordCount":622,"commentCount":0,"publisher":{"@id":"https:\/\/www.cuballama.com\/noticias\/#organization"},"image":{"@id":"https:\/\/www.cuballama.com\/noticias\/cacerolazo-en-el-vedado-tras-mas-de-24-horas-sin-electricidad-en-la-habana\/#primaryimage"},"thumbnailUrl":"https:\/\/cdn1.mediawpaccore.net\/wp-content\/uploads\/2026\/08\/31112524\/image-166.png","keywords":["Apagones","Cacerolazo","Crisis energ\u00e9tica","Cuba","El Vedado","La Habana","Protestas","Uni\u00f3n El\u00e9ctrica"],"articleSection":["Noticias","Noticias de Cuba"],"inLanguage":"es","potentialAction":[{"@type":"CommentAction","name":"Comment","target":["https:\/\/www.cuballama.com\/noticias\/cacerolazo-en-el-vedado-tras-mas-de-24-horas-sin-electricidad-en-la-habana\/#respond"]}]},{"@type":"WebPage","@id":"https:\/\/www.cuballama.com\/noticias\/cacerolazo-en-el-vedado-tras-mas-de-24-horas-sin-electricidad-en-la-habana\/","url":"https:\/\/www.cuballama.com\/noticias\/cacerolazo-en-el-vedado-tras-mas-de-24-horas-sin-electricidad-en-la-habana\/","name":"Cacerolazo en El Vedado tras m\u00e1s de 24 horas sin electricidad en La Habana - Cuballama Noticias","isPartOf":{"@id":"https:\/\/www.cuballama.com\/noticias\/#website"},"primaryImageOfPage":{"@id":"https:\/\/www.cuballama.com\/noticias\/cacerolazo-en-el-vedado-tras-mas-de-24-horas-sin-electricidad-en-la-habana\/#primaryimage"},"image":{"@id":"https:\/\/www.cuballama.com\/noticias\/cacerolazo-en-el-vedado-tras-mas-de-24-horas-sin-electricidad-en-la-habana\/#primaryimage"},"thumbnailUrl":"https:\/\/cdn1.mediawpaccore.net\/wp-content\/uploads\/2026\/08\/31112524\/image-166.png","datePublished":"2026-09-01T19:14:28+00:00","dateModified":"2026-09-01T19:14:31+00:00","description":"Vecinos de El Vedado, en La Habana, realizaron un cacerolazo tras m\u00e1s de 24 horas sin electricidad, en medio de una crisis energ\u00e9tica que se agrava en Cuba.","breadcrumb":{"@id":"https:\/\/www.cuballama.com\/noticias\/cacerolazo-en-el-vedado-tras-mas-de-24-horas-sin-electricidad-en-la-habana\/#breadcrumb"},"inLanguage":"es","potentialAction":[{"@type":"ReadAction","target":["https:\/\/www.cuballama.com\/noticias\/cacerolazo-en-el-vedado-tras-mas-de-24-horas-sin-electricidad-en-la-habana\/"]}]},{"@type":"ImageObject","inLanguage":"es","@id":"https:\/\/www.cuballama.com\/noticias\/cacerolazo-en-el-vedado-tras-mas-de-24-horas-sin-electricidad-en-la-habana\/#primaryimage","url":"https:\/\/cdn1.mediawpaccore.net\/wp-content\/uploads\/2026\/08\/31112524\/image-166.png","contentUrl":"https:\/\/cdn1.mediawpaccore.net\/wp-content\/uploads\/2026\/08\/31112524\/image-166.png","width":984,"height":508,"caption":"Foto: GENERADA por la IA"},{"@type":"BreadcrumbList","@id":"https:\/\/www.cuballama.com\/noticias\/cacerolazo-en-el-vedado-tras-mas-de-24-horas-sin-electricidad-en-la-habana\/#breadcrumb","itemListElement":[{"@type":"ListItem","position":1,"name":"Home","item":"https:\/\/www.cuballama.com\/noticias\/"},{"@type":"ListItem","position":2,"name":"Cacerolazo en El Vedado tras m\u00e1s de 24 horas sin electricidad en La Habana"}]},{"@type":"WebSite","@id":"https:\/\/www.cuballama.com\/noticias\/#website","url":"https:\/\/www.cuballama.com\/noticias\/","name":"Cuballama Noticias","description":"Medio digital sobre Cuba y el mundo","publisher":{"@id":"https:\/\/www.cuballama.com\/noticias\/#organization"},"potentialAction":[{"@type":"SearchAction","target":{"@type":"EntryPoint","urlTemplate":"https:\/\/www.cuballama.com\/noticias\/?s={search_term_string}"},"query-input":{"@type":"PropertyValueSpecification","valueRequired":true,"valueName":"search_term_string"}}],"inLanguage":"es"},{"@type":"Organization","@id":"https:\/\/www.cuballama.com\/noticias\/#organization","name":"Cuballama","url":"https:\/\/www.cuballama.com\/noticias\/","logo":{"@type":"ImageObject","inLanguage":"es","@id":"https:\/\/www.cuballama.com\/noticias\/#\/schema\/logo\/image\/","url":"https:\/\/cdn1.mediawpaccore.net\/wp-content\/uploads\/2021\/12\/28171206\/cbll-logo-color-sm.png","contentUrl":"https:\/\/cdn1.mediawpaccore.net\/wp-content\/uploads\/2021\/12\/28171206\/cbll-logo-color-sm.png","width":600,"height":133,"caption":"Cuballama"},"image":{"@id":"https:\/\/www.cuballama.com\/noticias\/#\/schema\/logo\/image\/"},"sameAs":["https:\/\/www.facebook.com\/CubaLlama","https:\/\/x.com\/cuballama","https:\/\/www.instagram.com\/stories\/cuballama_oficial\/","https:\/\/www.youtube.com\/channel\/UCKkFE-d_axENGZcrc4as0IA"]},{"@type":"Person","@id":"https:\/\/www.cuballama.com\/noticias\/#\/schema\/person\/a58502ed4146c8e9f83872e897c76cd2","name":"Roberto A.","description":"Roberto A. Periodista por decisi\u00f3n propia. Interesado en cualquier tema que me apasione y cada vez m\u00e1s comprometido con la verdad y la objetividad period\u00edstica. Graduado en La Habana hace ya muchos a\u00f1os, luego de una accidentada y polvorienta b\u00fasqueda de informaci\u00f3n sobre un tema in\u00e9dito. La Tesis, por cierto, desapareci\u00f3 de la biblioteca y no se conservan copias de la misma.","url":"https:\/\/www.cuballama.com\/noticias\/author\/roberto\/"}]}},"_links":{"self":[{"href":"https:\/\/www.cuballama.com\/noticias\/wp-json\/wp\/v2\/posts\/255550","targetHints":{"allow":["GET"]}}],"collection":[{"href":"https:\/\/www.cuballama.com\/noticias\/wp-json\/wp\/v2\/posts"}],"about":[{"href":"https:\/\/www.cuballama.com\/noticias\/wp-json\/wp\/v2\/types\/post"}],"author":[{"embeddable":true,"href":"https:\/\/www.cuballama.com\/noticias\/wp-json\/wp\/v2\/users\/13"}],"replies":[{"embeddable":true,"href":"https:\/\/www.cuballama.com\/noticias\/wp-json\/wp\/v2\/comments?post=255550"}],"version-history":[{"count":3,"href":"https:\/\/www.cuballama.com\/noticias\/wp-json\/wp\/v2\/posts\/255550\/revisions"}],"predecessor-version":[{"id":255736,"href":"https:\/\/www.cuballama.com\/noticias\/wp-json\/wp\/v2\/posts\/255550\/revisions\/255736"}],"wp:featuredmedia":[{"embeddable":true,"href":"https:\/\/www.cuballama.com\/noticias\/wp-json\/wp\/v2\/media\/255589"}],"wp:attachment":[{"href":"https:\/\/www.cuballama.com\/noticias\/wp-json\/wp\/v2\/media?parent=255550"}],"wp:term":[{"taxonomy":"category","embeddable":true,"href":"https:\/\/www.cuballama.com\/noticias\/wp-json\/wp\/v2\/categories?post=255550"},{"taxonomy":"post_tag","embeddable":true,"href":"https:\/\/www.cuballama.com\/noticias\/wp-json\/wp\/v2\/tags?post=255550"}],"curies":[{"name":"wp","href":"https:\/\/api.w.org\/{rel}","templated":true}]}}