{"id":255541,"date":"2026-08-31T15:34:31","date_gmt":"2026-08-31T19:34:31","guid":{"rendered":"https:\/\/www.cuballama.com\/noticias\/?p=255541"},"modified":"2026-08-31T15:34:36","modified_gmt":"2026-08-31T19:34:36","slug":"cuba-enfrenta-tres-dias-de-lluvias-y-tormentas-electricas-por-una-baja-en-altura-y-una-onda-tropical-activa","status":"publish","type":"post","link":"https:\/\/www.cuballama.com\/noticias\/cuba-enfrenta-tres-dias-de-lluvias-y-tormentas-electricas-por-una-baja-en-altura-y-una-onda-tropical-activa\/","title":{"rendered":"Cuba enfrenta tres d\u00edas de lluvias y tormentas el\u00e9ctricas por una baja en altura y una onda tropical activa"},"content":{"rendered":"\n<h2 class=\"wp-block-heading\">Alerta en Cuba: tres d\u00edas de lluvias fuertes y tormentas el\u00e9ctricas por sistema meteorol\u00f3gico inestable. El Noticiero Nacional de Televisi\u00f3n advirti\u00f3 sobre un sistema de baja presi\u00f3n y una onda tropical activa cerca de Puerto Rico que generar\u00e1n lluvias y tormentas el\u00e9ctricas en gran parte del pa\u00eds durante los pr\u00f3ximos d\u00edas.<\/h2>\n\n\n\n<p class=\"wp-block-paragraph\">Las condiciones meteorol\u00f3gicas en Cuba se han vuelto inestables, con un pron\u00f3stico que anticipa lluvias y tormentas el\u00e9ctricas en gran parte del pa\u00eds durante los pr\u00f3ximos tres d\u00edas. El aviso fue presentado el domingo en el Noticiero Nacional de Televisi\u00f3n. <\/p>\n\n\n\n<p class=\"wp-block-paragraph\">El fen\u00f3meno meteorol\u00f3gico se debe a una baja en los niveles altos de la atm\u00f3sfera que afecta la estabilidad del clima en la isla. Este sistema se combina con factores t\u00edpicos de la temporada, lo que favorece la formaci\u00f3n de \u00e1reas de tormentas, especialmente durante las tardes. Seg\u00fan el pron\u00f3stico, el lunes comenz\u00f3 con sol y algunas nubes, principalmente en las regiones occidental y central, con chubascos ocasionales en la costa norte central. A medida que avanz\u00f3 el d\u00eda, se anticip\u00f3 un aumento en la nubosidad, con chubascos y tormentas el\u00e9ctricas que podr\u00edan extenderse a gran parte del territorio nacional y, en algunos casos, prolongarse hasta la noche.<\/p>\n\n\n\n<figure class=\"wp-block-embed is-type-video is-provider-youtube wp-block-embed-youtube wp-embed-aspect-16-9 wp-has-aspect-ratio\"><div class=\"wp-block-embed__wrapper\">\n<div class=\"youtube-embed\" data-video_id=\"OUQgSvZoxkA\"><iframe loading=\"lazy\" title=\"El Tiempo en Cuba: 30 de agosto del 2026\" width=\"696\" height=\"392\" src=\"https:\/\/www.youtube.com\/embed\/OUQgSvZoxkA?feature=oembed&#038;enablejsapi=1\" frameborder=\"0\" allow=\"accelerometer; autoplay; clipboard-write; encrypted-media; gyroscope; picture-in-picture; web-share\" referrerpolicy=\"strict-origin-when-cross-origin\" allowfullscreen><\/iframe><\/div>\n<\/div><\/figure>\n\n\n\n<h2 class=\"wp-block-heading\">Temperaturas y estado del mar<\/h2>\n\n\n\n<p class=\"wp-block-paragraph\">Las temperaturas se mantendr\u00e1n con poca variaci\u00f3n, oscilando entre 23 y 26 grados Celsius en las m\u00ednimas y entre 33 y 36 en las m\u00e1ximas, aunque en algunas localidades del interior podr\u00edan registrarse hasta 37 grados. Los vientos ser\u00e1n variables y d\u00e9biles en gran parte del pa\u00eds, salvo en la tarde, cuando en zonas de la costa norte soplar\u00e1n del nordeste con velocidades de hasta 25 kil\u00f3metros por hora. En cuanto al estado del mar, se prev\u00e9 oleaje en ambas costas orientales, poco oleaje en el litoral norte central y mar tranquila en el resto de las costas.<\/p>\n\n\n\n<h2 class=\"wp-block-heading\">Una onda tropical activa cerca de Puerto Rico<\/h2>\n\n\n\n<p class=\"wp-block-paragraph\">El pron\u00f3stico tambi\u00e9n indica que la probabilidad de lluvias se mantendr\u00e1 elevada durante los pr\u00f3ximos d\u00edas, en parte debido a una activa onda tropical localizada cerca de Puerto Rico, que se desplazar\u00e1 hacia el oeste. Esta misma onda gener\u00f3 avisos de lluvia en el propio Puerto Rico y en Rep\u00fablica Dominicana durante el fin de semana, seg\u00fan medios como El Nuevo D\u00eda y List\u00edn Diario, lo que confirma su alcance regional. El sistema podr\u00eda incrementar la inestabilidad y estimular nuevas precipitaciones sobre Cuba en los pr\u00f3ximos d\u00edas. Las autoridades han recomendado a la poblaci\u00f3n seguir las actualizaciones meteorol\u00f3gicas, especialmente ante la posibilidad de tormentas el\u00e9ctricas y lluvias localmente fuertes que podr\u00edan complicar a\u00fan m\u00e1s una infraestructura el\u00e9ctrica ya debilitada por los apagones recurrentes en la isla.<\/p>\n\n\n\n<p class=\"wp-block-paragraph\">El \u00faltimo reporte, publicado hace unos minutos en sus redes sociales, confirma lo dicho<\/p>\n\n\n\n<figure class=\"wp-block-embed is-type-video is-provider-youtube wp-block-embed-youtube wp-embed-aspect-16-9 wp-has-aspect-ratio\"><div class=\"wp-block-embed__wrapper\">\n<div class=\"youtube-embed\" data-video_id=\"77nJBjh1oh0\"><iframe loading=\"lazy\" title=\"El tiempo en Cuba: 31 de agosto de 2026\" width=\"696\" height=\"392\" src=\"https:\/\/www.youtube.com\/embed\/77nJBjh1oh0?feature=oembed&#038;enablejsapi=1\" frameborder=\"0\" allow=\"accelerometer; autoplay; clipboard-write; encrypted-media; gyroscope; picture-in-picture; web-share\" referrerpolicy=\"strict-origin-when-cross-origin\" allowfullscreen><\/iframe><\/div>\n<\/div><\/figure>\n\n\n\n<p class=\"wp-block-paragraph\">[FUENTES]<\/p>\n\n\n\n<ul class=\"wp-block-list\">\n<li>El Nuevo D\u00eda, \u00abOnda tropical provocar\u00e1 tormentas el\u00e9ctricas el domingo sobre la zona oeste de Puerto Rico\u00bb, <a href=\"https:\/\/www.elnuevodia.com\/noticias\/el-tiempo\/notas\/onda-tropical-provocara-tormentas-electricas-el-domingo-sobre-la-zona-oeste-de-puerto-rico\/\">https:\/\/www.elnuevodia.com\/noticias\/el-tiempo\/notas\/onda-tropical-provocara-tormentas-electricas-el-domingo-sobre-la-zona-oeste-de-puerto-rico\/<\/a><\/li>\n\n\n\n<li>List\u00edn Diario, \u00abSe aproxima onda tropical, mantienen aviso de lluvias en el Gran Santo Domingo y otras zonas\u00bb, <a href=\"https:\/\/listindiario.com\/la-republica\/20260830\/indomet-mantiene-aviso-lluvias-gran-santo-domingo-zonas-debido-onda-tropical_920186.html\">https:\/\/listindiario.com\/la-republica\/20260830\/indomet-mantiene-aviso-lluvias-gran-santo-domingo-zonas-debido-onda-tropical_920186.html<\/a><\/li>\n\n\n\n<li><a href=\"https:\/\/www.youtube.com\/@canalcaribecuba\" target=\"_blank\" rel=\"noreferrer noopener\">Canal de Youtube de la Televisi\u00f3n Cubana <\/a><\/li>\n<\/ul>\n\n\n\n<p class=\"wp-block-paragraph\"><\/p>\n","protected":false},"excerpt":{"rendered":"<p>Las autoridades meteorol\u00f3gicas de Cuba advirtieron sobre la llegada de un sistema de baja presi\u00f3n y una onda tropical activa que generar\u00e1n lluvias y tormentas el\u00e9ctricas en gran parte del pa\u00eds durante los pr\u00f3ximos tres d\u00edas.<\/p>\n","protected":false},"author":13,"featured_media":255599,"comment_status":"open","ping_status":"closed","sticky":false,"template":"","format":"standard","meta":{"_acf_changed":false,"footnotes":""},"categories":[18,955],"tags":[383,11,6164,381,11376,26825,16151],"class_list":["post-255541","post","type-post","status-publish","format-standard","has-post-thumbnail","category-noticias","category-noticias-de-cuba","tag-clima","tag-cuba","tag-lluvias","tag-meteorologia","tag-onda-tropical","tag-pronostico","tag-tormentas-electricas"],"acf":[],"yoast_head":"<!-- This site is optimized with the Yoast SEO plugin v28.3 - https:\/\/yoast.com\/product\/yoast-seo-wordpress\/ -->\n<title>Cuba enfrenta tres d\u00edas de lluvias y tormentas el\u00e9ctricas por una baja en altura y una onda tropical activa - Cuballama Noticias<\/title>\n<meta name=\"description\" content=\"Se prev\u00e9n tres d\u00edas de lluvias y tormentas el\u00e9ctricas en Cuba debido a una baja en altura y una onda tropical activa cerca de Puerto Rico.\" \/>\n<meta name=\"robots\" content=\"index, follow, max-snippet:-1, max-image-preview:large, max-video-preview:-1\" \/>\n<link rel=\"canonical\" href=\"https:\/\/www.cuballama.com\/noticias\/cuba-enfrenta-tres-dias-de-lluvias-y-tormentas-electricas-por-una-baja-en-altura-y-una-onda-tropical-activa\/\" \/>\n<meta property=\"og:locale\" content=\"es_ES\" \/>\n<meta property=\"og:type\" content=\"article\" \/>\n<meta property=\"og:title\" content=\"Cuba enfrenta tres d\u00edas de lluvias y tormentas el\u00e9ctricas por una baja en altura y una onda tropical activa - Cuballama Noticias\" \/>\n<meta property=\"og:description\" content=\"Se prev\u00e9n tres d\u00edas de lluvias y tormentas el\u00e9ctricas en Cuba debido a una baja en altura y una onda tropical activa cerca de Puerto Rico.\" \/>\n<meta property=\"og:url\" content=\"https:\/\/www.cuballama.com\/noticias\/cuba-enfrenta-tres-dias-de-lluvias-y-tormentas-electricas-por-una-baja-en-altura-y-una-onda-tropical-activa\/\" \/>\n<meta property=\"og:site_name\" content=\"Cuballama Noticias\" \/>\n<meta property=\"article:publisher\" content=\"https:\/\/www.facebook.com\/CubaLlama\" \/>\n<meta property=\"article:published_time\" content=\"2026-08-31T19:34:31+00:00\" \/>\n<meta property=\"article:modified_time\" content=\"2026-08-31T19:34:36+00:00\" \/>\n<meta property=\"og:image\" content=\"https:\/\/cdn1.mediawpaccore.net\/wp-content\/uploads\/2026\/08\/31113921\/image-169.png\" \/>\n\t<meta property=\"og:image:width\" content=\"1424\" \/>\n\t<meta property=\"og:image:height\" content=\"786\" \/>\n\t<meta property=\"og:image:type\" content=\"image\/png\" \/>\n<meta name=\"author\" content=\"Roberto A.\" \/>\n<meta name=\"twitter:card\" content=\"summary_large_image\" \/>\n<meta name=\"twitter:creator\" content=\"@cuballama\" \/>\n<meta name=\"twitter:site\" content=\"@cuballama\" \/>\n<meta name=\"twitter:label1\" content=\"Escrito por\" \/>\n\t<meta name=\"twitter:data1\" content=\"Roberto A.\" \/>\n\t<meta name=\"twitter:label2\" content=\"Tiempo de lectura\" \/>\n\t<meta name=\"twitter:data2\" content=\"3 minutos\" \/>\n<script type=\"application\/ld+json\" class=\"yoast-schema-graph\">{\"@context\":\"https:\\\/\\\/schema.org\",\"@graph\":[{\"@type\":\"Article\",\"@id\":\"https:\\\/\\\/www.cuballama.com\\\/noticias\\\/cuba-enfrenta-tres-dias-de-lluvias-y-tormentas-electricas-por-una-baja-en-altura-y-una-onda-tropical-activa\\\/#article\",\"isPartOf\":{\"@id\":\"https:\\\/\\\/www.cuballama.com\\\/noticias\\\/cuba-enfrenta-tres-dias-de-lluvias-y-tormentas-electricas-por-una-baja-en-altura-y-una-onda-tropical-activa\\\/\"},\"author\":{\"name\":\"Roberto A.\",\"@id\":\"https:\\\/\\\/www.cuballama.com\\\/noticias\\\/#\\\/schema\\\/person\\\/a58502ed4146c8e9f83872e897c76cd2\"},\"headline\":\"Cuba enfrenta tres d\u00edas de lluvias y tormentas el\u00e9ctricas por una baja en altura y una onda tropical activa\",\"datePublished\":\"2026-08-31T19:34:31+00:00\",\"dateModified\":\"2026-08-31T19:34:36+00:00\",\"mainEntityOfPage\":{\"@id\":\"https:\\\/\\\/www.cuballama.com\\\/noticias\\\/cuba-enfrenta-tres-dias-de-lluvias-y-tormentas-electricas-por-una-baja-en-altura-y-una-onda-tropical-activa\\\/\"},\"wordCount\":596,\"commentCount\":0,\"publisher\":{\"@id\":\"https:\\\/\\\/www.cuballama.com\\\/noticias\\\/#organization\"},\"image\":{\"@id\":\"https:\\\/\\\/www.cuballama.com\\\/noticias\\\/cuba-enfrenta-tres-dias-de-lluvias-y-tormentas-electricas-por-una-baja-en-altura-y-una-onda-tropical-activa\\\/#primaryimage\"},\"thumbnailUrl\":\"https:\\\/\\\/cdn1.mediawpaccore.net\\\/wp-content\\\/uploads\\\/2026\\\/08\\\/31113921\\\/image-169.png\",\"keywords\":[\"Clima\",\"Cuba\",\"Lluvias\",\"Meteorolog\u00eda\",\"onda tropical\",\"pron\u00f3stico\",\"Tormentas el\u00e9ctricas\"],\"articleSection\":[\"Noticias\",\"Noticias de Cuba\"],\"inLanguage\":\"es\",\"potentialAction\":[{\"@type\":\"CommentAction\",\"name\":\"Comment\",\"target\":[\"https:\\\/\\\/www.cuballama.com\\\/noticias\\\/cuba-enfrenta-tres-dias-de-lluvias-y-tormentas-electricas-por-una-baja-en-altura-y-una-onda-tropical-activa\\\/#respond\"]}]},{\"@type\":\"WebPage\",\"@id\":\"https:\\\/\\\/www.cuballama.com\\\/noticias\\\/cuba-enfrenta-tres-dias-de-lluvias-y-tormentas-electricas-por-una-baja-en-altura-y-una-onda-tropical-activa\\\/\",\"url\":\"https:\\\/\\\/www.cuballama.com\\\/noticias\\\/cuba-enfrenta-tres-dias-de-lluvias-y-tormentas-electricas-por-una-baja-en-altura-y-una-onda-tropical-activa\\\/\",\"name\":\"Cuba enfrenta tres d\u00edas de lluvias y tormentas el\u00e9ctricas por una baja en altura y una onda tropical activa - Cuballama Noticias\",\"isPartOf\":{\"@id\":\"https:\\\/\\\/www.cuballama.com\\\/noticias\\\/#website\"},\"primaryImageOfPage\":{\"@id\":\"https:\\\/\\\/www.cuballama.com\\\/noticias\\\/cuba-enfrenta-tres-dias-de-lluvias-y-tormentas-electricas-por-una-baja-en-altura-y-una-onda-tropical-activa\\\/#primaryimage\"},\"image\":{\"@id\":\"https:\\\/\\\/www.cuballama.com\\\/noticias\\\/cuba-enfrenta-tres-dias-de-lluvias-y-tormentas-electricas-por-una-baja-en-altura-y-una-onda-tropical-activa\\\/#primaryimage\"},\"thumbnailUrl\":\"https:\\\/\\\/cdn1.mediawpaccore.net\\\/wp-content\\\/uploads\\\/2026\\\/08\\\/31113921\\\/image-169.png\",\"datePublished\":\"2026-08-31T19:34:31+00:00\",\"dateModified\":\"2026-08-31T19:34:36+00:00\",\"description\":\"Se prev\u00e9n tres d\u00edas de lluvias y tormentas el\u00e9ctricas en Cuba debido a una baja en altura y una onda tropical activa cerca de Puerto Rico.\",\"breadcrumb\":{\"@id\":\"https:\\\/\\\/www.cuballama.com\\\/noticias\\\/cuba-enfrenta-tres-dias-de-lluvias-y-tormentas-electricas-por-una-baja-en-altura-y-una-onda-tropical-activa\\\/#breadcrumb\"},\"inLanguage\":\"es\",\"potentialAction\":[{\"@type\":\"ReadAction\",\"target\":[\"https:\\\/\\\/www.cuballama.com\\\/noticias\\\/cuba-enfrenta-tres-dias-de-lluvias-y-tormentas-electricas-por-una-baja-en-altura-y-una-onda-tropical-activa\\\/\"]}]},{\"@type\":\"ImageObject\",\"inLanguage\":\"es\",\"@id\":\"https:\\\/\\\/www.cuballama.com\\\/noticias\\\/cuba-enfrenta-tres-dias-de-lluvias-y-tormentas-electricas-por-una-baja-en-altura-y-una-onda-tropical-activa\\\/#primaryimage\",\"url\":\"https:\\\/\\\/cdn1.mediawpaccore.net\\\/wp-content\\\/uploads\\\/2026\\\/08\\\/31113921\\\/image-169.png\",\"contentUrl\":\"https:\\\/\\\/cdn1.mediawpaccore.net\\\/wp-content\\\/uploads\\\/2026\\\/08\\\/31113921\\\/image-169.png\",\"width\":1424,\"height\":786,\"caption\":\"Foto: Video Screenshot v\u00eda Canal Caribe\"},{\"@type\":\"BreadcrumbList\",\"@id\":\"https:\\\/\\\/www.cuballama.com\\\/noticias\\\/cuba-enfrenta-tres-dias-de-lluvias-y-tormentas-electricas-por-una-baja-en-altura-y-una-onda-tropical-activa\\\/#breadcrumb\",\"itemListElement\":[{\"@type\":\"ListItem\",\"position\":1,\"name\":\"Home\",\"item\":\"https:\\\/\\\/www.cuballama.com\\\/noticias\\\/\"},{\"@type\":\"ListItem\",\"position\":2,\"name\":\"Cuba enfrenta tres d\u00edas de lluvias y tormentas el\u00e9ctricas por una baja en altura y una onda tropical activa\"}]},{\"@type\":\"WebSite\",\"@id\":\"https:\\\/\\\/www.cuballama.com\\\/noticias\\\/#website\",\"url\":\"https:\\\/\\\/www.cuballama.com\\\/noticias\\\/\",\"name\":\"Cuballama Noticias\",\"description\":\"Medio digital sobre Cuba y el mundo\",\"publisher\":{\"@id\":\"https:\\\/\\\/www.cuballama.com\\\/noticias\\\/#organization\"},\"potentialAction\":[{\"@type\":\"SearchAction\",\"target\":{\"@type\":\"EntryPoint\",\"urlTemplate\":\"https:\\\/\\\/www.cuballama.com\\\/noticias\\\/?s={search_term_string}\"},\"query-input\":{\"@type\":\"PropertyValueSpecification\",\"valueRequired\":true,\"valueName\":\"search_term_string\"}}],\"inLanguage\":\"es\"},{\"@type\":\"Organization\",\"@id\":\"https:\\\/\\\/www.cuballama.com\\\/noticias\\\/#organization\",\"name\":\"Cuballama\",\"url\":\"https:\\\/\\\/www.cuballama.com\\\/noticias\\\/\",\"logo\":{\"@type\":\"ImageObject\",\"inLanguage\":\"es\",\"@id\":\"https:\\\/\\\/www.cuballama.com\\\/noticias\\\/#\\\/schema\\\/logo\\\/image\\\/\",\"url\":\"https:\\\/\\\/cdn1.mediawpaccore.net\\\/wp-content\\\/uploads\\\/2021\\\/12\\\/28171206\\\/cbll-logo-color-sm.png\",\"contentUrl\":\"https:\\\/\\\/cdn1.mediawpaccore.net\\\/wp-content\\\/uploads\\\/2021\\\/12\\\/28171206\\\/cbll-logo-color-sm.png\",\"width\":600,\"height\":133,\"caption\":\"Cuballama\"},\"image\":{\"@id\":\"https:\\\/\\\/www.cuballama.com\\\/noticias\\\/#\\\/schema\\\/logo\\\/image\\\/\"},\"sameAs\":[\"https:\\\/\\\/www.facebook.com\\\/CubaLlama\",\"https:\\\/\\\/x.com\\\/cuballama\",\"https:\\\/\\\/www.instagram.com\\\/stories\\\/cuballama_oficial\\\/\",\"https:\\\/\\\/www.youtube.com\\\/channel\\\/UCKkFE-d_axENGZcrc4as0IA\"]},{\"@type\":\"Person\",\"@id\":\"https:\\\/\\\/www.cuballama.com\\\/noticias\\\/#\\\/schema\\\/person\\\/a58502ed4146c8e9f83872e897c76cd2\",\"name\":\"Roberto A.\",\"description\":\"Roberto A. Periodista por decisi\u00f3n propia. Interesado en cualquier tema que me apasione y cada vez m\u00e1s comprometido con la verdad y la objetividad period\u00edstica. Graduado en La Habana hace ya muchos a\u00f1os, luego de una accidentada y polvorienta b\u00fasqueda de informaci\u00f3n sobre un tema in\u00e9dito. La Tesis, por cierto, desapareci\u00f3 de la biblioteca y no se conservan copias de la misma.\",\"url\":\"https:\\\/\\\/www.cuballama.com\\\/noticias\\\/author\\\/roberto\\\/\"}]}<\/script>\n<!-- \/ Yoast SEO plugin. -->","yoast_head_json":{"title":"Cuba enfrenta tres d\u00edas de lluvias y tormentas el\u00e9ctricas por una baja en altura y una onda tropical activa - Cuballama Noticias","description":"Se prev\u00e9n tres d\u00edas de lluvias y tormentas el\u00e9ctricas en Cuba debido a una baja en altura y una onda tropical activa cerca de Puerto Rico.","robots":{"index":"index","follow":"follow","max-snippet":"max-snippet:-1","max-image-preview":"max-image-preview:large","max-video-preview":"max-video-preview:-1"},"canonical":"https:\/\/www.cuballama.com\/noticias\/cuba-enfrenta-tres-dias-de-lluvias-y-tormentas-electricas-por-una-baja-en-altura-y-una-onda-tropical-activa\/","og_locale":"es_ES","og_type":"article","og_title":"Cuba enfrenta tres d\u00edas de lluvias y tormentas el\u00e9ctricas por una baja en altura y una onda tropical activa - Cuballama Noticias","og_description":"Se prev\u00e9n tres d\u00edas de lluvias y tormentas el\u00e9ctricas en Cuba debido a una baja en altura y una onda tropical activa cerca de Puerto Rico.","og_url":"https:\/\/www.cuballama.com\/noticias\/cuba-enfrenta-tres-dias-de-lluvias-y-tormentas-electricas-por-una-baja-en-altura-y-una-onda-tropical-activa\/","og_site_name":"Cuballama Noticias","article_publisher":"https:\/\/www.facebook.com\/CubaLlama","article_published_time":"2026-08-31T19:34:31+00:00","article_modified_time":"2026-08-31T19:34:36+00:00","og_image":[{"width":1424,"height":786,"url":"https:\/\/cdn1.mediawpaccore.net\/wp-content\/uploads\/2026\/08\/31113921\/image-169.png","type":"image\/png"}],"author":"Roberto A.","twitter_card":"summary_large_image","twitter_creator":"@cuballama","twitter_site":"@cuballama","twitter_misc":{"Escrito por":"Roberto A.","Tiempo de lectura":"3 minutos"},"schema":{"@context":"https:\/\/schema.org","@graph":[{"@type":"Article","@id":"https:\/\/www.cuballama.com\/noticias\/cuba-enfrenta-tres-dias-de-lluvias-y-tormentas-electricas-por-una-baja-en-altura-y-una-onda-tropical-activa\/#article","isPartOf":{"@id":"https:\/\/www.cuballama.com\/noticias\/cuba-enfrenta-tres-dias-de-lluvias-y-tormentas-electricas-por-una-baja-en-altura-y-una-onda-tropical-activa\/"},"author":{"name":"Roberto A.","@id":"https:\/\/www.cuballama.com\/noticias\/#\/schema\/person\/a58502ed4146c8e9f83872e897c76cd2"},"headline":"Cuba enfrenta tres d\u00edas de lluvias y tormentas el\u00e9ctricas por una baja en altura y una onda tropical activa","datePublished":"2026-08-31T19:34:31+00:00","dateModified":"2026-08-31T19:34:36+00:00","mainEntityOfPage":{"@id":"https:\/\/www.cuballama.com\/noticias\/cuba-enfrenta-tres-dias-de-lluvias-y-tormentas-electricas-por-una-baja-en-altura-y-una-onda-tropical-activa\/"},"wordCount":596,"commentCount":0,"publisher":{"@id":"https:\/\/www.cuballama.com\/noticias\/#organization"},"image":{"@id":"https:\/\/www.cuballama.com\/noticias\/cuba-enfrenta-tres-dias-de-lluvias-y-tormentas-electricas-por-una-baja-en-altura-y-una-onda-tropical-activa\/#primaryimage"},"thumbnailUrl":"https:\/\/cdn1.mediawpaccore.net\/wp-content\/uploads\/2026\/08\/31113921\/image-169.png","keywords":["Clima","Cuba","Lluvias","Meteorolog\u00eda","onda tropical","pron\u00f3stico","Tormentas el\u00e9ctricas"],"articleSection":["Noticias","Noticias de Cuba"],"inLanguage":"es","potentialAction":[{"@type":"CommentAction","name":"Comment","target":["https:\/\/www.cuballama.com\/noticias\/cuba-enfrenta-tres-dias-de-lluvias-y-tormentas-electricas-por-una-baja-en-altura-y-una-onda-tropical-activa\/#respond"]}]},{"@type":"WebPage","@id":"https:\/\/www.cuballama.com\/noticias\/cuba-enfrenta-tres-dias-de-lluvias-y-tormentas-electricas-por-una-baja-en-altura-y-una-onda-tropical-activa\/","url":"https:\/\/www.cuballama.com\/noticias\/cuba-enfrenta-tres-dias-de-lluvias-y-tormentas-electricas-por-una-baja-en-altura-y-una-onda-tropical-activa\/","name":"Cuba enfrenta tres d\u00edas de lluvias y tormentas el\u00e9ctricas por una baja en altura y una onda tropical activa - Cuballama Noticias","isPartOf":{"@id":"https:\/\/www.cuballama.com\/noticias\/#website"},"primaryImageOfPage":{"@id":"https:\/\/www.cuballama.com\/noticias\/cuba-enfrenta-tres-dias-de-lluvias-y-tormentas-electricas-por-una-baja-en-altura-y-una-onda-tropical-activa\/#primaryimage"},"image":{"@id":"https:\/\/www.cuballama.com\/noticias\/cuba-enfrenta-tres-dias-de-lluvias-y-tormentas-electricas-por-una-baja-en-altura-y-una-onda-tropical-activa\/#primaryimage"},"thumbnailUrl":"https:\/\/cdn1.mediawpaccore.net\/wp-content\/uploads\/2026\/08\/31113921\/image-169.png","datePublished":"2026-08-31T19:34:31+00:00","dateModified":"2026-08-31T19:34:36+00:00","description":"Se prev\u00e9n tres d\u00edas de lluvias y tormentas el\u00e9ctricas en Cuba debido a una baja en altura y una onda tropical activa cerca de Puerto Rico.","breadcrumb":{"@id":"https:\/\/www.cuballama.com\/noticias\/cuba-enfrenta-tres-dias-de-lluvias-y-tormentas-electricas-por-una-baja-en-altura-y-una-onda-tropical-activa\/#breadcrumb"},"inLanguage":"es","potentialAction":[{"@type":"ReadAction","target":["https:\/\/www.cuballama.com\/noticias\/cuba-enfrenta-tres-dias-de-lluvias-y-tormentas-electricas-por-una-baja-en-altura-y-una-onda-tropical-activa\/"]}]},{"@type":"ImageObject","inLanguage":"es","@id":"https:\/\/www.cuballama.com\/noticias\/cuba-enfrenta-tres-dias-de-lluvias-y-tormentas-electricas-por-una-baja-en-altura-y-una-onda-tropical-activa\/#primaryimage","url":"https:\/\/cdn1.mediawpaccore.net\/wp-content\/uploads\/2026\/08\/31113921\/image-169.png","contentUrl":"https:\/\/cdn1.mediawpaccore.net\/wp-content\/uploads\/2026\/08\/31113921\/image-169.png","width":1424,"height":786,"caption":"Foto: Video Screenshot v\u00eda Canal Caribe"},{"@type":"BreadcrumbList","@id":"https:\/\/www.cuballama.com\/noticias\/cuba-enfrenta-tres-dias-de-lluvias-y-tormentas-electricas-por-una-baja-en-altura-y-una-onda-tropical-activa\/#breadcrumb","itemListElement":[{"@type":"ListItem","position":1,"name":"Home","item":"https:\/\/www.cuballama.com\/noticias\/"},{"@type":"ListItem","position":2,"name":"Cuba enfrenta tres d\u00edas de lluvias y tormentas el\u00e9ctricas por una baja en altura y una onda tropical activa"}]},{"@type":"WebSite","@id":"https:\/\/www.cuballama.com\/noticias\/#website","url":"https:\/\/www.cuballama.com\/noticias\/","name":"Cuballama Noticias","description":"Medio digital sobre Cuba y el mundo","publisher":{"@id":"https:\/\/www.cuballama.com\/noticias\/#organization"},"potentialAction":[{"@type":"SearchAction","target":{"@type":"EntryPoint","urlTemplate":"https:\/\/www.cuballama.com\/noticias\/?s={search_term_string}"},"query-input":{"@type":"PropertyValueSpecification","valueRequired":true,"valueName":"search_term_string"}}],"inLanguage":"es"},{"@type":"Organization","@id":"https:\/\/www.cuballama.com\/noticias\/#organization","name":"Cuballama","url":"https:\/\/www.cuballama.com\/noticias\/","logo":{"@type":"ImageObject","inLanguage":"es","@id":"https:\/\/www.cuballama.com\/noticias\/#\/schema\/logo\/image\/","url":"https:\/\/cdn1.mediawpaccore.net\/wp-content\/uploads\/2021\/12\/28171206\/cbll-logo-color-sm.png","contentUrl":"https:\/\/cdn1.mediawpaccore.net\/wp-content\/uploads\/2021\/12\/28171206\/cbll-logo-color-sm.png","width":600,"height":133,"caption":"Cuballama"},"image":{"@id":"https:\/\/www.cuballama.com\/noticias\/#\/schema\/logo\/image\/"},"sameAs":["https:\/\/www.facebook.com\/CubaLlama","https:\/\/x.com\/cuballama","https:\/\/www.instagram.com\/stories\/cuballama_oficial\/","https:\/\/www.youtube.com\/channel\/UCKkFE-d_axENGZcrc4as0IA"]},{"@type":"Person","@id":"https:\/\/www.cuballama.com\/noticias\/#\/schema\/person\/a58502ed4146c8e9f83872e897c76cd2","name":"Roberto A.","description":"Roberto A. Periodista por decisi\u00f3n propia. Interesado en cualquier tema que me apasione y cada vez m\u00e1s comprometido con la verdad y la objetividad period\u00edstica. Graduado en La Habana hace ya muchos a\u00f1os, luego de una accidentada y polvorienta b\u00fasqueda de informaci\u00f3n sobre un tema in\u00e9dito. La Tesis, por cierto, desapareci\u00f3 de la biblioteca y no se conservan copias de la misma.","url":"https:\/\/www.cuballama.com\/noticias\/author\/roberto\/"}]}},"_links":{"self":[{"href":"https:\/\/www.cuballama.com\/noticias\/wp-json\/wp\/v2\/posts\/255541","targetHints":{"allow":["GET"]}}],"collection":[{"href":"https:\/\/www.cuballama.com\/noticias\/wp-json\/wp\/v2\/posts"}],"about":[{"href":"https:\/\/www.cuballama.com\/noticias\/wp-json\/wp\/v2\/types\/post"}],"author":[{"embeddable":true,"href":"https:\/\/www.cuballama.com\/noticias\/wp-json\/wp\/v2\/users\/13"}],"replies":[{"embeddable":true,"href":"https:\/\/www.cuballama.com\/noticias\/wp-json\/wp\/v2\/comments?post=255541"}],"version-history":[{"count":3,"href":"https:\/\/www.cuballama.com\/noticias\/wp-json\/wp\/v2\/posts\/255541\/revisions"}],"predecessor-version":[{"id":255601,"href":"https:\/\/www.cuballama.com\/noticias\/wp-json\/wp\/v2\/posts\/255541\/revisions\/255601"}],"wp:featuredmedia":[{"embeddable":true,"href":"https:\/\/www.cuballama.com\/noticias\/wp-json\/wp\/v2\/media\/255599"}],"wp:attachment":[{"href":"https:\/\/www.cuballama.com\/noticias\/wp-json\/wp\/v2\/media?parent=255541"}],"wp:term":[{"taxonomy":"category","embeddable":true,"href":"https:\/\/www.cuballama.com\/noticias\/wp-json\/wp\/v2\/categories?post=255541"},{"taxonomy":"post_tag","embeddable":true,"href":"https:\/\/www.cuballama.com\/noticias\/wp-json\/wp\/v2\/tags?post=255541"}],"curies":[{"name":"wp","href":"https:\/\/api.w.org\/{rel}","templated":true}]}}