{"id":255535,"date":"2026-09-01T12:36:58","date_gmt":"2026-09-01T16:36:58","guid":{"rendered":"https:\/\/www.cuballama.com\/noticias\/?p=255535"},"modified":"2026-09-01T12:37:06","modified_gmt":"2026-09-01T16:37:06","slug":"alessandro-di-battista-permanece-hospitalizado-en-cuba-medicos-italianos-lo-declaran-no-transferible-por-ahora","status":"publish","type":"post","link":"https:\/\/www.cuballama.com\/noticias\/alessandro-di-battista-permanece-hospitalizado-en-cuba-medicos-italianos-lo-declaran-no-transferible-por-ahora\/","title":{"rendered":"Alessandro Di Battista permanece hospitalizado en Cuba; m\u00e9dicos italianos lo declaran \u00abno transferible\u00bb por ahora"},"content":{"rendered":"\n<h2 class=\"wp-block-heading\"><br>El exdiputado italiano del Movimiento 5 Estrellas sufri\u00f3 un fuerte malestar en Santa Clara y permanece hospitalizado en La Habana; dos especialistas de Roma eval\u00faan si es posible su traslado a Italia.<\/h2>\n\n\n\n<p class=\"wp-block-paragraph\">Alessandro Di Battista, exdiputado del Movimiento 5 Estrellas (M5S) de Italia, permanece hospitalizado en La Habana, Cuba, tras sufrir un fuerte malestar mientras realizaba un reportaje period\u00edstico en la isla. El pol\u00edtico, de 48 a\u00f1os y padre de dos hijos, fue trasladado a un hospital tras perder el conocimiento, y dos especialistas m\u00e9dicos de Roma viajaron a Cuba para evaluar su condici\u00f3n, que por el momento impide su traslado a Italia.<\/p>\n\n\n\n<p class=\"wp-block-paragraph\">Di Battista se encontraba en Santa Clara documentando la situaci\u00f3n del pueblo cubano cuando comenz\u00f3 a sentir un fuerte dolor de cabeza, seg\u00fan reportaron medios italianos como Rai News y Corriere della Sera. El malestar escal\u00f3 hasta un episodio de p\u00e9rdida de conocimiento que se prolong\u00f3 por varias horas. Fue trasladado primero a un hospital en Santa Clara y, posteriormente, al Hospital Cl\u00ednico Quir\u00fargico Hermanos Ameijeiras en La Habana, uno de los centros m\u00e9dicos m\u00e1s equipados de la isla, donde los m\u00e9dicos le realizaron una tomograf\u00eda axial computarizada (TAC) para evaluar su condici\u00f3n.<\/p>\n\n\n\n<p class=\"wp-block-paragraph\"><strong>tal vez quieras leer: <a href=\"https:\/\/www.cuballama.com\/noticias\/exdiputado-italiano-alessandro-di-battista-grave-en-cuba-espera-aprobacion-medica-para-su-traslado\/\" data-type=\"post\" data-id=\"255483\">Exdiputado italiano Alessandro Di Battista, grave en Cuba, espera aprobaci\u00f3n m\u00e9dica para su traslado<\/a><\/strong><\/p>\n\n\n\n<h2 class=\"wp-block-heading\">Refuerzo m\u00e9dico desde Roma<\/h2>\n\n\n\n<p class=\"wp-block-paragraph\">Para apoyar al equipo cubano, viajaron a Cuba dos especialistas del Policlinico Agostino Gemelli de Roma: el neurocirujano Francesco Doglietto y el especialista en cuidados intensivos Massimo Antonelli, quienes llegaron a La Habana la noche del 30 de agosto. Su misi\u00f3n es evaluar el estado de Di Battista y determinar si, y cu\u00e1ndo, ser\u00e1 seguro trasladarlo a Italia. Hasta el momento, los m\u00e9dicos han indicado que el exparlamentario no es transferible, y que a\u00fan es prematuro establecer un diagn\u00f3stico definitivo sobre su recuperaci\u00f3n. El env\u00edo de los especialistas fue impulsado, seg\u00fan La Repubblica, por Giuseppe Conte, l\u00edder del M5S.<\/p>\n\n\n\n<iframe loading=\"lazy\" src=\"https:\/\/www.facebook.com\/plugins\/post.php?href=https%3A%2F%2Fwww.facebook.com%2FAlasTensasCuba%2Fposts%2Fpfbid0fJWP3yPmVENnGHZJsR4VHWiAhxk44gZKx1CuSYWNeRscyTkFMoHExxCnCqFEvG17l&#038;show_text=true&#038;width=500\" width=\"500\" height=\"737\" style=\"border:none;overflow:hidden\" scrolling=\"no\" frameborder=\"0\" allowfullscreen=\"true\" allow=\"autoplay; clipboard-write; encrypted-media; picture-in-picture; web-share\"><\/iframe>\n\n\n\n<h2 class=\"wp-block-heading\">Respaldo del gobierno italiano<\/h2>\n\n\n\n<p class=\"wp-block-paragraph\">La situaci\u00f3n ha generado una respuesta inmediata desde Roma. El ministro de Asuntos Exteriores, Antonio Tajani, se comunic\u00f3 telef\u00f3nicamente con Di Battista y asegur\u00f3 que el gobierno italiano har\u00e1 todo lo posible para garantizarle asistencia como a cualquier ciudadano italiano en el extranjero en una emergencia; tras la llamada, describi\u00f3 al exdiputado como \u00abcombativo\u00bb pese a su delicado estado. La primera ministra Giorgia Meloni tambi\u00e9n se mantuvo en contacto con la familia de Di Battista y con las autoridades cubanas para seguir de cerca la situaci\u00f3n. Dentro del M5S, figuras como Giuseppe Conte, Luigi Di Maio y la exalcaldesa de Roma Virginia Raggi enviaron mensajes p\u00fablicos de apoyo; Raggi escribi\u00f3: \u00abNo te rindas.\u00bb<\/p>\n\n\n\n<p class=\"wp-block-paragraph\">La pareja de Di Battista, Sahra Lahouasnia, y su hermana viajaron a La Habana para acompa\u00f1arlo durante su recuperaci\u00f3n. El gobierno cubano ofreci\u00f3 un vuelo sanitario de Estado para facilitar su regreso a Italia, pero tanto Di Battista como su equipo rechazaron la propuesta, optando por esperar a que su estado mejore lo suficiente para un vuelo comercial o, de ser necesario, una evacuaci\u00f3n en helic\u00f3ptero, con los costos cubiertos por su seguro y el propio M5S. En un mensaje difundido en sus redes sociales, el exdiputado escribi\u00f3: \u00abCe la metter\u00f2 tutta per tornare presto\u00bb (\u00abHar\u00e9 todo lo posible para volver pronto\u00bb), aunque no est\u00e1 confirmado si el mensaje fue redactado directamente por \u00e9l o por su entorno cercano.<\/p>\n\n\n\n<p class=\"wp-block-paragraph\">El caso ha vuelto a poner el foco sobre las limitaciones del sistema de salud en Cuba, que enfrenta escasez cr\u00f3nica de insumos y personal especializado, un tema que el propio Di Battista hab\u00eda se\u00f1alado en el pasado como cr\u00edtico del r\u00e9gimen cubano. Su hospitalizaci\u00f3n se produce, adem\u00e1s, en un momento de atenci\u00f3n medi\u00e1tica hacia su figura, luego de que publicara en redes sociales comentarios sobre la crisis en Gaza poco antes de su malestar. Hasta el cierre de esta nota no se ha emitido un bolet\u00edn m\u00e9dico oficial sobre su estado, y la posibilidad de su traslado a Italia depender\u00e1 de la evoluci\u00f3n de su recuperaci\u00f3n en los pr\u00f3ximos d\u00edas.<\/p>\n\n\n\n<p class=\"wp-block-paragraph\">[FUENTES]<\/p>\n\n\n\n<ul class=\"wp-block-list\">\n<li>ANSA, \u00abArrivati a Cuba la compagna di Alessandro Di Battista e i medici del Gemelli\u00bb, <a href=\"https:\/\/www.ansa.it\/sito\/notizie\/politica\/2026\/08\/31\/arrivati-allavana-la-compagna-di-di-battista-e-i-medici-del-gemelli_88a95efc-5ce7-4071-8fac-212ad2b2ed5b.html\" target=\"_blank\" rel=\"noreferrer noopener nofollow\">https:\/\/www.ansa.it\/sito\/notizie\/politica\/2026\/08\/31\/arrivati-allavana-la-compagna-di-di-battista-e-i-medici-del-gemelli_88a95efc-5ce7-4071-8fac-212ad2b2ed5b.html<\/a><\/li>\n\n\n\n<li>Rai News, \u00abDi Battista ricoverato a Cuba, arrivati all&#8217;Avana la compagna e i medici del Gemelli\u00bb, <a href=\"https:\/\/www.rainews.it\/articoli\/2026\/08\/alessandro-di-battista-ricoverato-a-cuba-lex-esponente-del-m5s-sarebbe-in-gravi-condizioni-d18ca756-8f70-48fc-8010-fb5d2b5d6f2d.html\" target=\"_blank\" rel=\"noreferrer noopener nofollow\">https:\/\/www.rainews.it\/articoli\/2026\/08\/alessandro-di-battista-ricoverato-a-cuba-lex-esponente-del-m5s-sarebbe-in-gravi-condizioni-d18ca756-8f70-48fc-8010-fb5d2b5d6f2d.html<\/a><\/li>\n\n\n\n<li>Rai News, \u00abDi Battista grave a Cuba, arrivati i medici del Gemelli\u00bb, <a href=\"https:\/\/www.rainews.it\/tgr\/lazio\/articoli\/2026\/08\/di-battista-grave-a-cuba-arrivati-i-medici-del-gemelli-bf553b2a-acc8-4c16-87fd-528534c08426.html\" target=\"_blank\" rel=\"noreferrer noopener nofollow\">https:\/\/www.rainews.it\/tgr\/lazio\/articoli\/2026\/08\/di-battista-grave-a-cuba-arrivati-i-medici-del-gemelli-bf553b2a-acc8-4c16-87fd-528534c08426.html<\/a><\/li>\n\n\n\n<li>Corriere della Sera, \u00abDi Battista, medici italiani arrivati a Cuba. La sedazione dopo il malore e il no all&#8217;aereo di Stato per rientrare \u00abquando sar\u00e0 possibile\u00bb\u00bb, <a href=\"https:\/\/roma.corriere.it\/notizie\/cronaca\/26_agosto_31\/di-battista-medici-italiani-cuba-5e038603-39cc-4843-9d19-71c6eb732xlk.shtml\" target=\"_blank\" rel=\"noreferrer noopener nofollow\">https:\/\/roma.corriere.it\/notizie\/cronaca\/26_agosto_31\/di-battista-medici-italiani-cuba-5e038603-39cc-4843-9d19-71c6eb732xlk.shtml<\/a><\/li>\n\n\n\n<li>La Repubblica, \u00abDi Battista resta a Cuba, secondo i medici &#8216;non \u00e8 ancora trasferibile'\u00bb, <a href=\"http:\/\/espresso.repubblica.it\/c\/politica\/2026\/8\/31\/alessandro-di-battista-come-sta-cuba-ritorno-italia\/64365\" target=\"_blank\" rel=\"noreferrer noopener nofollow\">http:\/\/espresso.repubblica.it\/c\/politica\/2026\/8\/31\/alessandro-di-battista-come-sta-cuba-ritorno-italia\/64365<\/a><\/li>\n\n\n\n<li>Il Messaggero, \u00abDi Battista, chi sono i medici del Gemelli arrivati a Cuba: un neurochirurgo e un rianimatore per curare l&#8217;ex parlamentare\u00bb, <a href=\"https:\/\/www.ilmessaggero.it\/mondo\/di_battista_medici_italiani_chi_sono_cuba-9735140.html\" target=\"_blank\" rel=\"noreferrer noopener nofollow\">https:\/\/www.ilmessaggero.it\/mondo\/di_battista_medici_italiani_chi_sono_cuba-9735140.html<\/a><\/li>\n\n\n\n<li>Il Fatto Quotidiano, \u00abDi Battista dopo il malore a Cuba: &#8216;Ce la metter\u00f2 tutta per tornare presto'\u00bb, <a href=\"https:\/\/www.ilfattoquotidiano.it\/2026\/08\/30\/alessandro-di-battista-prime-parole-social-dopo-malore-cuba-ce-la-mettero-tutta-per-tornare-presto\/8492003\/\" target=\"_blank\" rel=\"noreferrer noopener nofollow\">https:\/\/www.ilfattoquotidiano.it\/2026\/08\/30\/alessandro-di-battista-prime-parole-social-dopo-malore-cuba-ce-la-mettero-tutta-per-tornare-presto\/8492003\/<\/a><\/li>\n<\/ul>\n\n\n\n<p class=\"wp-block-paragraph\"><\/p>\n","protected":false},"excerpt":{"rendered":"<p>Alessandro Di Battista, exdiputado italiano del Movimiento 5 Estrellas, permanece hospitalizado en La Habana tras sufrir un fuerte malestar en Santa Clara. Dos especialistas del Policlinico Gemelli de Roma viajaron a Cuba para evaluar su estado, que por ahora impide su traslado a Italia.<\/p>\n","protected":false},"author":13,"featured_media":255616,"comment_status":"open","ping_status":"closed","sticky":false,"template":"","format":"standard","meta":{"_acf_changed":false,"footnotes":""},"categories":[18,955,957],"tags":[37771,37791,11,32824,36048,478,164,37790,37792,409],"class_list":["post-255535","post","type-post","status-publish","format-standard","has-post-thumbnail","category-noticias","category-noticias-de-cuba","category-noticias-internacionales","tag-alessandro-di-battista","tag-antonio-tajani","tag-cuba","tag-giorgia-meloni","tag-hermanos-ameijeiras","tag-italia","tag-la-habana","tag-movimiento-5-estrellas","tag-politica-italiana","tag-salud"],"acf":[],"yoast_head":"<!-- This site is optimized with the Yoast SEO plugin v28.3 - https:\/\/yoast.com\/product\/yoast-seo-wordpress\/ -->\n<title>Alessandro Di Battista permanece hospitalizado en Cuba; m\u00e9dicos italianos lo declaran &quot;no transferible&quot; por ahora - Cuballama Noticias<\/title>\n<meta name=\"description\" content=\"Alessandro Di Battista, exdiputado italiano, permanece hospitalizado en Cuba tras un malestar severo. M\u00e9dicos del Policlinico Gemelli lo declaran &quot;no transferible&quot; por ahora.\" \/>\n<meta name=\"robots\" content=\"index, follow, max-snippet:-1, max-image-preview:large, max-video-preview:-1\" \/>\n<link rel=\"canonical\" href=\"https:\/\/www.cuballama.com\/noticias\/alessandro-di-battista-permanece-hospitalizado-en-cuba-medicos-italianos-lo-declaran-no-transferible-por-ahora\/\" \/>\n<meta property=\"og:locale\" content=\"es_ES\" \/>\n<meta property=\"og:type\" content=\"article\" \/>\n<meta property=\"og:title\" content=\"Alessandro Di Battista permanece hospitalizado en Cuba; m\u00e9dicos italianos lo declaran &quot;no transferible&quot; por ahora - Cuballama Noticias\" \/>\n<meta property=\"og:description\" content=\"Alessandro Di Battista, exdiputado italiano, permanece hospitalizado en Cuba tras un malestar severo. M\u00e9dicos del Policlinico Gemelli lo declaran &quot;no transferible&quot; por ahora.\" \/>\n<meta property=\"og:url\" content=\"https:\/\/www.cuballama.com\/noticias\/alessandro-di-battista-permanece-hospitalizado-en-cuba-medicos-italianos-lo-declaran-no-transferible-por-ahora\/\" \/>\n<meta property=\"og:site_name\" content=\"Cuballama Noticias\" \/>\n<meta property=\"article:publisher\" content=\"https:\/\/www.facebook.com\/CubaLlama\" \/>\n<meta property=\"article:published_time\" content=\"2026-09-01T16:36:58+00:00\" \/>\n<meta property=\"article:modified_time\" content=\"2026-09-01T16:37:06+00:00\" \/>\n<meta property=\"og:image\" content=\"https:\/\/cdn1.mediawpaccore.net\/wp-content\/uploads\/2026\/08\/31120640\/37905907_10155755018148437_3006571944372862976_n.jpg\" \/>\n\t<meta property=\"og:image:width\" content=\"1920\" \/>\n\t<meta property=\"og:image:height\" content=\"1080\" \/>\n\t<meta property=\"og:image:type\" content=\"image\/jpeg\" \/>\n<meta name=\"author\" content=\"Roberto A.\" \/>\n<meta name=\"twitter:card\" content=\"summary_large_image\" \/>\n<meta name=\"twitter:creator\" content=\"@cuballama\" \/>\n<meta name=\"twitter:site\" content=\"@cuballama\" \/>\n<meta name=\"twitter:label1\" content=\"Escrito por\" \/>\n\t<meta name=\"twitter:data1\" content=\"Roberto A.\" \/>\n\t<meta name=\"twitter:label2\" content=\"Tiempo de lectura\" \/>\n\t<meta name=\"twitter:data2\" content=\"4 minutos\" \/>\n<script type=\"application\/ld+json\" class=\"yoast-schema-graph\">{\"@context\":\"https:\\\/\\\/schema.org\",\"@graph\":[{\"@type\":\"Article\",\"@id\":\"https:\\\/\\\/www.cuballama.com\\\/noticias\\\/alessandro-di-battista-permanece-hospitalizado-en-cuba-medicos-italianos-lo-declaran-no-transferible-por-ahora\\\/#article\",\"isPartOf\":{\"@id\":\"https:\\\/\\\/www.cuballama.com\\\/noticias\\\/alessandro-di-battista-permanece-hospitalizado-en-cuba-medicos-italianos-lo-declaran-no-transferible-por-ahora\\\/\"},\"author\":{\"name\":\"Roberto A.\",\"@id\":\"https:\\\/\\\/www.cuballama.com\\\/noticias\\\/#\\\/schema\\\/person\\\/a58502ed4146c8e9f83872e897c76cd2\"},\"headline\":\"Alessandro Di Battista permanece hospitalizado en Cuba; m\u00e9dicos italianos lo declaran \u00abno transferible\u00bb por ahora\",\"datePublished\":\"2026-09-01T16:36:58+00:00\",\"dateModified\":\"2026-09-01T16:37:06+00:00\",\"mainEntityOfPage\":{\"@id\":\"https:\\\/\\\/www.cuballama.com\\\/noticias\\\/alessandro-di-battista-permanece-hospitalizado-en-cuba-medicos-italianos-lo-declaran-no-transferible-por-ahora\\\/\"},\"wordCount\":954,\"commentCount\":0,\"publisher\":{\"@id\":\"https:\\\/\\\/www.cuballama.com\\\/noticias\\\/#organization\"},\"image\":{\"@id\":\"https:\\\/\\\/www.cuballama.com\\\/noticias\\\/alessandro-di-battista-permanece-hospitalizado-en-cuba-medicos-italianos-lo-declaran-no-transferible-por-ahora\\\/#primaryimage\"},\"thumbnailUrl\":\"https:\\\/\\\/cdn1.mediawpaccore.net\\\/wp-content\\\/uploads\\\/2026\\\/08\\\/31120640\\\/37905907_10155755018148437_3006571944372862976_n.jpg\",\"keywords\":[\"Alessandro Di Battista\",\"Antonio Tajani\",\"Cuba\",\"Giorgia Meloni\",\"Hermanos Ameijeiras\",\"Italia\",\"La Habana\",\"Movimiento 5 Estrellas\",\"pol\u00edtica italiana\",\"Salud\"],\"articleSection\":[\"Noticias\",\"Noticias de Cuba\",\"Noticias Internacionales\"],\"inLanguage\":\"es\",\"potentialAction\":[{\"@type\":\"CommentAction\",\"name\":\"Comment\",\"target\":[\"https:\\\/\\\/www.cuballama.com\\\/noticias\\\/alessandro-di-battista-permanece-hospitalizado-en-cuba-medicos-italianos-lo-declaran-no-transferible-por-ahora\\\/#respond\"]}]},{\"@type\":\"WebPage\",\"@id\":\"https:\\\/\\\/www.cuballama.com\\\/noticias\\\/alessandro-di-battista-permanece-hospitalizado-en-cuba-medicos-italianos-lo-declaran-no-transferible-por-ahora\\\/\",\"url\":\"https:\\\/\\\/www.cuballama.com\\\/noticias\\\/alessandro-di-battista-permanece-hospitalizado-en-cuba-medicos-italianos-lo-declaran-no-transferible-por-ahora\\\/\",\"name\":\"Alessandro Di Battista permanece hospitalizado en Cuba; m\u00e9dicos italianos lo declaran \\\"no transferible\\\" por ahora - Cuballama Noticias\",\"isPartOf\":{\"@id\":\"https:\\\/\\\/www.cuballama.com\\\/noticias\\\/#website\"},\"primaryImageOfPage\":{\"@id\":\"https:\\\/\\\/www.cuballama.com\\\/noticias\\\/alessandro-di-battista-permanece-hospitalizado-en-cuba-medicos-italianos-lo-declaran-no-transferible-por-ahora\\\/#primaryimage\"},\"image\":{\"@id\":\"https:\\\/\\\/www.cuballama.com\\\/noticias\\\/alessandro-di-battista-permanece-hospitalizado-en-cuba-medicos-italianos-lo-declaran-no-transferible-por-ahora\\\/#primaryimage\"},\"thumbnailUrl\":\"https:\\\/\\\/cdn1.mediawpaccore.net\\\/wp-content\\\/uploads\\\/2026\\\/08\\\/31120640\\\/37905907_10155755018148437_3006571944372862976_n.jpg\",\"datePublished\":\"2026-09-01T16:36:58+00:00\",\"dateModified\":\"2026-09-01T16:37:06+00:00\",\"description\":\"Alessandro Di Battista, exdiputado italiano, permanece hospitalizado en Cuba tras un malestar severo. M\u00e9dicos del Policlinico Gemelli lo declaran \\\"no transferible\\\" por ahora.\",\"breadcrumb\":{\"@id\":\"https:\\\/\\\/www.cuballama.com\\\/noticias\\\/alessandro-di-battista-permanece-hospitalizado-en-cuba-medicos-italianos-lo-declaran-no-transferible-por-ahora\\\/#breadcrumb\"},\"inLanguage\":\"es\",\"potentialAction\":[{\"@type\":\"ReadAction\",\"target\":[\"https:\\\/\\\/www.cuballama.com\\\/noticias\\\/alessandro-di-battista-permanece-hospitalizado-en-cuba-medicos-italianos-lo-declaran-no-transferible-por-ahora\\\/\"]}]},{\"@type\":\"ImageObject\",\"inLanguage\":\"es\",\"@id\":\"https:\\\/\\\/www.cuballama.com\\\/noticias\\\/alessandro-di-battista-permanece-hospitalizado-en-cuba-medicos-italianos-lo-declaran-no-transferible-por-ahora\\\/#primaryimage\",\"url\":\"https:\\\/\\\/cdn1.mediawpaccore.net\\\/wp-content\\\/uploads\\\/2026\\\/08\\\/31120640\\\/37905907_10155755018148437_3006571944372862976_n.jpg\",\"contentUrl\":\"https:\\\/\\\/cdn1.mediawpaccore.net\\\/wp-content\\\/uploads\\\/2026\\\/08\\\/31120640\\\/37905907_10155755018148437_3006571944372862976_n.jpg\",\"width\":1920,\"height\":1080,\"caption\":\"Imagen del Hospital Cl\u00ednico Quir\u00fargico Hermanos Ameijeiras en La Habana, donde permanece hospitalizado Di Battista. Foto v\u00eda imagen del Hospital Cl\u00ednico Quir\u00fargico Hermanos Ameijeiras en La Habana \\\/ Facebook Page\"},{\"@type\":\"BreadcrumbList\",\"@id\":\"https:\\\/\\\/www.cuballama.com\\\/noticias\\\/alessandro-di-battista-permanece-hospitalizado-en-cuba-medicos-italianos-lo-declaran-no-transferible-por-ahora\\\/#breadcrumb\",\"itemListElement\":[{\"@type\":\"ListItem\",\"position\":1,\"name\":\"Home\",\"item\":\"https:\\\/\\\/www.cuballama.com\\\/noticias\\\/\"},{\"@type\":\"ListItem\",\"position\":2,\"name\":\"Alessandro Di Battista permanece hospitalizado en Cuba; m\u00e9dicos italianos lo declaran \u00abno transferible\u00bb por ahora\"}]},{\"@type\":\"WebSite\",\"@id\":\"https:\\\/\\\/www.cuballama.com\\\/noticias\\\/#website\",\"url\":\"https:\\\/\\\/www.cuballama.com\\\/noticias\\\/\",\"name\":\"Cuballama Noticias\",\"description\":\"Medio digital sobre Cuba y el mundo\",\"publisher\":{\"@id\":\"https:\\\/\\\/www.cuballama.com\\\/noticias\\\/#organization\"},\"potentialAction\":[{\"@type\":\"SearchAction\",\"target\":{\"@type\":\"EntryPoint\",\"urlTemplate\":\"https:\\\/\\\/www.cuballama.com\\\/noticias\\\/?s={search_term_string}\"},\"query-input\":{\"@type\":\"PropertyValueSpecification\",\"valueRequired\":true,\"valueName\":\"search_term_string\"}}],\"inLanguage\":\"es\"},{\"@type\":\"Organization\",\"@id\":\"https:\\\/\\\/www.cuballama.com\\\/noticias\\\/#organization\",\"name\":\"Cuballama\",\"url\":\"https:\\\/\\\/www.cuballama.com\\\/noticias\\\/\",\"logo\":{\"@type\":\"ImageObject\",\"inLanguage\":\"es\",\"@id\":\"https:\\\/\\\/www.cuballama.com\\\/noticias\\\/#\\\/schema\\\/logo\\\/image\\\/\",\"url\":\"https:\\\/\\\/cdn1.mediawpaccore.net\\\/wp-content\\\/uploads\\\/2021\\\/12\\\/28171206\\\/cbll-logo-color-sm.png\",\"contentUrl\":\"https:\\\/\\\/cdn1.mediawpaccore.net\\\/wp-content\\\/uploads\\\/2021\\\/12\\\/28171206\\\/cbll-logo-color-sm.png\",\"width\":600,\"height\":133,\"caption\":\"Cuballama\"},\"image\":{\"@id\":\"https:\\\/\\\/www.cuballama.com\\\/noticias\\\/#\\\/schema\\\/logo\\\/image\\\/\"},\"sameAs\":[\"https:\\\/\\\/www.facebook.com\\\/CubaLlama\",\"https:\\\/\\\/x.com\\\/cuballama\",\"https:\\\/\\\/www.instagram.com\\\/stories\\\/cuballama_oficial\\\/\",\"https:\\\/\\\/www.youtube.com\\\/channel\\\/UCKkFE-d_axENGZcrc4as0IA\"]},{\"@type\":\"Person\",\"@id\":\"https:\\\/\\\/www.cuballama.com\\\/noticias\\\/#\\\/schema\\\/person\\\/a58502ed4146c8e9f83872e897c76cd2\",\"name\":\"Roberto A.\",\"description\":\"Roberto A. Periodista por decisi\u00f3n propia. Interesado en cualquier tema que me apasione y cada vez m\u00e1s comprometido con la verdad y la objetividad period\u00edstica. Graduado en La Habana hace ya muchos a\u00f1os, luego de una accidentada y polvorienta b\u00fasqueda de informaci\u00f3n sobre un tema in\u00e9dito. La Tesis, por cierto, desapareci\u00f3 de la biblioteca y no se conservan copias de la misma.\",\"url\":\"https:\\\/\\\/www.cuballama.com\\\/noticias\\\/author\\\/roberto\\\/\"}]}<\/script>\n<!-- \/ Yoast SEO plugin. -->","yoast_head_json":{"title":"Alessandro Di Battista permanece hospitalizado en Cuba; m\u00e9dicos italianos lo declaran \"no transferible\" por ahora - Cuballama Noticias","description":"Alessandro Di Battista, exdiputado italiano, permanece hospitalizado en Cuba tras un malestar severo. M\u00e9dicos del Policlinico Gemelli lo declaran \"no transferible\" por ahora.","robots":{"index":"index","follow":"follow","max-snippet":"max-snippet:-1","max-image-preview":"max-image-preview:large","max-video-preview":"max-video-preview:-1"},"canonical":"https:\/\/www.cuballama.com\/noticias\/alessandro-di-battista-permanece-hospitalizado-en-cuba-medicos-italianos-lo-declaran-no-transferible-por-ahora\/","og_locale":"es_ES","og_type":"article","og_title":"Alessandro Di Battista permanece hospitalizado en Cuba; m\u00e9dicos italianos lo declaran \"no transferible\" por ahora - Cuballama Noticias","og_description":"Alessandro Di Battista, exdiputado italiano, permanece hospitalizado en Cuba tras un malestar severo. M\u00e9dicos del Policlinico Gemelli lo declaran \"no transferible\" por ahora.","og_url":"https:\/\/www.cuballama.com\/noticias\/alessandro-di-battista-permanece-hospitalizado-en-cuba-medicos-italianos-lo-declaran-no-transferible-por-ahora\/","og_site_name":"Cuballama Noticias","article_publisher":"https:\/\/www.facebook.com\/CubaLlama","article_published_time":"2026-09-01T16:36:58+00:00","article_modified_time":"2026-09-01T16:37:06+00:00","og_image":[{"width":1920,"height":1080,"url":"https:\/\/cdn1.mediawpaccore.net\/wp-content\/uploads\/2026\/08\/31120640\/37905907_10155755018148437_3006571944372862976_n.jpg","type":"image\/jpeg"}],"author":"Roberto A.","twitter_card":"summary_large_image","twitter_creator":"@cuballama","twitter_site":"@cuballama","twitter_misc":{"Escrito por":"Roberto A.","Tiempo de lectura":"4 minutos"},"schema":{"@context":"https:\/\/schema.org","@graph":[{"@type":"Article","@id":"https:\/\/www.cuballama.com\/noticias\/alessandro-di-battista-permanece-hospitalizado-en-cuba-medicos-italianos-lo-declaran-no-transferible-por-ahora\/#article","isPartOf":{"@id":"https:\/\/www.cuballama.com\/noticias\/alessandro-di-battista-permanece-hospitalizado-en-cuba-medicos-italianos-lo-declaran-no-transferible-por-ahora\/"},"author":{"name":"Roberto A.","@id":"https:\/\/www.cuballama.com\/noticias\/#\/schema\/person\/a58502ed4146c8e9f83872e897c76cd2"},"headline":"Alessandro Di Battista permanece hospitalizado en Cuba; m\u00e9dicos italianos lo declaran \u00abno transferible\u00bb por ahora","datePublished":"2026-09-01T16:36:58+00:00","dateModified":"2026-09-01T16:37:06+00:00","mainEntityOfPage":{"@id":"https:\/\/www.cuballama.com\/noticias\/alessandro-di-battista-permanece-hospitalizado-en-cuba-medicos-italianos-lo-declaran-no-transferible-por-ahora\/"},"wordCount":954,"commentCount":0,"publisher":{"@id":"https:\/\/www.cuballama.com\/noticias\/#organization"},"image":{"@id":"https:\/\/www.cuballama.com\/noticias\/alessandro-di-battista-permanece-hospitalizado-en-cuba-medicos-italianos-lo-declaran-no-transferible-por-ahora\/#primaryimage"},"thumbnailUrl":"https:\/\/cdn1.mediawpaccore.net\/wp-content\/uploads\/2026\/08\/31120640\/37905907_10155755018148437_3006571944372862976_n.jpg","keywords":["Alessandro Di Battista","Antonio Tajani","Cuba","Giorgia Meloni","Hermanos Ameijeiras","Italia","La Habana","Movimiento 5 Estrellas","pol\u00edtica italiana","Salud"],"articleSection":["Noticias","Noticias de Cuba","Noticias Internacionales"],"inLanguage":"es","potentialAction":[{"@type":"CommentAction","name":"Comment","target":["https:\/\/www.cuballama.com\/noticias\/alessandro-di-battista-permanece-hospitalizado-en-cuba-medicos-italianos-lo-declaran-no-transferible-por-ahora\/#respond"]}]},{"@type":"WebPage","@id":"https:\/\/www.cuballama.com\/noticias\/alessandro-di-battista-permanece-hospitalizado-en-cuba-medicos-italianos-lo-declaran-no-transferible-por-ahora\/","url":"https:\/\/www.cuballama.com\/noticias\/alessandro-di-battista-permanece-hospitalizado-en-cuba-medicos-italianos-lo-declaran-no-transferible-por-ahora\/","name":"Alessandro Di Battista permanece hospitalizado en Cuba; m\u00e9dicos italianos lo declaran \"no transferible\" por ahora - Cuballama Noticias","isPartOf":{"@id":"https:\/\/www.cuballama.com\/noticias\/#website"},"primaryImageOfPage":{"@id":"https:\/\/www.cuballama.com\/noticias\/alessandro-di-battista-permanece-hospitalizado-en-cuba-medicos-italianos-lo-declaran-no-transferible-por-ahora\/#primaryimage"},"image":{"@id":"https:\/\/www.cuballama.com\/noticias\/alessandro-di-battista-permanece-hospitalizado-en-cuba-medicos-italianos-lo-declaran-no-transferible-por-ahora\/#primaryimage"},"thumbnailUrl":"https:\/\/cdn1.mediawpaccore.net\/wp-content\/uploads\/2026\/08\/31120640\/37905907_10155755018148437_3006571944372862976_n.jpg","datePublished":"2026-09-01T16:36:58+00:00","dateModified":"2026-09-01T16:37:06+00:00","description":"Alessandro Di Battista, exdiputado italiano, permanece hospitalizado en Cuba tras un malestar severo. M\u00e9dicos del Policlinico Gemelli lo declaran \"no transferible\" por ahora.","breadcrumb":{"@id":"https:\/\/www.cuballama.com\/noticias\/alessandro-di-battista-permanece-hospitalizado-en-cuba-medicos-italianos-lo-declaran-no-transferible-por-ahora\/#breadcrumb"},"inLanguage":"es","potentialAction":[{"@type":"ReadAction","target":["https:\/\/www.cuballama.com\/noticias\/alessandro-di-battista-permanece-hospitalizado-en-cuba-medicos-italianos-lo-declaran-no-transferible-por-ahora\/"]}]},{"@type":"ImageObject","inLanguage":"es","@id":"https:\/\/www.cuballama.com\/noticias\/alessandro-di-battista-permanece-hospitalizado-en-cuba-medicos-italianos-lo-declaran-no-transferible-por-ahora\/#primaryimage","url":"https:\/\/cdn1.mediawpaccore.net\/wp-content\/uploads\/2026\/08\/31120640\/37905907_10155755018148437_3006571944372862976_n.jpg","contentUrl":"https:\/\/cdn1.mediawpaccore.net\/wp-content\/uploads\/2026\/08\/31120640\/37905907_10155755018148437_3006571944372862976_n.jpg","width":1920,"height":1080,"caption":"Imagen del Hospital Cl\u00ednico Quir\u00fargico Hermanos Ameijeiras en La Habana, donde permanece hospitalizado Di Battista. Foto v\u00eda imagen del Hospital Cl\u00ednico Quir\u00fargico Hermanos Ameijeiras en La Habana \/ Facebook Page"},{"@type":"BreadcrumbList","@id":"https:\/\/www.cuballama.com\/noticias\/alessandro-di-battista-permanece-hospitalizado-en-cuba-medicos-italianos-lo-declaran-no-transferible-por-ahora\/#breadcrumb","itemListElement":[{"@type":"ListItem","position":1,"name":"Home","item":"https:\/\/www.cuballama.com\/noticias\/"},{"@type":"ListItem","position":2,"name":"Alessandro Di Battista permanece hospitalizado en Cuba; m\u00e9dicos italianos lo declaran \u00abno transferible\u00bb por ahora"}]},{"@type":"WebSite","@id":"https:\/\/www.cuballama.com\/noticias\/#website","url":"https:\/\/www.cuballama.com\/noticias\/","name":"Cuballama Noticias","description":"Medio digital sobre Cuba y el mundo","publisher":{"@id":"https:\/\/www.cuballama.com\/noticias\/#organization"},"potentialAction":[{"@type":"SearchAction","target":{"@type":"EntryPoint","urlTemplate":"https:\/\/www.cuballama.com\/noticias\/?s={search_term_string}"},"query-input":{"@type":"PropertyValueSpecification","valueRequired":true,"valueName":"search_term_string"}}],"inLanguage":"es"},{"@type":"Organization","@id":"https:\/\/www.cuballama.com\/noticias\/#organization","name":"Cuballama","url":"https:\/\/www.cuballama.com\/noticias\/","logo":{"@type":"ImageObject","inLanguage":"es","@id":"https:\/\/www.cuballama.com\/noticias\/#\/schema\/logo\/image\/","url":"https:\/\/cdn1.mediawpaccore.net\/wp-content\/uploads\/2021\/12\/28171206\/cbll-logo-color-sm.png","contentUrl":"https:\/\/cdn1.mediawpaccore.net\/wp-content\/uploads\/2021\/12\/28171206\/cbll-logo-color-sm.png","width":600,"height":133,"caption":"Cuballama"},"image":{"@id":"https:\/\/www.cuballama.com\/noticias\/#\/schema\/logo\/image\/"},"sameAs":["https:\/\/www.facebook.com\/CubaLlama","https:\/\/x.com\/cuballama","https:\/\/www.instagram.com\/stories\/cuballama_oficial\/","https:\/\/www.youtube.com\/channel\/UCKkFE-d_axENGZcrc4as0IA"]},{"@type":"Person","@id":"https:\/\/www.cuballama.com\/noticias\/#\/schema\/person\/a58502ed4146c8e9f83872e897c76cd2","name":"Roberto A.","description":"Roberto A. Periodista por decisi\u00f3n propia. Interesado en cualquier tema que me apasione y cada vez m\u00e1s comprometido con la verdad y la objetividad period\u00edstica. Graduado en La Habana hace ya muchos a\u00f1os, luego de una accidentada y polvorienta b\u00fasqueda de informaci\u00f3n sobre un tema in\u00e9dito. La Tesis, por cierto, desapareci\u00f3 de la biblioteca y no se conservan copias de la misma.","url":"https:\/\/www.cuballama.com\/noticias\/author\/roberto\/"}]}},"_links":{"self":[{"href":"https:\/\/www.cuballama.com\/noticias\/wp-json\/wp\/v2\/posts\/255535","targetHints":{"allow":["GET"]}}],"collection":[{"href":"https:\/\/www.cuballama.com\/noticias\/wp-json\/wp\/v2\/posts"}],"about":[{"href":"https:\/\/www.cuballama.com\/noticias\/wp-json\/wp\/v2\/types\/post"}],"author":[{"embeddable":true,"href":"https:\/\/www.cuballama.com\/noticias\/wp-json\/wp\/v2\/users\/13"}],"replies":[{"embeddable":true,"href":"https:\/\/www.cuballama.com\/noticias\/wp-json\/wp\/v2\/comments?post=255535"}],"version-history":[{"count":2,"href":"https:\/\/www.cuballama.com\/noticias\/wp-json\/wp\/v2\/posts\/255535\/revisions"}],"predecessor-version":[{"id":255617,"href":"https:\/\/www.cuballama.com\/noticias\/wp-json\/wp\/v2\/posts\/255535\/revisions\/255617"}],"wp:featuredmedia":[{"embeddable":true,"href":"https:\/\/www.cuballama.com\/noticias\/wp-json\/wp\/v2\/media\/255616"}],"wp:attachment":[{"href":"https:\/\/www.cuballama.com\/noticias\/wp-json\/wp\/v2\/media?parent=255535"}],"wp:term":[{"taxonomy":"category","embeddable":true,"href":"https:\/\/www.cuballama.com\/noticias\/wp-json\/wp\/v2\/categories?post=255535"},{"taxonomy":"post_tag","embeddable":true,"href":"https:\/\/www.cuballama.com\/noticias\/wp-json\/wp\/v2\/tags?post=255535"}],"curies":[{"name":"wp","href":"https:\/\/api.w.org\/{rel}","templated":true}]}}