{"id":255522,"date":"2026-09-06T10:27:02","date_gmt":"2026-09-06T14:27:02","guid":{"rendered":"https:\/\/www.cuballama.com\/noticias\/?p=255522"},"modified":"2026-09-06T10:27:18","modified_gmt":"2026-09-06T14:27:18","slug":"finalista-de-la-voz-es-arrestado-en-carolina-del-norte-en-medio-de-una-batalla-por-la-custodia-de-sus-hijos","status":"publish","type":"post","link":"https:\/\/www.cuballama.com\/noticias\/finalista-de-la-voz-es-arrestado-en-carolina-del-norte-en-medio-de-una-batalla-por-la-custodia-de-sus-hijos\/","title":{"rendered":"Finalista de \u00abLa Voz\u00bb es arrestado en Carolina del Norte en medio de una batalla por la custodia de sus hijos"},"content":{"rendered":"\n<h2 class=\"wp-block-heading\">Josh Sanders, subcampe\u00f3n de \u00abThe Voice\u00bb, arrestado por \u00f3rdenes pendientes mientras pelea la custodia de sus tres hijos. El pastor y cantante, subcampe\u00f3n de la temporada 25 de \u00abThe Voice\u00bb, fue detenido por la polic\u00eda de Kannapolis mientras enfrenta acusaciones cruzadas con su esposa separada, Kendra, por la custodia de sus tres hijos.<\/h2>\n\n\n\n<p class=\"wp-block-paragraph\">Josh Sanders, quien alcanz\u00f3 notoriedad como subcampe\u00f3n de la temporada 25 de \u00abThe Voice\u00bb en febrero de 2024 bajo la tutela de la entrenadora Reba McEntire, fue arrestado por \u00f3rdenes de arresto pendientes. El incidente se produce en medio de una disputa legal por la custodia de sus tres hijos con su esposa separada, Kendra, de quien vive apartado desde enero de 2026.<\/p>\n\n\n\n<p class=\"wp-block-paragraph\">El arresto de Sanders tuvo lugar el 30 de agosto de 2026 en Kannapolis, Carolina del Norte, cuando fue detenido por el Departamento de Polic\u00eda local. Seg\u00fan TMZ, las \u00f3rdenes de arresto estaban relacionadas con violaciones de tr\u00e1fico y un cargo que alega que obstruy\u00f3 a un oficial de polic\u00eda. Tras su detenci\u00f3n, Sanders fue encarcelado en la c\u00e1rcel del condado de Cabarrus, donde permaneci\u00f3 mientras se resolv\u00edan los tr\u00e1mites legales en su contra.<\/p>\n\n\n\n<p class=\"wp-block-paragraph\">Adem\u00e1s de su carrera musical, Sanders es pastor fundador de la iglesia Living Grace Church, que dirige desde 2018, lo que ha a\u00f1adido un componente adicional de atenci\u00f3n p\u00fablica a su arresto dentro de su comunidad religiosa.<\/p>\n\n\n\n<h2 class=\"wp-block-heading\">Contexto de la batalla por la custodia <\/h2>\n\n\n\n<p class=\"wp-block-paragraph\">La disputa por la custodia entre Sanders y Kendra ha sido particularmente tensa. Seg\u00fan reportes de TMZ y RealityTea, Kendra ha acusado al cantante de comportamiento violento frente a los ni\u00f1os y de conducir bajo los efectos del alcohol, mientras que Sanders, por su parte, ha acusado a su esposa separada de alienaci\u00f3n parental. Ninguna de las dos partes ha presentado, hasta el momento, evidencia p\u00fablica que respalde por completo sus respectivas acusaciones, y el caso contin\u00faa activo en los tribunales de Carolina del Norte.<\/p>\n\n\n\n<p class=\"wp-block-paragraph\">Desde su participaci\u00f3n en \u00abThe Voice\u00bb, Sanders ha continuado desarrollando su carrera musical y su labor pastoral. Sin embargo, el arresto, sumado a la disputa de custodia que se extiende desde comienzos de 2026, podr\u00eda tener repercusiones tanto en su trayectoria art\u00edstica como en la resoluci\u00f3n del proceso legal por sus hijos. Sus seguidores en redes sociales se han dividido entre mensajes de apoyo y preocupaci\u00f3n por el bienestar de los menores involucrados.<\/p>\n\n\n\n<p class=\"wp-block-paragraph\">Sanders hab\u00eda ganado notoriedad nacional durante su paso por \u00abThe Voice\u00bb en 2024, donde su interpretaci\u00f3n de temas gospel y de m\u00fasica cristiana contempor\u00e1nea bajo la gu\u00eda de Reba McEntire lo llev\u00f3 hasta la final del programa. Esa exposici\u00f3n medi\u00e1tica le permiti\u00f3 combinar su carrera musical con su labor al frente de Living Grace Church, una congregaci\u00f3n que ha crecido en los \u00faltimos a\u00f1os y que ahora enfrenta, junto a \u00e9l, la atenci\u00f3n p\u00fablica generada por su arresto y por los detalles de su disputa familiar.<\/p>\n\n\n\n<p class=\"wp-block-paragraph\">[FUENTES]<\/p>\n\n\n\n<ul class=\"wp-block-list\">\n<li>TMZ, \u00ab&#8216;The Voice&#8217; Finalist Josh Sanders Arrested on Outstanding Warrants, Amid Custody Battle\u00bb, <a href=\"https:\/\/www.tmz.com\/2026\/08\/30\/josh-sanders-arrested\/\" target=\"_blank\" rel=\"noreferrer noopener nofollow\">https:\/\/www.tmz.com\/2026\/08\/30\/josh-sanders-arrested\/<\/a><\/li>\n\n\n\n<li>Hoodline, \u00abKannapolis Pastor and Voice Runner-Up Josh Sanders Arrested Amid Custody Fight\u00bb, <a href=\"https:\/\/hoodline.com\/2026\/08\/kannapolis-pastor-and-voice-runner-up-josh-sanders-arrested-amid-custody-fight\/\" target=\"_blank\" rel=\"noreferrer noopener nofollow\">https:\/\/hoodline.com\/2026\/08\/kannapolis-pastor-and-voice-runner-up-josh-sanders-arrested-amid-custody-fight\/<\/a><\/li>\n\n\n\n<li>TMZ, \u00ab&#8216;The Voice&#8217; Finalist Josh Sanders Locked In Nasty Custody Battle With Estranged Wife\u00bb, <a href=\"https:\/\/www.tmz.com\/2026\/06\/22\/josh-sanders-custody-battle\/\" target=\"_blank\" rel=\"noreferrer noopener nofollow\">https:\/\/www.tmz.com\/2026\/06\/22\/josh-sanders-custody-battle\/<\/a><\/li>\n\n\n\n<li>RealityTea, \u00abThe Voice Star Josh Sanders&#8217; Custody Battle Takes a New Turn With Latest Court Filing\u00bb, <a href=\"https:\/\/www.realitytea.com\/2026\/06\/22\/the-voice-josh-sanders-custody-battle-court-filing\/\" target=\"_blank\" rel=\"noreferrer noopener nofollow\">https:\/\/www.realitytea.com\/2026\/06\/22\/the-voice-josh-sanders-custody-battle-court-filing\/<\/a><\/li>\n<\/ul>\n","protected":false},"excerpt":{"rendered":"<p>Josh Sanders, conocido por haber sido subcampe\u00f3n en \u00abThe Voice\u00bb, fue arrestado por \u00f3rdenes de arresto pendientes mientras enfrenta una batalla legal por la custodia de sus tres hijos con su esposa separada, Kendra.<\/p>\n","protected":false},"author":13,"featured_media":255609,"comment_status":"open","ping_status":"closed","sticky":false,"template":"","format":"standard","meta":{"_acf_changed":false,"footnotes":""},"categories":[443,18,953],"tags":[4220,1568,30542,268,37786,37787,20455,13148],"class_list":["post-255522","post","type-post","status-publish","format-standard","has-post-thumbnail","category-farandula","category-noticias","category-usa","tag-arresto","tag-celebridades","tag-custodia","tag-farandula","tag-josh-sanders","tag-kannapolis","tag-kendra","tag-the-voice"],"acf":[],"yoast_head":"<!-- This site is optimized with the Yoast SEO plugin v28.3 - https:\/\/yoast.com\/product\/yoast-seo-wordpress\/ -->\n<title>Josh Sanders, finalista de &quot;The Voice&quot;, es arrestado en USA - Cuballama Noticias<\/title>\n<meta name=\"description\" content=\"Josh Sanders, subcampe\u00f3n de &quot;The Voice&quot;, fue arrestado por \u00f3rdenes pendientes en Carolina del Norte en disputa de custodia con su ex esposa\" \/>\n<meta name=\"robots\" content=\"index, follow, max-snippet:-1, max-image-preview:large, max-video-preview:-1\" \/>\n<link rel=\"canonical\" href=\"https:\/\/www.cuballama.com\/noticias\/finalista-de-la-voz-es-arrestado-en-carolina-del-norte-en-medio-de-una-batalla-por-la-custodia-de-sus-hijos\/\" \/>\n<meta property=\"og:locale\" content=\"es_ES\" \/>\n<meta property=\"og:type\" content=\"article\" \/>\n<meta property=\"og:title\" content=\"Josh Sanders, finalista de &quot;The Voice&quot;, es arrestado en USA - Cuballama Noticias\" \/>\n<meta property=\"og:description\" content=\"Josh Sanders, subcampe\u00f3n de &quot;The Voice&quot;, fue arrestado por \u00f3rdenes pendientes en Carolina del Norte en disputa de custodia con su ex esposa\" \/>\n<meta property=\"og:url\" content=\"https:\/\/www.cuballama.com\/noticias\/finalista-de-la-voz-es-arrestado-en-carolina-del-norte-en-medio-de-una-batalla-por-la-custodia-de-sus-hijos\/\" \/>\n<meta property=\"og:site_name\" content=\"Cuballama Noticias\" \/>\n<meta property=\"article:publisher\" content=\"https:\/\/www.facebook.com\/CubaLlama\" \/>\n<meta property=\"article:published_time\" content=\"2026-09-06T14:27:02+00:00\" \/>\n<meta property=\"article:modified_time\" content=\"2026-09-06T14:27:18+00:00\" \/>\n<meta property=\"og:image\" content=\"https:\/\/cdn1.mediawpaccore.net\/wp-content\/uploads\/2026\/08\/31115159\/image-171.png\" \/>\n\t<meta property=\"og:image:width\" content=\"1020\" \/>\n\t<meta property=\"og:image:height\" content=\"526\" \/>\n\t<meta property=\"og:image:type\" content=\"image\/png\" \/>\n<meta name=\"author\" content=\"Roberto A.\" \/>\n<meta name=\"twitter:card\" content=\"summary_large_image\" \/>\n<meta name=\"twitter:creator\" content=\"@cuballama\" \/>\n<meta name=\"twitter:site\" content=\"@cuballama\" \/>\n<meta name=\"twitter:label1\" content=\"Escrito por\" \/>\n\t<meta name=\"twitter:data1\" content=\"Roberto A.\" \/>\n\t<meta name=\"twitter:label2\" content=\"Tiempo de lectura\" \/>\n\t<meta name=\"twitter:data2\" content=\"3 minutos\" \/>\n<script type=\"application\/ld+json\" class=\"yoast-schema-graph\">{\"@context\":\"https:\\\/\\\/schema.org\",\"@graph\":[{\"@type\":\"Article\",\"@id\":\"https:\\\/\\\/www.cuballama.com\\\/noticias\\\/finalista-de-la-voz-es-arrestado-en-carolina-del-norte-en-medio-de-una-batalla-por-la-custodia-de-sus-hijos\\\/#article\",\"isPartOf\":{\"@id\":\"https:\\\/\\\/www.cuballama.com\\\/noticias\\\/finalista-de-la-voz-es-arrestado-en-carolina-del-norte-en-medio-de-una-batalla-por-la-custodia-de-sus-hijos\\\/\"},\"author\":{\"name\":\"Roberto A.\",\"@id\":\"https:\\\/\\\/www.cuballama.com\\\/noticias\\\/#\\\/schema\\\/person\\\/a58502ed4146c8e9f83872e897c76cd2\"},\"headline\":\"Finalista de \u00abLa Voz\u00bb es arrestado en Carolina del Norte en medio de una batalla por la custodia de sus hijos\",\"datePublished\":\"2026-09-06T14:27:02+00:00\",\"dateModified\":\"2026-09-06T14:27:18+00:00\",\"mainEntityOfPage\":{\"@id\":\"https:\\\/\\\/www.cuballama.com\\\/noticias\\\/finalista-de-la-voz-es-arrestado-en-carolina-del-norte-en-medio-de-una-batalla-por-la-custodia-de-sus-hijos\\\/\"},\"wordCount\":602,\"commentCount\":0,\"publisher\":{\"@id\":\"https:\\\/\\\/www.cuballama.com\\\/noticias\\\/#organization\"},\"image\":{\"@id\":\"https:\\\/\\\/www.cuballama.com\\\/noticias\\\/finalista-de-la-voz-es-arrestado-en-carolina-del-norte-en-medio-de-una-batalla-por-la-custodia-de-sus-hijos\\\/#primaryimage\"},\"thumbnailUrl\":\"https:\\\/\\\/cdn1.mediawpaccore.net\\\/wp-content\\\/uploads\\\/2026\\\/08\\\/31115159\\\/image-171.png\",\"keywords\":[\"arresto\",\"celebridades\",\"custodia\",\"Far\u00e1ndula\",\"Josh Sanders\",\"Kannapolis\",\"Kendra\",\"The Voice\"],\"articleSection\":[\"Far\u00e1ndula\",\"Noticias\",\"USA\"],\"inLanguage\":\"es\",\"potentialAction\":[{\"@type\":\"CommentAction\",\"name\":\"Comment\",\"target\":[\"https:\\\/\\\/www.cuballama.com\\\/noticias\\\/finalista-de-la-voz-es-arrestado-en-carolina-del-norte-en-medio-de-una-batalla-por-la-custodia-de-sus-hijos\\\/#respond\"]}]},{\"@type\":\"WebPage\",\"@id\":\"https:\\\/\\\/www.cuballama.com\\\/noticias\\\/finalista-de-la-voz-es-arrestado-en-carolina-del-norte-en-medio-de-una-batalla-por-la-custodia-de-sus-hijos\\\/\",\"url\":\"https:\\\/\\\/www.cuballama.com\\\/noticias\\\/finalista-de-la-voz-es-arrestado-en-carolina-del-norte-en-medio-de-una-batalla-por-la-custodia-de-sus-hijos\\\/\",\"name\":\"Josh Sanders, finalista de \\\"The Voice\\\", es arrestado en USA - Cuballama Noticias\",\"isPartOf\":{\"@id\":\"https:\\\/\\\/www.cuballama.com\\\/noticias\\\/#website\"},\"primaryImageOfPage\":{\"@id\":\"https:\\\/\\\/www.cuballama.com\\\/noticias\\\/finalista-de-la-voz-es-arrestado-en-carolina-del-norte-en-medio-de-una-batalla-por-la-custodia-de-sus-hijos\\\/#primaryimage\"},\"image\":{\"@id\":\"https:\\\/\\\/www.cuballama.com\\\/noticias\\\/finalista-de-la-voz-es-arrestado-en-carolina-del-norte-en-medio-de-una-batalla-por-la-custodia-de-sus-hijos\\\/#primaryimage\"},\"thumbnailUrl\":\"https:\\\/\\\/cdn1.mediawpaccore.net\\\/wp-content\\\/uploads\\\/2026\\\/08\\\/31115159\\\/image-171.png\",\"datePublished\":\"2026-09-06T14:27:02+00:00\",\"dateModified\":\"2026-09-06T14:27:18+00:00\",\"description\":\"Josh Sanders, subcampe\u00f3n de \\\"The Voice\\\", fue arrestado por \u00f3rdenes pendientes en Carolina del Norte en disputa de custodia con su ex esposa\",\"breadcrumb\":{\"@id\":\"https:\\\/\\\/www.cuballama.com\\\/noticias\\\/finalista-de-la-voz-es-arrestado-en-carolina-del-norte-en-medio-de-una-batalla-por-la-custodia-de-sus-hijos\\\/#breadcrumb\"},\"inLanguage\":\"es\",\"potentialAction\":[{\"@type\":\"ReadAction\",\"target\":[\"https:\\\/\\\/www.cuballama.com\\\/noticias\\\/finalista-de-la-voz-es-arrestado-en-carolina-del-norte-en-medio-de-una-batalla-por-la-custodia-de-sus-hijos\\\/\"]}]},{\"@type\":\"ImageObject\",\"inLanguage\":\"es\",\"@id\":\"https:\\\/\\\/www.cuballama.com\\\/noticias\\\/finalista-de-la-voz-es-arrestado-en-carolina-del-norte-en-medio-de-una-batalla-por-la-custodia-de-sus-hijos\\\/#primaryimage\",\"url\":\"https:\\\/\\\/cdn1.mediawpaccore.net\\\/wp-content\\\/uploads\\\/2026\\\/08\\\/31115159\\\/image-171.png\",\"contentUrl\":\"https:\\\/\\\/cdn1.mediawpaccore.net\\\/wp-content\\\/uploads\\\/2026\\\/08\\\/31115159\\\/image-171.png\",\"width\":1020,\"height\":526,\"caption\":\"Foto: Generada por la IA\"},{\"@type\":\"BreadcrumbList\",\"@id\":\"https:\\\/\\\/www.cuballama.com\\\/noticias\\\/finalista-de-la-voz-es-arrestado-en-carolina-del-norte-en-medio-de-una-batalla-por-la-custodia-de-sus-hijos\\\/#breadcrumb\",\"itemListElement\":[{\"@type\":\"ListItem\",\"position\":1,\"name\":\"Home\",\"item\":\"https:\\\/\\\/www.cuballama.com\\\/noticias\\\/\"},{\"@type\":\"ListItem\",\"position\":2,\"name\":\"Finalista de \u00abLa Voz\u00bb es arrestado en Carolina del Norte en medio de una batalla por la custodia de sus hijos\"}]},{\"@type\":\"WebSite\",\"@id\":\"https:\\\/\\\/www.cuballama.com\\\/noticias\\\/#website\",\"url\":\"https:\\\/\\\/www.cuballama.com\\\/noticias\\\/\",\"name\":\"Cuballama Noticias\",\"description\":\"Medio digital sobre Cuba y el mundo\",\"publisher\":{\"@id\":\"https:\\\/\\\/www.cuballama.com\\\/noticias\\\/#organization\"},\"potentialAction\":[{\"@type\":\"SearchAction\",\"target\":{\"@type\":\"EntryPoint\",\"urlTemplate\":\"https:\\\/\\\/www.cuballama.com\\\/noticias\\\/?s={search_term_string}\"},\"query-input\":{\"@type\":\"PropertyValueSpecification\",\"valueRequired\":true,\"valueName\":\"search_term_string\"}}],\"inLanguage\":\"es\"},{\"@type\":\"Organization\",\"@id\":\"https:\\\/\\\/www.cuballama.com\\\/noticias\\\/#organization\",\"name\":\"Cuballama\",\"url\":\"https:\\\/\\\/www.cuballama.com\\\/noticias\\\/\",\"logo\":{\"@type\":\"ImageObject\",\"inLanguage\":\"es\",\"@id\":\"https:\\\/\\\/www.cuballama.com\\\/noticias\\\/#\\\/schema\\\/logo\\\/image\\\/\",\"url\":\"https:\\\/\\\/cdn1.mediawpaccore.net\\\/wp-content\\\/uploads\\\/2021\\\/12\\\/28171206\\\/cbll-logo-color-sm.png\",\"contentUrl\":\"https:\\\/\\\/cdn1.mediawpaccore.net\\\/wp-content\\\/uploads\\\/2021\\\/12\\\/28171206\\\/cbll-logo-color-sm.png\",\"width\":600,\"height\":133,\"caption\":\"Cuballama\"},\"image\":{\"@id\":\"https:\\\/\\\/www.cuballama.com\\\/noticias\\\/#\\\/schema\\\/logo\\\/image\\\/\"},\"sameAs\":[\"https:\\\/\\\/www.facebook.com\\\/CubaLlama\",\"https:\\\/\\\/x.com\\\/cuballama\",\"https:\\\/\\\/www.instagram.com\\\/stories\\\/cuballama_oficial\\\/\",\"https:\\\/\\\/www.youtube.com\\\/channel\\\/UCKkFE-d_axENGZcrc4as0IA\"]},{\"@type\":\"Person\",\"@id\":\"https:\\\/\\\/www.cuballama.com\\\/noticias\\\/#\\\/schema\\\/person\\\/a58502ed4146c8e9f83872e897c76cd2\",\"name\":\"Roberto A.\",\"description\":\"Roberto A. Periodista por decisi\u00f3n propia. Interesado en cualquier tema que me apasione y cada vez m\u00e1s comprometido con la verdad y la objetividad period\u00edstica. Graduado en La Habana hace ya muchos a\u00f1os, luego de una accidentada y polvorienta b\u00fasqueda de informaci\u00f3n sobre un tema in\u00e9dito. La Tesis, por cierto, desapareci\u00f3 de la biblioteca y no se conservan copias de la misma.\",\"url\":\"https:\\\/\\\/www.cuballama.com\\\/noticias\\\/author\\\/roberto\\\/\"}]}<\/script>\n<!-- \/ Yoast SEO plugin. -->","yoast_head_json":{"title":"Josh Sanders, finalista de \"The Voice\", es arrestado en USA - Cuballama Noticias","description":"Josh Sanders, subcampe\u00f3n de \"The Voice\", fue arrestado por \u00f3rdenes pendientes en Carolina del Norte en disputa de custodia con su ex esposa","robots":{"index":"index","follow":"follow","max-snippet":"max-snippet:-1","max-image-preview":"max-image-preview:large","max-video-preview":"max-video-preview:-1"},"canonical":"https:\/\/www.cuballama.com\/noticias\/finalista-de-la-voz-es-arrestado-en-carolina-del-norte-en-medio-de-una-batalla-por-la-custodia-de-sus-hijos\/","og_locale":"es_ES","og_type":"article","og_title":"Josh Sanders, finalista de \"The Voice\", es arrestado en USA - Cuballama Noticias","og_description":"Josh Sanders, subcampe\u00f3n de \"The Voice\", fue arrestado por \u00f3rdenes pendientes en Carolina del Norte en disputa de custodia con su ex esposa","og_url":"https:\/\/www.cuballama.com\/noticias\/finalista-de-la-voz-es-arrestado-en-carolina-del-norte-en-medio-de-una-batalla-por-la-custodia-de-sus-hijos\/","og_site_name":"Cuballama Noticias","article_publisher":"https:\/\/www.facebook.com\/CubaLlama","article_published_time":"2026-09-06T14:27:02+00:00","article_modified_time":"2026-09-06T14:27:18+00:00","og_image":[{"width":1020,"height":526,"url":"https:\/\/cdn1.mediawpaccore.net\/wp-content\/uploads\/2026\/08\/31115159\/image-171.png","type":"image\/png"}],"author":"Roberto A.","twitter_card":"summary_large_image","twitter_creator":"@cuballama","twitter_site":"@cuballama","twitter_misc":{"Escrito por":"Roberto A.","Tiempo de lectura":"3 minutos"},"schema":{"@context":"https:\/\/schema.org","@graph":[{"@type":"Article","@id":"https:\/\/www.cuballama.com\/noticias\/finalista-de-la-voz-es-arrestado-en-carolina-del-norte-en-medio-de-una-batalla-por-la-custodia-de-sus-hijos\/#article","isPartOf":{"@id":"https:\/\/www.cuballama.com\/noticias\/finalista-de-la-voz-es-arrestado-en-carolina-del-norte-en-medio-de-una-batalla-por-la-custodia-de-sus-hijos\/"},"author":{"name":"Roberto A.","@id":"https:\/\/www.cuballama.com\/noticias\/#\/schema\/person\/a58502ed4146c8e9f83872e897c76cd2"},"headline":"Finalista de \u00abLa Voz\u00bb es arrestado en Carolina del Norte en medio de una batalla por la custodia de sus hijos","datePublished":"2026-09-06T14:27:02+00:00","dateModified":"2026-09-06T14:27:18+00:00","mainEntityOfPage":{"@id":"https:\/\/www.cuballama.com\/noticias\/finalista-de-la-voz-es-arrestado-en-carolina-del-norte-en-medio-de-una-batalla-por-la-custodia-de-sus-hijos\/"},"wordCount":602,"commentCount":0,"publisher":{"@id":"https:\/\/www.cuballama.com\/noticias\/#organization"},"image":{"@id":"https:\/\/www.cuballama.com\/noticias\/finalista-de-la-voz-es-arrestado-en-carolina-del-norte-en-medio-de-una-batalla-por-la-custodia-de-sus-hijos\/#primaryimage"},"thumbnailUrl":"https:\/\/cdn1.mediawpaccore.net\/wp-content\/uploads\/2026\/08\/31115159\/image-171.png","keywords":["arresto","celebridades","custodia","Far\u00e1ndula","Josh Sanders","Kannapolis","Kendra","The Voice"],"articleSection":["Far\u00e1ndula","Noticias","USA"],"inLanguage":"es","potentialAction":[{"@type":"CommentAction","name":"Comment","target":["https:\/\/www.cuballama.com\/noticias\/finalista-de-la-voz-es-arrestado-en-carolina-del-norte-en-medio-de-una-batalla-por-la-custodia-de-sus-hijos\/#respond"]}]},{"@type":"WebPage","@id":"https:\/\/www.cuballama.com\/noticias\/finalista-de-la-voz-es-arrestado-en-carolina-del-norte-en-medio-de-una-batalla-por-la-custodia-de-sus-hijos\/","url":"https:\/\/www.cuballama.com\/noticias\/finalista-de-la-voz-es-arrestado-en-carolina-del-norte-en-medio-de-una-batalla-por-la-custodia-de-sus-hijos\/","name":"Josh Sanders, finalista de \"The Voice\", es arrestado en USA - Cuballama Noticias","isPartOf":{"@id":"https:\/\/www.cuballama.com\/noticias\/#website"},"primaryImageOfPage":{"@id":"https:\/\/www.cuballama.com\/noticias\/finalista-de-la-voz-es-arrestado-en-carolina-del-norte-en-medio-de-una-batalla-por-la-custodia-de-sus-hijos\/#primaryimage"},"image":{"@id":"https:\/\/www.cuballama.com\/noticias\/finalista-de-la-voz-es-arrestado-en-carolina-del-norte-en-medio-de-una-batalla-por-la-custodia-de-sus-hijos\/#primaryimage"},"thumbnailUrl":"https:\/\/cdn1.mediawpaccore.net\/wp-content\/uploads\/2026\/08\/31115159\/image-171.png","datePublished":"2026-09-06T14:27:02+00:00","dateModified":"2026-09-06T14:27:18+00:00","description":"Josh Sanders, subcampe\u00f3n de \"The Voice\", fue arrestado por \u00f3rdenes pendientes en Carolina del Norte en disputa de custodia con su ex esposa","breadcrumb":{"@id":"https:\/\/www.cuballama.com\/noticias\/finalista-de-la-voz-es-arrestado-en-carolina-del-norte-en-medio-de-una-batalla-por-la-custodia-de-sus-hijos\/#breadcrumb"},"inLanguage":"es","potentialAction":[{"@type":"ReadAction","target":["https:\/\/www.cuballama.com\/noticias\/finalista-de-la-voz-es-arrestado-en-carolina-del-norte-en-medio-de-una-batalla-por-la-custodia-de-sus-hijos\/"]}]},{"@type":"ImageObject","inLanguage":"es","@id":"https:\/\/www.cuballama.com\/noticias\/finalista-de-la-voz-es-arrestado-en-carolina-del-norte-en-medio-de-una-batalla-por-la-custodia-de-sus-hijos\/#primaryimage","url":"https:\/\/cdn1.mediawpaccore.net\/wp-content\/uploads\/2026\/08\/31115159\/image-171.png","contentUrl":"https:\/\/cdn1.mediawpaccore.net\/wp-content\/uploads\/2026\/08\/31115159\/image-171.png","width":1020,"height":526,"caption":"Foto: Generada por la IA"},{"@type":"BreadcrumbList","@id":"https:\/\/www.cuballama.com\/noticias\/finalista-de-la-voz-es-arrestado-en-carolina-del-norte-en-medio-de-una-batalla-por-la-custodia-de-sus-hijos\/#breadcrumb","itemListElement":[{"@type":"ListItem","position":1,"name":"Home","item":"https:\/\/www.cuballama.com\/noticias\/"},{"@type":"ListItem","position":2,"name":"Finalista de \u00abLa Voz\u00bb es arrestado en Carolina del Norte en medio de una batalla por la custodia de sus hijos"}]},{"@type":"WebSite","@id":"https:\/\/www.cuballama.com\/noticias\/#website","url":"https:\/\/www.cuballama.com\/noticias\/","name":"Cuballama Noticias","description":"Medio digital sobre Cuba y el mundo","publisher":{"@id":"https:\/\/www.cuballama.com\/noticias\/#organization"},"potentialAction":[{"@type":"SearchAction","target":{"@type":"EntryPoint","urlTemplate":"https:\/\/www.cuballama.com\/noticias\/?s={search_term_string}"},"query-input":{"@type":"PropertyValueSpecification","valueRequired":true,"valueName":"search_term_string"}}],"inLanguage":"es"},{"@type":"Organization","@id":"https:\/\/www.cuballama.com\/noticias\/#organization","name":"Cuballama","url":"https:\/\/www.cuballama.com\/noticias\/","logo":{"@type":"ImageObject","inLanguage":"es","@id":"https:\/\/www.cuballama.com\/noticias\/#\/schema\/logo\/image\/","url":"https:\/\/cdn1.mediawpaccore.net\/wp-content\/uploads\/2021\/12\/28171206\/cbll-logo-color-sm.png","contentUrl":"https:\/\/cdn1.mediawpaccore.net\/wp-content\/uploads\/2021\/12\/28171206\/cbll-logo-color-sm.png","width":600,"height":133,"caption":"Cuballama"},"image":{"@id":"https:\/\/www.cuballama.com\/noticias\/#\/schema\/logo\/image\/"},"sameAs":["https:\/\/www.facebook.com\/CubaLlama","https:\/\/x.com\/cuballama","https:\/\/www.instagram.com\/stories\/cuballama_oficial\/","https:\/\/www.youtube.com\/channel\/UCKkFE-d_axENGZcrc4as0IA"]},{"@type":"Person","@id":"https:\/\/www.cuballama.com\/noticias\/#\/schema\/person\/a58502ed4146c8e9f83872e897c76cd2","name":"Roberto A.","description":"Roberto A. Periodista por decisi\u00f3n propia. Interesado en cualquier tema que me apasione y cada vez m\u00e1s comprometido con la verdad y la objetividad period\u00edstica. Graduado en La Habana hace ya muchos a\u00f1os, luego de una accidentada y polvorienta b\u00fasqueda de informaci\u00f3n sobre un tema in\u00e9dito. La Tesis, por cierto, desapareci\u00f3 de la biblioteca y no se conservan copias de la misma.","url":"https:\/\/www.cuballama.com\/noticias\/author\/roberto\/"}]}},"_links":{"self":[{"href":"https:\/\/www.cuballama.com\/noticias\/wp-json\/wp\/v2\/posts\/255522","targetHints":{"allow":["GET"]}}],"collection":[{"href":"https:\/\/www.cuballama.com\/noticias\/wp-json\/wp\/v2\/posts"}],"about":[{"href":"https:\/\/www.cuballama.com\/noticias\/wp-json\/wp\/v2\/types\/post"}],"author":[{"embeddable":true,"href":"https:\/\/www.cuballama.com\/noticias\/wp-json\/wp\/v2\/users\/13"}],"replies":[{"embeddable":true,"href":"https:\/\/www.cuballama.com\/noticias\/wp-json\/wp\/v2\/comments?post=255522"}],"version-history":[{"count":3,"href":"https:\/\/www.cuballama.com\/noticias\/wp-json\/wp\/v2\/posts\/255522\/revisions"}],"predecessor-version":[{"id":255611,"href":"https:\/\/www.cuballama.com\/noticias\/wp-json\/wp\/v2\/posts\/255522\/revisions\/255611"}],"wp:featuredmedia":[{"embeddable":true,"href":"https:\/\/www.cuballama.com\/noticias\/wp-json\/wp\/v2\/media\/255609"}],"wp:attachment":[{"href":"https:\/\/www.cuballama.com\/noticias\/wp-json\/wp\/v2\/media?parent=255522"}],"wp:term":[{"taxonomy":"category","embeddable":true,"href":"https:\/\/www.cuballama.com\/noticias\/wp-json\/wp\/v2\/categories?post=255522"},{"taxonomy":"post_tag","embeddable":true,"href":"https:\/\/www.cuballama.com\/noticias\/wp-json\/wp\/v2\/tags?post=255522"}],"curies":[{"name":"wp","href":"https:\/\/api.w.org\/{rel}","templated":true}]}}