{"id":255518,"date":"2026-09-01T18:20:36","date_gmt":"2026-09-01T22:20:36","guid":{"rendered":"https:\/\/www.cuballama.com\/noticias\/?p=255518"},"modified":"2026-09-01T18:20:42","modified_gmt":"2026-09-01T22:20:42","slug":"shakira-defiende-la-latinidad-sobre-la-hispanidad-y-celebra-la-inmigracion-latina-en-espana","status":"publish","type":"post","link":"https:\/\/www.cuballama.com\/noticias\/shakira-defiende-la-latinidad-sobre-la-hispanidad-y-celebra-la-inmigracion-latina-en-espana\/","title":{"rendered":"Shakira defiende \u00abla latinidad\u00bb sobre la Hispanidad y celebra la inmigraci\u00f3n latina en Espa\u00f1a"},"content":{"rendered":"\n<h2 class=\"wp-block-heading\">Shakira, \u00abcon todo respeto\u00bb, responde a la pol\u00e9mica sobre la Hispanidad: \u00abNo juzgo con la mirada de hoy a los humanos de hace quinientos a\u00f1os\u00bb. <\/h2>\n\n\n\n<h2 class=\"wp-block-heading\">Desde una carta abierta en El Pa\u00eds, la cantante colombiana explica por qu\u00e9 eligi\u00f3 Madrid para su residencia europea y plantea hablar de \u00ablatinidad\u00bb en lugar de Hispanidad.<\/h2>\n\n\n\n<p class=\"wp-block-paragraph\">La cantante colombiana Shakira se pronunci\u00f3 sobre el debate en torno a la Hispanidad y la relaci\u00f3n entre Espa\u00f1a y Am\u00e9rica Latina, en una carta abierta publicada en el diario El Pa\u00eds bajo el t\u00edtulo \u00abEn Madrid somos todos latinos\u00bb. El texto acompa\u00f1a el anuncio de su residencia europea, que la artista instalar\u00e1 en Madrid con doce conciertos entre el 18 de septiembre y el 11 de octubre.<\/p>\n\n\n\n<h2 class=\"wp-block-heading\">\u00abHablemos de latinidad\u00bb<\/h2>\n\n\n\n<p class=\"wp-block-paragraph\">En su carta, Shakira propuso ampliar el concepto tradicional de Hispanidad. \u00abNo hablemos solo de hispanidad: hablemos de latinidad\u00bb, escribi\u00f3, argumentando que la definici\u00f3n convencional \u00abse queda corto\u00bb porque deja fuera a pa\u00edses como Brasil y a lenguas romances como el portugu\u00e9s, el italiano y el franc\u00e9s. La artista defendi\u00f3 una mirada m\u00e1s amplia sobre la identidad latinoamericana, que no se limite al legado espa\u00f1ol.<\/p>\n\n\n\n<p class=\"wp-block-paragraph\">Sobre el pasado colonial y las tensiones hist\u00f3ricas que suele reavivar la conversaci\u00f3n sobre la Hispanidad, Shakira pidi\u00f3 no aplicar los criterios actuales a hechos de hace cinco siglos: \u00abNo juzgo con la mirada de hoy a los humanos de hace quinientos a\u00f1os\u00bb, escribi\u00f3, para luego enfocarse en el presente: \u00abme quedo con lo que somos: una fusi\u00f3n que es nuestra riqueza.\u00bb<\/p>\n\n\n\n<h2 class=\"wp-block-heading\">Elogios a Espa\u00f1a por su relaci\u00f3n con la inmigraci\u00f3n latina<\/h2>\n\n\n\n<p class=\"wp-block-paragraph\">La cantante tambi\u00e9n dedic\u00f3 parte de su carta a destacar la manera en que, a su juicio, Espa\u00f1a ha recibido a la comunidad latinoamericana. \u00abLa inmigraci\u00f3n latina no es tolerada, es celebrada. Espa\u00f1a la ha abrazado\u00bb, afirm\u00f3, en una declaraci\u00f3n que fue replicada por medios como Infobae el 31 de agosto.<\/p>\n\n\n\n<h2 class=\"wp-block-heading\">Por qu\u00e9 eligi\u00f3 Madrid<\/h2>\n\n\n\n<p class=\"wp-block-paragraph\">Shakira explic\u00f3 que decidi\u00f3 instalar su residencia en Madrid porque la ciudad se ha consolidado como uno de los grandes destinos europeos para el turismo musical, un puente natural entre Europa y Am\u00e9rica Latina, y hogar de una numerosa comunidad latina con una conexi\u00f3n cultural privilegiada con la regi\u00f3n. Los doce conciertos, que se realizar\u00e1n en un recinto para 55,000 personas construido especialmente en el Iberdrola Music, en Villaverde, ya superan las 600,000 entradas vendidas y se estima que generar\u00e1n un impacto econ\u00f3mico de 150 millones de euros en hospedaje, restauraci\u00f3n, movilidad y ocio, seg\u00fan Forbes Espa\u00f1a.<\/p>\n\n\n\n<p class=\"wp-block-paragraph\">La residencia tambi\u00e9n incluir\u00e1 un proyecto adicional llamado \u00abMacondo Park\u00bb, que transformar\u00e1 el recinto en una \u00abciudad ef\u00edmera\u00bb de unos 150,000 metros cuadrados con espacios dedicados a m\u00fasica, arte, gastronom\u00eda, cine y literatura latina, en un intento de posicionar a Madrid como capital europea de la cultura latina durante las semanas de conciertos.<\/p>\n\n\n\n<p class=\"wp-block-paragraph\">[FUENTES]<\/p>\n\n\n\n<ul class=\"wp-block-list\">\n<li>El Pa\u00eds \/ Forbes Espa\u00f1a, \u00abCarta abierta de Shakira: &#8216;En Madrid todos somos latinos'\u00bb, <a href=\"https:\/\/forbes.es\/forbes-women\/1008030\/carta-abierta-de-shakira-en-madrid-todos-somos-latinos\/\" target=\"_blank\" rel=\"noreferrer noopener nofollow\">https:\/\/forbes.es\/forbes-women\/1008030\/carta-abierta-de-shakira-en-madrid-todos-somos-latinos\/<\/a><\/li>\n\n\n\n<li>Infobae, \u00abShakira, ante su residencia en Madrid: &#8216;La inmigraci\u00f3n latina es celebrada. Espa\u00f1a la ha abrazado'\u00bb, <a href=\"https:\/\/www.infobae.com\/america\/agencias\/2026\/08\/31\/shakira-ante-su-residencia-en-madrid-la-inmigracion-latina-es-celebrada-espana-la-ha-abrazado\/\" target=\"_blank\" rel=\"noreferrer noopener nofollow\">https:\/\/www.infobae.com\/america\/agencias\/2026\/08\/31\/shakira-ante-su-residencia-en-madrid-la-inmigracion-latina-es-celebrada-espana-la-ha-abrazado\/<\/a><\/li>\n\n\n\n<li>HuffPost Espa\u00f1a, \u00abShakira deja un recado &#8216;con todo respeto&#8217; a los que hablan de &#8216;Hispanidad'\u00bb, <a href=\"https:\/\/www.huffingtonpost.es\/virales\/shakira-deja-recado-con-respeto-hablan-hispanidad-no-juzgo-mirada-hoy-humanos-quinientosnos-f202608.html\" target=\"_blank\" rel=\"noreferrer noopener nofollow\">https:\/\/www.huffingtonpost.es\/virales\/shakira-deja-recado-con-respeto-hablan-hispanidad-no-juzgo-mirada-hoy-humanos-quinientosnos-f202608.html<\/a><\/li>\n<\/ul>\n","protected":false},"excerpt":{"rendered":"<p>En una carta abierta publicada en El Pa\u00eds, Shakira aborda el debate sobre la Hispanidad, defiende la inmigraci\u00f3n latina en Espa\u00f1a \u00abcon todo respeto\u00bb y explica por qu\u00e9 eligi\u00f3 Madrid como sede de su residencia europea.<\/p>\n","protected":false},"author":13,"featured_media":137597,"comment_status":"open","ping_status":"closed","sticky":false,"template":"","format":"standard","meta":{"_acf_changed":false,"footnotes":""},"categories":[443,18,957],"tags":[1304,1647,272,268,37789,37788,340,1369],"class_list":["post-255518","post","type-post","status-publish","format-standard","has-post-thumbnail","category-farandula","category-noticias","category-noticias-internacionales","tag-conciertos","tag-espana","tag-hispanidad","tag-inmigracion-latina","tag-madrid","tag-shakira"],"acf":[],"yoast_head":"<!-- This site is optimized with the Yoast SEO plugin v28.3 - https:\/\/yoast.com\/product\/yoast-seo-wordpress\/ -->\n<title>Shakira defiende &quot;la latinidad&quot; sobre la Hispanidad y celebra la inmigraci\u00f3n latina en Espa\u00f1a - Cuballama Noticias<\/title>\n<meta name=\"description\" content=\"Shakira responde a la pol\u00e9mica sobre la Hispanidad, propone hablar de &quot;latinidad&quot; y explica por qu\u00e9 eligi\u00f3 Madrid para su residencia de 12 conciertos.\" \/>\n<meta name=\"robots\" content=\"index, follow, max-snippet:-1, max-image-preview:large, max-video-preview:-1\" \/>\n<link rel=\"canonical\" href=\"https:\/\/www.cuballama.com\/noticias\/shakira-defiende-la-latinidad-sobre-la-hispanidad-y-celebra-la-inmigracion-latina-en-espana\/\" \/>\n<meta property=\"og:locale\" content=\"es_ES\" \/>\n<meta property=\"og:type\" content=\"article\" \/>\n<meta property=\"og:title\" content=\"Shakira defiende &quot;la latinidad&quot; sobre la Hispanidad y celebra la inmigraci\u00f3n latina en Espa\u00f1a - Cuballama Noticias\" \/>\n<meta property=\"og:description\" content=\"Shakira responde a la pol\u00e9mica sobre la Hispanidad, propone hablar de &quot;latinidad&quot; y explica por qu\u00e9 eligi\u00f3 Madrid para su residencia de 12 conciertos.\" \/>\n<meta property=\"og:url\" content=\"https:\/\/www.cuballama.com\/noticias\/shakira-defiende-la-latinidad-sobre-la-hispanidad-y-celebra-la-inmigracion-latina-en-espana\/\" \/>\n<meta property=\"og:site_name\" content=\"Cuballama Noticias\" \/>\n<meta property=\"article:publisher\" content=\"https:\/\/www.facebook.com\/CubaLlama\" \/>\n<meta property=\"article:published_time\" content=\"2026-09-01T22:20:36+00:00\" \/>\n<meta property=\"article:modified_time\" content=\"2026-09-01T22:20:42+00:00\" \/>\n<meta property=\"og:image\" content=\"https:\/\/cdn1.mediawpaccore.net\/wp-content\/uploads\/2023\/09\/13144023\/shutterstock_125735990.jpg\" \/>\n\t<meta property=\"og:image:width\" content=\"1000\" \/>\n\t<meta property=\"og:image:height\" content=\"667\" \/>\n\t<meta property=\"og:image:type\" content=\"image\/jpeg\" \/>\n<meta name=\"author\" content=\"Roberto A.\" \/>\n<meta name=\"twitter:card\" content=\"summary_large_image\" \/>\n<meta name=\"twitter:creator\" content=\"@cuballama\" \/>\n<meta name=\"twitter:site\" content=\"@cuballama\" \/>\n<meta name=\"twitter:label1\" content=\"Escrito por\" \/>\n\t<meta name=\"twitter:data1\" content=\"Roberto A.\" \/>\n\t<meta name=\"twitter:label2\" content=\"Tiempo de lectura\" \/>\n\t<meta name=\"twitter:data2\" content=\"3 minutos\" \/>\n<script type=\"application\/ld+json\" class=\"yoast-schema-graph\">{\"@context\":\"https:\\\/\\\/schema.org\",\"@graph\":[{\"@type\":\"Article\",\"@id\":\"https:\\\/\\\/www.cuballama.com\\\/noticias\\\/shakira-defiende-la-latinidad-sobre-la-hispanidad-y-celebra-la-inmigracion-latina-en-espana\\\/#article\",\"isPartOf\":{\"@id\":\"https:\\\/\\\/www.cuballama.com\\\/noticias\\\/shakira-defiende-la-latinidad-sobre-la-hispanidad-y-celebra-la-inmigracion-latina-en-espana\\\/\"},\"author\":{\"name\":\"Roberto A.\",\"@id\":\"https:\\\/\\\/www.cuballama.com\\\/noticias\\\/#\\\/schema\\\/person\\\/a58502ed4146c8e9f83872e897c76cd2\"},\"headline\":\"Shakira defiende \u00abla latinidad\u00bb sobre la Hispanidad y celebra la inmigraci\u00f3n latina en Espa\u00f1a\",\"datePublished\":\"2026-09-01T22:20:36+00:00\",\"dateModified\":\"2026-09-01T22:20:42+00:00\",\"mainEntityOfPage\":{\"@id\":\"https:\\\/\\\/www.cuballama.com\\\/noticias\\\/shakira-defiende-la-latinidad-sobre-la-hispanidad-y-celebra-la-inmigracion-latina-en-espana\\\/\"},\"wordCount\":584,\"commentCount\":0,\"publisher\":{\"@id\":\"https:\\\/\\\/www.cuballama.com\\\/noticias\\\/#organization\"},\"image\":{\"@id\":\"https:\\\/\\\/www.cuballama.com\\\/noticias\\\/shakira-defiende-la-latinidad-sobre-la-hispanidad-y-celebra-la-inmigracion-latina-en-espana\\\/#primaryimage\"},\"thumbnailUrl\":\"https:\\\/\\\/cdn1.mediawpaccore.net\\\/wp-content\\\/uploads\\\/2023\\\/09\\\/13144023\\\/shutterstock_125735990.jpg\",\"keywords\":[\"Conciertos\",\"El Pa\u00eds\",\"espa\u00f1a\",\"Far\u00e1ndula\",\"Hispanidad\",\"inmigraci\u00f3n latina\",\"Madrid\",\"Shakira\"],\"articleSection\":[\"Far\u00e1ndula\",\"Noticias\",\"Noticias Internacionales\"],\"inLanguage\":\"es\",\"potentialAction\":[{\"@type\":\"CommentAction\",\"name\":\"Comment\",\"target\":[\"https:\\\/\\\/www.cuballama.com\\\/noticias\\\/shakira-defiende-la-latinidad-sobre-la-hispanidad-y-celebra-la-inmigracion-latina-en-espana\\\/#respond\"]}]},{\"@type\":\"WebPage\",\"@id\":\"https:\\\/\\\/www.cuballama.com\\\/noticias\\\/shakira-defiende-la-latinidad-sobre-la-hispanidad-y-celebra-la-inmigracion-latina-en-espana\\\/\",\"url\":\"https:\\\/\\\/www.cuballama.com\\\/noticias\\\/shakira-defiende-la-latinidad-sobre-la-hispanidad-y-celebra-la-inmigracion-latina-en-espana\\\/\",\"name\":\"Shakira defiende \\\"la latinidad\\\" sobre la Hispanidad y celebra la inmigraci\u00f3n latina en Espa\u00f1a - Cuballama Noticias\",\"isPartOf\":{\"@id\":\"https:\\\/\\\/www.cuballama.com\\\/noticias\\\/#website\"},\"primaryImageOfPage\":{\"@id\":\"https:\\\/\\\/www.cuballama.com\\\/noticias\\\/shakira-defiende-la-latinidad-sobre-la-hispanidad-y-celebra-la-inmigracion-latina-en-espana\\\/#primaryimage\"},\"image\":{\"@id\":\"https:\\\/\\\/www.cuballama.com\\\/noticias\\\/shakira-defiende-la-latinidad-sobre-la-hispanidad-y-celebra-la-inmigracion-latina-en-espana\\\/#primaryimage\"},\"thumbnailUrl\":\"https:\\\/\\\/cdn1.mediawpaccore.net\\\/wp-content\\\/uploads\\\/2023\\\/09\\\/13144023\\\/shutterstock_125735990.jpg\",\"datePublished\":\"2026-09-01T22:20:36+00:00\",\"dateModified\":\"2026-09-01T22:20:42+00:00\",\"description\":\"Shakira responde a la pol\u00e9mica sobre la Hispanidad, propone hablar de \\\"latinidad\\\" y explica por qu\u00e9 eligi\u00f3 Madrid para su residencia de 12 conciertos.\",\"breadcrumb\":{\"@id\":\"https:\\\/\\\/www.cuballama.com\\\/noticias\\\/shakira-defiende-la-latinidad-sobre-la-hispanidad-y-celebra-la-inmigracion-latina-en-espana\\\/#breadcrumb\"},\"inLanguage\":\"es\",\"potentialAction\":[{\"@type\":\"ReadAction\",\"target\":[\"https:\\\/\\\/www.cuballama.com\\\/noticias\\\/shakira-defiende-la-latinidad-sobre-la-hispanidad-y-celebra-la-inmigracion-latina-en-espana\\\/\"]}]},{\"@type\":\"ImageObject\",\"inLanguage\":\"es\",\"@id\":\"https:\\\/\\\/www.cuballama.com\\\/noticias\\\/shakira-defiende-la-latinidad-sobre-la-hispanidad-y-celebra-la-inmigracion-latina-en-espana\\\/#primaryimage\",\"url\":\"https:\\\/\\\/cdn1.mediawpaccore.net\\\/wp-content\\\/uploads\\\/2023\\\/09\\\/13144023\\\/shutterstock_125735990.jpg\",\"contentUrl\":\"https:\\\/\\\/cdn1.mediawpaccore.net\\\/wp-content\\\/uploads\\\/2023\\\/09\\\/13144023\\\/shutterstock_125735990.jpg\",\"width\":1000,\"height\":667,\"caption\":\"Avis De Miranda \\\/ Shutterstock.com\"},{\"@type\":\"BreadcrumbList\",\"@id\":\"https:\\\/\\\/www.cuballama.com\\\/noticias\\\/shakira-defiende-la-latinidad-sobre-la-hispanidad-y-celebra-la-inmigracion-latina-en-espana\\\/#breadcrumb\",\"itemListElement\":[{\"@type\":\"ListItem\",\"position\":1,\"name\":\"Home\",\"item\":\"https:\\\/\\\/www.cuballama.com\\\/noticias\\\/\"},{\"@type\":\"ListItem\",\"position\":2,\"name\":\"Shakira defiende \u00abla latinidad\u00bb sobre la Hispanidad y celebra la inmigraci\u00f3n latina en Espa\u00f1a\"}]},{\"@type\":\"WebSite\",\"@id\":\"https:\\\/\\\/www.cuballama.com\\\/noticias\\\/#website\",\"url\":\"https:\\\/\\\/www.cuballama.com\\\/noticias\\\/\",\"name\":\"Cuballama Noticias\",\"description\":\"Medio digital sobre Cuba y el mundo\",\"publisher\":{\"@id\":\"https:\\\/\\\/www.cuballama.com\\\/noticias\\\/#organization\"},\"potentialAction\":[{\"@type\":\"SearchAction\",\"target\":{\"@type\":\"EntryPoint\",\"urlTemplate\":\"https:\\\/\\\/www.cuballama.com\\\/noticias\\\/?s={search_term_string}\"},\"query-input\":{\"@type\":\"PropertyValueSpecification\",\"valueRequired\":true,\"valueName\":\"search_term_string\"}}],\"inLanguage\":\"es\"},{\"@type\":\"Organization\",\"@id\":\"https:\\\/\\\/www.cuballama.com\\\/noticias\\\/#organization\",\"name\":\"Cuballama\",\"url\":\"https:\\\/\\\/www.cuballama.com\\\/noticias\\\/\",\"logo\":{\"@type\":\"ImageObject\",\"inLanguage\":\"es\",\"@id\":\"https:\\\/\\\/www.cuballama.com\\\/noticias\\\/#\\\/schema\\\/logo\\\/image\\\/\",\"url\":\"https:\\\/\\\/cdn1.mediawpaccore.net\\\/wp-content\\\/uploads\\\/2021\\\/12\\\/28171206\\\/cbll-logo-color-sm.png\",\"contentUrl\":\"https:\\\/\\\/cdn1.mediawpaccore.net\\\/wp-content\\\/uploads\\\/2021\\\/12\\\/28171206\\\/cbll-logo-color-sm.png\",\"width\":600,\"height\":133,\"caption\":\"Cuballama\"},\"image\":{\"@id\":\"https:\\\/\\\/www.cuballama.com\\\/noticias\\\/#\\\/schema\\\/logo\\\/image\\\/\"},\"sameAs\":[\"https:\\\/\\\/www.facebook.com\\\/CubaLlama\",\"https:\\\/\\\/x.com\\\/cuballama\",\"https:\\\/\\\/www.instagram.com\\\/stories\\\/cuballama_oficial\\\/\",\"https:\\\/\\\/www.youtube.com\\\/channel\\\/UCKkFE-d_axENGZcrc4as0IA\"]},{\"@type\":\"Person\",\"@id\":\"https:\\\/\\\/www.cuballama.com\\\/noticias\\\/#\\\/schema\\\/person\\\/a58502ed4146c8e9f83872e897c76cd2\",\"name\":\"Roberto A.\",\"description\":\"Roberto A. Periodista por decisi\u00f3n propia. Interesado en cualquier tema que me apasione y cada vez m\u00e1s comprometido con la verdad y la objetividad period\u00edstica. Graduado en La Habana hace ya muchos a\u00f1os, luego de una accidentada y polvorienta b\u00fasqueda de informaci\u00f3n sobre un tema in\u00e9dito. La Tesis, por cierto, desapareci\u00f3 de la biblioteca y no se conservan copias de la misma.\",\"url\":\"https:\\\/\\\/www.cuballama.com\\\/noticias\\\/author\\\/roberto\\\/\"}]}<\/script>\n<!-- \/ Yoast SEO plugin. -->","yoast_head_json":{"title":"Shakira defiende \"la latinidad\" sobre la Hispanidad y celebra la inmigraci\u00f3n latina en Espa\u00f1a - Cuballama Noticias","description":"Shakira responde a la pol\u00e9mica sobre la Hispanidad, propone hablar de \"latinidad\" y explica por qu\u00e9 eligi\u00f3 Madrid para su residencia de 12 conciertos.","robots":{"index":"index","follow":"follow","max-snippet":"max-snippet:-1","max-image-preview":"max-image-preview:large","max-video-preview":"max-video-preview:-1"},"canonical":"https:\/\/www.cuballama.com\/noticias\/shakira-defiende-la-latinidad-sobre-la-hispanidad-y-celebra-la-inmigracion-latina-en-espana\/","og_locale":"es_ES","og_type":"article","og_title":"Shakira defiende \"la latinidad\" sobre la Hispanidad y celebra la inmigraci\u00f3n latina en Espa\u00f1a - Cuballama Noticias","og_description":"Shakira responde a la pol\u00e9mica sobre la Hispanidad, propone hablar de \"latinidad\" y explica por qu\u00e9 eligi\u00f3 Madrid para su residencia de 12 conciertos.","og_url":"https:\/\/www.cuballama.com\/noticias\/shakira-defiende-la-latinidad-sobre-la-hispanidad-y-celebra-la-inmigracion-latina-en-espana\/","og_site_name":"Cuballama Noticias","article_publisher":"https:\/\/www.facebook.com\/CubaLlama","article_published_time":"2026-09-01T22:20:36+00:00","article_modified_time":"2026-09-01T22:20:42+00:00","og_image":[{"width":1000,"height":667,"url":"https:\/\/cdn1.mediawpaccore.net\/wp-content\/uploads\/2023\/09\/13144023\/shutterstock_125735990.jpg","type":"image\/jpeg"}],"author":"Roberto A.","twitter_card":"summary_large_image","twitter_creator":"@cuballama","twitter_site":"@cuballama","twitter_misc":{"Escrito por":"Roberto A.","Tiempo de lectura":"3 minutos"},"schema":{"@context":"https:\/\/schema.org","@graph":[{"@type":"Article","@id":"https:\/\/www.cuballama.com\/noticias\/shakira-defiende-la-latinidad-sobre-la-hispanidad-y-celebra-la-inmigracion-latina-en-espana\/#article","isPartOf":{"@id":"https:\/\/www.cuballama.com\/noticias\/shakira-defiende-la-latinidad-sobre-la-hispanidad-y-celebra-la-inmigracion-latina-en-espana\/"},"author":{"name":"Roberto A.","@id":"https:\/\/www.cuballama.com\/noticias\/#\/schema\/person\/a58502ed4146c8e9f83872e897c76cd2"},"headline":"Shakira defiende \u00abla latinidad\u00bb sobre la Hispanidad y celebra la inmigraci\u00f3n latina en Espa\u00f1a","datePublished":"2026-09-01T22:20:36+00:00","dateModified":"2026-09-01T22:20:42+00:00","mainEntityOfPage":{"@id":"https:\/\/www.cuballama.com\/noticias\/shakira-defiende-la-latinidad-sobre-la-hispanidad-y-celebra-la-inmigracion-latina-en-espana\/"},"wordCount":584,"commentCount":0,"publisher":{"@id":"https:\/\/www.cuballama.com\/noticias\/#organization"},"image":{"@id":"https:\/\/www.cuballama.com\/noticias\/shakira-defiende-la-latinidad-sobre-la-hispanidad-y-celebra-la-inmigracion-latina-en-espana\/#primaryimage"},"thumbnailUrl":"https:\/\/cdn1.mediawpaccore.net\/wp-content\/uploads\/2023\/09\/13144023\/shutterstock_125735990.jpg","keywords":["Conciertos","El Pa\u00eds","espa\u00f1a","Far\u00e1ndula","Hispanidad","inmigraci\u00f3n latina","Madrid","Shakira"],"articleSection":["Far\u00e1ndula","Noticias","Noticias Internacionales"],"inLanguage":"es","potentialAction":[{"@type":"CommentAction","name":"Comment","target":["https:\/\/www.cuballama.com\/noticias\/shakira-defiende-la-latinidad-sobre-la-hispanidad-y-celebra-la-inmigracion-latina-en-espana\/#respond"]}]},{"@type":"WebPage","@id":"https:\/\/www.cuballama.com\/noticias\/shakira-defiende-la-latinidad-sobre-la-hispanidad-y-celebra-la-inmigracion-latina-en-espana\/","url":"https:\/\/www.cuballama.com\/noticias\/shakira-defiende-la-latinidad-sobre-la-hispanidad-y-celebra-la-inmigracion-latina-en-espana\/","name":"Shakira defiende \"la latinidad\" sobre la Hispanidad y celebra la inmigraci\u00f3n latina en Espa\u00f1a - Cuballama Noticias","isPartOf":{"@id":"https:\/\/www.cuballama.com\/noticias\/#website"},"primaryImageOfPage":{"@id":"https:\/\/www.cuballama.com\/noticias\/shakira-defiende-la-latinidad-sobre-la-hispanidad-y-celebra-la-inmigracion-latina-en-espana\/#primaryimage"},"image":{"@id":"https:\/\/www.cuballama.com\/noticias\/shakira-defiende-la-latinidad-sobre-la-hispanidad-y-celebra-la-inmigracion-latina-en-espana\/#primaryimage"},"thumbnailUrl":"https:\/\/cdn1.mediawpaccore.net\/wp-content\/uploads\/2023\/09\/13144023\/shutterstock_125735990.jpg","datePublished":"2026-09-01T22:20:36+00:00","dateModified":"2026-09-01T22:20:42+00:00","description":"Shakira responde a la pol\u00e9mica sobre la Hispanidad, propone hablar de \"latinidad\" y explica por qu\u00e9 eligi\u00f3 Madrid para su residencia de 12 conciertos.","breadcrumb":{"@id":"https:\/\/www.cuballama.com\/noticias\/shakira-defiende-la-latinidad-sobre-la-hispanidad-y-celebra-la-inmigracion-latina-en-espana\/#breadcrumb"},"inLanguage":"es","potentialAction":[{"@type":"ReadAction","target":["https:\/\/www.cuballama.com\/noticias\/shakira-defiende-la-latinidad-sobre-la-hispanidad-y-celebra-la-inmigracion-latina-en-espana\/"]}]},{"@type":"ImageObject","inLanguage":"es","@id":"https:\/\/www.cuballama.com\/noticias\/shakira-defiende-la-latinidad-sobre-la-hispanidad-y-celebra-la-inmigracion-latina-en-espana\/#primaryimage","url":"https:\/\/cdn1.mediawpaccore.net\/wp-content\/uploads\/2023\/09\/13144023\/shutterstock_125735990.jpg","contentUrl":"https:\/\/cdn1.mediawpaccore.net\/wp-content\/uploads\/2023\/09\/13144023\/shutterstock_125735990.jpg","width":1000,"height":667,"caption":"Avis De Miranda \/ Shutterstock.com"},{"@type":"BreadcrumbList","@id":"https:\/\/www.cuballama.com\/noticias\/shakira-defiende-la-latinidad-sobre-la-hispanidad-y-celebra-la-inmigracion-latina-en-espana\/#breadcrumb","itemListElement":[{"@type":"ListItem","position":1,"name":"Home","item":"https:\/\/www.cuballama.com\/noticias\/"},{"@type":"ListItem","position":2,"name":"Shakira defiende \u00abla latinidad\u00bb sobre la Hispanidad y celebra la inmigraci\u00f3n latina en Espa\u00f1a"}]},{"@type":"WebSite","@id":"https:\/\/www.cuballama.com\/noticias\/#website","url":"https:\/\/www.cuballama.com\/noticias\/","name":"Cuballama Noticias","description":"Medio digital sobre Cuba y el mundo","publisher":{"@id":"https:\/\/www.cuballama.com\/noticias\/#organization"},"potentialAction":[{"@type":"SearchAction","target":{"@type":"EntryPoint","urlTemplate":"https:\/\/www.cuballama.com\/noticias\/?s={search_term_string}"},"query-input":{"@type":"PropertyValueSpecification","valueRequired":true,"valueName":"search_term_string"}}],"inLanguage":"es"},{"@type":"Organization","@id":"https:\/\/www.cuballama.com\/noticias\/#organization","name":"Cuballama","url":"https:\/\/www.cuballama.com\/noticias\/","logo":{"@type":"ImageObject","inLanguage":"es","@id":"https:\/\/www.cuballama.com\/noticias\/#\/schema\/logo\/image\/","url":"https:\/\/cdn1.mediawpaccore.net\/wp-content\/uploads\/2021\/12\/28171206\/cbll-logo-color-sm.png","contentUrl":"https:\/\/cdn1.mediawpaccore.net\/wp-content\/uploads\/2021\/12\/28171206\/cbll-logo-color-sm.png","width":600,"height":133,"caption":"Cuballama"},"image":{"@id":"https:\/\/www.cuballama.com\/noticias\/#\/schema\/logo\/image\/"},"sameAs":["https:\/\/www.facebook.com\/CubaLlama","https:\/\/x.com\/cuballama","https:\/\/www.instagram.com\/stories\/cuballama_oficial\/","https:\/\/www.youtube.com\/channel\/UCKkFE-d_axENGZcrc4as0IA"]},{"@type":"Person","@id":"https:\/\/www.cuballama.com\/noticias\/#\/schema\/person\/a58502ed4146c8e9f83872e897c76cd2","name":"Roberto A.","description":"Roberto A. Periodista por decisi\u00f3n propia. Interesado en cualquier tema que me apasione y cada vez m\u00e1s comprometido con la verdad y la objetividad period\u00edstica. Graduado en La Habana hace ya muchos a\u00f1os, luego de una accidentada y polvorienta b\u00fasqueda de informaci\u00f3n sobre un tema in\u00e9dito. La Tesis, por cierto, desapareci\u00f3 de la biblioteca y no se conservan copias de la misma.","url":"https:\/\/www.cuballama.com\/noticias\/author\/roberto\/"}]}},"_links":{"self":[{"href":"https:\/\/www.cuballama.com\/noticias\/wp-json\/wp\/v2\/posts\/255518","targetHints":{"allow":["GET"]}}],"collection":[{"href":"https:\/\/www.cuballama.com\/noticias\/wp-json\/wp\/v2\/posts"}],"about":[{"href":"https:\/\/www.cuballama.com\/noticias\/wp-json\/wp\/v2\/types\/post"}],"author":[{"embeddable":true,"href":"https:\/\/www.cuballama.com\/noticias\/wp-json\/wp\/v2\/users\/13"}],"replies":[{"embeddable":true,"href":"https:\/\/www.cuballama.com\/noticias\/wp-json\/wp\/v2\/comments?post=255518"}],"version-history":[{"count":3,"href":"https:\/\/www.cuballama.com\/noticias\/wp-json\/wp\/v2\/posts\/255518\/revisions"}],"predecessor-version":[{"id":255615,"href":"https:\/\/www.cuballama.com\/noticias\/wp-json\/wp\/v2\/posts\/255518\/revisions\/255615"}],"wp:featuredmedia":[{"embeddable":true,"href":"https:\/\/www.cuballama.com\/noticias\/wp-json\/wp\/v2\/media\/137597"}],"wp:attachment":[{"href":"https:\/\/www.cuballama.com\/noticias\/wp-json\/wp\/v2\/media?parent=255518"}],"wp:term":[{"taxonomy":"category","embeddable":true,"href":"https:\/\/www.cuballama.com\/noticias\/wp-json\/wp\/v2\/categories?post=255518"},{"taxonomy":"post_tag","embeddable":true,"href":"https:\/\/www.cuballama.com\/noticias\/wp-json\/wp\/v2\/tags?post=255518"}],"curies":[{"name":"wp","href":"https:\/\/api.w.org\/{rel}","templated":true}]}}