{"id":255516,"date":"2026-09-04T15:34:43","date_gmt":"2026-09-04T19:34:43","guid":{"rendered":"https:\/\/www.cuballama.com\/noticias\/?p=255516"},"modified":"2026-09-04T15:34:48","modified_gmt":"2026-09-04T19:34:48","slug":"lili-estefan-se-pone-romantica-y-habla-sobre-lo-que-significa-el-amor-en-el-gordo-y-la-flaca","status":"publish","type":"post","link":"https:\/\/www.cuballama.com\/noticias\/lili-estefan-se-pone-romantica-y-habla-sobre-lo-que-significa-el-amor-en-el-gordo-y-la-flaca\/","title":{"rendered":"Lili Estefan se pone rom\u00e1ntica y habla sobre lo que significa el amor en El Gordo y la Flaca"},"content":{"rendered":"\n<h2 class=\"wp-block-heading\">En un momento \u00edntimo, Lili Estefan reflexiona sobre el amor en El Gordo y la Flaca.La conductora cubanoamericana protagoniz\u00f3 un segmento rom\u00e1ntico en El Gordo y la Flaca, en una semana en la que el programa tambi\u00e9n destac\u00f3 el mensaje de amor de su copresentador Roberto Hern\u00e1ndez a su esposa.<\/h2>\n\n\n\n<p class=\"wp-block-paragraph\">La conductora cubanoamericana Lili Estefan protagoniz\u00f3 un momento rom\u00e1ntico en El Gordo y la Flaca, el programa de entretenimiento de Univisi\u00f3n que conduce junto a Ra\u00fal de Molina desde hace m\u00e1s de dos d\u00e9cadas, donde reflexion\u00f3 sobre lo que el amor significa para ella, de acuerdo con un video difundido por el canal oficial del programa en YouTube el 30 de agosto.<\/p>\n\n\n\n<p class=\"wp-block-paragraph\">El segmento se produjo apenas d\u00edas despu\u00e9s de que otro momento similar generara reacciones dentro del propio programa: el 20 de agosto, el copresentador Roberto Hern\u00e1ndez comparti\u00f3 en redes sociales un mensaje dedicado a su esposa, Danella Urbay, con quien se cas\u00f3 en 2018 en Santorini, Grecia. <\/p>\n\n\n\n<p class=\"wp-block-paragraph\"><em>\u00abEl d\u00eda en que muchos dir\u00edan que te jur\u00e9 amor eterno, la verdad es que mi coraz\u00f3n te lo jur\u00f3 un mes despu\u00e9s de conocer tu alma llena de luz\u00bb, <\/em>escribi\u00f3 Hern\u00e1ndez, un gesto que, seg\u00fan report\u00f3 News247Plus, conmovi\u00f3 a Estefan durante la transmisi\u00f3n.<\/p>\n\n\n\n<p class=\"wp-block-paragraph\"><em>El Gordo y la Flaca<\/em>, que se transmite desde 1998, combina entrevistas a celebridades con segmentos personales de sus presentadores, y Estefan -prima del productor musical Emilio Estefan- ha sido una de las caras m\u00e1s reconocibles del entretenimiento hispano en Estados Unidos desde el inicio del programa. Su vida personal, incluida su vida sentimental, ha sido tema recurrente de cobertura en medios de espect\u00e1culos a lo largo de los a\u00f1os, lo que hace que segmentos como este generen atenci\u00f3n entre su audiencia.<\/p>\n\n\n\n<p class=\"wp-block-paragraph\">Estefan, nacida en La Habana y radicada en Miami desde su infancia, ha construido a lo largo de casi tres d\u00e9cadas una carrera centrada en la cobertura de espect\u00e1culos y far\u00e1ndula hispana, adem\u00e1s de haber incursionado en la conducci\u00f3n de alfombras rojas de los Latin Grammy y los Premios Juventud. Su cercan\u00eda con el p\u00fablico, sumada a la manera abierta en que suele compartir momentos de su vida personal frente a c\u00e1maras, ha sido parte de la f\u00f3rmula que mantiene a El Gordo y la Flaca como uno de los programas de entretenimiento m\u00e1s vistos en la televisi\u00f3n hispana de Estados Unidos.<\/p>\n\n\n\n<p class=\"wp-block-paragraph\">Ve\u00e1mos lo que dijo la presentadora<\/p>\n\n\n\n<figure class=\"wp-block-embed is-type-video is-provider-youtube wp-block-embed-youtube wp-embed-aspect-16-9 wp-has-aspect-ratio\"><div class=\"wp-block-embed__wrapper\">\n <div class=\"youtube-embed\" data-video_id=\"mIbyM_azMgA\"><iframe loading=\"lazy\" title=\"Lili Estefan se pone rom\u00e1ntica y revela qu\u00e9 significa el amor para ella | #elgordoylaflaca\" width=\"696\" height=\"392\" src=\"https:\/\/www.youtube.com\/embed\/mIbyM_azMgA?feature=oembed&#038;enablejsapi=1\" frameborder=\"0\" allow=\"accelerometer; autoplay; clipboard-write; encrypted-media; gyroscope; picture-in-picture; web-share\" referrerpolicy=\"strict-origin-when-cross-origin\" allowfullscreen><\/iframe><\/div>\n<\/div><\/figure>\n\n\n\n<p class=\"wp-block-paragraph\">[FUENTES]<\/p>\n\n\n\n<ul class=\"wp-block-list\">\n<li>News247Plus, \u00abIn &#8216;El Gordo y la Flaca&#8217;, Roberto Hern\u00e1ndez moved Lili Estefan with his romantic message\u00bb, <a href=\"https:\/\/www.news247plus.com\/news\/business\/in-el-gordo-y-la-flaca-roberto-hernndez-moved-lili-estefan-with-his-romantic-message-57680\" target=\"_blank\" rel=\"noreferrer noopener nofollow\">https:\/\/www.news247plus.com\/news\/business\/in-el-gordo-y-la-flaca-roberto-hernndez-moved-lili-estefan-with-his-romantic-message-57680<\/a><\/li>\n\n\n\n<li>Video original: <a href=\"https:\/\/www.youtube.com\/watch?v=mIbyM_azMgA\" target=\"_blank\" rel=\"noreferrer noopener\">https:\/\/www.youtube.com\/watch?v=mIbyM_azMgA<\/a><\/li>\n<\/ul>\n","protected":false},"excerpt":{"rendered":"<p>En un segmento de El Gordo y la Flaca, Lili Estefan se mostr\u00f3 rom\u00e1ntica y habl\u00f3 sobre lo que el amor representa para ella, en una semana marcada por gestos rom\u00e1nticos dentro del propio programa.<\/p>\n","protected":false},"author":13,"featured_media":199450,"comment_status":"open","ping_status":"closed","sticky":false,"template":"","format":"standard","meta":{"_acf_changed":false,"footnotes":""},"categories":[443,18],"tags":[7227,14938,1658,18323],"class_list":["post-255516","post","type-post","status-publish","format-standard","has-post-thumbnail","category-farandula","category-noticias","tag-el-gordo-y-la-flaca","tag-lili-estefan","tag-roberto-hernandez","tag-univision-2"],"acf":[],"yoast_head":"<!-- This site is optimized with the Yoast SEO plugin v28.3 - https:\/\/yoast.com\/product\/yoast-seo-wordpress\/ -->\n<title>Lili Estefan se pone rom\u00e1ntica y habla sobre lo que significa el amor en El Gordo y la Flaca - Cuballama Noticias<\/title>\n<meta name=\"description\" content=\"Lili Estefan habla sobre el amor en un segmento especial de El Gordo y la Flaca, despu\u00e9s del mensaje rom\u00e1ntico de Roberto Hern\u00e1ndez.\" \/>\n<meta name=\"robots\" content=\"index, follow, max-snippet:-1, max-image-preview:large, max-video-preview:-1\" \/>\n<link rel=\"canonical\" href=\"https:\/\/www.cuballama.com\/noticias\/lili-estefan-se-pone-romantica-y-habla-sobre-lo-que-significa-el-amor-en-el-gordo-y-la-flaca\/\" \/>\n<meta property=\"og:locale\" content=\"es_ES\" \/>\n<meta property=\"og:type\" content=\"article\" \/>\n<meta property=\"og:title\" content=\"Lili Estefan se pone rom\u00e1ntica y habla sobre lo que significa el amor en El Gordo y la Flaca - Cuballama Noticias\" \/>\n<meta property=\"og:description\" content=\"Lili Estefan habla sobre el amor en un segmento especial de El Gordo y la Flaca, despu\u00e9s del mensaje rom\u00e1ntico de Roberto Hern\u00e1ndez.\" \/>\n<meta property=\"og:url\" content=\"https:\/\/www.cuballama.com\/noticias\/lili-estefan-se-pone-romantica-y-habla-sobre-lo-que-significa-el-amor-en-el-gordo-y-la-flaca\/\" \/>\n<meta property=\"og:site_name\" content=\"Cuballama Noticias\" \/>\n<meta property=\"article:publisher\" content=\"https:\/\/www.facebook.com\/CubaLlama\" \/>\n<meta property=\"article:published_time\" content=\"2026-09-04T19:34:43+00:00\" \/>\n<meta property=\"article:modified_time\" content=\"2026-09-04T19:34:48+00:00\" \/>\n<meta property=\"og:image\" content=\"https:\/\/cdn1.mediawpaccore.net\/wp-content\/uploads\/2025\/02\/25063358\/Captura-de-pantalla-2025-02-25-a-las-12.32.01.png\" \/>\n\t<meta property=\"og:image:width\" content=\"882\" \/>\n\t<meta property=\"og:image:height\" content=\"548\" \/>\n\t<meta property=\"og:image:type\" content=\"image\/png\" \/>\n<meta name=\"author\" content=\"Roberto A.\" \/>\n<meta name=\"twitter:card\" content=\"summary_large_image\" \/>\n<meta name=\"twitter:creator\" content=\"@cuballama\" \/>\n<meta name=\"twitter:site\" content=\"@cuballama\" \/>\n<meta name=\"twitter:label1\" content=\"Escrito por\" \/>\n\t<meta name=\"twitter:data1\" content=\"Roberto A.\" \/>\n\t<meta name=\"twitter:label2\" content=\"Tiempo de lectura\" \/>\n\t<meta name=\"twitter:data2\" content=\"3 minutos\" \/>\n<script type=\"application\/ld+json\" class=\"yoast-schema-graph\">{\"@context\":\"https:\\\/\\\/schema.org\",\"@graph\":[{\"@type\":\"Article\",\"@id\":\"https:\\\/\\\/www.cuballama.com\\\/noticias\\\/lili-estefan-se-pone-romantica-y-habla-sobre-lo-que-significa-el-amor-en-el-gordo-y-la-flaca\\\/#article\",\"isPartOf\":{\"@id\":\"https:\\\/\\\/www.cuballama.com\\\/noticias\\\/lili-estefan-se-pone-romantica-y-habla-sobre-lo-que-significa-el-amor-en-el-gordo-y-la-flaca\\\/\"},\"author\":{\"name\":\"Roberto A.\",\"@id\":\"https:\\\/\\\/www.cuballama.com\\\/noticias\\\/#\\\/schema\\\/person\\\/a58502ed4146c8e9f83872e897c76cd2\"},\"headline\":\"Lili Estefan se pone rom\u00e1ntica y habla sobre lo que significa el amor en El Gordo y la Flaca\",\"datePublished\":\"2026-09-04T19:34:43+00:00\",\"dateModified\":\"2026-09-04T19:34:48+00:00\",\"mainEntityOfPage\":{\"@id\":\"https:\\\/\\\/www.cuballama.com\\\/noticias\\\/lili-estefan-se-pone-romantica-y-habla-sobre-lo-que-significa-el-amor-en-el-gordo-y-la-flaca\\\/\"},\"wordCount\":490,\"commentCount\":0,\"publisher\":{\"@id\":\"https:\\\/\\\/www.cuballama.com\\\/noticias\\\/#organization\"},\"image\":{\"@id\":\"https:\\\/\\\/www.cuballama.com\\\/noticias\\\/lili-estefan-se-pone-romantica-y-habla-sobre-lo-que-significa-el-amor-en-el-gordo-y-la-flaca\\\/#primaryimage\"},\"thumbnailUrl\":\"https:\\\/\\\/cdn1.mediawpaccore.net\\\/wp-content\\\/uploads\\\/2025\\\/02\\\/25063358\\\/Captura-de-pantalla-2025-02-25-a-las-12.32.01.png\",\"keywords\":[\"El Gordo y la Flaca\",\"Lili Estefan\",\"Roberto Hern\u00e1ndez\",\"Univisi\u00f3n\"],\"articleSection\":[\"Far\u00e1ndula\",\"Noticias\"],\"inLanguage\":\"es\",\"potentialAction\":[{\"@type\":\"CommentAction\",\"name\":\"Comment\",\"target\":[\"https:\\\/\\\/www.cuballama.com\\\/noticias\\\/lili-estefan-se-pone-romantica-y-habla-sobre-lo-que-significa-el-amor-en-el-gordo-y-la-flaca\\\/#respond\"]}]},{\"@type\":\"WebPage\",\"@id\":\"https:\\\/\\\/www.cuballama.com\\\/noticias\\\/lili-estefan-se-pone-romantica-y-habla-sobre-lo-que-significa-el-amor-en-el-gordo-y-la-flaca\\\/\",\"url\":\"https:\\\/\\\/www.cuballama.com\\\/noticias\\\/lili-estefan-se-pone-romantica-y-habla-sobre-lo-que-significa-el-amor-en-el-gordo-y-la-flaca\\\/\",\"name\":\"Lili Estefan se pone rom\u00e1ntica y habla sobre lo que significa el amor en El Gordo y la Flaca - Cuballama Noticias\",\"isPartOf\":{\"@id\":\"https:\\\/\\\/www.cuballama.com\\\/noticias\\\/#website\"},\"primaryImageOfPage\":{\"@id\":\"https:\\\/\\\/www.cuballama.com\\\/noticias\\\/lili-estefan-se-pone-romantica-y-habla-sobre-lo-que-significa-el-amor-en-el-gordo-y-la-flaca\\\/#primaryimage\"},\"image\":{\"@id\":\"https:\\\/\\\/www.cuballama.com\\\/noticias\\\/lili-estefan-se-pone-romantica-y-habla-sobre-lo-que-significa-el-amor-en-el-gordo-y-la-flaca\\\/#primaryimage\"},\"thumbnailUrl\":\"https:\\\/\\\/cdn1.mediawpaccore.net\\\/wp-content\\\/uploads\\\/2025\\\/02\\\/25063358\\\/Captura-de-pantalla-2025-02-25-a-las-12.32.01.png\",\"datePublished\":\"2026-09-04T19:34:43+00:00\",\"dateModified\":\"2026-09-04T19:34:48+00:00\",\"description\":\"Lili Estefan habla sobre el amor en un segmento especial de El Gordo y la Flaca, despu\u00e9s del mensaje rom\u00e1ntico de Roberto Hern\u00e1ndez.\",\"breadcrumb\":{\"@id\":\"https:\\\/\\\/www.cuballama.com\\\/noticias\\\/lili-estefan-se-pone-romantica-y-habla-sobre-lo-que-significa-el-amor-en-el-gordo-y-la-flaca\\\/#breadcrumb\"},\"inLanguage\":\"es\",\"potentialAction\":[{\"@type\":\"ReadAction\",\"target\":[\"https:\\\/\\\/www.cuballama.com\\\/noticias\\\/lili-estefan-se-pone-romantica-y-habla-sobre-lo-que-significa-el-amor-en-el-gordo-y-la-flaca\\\/\"]}]},{\"@type\":\"ImageObject\",\"inLanguage\":\"es\",\"@id\":\"https:\\\/\\\/www.cuballama.com\\\/noticias\\\/lili-estefan-se-pone-romantica-y-habla-sobre-lo-que-significa-el-amor-en-el-gordo-y-la-flaca\\\/#primaryimage\",\"url\":\"https:\\\/\\\/cdn1.mediawpaccore.net\\\/wp-content\\\/uploads\\\/2025\\\/02\\\/25063358\\\/Captura-de-pantalla-2025-02-25-a-las-12.32.01.png\",\"contentUrl\":\"https:\\\/\\\/cdn1.mediawpaccore.net\\\/wp-content\\\/uploads\\\/2025\\\/02\\\/25063358\\\/Captura-de-pantalla-2025-02-25-a-las-12.32.01.png\",\"width\":882,\"height\":548,\"caption\":\"Foto tomada del perfil de Instagram de Lili Estefan\"},{\"@type\":\"BreadcrumbList\",\"@id\":\"https:\\\/\\\/www.cuballama.com\\\/noticias\\\/lili-estefan-se-pone-romantica-y-habla-sobre-lo-que-significa-el-amor-en-el-gordo-y-la-flaca\\\/#breadcrumb\",\"itemListElement\":[{\"@type\":\"ListItem\",\"position\":1,\"name\":\"Home\",\"item\":\"https:\\\/\\\/www.cuballama.com\\\/noticias\\\/\"},{\"@type\":\"ListItem\",\"position\":2,\"name\":\"Lili Estefan se pone rom\u00e1ntica y habla sobre lo que significa el amor en El Gordo y la Flaca\"}]},{\"@type\":\"WebSite\",\"@id\":\"https:\\\/\\\/www.cuballama.com\\\/noticias\\\/#website\",\"url\":\"https:\\\/\\\/www.cuballama.com\\\/noticias\\\/\",\"name\":\"Cuballama Noticias\",\"description\":\"Medio digital sobre Cuba y el mundo\",\"publisher\":{\"@id\":\"https:\\\/\\\/www.cuballama.com\\\/noticias\\\/#organization\"},\"potentialAction\":[{\"@type\":\"SearchAction\",\"target\":{\"@type\":\"EntryPoint\",\"urlTemplate\":\"https:\\\/\\\/www.cuballama.com\\\/noticias\\\/?s={search_term_string}\"},\"query-input\":{\"@type\":\"PropertyValueSpecification\",\"valueRequired\":true,\"valueName\":\"search_term_string\"}}],\"inLanguage\":\"es\"},{\"@type\":\"Organization\",\"@id\":\"https:\\\/\\\/www.cuballama.com\\\/noticias\\\/#organization\",\"name\":\"Cuballama\",\"url\":\"https:\\\/\\\/www.cuballama.com\\\/noticias\\\/\",\"logo\":{\"@type\":\"ImageObject\",\"inLanguage\":\"es\",\"@id\":\"https:\\\/\\\/www.cuballama.com\\\/noticias\\\/#\\\/schema\\\/logo\\\/image\\\/\",\"url\":\"https:\\\/\\\/cdn1.mediawpaccore.net\\\/wp-content\\\/uploads\\\/2021\\\/12\\\/28171206\\\/cbll-logo-color-sm.png\",\"contentUrl\":\"https:\\\/\\\/cdn1.mediawpaccore.net\\\/wp-content\\\/uploads\\\/2021\\\/12\\\/28171206\\\/cbll-logo-color-sm.png\",\"width\":600,\"height\":133,\"caption\":\"Cuballama\"},\"image\":{\"@id\":\"https:\\\/\\\/www.cuballama.com\\\/noticias\\\/#\\\/schema\\\/logo\\\/image\\\/\"},\"sameAs\":[\"https:\\\/\\\/www.facebook.com\\\/CubaLlama\",\"https:\\\/\\\/x.com\\\/cuballama\",\"https:\\\/\\\/www.instagram.com\\\/stories\\\/cuballama_oficial\\\/\",\"https:\\\/\\\/www.youtube.com\\\/channel\\\/UCKkFE-d_axENGZcrc4as0IA\"]},{\"@type\":\"Person\",\"@id\":\"https:\\\/\\\/www.cuballama.com\\\/noticias\\\/#\\\/schema\\\/person\\\/a58502ed4146c8e9f83872e897c76cd2\",\"name\":\"Roberto A.\",\"description\":\"Roberto A. Periodista por decisi\u00f3n propia. Interesado en cualquier tema que me apasione y cada vez m\u00e1s comprometido con la verdad y la objetividad period\u00edstica. Graduado en La Habana hace ya muchos a\u00f1os, luego de una accidentada y polvorienta b\u00fasqueda de informaci\u00f3n sobre un tema in\u00e9dito. La Tesis, por cierto, desapareci\u00f3 de la biblioteca y no se conservan copias de la misma.\",\"url\":\"https:\\\/\\\/www.cuballama.com\\\/noticias\\\/author\\\/roberto\\\/\"}]}<\/script>\n<!-- \/ Yoast SEO plugin. -->","yoast_head_json":{"title":"Lili Estefan se pone rom\u00e1ntica y habla sobre lo que significa el amor en El Gordo y la Flaca - Cuballama Noticias","description":"Lili Estefan habla sobre el amor en un segmento especial de El Gordo y la Flaca, despu\u00e9s del mensaje rom\u00e1ntico de Roberto Hern\u00e1ndez.","robots":{"index":"index","follow":"follow","max-snippet":"max-snippet:-1","max-image-preview":"max-image-preview:large","max-video-preview":"max-video-preview:-1"},"canonical":"https:\/\/www.cuballama.com\/noticias\/lili-estefan-se-pone-romantica-y-habla-sobre-lo-que-significa-el-amor-en-el-gordo-y-la-flaca\/","og_locale":"es_ES","og_type":"article","og_title":"Lili Estefan se pone rom\u00e1ntica y habla sobre lo que significa el amor en El Gordo y la Flaca - Cuballama Noticias","og_description":"Lili Estefan habla sobre el amor en un segmento especial de El Gordo y la Flaca, despu\u00e9s del mensaje rom\u00e1ntico de Roberto Hern\u00e1ndez.","og_url":"https:\/\/www.cuballama.com\/noticias\/lili-estefan-se-pone-romantica-y-habla-sobre-lo-que-significa-el-amor-en-el-gordo-y-la-flaca\/","og_site_name":"Cuballama Noticias","article_publisher":"https:\/\/www.facebook.com\/CubaLlama","article_published_time":"2026-09-04T19:34:43+00:00","article_modified_time":"2026-09-04T19:34:48+00:00","og_image":[{"width":882,"height":548,"url":"https:\/\/cdn1.mediawpaccore.net\/wp-content\/uploads\/2025\/02\/25063358\/Captura-de-pantalla-2025-02-25-a-las-12.32.01.png","type":"image\/png"}],"author":"Roberto A.","twitter_card":"summary_large_image","twitter_creator":"@cuballama","twitter_site":"@cuballama","twitter_misc":{"Escrito por":"Roberto A.","Tiempo de lectura":"3 minutos"},"schema":{"@context":"https:\/\/schema.org","@graph":[{"@type":"Article","@id":"https:\/\/www.cuballama.com\/noticias\/lili-estefan-se-pone-romantica-y-habla-sobre-lo-que-significa-el-amor-en-el-gordo-y-la-flaca\/#article","isPartOf":{"@id":"https:\/\/www.cuballama.com\/noticias\/lili-estefan-se-pone-romantica-y-habla-sobre-lo-que-significa-el-amor-en-el-gordo-y-la-flaca\/"},"author":{"name":"Roberto A.","@id":"https:\/\/www.cuballama.com\/noticias\/#\/schema\/person\/a58502ed4146c8e9f83872e897c76cd2"},"headline":"Lili Estefan se pone rom\u00e1ntica y habla sobre lo que significa el amor en El Gordo y la Flaca","datePublished":"2026-09-04T19:34:43+00:00","dateModified":"2026-09-04T19:34:48+00:00","mainEntityOfPage":{"@id":"https:\/\/www.cuballama.com\/noticias\/lili-estefan-se-pone-romantica-y-habla-sobre-lo-que-significa-el-amor-en-el-gordo-y-la-flaca\/"},"wordCount":490,"commentCount":0,"publisher":{"@id":"https:\/\/www.cuballama.com\/noticias\/#organization"},"image":{"@id":"https:\/\/www.cuballama.com\/noticias\/lili-estefan-se-pone-romantica-y-habla-sobre-lo-que-significa-el-amor-en-el-gordo-y-la-flaca\/#primaryimage"},"thumbnailUrl":"https:\/\/cdn1.mediawpaccore.net\/wp-content\/uploads\/2025\/02\/25063358\/Captura-de-pantalla-2025-02-25-a-las-12.32.01.png","keywords":["El Gordo y la Flaca","Lili Estefan","Roberto Hern\u00e1ndez","Univisi\u00f3n"],"articleSection":["Far\u00e1ndula","Noticias"],"inLanguage":"es","potentialAction":[{"@type":"CommentAction","name":"Comment","target":["https:\/\/www.cuballama.com\/noticias\/lili-estefan-se-pone-romantica-y-habla-sobre-lo-que-significa-el-amor-en-el-gordo-y-la-flaca\/#respond"]}]},{"@type":"WebPage","@id":"https:\/\/www.cuballama.com\/noticias\/lili-estefan-se-pone-romantica-y-habla-sobre-lo-que-significa-el-amor-en-el-gordo-y-la-flaca\/","url":"https:\/\/www.cuballama.com\/noticias\/lili-estefan-se-pone-romantica-y-habla-sobre-lo-que-significa-el-amor-en-el-gordo-y-la-flaca\/","name":"Lili Estefan se pone rom\u00e1ntica y habla sobre lo que significa el amor en El Gordo y la Flaca - Cuballama Noticias","isPartOf":{"@id":"https:\/\/www.cuballama.com\/noticias\/#website"},"primaryImageOfPage":{"@id":"https:\/\/www.cuballama.com\/noticias\/lili-estefan-se-pone-romantica-y-habla-sobre-lo-que-significa-el-amor-en-el-gordo-y-la-flaca\/#primaryimage"},"image":{"@id":"https:\/\/www.cuballama.com\/noticias\/lili-estefan-se-pone-romantica-y-habla-sobre-lo-que-significa-el-amor-en-el-gordo-y-la-flaca\/#primaryimage"},"thumbnailUrl":"https:\/\/cdn1.mediawpaccore.net\/wp-content\/uploads\/2025\/02\/25063358\/Captura-de-pantalla-2025-02-25-a-las-12.32.01.png","datePublished":"2026-09-04T19:34:43+00:00","dateModified":"2026-09-04T19:34:48+00:00","description":"Lili Estefan habla sobre el amor en un segmento especial de El Gordo y la Flaca, despu\u00e9s del mensaje rom\u00e1ntico de Roberto Hern\u00e1ndez.","breadcrumb":{"@id":"https:\/\/www.cuballama.com\/noticias\/lili-estefan-se-pone-romantica-y-habla-sobre-lo-que-significa-el-amor-en-el-gordo-y-la-flaca\/#breadcrumb"},"inLanguage":"es","potentialAction":[{"@type":"ReadAction","target":["https:\/\/www.cuballama.com\/noticias\/lili-estefan-se-pone-romantica-y-habla-sobre-lo-que-significa-el-amor-en-el-gordo-y-la-flaca\/"]}]},{"@type":"ImageObject","inLanguage":"es","@id":"https:\/\/www.cuballama.com\/noticias\/lili-estefan-se-pone-romantica-y-habla-sobre-lo-que-significa-el-amor-en-el-gordo-y-la-flaca\/#primaryimage","url":"https:\/\/cdn1.mediawpaccore.net\/wp-content\/uploads\/2025\/02\/25063358\/Captura-de-pantalla-2025-02-25-a-las-12.32.01.png","contentUrl":"https:\/\/cdn1.mediawpaccore.net\/wp-content\/uploads\/2025\/02\/25063358\/Captura-de-pantalla-2025-02-25-a-las-12.32.01.png","width":882,"height":548,"caption":"Foto tomada del perfil de Instagram de Lili Estefan"},{"@type":"BreadcrumbList","@id":"https:\/\/www.cuballama.com\/noticias\/lili-estefan-se-pone-romantica-y-habla-sobre-lo-que-significa-el-amor-en-el-gordo-y-la-flaca\/#breadcrumb","itemListElement":[{"@type":"ListItem","position":1,"name":"Home","item":"https:\/\/www.cuballama.com\/noticias\/"},{"@type":"ListItem","position":2,"name":"Lili Estefan se pone rom\u00e1ntica y habla sobre lo que significa el amor en El Gordo y la Flaca"}]},{"@type":"WebSite","@id":"https:\/\/www.cuballama.com\/noticias\/#website","url":"https:\/\/www.cuballama.com\/noticias\/","name":"Cuballama Noticias","description":"Medio digital sobre Cuba y el mundo","publisher":{"@id":"https:\/\/www.cuballama.com\/noticias\/#organization"},"potentialAction":[{"@type":"SearchAction","target":{"@type":"EntryPoint","urlTemplate":"https:\/\/www.cuballama.com\/noticias\/?s={search_term_string}"},"query-input":{"@type":"PropertyValueSpecification","valueRequired":true,"valueName":"search_term_string"}}],"inLanguage":"es"},{"@type":"Organization","@id":"https:\/\/www.cuballama.com\/noticias\/#organization","name":"Cuballama","url":"https:\/\/www.cuballama.com\/noticias\/","logo":{"@type":"ImageObject","inLanguage":"es","@id":"https:\/\/www.cuballama.com\/noticias\/#\/schema\/logo\/image\/","url":"https:\/\/cdn1.mediawpaccore.net\/wp-content\/uploads\/2021\/12\/28171206\/cbll-logo-color-sm.png","contentUrl":"https:\/\/cdn1.mediawpaccore.net\/wp-content\/uploads\/2021\/12\/28171206\/cbll-logo-color-sm.png","width":600,"height":133,"caption":"Cuballama"},"image":{"@id":"https:\/\/www.cuballama.com\/noticias\/#\/schema\/logo\/image\/"},"sameAs":["https:\/\/www.facebook.com\/CubaLlama","https:\/\/x.com\/cuballama","https:\/\/www.instagram.com\/stories\/cuballama_oficial\/","https:\/\/www.youtube.com\/channel\/UCKkFE-d_axENGZcrc4as0IA"]},{"@type":"Person","@id":"https:\/\/www.cuballama.com\/noticias\/#\/schema\/person\/a58502ed4146c8e9f83872e897c76cd2","name":"Roberto A.","description":"Roberto A. Periodista por decisi\u00f3n propia. Interesado en cualquier tema que me apasione y cada vez m\u00e1s comprometido con la verdad y la objetividad period\u00edstica. Graduado en La Habana hace ya muchos a\u00f1os, luego de una accidentada y polvorienta b\u00fasqueda de informaci\u00f3n sobre un tema in\u00e9dito. La Tesis, por cierto, desapareci\u00f3 de la biblioteca y no se conservan copias de la misma.","url":"https:\/\/www.cuballama.com\/noticias\/author\/roberto\/"}]}},"_links":{"self":[{"href":"https:\/\/www.cuballama.com\/noticias\/wp-json\/wp\/v2\/posts\/255516","targetHints":{"allow":["GET"]}}],"collection":[{"href":"https:\/\/www.cuballama.com\/noticias\/wp-json\/wp\/v2\/posts"}],"about":[{"href":"https:\/\/www.cuballama.com\/noticias\/wp-json\/wp\/v2\/types\/post"}],"author":[{"embeddable":true,"href":"https:\/\/www.cuballama.com\/noticias\/wp-json\/wp\/v2\/users\/13"}],"replies":[{"embeddable":true,"href":"https:\/\/www.cuballama.com\/noticias\/wp-json\/wp\/v2\/comments?post=255516"}],"version-history":[{"count":3,"href":"https:\/\/www.cuballama.com\/noticias\/wp-json\/wp\/v2\/posts\/255516\/revisions"}],"predecessor-version":[{"id":255623,"href":"https:\/\/www.cuballama.com\/noticias\/wp-json\/wp\/v2\/posts\/255516\/revisions\/255623"}],"wp:featuredmedia":[{"embeddable":true,"href":"https:\/\/www.cuballama.com\/noticias\/wp-json\/wp\/v2\/media\/199450"}],"wp:attachment":[{"href":"https:\/\/www.cuballama.com\/noticias\/wp-json\/wp\/v2\/media?parent=255516"}],"wp:term":[{"taxonomy":"category","embeddable":true,"href":"https:\/\/www.cuballama.com\/noticias\/wp-json\/wp\/v2\/categories?post=255516"},{"taxonomy":"post_tag","embeddable":true,"href":"https:\/\/www.cuballama.com\/noticias\/wp-json\/wp\/v2\/tags?post=255516"}],"curies":[{"name":"wp","href":"https:\/\/api.w.org\/{rel}","templated":true}]}}