{"id":255512,"date":"2026-09-05T20:29:43","date_gmt":"2026-09-06T00:29:43","guid":{"rendered":"https:\/\/www.cuballama.com\/noticias\/?p=255512"},"modified":"2026-09-05T20:29:45","modified_gmt":"2026-09-06T00:29:45","slug":"lupillo-rivera-concentra-tensiones-en-top-chef-vip-5-tras-senalamientos-de-favoritismo-y-choques-con-sus-companeros","status":"publish","type":"post","link":"https:\/\/www.cuballama.com\/noticias\/lupillo-rivera-concentra-tensiones-en-top-chef-vip-5-tras-senalamientos-de-favoritismo-y-choques-con-sus-companeros\/","title":{"rendered":"Lupillo Rivera concentra tensiones en Top Chef VIP 5 tras se\u00f1alamientos de favoritismo y choques con sus compa\u00f1eros"},"content":{"rendered":"\n<h2 class=\"wp-block-heading\">De la estrategia fallida de Roberto Romano al choque con Ninel Conde: as\u00ed se tensa el ambiente por Lupillo Rivera en Top Chef VIP 5<\/h2>\n\n\n\n<p class=\"wp-block-paragraph\">Lupillo Rivera se ha convertido en el centro de las tensiones dentro de Top Chef VIP 5, el reality culinario de Telemundo, luego de protagonizar un reto de salvaci\u00f3n con Roberto Romano, recibir se\u00f1alamientos de favoritismo por parte de la cr\u00edtica y chocar con Ninel Conde por su estilo de liderazgo dentro del equipo azul.<\/p>\n\n\n\n<h2 class=\"wp-block-heading\">La estrategia fallida de Roberto Romano<\/h2>\n\n\n\n<p class=\"wp-block-paragraph\">Romano intent\u00f3 perjudicar a Rivera durante el reto de salvaci\u00f3n, pero su jugada termin\u00f3 por otorgarle la victoria al cantante, un desenlace que gener\u00f3 cr\u00edticas de sus propios compa\u00f1eros de competencia, de acuerdo con un video de Telemundo Entretenimiento. El actor de telenovelas tambi\u00e9n cuestion\u00f3 despu\u00e9s que existiera \u00abfavoritismo\u00bb hacia Rivera tras una victoria del cantante en una prueba de inmunidad, seg\u00fan report\u00f3 La Opini\u00f3n el 19 de agosto. El medio atribuy\u00f3 el buen desempe\u00f1o de Rivera a experiencia culinaria genuina, visible frecuentemente en sus redes sociales cocinando para su familia, m\u00e1s que a un trato preferencial por parte del jurado.<\/p>\n\n\n\n<p class=\"wp-block-paragraph\">La tensi\u00f3n no se limit\u00f3 a Romano. Telemundo difundi\u00f3 adem\u00e1s un video en el que el actor Mauricio Garza \u00abarremete\u00bb contra Rivera y desata una discusi\u00f3n dentro de la competencia, y otro en el que el resto de las celebridades lamenta la estrategia del cantante y cuestiona sus decisiones dentro del equipo. Estos episodios sugieren que el malestar hacia el liderazgo de Rivera se extiende m\u00e1s all\u00e1 de un solo competidor.<\/p>\n\n\n\n<h2 class=\"wp-block-heading\">El choque con Ninel Conde <\/h2>\n\n\n\n<p class=\"wp-block-paragraph\">Ninel Conde, quien compite en el mismo equipo que Rivera, protagoniz\u00f3 una fuerte pelea con el cantante despu\u00e9s de que el equipo de este la derrotara en un reto de salvaci\u00f3n. Conde lleg\u00f3 a afirmar que Rivera \u00abno tiene el tacto\u00bb necesario para liderar, y se\u00f1al\u00f3 que el cantante se deja llevar por la emoci\u00f3n y eleva el tono con sus compa\u00f1eros, algo que a su juicio podr\u00eda afectar el desempe\u00f1o del equipo azul, seg\u00fan videos de Telemundo Entretenimiento del 31 de agosto.<\/p>\n\n\n\n<p class=\"wp-block-paragraph\">Pese a las cr\u00edticas, Rivera tambi\u00e9n ha mostrado un costado m\u00e1s personal en la competencia: prepar\u00f3 una crepa dedicada a su hija durante un reto de inmunidad, y su equipo, identificado como \u00abmostaza\u00bb, gan\u00f3 el reto de salvaci\u00f3n frente a sus rivales. La combinaci\u00f3n de estos episodios -t\u00e9cnicos, humanos y de conflicto- ha convertido a Rivera en uno de los concursantes m\u00e1s comentados de la temporada, tanto por sus habilidades en la cocina como por la manera en que ejerce el liderazgo dentro de su equipo. Hasta el momento, el cantante no ha respondido p\u00fablicamente a las acusaciones de favoritismo ni a los se\u00f1alamientos de Conde y Garza.<\/p>\n\n\n\n<p class=\"wp-block-paragraph\">[FUENTES]<\/p>\n\n\n\n<ul class=\"wp-block-list\">\n<li>La Opini\u00f3n, \u00ab\u00bfAcusan de favoritismo a &#8216;Top Chef VIP 5&#8217; por culpa de Lupillo Rivera?\u00bb, <a href=\"https:\/\/laopinion.com\/2026\/08\/19\/acusan-de-favoritismo-a-top-chef-vip-5-por-culpa-de-lupillo-rivera\/\" target=\"_blank\" rel=\"noreferrer noopener nofollow\">https:\/\/laopinion.com\/2026\/08\/19\/acusan-de-favoritismo-a-top-chef-vip-5-por-culpa-de-lupillo-rivera\/<\/a><\/li>\n\n\n\n<li>Telemundo, \u00abLas celebridades lamentan la estrategia de Lupillo Rivera y cuestionan su decisi\u00f3n en Top Chef VIP 5\u00bb, <a href=\"https:\/\/www.telemundo.com\/shows\/top-chef-vip\/video\/las-celebridades-lamentan-la-estrategia-de-lupillo-rivera-y-cuestionan-su-decision-en-top-chef-vip-5-tmvo13217632\" target=\"_blank\" rel=\"noreferrer noopener nofollow\">https:\/\/www.telemundo.com\/shows\/top-chef-vip\/video\/las-celebridades-lamentan-la-estrategia-de-lupillo-rivera-y-cuestionan-su-decision-en-top-chef-vip-5-tmvo13217632<\/a><\/li>\n\n\n\n<li>Telemundo, \u00abTop Chef VIP 5: Mauricio Garza arremete contra Lupillo Rivera y desata discusi\u00f3n\u00bb, <a href=\"https:\/\/www.telemundo.com\/shows\/hoy-dia\/famosos\/video\/top-chef-vip-5-mauricio-garza-arremete-contra-lupillo-rivera-y-desata-discusion-tmvo13217823\" target=\"_blank\" rel=\"noreferrer noopener nofollow\">https:\/\/www.telemundo.com\/shows\/hoy-dia\/famosos\/video\/top-chef-vip-5-mauricio-garza-arremete-contra-lupillo-rivera-y-desata-discusion-tmvo13217823<\/a><\/li>\n\n\n\n<li>Telemundo, \u00abLupillo Rivera prepara una crepa dedicada a su hija en el reto de inmunidad de Top Chef VIP 5\u00bb, <a href=\"https:\/\/www.telemundo.com\/shows\/top-chef-vip\/video\/lupillo-rivera-prepara-una-crepa-dedicada-a-su-hija-en-el-reto-de-inmunidad-de-top-chef-vip-5-tmvo13218362\" target=\"_blank\" rel=\"noreferrer noopener nofollow\">https:\/\/www.telemundo.com\/shows\/top-chef-vip\/video\/lupillo-rivera-prepara-una-crepa-dedicada-a-su-hija-en-el-reto-de-inmunidad-de-top-chef-vip-5-tmvo13218362<\/a><\/li>\n\n\n\n<li>Telemundo, \u00abEl equipo mostaza conquista a los jueces y gana el reto de salvaci\u00f3n en Top Chef VIP 5\u00bb, <a href=\"https:\/\/www.telemundo.com\/shows\/top-chef-vip\/video\/el-equipo-mostaza-conquista-a-los-jueces-y-gana-el-reto-de-salvacion-en-top-chef-vip-5-tmvo13216580\" target=\"_blank\" rel=\"noreferrer noopener nofollow\">https:\/\/www.telemundo.com\/shows\/top-chef-vip\/video\/el-equipo-mostaza-conquista-a-los-jueces-y-gana-el-reto-de-salvacion-en-top-chef-vip-5-tmvo13216580<\/a><\/li>\n\n\n\n<li>Video original: <a href=\"https:\/\/www.youtube.com\/watch?v=fjtqs60MUB4\" target=\"_blank\" rel=\"noreferrer noopener nofollow\">https:\/\/www.youtube.com\/watch?v=fjtqs60MUB4<\/a><\/li>\n\n\n\n<li>Video original: <a href=\"https:\/\/www.youtube.com\/watch?v=u0rUUZHT3_E\" target=\"_blank\" rel=\"noreferrer noopener nofollow\">https:\/\/www.youtube.com\/watch?v=u0rUUZHT3_E<\/a><\/li>\n\n\n\n<li>Video original: <a href=\"https:\/\/www.youtube.com\/watch?v=m2oCqIFzWKc\" target=\"_blank\" rel=\"noreferrer noopener\">https:\/\/www.youtube.com\/watch?v=m2oCqIFzWKc<\/a><\/li>\n<\/ul>\n","protected":false},"excerpt":{"rendered":"<p>Lupillo Rivera se ha convertido en el centro de las tensiones dentro de Top Chef VIP 5, el reality culinario de Telemundo, luego de protagonizar un reto de salvaci\u00f3n con Roberto Romano. <\/p>\n","protected":false},"author":13,"featured_media":255630,"comment_status":"open","ping_status":"closed","sticky":false,"template":"","format":"standard","meta":{"_acf_changed":false,"footnotes":""},"categories":[443,18],"tags":[268,20145,37794,22373,37793,2309,37001],"class_list":["post-255512","post","type-post","status-publish","format-standard","has-post-thumbnail","category-farandula","category-noticias","tag-farandula","tag-lupillo-rivera","tag-mauricio-garza","tag-ninel-conde","tag-roberto-romano","tag-telemundo","tag-top-chef-vip-5"],"acf":[],"yoast_head":"<!-- This site is optimized with the Yoast SEO plugin v28.3 - https:\/\/yoast.com\/product\/yoast-seo-wordpress\/ -->\n<title>Lupillo Rivera concentra tensiones en Top Chef VIP 5 tras se\u00f1alamientos de favoritismo y choques con sus compa\u00f1eros - Cuballama Noticias<\/title>\n<meta name=\"description\" content=\"Lupillo Rivera concentra las tensiones de Top Chef VIP 5 tras la estrategia fallida de Roberto Romano en su contra, se\u00f1alamientos de favoritismo y un choque con Ninel Conde.\" \/>\n<meta name=\"robots\" content=\"index, follow, max-snippet:-1, max-image-preview:large, max-video-preview:-1\" \/>\n<link rel=\"canonical\" href=\"https:\/\/www.cuballama.com\/noticias\/lupillo-rivera-concentra-tensiones-en-top-chef-vip-5-tras-senalamientos-de-favoritismo-y-choques-con-sus-companeros\/\" \/>\n<meta property=\"og:locale\" content=\"es_ES\" \/>\n<meta property=\"og:type\" content=\"article\" \/>\n<meta property=\"og:title\" content=\"Lupillo Rivera concentra tensiones en Top Chef VIP 5 tras se\u00f1alamientos de favoritismo y choques con sus compa\u00f1eros - Cuballama Noticias\" \/>\n<meta property=\"og:description\" content=\"Lupillo Rivera concentra las tensiones de Top Chef VIP 5 tras la estrategia fallida de Roberto Romano en su contra, se\u00f1alamientos de favoritismo y un choque con Ninel Conde.\" \/>\n<meta property=\"og:url\" content=\"https:\/\/www.cuballama.com\/noticias\/lupillo-rivera-concentra-tensiones-en-top-chef-vip-5-tras-senalamientos-de-favoritismo-y-choques-con-sus-companeros\/\" \/>\n<meta property=\"og:site_name\" content=\"Cuballama Noticias\" \/>\n<meta property=\"article:publisher\" content=\"https:\/\/www.facebook.com\/CubaLlama\" \/>\n<meta property=\"article:published_time\" content=\"2026-09-06T00:29:43+00:00\" \/>\n<meta property=\"article:modified_time\" content=\"2026-09-06T00:29:45+00:00\" \/>\n<meta property=\"og:image\" content=\"https:\/\/cdn1.mediawpaccore.net\/wp-content\/uploads\/2026\/08\/31122435\/image-173.png\" \/>\n\t<meta property=\"og:image:width\" content=\"1030\" \/>\n\t<meta property=\"og:image:height\" content=\"540\" \/>\n\t<meta property=\"og:image:type\" content=\"image\/png\" \/>\n<meta name=\"author\" content=\"Roberto A.\" \/>\n<meta name=\"twitter:card\" content=\"summary_large_image\" \/>\n<meta name=\"twitter:creator\" content=\"@cuballama\" \/>\n<meta name=\"twitter:site\" content=\"@cuballama\" \/>\n<meta name=\"twitter:label1\" content=\"Escrito por\" \/>\n\t<meta name=\"twitter:data1\" content=\"Roberto A.\" \/>\n\t<meta name=\"twitter:label2\" content=\"Tiempo de lectura\" \/>\n\t<meta name=\"twitter:data2\" content=\"3 minutos\" \/>\n<script type=\"application\/ld+json\" class=\"yoast-schema-graph\">{\"@context\":\"https:\\\/\\\/schema.org\",\"@graph\":[{\"@type\":\"Article\",\"@id\":\"https:\\\/\\\/www.cuballama.com\\\/noticias\\\/lupillo-rivera-concentra-tensiones-en-top-chef-vip-5-tras-senalamientos-de-favoritismo-y-choques-con-sus-companeros\\\/#article\",\"isPartOf\":{\"@id\":\"https:\\\/\\\/www.cuballama.com\\\/noticias\\\/lupillo-rivera-concentra-tensiones-en-top-chef-vip-5-tras-senalamientos-de-favoritismo-y-choques-con-sus-companeros\\\/\"},\"author\":{\"name\":\"Roberto A.\",\"@id\":\"https:\\\/\\\/www.cuballama.com\\\/noticias\\\/#\\\/schema\\\/person\\\/a58502ed4146c8e9f83872e897c76cd2\"},\"headline\":\"Lupillo Rivera concentra tensiones en Top Chef VIP 5 tras se\u00f1alamientos de favoritismo y choques con sus compa\u00f1eros\",\"datePublished\":\"2026-09-06T00:29:43+00:00\",\"dateModified\":\"2026-09-06T00:29:45+00:00\",\"mainEntityOfPage\":{\"@id\":\"https:\\\/\\\/www.cuballama.com\\\/noticias\\\/lupillo-rivera-concentra-tensiones-en-top-chef-vip-5-tras-senalamientos-de-favoritismo-y-choques-con-sus-companeros\\\/\"},\"wordCount\":661,\"commentCount\":0,\"publisher\":{\"@id\":\"https:\\\/\\\/www.cuballama.com\\\/noticias\\\/#organization\"},\"image\":{\"@id\":\"https:\\\/\\\/www.cuballama.com\\\/noticias\\\/lupillo-rivera-concentra-tensiones-en-top-chef-vip-5-tras-senalamientos-de-favoritismo-y-choques-con-sus-companeros\\\/#primaryimage\"},\"thumbnailUrl\":\"https:\\\/\\\/cdn1.mediawpaccore.net\\\/wp-content\\\/uploads\\\/2026\\\/08\\\/31122435\\\/image-173.png\",\"keywords\":[\"Far\u00e1ndula\",\"Lupillo Rivera\",\"Mauricio Garza\",\"Ninel Conde\",\"Roberto Romano\",\"telemundo\",\"Top Chef VIP 5\"],\"articleSection\":[\"Far\u00e1ndula\",\"Noticias\"],\"inLanguage\":\"es\",\"potentialAction\":[{\"@type\":\"CommentAction\",\"name\":\"Comment\",\"target\":[\"https:\\\/\\\/www.cuballama.com\\\/noticias\\\/lupillo-rivera-concentra-tensiones-en-top-chef-vip-5-tras-senalamientos-de-favoritismo-y-choques-con-sus-companeros\\\/#respond\"]}]},{\"@type\":\"WebPage\",\"@id\":\"https:\\\/\\\/www.cuballama.com\\\/noticias\\\/lupillo-rivera-concentra-tensiones-en-top-chef-vip-5-tras-senalamientos-de-favoritismo-y-choques-con-sus-companeros\\\/\",\"url\":\"https:\\\/\\\/www.cuballama.com\\\/noticias\\\/lupillo-rivera-concentra-tensiones-en-top-chef-vip-5-tras-senalamientos-de-favoritismo-y-choques-con-sus-companeros\\\/\",\"name\":\"Lupillo Rivera concentra tensiones en Top Chef VIP 5 tras se\u00f1alamientos de favoritismo y choques con sus compa\u00f1eros - Cuballama Noticias\",\"isPartOf\":{\"@id\":\"https:\\\/\\\/www.cuballama.com\\\/noticias\\\/#website\"},\"primaryImageOfPage\":{\"@id\":\"https:\\\/\\\/www.cuballama.com\\\/noticias\\\/lupillo-rivera-concentra-tensiones-en-top-chef-vip-5-tras-senalamientos-de-favoritismo-y-choques-con-sus-companeros\\\/#primaryimage\"},\"image\":{\"@id\":\"https:\\\/\\\/www.cuballama.com\\\/noticias\\\/lupillo-rivera-concentra-tensiones-en-top-chef-vip-5-tras-senalamientos-de-favoritismo-y-choques-con-sus-companeros\\\/#primaryimage\"},\"thumbnailUrl\":\"https:\\\/\\\/cdn1.mediawpaccore.net\\\/wp-content\\\/uploads\\\/2026\\\/08\\\/31122435\\\/image-173.png\",\"datePublished\":\"2026-09-06T00:29:43+00:00\",\"dateModified\":\"2026-09-06T00:29:45+00:00\",\"description\":\"Lupillo Rivera concentra las tensiones de Top Chef VIP 5 tras la estrategia fallida de Roberto Romano en su contra, se\u00f1alamientos de favoritismo y un choque con Ninel Conde.\",\"breadcrumb\":{\"@id\":\"https:\\\/\\\/www.cuballama.com\\\/noticias\\\/lupillo-rivera-concentra-tensiones-en-top-chef-vip-5-tras-senalamientos-de-favoritismo-y-choques-con-sus-companeros\\\/#breadcrumb\"},\"inLanguage\":\"es\",\"potentialAction\":[{\"@type\":\"ReadAction\",\"target\":[\"https:\\\/\\\/www.cuballama.com\\\/noticias\\\/lupillo-rivera-concentra-tensiones-en-top-chef-vip-5-tras-senalamientos-de-favoritismo-y-choques-con-sus-companeros\\\/\"]}]},{\"@type\":\"ImageObject\",\"inLanguage\":\"es\",\"@id\":\"https:\\\/\\\/www.cuballama.com\\\/noticias\\\/lupillo-rivera-concentra-tensiones-en-top-chef-vip-5-tras-senalamientos-de-favoritismo-y-choques-con-sus-companeros\\\/#primaryimage\",\"url\":\"https:\\\/\\\/cdn1.mediawpaccore.net\\\/wp-content\\\/uploads\\\/2026\\\/08\\\/31122435\\\/image-173.png\",\"contentUrl\":\"https:\\\/\\\/cdn1.mediawpaccore.net\\\/wp-content\\\/uploads\\\/2026\\\/08\\\/31122435\\\/image-173.png\",\"width\":1030,\"height\":540,\"caption\":\"Foto Generada por la IA a partir de videos\"},{\"@type\":\"BreadcrumbList\",\"@id\":\"https:\\\/\\\/www.cuballama.com\\\/noticias\\\/lupillo-rivera-concentra-tensiones-en-top-chef-vip-5-tras-senalamientos-de-favoritismo-y-choques-con-sus-companeros\\\/#breadcrumb\",\"itemListElement\":[{\"@type\":\"ListItem\",\"position\":1,\"name\":\"Home\",\"item\":\"https:\\\/\\\/www.cuballama.com\\\/noticias\\\/\"},{\"@type\":\"ListItem\",\"position\":2,\"name\":\"Lupillo Rivera concentra tensiones en Top Chef VIP 5 tras se\u00f1alamientos de favoritismo y choques con sus compa\u00f1eros\"}]},{\"@type\":\"WebSite\",\"@id\":\"https:\\\/\\\/www.cuballama.com\\\/noticias\\\/#website\",\"url\":\"https:\\\/\\\/www.cuballama.com\\\/noticias\\\/\",\"name\":\"Cuballama Noticias\",\"description\":\"Medio digital sobre Cuba y el mundo\",\"publisher\":{\"@id\":\"https:\\\/\\\/www.cuballama.com\\\/noticias\\\/#organization\"},\"potentialAction\":[{\"@type\":\"SearchAction\",\"target\":{\"@type\":\"EntryPoint\",\"urlTemplate\":\"https:\\\/\\\/www.cuballama.com\\\/noticias\\\/?s={search_term_string}\"},\"query-input\":{\"@type\":\"PropertyValueSpecification\",\"valueRequired\":true,\"valueName\":\"search_term_string\"}}],\"inLanguage\":\"es\"},{\"@type\":\"Organization\",\"@id\":\"https:\\\/\\\/www.cuballama.com\\\/noticias\\\/#organization\",\"name\":\"Cuballama\",\"url\":\"https:\\\/\\\/www.cuballama.com\\\/noticias\\\/\",\"logo\":{\"@type\":\"ImageObject\",\"inLanguage\":\"es\",\"@id\":\"https:\\\/\\\/www.cuballama.com\\\/noticias\\\/#\\\/schema\\\/logo\\\/image\\\/\",\"url\":\"https:\\\/\\\/cdn1.mediawpaccore.net\\\/wp-content\\\/uploads\\\/2021\\\/12\\\/28171206\\\/cbll-logo-color-sm.png\",\"contentUrl\":\"https:\\\/\\\/cdn1.mediawpaccore.net\\\/wp-content\\\/uploads\\\/2021\\\/12\\\/28171206\\\/cbll-logo-color-sm.png\",\"width\":600,\"height\":133,\"caption\":\"Cuballama\"},\"image\":{\"@id\":\"https:\\\/\\\/www.cuballama.com\\\/noticias\\\/#\\\/schema\\\/logo\\\/image\\\/\"},\"sameAs\":[\"https:\\\/\\\/www.facebook.com\\\/CubaLlama\",\"https:\\\/\\\/x.com\\\/cuballama\",\"https:\\\/\\\/www.instagram.com\\\/stories\\\/cuballama_oficial\\\/\",\"https:\\\/\\\/www.youtube.com\\\/channel\\\/UCKkFE-d_axENGZcrc4as0IA\"]},{\"@type\":\"Person\",\"@id\":\"https:\\\/\\\/www.cuballama.com\\\/noticias\\\/#\\\/schema\\\/person\\\/a58502ed4146c8e9f83872e897c76cd2\",\"name\":\"Roberto A.\",\"description\":\"Roberto A. Periodista por decisi\u00f3n propia. Interesado en cualquier tema que me apasione y cada vez m\u00e1s comprometido con la verdad y la objetividad period\u00edstica. Graduado en La Habana hace ya muchos a\u00f1os, luego de una accidentada y polvorienta b\u00fasqueda de informaci\u00f3n sobre un tema in\u00e9dito. La Tesis, por cierto, desapareci\u00f3 de la biblioteca y no se conservan copias de la misma.\",\"url\":\"https:\\\/\\\/www.cuballama.com\\\/noticias\\\/author\\\/roberto\\\/\"}]}<\/script>\n<!-- \/ Yoast SEO plugin. -->","yoast_head_json":{"title":"Lupillo Rivera concentra tensiones en Top Chef VIP 5 tras se\u00f1alamientos de favoritismo y choques con sus compa\u00f1eros - Cuballama Noticias","description":"Lupillo Rivera concentra las tensiones de Top Chef VIP 5 tras la estrategia fallida de Roberto Romano en su contra, se\u00f1alamientos de favoritismo y un choque con Ninel Conde.","robots":{"index":"index","follow":"follow","max-snippet":"max-snippet:-1","max-image-preview":"max-image-preview:large","max-video-preview":"max-video-preview:-1"},"canonical":"https:\/\/www.cuballama.com\/noticias\/lupillo-rivera-concentra-tensiones-en-top-chef-vip-5-tras-senalamientos-de-favoritismo-y-choques-con-sus-companeros\/","og_locale":"es_ES","og_type":"article","og_title":"Lupillo Rivera concentra tensiones en Top Chef VIP 5 tras se\u00f1alamientos de favoritismo y choques con sus compa\u00f1eros - Cuballama Noticias","og_description":"Lupillo Rivera concentra las tensiones de Top Chef VIP 5 tras la estrategia fallida de Roberto Romano en su contra, se\u00f1alamientos de favoritismo y un choque con Ninel Conde.","og_url":"https:\/\/www.cuballama.com\/noticias\/lupillo-rivera-concentra-tensiones-en-top-chef-vip-5-tras-senalamientos-de-favoritismo-y-choques-con-sus-companeros\/","og_site_name":"Cuballama Noticias","article_publisher":"https:\/\/www.facebook.com\/CubaLlama","article_published_time":"2026-09-06T00:29:43+00:00","article_modified_time":"2026-09-06T00:29:45+00:00","og_image":[{"width":1030,"height":540,"url":"https:\/\/cdn1.mediawpaccore.net\/wp-content\/uploads\/2026\/08\/31122435\/image-173.png","type":"image\/png"}],"author":"Roberto A.","twitter_card":"summary_large_image","twitter_creator":"@cuballama","twitter_site":"@cuballama","twitter_misc":{"Escrito por":"Roberto A.","Tiempo de lectura":"3 minutos"},"schema":{"@context":"https:\/\/schema.org","@graph":[{"@type":"Article","@id":"https:\/\/www.cuballama.com\/noticias\/lupillo-rivera-concentra-tensiones-en-top-chef-vip-5-tras-senalamientos-de-favoritismo-y-choques-con-sus-companeros\/#article","isPartOf":{"@id":"https:\/\/www.cuballama.com\/noticias\/lupillo-rivera-concentra-tensiones-en-top-chef-vip-5-tras-senalamientos-de-favoritismo-y-choques-con-sus-companeros\/"},"author":{"name":"Roberto A.","@id":"https:\/\/www.cuballama.com\/noticias\/#\/schema\/person\/a58502ed4146c8e9f83872e897c76cd2"},"headline":"Lupillo Rivera concentra tensiones en Top Chef VIP 5 tras se\u00f1alamientos de favoritismo y choques con sus compa\u00f1eros","datePublished":"2026-09-06T00:29:43+00:00","dateModified":"2026-09-06T00:29:45+00:00","mainEntityOfPage":{"@id":"https:\/\/www.cuballama.com\/noticias\/lupillo-rivera-concentra-tensiones-en-top-chef-vip-5-tras-senalamientos-de-favoritismo-y-choques-con-sus-companeros\/"},"wordCount":661,"commentCount":0,"publisher":{"@id":"https:\/\/www.cuballama.com\/noticias\/#organization"},"image":{"@id":"https:\/\/www.cuballama.com\/noticias\/lupillo-rivera-concentra-tensiones-en-top-chef-vip-5-tras-senalamientos-de-favoritismo-y-choques-con-sus-companeros\/#primaryimage"},"thumbnailUrl":"https:\/\/cdn1.mediawpaccore.net\/wp-content\/uploads\/2026\/08\/31122435\/image-173.png","keywords":["Far\u00e1ndula","Lupillo Rivera","Mauricio Garza","Ninel Conde","Roberto Romano","telemundo","Top Chef VIP 5"],"articleSection":["Far\u00e1ndula","Noticias"],"inLanguage":"es","potentialAction":[{"@type":"CommentAction","name":"Comment","target":["https:\/\/www.cuballama.com\/noticias\/lupillo-rivera-concentra-tensiones-en-top-chef-vip-5-tras-senalamientos-de-favoritismo-y-choques-con-sus-companeros\/#respond"]}]},{"@type":"WebPage","@id":"https:\/\/www.cuballama.com\/noticias\/lupillo-rivera-concentra-tensiones-en-top-chef-vip-5-tras-senalamientos-de-favoritismo-y-choques-con-sus-companeros\/","url":"https:\/\/www.cuballama.com\/noticias\/lupillo-rivera-concentra-tensiones-en-top-chef-vip-5-tras-senalamientos-de-favoritismo-y-choques-con-sus-companeros\/","name":"Lupillo Rivera concentra tensiones en Top Chef VIP 5 tras se\u00f1alamientos de favoritismo y choques con sus compa\u00f1eros - Cuballama Noticias","isPartOf":{"@id":"https:\/\/www.cuballama.com\/noticias\/#website"},"primaryImageOfPage":{"@id":"https:\/\/www.cuballama.com\/noticias\/lupillo-rivera-concentra-tensiones-en-top-chef-vip-5-tras-senalamientos-de-favoritismo-y-choques-con-sus-companeros\/#primaryimage"},"image":{"@id":"https:\/\/www.cuballama.com\/noticias\/lupillo-rivera-concentra-tensiones-en-top-chef-vip-5-tras-senalamientos-de-favoritismo-y-choques-con-sus-companeros\/#primaryimage"},"thumbnailUrl":"https:\/\/cdn1.mediawpaccore.net\/wp-content\/uploads\/2026\/08\/31122435\/image-173.png","datePublished":"2026-09-06T00:29:43+00:00","dateModified":"2026-09-06T00:29:45+00:00","description":"Lupillo Rivera concentra las tensiones de Top Chef VIP 5 tras la estrategia fallida de Roberto Romano en su contra, se\u00f1alamientos de favoritismo y un choque con Ninel Conde.","breadcrumb":{"@id":"https:\/\/www.cuballama.com\/noticias\/lupillo-rivera-concentra-tensiones-en-top-chef-vip-5-tras-senalamientos-de-favoritismo-y-choques-con-sus-companeros\/#breadcrumb"},"inLanguage":"es","potentialAction":[{"@type":"ReadAction","target":["https:\/\/www.cuballama.com\/noticias\/lupillo-rivera-concentra-tensiones-en-top-chef-vip-5-tras-senalamientos-de-favoritismo-y-choques-con-sus-companeros\/"]}]},{"@type":"ImageObject","inLanguage":"es","@id":"https:\/\/www.cuballama.com\/noticias\/lupillo-rivera-concentra-tensiones-en-top-chef-vip-5-tras-senalamientos-de-favoritismo-y-choques-con-sus-companeros\/#primaryimage","url":"https:\/\/cdn1.mediawpaccore.net\/wp-content\/uploads\/2026\/08\/31122435\/image-173.png","contentUrl":"https:\/\/cdn1.mediawpaccore.net\/wp-content\/uploads\/2026\/08\/31122435\/image-173.png","width":1030,"height":540,"caption":"Foto Generada por la IA a partir de videos"},{"@type":"BreadcrumbList","@id":"https:\/\/www.cuballama.com\/noticias\/lupillo-rivera-concentra-tensiones-en-top-chef-vip-5-tras-senalamientos-de-favoritismo-y-choques-con-sus-companeros\/#breadcrumb","itemListElement":[{"@type":"ListItem","position":1,"name":"Home","item":"https:\/\/www.cuballama.com\/noticias\/"},{"@type":"ListItem","position":2,"name":"Lupillo Rivera concentra tensiones en Top Chef VIP 5 tras se\u00f1alamientos de favoritismo y choques con sus compa\u00f1eros"}]},{"@type":"WebSite","@id":"https:\/\/www.cuballama.com\/noticias\/#website","url":"https:\/\/www.cuballama.com\/noticias\/","name":"Cuballama Noticias","description":"Medio digital sobre Cuba y el mundo","publisher":{"@id":"https:\/\/www.cuballama.com\/noticias\/#organization"},"potentialAction":[{"@type":"SearchAction","target":{"@type":"EntryPoint","urlTemplate":"https:\/\/www.cuballama.com\/noticias\/?s={search_term_string}"},"query-input":{"@type":"PropertyValueSpecification","valueRequired":true,"valueName":"search_term_string"}}],"inLanguage":"es"},{"@type":"Organization","@id":"https:\/\/www.cuballama.com\/noticias\/#organization","name":"Cuballama","url":"https:\/\/www.cuballama.com\/noticias\/","logo":{"@type":"ImageObject","inLanguage":"es","@id":"https:\/\/www.cuballama.com\/noticias\/#\/schema\/logo\/image\/","url":"https:\/\/cdn1.mediawpaccore.net\/wp-content\/uploads\/2021\/12\/28171206\/cbll-logo-color-sm.png","contentUrl":"https:\/\/cdn1.mediawpaccore.net\/wp-content\/uploads\/2021\/12\/28171206\/cbll-logo-color-sm.png","width":600,"height":133,"caption":"Cuballama"},"image":{"@id":"https:\/\/www.cuballama.com\/noticias\/#\/schema\/logo\/image\/"},"sameAs":["https:\/\/www.facebook.com\/CubaLlama","https:\/\/x.com\/cuballama","https:\/\/www.instagram.com\/stories\/cuballama_oficial\/","https:\/\/www.youtube.com\/channel\/UCKkFE-d_axENGZcrc4as0IA"]},{"@type":"Person","@id":"https:\/\/www.cuballama.com\/noticias\/#\/schema\/person\/a58502ed4146c8e9f83872e897c76cd2","name":"Roberto A.","description":"Roberto A. Periodista por decisi\u00f3n propia. Interesado en cualquier tema que me apasione y cada vez m\u00e1s comprometido con la verdad y la objetividad period\u00edstica. Graduado en La Habana hace ya muchos a\u00f1os, luego de una accidentada y polvorienta b\u00fasqueda de informaci\u00f3n sobre un tema in\u00e9dito. La Tesis, por cierto, desapareci\u00f3 de la biblioteca y no se conservan copias de la misma.","url":"https:\/\/www.cuballama.com\/noticias\/author\/roberto\/"}]}},"_links":{"self":[{"href":"https:\/\/www.cuballama.com\/noticias\/wp-json\/wp\/v2\/posts\/255512","targetHints":{"allow":["GET"]}}],"collection":[{"href":"https:\/\/www.cuballama.com\/noticias\/wp-json\/wp\/v2\/posts"}],"about":[{"href":"https:\/\/www.cuballama.com\/noticias\/wp-json\/wp\/v2\/types\/post"}],"author":[{"embeddable":true,"href":"https:\/\/www.cuballama.com\/noticias\/wp-json\/wp\/v2\/users\/13"}],"replies":[{"embeddable":true,"href":"https:\/\/www.cuballama.com\/noticias\/wp-json\/wp\/v2\/comments?post=255512"}],"version-history":[{"count":3,"href":"https:\/\/www.cuballama.com\/noticias\/wp-json\/wp\/v2\/posts\/255512\/revisions"}],"predecessor-version":[{"id":255633,"href":"https:\/\/www.cuballama.com\/noticias\/wp-json\/wp\/v2\/posts\/255512\/revisions\/255633"}],"wp:featuredmedia":[{"embeddable":true,"href":"https:\/\/www.cuballama.com\/noticias\/wp-json\/wp\/v2\/media\/255630"}],"wp:attachment":[{"href":"https:\/\/www.cuballama.com\/noticias\/wp-json\/wp\/v2\/media?parent=255512"}],"wp:term":[{"taxonomy":"category","embeddable":true,"href":"https:\/\/www.cuballama.com\/noticias\/wp-json\/wp\/v2\/categories?post=255512"},{"taxonomy":"post_tag","embeddable":true,"href":"https:\/\/www.cuballama.com\/noticias\/wp-json\/wp\/v2\/tags?post=255512"}],"curies":[{"name":"wp","href":"https:\/\/api.w.org\/{rel}","templated":true}]}}