{"id":255505,"date":"2026-09-01T18:21:28","date_gmt":"2026-09-01T22:21:28","guid":{"rendered":"https:\/\/www.cuballama.com\/noticias\/?p=255505"},"modified":"2026-09-01T18:21:30","modified_gmt":"2026-09-01T22:21:30","slug":"televisaunivision-prepara-homenaje-a-juan-gabriel-por-el-decimo-aniversario-de-su-muerte","status":"publish","type":"post","link":"https:\/\/www.cuballama.com\/noticias\/televisaunivision-prepara-homenaje-a-juan-gabriel-por-el-decimo-aniversario-de-su-muerte\/","title":{"rendered":"TelevisaUnivision prepara homenaje a Juan Gabriel por el d\u00e9cimo aniversario de su muerte"},"content":{"rendered":"\n<h2 class=\"wp-block-heading\">A diez a\u00f1os de su partida, Univisi\u00f3n y ViX alistan especiales dedicados a Juan Gabriel bajo \u00abJuanga Por Siempre\u00bb. <\/h2>\n\n\n\n<h2 class=\"wp-block-heading\">Las Estrellas, Univisi\u00f3n y ViX preparan contenido especial para conmemorar una d\u00e9cada sin Juan Gabriel, bajo la campa\u00f1a \u00abJuanga Por Siempre\u00bb.<\/h2>\n\n\n\n<p class=\"wp-block-paragraph\">TelevisaUnivision prepara una serie de contenidos especiales para conmemorar los diez a\u00f1os de la muerte de Juan Gabriel, ocurrida el 28 de agosto de 2016 en Santa M\u00f3nica, California. La celebraci\u00f3n, bajo la etiqueta \u00abJuanga Por Siempre\u00bb, se transmitir\u00e1 a trav\u00e9s de Las Estrellas, Univisi\u00f3n y la plataforma de streaming ViX.<\/p>\n\n\n\n<p class=\"wp-block-paragraph\">El 28 de agosto de 2026 se cumplieron diez a\u00f1os del fallecimiento de Alberto Aguilera Valadez, nombre real del cantante, conocido popularmente como \u00abEl Divo de Ju\u00e1rez\u00bb. TelevisaUnivision anunci\u00f3 que prepara una celebraci\u00f3n especial para honrar su vida y legado musical, seg\u00fan confirm\u00f3 Las Estrellas en su sitio oficial. La transmisi\u00f3n buscar\u00e1 acercar a las nuevas generaciones \u00absu historia, su m\u00fasica y sus momentos m\u00e1s memorables\u00bb, de acuerdo con el comunicado de la cadena.<\/p>\n\n\n\n<p class=\"wp-block-paragraph\">Juan Gabriel es considerado uno de los compositores m\u00e1s prol\u00edficos e influyentes de la m\u00fasica popular mexicana, con un cat\u00e1logo de m\u00e1s de 1,800 canciones a lo largo de una carrera de m\u00e1s de cuatro d\u00e9cadas. Temas como \u00abAmor Eterno\u00bb, \u00abQuerida\u00bb, \u00abHasta Que Te Conoc\u00ed\u00bb y \u00abAs\u00ed Fue\u00bb se mantienen vigentes en la m\u00fasica regional mexicana y han sido versionados por artistas de distintas generaciones, desde Roc\u00edo D\u00farcal hasta int\u00e9rpretes contempor\u00e1neos. Su legado tambi\u00e9n incluye giras multitudinarias y presentaciones hist\u00f3ricas, como su concierto en el Palacio de Bellas Artes en 1990, que marc\u00f3 un hito para un artista de m\u00fasica popular en ese recinto.<\/p>\n\n\n\n<h2 class=\"wp-block-heading\">La campa\u00f1a \u00abJuanga Por Siempre\u00bb<\/h2>\n\n\n\n<p class=\"wp-block-paragraph\">Univisi\u00f3n adelant\u00f3 parte del contenido conmemorativo a trav\u00e9s de una serie de videos cortos en YouTube bajo el hashtag #JuangaPorSiempreUS, en los que se destaca c\u00f3mo el cantante llev\u00f3 su m\u00fasica \u00abm\u00e1s all\u00e1 de M\u00e9xico\u00bb y la huella que dej\u00f3 en la industria musical latina. Uno de los clips resalta su proyecci\u00f3n internacional, mientras que otro enfatiza el car\u00e1cter \u00abimposible de borrar\u00bb de su legado art\u00edstico. El material promociona la transmisi\u00f3n \u00abpr\u00f3ximamente por Las Estrellas y ViX\u00bb, aunque no se ha precisado todav\u00eda una fecha exacta ni el formato final del especial.<\/p>\n\n\n\n<p class=\"wp-block-paragraph\">La conmemoraci\u00f3n se produce en un momento en que la m\u00fasica de Juan Gabriel contin\u00faa generando ingresos e inter\u00e9s significativos a trav\u00e9s de plataformas de streaming, giras tributo y producciones televisivas, lo que refuerza la vigencia de su figura una d\u00e9cada despu\u00e9s de su muerte.<\/p>\n\n\n\n<h2 class=\"wp-block-heading\">Otros homenajes en la fecha<\/h2>\n\n\n\n<p class=\"wp-block-paragraph\">El aniversario tambi\u00e9n ha sido marcado por actividades fuera de la televisi\u00f3n. Cada 28 de agosto, admiradores del cantante suelen reunirse en el Parque de la Amistad de Ciudad Ju\u00e1rez, donde se ubica su tumba, para dejar flores y cantar sus temas m\u00e1s conocidos, una tradici\u00f3n que se ha mantenido desde su fallecimiento en 2016. En a\u00f1os anteriores, la fecha tambi\u00e9n ha sido acompa\u00f1ada de reposiciones de sus especiales musicales y de menciones de otros artistas de la industria que han reconocido p\u00fablicamente su influencia en la m\u00fasica popular mexicana. Se espera que la cobertura de TelevisaUnivision bajo \u00abJuanga Por Siempre\u00bb se sume a este tipo de conmemoraciones ya establecidas entre sus seguidores.<\/p>\n\n\n\n<p class=\"wp-block-paragraph\">FUENTES:<\/p>\n\n\n\n<ul class=\"wp-block-list\">\n<li><a href=\"https:\/\/www.lasestrellas.tv\/famosos\/juan-gabriel-regresa-a-televisaunivision-para-celebrar-su-legado-musical-enterate\" target=\"_blank\" rel=\"noreferrer noopener nofollow\">https:\/\/www.lasestrellas.tv\/famosos\/juan-gabriel-regresa-a-televisaunivision-para-celebrar-su-legado-musical-enterate<\/a><\/li>\n\n\n\n<li>Video (fuente original del pipeline): <a href=\"https:\/\/www.youtube.com\/shorts\/hNPCEeHKhrE\" target=\"_blank\" rel=\"noreferrer noopener nofollow\">https:\/\/www.youtube.com\/shorts\/hNPCEeHKhrE<\/a><\/li>\n\n\n\n<li>Video (fuente original del pipeline): <a href=\"https:\/\/www.youtube.com\/shorts\/6ttI6l2zOrU\" target=\"_blank\" rel=\"noreferrer noopener\">https:\/\/www.youtube.com\/shorts\/6ttI6l2zOrU<\/a><\/li>\n<\/ul>\n","protected":false},"excerpt":{"rendered":"<p>A una d\u00e9cada de su fallecimiento, Las Estrellas, Univisi\u00f3n y ViX preparan contenido especial para honrar la m\u00fasica y el legado de Juan Gabriel bajo la campa\u00f1a \u00abJuanga Por Siempre.\u00bb<\/p>\n","protected":false},"author":13,"featured_media":255628,"comment_status":"open","ping_status":"closed","sticky":false,"template":"","format":"standard","meta":{"_acf_changed":false,"footnotes":""},"categories":[443,18,957],"tags":[2954,37777,37778,37776,18323,34854],"class_list":["post-255505","post","type-post","status-publish","format-standard","has-post-thumbnail","category-farandula","category-noticias","category-noticias-internacionales","tag-juan-gabriel","tag-las-estrellas","tag-musica-regional-mexicana","tag-televisaunivision","tag-univision-2","tag-vix"],"acf":[],"yoast_head":"<!-- This site is optimized with the Yoast SEO plugin v28.3 - https:\/\/yoast.com\/product\/yoast-seo-wordpress\/ -->\n<title>TelevisaUnivision prepara homenaje a Juan Gabriel por el d\u00e9cimo aniversario de su muerte - Cuballama Noticias<\/title>\n<meta name=\"description\" content=\"TelevisaUnivision anuncia contenido especial a diez a\u00f1os de la muerte de Juan Gabriel, bajo la campa\u00f1a &quot;Juanga Por Siempre&quot;, con transmisi\u00f3n en Las Estrellas, Univisi\u00f3n y ViX.\" \/>\n<meta name=\"robots\" content=\"index, follow, max-snippet:-1, max-image-preview:large, max-video-preview:-1\" \/>\n<link rel=\"canonical\" href=\"https:\/\/www.cuballama.com\/noticias\/televisaunivision-prepara-homenaje-a-juan-gabriel-por-el-decimo-aniversario-de-su-muerte\/\" \/>\n<meta property=\"og:locale\" content=\"es_ES\" \/>\n<meta property=\"og:type\" content=\"article\" \/>\n<meta property=\"og:title\" content=\"TelevisaUnivision prepara homenaje a Juan Gabriel por el d\u00e9cimo aniversario de su muerte - Cuballama Noticias\" \/>\n<meta property=\"og:description\" content=\"TelevisaUnivision anuncia contenido especial a diez a\u00f1os de la muerte de Juan Gabriel, bajo la campa\u00f1a &quot;Juanga Por Siempre&quot;, con transmisi\u00f3n en Las Estrellas, Univisi\u00f3n y ViX.\" \/>\n<meta property=\"og:url\" content=\"https:\/\/www.cuballama.com\/noticias\/televisaunivision-prepara-homenaje-a-juan-gabriel-por-el-decimo-aniversario-de-su-muerte\/\" \/>\n<meta property=\"og:site_name\" content=\"Cuballama Noticias\" \/>\n<meta property=\"article:publisher\" content=\"https:\/\/www.facebook.com\/CubaLlama\" \/>\n<meta property=\"article:published_time\" content=\"2026-09-01T22:21:28+00:00\" \/>\n<meta property=\"article:modified_time\" content=\"2026-09-01T22:21:30+00:00\" \/>\n<meta property=\"og:image\" content=\"https:\/\/cdn1.mediawpaccore.net\/wp-content\/uploads\/2026\/08\/31121942\/Juan_Gabriel_en_el_Encuentro_Internacional_del_Mariachi_y_la_Charreria-e1788193242121.jpg\" \/>\n\t<meta property=\"og:image:width\" content=\"1200\" \/>\n\t<meta property=\"og:image:height\" content=\"630\" \/>\n\t<meta property=\"og:image:type\" content=\"image\/jpeg\" \/>\n<meta name=\"author\" content=\"Roberto A.\" \/>\n<meta name=\"twitter:card\" content=\"summary_large_image\" \/>\n<meta name=\"twitter:creator\" content=\"@cuballama\" \/>\n<meta name=\"twitter:site\" content=\"@cuballama\" \/>\n<meta name=\"twitter:label1\" content=\"Escrito por\" \/>\n\t<meta name=\"twitter:data1\" content=\"Roberto A.\" \/>\n\t<meta name=\"twitter:label2\" content=\"Tiempo de lectura\" \/>\n\t<meta name=\"twitter:data2\" content=\"3 minutos\" \/>\n<script type=\"application\/ld+json\" class=\"yoast-schema-graph\">{\"@context\":\"https:\\\/\\\/schema.org\",\"@graph\":[{\"@type\":\"Article\",\"@id\":\"https:\\\/\\\/www.cuballama.com\\\/noticias\\\/televisaunivision-prepara-homenaje-a-juan-gabriel-por-el-decimo-aniversario-de-su-muerte\\\/#article\",\"isPartOf\":{\"@id\":\"https:\\\/\\\/www.cuballama.com\\\/noticias\\\/televisaunivision-prepara-homenaje-a-juan-gabriel-por-el-decimo-aniversario-de-su-muerte\\\/\"},\"author\":{\"name\":\"Roberto A.\",\"@id\":\"https:\\\/\\\/www.cuballama.com\\\/noticias\\\/#\\\/schema\\\/person\\\/a58502ed4146c8e9f83872e897c76cd2\"},\"headline\":\"TelevisaUnivision prepara homenaje a Juan Gabriel por el d\u00e9cimo aniversario de su muerte\",\"datePublished\":\"2026-09-01T22:21:28+00:00\",\"dateModified\":\"2026-09-01T22:21:30+00:00\",\"mainEntityOfPage\":{\"@id\":\"https:\\\/\\\/www.cuballama.com\\\/noticias\\\/televisaunivision-prepara-homenaje-a-juan-gabriel-por-el-decimo-aniversario-de-su-muerte\\\/\"},\"wordCount\":628,\"commentCount\":0,\"publisher\":{\"@id\":\"https:\\\/\\\/www.cuballama.com\\\/noticias\\\/#organization\"},\"image\":{\"@id\":\"https:\\\/\\\/www.cuballama.com\\\/noticias\\\/televisaunivision-prepara-homenaje-a-juan-gabriel-por-el-decimo-aniversario-de-su-muerte\\\/#primaryimage\"},\"thumbnailUrl\":\"https:\\\/\\\/cdn1.mediawpaccore.net\\\/wp-content\\\/uploads\\\/2026\\\/08\\\/31121942\\\/Juan_Gabriel_en_el_Encuentro_Internacional_del_Mariachi_y_la_Charreria-e1788193242121.jpg\",\"keywords\":[\"Juan Gabriel\",\"Las Estrellas\",\"m\u00fasica regional mexicana\",\"TelevisaUnivision\",\"Univisi\u00f3n\",\"ViX\"],\"articleSection\":[\"Far\u00e1ndula\",\"Noticias\",\"Noticias Internacionales\"],\"inLanguage\":\"es\",\"potentialAction\":[{\"@type\":\"CommentAction\",\"name\":\"Comment\",\"target\":[\"https:\\\/\\\/www.cuballama.com\\\/noticias\\\/televisaunivision-prepara-homenaje-a-juan-gabriel-por-el-decimo-aniversario-de-su-muerte\\\/#respond\"]}]},{\"@type\":\"WebPage\",\"@id\":\"https:\\\/\\\/www.cuballama.com\\\/noticias\\\/televisaunivision-prepara-homenaje-a-juan-gabriel-por-el-decimo-aniversario-de-su-muerte\\\/\",\"url\":\"https:\\\/\\\/www.cuballama.com\\\/noticias\\\/televisaunivision-prepara-homenaje-a-juan-gabriel-por-el-decimo-aniversario-de-su-muerte\\\/\",\"name\":\"TelevisaUnivision prepara homenaje a Juan Gabriel por el d\u00e9cimo aniversario de su muerte - Cuballama Noticias\",\"isPartOf\":{\"@id\":\"https:\\\/\\\/www.cuballama.com\\\/noticias\\\/#website\"},\"primaryImageOfPage\":{\"@id\":\"https:\\\/\\\/www.cuballama.com\\\/noticias\\\/televisaunivision-prepara-homenaje-a-juan-gabriel-por-el-decimo-aniversario-de-su-muerte\\\/#primaryimage\"},\"image\":{\"@id\":\"https:\\\/\\\/www.cuballama.com\\\/noticias\\\/televisaunivision-prepara-homenaje-a-juan-gabriel-por-el-decimo-aniversario-de-su-muerte\\\/#primaryimage\"},\"thumbnailUrl\":\"https:\\\/\\\/cdn1.mediawpaccore.net\\\/wp-content\\\/uploads\\\/2026\\\/08\\\/31121942\\\/Juan_Gabriel_en_el_Encuentro_Internacional_del_Mariachi_y_la_Charreria-e1788193242121.jpg\",\"datePublished\":\"2026-09-01T22:21:28+00:00\",\"dateModified\":\"2026-09-01T22:21:30+00:00\",\"description\":\"TelevisaUnivision anuncia contenido especial a diez a\u00f1os de la muerte de Juan Gabriel, bajo la campa\u00f1a \\\"Juanga Por Siempre\\\", con transmisi\u00f3n en Las Estrellas, Univisi\u00f3n y ViX.\",\"breadcrumb\":{\"@id\":\"https:\\\/\\\/www.cuballama.com\\\/noticias\\\/televisaunivision-prepara-homenaje-a-juan-gabriel-por-el-decimo-aniversario-de-su-muerte\\\/#breadcrumb\"},\"inLanguage\":\"es\",\"potentialAction\":[{\"@type\":\"ReadAction\",\"target\":[\"https:\\\/\\\/www.cuballama.com\\\/noticias\\\/televisaunivision-prepara-homenaje-a-juan-gabriel-por-el-decimo-aniversario-de-su-muerte\\\/\"]}]},{\"@type\":\"ImageObject\",\"inLanguage\":\"es\",\"@id\":\"https:\\\/\\\/www.cuballama.com\\\/noticias\\\/televisaunivision-prepara-homenaje-a-juan-gabriel-por-el-decimo-aniversario-de-su-muerte\\\/#primaryimage\",\"url\":\"https:\\\/\\\/cdn1.mediawpaccore.net\\\/wp-content\\\/uploads\\\/2026\\\/08\\\/31121942\\\/Juan_Gabriel_en_el_Encuentro_Internacional_del_Mariachi_y_la_Charreria-e1788193242121.jpg\",\"contentUrl\":\"https:\\\/\\\/cdn1.mediawpaccore.net\\\/wp-content\\\/uploads\\\/2026\\\/08\\\/31121942\\\/Juan_Gabriel_en_el_Encuentro_Internacional_del_Mariachi_y_la_Charreria-e1788193242121.jpg\",\"width\":1200,\"height\":630,\"caption\":\"Juan Gabriel en el Encuentro Internacional del Mariachi y la Charrer\u00eda. Autor: Kevin Josu\u00e9 Ibarra Salazar. Imagen publicada en Wikimedia Commons bajo licencia CC BY-SA 4.0. (cropped)\"},{\"@type\":\"BreadcrumbList\",\"@id\":\"https:\\\/\\\/www.cuballama.com\\\/noticias\\\/televisaunivision-prepara-homenaje-a-juan-gabriel-por-el-decimo-aniversario-de-su-muerte\\\/#breadcrumb\",\"itemListElement\":[{\"@type\":\"ListItem\",\"position\":1,\"name\":\"Home\",\"item\":\"https:\\\/\\\/www.cuballama.com\\\/noticias\\\/\"},{\"@type\":\"ListItem\",\"position\":2,\"name\":\"TelevisaUnivision prepara homenaje a Juan Gabriel por el d\u00e9cimo aniversario de su muerte\"}]},{\"@type\":\"WebSite\",\"@id\":\"https:\\\/\\\/www.cuballama.com\\\/noticias\\\/#website\",\"url\":\"https:\\\/\\\/www.cuballama.com\\\/noticias\\\/\",\"name\":\"Cuballama Noticias\",\"description\":\"Medio digital sobre Cuba y el mundo\",\"publisher\":{\"@id\":\"https:\\\/\\\/www.cuballama.com\\\/noticias\\\/#organization\"},\"potentialAction\":[{\"@type\":\"SearchAction\",\"target\":{\"@type\":\"EntryPoint\",\"urlTemplate\":\"https:\\\/\\\/www.cuballama.com\\\/noticias\\\/?s={search_term_string}\"},\"query-input\":{\"@type\":\"PropertyValueSpecification\",\"valueRequired\":true,\"valueName\":\"search_term_string\"}}],\"inLanguage\":\"es\"},{\"@type\":\"Organization\",\"@id\":\"https:\\\/\\\/www.cuballama.com\\\/noticias\\\/#organization\",\"name\":\"Cuballama\",\"url\":\"https:\\\/\\\/www.cuballama.com\\\/noticias\\\/\",\"logo\":{\"@type\":\"ImageObject\",\"inLanguage\":\"es\",\"@id\":\"https:\\\/\\\/www.cuballama.com\\\/noticias\\\/#\\\/schema\\\/logo\\\/image\\\/\",\"url\":\"https:\\\/\\\/cdn1.mediawpaccore.net\\\/wp-content\\\/uploads\\\/2021\\\/12\\\/28171206\\\/cbll-logo-color-sm.png\",\"contentUrl\":\"https:\\\/\\\/cdn1.mediawpaccore.net\\\/wp-content\\\/uploads\\\/2021\\\/12\\\/28171206\\\/cbll-logo-color-sm.png\",\"width\":600,\"height\":133,\"caption\":\"Cuballama\"},\"image\":{\"@id\":\"https:\\\/\\\/www.cuballama.com\\\/noticias\\\/#\\\/schema\\\/logo\\\/image\\\/\"},\"sameAs\":[\"https:\\\/\\\/www.facebook.com\\\/CubaLlama\",\"https:\\\/\\\/x.com\\\/cuballama\",\"https:\\\/\\\/www.instagram.com\\\/stories\\\/cuballama_oficial\\\/\",\"https:\\\/\\\/www.youtube.com\\\/channel\\\/UCKkFE-d_axENGZcrc4as0IA\"]},{\"@type\":\"Person\",\"@id\":\"https:\\\/\\\/www.cuballama.com\\\/noticias\\\/#\\\/schema\\\/person\\\/a58502ed4146c8e9f83872e897c76cd2\",\"name\":\"Roberto A.\",\"description\":\"Roberto A. Periodista por decisi\u00f3n propia. Interesado en cualquier tema que me apasione y cada vez m\u00e1s comprometido con la verdad y la objetividad period\u00edstica. Graduado en La Habana hace ya muchos a\u00f1os, luego de una accidentada y polvorienta b\u00fasqueda de informaci\u00f3n sobre un tema in\u00e9dito. La Tesis, por cierto, desapareci\u00f3 de la biblioteca y no se conservan copias de la misma.\",\"url\":\"https:\\\/\\\/www.cuballama.com\\\/noticias\\\/author\\\/roberto\\\/\"}]}<\/script>\n<!-- \/ Yoast SEO plugin. -->","yoast_head_json":{"title":"TelevisaUnivision prepara homenaje a Juan Gabriel por el d\u00e9cimo aniversario de su muerte - Cuballama Noticias","description":"TelevisaUnivision anuncia contenido especial a diez a\u00f1os de la muerte de Juan Gabriel, bajo la campa\u00f1a \"Juanga Por Siempre\", con transmisi\u00f3n en Las Estrellas, Univisi\u00f3n y ViX.","robots":{"index":"index","follow":"follow","max-snippet":"max-snippet:-1","max-image-preview":"max-image-preview:large","max-video-preview":"max-video-preview:-1"},"canonical":"https:\/\/www.cuballama.com\/noticias\/televisaunivision-prepara-homenaje-a-juan-gabriel-por-el-decimo-aniversario-de-su-muerte\/","og_locale":"es_ES","og_type":"article","og_title":"TelevisaUnivision prepara homenaje a Juan Gabriel por el d\u00e9cimo aniversario de su muerte - Cuballama Noticias","og_description":"TelevisaUnivision anuncia contenido especial a diez a\u00f1os de la muerte de Juan Gabriel, bajo la campa\u00f1a \"Juanga Por Siempre\", con transmisi\u00f3n en Las Estrellas, Univisi\u00f3n y ViX.","og_url":"https:\/\/www.cuballama.com\/noticias\/televisaunivision-prepara-homenaje-a-juan-gabriel-por-el-decimo-aniversario-de-su-muerte\/","og_site_name":"Cuballama Noticias","article_publisher":"https:\/\/www.facebook.com\/CubaLlama","article_published_time":"2026-09-01T22:21:28+00:00","article_modified_time":"2026-09-01T22:21:30+00:00","og_image":[{"width":1200,"height":630,"url":"https:\/\/cdn1.mediawpaccore.net\/wp-content\/uploads\/2026\/08\/31121942\/Juan_Gabriel_en_el_Encuentro_Internacional_del_Mariachi_y_la_Charreria-e1788193242121.jpg","type":"image\/jpeg"}],"author":"Roberto A.","twitter_card":"summary_large_image","twitter_creator":"@cuballama","twitter_site":"@cuballama","twitter_misc":{"Escrito por":"Roberto A.","Tiempo de lectura":"3 minutos"},"schema":{"@context":"https:\/\/schema.org","@graph":[{"@type":"Article","@id":"https:\/\/www.cuballama.com\/noticias\/televisaunivision-prepara-homenaje-a-juan-gabriel-por-el-decimo-aniversario-de-su-muerte\/#article","isPartOf":{"@id":"https:\/\/www.cuballama.com\/noticias\/televisaunivision-prepara-homenaje-a-juan-gabriel-por-el-decimo-aniversario-de-su-muerte\/"},"author":{"name":"Roberto A.","@id":"https:\/\/www.cuballama.com\/noticias\/#\/schema\/person\/a58502ed4146c8e9f83872e897c76cd2"},"headline":"TelevisaUnivision prepara homenaje a Juan Gabriel por el d\u00e9cimo aniversario de su muerte","datePublished":"2026-09-01T22:21:28+00:00","dateModified":"2026-09-01T22:21:30+00:00","mainEntityOfPage":{"@id":"https:\/\/www.cuballama.com\/noticias\/televisaunivision-prepara-homenaje-a-juan-gabriel-por-el-decimo-aniversario-de-su-muerte\/"},"wordCount":628,"commentCount":0,"publisher":{"@id":"https:\/\/www.cuballama.com\/noticias\/#organization"},"image":{"@id":"https:\/\/www.cuballama.com\/noticias\/televisaunivision-prepara-homenaje-a-juan-gabriel-por-el-decimo-aniversario-de-su-muerte\/#primaryimage"},"thumbnailUrl":"https:\/\/cdn1.mediawpaccore.net\/wp-content\/uploads\/2026\/08\/31121942\/Juan_Gabriel_en_el_Encuentro_Internacional_del_Mariachi_y_la_Charreria-e1788193242121.jpg","keywords":["Juan Gabriel","Las Estrellas","m\u00fasica regional mexicana","TelevisaUnivision","Univisi\u00f3n","ViX"],"articleSection":["Far\u00e1ndula","Noticias","Noticias Internacionales"],"inLanguage":"es","potentialAction":[{"@type":"CommentAction","name":"Comment","target":["https:\/\/www.cuballama.com\/noticias\/televisaunivision-prepara-homenaje-a-juan-gabriel-por-el-decimo-aniversario-de-su-muerte\/#respond"]}]},{"@type":"WebPage","@id":"https:\/\/www.cuballama.com\/noticias\/televisaunivision-prepara-homenaje-a-juan-gabriel-por-el-decimo-aniversario-de-su-muerte\/","url":"https:\/\/www.cuballama.com\/noticias\/televisaunivision-prepara-homenaje-a-juan-gabriel-por-el-decimo-aniversario-de-su-muerte\/","name":"TelevisaUnivision prepara homenaje a Juan Gabriel por el d\u00e9cimo aniversario de su muerte - Cuballama Noticias","isPartOf":{"@id":"https:\/\/www.cuballama.com\/noticias\/#website"},"primaryImageOfPage":{"@id":"https:\/\/www.cuballama.com\/noticias\/televisaunivision-prepara-homenaje-a-juan-gabriel-por-el-decimo-aniversario-de-su-muerte\/#primaryimage"},"image":{"@id":"https:\/\/www.cuballama.com\/noticias\/televisaunivision-prepara-homenaje-a-juan-gabriel-por-el-decimo-aniversario-de-su-muerte\/#primaryimage"},"thumbnailUrl":"https:\/\/cdn1.mediawpaccore.net\/wp-content\/uploads\/2026\/08\/31121942\/Juan_Gabriel_en_el_Encuentro_Internacional_del_Mariachi_y_la_Charreria-e1788193242121.jpg","datePublished":"2026-09-01T22:21:28+00:00","dateModified":"2026-09-01T22:21:30+00:00","description":"TelevisaUnivision anuncia contenido especial a diez a\u00f1os de la muerte de Juan Gabriel, bajo la campa\u00f1a \"Juanga Por Siempre\", con transmisi\u00f3n en Las Estrellas, Univisi\u00f3n y ViX.","breadcrumb":{"@id":"https:\/\/www.cuballama.com\/noticias\/televisaunivision-prepara-homenaje-a-juan-gabriel-por-el-decimo-aniversario-de-su-muerte\/#breadcrumb"},"inLanguage":"es","potentialAction":[{"@type":"ReadAction","target":["https:\/\/www.cuballama.com\/noticias\/televisaunivision-prepara-homenaje-a-juan-gabriel-por-el-decimo-aniversario-de-su-muerte\/"]}]},{"@type":"ImageObject","inLanguage":"es","@id":"https:\/\/www.cuballama.com\/noticias\/televisaunivision-prepara-homenaje-a-juan-gabriel-por-el-decimo-aniversario-de-su-muerte\/#primaryimage","url":"https:\/\/cdn1.mediawpaccore.net\/wp-content\/uploads\/2026\/08\/31121942\/Juan_Gabriel_en_el_Encuentro_Internacional_del_Mariachi_y_la_Charreria-e1788193242121.jpg","contentUrl":"https:\/\/cdn1.mediawpaccore.net\/wp-content\/uploads\/2026\/08\/31121942\/Juan_Gabriel_en_el_Encuentro_Internacional_del_Mariachi_y_la_Charreria-e1788193242121.jpg","width":1200,"height":630,"caption":"Juan Gabriel en el Encuentro Internacional del Mariachi y la Charrer\u00eda. Autor: Kevin Josu\u00e9 Ibarra Salazar. Imagen publicada en Wikimedia Commons bajo licencia CC BY-SA 4.0. (cropped)"},{"@type":"BreadcrumbList","@id":"https:\/\/www.cuballama.com\/noticias\/televisaunivision-prepara-homenaje-a-juan-gabriel-por-el-decimo-aniversario-de-su-muerte\/#breadcrumb","itemListElement":[{"@type":"ListItem","position":1,"name":"Home","item":"https:\/\/www.cuballama.com\/noticias\/"},{"@type":"ListItem","position":2,"name":"TelevisaUnivision prepara homenaje a Juan Gabriel por el d\u00e9cimo aniversario de su muerte"}]},{"@type":"WebSite","@id":"https:\/\/www.cuballama.com\/noticias\/#website","url":"https:\/\/www.cuballama.com\/noticias\/","name":"Cuballama Noticias","description":"Medio digital sobre Cuba y el mundo","publisher":{"@id":"https:\/\/www.cuballama.com\/noticias\/#organization"},"potentialAction":[{"@type":"SearchAction","target":{"@type":"EntryPoint","urlTemplate":"https:\/\/www.cuballama.com\/noticias\/?s={search_term_string}"},"query-input":{"@type":"PropertyValueSpecification","valueRequired":true,"valueName":"search_term_string"}}],"inLanguage":"es"},{"@type":"Organization","@id":"https:\/\/www.cuballama.com\/noticias\/#organization","name":"Cuballama","url":"https:\/\/www.cuballama.com\/noticias\/","logo":{"@type":"ImageObject","inLanguage":"es","@id":"https:\/\/www.cuballama.com\/noticias\/#\/schema\/logo\/image\/","url":"https:\/\/cdn1.mediawpaccore.net\/wp-content\/uploads\/2021\/12\/28171206\/cbll-logo-color-sm.png","contentUrl":"https:\/\/cdn1.mediawpaccore.net\/wp-content\/uploads\/2021\/12\/28171206\/cbll-logo-color-sm.png","width":600,"height":133,"caption":"Cuballama"},"image":{"@id":"https:\/\/www.cuballama.com\/noticias\/#\/schema\/logo\/image\/"},"sameAs":["https:\/\/www.facebook.com\/CubaLlama","https:\/\/x.com\/cuballama","https:\/\/www.instagram.com\/stories\/cuballama_oficial\/","https:\/\/www.youtube.com\/channel\/UCKkFE-d_axENGZcrc4as0IA"]},{"@type":"Person","@id":"https:\/\/www.cuballama.com\/noticias\/#\/schema\/person\/a58502ed4146c8e9f83872e897c76cd2","name":"Roberto A.","description":"Roberto A. Periodista por decisi\u00f3n propia. Interesado en cualquier tema que me apasione y cada vez m\u00e1s comprometido con la verdad y la objetividad period\u00edstica. Graduado en La Habana hace ya muchos a\u00f1os, luego de una accidentada y polvorienta b\u00fasqueda de informaci\u00f3n sobre un tema in\u00e9dito. La Tesis, por cierto, desapareci\u00f3 de la biblioteca y no se conservan copias de la misma.","url":"https:\/\/www.cuballama.com\/noticias\/author\/roberto\/"}]}},"_links":{"self":[{"href":"https:\/\/www.cuballama.com\/noticias\/wp-json\/wp\/v2\/posts\/255505","targetHints":{"allow":["GET"]}}],"collection":[{"href":"https:\/\/www.cuballama.com\/noticias\/wp-json\/wp\/v2\/posts"}],"about":[{"href":"https:\/\/www.cuballama.com\/noticias\/wp-json\/wp\/v2\/types\/post"}],"author":[{"embeddable":true,"href":"https:\/\/www.cuballama.com\/noticias\/wp-json\/wp\/v2\/users\/13"}],"replies":[{"embeddable":true,"href":"https:\/\/www.cuballama.com\/noticias\/wp-json\/wp\/v2\/comments?post=255505"}],"version-history":[{"count":3,"href":"https:\/\/www.cuballama.com\/noticias\/wp-json\/wp\/v2\/posts\/255505\/revisions"}],"predecessor-version":[{"id":255627,"href":"https:\/\/www.cuballama.com\/noticias\/wp-json\/wp\/v2\/posts\/255505\/revisions\/255627"}],"wp:featuredmedia":[{"embeddable":true,"href":"https:\/\/www.cuballama.com\/noticias\/wp-json\/wp\/v2\/media\/255628"}],"wp:attachment":[{"href":"https:\/\/www.cuballama.com\/noticias\/wp-json\/wp\/v2\/media?parent=255505"}],"wp:term":[{"taxonomy":"category","embeddable":true,"href":"https:\/\/www.cuballama.com\/noticias\/wp-json\/wp\/v2\/categories?post=255505"},{"taxonomy":"post_tag","embeddable":true,"href":"https:\/\/www.cuballama.com\/noticias\/wp-json\/wp\/v2\/tags?post=255505"}],"curies":[{"name":"wp","href":"https:\/\/api.w.org\/{rel}","templated":true}]}}