{"id":255500,"date":"2026-08-31T10:16:42","date_gmt":"2026-08-31T14:16:42","guid":{"rendered":"https:\/\/www.cuballama.com\/noticias\/?p=255500"},"modified":"2026-08-31T10:16:45","modified_gmt":"2026-08-31T14:16:45","slug":"eso-se-llama-madurez-pillan-a-thalia-en-concierto-de-velito-el-bufon","status":"publish","type":"post","link":"https:\/\/www.cuballama.com\/noticias\/eso-se-llama-madurez-pillan-a-thalia-en-concierto-de-velito-el-bufon\/","title":{"rendered":"\u201cEso se llama madurez\u201d: Pillan a Thalia en concierto de Velito El Buf\u00f3n"},"content":{"rendered":"\n<p class=\"wp-block-paragraph\">Thal\u00eda volvi\u00f3 a colocarse en el centro de la conversaci\u00f3n en redes sociales despu\u00e9s de ser vista entre el p\u00fablico durante un concierto de su expareja, el repartero cubano Velito El Buf\u00f3n, en Varadero.<\/p>\n\n\n\n<p class=\"wp-block-paragraph\">Las im\u00e1genes comenzaron a circular este fin de semana a trav\u00e9s de Instagram y muestran a la joven disfrutando del espect\u00e1culo en un evento realizado en el Barcel\u00f3 Solymar Resort. En uno de los videos se distingue el escenario mientras Thal\u00eda permanece entre los asistentes, tel\u00e9fono en mano y aparentemente pendiente de la presentaci\u00f3n.<\/p>\n\n\n\n<p class=\"wp-block-paragraph\">La escena llam\u00f3 especialmente la atenci\u00f3n porque Velito no es solamente una antigua pareja de la influencer, sino tambi\u00e9n el padre de sus dos hijos. La relaci\u00f3n termin\u00f3 convertida durante meses en uno de los temas m\u00e1s comentados de la far\u00e1ndula cubana, por lo que cualquier coincidencia p\u00fablica entre ambos contin\u00faa provocando todo tipo de lecturas.<\/p>\n\n\n\n<h2 class=\"wp-block-heading\">Las redes reaccionan a la presencia de Thal\u00eda<\/h2>\n\n\n\n<p class=\"wp-block-paragraph\">Como era previsible, bastaron unos segundos de video para que los seguidores comenzaran a preguntarse qu\u00e9 hac\u00eda Thal\u00eda en el concierto de su ex.<\/p>\n\n\n\n<p class=\"wp-block-paragraph\">\u201c\u00bfA ella le gusta sufrir, cu\u00e1l es la necesidad?\u201d, coment\u00f3 una internauta. Otros usuarios, sin embargo, defendieron la absoluta normalidad de la situaci\u00f3n y se\u00f1alaron que asistir a una presentaci\u00f3n del padre de sus hijos no tendr\u00eda por qu\u00e9 interpretarse como se\u00f1al de reconciliaci\u00f3n ni de nostalgia sentimental.<\/p>\n\n\n\n<blockquote class=\"instagram-media\" data-instgrm-captioned data-instgrm-permalink=\"https:\/\/www.instagram.com\/reel\/Dcqhi4rM4U3\/?utm_source=ig_embed&amp;utm_campaign=loading\" data-instgrm-version=\"14\" style=\" background:#FFF; border:0; border-radius:3px; box-shadow:0 0 1px 0 rgba(0,0,0,0.5),0 1px 10px 0 rgba(0,0,0,0.15); margin: 1px; max-width:540px; min-width:326px; padding:0; width:99.375%; width:-webkit-calc(100% - 2px); width:calc(100% - 2px);\"><div style=\"padding:16px;\"> <a href=\"https:\/\/www.instagram.com\/reel\/Dcqhi4rM4U3\/?utm_source=ig_embed&amp;utm_campaign=loading\" style=\" background:#FFFFFF; line-height:0; padding:0 0; text-align:center; text-decoration:none; width:100%;\" target=\"_blank\"> <div style=\" display: flex; flex-direction: row; align-items: center;\"> <div style=\"background-color: #F4F4F4; border-radius: 50%; flex-grow: 0; height: 40px; margin-right: 14px; width: 40px;\"><\/div> <div style=\"display: flex; flex-direction: column; flex-grow: 1; justify-content: center;\"> <div style=\" background-color: #F4F4F4; border-radius: 4px; flex-grow: 0; height: 14px; margin-bottom: 6px; width: 100px;\"><\/div> <div style=\" background-color: #F4F4F4; border-radius: 4px; flex-grow: 0; height: 14px; width: 60px;\"><\/div><\/div><\/div><div style=\"padding: 19% 0;\"><\/div> <div style=\"display:block; height:50px; margin:0 auto 12px; width:50px;\"><svg width=\"50px\" height=\"50px\" viewBox=\"0 0 60 60\" version=\"1.1\" xmlns=\"https:\/\/www.w3.org\/2000\/svg\" xmlns:xlink=\"https:\/\/www.w3.org\/1999\/xlink\"><g stroke=\"none\" stroke-width=\"1\" fill=\"none\" fill-rule=\"evenodd\"><g transform=\"translate(-511.000000, -20.000000)\" fill=\"#000000\"><g><path d=\"M556.869,30.41 C554.814,30.41 553.148,32.076 553.148,34.131 C553.148,36.186 554.814,37.852 556.869,37.852 C558.924,37.852 560.59,36.186 560.59,34.131 C560.59,32.076 558.924,30.41 556.869,30.41 M541,60.657 C535.114,60.657 530.342,55.887 530.342,50 C530.342,44.114 535.114,39.342 541,39.342 C546.887,39.342 551.658,44.114 551.658,50 C551.658,55.887 546.887,60.657 541,60.657 M541,33.886 C532.1,33.886 524.886,41.1 524.886,50 C524.886,58.899 532.1,66.113 541,66.113 C549.9,66.113 557.115,58.899 557.115,50 C557.115,41.1 549.9,33.886 541,33.886 M565.378,62.101 C565.244,65.022 564.756,66.606 564.346,67.663 C563.803,69.06 563.154,70.057 562.106,71.106 C561.058,72.155 560.06,72.803 558.662,73.347 C557.607,73.757 556.021,74.244 553.102,74.378 C549.944,74.521 548.997,74.552 541,74.552 C533.003,74.552 532.056,74.521 528.898,74.378 C525.979,74.244 524.393,73.757 523.338,73.347 C521.94,72.803 520.942,72.155 519.894,71.106 C518.846,70.057 518.197,69.06 517.654,67.663 C517.244,66.606 516.755,65.022 516.623,62.101 C516.479,58.943 516.448,57.996 516.448,50 C516.448,42.003 516.479,41.056 516.623,37.899 C516.755,34.978 517.244,33.391 517.654,32.338 C518.197,30.938 518.846,29.942 519.894,28.894 C520.942,27.846 521.94,27.196 523.338,26.654 C524.393,26.244 525.979,25.756 528.898,25.623 C532.057,25.479 533.004,25.448 541,25.448 C548.997,25.448 549.943,25.479 553.102,25.623 C556.021,25.756 557.607,26.244 558.662,26.654 C560.06,27.196 561.058,27.846 562.106,28.894 C563.154,29.942 563.803,30.938 564.346,32.338 C564.756,33.391 565.244,34.978 565.378,37.899 C565.522,41.056 565.552,42.003 565.552,50 C565.552,57.996 565.522,58.943 565.378,62.101 M570.82,37.631 C570.674,34.438 570.167,32.258 569.425,30.349 C568.659,28.377 567.633,26.702 565.965,25.035 C564.297,23.368 562.623,22.342 560.652,21.575 C558.743,20.834 556.562,20.326 553.369,20.18 C550.169,20.033 549.148,20 541,20 C532.853,20 531.831,20.033 528.631,20.18 C525.438,20.326 523.257,20.834 521.349,21.575 C519.376,22.342 517.703,23.368 516.035,25.035 C514.368,26.702 513.342,28.377 512.574,30.349 C511.834,32.258 511.326,34.438 511.181,37.631 C511.035,40.831 511,41.851 511,50 C511,58.147 511.035,59.17 511.181,62.369 C511.326,65.562 511.834,67.743 512.574,69.651 C513.342,71.625 514.368,73.296 516.035,74.965 C517.703,76.634 519.376,77.658 521.349,78.425 C523.257,79.167 525.438,79.673 528.631,79.82 C531.831,79.965 532.853,80.001 541,80.001 C549.148,80.001 550.169,79.965 553.369,79.82 C556.562,79.673 558.743,79.167 560.652,78.425 C562.623,77.658 564.297,76.634 565.965,74.965 C567.633,73.296 568.659,71.625 569.425,69.651 C570.167,67.743 570.674,65.562 570.82,62.369 C570.966,59.17 571,58.147 571,50 C571,41.851 570.966,40.831 570.82,37.631\"><\/path><\/g><\/g><\/g><\/svg><\/div><div style=\"padding-top: 8px;\"> <div style=\" color:#3897f0; font-family:Arial,sans-serif; font-size:14px; font-style:normal; font-weight:550; line-height:18px;\">Ver esta publicaci\u00f3n en Instagram<\/div><\/div><div style=\"padding: 12.5% 0;\"><\/div> <div style=\"display: flex; flex-direction: row; margin-bottom: 14px; align-items: center;\"><div> <div style=\"background-color: #F4F4F4; border-radius: 50%; height: 12.5px; width: 12.5px; transform: translateX(0px) translateY(7px);\"><\/div> <div style=\"background-color: #F4F4F4; height: 12.5px; transform: rotate(-45deg) translateX(3px) translateY(1px); width: 12.5px; flex-grow: 0; margin-right: 14px; margin-left: 2px;\"><\/div> <div style=\"background-color: #F4F4F4; border-radius: 50%; height: 12.5px; width: 12.5px; transform: translateX(9px) translateY(-18px);\"><\/div><\/div><div style=\"margin-left: 8px;\"> <div style=\" background-color: #F4F4F4; border-radius: 50%; flex-grow: 0; height: 20px; width: 20px;\"><\/div> <div style=\" width: 0; height: 0; border-top: 2px solid transparent; border-left: 6px solid #f4f4f4; border-bottom: 2px solid transparent; transform: translateX(16px) translateY(-4px) rotate(30deg)\"><\/div><\/div><div style=\"margin-left: auto;\"> <div style=\" width: 0px; border-top: 8px solid #F4F4F4; border-right: 8px solid transparent; transform: translateY(16px);\"><\/div> <div style=\" background-color: #F4F4F4; flex-grow: 0; height: 12px; width: 16px; transform: translateY(-4px);\"><\/div> <div style=\" width: 0; height: 0; border-top: 8px solid #F4F4F4; border-left: 8px solid transparent; transform: translateY(-4px) translateX(8px);\"><\/div><\/div><\/div> <div style=\"display: flex; flex-direction: column; flex-grow: 1; justify-content: center; margin-bottom: 24px;\"> <div style=\" background-color: #F4F4F4; border-radius: 4px; flex-grow: 0; height: 14px; margin-bottom: 6px; width: 224px;\"><\/div> <div style=\" background-color: #F4F4F4; border-radius: 4px; flex-grow: 0; height: 14px; width: 144px;\"><\/div><\/div><\/a><p style=\" color:#c9c8cd; font-family:Arial,sans-serif; font-size:14px; line-height:17px; margin-bottom:0; margin-top:8px; overflow:hidden; padding:8px 0 7px; text-align:center; text-overflow:ellipsis; white-space:nowrap;\"><a href=\"https:\/\/www.instagram.com\/reel\/Dcqhi4rM4U3\/?utm_source=ig_embed&amp;utm_campaign=loading\" style=\" color:#c9c8cd; font-family:Arial,sans-serif; font-size:14px; font-style:normal; font-weight:normal; line-height:17px; text-decoration:none;\" target=\"_blank\">Una publicaci\u00f3n compartida de un_martitodurako8_live_oficial (@un_martitodurako8_live_oficial)<\/a><\/p><\/div><\/blockquote>\n<script async src=\"\/\/www.instagram.com\/embed.js\"><\/script>\n\n\n\n<p class=\"wp-block-paragraph\">\u201cElla estuvo cuando no hab\u00eda nada, ese sue\u00f1o fue de los dos\u201d, escribi\u00f3 una seguidora, que consider\u00f3 su presencia una demostraci\u00f3n de madurez. Otro comentario insisti\u00f3 en la misma idea: \u201cNada mi gente, apoyando al padre de sus hijos, eso se llama madurez\u201d.<\/p>\n\n\n\n<p class=\"wp-block-paragraph\">Tambi\u00e9n hubo quienes intentaron analizar hasta la expresi\u00f3n de Thal\u00eda mientras observaba el espect\u00e1culo. \u201cSu cara lo dice todo\u201d, se\u00f1al\u00f3 una usuaria, mientras otra sostuvo que probablemente resultaba inevitable recordar los a\u00f1os vividos junto al cantante.<\/p>\n\n\n\n<p class=\"wp-block-paragraph\">Por el momento, esas interpretaciones pertenecen exclusivamente a los seguidores. Las im\u00e1genes disponibles no demuestran que exista un acercamiento rom\u00e1ntico entre Thal\u00eda y Velito ni que su presencia tuviera una intenci\u00f3n diferente a disfrutar del concierto.<\/p>\n\n\n\n<h2 class=\"wp-block-heading\">No es la primera coincidencia entre Thal\u00eda y Velito despu\u00e9s de separarse<\/h2>\n\n\n\n<p class=\"wp-block-paragraph\">La escena tiene adem\u00e1s un antecedente muy reciente. A finales de mayo, Thal\u00eda y Velito <a href=\"https:\/\/www.cuballama.com\/noticias\/ni-rastro-de-su-ex-thalia-revela-sus-artistas-favoritos-en-varadero-y-deja-por-fuera-a-velito-el-bufon\/\" target=\"_blank\" rel=\"noreferrer noopener\">coincidieron durante el evento Inicio del Verano en Varadero<\/a>, cuando el cantante acudi\u00f3 acompa\u00f1ado de su actual pareja, Paula Mart\u00ednez.<\/p>\n\n\n\n<p class=\"wp-block-paragraph\">En aquella ocasi\u00f3n, Thal\u00eda no evit\u00f3 el evento pese a la presencia de su expareja. Incluso particip\u00f3 en una entrevista en la que le preguntaron cu\u00e1les eran sus artistas preferidos del cartel y mencion\u00f3 a Los Titi, Wildey y Un Titico, dejando fuera precisamente a Velito.<\/p>\n\n\n\n<p class=\"wp-block-paragraph\">D\u00edas despu\u00e9s volvi\u00f3 a provocar comentarios al publicar <a href=\"https:\/\/www.cuballama.com\/noticias\/thalia-enciende-las-redes-desde-varadero-tras-ver-a-velito-el-bufon-con-su-nueva-novia-me-suelto-yo\/\" target=\"_blank\" rel=\"noreferrer noopener\">un video desde Varadero acompa\u00f1ado de la pregunta \u201c\u00bfMe suelto?\u201d<\/a>, frase que numerosos seguidores interpretaron entonces como una indirecta relacionada con la presencia del cantante y su nueva novia.<\/p>\n\n\n\n<p class=\"wp-block-paragraph\">La ruptura de Thal\u00eda y Velito se hizo p\u00fablica el 20 de febrero de 2026, apenas d\u00edas despu\u00e9s del nacimiento de Thiago, su segundo hijo. La joven explic\u00f3 entonces que la relaci\u00f3n realmente hab\u00eda terminado meses antes y que hab\u00edan evitado anunciarlo durante su embarazo y el posparto.<\/p>\n\n\n\n<h2 class=\"wp-block-heading\">Los dos han rehecho p\u00fablicamente sus vidas<\/h2>\n\n\n\n<p class=\"wp-block-paragraph\">Desde entonces, las historias sentimentales de ambos han seguido caminos separados.<\/p>\n\n\n\n<p class=\"wp-block-paragraph\">Velito oficializ\u00f3 meses atr\u00e1s su relaci\u00f3n con Paula Mart\u00ednez, una joven espa\u00f1ola que trabaja como tripulante de cabina. De hecho, apenas unos d\u00edas antes de esta nueva aparici\u00f3n de Thal\u00eda, el cantante hab\u00eda adelantado una canci\u00f3n en la que <a href=\"https:\/\/www.cuballama.com\/noticias\/velito-el-bufon-pasa-la-pagina-y-al-fin-le-canta-a-su-novia-espanola\/\" target=\"_blank\" rel=\"noreferrer noopener\">sus seguidores encontraron lo que parece ser una de sus primeras referencias musicales directas a Paula<\/a>.<\/p>\n\n\n\n<blockquote class=\"instagram-media\" data-instgrm-captioned data-instgrm-permalink=\"https:\/\/www.instagram.com\/reel\/DcPAgg7pq_s\/?utm_source=ig_embed&amp;utm_campaign=loading\" data-instgrm-version=\"14\" style=\" background:#FFF; border:0; border-radius:3px; box-shadow:0 0 1px 0 rgba(0,0,0,0.5),0 1px 10px 0 rgba(0,0,0,0.15); margin: 1px; max-width:540px; min-width:326px; padding:0; width:99.375%; width:-webkit-calc(100% - 2px); width:calc(100% - 2px);\"><div style=\"padding:16px;\"> <a href=\"https:\/\/www.instagram.com\/reel\/DcPAgg7pq_s\/?utm_source=ig_embed&amp;utm_campaign=loading\" style=\" background:#FFFFFF; line-height:0; padding:0 0; text-align:center; text-decoration:none; width:100%;\" target=\"_blank\"> <div style=\" display: flex; flex-direction: row; align-items: center;\"> <div style=\"background-color: #F4F4F4; border-radius: 50%; flex-grow: 0; height: 40px; margin-right: 14px; width: 40px;\"><\/div> <div style=\"display: flex; flex-direction: column; flex-grow: 1; justify-content: center;\"> <div style=\" background-color: #F4F4F4; border-radius: 4px; flex-grow: 0; height: 14px; margin-bottom: 6px; width: 100px;\"><\/div> <div style=\" background-color: #F4F4F4; border-radius: 4px; flex-grow: 0; height: 14px; width: 60px;\"><\/div><\/div><\/div><div style=\"padding: 19% 0;\"><\/div> <div style=\"display:block; height:50px; margin:0 auto 12px; width:50px;\"><svg width=\"50px\" height=\"50px\" viewBox=\"0 0 60 60\" version=\"1.1\" xmlns=\"https:\/\/www.w3.org\/2000\/svg\" xmlns:xlink=\"https:\/\/www.w3.org\/1999\/xlink\"><g stroke=\"none\" stroke-width=\"1\" fill=\"none\" fill-rule=\"evenodd\"><g transform=\"translate(-511.000000, -20.000000)\" fill=\"#000000\"><g><path d=\"M556.869,30.41 C554.814,30.41 553.148,32.076 553.148,34.131 C553.148,36.186 554.814,37.852 556.869,37.852 C558.924,37.852 560.59,36.186 560.59,34.131 C560.59,32.076 558.924,30.41 556.869,30.41 M541,60.657 C535.114,60.657 530.342,55.887 530.342,50 C530.342,44.114 535.114,39.342 541,39.342 C546.887,39.342 551.658,44.114 551.658,50 C551.658,55.887 546.887,60.657 541,60.657 M541,33.886 C532.1,33.886 524.886,41.1 524.886,50 C524.886,58.899 532.1,66.113 541,66.113 C549.9,66.113 557.115,58.899 557.115,50 C557.115,41.1 549.9,33.886 541,33.886 M565.378,62.101 C565.244,65.022 564.756,66.606 564.346,67.663 C563.803,69.06 563.154,70.057 562.106,71.106 C561.058,72.155 560.06,72.803 558.662,73.347 C557.607,73.757 556.021,74.244 553.102,74.378 C549.944,74.521 548.997,74.552 541,74.552 C533.003,74.552 532.056,74.521 528.898,74.378 C525.979,74.244 524.393,73.757 523.338,73.347 C521.94,72.803 520.942,72.155 519.894,71.106 C518.846,70.057 518.197,69.06 517.654,67.663 C517.244,66.606 516.755,65.022 516.623,62.101 C516.479,58.943 516.448,57.996 516.448,50 C516.448,42.003 516.479,41.056 516.623,37.899 C516.755,34.978 517.244,33.391 517.654,32.338 C518.197,30.938 518.846,29.942 519.894,28.894 C520.942,27.846 521.94,27.196 523.338,26.654 C524.393,26.244 525.979,25.756 528.898,25.623 C532.057,25.479 533.004,25.448 541,25.448 C548.997,25.448 549.943,25.479 553.102,25.623 C556.021,25.756 557.607,26.244 558.662,26.654 C560.06,27.196 561.058,27.846 562.106,28.894 C563.154,29.942 563.803,30.938 564.346,32.338 C564.756,33.391 565.244,34.978 565.378,37.899 C565.522,41.056 565.552,42.003 565.552,50 C565.552,57.996 565.522,58.943 565.378,62.101 M570.82,37.631 C570.674,34.438 570.167,32.258 569.425,30.349 C568.659,28.377 567.633,26.702 565.965,25.035 C564.297,23.368 562.623,22.342 560.652,21.575 C558.743,20.834 556.562,20.326 553.369,20.18 C550.169,20.033 549.148,20 541,20 C532.853,20 531.831,20.033 528.631,20.18 C525.438,20.326 523.257,20.834 521.349,21.575 C519.376,22.342 517.703,23.368 516.035,25.035 C514.368,26.702 513.342,28.377 512.574,30.349 C511.834,32.258 511.326,34.438 511.181,37.631 C511.035,40.831 511,41.851 511,50 C511,58.147 511.035,59.17 511.181,62.369 C511.326,65.562 511.834,67.743 512.574,69.651 C513.342,71.625 514.368,73.296 516.035,74.965 C517.703,76.634 519.376,77.658 521.349,78.425 C523.257,79.167 525.438,79.673 528.631,79.82 C531.831,79.965 532.853,80.001 541,80.001 C549.148,80.001 550.169,79.965 553.369,79.82 C556.562,79.673 558.743,79.167 560.652,78.425 C562.623,77.658 564.297,76.634 565.965,74.965 C567.633,73.296 568.659,71.625 569.425,69.651 C570.167,67.743 570.674,65.562 570.82,62.369 C570.966,59.17 571,58.147 571,50 C571,41.851 570.966,40.831 570.82,37.631\"><\/path><\/g><\/g><\/g><\/svg><\/div><div style=\"padding-top: 8px;\"> <div style=\" color:#3897f0; font-family:Arial,sans-serif; font-size:14px; font-style:normal; font-weight:550; line-height:18px;\">Ver esta publicaci\u00f3n en Instagram<\/div><\/div><div style=\"padding: 12.5% 0;\"><\/div> <div style=\"display: flex; flex-direction: row; margin-bottom: 14px; align-items: center;\"><div> <div style=\"background-color: #F4F4F4; border-radius: 50%; height: 12.5px; width: 12.5px; transform: translateX(0px) translateY(7px);\"><\/div> <div style=\"background-color: #F4F4F4; height: 12.5px; transform: rotate(-45deg) translateX(3px) translateY(1px); width: 12.5px; flex-grow: 0; margin-right: 14px; margin-left: 2px;\"><\/div> <div style=\"background-color: #F4F4F4; border-radius: 50%; height: 12.5px; width: 12.5px; transform: translateX(9px) translateY(-18px);\"><\/div><\/div><div style=\"margin-left: 8px;\"> <div style=\" background-color: #F4F4F4; border-radius: 50%; flex-grow: 0; height: 20px; width: 20px;\"><\/div> <div style=\" width: 0; height: 0; border-top: 2px solid transparent; border-left: 6px solid #f4f4f4; border-bottom: 2px solid transparent; transform: translateX(16px) translateY(-4px) rotate(30deg)\"><\/div><\/div><div style=\"margin-left: auto;\"> <div style=\" width: 0px; border-top: 8px solid #F4F4F4; border-right: 8px solid transparent; transform: translateY(16px);\"><\/div> <div style=\" background-color: #F4F4F4; flex-grow: 0; height: 12px; width: 16px; transform: translateY(-4px);\"><\/div> <div style=\" width: 0; height: 0; border-top: 8px solid #F4F4F4; border-left: 8px solid transparent; transform: translateY(-4px) translateX(8px);\"><\/div><\/div><\/div> <div style=\"display: flex; flex-direction: column; flex-grow: 1; justify-content: center; margin-bottom: 24px;\"> <div style=\" background-color: #F4F4F4; border-radius: 4px; flex-grow: 0; height: 14px; margin-bottom: 6px; width: 224px;\"><\/div> <div style=\" background-color: #F4F4F4; border-radius: 4px; flex-grow: 0; height: 14px; width: 144px;\"><\/div><\/div><\/a><p style=\" color:#c9c8cd; font-family:Arial,sans-serif; font-size:14px; line-height:17px; margin-bottom:0; margin-top:8px; overflow:hidden; padding:8px 0 7px; text-align:center; text-overflow:ellipsis; white-space:nowrap;\"><a href=\"https:\/\/www.instagram.com\/reel\/DcPAgg7pq_s\/?utm_source=ig_embed&amp;utm_campaign=loading\" style=\" color:#c9c8cd; font-family:Arial,sans-serif; font-size:14px; font-style:normal; font-weight:normal; line-height:17px; text-decoration:none;\" target=\"_blank\">Una publicaci\u00f3n compartida de @la_thalia__<\/a><\/p><\/div><\/blockquote>\n<script async src=\"\/\/www.instagram.com\/embed.js\"><\/script>\n\n\n\n<p class=\"wp-block-paragraph\">Thal\u00eda tambi\u00e9n ha dado se\u00f1ales de haber rehecho su vida. Despu\u00e9s de mantener durante un tiempo la identidad de su pareja alejada de las redes, en julio apareci\u00f3 en una publicaci\u00f3n de tono rom\u00e1ntico junto al productor Dany Herrera, un episodio que fue interpretado p\u00fablicamente como <a href=\"https:\/\/www.cuballama.com\/noticias\/thalia-ex-de-velito-el-bufon-presenta-a-su-nuevo-novio-siempre-llega-alguien-mejor\/\" target=\"_blank\" rel=\"noreferrer noopener\">la presentaci\u00f3n de su nueva relaci\u00f3n<\/a>.<\/p>\n\n\n\n<p class=\"wp-block-paragraph\">Precisamente algunos de los comentarios surgidos ahora aseguran que Thal\u00eda habr\u00eda estado acompa\u00f1ada por su nueva pareja durante el concierto. Sin embargo, las im\u00e1genes difundidas no permiten confirmar de manera independiente ese detalle.<\/p>\n\n\n\n<h2 class=\"wp-block-heading\">De una ruptura medi\u00e1tica a una relaci\u00f3n inevitable como padres<\/h2>\n\n\n\n<p class=\"wp-block-paragraph\">M\u00e1s all\u00e1 de las especulaciones sentimentales, hay un elemento que continuar\u00e1 vincul\u00e1ndolos: sus hijos.<\/p>\n\n\n\n<p class=\"wp-block-paragraph\">Incluso en los momentos de mayor tensi\u00f3n p\u00fablica despu\u00e9s de la ruptura, ambos han reconocido ese v\u00ednculo. Thal\u00eda dej\u00f3 claro al anunciar la separaci\u00f3n que no deseaba el mal para Velito porque su bienestar tambi\u00e9n repercute en sus hijos, mientras el cantante ha defendido p\u00fablicamente en varias ocasiones su responsabilidad como padre.<\/p>\n\n\n\n<p class=\"wp-block-paragraph\">Por eso, la presencia de Thal\u00eda en uno de sus conciertos puede tener una explicaci\u00f3n mucho menos dram\u00e1tica que la construida por parte de las redes. Una expareja puede cerrar una relaci\u00f3n sentimental sin tener que borrar por completo a\u00f1os compartidos, mucho menos cuando existen dos hijos en com\u00fan.<\/p>\n\n\n\n<blockquote class=\"instagram-media\" data-instgrm-captioned data-instgrm-permalink=\"https:\/\/www.instagram.com\/p\/DcmP5QDG8li\/?utm_source=ig_embed&amp;utm_campaign=loading\" data-instgrm-version=\"14\" style=\" background:#FFF; border:0; border-radius:3px; box-shadow:0 0 1px 0 rgba(0,0,0,0.5),0 1px 10px 0 rgba(0,0,0,0.15); margin: 1px; max-width:540px; min-width:326px; padding:0; width:99.375%; width:-webkit-calc(100% - 2px); width:calc(100% - 2px);\"><div style=\"padding:16px;\"> <a href=\"https:\/\/www.instagram.com\/p\/DcmP5QDG8li\/?utm_source=ig_embed&amp;utm_campaign=loading\" style=\" background:#FFFFFF; line-height:0; padding:0 0; text-align:center; text-decoration:none; width:100%;\" target=\"_blank\"> <div style=\" display: flex; flex-direction: row; align-items: center;\"> <div style=\"background-color: #F4F4F4; border-radius: 50%; flex-grow: 0; height: 40px; margin-right: 14px; width: 40px;\"><\/div> <div style=\"display: flex; flex-direction: column; flex-grow: 1; justify-content: center;\"> <div style=\" background-color: #F4F4F4; border-radius: 4px; flex-grow: 0; height: 14px; margin-bottom: 6px; width: 100px;\"><\/div> <div style=\" background-color: #F4F4F4; border-radius: 4px; flex-grow: 0; height: 14px; width: 60px;\"><\/div><\/div><\/div><div style=\"padding: 19% 0;\"><\/div> <div style=\"display:block; height:50px; margin:0 auto 12px; width:50px;\"><svg width=\"50px\" height=\"50px\" viewBox=\"0 0 60 60\" version=\"1.1\" xmlns=\"https:\/\/www.w3.org\/2000\/svg\" xmlns:xlink=\"https:\/\/www.w3.org\/1999\/xlink\"><g stroke=\"none\" stroke-width=\"1\" fill=\"none\" fill-rule=\"evenodd\"><g transform=\"translate(-511.000000, -20.000000)\" fill=\"#000000\"><g><path d=\"M556.869,30.41 C554.814,30.41 553.148,32.076 553.148,34.131 C553.148,36.186 554.814,37.852 556.869,37.852 C558.924,37.852 560.59,36.186 560.59,34.131 C560.59,32.076 558.924,30.41 556.869,30.41 M541,60.657 C535.114,60.657 530.342,55.887 530.342,50 C530.342,44.114 535.114,39.342 541,39.342 C546.887,39.342 551.658,44.114 551.658,50 C551.658,55.887 546.887,60.657 541,60.657 M541,33.886 C532.1,33.886 524.886,41.1 524.886,50 C524.886,58.899 532.1,66.113 541,66.113 C549.9,66.113 557.115,58.899 557.115,50 C557.115,41.1 549.9,33.886 541,33.886 M565.378,62.101 C565.244,65.022 564.756,66.606 564.346,67.663 C563.803,69.06 563.154,70.057 562.106,71.106 C561.058,72.155 560.06,72.803 558.662,73.347 C557.607,73.757 556.021,74.244 553.102,74.378 C549.944,74.521 548.997,74.552 541,74.552 C533.003,74.552 532.056,74.521 528.898,74.378 C525.979,74.244 524.393,73.757 523.338,73.347 C521.94,72.803 520.942,72.155 519.894,71.106 C518.846,70.057 518.197,69.06 517.654,67.663 C517.244,66.606 516.755,65.022 516.623,62.101 C516.479,58.943 516.448,57.996 516.448,50 C516.448,42.003 516.479,41.056 516.623,37.899 C516.755,34.978 517.244,33.391 517.654,32.338 C518.197,30.938 518.846,29.942 519.894,28.894 C520.942,27.846 521.94,27.196 523.338,26.654 C524.393,26.244 525.979,25.756 528.898,25.623 C532.057,25.479 533.004,25.448 541,25.448 C548.997,25.448 549.943,25.479 553.102,25.623 C556.021,25.756 557.607,26.244 558.662,26.654 C560.06,27.196 561.058,27.846 562.106,28.894 C563.154,29.942 563.803,30.938 564.346,32.338 C564.756,33.391 565.244,34.978 565.378,37.899 C565.522,41.056 565.552,42.003 565.552,50 C565.552,57.996 565.522,58.943 565.378,62.101 M570.82,37.631 C570.674,34.438 570.167,32.258 569.425,30.349 C568.659,28.377 567.633,26.702 565.965,25.035 C564.297,23.368 562.623,22.342 560.652,21.575 C558.743,20.834 556.562,20.326 553.369,20.18 C550.169,20.033 549.148,20 541,20 C532.853,20 531.831,20.033 528.631,20.18 C525.438,20.326 523.257,20.834 521.349,21.575 C519.376,22.342 517.703,23.368 516.035,25.035 C514.368,26.702 513.342,28.377 512.574,30.349 C511.834,32.258 511.326,34.438 511.181,37.631 C511.035,40.831 511,41.851 511,50 C511,58.147 511.035,59.17 511.181,62.369 C511.326,65.562 511.834,67.743 512.574,69.651 C513.342,71.625 514.368,73.296 516.035,74.965 C517.703,76.634 519.376,77.658 521.349,78.425 C523.257,79.167 525.438,79.673 528.631,79.82 C531.831,79.965 532.853,80.001 541,80.001 C549.148,80.001 550.169,79.965 553.369,79.82 C556.562,79.673 558.743,79.167 560.652,78.425 C562.623,77.658 564.297,76.634 565.965,74.965 C567.633,73.296 568.659,71.625 569.425,69.651 C570.167,67.743 570.674,65.562 570.82,62.369 C570.966,59.17 571,58.147 571,50 C571,41.851 570.966,40.831 570.82,37.631\"><\/path><\/g><\/g><\/g><\/svg><\/div><div style=\"padding-top: 8px;\"> <div style=\" color:#3897f0; font-family:Arial,sans-serif; font-size:14px; font-style:normal; font-weight:550; line-height:18px;\">Ver esta publicaci\u00f3n en Instagram<\/div><\/div><div style=\"padding: 12.5% 0;\"><\/div> <div style=\"display: flex; flex-direction: row; margin-bottom: 14px; align-items: center;\"><div> <div style=\"background-color: #F4F4F4; border-radius: 50%; height: 12.5px; width: 12.5px; transform: translateX(0px) translateY(7px);\"><\/div> <div style=\"background-color: #F4F4F4; height: 12.5px; transform: rotate(-45deg) translateX(3px) translateY(1px); width: 12.5px; flex-grow: 0; margin-right: 14px; margin-left: 2px;\"><\/div> <div style=\"background-color: #F4F4F4; border-radius: 50%; height: 12.5px; width: 12.5px; transform: translateX(9px) translateY(-18px);\"><\/div><\/div><div style=\"margin-left: 8px;\"> <div style=\" background-color: #F4F4F4; border-radius: 50%; flex-grow: 0; height: 20px; width: 20px;\"><\/div> <div style=\" width: 0; height: 0; border-top: 2px solid transparent; border-left: 6px solid #f4f4f4; border-bottom: 2px solid transparent; transform: translateX(16px) translateY(-4px) rotate(30deg)\"><\/div><\/div><div style=\"margin-left: auto;\"> <div style=\" width: 0px; border-top: 8px solid #F4F4F4; border-right: 8px solid transparent; transform: translateY(16px);\"><\/div> <div style=\" background-color: #F4F4F4; flex-grow: 0; height: 12px; width: 16px; transform: translateY(-4px);\"><\/div> <div style=\" width: 0; height: 0; border-top: 8px solid #F4F4F4; border-left: 8px solid transparent; transform: translateY(-4px) translateX(8px);\"><\/div><\/div><\/div> <div style=\"display: flex; flex-direction: column; flex-grow: 1; justify-content: center; margin-bottom: 24px;\"> <div style=\" background-color: #F4F4F4; border-radius: 4px; flex-grow: 0; height: 14px; margin-bottom: 6px; width: 224px;\"><\/div> <div style=\" background-color: #F4F4F4; border-radius: 4px; flex-grow: 0; height: 14px; width: 144px;\"><\/div><\/div><\/a><p style=\" color:#c9c8cd; font-family:Arial,sans-serif; font-size:14px; line-height:17px; margin-bottom:0; margin-top:8px; overflow:hidden; padding:8px 0 7px; text-align:center; text-overflow:ellipsis; white-space:nowrap;\"><a href=\"https:\/\/www.instagram.com\/p\/DcmP5QDG8li\/?utm_source=ig_embed&amp;utm_campaign=loading\" style=\" color:#c9c8cd; font-family:Arial,sans-serif; font-size:14px; font-style:normal; font-weight:normal; line-height:17px; text-decoration:none;\" target=\"_blank\">Una publicaci\u00f3n compartida de Velito El Buf\u00f3n\ud83e\udd21 (@velito_el_bufon)<\/a><\/p><\/div><\/blockquote>\n<script async src=\"\/\/www.instagram.com\/embed.js\"><\/script>\n\n\n\n<p class=\"wp-block-paragraph\">Eso no ha impedido que el video vuelva a despertar el inter\u00e9s de quienes siguieron cada cap\u00edtulo de la relaci\u00f3n. Meses despu\u00e9s de la separaci\u00f3n, Thal\u00eda y Velito han rehecho sus vidas, pero una simple aparici\u00f3n de ella entre el p\u00fablico de uno de sus conciertos sigue siendo suficiente para poner a hablar a miles de personas.<\/p>\n\n\n\n<p class=\"wp-block-paragraph\">Fuentes de verificaci\u00f3n fuera del cuerpo de la nota: los antecedentes sobre sus anteriores coincidencias en Varadero, la nueva relaci\u00f3n de Thal\u00eda y la actual relaci\u00f3n de Velito est\u00e1n documentados en publicaciones de 2026. <\/p>\n","protected":false},"excerpt":{"rendered":"<p>\u201c\u00bfA ella le gusta sufrir, cu\u00e1l es la necesidad?\u201d, coment\u00f3 una internauta<\/p>\n","protected":false},"author":27,"featured_media":255524,"comment_status":"open","ping_status":"closed","sticky":false,"template":"","format":"standard","meta":{"_acf_changed":false,"footnotes":""},"categories":[443],"tags":[6160,1551,270,22511],"class_list":["post-255500","post","type-post","status-publish","format-standard","has-post-thumbnail","category-farandula","tag-reguetoneros-cubanos","tag-thalia","tag-varadero","tag-velito-el-bufon"],"acf":[],"yoast_head":"<!-- This site is optimized with the Yoast SEO plugin v28.3 - https:\/\/yoast.com\/product\/yoast-seo-wordpress\/ -->\n<title>\u201cEso se llama madurez\u201d: Pillan a Thalia en concierto de Velito El Buf\u00f3n - Cuballama Noticias<\/title>\n<meta name=\"description\" content=\"Thal\u00eda reaparece en concierto de Velito El Buf\u00f3n en Varadero y desata comentarios por inesperada presencia, cerca de su ex\" \/>\n<meta name=\"robots\" content=\"index, follow, max-snippet:-1, max-image-preview:large, max-video-preview:-1\" \/>\n<link rel=\"canonical\" href=\"https:\/\/www.cuballama.com\/noticias\/eso-se-llama-madurez-pillan-a-thalia-en-concierto-de-velito-el-bufon\/\" \/>\n<meta property=\"og:locale\" content=\"es_ES\" \/>\n<meta property=\"og:type\" content=\"article\" \/>\n<meta property=\"og:title\" content=\"\u201cEso se llama madurez\u201d: Pillan a Thalia en concierto de Velito El Buf\u00f3n - Cuballama Noticias\" \/>\n<meta property=\"og:description\" content=\"Thal\u00eda reaparece en concierto de Velito El Buf\u00f3n en Varadero y desata comentarios por inesperada presencia, cerca de su ex\" \/>\n<meta property=\"og:url\" content=\"https:\/\/www.cuballama.com\/noticias\/eso-se-llama-madurez-pillan-a-thalia-en-concierto-de-velito-el-bufon\/\" \/>\n<meta property=\"og:site_name\" content=\"Cuballama Noticias\" \/>\n<meta property=\"article:publisher\" content=\"https:\/\/www.facebook.com\/CubaLlama\" \/>\n<meta property=\"article:published_time\" content=\"2026-08-31T14:16:42+00:00\" \/>\n<meta property=\"article:modified_time\" content=\"2026-08-31T14:16:45+00:00\" \/>\n<meta property=\"og:image\" content=\"https:\/\/cdn1.mediawpaccore.net\/wp-content\/uploads\/2026\/08\/31101336\/Pillan-a-Thalia-en-concierto-de-Velito-El-Bufon-.jpeg\" \/>\n\t<meta property=\"og:image:width\" content=\"1867\" \/>\n\t<meta property=\"og:image:height\" content=\"1309\" \/>\n\t<meta property=\"og:image:type\" content=\"image\/jpeg\" \/>\n<meta name=\"author\" content=\"Rafa\" \/>\n<meta name=\"twitter:card\" content=\"summary_large_image\" \/>\n<meta name=\"twitter:creator\" content=\"@cuballama\" \/>\n<meta name=\"twitter:site\" content=\"@cuballama\" \/>\n<meta name=\"twitter:label1\" content=\"Escrito por\" \/>\n\t<meta name=\"twitter:data1\" content=\"Rafa\" \/>\n\t<meta name=\"twitter:label2\" content=\"Tiempo de lectura\" \/>\n\t<meta name=\"twitter:data2\" content=\"5 minutos\" \/>\n<script type=\"application\/ld+json\" class=\"yoast-schema-graph\">{\"@context\":\"https:\\\/\\\/schema.org\",\"@graph\":[{\"@type\":\"Article\",\"@id\":\"https:\\\/\\\/www.cuballama.com\\\/noticias\\\/eso-se-llama-madurez-pillan-a-thalia-en-concierto-de-velito-el-bufon\\\/#article\",\"isPartOf\":{\"@id\":\"https:\\\/\\\/www.cuballama.com\\\/noticias\\\/eso-se-llama-madurez-pillan-a-thalia-en-concierto-de-velito-el-bufon\\\/\"},\"author\":{\"name\":\"Rafa\",\"@id\":\"https:\\\/\\\/www.cuballama.com\\\/noticias\\\/#\\\/schema\\\/person\\\/0f97914526a658755f00e59ec2a832f2\"},\"headline\":\"\u201cEso se llama madurez\u201d: Pillan a Thalia en concierto de Velito El Buf\u00f3n\",\"datePublished\":\"2026-08-31T14:16:42+00:00\",\"dateModified\":\"2026-08-31T14:16:45+00:00\",\"mainEntityOfPage\":{\"@id\":\"https:\\\/\\\/www.cuballama.com\\\/noticias\\\/eso-se-llama-madurez-pillan-a-thalia-en-concierto-de-velito-el-bufon\\\/\"},\"wordCount\":1066,\"commentCount\":0,\"publisher\":{\"@id\":\"https:\\\/\\\/www.cuballama.com\\\/noticias\\\/#organization\"},\"image\":{\"@id\":\"https:\\\/\\\/www.cuballama.com\\\/noticias\\\/eso-se-llama-madurez-pillan-a-thalia-en-concierto-de-velito-el-bufon\\\/#primaryimage\"},\"thumbnailUrl\":\"https:\\\/\\\/cdn1.mediawpaccore.net\\\/wp-content\\\/uploads\\\/2026\\\/08\\\/31101336\\\/Pillan-a-Thalia-en-concierto-de-Velito-El-Bufon-.jpeg\",\"keywords\":[\"Reguetoneros cubanos\",\"Thalia\",\"Varadero\",\"Velito el Buf\u00f3n\"],\"articleSection\":[\"Far\u00e1ndula\"],\"inLanguage\":\"es\",\"potentialAction\":[{\"@type\":\"CommentAction\",\"name\":\"Comment\",\"target\":[\"https:\\\/\\\/www.cuballama.com\\\/noticias\\\/eso-se-llama-madurez-pillan-a-thalia-en-concierto-de-velito-el-bufon\\\/#respond\"]}]},{\"@type\":\"WebPage\",\"@id\":\"https:\\\/\\\/www.cuballama.com\\\/noticias\\\/eso-se-llama-madurez-pillan-a-thalia-en-concierto-de-velito-el-bufon\\\/\",\"url\":\"https:\\\/\\\/www.cuballama.com\\\/noticias\\\/eso-se-llama-madurez-pillan-a-thalia-en-concierto-de-velito-el-bufon\\\/\",\"name\":\"\u201cEso se llama madurez\u201d: Pillan a Thalia en concierto de Velito El Buf\u00f3n - Cuballama Noticias\",\"isPartOf\":{\"@id\":\"https:\\\/\\\/www.cuballama.com\\\/noticias\\\/#website\"},\"primaryImageOfPage\":{\"@id\":\"https:\\\/\\\/www.cuballama.com\\\/noticias\\\/eso-se-llama-madurez-pillan-a-thalia-en-concierto-de-velito-el-bufon\\\/#primaryimage\"},\"image\":{\"@id\":\"https:\\\/\\\/www.cuballama.com\\\/noticias\\\/eso-se-llama-madurez-pillan-a-thalia-en-concierto-de-velito-el-bufon\\\/#primaryimage\"},\"thumbnailUrl\":\"https:\\\/\\\/cdn1.mediawpaccore.net\\\/wp-content\\\/uploads\\\/2026\\\/08\\\/31101336\\\/Pillan-a-Thalia-en-concierto-de-Velito-El-Bufon-.jpeg\",\"datePublished\":\"2026-08-31T14:16:42+00:00\",\"dateModified\":\"2026-08-31T14:16:45+00:00\",\"description\":\"Thal\u00eda reaparece en concierto de Velito El Buf\u00f3n en Varadero y desata comentarios por inesperada presencia, cerca de su ex\",\"breadcrumb\":{\"@id\":\"https:\\\/\\\/www.cuballama.com\\\/noticias\\\/eso-se-llama-madurez-pillan-a-thalia-en-concierto-de-velito-el-bufon\\\/#breadcrumb\"},\"inLanguage\":\"es\",\"potentialAction\":[{\"@type\":\"ReadAction\",\"target\":[\"https:\\\/\\\/www.cuballama.com\\\/noticias\\\/eso-se-llama-madurez-pillan-a-thalia-en-concierto-de-velito-el-bufon\\\/\"]}]},{\"@type\":\"ImageObject\",\"inLanguage\":\"es\",\"@id\":\"https:\\\/\\\/www.cuballama.com\\\/noticias\\\/eso-se-llama-madurez-pillan-a-thalia-en-concierto-de-velito-el-bufon\\\/#primaryimage\",\"url\":\"https:\\\/\\\/cdn1.mediawpaccore.net\\\/wp-content\\\/uploads\\\/2026\\\/08\\\/31101336\\\/Pillan-a-Thalia-en-concierto-de-Velito-El-Bufon-.jpeg\",\"contentUrl\":\"https:\\\/\\\/cdn1.mediawpaccore.net\\\/wp-content\\\/uploads\\\/2026\\\/08\\\/31101336\\\/Pillan-a-Thalia-en-concierto-de-Velito-El-Bufon-.jpeg\",\"width\":1867,\"height\":1309,\"caption\":\"Pillan a Thalia en concierto de Velito El Buf\u00f3n (Foto: Un Mart\u00ed To Durako \\\/ Instagram)\"},{\"@type\":\"BreadcrumbList\",\"@id\":\"https:\\\/\\\/www.cuballama.com\\\/noticias\\\/eso-se-llama-madurez-pillan-a-thalia-en-concierto-de-velito-el-bufon\\\/#breadcrumb\",\"itemListElement\":[{\"@type\":\"ListItem\",\"position\":1,\"name\":\"Home\",\"item\":\"https:\\\/\\\/www.cuballama.com\\\/noticias\\\/\"},{\"@type\":\"ListItem\",\"position\":2,\"name\":\"\u201cEso se llama madurez\u201d: Pillan a Thalia en concierto de Velito El Buf\u00f3n\"}]},{\"@type\":\"WebSite\",\"@id\":\"https:\\\/\\\/www.cuballama.com\\\/noticias\\\/#website\",\"url\":\"https:\\\/\\\/www.cuballama.com\\\/noticias\\\/\",\"name\":\"Cuballama Noticias\",\"description\":\"Medio digital sobre Cuba y el mundo\",\"publisher\":{\"@id\":\"https:\\\/\\\/www.cuballama.com\\\/noticias\\\/#organization\"},\"potentialAction\":[{\"@type\":\"SearchAction\",\"target\":{\"@type\":\"EntryPoint\",\"urlTemplate\":\"https:\\\/\\\/www.cuballama.com\\\/noticias\\\/?s={search_term_string}\"},\"query-input\":{\"@type\":\"PropertyValueSpecification\",\"valueRequired\":true,\"valueName\":\"search_term_string\"}}],\"inLanguage\":\"es\"},{\"@type\":\"Organization\",\"@id\":\"https:\\\/\\\/www.cuballama.com\\\/noticias\\\/#organization\",\"name\":\"Cuballama\",\"url\":\"https:\\\/\\\/www.cuballama.com\\\/noticias\\\/\",\"logo\":{\"@type\":\"ImageObject\",\"inLanguage\":\"es\",\"@id\":\"https:\\\/\\\/www.cuballama.com\\\/noticias\\\/#\\\/schema\\\/logo\\\/image\\\/\",\"url\":\"https:\\\/\\\/cdn1.mediawpaccore.net\\\/wp-content\\\/uploads\\\/2021\\\/12\\\/28171206\\\/cbll-logo-color-sm.png\",\"contentUrl\":\"https:\\\/\\\/cdn1.mediawpaccore.net\\\/wp-content\\\/uploads\\\/2021\\\/12\\\/28171206\\\/cbll-logo-color-sm.png\",\"width\":600,\"height\":133,\"caption\":\"Cuballama\"},\"image\":{\"@id\":\"https:\\\/\\\/www.cuballama.com\\\/noticias\\\/#\\\/schema\\\/logo\\\/image\\\/\"},\"sameAs\":[\"https:\\\/\\\/www.facebook.com\\\/CubaLlama\",\"https:\\\/\\\/x.com\\\/cuballama\",\"https:\\\/\\\/www.instagram.com\\\/stories\\\/cuballama_oficial\\\/\",\"https:\\\/\\\/www.youtube.com\\\/channel\\\/UCKkFE-d_axENGZcrc4as0IA\"]},{\"@type\":\"Person\",\"@id\":\"https:\\\/\\\/www.cuballama.com\\\/noticias\\\/#\\\/schema\\\/person\\\/0f97914526a658755f00e59ec2a832f2\",\"name\":\"Rafa\",\"url\":\"https:\\\/\\\/www.cuballama.com\\\/noticias\\\/author\\\/rafa\\\/\"}]}<\/script>\n<!-- \/ Yoast SEO plugin. -->","yoast_head_json":{"title":"\u201cEso se llama madurez\u201d: Pillan a Thalia en concierto de Velito El Buf\u00f3n - Cuballama Noticias","description":"Thal\u00eda reaparece en concierto de Velito El Buf\u00f3n en Varadero y desata comentarios por inesperada presencia, cerca de su ex","robots":{"index":"index","follow":"follow","max-snippet":"max-snippet:-1","max-image-preview":"max-image-preview:large","max-video-preview":"max-video-preview:-1"},"canonical":"https:\/\/www.cuballama.com\/noticias\/eso-se-llama-madurez-pillan-a-thalia-en-concierto-de-velito-el-bufon\/","og_locale":"es_ES","og_type":"article","og_title":"\u201cEso se llama madurez\u201d: Pillan a Thalia en concierto de Velito El Buf\u00f3n - Cuballama Noticias","og_description":"Thal\u00eda reaparece en concierto de Velito El Buf\u00f3n en Varadero y desata comentarios por inesperada presencia, cerca de su ex","og_url":"https:\/\/www.cuballama.com\/noticias\/eso-se-llama-madurez-pillan-a-thalia-en-concierto-de-velito-el-bufon\/","og_site_name":"Cuballama Noticias","article_publisher":"https:\/\/www.facebook.com\/CubaLlama","article_published_time":"2026-08-31T14:16:42+00:00","article_modified_time":"2026-08-31T14:16:45+00:00","og_image":[{"width":1867,"height":1309,"url":"https:\/\/cdn1.mediawpaccore.net\/wp-content\/uploads\/2026\/08\/31101336\/Pillan-a-Thalia-en-concierto-de-Velito-El-Bufon-.jpeg","type":"image\/jpeg"}],"author":"Rafa","twitter_card":"summary_large_image","twitter_creator":"@cuballama","twitter_site":"@cuballama","twitter_misc":{"Escrito por":"Rafa","Tiempo de lectura":"5 minutos"},"schema":{"@context":"https:\/\/schema.org","@graph":[{"@type":"Article","@id":"https:\/\/www.cuballama.com\/noticias\/eso-se-llama-madurez-pillan-a-thalia-en-concierto-de-velito-el-bufon\/#article","isPartOf":{"@id":"https:\/\/www.cuballama.com\/noticias\/eso-se-llama-madurez-pillan-a-thalia-en-concierto-de-velito-el-bufon\/"},"author":{"name":"Rafa","@id":"https:\/\/www.cuballama.com\/noticias\/#\/schema\/person\/0f97914526a658755f00e59ec2a832f2"},"headline":"\u201cEso se llama madurez\u201d: Pillan a Thalia en concierto de Velito El Buf\u00f3n","datePublished":"2026-08-31T14:16:42+00:00","dateModified":"2026-08-31T14:16:45+00:00","mainEntityOfPage":{"@id":"https:\/\/www.cuballama.com\/noticias\/eso-se-llama-madurez-pillan-a-thalia-en-concierto-de-velito-el-bufon\/"},"wordCount":1066,"commentCount":0,"publisher":{"@id":"https:\/\/www.cuballama.com\/noticias\/#organization"},"image":{"@id":"https:\/\/www.cuballama.com\/noticias\/eso-se-llama-madurez-pillan-a-thalia-en-concierto-de-velito-el-bufon\/#primaryimage"},"thumbnailUrl":"https:\/\/cdn1.mediawpaccore.net\/wp-content\/uploads\/2026\/08\/31101336\/Pillan-a-Thalia-en-concierto-de-Velito-El-Bufon-.jpeg","keywords":["Reguetoneros cubanos","Thalia","Varadero","Velito el Buf\u00f3n"],"articleSection":["Far\u00e1ndula"],"inLanguage":"es","potentialAction":[{"@type":"CommentAction","name":"Comment","target":["https:\/\/www.cuballama.com\/noticias\/eso-se-llama-madurez-pillan-a-thalia-en-concierto-de-velito-el-bufon\/#respond"]}]},{"@type":"WebPage","@id":"https:\/\/www.cuballama.com\/noticias\/eso-se-llama-madurez-pillan-a-thalia-en-concierto-de-velito-el-bufon\/","url":"https:\/\/www.cuballama.com\/noticias\/eso-se-llama-madurez-pillan-a-thalia-en-concierto-de-velito-el-bufon\/","name":"\u201cEso se llama madurez\u201d: Pillan a Thalia en concierto de Velito El Buf\u00f3n - Cuballama Noticias","isPartOf":{"@id":"https:\/\/www.cuballama.com\/noticias\/#website"},"primaryImageOfPage":{"@id":"https:\/\/www.cuballama.com\/noticias\/eso-se-llama-madurez-pillan-a-thalia-en-concierto-de-velito-el-bufon\/#primaryimage"},"image":{"@id":"https:\/\/www.cuballama.com\/noticias\/eso-se-llama-madurez-pillan-a-thalia-en-concierto-de-velito-el-bufon\/#primaryimage"},"thumbnailUrl":"https:\/\/cdn1.mediawpaccore.net\/wp-content\/uploads\/2026\/08\/31101336\/Pillan-a-Thalia-en-concierto-de-Velito-El-Bufon-.jpeg","datePublished":"2026-08-31T14:16:42+00:00","dateModified":"2026-08-31T14:16:45+00:00","description":"Thal\u00eda reaparece en concierto de Velito El Buf\u00f3n en Varadero y desata comentarios por inesperada presencia, cerca de su ex","breadcrumb":{"@id":"https:\/\/www.cuballama.com\/noticias\/eso-se-llama-madurez-pillan-a-thalia-en-concierto-de-velito-el-bufon\/#breadcrumb"},"inLanguage":"es","potentialAction":[{"@type":"ReadAction","target":["https:\/\/www.cuballama.com\/noticias\/eso-se-llama-madurez-pillan-a-thalia-en-concierto-de-velito-el-bufon\/"]}]},{"@type":"ImageObject","inLanguage":"es","@id":"https:\/\/www.cuballama.com\/noticias\/eso-se-llama-madurez-pillan-a-thalia-en-concierto-de-velito-el-bufon\/#primaryimage","url":"https:\/\/cdn1.mediawpaccore.net\/wp-content\/uploads\/2026\/08\/31101336\/Pillan-a-Thalia-en-concierto-de-Velito-El-Bufon-.jpeg","contentUrl":"https:\/\/cdn1.mediawpaccore.net\/wp-content\/uploads\/2026\/08\/31101336\/Pillan-a-Thalia-en-concierto-de-Velito-El-Bufon-.jpeg","width":1867,"height":1309,"caption":"Pillan a Thalia en concierto de Velito El Buf\u00f3n (Foto: Un Mart\u00ed To Durako \/ Instagram)"},{"@type":"BreadcrumbList","@id":"https:\/\/www.cuballama.com\/noticias\/eso-se-llama-madurez-pillan-a-thalia-en-concierto-de-velito-el-bufon\/#breadcrumb","itemListElement":[{"@type":"ListItem","position":1,"name":"Home","item":"https:\/\/www.cuballama.com\/noticias\/"},{"@type":"ListItem","position":2,"name":"\u201cEso se llama madurez\u201d: Pillan a Thalia en concierto de Velito El Buf\u00f3n"}]},{"@type":"WebSite","@id":"https:\/\/www.cuballama.com\/noticias\/#website","url":"https:\/\/www.cuballama.com\/noticias\/","name":"Cuballama Noticias","description":"Medio digital sobre Cuba y el mundo","publisher":{"@id":"https:\/\/www.cuballama.com\/noticias\/#organization"},"potentialAction":[{"@type":"SearchAction","target":{"@type":"EntryPoint","urlTemplate":"https:\/\/www.cuballama.com\/noticias\/?s={search_term_string}"},"query-input":{"@type":"PropertyValueSpecification","valueRequired":true,"valueName":"search_term_string"}}],"inLanguage":"es"},{"@type":"Organization","@id":"https:\/\/www.cuballama.com\/noticias\/#organization","name":"Cuballama","url":"https:\/\/www.cuballama.com\/noticias\/","logo":{"@type":"ImageObject","inLanguage":"es","@id":"https:\/\/www.cuballama.com\/noticias\/#\/schema\/logo\/image\/","url":"https:\/\/cdn1.mediawpaccore.net\/wp-content\/uploads\/2021\/12\/28171206\/cbll-logo-color-sm.png","contentUrl":"https:\/\/cdn1.mediawpaccore.net\/wp-content\/uploads\/2021\/12\/28171206\/cbll-logo-color-sm.png","width":600,"height":133,"caption":"Cuballama"},"image":{"@id":"https:\/\/www.cuballama.com\/noticias\/#\/schema\/logo\/image\/"},"sameAs":["https:\/\/www.facebook.com\/CubaLlama","https:\/\/x.com\/cuballama","https:\/\/www.instagram.com\/stories\/cuballama_oficial\/","https:\/\/www.youtube.com\/channel\/UCKkFE-d_axENGZcrc4as0IA"]},{"@type":"Person","@id":"https:\/\/www.cuballama.com\/noticias\/#\/schema\/person\/0f97914526a658755f00e59ec2a832f2","name":"Rafa","url":"https:\/\/www.cuballama.com\/noticias\/author\/rafa\/"}]}},"_links":{"self":[{"href":"https:\/\/www.cuballama.com\/noticias\/wp-json\/wp\/v2\/posts\/255500","targetHints":{"allow":["GET"]}}],"collection":[{"href":"https:\/\/www.cuballama.com\/noticias\/wp-json\/wp\/v2\/posts"}],"about":[{"href":"https:\/\/www.cuballama.com\/noticias\/wp-json\/wp\/v2\/types\/post"}],"author":[{"embeddable":true,"href":"https:\/\/www.cuballama.com\/noticias\/wp-json\/wp\/v2\/users\/27"}],"replies":[{"embeddable":true,"href":"https:\/\/www.cuballama.com\/noticias\/wp-json\/wp\/v2\/comments?post=255500"}],"version-history":[{"count":1,"href":"https:\/\/www.cuballama.com\/noticias\/wp-json\/wp\/v2\/posts\/255500\/revisions"}],"predecessor-version":[{"id":255527,"href":"https:\/\/www.cuballama.com\/noticias\/wp-json\/wp\/v2\/posts\/255500\/revisions\/255527"}],"wp:featuredmedia":[{"embeddable":true,"href":"https:\/\/www.cuballama.com\/noticias\/wp-json\/wp\/v2\/media\/255524"}],"wp:attachment":[{"href":"https:\/\/www.cuballama.com\/noticias\/wp-json\/wp\/v2\/media?parent=255500"}],"wp:term":[{"taxonomy":"category","embeddable":true,"href":"https:\/\/www.cuballama.com\/noticias\/wp-json\/wp\/v2\/categories?post=255500"},{"taxonomy":"post_tag","embeddable":true,"href":"https:\/\/www.cuballama.com\/noticias\/wp-json\/wp\/v2\/tags?post=255500"}],"curies":[{"name":"wp","href":"https:\/\/api.w.org\/{rel}","templated":true}]}}