{"id":255498,"date":"2026-08-31T10:27:44","date_gmt":"2026-08-31T14:27:44","guid":{"rendered":"https:\/\/www.cuballama.com\/noticias\/?p=255498"},"modified":"2026-08-31T10:27:47","modified_gmt":"2026-08-31T14:27:47","slug":"influencer-cubano-bryan-el-vaquero-aparece-hospitalizado-de-urgencia-junto-a-su-madre","status":"publish","type":"post","link":"https:\/\/www.cuballama.com\/noticias\/influencer-cubano-bryan-el-vaquero-aparece-hospitalizado-de-urgencia-junto-a-su-madre\/","title":{"rendered":"Influencer cubano Bryan El Vaquero aparece hospitalizado de urgencia junto a su madre"},"content":{"rendered":"\n<p class=\"wp-block-paragraph\">El influencer cubano Bryan Batista, conocido en redes sociales como Soy Vaquero, encendi\u00f3 las alarmas entre sus seguidores despu\u00e9s de aparecer en im\u00e1genes tomadas desde el \u00e1rea de urgencias de un hospital en Florida.<\/p>\n\n\n\n<p class=\"wp-block-paragraph\">El creador de contenido comparti\u00f3 varias fotograf\u00edas en las que se le observa acostado en una camilla, vestido con una bata hospitalaria y conectado a equipos de monitoreo. Sin embargo, hasta el momento no ha explicado p\u00fablicamente qu\u00e9 ocurri\u00f3 ni cu\u00e1l fue el motivo que lo llev\u00f3 a recibir atenci\u00f3n m\u00e9dica.<\/p>\n\n\n\n<p class=\"wp-block-paragraph\">Una de las im\u00e1genes que m\u00e1s llam\u00f3 la atenci\u00f3n muestra a su madre junto a \u00e9l, colocando una mano sobre su frente mientras permanece en la camilla. Batista acompa\u00f1\u00f3 las fotograf\u00edas con una breve pero significativa frase: \u201cLa mam\u00e1 siempre est\u00e1\u201d. En otra instant\u00e1nea, el influencer aparece levantando el pulgar hacia la c\u00e1mara, un gesto que muchos de sus seguidores interpretaron como una se\u00f1al de tranquilidad.<\/p>\n\n\n\n<h2 class=\"wp-block-heading\">El Vaquero no ha contado qu\u00e9 le ocurri\u00f3<\/h2>\n\n\n\n<p class=\"wp-block-paragraph\">Pese a la preocupaci\u00f3n generada por las fotograf\u00edas, Batista no revel\u00f3 un diagn\u00f3stico ni explic\u00f3 si su paso por urgencias estuvo relacionado con una enfermedad, un accidente o alg\u00fan otro problema de salud.<\/p>\n\n\n\n<p class=\"wp-block-paragraph\">En las im\u00e1genes se observan cables de monitoreo, una bomba de infusi\u00f3n y otros elementos habituales de una sala hospitalaria. Tambi\u00e9n parece apreciarse una marca en la zona de la nariz, aunque no existe informaci\u00f3n suficiente para determinar si guarda alguna relaci\u00f3n con el motivo de su atenci\u00f3n m\u00e9dica.<\/p>\n\n\n\n<p class=\"wp-block-paragraph\">Por esa raz\u00f3n, cualquier conclusi\u00f3n sobre lo sucedido ser\u00eda, por ahora, mera especulaci\u00f3n. Su novia, Kasey Pollett, tambi\u00e9n habr\u00eda estado acompa\u00f1\u00e1ndolo durante el episodio, aunque no aparece en las fotograf\u00edas difundidas. Batista y Pollett forman parte desde hace a\u00f1os del contenido familiar que ha ayudado al cubano a ganar popularidad en las plataformas digitales.<\/p>\n\n\n\n<p class=\"wp-block-paragraph\">Esa faceta qued\u00f3 especialmente expuesta cuando <a href=\"https:\/\/www.cuballama.com\/noticias\/influencer-cubano-se-tatua-el-rostro-de-su-suegro-estadounidense\/?utm_source=chatgpt.com\" target=\"_blank\" rel=\"noreferrer noopener\">Batista se hizo viral al tatuarse el rostro de su suegro estadounidense<\/a>, un gesto con el que quiso demostrar el fuerte v\u00ednculo que mantiene con la familia de su pareja.<\/p>\n\n\n\n<h2 class=\"wp-block-heading\">De los realities a convertirse en un \u201cvaquero de verdad\u201d<\/h2>\n\n\n\n<p class=\"wp-block-paragraph\">Bryan Batista ha atravesado distintas etapas como creador de contenido, pero durante 2026 su nombre gan\u00f3 una exposici\u00f3n particular por su participaci\u00f3n en El Rancho de Destino.<\/p>\n\n\n\n<p class=\"wp-block-paragraph\">Su estancia en el reality estuvo marcada por varios conflictos y momentos virales. Uno de los episodios m\u00e1s pol\u00e9micos ocurri\u00f3 cuando <a href=\"https:\/\/www.cuballama.com\/noticias\/agreden-con-un-tartazo-a-influencer-cubano-el-vaquero-en-el-rancho-de-destino\/?utm_source=chatgpt.com\" target=\"_blank\" rel=\"noreferrer noopener\">recibi\u00f3 un tartazo durante un enfrentamiento dentro de El Rancho de Destino<\/a>.<\/p>\n\n\n\n<blockquote class=\"instagram-media\" data-instgrm-captioned data-instgrm-permalink=\"https:\/\/www.instagram.com\/p\/DcsWW-gAPJ0\/?utm_source=ig_embed&amp;utm_campaign=loading\" data-instgrm-version=\"14\" style=\" background:#FFF; border:0; border-radius:3px; box-shadow:0 0 1px 0 rgba(0,0,0,0.5),0 1px 10px 0 rgba(0,0,0,0.15); margin: 1px; max-width:540px; min-width:326px; padding:0; width:99.375%; width:-webkit-calc(100% - 2px); width:calc(100% - 2px);\"><div style=\"padding:16px;\"> <a href=\"https:\/\/www.instagram.com\/p\/DcsWW-gAPJ0\/?utm_source=ig_embed&amp;utm_campaign=loading\" style=\" background:#FFFFFF; line-height:0; padding:0 0; text-align:center; text-decoration:none; width:100%;\" target=\"_blank\"> <div style=\" display: flex; flex-direction: row; align-items: center;\"> <div style=\"background-color: #F4F4F4; border-radius: 50%; flex-grow: 0; height: 40px; margin-right: 14px; width: 40px;\"><\/div> <div style=\"display: flex; flex-direction: column; flex-grow: 1; justify-content: center;\"> <div style=\" background-color: #F4F4F4; border-radius: 4px; flex-grow: 0; height: 14px; margin-bottom: 6px; width: 100px;\"><\/div> <div style=\" background-color: #F4F4F4; border-radius: 4px; flex-grow: 0; height: 14px; width: 60px;\"><\/div><\/div><\/div><div style=\"padding: 19% 0;\"><\/div> <div style=\"display:block; height:50px; margin:0 auto 12px; width:50px;\"><svg width=\"50px\" height=\"50px\" viewBox=\"0 0 60 60\" version=\"1.1\" xmlns=\"https:\/\/www.w3.org\/2000\/svg\" xmlns:xlink=\"https:\/\/www.w3.org\/1999\/xlink\"><g stroke=\"none\" stroke-width=\"1\" fill=\"none\" fill-rule=\"evenodd\"><g transform=\"translate(-511.000000, -20.000000)\" fill=\"#000000\"><g><path d=\"M556.869,30.41 C554.814,30.41 553.148,32.076 553.148,34.131 C553.148,36.186 554.814,37.852 556.869,37.852 C558.924,37.852 560.59,36.186 560.59,34.131 C560.59,32.076 558.924,30.41 556.869,30.41 M541,60.657 C535.114,60.657 530.342,55.887 530.342,50 C530.342,44.114 535.114,39.342 541,39.342 C546.887,39.342 551.658,44.114 551.658,50 C551.658,55.887 546.887,60.657 541,60.657 M541,33.886 C532.1,33.886 524.886,41.1 524.886,50 C524.886,58.899 532.1,66.113 541,66.113 C549.9,66.113 557.115,58.899 557.115,50 C557.115,41.1 549.9,33.886 541,33.886 M565.378,62.101 C565.244,65.022 564.756,66.606 564.346,67.663 C563.803,69.06 563.154,70.057 562.106,71.106 C561.058,72.155 560.06,72.803 558.662,73.347 C557.607,73.757 556.021,74.244 553.102,74.378 C549.944,74.521 548.997,74.552 541,74.552 C533.003,74.552 532.056,74.521 528.898,74.378 C525.979,74.244 524.393,73.757 523.338,73.347 C521.94,72.803 520.942,72.155 519.894,71.106 C518.846,70.057 518.197,69.06 517.654,67.663 C517.244,66.606 516.755,65.022 516.623,62.101 C516.479,58.943 516.448,57.996 516.448,50 C516.448,42.003 516.479,41.056 516.623,37.899 C516.755,34.978 517.244,33.391 517.654,32.338 C518.197,30.938 518.846,29.942 519.894,28.894 C520.942,27.846 521.94,27.196 523.338,26.654 C524.393,26.244 525.979,25.756 528.898,25.623 C532.057,25.479 533.004,25.448 541,25.448 C548.997,25.448 549.943,25.479 553.102,25.623 C556.021,25.756 557.607,26.244 558.662,26.654 C560.06,27.196 561.058,27.846 562.106,28.894 C563.154,29.942 563.803,30.938 564.346,32.338 C564.756,33.391 565.244,34.978 565.378,37.899 C565.522,41.056 565.552,42.003 565.552,50 C565.552,57.996 565.522,58.943 565.378,62.101 M570.82,37.631 C570.674,34.438 570.167,32.258 569.425,30.349 C568.659,28.377 567.633,26.702 565.965,25.035 C564.297,23.368 562.623,22.342 560.652,21.575 C558.743,20.834 556.562,20.326 553.369,20.18 C550.169,20.033 549.148,20 541,20 C532.853,20 531.831,20.033 528.631,20.18 C525.438,20.326 523.257,20.834 521.349,21.575 C519.376,22.342 517.703,23.368 516.035,25.035 C514.368,26.702 513.342,28.377 512.574,30.349 C511.834,32.258 511.326,34.438 511.181,37.631 C511.035,40.831 511,41.851 511,50 C511,58.147 511.035,59.17 511.181,62.369 C511.326,65.562 511.834,67.743 512.574,69.651 C513.342,71.625 514.368,73.296 516.035,74.965 C517.703,76.634 519.376,77.658 521.349,78.425 C523.257,79.167 525.438,79.673 528.631,79.82 C531.831,79.965 532.853,80.001 541,80.001 C549.148,80.001 550.169,79.965 553.369,79.82 C556.562,79.673 558.743,79.167 560.652,78.425 C562.623,77.658 564.297,76.634 565.965,74.965 C567.633,73.296 568.659,71.625 569.425,69.651 C570.167,67.743 570.674,65.562 570.82,62.369 C570.966,59.17 571,58.147 571,50 C571,41.851 570.966,40.831 570.82,37.631\"><\/path><\/g><\/g><\/g><\/svg><\/div><div style=\"padding-top: 8px;\"> <div style=\" color:#3897f0; font-family:Arial,sans-serif; font-size:14px; font-style:normal; font-weight:550; line-height:18px;\">Ver esta publicaci\u00f3n en Instagram<\/div><\/div><div style=\"padding: 12.5% 0;\"><\/div> <div style=\"display: flex; flex-direction: row; margin-bottom: 14px; align-items: center;\"><div> <div style=\"background-color: #F4F4F4; border-radius: 50%; height: 12.5px; width: 12.5px; transform: translateX(0px) translateY(7px);\"><\/div> <div style=\"background-color: #F4F4F4; height: 12.5px; transform: rotate(-45deg) translateX(3px) translateY(1px); width: 12.5px; flex-grow: 0; margin-right: 14px; margin-left: 2px;\"><\/div> <div style=\"background-color: #F4F4F4; border-radius: 50%; height: 12.5px; width: 12.5px; transform: translateX(9px) translateY(-18px);\"><\/div><\/div><div style=\"margin-left: 8px;\"> <div style=\" background-color: #F4F4F4; border-radius: 50%; flex-grow: 0; height: 20px; width: 20px;\"><\/div> <div style=\" width: 0; height: 0; border-top: 2px solid transparent; border-left: 6px solid #f4f4f4; border-bottom: 2px solid transparent; transform: translateX(16px) translateY(-4px) rotate(30deg)\"><\/div><\/div><div style=\"margin-left: auto;\"> <div style=\" width: 0px; border-top: 8px solid #F4F4F4; border-right: 8px solid transparent; transform: translateY(16px);\"><\/div> <div style=\" background-color: #F4F4F4; flex-grow: 0; height: 12px; width: 16px; transform: translateY(-4px);\"><\/div> <div style=\" width: 0; height: 0; border-top: 8px solid #F4F4F4; border-left: 8px solid transparent; transform: translateY(-4px) translateX(8px);\"><\/div><\/div><\/div> <div style=\"display: flex; flex-direction: column; flex-grow: 1; justify-content: center; margin-bottom: 24px;\"> <div style=\" background-color: #F4F4F4; border-radius: 4px; flex-grow: 0; height: 14px; margin-bottom: 6px; width: 224px;\"><\/div> <div style=\" background-color: #F4F4F4; border-radius: 4px; flex-grow: 0; height: 14px; width: 144px;\"><\/div><\/div><\/a><p style=\" color:#c9c8cd; font-family:Arial,sans-serif; font-size:14px; line-height:17px; margin-bottom:0; margin-top:8px; overflow:hidden; padding:8px 0 7px; text-align:center; text-overflow:ellipsis; white-space:nowrap;\"><a href=\"https:\/\/www.instagram.com\/p\/DcsWW-gAPJ0\/?utm_source=ig_embed&amp;utm_campaign=loading\" style=\" color:#c9c8cd; font-family:Arial,sans-serif; font-size:14px; font-style:normal; font-weight:normal; line-height:17px; text-decoration:none;\" target=\"_blank\">Una publicaci\u00f3n compartida de Bryan Batista (@soyvaquero_)<\/a><\/p><\/div><\/blockquote>\n<script async src=\"\/\/www.instagram.com\/embed.js\"><\/script>\n\n\n\n<p class=\"wp-block-paragraph\">Posteriormente, Batista termin\u00f3 fuera de la competencia despu\u00e9s de nuevos enfrentamientos. Tras abandonar el programa, <a href=\"https:\/\/www.cuballama.com\/noticias\/el-vaquero-se-pronuncia-tras-su-expulsion-de-el-rancho-de-destino-me-siento-defraudado\/?utm_source=chatgpt.com\" target=\"_blank\" rel=\"noreferrer noopener\">El Vaquero asegur\u00f3 que se sent\u00eda \u201cdefraudado\u201d por algunas de las personas con las que hab\u00eda convivido<\/a>.<\/p>\n\n\n\n<p class=\"wp-block-paragraph\">Meses despu\u00e9s comenz\u00f3 una etapa muy diferente. En junio, Batista anunci\u00f3 que hab\u00eda dejado Miami para instalarse en un rancho de 5.2 acres en Sarasota, Florida, con la intenci\u00f3n de convertir en realidad el personaje que durante a\u00f1os hab\u00eda construido alrededor del nombre Soy Vaquero.<\/p>\n\n\n\n<p class=\"wp-block-paragraph\">\u201cMe acabo de mudar a un rancho de 5.2 acres para convertirme en un vaquero de verdad. La aventura empieza ahora\u201d, explic\u00f3 entonces el creador de contenido. Entre sus planes figuraban criar caballos, vacas y aves, adem\u00e1s de entrenarse en roping, una disciplina asociada al rodeo.<\/p>\n\n\n\n<h2 class=\"wp-block-heading\">Sus seguidores esperan una explicaci\u00f3n<\/h2>\n\n\n\n<p class=\"wp-block-paragraph\">Precisamente por esa nueva vida ligada al campo, la aparici\u00f3n repentina de Batista en un hospital despert\u00f3 numerosas preguntas. La publicaci\u00f3n comenz\u00f3 r\u00e1pidamente a recibir mensajes dese\u00e1ndole una pronta recuperaci\u00f3n y pregunt\u00e1ndole qu\u00e9 hab\u00eda sucedido. En las primeras horas acumul\u00f3 m\u00e1s de 1.800 reacciones y decenas de comentarios, de acuerdo con los datos disponibles tras su publicaci\u00f3n.<\/p>\n\n\n\n<p class=\"wp-block-paragraph\">Por ahora, la \u00fanica se\u00f1al sobre su estado es la que \u00e9l mismo dej\u00f3 en las fotograf\u00edas: aparece consciente y haciendo el gesto del pulgar hacia arriba. No obstante, mientras Bryan Batista no ofrezca nuevos detalles, sigue sin conocerse qu\u00e9 provoc\u00f3 su visita a urgencias ni si necesitar\u00e1 tratamiento adicional.<\/p>\n\n\n\n<p class=\"wp-block-paragraph\">Sus seguidores permanecen pendientes de sus redes sociales, donde el influencer acostumbra a documentar pr\u00e1cticamente cada nueva aventura de su vida. Esta vez, sin embargo, el misterio no est\u00e1 relacionado con un caballo, un reality o alguna de sus habituales ocurrencias: la pregunta que domina los comentarios es simplemente qu\u00e9 le pas\u00f3 a Soy Vaquero.<\/p>\n","protected":false},"excerpt":{"rendered":"<p>Bryan Batista ha atravesado distintas etapas como creador de contenido, pero durante 2026 su nombre gan\u00f3 una exposici\u00f3n particular por su participaci\u00f3n en El Rancho de Destino<\/p>\n","protected":false},"author":27,"featured_media":255533,"comment_status":"open","ping_status":"closed","sticky":false,"template":"","format":"standard","meta":{"_acf_changed":false,"footnotes":""},"categories":[443],"tags":[11050,10296,30099],"class_list":["post-255498","post","type-post","status-publish","format-standard","has-post-thumbnail","category-farandula","tag-cubanos-en-miami","tag-influencer-cubano","tag-vaquero"],"acf":[],"yoast_head":"<!-- This site is optimized with the Yoast SEO plugin v28.3 - https:\/\/yoast.com\/product\/yoast-seo-wordpress\/ -->\n<title>Influencer cubano Bryan El Vaquero aparece hospitalizado de urgencia junto a su madre - Cuballama Noticias<\/title>\n<meta name=\"description\" content=\"Soy Vaquero apareci\u00f3 desde urgencias en Florida, junto a su madre y preocup\u00f3 a sus seguidores, pero no explic\u00f3 qu\u00e9 le pas\u00f3\" \/>\n<meta name=\"robots\" content=\"index, follow, max-snippet:-1, max-image-preview:large, max-video-preview:-1\" \/>\n<link rel=\"canonical\" href=\"https:\/\/www.cuballama.com\/noticias\/influencer-cubano-bryan-el-vaquero-aparece-hospitalizado-de-urgencia-junto-a-su-madre\/\" \/>\n<meta property=\"og:locale\" content=\"es_ES\" \/>\n<meta property=\"og:type\" content=\"article\" \/>\n<meta property=\"og:title\" content=\"Influencer cubano Bryan El Vaquero aparece hospitalizado de urgencia junto a su madre - Cuballama Noticias\" \/>\n<meta property=\"og:description\" content=\"Soy Vaquero apareci\u00f3 desde urgencias en Florida, junto a su madre y preocup\u00f3 a sus seguidores, pero no explic\u00f3 qu\u00e9 le pas\u00f3\" \/>\n<meta property=\"og:url\" content=\"https:\/\/www.cuballama.com\/noticias\/influencer-cubano-bryan-el-vaquero-aparece-hospitalizado-de-urgencia-junto-a-su-madre\/\" \/>\n<meta property=\"og:site_name\" content=\"Cuballama Noticias\" \/>\n<meta property=\"article:publisher\" content=\"https:\/\/www.facebook.com\/CubaLlama\" \/>\n<meta property=\"article:published_time\" content=\"2026-08-31T14:27:44+00:00\" \/>\n<meta property=\"article:modified_time\" content=\"2026-08-31T14:27:47+00:00\" \/>\n<meta property=\"og:image\" content=\"https:\/\/cdn1.mediawpaccore.net\/wp-content\/uploads\/2026\/08\/31101946\/Influencer-cubano-Bryan-El-Vaquero-aparece-hospitalizado-de-urgencia-junto-a-su-madre.jpeg\" \/>\n\t<meta property=\"og:image:width\" content=\"1891\" \/>\n\t<meta property=\"og:image:height\" content=\"1324\" \/>\n\t<meta property=\"og:image:type\" content=\"image\/jpeg\" \/>\n<meta name=\"author\" content=\"Rafa\" \/>\n<meta name=\"twitter:card\" content=\"summary_large_image\" \/>\n<meta name=\"twitter:creator\" content=\"@cuballama\" \/>\n<meta name=\"twitter:site\" content=\"@cuballama\" \/>\n<meta name=\"twitter:label1\" content=\"Escrito por\" \/>\n\t<meta name=\"twitter:data1\" content=\"Rafa\" \/>\n\t<meta name=\"twitter:label2\" content=\"Tiempo de lectura\" \/>\n\t<meta name=\"twitter:data2\" content=\"4 minutos\" \/>\n<script type=\"application\/ld+json\" class=\"yoast-schema-graph\">{\"@context\":\"https:\\\/\\\/schema.org\",\"@graph\":[{\"@type\":\"Article\",\"@id\":\"https:\\\/\\\/www.cuballama.com\\\/noticias\\\/influencer-cubano-bryan-el-vaquero-aparece-hospitalizado-de-urgencia-junto-a-su-madre\\\/#article\",\"isPartOf\":{\"@id\":\"https:\\\/\\\/www.cuballama.com\\\/noticias\\\/influencer-cubano-bryan-el-vaquero-aparece-hospitalizado-de-urgencia-junto-a-su-madre\\\/\"},\"author\":{\"name\":\"Rafa\",\"@id\":\"https:\\\/\\\/www.cuballama.com\\\/noticias\\\/#\\\/schema\\\/person\\\/0f97914526a658755f00e59ec2a832f2\"},\"headline\":\"Influencer cubano Bryan El Vaquero aparece hospitalizado de urgencia junto a su madre\",\"datePublished\":\"2026-08-31T14:27:44+00:00\",\"dateModified\":\"2026-08-31T14:27:47+00:00\",\"mainEntityOfPage\":{\"@id\":\"https:\\\/\\\/www.cuballama.com\\\/noticias\\\/influencer-cubano-bryan-el-vaquero-aparece-hospitalizado-de-urgencia-junto-a-su-madre\\\/\"},\"wordCount\":775,\"commentCount\":0,\"publisher\":{\"@id\":\"https:\\\/\\\/www.cuballama.com\\\/noticias\\\/#organization\"},\"image\":{\"@id\":\"https:\\\/\\\/www.cuballama.com\\\/noticias\\\/influencer-cubano-bryan-el-vaquero-aparece-hospitalizado-de-urgencia-junto-a-su-madre\\\/#primaryimage\"},\"thumbnailUrl\":\"https:\\\/\\\/cdn1.mediawpaccore.net\\\/wp-content\\\/uploads\\\/2026\\\/08\\\/31101946\\\/Influencer-cubano-Bryan-El-Vaquero-aparece-hospitalizado-de-urgencia-junto-a-su-madre.jpeg\",\"keywords\":[\"cubanos en Miami\",\"influencer cubano\",\"Vaquero\"],\"articleSection\":[\"Far\u00e1ndula\"],\"inLanguage\":\"es\",\"potentialAction\":[{\"@type\":\"CommentAction\",\"name\":\"Comment\",\"target\":[\"https:\\\/\\\/www.cuballama.com\\\/noticias\\\/influencer-cubano-bryan-el-vaquero-aparece-hospitalizado-de-urgencia-junto-a-su-madre\\\/#respond\"]}]},{\"@type\":\"WebPage\",\"@id\":\"https:\\\/\\\/www.cuballama.com\\\/noticias\\\/influencer-cubano-bryan-el-vaquero-aparece-hospitalizado-de-urgencia-junto-a-su-madre\\\/\",\"url\":\"https:\\\/\\\/www.cuballama.com\\\/noticias\\\/influencer-cubano-bryan-el-vaquero-aparece-hospitalizado-de-urgencia-junto-a-su-madre\\\/\",\"name\":\"Influencer cubano Bryan El Vaquero aparece hospitalizado de urgencia junto a su madre - Cuballama Noticias\",\"isPartOf\":{\"@id\":\"https:\\\/\\\/www.cuballama.com\\\/noticias\\\/#website\"},\"primaryImageOfPage\":{\"@id\":\"https:\\\/\\\/www.cuballama.com\\\/noticias\\\/influencer-cubano-bryan-el-vaquero-aparece-hospitalizado-de-urgencia-junto-a-su-madre\\\/#primaryimage\"},\"image\":{\"@id\":\"https:\\\/\\\/www.cuballama.com\\\/noticias\\\/influencer-cubano-bryan-el-vaquero-aparece-hospitalizado-de-urgencia-junto-a-su-madre\\\/#primaryimage\"},\"thumbnailUrl\":\"https:\\\/\\\/cdn1.mediawpaccore.net\\\/wp-content\\\/uploads\\\/2026\\\/08\\\/31101946\\\/Influencer-cubano-Bryan-El-Vaquero-aparece-hospitalizado-de-urgencia-junto-a-su-madre.jpeg\",\"datePublished\":\"2026-08-31T14:27:44+00:00\",\"dateModified\":\"2026-08-31T14:27:47+00:00\",\"description\":\"Soy Vaquero apareci\u00f3 desde urgencias en Florida, junto a su madre y preocup\u00f3 a sus seguidores, pero no explic\u00f3 qu\u00e9 le pas\u00f3\",\"breadcrumb\":{\"@id\":\"https:\\\/\\\/www.cuballama.com\\\/noticias\\\/influencer-cubano-bryan-el-vaquero-aparece-hospitalizado-de-urgencia-junto-a-su-madre\\\/#breadcrumb\"},\"inLanguage\":\"es\",\"potentialAction\":[{\"@type\":\"ReadAction\",\"target\":[\"https:\\\/\\\/www.cuballama.com\\\/noticias\\\/influencer-cubano-bryan-el-vaquero-aparece-hospitalizado-de-urgencia-junto-a-su-madre\\\/\"]}]},{\"@type\":\"ImageObject\",\"inLanguage\":\"es\",\"@id\":\"https:\\\/\\\/www.cuballama.com\\\/noticias\\\/influencer-cubano-bryan-el-vaquero-aparece-hospitalizado-de-urgencia-junto-a-su-madre\\\/#primaryimage\",\"url\":\"https:\\\/\\\/cdn1.mediawpaccore.net\\\/wp-content\\\/uploads\\\/2026\\\/08\\\/31101946\\\/Influencer-cubano-Bryan-El-Vaquero-aparece-hospitalizado-de-urgencia-junto-a-su-madre.jpeg\",\"contentUrl\":\"https:\\\/\\\/cdn1.mediawpaccore.net\\\/wp-content\\\/uploads\\\/2026\\\/08\\\/31101946\\\/Influencer-cubano-Bryan-El-Vaquero-aparece-hospitalizado-de-urgencia-junto-a-su-madre.jpeg\",\"width\":1891,\"height\":1324,\"caption\":\"Influencer cubano Bryan El Vaquero aparece hospitalizado de urgencia junto a su madre (Foto: Bryan El Vaquero \\\/ Instagram)\"},{\"@type\":\"BreadcrumbList\",\"@id\":\"https:\\\/\\\/www.cuballama.com\\\/noticias\\\/influencer-cubano-bryan-el-vaquero-aparece-hospitalizado-de-urgencia-junto-a-su-madre\\\/#breadcrumb\",\"itemListElement\":[{\"@type\":\"ListItem\",\"position\":1,\"name\":\"Home\",\"item\":\"https:\\\/\\\/www.cuballama.com\\\/noticias\\\/\"},{\"@type\":\"ListItem\",\"position\":2,\"name\":\"Influencer cubano Bryan El Vaquero aparece hospitalizado de urgencia junto a su madre\"}]},{\"@type\":\"WebSite\",\"@id\":\"https:\\\/\\\/www.cuballama.com\\\/noticias\\\/#website\",\"url\":\"https:\\\/\\\/www.cuballama.com\\\/noticias\\\/\",\"name\":\"Cuballama Noticias\",\"description\":\"Medio digital sobre Cuba y el mundo\",\"publisher\":{\"@id\":\"https:\\\/\\\/www.cuballama.com\\\/noticias\\\/#organization\"},\"potentialAction\":[{\"@type\":\"SearchAction\",\"target\":{\"@type\":\"EntryPoint\",\"urlTemplate\":\"https:\\\/\\\/www.cuballama.com\\\/noticias\\\/?s={search_term_string}\"},\"query-input\":{\"@type\":\"PropertyValueSpecification\",\"valueRequired\":true,\"valueName\":\"search_term_string\"}}],\"inLanguage\":\"es\"},{\"@type\":\"Organization\",\"@id\":\"https:\\\/\\\/www.cuballama.com\\\/noticias\\\/#organization\",\"name\":\"Cuballama\",\"url\":\"https:\\\/\\\/www.cuballama.com\\\/noticias\\\/\",\"logo\":{\"@type\":\"ImageObject\",\"inLanguage\":\"es\",\"@id\":\"https:\\\/\\\/www.cuballama.com\\\/noticias\\\/#\\\/schema\\\/logo\\\/image\\\/\",\"url\":\"https:\\\/\\\/cdn1.mediawpaccore.net\\\/wp-content\\\/uploads\\\/2021\\\/12\\\/28171206\\\/cbll-logo-color-sm.png\",\"contentUrl\":\"https:\\\/\\\/cdn1.mediawpaccore.net\\\/wp-content\\\/uploads\\\/2021\\\/12\\\/28171206\\\/cbll-logo-color-sm.png\",\"width\":600,\"height\":133,\"caption\":\"Cuballama\"},\"image\":{\"@id\":\"https:\\\/\\\/www.cuballama.com\\\/noticias\\\/#\\\/schema\\\/logo\\\/image\\\/\"},\"sameAs\":[\"https:\\\/\\\/www.facebook.com\\\/CubaLlama\",\"https:\\\/\\\/x.com\\\/cuballama\",\"https:\\\/\\\/www.instagram.com\\\/stories\\\/cuballama_oficial\\\/\",\"https:\\\/\\\/www.youtube.com\\\/channel\\\/UCKkFE-d_axENGZcrc4as0IA\"]},{\"@type\":\"Person\",\"@id\":\"https:\\\/\\\/www.cuballama.com\\\/noticias\\\/#\\\/schema\\\/person\\\/0f97914526a658755f00e59ec2a832f2\",\"name\":\"Rafa\",\"url\":\"https:\\\/\\\/www.cuballama.com\\\/noticias\\\/author\\\/rafa\\\/\"}]}<\/script>\n<!-- \/ Yoast SEO plugin. -->","yoast_head_json":{"title":"Influencer cubano Bryan El Vaquero aparece hospitalizado de urgencia junto a su madre - Cuballama Noticias","description":"Soy Vaquero apareci\u00f3 desde urgencias en Florida, junto a su madre y preocup\u00f3 a sus seguidores, pero no explic\u00f3 qu\u00e9 le pas\u00f3","robots":{"index":"index","follow":"follow","max-snippet":"max-snippet:-1","max-image-preview":"max-image-preview:large","max-video-preview":"max-video-preview:-1"},"canonical":"https:\/\/www.cuballama.com\/noticias\/influencer-cubano-bryan-el-vaquero-aparece-hospitalizado-de-urgencia-junto-a-su-madre\/","og_locale":"es_ES","og_type":"article","og_title":"Influencer cubano Bryan El Vaquero aparece hospitalizado de urgencia junto a su madre - Cuballama Noticias","og_description":"Soy Vaquero apareci\u00f3 desde urgencias en Florida, junto a su madre y preocup\u00f3 a sus seguidores, pero no explic\u00f3 qu\u00e9 le pas\u00f3","og_url":"https:\/\/www.cuballama.com\/noticias\/influencer-cubano-bryan-el-vaquero-aparece-hospitalizado-de-urgencia-junto-a-su-madre\/","og_site_name":"Cuballama Noticias","article_publisher":"https:\/\/www.facebook.com\/CubaLlama","article_published_time":"2026-08-31T14:27:44+00:00","article_modified_time":"2026-08-31T14:27:47+00:00","og_image":[{"width":1891,"height":1324,"url":"https:\/\/cdn1.mediawpaccore.net\/wp-content\/uploads\/2026\/08\/31101946\/Influencer-cubano-Bryan-El-Vaquero-aparece-hospitalizado-de-urgencia-junto-a-su-madre.jpeg","type":"image\/jpeg"}],"author":"Rafa","twitter_card":"summary_large_image","twitter_creator":"@cuballama","twitter_site":"@cuballama","twitter_misc":{"Escrito por":"Rafa","Tiempo de lectura":"4 minutos"},"schema":{"@context":"https:\/\/schema.org","@graph":[{"@type":"Article","@id":"https:\/\/www.cuballama.com\/noticias\/influencer-cubano-bryan-el-vaquero-aparece-hospitalizado-de-urgencia-junto-a-su-madre\/#article","isPartOf":{"@id":"https:\/\/www.cuballama.com\/noticias\/influencer-cubano-bryan-el-vaquero-aparece-hospitalizado-de-urgencia-junto-a-su-madre\/"},"author":{"name":"Rafa","@id":"https:\/\/www.cuballama.com\/noticias\/#\/schema\/person\/0f97914526a658755f00e59ec2a832f2"},"headline":"Influencer cubano Bryan El Vaquero aparece hospitalizado de urgencia junto a su madre","datePublished":"2026-08-31T14:27:44+00:00","dateModified":"2026-08-31T14:27:47+00:00","mainEntityOfPage":{"@id":"https:\/\/www.cuballama.com\/noticias\/influencer-cubano-bryan-el-vaquero-aparece-hospitalizado-de-urgencia-junto-a-su-madre\/"},"wordCount":775,"commentCount":0,"publisher":{"@id":"https:\/\/www.cuballama.com\/noticias\/#organization"},"image":{"@id":"https:\/\/www.cuballama.com\/noticias\/influencer-cubano-bryan-el-vaquero-aparece-hospitalizado-de-urgencia-junto-a-su-madre\/#primaryimage"},"thumbnailUrl":"https:\/\/cdn1.mediawpaccore.net\/wp-content\/uploads\/2026\/08\/31101946\/Influencer-cubano-Bryan-El-Vaquero-aparece-hospitalizado-de-urgencia-junto-a-su-madre.jpeg","keywords":["cubanos en Miami","influencer cubano","Vaquero"],"articleSection":["Far\u00e1ndula"],"inLanguage":"es","potentialAction":[{"@type":"CommentAction","name":"Comment","target":["https:\/\/www.cuballama.com\/noticias\/influencer-cubano-bryan-el-vaquero-aparece-hospitalizado-de-urgencia-junto-a-su-madre\/#respond"]}]},{"@type":"WebPage","@id":"https:\/\/www.cuballama.com\/noticias\/influencer-cubano-bryan-el-vaquero-aparece-hospitalizado-de-urgencia-junto-a-su-madre\/","url":"https:\/\/www.cuballama.com\/noticias\/influencer-cubano-bryan-el-vaquero-aparece-hospitalizado-de-urgencia-junto-a-su-madre\/","name":"Influencer cubano Bryan El Vaquero aparece hospitalizado de urgencia junto a su madre - Cuballama Noticias","isPartOf":{"@id":"https:\/\/www.cuballama.com\/noticias\/#website"},"primaryImageOfPage":{"@id":"https:\/\/www.cuballama.com\/noticias\/influencer-cubano-bryan-el-vaquero-aparece-hospitalizado-de-urgencia-junto-a-su-madre\/#primaryimage"},"image":{"@id":"https:\/\/www.cuballama.com\/noticias\/influencer-cubano-bryan-el-vaquero-aparece-hospitalizado-de-urgencia-junto-a-su-madre\/#primaryimage"},"thumbnailUrl":"https:\/\/cdn1.mediawpaccore.net\/wp-content\/uploads\/2026\/08\/31101946\/Influencer-cubano-Bryan-El-Vaquero-aparece-hospitalizado-de-urgencia-junto-a-su-madre.jpeg","datePublished":"2026-08-31T14:27:44+00:00","dateModified":"2026-08-31T14:27:47+00:00","description":"Soy Vaquero apareci\u00f3 desde urgencias en Florida, junto a su madre y preocup\u00f3 a sus seguidores, pero no explic\u00f3 qu\u00e9 le pas\u00f3","breadcrumb":{"@id":"https:\/\/www.cuballama.com\/noticias\/influencer-cubano-bryan-el-vaquero-aparece-hospitalizado-de-urgencia-junto-a-su-madre\/#breadcrumb"},"inLanguage":"es","potentialAction":[{"@type":"ReadAction","target":["https:\/\/www.cuballama.com\/noticias\/influencer-cubano-bryan-el-vaquero-aparece-hospitalizado-de-urgencia-junto-a-su-madre\/"]}]},{"@type":"ImageObject","inLanguage":"es","@id":"https:\/\/www.cuballama.com\/noticias\/influencer-cubano-bryan-el-vaquero-aparece-hospitalizado-de-urgencia-junto-a-su-madre\/#primaryimage","url":"https:\/\/cdn1.mediawpaccore.net\/wp-content\/uploads\/2026\/08\/31101946\/Influencer-cubano-Bryan-El-Vaquero-aparece-hospitalizado-de-urgencia-junto-a-su-madre.jpeg","contentUrl":"https:\/\/cdn1.mediawpaccore.net\/wp-content\/uploads\/2026\/08\/31101946\/Influencer-cubano-Bryan-El-Vaquero-aparece-hospitalizado-de-urgencia-junto-a-su-madre.jpeg","width":1891,"height":1324,"caption":"Influencer cubano Bryan El Vaquero aparece hospitalizado de urgencia junto a su madre (Foto: Bryan El Vaquero \/ Instagram)"},{"@type":"BreadcrumbList","@id":"https:\/\/www.cuballama.com\/noticias\/influencer-cubano-bryan-el-vaquero-aparece-hospitalizado-de-urgencia-junto-a-su-madre\/#breadcrumb","itemListElement":[{"@type":"ListItem","position":1,"name":"Home","item":"https:\/\/www.cuballama.com\/noticias\/"},{"@type":"ListItem","position":2,"name":"Influencer cubano Bryan El Vaquero aparece hospitalizado de urgencia junto a su madre"}]},{"@type":"WebSite","@id":"https:\/\/www.cuballama.com\/noticias\/#website","url":"https:\/\/www.cuballama.com\/noticias\/","name":"Cuballama Noticias","description":"Medio digital sobre Cuba y el mundo","publisher":{"@id":"https:\/\/www.cuballama.com\/noticias\/#organization"},"potentialAction":[{"@type":"SearchAction","target":{"@type":"EntryPoint","urlTemplate":"https:\/\/www.cuballama.com\/noticias\/?s={search_term_string}"},"query-input":{"@type":"PropertyValueSpecification","valueRequired":true,"valueName":"search_term_string"}}],"inLanguage":"es"},{"@type":"Organization","@id":"https:\/\/www.cuballama.com\/noticias\/#organization","name":"Cuballama","url":"https:\/\/www.cuballama.com\/noticias\/","logo":{"@type":"ImageObject","inLanguage":"es","@id":"https:\/\/www.cuballama.com\/noticias\/#\/schema\/logo\/image\/","url":"https:\/\/cdn1.mediawpaccore.net\/wp-content\/uploads\/2021\/12\/28171206\/cbll-logo-color-sm.png","contentUrl":"https:\/\/cdn1.mediawpaccore.net\/wp-content\/uploads\/2021\/12\/28171206\/cbll-logo-color-sm.png","width":600,"height":133,"caption":"Cuballama"},"image":{"@id":"https:\/\/www.cuballama.com\/noticias\/#\/schema\/logo\/image\/"},"sameAs":["https:\/\/www.facebook.com\/CubaLlama","https:\/\/x.com\/cuballama","https:\/\/www.instagram.com\/stories\/cuballama_oficial\/","https:\/\/www.youtube.com\/channel\/UCKkFE-d_axENGZcrc4as0IA"]},{"@type":"Person","@id":"https:\/\/www.cuballama.com\/noticias\/#\/schema\/person\/0f97914526a658755f00e59ec2a832f2","name":"Rafa","url":"https:\/\/www.cuballama.com\/noticias\/author\/rafa\/"}]}},"_links":{"self":[{"href":"https:\/\/www.cuballama.com\/noticias\/wp-json\/wp\/v2\/posts\/255498","targetHints":{"allow":["GET"]}}],"collection":[{"href":"https:\/\/www.cuballama.com\/noticias\/wp-json\/wp\/v2\/posts"}],"about":[{"href":"https:\/\/www.cuballama.com\/noticias\/wp-json\/wp\/v2\/types\/post"}],"author":[{"embeddable":true,"href":"https:\/\/www.cuballama.com\/noticias\/wp-json\/wp\/v2\/users\/27"}],"replies":[{"embeddable":true,"href":"https:\/\/www.cuballama.com\/noticias\/wp-json\/wp\/v2\/comments?post=255498"}],"version-history":[{"count":1,"href":"https:\/\/www.cuballama.com\/noticias\/wp-json\/wp\/v2\/posts\/255498\/revisions"}],"predecessor-version":[{"id":255552,"href":"https:\/\/www.cuballama.com\/noticias\/wp-json\/wp\/v2\/posts\/255498\/revisions\/255552"}],"wp:featuredmedia":[{"embeddable":true,"href":"https:\/\/www.cuballama.com\/noticias\/wp-json\/wp\/v2\/media\/255533"}],"wp:attachment":[{"href":"https:\/\/www.cuballama.com\/noticias\/wp-json\/wp\/v2\/media?parent=255498"}],"wp:term":[{"taxonomy":"category","embeddable":true,"href":"https:\/\/www.cuballama.com\/noticias\/wp-json\/wp\/v2\/categories?post=255498"},{"taxonomy":"post_tag","embeddable":true,"href":"https:\/\/www.cuballama.com\/noticias\/wp-json\/wp\/v2\/tags?post=255498"}],"curies":[{"name":"wp","href":"https:\/\/api.w.org\/{rel}","templated":true}]}}