{"id":255497,"date":"2026-08-31T10:34:03","date_gmt":"2026-08-31T14:34:03","guid":{"rendered":"https:\/\/www.cuballama.com\/noticias\/?p=255497"},"modified":"2026-08-31T10:34:06","modified_gmt":"2026-08-31T14:34:06","slug":"la-dura-tira-la-casa-por-la-ventana-en-bahamas-por-sus-33-cumpleanos","status":"publish","type":"post","link":"https:\/\/www.cuballama.com\/noticias\/la-dura-tira-la-casa-por-la-ventana-en-bahamas-por-sus-33-cumpleanos\/","title":{"rendered":"La Dura tira la casa por la ventana en Bahamas por sus 33 cumplea\u00f1os"},"content":{"rendered":"\n<p class=\"wp-block-paragraph\">Diliamne Jouve Gonz\u00e1lez, conocida popularmente como La Dura, celebr\u00f3 sus 33 a\u00f1os en un escenario dif\u00edcil de superar: las playas de Bahamas, donde pas\u00f3 el fin de semana acompa\u00f1ada de su hija Saisha y su actual pareja, el empresario cubano Jorge Carlos Paj\u00f3n.<\/p>\n\n\n\n<p class=\"wp-block-paragraph\">La influencer convirti\u00f3 la escapada de cumplea\u00f1os en toda una sesi\u00f3n de contenido para sus seguidores, con fotograf\u00edas frente al mar, estilismos preparados especialmente para la ocasi\u00f3n y una celebraci\u00f3n nocturna en la que no faltaron la torta, las flores y los mensajes rom\u00e1nticos.<\/p>\n\n\n\n<p class=\"wp-block-paragraph\">Sin embargo, uno de los detalles que m\u00e1s llam\u00f3 la atenci\u00f3n lleg\u00f3 de parte de Paj\u00f3n. El empresario comparti\u00f3 un collage con varias fotograf\u00edas de ambos y una dedicatoria que volvi\u00f3 a poner su relaci\u00f3n en el centro de las redes sociales: \u201cHappy birthday para el amor de mi vida mi beba\u201d.<\/p>\n\n\n\n<h2 class=\"wp-block-heading\">La Dura convierte Bahamas en el escenario de sus 33 a\u00f1os<\/h2>\n\n\n\n<p class=\"wp-block-paragraph\">Durante el fin de semana, la creadora de contenido fue mostrando diferentes momentos del viaje y public\u00f3 un carrusel desde la playa con el mensaje \u201cVirgo Season it&#8217;s my season\u201d, antes de compartir las im\u00e1genes espec\u00edficamente dedicadas a su cumplea\u00f1os.<\/p>\n\n\n\n<p class=\"wp-block-paragraph\">Para una de las sesiones fotogr\u00e1ficas eligi\u00f3 un conjunto de dos piezas en tono rosa palo, acompa\u00f1ado de llamativas mangas de plumas y accesorios en tonos similares. El mar y el atardecer sirvieron de fondo para las fotograf\u00edas.<\/p>\n\n\n\n<blockquote class=\"instagram-media\" data-instgrm-captioned data-instgrm-permalink=\"https:\/\/www.instagram.com\/reel\/DcpYV9VNZhJ\/?utm_source=ig_embed&amp;utm_campaign=loading\" data-instgrm-version=\"14\" style=\" background:#FFF; border:0; border-radius:3px; box-shadow:0 0 1px 0 rgba(0,0,0,0.5),0 1px 10px 0 rgba(0,0,0,0.15); margin: 1px; max-width:540px; min-width:326px; padding:0; width:99.375%; width:-webkit-calc(100% - 2px); width:calc(100% - 2px);\"><div style=\"padding:16px;\"> <a href=\"https:\/\/www.instagram.com\/reel\/DcpYV9VNZhJ\/?utm_source=ig_embed&amp;utm_campaign=loading\" style=\" background:#FFFFFF; line-height:0; padding:0 0; text-align:center; text-decoration:none; width:100%;\" target=\"_blank\"> <div style=\" display: flex; flex-direction: row; align-items: center;\"> <div style=\"background-color: #F4F4F4; border-radius: 50%; flex-grow: 0; height: 40px; margin-right: 14px; width: 40px;\"><\/div> <div style=\"display: flex; flex-direction: column; flex-grow: 1; justify-content: center;\"> <div style=\" background-color: #F4F4F4; border-radius: 4px; flex-grow: 0; height: 14px; margin-bottom: 6px; width: 100px;\"><\/div> <div style=\" background-color: #F4F4F4; border-radius: 4px; flex-grow: 0; height: 14px; width: 60px;\"><\/div><\/div><\/div><div style=\"padding: 19% 0;\"><\/div> <div style=\"display:block; height:50px; margin:0 auto 12px; width:50px;\"><svg width=\"50px\" height=\"50px\" viewBox=\"0 0 60 60\" version=\"1.1\" xmlns=\"https:\/\/www.w3.org\/2000\/svg\" xmlns:xlink=\"https:\/\/www.w3.org\/1999\/xlink\"><g stroke=\"none\" stroke-width=\"1\" fill=\"none\" fill-rule=\"evenodd\"><g transform=\"translate(-511.000000, -20.000000)\" fill=\"#000000\"><g><path d=\"M556.869,30.41 C554.814,30.41 553.148,32.076 553.148,34.131 C553.148,36.186 554.814,37.852 556.869,37.852 C558.924,37.852 560.59,36.186 560.59,34.131 C560.59,32.076 558.924,30.41 556.869,30.41 M541,60.657 C535.114,60.657 530.342,55.887 530.342,50 C530.342,44.114 535.114,39.342 541,39.342 C546.887,39.342 551.658,44.114 551.658,50 C551.658,55.887 546.887,60.657 541,60.657 M541,33.886 C532.1,33.886 524.886,41.1 524.886,50 C524.886,58.899 532.1,66.113 541,66.113 C549.9,66.113 557.115,58.899 557.115,50 C557.115,41.1 549.9,33.886 541,33.886 M565.378,62.101 C565.244,65.022 564.756,66.606 564.346,67.663 C563.803,69.06 563.154,70.057 562.106,71.106 C561.058,72.155 560.06,72.803 558.662,73.347 C557.607,73.757 556.021,74.244 553.102,74.378 C549.944,74.521 548.997,74.552 541,74.552 C533.003,74.552 532.056,74.521 528.898,74.378 C525.979,74.244 524.393,73.757 523.338,73.347 C521.94,72.803 520.942,72.155 519.894,71.106 C518.846,70.057 518.197,69.06 517.654,67.663 C517.244,66.606 516.755,65.022 516.623,62.101 C516.479,58.943 516.448,57.996 516.448,50 C516.448,42.003 516.479,41.056 516.623,37.899 C516.755,34.978 517.244,33.391 517.654,32.338 C518.197,30.938 518.846,29.942 519.894,28.894 C520.942,27.846 521.94,27.196 523.338,26.654 C524.393,26.244 525.979,25.756 528.898,25.623 C532.057,25.479 533.004,25.448 541,25.448 C548.997,25.448 549.943,25.479 553.102,25.623 C556.021,25.756 557.607,26.244 558.662,26.654 C560.06,27.196 561.058,27.846 562.106,28.894 C563.154,29.942 563.803,30.938 564.346,32.338 C564.756,33.391 565.244,34.978 565.378,37.899 C565.522,41.056 565.552,42.003 565.552,50 C565.552,57.996 565.522,58.943 565.378,62.101 M570.82,37.631 C570.674,34.438 570.167,32.258 569.425,30.349 C568.659,28.377 567.633,26.702 565.965,25.035 C564.297,23.368 562.623,22.342 560.652,21.575 C558.743,20.834 556.562,20.326 553.369,20.18 C550.169,20.033 549.148,20 541,20 C532.853,20 531.831,20.033 528.631,20.18 C525.438,20.326 523.257,20.834 521.349,21.575 C519.376,22.342 517.703,23.368 516.035,25.035 C514.368,26.702 513.342,28.377 512.574,30.349 C511.834,32.258 511.326,34.438 511.181,37.631 C511.035,40.831 511,41.851 511,50 C511,58.147 511.035,59.17 511.181,62.369 C511.326,65.562 511.834,67.743 512.574,69.651 C513.342,71.625 514.368,73.296 516.035,74.965 C517.703,76.634 519.376,77.658 521.349,78.425 C523.257,79.167 525.438,79.673 528.631,79.82 C531.831,79.965 532.853,80.001 541,80.001 C549.148,80.001 550.169,79.965 553.369,79.82 C556.562,79.673 558.743,79.167 560.652,78.425 C562.623,77.658 564.297,76.634 565.965,74.965 C567.633,73.296 568.659,71.625 569.425,69.651 C570.167,67.743 570.674,65.562 570.82,62.369 C570.966,59.17 571,58.147 571,50 C571,41.851 570.966,40.831 570.82,37.631\"><\/path><\/g><\/g><\/g><\/svg><\/div><div style=\"padding-top: 8px;\"> <div style=\" color:#3897f0; font-family:Arial,sans-serif; font-size:14px; font-style:normal; font-weight:550; line-height:18px;\">Ver esta publicaci\u00f3n en Instagram<\/div><\/div><div style=\"padding: 12.5% 0;\"><\/div> <div style=\"display: flex; flex-direction: row; margin-bottom: 14px; align-items: center;\"><div> <div style=\"background-color: #F4F4F4; border-radius: 50%; height: 12.5px; width: 12.5px; transform: translateX(0px) translateY(7px);\"><\/div> <div style=\"background-color: #F4F4F4; height: 12.5px; transform: rotate(-45deg) translateX(3px) translateY(1px); width: 12.5px; flex-grow: 0; margin-right: 14px; margin-left: 2px;\"><\/div> <div style=\"background-color: #F4F4F4; border-radius: 50%; height: 12.5px; width: 12.5px; transform: translateX(9px) translateY(-18px);\"><\/div><\/div><div style=\"margin-left: 8px;\"> <div style=\" background-color: #F4F4F4; border-radius: 50%; flex-grow: 0; height: 20px; width: 20px;\"><\/div> <div style=\" width: 0; height: 0; border-top: 2px solid transparent; border-left: 6px solid #f4f4f4; border-bottom: 2px solid transparent; transform: translateX(16px) translateY(-4px) rotate(30deg)\"><\/div><\/div><div style=\"margin-left: auto;\"> <div style=\" width: 0px; border-top: 8px solid #F4F4F4; border-right: 8px solid transparent; transform: translateY(16px);\"><\/div> <div style=\" background-color: #F4F4F4; flex-grow: 0; height: 12px; width: 16px; transform: translateY(-4px);\"><\/div> <div style=\" width: 0; height: 0; border-top: 8px solid #F4F4F4; border-left: 8px solid transparent; transform: translateY(-4px) translateX(8px);\"><\/div><\/div><\/div> <div style=\"display: flex; flex-direction: column; flex-grow: 1; justify-content: center; margin-bottom: 24px;\"> <div style=\" background-color: #F4F4F4; border-radius: 4px; flex-grow: 0; height: 14px; margin-bottom: 6px; width: 224px;\"><\/div> <div style=\" background-color: #F4F4F4; border-radius: 4px; flex-grow: 0; height: 14px; width: 144px;\"><\/div><\/div><\/a><p style=\" color:#c9c8cd; font-family:Arial,sans-serif; font-size:14px; line-height:17px; margin-bottom:0; margin-top:8px; overflow:hidden; padding:8px 0 7px; text-align:center; text-overflow:ellipsis; white-space:nowrap;\"><a href=\"https:\/\/www.instagram.com\/reel\/DcpYV9VNZhJ\/?utm_source=ig_embed&amp;utm_campaign=loading\" style=\" color:#c9c8cd; font-family:Arial,sans-serif; font-size:14px; font-style:normal; font-weight:normal; line-height:17px; text-decoration:none;\" target=\"_blank\">Una publicaci\u00f3n compartida de Diliamne Jouve \ud83e\udeb8 (@diliamnejacob)<\/a><\/p><\/div><\/blockquote>\n<script async src=\"\/\/www.instagram.com\/embed.js\"><\/script>\n\n\n\n<p class=\"wp-block-paragraph\">M\u00e1s tarde cambi\u00f3 completamente de estilo para la celebraci\u00f3n nocturna. Esta vez apareci\u00f3 con un top negro adornado con mariposas brillantes antes de soplar las velas de una torta decorada en tonos crema, dorado y morado.<\/p>\n\n\n\n<p class=\"wp-block-paragraph\">La celebraci\u00f3n confirma adem\u00e1s que Bahamas parece haberse convertido en uno de los destinos favoritos de la pareja. Meses atr\u00e1s, La Dura y Paj\u00f3n ya hab\u00edan protagonizado <a href=\"https:\/\/www.cuballama.com\/noticias\/a-todo-tren-la-dura-y-jorge-carlos-pajon-sellan-su-amor-con-un-beso-en-el-paraiso\/?utm_source=chatgpt.com\" target=\"_blank\" rel=\"noreferrer noopener\">otra escapada rom\u00e1ntica al archipi\u00e9lago<\/a>, con fotograf\u00edas en la playa, piscinas y demostraciones p\u00fablicas de afecto.<\/p>\n\n\n\n<h2 class=\"wp-block-heading\">Paj\u00f3n vuelve a declarar p\u00fablicamente su amor<\/h2>\n\n\n\n<p class=\"wp-block-paragraph\">M\u00e1s all\u00e1 del lujo y los estilismos, la dedicatoria de Jorge Carlos Paj\u00f3n termin\u00f3 rob\u00e1ndose parte del protagonismo.<\/p>\n\n\n\n<p class=\"wp-block-paragraph\">\u201cEl amor de mi vida\u201d fue la expresi\u00f3n elegida por el empresario para felicitar a Diliamne, acompa\u00f1ada del cari\u00f1oso apodo \u201cmi beba\u201d, que ya ha utilizado p\u00fablicamente en otras ocasiones.<\/p>\n\n\n\n<blockquote class=\"instagram-media\" data-instgrm-captioned data-instgrm-permalink=\"https:\/\/www.instagram.com\/p\/DbMUjLvjYfX\/?utm_source=ig_embed&amp;utm_campaign=loading\" data-instgrm-version=\"14\" style=\" background:#FFF; border:0; border-radius:3px; box-shadow:0 0 1px 0 rgba(0,0,0,0.5),0 1px 10px 0 rgba(0,0,0,0.15); margin: 1px; max-width:540px; min-width:326px; padding:0; width:99.375%; width:-webkit-calc(100% - 2px); width:calc(100% - 2px);\"><div style=\"padding:16px;\"> <a href=\"https:\/\/www.instagram.com\/p\/DbMUjLvjYfX\/?utm_source=ig_embed&amp;utm_campaign=loading\" style=\" background:#FFFFFF; line-height:0; padding:0 0; text-align:center; text-decoration:none; width:100%;\" target=\"_blank\"> <div style=\" display: flex; flex-direction: row; align-items: center;\"> <div style=\"background-color: #F4F4F4; border-radius: 50%; flex-grow: 0; height: 40px; margin-right: 14px; width: 40px;\"><\/div> <div style=\"display: flex; flex-direction: column; flex-grow: 1; justify-content: center;\"> <div style=\" background-color: #F4F4F4; border-radius: 4px; flex-grow: 0; height: 14px; margin-bottom: 6px; width: 100px;\"><\/div> <div style=\" background-color: #F4F4F4; border-radius: 4px; flex-grow: 0; height: 14px; width: 60px;\"><\/div><\/div><\/div><div style=\"padding: 19% 0;\"><\/div> <div style=\"display:block; height:50px; margin:0 auto 12px; width:50px;\"><svg width=\"50px\" height=\"50px\" viewBox=\"0 0 60 60\" version=\"1.1\" xmlns=\"https:\/\/www.w3.org\/2000\/svg\" xmlns:xlink=\"https:\/\/www.w3.org\/1999\/xlink\"><g stroke=\"none\" stroke-width=\"1\" fill=\"none\" fill-rule=\"evenodd\"><g transform=\"translate(-511.000000, -20.000000)\" fill=\"#000000\"><g><path d=\"M556.869,30.41 C554.814,30.41 553.148,32.076 553.148,34.131 C553.148,36.186 554.814,37.852 556.869,37.852 C558.924,37.852 560.59,36.186 560.59,34.131 C560.59,32.076 558.924,30.41 556.869,30.41 M541,60.657 C535.114,60.657 530.342,55.887 530.342,50 C530.342,44.114 535.114,39.342 541,39.342 C546.887,39.342 551.658,44.114 551.658,50 C551.658,55.887 546.887,60.657 541,60.657 M541,33.886 C532.1,33.886 524.886,41.1 524.886,50 C524.886,58.899 532.1,66.113 541,66.113 C549.9,66.113 557.115,58.899 557.115,50 C557.115,41.1 549.9,33.886 541,33.886 M565.378,62.101 C565.244,65.022 564.756,66.606 564.346,67.663 C563.803,69.06 563.154,70.057 562.106,71.106 C561.058,72.155 560.06,72.803 558.662,73.347 C557.607,73.757 556.021,74.244 553.102,74.378 C549.944,74.521 548.997,74.552 541,74.552 C533.003,74.552 532.056,74.521 528.898,74.378 C525.979,74.244 524.393,73.757 523.338,73.347 C521.94,72.803 520.942,72.155 519.894,71.106 C518.846,70.057 518.197,69.06 517.654,67.663 C517.244,66.606 516.755,65.022 516.623,62.101 C516.479,58.943 516.448,57.996 516.448,50 C516.448,42.003 516.479,41.056 516.623,37.899 C516.755,34.978 517.244,33.391 517.654,32.338 C518.197,30.938 518.846,29.942 519.894,28.894 C520.942,27.846 521.94,27.196 523.338,26.654 C524.393,26.244 525.979,25.756 528.898,25.623 C532.057,25.479 533.004,25.448 541,25.448 C548.997,25.448 549.943,25.479 553.102,25.623 C556.021,25.756 557.607,26.244 558.662,26.654 C560.06,27.196 561.058,27.846 562.106,28.894 C563.154,29.942 563.803,30.938 564.346,32.338 C564.756,33.391 565.244,34.978 565.378,37.899 C565.522,41.056 565.552,42.003 565.552,50 C565.552,57.996 565.522,58.943 565.378,62.101 M570.82,37.631 C570.674,34.438 570.167,32.258 569.425,30.349 C568.659,28.377 567.633,26.702 565.965,25.035 C564.297,23.368 562.623,22.342 560.652,21.575 C558.743,20.834 556.562,20.326 553.369,20.18 C550.169,20.033 549.148,20 541,20 C532.853,20 531.831,20.033 528.631,20.18 C525.438,20.326 523.257,20.834 521.349,21.575 C519.376,22.342 517.703,23.368 516.035,25.035 C514.368,26.702 513.342,28.377 512.574,30.349 C511.834,32.258 511.326,34.438 511.181,37.631 C511.035,40.831 511,41.851 511,50 C511,58.147 511.035,59.17 511.181,62.369 C511.326,65.562 511.834,67.743 512.574,69.651 C513.342,71.625 514.368,73.296 516.035,74.965 C517.703,76.634 519.376,77.658 521.349,78.425 C523.257,79.167 525.438,79.673 528.631,79.82 C531.831,79.965 532.853,80.001 541,80.001 C549.148,80.001 550.169,79.965 553.369,79.82 C556.562,79.673 558.743,79.167 560.652,78.425 C562.623,77.658 564.297,76.634 565.965,74.965 C567.633,73.296 568.659,71.625 569.425,69.651 C570.167,67.743 570.674,65.562 570.82,62.369 C570.966,59.17 571,58.147 571,50 C571,41.851 570.966,40.831 570.82,37.631\"><\/path><\/g><\/g><\/g><\/svg><\/div><div style=\"padding-top: 8px;\"> <div style=\" color:#3897f0; font-family:Arial,sans-serif; font-size:14px; font-style:normal; font-weight:550; line-height:18px;\">Ver esta publicaci\u00f3n en Instagram<\/div><\/div><div style=\"padding: 12.5% 0;\"><\/div> <div style=\"display: flex; flex-direction: row; margin-bottom: 14px; align-items: center;\"><div> <div style=\"background-color: #F4F4F4; border-radius: 50%; height: 12.5px; width: 12.5px; transform: translateX(0px) translateY(7px);\"><\/div> <div style=\"background-color: #F4F4F4; height: 12.5px; transform: rotate(-45deg) translateX(3px) translateY(1px); width: 12.5px; flex-grow: 0; margin-right: 14px; margin-left: 2px;\"><\/div> <div style=\"background-color: #F4F4F4; border-radius: 50%; height: 12.5px; width: 12.5px; transform: translateX(9px) translateY(-18px);\"><\/div><\/div><div style=\"margin-left: 8px;\"> <div style=\" background-color: #F4F4F4; border-radius: 50%; flex-grow: 0; height: 20px; width: 20px;\"><\/div> <div style=\" width: 0; height: 0; border-top: 2px solid transparent; border-left: 6px solid #f4f4f4; border-bottom: 2px solid transparent; transform: translateX(16px) translateY(-4px) rotate(30deg)\"><\/div><\/div><div style=\"margin-left: auto;\"> <div style=\" width: 0px; border-top: 8px solid #F4F4F4; border-right: 8px solid transparent; transform: translateY(16px);\"><\/div> <div style=\" background-color: #F4F4F4; flex-grow: 0; height: 12px; width: 16px; transform: translateY(-4px);\"><\/div> <div style=\" width: 0; height: 0; border-top: 8px solid #F4F4F4; border-left: 8px solid transparent; transform: translateY(-4px) translateX(8px);\"><\/div><\/div><\/div> <div style=\"display: flex; flex-direction: column; flex-grow: 1; justify-content: center; margin-bottom: 24px;\"> <div style=\" background-color: #F4F4F4; border-radius: 4px; flex-grow: 0; height: 14px; margin-bottom: 6px; width: 224px;\"><\/div> <div style=\" background-color: #F4F4F4; border-radius: 4px; flex-grow: 0; height: 14px; width: 144px;\"><\/div><\/div><\/a><p style=\" color:#c9c8cd; font-family:Arial,sans-serif; font-size:14px; line-height:17px; margin-bottom:0; margin-top:8px; overflow:hidden; padding:8px 0 7px; text-align:center; text-overflow:ellipsis; white-space:nowrap;\"><a href=\"https:\/\/www.instagram.com\/p\/DbMUjLvjYfX\/?utm_source=ig_embed&amp;utm_campaign=loading\" style=\" color:#c9c8cd; font-family:Arial,sans-serif; font-size:14px; font-style:normal; font-weight:normal; line-height:17px; text-decoration:none;\" target=\"_blank\">Una publicaci\u00f3n compartida de Jorge Carlos Pajon (@jorgecarlospajon)<\/a><\/p><\/div><\/blockquote>\n<script async src=\"\/\/www.instagram.com\/embed.js\"><\/script>\n\n\n\n<p class=\"wp-block-paragraph\">La frase llega poco m\u00e1s de seis meses despu\u00e9s de que ambos decidieran <a href=\"https:\/\/www.cuballama.com\/noticias\/loma-abajo-y-sin-frenos-la-dura-oficializa-su-romance-con-jorge-carlos-pajon-en-san-valentin\/?utm_source=chatgpt.com\" target=\"_blank\" rel=\"noreferrer noopener\">hacer oficial su relaci\u00f3n durante el D\u00eda de San Valent\u00edn<\/a>. Desde entonces, la pareja ha pasado de mantener cierta discreci\u00f3n a mostrar abiertamente viajes, cenas, vacaciones y momentos de su vida juntos.<\/p>\n\n\n\n<p class=\"wp-block-paragraph\">En marzo, Paj\u00f3n public\u00f3 tambi\u00e9n algunas de las primeras fotograf\u00edas de ambos como pareja durante unas vacaciones y las im\u00e1genes provocaron una avalancha de reacciones entre los seguidores de la influencer. <a href=\"https:\/\/www.cuballama.com\/noticias\/hasta-yo-cambiaria-a-jacob-por-eso-jorge-carlos-pajon-presume-a-la-dura-y-le-llueven-los-piropos-a-el\/?utm_source=chatgpt.com\" target=\"_blank\" rel=\"noreferrer noopener\">El romance comenz\u00f3 as\u00ed a ocupar un lugar cada vez m\u00e1s visible en sus redes sociales<\/a>.<\/p>\n\n\n\n<h2 class=\"wp-block-heading\">Una nueva etapa sentimental tras su separaci\u00f3n de Jacob Forever<\/h2>\n\n\n\n<p class=\"wp-block-paragraph\">El cumplea\u00f1os llega en medio de una etapa muy diferente en la vida personal de La Dura.<\/p>\n\n\n\n<p class=\"wp-block-paragraph\">La influencer confirm\u00f3 en septiembre de 2025 el final de su relaci\u00f3n con Jacob Forever despu\u00e9s de m\u00e1s de una d\u00e9cada juntos. Ambos tienen en com\u00fan a su hija Saisha, que tambi\u00e9n estuvo presente en la celebraci\u00f3n de los 33 a\u00f1os de su madre.<\/p>\n\n\n\n<p class=\"wp-block-paragraph\">Con el paso de los meses, Diliamne comenz\u00f3 a aparecer p\u00fablicamente junto a Paj\u00f3n hasta terminar confirmando el noviazgo en febrero de este a\u00f1o.<\/p>\n\n\n\n<p class=\"wp-block-paragraph\">Desde entonces, la pareja ha realizado diferentes viajes y La Dura ha hablado en redes sobre sentirse querida, apoyada y valorada en su nueva relaci\u00f3n.<\/p>\n\n\n\n<p class=\"wp-block-paragraph\">Incluso hubo especulaciones sobre la posibilidad de que estuvieran pensando en dar un paso m\u00e1s despu\u00e9s de que la influencer apareciera durante unas vacaciones en St. Barths con un llamativo anillo. <a href=\"https:\/\/www.cuballama.com\/noticias\/la-dura-se-casa-con-pajon-este-detalle-encendio-rumores-de-un-compromiso-en-secreto\/?utm_source=chatgpt.com\" target=\"_blank\" rel=\"noreferrer noopener\">Las im\u00e1genes provocaron rumores sobre un posible compromiso<\/a>, aunque ninguno de los dos confirm\u00f3 que se tratara de un anillo de compromiso.<\/p>\n\n\n\n<h2 class=\"wp-block-heading\">Los viajes y el lujo siguen marcando su presencia en redes<\/h2>\n\n\n\n<p class=\"wp-block-paragraph\">La Dura ha construido durante a\u00f1os una imagen digital estrechamente ligada a la moda, los viajes, la belleza y los productos de lujo.<\/p>\n\n\n\n<p class=\"wp-block-paragraph\">Su cumplea\u00f1os n\u00famero 33 sigui\u00f3 exactamente esa f\u00f3rmula: playa caribe\u00f1a, varios cambios de vestuario, fotograf\u00edas cuidadosamente producidas y momentos familiares combinados con la exposici\u00f3n p\u00fablica de su relaci\u00f3n.<\/p>\n\n\n\n<p class=\"wp-block-paragraph\">Con una comunidad que supera los tres millones de seguidores en Instagram, pr\u00e1cticamente cada publicaci\u00f3n personal de Diliamne termina provocando comentarios y debates entre quienes siguen de cerca su vida.<\/p>\n\n\n\n<p class=\"wp-block-paragraph\">Esta vez, sin embargo, no hubo grandes pol\u00e9micas detr\u00e1s de las im\u00e1genes. El viaje estuvo marcado principalmente por la celebraci\u00f3n de sus 33 a\u00f1os, la presencia de su hija y una dedicatoria de Paj\u00f3n que resume el momento sentimental que ambos contin\u00faan mostrando p\u00fablicamente: para el empresario, La Dura es ya \u201cel amor de mi vida\u201d.<\/p>\n","protected":false},"excerpt":{"rendered":"<p>Uno de los detalles que m\u00e1s llam\u00f3 la atenci\u00f3n lleg\u00f3 de parte de Paj\u00f3n<\/p>\n","protected":false},"author":27,"featured_media":255565,"comment_status":"open","ping_status":"closed","sticky":false,"template":"","format":"standard","meta":{"_acf_changed":false,"footnotes":""},"categories":[443],"tags":[472,905,29814,11445],"class_list":["post-255497","post","type-post","status-publish","format-standard","has-post-thumbnail","category-farandula","tag-bahamas","tag-cumpleanos","tag-jorge-carlos-pajon","tag-la-dura"],"acf":[],"yoast_head":"<!-- This site is optimized with the Yoast SEO plugin v28.3 - https:\/\/yoast.com\/product\/yoast-seo-wordpress\/ -->\n<title>La Dura tira la casa por la ventana en Bahamas por sus 33 cumplea\u00f1os - Cuballama Noticias<\/title>\n<meta name=\"description\" content=\"La Dura celebr\u00f3 sus 33 a\u00f1os en Bahamas con su hija Saisha y su novio Jorge Carlos Paj\u00f3n, que la llam\u00f3 \u201cel amor de mi vida\u201d.\" \/>\n<meta name=\"robots\" content=\"index, follow, max-snippet:-1, max-image-preview:large, max-video-preview:-1\" \/>\n<link rel=\"canonical\" href=\"https:\/\/www.cuballama.com\/noticias\/la-dura-tira-la-casa-por-la-ventana-en-bahamas-por-sus-33-cumpleanos\/\" \/>\n<meta property=\"og:locale\" content=\"es_ES\" \/>\n<meta property=\"og:type\" content=\"article\" \/>\n<meta property=\"og:title\" content=\"La Dura tira la casa por la ventana en Bahamas por sus 33 cumplea\u00f1os - Cuballama Noticias\" \/>\n<meta property=\"og:description\" content=\"La Dura celebr\u00f3 sus 33 a\u00f1os en Bahamas con su hija Saisha y su novio Jorge Carlos Paj\u00f3n, que la llam\u00f3 \u201cel amor de mi vida\u201d.\" \/>\n<meta property=\"og:url\" content=\"https:\/\/www.cuballama.com\/noticias\/la-dura-tira-la-casa-por-la-ventana-en-bahamas-por-sus-33-cumpleanos\/\" \/>\n<meta property=\"og:site_name\" content=\"Cuballama Noticias\" \/>\n<meta property=\"article:publisher\" content=\"https:\/\/www.facebook.com\/CubaLlama\" \/>\n<meta property=\"article:published_time\" content=\"2026-08-31T14:34:03+00:00\" \/>\n<meta property=\"article:modified_time\" content=\"2026-08-31T14:34:06+00:00\" \/>\n<meta property=\"og:image\" content=\"https:\/\/cdn1.mediawpaccore.net\/wp-content\/uploads\/2026\/08\/31103253\/La-Dura-tira-la-casa-por-la-ventana-en-Bahamas-por-sus-33-cumpleanos.jpeg\" \/>\n\t<meta property=\"og:image:width\" content=\"1863\" \/>\n\t<meta property=\"og:image:height\" content=\"1309\" \/>\n\t<meta property=\"og:image:type\" content=\"image\/jpeg\" \/>\n<meta name=\"author\" content=\"Rafa\" \/>\n<meta name=\"twitter:card\" content=\"summary_large_image\" \/>\n<meta name=\"twitter:creator\" content=\"@cuballama\" \/>\n<meta name=\"twitter:site\" content=\"@cuballama\" \/>\n<meta name=\"twitter:label1\" content=\"Escrito por\" \/>\n\t<meta name=\"twitter:data1\" content=\"Rafa\" \/>\n\t<meta name=\"twitter:label2\" content=\"Tiempo de lectura\" \/>\n\t<meta name=\"twitter:data2\" content=\"4 minutos\" \/>\n<script type=\"application\/ld+json\" class=\"yoast-schema-graph\">{\"@context\":\"https:\\\/\\\/schema.org\",\"@graph\":[{\"@type\":\"Article\",\"@id\":\"https:\\\/\\\/www.cuballama.com\\\/noticias\\\/la-dura-tira-la-casa-por-la-ventana-en-bahamas-por-sus-33-cumpleanos\\\/#article\",\"isPartOf\":{\"@id\":\"https:\\\/\\\/www.cuballama.com\\\/noticias\\\/la-dura-tira-la-casa-por-la-ventana-en-bahamas-por-sus-33-cumpleanos\\\/\"},\"author\":{\"name\":\"Rafa\",\"@id\":\"https:\\\/\\\/www.cuballama.com\\\/noticias\\\/#\\\/schema\\\/person\\\/0f97914526a658755f00e59ec2a832f2\"},\"headline\":\"La Dura tira la casa por la ventana en Bahamas por sus 33 cumplea\u00f1os\",\"datePublished\":\"2026-08-31T14:34:03+00:00\",\"dateModified\":\"2026-08-31T14:34:06+00:00\",\"mainEntityOfPage\":{\"@id\":\"https:\\\/\\\/www.cuballama.com\\\/noticias\\\/la-dura-tira-la-casa-por-la-ventana-en-bahamas-por-sus-33-cumpleanos\\\/\"},\"wordCount\":903,\"commentCount\":0,\"publisher\":{\"@id\":\"https:\\\/\\\/www.cuballama.com\\\/noticias\\\/#organization\"},\"image\":{\"@id\":\"https:\\\/\\\/www.cuballama.com\\\/noticias\\\/la-dura-tira-la-casa-por-la-ventana-en-bahamas-por-sus-33-cumpleanos\\\/#primaryimage\"},\"thumbnailUrl\":\"https:\\\/\\\/cdn1.mediawpaccore.net\\\/wp-content\\\/uploads\\\/2026\\\/08\\\/31103253\\\/La-Dura-tira-la-casa-por-la-ventana-en-Bahamas-por-sus-33-cumpleanos.jpeg\",\"keywords\":[\"Bahamas\",\"cumplea\u00f1os\",\"Jorge Carlos Paj\u00f3n\",\"La Dura\"],\"articleSection\":[\"Far\u00e1ndula\"],\"inLanguage\":\"es\",\"potentialAction\":[{\"@type\":\"CommentAction\",\"name\":\"Comment\",\"target\":[\"https:\\\/\\\/www.cuballama.com\\\/noticias\\\/la-dura-tira-la-casa-por-la-ventana-en-bahamas-por-sus-33-cumpleanos\\\/#respond\"]}]},{\"@type\":\"WebPage\",\"@id\":\"https:\\\/\\\/www.cuballama.com\\\/noticias\\\/la-dura-tira-la-casa-por-la-ventana-en-bahamas-por-sus-33-cumpleanos\\\/\",\"url\":\"https:\\\/\\\/www.cuballama.com\\\/noticias\\\/la-dura-tira-la-casa-por-la-ventana-en-bahamas-por-sus-33-cumpleanos\\\/\",\"name\":\"La Dura tira la casa por la ventana en Bahamas por sus 33 cumplea\u00f1os - Cuballama Noticias\",\"isPartOf\":{\"@id\":\"https:\\\/\\\/www.cuballama.com\\\/noticias\\\/#website\"},\"primaryImageOfPage\":{\"@id\":\"https:\\\/\\\/www.cuballama.com\\\/noticias\\\/la-dura-tira-la-casa-por-la-ventana-en-bahamas-por-sus-33-cumpleanos\\\/#primaryimage\"},\"image\":{\"@id\":\"https:\\\/\\\/www.cuballama.com\\\/noticias\\\/la-dura-tira-la-casa-por-la-ventana-en-bahamas-por-sus-33-cumpleanos\\\/#primaryimage\"},\"thumbnailUrl\":\"https:\\\/\\\/cdn1.mediawpaccore.net\\\/wp-content\\\/uploads\\\/2026\\\/08\\\/31103253\\\/La-Dura-tira-la-casa-por-la-ventana-en-Bahamas-por-sus-33-cumpleanos.jpeg\",\"datePublished\":\"2026-08-31T14:34:03+00:00\",\"dateModified\":\"2026-08-31T14:34:06+00:00\",\"description\":\"La Dura celebr\u00f3 sus 33 a\u00f1os en Bahamas con su hija Saisha y su novio Jorge Carlos Paj\u00f3n, que la llam\u00f3 \u201cel amor de mi vida\u201d.\",\"breadcrumb\":{\"@id\":\"https:\\\/\\\/www.cuballama.com\\\/noticias\\\/la-dura-tira-la-casa-por-la-ventana-en-bahamas-por-sus-33-cumpleanos\\\/#breadcrumb\"},\"inLanguage\":\"es\",\"potentialAction\":[{\"@type\":\"ReadAction\",\"target\":[\"https:\\\/\\\/www.cuballama.com\\\/noticias\\\/la-dura-tira-la-casa-por-la-ventana-en-bahamas-por-sus-33-cumpleanos\\\/\"]}]},{\"@type\":\"ImageObject\",\"inLanguage\":\"es\",\"@id\":\"https:\\\/\\\/www.cuballama.com\\\/noticias\\\/la-dura-tira-la-casa-por-la-ventana-en-bahamas-por-sus-33-cumpleanos\\\/#primaryimage\",\"url\":\"https:\\\/\\\/cdn1.mediawpaccore.net\\\/wp-content\\\/uploads\\\/2026\\\/08\\\/31103253\\\/La-Dura-tira-la-casa-por-la-ventana-en-Bahamas-por-sus-33-cumpleanos.jpeg\",\"contentUrl\":\"https:\\\/\\\/cdn1.mediawpaccore.net\\\/wp-content\\\/uploads\\\/2026\\\/08\\\/31103253\\\/La-Dura-tira-la-casa-por-la-ventana-en-Bahamas-por-sus-33-cumpleanos.jpeg\",\"width\":1863,\"height\":1309,\"caption\":\"La Dura tira la casa por la ventana en Bahamas por sus 33 cumplea\u00f1os (Foto: La Dura \\\/ Instagram)\"},{\"@type\":\"BreadcrumbList\",\"@id\":\"https:\\\/\\\/www.cuballama.com\\\/noticias\\\/la-dura-tira-la-casa-por-la-ventana-en-bahamas-por-sus-33-cumpleanos\\\/#breadcrumb\",\"itemListElement\":[{\"@type\":\"ListItem\",\"position\":1,\"name\":\"Home\",\"item\":\"https:\\\/\\\/www.cuballama.com\\\/noticias\\\/\"},{\"@type\":\"ListItem\",\"position\":2,\"name\":\"La Dura tira la casa por la ventana en Bahamas por sus 33 cumplea\u00f1os\"}]},{\"@type\":\"WebSite\",\"@id\":\"https:\\\/\\\/www.cuballama.com\\\/noticias\\\/#website\",\"url\":\"https:\\\/\\\/www.cuballama.com\\\/noticias\\\/\",\"name\":\"Cuballama Noticias\",\"description\":\"Medio digital sobre Cuba y el mundo\",\"publisher\":{\"@id\":\"https:\\\/\\\/www.cuballama.com\\\/noticias\\\/#organization\"},\"potentialAction\":[{\"@type\":\"SearchAction\",\"target\":{\"@type\":\"EntryPoint\",\"urlTemplate\":\"https:\\\/\\\/www.cuballama.com\\\/noticias\\\/?s={search_term_string}\"},\"query-input\":{\"@type\":\"PropertyValueSpecification\",\"valueRequired\":true,\"valueName\":\"search_term_string\"}}],\"inLanguage\":\"es\"},{\"@type\":\"Organization\",\"@id\":\"https:\\\/\\\/www.cuballama.com\\\/noticias\\\/#organization\",\"name\":\"Cuballama\",\"url\":\"https:\\\/\\\/www.cuballama.com\\\/noticias\\\/\",\"logo\":{\"@type\":\"ImageObject\",\"inLanguage\":\"es\",\"@id\":\"https:\\\/\\\/www.cuballama.com\\\/noticias\\\/#\\\/schema\\\/logo\\\/image\\\/\",\"url\":\"https:\\\/\\\/cdn1.mediawpaccore.net\\\/wp-content\\\/uploads\\\/2021\\\/12\\\/28171206\\\/cbll-logo-color-sm.png\",\"contentUrl\":\"https:\\\/\\\/cdn1.mediawpaccore.net\\\/wp-content\\\/uploads\\\/2021\\\/12\\\/28171206\\\/cbll-logo-color-sm.png\",\"width\":600,\"height\":133,\"caption\":\"Cuballama\"},\"image\":{\"@id\":\"https:\\\/\\\/www.cuballama.com\\\/noticias\\\/#\\\/schema\\\/logo\\\/image\\\/\"},\"sameAs\":[\"https:\\\/\\\/www.facebook.com\\\/CubaLlama\",\"https:\\\/\\\/x.com\\\/cuballama\",\"https:\\\/\\\/www.instagram.com\\\/stories\\\/cuballama_oficial\\\/\",\"https:\\\/\\\/www.youtube.com\\\/channel\\\/UCKkFE-d_axENGZcrc4as0IA\"]},{\"@type\":\"Person\",\"@id\":\"https:\\\/\\\/www.cuballama.com\\\/noticias\\\/#\\\/schema\\\/person\\\/0f97914526a658755f00e59ec2a832f2\",\"name\":\"Rafa\",\"url\":\"https:\\\/\\\/www.cuballama.com\\\/noticias\\\/author\\\/rafa\\\/\"}]}<\/script>\n<!-- \/ Yoast SEO plugin. -->","yoast_head_json":{"title":"La Dura tira la casa por la ventana en Bahamas por sus 33 cumplea\u00f1os - Cuballama Noticias","description":"La Dura celebr\u00f3 sus 33 a\u00f1os en Bahamas con su hija Saisha y su novio Jorge Carlos Paj\u00f3n, que la llam\u00f3 \u201cel amor de mi vida\u201d.","robots":{"index":"index","follow":"follow","max-snippet":"max-snippet:-1","max-image-preview":"max-image-preview:large","max-video-preview":"max-video-preview:-1"},"canonical":"https:\/\/www.cuballama.com\/noticias\/la-dura-tira-la-casa-por-la-ventana-en-bahamas-por-sus-33-cumpleanos\/","og_locale":"es_ES","og_type":"article","og_title":"La Dura tira la casa por la ventana en Bahamas por sus 33 cumplea\u00f1os - Cuballama Noticias","og_description":"La Dura celebr\u00f3 sus 33 a\u00f1os en Bahamas con su hija Saisha y su novio Jorge Carlos Paj\u00f3n, que la llam\u00f3 \u201cel amor de mi vida\u201d.","og_url":"https:\/\/www.cuballama.com\/noticias\/la-dura-tira-la-casa-por-la-ventana-en-bahamas-por-sus-33-cumpleanos\/","og_site_name":"Cuballama Noticias","article_publisher":"https:\/\/www.facebook.com\/CubaLlama","article_published_time":"2026-08-31T14:34:03+00:00","article_modified_time":"2026-08-31T14:34:06+00:00","og_image":[{"width":1863,"height":1309,"url":"https:\/\/cdn1.mediawpaccore.net\/wp-content\/uploads\/2026\/08\/31103253\/La-Dura-tira-la-casa-por-la-ventana-en-Bahamas-por-sus-33-cumpleanos.jpeg","type":"image\/jpeg"}],"author":"Rafa","twitter_card":"summary_large_image","twitter_creator":"@cuballama","twitter_site":"@cuballama","twitter_misc":{"Escrito por":"Rafa","Tiempo de lectura":"4 minutos"},"schema":{"@context":"https:\/\/schema.org","@graph":[{"@type":"Article","@id":"https:\/\/www.cuballama.com\/noticias\/la-dura-tira-la-casa-por-la-ventana-en-bahamas-por-sus-33-cumpleanos\/#article","isPartOf":{"@id":"https:\/\/www.cuballama.com\/noticias\/la-dura-tira-la-casa-por-la-ventana-en-bahamas-por-sus-33-cumpleanos\/"},"author":{"name":"Rafa","@id":"https:\/\/www.cuballama.com\/noticias\/#\/schema\/person\/0f97914526a658755f00e59ec2a832f2"},"headline":"La Dura tira la casa por la ventana en Bahamas por sus 33 cumplea\u00f1os","datePublished":"2026-08-31T14:34:03+00:00","dateModified":"2026-08-31T14:34:06+00:00","mainEntityOfPage":{"@id":"https:\/\/www.cuballama.com\/noticias\/la-dura-tira-la-casa-por-la-ventana-en-bahamas-por-sus-33-cumpleanos\/"},"wordCount":903,"commentCount":0,"publisher":{"@id":"https:\/\/www.cuballama.com\/noticias\/#organization"},"image":{"@id":"https:\/\/www.cuballama.com\/noticias\/la-dura-tira-la-casa-por-la-ventana-en-bahamas-por-sus-33-cumpleanos\/#primaryimage"},"thumbnailUrl":"https:\/\/cdn1.mediawpaccore.net\/wp-content\/uploads\/2026\/08\/31103253\/La-Dura-tira-la-casa-por-la-ventana-en-Bahamas-por-sus-33-cumpleanos.jpeg","keywords":["Bahamas","cumplea\u00f1os","Jorge Carlos Paj\u00f3n","La Dura"],"articleSection":["Far\u00e1ndula"],"inLanguage":"es","potentialAction":[{"@type":"CommentAction","name":"Comment","target":["https:\/\/www.cuballama.com\/noticias\/la-dura-tira-la-casa-por-la-ventana-en-bahamas-por-sus-33-cumpleanos\/#respond"]}]},{"@type":"WebPage","@id":"https:\/\/www.cuballama.com\/noticias\/la-dura-tira-la-casa-por-la-ventana-en-bahamas-por-sus-33-cumpleanos\/","url":"https:\/\/www.cuballama.com\/noticias\/la-dura-tira-la-casa-por-la-ventana-en-bahamas-por-sus-33-cumpleanos\/","name":"La Dura tira la casa por la ventana en Bahamas por sus 33 cumplea\u00f1os - Cuballama Noticias","isPartOf":{"@id":"https:\/\/www.cuballama.com\/noticias\/#website"},"primaryImageOfPage":{"@id":"https:\/\/www.cuballama.com\/noticias\/la-dura-tira-la-casa-por-la-ventana-en-bahamas-por-sus-33-cumpleanos\/#primaryimage"},"image":{"@id":"https:\/\/www.cuballama.com\/noticias\/la-dura-tira-la-casa-por-la-ventana-en-bahamas-por-sus-33-cumpleanos\/#primaryimage"},"thumbnailUrl":"https:\/\/cdn1.mediawpaccore.net\/wp-content\/uploads\/2026\/08\/31103253\/La-Dura-tira-la-casa-por-la-ventana-en-Bahamas-por-sus-33-cumpleanos.jpeg","datePublished":"2026-08-31T14:34:03+00:00","dateModified":"2026-08-31T14:34:06+00:00","description":"La Dura celebr\u00f3 sus 33 a\u00f1os en Bahamas con su hija Saisha y su novio Jorge Carlos Paj\u00f3n, que la llam\u00f3 \u201cel amor de mi vida\u201d.","breadcrumb":{"@id":"https:\/\/www.cuballama.com\/noticias\/la-dura-tira-la-casa-por-la-ventana-en-bahamas-por-sus-33-cumpleanos\/#breadcrumb"},"inLanguage":"es","potentialAction":[{"@type":"ReadAction","target":["https:\/\/www.cuballama.com\/noticias\/la-dura-tira-la-casa-por-la-ventana-en-bahamas-por-sus-33-cumpleanos\/"]}]},{"@type":"ImageObject","inLanguage":"es","@id":"https:\/\/www.cuballama.com\/noticias\/la-dura-tira-la-casa-por-la-ventana-en-bahamas-por-sus-33-cumpleanos\/#primaryimage","url":"https:\/\/cdn1.mediawpaccore.net\/wp-content\/uploads\/2026\/08\/31103253\/La-Dura-tira-la-casa-por-la-ventana-en-Bahamas-por-sus-33-cumpleanos.jpeg","contentUrl":"https:\/\/cdn1.mediawpaccore.net\/wp-content\/uploads\/2026\/08\/31103253\/La-Dura-tira-la-casa-por-la-ventana-en-Bahamas-por-sus-33-cumpleanos.jpeg","width":1863,"height":1309,"caption":"La Dura tira la casa por la ventana en Bahamas por sus 33 cumplea\u00f1os (Foto: La Dura \/ Instagram)"},{"@type":"BreadcrumbList","@id":"https:\/\/www.cuballama.com\/noticias\/la-dura-tira-la-casa-por-la-ventana-en-bahamas-por-sus-33-cumpleanos\/#breadcrumb","itemListElement":[{"@type":"ListItem","position":1,"name":"Home","item":"https:\/\/www.cuballama.com\/noticias\/"},{"@type":"ListItem","position":2,"name":"La Dura tira la casa por la ventana en Bahamas por sus 33 cumplea\u00f1os"}]},{"@type":"WebSite","@id":"https:\/\/www.cuballama.com\/noticias\/#website","url":"https:\/\/www.cuballama.com\/noticias\/","name":"Cuballama Noticias","description":"Medio digital sobre Cuba y el mundo","publisher":{"@id":"https:\/\/www.cuballama.com\/noticias\/#organization"},"potentialAction":[{"@type":"SearchAction","target":{"@type":"EntryPoint","urlTemplate":"https:\/\/www.cuballama.com\/noticias\/?s={search_term_string}"},"query-input":{"@type":"PropertyValueSpecification","valueRequired":true,"valueName":"search_term_string"}}],"inLanguage":"es"},{"@type":"Organization","@id":"https:\/\/www.cuballama.com\/noticias\/#organization","name":"Cuballama","url":"https:\/\/www.cuballama.com\/noticias\/","logo":{"@type":"ImageObject","inLanguage":"es","@id":"https:\/\/www.cuballama.com\/noticias\/#\/schema\/logo\/image\/","url":"https:\/\/cdn1.mediawpaccore.net\/wp-content\/uploads\/2021\/12\/28171206\/cbll-logo-color-sm.png","contentUrl":"https:\/\/cdn1.mediawpaccore.net\/wp-content\/uploads\/2021\/12\/28171206\/cbll-logo-color-sm.png","width":600,"height":133,"caption":"Cuballama"},"image":{"@id":"https:\/\/www.cuballama.com\/noticias\/#\/schema\/logo\/image\/"},"sameAs":["https:\/\/www.facebook.com\/CubaLlama","https:\/\/x.com\/cuballama","https:\/\/www.instagram.com\/stories\/cuballama_oficial\/","https:\/\/www.youtube.com\/channel\/UCKkFE-d_axENGZcrc4as0IA"]},{"@type":"Person","@id":"https:\/\/www.cuballama.com\/noticias\/#\/schema\/person\/0f97914526a658755f00e59ec2a832f2","name":"Rafa","url":"https:\/\/www.cuballama.com\/noticias\/author\/rafa\/"}]}},"_links":{"self":[{"href":"https:\/\/www.cuballama.com\/noticias\/wp-json\/wp\/v2\/posts\/255497","targetHints":{"allow":["GET"]}}],"collection":[{"href":"https:\/\/www.cuballama.com\/noticias\/wp-json\/wp\/v2\/posts"}],"about":[{"href":"https:\/\/www.cuballama.com\/noticias\/wp-json\/wp\/v2\/types\/post"}],"author":[{"embeddable":true,"href":"https:\/\/www.cuballama.com\/noticias\/wp-json\/wp\/v2\/users\/27"}],"replies":[{"embeddable":true,"href":"https:\/\/www.cuballama.com\/noticias\/wp-json\/wp\/v2\/comments?post=255497"}],"version-history":[{"count":1,"href":"https:\/\/www.cuballama.com\/noticias\/wp-json\/wp\/v2\/posts\/255497\/revisions"}],"predecessor-version":[{"id":255566,"href":"https:\/\/www.cuballama.com\/noticias\/wp-json\/wp\/v2\/posts\/255497\/revisions\/255566"}],"wp:featuredmedia":[{"embeddable":true,"href":"https:\/\/www.cuballama.com\/noticias\/wp-json\/wp\/v2\/media\/255565"}],"wp:attachment":[{"href":"https:\/\/www.cuballama.com\/noticias\/wp-json\/wp\/v2\/media?parent=255497"}],"wp:term":[{"taxonomy":"category","embeddable":true,"href":"https:\/\/www.cuballama.com\/noticias\/wp-json\/wp\/v2\/categories?post=255497"},{"taxonomy":"post_tag","embeddable":true,"href":"https:\/\/www.cuballama.com\/noticias\/wp-json\/wp\/v2\/tags?post=255497"}],"curies":[{"name":"wp","href":"https:\/\/api.w.org\/{rel}","templated":true}]}}