{"id":255496,"date":"2026-08-31T10:07:01","date_gmt":"2026-08-31T14:07:01","guid":{"rendered":"https:\/\/www.cuballama.com\/noticias\/?p=255496"},"modified":"2026-08-31T10:07:05","modified_gmt":"2026-08-31T14:07:05","slug":"quien-copia-a-quien-rachel-arderi-y-la-dura-desatan-otra-guerra-por-sus-looks-de-verano","status":"publish","type":"post","link":"https:\/\/www.cuballama.com\/noticias\/quien-copia-a-quien-rachel-arderi-y-la-dura-desatan-otra-guerra-por-sus-looks-de-verano\/","title":{"rendered":"\u00bfQui\u00e9n copia a qui\u00e9n? Rachel Arderi y La Dura desatan otra guerra por sus looks de verano"},"content":{"rendered":"\n<p class=\"wp-block-paragraph\">Rachel Arderi y La Dura volvieron a quedar en el centro de las comparaciones en redes sociales luego de aparecer pr\u00e1cticamente al mismo tiempo con atuendos de playa muy similares: transparencias, color rosa, largas cabelleras negras y hasta canciones de Karol G acompa\u00f1ando las im\u00e1genes.<\/p>\n\n\n\n<p class=\"wp-block-paragraph\">La coincidencia fue suficiente para reactivar una discusi\u00f3n que lleva meses persiguiendo a las dos influencers cubanas: \u00bfse inspiran una en la otra o simplemente siguen las mismas tendencias?<\/p>\n\n\n\n<p class=\"wp-block-paragraph\">Esta vez existe, al menos, un detalle que los seguidores de Rachel utilizaron inmediatamente en su defensa. La esposa de Oniel Bebeshito public\u00f3 primero su look en Instagram, aunque ese dato por s\u00ed solo no permite determinar qui\u00e9n compr\u00f3, escogi\u00f3 o utiliz\u00f3 antes la prenda.<\/p>\n\n\n\n<blockquote class=\"instagram-media\" data-instgrm-captioned data-instgrm-permalink=\"https:\/\/www.instagram.com\/p\/DcohUR-sQCC\/?utm_source=ig_embed&amp;utm_campaign=loading\" data-instgrm-version=\"14\" style=\" background:#FFF; border:0; border-radius:3px; box-shadow:0 0 1px 0 rgba(0,0,0,0.5),0 1px 10px 0 rgba(0,0,0,0.15); margin: 1px; max-width:540px; min-width:326px; padding:0; width:99.375%; width:-webkit-calc(100% - 2px); width:calc(100% - 2px);\"><div style=\"padding:16px;\"> <a href=\"https:\/\/www.instagram.com\/p\/DcohUR-sQCC\/?utm_source=ig_embed&amp;utm_campaign=loading\" style=\" background:#FFFFFF; line-height:0; padding:0 0; text-align:center; text-decoration:none; width:100%;\" target=\"_blank\"> <div style=\" display: flex; flex-direction: row; align-items: center;\"> <div style=\"background-color: #F4F4F4; border-radius: 50%; flex-grow: 0; height: 40px; margin-right: 14px; width: 40px;\"><\/div> <div style=\"display: flex; flex-direction: column; flex-grow: 1; justify-content: center;\"> <div style=\" background-color: #F4F4F4; border-radius: 4px; flex-grow: 0; height: 14px; margin-bottom: 6px; width: 100px;\"><\/div> <div style=\" background-color: #F4F4F4; border-radius: 4px; flex-grow: 0; height: 14px; width: 60px;\"><\/div><\/div><\/div><div style=\"padding: 19% 0;\"><\/div> <div style=\"display:block; height:50px; margin:0 auto 12px; width:50px;\"><svg width=\"50px\" height=\"50px\" viewBox=\"0 0 60 60\" version=\"1.1\" xmlns=\"https:\/\/www.w3.org\/2000\/svg\" xmlns:xlink=\"https:\/\/www.w3.org\/1999\/xlink\"><g stroke=\"none\" stroke-width=\"1\" fill=\"none\" fill-rule=\"evenodd\"><g transform=\"translate(-511.000000, -20.000000)\" fill=\"#000000\"><g><path d=\"M556.869,30.41 C554.814,30.41 553.148,32.076 553.148,34.131 C553.148,36.186 554.814,37.852 556.869,37.852 C558.924,37.852 560.59,36.186 560.59,34.131 C560.59,32.076 558.924,30.41 556.869,30.41 M541,60.657 C535.114,60.657 530.342,55.887 530.342,50 C530.342,44.114 535.114,39.342 541,39.342 C546.887,39.342 551.658,44.114 551.658,50 C551.658,55.887 546.887,60.657 541,60.657 M541,33.886 C532.1,33.886 524.886,41.1 524.886,50 C524.886,58.899 532.1,66.113 541,66.113 C549.9,66.113 557.115,58.899 557.115,50 C557.115,41.1 549.9,33.886 541,33.886 M565.378,62.101 C565.244,65.022 564.756,66.606 564.346,67.663 C563.803,69.06 563.154,70.057 562.106,71.106 C561.058,72.155 560.06,72.803 558.662,73.347 C557.607,73.757 556.021,74.244 553.102,74.378 C549.944,74.521 548.997,74.552 541,74.552 C533.003,74.552 532.056,74.521 528.898,74.378 C525.979,74.244 524.393,73.757 523.338,73.347 C521.94,72.803 520.942,72.155 519.894,71.106 C518.846,70.057 518.197,69.06 517.654,67.663 C517.244,66.606 516.755,65.022 516.623,62.101 C516.479,58.943 516.448,57.996 516.448,50 C516.448,42.003 516.479,41.056 516.623,37.899 C516.755,34.978 517.244,33.391 517.654,32.338 C518.197,30.938 518.846,29.942 519.894,28.894 C520.942,27.846 521.94,27.196 523.338,26.654 C524.393,26.244 525.979,25.756 528.898,25.623 C532.057,25.479 533.004,25.448 541,25.448 C548.997,25.448 549.943,25.479 553.102,25.623 C556.021,25.756 557.607,26.244 558.662,26.654 C560.06,27.196 561.058,27.846 562.106,28.894 C563.154,29.942 563.803,30.938 564.346,32.338 C564.756,33.391 565.244,34.978 565.378,37.899 C565.522,41.056 565.552,42.003 565.552,50 C565.552,57.996 565.522,58.943 565.378,62.101 M570.82,37.631 C570.674,34.438 570.167,32.258 569.425,30.349 C568.659,28.377 567.633,26.702 565.965,25.035 C564.297,23.368 562.623,22.342 560.652,21.575 C558.743,20.834 556.562,20.326 553.369,20.18 C550.169,20.033 549.148,20 541,20 C532.853,20 531.831,20.033 528.631,20.18 C525.438,20.326 523.257,20.834 521.349,21.575 C519.376,22.342 517.703,23.368 516.035,25.035 C514.368,26.702 513.342,28.377 512.574,30.349 C511.834,32.258 511.326,34.438 511.181,37.631 C511.035,40.831 511,41.851 511,50 C511,58.147 511.035,59.17 511.181,62.369 C511.326,65.562 511.834,67.743 512.574,69.651 C513.342,71.625 514.368,73.296 516.035,74.965 C517.703,76.634 519.376,77.658 521.349,78.425 C523.257,79.167 525.438,79.673 528.631,79.82 C531.831,79.965 532.853,80.001 541,80.001 C549.148,80.001 550.169,79.965 553.369,79.82 C556.562,79.673 558.743,79.167 560.652,78.425 C562.623,77.658 564.297,76.634 565.965,74.965 C567.633,73.296 568.659,71.625 569.425,69.651 C570.167,67.743 570.674,65.562 570.82,62.369 C570.966,59.17 571,58.147 571,50 C571,41.851 570.966,40.831 570.82,37.631\"><\/path><\/g><\/g><\/g><\/svg><\/div><div style=\"padding-top: 8px;\"> <div style=\" color:#3897f0; font-family:Arial,sans-serif; font-size:14px; font-style:normal; font-weight:550; line-height:18px;\">Ver esta publicaci\u00f3n en Instagram<\/div><\/div><div style=\"padding: 12.5% 0;\"><\/div> <div style=\"display: flex; flex-direction: row; margin-bottom: 14px; align-items: center;\"><div> <div style=\"background-color: #F4F4F4; border-radius: 50%; height: 12.5px; width: 12.5px; transform: translateX(0px) translateY(7px);\"><\/div> <div style=\"background-color: #F4F4F4; height: 12.5px; transform: rotate(-45deg) translateX(3px) translateY(1px); width: 12.5px; flex-grow: 0; margin-right: 14px; margin-left: 2px;\"><\/div> <div style=\"background-color: #F4F4F4; border-radius: 50%; height: 12.5px; width: 12.5px; transform: translateX(9px) translateY(-18px);\"><\/div><\/div><div style=\"margin-left: 8px;\"> <div style=\" background-color: #F4F4F4; border-radius: 50%; flex-grow: 0; height: 20px; width: 20px;\"><\/div> <div style=\" width: 0; height: 0; border-top: 2px solid transparent; border-left: 6px solid #f4f4f4; border-bottom: 2px solid transparent; transform: translateX(16px) translateY(-4px) rotate(30deg)\"><\/div><\/div><div style=\"margin-left: auto;\"> <div style=\" width: 0px; border-top: 8px solid #F4F4F4; border-right: 8px solid transparent; transform: translateY(16px);\"><\/div> <div style=\" background-color: #F4F4F4; flex-grow: 0; height: 12px; width: 16px; transform: translateY(-4px);\"><\/div> <div style=\" width: 0; height: 0; border-top: 8px solid #F4F4F4; border-left: 8px solid transparent; transform: translateY(-4px) translateX(8px);\"><\/div><\/div><\/div> <div style=\"display: flex; flex-direction: column; flex-grow: 1; justify-content: center; margin-bottom: 24px;\"> <div style=\" background-color: #F4F4F4; border-radius: 4px; flex-grow: 0; height: 14px; margin-bottom: 6px; width: 224px;\"><\/div> <div style=\" background-color: #F4F4F4; border-radius: 4px; flex-grow: 0; height: 14px; width: 144px;\"><\/div><\/div><\/a><p style=\" color:#c9c8cd; font-family:Arial,sans-serif; font-size:14px; line-height:17px; margin-bottom:0; margin-top:8px; overflow:hidden; padding:8px 0 7px; text-align:center; text-overflow:ellipsis; white-space:nowrap;\"><a href=\"https:\/\/www.instagram.com\/p\/DcohUR-sQCC\/?utm_source=ig_embed&amp;utm_campaign=loading\" style=\" color:#c9c8cd; font-family:Arial,sans-serif; font-size:14px; font-style:normal; font-weight:normal; line-height:17px; text-decoration:none;\" target=\"_blank\">Una publicaci\u00f3n compartida de un_martitodurako8_live_oficial (@un_martitodurako8_live_oficial)<\/a><\/p><\/div><\/blockquote>\n<script async src=\"\/\/www.instagram.com\/embed.js\"><\/script>\n\n\n\n<p class=\"wp-block-paragraph\">Rachel apareci\u00f3 en un balc\u00f3n con el skyline de Miami de fondo, luciendo un conjunto completamente rosa compuesto por un bikini top, una minifalda transparente y una especie de kimono o cover-up largo con volantes.<\/p>\n\n\n\n<p class=\"wp-block-paragraph\">El reel, acompa\u00f1ado por \u201cMatadora\u201d, de Karol G, hab\u00eda superado los 27 mil \u201cMe gusta\u201d en menos de 24 horas. Bebeshito tampoco dej\u00f3 pasar las im\u00e1genes y reaccion\u00f3 p\u00fablicamente ante el nuevo posado de su esposa.<\/p>\n\n\n\n<p class=\"wp-block-paragraph\">La elecci\u00f3n del rosa tampoco resulta extra\u00f1a en las publicaciones recientes de la modelo. Apenas unas semanas antes, <a href=\"https:\/\/www.cuballama.com\/noticias\/rachel-arderi-deslumbra-de-rosa-junto-a-oniel-bebeshito-les-presento-al-amor-de-mi-vida\/\" target=\"_blank\" rel=\"noreferrer noopener\">Rachel hab\u00eda llamado la atenci\u00f3n con otro provocativo look del mismo color durante una salida junto a Bebeshito<\/a>.<\/p>\n\n\n\n<h2 class=\"wp-block-heading\">La Dura aparece con un atuendo extremadamente parecido<\/h2>\n\n\n\n<p class=\"wp-block-paragraph\">La discusi\u00f3n comenz\u00f3 realmente cuando Diliamne Jouve, conocida como La Dura, apareci\u00f3 poco despu\u00e9s en sus historias de Instagram luciendo un cover-up rosa transparente muy parecido al utilizado por Rachel.<\/p>\n\n\n\n<p class=\"wp-block-paragraph\">El parecido visual llam\u00f3 especialmente la atenci\u00f3n porque ambas llevaron el cabello negro, largo y liso, mientras que La Dura tambi\u00e9n escogi\u00f3 un tema de Karol G para acompa\u00f1ar su publicaci\u00f3n.<\/p>\n\n\n\n<blockquote class=\"instagram-media\" data-instgrm-captioned data-instgrm-permalink=\"https:\/\/www.instagram.com\/p\/DcpPyNajUoH\/?utm_source=ig_embed&amp;utm_campaign=loading\" data-instgrm-version=\"14\" style=\" background:#FFF; border:0; border-radius:3px; box-shadow:0 0 1px 0 rgba(0,0,0,0.5),0 1px 10px 0 rgba(0,0,0,0.15); margin: 1px; max-width:540px; min-width:326px; padding:0; width:99.375%; width:-webkit-calc(100% - 2px); width:calc(100% - 2px);\"><div style=\"padding:16px;\"> <a href=\"https:\/\/www.instagram.com\/p\/DcpPyNajUoH\/?utm_source=ig_embed&amp;utm_campaign=loading\" style=\" background:#FFFFFF; line-height:0; padding:0 0; text-align:center; text-decoration:none; width:100%;\" target=\"_blank\"> <div style=\" display: flex; flex-direction: row; align-items: center;\"> <div style=\"background-color: #F4F4F4; border-radius: 50%; flex-grow: 0; height: 40px; margin-right: 14px; width: 40px;\"><\/div> <div style=\"display: flex; flex-direction: column; flex-grow: 1; justify-content: center;\"> <div style=\" background-color: #F4F4F4; border-radius: 4px; flex-grow: 0; height: 14px; margin-bottom: 6px; width: 100px;\"><\/div> <div style=\" background-color: #F4F4F4; border-radius: 4px; flex-grow: 0; height: 14px; width: 60px;\"><\/div><\/div><\/div><div style=\"padding: 19% 0;\"><\/div> <div style=\"display:block; height:50px; margin:0 auto 12px; width:50px;\"><svg width=\"50px\" height=\"50px\" viewBox=\"0 0 60 60\" version=\"1.1\" xmlns=\"https:\/\/www.w3.org\/2000\/svg\" xmlns:xlink=\"https:\/\/www.w3.org\/1999\/xlink\"><g stroke=\"none\" stroke-width=\"1\" fill=\"none\" fill-rule=\"evenodd\"><g transform=\"translate(-511.000000, -20.000000)\" fill=\"#000000\"><g><path d=\"M556.869,30.41 C554.814,30.41 553.148,32.076 553.148,34.131 C553.148,36.186 554.814,37.852 556.869,37.852 C558.924,37.852 560.59,36.186 560.59,34.131 C560.59,32.076 558.924,30.41 556.869,30.41 M541,60.657 C535.114,60.657 530.342,55.887 530.342,50 C530.342,44.114 535.114,39.342 541,39.342 C546.887,39.342 551.658,44.114 551.658,50 C551.658,55.887 546.887,60.657 541,60.657 M541,33.886 C532.1,33.886 524.886,41.1 524.886,50 C524.886,58.899 532.1,66.113 541,66.113 C549.9,66.113 557.115,58.899 557.115,50 C557.115,41.1 549.9,33.886 541,33.886 M565.378,62.101 C565.244,65.022 564.756,66.606 564.346,67.663 C563.803,69.06 563.154,70.057 562.106,71.106 C561.058,72.155 560.06,72.803 558.662,73.347 C557.607,73.757 556.021,74.244 553.102,74.378 C549.944,74.521 548.997,74.552 541,74.552 C533.003,74.552 532.056,74.521 528.898,74.378 C525.979,74.244 524.393,73.757 523.338,73.347 C521.94,72.803 520.942,72.155 519.894,71.106 C518.846,70.057 518.197,69.06 517.654,67.663 C517.244,66.606 516.755,65.022 516.623,62.101 C516.479,58.943 516.448,57.996 516.448,50 C516.448,42.003 516.479,41.056 516.623,37.899 C516.755,34.978 517.244,33.391 517.654,32.338 C518.197,30.938 518.846,29.942 519.894,28.894 C520.942,27.846 521.94,27.196 523.338,26.654 C524.393,26.244 525.979,25.756 528.898,25.623 C532.057,25.479 533.004,25.448 541,25.448 C548.997,25.448 549.943,25.479 553.102,25.623 C556.021,25.756 557.607,26.244 558.662,26.654 C560.06,27.196 561.058,27.846 562.106,28.894 C563.154,29.942 563.803,30.938 564.346,32.338 C564.756,33.391 565.244,34.978 565.378,37.899 C565.522,41.056 565.552,42.003 565.552,50 C565.552,57.996 565.522,58.943 565.378,62.101 M570.82,37.631 C570.674,34.438 570.167,32.258 569.425,30.349 C568.659,28.377 567.633,26.702 565.965,25.035 C564.297,23.368 562.623,22.342 560.652,21.575 C558.743,20.834 556.562,20.326 553.369,20.18 C550.169,20.033 549.148,20 541,20 C532.853,20 531.831,20.033 528.631,20.18 C525.438,20.326 523.257,20.834 521.349,21.575 C519.376,22.342 517.703,23.368 516.035,25.035 C514.368,26.702 513.342,28.377 512.574,30.349 C511.834,32.258 511.326,34.438 511.181,37.631 C511.035,40.831 511,41.851 511,50 C511,58.147 511.035,59.17 511.181,62.369 C511.326,65.562 511.834,67.743 512.574,69.651 C513.342,71.625 514.368,73.296 516.035,74.965 C517.703,76.634 519.376,77.658 521.349,78.425 C523.257,79.167 525.438,79.673 528.631,79.82 C531.831,79.965 532.853,80.001 541,80.001 C549.148,80.001 550.169,79.965 553.369,79.82 C556.562,79.673 558.743,79.167 560.652,78.425 C562.623,77.658 564.297,76.634 565.965,74.965 C567.633,73.296 568.659,71.625 569.425,69.651 C570.167,67.743 570.674,65.562 570.82,62.369 C570.966,59.17 571,58.147 571,50 C571,41.851 570.966,40.831 570.82,37.631\"><\/path><\/g><\/g><\/g><\/svg><\/div><div style=\"padding-top: 8px;\"> <div style=\" color:#3897f0; font-family:Arial,sans-serif; font-size:14px; font-style:normal; font-weight:550; line-height:18px;\">Ver esta publicaci\u00f3n en Instagram<\/div><\/div><div style=\"padding: 12.5% 0;\"><\/div> <div style=\"display: flex; flex-direction: row; margin-bottom: 14px; align-items: center;\"><div> <div style=\"background-color: #F4F4F4; border-radius: 50%; height: 12.5px; width: 12.5px; transform: translateX(0px) translateY(7px);\"><\/div> <div style=\"background-color: #F4F4F4; height: 12.5px; transform: rotate(-45deg) translateX(3px) translateY(1px); width: 12.5px; flex-grow: 0; margin-right: 14px; margin-left: 2px;\"><\/div> <div style=\"background-color: #F4F4F4; border-radius: 50%; height: 12.5px; width: 12.5px; transform: translateX(9px) translateY(-18px);\"><\/div><\/div><div style=\"margin-left: 8px;\"> <div style=\" background-color: #F4F4F4; border-radius: 50%; flex-grow: 0; height: 20px; width: 20px;\"><\/div> <div style=\" width: 0; height: 0; border-top: 2px solid transparent; border-left: 6px solid #f4f4f4; border-bottom: 2px solid transparent; transform: translateX(16px) translateY(-4px) rotate(30deg)\"><\/div><\/div><div style=\"margin-left: auto;\"> <div style=\" width: 0px; border-top: 8px solid #F4F4F4; border-right: 8px solid transparent; transform: translateY(16px);\"><\/div> <div style=\" background-color: #F4F4F4; flex-grow: 0; height: 12px; width: 16px; transform: translateY(-4px);\"><\/div> <div style=\" width: 0; height: 0; border-top: 8px solid #F4F4F4; border-left: 8px solid transparent; transform: translateY(-4px) translateX(8px);\"><\/div><\/div><\/div> <div style=\"display: flex; flex-direction: column; flex-grow: 1; justify-content: center; margin-bottom: 24px;\"> <div style=\" background-color: #F4F4F4; border-radius: 4px; flex-grow: 0; height: 14px; margin-bottom: 6px; width: 224px;\"><\/div> <div style=\" background-color: #F4F4F4; border-radius: 4px; flex-grow: 0; height: 14px; width: 144px;\"><\/div><\/div><\/a><p style=\" color:#c9c8cd; font-family:Arial,sans-serif; font-size:14px; line-height:17px; margin-bottom:0; margin-top:8px; overflow:hidden; padding:8px 0 7px; text-align:center; text-overflow:ellipsis; white-space:nowrap;\"><a href=\"https:\/\/www.instagram.com\/p\/DcpPyNajUoH\/?utm_source=ig_embed&amp;utm_campaign=loading\" style=\" color:#c9c8cd; font-family:Arial,sans-serif; font-size:14px; font-style:normal; font-weight:normal; line-height:17px; text-decoration:none;\" target=\"_blank\">Una publicaci\u00f3n compartida de Diliamne Jouve \ud83e\udeb8 (@diliamnejacob)<\/a><\/p><\/div><\/blockquote>\n<script async src=\"\/\/www.instagram.com\/embed.js\"><\/script>\n\n\n\n<p class=\"wp-block-paragraph\">Las capturas comenzaron a circular r\u00e1pidamente en p\u00e1ginas dedicadas al entretenimiento y los usuarios volvieron a dividirse entre quienes defend\u00edan a Rachel, quienes consideran a La Dura una referencia anterior dentro de la moda digital cubana y quienes simplemente creen que las dos compraron una prenda que est\u00e1 de moda.<\/p>\n\n\n\n<p class=\"wp-block-paragraph\">Algunos seguidores destacaron que Rachel hab\u00eda publicado primero. Otros recordaron que una publicaci\u00f3n anterior no necesariamente demuestra qui\u00e9n tuvo primero una determinada pieza de ropa.<\/p>\n\n\n\n<p class=\"wp-block-paragraph\">Tambi\u00e9n apareci\u00f3 una tercera explicaci\u00f3n mucho menos dram\u00e1tica: las dos pudieron comprar independientemente el mismo modelo, algo perfectamente posible cuando influencers con gustos parecidos siguen las mismas tiendas, marcas y tendencias internacionales.<\/p>\n\n\n\n<h2 class=\"wp-block-heading\">Una pol\u00e9mica que viene desde mucho antes<\/h2>\n\n\n\n<p class=\"wp-block-paragraph\">Las acusaciones de copia entre ambas no son nuevas. En febrero de 2025, Rachel <a href=\"https:\/\/www.cuballama.com\/noticias\/rachel-arderi-responde-a-las-comparaciones-con-la-dura-alguien-me-dice-quien-invento-este-tipo-de-contenido\/\" target=\"_blank\" rel=\"noreferrer noopener\">respondi\u00f3 directamente a quienes aseguraban que imitaba los videos de estilo \u201cGet Ready With Me\u201d de La Dura<\/a>.<\/p>\n\n\n\n<p class=\"wp-block-paragraph\">\u201c\u00bfAlguien me dice qui\u00e9n invent\u00f3 este tipo de contenido?\u201d, cuestion\u00f3 entonces, argumentando que se trataba de un formato utilizado por innumerables creadoras internacionales y no de algo perteneciente exclusivamente a una influencer cubana.<\/p>\n\n\n\n<blockquote class=\"instagram-media\" data-instgrm-captioned data-instgrm-permalink=\"https:\/\/www.instagram.com\/reel\/DcoYAq_Rjgp\/?utm_source=ig_embed&amp;utm_campaign=loading\" data-instgrm-version=\"14\" style=\" background:#FFF; border:0; border-radius:3px; box-shadow:0 0 1px 0 rgba(0,0,0,0.5),0 1px 10px 0 rgba(0,0,0,0.15); margin: 1px; max-width:540px; min-width:326px; padding:0; width:99.375%; width:-webkit-calc(100% - 2px); width:calc(100% - 2px);\"><div style=\"padding:16px;\"> <a href=\"https:\/\/www.instagram.com\/reel\/DcoYAq_Rjgp\/?utm_source=ig_embed&amp;utm_campaign=loading\" style=\" background:#FFFFFF; line-height:0; padding:0 0; text-align:center; text-decoration:none; width:100%;\" target=\"_blank\"> <div style=\" display: flex; flex-direction: row; align-items: center;\"> <div style=\"background-color: #F4F4F4; border-radius: 50%; flex-grow: 0; height: 40px; margin-right: 14px; width: 40px;\"><\/div> <div style=\"display: flex; flex-direction: column; flex-grow: 1; justify-content: center;\"> <div style=\" background-color: #F4F4F4; border-radius: 4px; flex-grow: 0; height: 14px; margin-bottom: 6px; width: 100px;\"><\/div> <div style=\" background-color: #F4F4F4; border-radius: 4px; flex-grow: 0; height: 14px; width: 60px;\"><\/div><\/div><\/div><div style=\"padding: 19% 0;\"><\/div> <div style=\"display:block; height:50px; margin:0 auto 12px; width:50px;\"><svg width=\"50px\" height=\"50px\" viewBox=\"0 0 60 60\" version=\"1.1\" xmlns=\"https:\/\/www.w3.org\/2000\/svg\" xmlns:xlink=\"https:\/\/www.w3.org\/1999\/xlink\"><g stroke=\"none\" stroke-width=\"1\" fill=\"none\" fill-rule=\"evenodd\"><g transform=\"translate(-511.000000, -20.000000)\" fill=\"#000000\"><g><path d=\"M556.869,30.41 C554.814,30.41 553.148,32.076 553.148,34.131 C553.148,36.186 554.814,37.852 556.869,37.852 C558.924,37.852 560.59,36.186 560.59,34.131 C560.59,32.076 558.924,30.41 556.869,30.41 M541,60.657 C535.114,60.657 530.342,55.887 530.342,50 C530.342,44.114 535.114,39.342 541,39.342 C546.887,39.342 551.658,44.114 551.658,50 C551.658,55.887 546.887,60.657 541,60.657 M541,33.886 C532.1,33.886 524.886,41.1 524.886,50 C524.886,58.899 532.1,66.113 541,66.113 C549.9,66.113 557.115,58.899 557.115,50 C557.115,41.1 549.9,33.886 541,33.886 M565.378,62.101 C565.244,65.022 564.756,66.606 564.346,67.663 C563.803,69.06 563.154,70.057 562.106,71.106 C561.058,72.155 560.06,72.803 558.662,73.347 C557.607,73.757 556.021,74.244 553.102,74.378 C549.944,74.521 548.997,74.552 541,74.552 C533.003,74.552 532.056,74.521 528.898,74.378 C525.979,74.244 524.393,73.757 523.338,73.347 C521.94,72.803 520.942,72.155 519.894,71.106 C518.846,70.057 518.197,69.06 517.654,67.663 C517.244,66.606 516.755,65.022 516.623,62.101 C516.479,58.943 516.448,57.996 516.448,50 C516.448,42.003 516.479,41.056 516.623,37.899 C516.755,34.978 517.244,33.391 517.654,32.338 C518.197,30.938 518.846,29.942 519.894,28.894 C520.942,27.846 521.94,27.196 523.338,26.654 C524.393,26.244 525.979,25.756 528.898,25.623 C532.057,25.479 533.004,25.448 541,25.448 C548.997,25.448 549.943,25.479 553.102,25.623 C556.021,25.756 557.607,26.244 558.662,26.654 C560.06,27.196 561.058,27.846 562.106,28.894 C563.154,29.942 563.803,30.938 564.346,32.338 C564.756,33.391 565.244,34.978 565.378,37.899 C565.522,41.056 565.552,42.003 565.552,50 C565.552,57.996 565.522,58.943 565.378,62.101 M570.82,37.631 C570.674,34.438 570.167,32.258 569.425,30.349 C568.659,28.377 567.633,26.702 565.965,25.035 C564.297,23.368 562.623,22.342 560.652,21.575 C558.743,20.834 556.562,20.326 553.369,20.18 C550.169,20.033 549.148,20 541,20 C532.853,20 531.831,20.033 528.631,20.18 C525.438,20.326 523.257,20.834 521.349,21.575 C519.376,22.342 517.703,23.368 516.035,25.035 C514.368,26.702 513.342,28.377 512.574,30.349 C511.834,32.258 511.326,34.438 511.181,37.631 C511.035,40.831 511,41.851 511,50 C511,58.147 511.035,59.17 511.181,62.369 C511.326,65.562 511.834,67.743 512.574,69.651 C513.342,71.625 514.368,73.296 516.035,74.965 C517.703,76.634 519.376,77.658 521.349,78.425 C523.257,79.167 525.438,79.673 528.631,79.82 C531.831,79.965 532.853,80.001 541,80.001 C549.148,80.001 550.169,79.965 553.369,79.82 C556.562,79.673 558.743,79.167 560.652,78.425 C562.623,77.658 564.297,76.634 565.965,74.965 C567.633,73.296 568.659,71.625 569.425,69.651 C570.167,67.743 570.674,65.562 570.82,62.369 C570.966,59.17 571,58.147 571,50 C571,41.851 570.966,40.831 570.82,37.631\"><\/path><\/g><\/g><\/g><\/svg><\/div><div style=\"padding-top: 8px;\"> <div style=\" color:#3897f0; font-family:Arial,sans-serif; font-size:14px; font-style:normal; font-weight:550; line-height:18px;\">Ver esta publicaci\u00f3n en Instagram<\/div><\/div><div style=\"padding: 12.5% 0;\"><\/div> <div style=\"display: flex; flex-direction: row; margin-bottom: 14px; align-items: center;\"><div> <div style=\"background-color: #F4F4F4; border-radius: 50%; height: 12.5px; width: 12.5px; transform: translateX(0px) translateY(7px);\"><\/div> <div style=\"background-color: #F4F4F4; height: 12.5px; transform: rotate(-45deg) translateX(3px) translateY(1px); width: 12.5px; flex-grow: 0; margin-right: 14px; margin-left: 2px;\"><\/div> <div style=\"background-color: #F4F4F4; border-radius: 50%; height: 12.5px; width: 12.5px; transform: translateX(9px) translateY(-18px);\"><\/div><\/div><div style=\"margin-left: 8px;\"> <div style=\" background-color: #F4F4F4; border-radius: 50%; flex-grow: 0; height: 20px; width: 20px;\"><\/div> <div style=\" width: 0; height: 0; border-top: 2px solid transparent; border-left: 6px solid #f4f4f4; border-bottom: 2px solid transparent; transform: translateX(16px) translateY(-4px) rotate(30deg)\"><\/div><\/div><div style=\"margin-left: auto;\"> <div style=\" width: 0px; border-top: 8px solid #F4F4F4; border-right: 8px solid transparent; transform: translateY(16px);\"><\/div> <div style=\" background-color: #F4F4F4; flex-grow: 0; height: 12px; width: 16px; transform: translateY(-4px);\"><\/div> <div style=\" width: 0; height: 0; border-top: 8px solid #F4F4F4; border-left: 8px solid transparent; transform: translateY(-4px) translateX(8px);\"><\/div><\/div><\/div> <div style=\"display: flex; flex-direction: column; flex-grow: 1; justify-content: center; margin-bottom: 24px;\"> <div style=\" background-color: #F4F4F4; border-radius: 4px; flex-grow: 0; height: 14px; margin-bottom: 6px; width: 224px;\"><\/div> <div style=\" background-color: #F4F4F4; border-radius: 4px; flex-grow: 0; height: 14px; width: 144px;\"><\/div><\/div><\/a><p style=\" color:#c9c8cd; font-family:Arial,sans-serif; font-size:14px; line-height:17px; margin-bottom:0; margin-top:8px; overflow:hidden; padding:8px 0 7px; text-align:center; text-overflow:ellipsis; white-space:nowrap;\"><a href=\"https:\/\/www.instagram.com\/reel\/DcoYAq_Rjgp\/?utm_source=ig_embed&amp;utm_campaign=loading\" style=\" color:#c9c8cd; font-family:Arial,sans-serif; font-size:14px; font-style:normal; font-weight:normal; line-height:17px; text-decoration:none;\" target=\"_blank\">Una publicaci\u00f3n compartida de RACHEL ARDERI \ud83c\udf53 (@rachelarderi)<\/a><\/p><\/div><\/blockquote>\n<script async src=\"\/\/www.instagram.com\/embed.js\"><\/script>\n\n\n\n<p class=\"wp-block-paragraph\">La controversia volvi\u00f3 a crecer un mes m\u00e1s tarde. En marzo de 2025, <a href=\"https:\/\/www.cuballama.com\/noticias\/quien-copia-a-quien-el-post-de-la-dura-tras-comparaciones-con-rachel-arderi\/\" target=\"_blank\" rel=\"noreferrer noopener\">La Dura public\u00f3 una fotograf\u00eda antigua donde aparec\u00eda con un conjunto muy parecido al que acababan de utilizar Rachel y otras influencers<\/a>.<\/p>\n\n\n\n<p class=\"wp-block-paragraph\">La imagen hab\u00eda sido realizada anteriormente para Fashion Nova, por lo que numerosos seguidores interpretaron su publicaci\u00f3n como una manera indirecta de recordar que ella hab\u00eda llevado aquel dise\u00f1o antes.<\/p>\n\n\n\n<p class=\"wp-block-paragraph\">Ninguna confirm\u00f3 entonces que existiera una disputa real. Rachel termin\u00f3 dejando clara su posici\u00f3n meses despu\u00e9s, cuando asegur\u00f3 que <a href=\"https:\/\/www.cuballama.com\/noticias\/la-critican-por-copiar-a-la-dura-pero-rachel-arderi-lo-tiene-claro-mi-competencia-soy-yo-misma\/\">no pretende competir con otras creadoras y que \u201cmi competencia soy yo misma\u201d<\/a>.<\/p>\n\n\n\n<h2 class=\"wp-block-heading\">\u00bfRivalidad real o una guerra creada por los seguidores?<\/h2>\n\n\n\n<p class=\"wp-block-paragraph\">Ese es precisamente el punto que se pierde con frecuencia en las comparaciones: hasta ahora no existe una confirmaci\u00f3n p\u00fablica de que Rachel Arderi y La Dura mantengan una rivalidad personal por copiarse la ropa o el contenido.<\/p>\n\n\n\n<p class=\"wp-block-paragraph\">Las interpretaciones proceden principalmente de seguidores y p\u00e1ginas de entretenimiento que comparan fotograf\u00edas, poses, formatos de videos y prendas utilizadas por ambas.<\/p>\n\n\n\n<p class=\"wp-block-paragraph\">Incluso han existido intercambios p\u00fablicos cordiales entre las dos mujeres, lo que complica la narrativa de una supuesta enemistad permanente. Sin embargo, cualquier coincidencia vuelve a encender las especulaciones.<\/p>\n\n\n\n<p class=\"wp-block-paragraph\">El nuevo episodio re\u00fane pr\u00e1cticamente todos los ingredientes necesarios: dos de las influencers cubanas m\u00e1s observadas en Miami, prendas casi id\u00e9nticas, el mismo color, estilos de cabello similares y publicaciones realizadas con muy poca diferencia de tiempo.<\/p>\n\n\n\n<p class=\"wp-block-paragraph\">Qui\u00e9n tuvo primero el famoso cover-up rosa contin\u00faa siendo imposible de demostrar solamente mirando Instagram. Lo \u00fanico comprobable en este episodio es qui\u00e9n mostr\u00f3 primero su look p\u00fablicamente: Rachel. Todo lo dem\u00e1s, incluida cualquier acusaci\u00f3n de copia, sigue perteneciendo al terreno de las teor\u00edas de los seguidores.<\/p>\n","protected":false},"excerpt":{"rendered":"<p>Esta vez, fue la expareja de Jacob Forever quien se llev\u00f3 las cr\u00edticas<\/p>\n","protected":false},"author":27,"featured_media":255506,"comment_status":"open","ping_status":"closed","sticky":false,"template":"","format":"standard","meta":{"_acf_changed":false,"footnotes":""},"categories":[443],"tags":[11050,15260,11445,18816],"class_list":["post-255496","post","type-post","status-publish","format-standard","has-post-thumbnail","category-farandula","tag-cubanos-en-miami","tag-influencers-cubanas","tag-la-dura","tag-rachel-arderi"],"acf":[],"yoast_head":"<!-- This site is optimized with the Yoast SEO plugin v28.3 - https:\/\/yoast.com\/product\/yoast-seo-wordpress\/ -->\n<title>\u00bfQui\u00e9n copia a qui\u00e9n? Rachel Arderi y La Dura desatan otra guerra por sus looks de verano - Cuballama Noticias<\/title>\n<meta name=\"description\" content=\"Rachel Arderi y La Dura lucen casi el mismo look rosa y reavivan en redes la eterna pol\u00e9mica sobre qui\u00e9n copia a qui\u00e9n hoy\" \/>\n<meta name=\"robots\" content=\"index, follow, max-snippet:-1, max-image-preview:large, max-video-preview:-1\" \/>\n<link rel=\"canonical\" href=\"https:\/\/www.cuballama.com\/noticias\/quien-copia-a-quien-rachel-arderi-y-la-dura-desatan-otra-guerra-por-sus-looks-de-verano\/\" \/>\n<meta property=\"og:locale\" content=\"es_ES\" \/>\n<meta property=\"og:type\" content=\"article\" \/>\n<meta property=\"og:title\" content=\"\u00bfQui\u00e9n copia a qui\u00e9n? Rachel Arderi y La Dura desatan otra guerra por sus looks de verano - Cuballama Noticias\" \/>\n<meta property=\"og:description\" content=\"Rachel Arderi y La Dura lucen casi el mismo look rosa y reavivan en redes la eterna pol\u00e9mica sobre qui\u00e9n copia a qui\u00e9n hoy\" \/>\n<meta property=\"og:url\" content=\"https:\/\/www.cuballama.com\/noticias\/quien-copia-a-quien-rachel-arderi-y-la-dura-desatan-otra-guerra-por-sus-looks-de-verano\/\" \/>\n<meta property=\"og:site_name\" content=\"Cuballama Noticias\" \/>\n<meta property=\"article:publisher\" content=\"https:\/\/www.facebook.com\/CubaLlama\" \/>\n<meta property=\"article:published_time\" content=\"2026-08-31T14:07:01+00:00\" \/>\n<meta property=\"article:modified_time\" content=\"2026-08-31T14:07:05+00:00\" \/>\n<meta property=\"og:image\" content=\"https:\/\/cdn1.mediawpaccore.net\/wp-content\/uploads\/2026\/08\/31100627\/%C2%BFQuien-copia-a-quien-Rachel-Arderi-y-La-Dura-desatan-otra-guerra-por-sus-looks-de-verano1.jpeg\" \/>\n\t<meta property=\"og:image:width\" content=\"1600\" \/>\n\t<meta property=\"og:image:height\" content=\"1167\" \/>\n\t<meta property=\"og:image:type\" content=\"image\/jpeg\" \/>\n<meta name=\"author\" content=\"Rafa\" \/>\n<meta name=\"twitter:card\" content=\"summary_large_image\" \/>\n<meta name=\"twitter:creator\" content=\"@cuballama\" \/>\n<meta name=\"twitter:site\" content=\"@cuballama\" \/>\n<meta name=\"twitter:label1\" content=\"Escrito por\" \/>\n\t<meta name=\"twitter:data1\" content=\"Rafa\" \/>\n\t<meta name=\"twitter:label2\" content=\"Tiempo de lectura\" \/>\n\t<meta name=\"twitter:data2\" content=\"4 minutos\" \/>\n<script type=\"application\/ld+json\" class=\"yoast-schema-graph\">{\"@context\":\"https:\\\/\\\/schema.org\",\"@graph\":[{\"@type\":\"Article\",\"@id\":\"https:\\\/\\\/www.cuballama.com\\\/noticias\\\/quien-copia-a-quien-rachel-arderi-y-la-dura-desatan-otra-guerra-por-sus-looks-de-verano\\\/#article\",\"isPartOf\":{\"@id\":\"https:\\\/\\\/www.cuballama.com\\\/noticias\\\/quien-copia-a-quien-rachel-arderi-y-la-dura-desatan-otra-guerra-por-sus-looks-de-verano\\\/\"},\"author\":{\"name\":\"Rafa\",\"@id\":\"https:\\\/\\\/www.cuballama.com\\\/noticias\\\/#\\\/schema\\\/person\\\/0f97914526a658755f00e59ec2a832f2\"},\"headline\":\"\u00bfQui\u00e9n copia a qui\u00e9n? Rachel Arderi y La Dura desatan otra guerra por sus looks de verano\",\"datePublished\":\"2026-08-31T14:07:01+00:00\",\"dateModified\":\"2026-08-31T14:07:05+00:00\",\"mainEntityOfPage\":{\"@id\":\"https:\\\/\\\/www.cuballama.com\\\/noticias\\\/quien-copia-a-quien-rachel-arderi-y-la-dura-desatan-otra-guerra-por-sus-looks-de-verano\\\/\"},\"wordCount\":871,\"commentCount\":0,\"publisher\":{\"@id\":\"https:\\\/\\\/www.cuballama.com\\\/noticias\\\/#organization\"},\"image\":{\"@id\":\"https:\\\/\\\/www.cuballama.com\\\/noticias\\\/quien-copia-a-quien-rachel-arderi-y-la-dura-desatan-otra-guerra-por-sus-looks-de-verano\\\/#primaryimage\"},\"thumbnailUrl\":\"https:\\\/\\\/cdn1.mediawpaccore.net\\\/wp-content\\\/uploads\\\/2026\\\/08\\\/31100627\\\/%C2%BFQuien-copia-a-quien-Rachel-Arderi-y-La-Dura-desatan-otra-guerra-por-sus-looks-de-verano1.jpeg\",\"keywords\":[\"cubanos en Miami\",\"influencers cubanas\",\"La Dura\",\"Rachel Arderi\"],\"articleSection\":[\"Far\u00e1ndula\"],\"inLanguage\":\"es\",\"potentialAction\":[{\"@type\":\"CommentAction\",\"name\":\"Comment\",\"target\":[\"https:\\\/\\\/www.cuballama.com\\\/noticias\\\/quien-copia-a-quien-rachel-arderi-y-la-dura-desatan-otra-guerra-por-sus-looks-de-verano\\\/#respond\"]}]},{\"@type\":\"WebPage\",\"@id\":\"https:\\\/\\\/www.cuballama.com\\\/noticias\\\/quien-copia-a-quien-rachel-arderi-y-la-dura-desatan-otra-guerra-por-sus-looks-de-verano\\\/\",\"url\":\"https:\\\/\\\/www.cuballama.com\\\/noticias\\\/quien-copia-a-quien-rachel-arderi-y-la-dura-desatan-otra-guerra-por-sus-looks-de-verano\\\/\",\"name\":\"\u00bfQui\u00e9n copia a qui\u00e9n? Rachel Arderi y La Dura desatan otra guerra por sus looks de verano - Cuballama Noticias\",\"isPartOf\":{\"@id\":\"https:\\\/\\\/www.cuballama.com\\\/noticias\\\/#website\"},\"primaryImageOfPage\":{\"@id\":\"https:\\\/\\\/www.cuballama.com\\\/noticias\\\/quien-copia-a-quien-rachel-arderi-y-la-dura-desatan-otra-guerra-por-sus-looks-de-verano\\\/#primaryimage\"},\"image\":{\"@id\":\"https:\\\/\\\/www.cuballama.com\\\/noticias\\\/quien-copia-a-quien-rachel-arderi-y-la-dura-desatan-otra-guerra-por-sus-looks-de-verano\\\/#primaryimage\"},\"thumbnailUrl\":\"https:\\\/\\\/cdn1.mediawpaccore.net\\\/wp-content\\\/uploads\\\/2026\\\/08\\\/31100627\\\/%C2%BFQuien-copia-a-quien-Rachel-Arderi-y-La-Dura-desatan-otra-guerra-por-sus-looks-de-verano1.jpeg\",\"datePublished\":\"2026-08-31T14:07:01+00:00\",\"dateModified\":\"2026-08-31T14:07:05+00:00\",\"description\":\"Rachel Arderi y La Dura lucen casi el mismo look rosa y reavivan en redes la eterna pol\u00e9mica sobre qui\u00e9n copia a qui\u00e9n hoy\",\"breadcrumb\":{\"@id\":\"https:\\\/\\\/www.cuballama.com\\\/noticias\\\/quien-copia-a-quien-rachel-arderi-y-la-dura-desatan-otra-guerra-por-sus-looks-de-verano\\\/#breadcrumb\"},\"inLanguage\":\"es\",\"potentialAction\":[{\"@type\":\"ReadAction\",\"target\":[\"https:\\\/\\\/www.cuballama.com\\\/noticias\\\/quien-copia-a-quien-rachel-arderi-y-la-dura-desatan-otra-guerra-por-sus-looks-de-verano\\\/\"]}]},{\"@type\":\"ImageObject\",\"inLanguage\":\"es\",\"@id\":\"https:\\\/\\\/www.cuballama.com\\\/noticias\\\/quien-copia-a-quien-rachel-arderi-y-la-dura-desatan-otra-guerra-por-sus-looks-de-verano\\\/#primaryimage\",\"url\":\"https:\\\/\\\/cdn1.mediawpaccore.net\\\/wp-content\\\/uploads\\\/2026\\\/08\\\/31100627\\\/%C2%BFQuien-copia-a-quien-Rachel-Arderi-y-La-Dura-desatan-otra-guerra-por-sus-looks-de-verano1.jpeg\",\"contentUrl\":\"https:\\\/\\\/cdn1.mediawpaccore.net\\\/wp-content\\\/uploads\\\/2026\\\/08\\\/31100627\\\/%C2%BFQuien-copia-a-quien-Rachel-Arderi-y-La-Dura-desatan-otra-guerra-por-sus-looks-de-verano1.jpeg\",\"width\":1600,\"height\":1167,\"caption\":\"\u00bfQui\u00e9n copia a qui\u00e9n? Rachel Arderi y La Dura desatan otra guerra por sus looks de verano (Foto tomada de Instagram)\"},{\"@type\":\"BreadcrumbList\",\"@id\":\"https:\\\/\\\/www.cuballama.com\\\/noticias\\\/quien-copia-a-quien-rachel-arderi-y-la-dura-desatan-otra-guerra-por-sus-looks-de-verano\\\/#breadcrumb\",\"itemListElement\":[{\"@type\":\"ListItem\",\"position\":1,\"name\":\"Home\",\"item\":\"https:\\\/\\\/www.cuballama.com\\\/noticias\\\/\"},{\"@type\":\"ListItem\",\"position\":2,\"name\":\"\u00bfQui\u00e9n copia a qui\u00e9n? Rachel Arderi y La Dura desatan otra guerra por sus looks de verano\"}]},{\"@type\":\"WebSite\",\"@id\":\"https:\\\/\\\/www.cuballama.com\\\/noticias\\\/#website\",\"url\":\"https:\\\/\\\/www.cuballama.com\\\/noticias\\\/\",\"name\":\"Cuballama Noticias\",\"description\":\"Medio digital sobre Cuba y el mundo\",\"publisher\":{\"@id\":\"https:\\\/\\\/www.cuballama.com\\\/noticias\\\/#organization\"},\"potentialAction\":[{\"@type\":\"SearchAction\",\"target\":{\"@type\":\"EntryPoint\",\"urlTemplate\":\"https:\\\/\\\/www.cuballama.com\\\/noticias\\\/?s={search_term_string}\"},\"query-input\":{\"@type\":\"PropertyValueSpecification\",\"valueRequired\":true,\"valueName\":\"search_term_string\"}}],\"inLanguage\":\"es\"},{\"@type\":\"Organization\",\"@id\":\"https:\\\/\\\/www.cuballama.com\\\/noticias\\\/#organization\",\"name\":\"Cuballama\",\"url\":\"https:\\\/\\\/www.cuballama.com\\\/noticias\\\/\",\"logo\":{\"@type\":\"ImageObject\",\"inLanguage\":\"es\",\"@id\":\"https:\\\/\\\/www.cuballama.com\\\/noticias\\\/#\\\/schema\\\/logo\\\/image\\\/\",\"url\":\"https:\\\/\\\/cdn1.mediawpaccore.net\\\/wp-content\\\/uploads\\\/2021\\\/12\\\/28171206\\\/cbll-logo-color-sm.png\",\"contentUrl\":\"https:\\\/\\\/cdn1.mediawpaccore.net\\\/wp-content\\\/uploads\\\/2021\\\/12\\\/28171206\\\/cbll-logo-color-sm.png\",\"width\":600,\"height\":133,\"caption\":\"Cuballama\"},\"image\":{\"@id\":\"https:\\\/\\\/www.cuballama.com\\\/noticias\\\/#\\\/schema\\\/logo\\\/image\\\/\"},\"sameAs\":[\"https:\\\/\\\/www.facebook.com\\\/CubaLlama\",\"https:\\\/\\\/x.com\\\/cuballama\",\"https:\\\/\\\/www.instagram.com\\\/stories\\\/cuballama_oficial\\\/\",\"https:\\\/\\\/www.youtube.com\\\/channel\\\/UCKkFE-d_axENGZcrc4as0IA\"]},{\"@type\":\"Person\",\"@id\":\"https:\\\/\\\/www.cuballama.com\\\/noticias\\\/#\\\/schema\\\/person\\\/0f97914526a658755f00e59ec2a832f2\",\"name\":\"Rafa\",\"url\":\"https:\\\/\\\/www.cuballama.com\\\/noticias\\\/author\\\/rafa\\\/\"}]}<\/script>\n<!-- \/ Yoast SEO plugin. -->","yoast_head_json":{"title":"\u00bfQui\u00e9n copia a qui\u00e9n? Rachel Arderi y La Dura desatan otra guerra por sus looks de verano - Cuballama Noticias","description":"Rachel Arderi y La Dura lucen casi el mismo look rosa y reavivan en redes la eterna pol\u00e9mica sobre qui\u00e9n copia a qui\u00e9n hoy","robots":{"index":"index","follow":"follow","max-snippet":"max-snippet:-1","max-image-preview":"max-image-preview:large","max-video-preview":"max-video-preview:-1"},"canonical":"https:\/\/www.cuballama.com\/noticias\/quien-copia-a-quien-rachel-arderi-y-la-dura-desatan-otra-guerra-por-sus-looks-de-verano\/","og_locale":"es_ES","og_type":"article","og_title":"\u00bfQui\u00e9n copia a qui\u00e9n? Rachel Arderi y La Dura desatan otra guerra por sus looks de verano - Cuballama Noticias","og_description":"Rachel Arderi y La Dura lucen casi el mismo look rosa y reavivan en redes la eterna pol\u00e9mica sobre qui\u00e9n copia a qui\u00e9n hoy","og_url":"https:\/\/www.cuballama.com\/noticias\/quien-copia-a-quien-rachel-arderi-y-la-dura-desatan-otra-guerra-por-sus-looks-de-verano\/","og_site_name":"Cuballama Noticias","article_publisher":"https:\/\/www.facebook.com\/CubaLlama","article_published_time":"2026-08-31T14:07:01+00:00","article_modified_time":"2026-08-31T14:07:05+00:00","og_image":[{"width":1600,"height":1167,"url":"https:\/\/cdn1.mediawpaccore.net\/wp-content\/uploads\/2026\/08\/31100627\/%C2%BFQuien-copia-a-quien-Rachel-Arderi-y-La-Dura-desatan-otra-guerra-por-sus-looks-de-verano1.jpeg","type":"image\/jpeg"}],"author":"Rafa","twitter_card":"summary_large_image","twitter_creator":"@cuballama","twitter_site":"@cuballama","twitter_misc":{"Escrito por":"Rafa","Tiempo de lectura":"4 minutos"},"schema":{"@context":"https:\/\/schema.org","@graph":[{"@type":"Article","@id":"https:\/\/www.cuballama.com\/noticias\/quien-copia-a-quien-rachel-arderi-y-la-dura-desatan-otra-guerra-por-sus-looks-de-verano\/#article","isPartOf":{"@id":"https:\/\/www.cuballama.com\/noticias\/quien-copia-a-quien-rachel-arderi-y-la-dura-desatan-otra-guerra-por-sus-looks-de-verano\/"},"author":{"name":"Rafa","@id":"https:\/\/www.cuballama.com\/noticias\/#\/schema\/person\/0f97914526a658755f00e59ec2a832f2"},"headline":"\u00bfQui\u00e9n copia a qui\u00e9n? Rachel Arderi y La Dura desatan otra guerra por sus looks de verano","datePublished":"2026-08-31T14:07:01+00:00","dateModified":"2026-08-31T14:07:05+00:00","mainEntityOfPage":{"@id":"https:\/\/www.cuballama.com\/noticias\/quien-copia-a-quien-rachel-arderi-y-la-dura-desatan-otra-guerra-por-sus-looks-de-verano\/"},"wordCount":871,"commentCount":0,"publisher":{"@id":"https:\/\/www.cuballama.com\/noticias\/#organization"},"image":{"@id":"https:\/\/www.cuballama.com\/noticias\/quien-copia-a-quien-rachel-arderi-y-la-dura-desatan-otra-guerra-por-sus-looks-de-verano\/#primaryimage"},"thumbnailUrl":"https:\/\/cdn1.mediawpaccore.net\/wp-content\/uploads\/2026\/08\/31100627\/%C2%BFQuien-copia-a-quien-Rachel-Arderi-y-La-Dura-desatan-otra-guerra-por-sus-looks-de-verano1.jpeg","keywords":["cubanos en Miami","influencers cubanas","La Dura","Rachel Arderi"],"articleSection":["Far\u00e1ndula"],"inLanguage":"es","potentialAction":[{"@type":"CommentAction","name":"Comment","target":["https:\/\/www.cuballama.com\/noticias\/quien-copia-a-quien-rachel-arderi-y-la-dura-desatan-otra-guerra-por-sus-looks-de-verano\/#respond"]}]},{"@type":"WebPage","@id":"https:\/\/www.cuballama.com\/noticias\/quien-copia-a-quien-rachel-arderi-y-la-dura-desatan-otra-guerra-por-sus-looks-de-verano\/","url":"https:\/\/www.cuballama.com\/noticias\/quien-copia-a-quien-rachel-arderi-y-la-dura-desatan-otra-guerra-por-sus-looks-de-verano\/","name":"\u00bfQui\u00e9n copia a qui\u00e9n? Rachel Arderi y La Dura desatan otra guerra por sus looks de verano - Cuballama Noticias","isPartOf":{"@id":"https:\/\/www.cuballama.com\/noticias\/#website"},"primaryImageOfPage":{"@id":"https:\/\/www.cuballama.com\/noticias\/quien-copia-a-quien-rachel-arderi-y-la-dura-desatan-otra-guerra-por-sus-looks-de-verano\/#primaryimage"},"image":{"@id":"https:\/\/www.cuballama.com\/noticias\/quien-copia-a-quien-rachel-arderi-y-la-dura-desatan-otra-guerra-por-sus-looks-de-verano\/#primaryimage"},"thumbnailUrl":"https:\/\/cdn1.mediawpaccore.net\/wp-content\/uploads\/2026\/08\/31100627\/%C2%BFQuien-copia-a-quien-Rachel-Arderi-y-La-Dura-desatan-otra-guerra-por-sus-looks-de-verano1.jpeg","datePublished":"2026-08-31T14:07:01+00:00","dateModified":"2026-08-31T14:07:05+00:00","description":"Rachel Arderi y La Dura lucen casi el mismo look rosa y reavivan en redes la eterna pol\u00e9mica sobre qui\u00e9n copia a qui\u00e9n hoy","breadcrumb":{"@id":"https:\/\/www.cuballama.com\/noticias\/quien-copia-a-quien-rachel-arderi-y-la-dura-desatan-otra-guerra-por-sus-looks-de-verano\/#breadcrumb"},"inLanguage":"es","potentialAction":[{"@type":"ReadAction","target":["https:\/\/www.cuballama.com\/noticias\/quien-copia-a-quien-rachel-arderi-y-la-dura-desatan-otra-guerra-por-sus-looks-de-verano\/"]}]},{"@type":"ImageObject","inLanguage":"es","@id":"https:\/\/www.cuballama.com\/noticias\/quien-copia-a-quien-rachel-arderi-y-la-dura-desatan-otra-guerra-por-sus-looks-de-verano\/#primaryimage","url":"https:\/\/cdn1.mediawpaccore.net\/wp-content\/uploads\/2026\/08\/31100627\/%C2%BFQuien-copia-a-quien-Rachel-Arderi-y-La-Dura-desatan-otra-guerra-por-sus-looks-de-verano1.jpeg","contentUrl":"https:\/\/cdn1.mediawpaccore.net\/wp-content\/uploads\/2026\/08\/31100627\/%C2%BFQuien-copia-a-quien-Rachel-Arderi-y-La-Dura-desatan-otra-guerra-por-sus-looks-de-verano1.jpeg","width":1600,"height":1167,"caption":"\u00bfQui\u00e9n copia a qui\u00e9n? Rachel Arderi y La Dura desatan otra guerra por sus looks de verano (Foto tomada de Instagram)"},{"@type":"BreadcrumbList","@id":"https:\/\/www.cuballama.com\/noticias\/quien-copia-a-quien-rachel-arderi-y-la-dura-desatan-otra-guerra-por-sus-looks-de-verano\/#breadcrumb","itemListElement":[{"@type":"ListItem","position":1,"name":"Home","item":"https:\/\/www.cuballama.com\/noticias\/"},{"@type":"ListItem","position":2,"name":"\u00bfQui\u00e9n copia a qui\u00e9n? Rachel Arderi y La Dura desatan otra guerra por sus looks de verano"}]},{"@type":"WebSite","@id":"https:\/\/www.cuballama.com\/noticias\/#website","url":"https:\/\/www.cuballama.com\/noticias\/","name":"Cuballama Noticias","description":"Medio digital sobre Cuba y el mundo","publisher":{"@id":"https:\/\/www.cuballama.com\/noticias\/#organization"},"potentialAction":[{"@type":"SearchAction","target":{"@type":"EntryPoint","urlTemplate":"https:\/\/www.cuballama.com\/noticias\/?s={search_term_string}"},"query-input":{"@type":"PropertyValueSpecification","valueRequired":true,"valueName":"search_term_string"}}],"inLanguage":"es"},{"@type":"Organization","@id":"https:\/\/www.cuballama.com\/noticias\/#organization","name":"Cuballama","url":"https:\/\/www.cuballama.com\/noticias\/","logo":{"@type":"ImageObject","inLanguage":"es","@id":"https:\/\/www.cuballama.com\/noticias\/#\/schema\/logo\/image\/","url":"https:\/\/cdn1.mediawpaccore.net\/wp-content\/uploads\/2021\/12\/28171206\/cbll-logo-color-sm.png","contentUrl":"https:\/\/cdn1.mediawpaccore.net\/wp-content\/uploads\/2021\/12\/28171206\/cbll-logo-color-sm.png","width":600,"height":133,"caption":"Cuballama"},"image":{"@id":"https:\/\/www.cuballama.com\/noticias\/#\/schema\/logo\/image\/"},"sameAs":["https:\/\/www.facebook.com\/CubaLlama","https:\/\/x.com\/cuballama","https:\/\/www.instagram.com\/stories\/cuballama_oficial\/","https:\/\/www.youtube.com\/channel\/UCKkFE-d_axENGZcrc4as0IA"]},{"@type":"Person","@id":"https:\/\/www.cuballama.com\/noticias\/#\/schema\/person\/0f97914526a658755f00e59ec2a832f2","name":"Rafa","url":"https:\/\/www.cuballama.com\/noticias\/author\/rafa\/"}]}},"_links":{"self":[{"href":"https:\/\/www.cuballama.com\/noticias\/wp-json\/wp\/v2\/posts\/255496","targetHints":{"allow":["GET"]}}],"collection":[{"href":"https:\/\/www.cuballama.com\/noticias\/wp-json\/wp\/v2\/posts"}],"about":[{"href":"https:\/\/www.cuballama.com\/noticias\/wp-json\/wp\/v2\/types\/post"}],"author":[{"embeddable":true,"href":"https:\/\/www.cuballama.com\/noticias\/wp-json\/wp\/v2\/users\/27"}],"replies":[{"embeddable":true,"href":"https:\/\/www.cuballama.com\/noticias\/wp-json\/wp\/v2\/comments?post=255496"}],"version-history":[{"count":1,"href":"https:\/\/www.cuballama.com\/noticias\/wp-json\/wp\/v2\/posts\/255496\/revisions"}],"predecessor-version":[{"id":255507,"href":"https:\/\/www.cuballama.com\/noticias\/wp-json\/wp\/v2\/posts\/255496\/revisions\/255507"}],"wp:featuredmedia":[{"embeddable":true,"href":"https:\/\/www.cuballama.com\/noticias\/wp-json\/wp\/v2\/media\/255506"}],"wp:attachment":[{"href":"https:\/\/www.cuballama.com\/noticias\/wp-json\/wp\/v2\/media?parent=255496"}],"wp:term":[{"taxonomy":"category","embeddable":true,"href":"https:\/\/www.cuballama.com\/noticias\/wp-json\/wp\/v2\/categories?post=255496"},{"taxonomy":"post_tag","embeddable":true,"href":"https:\/\/www.cuballama.com\/noticias\/wp-json\/wp\/v2\/tags?post=255496"}],"curies":[{"name":"wp","href":"https:\/\/api.w.org\/{rel}","templated":true}]}}