{"id":255477,"date":"2026-08-30T10:46:55","date_gmt":"2026-08-30T14:46:55","guid":{"rendered":"https:\/\/www.cuballama.com\/noticias\/?p=255477"},"modified":"2026-08-30T10:46:58","modified_gmt":"2026-08-30T14:46:58","slug":"nicolas-maduro-publica-su-primera-foto-desde-prision-es-un-pequeno-regalo","status":"publish","type":"post","link":"https:\/\/www.cuballama.com\/noticias\/nicolas-maduro-publica-su-primera-foto-desde-prision-es-un-pequeno-regalo\/","title":{"rendered":"Nicol\u00e1s Maduro publica su primera foto desde prisi\u00f3n: \u201cEs un peque\u00f1o regalo\u201d"},"content":{"rendered":"\n<p class=\"wp-block-paragraph\">La <a href=\"https:\/\/x.com\/NicolasMaduro\/status\/2094048867662565583\" target=\"_blank\" rel=\"noreferrer noopener nofollow\">cuenta oficial de Nicol\u00e1s Maduro en X<\/a> difundi\u00f3 este domingo 30 de agosto nuevas fotograf\u00edas atribuidas al exgobernante venezolano durante su reclusi\u00f3n en Estados Unidos, meses despu\u00e9s de su captura en Caracas y posterior traslado a Nueva York.<\/p>\n\n\n\n<p class=\"wp-block-paragraph\">En las im\u00e1genes, Maduro aparece vestido con un conjunto deportivo gris y zapatillas blancas, en un espacio con paredes de bloques. En una de ellas lleva gafas y levanta ambas manos haciendo la se\u00f1al de la victoria, mientras sonr\u00ede ante la c\u00e1mara. El sello impreso en las fotograf\u00edas indica que fueron tomadas el 25 de junio de 2026, a las 18:05, m\u00e1s de dos meses antes de que aparecieran p\u00fablicamente en su perfil.<\/p>\n\n\n\n<p class=\"wp-block-paragraph\">Las publicaciones fueron presentadas como un \u201cpeque\u00f1o regalo de amor y esperanza\u201d dirigido especialmente a sus nietos y a quienes contin\u00faan expres\u00e1ndole apoyo. En un segundo mensaje, la cuenta a\u00f1adi\u00f3: \u201cQuiero que sepan que estamos firmes\u201d. Tambi\u00e9n hizo referencia a Cilia Flores, detenida junto a Maduro, y cerr\u00f3 otra publicaci\u00f3n con una declaraci\u00f3n que se ha repetido en sus comunicaciones recientes: \u201cVenezuela renacer\u00e1\u201d.<\/p>\n\n\n\n<h2 class=\"wp-block-heading\">Fotograf\u00edas tomadas m\u00e1s de dos meses antes de su publicaci\u00f3n<\/h2>\n\n\n\n<p class=\"wp-block-paragraph\">La fecha visible en las im\u00e1genes introduce uno de los detalles m\u00e1s llamativos de la reaparici\u00f3n. Aunque las fotograf\u00edas fueron divulgadas el 30 de agosto, habr\u00edan sido tomadas el 25 de junio. No se explic\u00f3 por qu\u00e9 permanecieron sin publicarse durante m\u00e1s de dos meses ni cu\u00e1ndo fueron entregadas a las personas que administran las redes sociales del exmandatario.<\/p>\n\n\n\n<p class=\"wp-block-paragraph\">Tampoco se ha precisado que Maduro tenga acceso directo a X desde la prisi\u00f3n. Las publicaciones aparecen en su cuenta oficial, pero el perfil no especific\u00f3 qui\u00e9n carg\u00f3 las im\u00e1genes ni de qu\u00e9 manera fueron remitidas desde el centro de detenci\u00f3n.<\/p>\n\n\n\n<figure class=\"wp-block-embed is-type-rich is-provider-x wp-block-embed-x\"><div class=\"wp-block-embed__wrapper\">\n<blockquote class=\"twitter-tweet\" data-width=\"550\" data-dnt=\"true\"><p lang=\"es\" dir=\"ltr\">Peque\u00f1o regalo de amor y esperanza<br><br>Env\u00edo estas fotos como un peque\u00f1o regalo a todos mis nietos y nietas, a los ni\u00f1os y ni\u00f1as, y a toda la gente noble que nos ama. <a href=\"https:\/\/t.co\/Z6u3130arn\">pic.twitter.com\/Z6u3130arn<\/a><\/p>&mdash; Nicol\u00e1s Maduro (@NicolasMaduro) <a href=\"https:\/\/x.com\/NicolasMaduro\/status\/2094048867662565583?ref_src=twsrc%5Etfw\">August 30, 2026<\/a><\/blockquote><script async src=\"https:\/\/platform.x.com\/widgets.js\" charset=\"utf-8\"><\/script>\n<\/div><\/figure>\n\n\n\n<p class=\"wp-block-paragraph\">Maduro y Flores <a href=\"https:\/\/www.cuballama.com\/noticias\/nicolas-maduro-y-su-esposa-cilia-flores-llegan-a-nueva-york\/\" target=\"_blank\" rel=\"noreferrer noopener\">llegaron a Nueva York bajo custodia estadounidense<\/a> despu\u00e9s de ser capturados el 3 de enero en Caracas durante una operaci\u00f3n militar ordenada por el presidente Donald Trump. El Departamento de Justicia estadounidense ha identificado posteriormente ese operativo como \u201cOperation Absolute Resolve\u201d.<\/p>\n\n\n\n<p class=\"wp-block-paragraph\">Desde entonces, ambos permanecen recluidos en el Metropolitan Detention Center de Brooklyn, una prisi\u00f3n federal que ha albergado a numerosos detenidos de alto perfil.<\/p>\n\n\n\n<h2 class=\"wp-block-heading\">Maduro contin\u00faa recluido en Brooklyn<\/h2>\n\n\n\n<p class=\"wp-block-paragraph\">Las fotograf\u00edas ofrecen una de las escasas im\u00e1genes difundidas del exgobernante durante sus meses bajo custodia federal. Hasta ahora, buena parte de la informaci\u00f3n sobre su aspecto f\u00edsico hab\u00eda surgido de sus comparecencias judiciales y de <a href=\"https:\/\/www.cuballama.com\/noticias\/revelan-detalles-de-la-vida-de-maduro-en-prision-en-ee-uu-de-noche-chilla-como-un-loco\/\" target=\"_blank\" rel=\"noreferrer noopener\">reportes sobre las condiciones de su reclusi\u00f3n<\/a>.<\/p>\n\n\n\n<p class=\"wp-block-paragraph\">En su audiencia del 22 de julio en Manhattan, Maduro apareci\u00f3 con uniforme de prisi\u00f3n y considerablemente m\u00e1s delgado que antes de su captura, seg\u00fan periodistas presentes en la sala. Las fotograf\u00edas ahora publicadas, tomadas aproximadamente un mes antes de aquella comparecencia, lo muestran sonriente y con ropa deportiva.<\/p>\n\n\n\n<p class=\"wp-block-paragraph\">Maduro y Flores se declararon no culpables tras ser llevados ante la justicia estadounidense en enero. El venezolano est\u00e1 representado por el abogado Barry Pollack, conocido por haber defendido, entre otros clientes de alto perfil, al fundador de WikiLeaks Julian Assange. Los detalles sobre <a href=\"https:\/\/www.cuballama.com\/noticias\/quienes-son-los-respetados-abogados-de-nicolas-maduro-y-de-su-esposa-en-el-juicio-en-ee-uu\/\" target=\"_blank\" rel=\"noreferrer noopener\">el equipo legal encargado de su defensa<\/a> comenzaron a conocerse desde sus primeras comparecencias ante el tribunal.<\/p>\n\n\n\n<h2 class=\"wp-block-heading\">El juicio est\u00e1 fijado para junio de 2027<\/h2>\n\n\n\n<p class=\"wp-block-paragraph\">El proceso contra Maduro est\u00e1 todav\u00eda lejos de llegar a juicio. El juez federal Alvin Hellerstein fij\u00f3 el comienzo del juicio contra Maduro y Flores para el 1 de junio de 2027.<\/p>\n\n\n\n<p class=\"wp-block-paragraph\">Maduro enfrenta cuatro cargos federales, entre ellos conspiraci\u00f3n para cometer narcoterrorismo y conspiraci\u00f3n para importar coca\u00edna a Estados Unidos. Las acusaciones sostienen que utiliz\u00f3 durante a\u00f1os estructuras del Estado venezolano para facilitar operaciones de narcotr\u00e1fico. Maduro rechaza las imputaciones y podr\u00eda enfrentar cadena perpetua si fuera declarado culpable de los cargos m\u00e1s graves.<\/p>\n\n\n\n<p class=\"wp-block-paragraph\">Antes del juicio se librar\u00e1 una importante batalla jur\u00eddica. La defensa tiene como uno de sus principales argumentos que Maduro gozar\u00eda de inmunidad por su condici\u00f3n de jefe de Estado y pretende solicitar que el proceso sea desestimado.<\/p>\n\n\n\n<p class=\"wp-block-paragraph\">El calendario judicial establece el 2 de septiembre como plazo para una primera ronda de mociones y una audiencia para el 17 de noviembre en la que se discutir\u00e1n, entre otras cuestiones, los argumentos relacionados con inmunidad y jurisdicci\u00f3n. La defensa tambi\u00e9n ha cuestionado la legalidad de la manera en que Maduro fue capturado y trasladado a territorio estadounidense.<\/p>\n\n\n\n<h2 class=\"wp-block-heading\">Una reaparici\u00f3n en una Venezuela muy distinta<\/h2>\n\n\n\n<p class=\"wp-block-paragraph\">La publicaci\u00f3n de las fotograf\u00edas ocurre adem\u00e1s en un escenario pol\u00edtico venezolano radicalmente diferente al que exist\u00eda antes de la captura de Maduro.<\/p>\n\n\n\n<p class=\"wp-block-paragraph\">Delcy Rodr\u00edguez encabeza desde enero el gobierno interino y ha desarrollado una relaci\u00f3n considerablemente m\u00e1s cercana con Washington. El acercamiento ha incluido negociaciones energ\u00e9ticas y petroleras, as\u00ed como conversaciones sobre la reorganizaci\u00f3n institucional y el futuro pol\u00edtico del pa\u00eds.<\/p>\n\n\n\n<p class=\"wp-block-paragraph\">Ese <a href=\"https:\/\/www.cuballama.com\/noticias\/trump-frena-las-elecciones-en-venezuela-elogia-a-delcy-rodriguez-y-celebra-los-millonarios-ingresos-petroleros\/\">nuevo escenario entre Washington y el gobierno encabezado por Rodr\u00edguez<\/a> contrasta con la confrontaci\u00f3n que caracteriz\u00f3 durante a\u00f1os la relaci\u00f3n de Maduro con Estados Unidos.<\/p>\n\n\n\n<p class=\"wp-block-paragraph\">Las fotograf\u00edas aparecen precisamente dos d\u00edas despu\u00e9s de que Trump anunciara un amplio acuerdo petrolero con Venezuela, en momentos en que ambos gobiernos profundizan una cooperaci\u00f3n que habr\u00eda resultado impensable mientras Maduro ejerc\u00eda el poder.<\/p>\n\n\n\n<p class=\"wp-block-paragraph\">Desde su celda, sin embargo, el mensaje difundido en su nombre intenta proyectar continuidad y resistencia. La imagen sonriente, la se\u00f1al de la victoria y las frases religiosas construyen una presentaci\u00f3n muy distinta a la del detenido vestido con uniforme carcelario que ha comparecido ante la justicia de Nueva York.<\/p>\n\n\n\n<p class=\"wp-block-paragraph\">Por ahora, las im\u00e1genes no modifican su situaci\u00f3n judicial: Maduro contin\u00faa bajo custodia federal, su defensa se prepara para intentar frenar el proceso y, si esos recursos fracasan, deber\u00e1 enfrentar en 2027 uno de los juicios de mayor repercusi\u00f3n pol\u00edtica internacional celebrados en Estados Unidos en los \u00faltimos a\u00f1os.<\/p>\n\n\n\n<p class=\"wp-block-paragraph\"><\/p>\n","protected":false},"excerpt":{"rendered":"<p>Maduro publica desde prisi\u00f3n fotos fechadas en junio, sonr\u00ede ante la c\u00e1mara y asegura que \u00e9l y Cilia se mantienen \u201cfirmes\u201d<\/p>\n","protected":false},"author":27,"featured_media":255478,"comment_status":"open","ping_status":"closed","sticky":false,"template":"","format":"standard","meta":{"_acf_changed":false,"footnotes":""},"categories":[18],"tags":[11576,1030],"class_list":["post-255477","post","type-post","status-publish","format-standard","has-post-thumbnail","category-noticias","tag-nicolas-maduro-2","tag-venezuela"],"acf":[],"yoast_head":"<!-- This site is optimized with the Yoast SEO plugin v28.3 - https:\/\/yoast.com\/product\/yoast-seo-wordpress\/ -->\n<title>Nicol\u00e1s Maduro publica su primera foto desde prisi\u00f3n: \u201cEs un peque\u00f1o regalo\u201d - Cuballama Noticias<\/title>\n<meta name=\"description\" content=\"Maduro aparece vestido con un conjunto deportivo gris y zapatillas blancas, en un espacio con paredes de bloques\" \/>\n<meta name=\"robots\" content=\"index, follow, max-snippet:-1, max-image-preview:large, max-video-preview:-1\" \/>\n<link rel=\"canonical\" href=\"https:\/\/www.cuballama.com\/noticias\/nicolas-maduro-publica-su-primera-foto-desde-prision-es-un-pequeno-regalo\/\" \/>\n<meta property=\"og:locale\" content=\"es_ES\" \/>\n<meta property=\"og:type\" content=\"article\" \/>\n<meta property=\"og:title\" content=\"Nicol\u00e1s Maduro publica su primera foto desde prisi\u00f3n: \u201cEs un peque\u00f1o regalo\u201d - Cuballama Noticias\" \/>\n<meta property=\"og:description\" content=\"Maduro aparece vestido con un conjunto deportivo gris y zapatillas blancas, en un espacio con paredes de bloques\" \/>\n<meta property=\"og:url\" content=\"https:\/\/www.cuballama.com\/noticias\/nicolas-maduro-publica-su-primera-foto-desde-prision-es-un-pequeno-regalo\/\" \/>\n<meta property=\"og:site_name\" content=\"Cuballama Noticias\" \/>\n<meta property=\"article:publisher\" content=\"https:\/\/www.facebook.com\/CubaLlama\" \/>\n<meta property=\"article:published_time\" content=\"2026-08-30T14:46:55+00:00\" \/>\n<meta property=\"article:modified_time\" content=\"2026-08-30T14:46:58+00:00\" \/>\n<meta property=\"og:image\" content=\"https:\/\/cdn1.mediawpaccore.net\/wp-content\/uploads\/2026\/08\/30104001\/Nicolas-Maduro-publica-su-primera-foto-desde-prision.png\" \/>\n\t<meta property=\"og:image:width\" content=\"1444\" \/>\n\t<meta property=\"og:image:height\" content=\"864\" \/>\n\t<meta property=\"og:image:type\" content=\"image\/png\" \/>\n<meta name=\"author\" content=\"Rafa\" \/>\n<meta name=\"twitter:card\" content=\"summary_large_image\" \/>\n<meta name=\"twitter:creator\" content=\"@cuballama\" \/>\n<meta name=\"twitter:site\" content=\"@cuballama\" \/>\n<meta name=\"twitter:label1\" content=\"Escrito por\" \/>\n\t<meta name=\"twitter:data1\" content=\"Rafa\" \/>\n\t<meta name=\"twitter:label2\" content=\"Tiempo de lectura\" \/>\n\t<meta name=\"twitter:data2\" content=\"5 minutos\" \/>\n<script type=\"application\/ld+json\" class=\"yoast-schema-graph\">{\"@context\":\"https:\\\/\\\/schema.org\",\"@graph\":[{\"@type\":\"Article\",\"@id\":\"https:\\\/\\\/www.cuballama.com\\\/noticias\\\/nicolas-maduro-publica-su-primera-foto-desde-prision-es-un-pequeno-regalo\\\/#article\",\"isPartOf\":{\"@id\":\"https:\\\/\\\/www.cuballama.com\\\/noticias\\\/nicolas-maduro-publica-su-primera-foto-desde-prision-es-un-pequeno-regalo\\\/\"},\"author\":{\"name\":\"Rafa\",\"@id\":\"https:\\\/\\\/www.cuballama.com\\\/noticias\\\/#\\\/schema\\\/person\\\/0f97914526a658755f00e59ec2a832f2\"},\"headline\":\"Nicol\u00e1s Maduro publica su primera foto desde prisi\u00f3n: \u201cEs un peque\u00f1o regalo\u201d\",\"datePublished\":\"2026-08-30T14:46:55+00:00\",\"dateModified\":\"2026-08-30T14:46:58+00:00\",\"mainEntityOfPage\":{\"@id\":\"https:\\\/\\\/www.cuballama.com\\\/noticias\\\/nicolas-maduro-publica-su-primera-foto-desde-prision-es-un-pequeno-regalo\\\/\"},\"wordCount\":1027,\"commentCount\":0,\"publisher\":{\"@id\":\"https:\\\/\\\/www.cuballama.com\\\/noticias\\\/#organization\"},\"image\":{\"@id\":\"https:\\\/\\\/www.cuballama.com\\\/noticias\\\/nicolas-maduro-publica-su-primera-foto-desde-prision-es-un-pequeno-regalo\\\/#primaryimage\"},\"thumbnailUrl\":\"https:\\\/\\\/cdn1.mediawpaccore.net\\\/wp-content\\\/uploads\\\/2026\\\/08\\\/30104001\\\/Nicolas-Maduro-publica-su-primera-foto-desde-prision.png\",\"keywords\":[\"Nicol\u00e1s Maduro\",\"venezuela\"],\"articleSection\":[\"Noticias\"],\"inLanguage\":\"es\",\"potentialAction\":[{\"@type\":\"CommentAction\",\"name\":\"Comment\",\"target\":[\"https:\\\/\\\/www.cuballama.com\\\/noticias\\\/nicolas-maduro-publica-su-primera-foto-desde-prision-es-un-pequeno-regalo\\\/#respond\"]}]},{\"@type\":\"WebPage\",\"@id\":\"https:\\\/\\\/www.cuballama.com\\\/noticias\\\/nicolas-maduro-publica-su-primera-foto-desde-prision-es-un-pequeno-regalo\\\/\",\"url\":\"https:\\\/\\\/www.cuballama.com\\\/noticias\\\/nicolas-maduro-publica-su-primera-foto-desde-prision-es-un-pequeno-regalo\\\/\",\"name\":\"Nicol\u00e1s Maduro publica su primera foto desde prisi\u00f3n: \u201cEs un peque\u00f1o regalo\u201d - Cuballama Noticias\",\"isPartOf\":{\"@id\":\"https:\\\/\\\/www.cuballama.com\\\/noticias\\\/#website\"},\"primaryImageOfPage\":{\"@id\":\"https:\\\/\\\/www.cuballama.com\\\/noticias\\\/nicolas-maduro-publica-su-primera-foto-desde-prision-es-un-pequeno-regalo\\\/#primaryimage\"},\"image\":{\"@id\":\"https:\\\/\\\/www.cuballama.com\\\/noticias\\\/nicolas-maduro-publica-su-primera-foto-desde-prision-es-un-pequeno-regalo\\\/#primaryimage\"},\"thumbnailUrl\":\"https:\\\/\\\/cdn1.mediawpaccore.net\\\/wp-content\\\/uploads\\\/2026\\\/08\\\/30104001\\\/Nicolas-Maduro-publica-su-primera-foto-desde-prision.png\",\"datePublished\":\"2026-08-30T14:46:55+00:00\",\"dateModified\":\"2026-08-30T14:46:58+00:00\",\"description\":\"Maduro aparece vestido con un conjunto deportivo gris y zapatillas blancas, en un espacio con paredes de bloques\",\"breadcrumb\":{\"@id\":\"https:\\\/\\\/www.cuballama.com\\\/noticias\\\/nicolas-maduro-publica-su-primera-foto-desde-prision-es-un-pequeno-regalo\\\/#breadcrumb\"},\"inLanguage\":\"es\",\"potentialAction\":[{\"@type\":\"ReadAction\",\"target\":[\"https:\\\/\\\/www.cuballama.com\\\/noticias\\\/nicolas-maduro-publica-su-primera-foto-desde-prision-es-un-pequeno-regalo\\\/\"]}]},{\"@type\":\"ImageObject\",\"inLanguage\":\"es\",\"@id\":\"https:\\\/\\\/www.cuballama.com\\\/noticias\\\/nicolas-maduro-publica-su-primera-foto-desde-prision-es-un-pequeno-regalo\\\/#primaryimage\",\"url\":\"https:\\\/\\\/cdn1.mediawpaccore.net\\\/wp-content\\\/uploads\\\/2026\\\/08\\\/30104001\\\/Nicolas-Maduro-publica-su-primera-foto-desde-prision.png\",\"contentUrl\":\"https:\\\/\\\/cdn1.mediawpaccore.net\\\/wp-content\\\/uploads\\\/2026\\\/08\\\/30104001\\\/Nicolas-Maduro-publica-su-primera-foto-desde-prision.png\",\"width\":1444,\"height\":864,\"caption\":\"Nicol\u00e1s Maduro publica su primera foto desde prisi\u00f3n (Foto: Nicol\u00e1s Maduro \\\/ X)\"},{\"@type\":\"BreadcrumbList\",\"@id\":\"https:\\\/\\\/www.cuballama.com\\\/noticias\\\/nicolas-maduro-publica-su-primera-foto-desde-prision-es-un-pequeno-regalo\\\/#breadcrumb\",\"itemListElement\":[{\"@type\":\"ListItem\",\"position\":1,\"name\":\"Home\",\"item\":\"https:\\\/\\\/www.cuballama.com\\\/noticias\\\/\"},{\"@type\":\"ListItem\",\"position\":2,\"name\":\"Nicol\u00e1s Maduro publica su primera foto desde prisi\u00f3n: \u201cEs un peque\u00f1o regalo\u201d\"}]},{\"@type\":\"WebSite\",\"@id\":\"https:\\\/\\\/www.cuballama.com\\\/noticias\\\/#website\",\"url\":\"https:\\\/\\\/www.cuballama.com\\\/noticias\\\/\",\"name\":\"Cuballama Noticias\",\"description\":\"Medio digital sobre Cuba y el mundo\",\"publisher\":{\"@id\":\"https:\\\/\\\/www.cuballama.com\\\/noticias\\\/#organization\"},\"potentialAction\":[{\"@type\":\"SearchAction\",\"target\":{\"@type\":\"EntryPoint\",\"urlTemplate\":\"https:\\\/\\\/www.cuballama.com\\\/noticias\\\/?s={search_term_string}\"},\"query-input\":{\"@type\":\"PropertyValueSpecification\",\"valueRequired\":true,\"valueName\":\"search_term_string\"}}],\"inLanguage\":\"es\"},{\"@type\":\"Organization\",\"@id\":\"https:\\\/\\\/www.cuballama.com\\\/noticias\\\/#organization\",\"name\":\"Cuballama\",\"url\":\"https:\\\/\\\/www.cuballama.com\\\/noticias\\\/\",\"logo\":{\"@type\":\"ImageObject\",\"inLanguage\":\"es\",\"@id\":\"https:\\\/\\\/www.cuballama.com\\\/noticias\\\/#\\\/schema\\\/logo\\\/image\\\/\",\"url\":\"https:\\\/\\\/cdn1.mediawpaccore.net\\\/wp-content\\\/uploads\\\/2021\\\/12\\\/28171206\\\/cbll-logo-color-sm.png\",\"contentUrl\":\"https:\\\/\\\/cdn1.mediawpaccore.net\\\/wp-content\\\/uploads\\\/2021\\\/12\\\/28171206\\\/cbll-logo-color-sm.png\",\"width\":600,\"height\":133,\"caption\":\"Cuballama\"},\"image\":{\"@id\":\"https:\\\/\\\/www.cuballama.com\\\/noticias\\\/#\\\/schema\\\/logo\\\/image\\\/\"},\"sameAs\":[\"https:\\\/\\\/www.facebook.com\\\/CubaLlama\",\"https:\\\/\\\/x.com\\\/cuballama\",\"https:\\\/\\\/www.instagram.com\\\/stories\\\/cuballama_oficial\\\/\",\"https:\\\/\\\/www.youtube.com\\\/channel\\\/UCKkFE-d_axENGZcrc4as0IA\"]},{\"@type\":\"Person\",\"@id\":\"https:\\\/\\\/www.cuballama.com\\\/noticias\\\/#\\\/schema\\\/person\\\/0f97914526a658755f00e59ec2a832f2\",\"name\":\"Rafa\",\"url\":\"https:\\\/\\\/www.cuballama.com\\\/noticias\\\/author\\\/rafa\\\/\"}]}<\/script>\n<!-- \/ Yoast SEO plugin. -->","yoast_head_json":{"title":"Nicol\u00e1s Maduro publica su primera foto desde prisi\u00f3n: \u201cEs un peque\u00f1o regalo\u201d - Cuballama Noticias","description":"Maduro aparece vestido con un conjunto deportivo gris y zapatillas blancas, en un espacio con paredes de bloques","robots":{"index":"index","follow":"follow","max-snippet":"max-snippet:-1","max-image-preview":"max-image-preview:large","max-video-preview":"max-video-preview:-1"},"canonical":"https:\/\/www.cuballama.com\/noticias\/nicolas-maduro-publica-su-primera-foto-desde-prision-es-un-pequeno-regalo\/","og_locale":"es_ES","og_type":"article","og_title":"Nicol\u00e1s Maduro publica su primera foto desde prisi\u00f3n: \u201cEs un peque\u00f1o regalo\u201d - Cuballama Noticias","og_description":"Maduro aparece vestido con un conjunto deportivo gris y zapatillas blancas, en un espacio con paredes de bloques","og_url":"https:\/\/www.cuballama.com\/noticias\/nicolas-maduro-publica-su-primera-foto-desde-prision-es-un-pequeno-regalo\/","og_site_name":"Cuballama Noticias","article_publisher":"https:\/\/www.facebook.com\/CubaLlama","article_published_time":"2026-08-30T14:46:55+00:00","article_modified_time":"2026-08-30T14:46:58+00:00","og_image":[{"width":1444,"height":864,"url":"https:\/\/cdn1.mediawpaccore.net\/wp-content\/uploads\/2026\/08\/30104001\/Nicolas-Maduro-publica-su-primera-foto-desde-prision.png","type":"image\/png"}],"author":"Rafa","twitter_card":"summary_large_image","twitter_creator":"@cuballama","twitter_site":"@cuballama","twitter_misc":{"Escrito por":"Rafa","Tiempo de lectura":"5 minutos"},"schema":{"@context":"https:\/\/schema.org","@graph":[{"@type":"Article","@id":"https:\/\/www.cuballama.com\/noticias\/nicolas-maduro-publica-su-primera-foto-desde-prision-es-un-pequeno-regalo\/#article","isPartOf":{"@id":"https:\/\/www.cuballama.com\/noticias\/nicolas-maduro-publica-su-primera-foto-desde-prision-es-un-pequeno-regalo\/"},"author":{"name":"Rafa","@id":"https:\/\/www.cuballama.com\/noticias\/#\/schema\/person\/0f97914526a658755f00e59ec2a832f2"},"headline":"Nicol\u00e1s Maduro publica su primera foto desde prisi\u00f3n: \u201cEs un peque\u00f1o regalo\u201d","datePublished":"2026-08-30T14:46:55+00:00","dateModified":"2026-08-30T14:46:58+00:00","mainEntityOfPage":{"@id":"https:\/\/www.cuballama.com\/noticias\/nicolas-maduro-publica-su-primera-foto-desde-prision-es-un-pequeno-regalo\/"},"wordCount":1027,"commentCount":0,"publisher":{"@id":"https:\/\/www.cuballama.com\/noticias\/#organization"},"image":{"@id":"https:\/\/www.cuballama.com\/noticias\/nicolas-maduro-publica-su-primera-foto-desde-prision-es-un-pequeno-regalo\/#primaryimage"},"thumbnailUrl":"https:\/\/cdn1.mediawpaccore.net\/wp-content\/uploads\/2026\/08\/30104001\/Nicolas-Maduro-publica-su-primera-foto-desde-prision.png","keywords":["Nicol\u00e1s Maduro","venezuela"],"articleSection":["Noticias"],"inLanguage":"es","potentialAction":[{"@type":"CommentAction","name":"Comment","target":["https:\/\/www.cuballama.com\/noticias\/nicolas-maduro-publica-su-primera-foto-desde-prision-es-un-pequeno-regalo\/#respond"]}]},{"@type":"WebPage","@id":"https:\/\/www.cuballama.com\/noticias\/nicolas-maduro-publica-su-primera-foto-desde-prision-es-un-pequeno-regalo\/","url":"https:\/\/www.cuballama.com\/noticias\/nicolas-maduro-publica-su-primera-foto-desde-prision-es-un-pequeno-regalo\/","name":"Nicol\u00e1s Maduro publica su primera foto desde prisi\u00f3n: \u201cEs un peque\u00f1o regalo\u201d - Cuballama Noticias","isPartOf":{"@id":"https:\/\/www.cuballama.com\/noticias\/#website"},"primaryImageOfPage":{"@id":"https:\/\/www.cuballama.com\/noticias\/nicolas-maduro-publica-su-primera-foto-desde-prision-es-un-pequeno-regalo\/#primaryimage"},"image":{"@id":"https:\/\/www.cuballama.com\/noticias\/nicolas-maduro-publica-su-primera-foto-desde-prision-es-un-pequeno-regalo\/#primaryimage"},"thumbnailUrl":"https:\/\/cdn1.mediawpaccore.net\/wp-content\/uploads\/2026\/08\/30104001\/Nicolas-Maduro-publica-su-primera-foto-desde-prision.png","datePublished":"2026-08-30T14:46:55+00:00","dateModified":"2026-08-30T14:46:58+00:00","description":"Maduro aparece vestido con un conjunto deportivo gris y zapatillas blancas, en un espacio con paredes de bloques","breadcrumb":{"@id":"https:\/\/www.cuballama.com\/noticias\/nicolas-maduro-publica-su-primera-foto-desde-prision-es-un-pequeno-regalo\/#breadcrumb"},"inLanguage":"es","potentialAction":[{"@type":"ReadAction","target":["https:\/\/www.cuballama.com\/noticias\/nicolas-maduro-publica-su-primera-foto-desde-prision-es-un-pequeno-regalo\/"]}]},{"@type":"ImageObject","inLanguage":"es","@id":"https:\/\/www.cuballama.com\/noticias\/nicolas-maduro-publica-su-primera-foto-desde-prision-es-un-pequeno-regalo\/#primaryimage","url":"https:\/\/cdn1.mediawpaccore.net\/wp-content\/uploads\/2026\/08\/30104001\/Nicolas-Maduro-publica-su-primera-foto-desde-prision.png","contentUrl":"https:\/\/cdn1.mediawpaccore.net\/wp-content\/uploads\/2026\/08\/30104001\/Nicolas-Maduro-publica-su-primera-foto-desde-prision.png","width":1444,"height":864,"caption":"Nicol\u00e1s Maduro publica su primera foto desde prisi\u00f3n (Foto: Nicol\u00e1s Maduro \/ X)"},{"@type":"BreadcrumbList","@id":"https:\/\/www.cuballama.com\/noticias\/nicolas-maduro-publica-su-primera-foto-desde-prision-es-un-pequeno-regalo\/#breadcrumb","itemListElement":[{"@type":"ListItem","position":1,"name":"Home","item":"https:\/\/www.cuballama.com\/noticias\/"},{"@type":"ListItem","position":2,"name":"Nicol\u00e1s Maduro publica su primera foto desde prisi\u00f3n: \u201cEs un peque\u00f1o regalo\u201d"}]},{"@type":"WebSite","@id":"https:\/\/www.cuballama.com\/noticias\/#website","url":"https:\/\/www.cuballama.com\/noticias\/","name":"Cuballama Noticias","description":"Medio digital sobre Cuba y el mundo","publisher":{"@id":"https:\/\/www.cuballama.com\/noticias\/#organization"},"potentialAction":[{"@type":"SearchAction","target":{"@type":"EntryPoint","urlTemplate":"https:\/\/www.cuballama.com\/noticias\/?s={search_term_string}"},"query-input":{"@type":"PropertyValueSpecification","valueRequired":true,"valueName":"search_term_string"}}],"inLanguage":"es"},{"@type":"Organization","@id":"https:\/\/www.cuballama.com\/noticias\/#organization","name":"Cuballama","url":"https:\/\/www.cuballama.com\/noticias\/","logo":{"@type":"ImageObject","inLanguage":"es","@id":"https:\/\/www.cuballama.com\/noticias\/#\/schema\/logo\/image\/","url":"https:\/\/cdn1.mediawpaccore.net\/wp-content\/uploads\/2021\/12\/28171206\/cbll-logo-color-sm.png","contentUrl":"https:\/\/cdn1.mediawpaccore.net\/wp-content\/uploads\/2021\/12\/28171206\/cbll-logo-color-sm.png","width":600,"height":133,"caption":"Cuballama"},"image":{"@id":"https:\/\/www.cuballama.com\/noticias\/#\/schema\/logo\/image\/"},"sameAs":["https:\/\/www.facebook.com\/CubaLlama","https:\/\/x.com\/cuballama","https:\/\/www.instagram.com\/stories\/cuballama_oficial\/","https:\/\/www.youtube.com\/channel\/UCKkFE-d_axENGZcrc4as0IA"]},{"@type":"Person","@id":"https:\/\/www.cuballama.com\/noticias\/#\/schema\/person\/0f97914526a658755f00e59ec2a832f2","name":"Rafa","url":"https:\/\/www.cuballama.com\/noticias\/author\/rafa\/"}]}},"_links":{"self":[{"href":"https:\/\/www.cuballama.com\/noticias\/wp-json\/wp\/v2\/posts\/255477","targetHints":{"allow":["GET"]}}],"collection":[{"href":"https:\/\/www.cuballama.com\/noticias\/wp-json\/wp\/v2\/posts"}],"about":[{"href":"https:\/\/www.cuballama.com\/noticias\/wp-json\/wp\/v2\/types\/post"}],"author":[{"embeddable":true,"href":"https:\/\/www.cuballama.com\/noticias\/wp-json\/wp\/v2\/users\/27"}],"replies":[{"embeddable":true,"href":"https:\/\/www.cuballama.com\/noticias\/wp-json\/wp\/v2\/comments?post=255477"}],"version-history":[{"count":1,"href":"https:\/\/www.cuballama.com\/noticias\/wp-json\/wp\/v2\/posts\/255477\/revisions"}],"predecessor-version":[{"id":255479,"href":"https:\/\/www.cuballama.com\/noticias\/wp-json\/wp\/v2\/posts\/255477\/revisions\/255479"}],"wp:featuredmedia":[{"embeddable":true,"href":"https:\/\/www.cuballama.com\/noticias\/wp-json\/wp\/v2\/media\/255478"}],"wp:attachment":[{"href":"https:\/\/www.cuballama.com\/noticias\/wp-json\/wp\/v2\/media?parent=255477"}],"wp:term":[{"taxonomy":"category","embeddable":true,"href":"https:\/\/www.cuballama.com\/noticias\/wp-json\/wp\/v2\/categories?post=255477"},{"taxonomy":"post_tag","embeddable":true,"href":"https:\/\/www.cuballama.com\/noticias\/wp-json\/wp\/v2\/tags?post=255477"}],"curies":[{"name":"wp","href":"https:\/\/api.w.org\/{rel}","templated":true}]}}