{"id":255475,"date":"2026-08-30T08:55:02","date_gmt":"2026-08-30T12:55:02","guid":{"rendered":"https:\/\/www.cuballama.com\/noticias\/?p=255475"},"modified":"2026-08-30T08:55:07","modified_gmt":"2026-08-30T12:55:07","slug":"ninos-hallan-restos-humanos-junto-al-hospital-de-camaguey-en-lo-que-parece-ser-una-escena-del-crimen","status":"publish","type":"post","link":"https:\/\/www.cuballama.com\/noticias\/ninos-hallan-restos-humanos-junto-al-hospital-de-camaguey-en-lo-que-parece-ser-una-escena-del-crimen\/","title":{"rendered":"Ni\u00f1os hallan restos humanos junto al Hospital de Camag\u00fcey en lo que parece ser una escena del crimen"},"content":{"rendered":"\n<p class=\"wp-block-paragraph\">Restos humanos quemados y decapitados fueron hallados en las inmediaciones del Hospital Provincial Manuel Ascunce Domenech, en la ciudad de Camag\u00fcey, y ha causado conmoci\u00f3n entre residentes de la provincia, mientras permanecen sin esclarecer la identidad de la v\u00edctima y las circunstancias de su muerte.<\/p>\n\n\n\n<p class=\"wp-block-paragraph\">Los primeros reportes indican que un cuerpo quemado y sin cabeza fue localizado durante la tarde del s\u00e1bado 29 de agosto en un sendero situado detr\u00e1s del \u00e1rea de Hemodi\u00e1lisis del centro hospitalario, utilizado habitualmente por pacientes y trabajadores.<\/p>\n\n\n\n<p class=\"wp-block-paragraph\">La informaci\u00f3n comenz\u00f3 a circular a trav\u00e9s del periodista Jos\u00e9 Luis Tan Estrada, quien se\u00f1al\u00f3 que unos ni\u00f1os habr\u00edan sido los primeros en encontrar los restos. Fotograf\u00edas y testimonios divulgados posteriormente en redes sociales mostraron la presencia de autoridades en la zona.<\/p>\n\n\n\n<p class=\"wp-block-paragraph\">Hasta este domingo no hab\u00eda trascendido p\u00fablicamente una versi\u00f3n de las autoridades cubanas que permitiera determinar qui\u00e9n era la persona fallecida, c\u00f3mo muri\u00f3 o si existen sospechosos o detenidos relacionados con el caso.<\/p>\n\n\n\n<h2 class=\"wp-block-heading\">Restos localizados en un sendero cercano a Hemodi\u00e1lisis<\/h2>\n\n\n\n<p class=\"wp-block-paragraph\">El lugar donde apareci\u00f3 el cuerpo es descrito como un trillo situado en la parte posterior del \u00e1rea de Hemodi\u00e1lisis del hospital provincial, una zona por la que transitan personas vinculadas al centro m\u00e9dico y donde se acumula basura.<\/p>\n\n\n\n<p class=\"wp-block-paragraph\">Los reportes disponibles sit\u00faan el descubrimiento aproximadamente entre las 4:00 y las 5:00 de la tarde del s\u00e1bado.<\/p>\n\n\n\n<iframe loading=\"lazy\" src=\"https:\/\/www.facebook.com\/plugins\/post.php?href=https%3A%2F%2Fwww.facebook.com%2Fpermalink.php%3Fstory_fbid%3Dpfbid0UQwjRUUu3eSiKngWmS1FztMqpni24L7LS34HQfsj5KPJ4SdP8tVFzqZhsu4Gwf85l%26id%3D61570990911403&#038;show_text=true&#038;width=500\" width=\"500\" height=\"620\" style=\"border:none;overflow:hidden\" scrolling=\"no\" frameborder=\"0\" allowfullscreen=\"true\" allow=\"autoplay; clipboard-write; encrypted-media; picture-in-picture; web-share\"><\/iframe>\n\n\n\n<p class=\"wp-block-paragraph\">Una versi\u00f3n difundida posteriormente indic\u00f3 que una cabeza y un brazo tambi\u00e9n habr\u00edan sido localizados en el \u00e1rea y que efectivos de Criminal\u00edstica fueron movilizados hacia el lugar. Estos detalles, al igual que las circunstancias precisas de la muerte, no han sido confirmados p\u00fablicamente por las autoridades.<\/p>\n\n\n\n<p class=\"wp-block-paragraph\">Tambi\u00e9n circulan versiones seg\u00fan las cuales la v\u00edctima habr\u00eda sido asesinada antes de que su cuerpo fuera quemado y ocultado entre la basura. Sin embargo, hasta que exista informaci\u00f3n procedente de la investigaci\u00f3n, no es posible establecer si el sitio donde aparecieron los restos fue tambi\u00e9n el escenario del crimen ni determinar el posible m\u00f3vil.<\/p>\n\n\n\n<p class=\"wp-block-paragraph\">La ausencia inicial de informaci\u00f3n oficial ha generado numerosas especulaciones en redes sociales, donde residentes de Camag\u00fcey expresaron preocupaci\u00f3n por la violencia registrada en la provincia durante los \u00faltimos meses.<\/p>\n\n\n\n<h2 class=\"wp-block-heading\">Otros cr\u00edmenes recientes han causado alarma en Camag\u00fcey<\/h2>\n\n\n\n<p class=\"wp-block-paragraph\">El nuevo caso se suma a una sucesi\u00f3n de hechos violentos que han llamado la atenci\u00f3n en la provincia. En junio, <a href=\"https:\/\/www.cuballama.com\/noticias\/revelan-detalles-sobre-la-aparicion-de-un-cadaver-en-una-cisterna-de-camaguey\/\" target=\"_blank\" rel=\"noreferrer noopener\">el cad\u00e1ver de Hilder Falls Socarr\u00e1s fue encontrado dentro de la cisterna de una vivienda del reparto Modelo<\/a>, despu\u00e9s de que familiares y amigos se preocuparan porque llevaba varios d\u00edas sin responder llamadas y mensajes.<\/p>\n\n\n\n<p class=\"wp-block-paragraph\">Tambi\u00e9n en junio fue identificado <a href=\"https:\/\/www.cuballama.com\/noticias\/identifican-a-cubano-asesinado-en-camaguey-para-robarle-una-ecoflow\/\" target=\"_blank\" rel=\"noreferrer noopener\">Jes\u00fas Castro Jim\u00e9nez, encontrado sin vida en su vivienda de Camag\u00fcey tras un presunto robo<\/a>. Entre los bienes que supuestamente fueron sustra\u00eddos se encontraban una estaci\u00f3n el\u00e9ctrica EcoFlow, una bicicleta y un televisor.<\/p>\n\n\n\n<p class=\"wp-block-paragraph\">Meses antes, otro episodio volvi\u00f3 a poner el foco sobre la inseguridad en la provincia despu\u00e9s de que <a href=\"https:\/\/www.cuballama.com\/noticias\/violencia-deja-al-menos-cuatro-muertos-hombres-y-un-menor-herido-en-cuba-en-menos-de-48-horas\/\" target=\"_blank\" rel=\"noreferrer noopener\">una sucesi\u00f3n de hechos violentos dejara varias v\u00edctimas en diferentes puntos de Cuba, incluido un joven fallecido en Camag\u00fcey<\/a>.<\/p>\n\n\n\n<p class=\"wp-block-paragraph\">La reiteraci\u00f3n de homicidios, robos violentos y hallazgos de cad\u00e1veres ha alimentado la preocupaci\u00f3n ciudadana, aunque la ausencia de estad\u00edsticas oficiales peri\u00f3dicas sobre criminalidad impide establecer con precisi\u00f3n la magnitud y evoluci\u00f3n del fen\u00f3meno.<\/p>\n\n\n\n<h2 class=\"wp-block-heading\">Cubalex registr\u00f3 37 homicidios en Cuba durante julio<\/h2>\n\n\n\n<p class=\"wp-block-paragraph\">El caso ocurre adem\u00e1s en un momento en que organizaciones independientes han alertado sobre un incremento de los hechos de violencia e inseguridad ciudadana en el pa\u00eds.<\/p>\n\n\n\n<p class=\"wp-block-paragraph\">Cubalex document\u00f3 durante julio de 2026 un total de 168 hechos de violencia e inseguridad ciudadana y 37 homicidios, el mayor registro mensual observado por la organizaci\u00f3n dentro de su monitoreo reciente. Entre los fallecidos contabiliz\u00f3 al menos nueve v\u00edctimas de feminicidio.<\/p>\n\n\n\n<p class=\"wp-block-paragraph\">Las cifras deben interpretarse como un registro independiente y no como una estad\u00edstica completa de criminalidad en Cuba. La propia organizaci\u00f3n advierte que sus datos representan un subregistro, pues comprenden \u00fanicamente los casos que ha podido documentar y verificar p\u00fablicamente.<\/p>\n\n\n\n<p class=\"wp-block-paragraph\">Cubalex ha insistido en la necesidad de que las autoridades publiquen estad\u00edsticas peri\u00f3dicas y detalladas sobre homicidios, feminicidios, desapariciones y otros delitos violentos, informaci\u00f3n necesaria para conocer con mayor precisi\u00f3n la evoluci\u00f3n de la inseguridad en el pa\u00eds.<\/p>\n\n\n\n<p class=\"wp-block-paragraph\">Por ahora, en el caso ocurrido junto al Hospital Provincial Manuel Ascunce Domenech siguen abiertas las principales interrogantes: qui\u00e9n era la v\u00edctima, cu\u00e1ndo y d\u00f3nde muri\u00f3, cu\u00e1l fue el m\u00f3vil y qui\u00e9n o qui\u00e9nes estuvieron involucrados.<\/p>\n\n\n\n<p class=\"wp-block-paragraph\">Las respuestas depender\u00e1n de los resultados de la investigaci\u00f3n y de que las autoridades divulguen informaci\u00f3n oficial sobre un hallazgo que ha vuelto a estremecer a Camag\u00fcey.<\/p>\n","protected":false},"excerpt":{"rendered":"<p>El lugar donde apareci\u00f3 el cuerpo es descrito como un trillo situado en la parte posterior del \u00e1rea de Hemodi\u00e1lisis del hospital provincial<\/p>\n","protected":false},"author":27,"featured_media":252738,"comment_status":"open","ping_status":"closed","sticky":false,"template":"","format":"standard","meta":{"_acf_changed":false,"footnotes":""},"categories":[18],"tags":[2171,11094,2396,10276],"class_list":["post-255475","post","type-post","status-publish","format-standard","has-post-thumbnail","category-noticias","tag-camaguey","tag-crimenes-2","tag-hospital","tag-violencia-en-cuba"],"acf":[],"yoast_head":"<!-- This site is optimized with the Yoast SEO plugin v28.3 - https:\/\/yoast.com\/product\/yoast-seo-wordpress\/ -->\n<title>Ni\u00f1os hallan restos humanos junto al Hospital de Camag\u00fcey en lo que parece ser una escena del crimen - Cuballama Noticias<\/title>\n<meta name=\"robots\" content=\"index, follow, max-snippet:-1, max-image-preview:large, max-video-preview:-1\" \/>\n<link rel=\"canonical\" href=\"https:\/\/www.cuballama.com\/noticias\/ninos-hallan-restos-humanos-junto-al-hospital-de-camaguey-en-lo-que-parece-ser-una-escena-del-crimen\/\" \/>\n<meta property=\"og:locale\" content=\"es_ES\" \/>\n<meta property=\"og:type\" content=\"article\" \/>\n<meta property=\"og:title\" content=\"Ni\u00f1os hallan restos humanos junto al Hospital de Camag\u00fcey en lo que parece ser una escena del crimen - Cuballama Noticias\" \/>\n<meta property=\"og:description\" content=\"El lugar donde apareci\u00f3 el cuerpo es descrito como un trillo situado en la parte posterior del \u00e1rea de Hemodi\u00e1lisis del hospital provincial\" \/>\n<meta property=\"og:url\" content=\"https:\/\/www.cuballama.com\/noticias\/ninos-hallan-restos-humanos-junto-al-hospital-de-camaguey-en-lo-que-parece-ser-una-escena-del-crimen\/\" \/>\n<meta property=\"og:site_name\" content=\"Cuballama Noticias\" \/>\n<meta property=\"article:publisher\" content=\"https:\/\/www.facebook.com\/CubaLlama\" \/>\n<meta property=\"article:published_time\" content=\"2026-08-30T12:55:02+00:00\" \/>\n<meta property=\"article:modified_time\" content=\"2026-08-30T12:55:07+00:00\" \/>\n<meta property=\"og:image\" content=\"https:\/\/cdn1.mediawpaccore.net\/wp-content\/uploads\/2026\/07\/31073715\/703843840_1465466935592259_1953359666874462859_n1.jpg\" \/>\n\t<meta property=\"og:image:width\" content=\"1200\" \/>\n\t<meta property=\"og:image:height\" content=\"630\" \/>\n\t<meta property=\"og:image:type\" content=\"image\/jpeg\" \/>\n<meta name=\"author\" content=\"Rafa\" \/>\n<meta name=\"twitter:card\" content=\"summary_large_image\" \/>\n<meta name=\"twitter:creator\" content=\"@cuballama\" \/>\n<meta name=\"twitter:site\" content=\"@cuballama\" \/>\n<meta name=\"twitter:label1\" content=\"Escrito por\" \/>\n\t<meta name=\"twitter:data1\" content=\"Rafa\" \/>\n\t<meta name=\"twitter:label2\" content=\"Tiempo de lectura\" \/>\n\t<meta name=\"twitter:data2\" content=\"4 minutos\" \/>\n<script type=\"application\/ld+json\" class=\"yoast-schema-graph\">{\"@context\":\"https:\\\/\\\/schema.org\",\"@graph\":[{\"@type\":\"Article\",\"@id\":\"https:\\\/\\\/www.cuballama.com\\\/noticias\\\/ninos-hallan-restos-humanos-junto-al-hospital-de-camaguey-en-lo-que-parece-ser-una-escena-del-crimen\\\/#article\",\"isPartOf\":{\"@id\":\"https:\\\/\\\/www.cuballama.com\\\/noticias\\\/ninos-hallan-restos-humanos-junto-al-hospital-de-camaguey-en-lo-que-parece-ser-una-escena-del-crimen\\\/\"},\"author\":{\"name\":\"Rafa\",\"@id\":\"https:\\\/\\\/www.cuballama.com\\\/noticias\\\/#\\\/schema\\\/person\\\/0f97914526a658755f00e59ec2a832f2\"},\"headline\":\"Ni\u00f1os hallan restos humanos junto al Hospital de Camag\u00fcey en lo que parece ser una escena del crimen\",\"datePublished\":\"2026-08-30T12:55:02+00:00\",\"dateModified\":\"2026-08-30T12:55:07+00:00\",\"mainEntityOfPage\":{\"@id\":\"https:\\\/\\\/www.cuballama.com\\\/noticias\\\/ninos-hallan-restos-humanos-junto-al-hospital-de-camaguey-en-lo-que-parece-ser-una-escena-del-crimen\\\/\"},\"wordCount\":850,\"commentCount\":0,\"publisher\":{\"@id\":\"https:\\\/\\\/www.cuballama.com\\\/noticias\\\/#organization\"},\"image\":{\"@id\":\"https:\\\/\\\/www.cuballama.com\\\/noticias\\\/ninos-hallan-restos-humanos-junto-al-hospital-de-camaguey-en-lo-que-parece-ser-una-escena-del-crimen\\\/#primaryimage\"},\"thumbnailUrl\":\"https:\\\/\\\/cdn1.mediawpaccore.net\\\/wp-content\\\/uploads\\\/2026\\\/07\\\/31073715\\\/703843840_1465466935592259_1953359666874462859_n1.jpg\",\"keywords\":[\"Camag\u00fcey\",\"Cr\u00edmenes\",\"Hospital\",\"violencia en Cuba\"],\"articleSection\":[\"Noticias\"],\"inLanguage\":\"es\",\"potentialAction\":[{\"@type\":\"CommentAction\",\"name\":\"Comment\",\"target\":[\"https:\\\/\\\/www.cuballama.com\\\/noticias\\\/ninos-hallan-restos-humanos-junto-al-hospital-de-camaguey-en-lo-que-parece-ser-una-escena-del-crimen\\\/#respond\"]}]},{\"@type\":\"WebPage\",\"@id\":\"https:\\\/\\\/www.cuballama.com\\\/noticias\\\/ninos-hallan-restos-humanos-junto-al-hospital-de-camaguey-en-lo-que-parece-ser-una-escena-del-crimen\\\/\",\"url\":\"https:\\\/\\\/www.cuballama.com\\\/noticias\\\/ninos-hallan-restos-humanos-junto-al-hospital-de-camaguey-en-lo-que-parece-ser-una-escena-del-crimen\\\/\",\"name\":\"Ni\u00f1os hallan restos humanos junto al Hospital de Camag\u00fcey en lo que parece ser una escena del crimen - Cuballama Noticias\",\"isPartOf\":{\"@id\":\"https:\\\/\\\/www.cuballama.com\\\/noticias\\\/#website\"},\"primaryImageOfPage\":{\"@id\":\"https:\\\/\\\/www.cuballama.com\\\/noticias\\\/ninos-hallan-restos-humanos-junto-al-hospital-de-camaguey-en-lo-que-parece-ser-una-escena-del-crimen\\\/#primaryimage\"},\"image\":{\"@id\":\"https:\\\/\\\/www.cuballama.com\\\/noticias\\\/ninos-hallan-restos-humanos-junto-al-hospital-de-camaguey-en-lo-que-parece-ser-una-escena-del-crimen\\\/#primaryimage\"},\"thumbnailUrl\":\"https:\\\/\\\/cdn1.mediawpaccore.net\\\/wp-content\\\/uploads\\\/2026\\\/07\\\/31073715\\\/703843840_1465466935592259_1953359666874462859_n1.jpg\",\"datePublished\":\"2026-08-30T12:55:02+00:00\",\"dateModified\":\"2026-08-30T12:55:07+00:00\",\"breadcrumb\":{\"@id\":\"https:\\\/\\\/www.cuballama.com\\\/noticias\\\/ninos-hallan-restos-humanos-junto-al-hospital-de-camaguey-en-lo-que-parece-ser-una-escena-del-crimen\\\/#breadcrumb\"},\"inLanguage\":\"es\",\"potentialAction\":[{\"@type\":\"ReadAction\",\"target\":[\"https:\\\/\\\/www.cuballama.com\\\/noticias\\\/ninos-hallan-restos-humanos-junto-al-hospital-de-camaguey-en-lo-que-parece-ser-una-escena-del-crimen\\\/\"]}]},{\"@type\":\"ImageObject\",\"inLanguage\":\"es\",\"@id\":\"https:\\\/\\\/www.cuballama.com\\\/noticias\\\/ninos-hallan-restos-humanos-junto-al-hospital-de-camaguey-en-lo-que-parece-ser-una-escena-del-crimen\\\/#primaryimage\",\"url\":\"https:\\\/\\\/cdn1.mediawpaccore.net\\\/wp-content\\\/uploads\\\/2026\\\/07\\\/31073715\\\/703843840_1465466935592259_1953359666874462859_n1.jpg\",\"contentUrl\":\"https:\\\/\\\/cdn1.mediawpaccore.net\\\/wp-content\\\/uploads\\\/2026\\\/07\\\/31073715\\\/703843840_1465466935592259_1953359666874462859_n1.jpg\",\"width\":1200,\"height\":630,\"caption\":\"Hospital Universitario Manuel Ascunce Domenech. Foto: Facebook\\\/Hospital Universitario Manuel Ascunce Domenech.\"},{\"@type\":\"BreadcrumbList\",\"@id\":\"https:\\\/\\\/www.cuballama.com\\\/noticias\\\/ninos-hallan-restos-humanos-junto-al-hospital-de-camaguey-en-lo-que-parece-ser-una-escena-del-crimen\\\/#breadcrumb\",\"itemListElement\":[{\"@type\":\"ListItem\",\"position\":1,\"name\":\"Home\",\"item\":\"https:\\\/\\\/www.cuballama.com\\\/noticias\\\/\"},{\"@type\":\"ListItem\",\"position\":2,\"name\":\"Ni\u00f1os hallan restos humanos junto al Hospital de Camag\u00fcey en lo que parece ser una escena del crimen\"}]},{\"@type\":\"WebSite\",\"@id\":\"https:\\\/\\\/www.cuballama.com\\\/noticias\\\/#website\",\"url\":\"https:\\\/\\\/www.cuballama.com\\\/noticias\\\/\",\"name\":\"Cuballama Noticias\",\"description\":\"Medio digital sobre Cuba y el mundo\",\"publisher\":{\"@id\":\"https:\\\/\\\/www.cuballama.com\\\/noticias\\\/#organization\"},\"potentialAction\":[{\"@type\":\"SearchAction\",\"target\":{\"@type\":\"EntryPoint\",\"urlTemplate\":\"https:\\\/\\\/www.cuballama.com\\\/noticias\\\/?s={search_term_string}\"},\"query-input\":{\"@type\":\"PropertyValueSpecification\",\"valueRequired\":true,\"valueName\":\"search_term_string\"}}],\"inLanguage\":\"es\"},{\"@type\":\"Organization\",\"@id\":\"https:\\\/\\\/www.cuballama.com\\\/noticias\\\/#organization\",\"name\":\"Cuballama\",\"url\":\"https:\\\/\\\/www.cuballama.com\\\/noticias\\\/\",\"logo\":{\"@type\":\"ImageObject\",\"inLanguage\":\"es\",\"@id\":\"https:\\\/\\\/www.cuballama.com\\\/noticias\\\/#\\\/schema\\\/logo\\\/image\\\/\",\"url\":\"https:\\\/\\\/cdn1.mediawpaccore.net\\\/wp-content\\\/uploads\\\/2021\\\/12\\\/28171206\\\/cbll-logo-color-sm.png\",\"contentUrl\":\"https:\\\/\\\/cdn1.mediawpaccore.net\\\/wp-content\\\/uploads\\\/2021\\\/12\\\/28171206\\\/cbll-logo-color-sm.png\",\"width\":600,\"height\":133,\"caption\":\"Cuballama\"},\"image\":{\"@id\":\"https:\\\/\\\/www.cuballama.com\\\/noticias\\\/#\\\/schema\\\/logo\\\/image\\\/\"},\"sameAs\":[\"https:\\\/\\\/www.facebook.com\\\/CubaLlama\",\"https:\\\/\\\/x.com\\\/cuballama\",\"https:\\\/\\\/www.instagram.com\\\/stories\\\/cuballama_oficial\\\/\",\"https:\\\/\\\/www.youtube.com\\\/channel\\\/UCKkFE-d_axENGZcrc4as0IA\"]},{\"@type\":\"Person\",\"@id\":\"https:\\\/\\\/www.cuballama.com\\\/noticias\\\/#\\\/schema\\\/person\\\/0f97914526a658755f00e59ec2a832f2\",\"name\":\"Rafa\",\"url\":\"https:\\\/\\\/www.cuballama.com\\\/noticias\\\/author\\\/rafa\\\/\"}]}<\/script>\n<!-- \/ Yoast SEO plugin. -->","yoast_head_json":{"title":"Ni\u00f1os hallan restos humanos junto al Hospital de Camag\u00fcey en lo que parece ser una escena del crimen - Cuballama Noticias","robots":{"index":"index","follow":"follow","max-snippet":"max-snippet:-1","max-image-preview":"max-image-preview:large","max-video-preview":"max-video-preview:-1"},"canonical":"https:\/\/www.cuballama.com\/noticias\/ninos-hallan-restos-humanos-junto-al-hospital-de-camaguey-en-lo-que-parece-ser-una-escena-del-crimen\/","og_locale":"es_ES","og_type":"article","og_title":"Ni\u00f1os hallan restos humanos junto al Hospital de Camag\u00fcey en lo que parece ser una escena del crimen - Cuballama Noticias","og_description":"El lugar donde apareci\u00f3 el cuerpo es descrito como un trillo situado en la parte posterior del \u00e1rea de Hemodi\u00e1lisis del hospital provincial","og_url":"https:\/\/www.cuballama.com\/noticias\/ninos-hallan-restos-humanos-junto-al-hospital-de-camaguey-en-lo-que-parece-ser-una-escena-del-crimen\/","og_site_name":"Cuballama Noticias","article_publisher":"https:\/\/www.facebook.com\/CubaLlama","article_published_time":"2026-08-30T12:55:02+00:00","article_modified_time":"2026-08-30T12:55:07+00:00","og_image":[{"width":1200,"height":630,"url":"https:\/\/cdn1.mediawpaccore.net\/wp-content\/uploads\/2026\/07\/31073715\/703843840_1465466935592259_1953359666874462859_n1.jpg","type":"image\/jpeg"}],"author":"Rafa","twitter_card":"summary_large_image","twitter_creator":"@cuballama","twitter_site":"@cuballama","twitter_misc":{"Escrito por":"Rafa","Tiempo de lectura":"4 minutos"},"schema":{"@context":"https:\/\/schema.org","@graph":[{"@type":"Article","@id":"https:\/\/www.cuballama.com\/noticias\/ninos-hallan-restos-humanos-junto-al-hospital-de-camaguey-en-lo-que-parece-ser-una-escena-del-crimen\/#article","isPartOf":{"@id":"https:\/\/www.cuballama.com\/noticias\/ninos-hallan-restos-humanos-junto-al-hospital-de-camaguey-en-lo-que-parece-ser-una-escena-del-crimen\/"},"author":{"name":"Rafa","@id":"https:\/\/www.cuballama.com\/noticias\/#\/schema\/person\/0f97914526a658755f00e59ec2a832f2"},"headline":"Ni\u00f1os hallan restos humanos junto al Hospital de Camag\u00fcey en lo que parece ser una escena del crimen","datePublished":"2026-08-30T12:55:02+00:00","dateModified":"2026-08-30T12:55:07+00:00","mainEntityOfPage":{"@id":"https:\/\/www.cuballama.com\/noticias\/ninos-hallan-restos-humanos-junto-al-hospital-de-camaguey-en-lo-que-parece-ser-una-escena-del-crimen\/"},"wordCount":850,"commentCount":0,"publisher":{"@id":"https:\/\/www.cuballama.com\/noticias\/#organization"},"image":{"@id":"https:\/\/www.cuballama.com\/noticias\/ninos-hallan-restos-humanos-junto-al-hospital-de-camaguey-en-lo-que-parece-ser-una-escena-del-crimen\/#primaryimage"},"thumbnailUrl":"https:\/\/cdn1.mediawpaccore.net\/wp-content\/uploads\/2026\/07\/31073715\/703843840_1465466935592259_1953359666874462859_n1.jpg","keywords":["Camag\u00fcey","Cr\u00edmenes","Hospital","violencia en Cuba"],"articleSection":["Noticias"],"inLanguage":"es","potentialAction":[{"@type":"CommentAction","name":"Comment","target":["https:\/\/www.cuballama.com\/noticias\/ninos-hallan-restos-humanos-junto-al-hospital-de-camaguey-en-lo-que-parece-ser-una-escena-del-crimen\/#respond"]}]},{"@type":"WebPage","@id":"https:\/\/www.cuballama.com\/noticias\/ninos-hallan-restos-humanos-junto-al-hospital-de-camaguey-en-lo-que-parece-ser-una-escena-del-crimen\/","url":"https:\/\/www.cuballama.com\/noticias\/ninos-hallan-restos-humanos-junto-al-hospital-de-camaguey-en-lo-que-parece-ser-una-escena-del-crimen\/","name":"Ni\u00f1os hallan restos humanos junto al Hospital de Camag\u00fcey en lo que parece ser una escena del crimen - Cuballama Noticias","isPartOf":{"@id":"https:\/\/www.cuballama.com\/noticias\/#website"},"primaryImageOfPage":{"@id":"https:\/\/www.cuballama.com\/noticias\/ninos-hallan-restos-humanos-junto-al-hospital-de-camaguey-en-lo-que-parece-ser-una-escena-del-crimen\/#primaryimage"},"image":{"@id":"https:\/\/www.cuballama.com\/noticias\/ninos-hallan-restos-humanos-junto-al-hospital-de-camaguey-en-lo-que-parece-ser-una-escena-del-crimen\/#primaryimage"},"thumbnailUrl":"https:\/\/cdn1.mediawpaccore.net\/wp-content\/uploads\/2026\/07\/31073715\/703843840_1465466935592259_1953359666874462859_n1.jpg","datePublished":"2026-08-30T12:55:02+00:00","dateModified":"2026-08-30T12:55:07+00:00","breadcrumb":{"@id":"https:\/\/www.cuballama.com\/noticias\/ninos-hallan-restos-humanos-junto-al-hospital-de-camaguey-en-lo-que-parece-ser-una-escena-del-crimen\/#breadcrumb"},"inLanguage":"es","potentialAction":[{"@type":"ReadAction","target":["https:\/\/www.cuballama.com\/noticias\/ninos-hallan-restos-humanos-junto-al-hospital-de-camaguey-en-lo-que-parece-ser-una-escena-del-crimen\/"]}]},{"@type":"ImageObject","inLanguage":"es","@id":"https:\/\/www.cuballama.com\/noticias\/ninos-hallan-restos-humanos-junto-al-hospital-de-camaguey-en-lo-que-parece-ser-una-escena-del-crimen\/#primaryimage","url":"https:\/\/cdn1.mediawpaccore.net\/wp-content\/uploads\/2026\/07\/31073715\/703843840_1465466935592259_1953359666874462859_n1.jpg","contentUrl":"https:\/\/cdn1.mediawpaccore.net\/wp-content\/uploads\/2026\/07\/31073715\/703843840_1465466935592259_1953359666874462859_n1.jpg","width":1200,"height":630,"caption":"Hospital Universitario Manuel Ascunce Domenech. Foto: Facebook\/Hospital Universitario Manuel Ascunce Domenech."},{"@type":"BreadcrumbList","@id":"https:\/\/www.cuballama.com\/noticias\/ninos-hallan-restos-humanos-junto-al-hospital-de-camaguey-en-lo-que-parece-ser-una-escena-del-crimen\/#breadcrumb","itemListElement":[{"@type":"ListItem","position":1,"name":"Home","item":"https:\/\/www.cuballama.com\/noticias\/"},{"@type":"ListItem","position":2,"name":"Ni\u00f1os hallan restos humanos junto al Hospital de Camag\u00fcey en lo que parece ser una escena del crimen"}]},{"@type":"WebSite","@id":"https:\/\/www.cuballama.com\/noticias\/#website","url":"https:\/\/www.cuballama.com\/noticias\/","name":"Cuballama Noticias","description":"Medio digital sobre Cuba y el mundo","publisher":{"@id":"https:\/\/www.cuballama.com\/noticias\/#organization"},"potentialAction":[{"@type":"SearchAction","target":{"@type":"EntryPoint","urlTemplate":"https:\/\/www.cuballama.com\/noticias\/?s={search_term_string}"},"query-input":{"@type":"PropertyValueSpecification","valueRequired":true,"valueName":"search_term_string"}}],"inLanguage":"es"},{"@type":"Organization","@id":"https:\/\/www.cuballama.com\/noticias\/#organization","name":"Cuballama","url":"https:\/\/www.cuballama.com\/noticias\/","logo":{"@type":"ImageObject","inLanguage":"es","@id":"https:\/\/www.cuballama.com\/noticias\/#\/schema\/logo\/image\/","url":"https:\/\/cdn1.mediawpaccore.net\/wp-content\/uploads\/2021\/12\/28171206\/cbll-logo-color-sm.png","contentUrl":"https:\/\/cdn1.mediawpaccore.net\/wp-content\/uploads\/2021\/12\/28171206\/cbll-logo-color-sm.png","width":600,"height":133,"caption":"Cuballama"},"image":{"@id":"https:\/\/www.cuballama.com\/noticias\/#\/schema\/logo\/image\/"},"sameAs":["https:\/\/www.facebook.com\/CubaLlama","https:\/\/x.com\/cuballama","https:\/\/www.instagram.com\/stories\/cuballama_oficial\/","https:\/\/www.youtube.com\/channel\/UCKkFE-d_axENGZcrc4as0IA"]},{"@type":"Person","@id":"https:\/\/www.cuballama.com\/noticias\/#\/schema\/person\/0f97914526a658755f00e59ec2a832f2","name":"Rafa","url":"https:\/\/www.cuballama.com\/noticias\/author\/rafa\/"}]}},"_links":{"self":[{"href":"https:\/\/www.cuballama.com\/noticias\/wp-json\/wp\/v2\/posts\/255475","targetHints":{"allow":["GET"]}}],"collection":[{"href":"https:\/\/www.cuballama.com\/noticias\/wp-json\/wp\/v2\/posts"}],"about":[{"href":"https:\/\/www.cuballama.com\/noticias\/wp-json\/wp\/v2\/types\/post"}],"author":[{"embeddable":true,"href":"https:\/\/www.cuballama.com\/noticias\/wp-json\/wp\/v2\/users\/27"}],"replies":[{"embeddable":true,"href":"https:\/\/www.cuballama.com\/noticias\/wp-json\/wp\/v2\/comments?post=255475"}],"version-history":[{"count":1,"href":"https:\/\/www.cuballama.com\/noticias\/wp-json\/wp\/v2\/posts\/255475\/revisions"}],"predecessor-version":[{"id":255476,"href":"https:\/\/www.cuballama.com\/noticias\/wp-json\/wp\/v2\/posts\/255475\/revisions\/255476"}],"wp:featuredmedia":[{"embeddable":true,"href":"https:\/\/www.cuballama.com\/noticias\/wp-json\/wp\/v2\/media\/252738"}],"wp:attachment":[{"href":"https:\/\/www.cuballama.com\/noticias\/wp-json\/wp\/v2\/media?parent=255475"}],"wp:term":[{"taxonomy":"category","embeddable":true,"href":"https:\/\/www.cuballama.com\/noticias\/wp-json\/wp\/v2\/categories?post=255475"},{"taxonomy":"post_tag","embeddable":true,"href":"https:\/\/www.cuballama.com\/noticias\/wp-json\/wp\/v2\/tags?post=255475"}],"curies":[{"name":"wp","href":"https:\/\/api.w.org\/{rel}","templated":true}]}}