{"id":255149,"date":"2026-08-31T22:15:57","date_gmt":"2026-09-01T02:15:57","guid":{"rendered":"https:\/\/www.cuballama.com\/noticias\/?p=255149"},"modified":"2026-08-31T22:16:03","modified_gmt":"2026-09-01T02:16:03","slug":"el-doble-rasero-de-la-habana-exige-respeto-por-sus-musicos-presos-en-ee-uu-mientras-desaparece-a-sus-propios-artistas","status":"publish","type":"post","link":"https:\/\/www.cuballama.com\/noticias\/el-doble-rasero-de-la-habana-exige-respeto-por-sus-musicos-presos-en-ee-uu-mientras-desaparece-a-sus-propios-artistas\/","title":{"rendered":"El doble rasero de La Habana: exige respeto por sus m\u00fasicos presos en EE.UU. mientras desaparece a sus propios artistas"},"content":{"rendered":"\n<p class=\"wp-block-paragraph\">En menos de una semana, ICE detuvo en Estados Unidos a dos m\u00fasicos cubanos reconocidos: el percusionista Degnis Bofill, ganador de un Latin Grammy, en Miami, y el pianista Andy Garc\u00eda Palacios en Los \u00c1ngeles. La reacci\u00f3n de La Habana fue inmediata: el canciller Bruno Rodr\u00edguez habl\u00f3 de \u00abtrato discriminatorio\u00bb, la prensa oficialista calific\u00f3 los arrestos de \u00abdiab\u00f3licos\u00bb y medios afines a Cuba culparon a la pol\u00edtica migratoria de Donald Trump. Pero mientras el gobierno cubano exige respeto por sus ciudadanos en territorio estadounidense, mantiene desaparecido desde el 10 de julio a su propio Maykel Osorbo, coautor del himno \u00abPatria y Vida\u00bb y preso pol\u00edtico desde 2021, a pesar de que Estados Unidos ya le concedi\u00f3 el permiso humanitario para salir del pa\u00eds. Ese contraste es la verdadera noticia detr\u00e1s de la indignaci\u00f3n selectiva de Bruno Rodr\u00edguez. <\/p>\n\n\n\n<h2 class=\"wp-block-heading\">LO QUE PAS\u00d3 CON BOFILL Y GARC\u00cdA PALACIOS<\/h2>\n\n\n\n<p class=\"wp-block-paragraph\">Degnis Bofill, percusionista de 39 a\u00f1os y ganador de un Latin Grammy en 2022 por el \u00e1lbum \u00abAncestros Sinf\u00f3nico\u00bb, fue detenido el 19 de agosto en el Aeropuerto Internacional de Miami cuando regresaba de un evento musical en Nueva York. <\/p>\n\n\n\n<figure class=\"wp-block-embed is-type-video is-provider-youtube wp-block-embed-youtube wp-embed-aspect-16-9 wp-has-aspect-ratio\"><div class=\"wp-block-embed__wrapper\">\n<div class=\"youtube-embed\" data-video_id=\"9f9kXOYCNUM\"><iframe loading=\"lazy\" title=\"La esposa del m\u00fasico cubano detenido por ICE defiende su inocencia | Noticias Telemundo\" width=\"696\" height=\"392\" src=\"https:\/\/www.youtube.com\/embed\/9f9kXOYCNUM?feature=oembed&#038;enablejsapi=1\" frameborder=\"0\" allow=\"accelerometer; autoplay; clipboard-write; encrypted-media; gyroscope; picture-in-picture; web-share\" referrerpolicy=\"strict-origin-when-cross-origin\" allowfullscreen><\/iframe><\/div>\n<\/div><\/figure>\n\n\n\n<p class=\"wp-block-paragraph\">Seg\u00fan ICE, entr\u00f3 legalmente a Estados Unidos en abril de 2023 pero incumpli\u00f3 los t\u00e9rminos de su admisi\u00f3n; su esposa, Mara Delgado, sostiene que su solicitud de asilo est\u00e1 en tr\u00e1mite formal. <\/p>\n\n\n\n<figure class=\"wp-block-embed is-type-video is-provider-youtube wp-block-embed-youtube wp-embed-aspect-16-9 wp-has-aspect-ratio\"><div class=\"wp-block-embed__wrapper\">\n<div class=\"youtube-embed\" data-video_id=\"qABhIDTN4pY\"><iframe loading=\"lazy\" title=\"El DHS dice que el m\u00fasico cubano detenido por ICE no cumpli\u00f3 con los t\u00e9rminos de su admisi\u00f3n al pa\u00eds\" width=\"696\" height=\"392\" src=\"https:\/\/www.youtube.com\/embed\/qABhIDTN4pY?feature=oembed&#038;enablejsapi=1\" frameborder=\"0\" allow=\"accelerometer; autoplay; clipboard-write; encrypted-media; gyroscope; picture-in-picture; web-share\" referrerpolicy=\"strict-origin-when-cross-origin\" allowfullscreen><\/iframe><\/div>\n<\/div><\/figure>\n\n\n\n<p class=\"wp-block-paragraph\">Cuatro d\u00edas antes, el pianista Andy Garc\u00eda Palacios, de 30 a\u00f1os, hab\u00eda sido detenido en el aeropuerto de Los \u00c1ngeles: seg\u00fan la agencia, su autorizaci\u00f3n de estad\u00eda venci\u00f3 en mayo de 2024 y permaneci\u00f3 en el pa\u00eds despu\u00e9s de esa fecha, mientras su defensa alega demoras del propio sistema migratorio en resolver su residencia.<\/p>\n\n\n\n<figure class=\"wp-block-embed is-type-video is-provider-youtube wp-block-embed-youtube wp-embed-aspect-16-9 wp-has-aspect-ratio\"><div class=\"wp-block-embed__wrapper\">\n<div class=\"youtube-embed\" data-video_id=\"JSzX4nYEX0s\"><iframe loading=\"lazy\" title=\"Pianista cubano Andy Garc\u00eda detenido por ICE en Los \u00c1ngeles\" width=\"696\" height=\"392\" src=\"https:\/\/www.youtube.com\/embed\/JSzX4nYEX0s?feature=oembed&#038;enablejsapi=1\" frameborder=\"0\" allow=\"accelerometer; autoplay; clipboard-write; encrypted-media; gyroscope; picture-in-picture; web-share\" referrerpolicy=\"strict-origin-when-cross-origin\" allowfullscreen><\/iframe><\/div>\n<\/div><\/figure>\n\n\n\n<figure class=\"wp-block-embed is-type-video is-provider-youtube wp-block-embed-youtube wp-embed-aspect-16-9 wp-has-aspect-ratio\"><div class=\"wp-block-embed__wrapper\">\n<div class=\"youtube-embed\" data-video_id=\"RDpE_nvWdMw\"><iframe loading=\"lazy\" title=\"Un compositor musical espera que ICE libere a los dos m\u00fasicos cubanos detenidos | Noticias Telemundo\" width=\"696\" height=\"392\" src=\"https:\/\/www.youtube.com\/embed\/RDpE_nvWdMw?feature=oembed&#038;enablejsapi=1\" frameborder=\"0\" allow=\"accelerometer; autoplay; clipboard-write; encrypted-media; gyroscope; picture-in-picture; web-share\" referrerpolicy=\"strict-origin-when-cross-origin\" allowfullscreen><\/iframe><\/div>\n<\/div><\/figure>\n\n\n\n<p class=\"wp-block-paragraph\">Son casos con elementos leg\u00edtimamente cuestionables -detenciones en tr\u00e1nsito, procesos migratorios prolongados, el uso de aeropuertos como puntos de control- y merecen escrutinio por s\u00ed mismos, independientemente de qui\u00e9n los use pol\u00edticamente. <\/p>\n\n\n\n<p class=\"wp-block-paragraph\">Bofill permanece en el Centro de Detenci\u00f3n Krome; Garc\u00eda Palacios, en el Centro de Procesamiento de Adelanto, California. <\/p>\n\n\n\n<figure class=\"wp-block-embed is-type-video is-provider-youtube wp-block-embed-youtube wp-embed-aspect-16-9 wp-has-aspect-ratio\"><div class=\"wp-block-embed__wrapper\">\n<div class=\"youtube-embed\" data-video_id=\"vNQOiXLwWlo\"><iframe loading=\"lazy\" title=\"M\u00fasico cubano Degnis Bofill permanece detenido en Florida\" width=\"696\" height=\"392\" src=\"https:\/\/www.youtube.com\/embed\/vNQOiXLwWlo?feature=oembed&#038;enablejsapi=1\" frameborder=\"0\" allow=\"accelerometer; autoplay; clipboard-write; encrypted-media; gyroscope; picture-in-picture; web-share\" referrerpolicy=\"strict-origin-when-cross-origin\" allowfullscreen><\/iframe><\/div>\n<\/div><\/figure>\n\n\n\n<p class=\"wp-block-paragraph\">Ambos tienen abogados, ambos tienen una fecha eventual de audiencia migratoria, y ambos cuentan con nombre, ubicaci\u00f3n conocida y una red de apoyo p\u00fablico movilizada: la campa\u00f1a de Delgado recaud\u00f3 m\u00e1s de 45,000 d\u00f3lares en dos d\u00edas, y colegas como Chucho Vald\u00e9s, Diana Fuentes y Luis Enrique se pronunciaron abiertamente en su favor.<\/p>\n\n\n\n<figure class=\"wp-block-embed is-type-video is-provider-youtube wp-block-embed-youtube wp-embed-aspect-16-9 wp-has-aspect-ratio\"><div class=\"wp-block-embed__wrapper\">\n<div class=\"youtube-embed\" data-video_id=\"F7gOwq-hAvQ\"><iframe loading=\"lazy\" title=\"Amigos y familiares piden ayuda para liberar a m\u00fasica cubano detenido por ICE\" width=\"696\" height=\"392\" src=\"https:\/\/www.youtube.com\/embed\/F7gOwq-hAvQ?feature=oembed&#038;enablejsapi=1\" frameborder=\"0\" allow=\"accelerometer; autoplay; clipboard-write; encrypted-media; gyroscope; picture-in-picture; web-share\" referrerpolicy=\"strict-origin-when-cross-origin\" allowfullscreen><\/iframe><\/div>\n<\/div><\/figure>\n\n\n\n<h2 class=\"wp-block-heading\">LA INDIGNACI\u00d3N DE LA HABANA<\/h2>\n\n\n\n<p class=\"wp-block-paragraph\">El 25 de agosto, el canciller cubano Bruno Rodr\u00edguez utiliz\u00f3 estos dos arrestos para lanzar una cr\u00edtica m\u00e1s amplia contra Washington, denunciando en redes sociales que \u00abmuchos de los cubanos que han emigrado a Estados Unidos son v\u00edctimas del trato discriminatorio habitual y creciente que sufren los reci\u00e9n llegados\u00bb. La canciller\u00eda vincul\u00f3 el episodio con su denuncia recurrente contra el embargo estadounidense, presentando los arrestos como parte de una pol\u00edtica sistem\u00e1tica contra los migrantes cubanos.<\/p>\n\n\n\n<p class=\"wp-block-paragraph\"><strong>tal vez quieras leer: Bruno Rodr\u00edguez acusa a EEUU de trato \u201cdiscriminatorio\u201d hacia migrantes cubanos tras detenci\u00f3n de dos m\u00fasicos<\/strong><\/p>\n\n\n\n<p class=\"wp-block-paragraph\">Medios estatales y afines al gobierno amplificaron el mensaje sin matices: Cubadebate y Escambray republicaron piezas tituladas \u00abICE encierra a dos talentosos m\u00fasicos cubanos radicados en la Florida\u00bb, y el portal Resumen Latinoamericano fue m\u00e1s all\u00e1, calificando a Estados Unidos como \u00abtierra de oportunidades y libertad art\u00edstica\u00bb en tono sarc\u00e1stico para se\u00f1alar la contradicci\u00f3n del discurso estadounidense sobre libertades. Desde La Habana, el music\u00f3logo Oni Acosta calific\u00f3 las detenciones como \u00abdiab\u00f3licas y monstruosas\u00bb, atribuy\u00e9ndolas directamente a la administraci\u00f3n Trump y al secretario de Estado Marco Rubio.<\/p>\n\n\n\n<p class=\"wp-block-paragraph\">Todo ese aparato de indignaci\u00f3n -canciller, prensa oficial, comentaristas culturales- se activ\u00f3 en cuesti\u00f3n de horas por dos m\u00fasicos con acceso a abogados, comunicaci\u00f3n con sus familias y cobertura medi\u00e1tica internacional. Vale la pena preguntarse cu\u00e1nto de ese mismo aparato se ha activado, en los \u00faltimos cinco a\u00f1os, por los propios artistas cubanos presos en la isla.<\/p>\n\n\n\n<h2 class=\"wp-block-heading\">EL ESPEJO: OTERO ALC\u00c1NTARA Y MAYKEL OSORBO<\/h2>\n\n\n\n<p class=\"wp-block-paragraph\">Luis Manuel Otero Alc\u00e1ntara, recientemente desterrado, l\u00edder del Movimiento San Isidro, y Maykel Castillo \u00abOsorbo\u00bb, rapero y coautor de \u00abPatria y Vida\u00bb -tema que gan\u00f3 el Latin Grammy a Canci\u00f3n del A\u00f1o en 2021 y se convirti\u00f3 en s\u00edmbolo de las protestas del 11 de julio de ese a\u00f1o-, fueron a prisi\u00f3n en 2021 por cargos vinculados a su activismo. Osorbo fue condenado a nueve a\u00f1os de prisi\u00f3n en junio de 2022; organismos como Amnist\u00eda Internacional calificaron el proceso como una condena \u00abinjusta\u00bb contra \u00abartistas afrocubanos\u00bb perseguidos por expresarse.<\/p>\n\n\n\n<p class=\"wp-block-paragraph\">A diferencia de Bofill o Garc\u00eda Palacios, cuyos casos son p\u00fablicos desde el primer d\u00eda, la situaci\u00f3n de ambos artistas cubanos ha estado marcada por la opacidad. Seg\u00fan Infobae, Otero Alc\u00e1ntara sigui\u00f3 detenido por el r\u00e9gimen incluso una semana despu\u00e9s de haber cumplido formalmente su condena, y activistas denunciaron que Seguridad del Estado lo mantuvo recluido en una vivienda cerca de Guanabo -\u00abestaba preso todav\u00eda\u00bb, en palabras de quienes documentaron el caso- antes de que finalmente saliera de Cuba a mediados de julio.<\/p>\n\n\n\n<p class=\"wp-block-paragraph\">El caso de Osorbo es todav\u00eda m\u00e1s grave. El 10 de julio de 2026 fue sacado de su celda sin explicaci\u00f3n: seg\u00fan la activista Anamely Ramos, \u00absimplemente llegaron a su galera y le dijeron que recogiera todas sus cosas y se lo llevaron\u00bb. Desde entonces, su paradero es desconocido; no hubo notificaci\u00f3n oficial a su familia, algo inusual incluso dentro de los procedimientos del propio sistema penitenciario cubano. Cubalex y Amnist\u00eda Internacional exigieron informaci\u00f3n sobre su ubicaci\u00f3n, y el Grupo de Trabajo de la ONU sobre Desapariciones Forzadas o Involuntarias activ\u00f3 una acci\u00f3n urgente para que el gobierno cubano informara su paradero. Ramos lleg\u00f3 a calificar lo ocurrido como una \u00abdesaparici\u00f3n forzada\u00bb, en los mismos t\u00e9rminos que se hab\u00eda denunciado meses antes con Otero Alc\u00e1ntara.<\/p>\n\n\n\n<p class=\"wp-block-paragraph\">Lo m\u00e1s revelador es lo que pas\u00f3 despu\u00e9s: el 21 de julio, Estados Unidos otorg\u00f3 a Osorbo un parole humanitario, es decir, autorizaci\u00f3n para viajar y permanecer legalmente en el pa\u00eds. Pero, seg\u00fan reportaron medios como CubaHeadlines, Osorbo segu\u00eda preso en Cuba pese a contar ya con ese permiso, porque su salida depend\u00eda -y depende- de que el propio r\u00e9gimen cubano autorizara su liberaci\u00f3n y salida del pa\u00eds. En otras palabras: mientras Bruno Rodr\u00edguez denunciaba el \u00abtrato discriminatorio\u00bb que Washington da a los cubanos, era La Habana, no Washington, quien reten\u00eda a un preso pol\u00edtico con la puerta de salida ya abierta del otro lado.<\/p>\n\n\n\n<h2 class=\"wp-block-heading\">EL SILENCIO DEL GREMIO OFICIALISTA<\/h2>\n\n\n\n<p class=\"wp-block-paragraph\">La respuesta es inc\u00f3moda para La Habana: pr\u00e1cticamente nada. Oni Acosta, cr\u00edtico y columnista de Granma, calific\u00f3 de \u00abdiab\u00f3licas y monstruosas\u00bb las detenciones de Bofill y Garc\u00eda Palacios -y con \u00e9l, buena parte del aparato cultural que opera dentro de instituciones estatales como la Uni\u00f3n de Escritores y Artistas de Cuba (UNEAC). Sin embargo, Acosta nunca ha dedicado una declaraci\u00f3n p\u00fablica equivalente a Otero Alc\u00e1ntara ni a Osorbo, dos colegas del gremio art\u00edstico cubano que llevan media d\u00e9cada presos, vigilados o desaparecidos por el propio Estado que hoy paga sus sueldos y organiza sus giras. Ni siquiera expres\u00f3 solidaridad en alg\u00fan momento de su vida en sucesos relacionados con el Estado y artistas mujeres y negras como Hayd\u00e9e Milan\u00e9s o Daym\u00e9 Arocena.<\/p>\n\n\n\n<p class=\"wp-block-paragraph\">No hace falta buscar mucho: no existe un comunicado de la UNEAC exigiendo el paradero de Osorbo cuando fue sacado de su celda el 10 de julio, ni una sola nota en Cubadebate o Escambray preguntando por qu\u00e9 Otero Alc\u00e1ntara segu\u00eda retenido una semana despu\u00e9s de haber cumplido su condena, ni nadie dentro del oficialismo que defendiese a las ya mujeres mencionadas o a otros raperos detenidos. El silencio no es casualidad ni descuido: es la misma maquinaria que en agosto encontr\u00f3 minutos para condenar a Washington y que en julio no encontr\u00f3 ni una frase para exigirle a su propio gobierno el paradero de un preso desaparecido.<\/p>\n\n\n\n<p class=\"wp-block-paragraph\">Ese contraste desnuda la naturaleza real de la \u00absolidaridad\u00bb que exhibe el aparato cultural oficialista cubano: no es una defensa de los artistas cubanos como gremio, sino un recurso pol\u00edtico que se activa \u00fanicamente cuando el se\u00f1alado es Estados Unidos. Cuando el se\u00f1alado es el propio r\u00e9gimen, la misma indignaci\u00f3n que corre con fluidez en Cubadebate se convierte en silencio absoluto -o, peor, en la complicidad de mirar hacia otro lado mientras colegas de profesi\u00f3n son sometidos a condiciones que ni siquiera sus propias familias pueden verificar-.<\/p>\n\n\n\n<p class=\"wp-block-paragraph\">Conviene decirlo con precisi\u00f3n, porque no toda la escena art\u00edstica cubana funciona as\u00ed: figuras culturales del exilio que se pronunciaron por Bofill y Garc\u00eda Palacios, tienen trayectorias p\u00fablicas cr\u00edticas del r\u00e9gimen bastante p\u00e1lidas y sottovoce. En la web circulan ahora, espec\u00edficamente, cr\u00edticas severas hacia Chucho Vald\u00e9s, Diana Fuentes o Telmary (entre otros)<\/p>\n\n\n\n<p class=\"wp-block-paragraph\">No hay evidencia de que hayan callado deliberadamente sobre Otero Alc\u00e1ntara u Osorbo -simplemente no hay registro p\u00fablico de que se hayan pronunciado en ning\u00fan sentido-, pero a la par, algunos, han asistido a fiestas privadas de hijos de pap\u00e1 que residen en Miami para \u00abofrecer su arte\u00bb. O tocan en La Habana o Miami, en espacios \u00abart\u00edsticos\u00bb, presuntamente vinculados a gente que, dicho en buen cubano, viven en la pirofl\u00e1utica; con escasas o nulas expresiones de apoyo hacia los cubanos en la isla. La lista, cr\u00e9anlo, de aquellos que han saltado ahora es inmensa; la de aquellos que han saltado ante casos injustos de artistas presos en la isla, es muy reducida y los nombres pudieran contarse con los dedos de una mano.<\/p>\n\n\n\n<p class=\"wp-block-paragraph\">Eso s\u00ed y conviene decirlo: el doble rasero verificable no est\u00e1 en el exilio de Miami, sino en la infraestructura cultural que opera dentro de Cuba: esa s\u00ed ha demostrado, con hechos y con silencios, que solo le importa la libertad art\u00edstica cuando puede usarla contra Washington.<\/p>\n\n\n\n<h2 class=\"wp-block-heading\">UNA POL\u00cdTICA MIGRATORIA M\u00c1S COMPLEJA DE LO QUE LA HABANA ADMITE<\/h2>\n\n\n\n<p class=\"wp-block-paragraph\">El relato oficial cubano simplifica la pol\u00edtica migratoria de Trump como una persecuci\u00f3n indiscriminada contra cualquier cubano en territorio estadounidense. La realidad es m\u00e1s matizada, y Cuba lo sabe. En mayo de 2026, ICE arrest\u00f3 en Miami a Adys Lastres Morera, hermana de la jefa de GAESA -el conglomerado empresarial-militar que controla buena parte de la econom\u00eda cubana-, y le revoc\u00f3 la residencia permanente por su \u00abvinculaci\u00f3n con estructuras asociadas al r\u00e9gimen cubano\u00bb, seg\u00fan confirm\u00f3 el propio Departamento de Seguridad Nacional con el respaldo del secretario de Estado Marco Rubio. El caso abri\u00f3 una investigaci\u00f3n m\u00e1s amplia sobre operaciones inmobiliarias, movimientos financieros y empresas en Miami-Dade con presuntos v\u00ednculos al aparato militar cubano, y llev\u00f3 a las autoridades del condado a prohibir la operaci\u00f3n de al menos dos compa\u00f1\u00edas se\u00f1aladas por esos nexos.<\/p>\n\n\n\n<p class=\"wp-block-paragraph\">Es decir: parte de la pol\u00edtica migratoria y de sanciones de la administraci\u00f3n Trump hacia Cuba no apunta contra m\u00fasicos ni migrantes comunes, sino contra la red financiera y empresarial que sostiene al propio r\u00e9gimen -las mismas estructuras, como el Instituto Cubano de Amistad con los Pueblos o empresas estatales como Acinox Comercial o Transimport, que Washington sancion\u00f3 apenas semanas antes bajo la Orden Ejecutiva 14404-. Cuando Bruno Rodr\u00edguez presenta cada acci\u00f3n de ICE como parte de una sola pol\u00edtica de \u00abdiscriminaci\u00f3n\u00bb contra \u00ablos cubanos\u00bb, omite deliberadamente esta otra cara: una parte de esas medidas est\u00e1 dise\u00f1ada, expl\u00edcitamente, para golpear a las \u00e9lites del propio gobierno que hoy se declara ofendido.<\/p>\n\n\n\n<p class=\"wp-block-paragraph\">Esa omisi\u00f3n no es casual. Conviene a La Habana borrar la distinci\u00f3n entre un migrante cubano com\u00fan -como Bofill o Garc\u00eda Palacios, que huyeron o emigraron buscando oportunidades o que se quedaron una vez expirada su VISA- y una operadora financiera de GAESA, porque hacerla visible obligar\u00eda a reconocer que el r\u00e9gimen cubano tiene, hoy, activos e intereses propios en Miami que Washington persigue. Es m\u00e1s c\u00f3modo, pol\u00edticamente, presentar cada arresto como un ataque \u00e9tnico contra \u00ablos cubanos\u00bb en abstracto.<\/p>\n\n\n\n<h2 class=\"wp-block-heading\">POR QU\u00c9 LE CONVIENE A LA HABANA ESTE RELATO<\/h2>\n\n\n\n<p class=\"wp-block-paragraph\">La utilidad de este relato para el gobierno cubano es doble. Primero, le permite desviar la atenci\u00f3n de las causas reales de la actual ola migratoria: la crisis econ\u00f3mica, los apagones prolongados y la represi\u00f3n pol\u00edtica que empujan a miles de cubanos -entre ellos deportistas, como el caso reciente del exjugador de hockey Mois\u00e9s Torres Puig, que desert\u00f3 de la delegaci\u00f3n cubana en los Juegos Centroamericanos de Santo Domingo denunciando la vigilancia de agentes de la Seguridad del Estado sobre los propios atletas- a intentar quedarse fuera de la isla por cualquier v\u00eda posible. Segundo, le permite posicionarse como defensor de los derechos de \u00absus\u00bb ciudadanos en el exterior, un papel que jam\u00e1s ha estado dispuesto a asumir puertas adentro, donde figuras como Otero Alc\u00e1ntara u Osorbo y otros muchos, llevan media d\u00e9cada pagando con prisi\u00f3n, vigilancia y desaparici\u00f3n temporal el simple hecho de haber cantado o pintado en contra del sistema.<\/p>\n\n\n\n<p class=\"wp-block-paragraph\">Nada de esto invalida las preocupaciones leg\u00edtimas sobre las t\u00e1cticas de ICE, la agresividad de las detenciones en aeropuertos o los tiempos excesivos de los procesos migratorios en Estados Unidos: son problemas reales, documentados tambi\u00e9n por organizaciones estadounidenses de derechos civiles, y no dejan de serlo porque el gobierno cubano los use de forma interesada. Se puede criticar a la vez la dureza de la pol\u00edtica migratoria de Trump y la hipocres\u00eda de un r\u00e9gimen que solo descubre el valor de la libertad art\u00edstica cuando el preso est\u00e1 fuera de sus fronteras.<\/p>\n\n\n\n<h2 class=\"wp-block-heading\">UN PATR\u00d3N, NO UN INCIDENTE AISLADO<\/h2>\n\n\n\n<p class=\"wp-block-paragraph\">Nada de esto ocurre en el vac\u00edo. Desde comienzos de 2026, las tensiones entre Washington y La Habana se han intensificado en varios frentes a la vez -sanciones ampliadas contra empresas estatales, endurecimiento de controles a viajeros que regresan de la isla, y una ofensiva diplom\u00e1tica cubana que combina denuncias ante organismos internacionales con gestos calculados, como la liberaci\u00f3n tard\u00eda y parcial de algunos presos pol\u00edticos, generalmente presentada como decisi\u00f3n soberana y nunca como resultado de la presi\u00f3n externa-. <\/p>\n\n\n\n<p class=\"wp-block-paragraph\">El uso de casos como el de Bofill o Garc\u00eda Palacios encaja en esa estrategia m\u00e1s amplia: cada vez que Washington golpea los intereses del r\u00e9gimen -ya sea con sanciones a GAESA, arrestos como el de Lastres Morera o el simple endurecimiento migratorio-, La Habana necesita un contraejemplo emocional, con nombre y rostro, que le permita presentarse como v\u00edctima antes que como responsable de la crisis que expulsa a sus ciudadanos.<\/p>\n\n\n\n<p class=\"wp-block-paragraph\">Ese mismo patr\u00f3n de instrumentalizaci\u00f3n se repite puertas adentro. El caso de Mois\u00e9s Torres Puig, el joven exjugador de hockey sobre c\u00e9sped que desert\u00f3 de la delegaci\u00f3n cubana durante los Juegos Centroamericanos y del Caribe de Santo Domingo 2026, es revelador en sentido inverso: mientras el gobierno cubano exige que Washington trate con dignidad a sus ciudadanos migrantes, sus propios agentes de la Seguridad del Estado viajan con las delegaciones deportivas para vigilar de cerca a los atletas y evitar precisamente que hagan lo que Torres Puig termin\u00f3 haciendo. No hay contradicci\u00f3n ret\u00f3rica m\u00e1s n\u00edtida que exigir libertad de movimiento para los cubanos en Miami mientras se despliega vigilancia estatal para impedir que los cubanos se muevan libremente en Santo Domingo.<\/p>\n\n\n\n<p class=\"wp-block-paragraph\">Esta asimetr\u00eda explica tambi\u00e9n por qu\u00e9 la reacci\u00f3n internacional a ambos tipos de caso es tan distinta. Los arrestos de Bofill y Garc\u00eda Palacios generan cobertura casi instant\u00e1nea porque ocurren dentro de un sistema -el estadounidense- con prensa libre, organizaciones de defensa migratoria activas y familiares que pueden hablar sin miedo a represalias. Los casos de Otero Alc\u00e1ntara y Osorbo, en cambio, dependen casi por completo de activistas en el exilio, organizaciones de derechos humanos y mecanismos lentos de la ONU para siquiera confirmar que sus protagonistas siguen con vida y en qu\u00e9 condiciones. La opacidad no es un efecto secundario del sistema cubano: es, en s\u00ed misma, una herramienta de control.<\/p>\n\n\n\n<p class=\"wp-block-paragraph\">Lo que no resiste el an\u00e1lisis es la pretensi\u00f3n de La Habana de erigirse en garante de la dignidad de sus m\u00fasicos en el exterior mientras, puertas adentro, mantiene una relaci\u00f3n radicalmente distinta con sus propios artistas: silencio oficial, opacidad sobre su paradero, condenas que se extienden m\u00e1s all\u00e1 de lo dictado en los tribunales y, en el caso de Osorbo, semanas de desaparici\u00f3n que ni siquiera el permiso humanitario ya firmado por Washington ha logrado resolver. La diferencia entre ambos casos no est\u00e1 en Washington. Est\u00e1 en La Habana.<\/p>\n\n\n\n<p class=\"wp-block-paragraph\">[FUENTE]<br>Telemundo 51 Miami, <a href=\"https:\/\/www.youtube.com\/watch?v=vNQOiXLwWlo\">https:\/\/www.youtube.com\/watch?v=vNQOiXLwWlo<\/a> | Noticias Telemundo, <a href=\"https:\/\/www.youtube.com\/watch?v=9f9kXOYCNUM\">https:\/\/www.youtube.com\/watch?v=9f9kXOYCNUM<\/a> | Infobae, <a href=\"https:\/\/www.infobae.com\/america\/agencias\/2026\/08\/25\/canciller-cubano-critica-trato-a-migrantes-de-la-isla-en-eeuu-tras-arresto-de-dos-musicos\/\">https:\/\/www.infobae.com\/america\/agencias\/2026\/08\/25\/canciller-cubano-critica-trato-a-migrantes-de-la-isla-en-eeuu-tras-arresto-de-dos-musicos\/<\/a> | Infobae, <a href=\"https:\/\/www.infobae.com\/america\/agencias\/2026\/08\/25\/cuba-afea-el-creciente-y-habitual-trato-discriminatorio-de-eeuu-hacia-sus-connacionales-recien-llegados\/\">https:\/\/www.infobae.com\/america\/agencias\/2026\/08\/25\/cuba-afea-el-creciente-y-habitual-trato-discriminatorio-de-eeuu-hacia-sus-connacionales-recien-llegados\/<\/a> | OnCubaNews, <a href=\"https:\/\/oncubanews.com\/cuba-ee-uu\/crecen-las-criticas-a-ice-tras-detencion-de-los-musicos-cubanos-andy-garcia-palacios-y-degnis-bofill\/\">https:\/\/oncubanews.com\/cuba-ee-uu\/crecen-las-criticas-a-ice-tras-detencion-de-los-musicos-cubanos-andy-garcia-palacios-y-degnis-bofill\/<\/a> | Cubadebate, <a href=\"http:\/\/www.cubadebate.cu\/noticias\/2026\/08\/23\/ice-encierra-a-dos-talentosos-musicos-cubanos-radicados-en-la-florida\/\">http:\/\/www.cubadebate.cu\/noticias\/2026\/08\/23\/ice-encierra-a-dos-talentosos-musicos-cubanos-radicados-en-la-florida\/<\/a> | Resumen Latinoamericano, <a href=\"https:\/\/www.resumenlatinoamericano.org\/2026\/08\/23\/cuba-tierra-de-oportunidades-y-libertad-artistica-el-regimen-de-trump-detiene-para-su-deportacion-a-musicos-cubanos-degnis-bofill-y-andy-garcia\">https:\/\/www.resumenlatinoamericano.org\/2026\/08\/23\/cuba-tierra-de-oportunidades-y-libertad-artistica-el-regimen-de-trump-detiene-para-su-deportacion-a-musicos-cubanos-degnis-bofill-y-andy-garcia<\/a> | Infobae, <a href=\"https:\/\/www.infobae.com\/america\/america-latina\/2026\/07\/16\/la-dictadura-de-cuba-mantiene-detenido-a-luis-manuel-otero-alcantara-una-semana-despues-de-cumplirse-su-pena-de-carcel\/\">https:\/\/www.infobae.com\/america\/america-latina\/2026\/07\/16\/la-dictadura-de-cuba-mantiene-detenido-a-luis-manuel-otero-alcantara-una-semana-despues-de-cumplirse-su-pena-de-carcel\/<\/a> | CiberCuba, <a href=\"https:\/\/www.cibercuba.com\/noticias\/2026-07-21-u1-e135253-s27061-nid335703-estaba-preso-todavia-seguridad-estado-mantuvo-luis\">https:\/\/www.cibercuba.com\/noticias\/2026-07-21-u1-e135253-s27061-nid335703-estaba-preso-todavia-seguridad-estado-mantuvo-luis<\/a> | Diario de Cuba, <a href=\"https:\/\/diariodecuba.com\/derechos-humanos\/1783710028_67927.html\">https:\/\/diariodecuba.com\/derechos-humanos\/1783710028_67927.html<\/a> | Infobae, <a href=\"https:\/\/www.infobae.com\/america\/america-latina\/2026\/07\/21\/estados-unidos-otorgo-un-parole-humanitario-al-disidente-cubano-preso-maykel-osorbo\/\">https:\/\/www.infobae.com\/america\/america-latina\/2026\/07\/21\/estados-unidos-otorgo-un-parole-humanitario-al-disidente-cubano-preso-maykel-osorbo\/<\/a> | Cuba en Miami, <a href=\"https:\/\/www.cubaenmiami.com\/maykel-osorbo-ya-tiene-parole-para-ee-uu-ahora-todo-depende-de-que-el-regimen-cubano-apruebe-su-liberacion\/\">https:\/\/www.cubaenmiami.com\/maykel-osorbo-ya-tiene-parole-para-ee-uu-ahora-todo-depende-de-que-el-regimen-cubano-apruebe-su-liberacion\/<\/a> | CNN en Espa\u00f1ol, <a href=\"https:\/\/cnnespanol.cnn.com\/2026\/05\/21\/eeuu\/ice-miami-hermana-lastres-morera-gaesa-cuba-orix\">https:\/\/cnnespanol.cnn.com\/2026\/05\/21\/eeuu\/ice-miami-hermana-lastres-morera-gaesa-cuba-orix<\/a> | Cuba en Miami, <a href=\"https:\/\/www.cubaenmiami.com\/ee-uu-va-tras-las-redes-del-regimen-cubano-arresto-en-miami-desata-una-investigacion-de-gran-alcance\/\">https:\/\/www.cubaenmiami.com\/ee-uu-va-tras-las-redes-del-regimen-cubano-arresto-en-miami-desata-una-investigacion-de-gran-alcance\/<\/a> | Telemundo 51, <a href=\"https:\/\/www.telemundo51.com\/noticias\/cuba\/mas-sanciones-de-eeuu-contra-el-regimen-cubano-esta-es-la-nueva-lista\/2816764\/\">https:\/\/www.telemundo51.com\/noticias\/cuba\/mas-sanciones-de-eeuu-contra-el-regimen-cubano-esta-es-la-nueva-lista\/2816764\/<\/a> | Amnist\u00eda Internacional, <a href=\"https:\/\/www.amnesty.org\/en\/latest\/news\/2026\/06\/cuba-a-cuatro-anos-de-una-condena-injusta-artistas-afrocubanos-siguen-encarcelados-por-expresars\/\">https:\/\/www.amnesty.org\/en\/latest\/news\/2026\/06\/cuba-a-cuatro-anos-de-una-condena-injusta-artistas-afrocubanos-siguen-encarcelados-por-expresars\/<\/a><\/p>\n\n\n\n<p class=\"wp-block-paragraph\"><\/p>\n","protected":false},"excerpt":{"rendered":"<p>El canciller cubano denuncia \u00abdiscriminaci\u00f3n\u00bb contra dos m\u00fasicos detenidos por ICE en Miami y Los \u00c1ngeles, con abogados, visitas y campa\u00f1as de recaudaci\u00f3n. Mientras tanto, Cuba mantiene desaparecido desde julio a Maykel Osorbo -Grammy y s\u00edmbolo del 11J- pese a que EE.UU. ya le concedi\u00f3 el permiso para salir del pa\u00eds.<\/p>\n","protected":false},"author":13,"featured_media":255501,"comment_status":"open","ping_status":"closed","sticky":false,"template":"","format":"standard","meta":{"_acf_changed":false,"footnotes":""},"categories":[18,9667],"tags":[37673,1399,11,37674,30253,2874,2978,9099,11369,8917,11373,9815],"class_list":["post-255149","post","type-post","status-publish","format-standard","has-post-thumbnail","category-noticias","category-opinion","tag-andy-garcia-palacios","tag-bruno-rodriguez","tag-cuba","tag-degnis-bofill","tag-doble-rasero","tag-gaesa","tag-ice","tag-luis-manuel-otero-alcantara","tag-maykel-osorbo","tag-movimiento-san-isidro","tag-presos-politicos","tag-regimen-cubano"],"acf":[],"yoast_head":"<!-- This site is optimized with the Yoast SEO plugin v28.3 - https:\/\/yoast.com\/product\/yoast-seo-wordpress\/ -->\n<title>El doble rasero de La Habana: exige respeto por sus m\u00fasicos presos en EE.UU. mientras desaparece a sus propios artistas - Cuballama Noticias<\/title>\n<meta name=\"description\" content=\"Cuba denuncia discriminaci\u00f3n por dos m\u00fasicos detenidos en EE.UU., mientras mantiene desaparecidos a sus propios artistas presos, como Maykel Osorbo, pese a tener ya autorizaci\u00f3n para salir.\" \/>\n<meta name=\"robots\" content=\"index, follow, max-snippet:-1, max-image-preview:large, max-video-preview:-1\" \/>\n<link rel=\"canonical\" href=\"https:\/\/www.cuballama.com\/noticias\/el-doble-rasero-de-la-habana-exige-respeto-por-sus-musicos-presos-en-ee-uu-mientras-desaparece-a-sus-propios-artistas\/\" \/>\n<meta property=\"og:locale\" content=\"es_ES\" \/>\n<meta property=\"og:type\" content=\"article\" \/>\n<meta property=\"og:title\" content=\"El doble rasero de La Habana: exige respeto por sus m\u00fasicos presos en EE.UU. mientras desaparece a sus propios artistas - Cuballama Noticias\" \/>\n<meta property=\"og:description\" content=\"Cuba denuncia discriminaci\u00f3n por dos m\u00fasicos detenidos en EE.UU., mientras mantiene desaparecidos a sus propios artistas presos, como Maykel Osorbo, pese a tener ya autorizaci\u00f3n para salir.\" \/>\n<meta property=\"og:url\" content=\"https:\/\/www.cuballama.com\/noticias\/el-doble-rasero-de-la-habana-exige-respeto-por-sus-musicos-presos-en-ee-uu-mientras-desaparece-a-sus-propios-artistas\/\" \/>\n<meta property=\"og:site_name\" content=\"Cuballama Noticias\" \/>\n<meta property=\"article:publisher\" content=\"https:\/\/www.facebook.com\/CubaLlama\" \/>\n<meta property=\"article:published_time\" content=\"2026-09-01T02:15:57+00:00\" \/>\n<meta property=\"article:modified_time\" content=\"2026-09-01T02:16:03+00:00\" \/>\n<meta property=\"og:image\" content=\"https:\/\/cdn1.mediawpaccore.net\/wp-content\/uploads\/2026\/08\/31095043\/image-160.png\" \/>\n\t<meta property=\"og:image:width\" content=\"872\" \/>\n\t<meta property=\"og:image:height\" content=\"430\" \/>\n\t<meta property=\"og:image:type\" content=\"image\/png\" \/>\n<meta name=\"author\" content=\"Roberto A.\" \/>\n<meta name=\"twitter:card\" content=\"summary_large_image\" \/>\n<meta name=\"twitter:creator\" content=\"@cuballama\" \/>\n<meta name=\"twitter:site\" content=\"@cuballama\" \/>\n<meta name=\"twitter:label1\" content=\"Escrito por\" \/>\n\t<meta name=\"twitter:data1\" content=\"Roberto A.\" \/>\n\t<meta name=\"twitter:label2\" content=\"Tiempo de lectura\" \/>\n\t<meta name=\"twitter:data2\" content=\"13 minutos\" \/>\n<script type=\"application\/ld+json\" class=\"yoast-schema-graph\">{\"@context\":\"https:\\\/\\\/schema.org\",\"@graph\":[{\"@type\":\"Article\",\"@id\":\"https:\\\/\\\/www.cuballama.com\\\/noticias\\\/el-doble-rasero-de-la-habana-exige-respeto-por-sus-musicos-presos-en-ee-uu-mientras-desaparece-a-sus-propios-artistas\\\/#article\",\"isPartOf\":{\"@id\":\"https:\\\/\\\/www.cuballama.com\\\/noticias\\\/el-doble-rasero-de-la-habana-exige-respeto-por-sus-musicos-presos-en-ee-uu-mientras-desaparece-a-sus-propios-artistas\\\/\"},\"author\":{\"name\":\"Roberto A.\",\"@id\":\"https:\\\/\\\/www.cuballama.com\\\/noticias\\\/#\\\/schema\\\/person\\\/a58502ed4146c8e9f83872e897c76cd2\"},\"headline\":\"El doble rasero de La Habana: exige respeto por sus m\u00fasicos presos en EE.UU. mientras desaparece a sus propios artistas\",\"datePublished\":\"2026-09-01T02:15:57+00:00\",\"dateModified\":\"2026-09-01T02:16:03+00:00\",\"mainEntityOfPage\":{\"@id\":\"https:\\\/\\\/www.cuballama.com\\\/noticias\\\/el-doble-rasero-de-la-habana-exige-respeto-por-sus-musicos-presos-en-ee-uu-mientras-desaparece-a-sus-propios-artistas\\\/\"},\"wordCount\":3067,\"commentCount\":0,\"publisher\":{\"@id\":\"https:\\\/\\\/www.cuballama.com\\\/noticias\\\/#organization\"},\"image\":{\"@id\":\"https:\\\/\\\/www.cuballama.com\\\/noticias\\\/el-doble-rasero-de-la-habana-exige-respeto-por-sus-musicos-presos-en-ee-uu-mientras-desaparece-a-sus-propios-artistas\\\/#primaryimage\"},\"thumbnailUrl\":\"https:\\\/\\\/cdn1.mediawpaccore.net\\\/wp-content\\\/uploads\\\/2026\\\/08\\\/31095043\\\/image-160.png\",\"keywords\":[\"Andy Garc\u00eda Palacios\",\"Bruno Rodr\u00edguez\",\"Cuba\",\"Degnis Bofill\",\"doble rasero\",\"GAESA\",\"ICE\",\"Luis Manuel Otero Alc\u00e1ntara\",\"Maykel Osorbo\",\"Movimiento San Isidro\",\"presos pol\u00edticos\",\"R\u00e9gimen cubano\"],\"articleSection\":[\"Noticias\",\"Opini\u00f3n\"],\"inLanguage\":\"es\",\"potentialAction\":[{\"@type\":\"CommentAction\",\"name\":\"Comment\",\"target\":[\"https:\\\/\\\/www.cuballama.com\\\/noticias\\\/el-doble-rasero-de-la-habana-exige-respeto-por-sus-musicos-presos-en-ee-uu-mientras-desaparece-a-sus-propios-artistas\\\/#respond\"]}]},{\"@type\":\"WebPage\",\"@id\":\"https:\\\/\\\/www.cuballama.com\\\/noticias\\\/el-doble-rasero-de-la-habana-exige-respeto-por-sus-musicos-presos-en-ee-uu-mientras-desaparece-a-sus-propios-artistas\\\/\",\"url\":\"https:\\\/\\\/www.cuballama.com\\\/noticias\\\/el-doble-rasero-de-la-habana-exige-respeto-por-sus-musicos-presos-en-ee-uu-mientras-desaparece-a-sus-propios-artistas\\\/\",\"name\":\"El doble rasero de La Habana: exige respeto por sus m\u00fasicos presos en EE.UU. mientras desaparece a sus propios artistas - Cuballama Noticias\",\"isPartOf\":{\"@id\":\"https:\\\/\\\/www.cuballama.com\\\/noticias\\\/#website\"},\"primaryImageOfPage\":{\"@id\":\"https:\\\/\\\/www.cuballama.com\\\/noticias\\\/el-doble-rasero-de-la-habana-exige-respeto-por-sus-musicos-presos-en-ee-uu-mientras-desaparece-a-sus-propios-artistas\\\/#primaryimage\"},\"image\":{\"@id\":\"https:\\\/\\\/www.cuballama.com\\\/noticias\\\/el-doble-rasero-de-la-habana-exige-respeto-por-sus-musicos-presos-en-ee-uu-mientras-desaparece-a-sus-propios-artistas\\\/#primaryimage\"},\"thumbnailUrl\":\"https:\\\/\\\/cdn1.mediawpaccore.net\\\/wp-content\\\/uploads\\\/2026\\\/08\\\/31095043\\\/image-160.png\",\"datePublished\":\"2026-09-01T02:15:57+00:00\",\"dateModified\":\"2026-09-01T02:16:03+00:00\",\"description\":\"Cuba denuncia discriminaci\u00f3n por dos m\u00fasicos detenidos en EE.UU., mientras mantiene desaparecidos a sus propios artistas presos, como Maykel Osorbo, pese a tener ya autorizaci\u00f3n para salir.\",\"breadcrumb\":{\"@id\":\"https:\\\/\\\/www.cuballama.com\\\/noticias\\\/el-doble-rasero-de-la-habana-exige-respeto-por-sus-musicos-presos-en-ee-uu-mientras-desaparece-a-sus-propios-artistas\\\/#breadcrumb\"},\"inLanguage\":\"es\",\"potentialAction\":[{\"@type\":\"ReadAction\",\"target\":[\"https:\\\/\\\/www.cuballama.com\\\/noticias\\\/el-doble-rasero-de-la-habana-exige-respeto-por-sus-musicos-presos-en-ee-uu-mientras-desaparece-a-sus-propios-artistas\\\/\"]}]},{\"@type\":\"ImageObject\",\"inLanguage\":\"es\",\"@id\":\"https:\\\/\\\/www.cuballama.com\\\/noticias\\\/el-doble-rasero-de-la-habana-exige-respeto-por-sus-musicos-presos-en-ee-uu-mientras-desaparece-a-sus-propios-artistas\\\/#primaryimage\",\"url\":\"https:\\\/\\\/cdn1.mediawpaccore.net\\\/wp-content\\\/uploads\\\/2026\\\/08\\\/31095043\\\/image-160.png\",\"contentUrl\":\"https:\\\/\\\/cdn1.mediawpaccore.net\\\/wp-content\\\/uploads\\\/2026\\\/08\\\/31095043\\\/image-160.png\",\"width\":872,\"height\":430,\"caption\":\"Foto v\u00eda https:\\\/\\\/misiones.cubaminrex.cu\\\/\"},{\"@type\":\"BreadcrumbList\",\"@id\":\"https:\\\/\\\/www.cuballama.com\\\/noticias\\\/el-doble-rasero-de-la-habana-exige-respeto-por-sus-musicos-presos-en-ee-uu-mientras-desaparece-a-sus-propios-artistas\\\/#breadcrumb\",\"itemListElement\":[{\"@type\":\"ListItem\",\"position\":1,\"name\":\"Home\",\"item\":\"https:\\\/\\\/www.cuballama.com\\\/noticias\\\/\"},{\"@type\":\"ListItem\",\"position\":2,\"name\":\"El doble rasero de La Habana: exige respeto por sus m\u00fasicos presos en EE.UU. mientras desaparece a sus propios artistas\"}]},{\"@type\":\"WebSite\",\"@id\":\"https:\\\/\\\/www.cuballama.com\\\/noticias\\\/#website\",\"url\":\"https:\\\/\\\/www.cuballama.com\\\/noticias\\\/\",\"name\":\"Cuballama Noticias\",\"description\":\"Medio digital sobre Cuba y el mundo\",\"publisher\":{\"@id\":\"https:\\\/\\\/www.cuballama.com\\\/noticias\\\/#organization\"},\"potentialAction\":[{\"@type\":\"SearchAction\",\"target\":{\"@type\":\"EntryPoint\",\"urlTemplate\":\"https:\\\/\\\/www.cuballama.com\\\/noticias\\\/?s={search_term_string}\"},\"query-input\":{\"@type\":\"PropertyValueSpecification\",\"valueRequired\":true,\"valueName\":\"search_term_string\"}}],\"inLanguage\":\"es\"},{\"@type\":\"Organization\",\"@id\":\"https:\\\/\\\/www.cuballama.com\\\/noticias\\\/#organization\",\"name\":\"Cuballama\",\"url\":\"https:\\\/\\\/www.cuballama.com\\\/noticias\\\/\",\"logo\":{\"@type\":\"ImageObject\",\"inLanguage\":\"es\",\"@id\":\"https:\\\/\\\/www.cuballama.com\\\/noticias\\\/#\\\/schema\\\/logo\\\/image\\\/\",\"url\":\"https:\\\/\\\/cdn1.mediawpaccore.net\\\/wp-content\\\/uploads\\\/2021\\\/12\\\/28171206\\\/cbll-logo-color-sm.png\",\"contentUrl\":\"https:\\\/\\\/cdn1.mediawpaccore.net\\\/wp-content\\\/uploads\\\/2021\\\/12\\\/28171206\\\/cbll-logo-color-sm.png\",\"width\":600,\"height\":133,\"caption\":\"Cuballama\"},\"image\":{\"@id\":\"https:\\\/\\\/www.cuballama.com\\\/noticias\\\/#\\\/schema\\\/logo\\\/image\\\/\"},\"sameAs\":[\"https:\\\/\\\/www.facebook.com\\\/CubaLlama\",\"https:\\\/\\\/x.com\\\/cuballama\",\"https:\\\/\\\/www.instagram.com\\\/stories\\\/cuballama_oficial\\\/\",\"https:\\\/\\\/www.youtube.com\\\/channel\\\/UCKkFE-d_axENGZcrc4as0IA\"]},{\"@type\":\"Person\",\"@id\":\"https:\\\/\\\/www.cuballama.com\\\/noticias\\\/#\\\/schema\\\/person\\\/a58502ed4146c8e9f83872e897c76cd2\",\"name\":\"Roberto A.\",\"description\":\"Roberto A. Periodista por decisi\u00f3n propia. Interesado en cualquier tema que me apasione y cada vez m\u00e1s comprometido con la verdad y la objetividad period\u00edstica. Graduado en La Habana hace ya muchos a\u00f1os, luego de una accidentada y polvorienta b\u00fasqueda de informaci\u00f3n sobre un tema in\u00e9dito. La Tesis, por cierto, desapareci\u00f3 de la biblioteca y no se conservan copias de la misma.\",\"url\":\"https:\\\/\\\/www.cuballama.com\\\/noticias\\\/author\\\/roberto\\\/\"}]}<\/script>\n<!-- \/ Yoast SEO plugin. -->","yoast_head_json":{"title":"El doble rasero de La Habana: exige respeto por sus m\u00fasicos presos en EE.UU. mientras desaparece a sus propios artistas - Cuballama Noticias","description":"Cuba denuncia discriminaci\u00f3n por dos m\u00fasicos detenidos en EE.UU., mientras mantiene desaparecidos a sus propios artistas presos, como Maykel Osorbo, pese a tener ya autorizaci\u00f3n para salir.","robots":{"index":"index","follow":"follow","max-snippet":"max-snippet:-1","max-image-preview":"max-image-preview:large","max-video-preview":"max-video-preview:-1"},"canonical":"https:\/\/www.cuballama.com\/noticias\/el-doble-rasero-de-la-habana-exige-respeto-por-sus-musicos-presos-en-ee-uu-mientras-desaparece-a-sus-propios-artistas\/","og_locale":"es_ES","og_type":"article","og_title":"El doble rasero de La Habana: exige respeto por sus m\u00fasicos presos en EE.UU. mientras desaparece a sus propios artistas - Cuballama Noticias","og_description":"Cuba denuncia discriminaci\u00f3n por dos m\u00fasicos detenidos en EE.UU., mientras mantiene desaparecidos a sus propios artistas presos, como Maykel Osorbo, pese a tener ya autorizaci\u00f3n para salir.","og_url":"https:\/\/www.cuballama.com\/noticias\/el-doble-rasero-de-la-habana-exige-respeto-por-sus-musicos-presos-en-ee-uu-mientras-desaparece-a-sus-propios-artistas\/","og_site_name":"Cuballama Noticias","article_publisher":"https:\/\/www.facebook.com\/CubaLlama","article_published_time":"2026-09-01T02:15:57+00:00","article_modified_time":"2026-09-01T02:16:03+00:00","og_image":[{"width":872,"height":430,"url":"https:\/\/cdn1.mediawpaccore.net\/wp-content\/uploads\/2026\/08\/31095043\/image-160.png","type":"image\/png"}],"author":"Roberto A.","twitter_card":"summary_large_image","twitter_creator":"@cuballama","twitter_site":"@cuballama","twitter_misc":{"Escrito por":"Roberto A.","Tiempo de lectura":"13 minutos"},"schema":{"@context":"https:\/\/schema.org","@graph":[{"@type":"Article","@id":"https:\/\/www.cuballama.com\/noticias\/el-doble-rasero-de-la-habana-exige-respeto-por-sus-musicos-presos-en-ee-uu-mientras-desaparece-a-sus-propios-artistas\/#article","isPartOf":{"@id":"https:\/\/www.cuballama.com\/noticias\/el-doble-rasero-de-la-habana-exige-respeto-por-sus-musicos-presos-en-ee-uu-mientras-desaparece-a-sus-propios-artistas\/"},"author":{"name":"Roberto A.","@id":"https:\/\/www.cuballama.com\/noticias\/#\/schema\/person\/a58502ed4146c8e9f83872e897c76cd2"},"headline":"El doble rasero de La Habana: exige respeto por sus m\u00fasicos presos en EE.UU. mientras desaparece a sus propios artistas","datePublished":"2026-09-01T02:15:57+00:00","dateModified":"2026-09-01T02:16:03+00:00","mainEntityOfPage":{"@id":"https:\/\/www.cuballama.com\/noticias\/el-doble-rasero-de-la-habana-exige-respeto-por-sus-musicos-presos-en-ee-uu-mientras-desaparece-a-sus-propios-artistas\/"},"wordCount":3067,"commentCount":0,"publisher":{"@id":"https:\/\/www.cuballama.com\/noticias\/#organization"},"image":{"@id":"https:\/\/www.cuballama.com\/noticias\/el-doble-rasero-de-la-habana-exige-respeto-por-sus-musicos-presos-en-ee-uu-mientras-desaparece-a-sus-propios-artistas\/#primaryimage"},"thumbnailUrl":"https:\/\/cdn1.mediawpaccore.net\/wp-content\/uploads\/2026\/08\/31095043\/image-160.png","keywords":["Andy Garc\u00eda Palacios","Bruno Rodr\u00edguez","Cuba","Degnis Bofill","doble rasero","GAESA","ICE","Luis Manuel Otero Alc\u00e1ntara","Maykel Osorbo","Movimiento San Isidro","presos pol\u00edticos","R\u00e9gimen cubano"],"articleSection":["Noticias","Opini\u00f3n"],"inLanguage":"es","potentialAction":[{"@type":"CommentAction","name":"Comment","target":["https:\/\/www.cuballama.com\/noticias\/el-doble-rasero-de-la-habana-exige-respeto-por-sus-musicos-presos-en-ee-uu-mientras-desaparece-a-sus-propios-artistas\/#respond"]}]},{"@type":"WebPage","@id":"https:\/\/www.cuballama.com\/noticias\/el-doble-rasero-de-la-habana-exige-respeto-por-sus-musicos-presos-en-ee-uu-mientras-desaparece-a-sus-propios-artistas\/","url":"https:\/\/www.cuballama.com\/noticias\/el-doble-rasero-de-la-habana-exige-respeto-por-sus-musicos-presos-en-ee-uu-mientras-desaparece-a-sus-propios-artistas\/","name":"El doble rasero de La Habana: exige respeto por sus m\u00fasicos presos en EE.UU. mientras desaparece a sus propios artistas - Cuballama Noticias","isPartOf":{"@id":"https:\/\/www.cuballama.com\/noticias\/#website"},"primaryImageOfPage":{"@id":"https:\/\/www.cuballama.com\/noticias\/el-doble-rasero-de-la-habana-exige-respeto-por-sus-musicos-presos-en-ee-uu-mientras-desaparece-a-sus-propios-artistas\/#primaryimage"},"image":{"@id":"https:\/\/www.cuballama.com\/noticias\/el-doble-rasero-de-la-habana-exige-respeto-por-sus-musicos-presos-en-ee-uu-mientras-desaparece-a-sus-propios-artistas\/#primaryimage"},"thumbnailUrl":"https:\/\/cdn1.mediawpaccore.net\/wp-content\/uploads\/2026\/08\/31095043\/image-160.png","datePublished":"2026-09-01T02:15:57+00:00","dateModified":"2026-09-01T02:16:03+00:00","description":"Cuba denuncia discriminaci\u00f3n por dos m\u00fasicos detenidos en EE.UU., mientras mantiene desaparecidos a sus propios artistas presos, como Maykel Osorbo, pese a tener ya autorizaci\u00f3n para salir.","breadcrumb":{"@id":"https:\/\/www.cuballama.com\/noticias\/el-doble-rasero-de-la-habana-exige-respeto-por-sus-musicos-presos-en-ee-uu-mientras-desaparece-a-sus-propios-artistas\/#breadcrumb"},"inLanguage":"es","potentialAction":[{"@type":"ReadAction","target":["https:\/\/www.cuballama.com\/noticias\/el-doble-rasero-de-la-habana-exige-respeto-por-sus-musicos-presos-en-ee-uu-mientras-desaparece-a-sus-propios-artistas\/"]}]},{"@type":"ImageObject","inLanguage":"es","@id":"https:\/\/www.cuballama.com\/noticias\/el-doble-rasero-de-la-habana-exige-respeto-por-sus-musicos-presos-en-ee-uu-mientras-desaparece-a-sus-propios-artistas\/#primaryimage","url":"https:\/\/cdn1.mediawpaccore.net\/wp-content\/uploads\/2026\/08\/31095043\/image-160.png","contentUrl":"https:\/\/cdn1.mediawpaccore.net\/wp-content\/uploads\/2026\/08\/31095043\/image-160.png","width":872,"height":430,"caption":"Foto v\u00eda https:\/\/misiones.cubaminrex.cu\/"},{"@type":"BreadcrumbList","@id":"https:\/\/www.cuballama.com\/noticias\/el-doble-rasero-de-la-habana-exige-respeto-por-sus-musicos-presos-en-ee-uu-mientras-desaparece-a-sus-propios-artistas\/#breadcrumb","itemListElement":[{"@type":"ListItem","position":1,"name":"Home","item":"https:\/\/www.cuballama.com\/noticias\/"},{"@type":"ListItem","position":2,"name":"El doble rasero de La Habana: exige respeto por sus m\u00fasicos presos en EE.UU. mientras desaparece a sus propios artistas"}]},{"@type":"WebSite","@id":"https:\/\/www.cuballama.com\/noticias\/#website","url":"https:\/\/www.cuballama.com\/noticias\/","name":"Cuballama Noticias","description":"Medio digital sobre Cuba y el mundo","publisher":{"@id":"https:\/\/www.cuballama.com\/noticias\/#organization"},"potentialAction":[{"@type":"SearchAction","target":{"@type":"EntryPoint","urlTemplate":"https:\/\/www.cuballama.com\/noticias\/?s={search_term_string}"},"query-input":{"@type":"PropertyValueSpecification","valueRequired":true,"valueName":"search_term_string"}}],"inLanguage":"es"},{"@type":"Organization","@id":"https:\/\/www.cuballama.com\/noticias\/#organization","name":"Cuballama","url":"https:\/\/www.cuballama.com\/noticias\/","logo":{"@type":"ImageObject","inLanguage":"es","@id":"https:\/\/www.cuballama.com\/noticias\/#\/schema\/logo\/image\/","url":"https:\/\/cdn1.mediawpaccore.net\/wp-content\/uploads\/2021\/12\/28171206\/cbll-logo-color-sm.png","contentUrl":"https:\/\/cdn1.mediawpaccore.net\/wp-content\/uploads\/2021\/12\/28171206\/cbll-logo-color-sm.png","width":600,"height":133,"caption":"Cuballama"},"image":{"@id":"https:\/\/www.cuballama.com\/noticias\/#\/schema\/logo\/image\/"},"sameAs":["https:\/\/www.facebook.com\/CubaLlama","https:\/\/x.com\/cuballama","https:\/\/www.instagram.com\/stories\/cuballama_oficial\/","https:\/\/www.youtube.com\/channel\/UCKkFE-d_axENGZcrc4as0IA"]},{"@type":"Person","@id":"https:\/\/www.cuballama.com\/noticias\/#\/schema\/person\/a58502ed4146c8e9f83872e897c76cd2","name":"Roberto A.","description":"Roberto A. Periodista por decisi\u00f3n propia. Interesado en cualquier tema que me apasione y cada vez m\u00e1s comprometido con la verdad y la objetividad period\u00edstica. Graduado en La Habana hace ya muchos a\u00f1os, luego de una accidentada y polvorienta b\u00fasqueda de informaci\u00f3n sobre un tema in\u00e9dito. La Tesis, por cierto, desapareci\u00f3 de la biblioteca y no se conservan copias de la misma.","url":"https:\/\/www.cuballama.com\/noticias\/author\/roberto\/"}]}},"_links":{"self":[{"href":"https:\/\/www.cuballama.com\/noticias\/wp-json\/wp\/v2\/posts\/255149","targetHints":{"allow":["GET"]}}],"collection":[{"href":"https:\/\/www.cuballama.com\/noticias\/wp-json\/wp\/v2\/posts"}],"about":[{"href":"https:\/\/www.cuballama.com\/noticias\/wp-json\/wp\/v2\/types\/post"}],"author":[{"embeddable":true,"href":"https:\/\/www.cuballama.com\/noticias\/wp-json\/wp\/v2\/users\/13"}],"replies":[{"embeddable":true,"href":"https:\/\/www.cuballama.com\/noticias\/wp-json\/wp\/v2\/comments?post=255149"}],"version-history":[{"count":3,"href":"https:\/\/www.cuballama.com\/noticias\/wp-json\/wp\/v2\/posts\/255149\/revisions"}],"predecessor-version":[{"id":255502,"href":"https:\/\/www.cuballama.com\/noticias\/wp-json\/wp\/v2\/posts\/255149\/revisions\/255502"}],"wp:featuredmedia":[{"embeddable":true,"href":"https:\/\/www.cuballama.com\/noticias\/wp-json\/wp\/v2\/media\/255501"}],"wp:attachment":[{"href":"https:\/\/www.cuballama.com\/noticias\/wp-json\/wp\/v2\/media?parent=255149"}],"wp:term":[{"taxonomy":"category","embeddable":true,"href":"https:\/\/www.cuballama.com\/noticias\/wp-json\/wp\/v2\/categories?post=255149"},{"taxonomy":"post_tag","embeddable":true,"href":"https:\/\/www.cuballama.com\/noticias\/wp-json\/wp\/v2\/tags?post=255149"}],"curies":[{"name":"wp","href":"https:\/\/api.w.org\/{rel}","templated":true}]}}