{"id":254994,"date":"2026-08-31T22:16:52","date_gmt":"2026-09-01T02:16:52","guid":{"rendered":"https:\/\/www.cuballama.com\/noticias\/?p=254994"},"modified":"2026-08-31T22:16:56","modified_gmt":"2026-09-01T02:16:56","slug":"dueno-de-panaderia-latina-confronta-al-excomandante-de-la-patrulla-fronteriza-y-le-niega-entrada-a-su-negocio-video","status":"publish","type":"post","link":"https:\/\/www.cuballama.com\/noticias\/dueno-de-panaderia-latina-confronta-al-excomandante-de-la-patrulla-fronteriza-y-le-niega-entrada-a-su-negocio-video\/","title":{"rendered":"Due\u00f1o de panader\u00eda latina confronta al excomandante de la Patrulla Fronteriza y le niega entrada a su negocio (+ video)"},"content":{"rendered":"\n<p class=\"wp-block-paragraph\">Manolo Betancur, propietario de una conocida panader\u00eda latina en Charlotte, Carolina del Norte, protagoniz\u00f3 un tenso intercambio con Gregory Bovino, excomandante de la Patrulla Fronteriza, cuando este apareci\u00f3 sin previo aviso frente al establecimiento.<\/p>\n\n\n\n<p class=\"wp-block-paragraph\">El encuentro ocurri\u00f3 el domingo frente a Manolo\u2019s Bakery, en Central Avenue, y qued\u00f3 registrado en video. Betancur reconoci\u00f3 a Bovino y se acerc\u00f3 para preguntarle qu\u00e9 hac\u00eda en el lugar. El empresario termin\u00f3 inform\u00e1ndole que no era bienvenido en la panader\u00eda ni, seg\u00fan sus propias palabras, en Charlotte. La discusi\u00f3n se prolong\u00f3 alrededor de 40 minutos. <\/p>\n\n\n\n<p class=\"wp-block-paragraph\">Bovino hab\u00eda regresado a Charlotte para grabar contenido relacionado con las operaciones migratorias efectuadas en la ciudad.<\/p>\n\n\n\n<p class=\"wp-block-paragraph\">El exfuncionario encabez\u00f3 anteriormente la denominada <strong>Operation Charlotte\u2019s Web<\/strong>, un amplio operativo de inmigraci\u00f3n desarrollado en Carolina del Norte durante noviembre de 2025.<\/p>\n\n\n\n<p class=\"wp-block-paragraph\">El Departamento de Seguridad Nacional asegur\u00f3 que m\u00e1s de 400 inmigrantes fueron detenidos durante la fase espec\u00edfica de esa operaci\u00f3n en Charlotte, mientras el total de arrestos en acciones relacionadas en Carolina del Norte super\u00f3 posteriormente el millar, seg\u00fan diferentes balances period\u00edsticos.<\/p>\n\n\n\n<p class=\"wp-block-paragraph\">Betancur, entrevistado posteriormente, sostiene que aquellas redadas generaron temor entre empleados, clientes y familias hispanas y afectaron econ\u00f3micamente a los negocios locales y dijo que durante los operativos decidi\u00f3 cerrar temporalmente su panader\u00eda para proteger a trabajadores y clientes que tem\u00edan encontrarse con agentes migratorios.<\/p>\n\n\n\n<p class=\"wp-block-paragraph\">El empresario, nacido en Colombia, ha asumido en los \u00faltimos a\u00f1os un papel visible como activista y defensor de la comunidad inmigrante de Charlotte.<\/p>\n\n\n\n<p class=\"wp-block-paragraph\">Bovino, por su parte, defendi\u00f3 su visita y escribi\u00f3 en redes sociales que estaba documentando negocios que, seg\u00fan su perspectiva, pod\u00edan depender de trabajadores indocumentados. <\/p>\n\n\n\n<p class=\"wp-block-paragraph\">Durante el intercambio, Bovino identific\u00f3 a Betancur como el propietario que hab\u00eda cerrado para proteger a inmigrantes durante los operativos. Betancur respondi\u00f3 defendiendo su derecho a establecer qui\u00e9n pod\u00eda entrar en su propiedad privada.<\/p>\n\n\n\n<p class=\"wp-block-paragraph\">La confrontaci\u00f3n se convirti\u00f3 r\u00e1pidamente en material viral y volvi\u00f3 a colocar a Manolo\u2019s Bakery en el centro del debate sobre la pol\u00edtica migratoria federal en Charlotte.<\/p>\n\n\n\n<figure class=\"wp-block-embed is-type-video is-provider-youtube wp-block-embed-youtube wp-embed-aspect-16-9 wp-has-aspect-ratio\"><div class=\"wp-block-embed__wrapper\">\n<div class=\"youtube-embed\" data-video_id=\"is8gPb3Q9xY\"><iframe loading=\"lazy\" title=\"As\u00ed confront\u00f3 due\u00f1o de panader\u00eda latina al exjefe de la Patrulla Fronteriza | Noticias Telemundo\" width=\"696\" height=\"392\" src=\"https:\/\/www.youtube.com\/embed\/is8gPb3Q9xY?feature=oembed&#038;enablejsapi=1\" frameborder=\"0\" allow=\"accelerometer; autoplay; clipboard-write; encrypted-media; gyroscope; picture-in-picture; web-share\" referrerpolicy=\"strict-origin-when-cross-origin\" allowfullscreen><\/iframe><\/div>\n<\/div><\/figure>\n\n\n\n<p class=\"wp-block-paragraph\"><strong>Fuentes:<\/strong> <a href=\"https:\/\/www.wccbcharlotte.com\/2026\/08\/25\/former-border-patrol-commander-visits-east-charlotte-bakery\/?utm_source=chatgpt.com\" target=\"_blank\" rel=\"noreferrer noopener nofollow\">WCCB Charlotte<\/a> \u00b7 <a href=\"https:\/\/www.axios.com\/local\/charlotte\/2026\/08\/24\/manolos-bakery-greg-bovino-unannounced-visit?utm_source=chatgpt.com\" target=\"_blank\" rel=\"noreferrer noopener nofollow\">Axios Charlotte<\/a><\/p>\n\n\n\n<p class=\"wp-block-paragraph\"><\/p>\n","protected":false},"excerpt":{"rendered":"<p>Manolo Betancur, propietario de Manolo\u2019s Bakery en Charlotte, confront\u00f3 al excomandante de la Patrulla Fronteriza Gregory Bovino y le neg\u00f3 la entrada al negocio durante un intercambio que dur\u00f3 unos 40 minutos.<\/p>\n","protected":false},"author":13,"featured_media":255007,"comment_status":"open","ping_status":"closed","sticky":false,"template":"","format":"standard","meta":{"_acf_changed":false,"footnotes":""},"categories":[18,953,965],"tags":[37628,1221,10996,4818,37627,2978,108,37629,37626],"class_list":["post-254994","post","type-post","status-publish","format-standard","has-post-thumbnail","category-noticias","category-usa","category-viral","tag-border-patrol","tag-carolina-del-norte","tag-charlotte","tag-comunidad-latina","tag-gregory-bovino","tag-ice","tag-inmigracion","tag-manolo-betancur","tag-manolos-bakery"],"acf":[],"yoast_head":"<!-- This site is optimized with the Yoast SEO plugin v28.3 - https:\/\/yoast.com\/product\/yoast-seo-wordpress\/ -->\n<title>Due\u00f1o de panader\u00eda latina confronta al excomandante de la Patrulla Fronteriza y le niega entrada a su negocio (+ video) - Cuballama Noticias<\/title>\n<meta name=\"description\" content=\"Due\u00f1o de Manolo\u2019s Bakery confronta a Gregory Bovino y le niega entrada durante una inesperada visita a Charlotte, Carolina del Norte.\" \/>\n<meta name=\"robots\" content=\"index, follow, max-snippet:-1, max-image-preview:large, max-video-preview:-1\" \/>\n<link rel=\"canonical\" href=\"https:\/\/www.cuballama.com\/noticias\/dueno-de-panaderia-latina-confronta-al-excomandante-de-la-patrulla-fronteriza-y-le-niega-entrada-a-su-negocio-video\/\" \/>\n<meta property=\"og:locale\" content=\"es_ES\" \/>\n<meta property=\"og:type\" content=\"article\" \/>\n<meta property=\"og:title\" content=\"Due\u00f1o de panader\u00eda latina confronta al excomandante de la Patrulla Fronteriza y le niega entrada a su negocio (+ video) - Cuballama Noticias\" \/>\n<meta property=\"og:description\" content=\"Due\u00f1o de Manolo\u2019s Bakery confronta a Gregory Bovino y le niega entrada durante una inesperada visita a Charlotte, Carolina del Norte.\" \/>\n<meta property=\"og:url\" content=\"https:\/\/www.cuballama.com\/noticias\/dueno-de-panaderia-latina-confronta-al-excomandante-de-la-patrulla-fronteriza-y-le-niega-entrada-a-su-negocio-video\/\" \/>\n<meta property=\"og:site_name\" content=\"Cuballama Noticias\" \/>\n<meta property=\"article:publisher\" content=\"https:\/\/www.facebook.com\/CubaLlama\" \/>\n<meta property=\"article:published_time\" content=\"2026-09-01T02:16:52+00:00\" \/>\n<meta property=\"article:modified_time\" content=\"2026-09-01T02:16:56+00:00\" \/>\n<meta property=\"og:image\" content=\"https:\/\/cdn1.mediawpaccore.net\/wp-content\/uploads\/2026\/08\/26092911\/image-126.png\" \/>\n\t<meta property=\"og:image:width\" content=\"630\" \/>\n\t<meta property=\"og:image:height\" content=\"354\" \/>\n\t<meta property=\"og:image:type\" content=\"image\/png\" \/>\n<meta name=\"author\" content=\"Roberto A.\" \/>\n<meta name=\"twitter:card\" content=\"summary_large_image\" \/>\n<meta name=\"twitter:creator\" content=\"@cuballama\" \/>\n<meta name=\"twitter:site\" content=\"@cuballama\" \/>\n<meta name=\"twitter:label1\" content=\"Escrito por\" \/>\n\t<meta name=\"twitter:data1\" content=\"Roberto A.\" \/>\n\t<meta name=\"twitter:label2\" content=\"Tiempo de lectura\" \/>\n\t<meta name=\"twitter:data2\" content=\"2 minutos\" \/>\n<script type=\"application\/ld+json\" class=\"yoast-schema-graph\">{\"@context\":\"https:\\\/\\\/schema.org\",\"@graph\":[{\"@type\":\"Article\",\"@id\":\"https:\\\/\\\/www.cuballama.com\\\/noticias\\\/dueno-de-panaderia-latina-confronta-al-excomandante-de-la-patrulla-fronteriza-y-le-niega-entrada-a-su-negocio-video\\\/#article\",\"isPartOf\":{\"@id\":\"https:\\\/\\\/www.cuballama.com\\\/noticias\\\/dueno-de-panaderia-latina-confronta-al-excomandante-de-la-patrulla-fronteriza-y-le-niega-entrada-a-su-negocio-video\\\/\"},\"author\":{\"name\":\"Roberto A.\",\"@id\":\"https:\\\/\\\/www.cuballama.com\\\/noticias\\\/#\\\/schema\\\/person\\\/a58502ed4146c8e9f83872e897c76cd2\"},\"headline\":\"Due\u00f1o de panader\u00eda latina confronta al excomandante de la Patrulla Fronteriza y le niega entrada a su negocio (+ video)\",\"datePublished\":\"2026-09-01T02:16:52+00:00\",\"dateModified\":\"2026-09-01T02:16:56+00:00\",\"mainEntityOfPage\":{\"@id\":\"https:\\\/\\\/www.cuballama.com\\\/noticias\\\/dueno-de-panaderia-latina-confronta-al-excomandante-de-la-patrulla-fronteriza-y-le-niega-entrada-a-su-negocio-video\\\/\"},\"wordCount\":389,\"commentCount\":0,\"publisher\":{\"@id\":\"https:\\\/\\\/www.cuballama.com\\\/noticias\\\/#organization\"},\"image\":{\"@id\":\"https:\\\/\\\/www.cuballama.com\\\/noticias\\\/dueno-de-panaderia-latina-confronta-al-excomandante-de-la-patrulla-fronteriza-y-le-niega-entrada-a-su-negocio-video\\\/#primaryimage\"},\"thumbnailUrl\":\"https:\\\/\\\/cdn1.mediawpaccore.net\\\/wp-content\\\/uploads\\\/2026\\\/08\\\/26092911\\\/image-126.png\",\"keywords\":[\"Border Patrol\",\"Carolina del Norte\",\"Charlotte\",\"comunidad latina\",\"Gregory Bovino\",\"ICE\",\"inmigraci\u00f3n\",\"Manolo Betancur\",\"Manolo's Bakery\"],\"articleSection\":[\"Noticias\",\"USA\",\"Viral\"],\"inLanguage\":\"es\",\"potentialAction\":[{\"@type\":\"CommentAction\",\"name\":\"Comment\",\"target\":[\"https:\\\/\\\/www.cuballama.com\\\/noticias\\\/dueno-de-panaderia-latina-confronta-al-excomandante-de-la-patrulla-fronteriza-y-le-niega-entrada-a-su-negocio-video\\\/#respond\"]}]},{\"@type\":\"WebPage\",\"@id\":\"https:\\\/\\\/www.cuballama.com\\\/noticias\\\/dueno-de-panaderia-latina-confronta-al-excomandante-de-la-patrulla-fronteriza-y-le-niega-entrada-a-su-negocio-video\\\/\",\"url\":\"https:\\\/\\\/www.cuballama.com\\\/noticias\\\/dueno-de-panaderia-latina-confronta-al-excomandante-de-la-patrulla-fronteriza-y-le-niega-entrada-a-su-negocio-video\\\/\",\"name\":\"Due\u00f1o de panader\u00eda latina confronta al excomandante de la Patrulla Fronteriza y le niega entrada a su negocio (+ video) - Cuballama Noticias\",\"isPartOf\":{\"@id\":\"https:\\\/\\\/www.cuballama.com\\\/noticias\\\/#website\"},\"primaryImageOfPage\":{\"@id\":\"https:\\\/\\\/www.cuballama.com\\\/noticias\\\/dueno-de-panaderia-latina-confronta-al-excomandante-de-la-patrulla-fronteriza-y-le-niega-entrada-a-su-negocio-video\\\/#primaryimage\"},\"image\":{\"@id\":\"https:\\\/\\\/www.cuballama.com\\\/noticias\\\/dueno-de-panaderia-latina-confronta-al-excomandante-de-la-patrulla-fronteriza-y-le-niega-entrada-a-su-negocio-video\\\/#primaryimage\"},\"thumbnailUrl\":\"https:\\\/\\\/cdn1.mediawpaccore.net\\\/wp-content\\\/uploads\\\/2026\\\/08\\\/26092911\\\/image-126.png\",\"datePublished\":\"2026-09-01T02:16:52+00:00\",\"dateModified\":\"2026-09-01T02:16:56+00:00\",\"description\":\"Due\u00f1o de Manolo\u2019s Bakery confronta a Gregory Bovino y le niega entrada durante una inesperada visita a Charlotte, Carolina del Norte.\",\"breadcrumb\":{\"@id\":\"https:\\\/\\\/www.cuballama.com\\\/noticias\\\/dueno-de-panaderia-latina-confronta-al-excomandante-de-la-patrulla-fronteriza-y-le-niega-entrada-a-su-negocio-video\\\/#breadcrumb\"},\"inLanguage\":\"es\",\"potentialAction\":[{\"@type\":\"ReadAction\",\"target\":[\"https:\\\/\\\/www.cuballama.com\\\/noticias\\\/dueno-de-panaderia-latina-confronta-al-excomandante-de-la-patrulla-fronteriza-y-le-niega-entrada-a-su-negocio-video\\\/\"]}]},{\"@type\":\"ImageObject\",\"inLanguage\":\"es\",\"@id\":\"https:\\\/\\\/www.cuballama.com\\\/noticias\\\/dueno-de-panaderia-latina-confronta-al-excomandante-de-la-patrulla-fronteriza-y-le-niega-entrada-a-su-negocio-video\\\/#primaryimage\",\"url\":\"https:\\\/\\\/cdn1.mediawpaccore.net\\\/wp-content\\\/uploads\\\/2026\\\/08\\\/26092911\\\/image-126.png\",\"contentUrl\":\"https:\\\/\\\/cdn1.mediawpaccore.net\\\/wp-content\\\/uploads\\\/2026\\\/08\\\/26092911\\\/image-126.png\",\"width\":630,\"height\":354,\"caption\":\"Bovino lleg\u00f3 sin previo aviso con un camar\u00f3grafo a Manolo's Bakery en el este de Charlotte el domingo. Fotos: Cortes\u00eda de Manolo's Bakery (video)\"},{\"@type\":\"BreadcrumbList\",\"@id\":\"https:\\\/\\\/www.cuballama.com\\\/noticias\\\/dueno-de-panaderia-latina-confronta-al-excomandante-de-la-patrulla-fronteriza-y-le-niega-entrada-a-su-negocio-video\\\/#breadcrumb\",\"itemListElement\":[{\"@type\":\"ListItem\",\"position\":1,\"name\":\"Home\",\"item\":\"https:\\\/\\\/www.cuballama.com\\\/noticias\\\/\"},{\"@type\":\"ListItem\",\"position\":2,\"name\":\"Due\u00f1o de panader\u00eda latina confronta al excomandante de la Patrulla Fronteriza y le niega entrada a su negocio (+ video)\"}]},{\"@type\":\"WebSite\",\"@id\":\"https:\\\/\\\/www.cuballama.com\\\/noticias\\\/#website\",\"url\":\"https:\\\/\\\/www.cuballama.com\\\/noticias\\\/\",\"name\":\"Cuballama Noticias\",\"description\":\"Medio digital sobre Cuba y el mundo\",\"publisher\":{\"@id\":\"https:\\\/\\\/www.cuballama.com\\\/noticias\\\/#organization\"},\"potentialAction\":[{\"@type\":\"SearchAction\",\"target\":{\"@type\":\"EntryPoint\",\"urlTemplate\":\"https:\\\/\\\/www.cuballama.com\\\/noticias\\\/?s={search_term_string}\"},\"query-input\":{\"@type\":\"PropertyValueSpecification\",\"valueRequired\":true,\"valueName\":\"search_term_string\"}}],\"inLanguage\":\"es\"},{\"@type\":\"Organization\",\"@id\":\"https:\\\/\\\/www.cuballama.com\\\/noticias\\\/#organization\",\"name\":\"Cuballama\",\"url\":\"https:\\\/\\\/www.cuballama.com\\\/noticias\\\/\",\"logo\":{\"@type\":\"ImageObject\",\"inLanguage\":\"es\",\"@id\":\"https:\\\/\\\/www.cuballama.com\\\/noticias\\\/#\\\/schema\\\/logo\\\/image\\\/\",\"url\":\"https:\\\/\\\/cdn1.mediawpaccore.net\\\/wp-content\\\/uploads\\\/2021\\\/12\\\/28171206\\\/cbll-logo-color-sm.png\",\"contentUrl\":\"https:\\\/\\\/cdn1.mediawpaccore.net\\\/wp-content\\\/uploads\\\/2021\\\/12\\\/28171206\\\/cbll-logo-color-sm.png\",\"width\":600,\"height\":133,\"caption\":\"Cuballama\"},\"image\":{\"@id\":\"https:\\\/\\\/www.cuballama.com\\\/noticias\\\/#\\\/schema\\\/logo\\\/image\\\/\"},\"sameAs\":[\"https:\\\/\\\/www.facebook.com\\\/CubaLlama\",\"https:\\\/\\\/x.com\\\/cuballama\",\"https:\\\/\\\/www.instagram.com\\\/stories\\\/cuballama_oficial\\\/\",\"https:\\\/\\\/www.youtube.com\\\/channel\\\/UCKkFE-d_axENGZcrc4as0IA\"]},{\"@type\":\"Person\",\"@id\":\"https:\\\/\\\/www.cuballama.com\\\/noticias\\\/#\\\/schema\\\/person\\\/a58502ed4146c8e9f83872e897c76cd2\",\"name\":\"Roberto A.\",\"description\":\"Roberto A. Periodista por decisi\u00f3n propia. Interesado en cualquier tema que me apasione y cada vez m\u00e1s comprometido con la verdad y la objetividad period\u00edstica. Graduado en La Habana hace ya muchos a\u00f1os, luego de una accidentada y polvorienta b\u00fasqueda de informaci\u00f3n sobre un tema in\u00e9dito. La Tesis, por cierto, desapareci\u00f3 de la biblioteca y no se conservan copias de la misma.\",\"url\":\"https:\\\/\\\/www.cuballama.com\\\/noticias\\\/author\\\/roberto\\\/\"}]}<\/script>\n<!-- \/ Yoast SEO plugin. -->","yoast_head_json":{"title":"Due\u00f1o de panader\u00eda latina confronta al excomandante de la Patrulla Fronteriza y le niega entrada a su negocio (+ video) - Cuballama Noticias","description":"Due\u00f1o de Manolo\u2019s Bakery confronta a Gregory Bovino y le niega entrada durante una inesperada visita a Charlotte, Carolina del Norte.","robots":{"index":"index","follow":"follow","max-snippet":"max-snippet:-1","max-image-preview":"max-image-preview:large","max-video-preview":"max-video-preview:-1"},"canonical":"https:\/\/www.cuballama.com\/noticias\/dueno-de-panaderia-latina-confronta-al-excomandante-de-la-patrulla-fronteriza-y-le-niega-entrada-a-su-negocio-video\/","og_locale":"es_ES","og_type":"article","og_title":"Due\u00f1o de panader\u00eda latina confronta al excomandante de la Patrulla Fronteriza y le niega entrada a su negocio (+ video) - Cuballama Noticias","og_description":"Due\u00f1o de Manolo\u2019s Bakery confronta a Gregory Bovino y le niega entrada durante una inesperada visita a Charlotte, Carolina del Norte.","og_url":"https:\/\/www.cuballama.com\/noticias\/dueno-de-panaderia-latina-confronta-al-excomandante-de-la-patrulla-fronteriza-y-le-niega-entrada-a-su-negocio-video\/","og_site_name":"Cuballama Noticias","article_publisher":"https:\/\/www.facebook.com\/CubaLlama","article_published_time":"2026-09-01T02:16:52+00:00","article_modified_time":"2026-09-01T02:16:56+00:00","og_image":[{"width":630,"height":354,"url":"https:\/\/cdn1.mediawpaccore.net\/wp-content\/uploads\/2026\/08\/26092911\/image-126.png","type":"image\/png"}],"author":"Roberto A.","twitter_card":"summary_large_image","twitter_creator":"@cuballama","twitter_site":"@cuballama","twitter_misc":{"Escrito por":"Roberto A.","Tiempo de lectura":"2 minutos"},"schema":{"@context":"https:\/\/schema.org","@graph":[{"@type":"Article","@id":"https:\/\/www.cuballama.com\/noticias\/dueno-de-panaderia-latina-confronta-al-excomandante-de-la-patrulla-fronteriza-y-le-niega-entrada-a-su-negocio-video\/#article","isPartOf":{"@id":"https:\/\/www.cuballama.com\/noticias\/dueno-de-panaderia-latina-confronta-al-excomandante-de-la-patrulla-fronteriza-y-le-niega-entrada-a-su-negocio-video\/"},"author":{"name":"Roberto A.","@id":"https:\/\/www.cuballama.com\/noticias\/#\/schema\/person\/a58502ed4146c8e9f83872e897c76cd2"},"headline":"Due\u00f1o de panader\u00eda latina confronta al excomandante de la Patrulla Fronteriza y le niega entrada a su negocio (+ video)","datePublished":"2026-09-01T02:16:52+00:00","dateModified":"2026-09-01T02:16:56+00:00","mainEntityOfPage":{"@id":"https:\/\/www.cuballama.com\/noticias\/dueno-de-panaderia-latina-confronta-al-excomandante-de-la-patrulla-fronteriza-y-le-niega-entrada-a-su-negocio-video\/"},"wordCount":389,"commentCount":0,"publisher":{"@id":"https:\/\/www.cuballama.com\/noticias\/#organization"},"image":{"@id":"https:\/\/www.cuballama.com\/noticias\/dueno-de-panaderia-latina-confronta-al-excomandante-de-la-patrulla-fronteriza-y-le-niega-entrada-a-su-negocio-video\/#primaryimage"},"thumbnailUrl":"https:\/\/cdn1.mediawpaccore.net\/wp-content\/uploads\/2026\/08\/26092911\/image-126.png","keywords":["Border Patrol","Carolina del Norte","Charlotte","comunidad latina","Gregory Bovino","ICE","inmigraci\u00f3n","Manolo Betancur","Manolo's Bakery"],"articleSection":["Noticias","USA","Viral"],"inLanguage":"es","potentialAction":[{"@type":"CommentAction","name":"Comment","target":["https:\/\/www.cuballama.com\/noticias\/dueno-de-panaderia-latina-confronta-al-excomandante-de-la-patrulla-fronteriza-y-le-niega-entrada-a-su-negocio-video\/#respond"]}]},{"@type":"WebPage","@id":"https:\/\/www.cuballama.com\/noticias\/dueno-de-panaderia-latina-confronta-al-excomandante-de-la-patrulla-fronteriza-y-le-niega-entrada-a-su-negocio-video\/","url":"https:\/\/www.cuballama.com\/noticias\/dueno-de-panaderia-latina-confronta-al-excomandante-de-la-patrulla-fronteriza-y-le-niega-entrada-a-su-negocio-video\/","name":"Due\u00f1o de panader\u00eda latina confronta al excomandante de la Patrulla Fronteriza y le niega entrada a su negocio (+ video) - Cuballama Noticias","isPartOf":{"@id":"https:\/\/www.cuballama.com\/noticias\/#website"},"primaryImageOfPage":{"@id":"https:\/\/www.cuballama.com\/noticias\/dueno-de-panaderia-latina-confronta-al-excomandante-de-la-patrulla-fronteriza-y-le-niega-entrada-a-su-negocio-video\/#primaryimage"},"image":{"@id":"https:\/\/www.cuballama.com\/noticias\/dueno-de-panaderia-latina-confronta-al-excomandante-de-la-patrulla-fronteriza-y-le-niega-entrada-a-su-negocio-video\/#primaryimage"},"thumbnailUrl":"https:\/\/cdn1.mediawpaccore.net\/wp-content\/uploads\/2026\/08\/26092911\/image-126.png","datePublished":"2026-09-01T02:16:52+00:00","dateModified":"2026-09-01T02:16:56+00:00","description":"Due\u00f1o de Manolo\u2019s Bakery confronta a Gregory Bovino y le niega entrada durante una inesperada visita a Charlotte, Carolina del Norte.","breadcrumb":{"@id":"https:\/\/www.cuballama.com\/noticias\/dueno-de-panaderia-latina-confronta-al-excomandante-de-la-patrulla-fronteriza-y-le-niega-entrada-a-su-negocio-video\/#breadcrumb"},"inLanguage":"es","potentialAction":[{"@type":"ReadAction","target":["https:\/\/www.cuballama.com\/noticias\/dueno-de-panaderia-latina-confronta-al-excomandante-de-la-patrulla-fronteriza-y-le-niega-entrada-a-su-negocio-video\/"]}]},{"@type":"ImageObject","inLanguage":"es","@id":"https:\/\/www.cuballama.com\/noticias\/dueno-de-panaderia-latina-confronta-al-excomandante-de-la-patrulla-fronteriza-y-le-niega-entrada-a-su-negocio-video\/#primaryimage","url":"https:\/\/cdn1.mediawpaccore.net\/wp-content\/uploads\/2026\/08\/26092911\/image-126.png","contentUrl":"https:\/\/cdn1.mediawpaccore.net\/wp-content\/uploads\/2026\/08\/26092911\/image-126.png","width":630,"height":354,"caption":"Bovino lleg\u00f3 sin previo aviso con un camar\u00f3grafo a Manolo's Bakery en el este de Charlotte el domingo. Fotos: Cortes\u00eda de Manolo's Bakery (video)"},{"@type":"BreadcrumbList","@id":"https:\/\/www.cuballama.com\/noticias\/dueno-de-panaderia-latina-confronta-al-excomandante-de-la-patrulla-fronteriza-y-le-niega-entrada-a-su-negocio-video\/#breadcrumb","itemListElement":[{"@type":"ListItem","position":1,"name":"Home","item":"https:\/\/www.cuballama.com\/noticias\/"},{"@type":"ListItem","position":2,"name":"Due\u00f1o de panader\u00eda latina confronta al excomandante de la Patrulla Fronteriza y le niega entrada a su negocio (+ video)"}]},{"@type":"WebSite","@id":"https:\/\/www.cuballama.com\/noticias\/#website","url":"https:\/\/www.cuballama.com\/noticias\/","name":"Cuballama Noticias","description":"Medio digital sobre Cuba y el mundo","publisher":{"@id":"https:\/\/www.cuballama.com\/noticias\/#organization"},"potentialAction":[{"@type":"SearchAction","target":{"@type":"EntryPoint","urlTemplate":"https:\/\/www.cuballama.com\/noticias\/?s={search_term_string}"},"query-input":{"@type":"PropertyValueSpecification","valueRequired":true,"valueName":"search_term_string"}}],"inLanguage":"es"},{"@type":"Organization","@id":"https:\/\/www.cuballama.com\/noticias\/#organization","name":"Cuballama","url":"https:\/\/www.cuballama.com\/noticias\/","logo":{"@type":"ImageObject","inLanguage":"es","@id":"https:\/\/www.cuballama.com\/noticias\/#\/schema\/logo\/image\/","url":"https:\/\/cdn1.mediawpaccore.net\/wp-content\/uploads\/2021\/12\/28171206\/cbll-logo-color-sm.png","contentUrl":"https:\/\/cdn1.mediawpaccore.net\/wp-content\/uploads\/2021\/12\/28171206\/cbll-logo-color-sm.png","width":600,"height":133,"caption":"Cuballama"},"image":{"@id":"https:\/\/www.cuballama.com\/noticias\/#\/schema\/logo\/image\/"},"sameAs":["https:\/\/www.facebook.com\/CubaLlama","https:\/\/x.com\/cuballama","https:\/\/www.instagram.com\/stories\/cuballama_oficial\/","https:\/\/www.youtube.com\/channel\/UCKkFE-d_axENGZcrc4as0IA"]},{"@type":"Person","@id":"https:\/\/www.cuballama.com\/noticias\/#\/schema\/person\/a58502ed4146c8e9f83872e897c76cd2","name":"Roberto A.","description":"Roberto A. Periodista por decisi\u00f3n propia. Interesado en cualquier tema que me apasione y cada vez m\u00e1s comprometido con la verdad y la objetividad period\u00edstica. Graduado en La Habana hace ya muchos a\u00f1os, luego de una accidentada y polvorienta b\u00fasqueda de informaci\u00f3n sobre un tema in\u00e9dito. La Tesis, por cierto, desapareci\u00f3 de la biblioteca y no se conservan copias de la misma.","url":"https:\/\/www.cuballama.com\/noticias\/author\/roberto\/"}]}},"_links":{"self":[{"href":"https:\/\/www.cuballama.com\/noticias\/wp-json\/wp\/v2\/posts\/254994","targetHints":{"allow":["GET"]}}],"collection":[{"href":"https:\/\/www.cuballama.com\/noticias\/wp-json\/wp\/v2\/posts"}],"about":[{"href":"https:\/\/www.cuballama.com\/noticias\/wp-json\/wp\/v2\/types\/post"}],"author":[{"embeddable":true,"href":"https:\/\/www.cuballama.com\/noticias\/wp-json\/wp\/v2\/users\/13"}],"replies":[{"embeddable":true,"href":"https:\/\/www.cuballama.com\/noticias\/wp-json\/wp\/v2\/comments?post=254994"}],"version-history":[{"count":3,"href":"https:\/\/www.cuballama.com\/noticias\/wp-json\/wp\/v2\/posts\/254994\/revisions"}],"predecessor-version":[{"id":255017,"href":"https:\/\/www.cuballama.com\/noticias\/wp-json\/wp\/v2\/posts\/254994\/revisions\/255017"}],"wp:featuredmedia":[{"embeddable":true,"href":"https:\/\/www.cuballama.com\/noticias\/wp-json\/wp\/v2\/media\/255007"}],"wp:attachment":[{"href":"https:\/\/www.cuballama.com\/noticias\/wp-json\/wp\/v2\/media?parent=254994"}],"wp:term":[{"taxonomy":"category","embeddable":true,"href":"https:\/\/www.cuballama.com\/noticias\/wp-json\/wp\/v2\/categories?post=254994"},{"taxonomy":"post_tag","embeddable":true,"href":"https:\/\/www.cuballama.com\/noticias\/wp-json\/wp\/v2\/tags?post=254994"}],"curies":[{"name":"wp","href":"https:\/\/api.w.org\/{rel}","templated":true}]}}