{"id":254757,"date":"2026-08-31T15:33:57","date_gmt":"2026-08-31T19:33:57","guid":{"rendered":"https:\/\/www.cuballama.com\/noticias\/?p=254757"},"modified":"2026-08-31T15:34:03","modified_gmt":"2026-08-31T19:34:03","slug":"un-oso-aparece-en-pleno-denver-sube-a-un-arbol-y-termina-atorado-para-bajarlo-debieron-sedarlo-primero","status":"publish","type":"post","link":"https:\/\/www.cuballama.com\/noticias\/un-oso-aparece-en-pleno-denver-sube-a-un-arbol-y-termina-atorado-para-bajarlo-debieron-sedarlo-primero\/","title":{"rendered":"Un oso aparece en pleno Denver, sube a un \u00e1rbol y termina atorado. Para bajarlo, debieron sedarlo primero"},"content":{"rendered":"\n<p class=\"wp-block-paragraph\">Un joven oso negro de aproximadamente 100 libras protagoniz\u00f3 una inusual operaci\u00f3n de rescate en un vecindario de Denver despu\u00e9s de subir a un \u00e1rbol, ser tranquilizado por agentes de vida silvestre y caer entre las ramas antes de ser trasladado a un h\u00e1bitat m\u00e1s apropiado.<\/p>\n\n\n\n<p class=\"wp-block-paragraph\">Colorado Parks and Wildlife respondi\u00f3 el domingo a un aviso cerca de Louisiana Avenue y Pennsylvania Street, una zona urbana donde la presencia de un oso llam\u00f3 r\u00e1pidamente la atenci\u00f3n de vecinos y curiosos. <\/p>\n\n\n\n<p class=\"wp-block-paragraph\">Los especialistas decidieron sedar al animal para retirarlo de forma segura. Tras recibir el tranquilizante, el oso perdi\u00f3 el equilibrio y cay\u00f3 desde el \u00e1rbol. Los agentes hab\u00edan preparado el \u00e1rea para amortiguar el descenso y confirmaron posteriormente que, pese a lo aparatoso de la ca\u00edda, el animal no sufri\u00f3 lesiones graves.<\/p>\n\n\n\n<p class=\"wp-block-paragraph\">El video distribuido por NBC News identific\u00f3 al ejemplar como un oso de unas 100 libras y mostr\u00f3 parte del operativo.<\/p>\n\n\n\n<p class=\"wp-block-paragraph\">Noticias Telemundo difundi\u00f3 igualmente im\u00e1genes del rescate y se\u00f1al\u00f3 que los residentes hab\u00edan alertado a las autoridades al encontrar al animal atrapado en el \u00e1rbol. Despu\u00e9s de sedarlo, los agentes lo colocaron sobre una lona, lo trasladaron hasta un veh\u00edculo y posteriormente lo llevaron a una zona boscosa.<\/p>\n\n\n\n<p class=\"wp-block-paragraph\">El incidente no ocurre de manera aislada. Colorado ha registrado este a\u00f1o una actividad de osos particularmente elevada, mientras la sequ\u00eda, los incendios forestales y la falta de nieve en determinadas zonas han reducido algunas fuentes naturales de alimento y empujado a los animales a desplazarse m\u00e1s lejos.<\/p>\n\n\n\n<p class=\"wp-block-paragraph\">D\u00edas antes, una osa y su cr\u00eda hab\u00edan sido observadas en Harvey Park, tambi\u00e9n dentro de Denver. Colorado Parks and Wildlife termin\u00f3 tranquilizando y reubicando a ambos animales despu\u00e9s de que permanecieran varios d\u00edas en zonas habitadas sin regresar por s\u00ed solos hacia \u00e1reas naturales.<\/p>\n\n\n\n<p class=\"wp-block-paragraph\">Los especialistas recuerdan que los osos negros son oportunistas y pueden recorrer distancias considerables siguiendo olores de alimentos, basura, comida para mascotas o \u00e1rboles frutales. Una vez que encuentran una fuente sencilla de comida en una zona residencial pueden regresar repetidamente.<\/p>\n\n\n\n<p class=\"wp-block-paragraph\">Las autoridades de Colorado recomiendan mantener los contenedores de basura cerrados, no dejar comida para animales en exteriores y evitar acercarse a un oso, incluso cuando parezca tranquilo. Las personas tampoco deben intentar obligarlo a bajar de \u00e1rboles o bloquearle una posible ruta de escape.<\/p>\n\n\n\n<p class=\"wp-block-paragraph\">En el caso del ejemplar rescatado este domingo, la intervenci\u00f3n termin\u00f3 sin heridos entre los residentes, los agentes ni el propio animal.<\/p>\n\n\n\n<p class=\"wp-block-paragraph\">Su inesperada aparici\u00f3n en una zona densamente urbanizada de Denver se convirti\u00f3 en una escena llamativa para los vecinos, pero para los especialistas fue tambi\u00e9n otro ejemplo de la creciente interacci\u00f3n entre fauna silvestre y \u00e1reas residenciales durante un a\u00f1o especialmente dif\u00edcil para los osos de Colorado.<\/p>\n\n\n\n<figure class=\"wp-block-embed is-type-video is-provider-youtube wp-block-embed-youtube wp-embed-aspect-16-9 wp-has-aspect-ratio\"><div class=\"wp-block-embed__wrapper\">\n<div class=\"youtube-embed\" data-video_id=\"3BG2X1-ys2k\"><iframe loading=\"lazy\" title=\"As\u00ed rescataron a un oso que se qued\u00f3 atorado en un \u00e1rbol en Colorado | Noticias Telemundo\" width=\"696\" height=\"392\" src=\"https:\/\/www.youtube.com\/embed\/3BG2X1-ys2k?feature=oembed&#038;enablejsapi=1\" frameborder=\"0\" allow=\"accelerometer; autoplay; clipboard-write; encrypted-media; gyroscope; picture-in-picture; web-share\" referrerpolicy=\"strict-origin-when-cross-origin\" allowfullscreen><\/iframe><\/div>\n<\/div><\/figure>\n\n\n\n<p class=\"wp-block-paragraph\"><strong>Fuentes:<\/strong><br><a href=\"https:\/\/www.cbsnews.com\/colorado\/news\/bear-denver-neighborhood-platt-park\/?utm_source=chatgpt.com\" target=\"_blank\" rel=\"noreferrer noopener nofollow\">CBS Colorado: operativo para retirar al oso<\/a><br><a href=\"https:\/\/www.axios.com\/local\/denver\/2026\/08\/19\/bears-denver-neighborhood-harvey-park?utm_source=chatgpt.com\" target=\"_blank\" rel=\"noreferrer noopener nofollow\">Axios Denver: aumento de avistamientos de osos<\/a><br><a href=\"https:\/\/denverite.com\/2026\/08\/18\/denver-bear-sightings-harvey-park\/?utm_source=chatgpt.com\" target=\"_blank\" rel=\"noreferrer noopener nofollow\">Denverite: osos en zonas residenciales de Denver<\/a><\/p>\n\n\n\n<p class=\"wp-block-paragraph\"><\/p>\n\n\n\n<p class=\"wp-block-paragraph\"><\/p>\n\n\n\n<p class=\"wp-block-paragraph\"><\/p>\n\n\n\n<p class=\"wp-block-paragraph\"><\/p>\n","protected":false},"excerpt":{"rendered":"<p>Un oso negro de aproximadamente 100 libras fue tranquilizado y retirado de un \u00e1rbol en pleno Denver antes de ser trasladado nuevamente a un h\u00e1bitat adecuado. Las autoridades vinculan el aumento de avistamientos urbanos en Colorado con las condiciones de sequ\u00eda y la b\u00fasqueda de alimento.<\/p>\n","protected":false},"author":13,"featured_media":254883,"comment_status":"open","ping_status":"closed","sticky":false,"template":"","format":"standard","meta":{"_acf_changed":false,"footnotes":""},"categories":[18,953],"tags":[470,734,37559,2236,602,3733,10635,448,37560,947],"class_list":["post-254757","post","type-post","status-publish","format-standard","has-post-thumbnail","category-noticias","category-usa","tag-animales","tag-colorado","tag-colorado-parks-and-wildlife","tag-denver","tag-estados-unidos","tag-naturaleza","tag-oso","tag-rescate","tag-vida-silvestre","tag-viral"],"acf":[],"yoast_head":"<!-- This site is optimized with the Yoast SEO plugin v28.3 - https:\/\/yoast.com\/product\/yoast-seo-wordpress\/ -->\n<title>Un oso aparece en pleno Denver, sube a un \u00e1rbol y termina atorado. Para bajarlo, debieron sedarlo primero - Cuballama Noticias<\/title>\n<meta name=\"description\" content=\"Un joven oso negro de aproximadamente 100 libras protagoniz\u00f3 una inusual operaci\u00f3n de rescate en un vecindario de Denver.\" \/>\n<meta name=\"robots\" content=\"index, follow, max-snippet:-1, max-image-preview:large, max-video-preview:-1\" \/>\n<link rel=\"canonical\" href=\"https:\/\/www.cuballama.com\/noticias\/un-oso-aparece-en-pleno-denver-sube-a-un-arbol-y-termina-atorado-para-bajarlo-debieron-sedarlo-primero\/\" \/>\n<meta property=\"og:locale\" content=\"es_ES\" \/>\n<meta property=\"og:type\" content=\"article\" \/>\n<meta property=\"og:title\" content=\"Un oso aparece en pleno Denver, sube a un \u00e1rbol y termina atorado. Para bajarlo, debieron sedarlo primero - Cuballama Noticias\" \/>\n<meta property=\"og:description\" content=\"Un joven oso negro de aproximadamente 100 libras protagoniz\u00f3 una inusual operaci\u00f3n de rescate en un vecindario de Denver.\" \/>\n<meta property=\"og:url\" content=\"https:\/\/www.cuballama.com\/noticias\/un-oso-aparece-en-pleno-denver-sube-a-un-arbol-y-termina-atorado-para-bajarlo-debieron-sedarlo-primero\/\" \/>\n<meta property=\"og:site_name\" content=\"Cuballama Noticias\" \/>\n<meta property=\"article:publisher\" content=\"https:\/\/www.facebook.com\/CubaLlama\" \/>\n<meta property=\"article:published_time\" content=\"2026-08-31T19:33:57+00:00\" \/>\n<meta property=\"article:modified_time\" content=\"2026-08-31T19:34:03+00:00\" \/>\n<meta property=\"og:image\" content=\"https:\/\/cdn1.mediawpaccore.net\/wp-content\/uploads\/2026\/08\/25082142\/image-115.png\" \/>\n\t<meta property=\"og:image:width\" content=\"672\" \/>\n\t<meta property=\"og:image:height\" content=\"380\" \/>\n\t<meta property=\"og:image:type\" content=\"image\/png\" \/>\n<meta name=\"author\" content=\"Roberto A.\" \/>\n<meta name=\"twitter:card\" content=\"summary_large_image\" \/>\n<meta name=\"twitter:creator\" content=\"@cuballama\" \/>\n<meta name=\"twitter:site\" content=\"@cuballama\" \/>\n<meta name=\"twitter:label1\" content=\"Escrito por\" \/>\n\t<meta name=\"twitter:data1\" content=\"Roberto A.\" \/>\n\t<meta name=\"twitter:label2\" content=\"Tiempo de lectura\" \/>\n\t<meta name=\"twitter:data2\" content=\"3 minutos\" \/>\n<script type=\"application\/ld+json\" class=\"yoast-schema-graph\">{\"@context\":\"https:\\\/\\\/schema.org\",\"@graph\":[{\"@type\":\"Article\",\"@id\":\"https:\\\/\\\/www.cuballama.com\\\/noticias\\\/un-oso-aparece-en-pleno-denver-sube-a-un-arbol-y-termina-atorado-para-bajarlo-debieron-sedarlo-primero\\\/#article\",\"isPartOf\":{\"@id\":\"https:\\\/\\\/www.cuballama.com\\\/noticias\\\/un-oso-aparece-en-pleno-denver-sube-a-un-arbol-y-termina-atorado-para-bajarlo-debieron-sedarlo-primero\\\/\"},\"author\":{\"name\":\"Roberto A.\",\"@id\":\"https:\\\/\\\/www.cuballama.com\\\/noticias\\\/#\\\/schema\\\/person\\\/a58502ed4146c8e9f83872e897c76cd2\"},\"headline\":\"Un oso aparece en pleno Denver, sube a un \u00e1rbol y termina atorado. Para bajarlo, debieron sedarlo primero\",\"datePublished\":\"2026-08-31T19:33:57+00:00\",\"dateModified\":\"2026-08-31T19:34:03+00:00\",\"mainEntityOfPage\":{\"@id\":\"https:\\\/\\\/www.cuballama.com\\\/noticias\\\/un-oso-aparece-en-pleno-denver-sube-a-un-arbol-y-termina-atorado-para-bajarlo-debieron-sedarlo-primero\\\/\"},\"wordCount\":525,\"commentCount\":0,\"publisher\":{\"@id\":\"https:\\\/\\\/www.cuballama.com\\\/noticias\\\/#organization\"},\"image\":{\"@id\":\"https:\\\/\\\/www.cuballama.com\\\/noticias\\\/un-oso-aparece-en-pleno-denver-sube-a-un-arbol-y-termina-atorado-para-bajarlo-debieron-sedarlo-primero\\\/#primaryimage\"},\"thumbnailUrl\":\"https:\\\/\\\/cdn1.mediawpaccore.net\\\/wp-content\\\/uploads\\\/2026\\\/08\\\/25082142\\\/image-115.png\",\"keywords\":[\"Animales\",\"Colorado\",\"Colorado Parks and Wildlife\",\"Denver\",\"Estados Unidos\",\"Naturaleza\",\"oso\",\"Rescate\",\"vida silvestre\",\"viral\"],\"articleSection\":[\"Noticias\",\"USA\"],\"inLanguage\":\"es\",\"potentialAction\":[{\"@type\":\"CommentAction\",\"name\":\"Comment\",\"target\":[\"https:\\\/\\\/www.cuballama.com\\\/noticias\\\/un-oso-aparece-en-pleno-denver-sube-a-un-arbol-y-termina-atorado-para-bajarlo-debieron-sedarlo-primero\\\/#respond\"]}]},{\"@type\":\"WebPage\",\"@id\":\"https:\\\/\\\/www.cuballama.com\\\/noticias\\\/un-oso-aparece-en-pleno-denver-sube-a-un-arbol-y-termina-atorado-para-bajarlo-debieron-sedarlo-primero\\\/\",\"url\":\"https:\\\/\\\/www.cuballama.com\\\/noticias\\\/un-oso-aparece-en-pleno-denver-sube-a-un-arbol-y-termina-atorado-para-bajarlo-debieron-sedarlo-primero\\\/\",\"name\":\"Un oso aparece en pleno Denver, sube a un \u00e1rbol y termina atorado. Para bajarlo, debieron sedarlo primero - Cuballama Noticias\",\"isPartOf\":{\"@id\":\"https:\\\/\\\/www.cuballama.com\\\/noticias\\\/#website\"},\"primaryImageOfPage\":{\"@id\":\"https:\\\/\\\/www.cuballama.com\\\/noticias\\\/un-oso-aparece-en-pleno-denver-sube-a-un-arbol-y-termina-atorado-para-bajarlo-debieron-sedarlo-primero\\\/#primaryimage\"},\"image\":{\"@id\":\"https:\\\/\\\/www.cuballama.com\\\/noticias\\\/un-oso-aparece-en-pleno-denver-sube-a-un-arbol-y-termina-atorado-para-bajarlo-debieron-sedarlo-primero\\\/#primaryimage\"},\"thumbnailUrl\":\"https:\\\/\\\/cdn1.mediawpaccore.net\\\/wp-content\\\/uploads\\\/2026\\\/08\\\/25082142\\\/image-115.png\",\"datePublished\":\"2026-08-31T19:33:57+00:00\",\"dateModified\":\"2026-08-31T19:34:03+00:00\",\"description\":\"Un joven oso negro de aproximadamente 100 libras protagoniz\u00f3 una inusual operaci\u00f3n de rescate en un vecindario de Denver.\",\"breadcrumb\":{\"@id\":\"https:\\\/\\\/www.cuballama.com\\\/noticias\\\/un-oso-aparece-en-pleno-denver-sube-a-un-arbol-y-termina-atorado-para-bajarlo-debieron-sedarlo-primero\\\/#breadcrumb\"},\"inLanguage\":\"es\",\"potentialAction\":[{\"@type\":\"ReadAction\",\"target\":[\"https:\\\/\\\/www.cuballama.com\\\/noticias\\\/un-oso-aparece-en-pleno-denver-sube-a-un-arbol-y-termina-atorado-para-bajarlo-debieron-sedarlo-primero\\\/\"]}]},{\"@type\":\"ImageObject\",\"inLanguage\":\"es\",\"@id\":\"https:\\\/\\\/www.cuballama.com\\\/noticias\\\/un-oso-aparece-en-pleno-denver-sube-a-un-arbol-y-termina-atorado-para-bajarlo-debieron-sedarlo-primero\\\/#primaryimage\",\"url\":\"https:\\\/\\\/cdn1.mediawpaccore.net\\\/wp-content\\\/uploads\\\/2026\\\/08\\\/25082142\\\/image-115.png\",\"contentUrl\":\"https:\\\/\\\/cdn1.mediawpaccore.net\\\/wp-content\\\/uploads\\\/2026\\\/08\\\/25082142\\\/image-115.png\",\"width\":672,\"height\":380,\"caption\":\"Foto Generada por la IA\"},{\"@type\":\"BreadcrumbList\",\"@id\":\"https:\\\/\\\/www.cuballama.com\\\/noticias\\\/un-oso-aparece-en-pleno-denver-sube-a-un-arbol-y-termina-atorado-para-bajarlo-debieron-sedarlo-primero\\\/#breadcrumb\",\"itemListElement\":[{\"@type\":\"ListItem\",\"position\":1,\"name\":\"Home\",\"item\":\"https:\\\/\\\/www.cuballama.com\\\/noticias\\\/\"},{\"@type\":\"ListItem\",\"position\":2,\"name\":\"Un oso aparece en pleno Denver, sube a un \u00e1rbol y termina atorado. Para bajarlo, debieron sedarlo primero\"}]},{\"@type\":\"WebSite\",\"@id\":\"https:\\\/\\\/www.cuballama.com\\\/noticias\\\/#website\",\"url\":\"https:\\\/\\\/www.cuballama.com\\\/noticias\\\/\",\"name\":\"Cuballama Noticias\",\"description\":\"Medio digital sobre Cuba y el mundo\",\"publisher\":{\"@id\":\"https:\\\/\\\/www.cuballama.com\\\/noticias\\\/#organization\"},\"potentialAction\":[{\"@type\":\"SearchAction\",\"target\":{\"@type\":\"EntryPoint\",\"urlTemplate\":\"https:\\\/\\\/www.cuballama.com\\\/noticias\\\/?s={search_term_string}\"},\"query-input\":{\"@type\":\"PropertyValueSpecification\",\"valueRequired\":true,\"valueName\":\"search_term_string\"}}],\"inLanguage\":\"es\"},{\"@type\":\"Organization\",\"@id\":\"https:\\\/\\\/www.cuballama.com\\\/noticias\\\/#organization\",\"name\":\"Cuballama\",\"url\":\"https:\\\/\\\/www.cuballama.com\\\/noticias\\\/\",\"logo\":{\"@type\":\"ImageObject\",\"inLanguage\":\"es\",\"@id\":\"https:\\\/\\\/www.cuballama.com\\\/noticias\\\/#\\\/schema\\\/logo\\\/image\\\/\",\"url\":\"https:\\\/\\\/cdn1.mediawpaccore.net\\\/wp-content\\\/uploads\\\/2021\\\/12\\\/28171206\\\/cbll-logo-color-sm.png\",\"contentUrl\":\"https:\\\/\\\/cdn1.mediawpaccore.net\\\/wp-content\\\/uploads\\\/2021\\\/12\\\/28171206\\\/cbll-logo-color-sm.png\",\"width\":600,\"height\":133,\"caption\":\"Cuballama\"},\"image\":{\"@id\":\"https:\\\/\\\/www.cuballama.com\\\/noticias\\\/#\\\/schema\\\/logo\\\/image\\\/\"},\"sameAs\":[\"https:\\\/\\\/www.facebook.com\\\/CubaLlama\",\"https:\\\/\\\/x.com\\\/cuballama\",\"https:\\\/\\\/www.instagram.com\\\/stories\\\/cuballama_oficial\\\/\",\"https:\\\/\\\/www.youtube.com\\\/channel\\\/UCKkFE-d_axENGZcrc4as0IA\"]},{\"@type\":\"Person\",\"@id\":\"https:\\\/\\\/www.cuballama.com\\\/noticias\\\/#\\\/schema\\\/person\\\/a58502ed4146c8e9f83872e897c76cd2\",\"name\":\"Roberto A.\",\"description\":\"Roberto A. Periodista por decisi\u00f3n propia. Interesado en cualquier tema que me apasione y cada vez m\u00e1s comprometido con la verdad y la objetividad period\u00edstica. Graduado en La Habana hace ya muchos a\u00f1os, luego de una accidentada y polvorienta b\u00fasqueda de informaci\u00f3n sobre un tema in\u00e9dito. La Tesis, por cierto, desapareci\u00f3 de la biblioteca y no se conservan copias de la misma.\",\"url\":\"https:\\\/\\\/www.cuballama.com\\\/noticias\\\/author\\\/roberto\\\/\"}]}<\/script>\n<!-- \/ Yoast SEO plugin. -->","yoast_head_json":{"title":"Un oso aparece en pleno Denver, sube a un \u00e1rbol y termina atorado. Para bajarlo, debieron sedarlo primero - Cuballama Noticias","description":"Un joven oso negro de aproximadamente 100 libras protagoniz\u00f3 una inusual operaci\u00f3n de rescate en un vecindario de Denver.","robots":{"index":"index","follow":"follow","max-snippet":"max-snippet:-1","max-image-preview":"max-image-preview:large","max-video-preview":"max-video-preview:-1"},"canonical":"https:\/\/www.cuballama.com\/noticias\/un-oso-aparece-en-pleno-denver-sube-a-un-arbol-y-termina-atorado-para-bajarlo-debieron-sedarlo-primero\/","og_locale":"es_ES","og_type":"article","og_title":"Un oso aparece en pleno Denver, sube a un \u00e1rbol y termina atorado. Para bajarlo, debieron sedarlo primero - Cuballama Noticias","og_description":"Un joven oso negro de aproximadamente 100 libras protagoniz\u00f3 una inusual operaci\u00f3n de rescate en un vecindario de Denver.","og_url":"https:\/\/www.cuballama.com\/noticias\/un-oso-aparece-en-pleno-denver-sube-a-un-arbol-y-termina-atorado-para-bajarlo-debieron-sedarlo-primero\/","og_site_name":"Cuballama Noticias","article_publisher":"https:\/\/www.facebook.com\/CubaLlama","article_published_time":"2026-08-31T19:33:57+00:00","article_modified_time":"2026-08-31T19:34:03+00:00","og_image":[{"width":672,"height":380,"url":"https:\/\/cdn1.mediawpaccore.net\/wp-content\/uploads\/2026\/08\/25082142\/image-115.png","type":"image\/png"}],"author":"Roberto A.","twitter_card":"summary_large_image","twitter_creator":"@cuballama","twitter_site":"@cuballama","twitter_misc":{"Escrito por":"Roberto A.","Tiempo de lectura":"3 minutos"},"schema":{"@context":"https:\/\/schema.org","@graph":[{"@type":"Article","@id":"https:\/\/www.cuballama.com\/noticias\/un-oso-aparece-en-pleno-denver-sube-a-un-arbol-y-termina-atorado-para-bajarlo-debieron-sedarlo-primero\/#article","isPartOf":{"@id":"https:\/\/www.cuballama.com\/noticias\/un-oso-aparece-en-pleno-denver-sube-a-un-arbol-y-termina-atorado-para-bajarlo-debieron-sedarlo-primero\/"},"author":{"name":"Roberto A.","@id":"https:\/\/www.cuballama.com\/noticias\/#\/schema\/person\/a58502ed4146c8e9f83872e897c76cd2"},"headline":"Un oso aparece en pleno Denver, sube a un \u00e1rbol y termina atorado. Para bajarlo, debieron sedarlo primero","datePublished":"2026-08-31T19:33:57+00:00","dateModified":"2026-08-31T19:34:03+00:00","mainEntityOfPage":{"@id":"https:\/\/www.cuballama.com\/noticias\/un-oso-aparece-en-pleno-denver-sube-a-un-arbol-y-termina-atorado-para-bajarlo-debieron-sedarlo-primero\/"},"wordCount":525,"commentCount":0,"publisher":{"@id":"https:\/\/www.cuballama.com\/noticias\/#organization"},"image":{"@id":"https:\/\/www.cuballama.com\/noticias\/un-oso-aparece-en-pleno-denver-sube-a-un-arbol-y-termina-atorado-para-bajarlo-debieron-sedarlo-primero\/#primaryimage"},"thumbnailUrl":"https:\/\/cdn1.mediawpaccore.net\/wp-content\/uploads\/2026\/08\/25082142\/image-115.png","keywords":["Animales","Colorado","Colorado Parks and Wildlife","Denver","Estados Unidos","Naturaleza","oso","Rescate","vida silvestre","viral"],"articleSection":["Noticias","USA"],"inLanguage":"es","potentialAction":[{"@type":"CommentAction","name":"Comment","target":["https:\/\/www.cuballama.com\/noticias\/un-oso-aparece-en-pleno-denver-sube-a-un-arbol-y-termina-atorado-para-bajarlo-debieron-sedarlo-primero\/#respond"]}]},{"@type":"WebPage","@id":"https:\/\/www.cuballama.com\/noticias\/un-oso-aparece-en-pleno-denver-sube-a-un-arbol-y-termina-atorado-para-bajarlo-debieron-sedarlo-primero\/","url":"https:\/\/www.cuballama.com\/noticias\/un-oso-aparece-en-pleno-denver-sube-a-un-arbol-y-termina-atorado-para-bajarlo-debieron-sedarlo-primero\/","name":"Un oso aparece en pleno Denver, sube a un \u00e1rbol y termina atorado. Para bajarlo, debieron sedarlo primero - Cuballama Noticias","isPartOf":{"@id":"https:\/\/www.cuballama.com\/noticias\/#website"},"primaryImageOfPage":{"@id":"https:\/\/www.cuballama.com\/noticias\/un-oso-aparece-en-pleno-denver-sube-a-un-arbol-y-termina-atorado-para-bajarlo-debieron-sedarlo-primero\/#primaryimage"},"image":{"@id":"https:\/\/www.cuballama.com\/noticias\/un-oso-aparece-en-pleno-denver-sube-a-un-arbol-y-termina-atorado-para-bajarlo-debieron-sedarlo-primero\/#primaryimage"},"thumbnailUrl":"https:\/\/cdn1.mediawpaccore.net\/wp-content\/uploads\/2026\/08\/25082142\/image-115.png","datePublished":"2026-08-31T19:33:57+00:00","dateModified":"2026-08-31T19:34:03+00:00","description":"Un joven oso negro de aproximadamente 100 libras protagoniz\u00f3 una inusual operaci\u00f3n de rescate en un vecindario de Denver.","breadcrumb":{"@id":"https:\/\/www.cuballama.com\/noticias\/un-oso-aparece-en-pleno-denver-sube-a-un-arbol-y-termina-atorado-para-bajarlo-debieron-sedarlo-primero\/#breadcrumb"},"inLanguage":"es","potentialAction":[{"@type":"ReadAction","target":["https:\/\/www.cuballama.com\/noticias\/un-oso-aparece-en-pleno-denver-sube-a-un-arbol-y-termina-atorado-para-bajarlo-debieron-sedarlo-primero\/"]}]},{"@type":"ImageObject","inLanguage":"es","@id":"https:\/\/www.cuballama.com\/noticias\/un-oso-aparece-en-pleno-denver-sube-a-un-arbol-y-termina-atorado-para-bajarlo-debieron-sedarlo-primero\/#primaryimage","url":"https:\/\/cdn1.mediawpaccore.net\/wp-content\/uploads\/2026\/08\/25082142\/image-115.png","contentUrl":"https:\/\/cdn1.mediawpaccore.net\/wp-content\/uploads\/2026\/08\/25082142\/image-115.png","width":672,"height":380,"caption":"Foto Generada por la IA"},{"@type":"BreadcrumbList","@id":"https:\/\/www.cuballama.com\/noticias\/un-oso-aparece-en-pleno-denver-sube-a-un-arbol-y-termina-atorado-para-bajarlo-debieron-sedarlo-primero\/#breadcrumb","itemListElement":[{"@type":"ListItem","position":1,"name":"Home","item":"https:\/\/www.cuballama.com\/noticias\/"},{"@type":"ListItem","position":2,"name":"Un oso aparece en pleno Denver, sube a un \u00e1rbol y termina atorado. Para bajarlo, debieron sedarlo primero"}]},{"@type":"WebSite","@id":"https:\/\/www.cuballama.com\/noticias\/#website","url":"https:\/\/www.cuballama.com\/noticias\/","name":"Cuballama Noticias","description":"Medio digital sobre Cuba y el mundo","publisher":{"@id":"https:\/\/www.cuballama.com\/noticias\/#organization"},"potentialAction":[{"@type":"SearchAction","target":{"@type":"EntryPoint","urlTemplate":"https:\/\/www.cuballama.com\/noticias\/?s={search_term_string}"},"query-input":{"@type":"PropertyValueSpecification","valueRequired":true,"valueName":"search_term_string"}}],"inLanguage":"es"},{"@type":"Organization","@id":"https:\/\/www.cuballama.com\/noticias\/#organization","name":"Cuballama","url":"https:\/\/www.cuballama.com\/noticias\/","logo":{"@type":"ImageObject","inLanguage":"es","@id":"https:\/\/www.cuballama.com\/noticias\/#\/schema\/logo\/image\/","url":"https:\/\/cdn1.mediawpaccore.net\/wp-content\/uploads\/2021\/12\/28171206\/cbll-logo-color-sm.png","contentUrl":"https:\/\/cdn1.mediawpaccore.net\/wp-content\/uploads\/2021\/12\/28171206\/cbll-logo-color-sm.png","width":600,"height":133,"caption":"Cuballama"},"image":{"@id":"https:\/\/www.cuballama.com\/noticias\/#\/schema\/logo\/image\/"},"sameAs":["https:\/\/www.facebook.com\/CubaLlama","https:\/\/x.com\/cuballama","https:\/\/www.instagram.com\/stories\/cuballama_oficial\/","https:\/\/www.youtube.com\/channel\/UCKkFE-d_axENGZcrc4as0IA"]},{"@type":"Person","@id":"https:\/\/www.cuballama.com\/noticias\/#\/schema\/person\/a58502ed4146c8e9f83872e897c76cd2","name":"Roberto A.","description":"Roberto A. Periodista por decisi\u00f3n propia. Interesado en cualquier tema que me apasione y cada vez m\u00e1s comprometido con la verdad y la objetividad period\u00edstica. Graduado en La Habana hace ya muchos a\u00f1os, luego de una accidentada y polvorienta b\u00fasqueda de informaci\u00f3n sobre un tema in\u00e9dito. La Tesis, por cierto, desapareci\u00f3 de la biblioteca y no se conservan copias de la misma.","url":"https:\/\/www.cuballama.com\/noticias\/author\/roberto\/"}]}},"_links":{"self":[{"href":"https:\/\/www.cuballama.com\/noticias\/wp-json\/wp\/v2\/posts\/254757","targetHints":{"allow":["GET"]}}],"collection":[{"href":"https:\/\/www.cuballama.com\/noticias\/wp-json\/wp\/v2\/posts"}],"about":[{"href":"https:\/\/www.cuballama.com\/noticias\/wp-json\/wp\/v2\/types\/post"}],"author":[{"embeddable":true,"href":"https:\/\/www.cuballama.com\/noticias\/wp-json\/wp\/v2\/users\/13"}],"replies":[{"embeddable":true,"href":"https:\/\/www.cuballama.com\/noticias\/wp-json\/wp\/v2\/comments?post=254757"}],"version-history":[{"count":3,"href":"https:\/\/www.cuballama.com\/noticias\/wp-json\/wp\/v2\/posts\/254757\/revisions"}],"predecessor-version":[{"id":254885,"href":"https:\/\/www.cuballama.com\/noticias\/wp-json\/wp\/v2\/posts\/254757\/revisions\/254885"}],"wp:featuredmedia":[{"embeddable":true,"href":"https:\/\/www.cuballama.com\/noticias\/wp-json\/wp\/v2\/media\/254883"}],"wp:attachment":[{"href":"https:\/\/www.cuballama.com\/noticias\/wp-json\/wp\/v2\/media?parent=254757"}],"wp:term":[{"taxonomy":"category","embeddable":true,"href":"https:\/\/www.cuballama.com\/noticias\/wp-json\/wp\/v2\/categories?post=254757"},{"taxonomy":"post_tag","embeddable":true,"href":"https:\/\/www.cuballama.com\/noticias\/wp-json\/wp\/v2\/tags?post=254757"}],"curies":[{"name":"wp","href":"https:\/\/api.w.org\/{rel}","templated":true}]}}