{"id":254726,"date":"2026-08-31T22:14:07","date_gmt":"2026-09-01T02:14:07","guid":{"rendered":"https:\/\/www.cuballama.com\/noticias\/?p=254726"},"modified":"2026-08-31T22:14:12","modified_gmt":"2026-09-01T02:14:12","slug":"cuba-es-oficialmente-una-nacion-donde-el-crimen-se-ha-vuelto-cotidiano-ultimos-hechos-reportados-en-la-isla","status":"publish","type":"post","link":"https:\/\/www.cuballama.com\/noticias\/cuba-es-oficialmente-una-nacion-donde-el-crimen-se-ha-vuelto-cotidiano-ultimos-hechos-reportados-en-la-isla\/","title":{"rendered":"Cuba es oficialmente una naci\u00f3n donde el crimen se ha vuelto cotidiano (\u00faltimos hechos reportados en la isla)"},"content":{"rendered":"\n<h2 class=\"wp-block-heading\">Un repaso por varios hechos violentos reportados en los \u00faltimos d\u00edas en Las Tunas, Ciego de \u00c1vila, Villa Clara, La Habana y Santa Clara \u2014junto a una serie de arrestos confirmados por la campa\u00f1a policial \u00abTolerancia Cero\u00bb en Matanzas\u2014 retrata un patr\u00f3n de inseguridad que ya no sorprende a nadie en la isla.<\/h2>\n\n\n\n<p class=\"wp-block-paragraph\">Cuba es oficialmente una naci\u00f3n donde el crimen se ha vuelto cotidiano. No hace falta abrir un peri\u00f3dico oficial \u2014que rara vez informa sobre estos hechos\u2014 para comprobarlo: basta con seguir durante una semana las p\u00e1ginas ciudadanas de Facebook que reportan sucesos en distintas provincias del pa\u00eds. <\/p>\n\n\n\n<p class=\"wp-block-paragraph\">Un vigilante hospitalario presuntamente asesinado durante un robo masivo de piezas de auto en Las Tunas, un homicidio envuelto en opacidad en Ciego de \u00c1vila, un asalto armado con un menor de edad como testigo en Camajuan\u00ed, un bicitaxero apu\u00f1alado en La Habana cuyo caso se cuenta de dos maneras distintas, y un crimen familiar en Santa Clara con nombres que ni siquiera coinciden entre los propios relatos: todo eso ocurri\u00f3, seg\u00fan fuentes no oficiales, en apenas unos d\u00edas. <\/p>\n\n\n\n<p class=\"wp-block-paragraph\">En paralelo, en Matanzas, la campa\u00f1a policial \u00abTolerancia Cero\u00bb reporta una serie de arrestos reales que muestran el otro lado de la moneda: una polic\u00eda que persigue, con nombres y resultados verificables, delitos de todo tipo, desde apu\u00f1alamientos hasta el robo de cable de instalaciones solares. A continuaci\u00f3n, un recorrido por los casos.<\/p>\n\n\n\n<p class=\"wp-block-paragraph\"><strong>Asesinato de un custodio en Las Tunas<\/strong><\/p>\n\n\n\n<p class=\"wp-block-paragraph\">El primero de los hechos ocurri\u00f3 en el estacionamiento del Hospital General Docente \u00abDr. Ernesto Guevara de la Serna\u00bb, en Las Tunas, un centro que deber\u00eda ser, por definici\u00f3n, uno de los lugares m\u00e1s resguardados de cualquier ciudad. Seg\u00fan report\u00f3 la p\u00e1gina ciudadana \u00abNio reportando un crimen\u00bb, un custodio o vigilante del lugar habr\u00eda sido asesinado en el contexto de un robo masivo de piezas de veh\u00edculos estacionados en el parqueo del hospital. <\/p>\n\n\n\n<p class=\"wp-block-paragraph\">De acuerdo con lo publicado, los delincuentes habr\u00edan despojado de partes mec\u00e1nicas a un n\u00famero que llegar\u00eda hasta 14 veh\u00edculos, una cifra que, de confirmarse, hablar\u00eda de una operaci\u00f3n organizada y no de un hurto oportunista aislado. <\/p>\n\n\n\n<p class=\"wp-block-paragraph\">El hecho gener\u00f3 fuerte indignaci\u00f3n entre los comentaristas, no solo por la presunta muerte del trabajador, sino por la vulnerabilidad que expone: si ni el estacionamiento de un hospital general est\u00e1 a salvo de una banda dedicada al despiece de autos, la pregunta que queda flotando es qu\u00e9 espacio p\u00fablico s\u00ed lo est\u00e1. Como ocurre con el resto de los casos reportados por esta fuente, no existe hasta el momento confirmaci\u00f3n oficial de las autoridades tunas sobre el presunto asesinato, ni sobre la cifra exacta de veh\u00edculos afectados.<\/p>\n\n\n\n<iframe loading=\"lazy\" src=\"https:\/\/www.facebook.com\/plugins\/post.php?href=https%3A%2F%2Fwww.facebook.com%2Fpermalink.php%3Fstory_fbid%3Dpfbid0AJzh6NyvprHaEsf1dKosWjqm8Gpx2UrDGPBspaW7KJPrBSrgyUsi2AVM32CRFPKql%26id%3D61559784217848&#038;show_text=true&#038;width=500\" width=\"500\" height=\"572\" style=\"border:none;overflow:hidden\" scrolling=\"no\" frameborder=\"0\" allowfullscreen=\"true\" allow=\"autoplay; clipboard-write; encrypted-media; picture-in-picture; web-share\"><\/iframe>\n\n\n\n<p class=\"wp-block-paragraph\"><strong>Asesinato de Nelson Reyes en Ciego de \u00c1vila<\/strong><\/p>\n\n\n\n<p class=\"wp-block-paragraph\">Un segundo caso, esta vez en Ciego de \u00c1vila, se refiere a la muerte de un hombre identificado como Nelson Reyes. Se reporta que Reyes habr\u00eda fallecido en circunstancias que generaron sospecha entre sus vecinos, en particular porque las autoridades habr\u00edan llevado a cabo una reconstrucci\u00f3n de los hechos en horario nocturno y con escasa transparencia hacia la comunidad. Este manejo del caso, seg\u00fan los comentarios recogidos en la p\u00e1gina informante, aliment\u00f3 rumores y una creciente desconfianza p\u00fablica sobre c\u00f3mo se est\u00e1 investigando la muerte de Reyes. <\/p>\n\n\n\n<p class=\"wp-block-paragraph\">Vale insistir en que se trata de informaci\u00f3n no verificada: se reporta, habr\u00eda sido, seg\u00fan vecinos \u2014ninguna instancia oficial ha confirmado ni las circunstancias de la muerte ni los detalles de la reconstrucci\u00f3n nocturna que tanto ruido gener\u00f3 entre los residentes de la zona.<\/p>\n\n\n\n<iframe loading=\"lazy\" src=\"https:\/\/www.facebook.com\/plugins\/post.php?href=https%3A%2F%2Fwww.facebook.com%2Fpermalink.php%3Fstory_fbid%3Dpfbid02R5CdNqZjyBgxEAkF82gmQM89jCoXLX1Wnxov9RBZxzRwRD96aCdVE92i3piTA8o6l%26id%3D61559784217848&#038;show_text=true&#038;width=500\" width=\"500\" height=\"756\" style=\"border:none;overflow:hidden\" scrolling=\"no\" frameborder=\"0\" allowfullscreen=\"true\" allow=\"autoplay; clipboard-write; encrypted-media; picture-in-picture; web-share\"><\/iframe>\n\n\n\n<p class=\"wp-block-paragraph\"><strong>Robo armado en una Mipyme de Canajuan\u00ed<\/strong><\/p>\n\n\n\n<p class=\"wp-block-paragraph\">En Camajuan\u00ed, provincia de Villa Clara, se report\u00f3 un robo armado a una mipyme, una de las peque\u00f1as empresas privadas que en los \u00faltimos a\u00f1os se han multiplicado en la isla. Lo que particularmente indign\u00f3 a quienes comentaron la publicaci\u00f3n no fue solamente la violencia del asalto en s\u00ed, sino el hecho de que, seg\u00fan lo reportado, un menor de edad se encontraba presente en el lugar durante el hecho. La exposici\u00f3n de un menor a una situaci\u00f3n de violencia armada a\u00f1ade gravedad a un suceso que, como los anteriores, proviene de una fuente ciudadana no verificada y debe leerse con el mismo cuidado: se tratar\u00eda de un presunto robo armado, sin que exista, hasta donde se sabe, un pronunciamiento oficial de la polic\u00eda sobre el caso.<\/p>\n\n\n\n<iframe loading=\"lazy\" src=\"https:\/\/www.facebook.com\/plugins\/post.php?href=https%3A%2F%2Fwww.facebook.com%2Fpermalink.php%3Fstory_fbid%3Dpfbid02S2TkWd6oZqU2fgXQJZPwcvbSTZQd2S4JWdahzxeETB8csQfFu7ZyFE7wjLaAdyBzl%26id%3D61559784217848&#038;show_text=true&#038;width=500\" width=\"500\" height=\"500\" style=\"border:none;overflow:hidden\" scrolling=\"no\" frameborder=\"0\" allowfullscreen=\"true\" allow=\"autoplay; clipboard-write; encrypted-media; picture-in-picture; web-share\"><\/iframe>\n\n\n\n<p class=\"wp-block-paragraph\"><strong>Asesinato en el barrio de Bel\u00e9n, en La Habana<\/strong><\/p>\n\n\n\n<p class=\"wp-block-paragraph\">El cuarto caso es, quiz\u00e1s, el que mejor ilustra la confusi\u00f3n informativa que rodea a buena parte de estos sucesos. Se trata de un asesinato ocurrido en el barrio habanero de Bel\u00e9n, del que circulan al menos dos versiones distintas en la misma p\u00e1gina informante. <\/p>\n\n\n\n<iframe loading=\"lazy\" src=\"https:\/\/www.facebook.com\/plugins\/post.php?href=https%3A%2F%2Fwww.facebook.com%2Fpermalink.php%3Fstory_fbid%3Dpfbid0THrMnoYR29dQCRdzywoU4doecTw8kEZ1kjsJ8ssBgqJXHGTeXn9HQwpyNJeNEpiLl%26id%3D61559784217848&#038;show_text=true&#038;width=500\" width=\"500\" height=\"521\" style=\"border:none;overflow:hidden\" scrolling=\"no\" frameborder=\"0\" allowfullscreen=\"true\" allow=\"autoplay; clipboard-write; encrypted-media; picture-in-picture; web-share\"><\/iframe>\n\n\n\n<p class=\"wp-block-paragraph\">Una de ellas identifica a la v\u00edctima como Alfredo Daniel Mart\u00ednez Rodr\u00edguez, un joven guantanamero que trabajaba como bicitaxero en la capital, apu\u00f1alado en Bel\u00e9n, y se\u00f1ala como presunto responsable a un hombre identificado \u00fanicamente por el apodo \u00abGermy\u00bb. La otra versi\u00f3n describe a la v\u00edctima como \u00abAlfred\u00bb, un adolescente de 17 a\u00f1os oriundo de La Habana Vieja, que tambi\u00e9n se dedicaba a manejar un bicitaxi, esta vez en las inmediaciones de la calle Galiano, apu\u00f1alado en el pecho y fallecido poco despu\u00e9s en un policl\u00ednico cercano; en este relato, el se\u00f1alado como presunto responsable es alguien identificado como \u00abGuermi\u00bb, del barrio de Jes\u00fas Mar\u00eda. <\/p>\n\n\n\n<iframe loading=\"lazy\" src=\"https:\/\/www.facebook.com\/plugins\/post.php?href=https%3A%2F%2Fwww.facebook.com%2Fpermalink.php%3Fstory_fbid%3Dpfbid0m8BSLGducJR97zGFaiUjo5HAbGiR6RrUhNKnGoincrDVNXq5EymKGMSALpRtCdiil%26id%3D61559784217848&#038;show_text=true&#038;width=500\" width=\"500\" height=\"524\" style=\"border:none;overflow:hidden\" scrolling=\"no\" frameborder=\"0\" allowfullscreen=\"true\" allow=\"autoplay; clipboard-write; encrypted-media; picture-in-picture; web-share\"><\/iframe>\n\n\n\n<p class=\"wp-block-paragraph\">La coincidencia en la zona geogr\u00e1fica, en el modo del ataque \u2014una pu\u00f1alada mientras la v\u00edctima ejerc\u00eda como bicitaxero\u2014 y en el nombre del se\u00f1alado, muy similar en ambas versiones (Germy en una, Guermi en la otra), hace pensar que probablemente se trate de un mismo hecho relatado de forma contradictoria por distintos testigos, m\u00e1s que de dos cr\u00edmenes independientes. <\/p>\n\n\n\n<iframe loading=\"lazy\" src=\"https:\/\/www.facebook.com\/plugins\/post.php?href=https%3A%2F%2Fwww.facebook.com%2Fpermalink.php%3Fstory_fbid%3Dpfbid02uXusuQ2L7h19uLLFaSYezeFfj7xTHHqsMw5awRNz7nmp9n6W2QSmYqYjLyDDEh2tl%26id%3D61559784217848&#038;show_text=true&#038;width=500\" width=\"500\" height=\"812\" style=\"border:none;overflow:hidden\" scrolling=\"no\" frameborder=\"0\" allowfullscreen=\"true\" allow=\"autoplay; clipboard-write; encrypted-media; picture-in-picture; web-share\"><\/iframe>\n\n\n\n<p class=\"wp-block-paragraph\">Sin embargo, esta nota no puede ni debe afirmar cu\u00e1l de las dos versiones es la correcta, ni si en efecto se trata de una sola v\u00edctima o de dos. Lo que s\u00ed coinciden ambos relatos es en un detalle especialmente doloroso: seg\u00fan lo narrado, la v\u00edctima habr\u00eda acudido buscando ayuda a agentes policiales que se encontraban presentes en el lugar, quienes presuntamente no habr\u00edan intervenido a tiempo para evitar el desenlace fatal. Se trata, nuevamente, de una versi\u00f3n que circula en testimonios de la fuente ciudadana y que no ha sido confirmada por ninguna autoridad.<\/p>\n\n\n\n<iframe loading=\"lazy\" src=\"https:\/\/www.facebook.com\/plugins\/post.php?href=https%3A%2F%2Fwww.facebook.com%2Fpermalink.php%3Fstory_fbid%3Dpfbid0yd1TScTD3CZ2ACtbHHfkRBKyiMUGBpLSqZ7u5V72U3gzsJUQYxRnsdZcrajoRYvVl%26id%3D61559784217848&#038;show_text=true&#038;width=500\" width=\"500\" height=\"585\" style=\"border:none;overflow:hidden\" scrolling=\"no\" frameborder=\"0\" allowfullscreen=\"true\" allow=\"autoplay; clipboard-write; encrypted-media; picture-in-picture; web-share\"><\/iframe>\n\n\n\n<p class=\"wp-block-paragraph\"><strong>Asesinato \u00abfamiliar\u00bb en Santa Clara<\/strong><\/p>\n\n\n\n<p class=\"wp-block-paragraph\">El quinto caso ocurri\u00f3 en Santa Clara y combina un crimen violento con un nivel de confusi\u00f3n que alcanza incluso al nombre de la v\u00edctima. <\/p>\n\n\n\n<iframe loading=\"lazy\" src=\"https:\/\/www.facebook.com\/plugins\/post.php?href=https%3A%2F%2Fwww.facebook.com%2Fpermalink.php%3Fstory_fbid%3Dpfbid02gx4Wcy8VpkYB4VMsvWQTy2j38hFVPky7pEsNw3Li9kowVHhwCGZicJnvHZtZpvefl%26id%3D61559784217848&#038;show_text=true&#038;width=500\" width=\"500\" height=\"793\" style=\"border:none;overflow:hidden\" scrolling=\"no\" frameborder=\"0\" allowfullscreen=\"true\" allow=\"autoplay; clipboard-write; encrypted-media; picture-in-picture; web-share\"><\/iframe>\n\n\n\n<p class=\"wp-block-paragraph\">Seg\u00fan los relatos disponibles, un hombre \u2014al que unas fuentes llaman Rolando Sabaro, otras Rolando Zavalo y otras Roberto Zavalo, hasta el punto de que un comentarista pregunt\u00f3 directamente \u00ab\u00bfEra Roberto o Rolando?\u00bb, evidenciando que ni siquiera quienes comentan el caso tienen claridad sobre la identidad real de la v\u00edctima\u2014 habr\u00eda sido asesinado en un hecho en el que se se\u00f1ala como presuntos responsables a tres personas: Ezequiel Fidel Morales Miguez, su madre Gisela Miguez, y Esther Nery Morales Miguez, quien ser\u00eda pareja de la v\u00edctima, hija de Gisela y hermana de Ezequiel. <\/p>\n\n\n\n<iframe loading=\"lazy\" src=\"https:\/\/www.facebook.com\/plugins\/post.php?href=https%3A%2F%2Fwww.facebook.com%2Fpermalink.php%3Fstory_fbid%3Dpfbid0n3hDLp6aMEy74eGZ5Xb7PJ3Jghvgaq7Xzhw9cBGQXVG2ZARrXC1Box3KQ8BmnJM3l%26id%3D61559784217848&#038;show_text=true&#038;width=500\" width=\"500\" height=\"657\" style=\"border:none;overflow:hidden\" scrolling=\"no\" frameborder=\"0\" allowfullscreen=\"true\" allow=\"autoplay; clipboard-write; encrypted-media; picture-in-picture; web-share\"><\/iframe>\n\n\n\n<p class=\"wp-block-paragraph\">Durante un registro policial en la vivienda se habr\u00eda encontrado un bolso con cuchillos, una pala y otros instrumentos, un hallazgo que aliment\u00f3 las especulaciones sobre la premeditaci\u00f3n del hecho. <\/p>\n\n\n\n<iframe loading=\"lazy\" src=\"https:\/\/www.facebook.com\/plugins\/post.php?href=https%3A%2F%2Fwww.facebook.com%2Fpermalink.php%3Fstory_fbid%3Dpfbid023jddSCufgrhVbn5vWNe8ELLSFJqZzNLDydY4VQDk1h8QiAH2kcQTQpcbGUiu9Jhgl%26id%3D61559784217848&#038;show_text=true&#038;width=500\" width=\"500\" height=\"638\" style=\"border:none;overflow:hidden\" scrolling=\"no\" frameborder=\"0\" allowfullscreen=\"true\" allow=\"autoplay; clipboard-write; encrypted-media; picture-in-picture; web-share\"><\/iframe>\n\n\n\n<p class=\"wp-block-paragraph\">Circulan tambi\u00e9n, exclusivamente como testimonio vecinal no confirmado, versiones que apuntan a que Esther habr\u00eda drogado a la v\u00edctima antes de que Ezequiel lo atacara en presencia de Gisela, con un posible m\u00f3vil de robo: se menciona, sin confirmaci\u00f3n alguna, una cifra de unos 25.000 d\u00f3lares que presuntamente estar\u00edan escondidos en la vivienda. Ninguno de estos elementos \u2014ni el nombre exacto de la v\u00edctima, ni el m\u00f3vil, ni la cifra de dinero\u2014 cuenta con respaldo oficial, y as\u00ed debe entenderse.<\/p>\n\n\n\n<iframe loading=\"lazy\" src=\"https:\/\/www.facebook.com\/plugins\/post.php?href=https%3A%2F%2Fwww.facebook.com%2Fpermalink.php%3Fstory_fbid%3Dpfbid02YS6xm4pkxzdwgW7kj8W5xmGkyb6XzsKXZB2fgfWsqduJy2LUMPGH4wALYXpsAWRWl%26id%3D61559784217848&#038;show_text=true&#038;width=500\" width=\"500\" height=\"657\" style=\"border:none;overflow:hidden\" scrolling=\"no\" frameborder=\"0\" allowfullscreen=\"true\" allow=\"autoplay; clipboard-write; encrypted-media; picture-in-picture; web-share\"><\/iframe>\n\n\n\n<p class=\"wp-block-paragraph\"><strong>\u00abTolerancia Cero\u00bb: El r\u00e9gimen quiere hacernos creer que todo marcha sobre ruedas<\/strong><\/p>\n\n\n\n<p class=\"wp-block-paragraph\">Frente a este mosaico de casos envueltos en incertidumbre, la campa\u00f1a \u00abTolerancia Cero\u00bb, impulsada por la p\u00e1gina \u00abCon Todos La Victoria\u00bb en la provincia de Matanzas, ofrece un contraste distinto: se trata de una fuente cercana a las autoridades que reporta arrestos reales efectuados por la Polic\u00eda Nacional Revolucionaria (PNR). <\/p>\n\n\n\n<p class=\"wp-block-paragraph\">En C\u00e1rdenas, la PNR detuvo a un hombre y a una mujer tras un apu\u00f1alamiento. En Jovellanos, las autoridades informaron haber resuelto el asesinato de un cuidador de ganado, con un responsable ya detenido. <\/p>\n\n\n\n<iframe loading=\"lazy\" src=\"https:\/\/www.facebook.com\/plugins\/post.php?href=https%3A%2F%2Fwww.facebook.com%2Fpermalink.php%3Fstory_fbid%3Dpfbid0fJB9zFNY9VC6GZi5YVUzgDMGRQ9cLZm8qPqAiDEiEKXVuEfyzBZNzst9HQiz7M2rl%26id%3D61551435197318&#038;show_text=true&#038;width=500\" width=\"500\" height=\"612\" style=\"border:none;overflow:hidden\" scrolling=\"no\" frameborder=\"0\" allowfullscreen=\"true\" allow=\"autoplay; clipboard-write; encrypted-media; picture-in-picture; web-share\"><\/iframe>\n\n\n\n<iframe loading=\"lazy\" src=\"https:\/\/www.facebook.com\/plugins\/post.php?href=https%3A%2F%2Fwww.facebook.com%2Fpermalink.php%3Fstory_fbid%3Dpfbid0gRUyUD4fULHhco5nGyh3C4YD6zxrp7ghhBBP4TLTcAM9q8bzXhyEihUf4dUGg2h4l%26id%3D61551435197318&#038;show_text=true&#038;width=500\" width=\"500\" height=\"562\" style=\"border:none;overflow:hidden\" scrolling=\"no\" frameborder=\"0\" allowfullscreen=\"true\" allow=\"autoplay; clipboard-write; encrypted-media; picture-in-picture; web-share\"><\/iframe>\n\n\n\n<p class=\"wp-block-paragraph\">Tambi\u00e9n en Jovellanos se reportaron detenciones por un caso de sabotaje el\u00e9ctrico. En Col\u00f3n, un tiroteo originado por una disputa relacionada con ganado termin\u00f3 con detenidos. <\/p>\n\n\n\n<iframe loading=\"lazy\" src=\"https:\/\/www.facebook.com\/plugins\/post.php?href=https%3A%2F%2Fwww.facebook.com%2Fpermalink.php%3Fstory_fbid%3Dpfbid0awaBZUfppuDChUEpa9uZXDoFJdjYSUT4EEzXFRWGxpCkTVfFGspSrVBy9Dcu2orul%26id%3D61551435197318&amp;show_text=true&amp;width=500\" width=\"500\" height=\"638\" style=\"border:none;overflow:hidden\" scrolling=\"no\" frameborder=\"0\" allowfullscreen=\"true\" allow=\"autoplay; clipboard-write; encrypted-media; picture-in-picture; web-share\"><\/iframe><iframe loading=\"lazy\" src=\"https:\/\/www.facebook.com\/plugins\/post.php?href=https%3A%2F%2Fwww.facebook.com%2Fpermalink.php%3Fstory_fbid%3Dpfbid02HP5W4B7VRL2KJh3tm4jcQg6Z5u63VjXBrDqisoJhkERDBXeFgTs9bszzt6w2zMVjl%26id%3D61551435197318&amp;show_text=true&amp;width=500\" width=\"500\" height=\"638\" style=\"border:none;overflow:hidden\" scrolling=\"no\" frameborder=\"0\" allowfullscreen=\"true\" allow=\"autoplay; clipboard-write; encrypted-media; picture-in-picture; web-share\"><\/iframe>\n\n\n\n<p class=\"wp-block-paragraph\">En C\u00e1rdenas, adem\u00e1s, se inform\u00f3 la detenci\u00f3n de responsables por el robo de cable de una instalaci\u00f3n solar. <\/p>\n\n\n\n<iframe loading=\"lazy\" src=\"https:\/\/www.facebook.com\/plugins\/post.php?href=https%3A%2F%2Fwww.facebook.com%2Fpermalink.php%3Fstory_fbid%3Dpfbid0nXsS76pRsLx6HkFE9m6QsvLVqGWuK8WWVzxCaQE65NWH17etkmJCL1N4k81eNgDWl%26id%3D61551435197318&#038;show_text=true&#038;width=500\" width=\"500\" height=\"637\" style=\"border:none;overflow:hidden\" scrolling=\"no\" frameborder=\"0\" allowfullscreen=\"true\" allow=\"autoplay; clipboard-write; encrypted-media; picture-in-picture; web-share\"><\/iframe>\n\n\n\n<p class=\"wp-block-paragraph\">Y en Los Arabos, la PNR report\u00f3 detenciones por el robo de aceite diel\u00e9ctrico sustra\u00eddo de transformadores el\u00e9ctricos, un delito que compromete directamente el ya fr\u00e1gil sistema energ\u00e9tico del pa\u00eds. En C\u00e1rdenas, detuvieron a un sujeto con \u00abcurriculum\u00bb en el arte del robo de lo ajeno. Y a otros por sustraer petr\u00f3leo de la planta el\u00e9ctrica de un hospital.<\/p>\n\n\n\n<iframe loading=\"lazy\" src=\"https:\/\/www.facebook.com\/plugins\/post.php?href=https%3A%2F%2Fwww.facebook.com%2Fpermalink.php%3Fstory_fbid%3Dpfbid02m3V1QLHSG3PnCYWVbBPdiWfhaPmS4p1wmqtJMhi7wFywr5DE5Jc4ZeDYgnt33fWHl%26id%3D61551435197318&#038;show_text=true&#038;width=500\" width=\"500\" height=\"612\" style=\"border:none;overflow:hidden\" scrolling=\"no\" frameborder=\"0\" allowfullscreen=\"true\" allow=\"autoplay; clipboard-write; encrypted-media; picture-in-picture; web-share\"><\/iframe>\n\n\n\n<iframe loading=\"lazy\" src=\"https:\/\/www.facebook.com\/plugins\/post.php?href=https%3A%2F%2Fwww.facebook.com%2Fpermalink.php%3Fstory_fbid%3Dpfbid02S4KQaqHsWPyhVzSoptxKpEJW8AbzypEWH5Dz7PKqnE685rAs488fuSK3J99cxkjtl%26id%3D61551435197318&#038;show_text=true&#038;width=500\" width=\"500\" height=\"616\" style=\"border:none;overflow:hidden\" scrolling=\"no\" frameborder=\"0\" allowfullscreen=\"true\" allow=\"autoplay; clipboard-write; encrypted-media; picture-in-picture; web-share\"><\/iframe>\n\n\n\n<iframe loading=\"lazy\" src=\"https:\/\/www.facebook.com\/plugins\/post.php?href=https%3A%2F%2Fwww.facebook.com%2Fpermalink.php%3Fstory_fbid%3Dpfbid0356GD294LX8oFQc5VCw2Dt2hdDSx8mZ28S1xMA3HYs4ERg6dvCu6rrte2wSBz1dhql%26id%3D61551435197318&#038;show_text=true&#038;width=500\" width=\"500\" height=\"637\" style=\"border:none;overflow:hidden\" scrolling=\"no\" frameborder=\"0\" allowfullscreen=\"true\" allow=\"autoplay; clipboard-write; encrypted-media; picture-in-picture; web-share\"><\/iframe>\n\n\n\n<p class=\"wp-block-paragraph\"> Tambi\u00e9n habr\u00edan sido detenidos los sujetos que en d\u00edas pasados arrebataron de manera violenta la motorina a una doctora en el municipio Uni\u00f3n de Reyes; y a otros dos involucrados en un robo de aceite diel\u00e9ctrico, un delito que ya es juzgado como SABOTAJE.<\/p>\n\n\n\n<iframe loading=\"lazy\" src=\"https:\/\/www.facebook.com\/plugins\/post.php?href=https%3A%2F%2Fwww.facebook.com%2Fpermalink.php%3Fstory_fbid%3Dpfbid0iFdoZCfbr6ehBB7PRvyH8Lbx5Nzwx1bXtP4vP2ysdxwJQbcnSjYHuKFsD9MzbqnZl%26id%3D61551435197318&#038;show_text=true&#038;width=500\" width=\"500\" height=\"613\" style=\"border:none;overflow:hidden\" scrolling=\"no\" frameborder=\"0\" allowfullscreen=\"true\" allow=\"autoplay; clipboard-write; encrypted-media; picture-in-picture; web-share\"><\/iframe>\n\n\n\n<iframe loading=\"lazy\" src=\"https:\/\/www.facebook.com\/plugins\/post.php?href=https%3A%2F%2Fwww.facebook.com%2Fpermalink.php%3Fstory_fbid%3Dpfbid0RDPmzVi6sQYgs69AFrC1e8a9EdQuVtSp6PuGiSzJCe2YSEaqv4XyLfSxzFtRK5yWl%26id%3D61551435197318&#038;show_text=true&#038;width=500\" width=\"500\" height=\"582\" style=\"border:none;overflow:hidden\" scrolling=\"no\" frameborder=\"0\" allowfullscreen=\"true\" allow=\"autoplay; clipboard-write; encrypted-media; picture-in-picture; web-share\"><\/iframe>\n\n\n\n<p class=\"wp-block-paragraph\">A diferencia de los casos anteriores, estos hechos cuentan con el respaldo de una fuente que reporta de forma directa las actuaciones policiales, lo que permite hablar con mayor \u2014aunque no absoluta\u2014 confianza period\u00edstica de detenciones efectivamente realizadas, sin que ello equivalga a dar por sentada una condena judicial futura para ninguno de los detenidos; pero ya de eso, hablaremos en otra nota period\u00edstica.<\/p>\n\n\n\n<p class=\"wp-block-paragraph\">[FUENTES INICIALES]<br><em>Esta nota se elabor\u00f3 a partir de publicaciones de dos p\u00e1ginas de Facebook. La primera, \u00abNio reportando un crimen\u00bb, es una p\u00e1gina de tipo informante ciudadano que se autodescribe como incapaz de verificar de forma independiente los hechos que reporta; por esa raz\u00f3n, todos los casos atribuidos a esta fuente (Las Tunas, Ciego de \u00c1vila, Camajuan\u00ed, Bel\u00e9n y Santa Clara) se presentan con lenguaje condicional y de presunci\u00f3n. La segunda, \u00abCon Todos La Victoria\u00bb, es la p\u00e1gina de la campa\u00f1a policial \u00abTolerancia Cero\u00bb en la provincia de Matanzas, cercana a las autoridades, y sus reportes sobre arrestos de la PNR se tratan con mayor confianza period\u00edstica por tratarse de detenciones efectivamente informadas, aunque sin dar por sentada una culpabilidad judicial definitiva. Hasta el momento de publicar esta nota no se ha identificado ning\u00fan reporte de prensa oficial cubana sobre ninguno de los hechos aqu\u00ed reunidos.<\/em><\/p>\n","protected":false},"excerpt":{"rendered":"<p>De un vigilante presuntamente asesinado en un hospital de Las Tunas a un bicitaxero apu\u00f1alado en La Habana cuyos relatos se contradicen entre s\u00ed, pasando por un crimen familiar en Santa Clara con nombres que ni siquiera coinciden entre las propias fuentes: la violencia cotidiana en Cuba avanza m\u00e1s r\u00e1pido que la informaci\u00f3n oficial que deber\u00eda explicarla.<\/p>\n","protected":false},"author":13,"featured_media":133536,"comment_status":"open","ping_status":"closed","sticky":false,"template":"","format":"standard","meta":{"_acf_changed":false,"footnotes":""},"categories":[18,955],"tags":[9535,11258,23858,31827,11,6574,164,2523,1816,722,729,303,384,37530,323],"class_list":["post-254726","post","type-post","status-publish","format-standard","has-post-thumbnail","category-noticias","category-noticias-de-cuba","tag-camajuani","tag-ciego-de-avila-2","tag-crimen-organizado","tag-criminalidad-en-cuba","tag-cuba","tag-inseguridad","tag-la-habana","tag-las-tunas","tag-matanzas","tag-pnr","tag-redes-sociales","tag-santa-clara","tag-sucesos","tag-tolerancia-cero","tag-villa-clara"],"acf":[],"yoast_head":"<!-- This site is optimized with the Yoast SEO plugin v28.3 - https:\/\/yoast.com\/product\/yoast-seo-wordpress\/ -->\n<title>Cuba es oficialmente una naci\u00f3n donde el crimen se ha vuelto cotidiano (\u00faltimos hechos reportados en la isla) - Cuballama Noticias<\/title>\n<meta name=\"description\" content=\"Panorama de casos recientes de criminalidad en Cuba: asaltos, homicidios, junto a arrestos confirmados por la PNR en Matanzas.\" \/>\n<meta name=\"robots\" content=\"index, follow, max-snippet:-1, max-image-preview:large, max-video-preview:-1\" \/>\n<link rel=\"canonical\" href=\"https:\/\/www.cuballama.com\/noticias\/cuba-es-oficialmente-una-nacion-donde-el-crimen-se-ha-vuelto-cotidiano-ultimos-hechos-reportados-en-la-isla\/\" \/>\n<meta property=\"og:locale\" content=\"es_ES\" \/>\n<meta property=\"og:type\" content=\"article\" \/>\n<meta property=\"og:title\" content=\"Cuba es oficialmente una naci\u00f3n donde el crimen se ha vuelto cotidiano (\u00faltimos hechos reportados en la isla) - Cuballama Noticias\" \/>\n<meta property=\"og:description\" content=\"Panorama de casos recientes de criminalidad en Cuba: asaltos, homicidios, junto a arrestos confirmados por la PNR en Matanzas.\" \/>\n<meta property=\"og:url\" content=\"https:\/\/www.cuballama.com\/noticias\/cuba-es-oficialmente-una-nacion-donde-el-crimen-se-ha-vuelto-cotidiano-ultimos-hechos-reportados-en-la-isla\/\" \/>\n<meta property=\"og:site_name\" content=\"Cuballama Noticias\" \/>\n<meta property=\"article:publisher\" content=\"https:\/\/www.facebook.com\/CubaLlama\" \/>\n<meta property=\"article:published_time\" content=\"2026-09-01T02:14:07+00:00\" \/>\n<meta property=\"article:modified_time\" content=\"2026-09-01T02:14:12+00:00\" \/>\n<meta property=\"og:image\" content=\"https:\/\/cdn1.mediawpaccore.net\/wp-content\/uploads\/2023\/08\/15091259\/aniversario_64_PNR.jpg\" \/>\n\t<meta property=\"og:image:width\" content=\"1198\" \/>\n\t<meta property=\"og:image:height\" content=\"630\" \/>\n\t<meta property=\"og:image:type\" content=\"image\/jpeg\" \/>\n<meta name=\"author\" content=\"Roberto A.\" \/>\n<meta name=\"twitter:card\" content=\"summary_large_image\" \/>\n<meta name=\"twitter:creator\" content=\"@cuballama\" \/>\n<meta name=\"twitter:site\" content=\"@cuballama\" \/>\n<meta name=\"twitter:label1\" content=\"Escrito por\" \/>\n\t<meta name=\"twitter:data1\" content=\"Roberto A.\" \/>\n\t<meta name=\"twitter:label2\" content=\"Tiempo de lectura\" \/>\n\t<meta name=\"twitter:data2\" content=\"9 minutos\" \/>\n<script type=\"application\/ld+json\" class=\"yoast-schema-graph\">{\"@context\":\"https:\\\/\\\/schema.org\",\"@graph\":[{\"@type\":\"Article\",\"@id\":\"https:\\\/\\\/www.cuballama.com\\\/noticias\\\/cuba-es-oficialmente-una-nacion-donde-el-crimen-se-ha-vuelto-cotidiano-ultimos-hechos-reportados-en-la-isla\\\/#article\",\"isPartOf\":{\"@id\":\"https:\\\/\\\/www.cuballama.com\\\/noticias\\\/cuba-es-oficialmente-una-nacion-donde-el-crimen-se-ha-vuelto-cotidiano-ultimos-hechos-reportados-en-la-isla\\\/\"},\"author\":{\"name\":\"Roberto A.\",\"@id\":\"https:\\\/\\\/www.cuballama.com\\\/noticias\\\/#\\\/schema\\\/person\\\/a58502ed4146c8e9f83872e897c76cd2\"},\"headline\":\"Cuba es oficialmente una naci\u00f3n donde el crimen se ha vuelto cotidiano (\u00faltimos hechos reportados en la isla)\",\"datePublished\":\"2026-09-01T02:14:07+00:00\",\"dateModified\":\"2026-09-01T02:14:12+00:00\",\"mainEntityOfPage\":{\"@id\":\"https:\\\/\\\/www.cuballama.com\\\/noticias\\\/cuba-es-oficialmente-una-nacion-donde-el-crimen-se-ha-vuelto-cotidiano-ultimos-hechos-reportados-en-la-isla\\\/\"},\"wordCount\":1872,\"commentCount\":0,\"publisher\":{\"@id\":\"https:\\\/\\\/www.cuballama.com\\\/noticias\\\/#organization\"},\"image\":{\"@id\":\"https:\\\/\\\/www.cuballama.com\\\/noticias\\\/cuba-es-oficialmente-una-nacion-donde-el-crimen-se-ha-vuelto-cotidiano-ultimos-hechos-reportados-en-la-isla\\\/#primaryimage\"},\"thumbnailUrl\":\"https:\\\/\\\/cdn1.mediawpaccore.net\\\/wp-content\\\/uploads\\\/2023\\\/08\\\/15091259\\\/aniversario_64_PNR.jpg\",\"keywords\":[\"Camajuan\u00ed\",\"Ciego de \u00c1vila\",\"crimen organizado\",\"criminalidad en Cuba\",\"Cuba\",\"inseguridad\",\"La Habana\",\"LaS Tunas\",\"Matanzas\",\"PNR\",\"redes Sociales\",\"Santa Clara\",\"Sucesos\",\"Tolerancia Cero\",\"Villa Clara\"],\"articleSection\":[\"Noticias\",\"Noticias de Cuba\"],\"inLanguage\":\"es\",\"potentialAction\":[{\"@type\":\"CommentAction\",\"name\":\"Comment\",\"target\":[\"https:\\\/\\\/www.cuballama.com\\\/noticias\\\/cuba-es-oficialmente-una-nacion-donde-el-crimen-se-ha-vuelto-cotidiano-ultimos-hechos-reportados-en-la-isla\\\/#respond\"]}]},{\"@type\":\"WebPage\",\"@id\":\"https:\\\/\\\/www.cuballama.com\\\/noticias\\\/cuba-es-oficialmente-una-nacion-donde-el-crimen-se-ha-vuelto-cotidiano-ultimos-hechos-reportados-en-la-isla\\\/\",\"url\":\"https:\\\/\\\/www.cuballama.com\\\/noticias\\\/cuba-es-oficialmente-una-nacion-donde-el-crimen-se-ha-vuelto-cotidiano-ultimos-hechos-reportados-en-la-isla\\\/\",\"name\":\"Cuba es oficialmente una naci\u00f3n donde el crimen se ha vuelto cotidiano (\u00faltimos hechos reportados en la isla) - Cuballama Noticias\",\"isPartOf\":{\"@id\":\"https:\\\/\\\/www.cuballama.com\\\/noticias\\\/#website\"},\"primaryImageOfPage\":{\"@id\":\"https:\\\/\\\/www.cuballama.com\\\/noticias\\\/cuba-es-oficialmente-una-nacion-donde-el-crimen-se-ha-vuelto-cotidiano-ultimos-hechos-reportados-en-la-isla\\\/#primaryimage\"},\"image\":{\"@id\":\"https:\\\/\\\/www.cuballama.com\\\/noticias\\\/cuba-es-oficialmente-una-nacion-donde-el-crimen-se-ha-vuelto-cotidiano-ultimos-hechos-reportados-en-la-isla\\\/#primaryimage\"},\"thumbnailUrl\":\"https:\\\/\\\/cdn1.mediawpaccore.net\\\/wp-content\\\/uploads\\\/2023\\\/08\\\/15091259\\\/aniversario_64_PNR.jpg\",\"datePublished\":\"2026-09-01T02:14:07+00:00\",\"dateModified\":\"2026-09-01T02:14:12+00:00\",\"description\":\"Panorama de casos recientes de criminalidad en Cuba: asaltos, homicidios, junto a arrestos confirmados por la PNR en Matanzas.\",\"breadcrumb\":{\"@id\":\"https:\\\/\\\/www.cuballama.com\\\/noticias\\\/cuba-es-oficialmente-una-nacion-donde-el-crimen-se-ha-vuelto-cotidiano-ultimos-hechos-reportados-en-la-isla\\\/#breadcrumb\"},\"inLanguage\":\"es\",\"potentialAction\":[{\"@type\":\"ReadAction\",\"target\":[\"https:\\\/\\\/www.cuballama.com\\\/noticias\\\/cuba-es-oficialmente-una-nacion-donde-el-crimen-se-ha-vuelto-cotidiano-ultimos-hechos-reportados-en-la-isla\\\/\"]}]},{\"@type\":\"ImageObject\",\"inLanguage\":\"es\",\"@id\":\"https:\\\/\\\/www.cuballama.com\\\/noticias\\\/cuba-es-oficialmente-una-nacion-donde-el-crimen-se-ha-vuelto-cotidiano-ultimos-hechos-reportados-en-la-isla\\\/#primaryimage\",\"url\":\"https:\\\/\\\/cdn1.mediawpaccore.net\\\/wp-content\\\/uploads\\\/2023\\\/08\\\/15091259\\\/aniversario_64_PNR.jpg\",\"contentUrl\":\"https:\\\/\\\/cdn1.mediawpaccore.net\\\/wp-content\\\/uploads\\\/2023\\\/08\\\/15091259\\\/aniversario_64_PNR.jpg\",\"width\":1198,\"height\":630,\"caption\":\"Foto: REFERENCIAL. V\u00eda Guerrillero.cu\"},{\"@type\":\"BreadcrumbList\",\"@id\":\"https:\\\/\\\/www.cuballama.com\\\/noticias\\\/cuba-es-oficialmente-una-nacion-donde-el-crimen-se-ha-vuelto-cotidiano-ultimos-hechos-reportados-en-la-isla\\\/#breadcrumb\",\"itemListElement\":[{\"@type\":\"ListItem\",\"position\":1,\"name\":\"Home\",\"item\":\"https:\\\/\\\/www.cuballama.com\\\/noticias\\\/\"},{\"@type\":\"ListItem\",\"position\":2,\"name\":\"Cuba es oficialmente una naci\u00f3n donde el crimen se ha vuelto cotidiano (\u00faltimos hechos reportados en la isla)\"}]},{\"@type\":\"WebSite\",\"@id\":\"https:\\\/\\\/www.cuballama.com\\\/noticias\\\/#website\",\"url\":\"https:\\\/\\\/www.cuballama.com\\\/noticias\\\/\",\"name\":\"Cuballama Noticias\",\"description\":\"Medio digital sobre Cuba y el mundo\",\"publisher\":{\"@id\":\"https:\\\/\\\/www.cuballama.com\\\/noticias\\\/#organization\"},\"potentialAction\":[{\"@type\":\"SearchAction\",\"target\":{\"@type\":\"EntryPoint\",\"urlTemplate\":\"https:\\\/\\\/www.cuballama.com\\\/noticias\\\/?s={search_term_string}\"},\"query-input\":{\"@type\":\"PropertyValueSpecification\",\"valueRequired\":true,\"valueName\":\"search_term_string\"}}],\"inLanguage\":\"es\"},{\"@type\":\"Organization\",\"@id\":\"https:\\\/\\\/www.cuballama.com\\\/noticias\\\/#organization\",\"name\":\"Cuballama\",\"url\":\"https:\\\/\\\/www.cuballama.com\\\/noticias\\\/\",\"logo\":{\"@type\":\"ImageObject\",\"inLanguage\":\"es\",\"@id\":\"https:\\\/\\\/www.cuballama.com\\\/noticias\\\/#\\\/schema\\\/logo\\\/image\\\/\",\"url\":\"https:\\\/\\\/cdn1.mediawpaccore.net\\\/wp-content\\\/uploads\\\/2021\\\/12\\\/28171206\\\/cbll-logo-color-sm.png\",\"contentUrl\":\"https:\\\/\\\/cdn1.mediawpaccore.net\\\/wp-content\\\/uploads\\\/2021\\\/12\\\/28171206\\\/cbll-logo-color-sm.png\",\"width\":600,\"height\":133,\"caption\":\"Cuballama\"},\"image\":{\"@id\":\"https:\\\/\\\/www.cuballama.com\\\/noticias\\\/#\\\/schema\\\/logo\\\/image\\\/\"},\"sameAs\":[\"https:\\\/\\\/www.facebook.com\\\/CubaLlama\",\"https:\\\/\\\/x.com\\\/cuballama\",\"https:\\\/\\\/www.instagram.com\\\/stories\\\/cuballama_oficial\\\/\",\"https:\\\/\\\/www.youtube.com\\\/channel\\\/UCKkFE-d_axENGZcrc4as0IA\"]},{\"@type\":\"Person\",\"@id\":\"https:\\\/\\\/www.cuballama.com\\\/noticias\\\/#\\\/schema\\\/person\\\/a58502ed4146c8e9f83872e897c76cd2\",\"name\":\"Roberto A.\",\"description\":\"Roberto A. Periodista por decisi\u00f3n propia. Interesado en cualquier tema que me apasione y cada vez m\u00e1s comprometido con la verdad y la objetividad period\u00edstica. Graduado en La Habana hace ya muchos a\u00f1os, luego de una accidentada y polvorienta b\u00fasqueda de informaci\u00f3n sobre un tema in\u00e9dito. La Tesis, por cierto, desapareci\u00f3 de la biblioteca y no se conservan copias de la misma.\",\"url\":\"https:\\\/\\\/www.cuballama.com\\\/noticias\\\/author\\\/roberto\\\/\"}]}<\/script>\n<!-- \/ Yoast SEO plugin. -->","yoast_head_json":{"title":"Cuba es oficialmente una naci\u00f3n donde el crimen se ha vuelto cotidiano (\u00faltimos hechos reportados en la isla) - Cuballama Noticias","description":"Panorama de casos recientes de criminalidad en Cuba: asaltos, homicidios, junto a arrestos confirmados por la PNR en Matanzas.","robots":{"index":"index","follow":"follow","max-snippet":"max-snippet:-1","max-image-preview":"max-image-preview:large","max-video-preview":"max-video-preview:-1"},"canonical":"https:\/\/www.cuballama.com\/noticias\/cuba-es-oficialmente-una-nacion-donde-el-crimen-se-ha-vuelto-cotidiano-ultimos-hechos-reportados-en-la-isla\/","og_locale":"es_ES","og_type":"article","og_title":"Cuba es oficialmente una naci\u00f3n donde el crimen se ha vuelto cotidiano (\u00faltimos hechos reportados en la isla) - Cuballama Noticias","og_description":"Panorama de casos recientes de criminalidad en Cuba: asaltos, homicidios, junto a arrestos confirmados por la PNR en Matanzas.","og_url":"https:\/\/www.cuballama.com\/noticias\/cuba-es-oficialmente-una-nacion-donde-el-crimen-se-ha-vuelto-cotidiano-ultimos-hechos-reportados-en-la-isla\/","og_site_name":"Cuballama Noticias","article_publisher":"https:\/\/www.facebook.com\/CubaLlama","article_published_time":"2026-09-01T02:14:07+00:00","article_modified_time":"2026-09-01T02:14:12+00:00","og_image":[{"width":1198,"height":630,"url":"https:\/\/cdn1.mediawpaccore.net\/wp-content\/uploads\/2023\/08\/15091259\/aniversario_64_PNR.jpg","type":"image\/jpeg"}],"author":"Roberto A.","twitter_card":"summary_large_image","twitter_creator":"@cuballama","twitter_site":"@cuballama","twitter_misc":{"Escrito por":"Roberto A.","Tiempo de lectura":"9 minutos"},"schema":{"@context":"https:\/\/schema.org","@graph":[{"@type":"Article","@id":"https:\/\/www.cuballama.com\/noticias\/cuba-es-oficialmente-una-nacion-donde-el-crimen-se-ha-vuelto-cotidiano-ultimos-hechos-reportados-en-la-isla\/#article","isPartOf":{"@id":"https:\/\/www.cuballama.com\/noticias\/cuba-es-oficialmente-una-nacion-donde-el-crimen-se-ha-vuelto-cotidiano-ultimos-hechos-reportados-en-la-isla\/"},"author":{"name":"Roberto A.","@id":"https:\/\/www.cuballama.com\/noticias\/#\/schema\/person\/a58502ed4146c8e9f83872e897c76cd2"},"headline":"Cuba es oficialmente una naci\u00f3n donde el crimen se ha vuelto cotidiano (\u00faltimos hechos reportados en la isla)","datePublished":"2026-09-01T02:14:07+00:00","dateModified":"2026-09-01T02:14:12+00:00","mainEntityOfPage":{"@id":"https:\/\/www.cuballama.com\/noticias\/cuba-es-oficialmente-una-nacion-donde-el-crimen-se-ha-vuelto-cotidiano-ultimos-hechos-reportados-en-la-isla\/"},"wordCount":1872,"commentCount":0,"publisher":{"@id":"https:\/\/www.cuballama.com\/noticias\/#organization"},"image":{"@id":"https:\/\/www.cuballama.com\/noticias\/cuba-es-oficialmente-una-nacion-donde-el-crimen-se-ha-vuelto-cotidiano-ultimos-hechos-reportados-en-la-isla\/#primaryimage"},"thumbnailUrl":"https:\/\/cdn1.mediawpaccore.net\/wp-content\/uploads\/2023\/08\/15091259\/aniversario_64_PNR.jpg","keywords":["Camajuan\u00ed","Ciego de \u00c1vila","crimen organizado","criminalidad en Cuba","Cuba","inseguridad","La Habana","LaS Tunas","Matanzas","PNR","redes Sociales","Santa Clara","Sucesos","Tolerancia Cero","Villa Clara"],"articleSection":["Noticias","Noticias de Cuba"],"inLanguage":"es","potentialAction":[{"@type":"CommentAction","name":"Comment","target":["https:\/\/www.cuballama.com\/noticias\/cuba-es-oficialmente-una-nacion-donde-el-crimen-se-ha-vuelto-cotidiano-ultimos-hechos-reportados-en-la-isla\/#respond"]}]},{"@type":"WebPage","@id":"https:\/\/www.cuballama.com\/noticias\/cuba-es-oficialmente-una-nacion-donde-el-crimen-se-ha-vuelto-cotidiano-ultimos-hechos-reportados-en-la-isla\/","url":"https:\/\/www.cuballama.com\/noticias\/cuba-es-oficialmente-una-nacion-donde-el-crimen-se-ha-vuelto-cotidiano-ultimos-hechos-reportados-en-la-isla\/","name":"Cuba es oficialmente una naci\u00f3n donde el crimen se ha vuelto cotidiano (\u00faltimos hechos reportados en la isla) - Cuballama Noticias","isPartOf":{"@id":"https:\/\/www.cuballama.com\/noticias\/#website"},"primaryImageOfPage":{"@id":"https:\/\/www.cuballama.com\/noticias\/cuba-es-oficialmente-una-nacion-donde-el-crimen-se-ha-vuelto-cotidiano-ultimos-hechos-reportados-en-la-isla\/#primaryimage"},"image":{"@id":"https:\/\/www.cuballama.com\/noticias\/cuba-es-oficialmente-una-nacion-donde-el-crimen-se-ha-vuelto-cotidiano-ultimos-hechos-reportados-en-la-isla\/#primaryimage"},"thumbnailUrl":"https:\/\/cdn1.mediawpaccore.net\/wp-content\/uploads\/2023\/08\/15091259\/aniversario_64_PNR.jpg","datePublished":"2026-09-01T02:14:07+00:00","dateModified":"2026-09-01T02:14:12+00:00","description":"Panorama de casos recientes de criminalidad en Cuba: asaltos, homicidios, junto a arrestos confirmados por la PNR en Matanzas.","breadcrumb":{"@id":"https:\/\/www.cuballama.com\/noticias\/cuba-es-oficialmente-una-nacion-donde-el-crimen-se-ha-vuelto-cotidiano-ultimos-hechos-reportados-en-la-isla\/#breadcrumb"},"inLanguage":"es","potentialAction":[{"@type":"ReadAction","target":["https:\/\/www.cuballama.com\/noticias\/cuba-es-oficialmente-una-nacion-donde-el-crimen-se-ha-vuelto-cotidiano-ultimos-hechos-reportados-en-la-isla\/"]}]},{"@type":"ImageObject","inLanguage":"es","@id":"https:\/\/www.cuballama.com\/noticias\/cuba-es-oficialmente-una-nacion-donde-el-crimen-se-ha-vuelto-cotidiano-ultimos-hechos-reportados-en-la-isla\/#primaryimage","url":"https:\/\/cdn1.mediawpaccore.net\/wp-content\/uploads\/2023\/08\/15091259\/aniversario_64_PNR.jpg","contentUrl":"https:\/\/cdn1.mediawpaccore.net\/wp-content\/uploads\/2023\/08\/15091259\/aniversario_64_PNR.jpg","width":1198,"height":630,"caption":"Foto: REFERENCIAL. V\u00eda Guerrillero.cu"},{"@type":"BreadcrumbList","@id":"https:\/\/www.cuballama.com\/noticias\/cuba-es-oficialmente-una-nacion-donde-el-crimen-se-ha-vuelto-cotidiano-ultimos-hechos-reportados-en-la-isla\/#breadcrumb","itemListElement":[{"@type":"ListItem","position":1,"name":"Home","item":"https:\/\/www.cuballama.com\/noticias\/"},{"@type":"ListItem","position":2,"name":"Cuba es oficialmente una naci\u00f3n donde el crimen se ha vuelto cotidiano (\u00faltimos hechos reportados en la isla)"}]},{"@type":"WebSite","@id":"https:\/\/www.cuballama.com\/noticias\/#website","url":"https:\/\/www.cuballama.com\/noticias\/","name":"Cuballama Noticias","description":"Medio digital sobre Cuba y el mundo","publisher":{"@id":"https:\/\/www.cuballama.com\/noticias\/#organization"},"potentialAction":[{"@type":"SearchAction","target":{"@type":"EntryPoint","urlTemplate":"https:\/\/www.cuballama.com\/noticias\/?s={search_term_string}"},"query-input":{"@type":"PropertyValueSpecification","valueRequired":true,"valueName":"search_term_string"}}],"inLanguage":"es"},{"@type":"Organization","@id":"https:\/\/www.cuballama.com\/noticias\/#organization","name":"Cuballama","url":"https:\/\/www.cuballama.com\/noticias\/","logo":{"@type":"ImageObject","inLanguage":"es","@id":"https:\/\/www.cuballama.com\/noticias\/#\/schema\/logo\/image\/","url":"https:\/\/cdn1.mediawpaccore.net\/wp-content\/uploads\/2021\/12\/28171206\/cbll-logo-color-sm.png","contentUrl":"https:\/\/cdn1.mediawpaccore.net\/wp-content\/uploads\/2021\/12\/28171206\/cbll-logo-color-sm.png","width":600,"height":133,"caption":"Cuballama"},"image":{"@id":"https:\/\/www.cuballama.com\/noticias\/#\/schema\/logo\/image\/"},"sameAs":["https:\/\/www.facebook.com\/CubaLlama","https:\/\/x.com\/cuballama","https:\/\/www.instagram.com\/stories\/cuballama_oficial\/","https:\/\/www.youtube.com\/channel\/UCKkFE-d_axENGZcrc4as0IA"]},{"@type":"Person","@id":"https:\/\/www.cuballama.com\/noticias\/#\/schema\/person\/a58502ed4146c8e9f83872e897c76cd2","name":"Roberto A.","description":"Roberto A. Periodista por decisi\u00f3n propia. Interesado en cualquier tema que me apasione y cada vez m\u00e1s comprometido con la verdad y la objetividad period\u00edstica. Graduado en La Habana hace ya muchos a\u00f1os, luego de una accidentada y polvorienta b\u00fasqueda de informaci\u00f3n sobre un tema in\u00e9dito. La Tesis, por cierto, desapareci\u00f3 de la biblioteca y no se conservan copias de la misma.","url":"https:\/\/www.cuballama.com\/noticias\/author\/roberto\/"}]}},"_links":{"self":[{"href":"https:\/\/www.cuballama.com\/noticias\/wp-json\/wp\/v2\/posts\/254726","targetHints":{"allow":["GET"]}}],"collection":[{"href":"https:\/\/www.cuballama.com\/noticias\/wp-json\/wp\/v2\/posts"}],"about":[{"href":"https:\/\/www.cuballama.com\/noticias\/wp-json\/wp\/v2\/types\/post"}],"author":[{"embeddable":true,"href":"https:\/\/www.cuballama.com\/noticias\/wp-json\/wp\/v2\/users\/13"}],"replies":[{"embeddable":true,"href":"https:\/\/www.cuballama.com\/noticias\/wp-json\/wp\/v2\/comments?post=254726"}],"version-history":[{"count":3,"href":"https:\/\/www.cuballama.com\/noticias\/wp-json\/wp\/v2\/posts\/254726\/revisions"}],"predecessor-version":[{"id":255471,"href":"https:\/\/www.cuballama.com\/noticias\/wp-json\/wp\/v2\/posts\/254726\/revisions\/255471"}],"wp:featuredmedia":[{"embeddable":true,"href":"https:\/\/www.cuballama.com\/noticias\/wp-json\/wp\/v2\/media\/133536"}],"wp:attachment":[{"href":"https:\/\/www.cuballama.com\/noticias\/wp-json\/wp\/v2\/media?parent=254726"}],"wp:term":[{"taxonomy":"category","embeddable":true,"href":"https:\/\/www.cuballama.com\/noticias\/wp-json\/wp\/v2\/categories?post=254726"},{"taxonomy":"post_tag","embeddable":true,"href":"https:\/\/www.cuballama.com\/noticias\/wp-json\/wp\/v2\/tags?post=254726"}],"curies":[{"name":"wp","href":"https:\/\/api.w.org\/{rel}","templated":true}]}}