{"id":254326,"date":"2026-08-31T22:13:35","date_gmt":"2026-09-01T02:13:35","guid":{"rendered":"https:\/\/www.cuballama.com\/noticias\/?p=254326"},"modified":"2026-08-31T22:13:42","modified_gmt":"2026-09-01T02:13:42","slug":"ice-exigira-camaras-corporales-a-todos-sus-agentes-desde-septiembre-pero-solo-publicara-los-videos-que-le-convengan","status":"publish","type":"post","link":"https:\/\/www.cuballama.com\/noticias\/ice-exigira-camaras-corporales-a-todos-sus-agentes-desde-septiembre-pero-solo-publicara-los-videos-que-le-convengan\/","title":{"rendered":"ICE exigir\u00e1 c\u00e1maras corporales a todos sus agentes desde septiembre, pero solo publicar\u00e1 los videos que le convengan"},"content":{"rendered":"\n<h2 class=\"wp-block-heading\">El Servicio de Inmigraci\u00f3n y Control de Aduanas de Estados Unidos (ICE, por sus siglas en ingl\u00e9s) confirm\u00f3 que, a partir de finales de septiembre de 2026, todos sus agentes de campo estar\u00e1n obligados a portar c\u00e1maras corporales durante sus operativos. La medida, anunciada el 7 de agosto, llega despu\u00e9s de varios tiroteos fatales protagonizados por agentes migratorios que no contaban con este equipo. <\/h2>\n\n\n\n<h2 class=\"wp-block-heading\">No obstante, la pol\u00edtica de divulgaci\u00f3n de las grabaciones \u2014que otorga al director de la agencia amplia discrecionalidad para no publicarlas\u2014 ha encendido las alarmas entre organizaciones defensoras de los derechos civiles, que advierten sobre un uso selectivo de las c\u00e1maras como herramienta de relaciones p\u00fablicas. La agencia de inmigraci\u00f3n confirm\u00f3 que equipar\u00e1 a la totalidad de sus oficiales de campo con dispositivos de grabaci\u00f3n para fines de septiembre de 2026, tras una serie de tiroteos fatales sin evidencia en video. <\/h2>\n\n\n\n<p class=\"wp-block-paragraph\">ICE anunci\u00f3 el pasado 7 de agosto de 2026 que todos sus oficiales de campo portar\u00e1n c\u00e1maras corporales para finales de septiembre, en cumplimiento de una pol\u00edtica formalizada en febrero de 2025 pero cuya implementaci\u00f3n se hab\u00eda demorado de manera reiterada. Seg\u00fan la agencia, m\u00e1s de la mitad de sus equipos de arresto ya contaban con el dispositivo a comienzos de agosto, y al menos un integrante de cada equipo deber\u00e1 llevarlo activado durante los operativos. Para respaldar el despliegue, ICE destin\u00f3 30.9 millones de d\u00f3lares en julio a la compra de equipos de la empresa Axon, luego de que el Congreso aprobara en abril un fondo espec\u00edfico de 20 millones de d\u00f3lares para este fin, impulsado por la senadora republicana Susan Collins.<\/p>\n\n\n\n<p class=\"wp-block-paragraph\">El anuncio se produce en un contexto de creciente presi\u00f3n p\u00fablica sobre el Departamento de Seguridad Nacional (DHS). En enero de 2026, la secretaria Kristi Noem orden\u00f3 el despliegue \u00abinmediato\u00bb de c\u00e1maras corporales para los agentes destacados en Minneapolis, luego de que efectivos de seguridad fronteriza mataran a dos manifestantes durante protestas contra operativos migratorios. Meses despu\u00e9s, en julio, dos nuevos incidentes fatales \u2014la muerte de un constructor de viviendas en Houston y la de un motociclista de 25 a\u00f1os en Maine\u2014 volvieron a poner el foco sobre la ausencia de grabaciones: en ambos casos, los agentes involucrados no portaban c\u00e1maras o, seg\u00fan reportes de prensa, ten\u00edan dispositivos que no pudieron activar en el momento del enfrentamiento. Medios locales de Houston, entre ellos KHOU y Click2Houston, documentaron que la ciudad recibi\u00f3 m\u00e1s de 800 c\u00e1maras tras el tiroteo, evidenciando el desfase entre el financiamiento aprobado meses atr\u00e1s y su entrega efectiva en el terreno.<\/p>\n\n\n\n<p class=\"wp-block-paragraph\">El punto m\u00e1s controvertido de la pol\u00edtica, sin embargo, no es el uso de las c\u00e1maras sino las reglas para difundir lo que graban. De acuerdo con documentos citados por PBS NewsHour y la agencia AP, ICE \u00fanicamente liberar\u00e1 grabaciones de tiroteos o incidentes con lesiones graves o muertes bajo custodia cuando la agencia determine que hacerlo \u00abest\u00e1 en los mejores intereses\u00bb de la propia instituci\u00f3n. El director de ICE conserva, adem\u00e1s, la facultad de bloquear o postergar indefinidamente cualquier divulgaci\u00f3n si identifica \u00abcircunstancias espec\u00edficas y convincentes\u00bb que lo justifiquen. Cuando se autoriza una publicaci\u00f3n, esta podr\u00eda concretarse dentro de un plazo de 72 horas, pero los rostros, nombres e insignias de los agentes deber\u00e1n quedar difuminados o redactados.<\/p>\n\n\n\n<p class=\"wp-block-paragraph\">Esa discrecionalidad contrasta con los est\u00e1ndares de otras corporaciones policiales del pa\u00eds. El Departamento de Polic\u00eda de Nueva York (NYPD), por ejemplo, est\u00e1 obligado a divulgar el material de incidentes cr\u00edticos dentro de un plazo m\u00e1ximo de 30 d\u00edas. La comparaci\u00f3n llev\u00f3 a Christopher Schneider, acad\u00e9mico de la Universidad de Brandon especializado en vigilancia policial, a se\u00f1alar que ICE \u00abest\u00e1 diciendo la parte silenciosa en voz alta\u00bb al reconocer abiertamente que priorizar\u00e1 su imagen institucional por sobre el acceso p\u00fablico a la informaci\u00f3n.<\/p>\n\n\n\n<p class=\"wp-block-paragraph\">Organizaciones de derechos civiles no tardaron en reaccionar. Jay Stanley, del Proyecto de Libertad de Expresi\u00f3n, Privacidad y Tecnolog\u00eda de la Uni\u00f3n Estadounidense por las Libertades Civiles (ACLU), advirti\u00f3 que sin reglas claras de divulgaci\u00f3n, las c\u00e1maras corporales corren el riesgo de convertirse simplemente en \u00abm\u00e1s dispositivos de vigilancia gubernamental\u00bb en lugar de herramientas de rendici\u00f3n de cuentas. Desde Project On Government Oversight, la investigadora Katherine Hawkins fue en el mismo sentido al calificar de \u00abvirtualmente in\u00fatiles\u00bb las grabaciones si el p\u00fablico no tiene garant\u00edas de acceso a ellas. Otras voces, como la de Jason Houser, exfuncionario de ICE, cuestionaron adem\u00e1s la lentitud con la que la agencia dot\u00f3 de c\u00e1maras a sus agentes mientras expand\u00eda de forma simult\u00e1nea el n\u00famero y la intensidad de sus redadas migratorias a lo largo de 2026.<\/p>\n\n\n\n<p class=\"wp-block-paragraph\">La controversia sobre las c\u00e1maras se inserta en un cuestionamiento m\u00e1s amplio a la conducta de los agentes de ICE durante el \u00faltimo a\u00f1o, marcado por el uso de m\u00e1scaras y veh\u00edculos sin identificaci\u00f3n en operativos urbanos, pr\u00e1cticas que legisladores dem\u00f3cratas como Summer Lee y Robert Garcia exigieron explicar formalmente al DHS por considerarlas intimidatorias hacia comunidades inmigrantes. Varios estados avanzaron en 2026 proyectos de ley para prohibir el uso de m\u00e1scaras por parte de agentes federales durante arrestos. Funcionarios de la administraci\u00f3n, en tanto, defendieron la nueva pol\u00edtica: el \u00abzar fronterizo\u00bb Tom Homan sostuvo que las c\u00e1maras corporales tienen tantas probabilidades de exonerar a los agentes como de exhibir posibles conductas indebidas, mientras que el comisionado de la Oficina de Aduanas y Protecci\u00f3n Fronteriza (CBP), Rodney Scott, indic\u00f3 que el material se har\u00e1 p\u00fablico \u00abcuando sea apropiado\u00bb, sin ofrecer un cronograma concreto.<\/p>\n\n\n\n<p class=\"wp-block-paragraph\">[FUENTES INICIALES]<\/p>\n\n\n\n<ul class=\"wp-block-list\">\n<li>PBS NewsHour, \u00abICE will only release body camera video when in agency&#8217;s &#8216;best interests,&#8217; policy says\u00bb (7 de agosto de 2026): https:\/\/www.pbs.org\/newshour\/nation\/ice-will-only-release-body-camera-video-when-in-agencys-best-interests-policy-says<\/li>\n\n\n\n<li>ABC News \/ Associated Press, \u00abICE will release body camera video only when in the agency&#8217;s &#8216;best interests&#8217;: policy\u00bb: https:\/\/abcnews.com\/US\/wireStory\/ice-release-body-camera-video-agencys-best-interests-135448882<\/li>\n\n\n\n<li>ACLU, \u00abICE Agents to Wear Body Cameras But the Fix is In\u00bb: https:\/\/www.aclu.org\/news\/privacy-technology\/ice-agents-to-wear-body-cameras-but-the-fix-is-in<\/li>\n\n\n\n<li>WBUR News, \u00abICE will release body camera video only when seen in the agency&#8217;s &#8216;best interests,&#8217; policy says\u00bb (10 de agosto de 2026): https:\/\/www.wbur.org\/news\/2026\/08\/10\/immigration-ice-body-camera-policy<\/li>\n\n\n\n<li>TIME, \u00abICE Is Getting Body Cameras. But Will They Help Hold Agents Accountable?\u00bb (12 de agosto de 2026): https:\/\/time.com\/article\/2026\/08\/12\/ice-is-getting-body-cameras-but-will-they-help-hold-agents-accountable-\/<\/li>\n\n\n\n<li>Salon, \u00abICE bodycam releases hinge on agency&#8217;s &#8216;best interests'\u00bb (8 de agosto de 2026): https:\/\/www.salon.com\/2026\/08\/08\/ice-bodycam-releases-hinge-on-agencys-best-interests\/<\/li>\n\n\n\n<li>US News \/ HuffPost, \u00abDHS Was Granted $20M for Body Cameras. ICE Agents in Fatal Houston Shooting Had None\u00bb (10 de julio de 2026): https:\/\/www.usnews.com\/news\/politics\/articles\/2026-07-10\/dhs-was-granted-20m-for-body-cameras-ice-agents-in-fatal-houston-shooting-had-none<\/li>\n\n\n\n<li>Star Tribune, \u00abKristi Noem says all agents in MN to get body cams &#8216;effective immediately'\u00bb: https:\/\/www.startribune.com\/dhs-chief-kristi-noem-says-all-agents-in-minnesota-will-be-given-body-cameras-effective-immediately\/601575549<\/li>\n\n\n\n<li>CW39 Houston, \u00abICE body-camera policy draws scrutiny in Houston after deadly shooting\u00bb: https:\/\/cw39.com\/news\/local\/ice-body-cameras-rollout\/<\/li>\n\n\n\n<li>N+ Univision (fuente original, video corto), \u00abAgentes de ICE Usar\u00e1n C\u00e1maras Corporales a partir de Septiembre\u00bb (17 de agosto de 2026): https:\/\/www.youtube.com\/shorts\/qG_uiWHFqEg<\/li>\n<\/ul>\n\n\n\n<p class=\"wp-block-paragraph\"><\/p>\n","protected":false},"excerpt":{"rendered":"<p>ICE anunci\u00f3 que todos sus agentes de campo portar\u00e1n c\u00e1maras corporales a partir de septiembre de 2026, pero la pol\u00edtica de divulgaci\u00f3n \u2014que condiciona la publicaci\u00f3n a los \u00abmejores intereses de la agencia\u00bb\u2014 desat\u00f3 cr\u00edticas de la ACLU y otras organizaciones, que temen un ejercicio de relaciones p\u00fablicas m\u00e1s que de transparencia real.<\/p>\n","protected":false},"author":13,"featured_media":110537,"comment_status":"open","ping_status":"closed","sticky":false,"template":"","format":"standard","meta":{"_acf_changed":false,"footnotes":""},"categories":[18,953],"tags":[26266,37472,37471,1459,6153,602,2978,108,23892,24541,23501],"class_list":["post-254326","post","type-post","status-publish","format-standard","has-post-thumbnail","category-noticias","category-usa","tag-aclu","tag-axon","tag-camaras-corporales","tag-derechos-civiles","tag-dhs","tag-estados-unidos","tag-ice","tag-inmigracion","tag-kristi-noem","tag-redadas-migratorias","tag-transparencia"],"acf":[],"yoast_head":"<!-- This site is optimized with the Yoast SEO plugin v28.3 - https:\/\/yoast.com\/product\/yoast-seo-wordpress\/ -->\n<title>ICE exigir\u00e1 c\u00e1maras corporales a todos sus agentes desde septiembre, pero solo publicar\u00e1 los videos que le convengan - Cuballama Noticias<\/title>\n<meta name=\"description\" content=\"ICE anuncia c\u00e1maras corporales obligatorias para todos sus agentes desde septiembre de 2026, pero solo publicar\u00e1 videos si conviene a la agencia.\" \/>\n<meta name=\"robots\" content=\"index, follow, max-snippet:-1, max-image-preview:large, max-video-preview:-1\" \/>\n<link rel=\"canonical\" href=\"https:\/\/www.cuballama.com\/noticias\/ice-exigira-camaras-corporales-a-todos-sus-agentes-desde-septiembre-pero-solo-publicara-los-videos-que-le-convengan\/\" \/>\n<meta property=\"og:locale\" content=\"es_ES\" \/>\n<meta property=\"og:type\" content=\"article\" \/>\n<meta property=\"og:title\" content=\"ICE exigir\u00e1 c\u00e1maras corporales a todos sus agentes desde septiembre, pero solo publicar\u00e1 los videos que le convengan - Cuballama Noticias\" \/>\n<meta property=\"og:description\" content=\"ICE anuncia c\u00e1maras corporales obligatorias para todos sus agentes desde septiembre de 2026, pero solo publicar\u00e1 videos si conviene a la agencia.\" \/>\n<meta property=\"og:url\" content=\"https:\/\/www.cuballama.com\/noticias\/ice-exigira-camaras-corporales-a-todos-sus-agentes-desde-septiembre-pero-solo-publicara-los-videos-que-le-convengan\/\" \/>\n<meta property=\"og:site_name\" content=\"Cuballama Noticias\" \/>\n<meta property=\"article:publisher\" content=\"https:\/\/www.facebook.com\/CubaLlama\" \/>\n<meta property=\"article:published_time\" content=\"2026-09-01T02:13:35+00:00\" \/>\n<meta property=\"article:modified_time\" content=\"2026-09-01T02:13:42+00:00\" \/>\n<meta property=\"og:image\" content=\"https:\/\/cdn1.mediawpaccore.net\/wp-content\/uploads\/2022\/12\/30081254\/ICE_deportation.jpg\" \/>\n\t<meta property=\"og:image:width\" content=\"1236\" \/>\n\t<meta property=\"og:image:height\" content=\"722\" \/>\n\t<meta property=\"og:image:type\" content=\"image\/jpeg\" \/>\n<meta name=\"author\" content=\"Roberto A.\" \/>\n<meta name=\"twitter:card\" content=\"summary_large_image\" \/>\n<meta name=\"twitter:creator\" content=\"@cuballama\" \/>\n<meta name=\"twitter:site\" content=\"@cuballama\" \/>\n<meta name=\"twitter:label1\" content=\"Escrito por\" \/>\n\t<meta name=\"twitter:data1\" content=\"Roberto A.\" \/>\n\t<meta name=\"twitter:label2\" content=\"Tiempo de lectura\" \/>\n\t<meta name=\"twitter:data2\" content=\"6 minutos\" \/>\n<script type=\"application\/ld+json\" class=\"yoast-schema-graph\">{\"@context\":\"https:\\\/\\\/schema.org\",\"@graph\":[{\"@type\":\"Article\",\"@id\":\"https:\\\/\\\/www.cuballama.com\\\/noticias\\\/ice-exigira-camaras-corporales-a-todos-sus-agentes-desde-septiembre-pero-solo-publicara-los-videos-que-le-convengan\\\/#article\",\"isPartOf\":{\"@id\":\"https:\\\/\\\/www.cuballama.com\\\/noticias\\\/ice-exigira-camaras-corporales-a-todos-sus-agentes-desde-septiembre-pero-solo-publicara-los-videos-que-le-convengan\\\/\"},\"author\":{\"name\":\"Roberto A.\",\"@id\":\"https:\\\/\\\/www.cuballama.com\\\/noticias\\\/#\\\/schema\\\/person\\\/a58502ed4146c8e9f83872e897c76cd2\"},\"headline\":\"ICE exigir\u00e1 c\u00e1maras corporales a todos sus agentes desde septiembre, pero solo publicar\u00e1 los videos que le convengan\",\"datePublished\":\"2026-09-01T02:13:35+00:00\",\"dateModified\":\"2026-09-01T02:13:42+00:00\",\"mainEntityOfPage\":{\"@id\":\"https:\\\/\\\/www.cuballama.com\\\/noticias\\\/ice-exigira-camaras-corporales-a-todos-sus-agentes-desde-septiembre-pero-solo-publicara-los-videos-que-le-convengan\\\/\"},\"wordCount\":1225,\"commentCount\":0,\"publisher\":{\"@id\":\"https:\\\/\\\/www.cuballama.com\\\/noticias\\\/#organization\"},\"image\":{\"@id\":\"https:\\\/\\\/www.cuballama.com\\\/noticias\\\/ice-exigira-camaras-corporales-a-todos-sus-agentes-desde-septiembre-pero-solo-publicara-los-videos-que-le-convengan\\\/#primaryimage\"},\"thumbnailUrl\":\"https:\\\/\\\/cdn1.mediawpaccore.net\\\/wp-content\\\/uploads\\\/2022\\\/12\\\/30081254\\\/ICE_deportation.jpg\",\"keywords\":[\"ACLU\",\"Axon\",\"c\u00e1maras corporales\",\"Derechos Civiles\",\"DHS\",\"Estados Unidos\",\"ICE\",\"inmigraci\u00f3n\",\"Kristi Noem\",\"redadas migratorias\",\"Transparencia\"],\"articleSection\":[\"Noticias\",\"USA\"],\"inLanguage\":\"es\",\"potentialAction\":[{\"@type\":\"CommentAction\",\"name\":\"Comment\",\"target\":[\"https:\\\/\\\/www.cuballama.com\\\/noticias\\\/ice-exigira-camaras-corporales-a-todos-sus-agentes-desde-septiembre-pero-solo-publicara-los-videos-que-le-convengan\\\/#respond\"]}]},{\"@type\":\"WebPage\",\"@id\":\"https:\\\/\\\/www.cuballama.com\\\/noticias\\\/ice-exigira-camaras-corporales-a-todos-sus-agentes-desde-septiembre-pero-solo-publicara-los-videos-que-le-convengan\\\/\",\"url\":\"https:\\\/\\\/www.cuballama.com\\\/noticias\\\/ice-exigira-camaras-corporales-a-todos-sus-agentes-desde-septiembre-pero-solo-publicara-los-videos-que-le-convengan\\\/\",\"name\":\"ICE exigir\u00e1 c\u00e1maras corporales a todos sus agentes desde septiembre, pero solo publicar\u00e1 los videos que le convengan - Cuballama Noticias\",\"isPartOf\":{\"@id\":\"https:\\\/\\\/www.cuballama.com\\\/noticias\\\/#website\"},\"primaryImageOfPage\":{\"@id\":\"https:\\\/\\\/www.cuballama.com\\\/noticias\\\/ice-exigira-camaras-corporales-a-todos-sus-agentes-desde-septiembre-pero-solo-publicara-los-videos-que-le-convengan\\\/#primaryimage\"},\"image\":{\"@id\":\"https:\\\/\\\/www.cuballama.com\\\/noticias\\\/ice-exigira-camaras-corporales-a-todos-sus-agentes-desde-septiembre-pero-solo-publicara-los-videos-que-le-convengan\\\/#primaryimage\"},\"thumbnailUrl\":\"https:\\\/\\\/cdn1.mediawpaccore.net\\\/wp-content\\\/uploads\\\/2022\\\/12\\\/30081254\\\/ICE_deportation.jpg\",\"datePublished\":\"2026-09-01T02:13:35+00:00\",\"dateModified\":\"2026-09-01T02:13:42+00:00\",\"description\":\"ICE anuncia c\u00e1maras corporales obligatorias para todos sus agentes desde septiembre de 2026, pero solo publicar\u00e1 videos si conviene a la agencia.\",\"breadcrumb\":{\"@id\":\"https:\\\/\\\/www.cuballama.com\\\/noticias\\\/ice-exigira-camaras-corporales-a-todos-sus-agentes-desde-septiembre-pero-solo-publicara-los-videos-que-le-convengan\\\/#breadcrumb\"},\"inLanguage\":\"es\",\"potentialAction\":[{\"@type\":\"ReadAction\",\"target\":[\"https:\\\/\\\/www.cuballama.com\\\/noticias\\\/ice-exigira-camaras-corporales-a-todos-sus-agentes-desde-septiembre-pero-solo-publicara-los-videos-que-le-convengan\\\/\"]}]},{\"@type\":\"ImageObject\",\"inLanguage\":\"es\",\"@id\":\"https:\\\/\\\/www.cuballama.com\\\/noticias\\\/ice-exigira-camaras-corporales-a-todos-sus-agentes-desde-septiembre-pero-solo-publicara-los-videos-que-le-convengan\\\/#primaryimage\",\"url\":\"https:\\\/\\\/cdn1.mediawpaccore.net\\\/wp-content\\\/uploads\\\/2022\\\/12\\\/30081254\\\/ICE_deportation.jpg\",\"contentUrl\":\"https:\\\/\\\/cdn1.mediawpaccore.net\\\/wp-content\\\/uploads\\\/2022\\\/12\\\/30081254\\\/ICE_deportation.jpg\",\"width\":1236,\"height\":722,\"caption\":\"Foto: Charles Reed\\\/EE.UU. Inmigraci\u00f3n y Control de Aduanas\\\/AP\"},{\"@type\":\"BreadcrumbList\",\"@id\":\"https:\\\/\\\/www.cuballama.com\\\/noticias\\\/ice-exigira-camaras-corporales-a-todos-sus-agentes-desde-septiembre-pero-solo-publicara-los-videos-que-le-convengan\\\/#breadcrumb\",\"itemListElement\":[{\"@type\":\"ListItem\",\"position\":1,\"name\":\"Home\",\"item\":\"https:\\\/\\\/www.cuballama.com\\\/noticias\\\/\"},{\"@type\":\"ListItem\",\"position\":2,\"name\":\"ICE exigir\u00e1 c\u00e1maras corporales a todos sus agentes desde septiembre, pero solo publicar\u00e1 los videos que le convengan\"}]},{\"@type\":\"WebSite\",\"@id\":\"https:\\\/\\\/www.cuballama.com\\\/noticias\\\/#website\",\"url\":\"https:\\\/\\\/www.cuballama.com\\\/noticias\\\/\",\"name\":\"Cuballama Noticias\",\"description\":\"Medio digital sobre Cuba y el mundo\",\"publisher\":{\"@id\":\"https:\\\/\\\/www.cuballama.com\\\/noticias\\\/#organization\"},\"potentialAction\":[{\"@type\":\"SearchAction\",\"target\":{\"@type\":\"EntryPoint\",\"urlTemplate\":\"https:\\\/\\\/www.cuballama.com\\\/noticias\\\/?s={search_term_string}\"},\"query-input\":{\"@type\":\"PropertyValueSpecification\",\"valueRequired\":true,\"valueName\":\"search_term_string\"}}],\"inLanguage\":\"es\"},{\"@type\":\"Organization\",\"@id\":\"https:\\\/\\\/www.cuballama.com\\\/noticias\\\/#organization\",\"name\":\"Cuballama\",\"url\":\"https:\\\/\\\/www.cuballama.com\\\/noticias\\\/\",\"logo\":{\"@type\":\"ImageObject\",\"inLanguage\":\"es\",\"@id\":\"https:\\\/\\\/www.cuballama.com\\\/noticias\\\/#\\\/schema\\\/logo\\\/image\\\/\",\"url\":\"https:\\\/\\\/cdn1.mediawpaccore.net\\\/wp-content\\\/uploads\\\/2021\\\/12\\\/28171206\\\/cbll-logo-color-sm.png\",\"contentUrl\":\"https:\\\/\\\/cdn1.mediawpaccore.net\\\/wp-content\\\/uploads\\\/2021\\\/12\\\/28171206\\\/cbll-logo-color-sm.png\",\"width\":600,\"height\":133,\"caption\":\"Cuballama\"},\"image\":{\"@id\":\"https:\\\/\\\/www.cuballama.com\\\/noticias\\\/#\\\/schema\\\/logo\\\/image\\\/\"},\"sameAs\":[\"https:\\\/\\\/www.facebook.com\\\/CubaLlama\",\"https:\\\/\\\/x.com\\\/cuballama\",\"https:\\\/\\\/www.instagram.com\\\/stories\\\/cuballama_oficial\\\/\",\"https:\\\/\\\/www.youtube.com\\\/channel\\\/UCKkFE-d_axENGZcrc4as0IA\"]},{\"@type\":\"Person\",\"@id\":\"https:\\\/\\\/www.cuballama.com\\\/noticias\\\/#\\\/schema\\\/person\\\/a58502ed4146c8e9f83872e897c76cd2\",\"name\":\"Roberto A.\",\"description\":\"Roberto A. Periodista por decisi\u00f3n propia. Interesado en cualquier tema que me apasione y cada vez m\u00e1s comprometido con la verdad y la objetividad period\u00edstica. Graduado en La Habana hace ya muchos a\u00f1os, luego de una accidentada y polvorienta b\u00fasqueda de informaci\u00f3n sobre un tema in\u00e9dito. La Tesis, por cierto, desapareci\u00f3 de la biblioteca y no se conservan copias de la misma.\",\"url\":\"https:\\\/\\\/www.cuballama.com\\\/noticias\\\/author\\\/roberto\\\/\"}]}<\/script>\n<!-- \/ Yoast SEO plugin. -->","yoast_head_json":{"title":"ICE exigir\u00e1 c\u00e1maras corporales a todos sus agentes desde septiembre, pero solo publicar\u00e1 los videos que le convengan - Cuballama Noticias","description":"ICE anuncia c\u00e1maras corporales obligatorias para todos sus agentes desde septiembre de 2026, pero solo publicar\u00e1 videos si conviene a la agencia.","robots":{"index":"index","follow":"follow","max-snippet":"max-snippet:-1","max-image-preview":"max-image-preview:large","max-video-preview":"max-video-preview:-1"},"canonical":"https:\/\/www.cuballama.com\/noticias\/ice-exigira-camaras-corporales-a-todos-sus-agentes-desde-septiembre-pero-solo-publicara-los-videos-que-le-convengan\/","og_locale":"es_ES","og_type":"article","og_title":"ICE exigir\u00e1 c\u00e1maras corporales a todos sus agentes desde septiembre, pero solo publicar\u00e1 los videos que le convengan - Cuballama Noticias","og_description":"ICE anuncia c\u00e1maras corporales obligatorias para todos sus agentes desde septiembre de 2026, pero solo publicar\u00e1 videos si conviene a la agencia.","og_url":"https:\/\/www.cuballama.com\/noticias\/ice-exigira-camaras-corporales-a-todos-sus-agentes-desde-septiembre-pero-solo-publicara-los-videos-que-le-convengan\/","og_site_name":"Cuballama Noticias","article_publisher":"https:\/\/www.facebook.com\/CubaLlama","article_published_time":"2026-09-01T02:13:35+00:00","article_modified_time":"2026-09-01T02:13:42+00:00","og_image":[{"width":1236,"height":722,"url":"https:\/\/cdn1.mediawpaccore.net\/wp-content\/uploads\/2022\/12\/30081254\/ICE_deportation.jpg","type":"image\/jpeg"}],"author":"Roberto A.","twitter_card":"summary_large_image","twitter_creator":"@cuballama","twitter_site":"@cuballama","twitter_misc":{"Escrito por":"Roberto A.","Tiempo de lectura":"6 minutos"},"schema":{"@context":"https:\/\/schema.org","@graph":[{"@type":"Article","@id":"https:\/\/www.cuballama.com\/noticias\/ice-exigira-camaras-corporales-a-todos-sus-agentes-desde-septiembre-pero-solo-publicara-los-videos-que-le-convengan\/#article","isPartOf":{"@id":"https:\/\/www.cuballama.com\/noticias\/ice-exigira-camaras-corporales-a-todos-sus-agentes-desde-septiembre-pero-solo-publicara-los-videos-que-le-convengan\/"},"author":{"name":"Roberto A.","@id":"https:\/\/www.cuballama.com\/noticias\/#\/schema\/person\/a58502ed4146c8e9f83872e897c76cd2"},"headline":"ICE exigir\u00e1 c\u00e1maras corporales a todos sus agentes desde septiembre, pero solo publicar\u00e1 los videos que le convengan","datePublished":"2026-09-01T02:13:35+00:00","dateModified":"2026-09-01T02:13:42+00:00","mainEntityOfPage":{"@id":"https:\/\/www.cuballama.com\/noticias\/ice-exigira-camaras-corporales-a-todos-sus-agentes-desde-septiembre-pero-solo-publicara-los-videos-que-le-convengan\/"},"wordCount":1225,"commentCount":0,"publisher":{"@id":"https:\/\/www.cuballama.com\/noticias\/#organization"},"image":{"@id":"https:\/\/www.cuballama.com\/noticias\/ice-exigira-camaras-corporales-a-todos-sus-agentes-desde-septiembre-pero-solo-publicara-los-videos-que-le-convengan\/#primaryimage"},"thumbnailUrl":"https:\/\/cdn1.mediawpaccore.net\/wp-content\/uploads\/2022\/12\/30081254\/ICE_deportation.jpg","keywords":["ACLU","Axon","c\u00e1maras corporales","Derechos Civiles","DHS","Estados Unidos","ICE","inmigraci\u00f3n","Kristi Noem","redadas migratorias","Transparencia"],"articleSection":["Noticias","USA"],"inLanguage":"es","potentialAction":[{"@type":"CommentAction","name":"Comment","target":["https:\/\/www.cuballama.com\/noticias\/ice-exigira-camaras-corporales-a-todos-sus-agentes-desde-septiembre-pero-solo-publicara-los-videos-que-le-convengan\/#respond"]}]},{"@type":"WebPage","@id":"https:\/\/www.cuballama.com\/noticias\/ice-exigira-camaras-corporales-a-todos-sus-agentes-desde-septiembre-pero-solo-publicara-los-videos-que-le-convengan\/","url":"https:\/\/www.cuballama.com\/noticias\/ice-exigira-camaras-corporales-a-todos-sus-agentes-desde-septiembre-pero-solo-publicara-los-videos-que-le-convengan\/","name":"ICE exigir\u00e1 c\u00e1maras corporales a todos sus agentes desde septiembre, pero solo publicar\u00e1 los videos que le convengan - Cuballama Noticias","isPartOf":{"@id":"https:\/\/www.cuballama.com\/noticias\/#website"},"primaryImageOfPage":{"@id":"https:\/\/www.cuballama.com\/noticias\/ice-exigira-camaras-corporales-a-todos-sus-agentes-desde-septiembre-pero-solo-publicara-los-videos-que-le-convengan\/#primaryimage"},"image":{"@id":"https:\/\/www.cuballama.com\/noticias\/ice-exigira-camaras-corporales-a-todos-sus-agentes-desde-septiembre-pero-solo-publicara-los-videos-que-le-convengan\/#primaryimage"},"thumbnailUrl":"https:\/\/cdn1.mediawpaccore.net\/wp-content\/uploads\/2022\/12\/30081254\/ICE_deportation.jpg","datePublished":"2026-09-01T02:13:35+00:00","dateModified":"2026-09-01T02:13:42+00:00","description":"ICE anuncia c\u00e1maras corporales obligatorias para todos sus agentes desde septiembre de 2026, pero solo publicar\u00e1 videos si conviene a la agencia.","breadcrumb":{"@id":"https:\/\/www.cuballama.com\/noticias\/ice-exigira-camaras-corporales-a-todos-sus-agentes-desde-septiembre-pero-solo-publicara-los-videos-que-le-convengan\/#breadcrumb"},"inLanguage":"es","potentialAction":[{"@type":"ReadAction","target":["https:\/\/www.cuballama.com\/noticias\/ice-exigira-camaras-corporales-a-todos-sus-agentes-desde-septiembre-pero-solo-publicara-los-videos-que-le-convengan\/"]}]},{"@type":"ImageObject","inLanguage":"es","@id":"https:\/\/www.cuballama.com\/noticias\/ice-exigira-camaras-corporales-a-todos-sus-agentes-desde-septiembre-pero-solo-publicara-los-videos-que-le-convengan\/#primaryimage","url":"https:\/\/cdn1.mediawpaccore.net\/wp-content\/uploads\/2022\/12\/30081254\/ICE_deportation.jpg","contentUrl":"https:\/\/cdn1.mediawpaccore.net\/wp-content\/uploads\/2022\/12\/30081254\/ICE_deportation.jpg","width":1236,"height":722,"caption":"Foto: Charles Reed\/EE.UU. Inmigraci\u00f3n y Control de Aduanas\/AP"},{"@type":"BreadcrumbList","@id":"https:\/\/www.cuballama.com\/noticias\/ice-exigira-camaras-corporales-a-todos-sus-agentes-desde-septiembre-pero-solo-publicara-los-videos-que-le-convengan\/#breadcrumb","itemListElement":[{"@type":"ListItem","position":1,"name":"Home","item":"https:\/\/www.cuballama.com\/noticias\/"},{"@type":"ListItem","position":2,"name":"ICE exigir\u00e1 c\u00e1maras corporales a todos sus agentes desde septiembre, pero solo publicar\u00e1 los videos que le convengan"}]},{"@type":"WebSite","@id":"https:\/\/www.cuballama.com\/noticias\/#website","url":"https:\/\/www.cuballama.com\/noticias\/","name":"Cuballama Noticias","description":"Medio digital sobre Cuba y el mundo","publisher":{"@id":"https:\/\/www.cuballama.com\/noticias\/#organization"},"potentialAction":[{"@type":"SearchAction","target":{"@type":"EntryPoint","urlTemplate":"https:\/\/www.cuballama.com\/noticias\/?s={search_term_string}"},"query-input":{"@type":"PropertyValueSpecification","valueRequired":true,"valueName":"search_term_string"}}],"inLanguage":"es"},{"@type":"Organization","@id":"https:\/\/www.cuballama.com\/noticias\/#organization","name":"Cuballama","url":"https:\/\/www.cuballama.com\/noticias\/","logo":{"@type":"ImageObject","inLanguage":"es","@id":"https:\/\/www.cuballama.com\/noticias\/#\/schema\/logo\/image\/","url":"https:\/\/cdn1.mediawpaccore.net\/wp-content\/uploads\/2021\/12\/28171206\/cbll-logo-color-sm.png","contentUrl":"https:\/\/cdn1.mediawpaccore.net\/wp-content\/uploads\/2021\/12\/28171206\/cbll-logo-color-sm.png","width":600,"height":133,"caption":"Cuballama"},"image":{"@id":"https:\/\/www.cuballama.com\/noticias\/#\/schema\/logo\/image\/"},"sameAs":["https:\/\/www.facebook.com\/CubaLlama","https:\/\/x.com\/cuballama","https:\/\/www.instagram.com\/stories\/cuballama_oficial\/","https:\/\/www.youtube.com\/channel\/UCKkFE-d_axENGZcrc4as0IA"]},{"@type":"Person","@id":"https:\/\/www.cuballama.com\/noticias\/#\/schema\/person\/a58502ed4146c8e9f83872e897c76cd2","name":"Roberto A.","description":"Roberto A. Periodista por decisi\u00f3n propia. Interesado en cualquier tema que me apasione y cada vez m\u00e1s comprometido con la verdad y la objetividad period\u00edstica. Graduado en La Habana hace ya muchos a\u00f1os, luego de una accidentada y polvorienta b\u00fasqueda de informaci\u00f3n sobre un tema in\u00e9dito. La Tesis, por cierto, desapareci\u00f3 de la biblioteca y no se conservan copias de la misma.","url":"https:\/\/www.cuballama.com\/noticias\/author\/roberto\/"}]}},"_links":{"self":[{"href":"https:\/\/www.cuballama.com\/noticias\/wp-json\/wp\/v2\/posts\/254326","targetHints":{"allow":["GET"]}}],"collection":[{"href":"https:\/\/www.cuballama.com\/noticias\/wp-json\/wp\/v2\/posts"}],"about":[{"href":"https:\/\/www.cuballama.com\/noticias\/wp-json\/wp\/v2\/types\/post"}],"author":[{"embeddable":true,"href":"https:\/\/www.cuballama.com\/noticias\/wp-json\/wp\/v2\/users\/13"}],"replies":[{"embeddable":true,"href":"https:\/\/www.cuballama.com\/noticias\/wp-json\/wp\/v2\/comments?post=254326"}],"version-history":[{"count":3,"href":"https:\/\/www.cuballama.com\/noticias\/wp-json\/wp\/v2\/posts\/254326\/revisions"}],"predecessor-version":[{"id":255469,"href":"https:\/\/www.cuballama.com\/noticias\/wp-json\/wp\/v2\/posts\/254326\/revisions\/255469"}],"wp:featuredmedia":[{"embeddable":true,"href":"https:\/\/www.cuballama.com\/noticias\/wp-json\/wp\/v2\/media\/110537"}],"wp:attachment":[{"href":"https:\/\/www.cuballama.com\/noticias\/wp-json\/wp\/v2\/media?parent=254326"}],"wp:term":[{"taxonomy":"category","embeddable":true,"href":"https:\/\/www.cuballama.com\/noticias\/wp-json\/wp\/v2\/categories?post=254326"},{"taxonomy":"post_tag","embeddable":true,"href":"https:\/\/www.cuballama.com\/noticias\/wp-json\/wp\/v2\/tags?post=254326"}],"curies":[{"name":"wp","href":"https:\/\/api.w.org\/{rel}","templated":true}]}}