{"id":251503,"date":"2026-09-05T20:28:15","date_gmt":"2026-09-06T00:28:15","guid":{"rendered":"https:\/\/www.cuballama.com\/noticias\/?p=251503"},"modified":"2026-09-05T20:28:18","modified_gmt":"2026-09-06T00:28:18","slug":"seguimos-aqui-la-represion-a-la-libertad-de-expresion-en-cuba-un-cuestionamiento-que-resuena","status":"publish","type":"post","link":"https:\/\/www.cuballama.com\/noticias\/seguimos-aqui-la-represion-a-la-libertad-de-expresion-en-cuba-un-cuestionamiento-que-resuena\/","title":{"rendered":"SEGUIMOS AQUI La represi\u00f3n a la libertad de expresi\u00f3n en Cuba: un cuestionamiento que resuena"},"content":{"rendered":"\n<h2 class=\"wp-block-heading\">Una cubana plantea en un video viral la inquietud sobre por qu\u00e9 criticar al gobierno puede llevar a la c\u00e1rcel en la isla, mientras que en otros pa\u00edses es un derecho.<\/h2>\n\n\n\n<p class=\"wp-block-paragraph\">Un video publicado por Mercy Mej\u00edas en Facebook ha generado un amplio debate sobre la represi\u00f3n a la libertad de expresi\u00f3n en Cuba. En \u00e9l, la cubana se pregunta por qu\u00e9 criticar al gobierno puede resultar en encarcelamiento, mientras que en otros pa\u00edses se ejerce sin consecuencias. Este cuestionamiento, que refleja el sentir de muchos cubanos, ha sido documentado por diversas organizaciones que alertan sobre el aumento de la represi\u00f3n en la isla.<\/p>\n\n\n\n<p class=\"wp-block-paragraph\">En un video que ha resonado entre los cubanos, Mercy Mej\u00edas plantea una pregunta que muchos se hacen en silencio: \u00ab\u00bfPor qu\u00e9 en Cuba criticar al gobierno puede costar la libertad, mientras que en otros pa\u00edses es un derecho ejercido sin consecuencias?\u00bb. Este planteamiento, que se ha vuelto viral, se origina en una reflexi\u00f3n sobre la libertad de expresi\u00f3n y la represi\u00f3n que enfrenta quien se atreve a cuestionar al r\u00e9gimen cubano.<\/p>\n\n\n\n<p class=\"wp-block-paragraph\">Mej\u00edas observa c\u00f3mo en un programa de televisi\u00f3n espa\u00f1ol se debat\u00eda abiertamente sobre los errores del presidente, algo que en Cuba podr\u00eda acarrear severas consecuencias. \u00ab\u00bfPor qu\u00e9 raz\u00f3n nosotros no podemos criticar las cosas malas de este gobierno cuando se hacen?\u00bb, se pregunta, enfatizando la diferencia entre la realidad cubana y la de otros pa\u00edses donde la cr\u00edtica es parte del debate democr\u00e1tico.<\/p>\n\n\n\n<p class=\"wp-block-paragraph\">El contexto de esta inquietud no es aislado. Seg\u00fan el Instituto Cubano por la Libertad de Expresi\u00f3n y Prensa (ICLEP), en 2025 se registraron 1,188 violaciones a la libertad de expresi\u00f3n, lo que representa un aumento del 54.7% respecto al a\u00f1o anterior. En el primer semestre de 2026, las acciones represivas continuaron en aumento, acumulando 1,949 incidentes. Reporteros Sin Fronteras tambi\u00e9n ha documentado la cr\u00edtica situaci\u00f3n de la libertad de prensa en Cuba, ubicando al pa\u00eds en el puesto 160 de 180 en su \u00edndice de 2026.<\/p>\n\n\n\n<p class=\"wp-block-paragraph\">Los casos de detenciones por ejercer la libertad de expresi\u00f3n son numerosos. Erich Alain Chang Padr\u00f3n fue detenido por llamar \u00abdescarado\u00bb al presidente en un video, mientras que Mayel\u00edn Rodr\u00edguez Prado recibi\u00f3 una condena de 15 a\u00f1os por transmitir protestas en vivo. El rapero Fernando Almenares y el artista Leonard Richard Gonz\u00e1lez Alfonso tambi\u00e9n han enfrentado severas penas por expresar sus opiniones a trav\u00e9s de pancartas y grafitis, respectivamente.<\/p>\n\n\n\n<p class=\"wp-block-paragraph\">La Comisi\u00f3n Interamericana de Derechos Humanos (CIDH) ha advertido que la represi\u00f3n pol\u00edtica en Cuba est\u00e1 en uno de sus momentos m\u00e1s cr\u00edticos, con niveles hist\u00f3ricamente altos de detenciones arbitrarias. La situaci\u00f3n se agrava con la implementaci\u00f3n del Decreto-Ley 370, conocido como \u00abLey Azote\u00bb, que criminaliza la difusi\u00f3n de informaci\u00f3n considerada \u00abcontraria al inter\u00e9s social\u00bb en internet, lo que ha llevado a un control a\u00fan m\u00e1s estricto sobre el discurso p\u00fablico.<\/p>\n\n\n\n<p class=\"wp-block-paragraph\">El video de Mej\u00edas, que ha acumulado m\u00e1s de 34,000 vistas y cientos de reacciones, no solo es un llamado a la reflexi\u00f3n, sino tambi\u00e9n un reflejo del descontento generalizado en la poblaci\u00f3n cubana. La pregunta que ella plantea es un eco de la lucha por la libertad de expresi\u00f3n en un pa\u00eds donde la represi\u00f3n se ha vuelto norma.<\/p>\n\n\n\n<p class=\"wp-block-paragraph\">[FUENTES INICIALES]<\/p>\n\n\n\n<ul class=\"wp-block-list\">\n<li>https:\/\/www.cibercuba.com\/noticias\/2026-07-16-u1-e208574-s27061-nid335249-puede-cuestionar-al-gobierno-pregunta-cubana<\/li>\n\n\n\n<li>https:\/\/t.me\/cibercuba\/136542<\/li>\n\n\n\n<li>https:\/\/www.reporterossinfronteras.org<\/li>\n\n\n\n<li>https:\/\/www.iclep.org<\/li>\n\n\n\n<li>https:\/\/www.cidh.oas.org<\/li>\n<\/ul>\n","protected":false},"excerpt":{"rendered":"<p>En un video que ha acumulado miles de visualizaciones, Mercy Mej\u00edas, una cubana, cuestiona la represi\u00f3n que enfrenta quien critica al gobierno en Cuba. Este planteamiento refleja un sentimiento generalizado entre los cubanos, quienes ven c\u00f3mo la libertad de expresi\u00f3n es constantemente vulnerada. Seg\u00fan informes, en 2025 se registraron m\u00e1s de mil violaciones a la libertad de expresi\u00f3n en la isla, un aumento alarmante que evidencia la cr\u00edtica situaci\u00f3n actual.<\/p>\n","protected":false},"author":13,"featured_media":124797,"comment_status":"open","ping_status":"closed","sticky":false,"template":"","format":"standard","meta":{"_acf_changed":false,"footnotes":""},"categories":[18,955],"tags":[11,1420,8081,4747],"class_list":["post-251503","post","type-post","status-publish","format-standard","has-post-thumbnail","category-noticias","category-noticias-de-cuba","tag-cuba","tag-derechos","tag-libertad-de-expresion","tag-represion"],"acf":[],"yoast_head":"<!-- This site is optimized with the Yoast SEO plugin v28.3 - https:\/\/yoast.com\/product\/yoast-seo-wordpress\/ -->\n<title>SEGUIMOS AQUI La represi\u00f3n a la libertad de expresi\u00f3n en Cuba: un cuestionamiento que resuena - Cuballama Noticias<\/title>\n<meta name=\"description\" content=\"Mercy Mej\u00edas plantea en un video por qu\u00e9 criticar al gobierno en Cuba puede llevar a la c\u00e1rcel, en contraste con otros pa\u00edses.\" \/>\n<meta name=\"robots\" content=\"index, follow, max-snippet:-1, max-image-preview:large, max-video-preview:-1\" \/>\n<link rel=\"canonical\" href=\"https:\/\/www.cuballama.com\/noticias\/seguimos-aqui-la-represion-a-la-libertad-de-expresion-en-cuba-un-cuestionamiento-que-resuena\/\" \/>\n<meta property=\"og:locale\" content=\"es_ES\" \/>\n<meta property=\"og:type\" content=\"article\" \/>\n<meta property=\"og:title\" content=\"SEGUIMOS AQUI La represi\u00f3n a la libertad de expresi\u00f3n en Cuba: un cuestionamiento que resuena - Cuballama Noticias\" \/>\n<meta property=\"og:description\" content=\"Mercy Mej\u00edas plantea en un video por qu\u00e9 criticar al gobierno en Cuba puede llevar a la c\u00e1rcel, en contraste con otros pa\u00edses.\" \/>\n<meta property=\"og:url\" content=\"https:\/\/www.cuballama.com\/noticias\/seguimos-aqui-la-represion-a-la-libertad-de-expresion-en-cuba-un-cuestionamiento-que-resuena\/\" \/>\n<meta property=\"og:site_name\" content=\"Cuballama Noticias\" \/>\n<meta property=\"article:publisher\" content=\"https:\/\/www.facebook.com\/CubaLlama\" \/>\n<meta property=\"article:published_time\" content=\"2026-09-06T00:28:15+00:00\" \/>\n<meta property=\"article:modified_time\" content=\"2026-09-06T00:28:18+00:00\" \/>\n<meta property=\"og:image\" content=\"https:\/\/cdn1.mediawpaccore.net\/wp-content\/uploads\/2023\/06\/08104341\/sip-condena-comunicacion-en-Cuba.jpg\" \/>\n\t<meta property=\"og:image:width\" content=\"680\" \/>\n\t<meta property=\"og:image:height\" content=\"382\" \/>\n\t<meta property=\"og:image:type\" content=\"image\/jpeg\" \/>\n<meta name=\"author\" content=\"Roberto A.\" \/>\n<meta name=\"twitter:card\" content=\"summary_large_image\" \/>\n<meta name=\"twitter:creator\" content=\"@cuballama\" \/>\n<meta name=\"twitter:site\" content=\"@cuballama\" \/>\n<meta name=\"twitter:label1\" content=\"Escrito por\" \/>\n\t<meta name=\"twitter:data1\" content=\"Roberto A.\" \/>\n\t<meta name=\"twitter:label2\" content=\"Tiempo de lectura\" \/>\n\t<meta name=\"twitter:data2\" content=\"1 minuto\" \/>\n<script type=\"application\/ld+json\" class=\"yoast-schema-graph\">{\"@context\":\"https:\\\/\\\/schema.org\",\"@graph\":[{\"@type\":\"Article\",\"@id\":\"https:\\\/\\\/www.cuballama.com\\\/noticias\\\/seguimos-aqui-la-represion-a-la-libertad-de-expresion-en-cuba-un-cuestionamiento-que-resuena\\\/#article\",\"isPartOf\":{\"@id\":\"https:\\\/\\\/www.cuballama.com\\\/noticias\\\/seguimos-aqui-la-represion-a-la-libertad-de-expresion-en-cuba-un-cuestionamiento-que-resuena\\\/\"},\"author\":{\"name\":\"Roberto A.\",\"@id\":\"https:\\\/\\\/www.cuballama.com\\\/noticias\\\/#\\\/schema\\\/person\\\/a58502ed4146c8e9f83872e897c76cd2\"},\"headline\":\"SEGUIMOS AQUI La represi\u00f3n a la libertad de expresi\u00f3n en Cuba: un cuestionamiento que resuena\",\"datePublished\":\"2026-09-06T00:28:15+00:00\",\"dateModified\":\"2026-09-06T00:28:18+00:00\",\"mainEntityOfPage\":{\"@id\":\"https:\\\/\\\/www.cuballama.com\\\/noticias\\\/seguimos-aqui-la-represion-a-la-libertad-de-expresion-en-cuba-un-cuestionamiento-que-resuena\\\/\"},\"wordCount\":624,\"commentCount\":0,\"publisher\":{\"@id\":\"https:\\\/\\\/www.cuballama.com\\\/noticias\\\/#organization\"},\"image\":{\"@id\":\"https:\\\/\\\/www.cuballama.com\\\/noticias\\\/seguimos-aqui-la-represion-a-la-libertad-de-expresion-en-cuba-un-cuestionamiento-que-resuena\\\/#primaryimage\"},\"thumbnailUrl\":\"https:\\\/\\\/cdn1.mediawpaccore.net\\\/wp-content\\\/uploads\\\/2023\\\/06\\\/08104341\\\/sip-condena-comunicacion-en-Cuba.jpg\",\"keywords\":[\"Cuba\",\"Derechos\",\"Libertad de Expresi\u00f3n\",\"represi\u00f3n\"],\"articleSection\":[\"Noticias\",\"Noticias de Cuba\"],\"inLanguage\":\"es\",\"potentialAction\":[{\"@type\":\"CommentAction\",\"name\":\"Comment\",\"target\":[\"https:\\\/\\\/www.cuballama.com\\\/noticias\\\/seguimos-aqui-la-represion-a-la-libertad-de-expresion-en-cuba-un-cuestionamiento-que-resuena\\\/#respond\"]}]},{\"@type\":\"WebPage\",\"@id\":\"https:\\\/\\\/www.cuballama.com\\\/noticias\\\/seguimos-aqui-la-represion-a-la-libertad-de-expresion-en-cuba-un-cuestionamiento-que-resuena\\\/\",\"url\":\"https:\\\/\\\/www.cuballama.com\\\/noticias\\\/seguimos-aqui-la-represion-a-la-libertad-de-expresion-en-cuba-un-cuestionamiento-que-resuena\\\/\",\"name\":\"SEGUIMOS AQUI La represi\u00f3n a la libertad de expresi\u00f3n en Cuba: un cuestionamiento que resuena - Cuballama Noticias\",\"isPartOf\":{\"@id\":\"https:\\\/\\\/www.cuballama.com\\\/noticias\\\/#website\"},\"primaryImageOfPage\":{\"@id\":\"https:\\\/\\\/www.cuballama.com\\\/noticias\\\/seguimos-aqui-la-represion-a-la-libertad-de-expresion-en-cuba-un-cuestionamiento-que-resuena\\\/#primaryimage\"},\"image\":{\"@id\":\"https:\\\/\\\/www.cuballama.com\\\/noticias\\\/seguimos-aqui-la-represion-a-la-libertad-de-expresion-en-cuba-un-cuestionamiento-que-resuena\\\/#primaryimage\"},\"thumbnailUrl\":\"https:\\\/\\\/cdn1.mediawpaccore.net\\\/wp-content\\\/uploads\\\/2023\\\/06\\\/08104341\\\/sip-condena-comunicacion-en-Cuba.jpg\",\"datePublished\":\"2026-09-06T00:28:15+00:00\",\"dateModified\":\"2026-09-06T00:28:18+00:00\",\"description\":\"Mercy Mej\u00edas plantea en un video por qu\u00e9 criticar al gobierno en Cuba puede llevar a la c\u00e1rcel, en contraste con otros pa\u00edses.\",\"breadcrumb\":{\"@id\":\"https:\\\/\\\/www.cuballama.com\\\/noticias\\\/seguimos-aqui-la-represion-a-la-libertad-de-expresion-en-cuba-un-cuestionamiento-que-resuena\\\/#breadcrumb\"},\"inLanguage\":\"es\",\"potentialAction\":[{\"@type\":\"ReadAction\",\"target\":[\"https:\\\/\\\/www.cuballama.com\\\/noticias\\\/seguimos-aqui-la-represion-a-la-libertad-de-expresion-en-cuba-un-cuestionamiento-que-resuena\\\/\"]}]},{\"@type\":\"ImageObject\",\"inLanguage\":\"es\",\"@id\":\"https:\\\/\\\/www.cuballama.com\\\/noticias\\\/seguimos-aqui-la-represion-a-la-libertad-de-expresion-en-cuba-un-cuestionamiento-que-resuena\\\/#primaryimage\",\"url\":\"https:\\\/\\\/cdn1.mediawpaccore.net\\\/wp-content\\\/uploads\\\/2023\\\/06\\\/08104341\\\/sip-condena-comunicacion-en-Cuba.jpg\",\"contentUrl\":\"https:\\\/\\\/cdn1.mediawpaccore.net\\\/wp-content\\\/uploads\\\/2023\\\/06\\\/08104341\\\/sip-condena-comunicacion-en-Cuba.jpg\",\"width\":680,\"height\":382,\"caption\":\"SIP condena censura en Cuba \\\/ Foto Twitter\"},{\"@type\":\"BreadcrumbList\",\"@id\":\"https:\\\/\\\/www.cuballama.com\\\/noticias\\\/seguimos-aqui-la-represion-a-la-libertad-de-expresion-en-cuba-un-cuestionamiento-que-resuena\\\/#breadcrumb\",\"itemListElement\":[{\"@type\":\"ListItem\",\"position\":1,\"name\":\"Home\",\"item\":\"https:\\\/\\\/www.cuballama.com\\\/noticias\\\/\"},{\"@type\":\"ListItem\",\"position\":2,\"name\":\"SEGUIMOS AQUI La represi\u00f3n a la libertad de expresi\u00f3n en Cuba: un cuestionamiento que resuena\"}]},{\"@type\":\"WebSite\",\"@id\":\"https:\\\/\\\/www.cuballama.com\\\/noticias\\\/#website\",\"url\":\"https:\\\/\\\/www.cuballama.com\\\/noticias\\\/\",\"name\":\"Cuballama Noticias\",\"description\":\"Medio digital sobre Cuba y el mundo\",\"publisher\":{\"@id\":\"https:\\\/\\\/www.cuballama.com\\\/noticias\\\/#organization\"},\"potentialAction\":[{\"@type\":\"SearchAction\",\"target\":{\"@type\":\"EntryPoint\",\"urlTemplate\":\"https:\\\/\\\/www.cuballama.com\\\/noticias\\\/?s={search_term_string}\"},\"query-input\":{\"@type\":\"PropertyValueSpecification\",\"valueRequired\":true,\"valueName\":\"search_term_string\"}}],\"inLanguage\":\"es\"},{\"@type\":\"Organization\",\"@id\":\"https:\\\/\\\/www.cuballama.com\\\/noticias\\\/#organization\",\"name\":\"Cuballama\",\"url\":\"https:\\\/\\\/www.cuballama.com\\\/noticias\\\/\",\"logo\":{\"@type\":\"ImageObject\",\"inLanguage\":\"es\",\"@id\":\"https:\\\/\\\/www.cuballama.com\\\/noticias\\\/#\\\/schema\\\/logo\\\/image\\\/\",\"url\":\"https:\\\/\\\/cdn1.mediawpaccore.net\\\/wp-content\\\/uploads\\\/2021\\\/12\\\/28171206\\\/cbll-logo-color-sm.png\",\"contentUrl\":\"https:\\\/\\\/cdn1.mediawpaccore.net\\\/wp-content\\\/uploads\\\/2021\\\/12\\\/28171206\\\/cbll-logo-color-sm.png\",\"width\":600,\"height\":133,\"caption\":\"Cuballama\"},\"image\":{\"@id\":\"https:\\\/\\\/www.cuballama.com\\\/noticias\\\/#\\\/schema\\\/logo\\\/image\\\/\"},\"sameAs\":[\"https:\\\/\\\/www.facebook.com\\\/CubaLlama\",\"https:\\\/\\\/x.com\\\/cuballama\",\"https:\\\/\\\/www.instagram.com\\\/stories\\\/cuballama_oficial\\\/\",\"https:\\\/\\\/www.youtube.com\\\/channel\\\/UCKkFE-d_axENGZcrc4as0IA\"]},{\"@type\":\"Person\",\"@id\":\"https:\\\/\\\/www.cuballama.com\\\/noticias\\\/#\\\/schema\\\/person\\\/a58502ed4146c8e9f83872e897c76cd2\",\"name\":\"Roberto A.\",\"description\":\"Roberto A. Periodista por decisi\u00f3n propia. Interesado en cualquier tema que me apasione y cada vez m\u00e1s comprometido con la verdad y la objetividad period\u00edstica. Graduado en La Habana hace ya muchos a\u00f1os, luego de una accidentada y polvorienta b\u00fasqueda de informaci\u00f3n sobre un tema in\u00e9dito. La Tesis, por cierto, desapareci\u00f3 de la biblioteca y no se conservan copias de la misma.\",\"url\":\"https:\\\/\\\/www.cuballama.com\\\/noticias\\\/author\\\/roberto\\\/\"}]}<\/script>\n<!-- \/ Yoast SEO plugin. -->","yoast_head_json":{"title":"SEGUIMOS AQUI La represi\u00f3n a la libertad de expresi\u00f3n en Cuba: un cuestionamiento que resuena - Cuballama Noticias","description":"Mercy Mej\u00edas plantea en un video por qu\u00e9 criticar al gobierno en Cuba puede llevar a la c\u00e1rcel, en contraste con otros pa\u00edses.","robots":{"index":"index","follow":"follow","max-snippet":"max-snippet:-1","max-image-preview":"max-image-preview:large","max-video-preview":"max-video-preview:-1"},"canonical":"https:\/\/www.cuballama.com\/noticias\/seguimos-aqui-la-represion-a-la-libertad-de-expresion-en-cuba-un-cuestionamiento-que-resuena\/","og_locale":"es_ES","og_type":"article","og_title":"SEGUIMOS AQUI La represi\u00f3n a la libertad de expresi\u00f3n en Cuba: un cuestionamiento que resuena - Cuballama Noticias","og_description":"Mercy Mej\u00edas plantea en un video por qu\u00e9 criticar al gobierno en Cuba puede llevar a la c\u00e1rcel, en contraste con otros pa\u00edses.","og_url":"https:\/\/www.cuballama.com\/noticias\/seguimos-aqui-la-represion-a-la-libertad-de-expresion-en-cuba-un-cuestionamiento-que-resuena\/","og_site_name":"Cuballama Noticias","article_publisher":"https:\/\/www.facebook.com\/CubaLlama","article_published_time":"2026-09-06T00:28:15+00:00","article_modified_time":"2026-09-06T00:28:18+00:00","og_image":[{"width":680,"height":382,"url":"https:\/\/cdn1.mediawpaccore.net\/wp-content\/uploads\/2023\/06\/08104341\/sip-condena-comunicacion-en-Cuba.jpg","type":"image\/jpeg"}],"author":"Roberto A.","twitter_card":"summary_large_image","twitter_creator":"@cuballama","twitter_site":"@cuballama","twitter_misc":{"Escrito por":"Roberto A.","Tiempo de lectura":"1 minuto"},"schema":{"@context":"https:\/\/schema.org","@graph":[{"@type":"Article","@id":"https:\/\/www.cuballama.com\/noticias\/seguimos-aqui-la-represion-a-la-libertad-de-expresion-en-cuba-un-cuestionamiento-que-resuena\/#article","isPartOf":{"@id":"https:\/\/www.cuballama.com\/noticias\/seguimos-aqui-la-represion-a-la-libertad-de-expresion-en-cuba-un-cuestionamiento-que-resuena\/"},"author":{"name":"Roberto A.","@id":"https:\/\/www.cuballama.com\/noticias\/#\/schema\/person\/a58502ed4146c8e9f83872e897c76cd2"},"headline":"SEGUIMOS AQUI La represi\u00f3n a la libertad de expresi\u00f3n en Cuba: un cuestionamiento que resuena","datePublished":"2026-09-06T00:28:15+00:00","dateModified":"2026-09-06T00:28:18+00:00","mainEntityOfPage":{"@id":"https:\/\/www.cuballama.com\/noticias\/seguimos-aqui-la-represion-a-la-libertad-de-expresion-en-cuba-un-cuestionamiento-que-resuena\/"},"wordCount":624,"commentCount":0,"publisher":{"@id":"https:\/\/www.cuballama.com\/noticias\/#organization"},"image":{"@id":"https:\/\/www.cuballama.com\/noticias\/seguimos-aqui-la-represion-a-la-libertad-de-expresion-en-cuba-un-cuestionamiento-que-resuena\/#primaryimage"},"thumbnailUrl":"https:\/\/cdn1.mediawpaccore.net\/wp-content\/uploads\/2023\/06\/08104341\/sip-condena-comunicacion-en-Cuba.jpg","keywords":["Cuba","Derechos","Libertad de Expresi\u00f3n","represi\u00f3n"],"articleSection":["Noticias","Noticias de Cuba"],"inLanguage":"es","potentialAction":[{"@type":"CommentAction","name":"Comment","target":["https:\/\/www.cuballama.com\/noticias\/seguimos-aqui-la-represion-a-la-libertad-de-expresion-en-cuba-un-cuestionamiento-que-resuena\/#respond"]}]},{"@type":"WebPage","@id":"https:\/\/www.cuballama.com\/noticias\/seguimos-aqui-la-represion-a-la-libertad-de-expresion-en-cuba-un-cuestionamiento-que-resuena\/","url":"https:\/\/www.cuballama.com\/noticias\/seguimos-aqui-la-represion-a-la-libertad-de-expresion-en-cuba-un-cuestionamiento-que-resuena\/","name":"SEGUIMOS AQUI La represi\u00f3n a la libertad de expresi\u00f3n en Cuba: un cuestionamiento que resuena - Cuballama Noticias","isPartOf":{"@id":"https:\/\/www.cuballama.com\/noticias\/#website"},"primaryImageOfPage":{"@id":"https:\/\/www.cuballama.com\/noticias\/seguimos-aqui-la-represion-a-la-libertad-de-expresion-en-cuba-un-cuestionamiento-que-resuena\/#primaryimage"},"image":{"@id":"https:\/\/www.cuballama.com\/noticias\/seguimos-aqui-la-represion-a-la-libertad-de-expresion-en-cuba-un-cuestionamiento-que-resuena\/#primaryimage"},"thumbnailUrl":"https:\/\/cdn1.mediawpaccore.net\/wp-content\/uploads\/2023\/06\/08104341\/sip-condena-comunicacion-en-Cuba.jpg","datePublished":"2026-09-06T00:28:15+00:00","dateModified":"2026-09-06T00:28:18+00:00","description":"Mercy Mej\u00edas plantea en un video por qu\u00e9 criticar al gobierno en Cuba puede llevar a la c\u00e1rcel, en contraste con otros pa\u00edses.","breadcrumb":{"@id":"https:\/\/www.cuballama.com\/noticias\/seguimos-aqui-la-represion-a-la-libertad-de-expresion-en-cuba-un-cuestionamiento-que-resuena\/#breadcrumb"},"inLanguage":"es","potentialAction":[{"@type":"ReadAction","target":["https:\/\/www.cuballama.com\/noticias\/seguimos-aqui-la-represion-a-la-libertad-de-expresion-en-cuba-un-cuestionamiento-que-resuena\/"]}]},{"@type":"ImageObject","inLanguage":"es","@id":"https:\/\/www.cuballama.com\/noticias\/seguimos-aqui-la-represion-a-la-libertad-de-expresion-en-cuba-un-cuestionamiento-que-resuena\/#primaryimage","url":"https:\/\/cdn1.mediawpaccore.net\/wp-content\/uploads\/2023\/06\/08104341\/sip-condena-comunicacion-en-Cuba.jpg","contentUrl":"https:\/\/cdn1.mediawpaccore.net\/wp-content\/uploads\/2023\/06\/08104341\/sip-condena-comunicacion-en-Cuba.jpg","width":680,"height":382,"caption":"SIP condena censura en Cuba \/ Foto Twitter"},{"@type":"BreadcrumbList","@id":"https:\/\/www.cuballama.com\/noticias\/seguimos-aqui-la-represion-a-la-libertad-de-expresion-en-cuba-un-cuestionamiento-que-resuena\/#breadcrumb","itemListElement":[{"@type":"ListItem","position":1,"name":"Home","item":"https:\/\/www.cuballama.com\/noticias\/"},{"@type":"ListItem","position":2,"name":"SEGUIMOS AQUI La represi\u00f3n a la libertad de expresi\u00f3n en Cuba: un cuestionamiento que resuena"}]},{"@type":"WebSite","@id":"https:\/\/www.cuballama.com\/noticias\/#website","url":"https:\/\/www.cuballama.com\/noticias\/","name":"Cuballama Noticias","description":"Medio digital sobre Cuba y el mundo","publisher":{"@id":"https:\/\/www.cuballama.com\/noticias\/#organization"},"potentialAction":[{"@type":"SearchAction","target":{"@type":"EntryPoint","urlTemplate":"https:\/\/www.cuballama.com\/noticias\/?s={search_term_string}"},"query-input":{"@type":"PropertyValueSpecification","valueRequired":true,"valueName":"search_term_string"}}],"inLanguage":"es"},{"@type":"Organization","@id":"https:\/\/www.cuballama.com\/noticias\/#organization","name":"Cuballama","url":"https:\/\/www.cuballama.com\/noticias\/","logo":{"@type":"ImageObject","inLanguage":"es","@id":"https:\/\/www.cuballama.com\/noticias\/#\/schema\/logo\/image\/","url":"https:\/\/cdn1.mediawpaccore.net\/wp-content\/uploads\/2021\/12\/28171206\/cbll-logo-color-sm.png","contentUrl":"https:\/\/cdn1.mediawpaccore.net\/wp-content\/uploads\/2021\/12\/28171206\/cbll-logo-color-sm.png","width":600,"height":133,"caption":"Cuballama"},"image":{"@id":"https:\/\/www.cuballama.com\/noticias\/#\/schema\/logo\/image\/"},"sameAs":["https:\/\/www.facebook.com\/CubaLlama","https:\/\/x.com\/cuballama","https:\/\/www.instagram.com\/stories\/cuballama_oficial\/","https:\/\/www.youtube.com\/channel\/UCKkFE-d_axENGZcrc4as0IA"]},{"@type":"Person","@id":"https:\/\/www.cuballama.com\/noticias\/#\/schema\/person\/a58502ed4146c8e9f83872e897c76cd2","name":"Roberto A.","description":"Roberto A. Periodista por decisi\u00f3n propia. Interesado en cualquier tema que me apasione y cada vez m\u00e1s comprometido con la verdad y la objetividad period\u00edstica. Graduado en La Habana hace ya muchos a\u00f1os, luego de una accidentada y polvorienta b\u00fasqueda de informaci\u00f3n sobre un tema in\u00e9dito. La Tesis, por cierto, desapareci\u00f3 de la biblioteca y no se conservan copias de la misma.","url":"https:\/\/www.cuballama.com\/noticias\/author\/roberto\/"}]}},"_links":{"self":[{"href":"https:\/\/www.cuballama.com\/noticias\/wp-json\/wp\/v2\/posts\/251503","targetHints":{"allow":["GET"]}}],"collection":[{"href":"https:\/\/www.cuballama.com\/noticias\/wp-json\/wp\/v2\/posts"}],"about":[{"href":"https:\/\/www.cuballama.com\/noticias\/wp-json\/wp\/v2\/types\/post"}],"author":[{"embeddable":true,"href":"https:\/\/www.cuballama.com\/noticias\/wp-json\/wp\/v2\/users\/13"}],"replies":[{"embeddable":true,"href":"https:\/\/www.cuballama.com\/noticias\/wp-json\/wp\/v2\/comments?post=251503"}],"version-history":[{"count":3,"href":"https:\/\/www.cuballama.com\/noticias\/wp-json\/wp\/v2\/posts\/251503\/revisions"}],"predecessor-version":[{"id":256217,"href":"https:\/\/www.cuballama.com\/noticias\/wp-json\/wp\/v2\/posts\/251503\/revisions\/256217"}],"wp:featuredmedia":[{"embeddable":true,"href":"https:\/\/www.cuballama.com\/noticias\/wp-json\/wp\/v2\/media\/124797"}],"wp:attachment":[{"href":"https:\/\/www.cuballama.com\/noticias\/wp-json\/wp\/v2\/media?parent=251503"}],"wp:term":[{"taxonomy":"category","embeddable":true,"href":"https:\/\/www.cuballama.com\/noticias\/wp-json\/wp\/v2\/categories?post=251503"},{"taxonomy":"post_tag","embeddable":true,"href":"https:\/\/www.cuballama.com\/noticias\/wp-json\/wp\/v2\/tags?post=251503"}],"curies":[{"name":"wp","href":"https:\/\/api.w.org\/{rel}","templated":true}]}}