{"id":248908,"date":"2026-09-04T15:29:10","date_gmt":"2026-09-04T19:29:10","guid":{"rendered":"https:\/\/www.cuballama.com\/noticias\/?p=248908"},"modified":"2026-09-04T15:29:16","modified_gmt":"2026-09-04T19:29:16","slug":"la-historia-de-la-madre-de-vozinha-el-heroe-de-cabo-verde-pudo-verlo-jugar-en-el-mundial-gracias-a-un-cubano","status":"publish","type":"post","link":"https:\/\/www.cuballama.com\/noticias\/la-historia-de-la-madre-de-vozinha-el-heroe-de-cabo-verde-pudo-verlo-jugar-en-el-mundial-gracias-a-un-cubano\/","title":{"rendered":"La historia de la madre de Vozinha, el h\u00e9roe de Cabo Verde. Pudo verlo jugar en el Mundial gracias a un cubano"},"content":{"rendered":"\n<p class=\"wp-block-paragraph\">Todo comenz\u00f3 con un llanto despu\u00e9s de un partido. El lunes 15 de junio, Josimar Jos\u00e9 \u00c9vora Dias, conocido en el f\u00fatbol como \u00abVozinha\u00bb, se convirti\u00f3 en el h\u00e9roe del hist\u00f3rico empate 0-0 de Cabo Verde ante Espa\u00f1a, con siete atajadas que sostuvieron el resultado. Pero cuando los periodistas lo rodearon despu\u00e9s del partido, el portero de 40 a\u00f1os no hablaba de las atajadas. Hablaba de su madre, que no hab\u00eda podido viajar por el costo de la visa.<\/p>\n\n\n\n<h2 class=\"wp-block-heading\">Una fianza de 15,000 d\u00f3lares<\/h2>\n\n\n\n<p class=\"wp-block-paragraph\">El obst\u00e1culo ten\u00eda un nombre y un n\u00famero concretos: <strong>una fianza de garant\u00eda migratoria de 15.000 d\u00f3lares, que Estados Unidos exige a los ciudadanos de Cabo Verde que tramitan visas de turismo y negocios (categor\u00eda B1\/B2).<\/strong> Para Ana C\u00e1ndida \u00c9vora, madre del portero, esa cifra hac\u00eda el viaje sencillamente impagable. Vozinha, como jugador, en la 2da categor\u00eda donde se desempe\u00f1a, apenas gana unos 50 mil al a\u00f1o. <\/p>\n\n\n\n<p class=\"wp-block-paragraph\">El gobierno estadounidense hab\u00eda suspendido recientemente ese costoso requisito para aficionados con boletos del Mundial, pero la exenci\u00f3n lleg\u00f3 demasiado tarde para que la familia de Vozinha completara el proceso antes del debut. El Departamento de Estado, adem\u00e1s, dijo inicialmente no tener registro de ninguna solicitud de visa a nombre de la madre del jugador.<\/p>\n\n\n\n<blockquote class=\"instagram-media\" data-instgrm-captioned data-instgrm-permalink=\"https:\/\/www.instagram.com\/p\/8S3gRAKbaV\/?utm_source=ig_embed&amp;utm_campaign=loading\" data-instgrm-version=\"14\" style=\" background:#FFF; border:0; border-radius:3px; box-shadow:0 0 1px 0 rgba(0,0,0,0.5),0 1px 10px 0 rgba(0,0,0,0.15); margin: 1px; max-width:540px; min-width:326px; padding:0; width:99.375%; width:-webkit-calc(100% - 2px); width:calc(100% - 2px);\"><div style=\"padding:16px;\"> <a href=\"https:\/\/www.instagram.com\/p\/8S3gRAKbaV\/?utm_source=ig_embed&amp;utm_campaign=loading\" style=\" background:#FFFFFF; line-height:0; padding:0 0; text-align:center; text-decoration:none; width:100%;\" target=\"_blank\"> <div style=\" display: flex; flex-direction: row; align-items: center;\"> <div style=\"background-color: #F4F4F4; border-radius: 50%; flex-grow: 0; height: 40px; margin-right: 14px; width: 40px;\"><\/div> <div style=\"display: flex; flex-direction: column; flex-grow: 1; justify-content: center;\"> <div style=\" background-color: #F4F4F4; border-radius: 4px; flex-grow: 0; height: 14px; margin-bottom: 6px; width: 100px;\"><\/div> <div style=\" background-color: #F4F4F4; border-radius: 4px; flex-grow: 0; height: 14px; width: 60px;\"><\/div><\/div><\/div><div style=\"padding: 19% 0;\"><\/div> <div style=\"display:block; height:50px; margin:0 auto 12px; width:50px;\"><svg width=\"50px\" height=\"50px\" viewBox=\"0 0 60 60\" version=\"1.1\" xmlns=\"https:\/\/www.w3.org\/2000\/svg\" xmlns:xlink=\"https:\/\/www.w3.org\/1999\/xlink\"><g stroke=\"none\" stroke-width=\"1\" fill=\"none\" fill-rule=\"evenodd\"><g transform=\"translate(-511.000000, -20.000000)\" fill=\"#000000\"><g><path d=\"M556.869,30.41 C554.814,30.41 553.148,32.076 553.148,34.131 C553.148,36.186 554.814,37.852 556.869,37.852 C558.924,37.852 560.59,36.186 560.59,34.131 C560.59,32.076 558.924,30.41 556.869,30.41 M541,60.657 C535.114,60.657 530.342,55.887 530.342,50 C530.342,44.114 535.114,39.342 541,39.342 C546.887,39.342 551.658,44.114 551.658,50 C551.658,55.887 546.887,60.657 541,60.657 M541,33.886 C532.1,33.886 524.886,41.1 524.886,50 C524.886,58.899 532.1,66.113 541,66.113 C549.9,66.113 557.115,58.899 557.115,50 C557.115,41.1 549.9,33.886 541,33.886 M565.378,62.101 C565.244,65.022 564.756,66.606 564.346,67.663 C563.803,69.06 563.154,70.057 562.106,71.106 C561.058,72.155 560.06,72.803 558.662,73.347 C557.607,73.757 556.021,74.244 553.102,74.378 C549.944,74.521 548.997,74.552 541,74.552 C533.003,74.552 532.056,74.521 528.898,74.378 C525.979,74.244 524.393,73.757 523.338,73.347 C521.94,72.803 520.942,72.155 519.894,71.106 C518.846,70.057 518.197,69.06 517.654,67.663 C517.244,66.606 516.755,65.022 516.623,62.101 C516.479,58.943 516.448,57.996 516.448,50 C516.448,42.003 516.479,41.056 516.623,37.899 C516.755,34.978 517.244,33.391 517.654,32.338 C518.197,30.938 518.846,29.942 519.894,28.894 C520.942,27.846 521.94,27.196 523.338,26.654 C524.393,26.244 525.979,25.756 528.898,25.623 C532.057,25.479 533.004,25.448 541,25.448 C548.997,25.448 549.943,25.479 553.102,25.623 C556.021,25.756 557.607,26.244 558.662,26.654 C560.06,27.196 561.058,27.846 562.106,28.894 C563.154,29.942 563.803,30.938 564.346,32.338 C564.756,33.391 565.244,34.978 565.378,37.899 C565.522,41.056 565.552,42.003 565.552,50 C565.552,57.996 565.522,58.943 565.378,62.101 M570.82,37.631 C570.674,34.438 570.167,32.258 569.425,30.349 C568.659,28.377 567.633,26.702 565.965,25.035 C564.297,23.368 562.623,22.342 560.652,21.575 C558.743,20.834 556.562,20.326 553.369,20.18 C550.169,20.033 549.148,20 541,20 C532.853,20 531.831,20.033 528.631,20.18 C525.438,20.326 523.257,20.834 521.349,21.575 C519.376,22.342 517.703,23.368 516.035,25.035 C514.368,26.702 513.342,28.377 512.574,30.349 C511.834,32.258 511.326,34.438 511.181,37.631 C511.035,40.831 511,41.851 511,50 C511,58.147 511.035,59.17 511.181,62.369 C511.326,65.562 511.834,67.743 512.574,69.651 C513.342,71.625 514.368,73.296 516.035,74.965 C517.703,76.634 519.376,77.658 521.349,78.425 C523.257,79.167 525.438,79.673 528.631,79.82 C531.831,79.965 532.853,80.001 541,80.001 C549.148,80.001 550.169,79.965 553.369,79.82 C556.562,79.673 558.743,79.167 560.652,78.425 C562.623,77.658 564.297,76.634 565.965,74.965 C567.633,73.296 568.659,71.625 569.425,69.651 C570.167,67.743 570.674,65.562 570.82,62.369 C570.966,59.17 571,58.147 571,50 C571,41.851 570.966,40.831 570.82,37.631\"><\/path><\/g><\/g><\/g><\/svg><\/div><div style=\"padding-top: 8px;\"> <div style=\" color:#3897f0; font-family:Arial,sans-serif; font-size:14px; font-style:normal; font-weight:550; line-height:18px;\">Ver esta publicaci\u00f3n en Instagram<\/div><\/div><div style=\"padding: 12.5% 0;\"><\/div> <div style=\"display: flex; flex-direction: row; margin-bottom: 14px; align-items: center;\"><div> <div style=\"background-color: #F4F4F4; border-radius: 50%; height: 12.5px; width: 12.5px; transform: translateX(0px) translateY(7px);\"><\/div> <div style=\"background-color: #F4F4F4; height: 12.5px; transform: rotate(-45deg) translateX(3px) translateY(1px); width: 12.5px; flex-grow: 0; margin-right: 14px; margin-left: 2px;\"><\/div> <div style=\"background-color: #F4F4F4; border-radius: 50%; height: 12.5px; width: 12.5px; transform: translateX(9px) translateY(-18px);\"><\/div><\/div><div style=\"margin-left: 8px;\"> <div style=\" background-color: #F4F4F4; border-radius: 50%; flex-grow: 0; height: 20px; width: 20px;\"><\/div> <div style=\" width: 0; height: 0; border-top: 2px solid transparent; border-left: 6px solid #f4f4f4; border-bottom: 2px solid transparent; transform: translateX(16px) translateY(-4px) rotate(30deg)\"><\/div><\/div><div style=\"margin-left: auto;\"> <div style=\" width: 0px; border-top: 8px solid #F4F4F4; border-right: 8px solid transparent; transform: translateY(16px);\"><\/div> <div style=\" background-color: #F4F4F4; flex-grow: 0; height: 12px; width: 16px; transform: translateY(-4px);\"><\/div> <div style=\" width: 0; height: 0; border-top: 8px solid #F4F4F4; border-left: 8px solid transparent; transform: translateY(-4px) translateX(8px);\"><\/div><\/div><\/div> <div style=\"display: flex; flex-direction: column; flex-grow: 1; justify-content: center; margin-bottom: 24px;\"> <div style=\" background-color: #F4F4F4; border-radius: 4px; flex-grow: 0; height: 14px; margin-bottom: 6px; width: 224px;\"><\/div> <div style=\" background-color: #F4F4F4; border-radius: 4px; flex-grow: 0; height: 14px; width: 144px;\"><\/div><\/div><\/a><p style=\" color:#c9c8cd; font-family:Arial,sans-serif; font-size:14px; line-height:17px; margin-bottom:0; margin-top:8px; overflow:hidden; padding:8px 0 7px; text-align:center; text-overflow:ellipsis; white-space:nowrap;\"><a href=\"https:\/\/www.instagram.com\/p\/8S3gRAKbaV\/?utm_source=ig_embed&amp;utm_campaign=loading\" style=\" color:#c9c8cd; font-family:Arial,sans-serif; font-size:14px; font-style:normal; font-weight:normal; line-height:17px; text-decoration:none;\" target=\"_blank\">Una publicaci\u00f3n compartida por Josimar Dias (@vozinha1)<\/a><\/p><\/div><\/blockquote>\n<script async src=\"\/\/www.instagram.com\/embed.js\"><\/script>\n\n\n\n<h2 class=\"wp-block-heading\">La intervenci\u00f3n de un congresista con ra\u00edces caboverdianas y un cubano<\/h2>\n\n\n\n<p class=\"wp-block-paragraph\">Las declaraciones del portero se viralizaron casi de inmediato, y llegaron hasta el Capitolio. Hakeem Jeffries, l\u00edder de la minor\u00eda dem\u00f3crata en la C\u00e1mara de Representantes de Estados Unidos \u2014que tiene, \u00e9l mismo, ascendencia caboverdiana\u2014 tom\u00f3 el caso como propio.<\/p>\n\n\n\n<p class=\"wp-block-paragraph\">\u00abAl enterarme de esta situaci\u00f3n, habl\u00e9 con el secretario de Estado Marco Rubio y ped\u00ed al Departamento de Estado que hiciera todo lo que estuviera en su mano para garantizar que su madre pudiera asistir al pr\u00f3ximo partido de Cabo Verde\u00bb, afirm\u00f3 Jeffries en un comunicado. El mi\u00e9rcoles 17 de junio, confirm\u00f3 la noticia que toda Cabo Verde esperaba: <strong>\u00abTengo el privilegio de anunciar que la madre de Vozinha podr\u00e1 obtener un visado a tiempo para asistir al partido del domingo contra Uruguay.\u00bb<\/strong><\/p>\n\n\n\n<h2 class=\"wp-block-heading\">De Mindelo a Miami<\/h2>\n\n\n\n<p class=\"wp-block-paragraph\">Ana C\u00e1ndida \u00c9vora viaj\u00f3 desde su casa en Mindelo, en la isla de S\u00e3o Vicente, acompa\u00f1ada de dos de sus nietos, Marvin Junior y La\u00eds Sof\u00eda. Im\u00e1genes de la agencia Reuters la muestran posando en el Aeropuerto Internacional Ces\u00e1ria \u00c9vora momentos antes de partir hacia Estados Unidos, el mi\u00e9rcoles 17 de junio.<\/p>\n\n\n\n<p class=\"wp-block-paragraph\">Cabo Verde, la naci\u00f3n m\u00e1s peque\u00f1a en aparecer en un Mundial de f\u00fatbol masculino, vive su primera participaci\u00f3n en la historia del torneo. La actuaci\u00f3n de Vozinha frente a Espa\u00f1a ya lo convirti\u00f3 en uno de los relatos m\u00e1s comentados de esta primera ronda. <\/p>\n\n\n\n<iframe loading=\"lazy\" src=\"https:\/\/www.facebook.com\/plugins\/video.php?height=476&#038;href=https%3A%2F%2Fwww.facebook.com%2Freel%2F2022633909127754%2F&#038;show_text=true&#038;width=267&#038;t=0\" width=\"267\" height=\"591\" style=\"border:none;overflow:hidden\" scrolling=\"no\" frameborder=\"0\" allowfullscreen=\"true\" allow=\"autoplay; clipboard-write; encrypted-media; picture-in-picture; web-share\" allowFullScreen=\"true\"><\/iframe>\n\n\n\n<p class=\"wp-block-paragraph\">Seis d\u00edas despu\u00e9s, el domingo 21 de junio, esa historia tuvo el final que millones de personas en redes sociales ped\u00edan. En el Hard Rock Stadium de Miami Gardens, antes de que Cabo Verde y Uruguay saltaran a la cancha por la segunda fecha del Grupo H, Ana C\u00e1ndida \u00c9vora ya estaba en las gradas, con una bandera de Cabo Verde en las manos, cantando el himno de su pa\u00eds junto a otros familiares de la selecci\u00f3n.<\/p>\n\n\n\n<h2 class=\"wp-block-heading\">Un partido de ida y vuelta<\/h2>\n\n\n\n<p class=\"wp-block-paragraph\">Lo que vino despu\u00e9s fue uno de los partidos m\u00e1s vibrantes de esta segunda jornada. Cabo Verde sorprendi\u00f3 primero: al minuto 21, el estadio estall\u00f3 cuando los africanos se pusieron en ventaja con un gol que m\u00e1s de un medio describi\u00f3 como candidato a tanto del torneo. Uruguay reaccion\u00f3 antes del descanso: Maximiliano Ara\u00fajo empat\u00f3 con un cabezazo al minuto 44, y poco despu\u00e9s, ya en el descuento del primer tiempo, Agust\u00edn Canobbio puso el 2-1 a favor de la Celeste tras una jugada coral por la banda.<\/p>\n\n\n\n<p class=\"wp-block-paragraph\">Cabo Verde no se rindi\u00f3. Con Vozinha conteniendo una y otra vez los intentos uruguayos, los \u00abTiburones Azules\u00bb encontraron el premio sobre el final: una p\u00e9rdida de bal\u00f3n de Math\u00edas Olivera, combinada con una salida fallida del portero uruguayo Fernando Muslera, dej\u00f3 el camino libre para que Helio Varela empujara el bal\u00f3n a la red vac\u00eda y sellara el 2-2 definitivo.<\/p>\n\n\n\n<h2 class=\"wp-block-heading\">La mirada hacia la tribuna<\/h2>\n\n\n\n<p class=\"wp-block-paragraph\">Cuando el \u00e1rbitro pit\u00f3 el final, Vozinha no celebr\u00f3 con sus compa\u00f1eros de inmediato. Levant\u00f3 la vista hacia las gradas, encontr\u00f3 a su madre, y alz\u00f3 los brazos hacia ella. Ana C\u00e1ndida, con la bandera todav\u00eda en las manos, le devolvi\u00f3 el gesto en una de las im\u00e1genes m\u00e1s compartidas de la jornada.<\/p>\n\n\n\n<p class=\"wp-block-paragraph\">\u00abEs muy emocionante, para m\u00ed es una gran satisfacci\u00f3n\u00bb, dijo Vozinha al finalizar el encuentro. Su madre, en un video difundido por la FIFA, no escondi\u00f3 la emoci\u00f3n: \u00abQuiero agradecer a todos los hinchas y a toda la gente que me ayud\u00f3 en este proceso. Tambi\u00e9n por el apoyo que dan a los equipos, especialmente a Cabo Verde. Todos estamos apoyando a Cabo Verde para que juegue bien y brille en el campo.\u00bb Y cerr\u00f3 con un grito que ya es parte de la historia de este Mundial para los caboverdianos: \u00ab\u00a1Vamos, Tiburones Azules!\u00bb<\/p>\n\n\n\n<p class=\"wp-block-paragraph\">Cabo Verde finalmente cedi\u00f3 ante Argentina en Miami, tras un hist\u00f3rico duelo que llev\u00f3 al campe\u00f3n del mundo hasta la pr\u00f3rroga y termin\u00f3 3-2.<\/p>\n\n\n\n<p class=\"wp-block-paragraph\">Para Vozinha y su madre, sin embargo, el resultado de Cabo Verde en el Mundial qued\u00f3 en segundo plano. Lo que ninguna visa pudo impedir, finalmente, fue ese abrazo a la distancia entre el campo y la tribuna.<\/p>\n\n\n\n<blockquote class=\"instagram-media\" data-instgrm-captioned data-instgrm-permalink=\"https:\/\/www.instagram.com\/p\/DZnbRsukdCh\/?utm_source=ig_embed&amp;utm_campaign=loading\" data-instgrm-version=\"14\" style=\" background:#FFF; border:0; border-radius:3px; box-shadow:0 0 1px 0 rgba(0,0,0,0.5),0 1px 10px 0 rgba(0,0,0,0.15); margin: 1px; max-width:540px; min-width:326px; padding:0; width:99.375%; width:-webkit-calc(100% - 2px); width:calc(100% - 2px);\"><div style=\"padding:16px;\"> <a href=\"https:\/\/www.instagram.com\/p\/DZnbRsukdCh\/?utm_source=ig_embed&amp;utm_campaign=loading\" style=\" background:#FFFFFF; line-height:0; padding:0 0; text-align:center; text-decoration:none; width:100%;\" target=\"_blank\"> <div style=\" display: flex; flex-direction: row; align-items: center;\"> <div style=\"background-color: #F4F4F4; border-radius: 50%; flex-grow: 0; height: 40px; margin-right: 14px; width: 40px;\"><\/div> <div style=\"display: flex; flex-direction: column; flex-grow: 1; justify-content: center;\"> <div style=\" background-color: #F4F4F4; border-radius: 4px; flex-grow: 0; height: 14px; margin-bottom: 6px; width: 100px;\"><\/div> <div style=\" background-color: #F4F4F4; border-radius: 4px; flex-grow: 0; height: 14px; width: 60px;\"><\/div><\/div><\/div><div style=\"padding: 19% 0;\"><\/div> <div style=\"display:block; height:50px; margin:0 auto 12px; width:50px;\"><svg width=\"50px\" height=\"50px\" viewBox=\"0 0 60 60\" version=\"1.1\" xmlns=\"https:\/\/www.w3.org\/2000\/svg\" xmlns:xlink=\"https:\/\/www.w3.org\/1999\/xlink\"><g stroke=\"none\" stroke-width=\"1\" fill=\"none\" fill-rule=\"evenodd\"><g transform=\"translate(-511.000000, -20.000000)\" fill=\"#000000\"><g><path d=\"M556.869,30.41 C554.814,30.41 553.148,32.076 553.148,34.131 C553.148,36.186 554.814,37.852 556.869,37.852 C558.924,37.852 560.59,36.186 560.59,34.131 C560.59,32.076 558.924,30.41 556.869,30.41 M541,60.657 C535.114,60.657 530.342,55.887 530.342,50 C530.342,44.114 535.114,39.342 541,39.342 C546.887,39.342 551.658,44.114 551.658,50 C551.658,55.887 546.887,60.657 541,60.657 M541,33.886 C532.1,33.886 524.886,41.1 524.886,50 C524.886,58.899 532.1,66.113 541,66.113 C549.9,66.113 557.115,58.899 557.115,50 C557.115,41.1 549.9,33.886 541,33.886 M565.378,62.101 C565.244,65.022 564.756,66.606 564.346,67.663 C563.803,69.06 563.154,70.057 562.106,71.106 C561.058,72.155 560.06,72.803 558.662,73.347 C557.607,73.757 556.021,74.244 553.102,74.378 C549.944,74.521 548.997,74.552 541,74.552 C533.003,74.552 532.056,74.521 528.898,74.378 C525.979,74.244 524.393,73.757 523.338,73.347 C521.94,72.803 520.942,72.155 519.894,71.106 C518.846,70.057 518.197,69.06 517.654,67.663 C517.244,66.606 516.755,65.022 516.623,62.101 C516.479,58.943 516.448,57.996 516.448,50 C516.448,42.003 516.479,41.056 516.623,37.899 C516.755,34.978 517.244,33.391 517.654,32.338 C518.197,30.938 518.846,29.942 519.894,28.894 C520.942,27.846 521.94,27.196 523.338,26.654 C524.393,26.244 525.979,25.756 528.898,25.623 C532.057,25.479 533.004,25.448 541,25.448 C548.997,25.448 549.943,25.479 553.102,25.623 C556.021,25.756 557.607,26.244 558.662,26.654 C560.06,27.196 561.058,27.846 562.106,28.894 C563.154,29.942 563.803,30.938 564.346,32.338 C564.756,33.391 565.244,34.978 565.378,37.899 C565.522,41.056 565.552,42.003 565.552,50 C565.552,57.996 565.522,58.943 565.378,62.101 M570.82,37.631 C570.674,34.438 570.167,32.258 569.425,30.349 C568.659,28.377 567.633,26.702 565.965,25.035 C564.297,23.368 562.623,22.342 560.652,21.575 C558.743,20.834 556.562,20.326 553.369,20.18 C550.169,20.033 549.148,20 541,20 C532.853,20 531.831,20.033 528.631,20.18 C525.438,20.326 523.257,20.834 521.349,21.575 C519.376,22.342 517.703,23.368 516.035,25.035 C514.368,26.702 513.342,28.377 512.574,30.349 C511.834,32.258 511.326,34.438 511.181,37.631 C511.035,40.831 511,41.851 511,50 C511,58.147 511.035,59.17 511.181,62.369 C511.326,65.562 511.834,67.743 512.574,69.651 C513.342,71.625 514.368,73.296 516.035,74.965 C517.703,76.634 519.376,77.658 521.349,78.425 C523.257,79.167 525.438,79.673 528.631,79.82 C531.831,79.965 532.853,80.001 541,80.001 C549.148,80.001 550.169,79.965 553.369,79.82 C556.562,79.673 558.743,79.167 560.652,78.425 C562.623,77.658 564.297,76.634 565.965,74.965 C567.633,73.296 568.659,71.625 569.425,69.651 C570.167,67.743 570.674,65.562 570.82,62.369 C570.966,59.17 571,58.147 571,50 C571,41.851 570.966,40.831 570.82,37.631\"><\/path><\/g><\/g><\/g><\/svg><\/div><div style=\"padding-top: 8px;\"> <div style=\" color:#3897f0; font-family:Arial,sans-serif; font-size:14px; font-style:normal; font-weight:550; line-height:18px;\">Ver esta publicaci\u00f3n en Instagram<\/div><\/div><div style=\"padding: 12.5% 0;\"><\/div> <div style=\"display: flex; flex-direction: row; margin-bottom: 14px; align-items: center;\"><div> <div style=\"background-color: #F4F4F4; border-radius: 50%; height: 12.5px; width: 12.5px; transform: translateX(0px) translateY(7px);\"><\/div> <div style=\"background-color: #F4F4F4; height: 12.5px; transform: rotate(-45deg) translateX(3px) translateY(1px); width: 12.5px; flex-grow: 0; margin-right: 14px; margin-left: 2px;\"><\/div> <div style=\"background-color: #F4F4F4; border-radius: 50%; height: 12.5px; width: 12.5px; transform: translateX(9px) translateY(-18px);\"><\/div><\/div><div style=\"margin-left: 8px;\"> <div style=\" background-color: #F4F4F4; border-radius: 50%; flex-grow: 0; height: 20px; width: 20px;\"><\/div> <div style=\" width: 0; height: 0; border-top: 2px solid transparent; border-left: 6px solid #f4f4f4; border-bottom: 2px solid transparent; transform: translateX(16px) translateY(-4px) rotate(30deg)\"><\/div><\/div><div style=\"margin-left: auto;\"> <div style=\" width: 0px; border-top: 8px solid #F4F4F4; border-right: 8px solid transparent; transform: translateY(16px);\"><\/div> <div style=\" background-color: #F4F4F4; flex-grow: 0; height: 12px; width: 16px; transform: translateY(-4px);\"><\/div> <div style=\" width: 0; height: 0; border-top: 8px solid #F4F4F4; border-left: 8px solid transparent; transform: translateY(-4px) translateX(8px);\"><\/div><\/div><\/div> <div style=\"display: flex; flex-direction: column; flex-grow: 1; justify-content: center; margin-bottom: 24px;\"> <div style=\" background-color: #F4F4F4; border-radius: 4px; flex-grow: 0; height: 14px; margin-bottom: 6px; width: 224px;\"><\/div> <div style=\" background-color: #F4F4F4; border-radius: 4px; flex-grow: 0; height: 14px; width: 144px;\"><\/div><\/div><\/a><p style=\" color:#c9c8cd; font-family:Arial,sans-serif; font-size:14px; line-height:17px; margin-bottom:0; margin-top:8px; overflow:hidden; padding:8px 0 7px; text-align:center; text-overflow:ellipsis; white-space:nowrap;\"><a href=\"https:\/\/www.instagram.com\/p\/DZnbRsukdCh\/?utm_source=ig_embed&amp;utm_campaign=loading\" style=\" color:#c9c8cd; font-family:Arial,sans-serif; font-size:14px; font-style:normal; font-weight:normal; line-height:17px; text-decoration:none;\" target=\"_blank\">Una publicaci\u00f3n compartida por 433 (@433)<\/a><\/p><\/div><\/blockquote>\n<script async src=\"\/\/www.instagram.com\/embed.js\"><\/script>\n\n\n\n<p class=\"wp-block-paragraph\">FUENTES CONSULTADAS:<\/p>\n\n\n\n<ul class=\"wp-block-list\">\n<li>Reuters (v\u00eda Yahoo Noticias): La madre de Vozinha, portero de Cabo Verde, obtiene el visado para ver a su hijo en el Mundial | https:\/\/es-us.noticias.yahoo.com\/deportes\/madre-vozinha-portero-cabo-verde-161937354.html<\/li>\n\n\n\n<li>AFP (v\u00eda Yahoo Noticias): Madre de Vozinha, guardameta de Cabo Verde, obtiene visado para viajar al Mundial | https:\/\/es-us.noticias.yahoo.com\/deportes\/madre-vozinha-guardameta-cabo-verde-185802996.html<\/li>\n\n\n\n<li>R\u00e9cord: Logran visa de emergencia para que la madre del arquero de Cabo Verde viaje al Mundial 2026 | https:\/\/www.record.com.mx\/historia\/logran-visa-de-emergencia-para-que-la-madre-del-arquero-de-cabo-verde-viaje-al-mundial-2026-2026061816250560464<\/li>\n\n\n\n<li>Semana: La madre de Vozinha, portero de Cabo Verde, podr\u00e1 ver a su hijo en el Mundial, afirma l\u00edder dem\u00f3crata | https:\/\/www.semana.com\/mundo\/articulo\/la-madre-de-vozinha-portero-de-cabo-verde-podra-ver-a-su-hijo-en-el-mundial-afirma-lider-democrata\/202606\/<\/li>\n\n\n\n<li>Hola.com: De desconocido a h\u00e9roe nacional: &#8216;Vozinha&#8217;, portero de Cabo Verde, ya podr\u00e1 abrazar a su mam\u00e1 en el Mundial | https:\/\/www.hola.com\/us-es\/celebrities\/20260618908172\/vozinha-portero-cabo-verde-mama-viajar-estados-unidos-visa\/<\/li>\n\n\n\n<li>ClaroSports: La postal del d\u00eda en el Mundial 2026: Vozinha celebra con su mam\u00e1 el hist\u00f3rico empate de Cabo Verde | https:\/\/www.clarosports.com\/futbol\/mundial-2026\/la-postal-del-dia-en-el-mundial-2026-vozinha-celebra-con-su-mama-el-historico-empate-de-cabo-verde\/<\/li>\n\n\n\n<li>Semana: Mundial 2026: la reacci\u00f3n de la mam\u00e1 de Vozinha al partidazo de Uruguay vs. Cabo Verde | https:\/\/www.semana.com\/deportes\/articulo\/mundial-2026-la-reaccion-de-la-mama-de-vozinha-al-partidazo-de-uruguay-vs-cabo-verde\/202620\/<\/li>\n\n\n\n<li>El Tiempo: La mam\u00e1 de Vozinha lo logr\u00f3: obtuvo su visa y acompa\u00f1\u00f3 al arquero viral en hist\u00f3rico empate de Cabo Verde contra Uruguay | https:\/\/www.eltiempo.com\/amp\/deportes\/futbol-internacional\/la-mama-de-vozinha-lo-logro-obtuvo-su-visa-y-acompano-al-arquero-viral-en-historico-empate-de-cabo-verde-contra-uruguay-en-el-mundial-3566001<\/li>\n\n\n\n<li>Diario de M\u00e9xico: Uruguay empata con Cabo Verde y complica su pase en el Mundial 2026 | https:\/\/www.diariodemexico.com\/arena-deportiva\/justa-mundialista-2026\/uruguay-empata-con-cabo-verde-complica-su-pase-en-mundial-2026\/amp<\/li>\n\n\n\n<li>Telemundo: Mundial 2026 (live blog) | https:\/\/www.telemundo.com\/noticias\/noticias-telemundo\/internacional\/live-blog\/mundial-2026-espana-arabia-saudita-uruguay-cabo-verde-belgica-egipto-rcna351048<\/li>\n<\/ul>\n","protected":false},"excerpt":{"rendered":"<p>Ana C\u00e1ndida \u00c9vora, madre del portero caboverdiano Vozinha, obtuvo finalmente la visa para viajar a Estados Unidos y ver a su hijo en el partido contra Uruguay, tras una intervenci\u00f3n del Congreso estadounidense.<\/p>\n","protected":false},"author":13,"featured_media":248930,"comment_status":"open","ping_status":"closed","sticky":false,"template":"","format":"standard","meta":{"_acf_changed":false,"footnotes":""},"categories":[21,18,957],"tags":[13471,35525,15019,396,91,35412],"class_list":["post-248908","post","type-post","status-publish","format-standard","has-post-thumbnail","category-deportes","category-noticias","category-noticias-internacionales","tag-cabo-verde","tag-hakeem-jeffries","tag-mundial-2026","tag-uruguay","tag-visa","tag-vozinha"],"acf":[],"yoast_head":"<!-- This site is optimized with the Yoast SEO plugin v28.3 - https:\/\/yoast.com\/product\/yoast-seo-wordpress\/ -->\n<title>La madre del portero de Cabo Verde obtiene visa de emergencia para asistir al partido contra Uruguay - Cuballama Noticias<\/title>\n<meta name=\"description\" content=\"La madre de Vozinha, portero de Cabo Verde, logr\u00f3 su visa de emergencia para viajar a Miami y ver a su hijo jugar contra Uruguay el domingo.\" \/>\n<meta name=\"robots\" content=\"index, follow, max-snippet:-1, max-image-preview:large, max-video-preview:-1\" \/>\n<link rel=\"canonical\" href=\"https:\/\/www.cuballama.com\/noticias\/la-historia-de-la-madre-de-vozinha-el-heroe-de-cabo-verde-pudo-verlo-jugar-en-el-mundial-gracias-a-un-cubano\/\" \/>\n<meta property=\"og:locale\" content=\"es_ES\" \/>\n<meta property=\"og:type\" content=\"article\" \/>\n<meta property=\"og:title\" content=\"La madre del portero de Cabo Verde obtiene visa de emergencia para asistir al partido contra Uruguay - Cuballama Noticias\" \/>\n<meta property=\"og:description\" content=\"La madre de Vozinha, portero de Cabo Verde, logr\u00f3 su visa de emergencia para viajar a Miami y ver a su hijo jugar contra Uruguay el domingo.\" \/>\n<meta property=\"og:url\" content=\"https:\/\/www.cuballama.com\/noticias\/la-historia-de-la-madre-de-vozinha-el-heroe-de-cabo-verde-pudo-verlo-jugar-en-el-mundial-gracias-a-un-cubano\/\" \/>\n<meta property=\"og:site_name\" content=\"Cuballama Noticias\" \/>\n<meta property=\"article:publisher\" content=\"https:\/\/www.facebook.com\/CubaLlama\" \/>\n<meta property=\"article:published_time\" content=\"2026-09-04T19:29:10+00:00\" \/>\n<meta property=\"article:modified_time\" content=\"2026-09-04T19:29:16+00:00\" \/>\n<meta property=\"og:image\" content=\"https:\/\/cdn1.mediawpaccore.net\/wp-content\/uploads\/2026\/06\/19062231\/image-97.png\" \/>\n\t<meta property=\"og:image:width\" content=\"990\" \/>\n\t<meta property=\"og:image:height\" content=\"522\" \/>\n\t<meta property=\"og:image:type\" content=\"image\/png\" \/>\n<meta name=\"author\" content=\"Roberto A.\" \/>\n<meta name=\"twitter:card\" content=\"summary_large_image\" \/>\n<meta name=\"twitter:creator\" content=\"@cuballama\" \/>\n<meta name=\"twitter:site\" content=\"@cuballama\" \/>\n<meta name=\"twitter:label1\" content=\"Escrito por\" \/>\n\t<meta name=\"twitter:data1\" content=\"Roberto A.\" \/>\n\t<meta name=\"twitter:label2\" content=\"Tiempo de lectura\" \/>\n\t<meta name=\"twitter:data2\" content=\"6 minutos\" \/>\n<script type=\"application\/ld+json\" class=\"yoast-schema-graph\">{\"@context\":\"https:\\\/\\\/schema.org\",\"@graph\":[{\"@type\":\"Article\",\"@id\":\"https:\\\/\\\/www.cuballama.com\\\/noticias\\\/la-historia-de-la-madre-de-vozinha-el-heroe-de-cabo-verde-pudo-verlo-jugar-en-el-mundial-gracias-a-un-cubano\\\/#article\",\"isPartOf\":{\"@id\":\"https:\\\/\\\/www.cuballama.com\\\/noticias\\\/la-historia-de-la-madre-de-vozinha-el-heroe-de-cabo-verde-pudo-verlo-jugar-en-el-mundial-gracias-a-un-cubano\\\/\"},\"author\":{\"name\":\"Roberto A.\",\"@id\":\"https:\\\/\\\/www.cuballama.com\\\/noticias\\\/#\\\/schema\\\/person\\\/a58502ed4146c8e9f83872e897c76cd2\"},\"headline\":\"La historia de la madre de Vozinha, el h\u00e9roe de Cabo Verde. Pudo verlo jugar en el Mundial gracias a un cubano\",\"datePublished\":\"2026-09-04T19:29:10+00:00\",\"dateModified\":\"2026-09-04T19:29:16+00:00\",\"mainEntityOfPage\":{\"@id\":\"https:\\\/\\\/www.cuballama.com\\\/noticias\\\/la-historia-de-la-madre-de-vozinha-el-heroe-de-cabo-verde-pudo-verlo-jugar-en-el-mundial-gracias-a-un-cubano\\\/\"},\"wordCount\":1270,\"commentCount\":0,\"publisher\":{\"@id\":\"https:\\\/\\\/www.cuballama.com\\\/noticias\\\/#organization\"},\"image\":{\"@id\":\"https:\\\/\\\/www.cuballama.com\\\/noticias\\\/la-historia-de-la-madre-de-vozinha-el-heroe-de-cabo-verde-pudo-verlo-jugar-en-el-mundial-gracias-a-un-cubano\\\/#primaryimage\"},\"thumbnailUrl\":\"https:\\\/\\\/cdn1.mediawpaccore.net\\\/wp-content\\\/uploads\\\/2026\\\/06\\\/19062231\\\/image-97.png\",\"keywords\":[\"Cabo Verde\",\"Hakeem Jeffries\",\"Mundial 2026\",\"Uruguay\",\"visa\",\"Vozinha\"],\"articleSection\":[\"Deportes\",\"Noticias\",\"Noticias Internacionales\"],\"inLanguage\":\"es\",\"potentialAction\":[{\"@type\":\"CommentAction\",\"name\":\"Comment\",\"target\":[\"https:\\\/\\\/www.cuballama.com\\\/noticias\\\/la-historia-de-la-madre-de-vozinha-el-heroe-de-cabo-verde-pudo-verlo-jugar-en-el-mundial-gracias-a-un-cubano\\\/#respond\"]}]},{\"@type\":\"WebPage\",\"@id\":\"https:\\\/\\\/www.cuballama.com\\\/noticias\\\/la-historia-de-la-madre-de-vozinha-el-heroe-de-cabo-verde-pudo-verlo-jugar-en-el-mundial-gracias-a-un-cubano\\\/\",\"url\":\"https:\\\/\\\/www.cuballama.com\\\/noticias\\\/la-historia-de-la-madre-de-vozinha-el-heroe-de-cabo-verde-pudo-verlo-jugar-en-el-mundial-gracias-a-un-cubano\\\/\",\"name\":\"La madre del portero de Cabo Verde obtiene visa de emergencia para asistir al partido contra Uruguay - Cuballama Noticias\",\"isPartOf\":{\"@id\":\"https:\\\/\\\/www.cuballama.com\\\/noticias\\\/#website\"},\"primaryImageOfPage\":{\"@id\":\"https:\\\/\\\/www.cuballama.com\\\/noticias\\\/la-historia-de-la-madre-de-vozinha-el-heroe-de-cabo-verde-pudo-verlo-jugar-en-el-mundial-gracias-a-un-cubano\\\/#primaryimage\"},\"image\":{\"@id\":\"https:\\\/\\\/www.cuballama.com\\\/noticias\\\/la-historia-de-la-madre-de-vozinha-el-heroe-de-cabo-verde-pudo-verlo-jugar-en-el-mundial-gracias-a-un-cubano\\\/#primaryimage\"},\"thumbnailUrl\":\"https:\\\/\\\/cdn1.mediawpaccore.net\\\/wp-content\\\/uploads\\\/2026\\\/06\\\/19062231\\\/image-97.png\",\"datePublished\":\"2026-09-04T19:29:10+00:00\",\"dateModified\":\"2026-09-04T19:29:16+00:00\",\"description\":\"La madre de Vozinha, portero de Cabo Verde, logr\u00f3 su visa de emergencia para viajar a Miami y ver a su hijo jugar contra Uruguay el domingo.\",\"breadcrumb\":{\"@id\":\"https:\\\/\\\/www.cuballama.com\\\/noticias\\\/la-historia-de-la-madre-de-vozinha-el-heroe-de-cabo-verde-pudo-verlo-jugar-en-el-mundial-gracias-a-un-cubano\\\/#breadcrumb\"},\"inLanguage\":\"es\",\"potentialAction\":[{\"@type\":\"ReadAction\",\"target\":[\"https:\\\/\\\/www.cuballama.com\\\/noticias\\\/la-historia-de-la-madre-de-vozinha-el-heroe-de-cabo-verde-pudo-verlo-jugar-en-el-mundial-gracias-a-un-cubano\\\/\"]}]},{\"@type\":\"ImageObject\",\"inLanguage\":\"es\",\"@id\":\"https:\\\/\\\/www.cuballama.com\\\/noticias\\\/la-historia-de-la-madre-de-vozinha-el-heroe-de-cabo-verde-pudo-verlo-jugar-en-el-mundial-gracias-a-un-cubano\\\/#primaryimage\",\"url\":\"https:\\\/\\\/cdn1.mediawpaccore.net\\\/wp-content\\\/uploads\\\/2026\\\/06\\\/19062231\\\/image-97.png\",\"contentUrl\":\"https:\\\/\\\/cdn1.mediawpaccore.net\\\/wp-content\\\/uploads\\\/2026\\\/06\\\/19062231\\\/image-97.png\",\"width\":990,\"height\":522,\"caption\":\"Vozinha, el portero de Cabo Verde, en una foto publicada en su cuenta de Instagram, junto a su madre, en el a\u00f1o 2016.\"},{\"@type\":\"BreadcrumbList\",\"@id\":\"https:\\\/\\\/www.cuballama.com\\\/noticias\\\/la-historia-de-la-madre-de-vozinha-el-heroe-de-cabo-verde-pudo-verlo-jugar-en-el-mundial-gracias-a-un-cubano\\\/#breadcrumb\",\"itemListElement\":[{\"@type\":\"ListItem\",\"position\":1,\"name\":\"Home\",\"item\":\"https:\\\/\\\/www.cuballama.com\\\/noticias\\\/\"},{\"@type\":\"ListItem\",\"position\":2,\"name\":\"La historia de la madre de Vozinha, el h\u00e9roe de Cabo Verde. Pudo verlo jugar en el Mundial gracias a un cubano\"}]},{\"@type\":\"WebSite\",\"@id\":\"https:\\\/\\\/www.cuballama.com\\\/noticias\\\/#website\",\"url\":\"https:\\\/\\\/www.cuballama.com\\\/noticias\\\/\",\"name\":\"Cuballama Noticias\",\"description\":\"Medio digital sobre Cuba y el mundo\",\"publisher\":{\"@id\":\"https:\\\/\\\/www.cuballama.com\\\/noticias\\\/#organization\"},\"potentialAction\":[{\"@type\":\"SearchAction\",\"target\":{\"@type\":\"EntryPoint\",\"urlTemplate\":\"https:\\\/\\\/www.cuballama.com\\\/noticias\\\/?s={search_term_string}\"},\"query-input\":{\"@type\":\"PropertyValueSpecification\",\"valueRequired\":true,\"valueName\":\"search_term_string\"}}],\"inLanguage\":\"es\"},{\"@type\":\"Organization\",\"@id\":\"https:\\\/\\\/www.cuballama.com\\\/noticias\\\/#organization\",\"name\":\"Cuballama\",\"url\":\"https:\\\/\\\/www.cuballama.com\\\/noticias\\\/\",\"logo\":{\"@type\":\"ImageObject\",\"inLanguage\":\"es\",\"@id\":\"https:\\\/\\\/www.cuballama.com\\\/noticias\\\/#\\\/schema\\\/logo\\\/image\\\/\",\"url\":\"https:\\\/\\\/cdn1.mediawpaccore.net\\\/wp-content\\\/uploads\\\/2021\\\/12\\\/28171206\\\/cbll-logo-color-sm.png\",\"contentUrl\":\"https:\\\/\\\/cdn1.mediawpaccore.net\\\/wp-content\\\/uploads\\\/2021\\\/12\\\/28171206\\\/cbll-logo-color-sm.png\",\"width\":600,\"height\":133,\"caption\":\"Cuballama\"},\"image\":{\"@id\":\"https:\\\/\\\/www.cuballama.com\\\/noticias\\\/#\\\/schema\\\/logo\\\/image\\\/\"},\"sameAs\":[\"https:\\\/\\\/www.facebook.com\\\/CubaLlama\",\"https:\\\/\\\/x.com\\\/cuballama\",\"https:\\\/\\\/www.instagram.com\\\/stories\\\/cuballama_oficial\\\/\",\"https:\\\/\\\/www.youtube.com\\\/channel\\\/UCKkFE-d_axENGZcrc4as0IA\"]},{\"@type\":\"Person\",\"@id\":\"https:\\\/\\\/www.cuballama.com\\\/noticias\\\/#\\\/schema\\\/person\\\/a58502ed4146c8e9f83872e897c76cd2\",\"name\":\"Roberto A.\",\"description\":\"Roberto A. Periodista por decisi\u00f3n propia. Interesado en cualquier tema que me apasione y cada vez m\u00e1s comprometido con la verdad y la objetividad period\u00edstica. Graduado en La Habana hace ya muchos a\u00f1os, luego de una accidentada y polvorienta b\u00fasqueda de informaci\u00f3n sobre un tema in\u00e9dito. La Tesis, por cierto, desapareci\u00f3 de la biblioteca y no se conservan copias de la misma.\",\"url\":\"https:\\\/\\\/www.cuballama.com\\\/noticias\\\/author\\\/roberto\\\/\"}]}<\/script>\n<!-- \/ Yoast SEO plugin. -->","yoast_head_json":{"title":"La madre del portero de Cabo Verde obtiene visa de emergencia para asistir al partido contra Uruguay - Cuballama Noticias","description":"La madre de Vozinha, portero de Cabo Verde, logr\u00f3 su visa de emergencia para viajar a Miami y ver a su hijo jugar contra Uruguay el domingo.","robots":{"index":"index","follow":"follow","max-snippet":"max-snippet:-1","max-image-preview":"max-image-preview:large","max-video-preview":"max-video-preview:-1"},"canonical":"https:\/\/www.cuballama.com\/noticias\/la-historia-de-la-madre-de-vozinha-el-heroe-de-cabo-verde-pudo-verlo-jugar-en-el-mundial-gracias-a-un-cubano\/","og_locale":"es_ES","og_type":"article","og_title":"La madre del portero de Cabo Verde obtiene visa de emergencia para asistir al partido contra Uruguay - Cuballama Noticias","og_description":"La madre de Vozinha, portero de Cabo Verde, logr\u00f3 su visa de emergencia para viajar a Miami y ver a su hijo jugar contra Uruguay el domingo.","og_url":"https:\/\/www.cuballama.com\/noticias\/la-historia-de-la-madre-de-vozinha-el-heroe-de-cabo-verde-pudo-verlo-jugar-en-el-mundial-gracias-a-un-cubano\/","og_site_name":"Cuballama Noticias","article_publisher":"https:\/\/www.facebook.com\/CubaLlama","article_published_time":"2026-09-04T19:29:10+00:00","article_modified_time":"2026-09-04T19:29:16+00:00","og_image":[{"width":990,"height":522,"url":"https:\/\/cdn1.mediawpaccore.net\/wp-content\/uploads\/2026\/06\/19062231\/image-97.png","type":"image\/png"}],"author":"Roberto A.","twitter_card":"summary_large_image","twitter_creator":"@cuballama","twitter_site":"@cuballama","twitter_misc":{"Escrito por":"Roberto A.","Tiempo de lectura":"6 minutos"},"schema":{"@context":"https:\/\/schema.org","@graph":[{"@type":"Article","@id":"https:\/\/www.cuballama.com\/noticias\/la-historia-de-la-madre-de-vozinha-el-heroe-de-cabo-verde-pudo-verlo-jugar-en-el-mundial-gracias-a-un-cubano\/#article","isPartOf":{"@id":"https:\/\/www.cuballama.com\/noticias\/la-historia-de-la-madre-de-vozinha-el-heroe-de-cabo-verde-pudo-verlo-jugar-en-el-mundial-gracias-a-un-cubano\/"},"author":{"name":"Roberto A.","@id":"https:\/\/www.cuballama.com\/noticias\/#\/schema\/person\/a58502ed4146c8e9f83872e897c76cd2"},"headline":"La historia de la madre de Vozinha, el h\u00e9roe de Cabo Verde. Pudo verlo jugar en el Mundial gracias a un cubano","datePublished":"2026-09-04T19:29:10+00:00","dateModified":"2026-09-04T19:29:16+00:00","mainEntityOfPage":{"@id":"https:\/\/www.cuballama.com\/noticias\/la-historia-de-la-madre-de-vozinha-el-heroe-de-cabo-verde-pudo-verlo-jugar-en-el-mundial-gracias-a-un-cubano\/"},"wordCount":1270,"commentCount":0,"publisher":{"@id":"https:\/\/www.cuballama.com\/noticias\/#organization"},"image":{"@id":"https:\/\/www.cuballama.com\/noticias\/la-historia-de-la-madre-de-vozinha-el-heroe-de-cabo-verde-pudo-verlo-jugar-en-el-mundial-gracias-a-un-cubano\/#primaryimage"},"thumbnailUrl":"https:\/\/cdn1.mediawpaccore.net\/wp-content\/uploads\/2026\/06\/19062231\/image-97.png","keywords":["Cabo Verde","Hakeem Jeffries","Mundial 2026","Uruguay","visa","Vozinha"],"articleSection":["Deportes","Noticias","Noticias Internacionales"],"inLanguage":"es","potentialAction":[{"@type":"CommentAction","name":"Comment","target":["https:\/\/www.cuballama.com\/noticias\/la-historia-de-la-madre-de-vozinha-el-heroe-de-cabo-verde-pudo-verlo-jugar-en-el-mundial-gracias-a-un-cubano\/#respond"]}]},{"@type":"WebPage","@id":"https:\/\/www.cuballama.com\/noticias\/la-historia-de-la-madre-de-vozinha-el-heroe-de-cabo-verde-pudo-verlo-jugar-en-el-mundial-gracias-a-un-cubano\/","url":"https:\/\/www.cuballama.com\/noticias\/la-historia-de-la-madre-de-vozinha-el-heroe-de-cabo-verde-pudo-verlo-jugar-en-el-mundial-gracias-a-un-cubano\/","name":"La madre del portero de Cabo Verde obtiene visa de emergencia para asistir al partido contra Uruguay - Cuballama Noticias","isPartOf":{"@id":"https:\/\/www.cuballama.com\/noticias\/#website"},"primaryImageOfPage":{"@id":"https:\/\/www.cuballama.com\/noticias\/la-historia-de-la-madre-de-vozinha-el-heroe-de-cabo-verde-pudo-verlo-jugar-en-el-mundial-gracias-a-un-cubano\/#primaryimage"},"image":{"@id":"https:\/\/www.cuballama.com\/noticias\/la-historia-de-la-madre-de-vozinha-el-heroe-de-cabo-verde-pudo-verlo-jugar-en-el-mundial-gracias-a-un-cubano\/#primaryimage"},"thumbnailUrl":"https:\/\/cdn1.mediawpaccore.net\/wp-content\/uploads\/2026\/06\/19062231\/image-97.png","datePublished":"2026-09-04T19:29:10+00:00","dateModified":"2026-09-04T19:29:16+00:00","description":"La madre de Vozinha, portero de Cabo Verde, logr\u00f3 su visa de emergencia para viajar a Miami y ver a su hijo jugar contra Uruguay el domingo.","breadcrumb":{"@id":"https:\/\/www.cuballama.com\/noticias\/la-historia-de-la-madre-de-vozinha-el-heroe-de-cabo-verde-pudo-verlo-jugar-en-el-mundial-gracias-a-un-cubano\/#breadcrumb"},"inLanguage":"es","potentialAction":[{"@type":"ReadAction","target":["https:\/\/www.cuballama.com\/noticias\/la-historia-de-la-madre-de-vozinha-el-heroe-de-cabo-verde-pudo-verlo-jugar-en-el-mundial-gracias-a-un-cubano\/"]}]},{"@type":"ImageObject","inLanguage":"es","@id":"https:\/\/www.cuballama.com\/noticias\/la-historia-de-la-madre-de-vozinha-el-heroe-de-cabo-verde-pudo-verlo-jugar-en-el-mundial-gracias-a-un-cubano\/#primaryimage","url":"https:\/\/cdn1.mediawpaccore.net\/wp-content\/uploads\/2026\/06\/19062231\/image-97.png","contentUrl":"https:\/\/cdn1.mediawpaccore.net\/wp-content\/uploads\/2026\/06\/19062231\/image-97.png","width":990,"height":522,"caption":"Vozinha, el portero de Cabo Verde, en una foto publicada en su cuenta de Instagram, junto a su madre, en el a\u00f1o 2016."},{"@type":"BreadcrumbList","@id":"https:\/\/www.cuballama.com\/noticias\/la-historia-de-la-madre-de-vozinha-el-heroe-de-cabo-verde-pudo-verlo-jugar-en-el-mundial-gracias-a-un-cubano\/#breadcrumb","itemListElement":[{"@type":"ListItem","position":1,"name":"Home","item":"https:\/\/www.cuballama.com\/noticias\/"},{"@type":"ListItem","position":2,"name":"La historia de la madre de Vozinha, el h\u00e9roe de Cabo Verde. Pudo verlo jugar en el Mundial gracias a un cubano"}]},{"@type":"WebSite","@id":"https:\/\/www.cuballama.com\/noticias\/#website","url":"https:\/\/www.cuballama.com\/noticias\/","name":"Cuballama Noticias","description":"Medio digital sobre Cuba y el mundo","publisher":{"@id":"https:\/\/www.cuballama.com\/noticias\/#organization"},"potentialAction":[{"@type":"SearchAction","target":{"@type":"EntryPoint","urlTemplate":"https:\/\/www.cuballama.com\/noticias\/?s={search_term_string}"},"query-input":{"@type":"PropertyValueSpecification","valueRequired":true,"valueName":"search_term_string"}}],"inLanguage":"es"},{"@type":"Organization","@id":"https:\/\/www.cuballama.com\/noticias\/#organization","name":"Cuballama","url":"https:\/\/www.cuballama.com\/noticias\/","logo":{"@type":"ImageObject","inLanguage":"es","@id":"https:\/\/www.cuballama.com\/noticias\/#\/schema\/logo\/image\/","url":"https:\/\/cdn1.mediawpaccore.net\/wp-content\/uploads\/2021\/12\/28171206\/cbll-logo-color-sm.png","contentUrl":"https:\/\/cdn1.mediawpaccore.net\/wp-content\/uploads\/2021\/12\/28171206\/cbll-logo-color-sm.png","width":600,"height":133,"caption":"Cuballama"},"image":{"@id":"https:\/\/www.cuballama.com\/noticias\/#\/schema\/logo\/image\/"},"sameAs":["https:\/\/www.facebook.com\/CubaLlama","https:\/\/x.com\/cuballama","https:\/\/www.instagram.com\/stories\/cuballama_oficial\/","https:\/\/www.youtube.com\/channel\/UCKkFE-d_axENGZcrc4as0IA"]},{"@type":"Person","@id":"https:\/\/www.cuballama.com\/noticias\/#\/schema\/person\/a58502ed4146c8e9f83872e897c76cd2","name":"Roberto A.","description":"Roberto A. Periodista por decisi\u00f3n propia. Interesado en cualquier tema que me apasione y cada vez m\u00e1s comprometido con la verdad y la objetividad period\u00edstica. Graduado en La Habana hace ya muchos a\u00f1os, luego de una accidentada y polvorienta b\u00fasqueda de informaci\u00f3n sobre un tema in\u00e9dito. La Tesis, por cierto, desapareci\u00f3 de la biblioteca y no se conservan copias de la misma.","url":"https:\/\/www.cuballama.com\/noticias\/author\/roberto\/"}]}},"_links":{"self":[{"href":"https:\/\/www.cuballama.com\/noticias\/wp-json\/wp\/v2\/posts\/248908","targetHints":{"allow":["GET"]}}],"collection":[{"href":"https:\/\/www.cuballama.com\/noticias\/wp-json\/wp\/v2\/posts"}],"about":[{"href":"https:\/\/www.cuballama.com\/noticias\/wp-json\/wp\/v2\/types\/post"}],"author":[{"embeddable":true,"href":"https:\/\/www.cuballama.com\/noticias\/wp-json\/wp\/v2\/users\/13"}],"replies":[{"embeddable":true,"href":"https:\/\/www.cuballama.com\/noticias\/wp-json\/wp\/v2\/comments?post=248908"}],"version-history":[{"count":2,"href":"https:\/\/www.cuballama.com\/noticias\/wp-json\/wp\/v2\/posts\/248908\/revisions"}],"predecessor-version":[{"id":256096,"href":"https:\/\/www.cuballama.com\/noticias\/wp-json\/wp\/v2\/posts\/248908\/revisions\/256096"}],"wp:featuredmedia":[{"embeddable":true,"href":"https:\/\/www.cuballama.com\/noticias\/wp-json\/wp\/v2\/media\/248930"}],"wp:attachment":[{"href":"https:\/\/www.cuballama.com\/noticias\/wp-json\/wp\/v2\/media?parent=248908"}],"wp:term":[{"taxonomy":"category","embeddable":true,"href":"https:\/\/www.cuballama.com\/noticias\/wp-json\/wp\/v2\/categories?post=248908"},{"taxonomy":"post_tag","embeddable":true,"href":"https:\/\/www.cuballama.com\/noticias\/wp-json\/wp\/v2\/tags?post=248908"}],"curies":[{"name":"wp","href":"https:\/\/api.w.org\/{rel}","templated":true}]}}