{"id":243198,"date":"2026-05-01T14:59:23","date_gmt":"2026-05-01T18:59:23","guid":{"rendered":"https:\/\/www.cuballama.com\/noticias\/?p=243198"},"modified":"2026-05-01T16:10:44","modified_gmt":"2026-05-01T20:10:44","slug":"trump-firma-orden-que-amplia-sanciones-contra-cuba","status":"publish","type":"post","link":"https:\/\/www.cuballama.com\/noticias\/trump-firma-orden-que-amplia-sanciones-contra-cuba\/","title":{"rendered":"Trump firma orden que ampl\u00eda sanciones contra Cuba"},"content":{"rendered":"\n<p>El presidente de Estados Unidos, Donald Trump, firm\u00f3 este viernes 1 de mayo una <a href=\"https:\/\/www.whitehouse.gov\/presidential-actions\/2026\/05\/imposing-sanctions-on-those-responsible-for-repression-in-cuba-and-for-threats-to-united-states-national-security-and-foreign-policy\/\" target=\"_blank\" rel=\"noreferrer noopener nofollow\">orden ejecutiva<\/a> que ampl\u00eda el alcance de las sanciones contra el r\u00e9gimen cubano.<\/p>\n\n\n\n<p>Seg\u00fan declar\u00f3 a la agencia <em>Reuters<\/em> un funcionario de la Casa Blanca, la medida tiene que ver con que \u201cCuba ofrece un entorno propicio para operaciones hostiles de inteligencia extranjera, militares y terroristas a menos de 160 kil\u00f3metros del territorio estadounidense\u201d.<\/p>\n\n\n\n<p>En concreto, la orden \u201cImponer sanciones a los responsables de la represi\u00f3n en Cuba y de las amenazas a la seguridad nacional y la pol\u00edtica exterior de Estados Unidos\u201d autoriza el bloqueo de bienes y la prohibici\u00f3n de transacciones con personas y entidades vinculadas a sectores clave de la econom\u00eda cubana.<\/p>\n\n\n\n<p>De acuerdo con lo que determina el documento, \u201ctodos los bienes e intereses en bienes que se encuentren entonces en Estados Unidos, que en adelante ingresen al pa\u00eds, o que est\u00e9n bajo el control de cualquier persona estadounidense\u201d de individuos designados \u201cquedan bloqueados y no pueden ser transferidos, pagados, exportados, retirados ni objeto de ninguna otra transacci\u00f3n\u201d.<\/p>\n\n\n\n<p>De esta manera, Washington permite que sea sancionada cualquier persona extranjera determinada por el Secretario de Estado, en consulta con el Secretario del Tesoro; o por el Secretario del Tesoro, en consulta con el Secretario de Estado; o que opere o haya operado en sectores como energ\u00eda, defensa, metales, miner\u00eda, servicios financieros o cualquier otro \u00e1mbito de la econom\u00eda cubana determinado por las autoridades estadounidenses.\u00a0<\/p>\n\n\n\n<p>La sanci\u00f3n apunta a quienes \u201chayan prestado asistencia material, patrocinado o proporcionado apoyo financiero, material o tecnol\u00f3gico para, o bienes o servicios o en apoyo del gobierno de Cuba\u201d; a l\u00edderes, funcionarios, oficiales superiores o miembros de la junta directiva de La Habana; a subdivisiones pol\u00edticas, agencias o instrumentalidades gubernamentales; y a responsables o c\u00f3mplices de, o haber participado o intentado directa o indirectamente participar en,  \u201cabusos graves de los derechos humanos en Cuba\u201d.<\/p>\n\n\n\n<p>La orden afecta a funcionarios, directivos o miembros de entidades estatales cubanas, as\u00ed como a personas consideradas responsables de actos de corrupci\u00f3n, incluyendo \u201cla malversaci\u00f3n de bienes p\u00fablicos, la expropiaci\u00f3n de bienes privados para beneficio personal o fines pol\u00edticos, o el soborno\u201d.<\/p>\n\n\n\n<p>Igualmente, el documento proh\u00edbe cualquier transacci\u00f3n por parte de ciudadanos o entidades estadounidenses con bienes bloqueados, as\u00ed como \u201chacer o recibir cualquier contribuci\u00f3n de fondos, bienes o servicios\u201d en beneficio de personas sancionadas.<\/p>\n\n\n\n<p>La administraci\u00f3n vet\u00f3 acciones destinadas a evadir las restricciones o conspiraciones para violarlas y prohibi\u00f3 igualmente donaciones desde Estados Unidos a personas incluidas en la lista, al considerar que dichas transferencias \u201cperjudicar\u00edan gravemente\u201d su capacidad para enfrentar la emergencia nacional declarada en la Orden Ejecutiva 14380, firmada por Trump el 29 de enero de 2026, que declara una emergencia nacional respecto a Cuba, calific\u00e1ndola de \u201camenaza inusual y extraordinaria\u201d.<\/p>\n\n\n\n<p>La medida contempla adem\u00e1s la imposici\u00f3n de sanciones secundarias a quienes faciliten transacciones con los individuos o entidades designados, ampliando as\u00ed el alcance extraterritorial de las restricciones.<\/p>\n\n\n\n<p><\/p>\n","protected":false},"excerpt":{"rendered":"<p>La medida autoriza el bloqueo de bienes y la prohibici\u00f3n de transacciones con personas y entidades vinculadas a sectores clave de la econom\u00eda cubana.<\/p>\n","protected":false},"author":30,"featured_media":238241,"comment_status":"open","ping_status":"closed","sticky":false,"template":"","format":"standard","meta":{"_acf_changed":false,"footnotes":""},"categories":[18,955],"tags":[10867,10441,31165,11017],"class_list":{"0":"post-243198","1":"post","2":"type-post","3":"status-publish","4":"format-standard","5":"has-post-thumbnail","7":"category-noticias","8":"category-noticias-de-cuba","9":"tag-crisis-en-cuba","10":"tag-donal-trump","11":"tag-relaciones-cuba-estados-unidos-5","12":"tag-superdestacado"},"acf":[],"yoast_head":"<!-- This site is optimized with the Yoast SEO plugin v27.5 - https:\/\/yoast.com\/product\/yoast-seo-wordpress\/ -->\n<title>Trump firma orden que ampl\u00eda sanciones contra Cuba - Cuballama Noticias<\/title>\n<meta name=\"description\" content=\"El presidente de EE.UU., Donald Trump, firm\u00f3 este viernes 1 de mayo una orden ejecutiva que ampl\u00eda el alcance de las sanciones contra Cuba.\" \/>\n<meta name=\"robots\" content=\"index, follow, max-snippet:-1, max-image-preview:large, max-video-preview:-1\" \/>\n<link rel=\"canonical\" href=\"https:\/\/www.cuballama.com\/noticias\/trump-firma-orden-que-amplia-sanciones-contra-cuba\/\" \/>\n<meta property=\"og:locale\" content=\"es_ES\" \/>\n<meta property=\"og:type\" content=\"article\" \/>\n<meta property=\"og:title\" content=\"Trump firma orden que ampl\u00eda sanciones contra Cuba - Cuballama Noticias\" \/>\n<meta property=\"og:description\" content=\"El presidente de EE.UU., Donald Trump, firm\u00f3 este viernes 1 de mayo una orden ejecutiva que ampl\u00eda el alcance de las sanciones contra Cuba.\" \/>\n<meta property=\"og:url\" content=\"https:\/\/www.cuballama.com\/noticias\/trump-firma-orden-que-amplia-sanciones-contra-cuba\/\" \/>\n<meta property=\"og:site_name\" content=\"Cuballama Noticias\" \/>\n<meta property=\"article:publisher\" content=\"https:\/\/www.facebook.com\/CubaLlama\" \/>\n<meta property=\"article:published_time\" content=\"2026-05-01T18:59:23+00:00\" \/>\n<meta property=\"article:modified_time\" content=\"2026-05-01T20:10:44+00:00\" \/>\n<meta property=\"og:image\" content=\"https:\/\/cdn1.mediawpaccore.net\/wp-content\/uploads\/2026\/03\/15233444\/Captura-de-pantalla_15-3-2026_233317_www.instagram.com_.jpg\" \/>\n\t<meta property=\"og:image:width\" content=\"1200\" \/>\n\t<meta property=\"og:image:height\" content=\"630\" \/>\n\t<meta property=\"og:image:type\" content=\"image\/jpeg\" \/>\n<meta name=\"author\" content=\"Kathy\" \/>\n<meta name=\"twitter:card\" content=\"summary_large_image\" \/>\n<meta name=\"twitter:creator\" content=\"@cuballama\" \/>\n<meta name=\"twitter:site\" content=\"@cuballama\" \/>\n<meta name=\"twitter:label1\" content=\"Escrito por\" \/>\n\t<meta name=\"twitter:data1\" content=\"Kathy\" \/>\n\t<meta name=\"twitter:label2\" content=\"Tiempo de lectura\" \/>\n\t<meta name=\"twitter:data2\" content=\"3 minutos\" \/>\n<script type=\"application\/ld+json\" class=\"yoast-schema-graph\">{\"@context\":\"https:\\\/\\\/schema.org\",\"@graph\":[{\"@type\":\"Article\",\"@id\":\"https:\\\/\\\/www.cuballama.com\\\/noticias\\\/trump-firma-orden-que-amplia-sanciones-contra-cuba\\\/#article\",\"isPartOf\":{\"@id\":\"https:\\\/\\\/www.cuballama.com\\\/noticias\\\/trump-firma-orden-que-amplia-sanciones-contra-cuba\\\/\"},\"author\":{\"name\":\"Kathy\",\"@id\":\"https:\\\/\\\/www.cuballama.com\\\/noticias\\\/#\\\/schema\\\/person\\\/86cd3e3f4974437f031211213bf892d5\"},\"headline\":\"Trump firma orden que ampl\u00eda sanciones contra Cuba\",\"datePublished\":\"2026-05-01T18:59:23+00:00\",\"dateModified\":\"2026-05-01T20:10:44+00:00\",\"mainEntityOfPage\":{\"@id\":\"https:\\\/\\\/www.cuballama.com\\\/noticias\\\/trump-firma-orden-que-amplia-sanciones-contra-cuba\\\/\"},\"wordCount\":522,\"commentCount\":0,\"publisher\":{\"@id\":\"https:\\\/\\\/www.cuballama.com\\\/noticias\\\/#organization\"},\"image\":{\"@id\":\"https:\\\/\\\/www.cuballama.com\\\/noticias\\\/trump-firma-orden-que-amplia-sanciones-contra-cuba\\\/#primaryimage\"},\"thumbnailUrl\":\"https:\\\/\\\/cdn1.mediawpaccore.net\\\/wp-content\\\/uploads\\\/2026\\\/03\\\/15233444\\\/Captura-de-pantalla_15-3-2026_233317_www.instagram.com_.jpg\",\"keywords\":[\"Crisis en Cuba\",\"Donal Trump\",\"relaciones Cuba - Estados Unidos\",\"superdestacado\"],\"articleSection\":[\"Noticias\",\"Noticias de Cuba\"],\"inLanguage\":\"es\",\"potentialAction\":[{\"@type\":\"CommentAction\",\"name\":\"Comment\",\"target\":[\"https:\\\/\\\/www.cuballama.com\\\/noticias\\\/trump-firma-orden-que-amplia-sanciones-contra-cuba\\\/#respond\"]}]},{\"@type\":\"WebPage\",\"@id\":\"https:\\\/\\\/www.cuballama.com\\\/noticias\\\/trump-firma-orden-que-amplia-sanciones-contra-cuba\\\/\",\"url\":\"https:\\\/\\\/www.cuballama.com\\\/noticias\\\/trump-firma-orden-que-amplia-sanciones-contra-cuba\\\/\",\"name\":\"Trump firma orden que ampl\u00eda sanciones contra Cuba - Cuballama Noticias\",\"isPartOf\":{\"@id\":\"https:\\\/\\\/www.cuballama.com\\\/noticias\\\/#website\"},\"primaryImageOfPage\":{\"@id\":\"https:\\\/\\\/www.cuballama.com\\\/noticias\\\/trump-firma-orden-que-amplia-sanciones-contra-cuba\\\/#primaryimage\"},\"image\":{\"@id\":\"https:\\\/\\\/www.cuballama.com\\\/noticias\\\/trump-firma-orden-que-amplia-sanciones-contra-cuba\\\/#primaryimage\"},\"thumbnailUrl\":\"https:\\\/\\\/cdn1.mediawpaccore.net\\\/wp-content\\\/uploads\\\/2026\\\/03\\\/15233444\\\/Captura-de-pantalla_15-3-2026_233317_www.instagram.com_.jpg\",\"datePublished\":\"2026-05-01T18:59:23+00:00\",\"dateModified\":\"2026-05-01T20:10:44+00:00\",\"description\":\"El presidente de EE.UU., Donald Trump, firm\u00f3 este viernes 1 de mayo una orden ejecutiva que ampl\u00eda el alcance de las sanciones contra Cuba.\",\"breadcrumb\":{\"@id\":\"https:\\\/\\\/www.cuballama.com\\\/noticias\\\/trump-firma-orden-que-amplia-sanciones-contra-cuba\\\/#breadcrumb\"},\"inLanguage\":\"es\",\"potentialAction\":[{\"@type\":\"ReadAction\",\"target\":[\"https:\\\/\\\/www.cuballama.com\\\/noticias\\\/trump-firma-orden-que-amplia-sanciones-contra-cuba\\\/\"]}]},{\"@type\":\"ImageObject\",\"inLanguage\":\"es\",\"@id\":\"https:\\\/\\\/www.cuballama.com\\\/noticias\\\/trump-firma-orden-que-amplia-sanciones-contra-cuba\\\/#primaryimage\",\"url\":\"https:\\\/\\\/cdn1.mediawpaccore.net\\\/wp-content\\\/uploads\\\/2026\\\/03\\\/15233444\\\/Captura-de-pantalla_15-3-2026_233317_www.instagram.com_.jpg\",\"contentUrl\":\"https:\\\/\\\/cdn1.mediawpaccore.net\\\/wp-content\\\/uploads\\\/2026\\\/03\\\/15233444\\\/Captura-de-pantalla_15-3-2026_233317_www.instagram.com_.jpg\",\"width\":1200,\"height\":630,\"caption\":\"Donald Trump. Foto: Instagram\\\/Donald Trump.\"},{\"@type\":\"BreadcrumbList\",\"@id\":\"https:\\\/\\\/www.cuballama.com\\\/noticias\\\/trump-firma-orden-que-amplia-sanciones-contra-cuba\\\/#breadcrumb\",\"itemListElement\":[{\"@type\":\"ListItem\",\"position\":1,\"name\":\"Home\",\"item\":\"https:\\\/\\\/www.cuballama.com\\\/noticias\\\/\"},{\"@type\":\"ListItem\",\"position\":2,\"name\":\"Trump firma orden que ampl\u00eda sanciones contra Cuba\"}]},{\"@type\":\"WebSite\",\"@id\":\"https:\\\/\\\/www.cuballama.com\\\/noticias\\\/#website\",\"url\":\"https:\\\/\\\/www.cuballama.com\\\/noticias\\\/\",\"name\":\"Cuballama Noticias\",\"description\":\"Medio digital sobre Cuba y el mundo\",\"publisher\":{\"@id\":\"https:\\\/\\\/www.cuballama.com\\\/noticias\\\/#organization\"},\"potentialAction\":[{\"@type\":\"SearchAction\",\"target\":{\"@type\":\"EntryPoint\",\"urlTemplate\":\"https:\\\/\\\/www.cuballama.com\\\/noticias\\\/?s={search_term_string}\"},\"query-input\":{\"@type\":\"PropertyValueSpecification\",\"valueRequired\":true,\"valueName\":\"search_term_string\"}}],\"inLanguage\":\"es\"},{\"@type\":\"Organization\",\"@id\":\"https:\\\/\\\/www.cuballama.com\\\/noticias\\\/#organization\",\"name\":\"Cuballama\",\"url\":\"https:\\\/\\\/www.cuballama.com\\\/noticias\\\/\",\"logo\":{\"@type\":\"ImageObject\",\"inLanguage\":\"es\",\"@id\":\"https:\\\/\\\/www.cuballama.com\\\/noticias\\\/#\\\/schema\\\/logo\\\/image\\\/\",\"url\":\"https:\\\/\\\/cdn1.mediawpaccore.net\\\/wp-content\\\/uploads\\\/2021\\\/12\\\/28171206\\\/cbll-logo-color-sm.png\",\"contentUrl\":\"https:\\\/\\\/cdn1.mediawpaccore.net\\\/wp-content\\\/uploads\\\/2021\\\/12\\\/28171206\\\/cbll-logo-color-sm.png\",\"width\":600,\"height\":133,\"caption\":\"Cuballama\"},\"image\":{\"@id\":\"https:\\\/\\\/www.cuballama.com\\\/noticias\\\/#\\\/schema\\\/logo\\\/image\\\/\"},\"sameAs\":[\"https:\\\/\\\/www.facebook.com\\\/CubaLlama\",\"https:\\\/\\\/x.com\\\/cuballama\",\"https:\\\/\\\/www.instagram.com\\\/stories\\\/cuballama_oficial\\\/\",\"https:\\\/\\\/www.youtube.com\\\/channel\\\/UCKkFE-d_axENGZcrc4as0IA\"]},{\"@type\":\"Person\",\"@id\":\"https:\\\/\\\/www.cuballama.com\\\/noticias\\\/#\\\/schema\\\/person\\\/86cd3e3f4974437f031211213bf892d5\",\"name\":\"Kathy\",\"url\":\"https:\\\/\\\/www.cuballama.com\\\/noticias\\\/author\\\/kathy\\\/\"}]}<\/script>\n<!-- \/ Yoast SEO plugin. -->","yoast_head_json":{"title":"Trump firma orden que ampl\u00eda sanciones contra Cuba - Cuballama Noticias","description":"El presidente de EE.UU., Donald Trump, firm\u00f3 este viernes 1 de mayo una orden ejecutiva que ampl\u00eda el alcance de las sanciones contra Cuba.","robots":{"index":"index","follow":"follow","max-snippet":"max-snippet:-1","max-image-preview":"max-image-preview:large","max-video-preview":"max-video-preview:-1"},"canonical":"https:\/\/www.cuballama.com\/noticias\/trump-firma-orden-que-amplia-sanciones-contra-cuba\/","og_locale":"es_ES","og_type":"article","og_title":"Trump firma orden que ampl\u00eda sanciones contra Cuba - Cuballama Noticias","og_description":"El presidente de EE.UU., Donald Trump, firm\u00f3 este viernes 1 de mayo una orden ejecutiva que ampl\u00eda el alcance de las sanciones contra Cuba.","og_url":"https:\/\/www.cuballama.com\/noticias\/trump-firma-orden-que-amplia-sanciones-contra-cuba\/","og_site_name":"Cuballama Noticias","article_publisher":"https:\/\/www.facebook.com\/CubaLlama","article_published_time":"2026-05-01T18:59:23+00:00","article_modified_time":"2026-05-01T20:10:44+00:00","og_image":[{"width":1200,"height":630,"url":"https:\/\/cdn1.mediawpaccore.net\/wp-content\/uploads\/2026\/03\/15233444\/Captura-de-pantalla_15-3-2026_233317_www.instagram.com_.jpg","type":"image\/jpeg"}],"author":"Kathy","twitter_card":"summary_large_image","twitter_creator":"@cuballama","twitter_site":"@cuballama","twitter_misc":{"Escrito por":"Kathy","Tiempo de lectura":"3 minutos"},"schema":{"@context":"https:\/\/schema.org","@graph":[{"@type":"Article","@id":"https:\/\/www.cuballama.com\/noticias\/trump-firma-orden-que-amplia-sanciones-contra-cuba\/#article","isPartOf":{"@id":"https:\/\/www.cuballama.com\/noticias\/trump-firma-orden-que-amplia-sanciones-contra-cuba\/"},"author":{"name":"Kathy","@id":"https:\/\/www.cuballama.com\/noticias\/#\/schema\/person\/86cd3e3f4974437f031211213bf892d5"},"headline":"Trump firma orden que ampl\u00eda sanciones contra Cuba","datePublished":"2026-05-01T18:59:23+00:00","dateModified":"2026-05-01T20:10:44+00:00","mainEntityOfPage":{"@id":"https:\/\/www.cuballama.com\/noticias\/trump-firma-orden-que-amplia-sanciones-contra-cuba\/"},"wordCount":522,"commentCount":0,"publisher":{"@id":"https:\/\/www.cuballama.com\/noticias\/#organization"},"image":{"@id":"https:\/\/www.cuballama.com\/noticias\/trump-firma-orden-que-amplia-sanciones-contra-cuba\/#primaryimage"},"thumbnailUrl":"https:\/\/cdn1.mediawpaccore.net\/wp-content\/uploads\/2026\/03\/15233444\/Captura-de-pantalla_15-3-2026_233317_www.instagram.com_.jpg","keywords":["Crisis en Cuba","Donal Trump","relaciones Cuba - Estados Unidos","superdestacado"],"articleSection":["Noticias","Noticias de Cuba"],"inLanguage":"es","potentialAction":[{"@type":"CommentAction","name":"Comment","target":["https:\/\/www.cuballama.com\/noticias\/trump-firma-orden-que-amplia-sanciones-contra-cuba\/#respond"]}]},{"@type":"WebPage","@id":"https:\/\/www.cuballama.com\/noticias\/trump-firma-orden-que-amplia-sanciones-contra-cuba\/","url":"https:\/\/www.cuballama.com\/noticias\/trump-firma-orden-que-amplia-sanciones-contra-cuba\/","name":"Trump firma orden que ampl\u00eda sanciones contra Cuba - Cuballama Noticias","isPartOf":{"@id":"https:\/\/www.cuballama.com\/noticias\/#website"},"primaryImageOfPage":{"@id":"https:\/\/www.cuballama.com\/noticias\/trump-firma-orden-que-amplia-sanciones-contra-cuba\/#primaryimage"},"image":{"@id":"https:\/\/www.cuballama.com\/noticias\/trump-firma-orden-que-amplia-sanciones-contra-cuba\/#primaryimage"},"thumbnailUrl":"https:\/\/cdn1.mediawpaccore.net\/wp-content\/uploads\/2026\/03\/15233444\/Captura-de-pantalla_15-3-2026_233317_www.instagram.com_.jpg","datePublished":"2026-05-01T18:59:23+00:00","dateModified":"2026-05-01T20:10:44+00:00","description":"El presidente de EE.UU., Donald Trump, firm\u00f3 este viernes 1 de mayo una orden ejecutiva que ampl\u00eda el alcance de las sanciones contra Cuba.","breadcrumb":{"@id":"https:\/\/www.cuballama.com\/noticias\/trump-firma-orden-que-amplia-sanciones-contra-cuba\/#breadcrumb"},"inLanguage":"es","potentialAction":[{"@type":"ReadAction","target":["https:\/\/www.cuballama.com\/noticias\/trump-firma-orden-que-amplia-sanciones-contra-cuba\/"]}]},{"@type":"ImageObject","inLanguage":"es","@id":"https:\/\/www.cuballama.com\/noticias\/trump-firma-orden-que-amplia-sanciones-contra-cuba\/#primaryimage","url":"https:\/\/cdn1.mediawpaccore.net\/wp-content\/uploads\/2026\/03\/15233444\/Captura-de-pantalla_15-3-2026_233317_www.instagram.com_.jpg","contentUrl":"https:\/\/cdn1.mediawpaccore.net\/wp-content\/uploads\/2026\/03\/15233444\/Captura-de-pantalla_15-3-2026_233317_www.instagram.com_.jpg","width":1200,"height":630,"caption":"Donald Trump. Foto: Instagram\/Donald Trump."},{"@type":"BreadcrumbList","@id":"https:\/\/www.cuballama.com\/noticias\/trump-firma-orden-que-amplia-sanciones-contra-cuba\/#breadcrumb","itemListElement":[{"@type":"ListItem","position":1,"name":"Home","item":"https:\/\/www.cuballama.com\/noticias\/"},{"@type":"ListItem","position":2,"name":"Trump firma orden que ampl\u00eda sanciones contra Cuba"}]},{"@type":"WebSite","@id":"https:\/\/www.cuballama.com\/noticias\/#website","url":"https:\/\/www.cuballama.com\/noticias\/","name":"Cuballama Noticias","description":"Medio digital sobre Cuba y el mundo","publisher":{"@id":"https:\/\/www.cuballama.com\/noticias\/#organization"},"potentialAction":[{"@type":"SearchAction","target":{"@type":"EntryPoint","urlTemplate":"https:\/\/www.cuballama.com\/noticias\/?s={search_term_string}"},"query-input":{"@type":"PropertyValueSpecification","valueRequired":true,"valueName":"search_term_string"}}],"inLanguage":"es"},{"@type":"Organization","@id":"https:\/\/www.cuballama.com\/noticias\/#organization","name":"Cuballama","url":"https:\/\/www.cuballama.com\/noticias\/","logo":{"@type":"ImageObject","inLanguage":"es","@id":"https:\/\/www.cuballama.com\/noticias\/#\/schema\/logo\/image\/","url":"https:\/\/cdn1.mediawpaccore.net\/wp-content\/uploads\/2021\/12\/28171206\/cbll-logo-color-sm.png","contentUrl":"https:\/\/cdn1.mediawpaccore.net\/wp-content\/uploads\/2021\/12\/28171206\/cbll-logo-color-sm.png","width":600,"height":133,"caption":"Cuballama"},"image":{"@id":"https:\/\/www.cuballama.com\/noticias\/#\/schema\/logo\/image\/"},"sameAs":["https:\/\/www.facebook.com\/CubaLlama","https:\/\/x.com\/cuballama","https:\/\/www.instagram.com\/stories\/cuballama_oficial\/","https:\/\/www.youtube.com\/channel\/UCKkFE-d_axENGZcrc4as0IA"]},{"@type":"Person","@id":"https:\/\/www.cuballama.com\/noticias\/#\/schema\/person\/86cd3e3f4974437f031211213bf892d5","name":"Kathy","url":"https:\/\/www.cuballama.com\/noticias\/author\/kathy\/"}]}},"_links":{"self":[{"href":"https:\/\/www.cuballama.com\/noticias\/wp-json\/wp\/v2\/posts\/243198","targetHints":{"allow":["GET"]}}],"collection":[{"href":"https:\/\/www.cuballama.com\/noticias\/wp-json\/wp\/v2\/posts"}],"about":[{"href":"https:\/\/www.cuballama.com\/noticias\/wp-json\/wp\/v2\/types\/post"}],"author":[{"embeddable":true,"href":"https:\/\/www.cuballama.com\/noticias\/wp-json\/wp\/v2\/users\/30"}],"replies":[{"embeddable":true,"href":"https:\/\/www.cuballama.com\/noticias\/wp-json\/wp\/v2\/comments?post=243198"}],"version-history":[{"count":10,"href":"https:\/\/www.cuballama.com\/noticias\/wp-json\/wp\/v2\/posts\/243198\/revisions"}],"predecessor-version":[{"id":243216,"href":"https:\/\/www.cuballama.com\/noticias\/wp-json\/wp\/v2\/posts\/243198\/revisions\/243216"}],"wp:featuredmedia":[{"embeddable":true,"href":"https:\/\/www.cuballama.com\/noticias\/wp-json\/wp\/v2\/media\/238241"}],"wp:attachment":[{"href":"https:\/\/www.cuballama.com\/noticias\/wp-json\/wp\/v2\/media?parent=243198"}],"wp:term":[{"taxonomy":"category","embeddable":true,"href":"https:\/\/www.cuballama.com\/noticias\/wp-json\/wp\/v2\/categories?post=243198"},{"taxonomy":"post_tag","embeddable":true,"href":"https:\/\/www.cuballama.com\/noticias\/wp-json\/wp\/v2\/tags?post=243198"}],"curies":[{"name":"wp","href":"https:\/\/api.w.org\/{rel}","templated":true}]}}