{"id":243187,"date":"2026-05-01T14:01:39","date_gmt":"2026-05-01T18:01:39","guid":{"rendered":"https:\/\/www.cuballama.com\/noticias\/?p=243187"},"modified":"2026-05-01T14:09:27","modified_gmt":"2026-05-01T18:09:27","slug":"los-cubanos-en-desfile-de-primero-de-mayo-piden-a-canel-que-apriete","status":"publish","type":"post","link":"https:\/\/www.cuballama.com\/noticias\/los-cubanos-en-desfile-de-primero-de-mayo-piden-a-canel-que-apriete\/","title":{"rendered":"Los cubanos en desfile de Primero de Mayo piden a Canel que \u00abapriete\u00bb"},"content":{"rendered":"\n<p>\u00abCanel, aprieta, que a Cuba se respeta\u00bb. Esa fue <a href=\"https:\/\/www.facebook.com\/reel\/934419716090734\/?mibextid=wwXIfr&amp;rdid=4fUhWGMm7B4IoWOd\" target=\"_blank\" rel=\"noreferrer noopener\">una de las tantas consignas<\/a> que corearon los cubanos frente a D\u00edaz-Canel en la habitual marcha del primero de mayo, que en esta ocasi\u00f3n volvi\u00f3 a prescindir de la Plaza de la Revoluci\u00f3n, su escenario habitual, para realizarse ante la sede diplom\u00e1tica de Estados Unidos en La Habana como forma de protesta.<\/p>\n\n\n\n<p>La manifestaci\u00f3n, que congreg\u00f3 a una parte de los habaneros, se realiz\u00f3 en un momento de m\u00e1xima tensi\u00f3n con Estados Unidos, marcada por las declaraciones del presidente Donald Trump y del Secretario de Estado Marco Rubio, de origen cubano, quienes han pronosticado un cercano fin del r\u00e9gimen cubano en varias declaraciones p\u00fablicas. Incluso medios de prensa estadounidense han se\u00f1alado que el Pent\u00e1gono se prepara \u00bb discretamente\u00bb para una posible acci\u00f3n militar en la isla. <\/p>\n\n\n\n<p>Ante este panorama Canel ha dicho \u00bb estamos preparados para dar la vida por la revoluci\u00f3n\u00bb y ha asegurado que el ej\u00e9rcito estadounidense caer\u00e1 vencido en Cuba con la \u00abguerra de todo el pueblo\u00bb. Mientras, en La Habana se realizaron recientemente conversaciones entre delegaciones de ambos pa\u00edses para encontrar una salida pac\u00edfica o menos traum\u00e1tica a la relaci\u00f3n bilateral.  Los medios destacaron que los funcionarios estadounidenses hicieron una reuni\u00f3n aparte con \u00bb El Cangrejo\u00bb, el coronel y escolta de Ra\u00fal Castro, quien al parecer se ha convertido en el principal intermediario de estas conversaciones que a juzgar por el lenguaje beligerante del r\u00e9gimen cubano no han conducido a\u00fan a soluciones concretas.<\/p>\n\n\n\n<p>De acuerdo con medios de prensa de EEUU en el encuentro entre ambos pa\u00edses la delegaci\u00f3n de la administraci\u00f3n Trump exigi\u00f3 la liberaci\u00f3n de los presos pol\u00edticos, elecciones libres y el pago por las confiscaciones realizadas por el fallecido Fidel Castro a empresas estadounidenses.<\/p>\n\n\n\n<p>Para el r\u00e9gimen cubano <a href=\"https:\/\/www.cuballama.com\/noticias\/reaparece-raul-castro-en-medio-de-tensiones-con-ee-uu\/\">este desfile funciona como un modo de validaci\u00f3n y apoyo <\/a>en el momento de mayor gravedad pol\u00edtica desde la Crisis de los Misiles, que puso al mundo al borde de una guerra nuclear y que se sald\u00f3 con negociaciones entre la ex Uni\u00f3n Sovi\u00e9tica y Estados Unidos a espaldas de Fidel Castro, lo que molest\u00f3 considerablemente al dictador. <\/p>\n\n\n\n<p>Para diversos analistas este a\u00f1o ser\u00e1 decisivo para el futuro de Cuba y se espera que con la presi\u00f3n del gobierno de Trump ocurran cambios pol\u00edticos y econ\u00f3micas sustanciales en la isla.<\/p>\n\n\n\n<p><\/p>\n","protected":false},"excerpt":{"rendered":"<p>Para diversos analistas este a\u00f1o ser\u00e1 decisivo para el futuro de Cuba y se espera que con la presi\u00f3n del gobierno de Trump ocurran cambios pol\u00edticos y econ\u00f3micas sustanciales en la isla.<\/p>\n","protected":false},"author":24,"featured_media":243181,"comment_status":"open","ping_status":"closed","sticky":false,"template":"","format":"standard","meta":{"_acf_changed":false,"footnotes":""},"categories":[18,955],"tags":[12981,10867,11,941,11263,16251,5048,7651],"class_list":{"0":"post-243187","1":"post","2":"type-post","3":"status-publish","4":"format-standard","5":"has-post-thumbnail","7":"category-noticias","8":"category-noticias-de-cuba","9":"tag-1-de-mayo","10":"tag-crisis-en-cuba","11":"tag-cuba","12":"tag-destacado","13":"tag-diaz-canel-2","14":"tag-el-cangrejo","15":"tag-fidel-castro","16":"tag-trump"},"acf":[],"yoast_head":"<!-- This site is optimized with the Yoast SEO plugin v27.5 - https:\/\/yoast.com\/product\/yoast-seo-wordpress\/ -->\n<title>Los cubanos en desfile de Primero de Mayo piden a Canel que &quot;apriete&quot; - Cuballama Noticias<\/title>\n<meta name=\"description\" content=\"La manifestaci\u00f3n, que congreg\u00f3 a una parte de los habaneros, se realiz\u00f3 en un momento de m\u00e1xima tensi\u00f3n con Estados Unidos.\" \/>\n<meta name=\"robots\" content=\"index, follow, max-snippet:-1, max-image-preview:large, max-video-preview:-1\" \/>\n<link rel=\"canonical\" href=\"https:\/\/www.cuballama.com\/noticias\/los-cubanos-en-desfile-de-primero-de-mayo-piden-a-canel-que-apriete\/\" \/>\n<meta property=\"og:locale\" content=\"es_ES\" \/>\n<meta property=\"og:type\" content=\"article\" \/>\n<meta property=\"og:title\" content=\"Los cubanos en desfile de Primero de Mayo piden a Canel que &quot;apriete&quot; - Cuballama Noticias\" \/>\n<meta property=\"og:description\" content=\"La manifestaci\u00f3n, que congreg\u00f3 a una parte de los habaneros, se realiz\u00f3 en un momento de m\u00e1xima tensi\u00f3n con Estados Unidos.\" \/>\n<meta property=\"og:url\" content=\"https:\/\/www.cuballama.com\/noticias\/los-cubanos-en-desfile-de-primero-de-mayo-piden-a-canel-que-apriete\/\" \/>\n<meta property=\"og:site_name\" content=\"Cuballama Noticias\" \/>\n<meta property=\"article:publisher\" content=\"https:\/\/www.facebook.com\/CubaLlama\" \/>\n<meta property=\"article:published_time\" content=\"2026-05-01T18:01:39+00:00\" \/>\n<meta property=\"article:modified_time\" content=\"2026-05-01T18:09:27+00:00\" \/>\n<meta property=\"og:image\" content=\"https:\/\/cdn1.mediawpaccore.net\/wp-content\/uploads\/2026\/05\/01120653\/684210952_964267119683142_1256329190998832257_n2.jpg\" \/>\n\t<meta property=\"og:image:width\" content=\"1200\" \/>\n\t<meta property=\"og:image:height\" content=\"630\" \/>\n\t<meta property=\"og:image:type\" content=\"image\/jpeg\" \/>\n<meta name=\"author\" content=\"Manu\" \/>\n<meta name=\"twitter:card\" content=\"summary_large_image\" \/>\n<meta name=\"twitter:creator\" content=\"@cuballama\" \/>\n<meta name=\"twitter:site\" content=\"@cuballama\" \/>\n<meta name=\"twitter:label1\" content=\"Escrito por\" \/>\n\t<meta name=\"twitter:data1\" content=\"Manu\" \/>\n\t<meta name=\"twitter:label2\" content=\"Tiempo de lectura\" \/>\n\t<meta name=\"twitter:data2\" content=\"2 minutos\" \/>\n<script type=\"application\/ld+json\" class=\"yoast-schema-graph\">{\"@context\":\"https:\\\/\\\/schema.org\",\"@graph\":[{\"@type\":\"Article\",\"@id\":\"https:\\\/\\\/www.cuballama.com\\\/noticias\\\/los-cubanos-en-desfile-de-primero-de-mayo-piden-a-canel-que-apriete\\\/#article\",\"isPartOf\":{\"@id\":\"https:\\\/\\\/www.cuballama.com\\\/noticias\\\/los-cubanos-en-desfile-de-primero-de-mayo-piden-a-canel-que-apriete\\\/\"},\"author\":{\"name\":\"Manu\",\"@id\":\"https:\\\/\\\/www.cuballama.com\\\/noticias\\\/#\\\/schema\\\/person\\\/5889f7d070564f8386e7944d14d436cd\"},\"headline\":\"Los cubanos en desfile de Primero de Mayo piden a Canel que \u00abapriete\u00bb\",\"datePublished\":\"2026-05-01T18:01:39+00:00\",\"dateModified\":\"2026-05-01T18:09:27+00:00\",\"mainEntityOfPage\":{\"@id\":\"https:\\\/\\\/www.cuballama.com\\\/noticias\\\/los-cubanos-en-desfile-de-primero-de-mayo-piden-a-canel-que-apriete\\\/\"},\"wordCount\":430,\"commentCount\":0,\"publisher\":{\"@id\":\"https:\\\/\\\/www.cuballama.com\\\/noticias\\\/#organization\"},\"image\":{\"@id\":\"https:\\\/\\\/www.cuballama.com\\\/noticias\\\/los-cubanos-en-desfile-de-primero-de-mayo-piden-a-canel-que-apriete\\\/#primaryimage\"},\"thumbnailUrl\":\"https:\\\/\\\/cdn1.mediawpaccore.net\\\/wp-content\\\/uploads\\\/2026\\\/05\\\/01120653\\\/684210952_964267119683142_1256329190998832257_n2.jpg\",\"keywords\":[\"1 de mayo\",\"Crisis en Cuba\",\"Cuba\",\"destacado\",\"Diaz-Canel\",\"El cangrejo\",\"Fidel Castro\",\"Trump\"],\"articleSection\":[\"Noticias\",\"Noticias de Cuba\"],\"inLanguage\":\"es\",\"potentialAction\":[{\"@type\":\"CommentAction\",\"name\":\"Comment\",\"target\":[\"https:\\\/\\\/www.cuballama.com\\\/noticias\\\/los-cubanos-en-desfile-de-primero-de-mayo-piden-a-canel-que-apriete\\\/#respond\"]}]},{\"@type\":\"WebPage\",\"@id\":\"https:\\\/\\\/www.cuballama.com\\\/noticias\\\/los-cubanos-en-desfile-de-primero-de-mayo-piden-a-canel-que-apriete\\\/\",\"url\":\"https:\\\/\\\/www.cuballama.com\\\/noticias\\\/los-cubanos-en-desfile-de-primero-de-mayo-piden-a-canel-que-apriete\\\/\",\"name\":\"Los cubanos en desfile de Primero de Mayo piden a Canel que \\\"apriete\\\" - Cuballama Noticias\",\"isPartOf\":{\"@id\":\"https:\\\/\\\/www.cuballama.com\\\/noticias\\\/#website\"},\"primaryImageOfPage\":{\"@id\":\"https:\\\/\\\/www.cuballama.com\\\/noticias\\\/los-cubanos-en-desfile-de-primero-de-mayo-piden-a-canel-que-apriete\\\/#primaryimage\"},\"image\":{\"@id\":\"https:\\\/\\\/www.cuballama.com\\\/noticias\\\/los-cubanos-en-desfile-de-primero-de-mayo-piden-a-canel-que-apriete\\\/#primaryimage\"},\"thumbnailUrl\":\"https:\\\/\\\/cdn1.mediawpaccore.net\\\/wp-content\\\/uploads\\\/2026\\\/05\\\/01120653\\\/684210952_964267119683142_1256329190998832257_n2.jpg\",\"datePublished\":\"2026-05-01T18:01:39+00:00\",\"dateModified\":\"2026-05-01T18:09:27+00:00\",\"description\":\"La manifestaci\u00f3n, que congreg\u00f3 a una parte de los habaneros, se realiz\u00f3 en un momento de m\u00e1xima tensi\u00f3n con Estados Unidos.\",\"breadcrumb\":{\"@id\":\"https:\\\/\\\/www.cuballama.com\\\/noticias\\\/los-cubanos-en-desfile-de-primero-de-mayo-piden-a-canel-que-apriete\\\/#breadcrumb\"},\"inLanguage\":\"es\",\"potentialAction\":[{\"@type\":\"ReadAction\",\"target\":[\"https:\\\/\\\/www.cuballama.com\\\/noticias\\\/los-cubanos-en-desfile-de-primero-de-mayo-piden-a-canel-que-apriete\\\/\"]}]},{\"@type\":\"ImageObject\",\"inLanguage\":\"es\",\"@id\":\"https:\\\/\\\/www.cuballama.com\\\/noticias\\\/los-cubanos-en-desfile-de-primero-de-mayo-piden-a-canel-que-apriete\\\/#primaryimage\",\"url\":\"https:\\\/\\\/cdn1.mediawpaccore.net\\\/wp-content\\\/uploads\\\/2026\\\/05\\\/01120653\\\/684210952_964267119683142_1256329190998832257_n2.jpg\",\"contentUrl\":\"https:\\\/\\\/cdn1.mediawpaccore.net\\\/wp-content\\\/uploads\\\/2026\\\/05\\\/01120653\\\/684210952_964267119683142_1256329190998832257_n2.jpg\",\"width\":1200,\"height\":630,\"caption\":\"Ra\u00fal Castro reaparece este 1 de mayo. Foto: X\\\/Miguel D\u00edaz-Canel Berm\u00fadez.\"},{\"@type\":\"BreadcrumbList\",\"@id\":\"https:\\\/\\\/www.cuballama.com\\\/noticias\\\/los-cubanos-en-desfile-de-primero-de-mayo-piden-a-canel-que-apriete\\\/#breadcrumb\",\"itemListElement\":[{\"@type\":\"ListItem\",\"position\":1,\"name\":\"Home\",\"item\":\"https:\\\/\\\/www.cuballama.com\\\/noticias\\\/\"},{\"@type\":\"ListItem\",\"position\":2,\"name\":\"Los cubanos en desfile de Primero de Mayo piden a Canel que \u00abapriete\u00bb\"}]},{\"@type\":\"WebSite\",\"@id\":\"https:\\\/\\\/www.cuballama.com\\\/noticias\\\/#website\",\"url\":\"https:\\\/\\\/www.cuballama.com\\\/noticias\\\/\",\"name\":\"Cuballama Noticias\",\"description\":\"Medio digital sobre Cuba y el mundo\",\"publisher\":{\"@id\":\"https:\\\/\\\/www.cuballama.com\\\/noticias\\\/#organization\"},\"potentialAction\":[{\"@type\":\"SearchAction\",\"target\":{\"@type\":\"EntryPoint\",\"urlTemplate\":\"https:\\\/\\\/www.cuballama.com\\\/noticias\\\/?s={search_term_string}\"},\"query-input\":{\"@type\":\"PropertyValueSpecification\",\"valueRequired\":true,\"valueName\":\"search_term_string\"}}],\"inLanguage\":\"es\"},{\"@type\":\"Organization\",\"@id\":\"https:\\\/\\\/www.cuballama.com\\\/noticias\\\/#organization\",\"name\":\"Cuballama\",\"url\":\"https:\\\/\\\/www.cuballama.com\\\/noticias\\\/\",\"logo\":{\"@type\":\"ImageObject\",\"inLanguage\":\"es\",\"@id\":\"https:\\\/\\\/www.cuballama.com\\\/noticias\\\/#\\\/schema\\\/logo\\\/image\\\/\",\"url\":\"https:\\\/\\\/cdn1.mediawpaccore.net\\\/wp-content\\\/uploads\\\/2021\\\/12\\\/28171206\\\/cbll-logo-color-sm.png\",\"contentUrl\":\"https:\\\/\\\/cdn1.mediawpaccore.net\\\/wp-content\\\/uploads\\\/2021\\\/12\\\/28171206\\\/cbll-logo-color-sm.png\",\"width\":600,\"height\":133,\"caption\":\"Cuballama\"},\"image\":{\"@id\":\"https:\\\/\\\/www.cuballama.com\\\/noticias\\\/#\\\/schema\\\/logo\\\/image\\\/\"},\"sameAs\":[\"https:\\\/\\\/www.facebook.com\\\/CubaLlama\",\"https:\\\/\\\/x.com\\\/cuballama\",\"https:\\\/\\\/www.instagram.com\\\/stories\\\/cuballama_oficial\\\/\",\"https:\\\/\\\/www.youtube.com\\\/channel\\\/UCKkFE-d_axENGZcrc4as0IA\"]},{\"@type\":\"Person\",\"@id\":\"https:\\\/\\\/www.cuballama.com\\\/noticias\\\/#\\\/schema\\\/person\\\/5889f7d070564f8386e7944d14d436cd\",\"name\":\"Manu\",\"url\":\"https:\\\/\\\/www.cuballama.com\\\/noticias\\\/author\\\/manu\\\/\"}]}<\/script>\n<!-- \/ Yoast SEO plugin. -->","yoast_head_json":{"title":"Los cubanos en desfile de Primero de Mayo piden a Canel que \"apriete\" - Cuballama Noticias","description":"La manifestaci\u00f3n, que congreg\u00f3 a una parte de los habaneros, se realiz\u00f3 en un momento de m\u00e1xima tensi\u00f3n con Estados Unidos.","robots":{"index":"index","follow":"follow","max-snippet":"max-snippet:-1","max-image-preview":"max-image-preview:large","max-video-preview":"max-video-preview:-1"},"canonical":"https:\/\/www.cuballama.com\/noticias\/los-cubanos-en-desfile-de-primero-de-mayo-piden-a-canel-que-apriete\/","og_locale":"es_ES","og_type":"article","og_title":"Los cubanos en desfile de Primero de Mayo piden a Canel que \"apriete\" - Cuballama Noticias","og_description":"La manifestaci\u00f3n, que congreg\u00f3 a una parte de los habaneros, se realiz\u00f3 en un momento de m\u00e1xima tensi\u00f3n con Estados Unidos.","og_url":"https:\/\/www.cuballama.com\/noticias\/los-cubanos-en-desfile-de-primero-de-mayo-piden-a-canel-que-apriete\/","og_site_name":"Cuballama Noticias","article_publisher":"https:\/\/www.facebook.com\/CubaLlama","article_published_time":"2026-05-01T18:01:39+00:00","article_modified_time":"2026-05-01T18:09:27+00:00","og_image":[{"width":1200,"height":630,"url":"https:\/\/cdn1.mediawpaccore.net\/wp-content\/uploads\/2026\/05\/01120653\/684210952_964267119683142_1256329190998832257_n2.jpg","type":"image\/jpeg"}],"author":"Manu","twitter_card":"summary_large_image","twitter_creator":"@cuballama","twitter_site":"@cuballama","twitter_misc":{"Escrito por":"Manu","Tiempo de lectura":"2 minutos"},"schema":{"@context":"https:\/\/schema.org","@graph":[{"@type":"Article","@id":"https:\/\/www.cuballama.com\/noticias\/los-cubanos-en-desfile-de-primero-de-mayo-piden-a-canel-que-apriete\/#article","isPartOf":{"@id":"https:\/\/www.cuballama.com\/noticias\/los-cubanos-en-desfile-de-primero-de-mayo-piden-a-canel-que-apriete\/"},"author":{"name":"Manu","@id":"https:\/\/www.cuballama.com\/noticias\/#\/schema\/person\/5889f7d070564f8386e7944d14d436cd"},"headline":"Los cubanos en desfile de Primero de Mayo piden a Canel que \u00abapriete\u00bb","datePublished":"2026-05-01T18:01:39+00:00","dateModified":"2026-05-01T18:09:27+00:00","mainEntityOfPage":{"@id":"https:\/\/www.cuballama.com\/noticias\/los-cubanos-en-desfile-de-primero-de-mayo-piden-a-canel-que-apriete\/"},"wordCount":430,"commentCount":0,"publisher":{"@id":"https:\/\/www.cuballama.com\/noticias\/#organization"},"image":{"@id":"https:\/\/www.cuballama.com\/noticias\/los-cubanos-en-desfile-de-primero-de-mayo-piden-a-canel-que-apriete\/#primaryimage"},"thumbnailUrl":"https:\/\/cdn1.mediawpaccore.net\/wp-content\/uploads\/2026\/05\/01120653\/684210952_964267119683142_1256329190998832257_n2.jpg","keywords":["1 de mayo","Crisis en Cuba","Cuba","destacado","Diaz-Canel","El cangrejo","Fidel Castro","Trump"],"articleSection":["Noticias","Noticias de Cuba"],"inLanguage":"es","potentialAction":[{"@type":"CommentAction","name":"Comment","target":["https:\/\/www.cuballama.com\/noticias\/los-cubanos-en-desfile-de-primero-de-mayo-piden-a-canel-que-apriete\/#respond"]}]},{"@type":"WebPage","@id":"https:\/\/www.cuballama.com\/noticias\/los-cubanos-en-desfile-de-primero-de-mayo-piden-a-canel-que-apriete\/","url":"https:\/\/www.cuballama.com\/noticias\/los-cubanos-en-desfile-de-primero-de-mayo-piden-a-canel-que-apriete\/","name":"Los cubanos en desfile de Primero de Mayo piden a Canel que \"apriete\" - Cuballama Noticias","isPartOf":{"@id":"https:\/\/www.cuballama.com\/noticias\/#website"},"primaryImageOfPage":{"@id":"https:\/\/www.cuballama.com\/noticias\/los-cubanos-en-desfile-de-primero-de-mayo-piden-a-canel-que-apriete\/#primaryimage"},"image":{"@id":"https:\/\/www.cuballama.com\/noticias\/los-cubanos-en-desfile-de-primero-de-mayo-piden-a-canel-que-apriete\/#primaryimage"},"thumbnailUrl":"https:\/\/cdn1.mediawpaccore.net\/wp-content\/uploads\/2026\/05\/01120653\/684210952_964267119683142_1256329190998832257_n2.jpg","datePublished":"2026-05-01T18:01:39+00:00","dateModified":"2026-05-01T18:09:27+00:00","description":"La manifestaci\u00f3n, que congreg\u00f3 a una parte de los habaneros, se realiz\u00f3 en un momento de m\u00e1xima tensi\u00f3n con Estados Unidos.","breadcrumb":{"@id":"https:\/\/www.cuballama.com\/noticias\/los-cubanos-en-desfile-de-primero-de-mayo-piden-a-canel-que-apriete\/#breadcrumb"},"inLanguage":"es","potentialAction":[{"@type":"ReadAction","target":["https:\/\/www.cuballama.com\/noticias\/los-cubanos-en-desfile-de-primero-de-mayo-piden-a-canel-que-apriete\/"]}]},{"@type":"ImageObject","inLanguage":"es","@id":"https:\/\/www.cuballama.com\/noticias\/los-cubanos-en-desfile-de-primero-de-mayo-piden-a-canel-que-apriete\/#primaryimage","url":"https:\/\/cdn1.mediawpaccore.net\/wp-content\/uploads\/2026\/05\/01120653\/684210952_964267119683142_1256329190998832257_n2.jpg","contentUrl":"https:\/\/cdn1.mediawpaccore.net\/wp-content\/uploads\/2026\/05\/01120653\/684210952_964267119683142_1256329190998832257_n2.jpg","width":1200,"height":630,"caption":"Ra\u00fal Castro reaparece este 1 de mayo. Foto: X\/Miguel D\u00edaz-Canel Berm\u00fadez."},{"@type":"BreadcrumbList","@id":"https:\/\/www.cuballama.com\/noticias\/los-cubanos-en-desfile-de-primero-de-mayo-piden-a-canel-que-apriete\/#breadcrumb","itemListElement":[{"@type":"ListItem","position":1,"name":"Home","item":"https:\/\/www.cuballama.com\/noticias\/"},{"@type":"ListItem","position":2,"name":"Los cubanos en desfile de Primero de Mayo piden a Canel que \u00abapriete\u00bb"}]},{"@type":"WebSite","@id":"https:\/\/www.cuballama.com\/noticias\/#website","url":"https:\/\/www.cuballama.com\/noticias\/","name":"Cuballama Noticias","description":"Medio digital sobre Cuba y el mundo","publisher":{"@id":"https:\/\/www.cuballama.com\/noticias\/#organization"},"potentialAction":[{"@type":"SearchAction","target":{"@type":"EntryPoint","urlTemplate":"https:\/\/www.cuballama.com\/noticias\/?s={search_term_string}"},"query-input":{"@type":"PropertyValueSpecification","valueRequired":true,"valueName":"search_term_string"}}],"inLanguage":"es"},{"@type":"Organization","@id":"https:\/\/www.cuballama.com\/noticias\/#organization","name":"Cuballama","url":"https:\/\/www.cuballama.com\/noticias\/","logo":{"@type":"ImageObject","inLanguage":"es","@id":"https:\/\/www.cuballama.com\/noticias\/#\/schema\/logo\/image\/","url":"https:\/\/cdn1.mediawpaccore.net\/wp-content\/uploads\/2021\/12\/28171206\/cbll-logo-color-sm.png","contentUrl":"https:\/\/cdn1.mediawpaccore.net\/wp-content\/uploads\/2021\/12\/28171206\/cbll-logo-color-sm.png","width":600,"height":133,"caption":"Cuballama"},"image":{"@id":"https:\/\/www.cuballama.com\/noticias\/#\/schema\/logo\/image\/"},"sameAs":["https:\/\/www.facebook.com\/CubaLlama","https:\/\/x.com\/cuballama","https:\/\/www.instagram.com\/stories\/cuballama_oficial\/","https:\/\/www.youtube.com\/channel\/UCKkFE-d_axENGZcrc4as0IA"]},{"@type":"Person","@id":"https:\/\/www.cuballama.com\/noticias\/#\/schema\/person\/5889f7d070564f8386e7944d14d436cd","name":"Manu","url":"https:\/\/www.cuballama.com\/noticias\/author\/manu\/"}]}},"_links":{"self":[{"href":"https:\/\/www.cuballama.com\/noticias\/wp-json\/wp\/v2\/posts\/243187","targetHints":{"allow":["GET"]}}],"collection":[{"href":"https:\/\/www.cuballama.com\/noticias\/wp-json\/wp\/v2\/posts"}],"about":[{"href":"https:\/\/www.cuballama.com\/noticias\/wp-json\/wp\/v2\/types\/post"}],"author":[{"embeddable":true,"href":"https:\/\/www.cuballama.com\/noticias\/wp-json\/wp\/v2\/users\/24"}],"replies":[{"embeddable":true,"href":"https:\/\/www.cuballama.com\/noticias\/wp-json\/wp\/v2\/comments?post=243187"}],"version-history":[{"count":2,"href":"https:\/\/www.cuballama.com\/noticias\/wp-json\/wp\/v2\/posts\/243187\/revisions"}],"predecessor-version":[{"id":243202,"href":"https:\/\/www.cuballama.com\/noticias\/wp-json\/wp\/v2\/posts\/243187\/revisions\/243202"}],"wp:featuredmedia":[{"embeddable":true,"href":"https:\/\/www.cuballama.com\/noticias\/wp-json\/wp\/v2\/media\/243181"}],"wp:attachment":[{"href":"https:\/\/www.cuballama.com\/noticias\/wp-json\/wp\/v2\/media?parent=243187"}],"wp:term":[{"taxonomy":"category","embeddable":true,"href":"https:\/\/www.cuballama.com\/noticias\/wp-json\/wp\/v2\/categories?post=243187"},{"taxonomy":"post_tag","embeddable":true,"href":"https:\/\/www.cuballama.com\/noticias\/wp-json\/wp\/v2\/tags?post=243187"}],"curies":[{"name":"wp","href":"https:\/\/api.w.org\/{rel}","templated":true}]}}