{"id":243177,"date":"2026-05-01T13:41:54","date_gmt":"2026-05-01T17:41:54","guid":{"rendered":"https:\/\/www.cuballama.com\/noticias\/?p=243177"},"modified":"2026-05-01T15:14:41","modified_gmt":"2026-05-01T19:14:41","slug":"reaparece-raul-castro-en-medio-de-tensiones-con-ee-uu","status":"publish","type":"post","link":"https:\/\/www.cuballama.com\/noticias\/reaparece-raul-castro-en-medio-de-tensiones-con-ee-uu\/","title":{"rendered":"Reaparece Ra\u00fal Castro en medio de tensiones con EE.UU."},"content":{"rendered":"\n<p>El expresidente cubano Ra\u00fal Castro reapareci\u00f3 este viernes 1 de mayo en el acto por el D\u00eda Internacional del Trabajo celebrado en La Habana, el cual se convirti\u00f3 en un acto para reiterar un llamado gubernamental a la defensa nacional ante una posible intervenci\u00f3n militar de Estados Unidos en la isla, seg\u00fan report\u00f3 <em>EFE<\/em>.<\/p>\n\n\n\n<p>Castro, de 94 a\u00f1os, estuvo en la Tribuna Antiimperialista Jos\u00e9 Mart\u00ed, situada frente a la Embajada de Estados Unidos, acompa\u00f1ado de su nieto Ra\u00fal Guillermo Rodr\u00edguez Castro, quien ha actuado durante m\u00e1s de una d\u00e9cada como su guardaespaldas y ha sido se\u00f1alado como principal interlocutor con el Gobierno de Donald Trump.<\/p>\n\n\n\n<p>Durante el acto, que se desarroll\u00f3 bajo el lema \u201cLa Patria se defiende\u201d, a Castro le entregaron dos libros que presuntamente conten\u00edan m\u00e1s de 6,2 millones de r\u00fabricas recopiladas en la iniciativa gubernamental \u201cMi firma por la Patria\u201d.<\/p>\n\n\n\n<blockquote class=\"twitter-tweet\"><p lang=\"es\" dir=\"ltr\">En el a\u00f1o del Centenario de <a href=\"https:\/\/twitter.com\/hashtag\/Fidel?src=hash&amp;ref_src=twsrc%5Etfw\">#Fidel<\/a>, junto al General de Ej\u00e9rcito y l\u00edder de la Revoluci\u00f3n Cubana, Ra\u00fal Castro Ruz, el Partido, el Gobierno y las organizaciones de masas, encabezamos los actos de este <a href=\"https:\/\/twitter.com\/hashtag\/PrimeroDeMayo?src=hash&amp;ref_src=twsrc%5Etfw\">#PrimeroDeMayo<\/a> en La Habana, centro de una movilizaci\u00f3n patri\u00f3tica de San\u2026 <a href=\"https:\/\/t.co\/w6RXVJ77UE\">pic.twitter.com\/w6RXVJ77UE<\/a><\/p>&mdash; Miguel D\u00edaz-Canel Berm\u00fadez (@DiazCanelB) <a href=\"https:\/\/twitter.com\/DiazCanelB\/status\/2050218309887418848?ref_src=twsrc%5Etfw\">May 1, 2026<\/a><\/blockquote> <script async src=\"https:\/\/platform.twitter.com\/widgets.js\" charset=\"utf-8\"><\/script>\n\n\n\n<p>El expresidente cubano particip\u00f3 en la ceremonia junto al presidente del pa\u00eds, Miguel D\u00edaz-Canel, el ex segundo secretario del Partido Comunista de Cuba, Jos\u00e9 Ram\u00f3n Machado Ventura, el otro \u00fanico representante de la llamada generaci\u00f3n hist\u00f3rica a\u00fan en activo, y otros dirigentes de la isla, a\u00f1adi\u00f3 <em>EFE<\/em>.<\/p>\n\n\n\n<p>Por momentos durante la concentraci\u00f3n D\u00edaz-Canel port\u00f3 una pancarta con las 6.230.973 firmas recogidas \u201cpor la patria, contra el bloqueo, el cerco energ\u00e9tico y la guerra\u201d.<\/p>\n\n\n\n<p>Castro no aparec\u00eda p\u00fablicamente desde el recibimiento de los restos de los 32 militares cubanos que murieron en los ataques estadounidenses en Caracas y la captura del presidente de Venezuela, Nicol\u00e1s Maduro, en enero pasado.<\/p>\n\n\n\n<p>Seg\u00fan cifras oficiales, a la tradicional marcha por el D\u00eda Internacional del Trabajo en La Habana asistieron decenas de miles de personas y m\u00e1s de 800 representantes extranjeros de 38 pa\u00edses, as\u00ed como delegaciones de 152 organizaciones sindicales y solidarias.<\/p>\n\n\n\n<p>Este mismo viernes Trump firm\u00f3 <a href=\"https:\/\/www.cuballama.com\/noticias\/trump-firma-orden-que-amplia-sanciones-contra-cuba\/\" target=\"_blank\" rel=\"noreferrer noopener\">un decreto con nuevas medidas contra La Habana<\/a> que apuntan a personas y \u2060entidades que apoyan al aparato de seguridad del Gobierno cubano o que son c\u00f3mplices de corrupci\u00f3n o de graves violaciones de los derechos humanos.<\/p>\n","protected":false},"excerpt":{"rendered":"<p>El hecho coincide con un nuevo decreto de Trump que ampl\u00eda las sanciones a La Habana.<\/p>\n","protected":false},"author":30,"featured_media":243195,"comment_status":"open","ping_status":"closed","sticky":false,"template":"","format":"standard","meta":{"_acf_changed":false,"footnotes":""},"categories":[18,955],"tags":[10867,113,11017],"class_list":{"0":"post-243177","1":"post","2":"type-post","3":"status-publish","4":"format-standard","5":"has-post-thumbnail","7":"category-noticias","8":"category-noticias-de-cuba","9":"tag-crisis-en-cuba","10":"tag-raul-castro","11":"tag-superdestacado"},"acf":[],"yoast_head":"<!-- This site is optimized with the Yoast SEO plugin v27.5 - https:\/\/yoast.com\/product\/yoast-seo-wordpress\/ -->\n<title>Reaparece Ra\u00fal Castro en medio de tensiones con EE.UU. - Cuballama Noticias<\/title>\n<meta name=\"description\" content=\"El expresidente cubano Ra\u00fal Castro reapareci\u00f3 este viernes 1 de mayo en el acto por el D\u00eda Internacional del Trabajo celebrado en La Habana.\" \/>\n<meta name=\"robots\" content=\"index, follow, max-snippet:-1, max-image-preview:large, max-video-preview:-1\" \/>\n<link rel=\"canonical\" href=\"https:\/\/www.cuballama.com\/noticias\/reaparece-raul-castro-en-medio-de-tensiones-con-ee-uu\/\" \/>\n<meta property=\"og:locale\" content=\"es_ES\" \/>\n<meta property=\"og:type\" content=\"article\" \/>\n<meta property=\"og:title\" content=\"Reaparece Ra\u00fal Castro en medio de tensiones con EE.UU. - Cuballama Noticias\" \/>\n<meta property=\"og:description\" content=\"El expresidente cubano Ra\u00fal Castro reapareci\u00f3 este viernes 1 de mayo en el acto por el D\u00eda Internacional del Trabajo celebrado en La Habana.\" \/>\n<meta property=\"og:url\" content=\"https:\/\/www.cuballama.com\/noticias\/reaparece-raul-castro-en-medio-de-tensiones-con-ee-uu\/\" \/>\n<meta property=\"og:site_name\" content=\"Cuballama Noticias\" \/>\n<meta property=\"article:publisher\" content=\"https:\/\/www.facebook.com\/CubaLlama\" \/>\n<meta property=\"article:published_time\" content=\"2026-05-01T17:41:54+00:00\" \/>\n<meta property=\"article:modified_time\" content=\"2026-05-01T19:14:41+00:00\" \/>\n<meta property=\"og:image\" content=\"https:\/\/cdn1.mediawpaccore.net\/wp-content\/uploads\/2026\/05\/01134643\/HHPWr4MXoAAG7cr1.jpg\" \/>\n\t<meta property=\"og:image:width\" content=\"1200\" \/>\n\t<meta property=\"og:image:height\" content=\"630\" \/>\n\t<meta property=\"og:image:type\" content=\"image\/jpeg\" \/>\n<meta name=\"author\" content=\"Kathy\" \/>\n<meta name=\"twitter:card\" content=\"summary_large_image\" \/>\n<meta name=\"twitter:creator\" content=\"@cuballama\" \/>\n<meta name=\"twitter:site\" content=\"@cuballama\" \/>\n<meta name=\"twitter:label1\" content=\"Escrito por\" \/>\n\t<meta name=\"twitter:data1\" content=\"Kathy\" \/>\n\t<meta name=\"twitter:label2\" content=\"Tiempo de lectura\" \/>\n\t<meta name=\"twitter:data2\" content=\"2 minutos\" \/>\n<script type=\"application\/ld+json\" class=\"yoast-schema-graph\">{\"@context\":\"https:\\\/\\\/schema.org\",\"@graph\":[{\"@type\":\"Article\",\"@id\":\"https:\\\/\\\/www.cuballama.com\\\/noticias\\\/reaparece-raul-castro-en-medio-de-tensiones-con-ee-uu\\\/#article\",\"isPartOf\":{\"@id\":\"https:\\\/\\\/www.cuballama.com\\\/noticias\\\/reaparece-raul-castro-en-medio-de-tensiones-con-ee-uu\\\/\"},\"author\":{\"name\":\"Kathy\",\"@id\":\"https:\\\/\\\/www.cuballama.com\\\/noticias\\\/#\\\/schema\\\/person\\\/86cd3e3f4974437f031211213bf892d5\"},\"headline\":\"Reaparece Ra\u00fal Castro en medio de tensiones con EE.UU.\",\"datePublished\":\"2026-05-01T17:41:54+00:00\",\"dateModified\":\"2026-05-01T19:14:41+00:00\",\"mainEntityOfPage\":{\"@id\":\"https:\\\/\\\/www.cuballama.com\\\/noticias\\\/reaparece-raul-castro-en-medio-de-tensiones-con-ee-uu\\\/\"},\"wordCount\":436,\"commentCount\":0,\"publisher\":{\"@id\":\"https:\\\/\\\/www.cuballama.com\\\/noticias\\\/#organization\"},\"image\":{\"@id\":\"https:\\\/\\\/www.cuballama.com\\\/noticias\\\/reaparece-raul-castro-en-medio-de-tensiones-con-ee-uu\\\/#primaryimage\"},\"thumbnailUrl\":\"https:\\\/\\\/cdn1.mediawpaccore.net\\\/wp-content\\\/uploads\\\/2026\\\/05\\\/01134643\\\/HHPWr4MXoAAG7cr1.jpg\",\"keywords\":[\"Crisis en Cuba\",\"Ra\u00fal Castro\",\"superdestacado\"],\"articleSection\":[\"Noticias\",\"Noticias de Cuba\"],\"inLanguage\":\"es\",\"potentialAction\":[{\"@type\":\"CommentAction\",\"name\":\"Comment\",\"target\":[\"https:\\\/\\\/www.cuballama.com\\\/noticias\\\/reaparece-raul-castro-en-medio-de-tensiones-con-ee-uu\\\/#respond\"]}]},{\"@type\":\"WebPage\",\"@id\":\"https:\\\/\\\/www.cuballama.com\\\/noticias\\\/reaparece-raul-castro-en-medio-de-tensiones-con-ee-uu\\\/\",\"url\":\"https:\\\/\\\/www.cuballama.com\\\/noticias\\\/reaparece-raul-castro-en-medio-de-tensiones-con-ee-uu\\\/\",\"name\":\"Reaparece Ra\u00fal Castro en medio de tensiones con EE.UU. - Cuballama Noticias\",\"isPartOf\":{\"@id\":\"https:\\\/\\\/www.cuballama.com\\\/noticias\\\/#website\"},\"primaryImageOfPage\":{\"@id\":\"https:\\\/\\\/www.cuballama.com\\\/noticias\\\/reaparece-raul-castro-en-medio-de-tensiones-con-ee-uu\\\/#primaryimage\"},\"image\":{\"@id\":\"https:\\\/\\\/www.cuballama.com\\\/noticias\\\/reaparece-raul-castro-en-medio-de-tensiones-con-ee-uu\\\/#primaryimage\"},\"thumbnailUrl\":\"https:\\\/\\\/cdn1.mediawpaccore.net\\\/wp-content\\\/uploads\\\/2026\\\/05\\\/01134643\\\/HHPWr4MXoAAG7cr1.jpg\",\"datePublished\":\"2026-05-01T17:41:54+00:00\",\"dateModified\":\"2026-05-01T19:14:41+00:00\",\"description\":\"El expresidente cubano Ra\u00fal Castro reapareci\u00f3 este viernes 1 de mayo en el acto por el D\u00eda Internacional del Trabajo celebrado en La Habana.\",\"breadcrumb\":{\"@id\":\"https:\\\/\\\/www.cuballama.com\\\/noticias\\\/reaparece-raul-castro-en-medio-de-tensiones-con-ee-uu\\\/#breadcrumb\"},\"inLanguage\":\"es\",\"potentialAction\":[{\"@type\":\"ReadAction\",\"target\":[\"https:\\\/\\\/www.cuballama.com\\\/noticias\\\/reaparece-raul-castro-en-medio-de-tensiones-con-ee-uu\\\/\"]}]},{\"@type\":\"ImageObject\",\"inLanguage\":\"es\",\"@id\":\"https:\\\/\\\/www.cuballama.com\\\/noticias\\\/reaparece-raul-castro-en-medio-de-tensiones-con-ee-uu\\\/#primaryimage\",\"url\":\"https:\\\/\\\/cdn1.mediawpaccore.net\\\/wp-content\\\/uploads\\\/2026\\\/05\\\/01134643\\\/HHPWr4MXoAAG7cr1.jpg\",\"contentUrl\":\"https:\\\/\\\/cdn1.mediawpaccore.net\\\/wp-content\\\/uploads\\\/2026\\\/05\\\/01134643\\\/HHPWr4MXoAAG7cr1.jpg\",\"width\":1200,\"height\":630,\"caption\":\"Ra\u00fal Castro reaparece este 1 de mayo. Foto: X\\\/Miguel D\u00edaz-Canel Berm\u00fadez.\"},{\"@type\":\"BreadcrumbList\",\"@id\":\"https:\\\/\\\/www.cuballama.com\\\/noticias\\\/reaparece-raul-castro-en-medio-de-tensiones-con-ee-uu\\\/#breadcrumb\",\"itemListElement\":[{\"@type\":\"ListItem\",\"position\":1,\"name\":\"Home\",\"item\":\"https:\\\/\\\/www.cuballama.com\\\/noticias\\\/\"},{\"@type\":\"ListItem\",\"position\":2,\"name\":\"Reaparece Ra\u00fal Castro en medio de tensiones con EE.UU.\"}]},{\"@type\":\"WebSite\",\"@id\":\"https:\\\/\\\/www.cuballama.com\\\/noticias\\\/#website\",\"url\":\"https:\\\/\\\/www.cuballama.com\\\/noticias\\\/\",\"name\":\"Cuballama Noticias\",\"description\":\"Medio digital sobre Cuba y el mundo\",\"publisher\":{\"@id\":\"https:\\\/\\\/www.cuballama.com\\\/noticias\\\/#organization\"},\"potentialAction\":[{\"@type\":\"SearchAction\",\"target\":{\"@type\":\"EntryPoint\",\"urlTemplate\":\"https:\\\/\\\/www.cuballama.com\\\/noticias\\\/?s={search_term_string}\"},\"query-input\":{\"@type\":\"PropertyValueSpecification\",\"valueRequired\":true,\"valueName\":\"search_term_string\"}}],\"inLanguage\":\"es\"},{\"@type\":\"Organization\",\"@id\":\"https:\\\/\\\/www.cuballama.com\\\/noticias\\\/#organization\",\"name\":\"Cuballama\",\"url\":\"https:\\\/\\\/www.cuballama.com\\\/noticias\\\/\",\"logo\":{\"@type\":\"ImageObject\",\"inLanguage\":\"es\",\"@id\":\"https:\\\/\\\/www.cuballama.com\\\/noticias\\\/#\\\/schema\\\/logo\\\/image\\\/\",\"url\":\"https:\\\/\\\/cdn1.mediawpaccore.net\\\/wp-content\\\/uploads\\\/2021\\\/12\\\/28171206\\\/cbll-logo-color-sm.png\",\"contentUrl\":\"https:\\\/\\\/cdn1.mediawpaccore.net\\\/wp-content\\\/uploads\\\/2021\\\/12\\\/28171206\\\/cbll-logo-color-sm.png\",\"width\":600,\"height\":133,\"caption\":\"Cuballama\"},\"image\":{\"@id\":\"https:\\\/\\\/www.cuballama.com\\\/noticias\\\/#\\\/schema\\\/logo\\\/image\\\/\"},\"sameAs\":[\"https:\\\/\\\/www.facebook.com\\\/CubaLlama\",\"https:\\\/\\\/x.com\\\/cuballama\",\"https:\\\/\\\/www.instagram.com\\\/stories\\\/cuballama_oficial\\\/\",\"https:\\\/\\\/www.youtube.com\\\/channel\\\/UCKkFE-d_axENGZcrc4as0IA\"]},{\"@type\":\"Person\",\"@id\":\"https:\\\/\\\/www.cuballama.com\\\/noticias\\\/#\\\/schema\\\/person\\\/86cd3e3f4974437f031211213bf892d5\",\"name\":\"Kathy\",\"url\":\"https:\\\/\\\/www.cuballama.com\\\/noticias\\\/author\\\/kathy\\\/\"}]}<\/script>\n<!-- \/ Yoast SEO plugin. -->","yoast_head_json":{"title":"Reaparece Ra\u00fal Castro en medio de tensiones con EE.UU. - Cuballama Noticias","description":"El expresidente cubano Ra\u00fal Castro reapareci\u00f3 este viernes 1 de mayo en el acto por el D\u00eda Internacional del Trabajo celebrado en La Habana.","robots":{"index":"index","follow":"follow","max-snippet":"max-snippet:-1","max-image-preview":"max-image-preview:large","max-video-preview":"max-video-preview:-1"},"canonical":"https:\/\/www.cuballama.com\/noticias\/reaparece-raul-castro-en-medio-de-tensiones-con-ee-uu\/","og_locale":"es_ES","og_type":"article","og_title":"Reaparece Ra\u00fal Castro en medio de tensiones con EE.UU. - Cuballama Noticias","og_description":"El expresidente cubano Ra\u00fal Castro reapareci\u00f3 este viernes 1 de mayo en el acto por el D\u00eda Internacional del Trabajo celebrado en La Habana.","og_url":"https:\/\/www.cuballama.com\/noticias\/reaparece-raul-castro-en-medio-de-tensiones-con-ee-uu\/","og_site_name":"Cuballama Noticias","article_publisher":"https:\/\/www.facebook.com\/CubaLlama","article_published_time":"2026-05-01T17:41:54+00:00","article_modified_time":"2026-05-01T19:14:41+00:00","og_image":[{"width":1200,"height":630,"url":"https:\/\/cdn1.mediawpaccore.net\/wp-content\/uploads\/2026\/05\/01134643\/HHPWr4MXoAAG7cr1.jpg","type":"image\/jpeg"}],"author":"Kathy","twitter_card":"summary_large_image","twitter_creator":"@cuballama","twitter_site":"@cuballama","twitter_misc":{"Escrito por":"Kathy","Tiempo de lectura":"2 minutos"},"schema":{"@context":"https:\/\/schema.org","@graph":[{"@type":"Article","@id":"https:\/\/www.cuballama.com\/noticias\/reaparece-raul-castro-en-medio-de-tensiones-con-ee-uu\/#article","isPartOf":{"@id":"https:\/\/www.cuballama.com\/noticias\/reaparece-raul-castro-en-medio-de-tensiones-con-ee-uu\/"},"author":{"name":"Kathy","@id":"https:\/\/www.cuballama.com\/noticias\/#\/schema\/person\/86cd3e3f4974437f031211213bf892d5"},"headline":"Reaparece Ra\u00fal Castro en medio de tensiones con EE.UU.","datePublished":"2026-05-01T17:41:54+00:00","dateModified":"2026-05-01T19:14:41+00:00","mainEntityOfPage":{"@id":"https:\/\/www.cuballama.com\/noticias\/reaparece-raul-castro-en-medio-de-tensiones-con-ee-uu\/"},"wordCount":436,"commentCount":0,"publisher":{"@id":"https:\/\/www.cuballama.com\/noticias\/#organization"},"image":{"@id":"https:\/\/www.cuballama.com\/noticias\/reaparece-raul-castro-en-medio-de-tensiones-con-ee-uu\/#primaryimage"},"thumbnailUrl":"https:\/\/cdn1.mediawpaccore.net\/wp-content\/uploads\/2026\/05\/01134643\/HHPWr4MXoAAG7cr1.jpg","keywords":["Crisis en Cuba","Ra\u00fal Castro","superdestacado"],"articleSection":["Noticias","Noticias de Cuba"],"inLanguage":"es","potentialAction":[{"@type":"CommentAction","name":"Comment","target":["https:\/\/www.cuballama.com\/noticias\/reaparece-raul-castro-en-medio-de-tensiones-con-ee-uu\/#respond"]}]},{"@type":"WebPage","@id":"https:\/\/www.cuballama.com\/noticias\/reaparece-raul-castro-en-medio-de-tensiones-con-ee-uu\/","url":"https:\/\/www.cuballama.com\/noticias\/reaparece-raul-castro-en-medio-de-tensiones-con-ee-uu\/","name":"Reaparece Ra\u00fal Castro en medio de tensiones con EE.UU. - Cuballama Noticias","isPartOf":{"@id":"https:\/\/www.cuballama.com\/noticias\/#website"},"primaryImageOfPage":{"@id":"https:\/\/www.cuballama.com\/noticias\/reaparece-raul-castro-en-medio-de-tensiones-con-ee-uu\/#primaryimage"},"image":{"@id":"https:\/\/www.cuballama.com\/noticias\/reaparece-raul-castro-en-medio-de-tensiones-con-ee-uu\/#primaryimage"},"thumbnailUrl":"https:\/\/cdn1.mediawpaccore.net\/wp-content\/uploads\/2026\/05\/01134643\/HHPWr4MXoAAG7cr1.jpg","datePublished":"2026-05-01T17:41:54+00:00","dateModified":"2026-05-01T19:14:41+00:00","description":"El expresidente cubano Ra\u00fal Castro reapareci\u00f3 este viernes 1 de mayo en el acto por el D\u00eda Internacional del Trabajo celebrado en La Habana.","breadcrumb":{"@id":"https:\/\/www.cuballama.com\/noticias\/reaparece-raul-castro-en-medio-de-tensiones-con-ee-uu\/#breadcrumb"},"inLanguage":"es","potentialAction":[{"@type":"ReadAction","target":["https:\/\/www.cuballama.com\/noticias\/reaparece-raul-castro-en-medio-de-tensiones-con-ee-uu\/"]}]},{"@type":"ImageObject","inLanguage":"es","@id":"https:\/\/www.cuballama.com\/noticias\/reaparece-raul-castro-en-medio-de-tensiones-con-ee-uu\/#primaryimage","url":"https:\/\/cdn1.mediawpaccore.net\/wp-content\/uploads\/2026\/05\/01134643\/HHPWr4MXoAAG7cr1.jpg","contentUrl":"https:\/\/cdn1.mediawpaccore.net\/wp-content\/uploads\/2026\/05\/01134643\/HHPWr4MXoAAG7cr1.jpg","width":1200,"height":630,"caption":"Ra\u00fal Castro reaparece este 1 de mayo. Foto: X\/Miguel D\u00edaz-Canel Berm\u00fadez."},{"@type":"BreadcrumbList","@id":"https:\/\/www.cuballama.com\/noticias\/reaparece-raul-castro-en-medio-de-tensiones-con-ee-uu\/#breadcrumb","itemListElement":[{"@type":"ListItem","position":1,"name":"Home","item":"https:\/\/www.cuballama.com\/noticias\/"},{"@type":"ListItem","position":2,"name":"Reaparece Ra\u00fal Castro en medio de tensiones con EE.UU."}]},{"@type":"WebSite","@id":"https:\/\/www.cuballama.com\/noticias\/#website","url":"https:\/\/www.cuballama.com\/noticias\/","name":"Cuballama Noticias","description":"Medio digital sobre Cuba y el mundo","publisher":{"@id":"https:\/\/www.cuballama.com\/noticias\/#organization"},"potentialAction":[{"@type":"SearchAction","target":{"@type":"EntryPoint","urlTemplate":"https:\/\/www.cuballama.com\/noticias\/?s={search_term_string}"},"query-input":{"@type":"PropertyValueSpecification","valueRequired":true,"valueName":"search_term_string"}}],"inLanguage":"es"},{"@type":"Organization","@id":"https:\/\/www.cuballama.com\/noticias\/#organization","name":"Cuballama","url":"https:\/\/www.cuballama.com\/noticias\/","logo":{"@type":"ImageObject","inLanguage":"es","@id":"https:\/\/www.cuballama.com\/noticias\/#\/schema\/logo\/image\/","url":"https:\/\/cdn1.mediawpaccore.net\/wp-content\/uploads\/2021\/12\/28171206\/cbll-logo-color-sm.png","contentUrl":"https:\/\/cdn1.mediawpaccore.net\/wp-content\/uploads\/2021\/12\/28171206\/cbll-logo-color-sm.png","width":600,"height":133,"caption":"Cuballama"},"image":{"@id":"https:\/\/www.cuballama.com\/noticias\/#\/schema\/logo\/image\/"},"sameAs":["https:\/\/www.facebook.com\/CubaLlama","https:\/\/x.com\/cuballama","https:\/\/www.instagram.com\/stories\/cuballama_oficial\/","https:\/\/www.youtube.com\/channel\/UCKkFE-d_axENGZcrc4as0IA"]},{"@type":"Person","@id":"https:\/\/www.cuballama.com\/noticias\/#\/schema\/person\/86cd3e3f4974437f031211213bf892d5","name":"Kathy","url":"https:\/\/www.cuballama.com\/noticias\/author\/kathy\/"}]}},"_links":{"self":[{"href":"https:\/\/www.cuballama.com\/noticias\/wp-json\/wp\/v2\/posts\/243177","targetHints":{"allow":["GET"]}}],"collection":[{"href":"https:\/\/www.cuballama.com\/noticias\/wp-json\/wp\/v2\/posts"}],"about":[{"href":"https:\/\/www.cuballama.com\/noticias\/wp-json\/wp\/v2\/types\/post"}],"author":[{"embeddable":true,"href":"https:\/\/www.cuballama.com\/noticias\/wp-json\/wp\/v2\/users\/30"}],"replies":[{"embeddable":true,"href":"https:\/\/www.cuballama.com\/noticias\/wp-json\/wp\/v2\/comments?post=243177"}],"version-history":[{"count":8,"href":"https:\/\/www.cuballama.com\/noticias\/wp-json\/wp\/v2\/posts\/243177\/revisions"}],"predecessor-version":[{"id":243212,"href":"https:\/\/www.cuballama.com\/noticias\/wp-json\/wp\/v2\/posts\/243177\/revisions\/243212"}],"wp:featuredmedia":[{"embeddable":true,"href":"https:\/\/www.cuballama.com\/noticias\/wp-json\/wp\/v2\/media\/243195"}],"wp:attachment":[{"href":"https:\/\/www.cuballama.com\/noticias\/wp-json\/wp\/v2\/media?parent=243177"}],"wp:term":[{"taxonomy":"category","embeddable":true,"href":"https:\/\/www.cuballama.com\/noticias\/wp-json\/wp\/v2\/categories?post=243177"},{"taxonomy":"post_tag","embeddable":true,"href":"https:\/\/www.cuballama.com\/noticias\/wp-json\/wp\/v2\/tags?post=243177"}],"curies":[{"name":"wp","href":"https:\/\/api.w.org\/{rel}","templated":true}]}}